{"id":969,"date":"2025-07-09T06:23:00","date_gmt":"2025-07-09T04:23:00","guid":{"rendered":"https:\/\/www.karaoketexty.cz\/magazin\/?p=969"},"modified":"2025-07-10T10:44:19","modified_gmt":"2025-07-10T08:44:19","slug":"rockova-ikona-iggy-pop-koncert-opoustel-v-rakvi","status":"publish","type":"post","link":"https:\/\/www.karaoketexty.cz\/magazin\/rockova-ikona-iggy-pop-koncert-opoustel-v-rakvi\/","title":{"rendered":"Rockov\u00e1 ikona Iggy Pop vystra\u0161il fanou\u0161ky na koncert\u011b. P\u00f3dium opustil v rakvi"},"content":{"rendered":"\n<p><strong>Neuv\u011b\u0159iteln\u00e9 zakon\u010den\u00ed koncertu p\u0159edvedla hudebn\u00ed ikona Iggy Pop, kdy\u017e p\u00f3dium opou\u0161t\u011bl v rakvi. Fanou\u0161ky poprosil o nejlep\u0161\u00ed koment\u00e1\u0159e.<\/strong><\/p>\n\n\n\n<p>Iggy Pop je legend\u00e1rn\u00ed zp\u011bv\u00e1k, kter\u00e9ho mnoz\u00ed pova\u017euj\u00ed za kmotra punku. Proslavil se\u00a0p\u0159edev\u0161\u00edm jako\u00a0frontman kapely\u00a0The Stooges, kter\u00e1 vznikla koncem 60. let a m\u011bla z\u00e1sadn\u00ed vliv na v\u00fdvoj punk rocku a alternativn\u00ed hudby.\u00a0Po rozpadu skupiny se nicm\u00e9n\u011b rockov\u00e1 hv\u011bzda vydala na vlastn\u00ed s\u00f3lovou dr\u00e1hu a dodnes skl\u00edz\u00ed \u00fasp\u011bch za \u00fasp\u011bchem. To ostatn\u011b Iggy Pop potvrdil i p\u0159i posledn\u00edm vystoupen\u00ed v Lond\u00fdn\u011b, jak jsme na Karaoketexty zaznamenali, to toti\u017e zakon\u010dil skute\u010dn\u011b origin\u00e1ln\u00edm zp\u016fsobem.\u00a0<\/p>\n\n\n\n<h2 class=\"wp-block-heading\">Iggy Pop a jeho legend\u00e1rn\u00ed odchod z p\u00f3dia\u00a0<\/h2>\n\n\n\n<p>Takov\u00fd z\u00e1v\u011br ve\u010dera asi nikdo ne\u010dekal. Iggy Pop b\u011bhem sv\u00e9ho aktu\u00e1ln\u00edho turn\u00e9 skute\u010dn\u011b p\u0159i odchodu z p\u00f3dia vstoupil do rakve a nechal se v n\u00ed odn\u00e9st. N\u00e1sledn\u011b poprosil v\u0161echny p\u0159\u00edtomn\u00e9 a internetov\u00e9 fanou\u0161ky, aby navrhli n\u011bjak\u00e9 vtipn\u00e9 popisky k tomuto netradi\u010dn\u00edmu gestu. Z\u00e1hy po koncert\u011b se proto za\u010daly na jeho str\u00e1nk\u00e1ch objevovat r\u016fzn\u00e9 koment\u00e1\u0159e, kter\u00e9 ho rozhodn\u011b nenechaly vydechnout.<\/p>\n\n\n\n<p><em>\u201eLOND\u00ddN V\u00edme, jak to za\u010dalo, a takhle to skon\u010dilo. R\u00e1d bych vid\u011bl n\u011bjak\u00e9 skv\u011bl\u00e9 a vtipn\u00e9 popisky k tomuto videu! \u26b0,\u201c<\/em>\u00a0napsal Iggy Pop pod sd\u00edlen\u00e9 video, v n\u011bm\u017e v pozad\u00ed hraje \u201eThe Passenger\u201c. Dodal tak\u00e9, \u017ee Lond\u00fdn byl doslova pecka a zd\u016fraznil, jak d\u016fle\u017eit\u00fd je odchod interpreta. Mnoz\u00ed toti\u017e dbaj\u00ed pouze na p\u0159\u00edchod, co\u017e cht\u011bl ov\u0161em nyn\u00ed s\u00e1m prolomit. Na toto legend\u00e1rn\u00ed vystoupen\u00ed tak rozhodn\u011b nikdo z p\u0159\u00edtomn\u00fdch jen tak nezapomene.\u00a0<\/p>\n\n\n\n<figure class=\"wp-block-embed is-type-video is-provider-youtube wp-block-embed-youtube wp-embed-aspect-16-9 wp-has-aspect-ratio\"><div class=\"wp-block-embed__wrapper\">\n<iframe title=\"Iggy Pop leaves fans stunned after making VERY bizarre exit from stage in a coffin after London show\" width=\"500\" height=\"281\" src=\"https:\/\/www.youtube.com\/embed\/GGV4fHzacVA?feature=oembed\" frameborder=\"0\" allow=\"accelerometer; autoplay; clipboard-write; encrypted-media; gyroscope; picture-in-picture; web-share\" referrerpolicy=\"strict-origin-when-cross-origin\" allowfullscreen><\/iframe>\n<\/div><\/figure>\n\n\n\n<p>\u201e<em>Kdy\u017e smrt zaklepe, ale ty jsi Iggy Pop,<\/em>\u201c objevilo se v koment\u00e1\u0159\u00edch pod videem. Dal\u0161\u00ed u\u017eivatel dodal jen:\u00a0\u201e<em>Iggy, to opravdov\u00e9, v\u011b\u010dn\u00e9, divok\u00e9 d\u00edt\u011b!!!<\/em>\u201c <em>\u201eM\u016f\u017eu jen \u0159\u00edct, \u017ee jsem se na konci koncertu nikdy tolik nesm\u00e1l. V\u0161ichni se sm\u00e1li, usm\u00edvali, m\u00e1vali a j\u00e1sali, bylo to prost\u011b skv\u011bl\u00e9 \u26b0\u201c,<\/em> popsal atmosf\u00e9ru na vystoupen\u00ed dal\u0161\u00ed.\u00a0N\u011bkte\u0159\u00ed tak\u00e9 nar\u00e1\u017eeli na mo\u017enou Iggyho touhu po smrti a jin\u00ed zase na jeho el\u00e1n vystupovat bez tri\u010dka. Hudebn\u00edk tak nad\u00e1le z\u016fst\u00e1v\u00e1 velkou ikonou a fanou\u0161ci se t\u011b\u0161\u00ed, s \u010d\u00edm asi tak p\u0159ijde p\u0159\u00ed\u0161t\u011b.<\/p>\n\n\n\n<p>Iggy Pop bude nyn\u00ed pokra\u010dovat ve sv\u00e9 evropsk\u00e9 \u010d\u00e1sti turn\u00e9, kdy zahraje nap\u0159\u00edklad v N\u011bmecku, Francii, ale objevit by se m\u011bl tak\u00e9 v polovin\u011b \u010dervence na festivalu Pohoda ve slovensk\u00e9m Tren\u010d\u00edn\u011b a n\u00e1sledn\u011b se na n\u011bj budou t\u011b\u0161it i \u010de\u0161t\u00ed fanou\u0161ci, kte\u0159\u00ed zam\u00ed\u0159\u00ed na tradi\u010dn\u00ed Colours of Ostrava, kde se zp\u011bv\u00e1k p\u0159edstav\u00ed 17. \u010dervence.<\/p>\n\n\n\n<p>Zdroje: Autorsk\u00fd \u010dl\u00e1nek, <a href=\"https:\/\/en.wikipedia.org\/wiki\/Iggy_Pop\" target=\"_blank\" rel=\"noreferrer noopener nofollow\">Wikipedia<\/a>, <a href=\"https:\/\/www.instagram.com\/p\/DKSEJr1oirP\/?hl=cs\" target=\"_blank\" rel=\"noreferrer noopener nofollow\">Instagram Iggy Popa<\/a>, <a href=\"https:\/\/iggypop.com\/\" target=\"_blank\" rel=\"noreferrer noopener nofollow\">Iggy Pop Official<\/a><\/p>\n","protected":false},"excerpt":{"rendered":"<p>Neuv\u011b\u0159iteln\u00e9 zakon\u010den\u00ed koncertu p\u0159edvedla hudebn\u00ed ikona Iggy Pop, kdy\u017e p\u00f3dium opou\u0161t\u011bl v rakvi. Fanou\u0161ky poprosil o nejlep\u0161\u00ed koment\u00e1\u0159e.<\/p>\n","protected":false},"author":6,"featured_media":975,"comment_status":"open","ping_status":"closed","sticky":false,"template":"","format":"standard","meta":{"_yoast_wpseo_title":"Rockov\u00e1 ikona Iggy Pop vystra\u0161il fanou\u0161ky na koncert\u011b","_yoast_wpseo_metadesc":"Rockov\u00e1 legenda Iggy Pop opustila p\u00f3dium jako je\u0161t\u011b nikdo p\u0159edt\u00edm. Vlezl si do prav\u00e9 rakve a nechal se sv\u00fdm t\u00fdmem odn\u00e9st pry\u010d.","footnotes":""},"categories":[7],"tags":[351,353,136,352,28,11],"class_list":["post-969","post","type-post","status-publish","format-standard","has-post-thumbnail","hentry","category-aktuality","tag-iggy-pop","tag-iggy-pop-v-rakvi","tag-koncert","tag-koncert-iggyho-popa","tag-zahranicni-celebrity","tag-zpevak"],"yoast_head":"<!-- This site is optimized with the Yoast SEO plugin v27.4 - https:\/\/yoast.com\/product\/yoast-seo-wordpress\/ -->\n<title>Rockov\u00e1 ikona Iggy Pop vystra\u0161il fanou\u0161ky na koncert\u011b<\/title>\n<meta name=\"description\" content=\"Rockov\u00e1 legenda Iggy Pop opustila p\u00f3dium jako je\u0161t\u011b nikdo p\u0159edt\u00edm. Vlezl si do prav\u00e9 rakve a nechal se sv\u00fdm t\u00fdmem odn\u00e9st pry\u010d.\" \/>\n<meta name=\"robots\" content=\"index, follow, max-snippet:-1, max-image-preview:large, max-video-preview:-1\" \/>\n<link rel=\"canonical\" href=\"https:\/\/www.karaoketexty.cz\/magazin\/rockova-ikona-iggy-pop-koncert-opoustel-v-rakvi\/\" \/>\n<meta property=\"og:locale\" content=\"cs_CZ\" \/>\n<meta property=\"og:type\" content=\"article\" \/>\n<meta property=\"og:title\" content=\"Jedno z nejstra\u0161ideln\u011bj\u0161\u00edch hudebn\u00edch vystoupen\u00ed roku 2025: Rockov\u00e1 ikona Iggy Pop opou\u0161t\u011bl p\u00f3dium naprosto bizarn\u00edm zp\u016fsobem\" \/>\n<meta property=\"og:description\" content=\"Rockov\u00e1 legenda Iggy Pop opustila p\u00f3dium jako je\u0161t\u011b nikdo p\u0159edt\u00edm. Vlezl si do prav\u00e9 rakve a nechal se sv\u00fdm t\u00fdmem odn\u00e9st pry\u010d.\" \/>\n<meta property=\"og:url\" content=\"https:\/\/www.karaoketexty.cz\/magazin\/rockova-ikona-iggy-pop-koncert-opoustel-v-rakvi\/\" \/>\n<meta property=\"og:site_name\" content=\"Stars Magaz\u00edn Karaoketexty.cz\" \/>\n<meta property=\"article:published_time\" content=\"2025-07-09T04:23:00+00:00\" \/>\n<meta property=\"article:modified_time\" content=\"2025-07-10T08:44:19+00:00\" \/>\n<meta property=\"og:image\" content=\"https:\/\/www.karaoketexty.cz\/magazin\/wp-content\/uploads\/2025\/06\/iggy-popp-rok-2018.avif\" \/>\n\t<meta property=\"og:image:width\" content=\"1200\" \/>\n\t<meta property=\"og:image:height\" content=\"672\" \/>\n\t<meta property=\"og:image:type\" content=\"image\/jpeg\" \/>\n<meta name=\"author\" content=\"Franti\u0161ek Zahradn\u00ed\u010dek\" \/>\n<meta name=\"twitter:card\" content=\"summary_large_image\" \/>\n<meta name=\"twitter:label1\" content=\"Napsal(a)\" \/>\n\t<meta name=\"twitter:data1\" content=\"Franti\u0161ek Zahradn\u00ed\u010dek\" \/>\n\t<meta name=\"twitter:label2\" content=\"Odhadovan\u00e1 doba \u010dten\u00ed\" \/>\n\t<meta name=\"twitter:data2\" content=\"3 minuty\" \/>\n<script type=\"application\/ld+json\" class=\"yoast-schema-graph\">{\"@context\":\"https:\\\/\\\/schema.org\",\"@graph\":[{\"@type\":\"Article\",\"@id\":\"https:\\\/\\\/www.karaoketexty.cz\\\/magazin\\\/rockova-ikona-iggy-pop-koncert-opoustel-v-rakvi\\\/#article\",\"isPartOf\":{\"@id\":\"https:\\\/\\\/www.karaoketexty.cz\\\/magazin\\\/rockova-ikona-iggy-pop-koncert-opoustel-v-rakvi\\\/\"},\"author\":{\"name\":\"Franti\u0161ek Zahradn\u00ed\u010dek\",\"@id\":\"https:\\\/\\\/www.karaoketexty.cz\\\/magazin\\\/#\\\/schema\\\/person\\\/69d871cedc122c98723e0f5e1f73fa16\"},\"headline\":\"Rockov\u00e1 ikona Iggy Pop vystra\u0161il fanou\u0161ky na koncert\u011b. P\u00f3dium opustil v rakvi\",\"datePublished\":\"2025-07-09T04:23:00+00:00\",\"dateModified\":\"2025-07-10T08:44:19+00:00\",\"mainEntityOfPage\":{\"@id\":\"https:\\\/\\\/www.karaoketexty.cz\\\/magazin\\\/rockova-ikona-iggy-pop-koncert-opoustel-v-rakvi\\\/\"},\"wordCount\":524,\"commentCount\":0,\"image\":{\"@id\":\"https:\\\/\\\/www.karaoketexty.cz\\\/magazin\\\/rockova-ikona-iggy-pop-koncert-opoustel-v-rakvi\\\/#primaryimage\"},\"thumbnailUrl\":\"https:\\\/\\\/www.karaoketexty.cz\\\/magazin\\\/wp-content\\\/uploads\\\/2025\\\/06\\\/iggy-popp-rok-2018.avif\",\"keywords\":[\"Iggy Pop\",\"Iggy Pop v rakvi\",\"koncert\",\"Koncert Iggyho Popa\",\"Zahrani\u010dn\u00ed celebrity\",\"Zp\u011bv\u00e1k\"],\"articleSection\":[\"Aktuality\"],\"inLanguage\":\"cs\",\"potentialAction\":[{\"@type\":\"CommentAction\",\"name\":\"Comment\",\"target\":[\"https:\\\/\\\/www.karaoketexty.cz\\\/magazin\\\/rockova-ikona-iggy-pop-koncert-opoustel-v-rakvi\\\/#respond\"]}]},{\"@type\":\"WebPage\",\"@id\":\"https:\\\/\\\/www.karaoketexty.cz\\\/magazin\\\/rockova-ikona-iggy-pop-koncert-opoustel-v-rakvi\\\/\",\"url\":\"https:\\\/\\\/www.karaoketexty.cz\\\/magazin\\\/rockova-ikona-iggy-pop-koncert-opoustel-v-rakvi\\\/\",\"name\":\"Rockov\u00e1 ikona Iggy Pop vystra\u0161il fanou\u0161ky na koncert\u011b\",\"isPartOf\":{\"@id\":\"https:\\\/\\\/www.karaoketexty.cz\\\/magazin\\\/#website\"},\"primaryImageOfPage\":{\"@id\":\"https:\\\/\\\/www.karaoketexty.cz\\\/magazin\\\/rockova-ikona-iggy-pop-koncert-opoustel-v-rakvi\\\/#primaryimage\"},\"image\":{\"@id\":\"https:\\\/\\\/www.karaoketexty.cz\\\/magazin\\\/rockova-ikona-iggy-pop-koncert-opoustel-v-rakvi\\\/#primaryimage\"},\"thumbnailUrl\":\"https:\\\/\\\/www.karaoketexty.cz\\\/magazin\\\/wp-content\\\/uploads\\\/2025\\\/06\\\/iggy-popp-rok-2018.avif\",\"datePublished\":\"2025-07-09T04:23:00+00:00\",\"dateModified\":\"2025-07-10T08:44:19+00:00\",\"author\":{\"@id\":\"https:\\\/\\\/www.karaoketexty.cz\\\/magazin\\\/#\\\/schema\\\/person\\\/69d871cedc122c98723e0f5e1f73fa16\"},\"description\":\"Rockov\u00e1 legenda Iggy Pop opustila p\u00f3dium jako je\u0161t\u011b nikdo p\u0159edt\u00edm. Vlezl si do prav\u00e9 rakve a nechal se sv\u00fdm t\u00fdmem odn\u00e9st pry\u010d.\",\"breadcrumb\":{\"@id\":\"https:\\\/\\\/www.karaoketexty.cz\\\/magazin\\\/rockova-ikona-iggy-pop-koncert-opoustel-v-rakvi\\\/#breadcrumb\"},\"inLanguage\":\"cs\",\"potentialAction\":[{\"@type\":\"ReadAction\",\"target\":[\"https:\\\/\\\/www.karaoketexty.cz\\\/magazin\\\/rockova-ikona-iggy-pop-koncert-opoustel-v-rakvi\\\/\"]}]},{\"@type\":\"ImageObject\",\"inLanguage\":\"cs\",\"@id\":\"https:\\\/\\\/www.karaoketexty.cz\\\/magazin\\\/rockova-ikona-iggy-pop-koncert-opoustel-v-rakvi\\\/#primaryimage\",\"url\":\"https:\\\/\\\/www.karaoketexty.cz\\\/magazin\\\/wp-content\\\/uploads\\\/2025\\\/06\\\/iggy-popp-rok-2018.avif\",\"contentUrl\":\"https:\\\/\\\/www.karaoketexty.cz\\\/magazin\\\/wp-content\\\/uploads\\\/2025\\\/06\\\/iggy-popp-rok-2018.avif\",\"width\":1200,\"height\":672,\"caption\":\"Foto: U\u017eivatel Raph_PH \\\/ Creative Commons \\\/ CC BY, Iggy Pop na koncert\u011b v roce 2018\"},{\"@type\":\"BreadcrumbList\",\"@id\":\"https:\\\/\\\/www.karaoketexty.cz\\\/magazin\\\/rockova-ikona-iggy-pop-koncert-opoustel-v-rakvi\\\/#breadcrumb\",\"itemListElement\":[{\"@type\":\"ListItem\",\"position\":1,\"name\":\"Dom\u016f\",\"item\":\"https:\\\/\\\/www.karaoketexty.cz\\\/magazin\\\/\"},{\"@type\":\"ListItem\",\"position\":2,\"name\":\"Rockov\u00e1 ikona Iggy Pop vystra\u0161il fanou\u0161ky na koncert\u011b. P\u00f3dium opustil v rakvi\"}]},{\"@type\":\"WebSite\",\"@id\":\"https:\\\/\\\/www.karaoketexty.cz\\\/magazin\\\/#website\",\"url\":\"https:\\\/\\\/www.karaoketexty.cz\\\/magazin\\\/\",\"name\":\"Stars Magaz\u00edn Karaoketexty.cz\",\"description\":\"Stars Magaz\u00edn na Karaoketexty.cz je zam\u011b\u0159en\u00fd na novinky ze sv\u011bta hudby a celebrit. Obsahuje \u010dl\u00e1nky o zp\u011bv\u00e1c\u00edch, kapel\u00e1ch, nov\u00fdch albech, hudebn\u00edch trendech a dal\u0161\u00edch zaj\u00edmavostech z hudebn\u00edho pr\u016fmyslu.\",\"potentialAction\":[{\"@type\":\"SearchAction\",\"target\":{\"@type\":\"EntryPoint\",\"urlTemplate\":\"https:\\\/\\\/www.karaoketexty.cz\\\/magazin\\\/?s={search_term_string}\"},\"query-input\":{\"@type\":\"PropertyValueSpecification\",\"valueRequired\":true,\"valueName\":\"search_term_string\"}}],\"inLanguage\":\"cs\"},{\"@type\":\"Person\",\"@id\":\"https:\\\/\\\/www.karaoketexty.cz\\\/magazin\\\/#\\\/schema\\\/person\\\/69d871cedc122c98723e0f5e1f73fa16\",\"name\":\"Franti\u0161ek Zahradn\u00ed\u010dek\",\"image\":{\"@type\":\"ImageObject\",\"inLanguage\":\"cs\",\"@id\":\"https:\\\/\\\/secure.gravatar.com\\\/avatar\\\/fcc548a9ddc6294d2945bd8730d73ac130db3d13dfd96d644aa093d54c1917b6?s=96&d=mm&r=g\",\"url\":\"https:\\\/\\\/secure.gravatar.com\\\/avatar\\\/fcc548a9ddc6294d2945bd8730d73ac130db3d13dfd96d644aa093d54c1917b6?s=96&d=mm&r=g\",\"contentUrl\":\"https:\\\/\\\/secure.gravatar.com\\\/avatar\\\/fcc548a9ddc6294d2945bd8730d73ac130db3d13dfd96d644aa093d54c1917b6?s=96&d=mm&r=g\",\"caption\":\"Franti\u0161ek Zahradn\u00ed\u010dek\"},\"url\":\"https:\\\/\\\/www.karaoketexty.cz\\\/magazin\\\/author\\\/frantazahrada\\\/\"}]}<\/script>\n<!-- \/ Yoast SEO plugin. -->","yoast_head_json":{"title":"Rockov\u00e1 ikona Iggy Pop vystra\u0161il fanou\u0161ky na koncert\u011b","description":"Rockov\u00e1 legenda Iggy Pop opustila p\u00f3dium jako je\u0161t\u011b nikdo p\u0159edt\u00edm. Vlezl si do prav\u00e9 rakve a nechal se sv\u00fdm t\u00fdmem odn\u00e9st pry\u010d.","robots":{"index":"index","follow":"follow","max-snippet":"max-snippet:-1","max-image-preview":"max-image-preview:large","max-video-preview":"max-video-preview:-1"},"canonical":"https:\/\/www.karaoketexty.cz\/magazin\/rockova-ikona-iggy-pop-koncert-opoustel-v-rakvi\/","og_locale":"cs_CZ","og_type":"article","og_title":"Jedno z nejstra\u0161ideln\u011bj\u0161\u00edch hudebn\u00edch vystoupen\u00ed roku 2025: Rockov\u00e1 ikona Iggy Pop opou\u0161t\u011bl p\u00f3dium naprosto bizarn\u00edm zp\u016fsobem","og_description":"Rockov\u00e1 legenda Iggy Pop opustila p\u00f3dium jako je\u0161t\u011b nikdo p\u0159edt\u00edm. Vlezl si do prav\u00e9 rakve a nechal se sv\u00fdm t\u00fdmem odn\u00e9st pry\u010d.","og_url":"https:\/\/www.karaoketexty.cz\/magazin\/rockova-ikona-iggy-pop-koncert-opoustel-v-rakvi\/","og_site_name":"Stars Magaz\u00edn Karaoketexty.cz","article_published_time":"2025-07-09T04:23:00+00:00","article_modified_time":"2025-07-10T08:44:19+00:00","og_image":[{"width":1200,"height":672,"url":"https:\/\/www.karaoketexty.cz\/magazin\/wp-content\/uploads\/2025\/06\/iggy-popp-rok-2018.avif","type":"image\/jpeg"}],"author":"Franti\u0161ek Zahradn\u00ed\u010dek","twitter_card":"summary_large_image","twitter_misc":{"Napsal(a)":"Franti\u0161ek Zahradn\u00ed\u010dek","Odhadovan\u00e1 doba \u010dten\u00ed":"3 minuty"},"schema":{"@context":"https:\/\/schema.org","@graph":[{"@type":"Article","@id":"https:\/\/www.karaoketexty.cz\/magazin\/rockova-ikona-iggy-pop-koncert-opoustel-v-rakvi\/#article","isPartOf":{"@id":"https:\/\/www.karaoketexty.cz\/magazin\/rockova-ikona-iggy-pop-koncert-opoustel-v-rakvi\/"},"author":{"name":"Franti\u0161ek Zahradn\u00ed\u010dek","@id":"https:\/\/www.karaoketexty.cz\/magazin\/#\/schema\/person\/69d871cedc122c98723e0f5e1f73fa16"},"headline":"Rockov\u00e1 ikona Iggy Pop vystra\u0161il fanou\u0161ky na koncert\u011b. P\u00f3dium opustil v rakvi","datePublished":"2025-07-09T04:23:00+00:00","dateModified":"2025-07-10T08:44:19+00:00","mainEntityOfPage":{"@id":"https:\/\/www.karaoketexty.cz\/magazin\/rockova-ikona-iggy-pop-koncert-opoustel-v-rakvi\/"},"wordCount":524,"commentCount":0,"image":{"@id":"https:\/\/www.karaoketexty.cz\/magazin\/rockova-ikona-iggy-pop-koncert-opoustel-v-rakvi\/#primaryimage"},"thumbnailUrl":"https:\/\/www.karaoketexty.cz\/magazin\/wp-content\/uploads\/2025\/06\/iggy-popp-rok-2018.avif","keywords":["Iggy Pop","Iggy Pop v rakvi","koncert","Koncert Iggyho Popa","Zahrani\u010dn\u00ed celebrity","Zp\u011bv\u00e1k"],"articleSection":["Aktuality"],"inLanguage":"cs","potentialAction":[{"@type":"CommentAction","name":"Comment","target":["https:\/\/www.karaoketexty.cz\/magazin\/rockova-ikona-iggy-pop-koncert-opoustel-v-rakvi\/#respond"]}]},{"@type":"WebPage","@id":"https:\/\/www.karaoketexty.cz\/magazin\/rockova-ikona-iggy-pop-koncert-opoustel-v-rakvi\/","url":"https:\/\/www.karaoketexty.cz\/magazin\/rockova-ikona-iggy-pop-koncert-opoustel-v-rakvi\/","name":"Rockov\u00e1 ikona Iggy Pop vystra\u0161il fanou\u0161ky na koncert\u011b","isPartOf":{"@id":"https:\/\/www.karaoketexty.cz\/magazin\/#website"},"primaryImageOfPage":{"@id":"https:\/\/www.karaoketexty.cz\/magazin\/rockova-ikona-iggy-pop-koncert-opoustel-v-rakvi\/#primaryimage"},"image":{"@id":"https:\/\/www.karaoketexty.cz\/magazin\/rockova-ikona-iggy-pop-koncert-opoustel-v-rakvi\/#primaryimage"},"thumbnailUrl":"https:\/\/www.karaoketexty.cz\/magazin\/wp-content\/uploads\/2025\/06\/iggy-popp-rok-2018.avif","datePublished":"2025-07-09T04:23:00+00:00","dateModified":"2025-07-10T08:44:19+00:00","author":{"@id":"https:\/\/www.karaoketexty.cz\/magazin\/#\/schema\/person\/69d871cedc122c98723e0f5e1f73fa16"},"description":"Rockov\u00e1 legenda Iggy Pop opustila p\u00f3dium jako je\u0161t\u011b nikdo p\u0159edt\u00edm. Vlezl si do prav\u00e9 rakve a nechal se sv\u00fdm t\u00fdmem odn\u00e9st pry\u010d.","breadcrumb":{"@id":"https:\/\/www.karaoketexty.cz\/magazin\/rockova-ikona-iggy-pop-koncert-opoustel-v-rakvi\/#breadcrumb"},"inLanguage":"cs","potentialAction":[{"@type":"ReadAction","target":["https:\/\/www.karaoketexty.cz\/magazin\/rockova-ikona-iggy-pop-koncert-opoustel-v-rakvi\/"]}]},{"@type":"ImageObject","inLanguage":"cs","@id":"https:\/\/www.karaoketexty.cz\/magazin\/rockova-ikona-iggy-pop-koncert-opoustel-v-rakvi\/#primaryimage","url":"https:\/\/www.karaoketexty.cz\/magazin\/wp-content\/uploads\/2025\/06\/iggy-popp-rok-2018.avif","contentUrl":"https:\/\/www.karaoketexty.cz\/magazin\/wp-content\/uploads\/2025\/06\/iggy-popp-rok-2018.avif","width":1200,"height":672,"caption":"Foto: U\u017eivatel Raph_PH \/ Creative Commons \/ CC BY, Iggy Pop na koncert\u011b v roce 2018"},{"@type":"BreadcrumbList","@id":"https:\/\/www.karaoketexty.cz\/magazin\/rockova-ikona-iggy-pop-koncert-opoustel-v-rakvi\/#breadcrumb","itemListElement":[{"@type":"ListItem","position":1,"name":"Dom\u016f","item":"https:\/\/www.karaoketexty.cz\/magazin\/"},{"@type":"ListItem","position":2,"name":"Rockov\u00e1 ikona Iggy Pop vystra\u0161il fanou\u0161ky na koncert\u011b. P\u00f3dium opustil v rakvi"}]},{"@type":"WebSite","@id":"https:\/\/www.karaoketexty.cz\/magazin\/#website","url":"https:\/\/www.karaoketexty.cz\/magazin\/","name":"Stars Magaz\u00edn Karaoketexty.cz","description":"Stars Magaz\u00edn na Karaoketexty.cz je zam\u011b\u0159en\u00fd na novinky ze sv\u011bta hudby a celebrit. Obsahuje \u010dl\u00e1nky o zp\u011bv\u00e1c\u00edch, kapel\u00e1ch, nov\u00fdch albech, hudebn\u00edch trendech a dal\u0161\u00edch zaj\u00edmavostech z hudebn\u00edho pr\u016fmyslu.","potentialAction":[{"@type":"SearchAction","target":{"@type":"EntryPoint","urlTemplate":"https:\/\/www.karaoketexty.cz\/magazin\/?s={search_term_string}"},"query-input":{"@type":"PropertyValueSpecification","valueRequired":true,"valueName":"search_term_string"}}],"inLanguage":"cs"},{"@type":"Person","@id":"https:\/\/www.karaoketexty.cz\/magazin\/#\/schema\/person\/69d871cedc122c98723e0f5e1f73fa16","name":"Franti\u0161ek Zahradn\u00ed\u010dek","image":{"@type":"ImageObject","inLanguage":"cs","@id":"https:\/\/secure.gravatar.com\/avatar\/fcc548a9ddc6294d2945bd8730d73ac130db3d13dfd96d644aa093d54c1917b6?s=96&d=mm&r=g","url":"https:\/\/secure.gravatar.com\/avatar\/fcc548a9ddc6294d2945bd8730d73ac130db3d13dfd96d644aa093d54c1917b6?s=96&d=mm&r=g","contentUrl":"https:\/\/secure.gravatar.com\/avatar\/fcc548a9ddc6294d2945bd8730d73ac130db3d13dfd96d644aa093d54c1917b6?s=96&d=mm&r=g","caption":"Franti\u0161ek Zahradn\u00ed\u010dek"},"url":"https:\/\/www.karaoketexty.cz\/magazin\/author\/frantazahrada\/"}]}},"_links":{"self":[{"href":"https:\/\/www.karaoketexty.cz\/magazin\/wp-json\/wp\/v2\/posts\/969","targetHints":{"allow":["GET"]}}],"collection":[{"href":"https:\/\/www.karaoketexty.cz\/magazin\/wp-json\/wp\/v2\/posts"}],"about":[{"href":"https:\/\/www.karaoketexty.cz\/magazin\/wp-json\/wp\/v2\/types\/post"}],"author":[{"embeddable":true,"href":"https:\/\/www.karaoketexty.cz\/magazin\/wp-json\/wp\/v2\/users\/6"}],"replies":[{"embeddable":true,"href":"https:\/\/www.karaoketexty.cz\/magazin\/wp-json\/wp\/v2\/comments?post=969"}],"version-history":[{"count":6,"href":"https:\/\/www.karaoketexty.cz\/magazin\/wp-json\/wp\/v2\/posts\/969\/revisions"}],"predecessor-version":[{"id":1614,"href":"https:\/\/www.karaoketexty.cz\/magazin\/wp-json\/wp\/v2\/posts\/969\/revisions\/1614"}],"wp:featuredmedia":[{"embeddable":true,"href":"https:\/\/www.karaoketexty.cz\/magazin\/wp-json\/wp\/v2\/media\/975"}],"wp:attachment":[{"href":"https:\/\/www.karaoketexty.cz\/magazin\/wp-json\/wp\/v2\/media?parent=969"}],"wp:term":[{"taxonomy":"category","embeddable":true,"href":"https:\/\/www.karaoketexty.cz\/magazin\/wp-json\/wp\/v2\/categories?post=969"},{"taxonomy":"post_tag","embeddable":true,"href":"https:\/\/www.karaoketexty.cz\/magazin\/wp-json\/wp\/v2\/tags?post=969"}],"curies":[{"name":"wp","href":"https:\/\/api.w.org\/{rel}","templated":true}]}}