{"id":927,"date":"2025-07-02T11:18:29","date_gmt":"2025-07-02T09:18:29","guid":{"rendered":"https:\/\/www.karaoketexty.cz\/magazin\/?p=927"},"modified":"2025-07-17T10:17:36","modified_gmt":"2025-07-17T08:17:36","slug":"martin-maxa-role-v-nove-pohadce-pozehnana-vek-vzhled","status":"publish","type":"post","link":"https:\/\/www.karaoketexty.cz\/magazin\/martin-maxa-role-v-nove-pohadce-pozehnana-vek-vzhled\/","title":{"rendered":"Martin Maxa promluvil o sv\u00e9 roli v nov\u00e9 poh\u00e1dce. D\u00e1le p\u0159iznal, \u017ee na sv\u016fj v\u011bk vypad\u00e1 skv\u011ble"},"content":{"rendered":"\n<p><strong><strong>Martin Maxa se objev\u00ed v nov\u00e9 poh\u00e1dce, kde bude d\u011blat mudrlanta. P\u0159iznal si tak\u00e9, \u017ee na sv\u016fj v\u011bk vypad\u00e1 nejsp\u00ed\u0161e opravdu dob\u0159e.<\/strong>&nbsp;<\/strong><\/p>\n\n\n\n<p>Zp\u011bv\u00e1k Martin Maxa se proslavil nejen sv\u00fdm hudebn\u00edm talentem, ale tak\u00e9 velmi zdatnou fyzi\u010dkou. V 64 letech p\u0159ipom\u00edn\u00e1 jeho postava sp\u00ed\u0161e o n\u011bkolik generac\u00ed mlad\u0161\u00edho sportovce, co\u017e on s\u00e1m dob\u0159e v\u00ed. B\u011bhem posledn\u00edho rozhovoru to nev\u00e1hal p\u0159iznat a prozradil, \u017ee se tak\u00e9 brzy objev\u00ed v nov\u00e9&nbsp;poh\u00e1dce Po\u017eehnan\u00e1. Na Karaoketexty jsme dohledali, \u017ee bude mimo jin\u00e9 vystupovat po boku&nbsp;Lucie Vondr\u00e1\u010dkov\u00e9&nbsp;a Vilmy&nbsp;Cibulkov\u00e9.&nbsp;<\/p>\n\n\n<!-- karaoketexty.cz \/ rectangle2 -->\n<div id=\"PX_37086_709110796310826\"><\/div>\n<script>\n   if(!useMobileAds && !boolUseSeznamAds && !hideAllAds){\n     window.px2 = window.px2 || { conf: {},queue: [] };\n     px2.queue.push(function () {\n        px2.render({\n           slot: {\n              id: 37086\n           },\n            elem: \"PX_37086_709110796310826\"\n        })\n     });\n  }\n<\/script>\n\n<!-- karaoketexty.cz \/ mobile-rectangle3 -->\n<div id=\"PX_37044_714599773297004\"><\/div>\n<script>\n   if(useMobileAds && !boolUseSeznamAds && !hideAllAds){\nwindow.px2 = window.px2 || { conf: {},queue: [] };\npx2.queue.push(function () {\n\tpx2.render({\n\t\tslot: {\n\t\t\tid: 37044\n\t\t},\n\t\telem: \"PX_37044_714599773297004\"\n\t})\n});\n}\n<\/script>\n\n\n<h2 class=\"wp-block-heading\">Nov\u00e1 role v poh\u00e1dce a skv\u011bl\u00e1 fyzi\u010dka&nbsp;<\/h2>\n\n\n\n<p>Maxa uznal, \u017ee se k n\u011bmu nov\u00e1 role asi \u00fapln\u011b hodit nebude, ale je j\u00ed zcela otev\u0159en.&nbsp;\u201e<em>M\u011bla by to b\u00fdt role kl\u00ed\u010dn\u00edka, jak\u00e9hosi r\u00e1dce, tak\u017ee takov\u00e9ho mudrlanta, co\u017e se ke mn\u011b asi moc ani nehod\u00ed, ale budi\u017e.&nbsp;Sc\u00e9n\u00e1\u0159 jsem je\u0161t\u011b nedostal, tak\u017ee j\u00e1 v\u00e1m \u00fapln\u011b neodpov\u00edm p\u0159esn\u011b, jestli tam budu za moudr\u00e9ho r\u00e1dce, anebo to bude komick\u00e1 figura. J\u00e1 zvl\u00e1dnu oboj\u00ed<\/em>,\u201c&nbsp;uvedl b\u011bhem&nbsp;tiskov\u00e9 konference k poh\u00e1dce Po\u017eehnan\u00e1 s t\u00edm, \u017ee jsou pro n\u011bj na prvn\u00edm m\u00edst\u011b st\u00e1le koncerty.<\/p>\n\n\n<!-- karaoketexty.cz \/ interscroller1 -->\n\n<div id=\"PX_37041_825057871452834\"><\/div>\n<script>\nif(useMobileAds && !boolUseSeznamAds && !hideAllAds){\n\twindow.px2 = window.px2 || { conf: {},queue: [] };\n\tpx2.queue.push(function () {\n\t\tpx2.render({\n\t\t\tslot: {\n\t\t\t\tid: 37041\n\t\t\t},\n\t\t\telem: \"PX_37041_825057871452834\"\n\t\t})\n\t});\n}\n<\/script>\n\n\n<p><em>\u201eKrom\u011b koncertov\u00e1n\u00ed, kdy ho te\u010f jsou mraky, pracujeme na nov\u00e9 desce, u kter\u00e9 nev\u00edm, jestli vyjde na podzim, proto\u017ee pr\u00e1ce to nen\u00ed \u00fapln\u011b jednoduch\u00e1, zejm\u00e9na, kdy\u017e u\u017e je to sedm\u00e1 deska, aby si \u010dlov\u011bk udr\u017eel autorsk\u00fd vtisk. Je to \u010d\u00edm d\u00e1l slo\u017eit\u011bj\u0161\u00ed vyhrabat ze studnice \u010de\u0161tiny nov\u00e9 a neot\u0159el\u00e9 ver\u0161e<\/em>,\u201c&nbsp;popsal podle serveru Expres d\u00e1le. Velk\u00e1 pozornost byla p\u0159itom v\u011bnov\u00e1na tak\u00e9 jeho postav\u011b, proto\u017ee rozhodn\u011b nevypad\u00e1 na sv\u016fj pokro\u010dil\u00fd v\u011bk.&nbsp;<\/p>\n\n\n\n<figure class=\"wp-block-embed is-type-video is-provider-youtube wp-block-embed-youtube wp-embed-aspect-16-9 wp-has-aspect-ratio\"><div class=\"wp-block-embed__wrapper\">\n<iframe title=\"Martin Maxa - R\u00e1no v ulic\u00edch\" width=\"500\" height=\"281\" src=\"https:\/\/www.youtube.com\/embed\/NrNmupTqb8g?feature=oembed\" frameborder=\"0\" allow=\"accelerometer; autoplay; clipboard-write; encrypted-media; gyroscope; picture-in-picture; web-share\" referrerpolicy=\"strict-origin-when-cross-origin\" allowfullscreen><\/iframe>\n<\/div><\/figure>\n\n\n\n<p>S\u00e1m to v\u0161ak dob\u0159e v\u00ed a neboj\u00ed se to uznat.&nbsp;<em>\u201eNebudu tady d\u011blat baletku. V\u011bt\u0161ina lid\u00ed, kdy\u017e zjist\u00ed, kolik mi je, tak je hodn\u011b p\u0159ekvapen\u00e1,<\/em>\u201c&nbsp;uvedl s d\u016fvtipem b\u011bhem rozhovor\u016f. T\u011blo se pr\u00fd sna\u017e\u00ed tr\u00e1pit co to jde, aby byl neust\u00e1le v dobr\u00e9 kondici.&nbsp;V poh\u00e1dce Po\u017eehnan\u00e1 se uk\u00e1\u017ee po boku dal\u0161\u00edch zn\u00e1m\u00fdch jmen, jako je Lucie Vondr\u00e1\u010dkov\u00e1 a Vilma Cibulkov\u00e1, je\u017e si zahraj\u00ed kr\u00e1lovsk\u00e9 sestry p\u0159edstavuj\u00edc\u00ed stranu dobra a zla. Objevit by se m\u011bla i Leona Mach\u00e1lkov\u00e1 \u010di Kate\u0159ina bl\u00e1hov\u00e1.<\/p>\n\n\n\n<p>Pro Maxu, kter\u00fd se rozhodn\u011b c\u00edt\u00ed l\u00e9pe v pozici zp\u011bv\u00e1ka, to v\u0161ak nen\u00ed prvn\u00ed p\u0159\u00edle\u017eitost p\u0159ed filmov\u00fdmi kamerami. U\u017e se toti\u017e objevil v komedii Kame\u0148\u00e1k 2, tehdy pro zm\u011bnu po boku Heleny Vondr\u00e1\u010dkov\u00e9, a n\u00e1sledn\u011b je\u0161t\u011b v pokra\u010dov\u00e1n\u00ed Kame\u0148\u00e1k 4. Div\u00e1ci ho mohli zahl\u00e9dnout i v n\u011bkter\u00fdch d\u00edlech obl\u00edben\u00fdch seri\u00e1l\u016f jako Ordinace v r\u016f\u017eov\u00e9 zahrad\u011b \u010di v Modr\u00e9m k\u00f3du.<\/p>\n\n\n\n<p>Zdroje: Autorsk\u00fd text, <a href=\"https:\/\/www.expres.cz\/celebrity\/martin-maxa-nebudu-delat-baletku-vetsina-lidi-je-z-meho-veku-prekvapena.A250520_153013_dx-celebrity_bk\" target=\"_blank\" rel=\"noreferrer noopener nofollow\">Expres<\/a>, <a href=\"https:\/\/www.cervenykoberec.cz\/2695068\/filmova-pohadka-pozehnana-umozni-lucii-vondrackove-postavit-se-na-stranu-dobra\/\" target=\"_blank\" rel=\"noreferrer noopener nofollow\">\u010cerven\u00fd koberec<\/a>, <a href=\"https:\/\/www.csfd.cz\/tvurce\/61911-martin-maxa\/prehled\/\" target=\"_blank\" rel=\"noreferrer noopener nofollow\">\u010cSFD<\/a><\/p>\n","protected":false},"excerpt":{"rendered":"<p>Martin Maxa se objev\u00ed v nov\u00e9 poh\u00e1dce, kde bude d\u011blat mudrlanta. P\u0159iznal si tak\u00e9, \u017ee na sv\u016fj v\u011bk vypad\u00e1 nejsp\u00ed\u0161e opravdu dob\u0159e.<\/p>\n","protected":false},"author":6,"featured_media":1501,"comment_status":"open","ping_status":"closed","sticky":false,"template":"","format":"standard","meta":{"_yoast_wpseo_title":"Martin Maxa promluvil o roli v nov\u00e9 poh\u00e1dce a sv\u00e9 dobr\u00e9 kondici","_yoast_wpseo_metadesc":"\u010cty\u0159ia\u0161edes\u00e1tilet\u00fd Maxa se objev\u00ed v nov\u00e9 poh\u00e1dce Po\u017eehnan\u00e1 a chyst\u00e1 nov\u00e9 album. Jeho t\u011blo nav\u00edc vypad\u00e1, jako by byl o generace mlad\u0161\u00ed.","footnotes":""},"categories":[7],"tags":[12,326,327,11],"class_list":["post-927","post","type-post","status-publish","format-standard","has-post-thumbnail","hentry","category-aktuality","tag-ceske-celebrity","tag-martin-maxa","tag-pohadka","tag-zpevak"],"yoast_head":"<!-- This site is optimized with the Yoast SEO plugin v27.5 - https:\/\/yoast.com\/product\/yoast-seo-wordpress\/ -->\n<title>Martin Maxa promluvil o roli v nov\u00e9 poh\u00e1dce a sv\u00e9 dobr\u00e9 kondici<\/title>\n<meta name=\"description\" content=\"\u010cty\u0159ia\u0161edes\u00e1tilet\u00fd Maxa se objev\u00ed v nov\u00e9 poh\u00e1dce Po\u017eehnan\u00e1 a chyst\u00e1 nov\u00e9 album. Jeho t\u011blo nav\u00edc vypad\u00e1, jako by byl o generace mlad\u0161\u00ed.\" \/>\n<meta name=\"robots\" content=\"index, follow, max-snippet:-1, max-image-preview:large, max-video-preview:-1\" \/>\n<link rel=\"canonical\" href=\"https:\/\/www.karaoketexty.cz\/magazin\/martin-maxa-role-v-nove-pohadce-pozehnana-vek-vzhled\/\" \/>\n<meta property=\"og:locale\" content=\"cs_CZ\" \/>\n<meta property=\"og:type\" content=\"article\" \/>\n<meta property=\"og:title\" content=\"Martin Maxa promluvil o roli v nov\u00e9 poh\u00e1dce, kter\u00e1 se k n\u011bmu pr\u00fd v\u016fbec nehod\u00ed. Vyj\u00e1d\u0159il se tak\u00e9 ke sv\u00e9 v\u00fdborn\u00e9 kondici v 64 letech\" \/>\n<meta property=\"og:description\" content=\"\u010cty\u0159ia\u0161edes\u00e1tilet\u00fd Maxa se objev\u00ed v nov\u00e9 poh\u00e1dce Po\u017eehnan\u00e1 a chyst\u00e1 nov\u00e9 album. Jeho t\u011blo nav\u00edc vypad\u00e1, jako by byl o generace mlad\u0161\u00ed.\" \/>\n<meta property=\"og:url\" content=\"https:\/\/www.karaoketexty.cz\/magazin\/martin-maxa-role-v-nove-pohadce-pozehnana-vek-vzhled\/\" \/>\n<meta property=\"og:site_name\" content=\"Stars Magaz\u00edn Karaoketexty.cz\" \/>\n<meta property=\"article:published_time\" content=\"2025-07-02T09:18:29+00:00\" \/>\n<meta property=\"article:modified_time\" content=\"2025-07-17T08:17:36+00:00\" \/>\n<meta property=\"og:image\" content=\"https:\/\/www.karaoketexty.cz\/magazin\/wp-content\/uploads\/2025\/06\/martin-maxa.avif\" \/>\n\t<meta property=\"og:image:width\" content=\"1200\" \/>\n\t<meta property=\"og:image:height\" content=\"630\" \/>\n\t<meta property=\"og:image:type\" content=\"image\/jpeg\" \/>\n<meta name=\"author\" content=\"Franti\u0161ek Zahradn\u00ed\u010dek\" \/>\n<meta name=\"twitter:card\" content=\"summary_large_image\" \/>\n<meta name=\"twitter:label1\" content=\"Napsal(a)\" \/>\n\t<meta name=\"twitter:data1\" content=\"Franti\u0161ek Zahradn\u00ed\u010dek\" \/>\n\t<meta name=\"twitter:label2\" content=\"Odhadovan\u00e1 doba \u010dten\u00ed\" \/>\n\t<meta name=\"twitter:data2\" content=\"3 minuty\" \/>\n<script type=\"application\/ld+json\" class=\"yoast-schema-graph\">{\"@context\":\"https:\\\/\\\/schema.org\",\"@graph\":[{\"@type\":\"Article\",\"@id\":\"https:\\\/\\\/www.karaoketexty.cz\\\/magazin\\\/martin-maxa-role-v-nove-pohadce-pozehnana-vek-vzhled\\\/#article\",\"isPartOf\":{\"@id\":\"https:\\\/\\\/www.karaoketexty.cz\\\/magazin\\\/martin-maxa-role-v-nove-pohadce-pozehnana-vek-vzhled\\\/\"},\"author\":{\"name\":\"Franti\u0161ek Zahradn\u00ed\u010dek\",\"@id\":\"https:\\\/\\\/www.karaoketexty.cz\\\/magazin\\\/#\\\/schema\\\/person\\\/69d871cedc122c98723e0f5e1f73fa16\"},\"headline\":\"Martin Maxa promluvil o sv\u00e9 roli v nov\u00e9 poh\u00e1dce. D\u00e1le p\u0159iznal, \u017ee na sv\u016fj v\u011bk vypad\u00e1 skv\u011ble\",\"datePublished\":\"2025-07-02T09:18:29+00:00\",\"dateModified\":\"2025-07-17T08:17:36+00:00\",\"mainEntityOfPage\":{\"@id\":\"https:\\\/\\\/www.karaoketexty.cz\\\/magazin\\\/martin-maxa-role-v-nove-pohadce-pozehnana-vek-vzhled\\\/\"},\"wordCount\":565,\"commentCount\":0,\"image\":{\"@id\":\"https:\\\/\\\/www.karaoketexty.cz\\\/magazin\\\/martin-maxa-role-v-nove-pohadce-pozehnana-vek-vzhled\\\/#primaryimage\"},\"thumbnailUrl\":\"https:\\\/\\\/www.karaoketexty.cz\\\/magazin\\\/wp-content\\\/uploads\\\/2025\\\/06\\\/martin-maxa.avif\",\"keywords\":[\"\u010cesk\u00e9 celebrity\",\"Martin Maxa\",\"Poh\u00e1dka\",\"Zp\u011bv\u00e1k\"],\"articleSection\":[\"Aktuality\"],\"inLanguage\":\"cs\",\"potentialAction\":[{\"@type\":\"CommentAction\",\"name\":\"Comment\",\"target\":[\"https:\\\/\\\/www.karaoketexty.cz\\\/magazin\\\/martin-maxa-role-v-nove-pohadce-pozehnana-vek-vzhled\\\/#respond\"]}]},{\"@type\":\"WebPage\",\"@id\":\"https:\\\/\\\/www.karaoketexty.cz\\\/magazin\\\/martin-maxa-role-v-nove-pohadce-pozehnana-vek-vzhled\\\/\",\"url\":\"https:\\\/\\\/www.karaoketexty.cz\\\/magazin\\\/martin-maxa-role-v-nove-pohadce-pozehnana-vek-vzhled\\\/\",\"name\":\"Martin Maxa promluvil o roli v nov\u00e9 poh\u00e1dce a sv\u00e9 dobr\u00e9 kondici\",\"isPartOf\":{\"@id\":\"https:\\\/\\\/www.karaoketexty.cz\\\/magazin\\\/#website\"},\"primaryImageOfPage\":{\"@id\":\"https:\\\/\\\/www.karaoketexty.cz\\\/magazin\\\/martin-maxa-role-v-nove-pohadce-pozehnana-vek-vzhled\\\/#primaryimage\"},\"image\":{\"@id\":\"https:\\\/\\\/www.karaoketexty.cz\\\/magazin\\\/martin-maxa-role-v-nove-pohadce-pozehnana-vek-vzhled\\\/#primaryimage\"},\"thumbnailUrl\":\"https:\\\/\\\/www.karaoketexty.cz\\\/magazin\\\/wp-content\\\/uploads\\\/2025\\\/06\\\/martin-maxa.avif\",\"datePublished\":\"2025-07-02T09:18:29+00:00\",\"dateModified\":\"2025-07-17T08:17:36+00:00\",\"author\":{\"@id\":\"https:\\\/\\\/www.karaoketexty.cz\\\/magazin\\\/#\\\/schema\\\/person\\\/69d871cedc122c98723e0f5e1f73fa16\"},\"description\":\"\u010cty\u0159ia\u0161edes\u00e1tilet\u00fd Maxa se objev\u00ed v nov\u00e9 poh\u00e1dce Po\u017eehnan\u00e1 a chyst\u00e1 nov\u00e9 album. Jeho t\u011blo nav\u00edc vypad\u00e1, jako by byl o generace mlad\u0161\u00ed.\",\"breadcrumb\":{\"@id\":\"https:\\\/\\\/www.karaoketexty.cz\\\/magazin\\\/martin-maxa-role-v-nove-pohadce-pozehnana-vek-vzhled\\\/#breadcrumb\"},\"inLanguage\":\"cs\",\"potentialAction\":[{\"@type\":\"ReadAction\",\"target\":[\"https:\\\/\\\/www.karaoketexty.cz\\\/magazin\\\/martin-maxa-role-v-nove-pohadce-pozehnana-vek-vzhled\\\/\"]}]},{\"@type\":\"ImageObject\",\"inLanguage\":\"cs\",\"@id\":\"https:\\\/\\\/www.karaoketexty.cz\\\/magazin\\\/martin-maxa-role-v-nove-pohadce-pozehnana-vek-vzhled\\\/#primaryimage\",\"url\":\"https:\\\/\\\/www.karaoketexty.cz\\\/magazin\\\/wp-content\\\/uploads\\\/2025\\\/06\\\/martin-maxa.avif\",\"contentUrl\":\"https:\\\/\\\/www.karaoketexty.cz\\\/magazin\\\/wp-content\\\/uploads\\\/2025\\\/06\\\/martin-maxa.avif\",\"width\":1200,\"height\":630,\"caption\":\"Foto: Nextfoto, Martin Maxa na setk\u00e1n\u00ed k filmu Po\u017eehnan\u00e1\"},{\"@type\":\"BreadcrumbList\",\"@id\":\"https:\\\/\\\/www.karaoketexty.cz\\\/magazin\\\/martin-maxa-role-v-nove-pohadce-pozehnana-vek-vzhled\\\/#breadcrumb\",\"itemListElement\":[{\"@type\":\"ListItem\",\"position\":1,\"name\":\"Dom\u016f\",\"item\":\"https:\\\/\\\/www.karaoketexty.cz\\\/magazin\\\/\"},{\"@type\":\"ListItem\",\"position\":2,\"name\":\"Martin Maxa promluvil o sv\u00e9 roli v nov\u00e9 poh\u00e1dce. D\u00e1le p\u0159iznal, \u017ee na sv\u016fj v\u011bk vypad\u00e1 skv\u011ble\"}]},{\"@type\":\"WebSite\",\"@id\":\"https:\\\/\\\/www.karaoketexty.cz\\\/magazin\\\/#website\",\"url\":\"https:\\\/\\\/www.karaoketexty.cz\\\/magazin\\\/\",\"name\":\"Stars Magaz\u00edn Karaoketexty.cz\",\"description\":\"Stars Magaz\u00edn na Karaoketexty.cz je zam\u011b\u0159en\u00fd na novinky ze sv\u011bta hudby a celebrit. Obsahuje \u010dl\u00e1nky o zp\u011bv\u00e1c\u00edch, kapel\u00e1ch, nov\u00fdch albech, hudebn\u00edch trendech a dal\u0161\u00edch zaj\u00edmavostech z hudebn\u00edho pr\u016fmyslu.\",\"potentialAction\":[{\"@type\":\"SearchAction\",\"target\":{\"@type\":\"EntryPoint\",\"urlTemplate\":\"https:\\\/\\\/www.karaoketexty.cz\\\/magazin\\\/?s={search_term_string}\"},\"query-input\":{\"@type\":\"PropertyValueSpecification\",\"valueRequired\":true,\"valueName\":\"search_term_string\"}}],\"inLanguage\":\"cs\"},{\"@type\":\"Person\",\"@id\":\"https:\\\/\\\/www.karaoketexty.cz\\\/magazin\\\/#\\\/schema\\\/person\\\/69d871cedc122c98723e0f5e1f73fa16\",\"name\":\"Franti\u0161ek Zahradn\u00ed\u010dek\",\"image\":{\"@type\":\"ImageObject\",\"inLanguage\":\"cs\",\"@id\":\"https:\\\/\\\/secure.gravatar.com\\\/avatar\\\/fcc548a9ddc6294d2945bd8730d73ac130db3d13dfd96d644aa093d54c1917b6?s=96&d=mm&r=g\",\"url\":\"https:\\\/\\\/secure.gravatar.com\\\/avatar\\\/fcc548a9ddc6294d2945bd8730d73ac130db3d13dfd96d644aa093d54c1917b6?s=96&d=mm&r=g\",\"contentUrl\":\"https:\\\/\\\/secure.gravatar.com\\\/avatar\\\/fcc548a9ddc6294d2945bd8730d73ac130db3d13dfd96d644aa093d54c1917b6?s=96&d=mm&r=g\",\"caption\":\"Franti\u0161ek Zahradn\u00ed\u010dek\"},\"url\":\"https:\\\/\\\/www.karaoketexty.cz\\\/magazin\\\/author\\\/frantazahrada\\\/\"}]}<\/script>\n<!-- \/ Yoast SEO plugin. -->","yoast_head_json":{"title":"Martin Maxa promluvil o roli v nov\u00e9 poh\u00e1dce a sv\u00e9 dobr\u00e9 kondici","description":"\u010cty\u0159ia\u0161edes\u00e1tilet\u00fd Maxa se objev\u00ed v nov\u00e9 poh\u00e1dce Po\u017eehnan\u00e1 a chyst\u00e1 nov\u00e9 album. Jeho t\u011blo nav\u00edc vypad\u00e1, jako by byl o generace mlad\u0161\u00ed.","robots":{"index":"index","follow":"follow","max-snippet":"max-snippet:-1","max-image-preview":"max-image-preview:large","max-video-preview":"max-video-preview:-1"},"canonical":"https:\/\/www.karaoketexty.cz\/magazin\/martin-maxa-role-v-nove-pohadce-pozehnana-vek-vzhled\/","og_locale":"cs_CZ","og_type":"article","og_title":"Martin Maxa promluvil o roli v nov\u00e9 poh\u00e1dce, kter\u00e1 se k n\u011bmu pr\u00fd v\u016fbec nehod\u00ed. Vyj\u00e1d\u0159il se tak\u00e9 ke sv\u00e9 v\u00fdborn\u00e9 kondici v 64 letech","og_description":"\u010cty\u0159ia\u0161edes\u00e1tilet\u00fd Maxa se objev\u00ed v nov\u00e9 poh\u00e1dce Po\u017eehnan\u00e1 a chyst\u00e1 nov\u00e9 album. Jeho t\u011blo nav\u00edc vypad\u00e1, jako by byl o generace mlad\u0161\u00ed.","og_url":"https:\/\/www.karaoketexty.cz\/magazin\/martin-maxa-role-v-nove-pohadce-pozehnana-vek-vzhled\/","og_site_name":"Stars Magaz\u00edn Karaoketexty.cz","article_published_time":"2025-07-02T09:18:29+00:00","article_modified_time":"2025-07-17T08:17:36+00:00","og_image":[{"width":1200,"height":630,"url":"https:\/\/www.karaoketexty.cz\/magazin\/wp-content\/uploads\/2025\/06\/martin-maxa.avif","type":"image\/jpeg"}],"author":"Franti\u0161ek Zahradn\u00ed\u010dek","twitter_card":"summary_large_image","twitter_misc":{"Napsal(a)":"Franti\u0161ek Zahradn\u00ed\u010dek","Odhadovan\u00e1 doba \u010dten\u00ed":"3 minuty"},"schema":{"@context":"https:\/\/schema.org","@graph":[{"@type":"Article","@id":"https:\/\/www.karaoketexty.cz\/magazin\/martin-maxa-role-v-nove-pohadce-pozehnana-vek-vzhled\/#article","isPartOf":{"@id":"https:\/\/www.karaoketexty.cz\/magazin\/martin-maxa-role-v-nove-pohadce-pozehnana-vek-vzhled\/"},"author":{"name":"Franti\u0161ek Zahradn\u00ed\u010dek","@id":"https:\/\/www.karaoketexty.cz\/magazin\/#\/schema\/person\/69d871cedc122c98723e0f5e1f73fa16"},"headline":"Martin Maxa promluvil o sv\u00e9 roli v nov\u00e9 poh\u00e1dce. D\u00e1le p\u0159iznal, \u017ee na sv\u016fj v\u011bk vypad\u00e1 skv\u011ble","datePublished":"2025-07-02T09:18:29+00:00","dateModified":"2025-07-17T08:17:36+00:00","mainEntityOfPage":{"@id":"https:\/\/www.karaoketexty.cz\/magazin\/martin-maxa-role-v-nove-pohadce-pozehnana-vek-vzhled\/"},"wordCount":565,"commentCount":0,"image":{"@id":"https:\/\/www.karaoketexty.cz\/magazin\/martin-maxa-role-v-nove-pohadce-pozehnana-vek-vzhled\/#primaryimage"},"thumbnailUrl":"https:\/\/www.karaoketexty.cz\/magazin\/wp-content\/uploads\/2025\/06\/martin-maxa.avif","keywords":["\u010cesk\u00e9 celebrity","Martin Maxa","Poh\u00e1dka","Zp\u011bv\u00e1k"],"articleSection":["Aktuality"],"inLanguage":"cs","potentialAction":[{"@type":"CommentAction","name":"Comment","target":["https:\/\/www.karaoketexty.cz\/magazin\/martin-maxa-role-v-nove-pohadce-pozehnana-vek-vzhled\/#respond"]}]},{"@type":"WebPage","@id":"https:\/\/www.karaoketexty.cz\/magazin\/martin-maxa-role-v-nove-pohadce-pozehnana-vek-vzhled\/","url":"https:\/\/www.karaoketexty.cz\/magazin\/martin-maxa-role-v-nove-pohadce-pozehnana-vek-vzhled\/","name":"Martin Maxa promluvil o roli v nov\u00e9 poh\u00e1dce a sv\u00e9 dobr\u00e9 kondici","isPartOf":{"@id":"https:\/\/www.karaoketexty.cz\/magazin\/#website"},"primaryImageOfPage":{"@id":"https:\/\/www.karaoketexty.cz\/magazin\/martin-maxa-role-v-nove-pohadce-pozehnana-vek-vzhled\/#primaryimage"},"image":{"@id":"https:\/\/www.karaoketexty.cz\/magazin\/martin-maxa-role-v-nove-pohadce-pozehnana-vek-vzhled\/#primaryimage"},"thumbnailUrl":"https:\/\/www.karaoketexty.cz\/magazin\/wp-content\/uploads\/2025\/06\/martin-maxa.avif","datePublished":"2025-07-02T09:18:29+00:00","dateModified":"2025-07-17T08:17:36+00:00","author":{"@id":"https:\/\/www.karaoketexty.cz\/magazin\/#\/schema\/person\/69d871cedc122c98723e0f5e1f73fa16"},"description":"\u010cty\u0159ia\u0161edes\u00e1tilet\u00fd Maxa se objev\u00ed v nov\u00e9 poh\u00e1dce Po\u017eehnan\u00e1 a chyst\u00e1 nov\u00e9 album. Jeho t\u011blo nav\u00edc vypad\u00e1, jako by byl o generace mlad\u0161\u00ed.","breadcrumb":{"@id":"https:\/\/www.karaoketexty.cz\/magazin\/martin-maxa-role-v-nove-pohadce-pozehnana-vek-vzhled\/#breadcrumb"},"inLanguage":"cs","potentialAction":[{"@type":"ReadAction","target":["https:\/\/www.karaoketexty.cz\/magazin\/martin-maxa-role-v-nove-pohadce-pozehnana-vek-vzhled\/"]}]},{"@type":"ImageObject","inLanguage":"cs","@id":"https:\/\/www.karaoketexty.cz\/magazin\/martin-maxa-role-v-nove-pohadce-pozehnana-vek-vzhled\/#primaryimage","url":"https:\/\/www.karaoketexty.cz\/magazin\/wp-content\/uploads\/2025\/06\/martin-maxa.avif","contentUrl":"https:\/\/www.karaoketexty.cz\/magazin\/wp-content\/uploads\/2025\/06\/martin-maxa.avif","width":1200,"height":630,"caption":"Foto: Nextfoto, Martin Maxa na setk\u00e1n\u00ed k filmu Po\u017eehnan\u00e1"},{"@type":"BreadcrumbList","@id":"https:\/\/www.karaoketexty.cz\/magazin\/martin-maxa-role-v-nove-pohadce-pozehnana-vek-vzhled\/#breadcrumb","itemListElement":[{"@type":"ListItem","position":1,"name":"Dom\u016f","item":"https:\/\/www.karaoketexty.cz\/magazin\/"},{"@type":"ListItem","position":2,"name":"Martin Maxa promluvil o sv\u00e9 roli v nov\u00e9 poh\u00e1dce. D\u00e1le p\u0159iznal, \u017ee na sv\u016fj v\u011bk vypad\u00e1 skv\u011ble"}]},{"@type":"WebSite","@id":"https:\/\/www.karaoketexty.cz\/magazin\/#website","url":"https:\/\/www.karaoketexty.cz\/magazin\/","name":"Stars Magaz\u00edn Karaoketexty.cz","description":"Stars Magaz\u00edn na Karaoketexty.cz je zam\u011b\u0159en\u00fd na novinky ze sv\u011bta hudby a celebrit. Obsahuje \u010dl\u00e1nky o zp\u011bv\u00e1c\u00edch, kapel\u00e1ch, nov\u00fdch albech, hudebn\u00edch trendech a dal\u0161\u00edch zaj\u00edmavostech z hudebn\u00edho pr\u016fmyslu.","potentialAction":[{"@type":"SearchAction","target":{"@type":"EntryPoint","urlTemplate":"https:\/\/www.karaoketexty.cz\/magazin\/?s={search_term_string}"},"query-input":{"@type":"PropertyValueSpecification","valueRequired":true,"valueName":"search_term_string"}}],"inLanguage":"cs"},{"@type":"Person","@id":"https:\/\/www.karaoketexty.cz\/magazin\/#\/schema\/person\/69d871cedc122c98723e0f5e1f73fa16","name":"Franti\u0161ek Zahradn\u00ed\u010dek","image":{"@type":"ImageObject","inLanguage":"cs","@id":"https:\/\/secure.gravatar.com\/avatar\/fcc548a9ddc6294d2945bd8730d73ac130db3d13dfd96d644aa093d54c1917b6?s=96&d=mm&r=g","url":"https:\/\/secure.gravatar.com\/avatar\/fcc548a9ddc6294d2945bd8730d73ac130db3d13dfd96d644aa093d54c1917b6?s=96&d=mm&r=g","contentUrl":"https:\/\/secure.gravatar.com\/avatar\/fcc548a9ddc6294d2945bd8730d73ac130db3d13dfd96d644aa093d54c1917b6?s=96&d=mm&r=g","caption":"Franti\u0161ek Zahradn\u00ed\u010dek"},"url":"https:\/\/www.karaoketexty.cz\/magazin\/author\/frantazahrada\/"}]}},"_links":{"self":[{"href":"https:\/\/www.karaoketexty.cz\/magazin\/wp-json\/wp\/v2\/posts\/927","targetHints":{"allow":["GET"]}}],"collection":[{"href":"https:\/\/www.karaoketexty.cz\/magazin\/wp-json\/wp\/v2\/posts"}],"about":[{"href":"https:\/\/www.karaoketexty.cz\/magazin\/wp-json\/wp\/v2\/types\/post"}],"author":[{"embeddable":true,"href":"https:\/\/www.karaoketexty.cz\/magazin\/wp-json\/wp\/v2\/users\/6"}],"replies":[{"embeddable":true,"href":"https:\/\/www.karaoketexty.cz\/magazin\/wp-json\/wp\/v2\/comments?post=927"}],"version-history":[{"count":9,"href":"https:\/\/www.karaoketexty.cz\/magazin\/wp-json\/wp\/v2\/posts\/927\/revisions"}],"predecessor-version":[{"id":1644,"href":"https:\/\/www.karaoketexty.cz\/magazin\/wp-json\/wp\/v2\/posts\/927\/revisions\/1644"}],"wp:featuredmedia":[{"embeddable":true,"href":"https:\/\/www.karaoketexty.cz\/magazin\/wp-json\/wp\/v2\/media\/1501"}],"wp:attachment":[{"href":"https:\/\/www.karaoketexty.cz\/magazin\/wp-json\/wp\/v2\/media?parent=927"}],"wp:term":[{"taxonomy":"category","embeddable":true,"href":"https:\/\/www.karaoketexty.cz\/magazin\/wp-json\/wp\/v2\/categories?post=927"},{"taxonomy":"post_tag","embeddable":true,"href":"https:\/\/www.karaoketexty.cz\/magazin\/wp-json\/wp\/v2\/tags?post=927"}],"curies":[{"name":"wp","href":"https:\/\/api.w.org\/{rel}","templated":true}]}}