{"id":9179,"date":"2026-03-16T06:03:00","date_gmt":"2026-03-16T05:03:00","guid":{"rendered":"https:\/\/www.karaoketexty.cz\/magazin\/?p=9179"},"modified":"2026-03-13T15:51:11","modified_gmt":"2026-03-13T14:51:11","slug":"manzelstvi-marka-ebena-a-markety-fiserove-pribeh-lasky-ktera-obstala-v-nejtezsich-zkouskach","status":"publish","type":"post","link":"https:\/\/www.karaoketexty.cz\/magazin\/manzelstvi-marka-ebena-a-markety-fiserove-pribeh-lasky-ktera-obstala-v-nejtezsich-zkouskach\/","title":{"rendered":"Man\u017eelstv\u00ed Marka Ebena a Mark\u00e9ty Fi\u0161erov\u00e9: P\u0159\u00edb\u011bh l\u00e1sky, kter\u00e1 obst\u00e1la v nejt\u011b\u017e\u0161\u00edch zkou\u0161k\u00e1ch"},"content":{"rendered":"\n<p><strong>Jsou spolu v\u00edce ne\u017e \u010dty\u0159icet let a na rozvod nikdy nepomysleli. Marek Eben a jeho man\u017eelka ka\u017ed\u00fd den dokazuj\u00ed, \u017ee l\u00e1ska dok\u00e1\u017ee p\u0159est\u00e1t i ty nejhor\u0161\u00ed zkou\u0161ky.<\/strong><\/p>\n\n\n\n<p>Man\u017eelstv\u00ed herce, moder\u00e1tora a zp\u011bv\u00e1ka Marka Ebena a b\u00fdval\u00e9 here\u010dky Mark\u00e9ty Fi\u0161erov\u00e9 pro\u0161lo zkou\u0161kami, kter\u00e9 si jen m\u00e1lokdo um\u00ed p\u0159edstavit. N\u011bkter\u00e9 z nich jsme se rozhodli na Karaoketexty p\u0159ipomenout. Nejprve toti\u017e p\u0159i\u0161li o d\u00edt\u011b a pak ude\u0159ila t\u011b\u017ek\u00e1 r\u00e1na v podob\u011b mrtvice. Jejich \u017eivot se oto\u010dil vzh\u016fru nohama a za\u010d\u00e1tky s voz\u00ed\u010dkem byly nesm\u00edrn\u011b t\u011b\u017ek\u00e9. Nikdy je v\u0161ak nenapadlo j\u00edt od sebe. Jejich man\u017eelstv\u00ed trv\u00e1 p\u0159es \u010dty\u0159icet let a stalo se symbolem v\u011brnosti, oddanosti a skute\u010dn\u00e9 partnersk\u00e9 podpory.<\/p>\n\n\n<!-- karaoketexty.cz \/ rectangle2 -->\n<div id=\"PX_37086_709110796310826\"><\/div>\n<script>\n   if(!useMobileAds && !boolUseSeznamAds && !hideAllAds){\n     window.px2 = window.px2 || { conf: {},queue: [] };\n     px2.queue.push(function () {\n        px2.render({\n           slot: {\n              id: 37086\n           },\n            elem: \"PX_37086_709110796310826\"\n        })\n     });\n  }\n<\/script>\n\n<!-- karaoketexty.cz \/ mobile-rectangle3 -->\n<div id=\"PX_37044_714599773297004\"><\/div>\n<script>\n   if(useMobileAds && !boolUseSeznamAds && !hideAllAds){\nwindow.px2 = window.px2 || { conf: {},queue: [] };\npx2.queue.push(function () {\n\tpx2.render({\n\t\tslot: {\n\t\t\tid: 37044\n\t\t},\n\t\telem: \"PX_37044_714599773297004\"\n\t})\n});\n}\n<\/script>\n\n\n<h2 class=\"wp-block-heading\">M\u011bla p\u0159ed sebou velkou hereckou budoucnost<\/h2>\n\n\n\n<p>Mark\u00e9ta Fi\u0161erov\u00e1 byla jednou z na\u0161ich nejkr\u00e1sn\u011bj\u0161\u00edch a nejvyhled\u00e1van\u011bj\u0161\u00edch mlad\u00fdch here\u010dek. M\u011bla slibn\u011b rozjetou kari\u00e9ru a zd\u00e1lo se, \u017ee p\u0159ed n\u00ed stoj\u00ed velk\u00e1 budoucnost ve filmu i televizi. V\u00fd\u010det jej\u00ed bohat\u00e9 filmografie v\u0161ak kon\u010d\u00ed rokem 1986. Tehdy u\u017e byla \u010dty\u0159i roky vdan\u00e1 za Marka Ebena. Z\u00e1ke\u0159n\u00e1 mrtvice p\u0159i\u0161la ne\u010dekan\u011b. Jeden den byla zcela v po\u0159\u00e1dku, ten dal\u0161\u00ed bojovala v nemocnici o \u017eivot. A l\u00e9ka\u0159i ji velk\u00e9 \u0161ance na p\u0159e\u017eit\u00ed ned\u00e1vali.<\/p>\n\n\n\n<p>Zvl\u00e1dla to, ale v nemocnici str\u00e1vila cel\u00fd rok. Musela se nau\u010dit znovu mluvit a hybnost se j\u00ed alespo\u0148 \u010d\u00e1ste\u010dn\u011b vr\u00e1tila, z\u016fstala v\u0161ak upoutan\u00e1 na voz\u00ed\u010dek.<em>&nbsp;\u201eMn\u011b bylo osmadvacet, \u017een\u011b \u0161estadvacet, oba n\u00e1s to zastihlo absolutn\u011b nep\u0159ipraven\u00e9, bez varov\u00e1n\u00ed. Byli jsme ve v\u011bku, kdy v\u00e1s v\u016fbec nenapadne, \u017ee by v\u00e1s n\u011bco takov\u00e9ho mohlo potkat,\u201c<\/em> vzpom\u00ednal Marek Eben v rozhovoru pro iDnes.<\/p>\n\n\n<!-- karaoketexty.cz \/ interscroller1 -->\n\n<div id=\"PX_37041_825057871452834\"><\/div>\n<script>\nif(useMobileAds && !boolUseSeznamAds && !hideAllAds){\n\twindow.px2 = window.px2 || { conf: {},queue: [] };\n\tpx2.queue.push(function () {\n\t\tpx2.render({\n\t\t\tslot: {\n\t\t\t\tid: 37041\n\t\t\t},\n\t\t\telem: \"PX_37041_825057871452834\"\n\t\t})\n\t});\n}\n<\/script>\n\n\n<h2 class=\"wp-block-heading\">Dnes ji u\u017e nevn\u00edm\u00e1 jako nemocnou<\/h2>\n\n\n\n<p>Nebyla to nav\u00edc prvn\u00ed r\u00e1na, kterou si man\u017eel\u00e9 pro\u0161li. Nedlouho p\u0159edt\u00edm oplakali dceru Terezku, kter\u00e1 se narodila p\u0159ed\u010dasn\u011b a p\u00e1r dn\u00ed po porodu zem\u0159ela.<em>\u201eBral jsem to jako \u017eivotn\u00ed situaci, p\u0159ed kterou je \u010dlov\u011bk postaven\u00fd, kterou \u017eivot p\u0159in\u00e1\u0161\u00ed. Kdy\u017e se n\u011bco takov\u00e9ho stane, nev\u00edte, pro\u010d se to d\u011bje, ani nem\u00e1 cenu pt\u00e1t se po smyslu,\u201c<\/em> popsal Marek Eben, jak se sna\u017eil vyrovnat s tragick\u00fdmi ranami osudu a sna\u017eil se od\u017e\u00edt ka\u017ed\u00fd jeden den, jak nejl\u00e9pe to \u0161lo.<\/p>\n\n\n\n<figure class=\"wp-block-image size-large\"><img data-dominant-color=\"5c433c\" data-has-transparency=\"false\" style=\"--dominant-color: #5c433c;\" decoding=\"async\" width=\"1024\" height=\"550\" src=\"https:\/\/www.karaoketexty.cz\/magazin\/wp-content\/uploads\/2026\/03\/marketa-fiserova-marek-eben-tyty-1024x550.jpg\" alt=\"Fotografie Marka Ebena a Mark\u00e9ty Fi\u0161erov\u00e9\" class=\"wp-image-9184 not-transparent\" srcset=\"https:\/\/www.karaoketexty.cz\/magazin\/wp-content\/uploads\/2026\/03\/marketa-fiserova-marek-eben-tyty-1024x550.jpg 1024w, https:\/\/www.karaoketexty.cz\/magazin\/wp-content\/uploads\/2026\/03\/marketa-fiserova-marek-eben-tyty-300x161.jpg 300w, https:\/\/www.karaoketexty.cz\/magazin\/wp-content\/uploads\/2026\/03\/marketa-fiserova-marek-eben-tyty-768x412.jpg 768w, https:\/\/www.karaoketexty.cz\/magazin\/wp-content\/uploads\/2026\/03\/marketa-fiserova-marek-eben-tyty.jpg 1200w\" sizes=\"(max-width: 1024px) 100vw, 1024px\" \/><figcaption class=\"wp-element-caption\">Zdroj: Nextfoto, Marek Eben a Mark\u00e9ta Fi\u0161erov\u00e1 na p\u0159ed\u00e1v\u00e1n\u00ed cen T\u00fdT\u00fd<\/figcaption><\/figure>\n\n\n\n<p>I kdy\u017e byly za\u010d\u00e1tky velmi t\u011b\u017ek\u00e9, postupn\u011b se pro n\u011b stal voz\u00edk \u00fapln\u011b norm\u00e1ln\u00ed sou\u010d\u00e1st\u00ed \u017eivota. <em>\u201eLitoval jsem ji, proto\u017ee ona si zkraje pro\u0161la opravdov\u00fdm peklem. Te\u010f m\u00e1m druh\u00fd probl\u00e9m, proto\u017ee dnes ji nevn\u00edm\u00e1m jako nemocnou,\u201c<\/em> sv\u011b\u0159il se, \u017ee man\u017eel\u010dino posti\u017een\u00ed u\u017e berou jako norm\u00e1ln\u00ed sou\u010d\u00e1st jejich \u017eivota. Nutno dodat, \u017ee Mark\u00e9ta je mimo\u0159\u00e1dn\u011b state\u010dn\u00e1 \u017eena.<\/p>\n\n\n\n<p>Marek Eben opakovan\u011b zd\u016fraz\u0148uje, \u017ee pro n\u011bj je velkou oporou p\u0159\u00edstup jeho man\u017eelky Mark\u00e9ty k vlastn\u00edmu zdravotn\u00edmu omezen\u00ed. Podle n\u011bj je v\u00fdjime\u010dn\u00e9, jak state\u010dn\u011b svou situaci p\u0159ijala, p\u0159esto\u017ee by m\u011bla pln\u00e9 pr\u00e1vo si st\u011b\u017eovat. Ona to v\u0161ak ned\u011bl\u00e1 a nese sv\u016fj osud s velkou vnit\u0159n\u00ed silou. Eben \u0159\u00edk\u00e1, \u017ee kdy\u017e m\u00e1 \u010dlov\u011bk vedle sebe n\u011bkoho, kdo se s takovou \u017eivotn\u00ed zkou\u0161kou dok\u00e1\u017ee vyrovnat s takov\u00fdm nadhledem, je t\u00e9m\u011b\u0159 povinnost\u00ed sna\u017eit se tomuto postoji alespo\u0148 p\u0159ibl\u00ed\u017eit.<\/p>\n\n\n\n<p>Zdroj: Autorsk\u00fd text redakce, <a href=\"https:\/\/www.idnes.cz\/onadnes\/vztahy\/svou-zenu-marketu-bych-neopustil-rika-marek-eben.A090421_144240_ona_ony_jup\" target=\"_blank\" rel=\"noreferrer noopener\">iDnes<\/a>, <a href=\"https:\/\/www.lidovky.cz\/relax\/lide\/pohnute-osudy-statecny-usmev-markete-fiserove-nezmizel-ani-pote-co-ochrnula.A151007_183818_lide_ele\" target=\"_blank\" rel=\"noreferrer noopener nofollow\">Lidovky<\/a>, <a href=\"https:\/\/www.csfd.cz\/tvurce\/1149-marketa-fiserova\/prehled\/\" target=\"_blank\" rel=\"noreferrer noopener\">\u010cSFD<\/a>&nbsp;<\/p>\n\n\n            <a href=\"https:\/\/www.karaoketexty.cz\/magazin\/sourozenci-v-hudbe-slavne-hudebni-rodiny-v-cesku-i-ve-svete\/\" class=\"related-post-link\">\n                <div class=\"post-thumbnail\">\n                    <img decoding=\"async\" width=\"250\" height=\"168\" src=\"https:\/\/www.karaoketexty.cz\/magazin\/wp-content\/uploads\/2025\/12\/Hudebni-klany-Jacksons-five.jpg\" class=\"attachment-250x180 size-250x180 not-transparent\" alt=\"Obr\u00e1zek k \u010dl\u00e1nku: Sourozenci v hudb\u011b: slavn\u00e9 hudebn\u00ed rodiny v \u010cesku i ve sv\u011bt\u011b\" srcset=\"https:\/\/www.karaoketexty.cz\/magazin\/wp-content\/uploads\/2025\/12\/Hudebni-klany-Jacksons-five.jpg 1200w, https:\/\/www.karaoketexty.cz\/magazin\/wp-content\/uploads\/2025\/12\/Hudebni-klany-Jacksons-five-300x201.jpg 300w, https:\/\/www.karaoketexty.cz\/magazin\/wp-content\/uploads\/2025\/12\/Hudebni-klany-Jacksons-five-1024x686.jpg 1024w, https:\/\/www.karaoketexty.cz\/magazin\/wp-content\/uploads\/2025\/12\/Hudebni-klany-Jacksons-five-768x515.jpg 768w, https:\/\/www.karaoketexty.cz\/magazin\/wp-content\/uploads\/2025\/12\/Hudebni-klany-Jacksons-five-800x533.jpg 800w\" sizes=\"(max-width: 250px) 100vw, 250px\" data-has-transparency=\"false\" data-dominant-color=\"a99d89\" style=\"--dominant-color: #a99d89;\" \/>                <\/div>\n                <div class=\"post-details\">\n                    <span class=\"also-read\">\u010ct\u011bte tak\u00e9:<\/span>\n                    <h3 class=\"hed\">Sourozenci v hudb\u011b: Slavn\u00e9 hudebn\u00ed rodiny v \u010cesku i ve sv\u011bt\u011b<\/h3>\n                <\/div>\n            <\/a>\n            \n\n            <a href=\"https:\/\/www.karaoketexty.cz\/magazin\/ples-rozhybal-brno-sama-noblesa-nove-lasky-i-hvezdy-co-se-nezastavi\/\" class=\"related-post-link\">\n                <div class=\"post-thumbnail\">\n                    <img decoding=\"async\" width=\"250\" height=\"151\" src=\"https:\/\/www.karaoketexty.cz\/magazin\/wp-content\/uploads\/2026\/01\/dominika-myslivcova-denisa-gudejl.jpg\" class=\"attachment-250x180 size-250x180 not-transparent\" alt=\"Fotografie Denisy Gudejl a Dominiky Myslivcov\u00e9\" srcset=\"https:\/\/www.karaoketexty.cz\/magazin\/wp-content\/uploads\/2026\/01\/dominika-myslivcova-denisa-gudejl.jpg 1200w, https:\/\/www.karaoketexty.cz\/magazin\/wp-content\/uploads\/2026\/01\/dominika-myslivcova-denisa-gudejl-300x182.jpg 300w, https:\/\/www.karaoketexty.cz\/magazin\/wp-content\/uploads\/2026\/01\/dominika-myslivcova-denisa-gudejl-1024x620.jpg 1024w, https:\/\/www.karaoketexty.cz\/magazin\/wp-content\/uploads\/2026\/01\/dominika-myslivcova-denisa-gudejl-768x465.jpg 768w\" sizes=\"(max-width: 250px) 100vw, 250px\" data-has-transparency=\"false\" data-dominant-color=\"614e48\" style=\"--dominant-color: #614e48;\" \/>                <\/div>\n                <div class=\"post-details\">\n                    <span class=\"also-read\">\u010ct\u011bte tak\u00e9:<\/span>\n                    <h3 class=\"hed\">Ples rozh\u00fdbal Brno. Sam\u00e1 noblesa, nov\u00e9 l\u00e1sky i hv\u011bzdy, co se nezastav\u00ed<\/h3>\n                <\/div>\n            <\/a>\n            ","protected":false},"excerpt":{"rendered":"<p>Jsou spolu v\u00edce ne\u017e \u010dty\u0159icet let a na rozvod nikdy nepomysleli. Marek Eben a jeho man\u017eelka ka\u017ed\u00fd den dokazuj\u00ed, \u017ee l\u00e1ska dok\u00e1\u017ee p\u0159est\u00e1t i ty nejhor\u0161\u00ed zkou\u0161ky.\u00a0<\/p>\n","protected":false},"author":4,"featured_media":9180,"comment_status":"open","ping_status":"closed","sticky":false,"template":"","format":"standard","meta":{"_yoast_wpseo_title":"Man\u017eel\u00e9 Ebenovi: P\u0159ekonali ztr\u00e1tu d\u00edt\u011bte i t\u011b\u017ekou nemoc","_yoast_wpseo_metadesc":"Man\u017eelstv\u00ed Marka a Mark\u00e9ty Ebenov\u00fdch trv\u00e1 u\u017e p\u0159es \u010dty\u0159icet let. Jsou p\u0159\u00edkladem toho, \u017ee l\u00e1ska dok\u00e1\u017ee p\u0159ekonat i ty nejv\u011bt\u0161\u00ed \u017eivotn\u00ed zkou\u0161ky.","footnotes":""},"categories":[1059],"tags":[562,44,230,6747,6748,2115,29,553,99,489,11],"class_list":["post-9179","post","type-post","status-publish","format-standard","has-post-thumbnail","hentry","category-celebrity","tag-ceska-celebrita","tag-herec","tag-manzelstvi","tag-marek-eben","tag-marketa-fiserova","tag-moderator","tag-nemoc","tag-partnerstvi","tag-rodina","tag-zdravotni-potize","tag-zpevak"],"yoast_head":"<!-- This site is optimized with the Yoast SEO plugin v27.5 - https:\/\/yoast.com\/product\/yoast-seo-wordpress\/ -->\n<title>Man\u017eel\u00e9 Ebenovi: P\u0159ekonali ztr\u00e1tu d\u00edt\u011bte i t\u011b\u017ekou nemoc<\/title>\n<meta name=\"description\" content=\"Man\u017eelstv\u00ed Marka a Mark\u00e9ty Ebenov\u00fdch trv\u00e1 u\u017e p\u0159es \u010dty\u0159icet let. Jsou p\u0159\u00edkladem toho, \u017ee l\u00e1ska dok\u00e1\u017ee p\u0159ekonat i ty nejv\u011bt\u0161\u00ed \u017eivotn\u00ed zkou\u0161ky.\" \/>\n<meta name=\"robots\" content=\"index, follow, max-snippet:-1, max-image-preview:large, max-video-preview:-1\" \/>\n<link rel=\"canonical\" href=\"https:\/\/www.karaoketexty.cz\/magazin\/manzelstvi-marka-ebena-a-markety-fiserove-pribeh-lasky-ktera-obstala-v-nejtezsich-zkouskach\/\" \/>\n<meta property=\"og:locale\" content=\"cs_CZ\" \/>\n<meta property=\"og:type\" content=\"article\" \/>\n<meta property=\"og:title\" content=\"Man\u017eel\u00e9 Ebenovi: P\u0159ekonali ztr\u00e1tu d\u00edt\u011bte i t\u011b\u017ekou nemoc\" \/>\n<meta property=\"og:description\" content=\"Man\u017eelstv\u00ed Marka a Mark\u00e9ty Ebenov\u00fdch trv\u00e1 u\u017e p\u0159es \u010dty\u0159icet let. Jsou p\u0159\u00edkladem toho, \u017ee l\u00e1ska dok\u00e1\u017ee p\u0159ekonat i ty nejv\u011bt\u0161\u00ed \u017eivotn\u00ed zkou\u0161ky.\" \/>\n<meta property=\"og:url\" content=\"https:\/\/www.karaoketexty.cz\/magazin\/manzelstvi-marka-ebena-a-markety-fiserove-pribeh-lasky-ktera-obstala-v-nejtezsich-zkouskach\/\" \/>\n<meta property=\"og:site_name\" content=\"Stars Magaz\u00edn Karaoketexty.cz\" \/>\n<meta property=\"article:published_time\" content=\"2026-03-16T05:03:00+00:00\" \/>\n<meta property=\"og:image\" content=\"https:\/\/www.karaoketexty.cz\/magazin\/wp-content\/uploads\/2026\/03\/marek-eben.jpg\" \/>\n\t<meta property=\"og:image:width\" content=\"1200\" \/>\n\t<meta property=\"og:image:height\" content=\"675\" \/>\n\t<meta property=\"og:image:type\" content=\"image\/jpeg\" \/>\n<meta name=\"author\" content=\"Barbora Kop\u0159ivov\u00e1\" \/>\n<meta name=\"twitter:card\" content=\"summary_large_image\" \/>\n<meta name=\"twitter:label1\" content=\"Napsal(a)\" \/>\n\t<meta name=\"twitter:data1\" content=\"Barbora Kop\u0159ivov\u00e1\" \/>\n\t<meta name=\"twitter:label2\" content=\"Odhadovan\u00e1 doba \u010dten\u00ed\" \/>\n\t<meta name=\"twitter:data2\" content=\"3 minuty\" \/>\n<script type=\"application\/ld+json\" class=\"yoast-schema-graph\">{\"@context\":\"https:\\\/\\\/schema.org\",\"@graph\":[{\"@type\":\"Article\",\"@id\":\"https:\\\/\\\/www.karaoketexty.cz\\\/magazin\\\/manzelstvi-marka-ebena-a-markety-fiserove-pribeh-lasky-ktera-obstala-v-nejtezsich-zkouskach\\\/#article\",\"isPartOf\":{\"@id\":\"https:\\\/\\\/www.karaoketexty.cz\\\/magazin\\\/manzelstvi-marka-ebena-a-markety-fiserove-pribeh-lasky-ktera-obstala-v-nejtezsich-zkouskach\\\/\"},\"author\":{\"name\":\"Barbora Kop\u0159ivov\u00e1\",\"@id\":\"https:\\\/\\\/www.karaoketexty.cz\\\/magazin\\\/#\\\/schema\\\/person\\\/37c0164a04038267c8a56ad6d60df749\"},\"headline\":\"Man\u017eelstv\u00ed Marka Ebena a Mark\u00e9ty Fi\u0161erov\u00e9: P\u0159\u00edb\u011bh l\u00e1sky, kter\u00e1 obst\u00e1la v nejt\u011b\u017e\u0161\u00edch zkou\u0161k\u00e1ch\",\"datePublished\":\"2026-03-16T05:03:00+00:00\",\"mainEntityOfPage\":{\"@id\":\"https:\\\/\\\/www.karaoketexty.cz\\\/magazin\\\/manzelstvi-marka-ebena-a-markety-fiserove-pribeh-lasky-ktera-obstala-v-nejtezsich-zkouskach\\\/\"},\"wordCount\":672,\"commentCount\":0,\"image\":{\"@id\":\"https:\\\/\\\/www.karaoketexty.cz\\\/magazin\\\/manzelstvi-marka-ebena-a-markety-fiserove-pribeh-lasky-ktera-obstala-v-nejtezsich-zkouskach\\\/#primaryimage\"},\"thumbnailUrl\":\"https:\\\/\\\/www.karaoketexty.cz\\\/magazin\\\/wp-content\\\/uploads\\\/2026\\\/03\\\/marek-eben.jpg\",\"keywords\":[\"\u010desk\u00e1 celebrita\",\"Herec\",\"Man\u017eelstv\u00ed\",\"Marek Eben\",\"Mark\u00e9ta Fi\u0161erov\u00e1\",\"moder\u00e1tor\",\"Nemoc\",\"partnerstv\u00ed\",\"Rodina\",\"zdravotn\u00ed pot\u00ed\u017ee\",\"Zp\u011bv\u00e1k\"],\"articleSection\":[\"Celebrity\"],\"inLanguage\":\"cs\",\"potentialAction\":[{\"@type\":\"CommentAction\",\"name\":\"Comment\",\"target\":[\"https:\\\/\\\/www.karaoketexty.cz\\\/magazin\\\/manzelstvi-marka-ebena-a-markety-fiserove-pribeh-lasky-ktera-obstala-v-nejtezsich-zkouskach\\\/#respond\"]}]},{\"@type\":\"WebPage\",\"@id\":\"https:\\\/\\\/www.karaoketexty.cz\\\/magazin\\\/manzelstvi-marka-ebena-a-markety-fiserove-pribeh-lasky-ktera-obstala-v-nejtezsich-zkouskach\\\/\",\"url\":\"https:\\\/\\\/www.karaoketexty.cz\\\/magazin\\\/manzelstvi-marka-ebena-a-markety-fiserove-pribeh-lasky-ktera-obstala-v-nejtezsich-zkouskach\\\/\",\"name\":\"Man\u017eel\u00e9 Ebenovi: P\u0159ekonali ztr\u00e1tu d\u00edt\u011bte i t\u011b\u017ekou nemoc\",\"isPartOf\":{\"@id\":\"https:\\\/\\\/www.karaoketexty.cz\\\/magazin\\\/#website\"},\"primaryImageOfPage\":{\"@id\":\"https:\\\/\\\/www.karaoketexty.cz\\\/magazin\\\/manzelstvi-marka-ebena-a-markety-fiserove-pribeh-lasky-ktera-obstala-v-nejtezsich-zkouskach\\\/#primaryimage\"},\"image\":{\"@id\":\"https:\\\/\\\/www.karaoketexty.cz\\\/magazin\\\/manzelstvi-marka-ebena-a-markety-fiserove-pribeh-lasky-ktera-obstala-v-nejtezsich-zkouskach\\\/#primaryimage\"},\"thumbnailUrl\":\"https:\\\/\\\/www.karaoketexty.cz\\\/magazin\\\/wp-content\\\/uploads\\\/2026\\\/03\\\/marek-eben.jpg\",\"datePublished\":\"2026-03-16T05:03:00+00:00\",\"author\":{\"@id\":\"https:\\\/\\\/www.karaoketexty.cz\\\/magazin\\\/#\\\/schema\\\/person\\\/37c0164a04038267c8a56ad6d60df749\"},\"description\":\"Man\u017eelstv\u00ed Marka a Mark\u00e9ty Ebenov\u00fdch trv\u00e1 u\u017e p\u0159es \u010dty\u0159icet let. Jsou p\u0159\u00edkladem toho, \u017ee l\u00e1ska dok\u00e1\u017ee p\u0159ekonat i ty nejv\u011bt\u0161\u00ed \u017eivotn\u00ed zkou\u0161ky.\",\"breadcrumb\":{\"@id\":\"https:\\\/\\\/www.karaoketexty.cz\\\/magazin\\\/manzelstvi-marka-ebena-a-markety-fiserove-pribeh-lasky-ktera-obstala-v-nejtezsich-zkouskach\\\/#breadcrumb\"},\"inLanguage\":\"cs\",\"potentialAction\":[{\"@type\":\"ReadAction\",\"target\":[\"https:\\\/\\\/www.karaoketexty.cz\\\/magazin\\\/manzelstvi-marka-ebena-a-markety-fiserove-pribeh-lasky-ktera-obstala-v-nejtezsich-zkouskach\\\/\"]}]},{\"@type\":\"ImageObject\",\"inLanguage\":\"cs\",\"@id\":\"https:\\\/\\\/www.karaoketexty.cz\\\/magazin\\\/manzelstvi-marka-ebena-a-markety-fiserove-pribeh-lasky-ktera-obstala-v-nejtezsich-zkouskach\\\/#primaryimage\",\"url\":\"https:\\\/\\\/www.karaoketexty.cz\\\/magazin\\\/wp-content\\\/uploads\\\/2026\\\/03\\\/marek-eben.jpg\",\"contentUrl\":\"https:\\\/\\\/www.karaoketexty.cz\\\/magazin\\\/wp-content\\\/uploads\\\/2026\\\/03\\\/marek-eben.jpg\",\"width\":1200,\"height\":675,\"caption\":\"Zdroj: Nextfoto, Marek Eben na TK k sv\u00e1te\u010dn\u00edmu programu \u010cesk\u00e9 televize\"},{\"@type\":\"BreadcrumbList\",\"@id\":\"https:\\\/\\\/www.karaoketexty.cz\\\/magazin\\\/manzelstvi-marka-ebena-a-markety-fiserove-pribeh-lasky-ktera-obstala-v-nejtezsich-zkouskach\\\/#breadcrumb\",\"itemListElement\":[{\"@type\":\"ListItem\",\"position\":1,\"name\":\"Dom\u016f\",\"item\":\"https:\\\/\\\/www.karaoketexty.cz\\\/magazin\\\/\"},{\"@type\":\"ListItem\",\"position\":2,\"name\":\"Man\u017eelstv\u00ed Marka Ebena a Mark\u00e9ty Fi\u0161erov\u00e9: P\u0159\u00edb\u011bh l\u00e1sky, kter\u00e1 obst\u00e1la v nejt\u011b\u017e\u0161\u00edch zkou\u0161k\u00e1ch\"}]},{\"@type\":\"WebSite\",\"@id\":\"https:\\\/\\\/www.karaoketexty.cz\\\/magazin\\\/#website\",\"url\":\"https:\\\/\\\/www.karaoketexty.cz\\\/magazin\\\/\",\"name\":\"Stars Magaz\u00edn Karaoketexty.cz\",\"description\":\"Stars Magaz\u00edn na Karaoketexty.cz je zam\u011b\u0159en\u00fd na novinky ze sv\u011bta hudby a celebrit. Obsahuje \u010dl\u00e1nky o zp\u011bv\u00e1c\u00edch, kapel\u00e1ch, nov\u00fdch albech, hudebn\u00edch trendech a dal\u0161\u00edch zaj\u00edmavostech z hudebn\u00edho pr\u016fmyslu.\",\"potentialAction\":[{\"@type\":\"SearchAction\",\"target\":{\"@type\":\"EntryPoint\",\"urlTemplate\":\"https:\\\/\\\/www.karaoketexty.cz\\\/magazin\\\/?s={search_term_string}\"},\"query-input\":{\"@type\":\"PropertyValueSpecification\",\"valueRequired\":true,\"valueName\":\"search_term_string\"}}],\"inLanguage\":\"cs\"},{\"@type\":\"Person\",\"@id\":\"https:\\\/\\\/www.karaoketexty.cz\\\/magazin\\\/#\\\/schema\\\/person\\\/37c0164a04038267c8a56ad6d60df749\",\"name\":\"Barbora Kop\u0159ivov\u00e1\",\"image\":{\"@type\":\"ImageObject\",\"inLanguage\":\"cs\",\"@id\":\"https:\\\/\\\/secure.gravatar.com\\\/avatar\\\/ad2ef9810228386d580851ef4bdde76abaa96054ff5b068c8873bc91afb2df84?s=96&d=mm&r=g\",\"url\":\"https:\\\/\\\/secure.gravatar.com\\\/avatar\\\/ad2ef9810228386d580851ef4bdde76abaa96054ff5b068c8873bc91afb2df84?s=96&d=mm&r=g\",\"contentUrl\":\"https:\\\/\\\/secure.gravatar.com\\\/avatar\\\/ad2ef9810228386d580851ef4bdde76abaa96054ff5b068c8873bc91afb2df84?s=96&d=mm&r=g\",\"caption\":\"Barbora Kop\u0159ivov\u00e1\"},\"url\":\"https:\\\/\\\/www.karaoketexty.cz\\\/magazin\\\/author\\\/barborakoprivova\\\/\"}]}<\/script>\n<!-- \/ Yoast SEO plugin. -->","yoast_head_json":{"title":"Man\u017eel\u00e9 Ebenovi: P\u0159ekonali ztr\u00e1tu d\u00edt\u011bte i t\u011b\u017ekou nemoc","description":"Man\u017eelstv\u00ed Marka a Mark\u00e9ty Ebenov\u00fdch trv\u00e1 u\u017e p\u0159es \u010dty\u0159icet let. Jsou p\u0159\u00edkladem toho, \u017ee l\u00e1ska dok\u00e1\u017ee p\u0159ekonat i ty nejv\u011bt\u0161\u00ed \u017eivotn\u00ed zkou\u0161ky.","robots":{"index":"index","follow":"follow","max-snippet":"max-snippet:-1","max-image-preview":"max-image-preview:large","max-video-preview":"max-video-preview:-1"},"canonical":"https:\/\/www.karaoketexty.cz\/magazin\/manzelstvi-marka-ebena-a-markety-fiserove-pribeh-lasky-ktera-obstala-v-nejtezsich-zkouskach\/","og_locale":"cs_CZ","og_type":"article","og_title":"Man\u017eel\u00e9 Ebenovi: P\u0159ekonali ztr\u00e1tu d\u00edt\u011bte i t\u011b\u017ekou nemoc","og_description":"Man\u017eelstv\u00ed Marka a Mark\u00e9ty Ebenov\u00fdch trv\u00e1 u\u017e p\u0159es \u010dty\u0159icet let. Jsou p\u0159\u00edkladem toho, \u017ee l\u00e1ska dok\u00e1\u017ee p\u0159ekonat i ty nejv\u011bt\u0161\u00ed \u017eivotn\u00ed zkou\u0161ky.","og_url":"https:\/\/www.karaoketexty.cz\/magazin\/manzelstvi-marka-ebena-a-markety-fiserove-pribeh-lasky-ktera-obstala-v-nejtezsich-zkouskach\/","og_site_name":"Stars Magaz\u00edn Karaoketexty.cz","article_published_time":"2026-03-16T05:03:00+00:00","og_image":[{"width":1200,"height":675,"url":"https:\/\/www.karaoketexty.cz\/magazin\/wp-content\/uploads\/2026\/03\/marek-eben.jpg","type":"image\/jpeg"}],"author":"Barbora Kop\u0159ivov\u00e1","twitter_card":"summary_large_image","twitter_misc":{"Napsal(a)":"Barbora Kop\u0159ivov\u00e1","Odhadovan\u00e1 doba \u010dten\u00ed":"3 minuty"},"schema":{"@context":"https:\/\/schema.org","@graph":[{"@type":"Article","@id":"https:\/\/www.karaoketexty.cz\/magazin\/manzelstvi-marka-ebena-a-markety-fiserove-pribeh-lasky-ktera-obstala-v-nejtezsich-zkouskach\/#article","isPartOf":{"@id":"https:\/\/www.karaoketexty.cz\/magazin\/manzelstvi-marka-ebena-a-markety-fiserove-pribeh-lasky-ktera-obstala-v-nejtezsich-zkouskach\/"},"author":{"name":"Barbora Kop\u0159ivov\u00e1","@id":"https:\/\/www.karaoketexty.cz\/magazin\/#\/schema\/person\/37c0164a04038267c8a56ad6d60df749"},"headline":"Man\u017eelstv\u00ed Marka Ebena a Mark\u00e9ty Fi\u0161erov\u00e9: P\u0159\u00edb\u011bh l\u00e1sky, kter\u00e1 obst\u00e1la v nejt\u011b\u017e\u0161\u00edch zkou\u0161k\u00e1ch","datePublished":"2026-03-16T05:03:00+00:00","mainEntityOfPage":{"@id":"https:\/\/www.karaoketexty.cz\/magazin\/manzelstvi-marka-ebena-a-markety-fiserove-pribeh-lasky-ktera-obstala-v-nejtezsich-zkouskach\/"},"wordCount":672,"commentCount":0,"image":{"@id":"https:\/\/www.karaoketexty.cz\/magazin\/manzelstvi-marka-ebena-a-markety-fiserove-pribeh-lasky-ktera-obstala-v-nejtezsich-zkouskach\/#primaryimage"},"thumbnailUrl":"https:\/\/www.karaoketexty.cz\/magazin\/wp-content\/uploads\/2026\/03\/marek-eben.jpg","keywords":["\u010desk\u00e1 celebrita","Herec","Man\u017eelstv\u00ed","Marek Eben","Mark\u00e9ta Fi\u0161erov\u00e1","moder\u00e1tor","Nemoc","partnerstv\u00ed","Rodina","zdravotn\u00ed pot\u00ed\u017ee","Zp\u011bv\u00e1k"],"articleSection":["Celebrity"],"inLanguage":"cs","potentialAction":[{"@type":"CommentAction","name":"Comment","target":["https:\/\/www.karaoketexty.cz\/magazin\/manzelstvi-marka-ebena-a-markety-fiserove-pribeh-lasky-ktera-obstala-v-nejtezsich-zkouskach\/#respond"]}]},{"@type":"WebPage","@id":"https:\/\/www.karaoketexty.cz\/magazin\/manzelstvi-marka-ebena-a-markety-fiserove-pribeh-lasky-ktera-obstala-v-nejtezsich-zkouskach\/","url":"https:\/\/www.karaoketexty.cz\/magazin\/manzelstvi-marka-ebena-a-markety-fiserove-pribeh-lasky-ktera-obstala-v-nejtezsich-zkouskach\/","name":"Man\u017eel\u00e9 Ebenovi: P\u0159ekonali ztr\u00e1tu d\u00edt\u011bte i t\u011b\u017ekou nemoc","isPartOf":{"@id":"https:\/\/www.karaoketexty.cz\/magazin\/#website"},"primaryImageOfPage":{"@id":"https:\/\/www.karaoketexty.cz\/magazin\/manzelstvi-marka-ebena-a-markety-fiserove-pribeh-lasky-ktera-obstala-v-nejtezsich-zkouskach\/#primaryimage"},"image":{"@id":"https:\/\/www.karaoketexty.cz\/magazin\/manzelstvi-marka-ebena-a-markety-fiserove-pribeh-lasky-ktera-obstala-v-nejtezsich-zkouskach\/#primaryimage"},"thumbnailUrl":"https:\/\/www.karaoketexty.cz\/magazin\/wp-content\/uploads\/2026\/03\/marek-eben.jpg","datePublished":"2026-03-16T05:03:00+00:00","author":{"@id":"https:\/\/www.karaoketexty.cz\/magazin\/#\/schema\/person\/37c0164a04038267c8a56ad6d60df749"},"description":"Man\u017eelstv\u00ed Marka a Mark\u00e9ty Ebenov\u00fdch trv\u00e1 u\u017e p\u0159es \u010dty\u0159icet let. Jsou p\u0159\u00edkladem toho, \u017ee l\u00e1ska dok\u00e1\u017ee p\u0159ekonat i ty nejv\u011bt\u0161\u00ed \u017eivotn\u00ed zkou\u0161ky.","breadcrumb":{"@id":"https:\/\/www.karaoketexty.cz\/magazin\/manzelstvi-marka-ebena-a-markety-fiserove-pribeh-lasky-ktera-obstala-v-nejtezsich-zkouskach\/#breadcrumb"},"inLanguage":"cs","potentialAction":[{"@type":"ReadAction","target":["https:\/\/www.karaoketexty.cz\/magazin\/manzelstvi-marka-ebena-a-markety-fiserove-pribeh-lasky-ktera-obstala-v-nejtezsich-zkouskach\/"]}]},{"@type":"ImageObject","inLanguage":"cs","@id":"https:\/\/www.karaoketexty.cz\/magazin\/manzelstvi-marka-ebena-a-markety-fiserove-pribeh-lasky-ktera-obstala-v-nejtezsich-zkouskach\/#primaryimage","url":"https:\/\/www.karaoketexty.cz\/magazin\/wp-content\/uploads\/2026\/03\/marek-eben.jpg","contentUrl":"https:\/\/www.karaoketexty.cz\/magazin\/wp-content\/uploads\/2026\/03\/marek-eben.jpg","width":1200,"height":675,"caption":"Zdroj: Nextfoto, Marek Eben na TK k sv\u00e1te\u010dn\u00edmu programu \u010cesk\u00e9 televize"},{"@type":"BreadcrumbList","@id":"https:\/\/www.karaoketexty.cz\/magazin\/manzelstvi-marka-ebena-a-markety-fiserove-pribeh-lasky-ktera-obstala-v-nejtezsich-zkouskach\/#breadcrumb","itemListElement":[{"@type":"ListItem","position":1,"name":"Dom\u016f","item":"https:\/\/www.karaoketexty.cz\/magazin\/"},{"@type":"ListItem","position":2,"name":"Man\u017eelstv\u00ed Marka Ebena a Mark\u00e9ty Fi\u0161erov\u00e9: P\u0159\u00edb\u011bh l\u00e1sky, kter\u00e1 obst\u00e1la v nejt\u011b\u017e\u0161\u00edch zkou\u0161k\u00e1ch"}]},{"@type":"WebSite","@id":"https:\/\/www.karaoketexty.cz\/magazin\/#website","url":"https:\/\/www.karaoketexty.cz\/magazin\/","name":"Stars Magaz\u00edn Karaoketexty.cz","description":"Stars Magaz\u00edn na Karaoketexty.cz je zam\u011b\u0159en\u00fd na novinky ze sv\u011bta hudby a celebrit. Obsahuje \u010dl\u00e1nky o zp\u011bv\u00e1c\u00edch, kapel\u00e1ch, nov\u00fdch albech, hudebn\u00edch trendech a dal\u0161\u00edch zaj\u00edmavostech z hudebn\u00edho pr\u016fmyslu.","potentialAction":[{"@type":"SearchAction","target":{"@type":"EntryPoint","urlTemplate":"https:\/\/www.karaoketexty.cz\/magazin\/?s={search_term_string}"},"query-input":{"@type":"PropertyValueSpecification","valueRequired":true,"valueName":"search_term_string"}}],"inLanguage":"cs"},{"@type":"Person","@id":"https:\/\/www.karaoketexty.cz\/magazin\/#\/schema\/person\/37c0164a04038267c8a56ad6d60df749","name":"Barbora Kop\u0159ivov\u00e1","image":{"@type":"ImageObject","inLanguage":"cs","@id":"https:\/\/secure.gravatar.com\/avatar\/ad2ef9810228386d580851ef4bdde76abaa96054ff5b068c8873bc91afb2df84?s=96&d=mm&r=g","url":"https:\/\/secure.gravatar.com\/avatar\/ad2ef9810228386d580851ef4bdde76abaa96054ff5b068c8873bc91afb2df84?s=96&d=mm&r=g","contentUrl":"https:\/\/secure.gravatar.com\/avatar\/ad2ef9810228386d580851ef4bdde76abaa96054ff5b068c8873bc91afb2df84?s=96&d=mm&r=g","caption":"Barbora Kop\u0159ivov\u00e1"},"url":"https:\/\/www.karaoketexty.cz\/magazin\/author\/barborakoprivova\/"}]}},"_links":{"self":[{"href":"https:\/\/www.karaoketexty.cz\/magazin\/wp-json\/wp\/v2\/posts\/9179","targetHints":{"allow":["GET"]}}],"collection":[{"href":"https:\/\/www.karaoketexty.cz\/magazin\/wp-json\/wp\/v2\/posts"}],"about":[{"href":"https:\/\/www.karaoketexty.cz\/magazin\/wp-json\/wp\/v2\/types\/post"}],"author":[{"embeddable":true,"href":"https:\/\/www.karaoketexty.cz\/magazin\/wp-json\/wp\/v2\/users\/4"}],"replies":[{"embeddable":true,"href":"https:\/\/www.karaoketexty.cz\/magazin\/wp-json\/wp\/v2\/comments?post=9179"}],"version-history":[{"count":7,"href":"https:\/\/www.karaoketexty.cz\/magazin\/wp-json\/wp\/v2\/posts\/9179\/revisions"}],"predecessor-version":[{"id":9265,"href":"https:\/\/www.karaoketexty.cz\/magazin\/wp-json\/wp\/v2\/posts\/9179\/revisions\/9265"}],"wp:featuredmedia":[{"embeddable":true,"href":"https:\/\/www.karaoketexty.cz\/magazin\/wp-json\/wp\/v2\/media\/9180"}],"wp:attachment":[{"href":"https:\/\/www.karaoketexty.cz\/magazin\/wp-json\/wp\/v2\/media?parent=9179"}],"wp:term":[{"taxonomy":"category","embeddable":true,"href":"https:\/\/www.karaoketexty.cz\/magazin\/wp-json\/wp\/v2\/categories?post=9179"},{"taxonomy":"post_tag","embeddable":true,"href":"https:\/\/www.karaoketexty.cz\/magazin\/wp-json\/wp\/v2\/tags?post=9179"}],"curies":[{"name":"wp","href":"https:\/\/api.w.org\/{rel}","templated":true}]}}