{"id":9176,"date":"2026-03-17T06:02:00","date_gmt":"2026-03-17T05:02:00","guid":{"rendered":"https:\/\/www.karaoketexty.cz\/magazin\/?p=9176"},"modified":"2026-03-16T09:08:38","modified_gmt":"2026-03-16T08:08:38","slug":"petra-cernocka-vlastni-na-severu-cech-chalupu","status":"publish","type":"post","link":"https:\/\/www.karaoketexty.cz\/magazin\/petra-cernocka-vlastni-na-severu-cech-chalupu\/","title":{"rendered":"Staro\u010desk\u00e1 chaloupka \u201eSaxany\u201c Petry \u010cernock\u00e9: Po smrti otce o ni bojovala s bratrem"},"content":{"rendered":"\n<p><strong>Na chalup\u011b na severu \u010cech str\u00e1vila \u201eSaxana\u201c v\u011bt\u0161inu d\u011btstv\u00ed. O rodinn\u00fd poklad posl\u00e9ze nev\u00e1hala bojovat ani s bratrem.<\/strong><\/p>\n\n\n\n<p>Do chalupy v obci Kytlice jezd\u00edvala s rodi\u010di a bratrem here\u010dka Petra \u010cernock\u00e1 u\u017e coby d\u00edt\u011b. Lze se j\u00ed tedy jen t\u011b\u017eko divit, \u017ee se nemovitosti necht\u011bla vzd\u00e1t ani po otcov\u011b smrti. A dob\u0159e ud\u011blala, chalupu si pozd\u011bji zamiloval i jej\u00ed man\u017eel a dcera. Na Karaoketexty jsme se na jej\u00ed druh\u00fd domov pod\u00edvali bl\u00ed\u017ee.<\/p>\n\n\n<!-- karaoketexty.cz \/ rectangle2 -->\n<div id=\"PX_37086_709110796310826\"><\/div>\n<script>\n   if(!useMobileAds && !boolUseSeznamAds && !hideAllAds){\n     window.px2 = window.px2 || { conf: {},queue: [] };\n     px2.queue.push(function () {\n        px2.render({\n           slot: {\n              id: 37086\n           },\n            elem: \"PX_37086_709110796310826\"\n        })\n     });\n  }\n<\/script>\n\n<!-- karaoketexty.cz \/ mobile-rectangle3 -->\n<div id=\"PX_37044_714599773297004\"><\/div>\n<script>\n   if(useMobileAds && !boolUseSeznamAds && !hideAllAds){\nwindow.px2 = window.px2 || { conf: {},queue: [] };\npx2.queue.push(function () {\n\tpx2.render({\n\t\tslot: {\n\t\t\tid: 37044\n\t\t},\n\t\telem: \"PX_37044_714599773297004\"\n\t})\n});\n}\n<\/script>\n\n\n<h2 class=\"wp-block-heading\">Chalupu jim dohodil Vlastimil Brodsk\u00fd<\/h2>\n\n\n\n<p>Bylo kr\u00e1tce po v\u00e1lce, kdy\u017e herec Vlastimil Brodsk\u00fd zakoupil v&nbsp;malebn\u00e9 obci Kytlice staven\u00ed. Vesnice, le\u017e\u00edc\u00ed na severu \u010cech, byla ale vylidn\u011bn\u00e1, co\u017e se Brodsk\u00e9mu p\u0159\u00edli\u0161 nel\u00edbilo. A tak se podle jeho sest\u0159enice Petry \u010cernock\u00e9 sna\u017eil do bl\u00edzk\u00e9ho okol\u00ed \u201ep\u0159est\u011bhovat\u201c zn\u00e1m\u00e9<strong> <\/strong>a kamar\u00e1dy, jak uvedla pro CNN Prima News. A \u017ee se mu to poda\u0159ilo! Dokonce i otec \u010cernock\u00e9 zde koupil chalupu, kterou vlastn\u00ed rodina dodnes.<\/p>\n\n\n\n<p>A to i p\u0159esto, \u017ee doprava na odlehlou nemovitost nebyla jednoduch\u00e1. \u010cernock\u00e1 na ji jezdila u\u017e jako d\u00edt\u011b \u2013 zat\u00edmco ona s&nbsp;maminkou doj\u00ed\u017ed\u011bla vlakem, otec br\u00e1val jej\u00edho bratra na motorce. Pr\u00e1v\u011b i nostalgie pozd\u011bji zp\u016fsobila, \u017ee si \u010cernock\u00e1 cht\u011bla chalupu nechat i po smrti tat\u00ednka. Jej\u00ed bratr byl podle webu Blesk ale proti. Mezi sourozenci tak vypukl boj, kter\u00fd na\u0161t\u011bst\u00ed skon\u010dil ke spokojenosti v\u0161ech. \u010cernock\u00e1 si chalupu, kde v&nbsp;danou dobu pob\u00fdvala trvale i nevlastn\u00ed maminka sourozenc\u016f, nechala a sv\u00e9ho bratra vyplatila. Zl\u00e1 krev mezi nimi ale z\u016fstala i pot\u00e9.<\/p>\n\n\n<!-- karaoketexty.cz \/ interscroller1 -->\n\n<div id=\"PX_37041_825057871452834\"><\/div>\n<script>\nif(useMobileAds && !boolUseSeznamAds && !hideAllAds){\n\twindow.px2 = window.px2 || { conf: {},queue: [] };\n\tpx2.queue.push(function () {\n\t\tpx2.render({\n\t\t\tslot: {\n\t\t\t\tid: 37041\n\t\t\t},\n\t\t\telem: \"PX_37041_825057871452834\"\n\t\t})\n\t});\n}\n<\/script>\n\n\n<h2 class=\"wp-block-heading\">Chaloupka pln\u00e1 origin\u00e1l\u016f<\/h2>\n\n\n\n<p>Lze se jen t\u011b\u017eko divit, \u017ee se here\u010dka necht\u011bla chaloupky vzd\u00e1t. Krom\u011b toho, \u017ee tu v&nbsp;podstat\u011b vyrostla, pr\u00e1v\u011b zde podle webu iDnes stvrdila s\u0148atkem vztah s&nbsp;Ji\u0159\u00edm Pracn\u00fdm. A i on brzy m\u00edstu propadl, dokonce na chalupu nyn\u00ed jezd\u00ed v\u00edce ne\u017e sama here\u010dka. Vztah k&nbsp;zachoval\u00e9 chalup\u011b n\u00e1sledn\u011b z\u00edskala i jejich dcera.<\/p>\n\n\n\n<p>A p\u0159esto\u017ee se o nemovitost here\u010dka dob\u0159e star\u00e1 a neust\u00e1le ji zvelebuje, sna\u017e\u00ed se o zachov\u00e1n\u00ed jej\u00edho staro\u010desk\u00e9ho r\u00e1zu.<strong> <\/strong>P\u0159esto\u017ee tedy vevnit\u0159 najdete jak novou koupelnu, tak funk\u010dn\u00ed kuchyni, v\u0161e je v&nbsp;d\u0159ev\u011bn\u00e9m dekoru. \u010cernock\u00e1 si tak\u00e9 d\u00e1v\u00e1 velk\u00fd pozor na to, jak\u00fd n\u00e1bytek \u201ep\u0159ejde p\u0159es pr\u00e1h\u201c. Potrp\u00ed si toti\u017e na staro\u017eitn\u00e9 a zaj\u00edmav\u00e9 kousky.<\/p>\n\n\n\n<p>Zdroje: Autorsk\u00fd text, <a href=\"https:\/\/www.idnes.cz\/bydleni\/na-navsteve\/petra-cernocka-chalupa-bydleni-slavnych-kytlice-herecka-zpevacka.A191001_121958_dum_osobnosti_web\" target=\"_blank\" rel=\"noreferrer noopener nofollow\">iDnes<\/a>, <a href=\"https:\/\/cnn.iprima.cz\/show-time\/saxana-petra-cernocka-ukazala-sve-letni-sidlo-v-typicky-staroceske-chalupe-nasla-raj-372886\" target=\"_blank\" rel=\"noreferrer noopener nofollow\">CNNPrimaNews<\/a>, <a href=\"https:\/\/www.blesk.cz\/clanek\/celebrity-ceske-celebrity\/673493\/znesvarene-vztahy-petry-cernocke-s-bratrem-boj-o-chalupu-nemluvi-spolu-roky.html\" target=\"_blank\" rel=\"noreferrer noopener nofollow\">Blesk<\/a><\/p>\n\n\n            <a href=\"https:\/\/www.karaoketexty.cz\/magazin\/oldrich-kaiser-prodaval-svou-roubenku\/\" class=\"related-post-link\">\n                <div class=\"post-thumbnail\">\n                    <img decoding=\"async\" width=\"250\" height=\"167\" src=\"https:\/\/www.karaoketexty.cz\/magazin\/wp-content\/uploads\/2026\/03\/oldrich-kaiser-dasa-vokata-e1773047307153.jpg\" class=\"attachment-250x180 size-250x180 not-transparent\" alt=\"Old\u0159ich Kaiser, D\u00e1\u0161a Vokat\u00e1\" srcset=\"https:\/\/www.karaoketexty.cz\/magazin\/wp-content\/uploads\/2026\/03\/oldrich-kaiser-dasa-vokata-e1773047307153.jpg 1200w, https:\/\/www.karaoketexty.cz\/magazin\/wp-content\/uploads\/2026\/03\/oldrich-kaiser-dasa-vokata-e1773047307153-300x201.jpg 300w, https:\/\/www.karaoketexty.cz\/magazin\/wp-content\/uploads\/2026\/03\/oldrich-kaiser-dasa-vokata-e1773047307153-1024x684.jpg 1024w, https:\/\/www.karaoketexty.cz\/magazin\/wp-content\/uploads\/2026\/03\/oldrich-kaiser-dasa-vokata-e1773047307153-768x513.jpg 768w, https:\/\/www.karaoketexty.cz\/magazin\/wp-content\/uploads\/2026\/03\/oldrich-kaiser-dasa-vokata-e1773047307153-800x533.jpg 800w\" sizes=\"(max-width: 250px) 100vw, 250px\" data-has-transparency=\"false\" data-dominant-color=\"898685\" style=\"--dominant-color: #898685;\" \/>                <\/div>\n                <div class=\"post-details\">\n                    <span class=\"also-read\">\u010ct\u011bte tak\u00e9:<\/span>\n                    <h3 class=\"hed\">Herec Old\u0159ich Kaiser prodal svou milovanou roubenku na Liberecku: M\u011bl to daleko z Rakouska<\/h3>\n                <\/div>\n            <\/a>\n            \n\n            <a href=\"https:\/\/www.karaoketexty.cz\/magazin\/kuba-ryba-si-splnil-dalsi-sen-koupil-hajenku-za-tri-minuty-a-konecne-nasel-misto-kde-muze-vypnout\/\" class=\"related-post-link\">\n                <div class=\"post-thumbnail\">\n                    <img decoding=\"async\" width=\"250\" height=\"167\" src=\"https:\/\/www.karaoketexty.cz\/magazin\/wp-content\/uploads\/2025\/09\/rybicky-48.jpg\" class=\"attachment-250x180 size-250x180 not-transparent\" alt=\"Kapela Rybi\u010dky 48\" srcset=\"https:\/\/www.karaoketexty.cz\/magazin\/wp-content\/uploads\/2025\/09\/rybicky-48.jpg 1200w, https:\/\/www.karaoketexty.cz\/magazin\/wp-content\/uploads\/2025\/09\/rybicky-48-300x200.jpg 300w, https:\/\/www.karaoketexty.cz\/magazin\/wp-content\/uploads\/2025\/09\/rybicky-48-1024x683.jpg 1024w, https:\/\/www.karaoketexty.cz\/magazin\/wp-content\/uploads\/2025\/09\/rybicky-48-768x512.jpg 768w, https:\/\/www.karaoketexty.cz\/magazin\/wp-content\/uploads\/2025\/09\/rybicky-48-800x533.jpg 800w\" sizes=\"(max-width: 250px) 100vw, 250px\" data-has-transparency=\"false\" data-dominant-color=\"523d3b\" style=\"--dominant-color: #523d3b;\" \/>                <\/div>\n                <div class=\"post-details\">\n                    <span class=\"also-read\">\u010ct\u011bte tak\u00e9:<\/span>\n                    <h3 class=\"hed\">Kuba Ryba si splnil dal\u0161\u00ed sen. Koupil h\u00e1jenku za t\u0159i minuty a kone\u010dn\u011b na\u0161el m\u00edsto, kde m\u016f\u017ee vypnout<\/h3>\n                <\/div>\n            <\/a>\n            ","protected":false},"excerpt":{"rendered":"<p>Na chalup\u011b na severu \u010cech str\u00e1vila \u201eSaxana\u201c v\u011bt\u0161inu d\u011btstv\u00ed. O rodinn\u00fd poklad posl\u00e9ze nev\u00e1hala bojovat ani s\u00a0bratrem.<\/p>\n","protected":false},"author":4,"featured_media":9177,"comment_status":"open","ping_status":"closed","sticky":false,"template":"","format":"standard","meta":{"_yoast_wpseo_title":"Chaloupka na severu \u010cech here\u010dky Petry \u010cernock\u00e9","_yoast_wpseo_metadesc":"V mal\u00e9 obci na severu \u010cech koupil kdysi otec Petry \u010cernock\u00e9 chalupu. Rodina si ji ponechala a doposud na ni jezd\u00ed.","footnotes":""},"categories":[1059],"tags":[59,562,94,2064,101,199,230,6759,99,6760,51],"class_list":["post-9176","post","type-post","status-publish","format-standard","has-post-thumbnail","hentry","category-celebrity","tag-bydleni-slavnych","tag-ceska-celebrita","tag-chalupa","tag-dcera","tag-deti","tag-herecka","tag-manzelstvi","tag-petra-cernocka","tag-rodina","tag-vlastimil-brodsky","tag-zpevacka"],"yoast_head":"<!-- This site is optimized with the Yoast SEO plugin v27.5 - https:\/\/yoast.com\/product\/yoast-seo-wordpress\/ -->\n<title>Chaloupka na severu \u010cech here\u010dky Petry \u010cernock\u00e9<\/title>\n<meta name=\"description\" content=\"V mal\u00e9 obci na severu \u010cech koupil kdysi otec Petry \u010cernock\u00e9 chalupu. Rodina si ji ponechala a doposud na ni jezd\u00ed.\" \/>\n<meta name=\"robots\" content=\"index, follow, max-snippet:-1, max-image-preview:large, max-video-preview:-1\" \/>\n<link rel=\"canonical\" href=\"https:\/\/www.karaoketexty.cz\/magazin\/petra-cernocka-vlastni-na-severu-cech-chalupu\/\" \/>\n<meta property=\"og:locale\" content=\"cs_CZ\" \/>\n<meta property=\"og:type\" content=\"article\" \/>\n<meta property=\"og:title\" content=\"Chaloupka na severu \u010cech here\u010dky Petry \u010cernock\u00e9\" \/>\n<meta property=\"og:description\" content=\"V mal\u00e9 obci na severu \u010cech koupil kdysi otec Petry \u010cernock\u00e9 chalupu. Rodina si ji ponechala a doposud na ni jezd\u00ed.\" \/>\n<meta property=\"og:url\" content=\"https:\/\/www.karaoketexty.cz\/magazin\/petra-cernocka-vlastni-na-severu-cech-chalupu\/\" \/>\n<meta property=\"og:site_name\" content=\"Stars Magaz\u00edn Karaoketexty.cz\" \/>\n<meta property=\"article:published_time\" content=\"2026-03-17T05:02:00+00:00\" \/>\n<meta property=\"og:image\" content=\"https:\/\/www.karaoketexty.cz\/magazin\/wp-content\/uploads\/2026\/03\/petra-cernocka.jpg\" \/>\n\t<meta property=\"og:image:width\" content=\"1200\" \/>\n\t<meta property=\"og:image:height\" content=\"854\" \/>\n\t<meta property=\"og:image:type\" content=\"image\/jpeg\" \/>\n<meta name=\"author\" content=\"Barbora Kop\u0159ivov\u00e1\" \/>\n<meta name=\"twitter:card\" content=\"summary_large_image\" \/>\n<meta name=\"twitter:label1\" content=\"Napsal(a)\" \/>\n\t<meta name=\"twitter:data1\" content=\"Barbora Kop\u0159ivov\u00e1\" \/>\n\t<meta name=\"twitter:label2\" content=\"Odhadovan\u00e1 doba \u010dten\u00ed\" \/>\n\t<meta name=\"twitter:data2\" content=\"3 minuty\" \/>\n<script type=\"application\/ld+json\" class=\"yoast-schema-graph\">{\"@context\":\"https:\\\/\\\/schema.org\",\"@graph\":[{\"@type\":\"Article\",\"@id\":\"https:\\\/\\\/www.karaoketexty.cz\\\/magazin\\\/petra-cernocka-vlastni-na-severu-cech-chalupu\\\/#article\",\"isPartOf\":{\"@id\":\"https:\\\/\\\/www.karaoketexty.cz\\\/magazin\\\/petra-cernocka-vlastni-na-severu-cech-chalupu\\\/\"},\"author\":{\"name\":\"Barbora Kop\u0159ivov\u00e1\",\"@id\":\"https:\\\/\\\/www.karaoketexty.cz\\\/magazin\\\/#\\\/schema\\\/person\\\/37c0164a04038267c8a56ad6d60df749\"},\"headline\":\"Staro\u010desk\u00e1 chaloupka \u201eSaxany\u201c Petry \u010cernock\u00e9: Po smrti otce o ni bojovala s bratrem\",\"datePublished\":\"2026-03-17T05:02:00+00:00\",\"mainEntityOfPage\":{\"@id\":\"https:\\\/\\\/www.karaoketexty.cz\\\/magazin\\\/petra-cernocka-vlastni-na-severu-cech-chalupu\\\/\"},\"wordCount\":463,\"commentCount\":0,\"image\":{\"@id\":\"https:\\\/\\\/www.karaoketexty.cz\\\/magazin\\\/petra-cernocka-vlastni-na-severu-cech-chalupu\\\/#primaryimage\"},\"thumbnailUrl\":\"https:\\\/\\\/www.karaoketexty.cz\\\/magazin\\\/wp-content\\\/uploads\\\/2026\\\/03\\\/petra-cernocka.jpg\",\"keywords\":[\"Bydlen\u00ed slavn\u00fdch\",\"\u010desk\u00e1 celebrita\",\"Chalupa\",\"dcera\",\"D\u011bti\",\"Here\u010dka\",\"Man\u017eelstv\u00ed\",\"Petra \u010cernock\u00e1\",\"Rodina\",\"Vlastimil Brodsk\u00fd\",\"Zp\u011bva\u010dka\"],\"articleSection\":[\"Celebrity\"],\"inLanguage\":\"cs\",\"potentialAction\":[{\"@type\":\"CommentAction\",\"name\":\"Comment\",\"target\":[\"https:\\\/\\\/www.karaoketexty.cz\\\/magazin\\\/petra-cernocka-vlastni-na-severu-cech-chalupu\\\/#respond\"]}]},{\"@type\":\"WebPage\",\"@id\":\"https:\\\/\\\/www.karaoketexty.cz\\\/magazin\\\/petra-cernocka-vlastni-na-severu-cech-chalupu\\\/\",\"url\":\"https:\\\/\\\/www.karaoketexty.cz\\\/magazin\\\/petra-cernocka-vlastni-na-severu-cech-chalupu\\\/\",\"name\":\"Chaloupka na severu \u010cech here\u010dky Petry \u010cernock\u00e9\",\"isPartOf\":{\"@id\":\"https:\\\/\\\/www.karaoketexty.cz\\\/magazin\\\/#website\"},\"primaryImageOfPage\":{\"@id\":\"https:\\\/\\\/www.karaoketexty.cz\\\/magazin\\\/petra-cernocka-vlastni-na-severu-cech-chalupu\\\/#primaryimage\"},\"image\":{\"@id\":\"https:\\\/\\\/www.karaoketexty.cz\\\/magazin\\\/petra-cernocka-vlastni-na-severu-cech-chalupu\\\/#primaryimage\"},\"thumbnailUrl\":\"https:\\\/\\\/www.karaoketexty.cz\\\/magazin\\\/wp-content\\\/uploads\\\/2026\\\/03\\\/petra-cernocka.jpg\",\"datePublished\":\"2026-03-17T05:02:00+00:00\",\"author\":{\"@id\":\"https:\\\/\\\/www.karaoketexty.cz\\\/magazin\\\/#\\\/schema\\\/person\\\/37c0164a04038267c8a56ad6d60df749\"},\"description\":\"V mal\u00e9 obci na severu \u010cech koupil kdysi otec Petry \u010cernock\u00e9 chalupu. Rodina si ji ponechala a doposud na ni jezd\u00ed.\",\"breadcrumb\":{\"@id\":\"https:\\\/\\\/www.karaoketexty.cz\\\/magazin\\\/petra-cernocka-vlastni-na-severu-cech-chalupu\\\/#breadcrumb\"},\"inLanguage\":\"cs\",\"potentialAction\":[{\"@type\":\"ReadAction\",\"target\":[\"https:\\\/\\\/www.karaoketexty.cz\\\/magazin\\\/petra-cernocka-vlastni-na-severu-cech-chalupu\\\/\"]}]},{\"@type\":\"ImageObject\",\"inLanguage\":\"cs\",\"@id\":\"https:\\\/\\\/www.karaoketexty.cz\\\/magazin\\\/petra-cernocka-vlastni-na-severu-cech-chalupu\\\/#primaryimage\",\"url\":\"https:\\\/\\\/www.karaoketexty.cz\\\/magazin\\\/wp-content\\\/uploads\\\/2026\\\/03\\\/petra-cernocka.jpg\",\"contentUrl\":\"https:\\\/\\\/www.karaoketexty.cz\\\/magazin\\\/wp-content\\\/uploads\\\/2026\\\/03\\\/petra-cernocka.jpg\",\"width\":1200,\"height\":854,\"caption\":\"Foto: NextFoto, V\u00fdstava 29. ro\u010dn\u00edku Salonu filmov\u00fdch klapek byla 10. 3. 2026 zah\u00e1jena v pra\u017esk\u00e9m N\u00e1rodn\u00edm muzeu.\"},{\"@type\":\"BreadcrumbList\",\"@id\":\"https:\\\/\\\/www.karaoketexty.cz\\\/magazin\\\/petra-cernocka-vlastni-na-severu-cech-chalupu\\\/#breadcrumb\",\"itemListElement\":[{\"@type\":\"ListItem\",\"position\":1,\"name\":\"Dom\u016f\",\"item\":\"https:\\\/\\\/www.karaoketexty.cz\\\/magazin\\\/\"},{\"@type\":\"ListItem\",\"position\":2,\"name\":\"Staro\u010desk\u00e1 chaloupka \u201eSaxany\u201c Petry \u010cernock\u00e9: Po smrti otce o ni bojovala s bratrem\"}]},{\"@type\":\"WebSite\",\"@id\":\"https:\\\/\\\/www.karaoketexty.cz\\\/magazin\\\/#website\",\"url\":\"https:\\\/\\\/www.karaoketexty.cz\\\/magazin\\\/\",\"name\":\"Stars Magaz\u00edn Karaoketexty.cz\",\"description\":\"Stars Magaz\u00edn na Karaoketexty.cz je zam\u011b\u0159en\u00fd na novinky ze sv\u011bta hudby a celebrit. Obsahuje \u010dl\u00e1nky o zp\u011bv\u00e1c\u00edch, kapel\u00e1ch, nov\u00fdch albech, hudebn\u00edch trendech a dal\u0161\u00edch zaj\u00edmavostech z hudebn\u00edho pr\u016fmyslu.\",\"potentialAction\":[{\"@type\":\"SearchAction\",\"target\":{\"@type\":\"EntryPoint\",\"urlTemplate\":\"https:\\\/\\\/www.karaoketexty.cz\\\/magazin\\\/?s={search_term_string}\"},\"query-input\":{\"@type\":\"PropertyValueSpecification\",\"valueRequired\":true,\"valueName\":\"search_term_string\"}}],\"inLanguage\":\"cs\"},{\"@type\":\"Person\",\"@id\":\"https:\\\/\\\/www.karaoketexty.cz\\\/magazin\\\/#\\\/schema\\\/person\\\/37c0164a04038267c8a56ad6d60df749\",\"name\":\"Barbora Kop\u0159ivov\u00e1\",\"image\":{\"@type\":\"ImageObject\",\"inLanguage\":\"cs\",\"@id\":\"https:\\\/\\\/secure.gravatar.com\\\/avatar\\\/ad2ef9810228386d580851ef4bdde76abaa96054ff5b068c8873bc91afb2df84?s=96&d=mm&r=g\",\"url\":\"https:\\\/\\\/secure.gravatar.com\\\/avatar\\\/ad2ef9810228386d580851ef4bdde76abaa96054ff5b068c8873bc91afb2df84?s=96&d=mm&r=g\",\"contentUrl\":\"https:\\\/\\\/secure.gravatar.com\\\/avatar\\\/ad2ef9810228386d580851ef4bdde76abaa96054ff5b068c8873bc91afb2df84?s=96&d=mm&r=g\",\"caption\":\"Barbora Kop\u0159ivov\u00e1\"},\"url\":\"https:\\\/\\\/www.karaoketexty.cz\\\/magazin\\\/author\\\/barborakoprivova\\\/\"}]}<\/script>\n<!-- \/ Yoast SEO plugin. -->","yoast_head_json":{"title":"Chaloupka na severu \u010cech here\u010dky Petry \u010cernock\u00e9","description":"V mal\u00e9 obci na severu \u010cech koupil kdysi otec Petry \u010cernock\u00e9 chalupu. Rodina si ji ponechala a doposud na ni jezd\u00ed.","robots":{"index":"index","follow":"follow","max-snippet":"max-snippet:-1","max-image-preview":"max-image-preview:large","max-video-preview":"max-video-preview:-1"},"canonical":"https:\/\/www.karaoketexty.cz\/magazin\/petra-cernocka-vlastni-na-severu-cech-chalupu\/","og_locale":"cs_CZ","og_type":"article","og_title":"Chaloupka na severu \u010cech here\u010dky Petry \u010cernock\u00e9","og_description":"V mal\u00e9 obci na severu \u010cech koupil kdysi otec Petry \u010cernock\u00e9 chalupu. Rodina si ji ponechala a doposud na ni jezd\u00ed.","og_url":"https:\/\/www.karaoketexty.cz\/magazin\/petra-cernocka-vlastni-na-severu-cech-chalupu\/","og_site_name":"Stars Magaz\u00edn Karaoketexty.cz","article_published_time":"2026-03-17T05:02:00+00:00","og_image":[{"width":1200,"height":854,"url":"https:\/\/www.karaoketexty.cz\/magazin\/wp-content\/uploads\/2026\/03\/petra-cernocka.jpg","type":"image\/jpeg"}],"author":"Barbora Kop\u0159ivov\u00e1","twitter_card":"summary_large_image","twitter_misc":{"Napsal(a)":"Barbora Kop\u0159ivov\u00e1","Odhadovan\u00e1 doba \u010dten\u00ed":"3 minuty"},"schema":{"@context":"https:\/\/schema.org","@graph":[{"@type":"Article","@id":"https:\/\/www.karaoketexty.cz\/magazin\/petra-cernocka-vlastni-na-severu-cech-chalupu\/#article","isPartOf":{"@id":"https:\/\/www.karaoketexty.cz\/magazin\/petra-cernocka-vlastni-na-severu-cech-chalupu\/"},"author":{"name":"Barbora Kop\u0159ivov\u00e1","@id":"https:\/\/www.karaoketexty.cz\/magazin\/#\/schema\/person\/37c0164a04038267c8a56ad6d60df749"},"headline":"Staro\u010desk\u00e1 chaloupka \u201eSaxany\u201c Petry \u010cernock\u00e9: Po smrti otce o ni bojovala s bratrem","datePublished":"2026-03-17T05:02:00+00:00","mainEntityOfPage":{"@id":"https:\/\/www.karaoketexty.cz\/magazin\/petra-cernocka-vlastni-na-severu-cech-chalupu\/"},"wordCount":463,"commentCount":0,"image":{"@id":"https:\/\/www.karaoketexty.cz\/magazin\/petra-cernocka-vlastni-na-severu-cech-chalupu\/#primaryimage"},"thumbnailUrl":"https:\/\/www.karaoketexty.cz\/magazin\/wp-content\/uploads\/2026\/03\/petra-cernocka.jpg","keywords":["Bydlen\u00ed slavn\u00fdch","\u010desk\u00e1 celebrita","Chalupa","dcera","D\u011bti","Here\u010dka","Man\u017eelstv\u00ed","Petra \u010cernock\u00e1","Rodina","Vlastimil Brodsk\u00fd","Zp\u011bva\u010dka"],"articleSection":["Celebrity"],"inLanguage":"cs","potentialAction":[{"@type":"CommentAction","name":"Comment","target":["https:\/\/www.karaoketexty.cz\/magazin\/petra-cernocka-vlastni-na-severu-cech-chalupu\/#respond"]}]},{"@type":"WebPage","@id":"https:\/\/www.karaoketexty.cz\/magazin\/petra-cernocka-vlastni-na-severu-cech-chalupu\/","url":"https:\/\/www.karaoketexty.cz\/magazin\/petra-cernocka-vlastni-na-severu-cech-chalupu\/","name":"Chaloupka na severu \u010cech here\u010dky Petry \u010cernock\u00e9","isPartOf":{"@id":"https:\/\/www.karaoketexty.cz\/magazin\/#website"},"primaryImageOfPage":{"@id":"https:\/\/www.karaoketexty.cz\/magazin\/petra-cernocka-vlastni-na-severu-cech-chalupu\/#primaryimage"},"image":{"@id":"https:\/\/www.karaoketexty.cz\/magazin\/petra-cernocka-vlastni-na-severu-cech-chalupu\/#primaryimage"},"thumbnailUrl":"https:\/\/www.karaoketexty.cz\/magazin\/wp-content\/uploads\/2026\/03\/petra-cernocka.jpg","datePublished":"2026-03-17T05:02:00+00:00","author":{"@id":"https:\/\/www.karaoketexty.cz\/magazin\/#\/schema\/person\/37c0164a04038267c8a56ad6d60df749"},"description":"V mal\u00e9 obci na severu \u010cech koupil kdysi otec Petry \u010cernock\u00e9 chalupu. Rodina si ji ponechala a doposud na ni jezd\u00ed.","breadcrumb":{"@id":"https:\/\/www.karaoketexty.cz\/magazin\/petra-cernocka-vlastni-na-severu-cech-chalupu\/#breadcrumb"},"inLanguage":"cs","potentialAction":[{"@type":"ReadAction","target":["https:\/\/www.karaoketexty.cz\/magazin\/petra-cernocka-vlastni-na-severu-cech-chalupu\/"]}]},{"@type":"ImageObject","inLanguage":"cs","@id":"https:\/\/www.karaoketexty.cz\/magazin\/petra-cernocka-vlastni-na-severu-cech-chalupu\/#primaryimage","url":"https:\/\/www.karaoketexty.cz\/magazin\/wp-content\/uploads\/2026\/03\/petra-cernocka.jpg","contentUrl":"https:\/\/www.karaoketexty.cz\/magazin\/wp-content\/uploads\/2026\/03\/petra-cernocka.jpg","width":1200,"height":854,"caption":"Foto: NextFoto, V\u00fdstava 29. ro\u010dn\u00edku Salonu filmov\u00fdch klapek byla 10. 3. 2026 zah\u00e1jena v pra\u017esk\u00e9m N\u00e1rodn\u00edm muzeu."},{"@type":"BreadcrumbList","@id":"https:\/\/www.karaoketexty.cz\/magazin\/petra-cernocka-vlastni-na-severu-cech-chalupu\/#breadcrumb","itemListElement":[{"@type":"ListItem","position":1,"name":"Dom\u016f","item":"https:\/\/www.karaoketexty.cz\/magazin\/"},{"@type":"ListItem","position":2,"name":"Staro\u010desk\u00e1 chaloupka \u201eSaxany\u201c Petry \u010cernock\u00e9: Po smrti otce o ni bojovala s bratrem"}]},{"@type":"WebSite","@id":"https:\/\/www.karaoketexty.cz\/magazin\/#website","url":"https:\/\/www.karaoketexty.cz\/magazin\/","name":"Stars Magaz\u00edn Karaoketexty.cz","description":"Stars Magaz\u00edn na Karaoketexty.cz je zam\u011b\u0159en\u00fd na novinky ze sv\u011bta hudby a celebrit. Obsahuje \u010dl\u00e1nky o zp\u011bv\u00e1c\u00edch, kapel\u00e1ch, nov\u00fdch albech, hudebn\u00edch trendech a dal\u0161\u00edch zaj\u00edmavostech z hudebn\u00edho pr\u016fmyslu.","potentialAction":[{"@type":"SearchAction","target":{"@type":"EntryPoint","urlTemplate":"https:\/\/www.karaoketexty.cz\/magazin\/?s={search_term_string}"},"query-input":{"@type":"PropertyValueSpecification","valueRequired":true,"valueName":"search_term_string"}}],"inLanguage":"cs"},{"@type":"Person","@id":"https:\/\/www.karaoketexty.cz\/magazin\/#\/schema\/person\/37c0164a04038267c8a56ad6d60df749","name":"Barbora Kop\u0159ivov\u00e1","image":{"@type":"ImageObject","inLanguage":"cs","@id":"https:\/\/secure.gravatar.com\/avatar\/ad2ef9810228386d580851ef4bdde76abaa96054ff5b068c8873bc91afb2df84?s=96&d=mm&r=g","url":"https:\/\/secure.gravatar.com\/avatar\/ad2ef9810228386d580851ef4bdde76abaa96054ff5b068c8873bc91afb2df84?s=96&d=mm&r=g","contentUrl":"https:\/\/secure.gravatar.com\/avatar\/ad2ef9810228386d580851ef4bdde76abaa96054ff5b068c8873bc91afb2df84?s=96&d=mm&r=g","caption":"Barbora Kop\u0159ivov\u00e1"},"url":"https:\/\/www.karaoketexty.cz\/magazin\/author\/barborakoprivova\/"}]}},"_links":{"self":[{"href":"https:\/\/www.karaoketexty.cz\/magazin\/wp-json\/wp\/v2\/posts\/9176","targetHints":{"allow":["GET"]}}],"collection":[{"href":"https:\/\/www.karaoketexty.cz\/magazin\/wp-json\/wp\/v2\/posts"}],"about":[{"href":"https:\/\/www.karaoketexty.cz\/magazin\/wp-json\/wp\/v2\/types\/post"}],"author":[{"embeddable":true,"href":"https:\/\/www.karaoketexty.cz\/magazin\/wp-json\/wp\/v2\/users\/4"}],"replies":[{"embeddable":true,"href":"https:\/\/www.karaoketexty.cz\/magazin\/wp-json\/wp\/v2\/comments?post=9176"}],"version-history":[{"count":3,"href":"https:\/\/www.karaoketexty.cz\/magazin\/wp-json\/wp\/v2\/posts\/9176\/revisions"}],"predecessor-version":[{"id":9285,"href":"https:\/\/www.karaoketexty.cz\/magazin\/wp-json\/wp\/v2\/posts\/9176\/revisions\/9285"}],"wp:featuredmedia":[{"embeddable":true,"href":"https:\/\/www.karaoketexty.cz\/magazin\/wp-json\/wp\/v2\/media\/9177"}],"wp:attachment":[{"href":"https:\/\/www.karaoketexty.cz\/magazin\/wp-json\/wp\/v2\/media?parent=9176"}],"wp:term":[{"taxonomy":"category","embeddable":true,"href":"https:\/\/www.karaoketexty.cz\/magazin\/wp-json\/wp\/v2\/categories?post=9176"},{"taxonomy":"post_tag","embeddable":true,"href":"https:\/\/www.karaoketexty.cz\/magazin\/wp-json\/wp\/v2\/tags?post=9176"}],"curies":[{"name":"wp","href":"https:\/\/api.w.org\/{rel}","templated":true}]}}