{"id":9154,"date":"2026-03-15T10:33:00","date_gmt":"2026-03-15T09:33:00","guid":{"rendered":"https:\/\/www.karaoketexty.cz\/magazin\/?p=9154"},"modified":"2026-03-13T15:41:13","modified_gmt":"2026-03-13T14:41:13","slug":"pavel-sporcl-okouzlil-i-ameriku-modre-housle-a-mix-klasiky-rocku-i-emoci-zkratka-zabiraji-vsude-na-svete","status":"publish","type":"post","link":"https:\/\/www.karaoketexty.cz\/magazin\/pavel-sporcl-okouzlil-i-ameriku-modre-housle-a-mix-klasiky-rocku-i-emoci-zkratka-zabiraji-vsude-na-svete\/","title":{"rendered":"Pavel \u0160porcl okouzlil i Ameriku: Modr\u00e9 housle a mix klasiky, rocku i emoc\u00ed zkr\u00e1tka zab\u00edraj\u00ed v\u0161ude na sv\u011bt\u011b"},"content":{"rendered":"\n<p><strong>Rebel s modr\u00fdmi houslemi a ikonick\u00fdm \u0161\u00e1tkem, to je Pavel \u0160porcl. Houslov\u00fd virtu\u00f3z, populariz\u00e1tor klasick\u00e9 hudby, \u010dlov\u011bk, kter\u00fd do vystoupen\u00ed vn\u00e1\u0161\u00ed emoce.<\/strong><\/p>\n\n\n\n<p>\u010cesk\u00fd houslov\u00fd virtu\u00f3z Pavel \u0160porcl pravideln\u011b vystupuje i v zahrani\u010d\u00ed. Nap\u0159\u00edklad na podzim roku 2025 se na sv\u00e9m turn\u00e9 p\u0159edstavil publiku po cel\u00e9 Severn\u00ed Americe \u00fasp\u011b\u0161n\u00fdm programem Rebel with Blue Violin. Se s\u00e9ri\u00ed koncert\u016f zav\u00edtal do krajansk\u00fdch komunit od z\u00e1padn\u00edho a\u017e po v\u00fdchodn\u00ed pob\u0159e\u017e\u00ed a p\u0159edstavil publiku pestr\u00fd reperto\u00e1r od klasick\u00e9 hudby a\u017e po rockov\u00e9 \u00fapravy zn\u00e1m\u00fdch hit\u016f, jak jsme na Karaoketexty zaznamenali. Pavel \u0160porcl dlouhodob\u011b ukazuje, \u017ee ozna\u010den\u00ed klasick\u00e9 hudby za v\u00e1\u017enou nemus\u00ed \u00fapln\u011b \u201esed\u011bt\u201c.<\/p>\n\n\n<!-- karaoketexty.cz \/ rectangle2 -->\n<div id=\"PX_37086_709110796310826\"><\/div>\n<script>\n   if(!useMobileAds && !boolUseSeznamAds && !hideAllAds){\n     window.px2 = window.px2 || { conf: {},queue: [] };\n     px2.queue.push(function () {\n        px2.render({\n           slot: {\n              id: 37086\n           },\n            elem: \"PX_37086_709110796310826\"\n        })\n     });\n  }\n<\/script>\n\n<!-- karaoketexty.cz \/ mobile-rectangle3 -->\n<div id=\"PX_37044_714599773297004\"><\/div>\n<script>\n   if(useMobileAds && !boolUseSeznamAds && !hideAllAds){\nwindow.px2 = window.px2 || { conf: {},queue: [] };\npx2.queue.push(function () {\n\tpx2.render({\n\t\tslot: {\n\t\t\tid: 37044\n\t\t},\n\t\telem: \"PX_37044_714599773297004\"\n\t})\n});\n}\n<\/script>\n\n\n<h2 class=\"wp-block-heading\">Ten s&nbsp;mo(u)dr\u00fdmi houslemi<\/h2>\n\n\n\n<p>Pavla \u0160porcla net\u0159eba dlouze p\u0159edstavovat. Je zn\u00e1m\u00fdm populariz\u00e1torem klasick\u00e9 hudby, kterou ale p\u0159edv\u00e1d\u00ed na vrcholn\u00e9 \u00farovni. Ona popularizace se u n\u011bj snoub\u00ed s&nbsp;virtuozitou, tud\u00ed\u017e jeho snaha p\u0159ibli\u017eovat klasickou hudbu \u0161ir\u0161\u00edmu publiku nese k\u00fd\u017een\u00e9 ovoce. Jeho kari\u00e9ra za\u010dala ji\u017e v&nbsp;d\u011btstv\u00ed, kdy studoval na presti\u017en\u00edch hudebn\u00edch \u0161kol\u00e1ch a postupn\u011b se prosadil na mezin\u00e1rodn\u00ed sc\u00e9n\u011b. \u0160porcl si z\u00edskal pov\u011bst nejen d\u00edky technick\u00e9 virtuozit\u011b, ale tak\u00e9 otev\u0159enosti k&nbsp;nov\u00fdm hudebn\u00edm sm\u011br\u016fm a netradi\u010dn\u00edm projekt\u016fm.<\/p>\n\n\n\n<p>Schopnost z\u00edskat si publikum prok\u00e1zal houslista i v&nbsp;pr\u016fb\u011bhu koncertn\u00ed \u0161\u0148\u016fry Rebel with Blue Violin. Turn\u00e9 se dle organiz\u00e1tor\u016f setkalo s&nbsp;velmi v\u0159el\u00fdm p\u0159ijet\u00edm. Za\u010dalo slavnostn\u00edm koncertem v&nbsp;rezidenci \u010desk\u00e9ho gener\u00e1ln\u00edho konzula v&nbsp;Los Angeles. Publikum ocenilo nejen virtu\u00f3zn\u00ed techniku, ale tak\u00e9 neobvykl\u00fd program, kter\u00fd, jak je u Pavla \u0160porcla zvykem, kombinuje klasiku s&nbsp;modern\u00edmi vlivy.<\/p>\n\n\n<!-- karaoketexty.cz \/ interscroller1 -->\n\n<div id=\"PX_37041_825057871452834\"><\/div>\n<script>\nif(useMobileAds && !boolUseSeznamAds && !hideAllAds){\n\twindow.px2 = window.px2 || { conf: {},queue: [] };\n\tpx2.queue.push(function () {\n\t\tpx2.render({\n\t\t\tslot: {\n\t\t\t\tid: 37041\n\t\t\t},\n\t\t\telem: \"PX_37041_825057871452834\"\n\t\t})\n\t});\n}\n<\/script>\n\n\n<h2 class=\"wp-block-heading\">Kombinace \u017e\u00e1nr\u016f a emoc\u00ed u\u010darovala publiku v USA<\/h2>\n\n\n\n<p>Dal\u0161\u00ed zast\u00e1vkou bylo San Diego, n\u00e1sledovaly koncerty v&nbsp;New Yorku \u010di Chicagu. \u0160porcl zde p\u0159edstavil \u0161irok\u00fd reperto\u00e1r \u2013 od skladeb Johanna Sebastiana Bacha p\u0159es Paganiniho capriccia a\u017e po \u010desk\u00e9 skladatele, vlastn\u00ed kompozice a energick\u00e9 rockov\u00e9 etudy. Podle po\u0159adatel\u016f odch\u00e1zeli poslucha\u010di z&nbsp;koncert\u016f plni nad\u0161en\u00ed. Program toti\u017e nab\u00edz\u00ed nejen technicky n\u00e1ro\u010dn\u00e9 skladby, ale tak\u00e9 emotivn\u00ed momenty a p\u0159ekvapiv\u00e9 hudebn\u00ed kombinace. &nbsp;<\/p>\n\n\n\n<blockquote class=\"instagram-media\" data-instgrm-captioned data-instgrm-permalink=\"https:\/\/www.instagram.com\/reel\/DPJ-t9ZEsFK\/?utm_source=ig_embed&amp;utm_campaign=loading\" data-instgrm-version=\"14\" style=\" background:#FFF; border:0; border-radius:3px; box-shadow:0 0 1px 0 rgba(0,0,0,0.5),0 1px 10px 0 rgba(0,0,0,0.15); margin: 1px; max-width:540px; min-width:326px; padding:0; width:99.375%; width:-webkit-calc(100% - 2px); width:calc(100% - 2px);\"><div style=\"padding:16px;\"> <a href=\"https:\/\/www.instagram.com\/reel\/DPJ-t9ZEsFK\/?utm_source=ig_embed&amp;utm_campaign=loading\" style=\" background:#FFFFFF; line-height:0; padding:0 0; text-align:center; text-decoration:none; width:100%;\" target=\"_blank\"> <div style=\" display: flex; flex-direction: row; align-items: center;\"> <div style=\"background-color: #F4F4F4; border-radius: 50%; flex-grow: 0; height: 40px; margin-right: 14px; width: 40px;\"><\/div> <div style=\"display: flex; flex-direction: column; flex-grow: 1; justify-content: center;\"> <div style=\" background-color: #F4F4F4; border-radius: 4px; flex-grow: 0; height: 14px; margin-bottom: 6px; width: 100px;\"><\/div> <div style=\" background-color: #F4F4F4; border-radius: 4px; flex-grow: 0; height: 14px; width: 60px;\"><\/div><\/div><\/div><div style=\"padding: 19% 0;\"><\/div> <div style=\"display:block; height:50px; margin:0 auto 12px; width:50px;\"><svg width=\"50px\" height=\"50px\" viewBox=\"0 0 60 60\" version=\"1.1\" xmlns=\"https:\/\/www.w3.org\/2000\/svg\" xmlns:xlink=\"https:\/\/www.w3.org\/1999\/xlink\"><g stroke=\"none\" stroke-width=\"1\" fill=\"none\" fill-rule=\"evenodd\"><g transform=\"translate(-511.000000, -20.000000)\" fill=\"#000000\"><g><path d=\"M556.869,30.41 C554.814,30.41 553.148,32.076 553.148,34.131 C553.148,36.186 554.814,37.852 556.869,37.852 C558.924,37.852 560.59,36.186 560.59,34.131 C560.59,32.076 558.924,30.41 556.869,30.41 M541,60.657 C535.114,60.657 530.342,55.887 530.342,50 C530.342,44.114 535.114,39.342 541,39.342 C546.887,39.342 551.658,44.114 551.658,50 C551.658,55.887 546.887,60.657 541,60.657 M541,33.886 C532.1,33.886 524.886,41.1 524.886,50 C524.886,58.899 532.1,66.113 541,66.113 C549.9,66.113 557.115,58.899 557.115,50 C557.115,41.1 549.9,33.886 541,33.886 M565.378,62.101 C565.244,65.022 564.756,66.606 564.346,67.663 C563.803,69.06 563.154,70.057 562.106,71.106 C561.058,72.155 560.06,72.803 558.662,73.347 C557.607,73.757 556.021,74.244 553.102,74.378 C549.944,74.521 548.997,74.552 541,74.552 C533.003,74.552 532.056,74.521 528.898,74.378 C525.979,74.244 524.393,73.757 523.338,73.347 C521.94,72.803 520.942,72.155 519.894,71.106 C518.846,70.057 518.197,69.06 517.654,67.663 C517.244,66.606 516.755,65.022 516.623,62.101 C516.479,58.943 516.448,57.996 516.448,50 C516.448,42.003 516.479,41.056 516.623,37.899 C516.755,34.978 517.244,33.391 517.654,32.338 C518.197,30.938 518.846,29.942 519.894,28.894 C520.942,27.846 521.94,27.196 523.338,26.654 C524.393,26.244 525.979,25.756 528.898,25.623 C532.057,25.479 533.004,25.448 541,25.448 C548.997,25.448 549.943,25.479 553.102,25.623 C556.021,25.756 557.607,26.244 558.662,26.654 C560.06,27.196 561.058,27.846 562.106,28.894 C563.154,29.942 563.803,30.938 564.346,32.338 C564.756,33.391 565.244,34.978 565.378,37.899 C565.522,41.056 565.552,42.003 565.552,50 C565.552,57.996 565.522,58.943 565.378,62.101 M570.82,37.631 C570.674,34.438 570.167,32.258 569.425,30.349 C568.659,28.377 567.633,26.702 565.965,25.035 C564.297,23.368 562.623,22.342 560.652,21.575 C558.743,20.834 556.562,20.326 553.369,20.18 C550.169,20.033 549.148,20 541,20 C532.853,20 531.831,20.033 528.631,20.18 C525.438,20.326 523.257,20.834 521.349,21.575 C519.376,22.342 517.703,23.368 516.035,25.035 C514.368,26.702 513.342,28.377 512.574,30.349 C511.834,32.258 511.326,34.438 511.181,37.631 C511.035,40.831 511,41.851 511,50 C511,58.147 511.035,59.17 511.181,62.369 C511.326,65.562 511.834,67.743 512.574,69.651 C513.342,71.625 514.368,73.296 516.035,74.965 C517.703,76.634 519.376,77.658 521.349,78.425 C523.257,79.167 525.438,79.673 528.631,79.82 C531.831,79.965 532.853,80.001 541,80.001 C549.148,80.001 550.169,79.965 553.369,79.82 C556.562,79.673 558.743,79.167 560.652,78.425 C562.623,77.658 564.297,76.634 565.965,74.965 C567.633,73.296 568.659,71.625 569.425,69.651 C570.167,67.743 570.674,65.562 570.82,62.369 C570.966,59.17 571,58.147 571,50 C571,41.851 570.966,40.831 570.82,37.631\"><\/path><\/g><\/g><\/g><\/svg><\/div><div style=\"padding-top: 8px;\"> <div style=\" color:#3897f0; font-family:Arial,sans-serif; font-size:14px; font-style:normal; font-weight:550; line-height:18px;\">Zobrazit p\u0159\u00edsp\u011bvek na Instagramu<\/div><\/div><div style=\"padding: 12.5% 0;\"><\/div> <div style=\"display: flex; flex-direction: row; margin-bottom: 14px; align-items: center;\"><div> <div style=\"background-color: #F4F4F4; border-radius: 50%; height: 12.5px; width: 12.5px; transform: translateX(0px) translateY(7px);\"><\/div> <div style=\"background-color: #F4F4F4; height: 12.5px; transform: rotate(-45deg) translateX(3px) translateY(1px); width: 12.5px; flex-grow: 0; margin-right: 14px; margin-left: 2px;\"><\/div> <div style=\"background-color: #F4F4F4; border-radius: 50%; height: 12.5px; width: 12.5px; transform: translateX(9px) translateY(-18px);\"><\/div><\/div><div style=\"margin-left: 8px;\"> <div style=\" background-color: #F4F4F4; border-radius: 50%; flex-grow: 0; height: 20px; width: 20px;\"><\/div> <div style=\" width: 0; height: 0; border-top: 2px solid transparent; border-left: 6px solid #f4f4f4; border-bottom: 2px solid transparent; transform: translateX(16px) translateY(-4px) rotate(30deg)\"><\/div><\/div><div style=\"margin-left: auto;\"> <div style=\" width: 0px; border-top: 8px solid #F4F4F4; border-right: 8px solid transparent; transform: translateY(16px);\"><\/div> <div style=\" background-color: #F4F4F4; flex-grow: 0; height: 12px; width: 16px; transform: translateY(-4px);\"><\/div> <div style=\" width: 0; height: 0; border-top: 8px solid #F4F4F4; border-left: 8px solid transparent; transform: translateY(-4px) translateX(8px);\"><\/div><\/div><\/div> <div style=\"display: flex; flex-direction: column; flex-grow: 1; justify-content: center; margin-bottom: 24px;\"> <div style=\" background-color: #F4F4F4; border-radius: 4px; flex-grow: 0; height: 14px; margin-bottom: 6px; width: 224px;\"><\/div> <div style=\" background-color: #F4F4F4; border-radius: 4px; flex-grow: 0; height: 14px; width: 144px;\"><\/div><\/div><\/a><p style=\" color:#c9c8cd; font-family:Arial,sans-serif; font-size:14px; line-height:17px; margin-bottom:0; margin-top:8px; overflow:hidden; padding:8px 0 7px; text-align:center; text-overflow:ellipsis; white-space:nowrap;\"><a href=\"https:\/\/www.instagram.com\/reel\/DPJ-t9ZEsFK\/?utm_source=ig_embed&amp;utm_campaign=loading\" style=\" color:#c9c8cd; font-family:Arial,sans-serif; font-size:14px; font-style:normal; font-weight:normal; line-height:17px; text-decoration:none;\" target=\"_blank\">P\u0159\u00edsp\u011bvek sd\u00edlen\u00fd PAVEL SPORCL &#8211; Blue Violin Man (@pavelsporcl.blueviolin)<\/a><\/p><\/div><\/blockquote>\n<script async src=\"\/\/www.instagram.com\/embed.js\"><\/script>\n\n\n\n<p>Pavel \u0160porcl vedle koncertn\u00edch vystoupen\u00ed pravideln\u011b spolupracuje s&nbsp;orchestry, nat\u00e1\u010d\u00ed alba a vystupuje v&nbsp;televizn\u00edch projektech. Za svou \u010dinnost z\u00edskal i \u0159adu ocen\u011bn\u00ed, mimo jin\u00e9 Sri Chinmoy Torch Bearer Award<strong> <\/strong>v&nbsp;s\u00eddle OSN v&nbsp;New Yorku nebo Medaili za z\u00e1sluhy od prezidenta \u010cesk\u00e9 republiky. D\u00edky otev\u0159enosti k&nbsp;r\u016fzn\u00fdm hudebn\u00edm styl\u016fm se mu da\u0159\u00ed oslovovat publikum, kter\u00e9 by si jinak cestu k&nbsp;hudb\u011b klasick\u00e9 mo\u017en\u00e1 nikdy nena\u0161lo.<\/p>\n\n\n\n<p>Zdroj: Autorsk\u00fd text, <a href=\"https:\/\/cs.wikipedia.org\/wiki\/Pavel_%C5%A0porcl\" target=\"_blank\" rel=\"noreferrer noopener nofollow\">Wikipedie<\/a>, <a href=\"https:\/\/cesky.radio.cz\/rebel-s-modrymi-houslemi-pavel-sporcl-na-americkem-turne-8865849\" target=\"_blank\" rel=\"noreferrer noopener nofollow\">\u010cRo<\/a>, <a href=\"https:\/\/www.ireport.cz\/clanky\/rozhovory\/rozhovor-pavel-sporcl-ruce-mam-pojistene-driv-jsem-si-myslel-ze-jsou-rockeri-na-drogach-a-holduji-alkoholu-petr-janda-muj-nazor-zmenil\" target=\"_blank\" rel=\"noreferrer noopener nofollow\">iReport<\/a>, <a href=\"https:\/\/www.instagram.com\/p\/C8Un-xNM6Vy\/\">Instagram Pavel\u0160porcl<\/a><\/p>\n\n\n            <a href=\"https:\/\/www.karaoketexty.cz\/magazin\/hudebni-oscar-miri-do-brna-jakub-hrusa-potvrzuje-ze-patri-mezi-svetovou-dirigentskou-extratridu\/\" class=\"related-post-link\">\n                <div class=\"post-thumbnail\">\n                    <img decoding=\"async\" width=\"250\" height=\"143\" src=\"https:\/\/www.karaoketexty.cz\/magazin\/wp-content\/uploads\/2025\/12\/jakub-hrusa.jpg\" class=\"attachment-250x180 size-250x180 not-transparent\" alt=\"Fotografie Jakuba Hr\u016f\u0161i\" srcset=\"https:\/\/www.karaoketexty.cz\/magazin\/wp-content\/uploads\/2025\/12\/jakub-hrusa.jpg 1200w, https:\/\/www.karaoketexty.cz\/magazin\/wp-content\/uploads\/2025\/12\/jakub-hrusa-300x171.jpg 300w, https:\/\/www.karaoketexty.cz\/magazin\/wp-content\/uploads\/2025\/12\/jakub-hrusa-1024x585.jpg 1024w, https:\/\/www.karaoketexty.cz\/magazin\/wp-content\/uploads\/2025\/12\/jakub-hrusa-768x438.jpg 768w\" sizes=\"(max-width: 250px) 100vw, 250px\" data-has-transparency=\"false\" data-dominant-color=\"584134\" style=\"--dominant-color: #584134;\" \/>                <\/div>\n                <div class=\"post-details\">\n                    <span class=\"also-read\">\u010ct\u011bte tak\u00e9:<\/span>\n                    <h3 class=\"hed\">Hudebn\u00ed Oscar m\u00ed\u0159\u00ed do Brna: Jakub Hr\u016f\u0161a potvrzuje, \u017ee pat\u0159\u00ed mezi sv\u011btovou dirigentskou extrat\u0159\u00eddu<\/h3>\n                <\/div>\n            <\/a>\n            \n\n            <a href=\"https:\/\/www.karaoketexty.cz\/magazin\/promeny-nebo-mezi-horami-tento-kviz-o-cechomoru-zvladne-jen-skutecny-fanousek\/\" class=\"related-post-link\">\n                <div class=\"post-thumbnail\">\n                    <img decoding=\"async\" width=\"250\" height=\"141\" src=\"https:\/\/www.karaoketexty.cz\/magazin\/wp-content\/uploads\/2025\/09\/cechomor.jpg\" class=\"attachment-250x180 size-250x180 not-transparent\" alt=\"\u010cechomor\" srcset=\"https:\/\/www.karaoketexty.cz\/magazin\/wp-content\/uploads\/2025\/09\/cechomor.jpg 1200w, https:\/\/www.karaoketexty.cz\/magazin\/wp-content\/uploads\/2025\/09\/cechomor-300x169.jpg 300w, https:\/\/www.karaoketexty.cz\/magazin\/wp-content\/uploads\/2025\/09\/cechomor-1024x576.jpg 1024w, https:\/\/www.karaoketexty.cz\/magazin\/wp-content\/uploads\/2025\/09\/cechomor-768x432.jpg 768w, https:\/\/www.karaoketexty.cz\/magazin\/wp-content\/uploads\/2025\/09\/cechomor-800x450.jpg 800w\" sizes=\"(max-width: 250px) 100vw, 250px\" data-has-transparency=\"false\" data-dominant-color=\"69644d\" style=\"--dominant-color: #69644d;\" \/>                <\/div>\n                <div class=\"post-details\">\n                    <span class=\"also-read\">\u010ct\u011bte tak\u00e9:<\/span>\n                    <h3 class=\"hed\">\u201eProm\u011bny\u201c nebo \u201eMezi horami\u201c: Tento kv\u00edz o \u010cechomoru zvl\u00e1dne jen skute\u010dn\u00fd fanou\u0161ek<\/h3>\n                <\/div>\n            <\/a>\n            ","protected":false},"excerpt":{"rendered":"<p>Rebel s\u00a0modr\u00fdmi houslemi a ikonick\u00fdm \u0161\u00e1tkem, to je Pavel \u0160porcl. Houslov\u00fd virtu\u00f3z, populariz\u00e1tor klasick\u00e9 hudby, \u010dlov\u011bk, kter\u00fd do vystoupen\u00ed vn\u00e1\u0161\u00ed emoce.<\/p>\n","protected":false},"author":5,"featured_media":9166,"comment_status":"open","ping_status":"closed","sticky":false,"template":"","format":"standard","meta":{"_yoast_wpseo_title":"Pavel \u0160porcl okouzlil i Ameriku! Klasika, rock a emoce","_yoast_wpseo_metadesc":"Modr\u00e9 housle a spojen\u00ed klasiky, rocku i emoc\u00ed zkr\u00e1tka zab\u00edraj\u00ed! Aneb: Pavel \u0160porcl okouzlil Ameriku sv\u00fdm turn\u00e9 Rebel with Blue Violin.","footnotes":""},"categories":[1059],"tags":[562,6744,388,807,367,703,500,2771,136,796,6743,226,163],"class_list":["post-9154","post","type-post","status-publish","format-standard","has-post-thumbnail","hentry","category-celebrity","tag-ceska-celebrita","tag-houslista","tag-hudebni-vystoupeni","tag-hudebni-zazitek","tag-hudebnici","tag-hudebnik","tag-instagram","tag-klasicka-hudba","tag-koncert","tag-koncertni-turne","tag-pavel-sporcl","tag-turne","tag-usa"],"yoast_head":"<!-- This site is optimized with the Yoast SEO plugin v27.5 - https:\/\/yoast.com\/product\/yoast-seo-wordpress\/ -->\n<title>Pavel \u0160porcl okouzlil i Ameriku! Klasika, rock a emoce<\/title>\n<meta name=\"description\" content=\"Modr\u00e9 housle a spojen\u00ed klasiky, rocku i emoc\u00ed zkr\u00e1tka zab\u00edraj\u00ed! Aneb: Pavel \u0160porcl okouzlil Ameriku sv\u00fdm turn\u00e9 Rebel with Blue Violin.\" \/>\n<meta name=\"robots\" content=\"index, follow, max-snippet:-1, max-image-preview:large, max-video-preview:-1\" \/>\n<link rel=\"canonical\" href=\"https:\/\/www.karaoketexty.cz\/magazin\/pavel-sporcl-okouzlil-i-ameriku-modre-housle-a-mix-klasiky-rocku-i-emoci-zkratka-zabiraji-vsude-na-svete\/\" \/>\n<meta property=\"og:locale\" content=\"cs_CZ\" \/>\n<meta property=\"og:type\" content=\"article\" \/>\n<meta property=\"og:title\" content=\"Pavel \u0160porcl okouzlil i Ameriku! Klasika, rock a emoce\" \/>\n<meta property=\"og:description\" content=\"Modr\u00e9 housle a spojen\u00ed klasiky, rocku i emoc\u00ed zkr\u00e1tka zab\u00edraj\u00ed! Aneb: Pavel \u0160porcl okouzlil Ameriku sv\u00fdm turn\u00e9 Rebel with Blue Violin.\" \/>\n<meta property=\"og:url\" content=\"https:\/\/www.karaoketexty.cz\/magazin\/pavel-sporcl-okouzlil-i-ameriku-modre-housle-a-mix-klasiky-rocku-i-emoci-zkratka-zabiraji-vsude-na-svete\/\" \/>\n<meta property=\"og:site_name\" content=\"Stars Magaz\u00edn Karaoketexty.cz\" \/>\n<meta property=\"article:published_time\" content=\"2026-03-15T09:33:00+00:00\" \/>\n<meta property=\"og:image\" content=\"https:\/\/www.karaoketexty.cz\/magazin\/wp-content\/uploads\/2026\/03\/Pavel-Sporcl-s-modrymi-houslemi.jpg\" \/>\n\t<meta property=\"og:image:width\" content=\"1200\" \/>\n\t<meta property=\"og:image:height\" content=\"813\" \/>\n\t<meta property=\"og:image:type\" content=\"image\/jpeg\" \/>\n<meta name=\"author\" content=\"Veronika \u0160imkov\u00e1\" \/>\n<meta name=\"twitter:card\" content=\"summary_large_image\" \/>\n<meta name=\"twitter:label1\" content=\"Napsal(a)\" \/>\n\t<meta name=\"twitter:data1\" content=\"Veronika \u0160imkov\u00e1\" \/>\n\t<meta name=\"twitter:label2\" content=\"Odhadovan\u00e1 doba \u010dten\u00ed\" \/>\n\t<meta name=\"twitter:data2\" content=\"3 minuty\" \/>\n<script type=\"application\/ld+json\" class=\"yoast-schema-graph\">{\"@context\":\"https:\\\/\\\/schema.org\",\"@graph\":[{\"@type\":\"Article\",\"@id\":\"https:\\\/\\\/www.karaoketexty.cz\\\/magazin\\\/pavel-sporcl-okouzlil-i-ameriku-modre-housle-a-mix-klasiky-rocku-i-emoci-zkratka-zabiraji-vsude-na-svete\\\/#article\",\"isPartOf\":{\"@id\":\"https:\\\/\\\/www.karaoketexty.cz\\\/magazin\\\/pavel-sporcl-okouzlil-i-ameriku-modre-housle-a-mix-klasiky-rocku-i-emoci-zkratka-zabiraji-vsude-na-svete\\\/\"},\"author\":{\"name\":\"Veronika \u0160imkov\u00e1\",\"@id\":\"https:\\\/\\\/www.karaoketexty.cz\\\/magazin\\\/#\\\/schema\\\/person\\\/03220d610ed4cba378a72bac3443f821\"},\"headline\":\"Pavel \u0160porcl okouzlil i Ameriku: Modr\u00e9 housle a mix klasiky, rocku i emoc\u00ed zkr\u00e1tka zab\u00edraj\u00ed v\u0161ude na sv\u011bt\u011b\",\"datePublished\":\"2026-03-15T09:33:00+00:00\",\"mainEntityOfPage\":{\"@id\":\"https:\\\/\\\/www.karaoketexty.cz\\\/magazin\\\/pavel-sporcl-okouzlil-i-ameriku-modre-housle-a-mix-klasiky-rocku-i-emoci-zkratka-zabiraji-vsude-na-svete\\\/\"},\"wordCount\":533,\"commentCount\":0,\"image\":{\"@id\":\"https:\\\/\\\/www.karaoketexty.cz\\\/magazin\\\/pavel-sporcl-okouzlil-i-ameriku-modre-housle-a-mix-klasiky-rocku-i-emoci-zkratka-zabiraji-vsude-na-svete\\\/#primaryimage\"},\"thumbnailUrl\":\"https:\\\/\\\/www.karaoketexty.cz\\\/magazin\\\/wp-content\\\/uploads\\\/2026\\\/03\\\/Pavel-Sporcl-s-modrymi-houslemi.jpg\",\"keywords\":[\"\u010desk\u00e1 celebrita\",\"houslista\",\"hudebn\u00ed vystoupen\u00ed\",\"hudebn\u00ed z\u00e1\u017eitek\",\"hudebn\u00edci\",\"hudebn\u00edk\",\"Instagram\",\"klasick\u00e1 hudba\",\"koncert\",\"koncertn\u00ed turn\u00e9\",\"Pavel \u0160porcl\",\"Turn\u00e9\",\"USA\"],\"articleSection\":[\"Celebrity\"],\"inLanguage\":\"cs\",\"potentialAction\":[{\"@type\":\"CommentAction\",\"name\":\"Comment\",\"target\":[\"https:\\\/\\\/www.karaoketexty.cz\\\/magazin\\\/pavel-sporcl-okouzlil-i-ameriku-modre-housle-a-mix-klasiky-rocku-i-emoci-zkratka-zabiraji-vsude-na-svete\\\/#respond\"]}]},{\"@type\":\"WebPage\",\"@id\":\"https:\\\/\\\/www.karaoketexty.cz\\\/magazin\\\/pavel-sporcl-okouzlil-i-ameriku-modre-housle-a-mix-klasiky-rocku-i-emoci-zkratka-zabiraji-vsude-na-svete\\\/\",\"url\":\"https:\\\/\\\/www.karaoketexty.cz\\\/magazin\\\/pavel-sporcl-okouzlil-i-ameriku-modre-housle-a-mix-klasiky-rocku-i-emoci-zkratka-zabiraji-vsude-na-svete\\\/\",\"name\":\"Pavel \u0160porcl okouzlil i Ameriku! Klasika, rock a emoce\",\"isPartOf\":{\"@id\":\"https:\\\/\\\/www.karaoketexty.cz\\\/magazin\\\/#website\"},\"primaryImageOfPage\":{\"@id\":\"https:\\\/\\\/www.karaoketexty.cz\\\/magazin\\\/pavel-sporcl-okouzlil-i-ameriku-modre-housle-a-mix-klasiky-rocku-i-emoci-zkratka-zabiraji-vsude-na-svete\\\/#primaryimage\"},\"image\":{\"@id\":\"https:\\\/\\\/www.karaoketexty.cz\\\/magazin\\\/pavel-sporcl-okouzlil-i-ameriku-modre-housle-a-mix-klasiky-rocku-i-emoci-zkratka-zabiraji-vsude-na-svete\\\/#primaryimage\"},\"thumbnailUrl\":\"https:\\\/\\\/www.karaoketexty.cz\\\/magazin\\\/wp-content\\\/uploads\\\/2026\\\/03\\\/Pavel-Sporcl-s-modrymi-houslemi.jpg\",\"datePublished\":\"2026-03-15T09:33:00+00:00\",\"author\":{\"@id\":\"https:\\\/\\\/www.karaoketexty.cz\\\/magazin\\\/#\\\/schema\\\/person\\\/03220d610ed4cba378a72bac3443f821\"},\"description\":\"Modr\u00e9 housle a spojen\u00ed klasiky, rocku i emoc\u00ed zkr\u00e1tka zab\u00edraj\u00ed! Aneb: Pavel \u0160porcl okouzlil Ameriku sv\u00fdm turn\u00e9 Rebel with Blue Violin.\",\"breadcrumb\":{\"@id\":\"https:\\\/\\\/www.karaoketexty.cz\\\/magazin\\\/pavel-sporcl-okouzlil-i-ameriku-modre-housle-a-mix-klasiky-rocku-i-emoci-zkratka-zabiraji-vsude-na-svete\\\/#breadcrumb\"},\"inLanguage\":\"cs\",\"potentialAction\":[{\"@type\":\"ReadAction\",\"target\":[\"https:\\\/\\\/www.karaoketexty.cz\\\/magazin\\\/pavel-sporcl-okouzlil-i-ameriku-modre-housle-a-mix-klasiky-rocku-i-emoci-zkratka-zabiraji-vsude-na-svete\\\/\"]}]},{\"@type\":\"ImageObject\",\"inLanguage\":\"cs\",\"@id\":\"https:\\\/\\\/www.karaoketexty.cz\\\/magazin\\\/pavel-sporcl-okouzlil-i-ameriku-modre-housle-a-mix-klasiky-rocku-i-emoci-zkratka-zabiraji-vsude-na-svete\\\/#primaryimage\",\"url\":\"https:\\\/\\\/www.karaoketexty.cz\\\/magazin\\\/wp-content\\\/uploads\\\/2026\\\/03\\\/Pavel-Sporcl-s-modrymi-houslemi.jpg\",\"contentUrl\":\"https:\\\/\\\/www.karaoketexty.cz\\\/magazin\\\/wp-content\\\/uploads\\\/2026\\\/03\\\/Pavel-Sporcl-s-modrymi-houslemi.jpg\",\"width\":1200,\"height\":813,\"caption\":\"Foto: Nextfoto, \u010cl\u00e1nek o: Pavel \u0160porcl okouzluje Ameriku. Modr\u00e9 housle a spojen\u00ed klasiky, rocku i emoc\u00ed zkr\u00e1tka zab\u00edraj\u00ed!\"},{\"@type\":\"BreadcrumbList\",\"@id\":\"https:\\\/\\\/www.karaoketexty.cz\\\/magazin\\\/pavel-sporcl-okouzlil-i-ameriku-modre-housle-a-mix-klasiky-rocku-i-emoci-zkratka-zabiraji-vsude-na-svete\\\/#breadcrumb\",\"itemListElement\":[{\"@type\":\"ListItem\",\"position\":1,\"name\":\"Dom\u016f\",\"item\":\"https:\\\/\\\/www.karaoketexty.cz\\\/magazin\\\/\"},{\"@type\":\"ListItem\",\"position\":2,\"name\":\"Pavel \u0160porcl okouzlil i Ameriku: Modr\u00e9 housle a mix klasiky, rocku i emoc\u00ed zkr\u00e1tka zab\u00edraj\u00ed v\u0161ude na sv\u011bt\u011b\"}]},{\"@type\":\"WebSite\",\"@id\":\"https:\\\/\\\/www.karaoketexty.cz\\\/magazin\\\/#website\",\"url\":\"https:\\\/\\\/www.karaoketexty.cz\\\/magazin\\\/\",\"name\":\"Stars Magaz\u00edn Karaoketexty.cz\",\"description\":\"Stars Magaz\u00edn na Karaoketexty.cz je zam\u011b\u0159en\u00fd na novinky ze sv\u011bta hudby a celebrit. Obsahuje \u010dl\u00e1nky o zp\u011bv\u00e1c\u00edch, kapel\u00e1ch, nov\u00fdch albech, hudebn\u00edch trendech a dal\u0161\u00edch zaj\u00edmavostech z hudebn\u00edho pr\u016fmyslu.\",\"potentialAction\":[{\"@type\":\"SearchAction\",\"target\":{\"@type\":\"EntryPoint\",\"urlTemplate\":\"https:\\\/\\\/www.karaoketexty.cz\\\/magazin\\\/?s={search_term_string}\"},\"query-input\":{\"@type\":\"PropertyValueSpecification\",\"valueRequired\":true,\"valueName\":\"search_term_string\"}}],\"inLanguage\":\"cs\"},{\"@type\":\"Person\",\"@id\":\"https:\\\/\\\/www.karaoketexty.cz\\\/magazin\\\/#\\\/schema\\\/person\\\/03220d610ed4cba378a72bac3443f821\",\"name\":\"Veronika \u0160imkov\u00e1\",\"image\":{\"@type\":\"ImageObject\",\"inLanguage\":\"cs\",\"@id\":\"https:\\\/\\\/secure.gravatar.com\\\/avatar\\\/62af9cda83322200aaf20e60d0442fbca254ce18c0ffdcaaf83de31493c941a5?s=96&d=mm&r=g\",\"url\":\"https:\\\/\\\/secure.gravatar.com\\\/avatar\\\/62af9cda83322200aaf20e60d0442fbca254ce18c0ffdcaaf83de31493c941a5?s=96&d=mm&r=g\",\"contentUrl\":\"https:\\\/\\\/secure.gravatar.com\\\/avatar\\\/62af9cda83322200aaf20e60d0442fbca254ce18c0ffdcaaf83de31493c941a5?s=96&d=mm&r=g\",\"caption\":\"Veronika \u0160imkov\u00e1\"},\"url\":\"https:\\\/\\\/www.karaoketexty.cz\\\/magazin\\\/author\\\/veronikasimkova\\\/\"}]}<\/script>\n<!-- \/ Yoast SEO plugin. -->","yoast_head_json":{"title":"Pavel \u0160porcl okouzlil i Ameriku! Klasika, rock a emoce","description":"Modr\u00e9 housle a spojen\u00ed klasiky, rocku i emoc\u00ed zkr\u00e1tka zab\u00edraj\u00ed! Aneb: Pavel \u0160porcl okouzlil Ameriku sv\u00fdm turn\u00e9 Rebel with Blue Violin.","robots":{"index":"index","follow":"follow","max-snippet":"max-snippet:-1","max-image-preview":"max-image-preview:large","max-video-preview":"max-video-preview:-1"},"canonical":"https:\/\/www.karaoketexty.cz\/magazin\/pavel-sporcl-okouzlil-i-ameriku-modre-housle-a-mix-klasiky-rocku-i-emoci-zkratka-zabiraji-vsude-na-svete\/","og_locale":"cs_CZ","og_type":"article","og_title":"Pavel \u0160porcl okouzlil i Ameriku! Klasika, rock a emoce","og_description":"Modr\u00e9 housle a spojen\u00ed klasiky, rocku i emoc\u00ed zkr\u00e1tka zab\u00edraj\u00ed! Aneb: Pavel \u0160porcl okouzlil Ameriku sv\u00fdm turn\u00e9 Rebel with Blue Violin.","og_url":"https:\/\/www.karaoketexty.cz\/magazin\/pavel-sporcl-okouzlil-i-ameriku-modre-housle-a-mix-klasiky-rocku-i-emoci-zkratka-zabiraji-vsude-na-svete\/","og_site_name":"Stars Magaz\u00edn Karaoketexty.cz","article_published_time":"2026-03-15T09:33:00+00:00","og_image":[{"width":1200,"height":813,"url":"https:\/\/www.karaoketexty.cz\/magazin\/wp-content\/uploads\/2026\/03\/Pavel-Sporcl-s-modrymi-houslemi.jpg","type":"image\/jpeg"}],"author":"Veronika \u0160imkov\u00e1","twitter_card":"summary_large_image","twitter_misc":{"Napsal(a)":"Veronika \u0160imkov\u00e1","Odhadovan\u00e1 doba \u010dten\u00ed":"3 minuty"},"schema":{"@context":"https:\/\/schema.org","@graph":[{"@type":"Article","@id":"https:\/\/www.karaoketexty.cz\/magazin\/pavel-sporcl-okouzlil-i-ameriku-modre-housle-a-mix-klasiky-rocku-i-emoci-zkratka-zabiraji-vsude-na-svete\/#article","isPartOf":{"@id":"https:\/\/www.karaoketexty.cz\/magazin\/pavel-sporcl-okouzlil-i-ameriku-modre-housle-a-mix-klasiky-rocku-i-emoci-zkratka-zabiraji-vsude-na-svete\/"},"author":{"name":"Veronika \u0160imkov\u00e1","@id":"https:\/\/www.karaoketexty.cz\/magazin\/#\/schema\/person\/03220d610ed4cba378a72bac3443f821"},"headline":"Pavel \u0160porcl okouzlil i Ameriku: Modr\u00e9 housle a mix klasiky, rocku i emoc\u00ed zkr\u00e1tka zab\u00edraj\u00ed v\u0161ude na sv\u011bt\u011b","datePublished":"2026-03-15T09:33:00+00:00","mainEntityOfPage":{"@id":"https:\/\/www.karaoketexty.cz\/magazin\/pavel-sporcl-okouzlil-i-ameriku-modre-housle-a-mix-klasiky-rocku-i-emoci-zkratka-zabiraji-vsude-na-svete\/"},"wordCount":533,"commentCount":0,"image":{"@id":"https:\/\/www.karaoketexty.cz\/magazin\/pavel-sporcl-okouzlil-i-ameriku-modre-housle-a-mix-klasiky-rocku-i-emoci-zkratka-zabiraji-vsude-na-svete\/#primaryimage"},"thumbnailUrl":"https:\/\/www.karaoketexty.cz\/magazin\/wp-content\/uploads\/2026\/03\/Pavel-Sporcl-s-modrymi-houslemi.jpg","keywords":["\u010desk\u00e1 celebrita","houslista","hudebn\u00ed vystoupen\u00ed","hudebn\u00ed z\u00e1\u017eitek","hudebn\u00edci","hudebn\u00edk","Instagram","klasick\u00e1 hudba","koncert","koncertn\u00ed turn\u00e9","Pavel \u0160porcl","Turn\u00e9","USA"],"articleSection":["Celebrity"],"inLanguage":"cs","potentialAction":[{"@type":"CommentAction","name":"Comment","target":["https:\/\/www.karaoketexty.cz\/magazin\/pavel-sporcl-okouzlil-i-ameriku-modre-housle-a-mix-klasiky-rocku-i-emoci-zkratka-zabiraji-vsude-na-svete\/#respond"]}]},{"@type":"WebPage","@id":"https:\/\/www.karaoketexty.cz\/magazin\/pavel-sporcl-okouzlil-i-ameriku-modre-housle-a-mix-klasiky-rocku-i-emoci-zkratka-zabiraji-vsude-na-svete\/","url":"https:\/\/www.karaoketexty.cz\/magazin\/pavel-sporcl-okouzlil-i-ameriku-modre-housle-a-mix-klasiky-rocku-i-emoci-zkratka-zabiraji-vsude-na-svete\/","name":"Pavel \u0160porcl okouzlil i Ameriku! Klasika, rock a emoce","isPartOf":{"@id":"https:\/\/www.karaoketexty.cz\/magazin\/#website"},"primaryImageOfPage":{"@id":"https:\/\/www.karaoketexty.cz\/magazin\/pavel-sporcl-okouzlil-i-ameriku-modre-housle-a-mix-klasiky-rocku-i-emoci-zkratka-zabiraji-vsude-na-svete\/#primaryimage"},"image":{"@id":"https:\/\/www.karaoketexty.cz\/magazin\/pavel-sporcl-okouzlil-i-ameriku-modre-housle-a-mix-klasiky-rocku-i-emoci-zkratka-zabiraji-vsude-na-svete\/#primaryimage"},"thumbnailUrl":"https:\/\/www.karaoketexty.cz\/magazin\/wp-content\/uploads\/2026\/03\/Pavel-Sporcl-s-modrymi-houslemi.jpg","datePublished":"2026-03-15T09:33:00+00:00","author":{"@id":"https:\/\/www.karaoketexty.cz\/magazin\/#\/schema\/person\/03220d610ed4cba378a72bac3443f821"},"description":"Modr\u00e9 housle a spojen\u00ed klasiky, rocku i emoc\u00ed zkr\u00e1tka zab\u00edraj\u00ed! Aneb: Pavel \u0160porcl okouzlil Ameriku sv\u00fdm turn\u00e9 Rebel with Blue Violin.","breadcrumb":{"@id":"https:\/\/www.karaoketexty.cz\/magazin\/pavel-sporcl-okouzlil-i-ameriku-modre-housle-a-mix-klasiky-rocku-i-emoci-zkratka-zabiraji-vsude-na-svete\/#breadcrumb"},"inLanguage":"cs","potentialAction":[{"@type":"ReadAction","target":["https:\/\/www.karaoketexty.cz\/magazin\/pavel-sporcl-okouzlil-i-ameriku-modre-housle-a-mix-klasiky-rocku-i-emoci-zkratka-zabiraji-vsude-na-svete\/"]}]},{"@type":"ImageObject","inLanguage":"cs","@id":"https:\/\/www.karaoketexty.cz\/magazin\/pavel-sporcl-okouzlil-i-ameriku-modre-housle-a-mix-klasiky-rocku-i-emoci-zkratka-zabiraji-vsude-na-svete\/#primaryimage","url":"https:\/\/www.karaoketexty.cz\/magazin\/wp-content\/uploads\/2026\/03\/Pavel-Sporcl-s-modrymi-houslemi.jpg","contentUrl":"https:\/\/www.karaoketexty.cz\/magazin\/wp-content\/uploads\/2026\/03\/Pavel-Sporcl-s-modrymi-houslemi.jpg","width":1200,"height":813,"caption":"Foto: Nextfoto, \u010cl\u00e1nek o: Pavel \u0160porcl okouzluje Ameriku. Modr\u00e9 housle a spojen\u00ed klasiky, rocku i emoc\u00ed zkr\u00e1tka zab\u00edraj\u00ed!"},{"@type":"BreadcrumbList","@id":"https:\/\/www.karaoketexty.cz\/magazin\/pavel-sporcl-okouzlil-i-ameriku-modre-housle-a-mix-klasiky-rocku-i-emoci-zkratka-zabiraji-vsude-na-svete\/#breadcrumb","itemListElement":[{"@type":"ListItem","position":1,"name":"Dom\u016f","item":"https:\/\/www.karaoketexty.cz\/magazin\/"},{"@type":"ListItem","position":2,"name":"Pavel \u0160porcl okouzlil i Ameriku: Modr\u00e9 housle a mix klasiky, rocku i emoc\u00ed zkr\u00e1tka zab\u00edraj\u00ed v\u0161ude na sv\u011bt\u011b"}]},{"@type":"WebSite","@id":"https:\/\/www.karaoketexty.cz\/magazin\/#website","url":"https:\/\/www.karaoketexty.cz\/magazin\/","name":"Stars Magaz\u00edn Karaoketexty.cz","description":"Stars Magaz\u00edn na Karaoketexty.cz je zam\u011b\u0159en\u00fd na novinky ze sv\u011bta hudby a celebrit. Obsahuje \u010dl\u00e1nky o zp\u011bv\u00e1c\u00edch, kapel\u00e1ch, nov\u00fdch albech, hudebn\u00edch trendech a dal\u0161\u00edch zaj\u00edmavostech z hudebn\u00edho pr\u016fmyslu.","potentialAction":[{"@type":"SearchAction","target":{"@type":"EntryPoint","urlTemplate":"https:\/\/www.karaoketexty.cz\/magazin\/?s={search_term_string}"},"query-input":{"@type":"PropertyValueSpecification","valueRequired":true,"valueName":"search_term_string"}}],"inLanguage":"cs"},{"@type":"Person","@id":"https:\/\/www.karaoketexty.cz\/magazin\/#\/schema\/person\/03220d610ed4cba378a72bac3443f821","name":"Veronika \u0160imkov\u00e1","image":{"@type":"ImageObject","inLanguage":"cs","@id":"https:\/\/secure.gravatar.com\/avatar\/62af9cda83322200aaf20e60d0442fbca254ce18c0ffdcaaf83de31493c941a5?s=96&d=mm&r=g","url":"https:\/\/secure.gravatar.com\/avatar\/62af9cda83322200aaf20e60d0442fbca254ce18c0ffdcaaf83de31493c941a5?s=96&d=mm&r=g","contentUrl":"https:\/\/secure.gravatar.com\/avatar\/62af9cda83322200aaf20e60d0442fbca254ce18c0ffdcaaf83de31493c941a5?s=96&d=mm&r=g","caption":"Veronika \u0160imkov\u00e1"},"url":"https:\/\/www.karaoketexty.cz\/magazin\/author\/veronikasimkova\/"}]}},"_links":{"self":[{"href":"https:\/\/www.karaoketexty.cz\/magazin\/wp-json\/wp\/v2\/posts\/9154","targetHints":{"allow":["GET"]}}],"collection":[{"href":"https:\/\/www.karaoketexty.cz\/magazin\/wp-json\/wp\/v2\/posts"}],"about":[{"href":"https:\/\/www.karaoketexty.cz\/magazin\/wp-json\/wp\/v2\/types\/post"}],"author":[{"embeddable":true,"href":"https:\/\/www.karaoketexty.cz\/magazin\/wp-json\/wp\/v2\/users\/5"}],"replies":[{"embeddable":true,"href":"https:\/\/www.karaoketexty.cz\/magazin\/wp-json\/wp\/v2\/comments?post=9154"}],"version-history":[{"count":5,"href":"https:\/\/www.karaoketexty.cz\/magazin\/wp-json\/wp\/v2\/posts\/9154\/revisions"}],"predecessor-version":[{"id":9255,"href":"https:\/\/www.karaoketexty.cz\/magazin\/wp-json\/wp\/v2\/posts\/9154\/revisions\/9255"}],"wp:featuredmedia":[{"embeddable":true,"href":"https:\/\/www.karaoketexty.cz\/magazin\/wp-json\/wp\/v2\/media\/9166"}],"wp:attachment":[{"href":"https:\/\/www.karaoketexty.cz\/magazin\/wp-json\/wp\/v2\/media?parent=9154"}],"wp:term":[{"taxonomy":"category","embeddable":true,"href":"https:\/\/www.karaoketexty.cz\/magazin\/wp-json\/wp\/v2\/categories?post=9154"},{"taxonomy":"post_tag","embeddable":true,"href":"https:\/\/www.karaoketexty.cz\/magazin\/wp-json\/wp\/v2\/tags?post=9154"}],"curies":[{"name":"wp","href":"https:\/\/api.w.org\/{rel}","templated":true}]}}