{"id":9085,"date":"2026-03-14T07:30:00","date_gmt":"2026-03-14T06:30:00","guid":{"rendered":"https:\/\/www.karaoketexty.cz\/magazin\/?p=9085"},"modified":"2026-03-13T14:59:27","modified_gmt":"2026-03-13T13:59:27","slug":"ministr-kultury-jako-rapper-oto-klempir-vydal-v-roce-2012-sve-prvni-solove-album-spicka-a-vystoupil-ze-stinu-j-a-r","status":"publish","type":"post","link":"https:\/\/www.karaoketexty.cz\/magazin\/ministr-kultury-jako-rapper-oto-klempir-vydal-v-roce-2012-sve-prvni-solove-album-spicka-a-vystoupil-ze-stinu-j-a-r\/","title":{"rendered":"Ministr kultury jako rapper: Oto Klemp\u00ed\u0159 vydal v roce 2012 sv\u00e9 prvn\u00ed s\u00f3lov\u00e9 album \u0160pi\u010dka a vystoupil ze st\u00ednu J.A.R."},"content":{"rendered":"\n<p><strong>Kdy\u017e Oto Klemp\u00ed\u0159 v roce 2012 vydal album \u0160pi\u010dka, \u0161lo o moment, na kter\u00fd \u010dekal dlouh\u00e9 roky. Deska tehdy odkryla autora i interpreta, kter\u00fd se neb\u00e1l j\u00edt vlastn\u00ed cestou a vsadit na silnou atmosf\u00e9ru i v\u00fdrazn\u00e9 texty.<\/strong><\/p>\n\n\n\n<p>V roce 2012 se Oto Klemp\u00ed\u0159 p\u0159ipomn\u011bl jinak, ne\u017e na n\u011bj byli poslucha\u010di zvykl\u00ed z kapely J.A.R. Po letech pr\u00e1ce pro domovskou skupinu i dal\u0161\u00ed projekty tehdy vydal sv\u00e9 prvn\u00ed s\u00f3lov\u00e9 album \u0160pi\u010dka. Na t\u00e9to nahr\u00e1vce spojil rap, recitaci, \u0161anson i zp\u011bv a uk\u00e1zal se v mnohem osobn\u011bj\u0161\u00ed poloze. Texty st\u0159\u00eddaly ironii, nads\u00e1zku, cit i melancholii. Pr\u00e1v\u011b na jeho s\u00f3lov\u00fd po\u010din jsme se na Karaoketexty zam\u011b\u0159ili.<\/p>\n\n\n<!-- karaoketexty.cz \/ rectangle2 -->\n<div id=\"PX_37086_709110796310826\"><\/div>\n<script>\n   if(!useMobileAds && !boolUseSeznamAds && !hideAllAds){\n     window.px2 = window.px2 || { conf: {},queue: [] };\n     px2.queue.push(function () {\n        px2.render({\n           slot: {\n              id: 37086\n           },\n            elem: \"PX_37086_709110796310826\"\n        })\n     });\n  }\n<\/script>\n\n<!-- karaoketexty.cz \/ mobile-rectangle3 -->\n<div id=\"PX_37044_714599773297004\"><\/div>\n<script>\n   if(useMobileAds && !boolUseSeznamAds && !hideAllAds){\nwindow.px2 = window.px2 || { conf: {},queue: [] };\npx2.queue.push(function () {\n\tpx2.render({\n\t\tslot: {\n\t\t\tid: 37044\n\t\t},\n\t\telem: \"PX_37044_714599773297004\"\n\t})\n});\n}\n<\/script>\n\n\n<h2 class=\"wp-block-heading\">Na s\u00f3lovou desku \u010dekal p\u0159es dvacet let<\/h2>\n\n\n\n<p>\u0160pi\u010dka nevznikla narychlo ani jako vedlej\u0161\u00ed n\u00e1pad mezi jin\u00fdmi projekty. Oto Klemp\u00ed\u0159 se k n\u00ed propracov\u00e1val v\u00edc ne\u017e dv\u011b desetilet\u00ed a dlouho si hledal chv\u00edli, kdy p\u0159ijde spr\u00e1vn\u00fd \u010das. Do t\u00e9 doby se v\u011bnoval hlavn\u011b texta\u0159sk\u00e9 a interpreta\u010dn\u00ed pr\u00e1ci pro J.A.R. i pro dal\u0161\u00ed hudebn\u00ed spolupr\u00e1ce.<\/p>\n\n\n\n<p>Kdy\u017e pak album kone\u010dn\u011b vy\u0161lo, bralo se jako d\u016fle\u017eit\u00fd osobn\u00ed krok. Klemp\u00ed\u0159 na n\u011bm dostal prostor uk\u00e1zat vlastn\u00ed sv\u011bt bez toho, aby st\u00e1l ve st\u00ednu zn\u00e1m\u011bj\u0161\u00edch koleg\u016f. Velkou roli na desce hr\u00e1la slova, co\u017e u Oty Klemp\u00ed\u0159e nikoho nep\u0159ekvapilo. Texty m\u00edchaly dadaismus, sarkasmus, jemnost i smutek a tvo\u0159ily jednu z nejsiln\u011bj\u0161\u00edch \u010d\u00e1st\u00ed cel\u00e9 nahr\u00e1vky. Objevila se i angli\u010dtina.<\/p>\n\n\n<!-- karaoketexty.cz \/ interscroller1 -->\n\n<div id=\"PX_37041_825057871452834\"><\/div>\n<script>\nif(useMobileAds && !boolUseSeznamAds && !hideAllAds){\n\twindow.px2 = window.px2 || { conf: {},queue: [] };\n\tpx2.queue.push(function () {\n\t\tpx2.render({\n\t\t\tslot: {\n\t\t\t\tid: 37041\n\t\t\t},\n\t\t\telem: \"PX_37041_825057871452834\"\n\t\t})\n\t});\n}\n<\/script>\n\n\n<h2 class=\"wp-block-heading\">Do alba vstoupil i Dan B\u00e1rta<\/h2>\n\n\n\n<p>Hudebn\u011b album v\u00fdrazn\u011b formoval Oskar R\u00f3zsa, kter\u00fd mu dodal hlub\u0161\u00ed, temn\u011bj\u0161\u00ed a m\u00edsty a\u017e no\u010dn\u00ed n\u00e1ladu. Oba se shodli, \u017ee nep\u016fjde o \u017e\u00e1dnou popovou desku. \u201e<em>Zvolili jsme minimalismus. P\u00e1r n\u00e1stroj\u016f a v\u00edce nebo m\u00e9n\u011b rapovan\u00fd text, kter\u00fd se dokonce ob\u010das p\u0159eleje do norm\u00e1ln\u00ed promluvy<\/em>,\u201c popsal Klemp\u00ed\u0159 pro iDnes.<\/p>\n\n\n\n<iframe title=\"My Life - Official Music Video (Oto Klemp\u00ed\u0159, Oskar R\u00f3zsa - Album \u0160pi\u010dka)\" width=\"500\" height=\"281\" src=\"https:\/\/www.youtube.com\/embed\/rIIprPhtl6c?feature=oembed\" frameborder=\"0\" allow=\"accelerometer; autoplay; clipboard-write; encrypted-media; gyroscope; picture-in-picture; web-share\" referrerpolicy=\"strict-origin-when-cross-origin\" allowfullscreen><\/iframe>\n\n\n\n<p>D\u00edky tomu si \u0160pi\u010dka nesla vlastn\u00ed charakter a nesna\u017eila se p\u0159ipom\u00ednat nic jin\u00e9ho. Mezi hosty se tehdy objevil tak\u00e9 Dan B\u00e1rta, kter\u00fd n\u011bkolik skladeb doplnil v\u00fdrazn\u00fdmi vok\u00e1ly. Jeho hlas do celkov\u00e9 koncepce dob\u0159e zapadl a n\u011bkter\u00fdm p\u00edsn\u00edm p\u0159idal je\u0161t\u011b v\u011bt\u0161\u00ed s\u00edlu. Klemp\u00ed\u0159 nem\u011bl \u017e\u00e1dn\u00e9 velk\u00e9 ambice co se t\u00fd\u010de prodeje desky, cht\u011bl si hlavn\u011b u\u017e\u00edt koncertov\u00e1n\u00ed a p\u0159edat sv\u00e9 my\u0161lenky poslucha\u010d\u016fm.<\/p>\n\n\n\n<p>Zdroj: Autorsk\u00fd text, <a href=\"https:\/\/cs.wikipedia.org\/wiki\/%C5%A0pi%C4%8Dka_(album)\" target=\"_blank\" rel=\"noreferrer noopener nofollow\">Wikipedie<\/a>, <a href=\"https:\/\/wave.rozhlas.cz\/oto-klempir-oskar-rozsa-spicka-5236167\" target=\"_blank\" rel=\"noreferrer noopener nofollow\">RadioWave<\/a>, <a href=\"https:\/\/www.idnes.cz\/kultura\/hudba\/oto-klepmir-spicka-cd.A120202_205439_hudba_jaz\" target=\"_blank\" rel=\"noreferrer noopener nofollow\">iDnes<\/a>, <a href=\"https:\/\/www.youtube.com\/watch?v=rIIprPhtl6c&amp;list=RDrIIprPhtl6c&amp;start_radio=1\" target=\"_blank\" rel=\"noreferrer noopener nofollow\">YouTube JanKrejcir<\/a><\/p>\n\n\n            <a href=\"https:\/\/www.karaoketexty.cz\/magazin\/budou-novi-j-a-r-viktorik-mluvi-o-novem-singlu-i-podminkach-navratu\/\" class=\"related-post-link\">\n                <div class=\"post-thumbnail\">\n                    <img decoding=\"async\" width=\"250\" height=\"166\" src=\"https:\/\/www.karaoketexty.cz\/magazin\/wp-content\/uploads\/2025\/11\/roman-holy-j-a-r.jpg\" class=\"attachment-250x180 size-250x180 not-transparent\" alt=\"Fotografie Romana Hol\u00e9ho ze skupiny J.A.R.\" srcset=\"https:\/\/www.karaoketexty.cz\/magazin\/wp-content\/uploads\/2025\/11\/roman-holy-j-a-r.jpg 1200w, https:\/\/www.karaoketexty.cz\/magazin\/wp-content\/uploads\/2025\/11\/roman-holy-j-a-r-300x199.jpg 300w, https:\/\/www.karaoketexty.cz\/magazin\/wp-content\/uploads\/2025\/11\/roman-holy-j-a-r-1024x679.jpg 1024w, https:\/\/www.karaoketexty.cz\/magazin\/wp-content\/uploads\/2025\/11\/roman-holy-j-a-r-768x509.jpg 768w, https:\/\/www.karaoketexty.cz\/magazin\/wp-content\/uploads\/2025\/11\/roman-holy-j-a-r-800x533.jpg 800w\" sizes=\"(max-width: 250px) 100vw, 250px\" data-has-transparency=\"false\" data-dominant-color=\"454a5e\" style=\"--dominant-color: #454a5e;\" \/>                <\/div>\n                <div class=\"post-details\">\n                    <span class=\"also-read\">\u010ct\u011bte tak\u00e9:<\/span>\n                    <h3 class=\"hed\">Budou nov\u00ed J.A.R.? Vikto\u0159\u00edk mluv\u00ed o nov\u00e9m singlu i podm\u00ednk\u00e1ch n\u00e1vratu<\/h3>\n                <\/div>\n            <\/a>\n            \n\n            <a href=\"https:\/\/www.karaoketexty.cz\/magazin\/oto-klempir-narazil-na-odpor-kulturni-sceny-proc-umelci-odmitli-schuzku-s-ministrem\/\" class=\"related-post-link\">\n                <div class=\"post-thumbnail\">\n                    <img decoding=\"async\" width=\"250\" height=\"141\" src=\"https:\/\/www.karaoketexty.cz\/magazin\/wp-content\/uploads\/2026\/02\/oto-klempir.jpg\" class=\"attachment-250x180 size-250x180 not-transparent\" alt=\"Oto Klemp\u00ed\u0159\" srcset=\"https:\/\/www.karaoketexty.cz\/magazin\/wp-content\/uploads\/2026\/02\/oto-klempir.jpg 1200w, https:\/\/www.karaoketexty.cz\/magazin\/wp-content\/uploads\/2026\/02\/oto-klempir-300x169.jpg 300w, https:\/\/www.karaoketexty.cz\/magazin\/wp-content\/uploads\/2026\/02\/oto-klempir-1024x576.jpg 1024w, https:\/\/www.karaoketexty.cz\/magazin\/wp-content\/uploads\/2026\/02\/oto-klempir-768x432.jpg 768w, https:\/\/www.karaoketexty.cz\/magazin\/wp-content\/uploads\/2026\/02\/oto-klempir-800x450.jpg 800w\" sizes=\"(max-width: 250px) 100vw, 250px\" data-has-transparency=\"false\" data-dominant-color=\"8a8079\" style=\"--dominant-color: #8a8079;\" \/>                <\/div>\n                <div class=\"post-details\">\n                    <span class=\"also-read\">\u010ct\u011bte tak\u00e9:<\/span>\n                    <h3 class=\"hed\">Oto Klemp\u00ed\u0159 narazil na odpor kulturn\u00ed sc\u00e9ny: Pro\u010d um\u011blci odm\u00edtli sch\u016fzku s ministrem<\/h3>\n                <\/div>\n            <\/a>\n            ","protected":false},"excerpt":{"rendered":"<p>Kdy\u017e Oto Klemp\u00ed\u0159 v roce 2012 vydal album \u0160pi\u010dka, \u0161lo o moment, na kter\u00fd \u010dekal dlouh\u00e9 roky. Deska tehdy odkryla autora i interpreta, kter\u00fd se neb\u00e1l j\u00edt vlastn\u00ed cestou a vsadit na silnou atmosf\u00e9ru i v\u00fdrazn\u00e9 texty.<\/p>\n","protected":false},"author":5,"featured_media":9048,"comment_status":"open","ping_status":"closed","sticky":false,"template":"","format":"standard","meta":{"_yoast_wpseo_title":"V roce 2012 vydal Oto Klemp\u00ed\u0159 s\u00f3lov\u00e9 album a uk\u00e1zal jinou tv\u00e1\u0159","_yoast_wpseo_metadesc":"Oto Klemp\u00ed\u0159 v roce 2012 p\u0159edstavil prvn\u00ed s\u00f3lov\u00e9 album \u0160pi\u010dka. Deska spojila rap, \u0161anson i siln\u00e9 texty a uk\u00e1zala ho v mnohem osobn\u011bj\u0161\u00ed roli.","footnotes":""},"categories":[1059],"tags":[124,6726,562,571,10,481,424,585,828,6727,1060,578,743],"class_list":["post-9085","post","type-post","status-publish","format-standard","has-post-thumbnail","hentry","category-celebrity","tag-album","tag-album-spicka","tag-ceska-celebrita","tag-ceska-hudba","tag-dan-barta","tag-debutove-album","tag-hudebni-spoluprace","tag-j-a-r","tag-melancholie","tag-oskar-rozsa","tag-oto-klempir","tag-rap","tag-solova-kariera"],"yoast_head":"<!-- This site is optimized with the Yoast SEO plugin v27.5 - https:\/\/yoast.com\/product\/yoast-seo-wordpress\/ -->\n<title>V roce 2012 vydal Oto Klemp\u00ed\u0159 s\u00f3lov\u00e9 album a uk\u00e1zal jinou tv\u00e1\u0159<\/title>\n<meta name=\"description\" content=\"Oto Klemp\u00ed\u0159 v roce 2012 p\u0159edstavil prvn\u00ed s\u00f3lov\u00e9 album \u0160pi\u010dka. Deska spojila rap, \u0161anson i siln\u00e9 texty a uk\u00e1zala ho v mnohem osobn\u011bj\u0161\u00ed roli.\" \/>\n<meta name=\"robots\" content=\"index, follow, max-snippet:-1, max-image-preview:large, max-video-preview:-1\" \/>\n<link rel=\"canonical\" href=\"https:\/\/www.karaoketexty.cz\/magazin\/ministr-kultury-jako-rapper-oto-klempir-vydal-v-roce-2012-sve-prvni-solove-album-spicka-a-vystoupil-ze-stinu-j-a-r\/\" \/>\n<meta property=\"og:locale\" content=\"cs_CZ\" \/>\n<meta property=\"og:type\" content=\"article\" \/>\n<meta property=\"og:title\" content=\"V roce 2012 vydal Oto Klemp\u00ed\u0159 s\u00f3lov\u00e9 album a uk\u00e1zal jinou tv\u00e1\u0159\" \/>\n<meta property=\"og:description\" content=\"Oto Klemp\u00ed\u0159 v roce 2012 p\u0159edstavil prvn\u00ed s\u00f3lov\u00e9 album \u0160pi\u010dka. Deska spojila rap, \u0161anson i siln\u00e9 texty a uk\u00e1zala ho v mnohem osobn\u011bj\u0161\u00ed roli.\" \/>\n<meta property=\"og:url\" content=\"https:\/\/www.karaoketexty.cz\/magazin\/ministr-kultury-jako-rapper-oto-klempir-vydal-v-roce-2012-sve-prvni-solove-album-spicka-a-vystoupil-ze-stinu-j-a-r\/\" \/>\n<meta property=\"og:site_name\" content=\"Stars Magaz\u00edn Karaoketexty.cz\" \/>\n<meta property=\"article:published_time\" content=\"2026-03-14T06:30:00+00:00\" \/>\n<meta property=\"og:image\" content=\"https:\/\/www.karaoketexty.cz\/magazin\/wp-content\/uploads\/2026\/03\/oto-klempir.jpg\" \/>\n\t<meta property=\"og:image:width\" content=\"1200\" \/>\n\t<meta property=\"og:image:height\" content=\"675\" \/>\n\t<meta property=\"og:image:type\" content=\"image\/jpeg\" \/>\n<meta name=\"author\" content=\"Veronika \u0160imkov\u00e1\" \/>\n<meta name=\"twitter:card\" content=\"summary_large_image\" \/>\n<meta name=\"twitter:label1\" content=\"Napsal(a)\" \/>\n\t<meta name=\"twitter:data1\" content=\"Veronika \u0160imkov\u00e1\" \/>\n\t<meta name=\"twitter:label2\" content=\"Odhadovan\u00e1 doba \u010dten\u00ed\" \/>\n\t<meta name=\"twitter:data2\" content=\"3 minuty\" \/>\n<script type=\"application\/ld+json\" class=\"yoast-schema-graph\">{\"@context\":\"https:\\\/\\\/schema.org\",\"@graph\":[{\"@type\":\"Article\",\"@id\":\"https:\\\/\\\/www.karaoketexty.cz\\\/magazin\\\/ministr-kultury-jako-rapper-oto-klempir-vydal-v-roce-2012-sve-prvni-solove-album-spicka-a-vystoupil-ze-stinu-j-a-r\\\/#article\",\"isPartOf\":{\"@id\":\"https:\\\/\\\/www.karaoketexty.cz\\\/magazin\\\/ministr-kultury-jako-rapper-oto-klempir-vydal-v-roce-2012-sve-prvni-solove-album-spicka-a-vystoupil-ze-stinu-j-a-r\\\/\"},\"author\":{\"name\":\"Veronika \u0160imkov\u00e1\",\"@id\":\"https:\\\/\\\/www.karaoketexty.cz\\\/magazin\\\/#\\\/schema\\\/person\\\/03220d610ed4cba378a72bac3443f821\"},\"headline\":\"Ministr kultury jako rapper: Oto Klemp\u00ed\u0159 vydal v roce 2012 sv\u00e9 prvn\u00ed s\u00f3lov\u00e9 album \u0160pi\u010dka a vystoupil ze st\u00ednu J.A.R.\",\"datePublished\":\"2026-03-14T06:30:00+00:00\",\"mainEntityOfPage\":{\"@id\":\"https:\\\/\\\/www.karaoketexty.cz\\\/magazin\\\/ministr-kultury-jako-rapper-oto-klempir-vydal-v-roce-2012-sve-prvni-solove-album-spicka-a-vystoupil-ze-stinu-j-a-r\\\/\"},\"wordCount\":478,\"commentCount\":0,\"image\":{\"@id\":\"https:\\\/\\\/www.karaoketexty.cz\\\/magazin\\\/ministr-kultury-jako-rapper-oto-klempir-vydal-v-roce-2012-sve-prvni-solove-album-spicka-a-vystoupil-ze-stinu-j-a-r\\\/#primaryimage\"},\"thumbnailUrl\":\"https:\\\/\\\/www.karaoketexty.cz\\\/magazin\\\/wp-content\\\/uploads\\\/2026\\\/03\\\/oto-klempir.jpg\",\"keywords\":[\"album\",\"album \u0160pi\u010dka\",\"\u010desk\u00e1 celebrita\",\"\u010desk\u00e1 hudba\",\"Dan B\u00e1rta\",\"debutov\u00e9 album\",\"hudebn\u00ed spolupr\u00e1ce\",\"J.A.R.\",\"melancholie\",\"Oskar R\u00f3zsa\",\"Oto Klemp\u00ed\u0159\",\"rap\",\"s\u00f3lov\u00e1 kari\u00e9ra\"],\"articleSection\":[\"Celebrity\"],\"inLanguage\":\"cs\",\"potentialAction\":[{\"@type\":\"CommentAction\",\"name\":\"Comment\",\"target\":[\"https:\\\/\\\/www.karaoketexty.cz\\\/magazin\\\/ministr-kultury-jako-rapper-oto-klempir-vydal-v-roce-2012-sve-prvni-solove-album-spicka-a-vystoupil-ze-stinu-j-a-r\\\/#respond\"]}]},{\"@type\":\"WebPage\",\"@id\":\"https:\\\/\\\/www.karaoketexty.cz\\\/magazin\\\/ministr-kultury-jako-rapper-oto-klempir-vydal-v-roce-2012-sve-prvni-solove-album-spicka-a-vystoupil-ze-stinu-j-a-r\\\/\",\"url\":\"https:\\\/\\\/www.karaoketexty.cz\\\/magazin\\\/ministr-kultury-jako-rapper-oto-klempir-vydal-v-roce-2012-sve-prvni-solove-album-spicka-a-vystoupil-ze-stinu-j-a-r\\\/\",\"name\":\"V roce 2012 vydal Oto Klemp\u00ed\u0159 s\u00f3lov\u00e9 album a uk\u00e1zal jinou tv\u00e1\u0159\",\"isPartOf\":{\"@id\":\"https:\\\/\\\/www.karaoketexty.cz\\\/magazin\\\/#website\"},\"primaryImageOfPage\":{\"@id\":\"https:\\\/\\\/www.karaoketexty.cz\\\/magazin\\\/ministr-kultury-jako-rapper-oto-klempir-vydal-v-roce-2012-sve-prvni-solove-album-spicka-a-vystoupil-ze-stinu-j-a-r\\\/#primaryimage\"},\"image\":{\"@id\":\"https:\\\/\\\/www.karaoketexty.cz\\\/magazin\\\/ministr-kultury-jako-rapper-oto-klempir-vydal-v-roce-2012-sve-prvni-solove-album-spicka-a-vystoupil-ze-stinu-j-a-r\\\/#primaryimage\"},\"thumbnailUrl\":\"https:\\\/\\\/www.karaoketexty.cz\\\/magazin\\\/wp-content\\\/uploads\\\/2026\\\/03\\\/oto-klempir.jpg\",\"datePublished\":\"2026-03-14T06:30:00+00:00\",\"author\":{\"@id\":\"https:\\\/\\\/www.karaoketexty.cz\\\/magazin\\\/#\\\/schema\\\/person\\\/03220d610ed4cba378a72bac3443f821\"},\"description\":\"Oto Klemp\u00ed\u0159 v roce 2012 p\u0159edstavil prvn\u00ed s\u00f3lov\u00e9 album \u0160pi\u010dka. Deska spojila rap, \u0161anson i siln\u00e9 texty a uk\u00e1zala ho v mnohem osobn\u011bj\u0161\u00ed roli.\",\"breadcrumb\":{\"@id\":\"https:\\\/\\\/www.karaoketexty.cz\\\/magazin\\\/ministr-kultury-jako-rapper-oto-klempir-vydal-v-roce-2012-sve-prvni-solove-album-spicka-a-vystoupil-ze-stinu-j-a-r\\\/#breadcrumb\"},\"inLanguage\":\"cs\",\"potentialAction\":[{\"@type\":\"ReadAction\",\"target\":[\"https:\\\/\\\/www.karaoketexty.cz\\\/magazin\\\/ministr-kultury-jako-rapper-oto-klempir-vydal-v-roce-2012-sve-prvni-solove-album-spicka-a-vystoupil-ze-stinu-j-a-r\\\/\"]}]},{\"@type\":\"ImageObject\",\"inLanguage\":\"cs\",\"@id\":\"https:\\\/\\\/www.karaoketexty.cz\\\/magazin\\\/ministr-kultury-jako-rapper-oto-klempir-vydal-v-roce-2012-sve-prvni-solove-album-spicka-a-vystoupil-ze-stinu-j-a-r\\\/#primaryimage\",\"url\":\"https:\\\/\\\/www.karaoketexty.cz\\\/magazin\\\/wp-content\\\/uploads\\\/2026\\\/03\\\/oto-klempir.jpg\",\"contentUrl\":\"https:\\\/\\\/www.karaoketexty.cz\\\/magazin\\\/wp-content\\\/uploads\\\/2026\\\/03\\\/oto-klempir.jpg\",\"width\":1200,\"height\":675,\"caption\":\"Fotografie: Nextfoto\"},{\"@type\":\"BreadcrumbList\",\"@id\":\"https:\\\/\\\/www.karaoketexty.cz\\\/magazin\\\/ministr-kultury-jako-rapper-oto-klempir-vydal-v-roce-2012-sve-prvni-solove-album-spicka-a-vystoupil-ze-stinu-j-a-r\\\/#breadcrumb\",\"itemListElement\":[{\"@type\":\"ListItem\",\"position\":1,\"name\":\"Dom\u016f\",\"item\":\"https:\\\/\\\/www.karaoketexty.cz\\\/magazin\\\/\"},{\"@type\":\"ListItem\",\"position\":2,\"name\":\"Ministr kultury jako rapper: Oto Klemp\u00ed\u0159 vydal v roce 2012 sv\u00e9 prvn\u00ed s\u00f3lov\u00e9 album \u0160pi\u010dka a vystoupil ze st\u00ednu J.A.R.\"}]},{\"@type\":\"WebSite\",\"@id\":\"https:\\\/\\\/www.karaoketexty.cz\\\/magazin\\\/#website\",\"url\":\"https:\\\/\\\/www.karaoketexty.cz\\\/magazin\\\/\",\"name\":\"Stars Magaz\u00edn Karaoketexty.cz\",\"description\":\"Stars Magaz\u00edn na Karaoketexty.cz je zam\u011b\u0159en\u00fd na novinky ze sv\u011bta hudby a celebrit. Obsahuje \u010dl\u00e1nky o zp\u011bv\u00e1c\u00edch, kapel\u00e1ch, nov\u00fdch albech, hudebn\u00edch trendech a dal\u0161\u00edch zaj\u00edmavostech z hudebn\u00edho pr\u016fmyslu.\",\"potentialAction\":[{\"@type\":\"SearchAction\",\"target\":{\"@type\":\"EntryPoint\",\"urlTemplate\":\"https:\\\/\\\/www.karaoketexty.cz\\\/magazin\\\/?s={search_term_string}\"},\"query-input\":{\"@type\":\"PropertyValueSpecification\",\"valueRequired\":true,\"valueName\":\"search_term_string\"}}],\"inLanguage\":\"cs\"},{\"@type\":\"Person\",\"@id\":\"https:\\\/\\\/www.karaoketexty.cz\\\/magazin\\\/#\\\/schema\\\/person\\\/03220d610ed4cba378a72bac3443f821\",\"name\":\"Veronika \u0160imkov\u00e1\",\"image\":{\"@type\":\"ImageObject\",\"inLanguage\":\"cs\",\"@id\":\"https:\\\/\\\/secure.gravatar.com\\\/avatar\\\/62af9cda83322200aaf20e60d0442fbca254ce18c0ffdcaaf83de31493c941a5?s=96&d=mm&r=g\",\"url\":\"https:\\\/\\\/secure.gravatar.com\\\/avatar\\\/62af9cda83322200aaf20e60d0442fbca254ce18c0ffdcaaf83de31493c941a5?s=96&d=mm&r=g\",\"contentUrl\":\"https:\\\/\\\/secure.gravatar.com\\\/avatar\\\/62af9cda83322200aaf20e60d0442fbca254ce18c0ffdcaaf83de31493c941a5?s=96&d=mm&r=g\",\"caption\":\"Veronika \u0160imkov\u00e1\"},\"url\":\"https:\\\/\\\/www.karaoketexty.cz\\\/magazin\\\/author\\\/veronikasimkova\\\/\"}]}<\/script>\n<!-- \/ Yoast SEO plugin. -->","yoast_head_json":{"title":"V roce 2012 vydal Oto Klemp\u00ed\u0159 s\u00f3lov\u00e9 album a uk\u00e1zal jinou tv\u00e1\u0159","description":"Oto Klemp\u00ed\u0159 v roce 2012 p\u0159edstavil prvn\u00ed s\u00f3lov\u00e9 album \u0160pi\u010dka. Deska spojila rap, \u0161anson i siln\u00e9 texty a uk\u00e1zala ho v mnohem osobn\u011bj\u0161\u00ed roli.","robots":{"index":"index","follow":"follow","max-snippet":"max-snippet:-1","max-image-preview":"max-image-preview:large","max-video-preview":"max-video-preview:-1"},"canonical":"https:\/\/www.karaoketexty.cz\/magazin\/ministr-kultury-jako-rapper-oto-klempir-vydal-v-roce-2012-sve-prvni-solove-album-spicka-a-vystoupil-ze-stinu-j-a-r\/","og_locale":"cs_CZ","og_type":"article","og_title":"V roce 2012 vydal Oto Klemp\u00ed\u0159 s\u00f3lov\u00e9 album a uk\u00e1zal jinou tv\u00e1\u0159","og_description":"Oto Klemp\u00ed\u0159 v roce 2012 p\u0159edstavil prvn\u00ed s\u00f3lov\u00e9 album \u0160pi\u010dka. Deska spojila rap, \u0161anson i siln\u00e9 texty a uk\u00e1zala ho v mnohem osobn\u011bj\u0161\u00ed roli.","og_url":"https:\/\/www.karaoketexty.cz\/magazin\/ministr-kultury-jako-rapper-oto-klempir-vydal-v-roce-2012-sve-prvni-solove-album-spicka-a-vystoupil-ze-stinu-j-a-r\/","og_site_name":"Stars Magaz\u00edn Karaoketexty.cz","article_published_time":"2026-03-14T06:30:00+00:00","og_image":[{"width":1200,"height":675,"url":"https:\/\/www.karaoketexty.cz\/magazin\/wp-content\/uploads\/2026\/03\/oto-klempir.jpg","type":"image\/jpeg"}],"author":"Veronika \u0160imkov\u00e1","twitter_card":"summary_large_image","twitter_misc":{"Napsal(a)":"Veronika \u0160imkov\u00e1","Odhadovan\u00e1 doba \u010dten\u00ed":"3 minuty"},"schema":{"@context":"https:\/\/schema.org","@graph":[{"@type":"Article","@id":"https:\/\/www.karaoketexty.cz\/magazin\/ministr-kultury-jako-rapper-oto-klempir-vydal-v-roce-2012-sve-prvni-solove-album-spicka-a-vystoupil-ze-stinu-j-a-r\/#article","isPartOf":{"@id":"https:\/\/www.karaoketexty.cz\/magazin\/ministr-kultury-jako-rapper-oto-klempir-vydal-v-roce-2012-sve-prvni-solove-album-spicka-a-vystoupil-ze-stinu-j-a-r\/"},"author":{"name":"Veronika \u0160imkov\u00e1","@id":"https:\/\/www.karaoketexty.cz\/magazin\/#\/schema\/person\/03220d610ed4cba378a72bac3443f821"},"headline":"Ministr kultury jako rapper: Oto Klemp\u00ed\u0159 vydal v roce 2012 sv\u00e9 prvn\u00ed s\u00f3lov\u00e9 album \u0160pi\u010dka a vystoupil ze st\u00ednu J.A.R.","datePublished":"2026-03-14T06:30:00+00:00","mainEntityOfPage":{"@id":"https:\/\/www.karaoketexty.cz\/magazin\/ministr-kultury-jako-rapper-oto-klempir-vydal-v-roce-2012-sve-prvni-solove-album-spicka-a-vystoupil-ze-stinu-j-a-r\/"},"wordCount":478,"commentCount":0,"image":{"@id":"https:\/\/www.karaoketexty.cz\/magazin\/ministr-kultury-jako-rapper-oto-klempir-vydal-v-roce-2012-sve-prvni-solove-album-spicka-a-vystoupil-ze-stinu-j-a-r\/#primaryimage"},"thumbnailUrl":"https:\/\/www.karaoketexty.cz\/magazin\/wp-content\/uploads\/2026\/03\/oto-klempir.jpg","keywords":["album","album \u0160pi\u010dka","\u010desk\u00e1 celebrita","\u010desk\u00e1 hudba","Dan B\u00e1rta","debutov\u00e9 album","hudebn\u00ed spolupr\u00e1ce","J.A.R.","melancholie","Oskar R\u00f3zsa","Oto Klemp\u00ed\u0159","rap","s\u00f3lov\u00e1 kari\u00e9ra"],"articleSection":["Celebrity"],"inLanguage":"cs","potentialAction":[{"@type":"CommentAction","name":"Comment","target":["https:\/\/www.karaoketexty.cz\/magazin\/ministr-kultury-jako-rapper-oto-klempir-vydal-v-roce-2012-sve-prvni-solove-album-spicka-a-vystoupil-ze-stinu-j-a-r\/#respond"]}]},{"@type":"WebPage","@id":"https:\/\/www.karaoketexty.cz\/magazin\/ministr-kultury-jako-rapper-oto-klempir-vydal-v-roce-2012-sve-prvni-solove-album-spicka-a-vystoupil-ze-stinu-j-a-r\/","url":"https:\/\/www.karaoketexty.cz\/magazin\/ministr-kultury-jako-rapper-oto-klempir-vydal-v-roce-2012-sve-prvni-solove-album-spicka-a-vystoupil-ze-stinu-j-a-r\/","name":"V roce 2012 vydal Oto Klemp\u00ed\u0159 s\u00f3lov\u00e9 album a uk\u00e1zal jinou tv\u00e1\u0159","isPartOf":{"@id":"https:\/\/www.karaoketexty.cz\/magazin\/#website"},"primaryImageOfPage":{"@id":"https:\/\/www.karaoketexty.cz\/magazin\/ministr-kultury-jako-rapper-oto-klempir-vydal-v-roce-2012-sve-prvni-solove-album-spicka-a-vystoupil-ze-stinu-j-a-r\/#primaryimage"},"image":{"@id":"https:\/\/www.karaoketexty.cz\/magazin\/ministr-kultury-jako-rapper-oto-klempir-vydal-v-roce-2012-sve-prvni-solove-album-spicka-a-vystoupil-ze-stinu-j-a-r\/#primaryimage"},"thumbnailUrl":"https:\/\/www.karaoketexty.cz\/magazin\/wp-content\/uploads\/2026\/03\/oto-klempir.jpg","datePublished":"2026-03-14T06:30:00+00:00","author":{"@id":"https:\/\/www.karaoketexty.cz\/magazin\/#\/schema\/person\/03220d610ed4cba378a72bac3443f821"},"description":"Oto Klemp\u00ed\u0159 v roce 2012 p\u0159edstavil prvn\u00ed s\u00f3lov\u00e9 album \u0160pi\u010dka. Deska spojila rap, \u0161anson i siln\u00e9 texty a uk\u00e1zala ho v mnohem osobn\u011bj\u0161\u00ed roli.","breadcrumb":{"@id":"https:\/\/www.karaoketexty.cz\/magazin\/ministr-kultury-jako-rapper-oto-klempir-vydal-v-roce-2012-sve-prvni-solove-album-spicka-a-vystoupil-ze-stinu-j-a-r\/#breadcrumb"},"inLanguage":"cs","potentialAction":[{"@type":"ReadAction","target":["https:\/\/www.karaoketexty.cz\/magazin\/ministr-kultury-jako-rapper-oto-klempir-vydal-v-roce-2012-sve-prvni-solove-album-spicka-a-vystoupil-ze-stinu-j-a-r\/"]}]},{"@type":"ImageObject","inLanguage":"cs","@id":"https:\/\/www.karaoketexty.cz\/magazin\/ministr-kultury-jako-rapper-oto-klempir-vydal-v-roce-2012-sve-prvni-solove-album-spicka-a-vystoupil-ze-stinu-j-a-r\/#primaryimage","url":"https:\/\/www.karaoketexty.cz\/magazin\/wp-content\/uploads\/2026\/03\/oto-klempir.jpg","contentUrl":"https:\/\/www.karaoketexty.cz\/magazin\/wp-content\/uploads\/2026\/03\/oto-klempir.jpg","width":1200,"height":675,"caption":"Fotografie: Nextfoto"},{"@type":"BreadcrumbList","@id":"https:\/\/www.karaoketexty.cz\/magazin\/ministr-kultury-jako-rapper-oto-klempir-vydal-v-roce-2012-sve-prvni-solove-album-spicka-a-vystoupil-ze-stinu-j-a-r\/#breadcrumb","itemListElement":[{"@type":"ListItem","position":1,"name":"Dom\u016f","item":"https:\/\/www.karaoketexty.cz\/magazin\/"},{"@type":"ListItem","position":2,"name":"Ministr kultury jako rapper: Oto Klemp\u00ed\u0159 vydal v roce 2012 sv\u00e9 prvn\u00ed s\u00f3lov\u00e9 album \u0160pi\u010dka a vystoupil ze st\u00ednu J.A.R."}]},{"@type":"WebSite","@id":"https:\/\/www.karaoketexty.cz\/magazin\/#website","url":"https:\/\/www.karaoketexty.cz\/magazin\/","name":"Stars Magaz\u00edn Karaoketexty.cz","description":"Stars Magaz\u00edn na Karaoketexty.cz je zam\u011b\u0159en\u00fd na novinky ze sv\u011bta hudby a celebrit. Obsahuje \u010dl\u00e1nky o zp\u011bv\u00e1c\u00edch, kapel\u00e1ch, nov\u00fdch albech, hudebn\u00edch trendech a dal\u0161\u00edch zaj\u00edmavostech z hudebn\u00edho pr\u016fmyslu.","potentialAction":[{"@type":"SearchAction","target":{"@type":"EntryPoint","urlTemplate":"https:\/\/www.karaoketexty.cz\/magazin\/?s={search_term_string}"},"query-input":{"@type":"PropertyValueSpecification","valueRequired":true,"valueName":"search_term_string"}}],"inLanguage":"cs"},{"@type":"Person","@id":"https:\/\/www.karaoketexty.cz\/magazin\/#\/schema\/person\/03220d610ed4cba378a72bac3443f821","name":"Veronika \u0160imkov\u00e1","image":{"@type":"ImageObject","inLanguage":"cs","@id":"https:\/\/secure.gravatar.com\/avatar\/62af9cda83322200aaf20e60d0442fbca254ce18c0ffdcaaf83de31493c941a5?s=96&d=mm&r=g","url":"https:\/\/secure.gravatar.com\/avatar\/62af9cda83322200aaf20e60d0442fbca254ce18c0ffdcaaf83de31493c941a5?s=96&d=mm&r=g","contentUrl":"https:\/\/secure.gravatar.com\/avatar\/62af9cda83322200aaf20e60d0442fbca254ce18c0ffdcaaf83de31493c941a5?s=96&d=mm&r=g","caption":"Veronika \u0160imkov\u00e1"},"url":"https:\/\/www.karaoketexty.cz\/magazin\/author\/veronikasimkova\/"}]}},"_links":{"self":[{"href":"https:\/\/www.karaoketexty.cz\/magazin\/wp-json\/wp\/v2\/posts\/9085","targetHints":{"allow":["GET"]}}],"collection":[{"href":"https:\/\/www.karaoketexty.cz\/magazin\/wp-json\/wp\/v2\/posts"}],"about":[{"href":"https:\/\/www.karaoketexty.cz\/magazin\/wp-json\/wp\/v2\/types\/post"}],"author":[{"embeddable":true,"href":"https:\/\/www.karaoketexty.cz\/magazin\/wp-json\/wp\/v2\/users\/5"}],"replies":[{"embeddable":true,"href":"https:\/\/www.karaoketexty.cz\/magazin\/wp-json\/wp\/v2\/comments?post=9085"}],"version-history":[{"count":4,"href":"https:\/\/www.karaoketexty.cz\/magazin\/wp-json\/wp\/v2\/posts\/9085\/revisions"}],"predecessor-version":[{"id":9226,"href":"https:\/\/www.karaoketexty.cz\/magazin\/wp-json\/wp\/v2\/posts\/9085\/revisions\/9226"}],"wp:featuredmedia":[{"embeddable":true,"href":"https:\/\/www.karaoketexty.cz\/magazin\/wp-json\/wp\/v2\/media\/9048"}],"wp:attachment":[{"href":"https:\/\/www.karaoketexty.cz\/magazin\/wp-json\/wp\/v2\/media?parent=9085"}],"wp:term":[{"taxonomy":"category","embeddable":true,"href":"https:\/\/www.karaoketexty.cz\/magazin\/wp-json\/wp\/v2\/categories?post=9085"},{"taxonomy":"post_tag","embeddable":true,"href":"https:\/\/www.karaoketexty.cz\/magazin\/wp-json\/wp\/v2\/tags?post=9085"}],"curies":[{"name":"wp","href":"https:\/\/api.w.org\/{rel}","templated":true}]}}