{"id":9039,"date":"2026-03-14T09:06:00","date_gmt":"2026-03-14T08:06:00","guid":{"rendered":"https:\/\/www.karaoketexty.cz\/magazin\/?p=9039"},"modified":"2026-03-13T15:04:16","modified_gmt":"2026-03-13T14:04:16","slug":"boj-o-pisen-a-ty-se-ptas-co-ja-ceskou-verzi-hitu-abby-nakonec-nazpivala-helena-vondrackova-misto-karla-gotta","status":"publish","type":"post","link":"https:\/\/www.karaoketexty.cz\/magazin\/boj-o-pisen-a-ty-se-ptas-co-ja-ceskou-verzi-hitu-abby-nakonec-nazpivala-helena-vondrackova-misto-karla-gotta\/","title":{"rendered":"Boj o p\u00edse\u0148 \u201eA ty se pt\u00e1\u0161, co j\u00e1\u201c: \u010ceskou verzi hitu Abby nakonec nazp\u00edvala Helena Vondr\u00e1\u010dkov\u00e1 m\u00edsto Karla Gotta"},"content":{"rendered":"\n<p><strong>Zn\u00e1m\u00fd hit skupiny ABBA l\u00e1kal i \u010desk\u00e9 interprety. O mo\u017enost nazp\u00edvat \u010deskou verzi p\u00edsn\u011b \u201eThe Winner Takes It All\u201c se zaj\u00edmali Helena Vondr\u00e1\u010dkov\u00e1 i Karel Gott, ale nakonec byla rychlej\u0161\u00ed Vondr\u00e1\u010dkov\u00e1.<\/strong><\/p>\n\n\n\n<p>N\u011bkter\u00e9 p\u00edsn\u011b maj\u00ed s\u00edlu oslovit zp\u011bv\u00e1ky nap\u0159\u00ed\u010d sv\u011btem. Jednou z nich je slavn\u00e1 skladba \u201eThe Winner Takes It All\u201c od skupiny ABBA. Melodie i emotivn\u00ed text zaujaly tak\u00e9 \u010desk\u00e9 hudebn\u00edky, kte\u0159\u00ed cht\u011bli vytvo\u0159it vlastn\u00ed verzi. Vznikla tak situace, kdy o jednu p\u00edse\u0148 projevily z\u00e1jem dv\u011b velk\u00e9 hv\u011bzdy dom\u00e1c\u00ed sc\u00e9ny. Na Karaoketexty n\u00e1s zaj\u00edmalo, jak to tehdy prob\u00edhalo.<\/p>\n\n\n<!-- karaoketexty.cz \/ rectangle2 -->\n<div id=\"PX_37086_709110796310826\"><\/div>\n<script>\n   if(!useMobileAds && !boolUseSeznamAds && !hideAllAds){\n     window.px2 = window.px2 || { conf: {},queue: [] };\n     px2.queue.push(function () {\n        px2.render({\n           slot: {\n              id: 37086\n           },\n            elem: \"PX_37086_709110796310826\"\n        })\n     });\n  }\n<\/script>\n\n<!-- karaoketexty.cz \/ mobile-rectangle3 -->\n<div id=\"PX_37044_714599773297004\"><\/div>\n<script>\n   if(useMobileAds && !boolUseSeznamAds && !hideAllAds){\nwindow.px2 = window.px2 || { conf: {},queue: [] };\npx2.queue.push(function () {\n\tpx2.render({\n\t\tslot: {\n\t\t\tid: 37044\n\t\t},\n\t\telem: \"PX_37044_714599773297004\"\n\t})\n});\n}\n<\/script>\n\n\n<h2 class=\"wp-block-heading\">Dva velc\u00ed zp\u011bv\u00e1ci a jedna p\u00edse\u0148<\/h2>\n\n\n\n<p>O \u010deskou verzi tohoto hitu st\u00e1la jak Helena Vondr\u00e1\u010dkov\u00e1, tak Karel Gott. Oba pat\u0159ili mezi nejv\u00fdrazn\u011bj\u0161\u00ed osobnosti \u010desk\u00e9 popul\u00e1rn\u00ed hudby a ka\u017ed\u00fd z nich m\u011bl o p\u00edsni vlastn\u00ed p\u0159edstavu. V t\u00e9 dob\u011b nebylo neobvykl\u00e9, \u017ee zahrani\u010dn\u00ed hity dost\u00e1valy \u010desk\u00e9 texty a novou interpretaci. Mohla ale vyj\u00edt jen jedna m\u00edstn\u00ed cover verze, a tak nakonec rozhodla rychlost. Helena Vondr\u00e1\u010dkov\u00e1 stihla svou verzi p\u0159ipravit d\u0159\u00edv, a pr\u00e1v\u011b ta jej\u00ed byla vyd\u00e1na. Karel Gott tedy svou p\u00edse\u0148 Kdy\u017e v\u00edt\u011bz m\u00e1v\u00e1 n\u00e1m na album p\u0159idat nemohl.<\/p>\n\n\n\n<p>\u010cesk\u00e1 verze od Vondr\u00e1\u010dkov\u00e9 dostala n\u00e1zev \u201eA ty se pt\u00e1\u0161, co j\u00e1\u201c a za textem stoj\u00ed Zden\u011bk Borovec. P\u00edse\u0148 si rychle na\u0161la sv\u00e9 m\u00edsto mezi zn\u00e1m\u00fdmi hity zp\u011bva\u010dky a dodnes ji fanou\u0161ci dob\u0159e znaj\u00ed. Siln\u00e1 melodie p\u016fvodn\u00ed skladby z\u016fstala zachovan\u00e1, \u010desk\u00fd text j\u00ed ale dodal vlastn\u00ed n\u00e1ladu. Interpretace Vondr\u00e1\u010dkov\u00e9 p\u016fsobila emotivn\u011b a z\u00e1rove\u0148 velmi p\u0159irozen\u011b. Pr\u00e1v\u011b d\u00edky tomu si p\u00edse\u0148 z\u00edskala popularitu i mezi poslucha\u010di, kte\u0159\u00ed p\u016fvodn\u00ed verzi od Abby znali jen okrajov\u011b.<\/p>\n\n\n<!-- karaoketexty.cz \/ interscroller1 -->\n\n<div id=\"PX_37041_825057871452834\"><\/div>\n<script>\nif(useMobileAds && !boolUseSeznamAds && !hideAllAds){\n\twindow.px2 = window.px2 || { conf: {},queue: [] };\n\tpx2.queue.push(function () {\n\t\tpx2.render({\n\t\t\tslot: {\n\t\t\t\tid: 37041\n\t\t\t},\n\t\t\telem: \"PX_37041_825057871452834\"\n\t\t})\n\t});\n}\n<\/script>\n\n\n<h2 class=\"wp-block-heading\">Kdy\u017e zahrani\u010dn\u00ed hity dostaly \u010desk\u00fd hlas<\/h2>\n\n\n\n<p>V minulosti bylo b\u011b\u017en\u00e9, \u017ee zn\u00e1m\u00e9 sv\u011btov\u00e9 skladby z\u00edsk\u00e1valy \u010desk\u00e9 texty a nov\u00e9 interprety. Publikum tak mohlo sly\u0161et obl\u00edben\u00e9 melodie ve vlastn\u00edm jazyce. Tento p\u0159\u00edstup pom\u00e1hal p\u0159ibli\u017eovat zahrani\u010dn\u00ed hudbu dom\u00e1c\u00edm poslucha\u010d\u016fm. V mnoha p\u0159\u00edpadech se z t\u011bchto verz\u00ed staly samostatn\u00e9 hity, kter\u00e9 dnes lid\u00e9 znaj\u00ed stejn\u011b dob\u0159e jako origin\u00e1l.<\/p>\n\n\n\n<blockquote class=\"instagram-media\" data-instgrm-captioned data-instgrm-permalink=\"https:\/\/www.instagram.com\/reel\/DVMHeMGDHWN\/?utm_source=ig_embed&amp;utm_campaign=loading\" data-instgrm-version=\"14\" style=\" background:#FFF; border:0; border-radius:3px; box-shadow:0 0 1px 0 rgba(0,0,0,0.5),0 1px 10px 0 rgba(0,0,0,0.15); margin: 1px; max-width:540px; min-width:326px; padding:0; width:99.375%; width:-webkit-calc(100% - 2px); width:calc(100% - 2px);\"><div style=\"padding:16px;\"> <a href=\"https:\/\/www.instagram.com\/reel\/DVMHeMGDHWN\/?utm_source=ig_embed&amp;utm_campaign=loading\" style=\" background:#FFFFFF; line-height:0; padding:0 0; text-align:center; text-decoration:none; width:100%;\" target=\"_blank\"> <div style=\" display: flex; flex-direction: row; align-items: center;\"> <div style=\"background-color: #F4F4F4; border-radius: 50%; flex-grow: 0; height: 40px; margin-right: 14px; width: 40px;\"><\/div> <div style=\"display: flex; flex-direction: column; flex-grow: 1; justify-content: center;\"> <div style=\" background-color: #F4F4F4; border-radius: 4px; flex-grow: 0; height: 14px; margin-bottom: 6px; width: 100px;\"><\/div> <div style=\" background-color: #F4F4F4; border-radius: 4px; flex-grow: 0; height: 14px; width: 60px;\"><\/div><\/div><\/div><div style=\"padding: 19% 0;\"><\/div> <div style=\"display:block; height:50px; margin:0 auto 12px; width:50px;\"><svg width=\"50px\" height=\"50px\" viewBox=\"0 0 60 60\" version=\"1.1\" xmlns=\"https:\/\/www.w3.org\/2000\/svg\" xmlns:xlink=\"https:\/\/www.w3.org\/1999\/xlink\"><g stroke=\"none\" stroke-width=\"1\" fill=\"none\" fill-rule=\"evenodd\"><g transform=\"translate(-511.000000, -20.000000)\" fill=\"#000000\"><g><path d=\"M556.869,30.41 C554.814,30.41 553.148,32.076 553.148,34.131 C553.148,36.186 554.814,37.852 556.869,37.852 C558.924,37.852 560.59,36.186 560.59,34.131 C560.59,32.076 558.924,30.41 556.869,30.41 M541,60.657 C535.114,60.657 530.342,55.887 530.342,50 C530.342,44.114 535.114,39.342 541,39.342 C546.887,39.342 551.658,44.114 551.658,50 C551.658,55.887 546.887,60.657 541,60.657 M541,33.886 C532.1,33.886 524.886,41.1 524.886,50 C524.886,58.899 532.1,66.113 541,66.113 C549.9,66.113 557.115,58.899 557.115,50 C557.115,41.1 549.9,33.886 541,33.886 M565.378,62.101 C565.244,65.022 564.756,66.606 564.346,67.663 C563.803,69.06 563.154,70.057 562.106,71.106 C561.058,72.155 560.06,72.803 558.662,73.347 C557.607,73.757 556.021,74.244 553.102,74.378 C549.944,74.521 548.997,74.552 541,74.552 C533.003,74.552 532.056,74.521 528.898,74.378 C525.979,74.244 524.393,73.757 523.338,73.347 C521.94,72.803 520.942,72.155 519.894,71.106 C518.846,70.057 518.197,69.06 517.654,67.663 C517.244,66.606 516.755,65.022 516.623,62.101 C516.479,58.943 516.448,57.996 516.448,50 C516.448,42.003 516.479,41.056 516.623,37.899 C516.755,34.978 517.244,33.391 517.654,32.338 C518.197,30.938 518.846,29.942 519.894,28.894 C520.942,27.846 521.94,27.196 523.338,26.654 C524.393,26.244 525.979,25.756 528.898,25.623 C532.057,25.479 533.004,25.448 541,25.448 C548.997,25.448 549.943,25.479 553.102,25.623 C556.021,25.756 557.607,26.244 558.662,26.654 C560.06,27.196 561.058,27.846 562.106,28.894 C563.154,29.942 563.803,30.938 564.346,32.338 C564.756,33.391 565.244,34.978 565.378,37.899 C565.522,41.056 565.552,42.003 565.552,50 C565.552,57.996 565.522,58.943 565.378,62.101 M570.82,37.631 C570.674,34.438 570.167,32.258 569.425,30.349 C568.659,28.377 567.633,26.702 565.965,25.035 C564.297,23.368 562.623,22.342 560.652,21.575 C558.743,20.834 556.562,20.326 553.369,20.18 C550.169,20.033 549.148,20 541,20 C532.853,20 531.831,20.033 528.631,20.18 C525.438,20.326 523.257,20.834 521.349,21.575 C519.376,22.342 517.703,23.368 516.035,25.035 C514.368,26.702 513.342,28.377 512.574,30.349 C511.834,32.258 511.326,34.438 511.181,37.631 C511.035,40.831 511,41.851 511,50 C511,58.147 511.035,59.17 511.181,62.369 C511.326,65.562 511.834,67.743 512.574,69.651 C513.342,71.625 514.368,73.296 516.035,74.965 C517.703,76.634 519.376,77.658 521.349,78.425 C523.257,79.167 525.438,79.673 528.631,79.82 C531.831,79.965 532.853,80.001 541,80.001 C549.148,80.001 550.169,79.965 553.369,79.82 C556.562,79.673 558.743,79.167 560.652,78.425 C562.623,77.658 564.297,76.634 565.965,74.965 C567.633,73.296 568.659,71.625 569.425,69.651 C570.167,67.743 570.674,65.562 570.82,62.369 C570.966,59.17 571,58.147 571,50 C571,41.851 570.966,40.831 570.82,37.631\"><\/path><\/g><\/g><\/g><\/svg><\/div><div style=\"padding-top: 8px;\"> <div style=\" color:#3897f0; font-family:Arial,sans-serif; font-size:14px; font-style:normal; font-weight:550; line-height:18px;\">Zobrazit p\u0159\u00edsp\u011bvek na Instagramu<\/div><\/div><div style=\"padding: 12.5% 0;\"><\/div> <div style=\"display: flex; flex-direction: row; margin-bottom: 14px; align-items: center;\"><div> <div style=\"background-color: #F4F4F4; border-radius: 50%; height: 12.5px; width: 12.5px; transform: translateX(0px) translateY(7px);\"><\/div> <div style=\"background-color: #F4F4F4; height: 12.5px; transform: rotate(-45deg) translateX(3px) translateY(1px); width: 12.5px; flex-grow: 0; margin-right: 14px; margin-left: 2px;\"><\/div> <div style=\"background-color: #F4F4F4; border-radius: 50%; height: 12.5px; width: 12.5px; transform: translateX(9px) translateY(-18px);\"><\/div><\/div><div style=\"margin-left: 8px;\"> <div style=\" background-color: #F4F4F4; border-radius: 50%; flex-grow: 0; height: 20px; width: 20px;\"><\/div> <div style=\" width: 0; height: 0; border-top: 2px solid transparent; border-left: 6px solid #f4f4f4; border-bottom: 2px solid transparent; transform: translateX(16px) translateY(-4px) rotate(30deg)\"><\/div><\/div><div style=\"margin-left: auto;\"> <div style=\" width: 0px; border-top: 8px solid #F4F4F4; border-right: 8px solid transparent; transform: translateY(16px);\"><\/div> <div style=\" background-color: #F4F4F4; flex-grow: 0; height: 12px; width: 16px; transform: translateY(-4px);\"><\/div> <div style=\" width: 0; height: 0; border-top: 8px solid #F4F4F4; border-left: 8px solid transparent; transform: translateY(-4px) translateX(8px);\"><\/div><\/div><\/div> <div style=\"display: flex; flex-direction: column; flex-grow: 1; justify-content: center; margin-bottom: 24px;\"> <div style=\" background-color: #F4F4F4; border-radius: 4px; flex-grow: 0; height: 14px; margin-bottom: 6px; width: 224px;\"><\/div> <div style=\" background-color: #F4F4F4; border-radius: 4px; flex-grow: 0; height: 14px; width: 144px;\"><\/div><\/div><\/a><p style=\" color:#c9c8cd; font-family:Arial,sans-serif; font-size:14px; line-height:17px; margin-bottom:0; margin-top:8px; overflow:hidden; padding:8px 0 7px; text-align:center; text-overflow:ellipsis; white-space:nowrap;\"><a href=\"https:\/\/www.instagram.com\/reel\/DVMHeMGDHWN\/?utm_source=ig_embed&amp;utm_campaign=loading\" style=\" color:#c9c8cd; font-family:Arial,sans-serif; font-size:14px; font-style:normal; font-weight:normal; line-height:17px; text-decoration:none;\" target=\"_blank\">P\u0159\u00edsp\u011bvek sd\u00edlen\u00fd Supraphon (@supraphon)<\/a><\/p><\/div><\/blockquote>\n<script async src=\"\/\/www.instagram.com\/embed.js\"><\/script>\n\n\n\n<p>P\u0159\u00edb\u011bh kolem \u010desk\u00e9 verze ukazuje, jak siln\u00fd vliv m\u011bla hudba Abby i na \u010deskou sc\u00e9nu. A tak\u00e9 to, \u017ee n\u011bkdy rozhoduje opravdu jen p\u00e1r dn\u00ed. Helena Vondr\u00e1\u010dkov\u00e1 byla rychlej\u0161\u00ed a p\u00edse\u0148 si tak nav\u017edy spojila se sv\u00fdm jm\u00e9nem. Dnes \u201eA ty se pt\u00e1\u0161 co j\u00e1\u201c p\u0159ipom\u00edn\u00e1 dobu, kdy \u010desk\u00e9 verze sv\u011btov\u00fdch hit\u016f pat\u0159ily k b\u011b\u017en\u00e9 sou\u010d\u00e1sti hudebn\u00edho \u017eivota. A z\u00e1rove\u0148 ukazuje, jak bl\u00edzko m\u011bla \u010desk\u00e1 sc\u00e9na ke sv\u011btov\u00fdm melodi\u00edm.<\/p>\n\n\n\n<p>Zdroj: Autorsk\u00fd text, <a href=\"https:\/\/www.instagram.com\/reel\/DVMHeMGDHWN\/?utm_source=ig_web_copy_link\">Instagram Supraphon<\/a>, <a href=\"https:\/\/www.facebook.com\/watch\/?v=1117875137037512\" target=\"_blank\" rel=\"noreferrer noopener nofollow\">Facebook TelevizeA11<\/a><\/p>\n\n\n            <a href=\"https:\/\/www.karaoketexty.cz\/magazin\/proc-je-nikdo-nema-rad-helena-vondrackova-a-ilona-csakova-ovladly-youtube-trendy-s-nestarnoucim-hitem\/\" class=\"related-post-link\">\n                <div class=\"post-thumbnail\">\n                    <img decoding=\"async\" width=\"250\" height=\"141\" src=\"https:\/\/www.karaoketexty.cz\/magazin\/wp-content\/uploads\/2025\/12\/helena-vondrackova.jpg\" class=\"attachment-250x180 size-250x180 not-transparent\" alt=\"Helena Vondr\u00e1\u010dkov\u00e1\" srcset=\"https:\/\/www.karaoketexty.cz\/magazin\/wp-content\/uploads\/2025\/12\/helena-vondrackova.jpg 1200w, https:\/\/www.karaoketexty.cz\/magazin\/wp-content\/uploads\/2025\/12\/helena-vondrackova-300x169.jpg 300w, https:\/\/www.karaoketexty.cz\/magazin\/wp-content\/uploads\/2025\/12\/helena-vondrackova-1024x576.jpg 1024w, https:\/\/www.karaoketexty.cz\/magazin\/wp-content\/uploads\/2025\/12\/helena-vondrackova-768x432.jpg 768w, https:\/\/www.karaoketexty.cz\/magazin\/wp-content\/uploads\/2025\/12\/helena-vondrackova-800x450.jpg 800w\" sizes=\"(max-width: 250px) 100vw, 250px\" data-has-transparency=\"false\" data-dominant-color=\"d8cace\" style=\"--dominant-color: #d8cace;\" \/>                <\/div>\n                <div class=\"post-details\">\n                    <span class=\"also-read\">\u010ct\u011bte tak\u00e9:<\/span>\n                    <h3 class=\"hed\">Pro\u010d je nikdo nem\u00e1 r\u00e1d: Helena Vondr\u00e1\u010dkov\u00e1 a Ilona Cs\u00e1kov\u00e1 ovl\u00e1dly YouTube trendy s nest\u00e1rnouc\u00edm hitem<\/h3>\n                <\/div>\n            <\/a>\n            \n\n            <a href=\"https:\/\/www.karaoketexty.cz\/magazin\/knize-pornofolku-ktereho-poslouchal-i-gott-zavis-zustava-soliterem-ceske-sceny\/\" class=\"related-post-link\">\n                <div class=\"post-thumbnail\">\n                    <img decoding=\"async\" width=\"250\" height=\"167\" src=\"https:\/\/www.karaoketexty.cz\/magazin\/wp-content\/uploads\/2026\/03\/2048px-Mucha-krest-alba-Nana-Brno-Musilka-Zavis2016.jpg\" class=\"attachment-250x180 size-250x180 not-transparent\" alt=\"Z\u00e1vi\u0161 na koncert\u011b\" srcset=\"https:\/\/www.karaoketexty.cz\/magazin\/wp-content\/uploads\/2026\/03\/2048px-Mucha-krest-alba-Nana-Brno-Musilka-Zavis2016.jpg 2048w, https:\/\/www.karaoketexty.cz\/magazin\/wp-content\/uploads\/2026\/03\/2048px-Mucha-krest-alba-Nana-Brno-Musilka-Zavis2016-300x200.jpg 300w, https:\/\/www.karaoketexty.cz\/magazin\/wp-content\/uploads\/2026\/03\/2048px-Mucha-krest-alba-Nana-Brno-Musilka-Zavis2016-1024x683.jpg 1024w, https:\/\/www.karaoketexty.cz\/magazin\/wp-content\/uploads\/2026\/03\/2048px-Mucha-krest-alba-Nana-Brno-Musilka-Zavis2016-768x512.jpg 768w, https:\/\/www.karaoketexty.cz\/magazin\/wp-content\/uploads\/2026\/03\/2048px-Mucha-krest-alba-Nana-Brno-Musilka-Zavis2016-1536x1024.jpg 1536w, https:\/\/www.karaoketexty.cz\/magazin\/wp-content\/uploads\/2026\/03\/2048px-Mucha-krest-alba-Nana-Brno-Musilka-Zavis2016-800x533.jpg 800w\" sizes=\"(max-width: 250px) 100vw, 250px\" data-has-transparency=\"false\" data-dominant-color=\"3c2b22\" style=\"--dominant-color: #3c2b22;\" \/>                <\/div>\n                <div class=\"post-details\">\n                    <span class=\"also-read\">\u010ct\u011bte tak\u00e9:<\/span>\n                    <h3 class=\"hed\">Kn\u00ed\u017ee pornofolku, kter\u00e9ho poslouchal i Gott: Z\u00e1vi\u0161 z\u016fst\u00e1v\u00e1 solit\u00e9rem \u010desk\u00e9 sc\u00e9ny<\/h3>\n                <\/div>\n            <\/a>\n            \n\n\n<iframe src=\"https:\/\/www.facebook.com\/plugins\/video.php?height=476&#038;href=https%3A%2F%2Fwww.facebook.com%2Freel%2F1117875137037512%2F&#038;show_text=false&#038;width=267&#038;t=0\" width=\"267\" height=\"600\" style=\"border:none;overflow:hidden\" scrolling=\"no\" frameborder=\"0\" allowfullscreen=\"true\" allow=\"autoplay; clipboard-write; encrypted-media; picture-in-picture; web-share\" allowFullScreen=\"true\"><\/iframe>\n","protected":false},"excerpt":{"rendered":"<p>Zn\u00e1m\u00fd hit skupiny ABBA l\u00e1kal i \u010desk\u00e9 interprety. O mo\u017enost nazp\u00edvat \u010deskou verzi p\u00edsn\u011b \u201eThe Winner Takes It All\u201c se zaj\u00edmali Helena Vondr\u00e1\u010dkov\u00e1 i Karel Gott, ale nakonec byla rychlej\u0161\u00ed Vondr\u00e1\u010dkov\u00e1.<\/p>\n","protected":false},"author":4,"featured_media":9047,"comment_status":"open","ping_status":"closed","sticky":false,"template":"","format":"standard","meta":{"_yoast_wpseo_title":"Vondr\u00e1\u010dkov\u00e1 s Gottem svedli bitvu o p\u00edse\u0148 Abby","_yoast_wpseo_metadesc":"\u010cesk\u00fd cover p\u00edsn\u011b \u201eThe Winner Takes It All\u201c cht\u011bli nazp\u00edvat Helena Vondr\u00e1\u010dkov\u00e1 i Karel Gott. Nakonec se t\u00edm proslavila pr\u00e1v\u011b Vondr\u00e1\u010dkov\u00e1.","footnotes":""},"categories":[1059],"tags":[4936,562,571,459,328,71,6729,6730,6728,51,11],"class_list":["post-9039","post","type-post","status-publish","format-standard","has-post-thumbnail","hentry","category-celebrity","tag-abba","tag-ceska-celebrita","tag-ceska-hudba","tag-coververze","tag-helena-vondrackova","tag-karel-gott","tag-pisen-a-ty-se-ptas-co-ja","tag-pisen-the-winner-takes-it-all","tag-zdenek-borovec","tag-zpevacka","tag-zpevak"],"yoast_head":"<!-- This site is optimized with the Yoast SEO plugin v27.5 - https:\/\/yoast.com\/product\/yoast-seo-wordpress\/ -->\n<title>Vondr\u00e1\u010dkov\u00e1 s Gottem svedli bitvu o p\u00edse\u0148 Abby<\/title>\n<meta name=\"description\" content=\"\u010cesk\u00fd cover p\u00edsn\u011b \u201eThe Winner Takes It All\u201c cht\u011bli nazp\u00edvat Helena Vondr\u00e1\u010dkov\u00e1 i Karel Gott. Nakonec se t\u00edm proslavila pr\u00e1v\u011b Vondr\u00e1\u010dkov\u00e1.\" \/>\n<meta name=\"robots\" content=\"index, follow, max-snippet:-1, max-image-preview:large, max-video-preview:-1\" \/>\n<link rel=\"canonical\" href=\"https:\/\/www.karaoketexty.cz\/magazin\/boj-o-pisen-a-ty-se-ptas-co-ja-ceskou-verzi-hitu-abby-nakonec-nazpivala-helena-vondrackova-misto-karla-gotta\/\" \/>\n<meta property=\"og:locale\" content=\"cs_CZ\" \/>\n<meta property=\"og:type\" content=\"article\" \/>\n<meta property=\"og:title\" content=\"Vondr\u00e1\u010dkov\u00e1 s Gottem svedli bitvu o p\u00edse\u0148 Abby\" \/>\n<meta property=\"og:description\" content=\"\u010cesk\u00fd cover p\u00edsn\u011b \u201eThe Winner Takes It All\u201c cht\u011bli nazp\u00edvat Helena Vondr\u00e1\u010dkov\u00e1 i Karel Gott. Nakonec se t\u00edm proslavila pr\u00e1v\u011b Vondr\u00e1\u010dkov\u00e1.\" \/>\n<meta property=\"og:url\" content=\"https:\/\/www.karaoketexty.cz\/magazin\/boj-o-pisen-a-ty-se-ptas-co-ja-ceskou-verzi-hitu-abby-nakonec-nazpivala-helena-vondrackova-misto-karla-gotta\/\" \/>\n<meta property=\"og:site_name\" content=\"Stars Magaz\u00edn Karaoketexty.cz\" \/>\n<meta property=\"article:published_time\" content=\"2026-03-14T08:06:00+00:00\" \/>\n<meta property=\"og:image\" content=\"https:\/\/www.karaoketexty.cz\/magazin\/wp-content\/uploads\/2026\/03\/helena-vondrackova.jpg\" \/>\n\t<meta property=\"og:image:width\" content=\"1200\" \/>\n\t<meta property=\"og:image:height\" content=\"675\" \/>\n\t<meta property=\"og:image:type\" content=\"image\/jpeg\" \/>\n<meta name=\"author\" content=\"Barbora Kop\u0159ivov\u00e1\" \/>\n<meta name=\"twitter:card\" content=\"summary_large_image\" \/>\n<meta name=\"twitter:label1\" content=\"Napsal(a)\" \/>\n\t<meta name=\"twitter:data1\" content=\"Barbora Kop\u0159ivov\u00e1\" \/>\n\t<meta name=\"twitter:label2\" content=\"Odhadovan\u00e1 doba \u010dten\u00ed\" \/>\n\t<meta name=\"twitter:data2\" content=\"3 minuty\" \/>\n<script type=\"application\/ld+json\" class=\"yoast-schema-graph\">{\"@context\":\"https:\\\/\\\/schema.org\",\"@graph\":[{\"@type\":\"Article\",\"@id\":\"https:\\\/\\\/www.karaoketexty.cz\\\/magazin\\\/boj-o-pisen-a-ty-se-ptas-co-ja-ceskou-verzi-hitu-abby-nakonec-nazpivala-helena-vondrackova-misto-karla-gotta\\\/#article\",\"isPartOf\":{\"@id\":\"https:\\\/\\\/www.karaoketexty.cz\\\/magazin\\\/boj-o-pisen-a-ty-se-ptas-co-ja-ceskou-verzi-hitu-abby-nakonec-nazpivala-helena-vondrackova-misto-karla-gotta\\\/\"},\"author\":{\"name\":\"Barbora Kop\u0159ivov\u00e1\",\"@id\":\"https:\\\/\\\/www.karaoketexty.cz\\\/magazin\\\/#\\\/schema\\\/person\\\/37c0164a04038267c8a56ad6d60df749\"},\"headline\":\"Boj o p\u00edse\u0148 \u201eA ty se pt\u00e1\u0161, co j\u00e1\u201c: \u010ceskou verzi hitu Abby nakonec nazp\u00edvala Helena Vondr\u00e1\u010dkov\u00e1 m\u00edsto Karla Gotta\",\"datePublished\":\"2026-03-14T08:06:00+00:00\",\"mainEntityOfPage\":{\"@id\":\"https:\\\/\\\/www.karaoketexty.cz\\\/magazin\\\/boj-o-pisen-a-ty-se-ptas-co-ja-ceskou-verzi-hitu-abby-nakonec-nazpivala-helena-vondrackova-misto-karla-gotta\\\/\"},\"wordCount\":542,\"commentCount\":0,\"image\":{\"@id\":\"https:\\\/\\\/www.karaoketexty.cz\\\/magazin\\\/boj-o-pisen-a-ty-se-ptas-co-ja-ceskou-verzi-hitu-abby-nakonec-nazpivala-helena-vondrackova-misto-karla-gotta\\\/#primaryimage\"},\"thumbnailUrl\":\"https:\\\/\\\/www.karaoketexty.cz\\\/magazin\\\/wp-content\\\/uploads\\\/2026\\\/03\\\/helena-vondrackova.jpg\",\"keywords\":[\"ABBA\",\"\u010desk\u00e1 celebrita\",\"\u010desk\u00e1 hudba\",\"coververze\",\"Helena Vondr\u00e1\u010dkov\u00e1\",\"Karel Gott\",\"P\u00edse\u0148 A ty se pt\u00e1\u0161 co j\u00e1\",\"P\u00edse\u0148 The Winner Takes It All\",\"Zden\u011bk Borovec\",\"Zp\u011bva\u010dka\",\"Zp\u011bv\u00e1k\"],\"articleSection\":[\"Celebrity\"],\"inLanguage\":\"cs\",\"potentialAction\":[{\"@type\":\"CommentAction\",\"name\":\"Comment\",\"target\":[\"https:\\\/\\\/www.karaoketexty.cz\\\/magazin\\\/boj-o-pisen-a-ty-se-ptas-co-ja-ceskou-verzi-hitu-abby-nakonec-nazpivala-helena-vondrackova-misto-karla-gotta\\\/#respond\"]}]},{\"@type\":\"WebPage\",\"@id\":\"https:\\\/\\\/www.karaoketexty.cz\\\/magazin\\\/boj-o-pisen-a-ty-se-ptas-co-ja-ceskou-verzi-hitu-abby-nakonec-nazpivala-helena-vondrackova-misto-karla-gotta\\\/\",\"url\":\"https:\\\/\\\/www.karaoketexty.cz\\\/magazin\\\/boj-o-pisen-a-ty-se-ptas-co-ja-ceskou-verzi-hitu-abby-nakonec-nazpivala-helena-vondrackova-misto-karla-gotta\\\/\",\"name\":\"Vondr\u00e1\u010dkov\u00e1 s Gottem svedli bitvu o p\u00edse\u0148 Abby\",\"isPartOf\":{\"@id\":\"https:\\\/\\\/www.karaoketexty.cz\\\/magazin\\\/#website\"},\"primaryImageOfPage\":{\"@id\":\"https:\\\/\\\/www.karaoketexty.cz\\\/magazin\\\/boj-o-pisen-a-ty-se-ptas-co-ja-ceskou-verzi-hitu-abby-nakonec-nazpivala-helena-vondrackova-misto-karla-gotta\\\/#primaryimage\"},\"image\":{\"@id\":\"https:\\\/\\\/www.karaoketexty.cz\\\/magazin\\\/boj-o-pisen-a-ty-se-ptas-co-ja-ceskou-verzi-hitu-abby-nakonec-nazpivala-helena-vondrackova-misto-karla-gotta\\\/#primaryimage\"},\"thumbnailUrl\":\"https:\\\/\\\/www.karaoketexty.cz\\\/magazin\\\/wp-content\\\/uploads\\\/2026\\\/03\\\/helena-vondrackova.jpg\",\"datePublished\":\"2026-03-14T08:06:00+00:00\",\"author\":{\"@id\":\"https:\\\/\\\/www.karaoketexty.cz\\\/magazin\\\/#\\\/schema\\\/person\\\/37c0164a04038267c8a56ad6d60df749\"},\"description\":\"\u010cesk\u00fd cover p\u00edsn\u011b \u201eThe Winner Takes It All\u201c cht\u011bli nazp\u00edvat Helena Vondr\u00e1\u010dkov\u00e1 i Karel Gott. Nakonec se t\u00edm proslavila pr\u00e1v\u011b Vondr\u00e1\u010dkov\u00e1.\",\"breadcrumb\":{\"@id\":\"https:\\\/\\\/www.karaoketexty.cz\\\/magazin\\\/boj-o-pisen-a-ty-se-ptas-co-ja-ceskou-verzi-hitu-abby-nakonec-nazpivala-helena-vondrackova-misto-karla-gotta\\\/#breadcrumb\"},\"inLanguage\":\"cs\",\"potentialAction\":[{\"@type\":\"ReadAction\",\"target\":[\"https:\\\/\\\/www.karaoketexty.cz\\\/magazin\\\/boj-o-pisen-a-ty-se-ptas-co-ja-ceskou-verzi-hitu-abby-nakonec-nazpivala-helena-vondrackova-misto-karla-gotta\\\/\"]}]},{\"@type\":\"ImageObject\",\"inLanguage\":\"cs\",\"@id\":\"https:\\\/\\\/www.karaoketexty.cz\\\/magazin\\\/boj-o-pisen-a-ty-se-ptas-co-ja-ceskou-verzi-hitu-abby-nakonec-nazpivala-helena-vondrackova-misto-karla-gotta\\\/#primaryimage\",\"url\":\"https:\\\/\\\/www.karaoketexty.cz\\\/magazin\\\/wp-content\\\/uploads\\\/2026\\\/03\\\/helena-vondrackova.jpg\",\"contentUrl\":\"https:\\\/\\\/www.karaoketexty.cz\\\/magazin\\\/wp-content\\\/uploads\\\/2026\\\/03\\\/helena-vondrackova.jpg\",\"width\":1200,\"height\":675,\"caption\":\"Fotografie: Nextfoto\"},{\"@type\":\"BreadcrumbList\",\"@id\":\"https:\\\/\\\/www.karaoketexty.cz\\\/magazin\\\/boj-o-pisen-a-ty-se-ptas-co-ja-ceskou-verzi-hitu-abby-nakonec-nazpivala-helena-vondrackova-misto-karla-gotta\\\/#breadcrumb\",\"itemListElement\":[{\"@type\":\"ListItem\",\"position\":1,\"name\":\"Dom\u016f\",\"item\":\"https:\\\/\\\/www.karaoketexty.cz\\\/magazin\\\/\"},{\"@type\":\"ListItem\",\"position\":2,\"name\":\"Boj o p\u00edse\u0148 \u201eA ty se pt\u00e1\u0161, co j\u00e1\u201c: \u010ceskou verzi hitu Abby nakonec nazp\u00edvala Helena Vondr\u00e1\u010dkov\u00e1 m\u00edsto Karla Gotta\"}]},{\"@type\":\"WebSite\",\"@id\":\"https:\\\/\\\/www.karaoketexty.cz\\\/magazin\\\/#website\",\"url\":\"https:\\\/\\\/www.karaoketexty.cz\\\/magazin\\\/\",\"name\":\"Stars Magaz\u00edn Karaoketexty.cz\",\"description\":\"Stars Magaz\u00edn na Karaoketexty.cz je zam\u011b\u0159en\u00fd na novinky ze sv\u011bta hudby a celebrit. Obsahuje \u010dl\u00e1nky o zp\u011bv\u00e1c\u00edch, kapel\u00e1ch, nov\u00fdch albech, hudebn\u00edch trendech a dal\u0161\u00edch zaj\u00edmavostech z hudebn\u00edho pr\u016fmyslu.\",\"potentialAction\":[{\"@type\":\"SearchAction\",\"target\":{\"@type\":\"EntryPoint\",\"urlTemplate\":\"https:\\\/\\\/www.karaoketexty.cz\\\/magazin\\\/?s={search_term_string}\"},\"query-input\":{\"@type\":\"PropertyValueSpecification\",\"valueRequired\":true,\"valueName\":\"search_term_string\"}}],\"inLanguage\":\"cs\"},{\"@type\":\"Person\",\"@id\":\"https:\\\/\\\/www.karaoketexty.cz\\\/magazin\\\/#\\\/schema\\\/person\\\/37c0164a04038267c8a56ad6d60df749\",\"name\":\"Barbora Kop\u0159ivov\u00e1\",\"image\":{\"@type\":\"ImageObject\",\"inLanguage\":\"cs\",\"@id\":\"https:\\\/\\\/secure.gravatar.com\\\/avatar\\\/ad2ef9810228386d580851ef4bdde76abaa96054ff5b068c8873bc91afb2df84?s=96&d=mm&r=g\",\"url\":\"https:\\\/\\\/secure.gravatar.com\\\/avatar\\\/ad2ef9810228386d580851ef4bdde76abaa96054ff5b068c8873bc91afb2df84?s=96&d=mm&r=g\",\"contentUrl\":\"https:\\\/\\\/secure.gravatar.com\\\/avatar\\\/ad2ef9810228386d580851ef4bdde76abaa96054ff5b068c8873bc91afb2df84?s=96&d=mm&r=g\",\"caption\":\"Barbora Kop\u0159ivov\u00e1\"},\"url\":\"https:\\\/\\\/www.karaoketexty.cz\\\/magazin\\\/author\\\/barborakoprivova\\\/\"}]}<\/script>\n<!-- \/ Yoast SEO plugin. -->","yoast_head_json":{"title":"Vondr\u00e1\u010dkov\u00e1 s Gottem svedli bitvu o p\u00edse\u0148 Abby","description":"\u010cesk\u00fd cover p\u00edsn\u011b \u201eThe Winner Takes It All\u201c cht\u011bli nazp\u00edvat Helena Vondr\u00e1\u010dkov\u00e1 i Karel Gott. Nakonec se t\u00edm proslavila pr\u00e1v\u011b Vondr\u00e1\u010dkov\u00e1.","robots":{"index":"index","follow":"follow","max-snippet":"max-snippet:-1","max-image-preview":"max-image-preview:large","max-video-preview":"max-video-preview:-1"},"canonical":"https:\/\/www.karaoketexty.cz\/magazin\/boj-o-pisen-a-ty-se-ptas-co-ja-ceskou-verzi-hitu-abby-nakonec-nazpivala-helena-vondrackova-misto-karla-gotta\/","og_locale":"cs_CZ","og_type":"article","og_title":"Vondr\u00e1\u010dkov\u00e1 s Gottem svedli bitvu o p\u00edse\u0148 Abby","og_description":"\u010cesk\u00fd cover p\u00edsn\u011b \u201eThe Winner Takes It All\u201c cht\u011bli nazp\u00edvat Helena Vondr\u00e1\u010dkov\u00e1 i Karel Gott. Nakonec se t\u00edm proslavila pr\u00e1v\u011b Vondr\u00e1\u010dkov\u00e1.","og_url":"https:\/\/www.karaoketexty.cz\/magazin\/boj-o-pisen-a-ty-se-ptas-co-ja-ceskou-verzi-hitu-abby-nakonec-nazpivala-helena-vondrackova-misto-karla-gotta\/","og_site_name":"Stars Magaz\u00edn Karaoketexty.cz","article_published_time":"2026-03-14T08:06:00+00:00","og_image":[{"width":1200,"height":675,"url":"https:\/\/www.karaoketexty.cz\/magazin\/wp-content\/uploads\/2026\/03\/helena-vondrackova.jpg","type":"image\/jpeg"}],"author":"Barbora Kop\u0159ivov\u00e1","twitter_card":"summary_large_image","twitter_misc":{"Napsal(a)":"Barbora Kop\u0159ivov\u00e1","Odhadovan\u00e1 doba \u010dten\u00ed":"3 minuty"},"schema":{"@context":"https:\/\/schema.org","@graph":[{"@type":"Article","@id":"https:\/\/www.karaoketexty.cz\/magazin\/boj-o-pisen-a-ty-se-ptas-co-ja-ceskou-verzi-hitu-abby-nakonec-nazpivala-helena-vondrackova-misto-karla-gotta\/#article","isPartOf":{"@id":"https:\/\/www.karaoketexty.cz\/magazin\/boj-o-pisen-a-ty-se-ptas-co-ja-ceskou-verzi-hitu-abby-nakonec-nazpivala-helena-vondrackova-misto-karla-gotta\/"},"author":{"name":"Barbora Kop\u0159ivov\u00e1","@id":"https:\/\/www.karaoketexty.cz\/magazin\/#\/schema\/person\/37c0164a04038267c8a56ad6d60df749"},"headline":"Boj o p\u00edse\u0148 \u201eA ty se pt\u00e1\u0161, co j\u00e1\u201c: \u010ceskou verzi hitu Abby nakonec nazp\u00edvala Helena Vondr\u00e1\u010dkov\u00e1 m\u00edsto Karla Gotta","datePublished":"2026-03-14T08:06:00+00:00","mainEntityOfPage":{"@id":"https:\/\/www.karaoketexty.cz\/magazin\/boj-o-pisen-a-ty-se-ptas-co-ja-ceskou-verzi-hitu-abby-nakonec-nazpivala-helena-vondrackova-misto-karla-gotta\/"},"wordCount":542,"commentCount":0,"image":{"@id":"https:\/\/www.karaoketexty.cz\/magazin\/boj-o-pisen-a-ty-se-ptas-co-ja-ceskou-verzi-hitu-abby-nakonec-nazpivala-helena-vondrackova-misto-karla-gotta\/#primaryimage"},"thumbnailUrl":"https:\/\/www.karaoketexty.cz\/magazin\/wp-content\/uploads\/2026\/03\/helena-vondrackova.jpg","keywords":["ABBA","\u010desk\u00e1 celebrita","\u010desk\u00e1 hudba","coververze","Helena Vondr\u00e1\u010dkov\u00e1","Karel Gott","P\u00edse\u0148 A ty se pt\u00e1\u0161 co j\u00e1","P\u00edse\u0148 The Winner Takes It All","Zden\u011bk Borovec","Zp\u011bva\u010dka","Zp\u011bv\u00e1k"],"articleSection":["Celebrity"],"inLanguage":"cs","potentialAction":[{"@type":"CommentAction","name":"Comment","target":["https:\/\/www.karaoketexty.cz\/magazin\/boj-o-pisen-a-ty-se-ptas-co-ja-ceskou-verzi-hitu-abby-nakonec-nazpivala-helena-vondrackova-misto-karla-gotta\/#respond"]}]},{"@type":"WebPage","@id":"https:\/\/www.karaoketexty.cz\/magazin\/boj-o-pisen-a-ty-se-ptas-co-ja-ceskou-verzi-hitu-abby-nakonec-nazpivala-helena-vondrackova-misto-karla-gotta\/","url":"https:\/\/www.karaoketexty.cz\/magazin\/boj-o-pisen-a-ty-se-ptas-co-ja-ceskou-verzi-hitu-abby-nakonec-nazpivala-helena-vondrackova-misto-karla-gotta\/","name":"Vondr\u00e1\u010dkov\u00e1 s Gottem svedli bitvu o p\u00edse\u0148 Abby","isPartOf":{"@id":"https:\/\/www.karaoketexty.cz\/magazin\/#website"},"primaryImageOfPage":{"@id":"https:\/\/www.karaoketexty.cz\/magazin\/boj-o-pisen-a-ty-se-ptas-co-ja-ceskou-verzi-hitu-abby-nakonec-nazpivala-helena-vondrackova-misto-karla-gotta\/#primaryimage"},"image":{"@id":"https:\/\/www.karaoketexty.cz\/magazin\/boj-o-pisen-a-ty-se-ptas-co-ja-ceskou-verzi-hitu-abby-nakonec-nazpivala-helena-vondrackova-misto-karla-gotta\/#primaryimage"},"thumbnailUrl":"https:\/\/www.karaoketexty.cz\/magazin\/wp-content\/uploads\/2026\/03\/helena-vondrackova.jpg","datePublished":"2026-03-14T08:06:00+00:00","author":{"@id":"https:\/\/www.karaoketexty.cz\/magazin\/#\/schema\/person\/37c0164a04038267c8a56ad6d60df749"},"description":"\u010cesk\u00fd cover p\u00edsn\u011b \u201eThe Winner Takes It All\u201c cht\u011bli nazp\u00edvat Helena Vondr\u00e1\u010dkov\u00e1 i Karel Gott. Nakonec se t\u00edm proslavila pr\u00e1v\u011b Vondr\u00e1\u010dkov\u00e1.","breadcrumb":{"@id":"https:\/\/www.karaoketexty.cz\/magazin\/boj-o-pisen-a-ty-se-ptas-co-ja-ceskou-verzi-hitu-abby-nakonec-nazpivala-helena-vondrackova-misto-karla-gotta\/#breadcrumb"},"inLanguage":"cs","potentialAction":[{"@type":"ReadAction","target":["https:\/\/www.karaoketexty.cz\/magazin\/boj-o-pisen-a-ty-se-ptas-co-ja-ceskou-verzi-hitu-abby-nakonec-nazpivala-helena-vondrackova-misto-karla-gotta\/"]}]},{"@type":"ImageObject","inLanguage":"cs","@id":"https:\/\/www.karaoketexty.cz\/magazin\/boj-o-pisen-a-ty-se-ptas-co-ja-ceskou-verzi-hitu-abby-nakonec-nazpivala-helena-vondrackova-misto-karla-gotta\/#primaryimage","url":"https:\/\/www.karaoketexty.cz\/magazin\/wp-content\/uploads\/2026\/03\/helena-vondrackova.jpg","contentUrl":"https:\/\/www.karaoketexty.cz\/magazin\/wp-content\/uploads\/2026\/03\/helena-vondrackova.jpg","width":1200,"height":675,"caption":"Fotografie: Nextfoto"},{"@type":"BreadcrumbList","@id":"https:\/\/www.karaoketexty.cz\/magazin\/boj-o-pisen-a-ty-se-ptas-co-ja-ceskou-verzi-hitu-abby-nakonec-nazpivala-helena-vondrackova-misto-karla-gotta\/#breadcrumb","itemListElement":[{"@type":"ListItem","position":1,"name":"Dom\u016f","item":"https:\/\/www.karaoketexty.cz\/magazin\/"},{"@type":"ListItem","position":2,"name":"Boj o p\u00edse\u0148 \u201eA ty se pt\u00e1\u0161, co j\u00e1\u201c: \u010ceskou verzi hitu Abby nakonec nazp\u00edvala Helena Vondr\u00e1\u010dkov\u00e1 m\u00edsto Karla Gotta"}]},{"@type":"WebSite","@id":"https:\/\/www.karaoketexty.cz\/magazin\/#website","url":"https:\/\/www.karaoketexty.cz\/magazin\/","name":"Stars Magaz\u00edn Karaoketexty.cz","description":"Stars Magaz\u00edn na Karaoketexty.cz je zam\u011b\u0159en\u00fd na novinky ze sv\u011bta hudby a celebrit. Obsahuje \u010dl\u00e1nky o zp\u011bv\u00e1c\u00edch, kapel\u00e1ch, nov\u00fdch albech, hudebn\u00edch trendech a dal\u0161\u00edch zaj\u00edmavostech z hudebn\u00edho pr\u016fmyslu.","potentialAction":[{"@type":"SearchAction","target":{"@type":"EntryPoint","urlTemplate":"https:\/\/www.karaoketexty.cz\/magazin\/?s={search_term_string}"},"query-input":{"@type":"PropertyValueSpecification","valueRequired":true,"valueName":"search_term_string"}}],"inLanguage":"cs"},{"@type":"Person","@id":"https:\/\/www.karaoketexty.cz\/magazin\/#\/schema\/person\/37c0164a04038267c8a56ad6d60df749","name":"Barbora Kop\u0159ivov\u00e1","image":{"@type":"ImageObject","inLanguage":"cs","@id":"https:\/\/secure.gravatar.com\/avatar\/ad2ef9810228386d580851ef4bdde76abaa96054ff5b068c8873bc91afb2df84?s=96&d=mm&r=g","url":"https:\/\/secure.gravatar.com\/avatar\/ad2ef9810228386d580851ef4bdde76abaa96054ff5b068c8873bc91afb2df84?s=96&d=mm&r=g","contentUrl":"https:\/\/secure.gravatar.com\/avatar\/ad2ef9810228386d580851ef4bdde76abaa96054ff5b068c8873bc91afb2df84?s=96&d=mm&r=g","caption":"Barbora Kop\u0159ivov\u00e1"},"url":"https:\/\/www.karaoketexty.cz\/magazin\/author\/barborakoprivova\/"}]}},"_links":{"self":[{"href":"https:\/\/www.karaoketexty.cz\/magazin\/wp-json\/wp\/v2\/posts\/9039","targetHints":{"allow":["GET"]}}],"collection":[{"href":"https:\/\/www.karaoketexty.cz\/magazin\/wp-json\/wp\/v2\/posts"}],"about":[{"href":"https:\/\/www.karaoketexty.cz\/magazin\/wp-json\/wp\/v2\/types\/post"}],"author":[{"embeddable":true,"href":"https:\/\/www.karaoketexty.cz\/magazin\/wp-json\/wp\/v2\/users\/4"}],"replies":[{"embeddable":true,"href":"https:\/\/www.karaoketexty.cz\/magazin\/wp-json\/wp\/v2\/comments?post=9039"}],"version-history":[{"count":11,"href":"https:\/\/www.karaoketexty.cz\/magazin\/wp-json\/wp\/v2\/posts\/9039\/revisions"}],"predecessor-version":[{"id":9232,"href":"https:\/\/www.karaoketexty.cz\/magazin\/wp-json\/wp\/v2\/posts\/9039\/revisions\/9232"}],"wp:featuredmedia":[{"embeddable":true,"href":"https:\/\/www.karaoketexty.cz\/magazin\/wp-json\/wp\/v2\/media\/9047"}],"wp:attachment":[{"href":"https:\/\/www.karaoketexty.cz\/magazin\/wp-json\/wp\/v2\/media?parent=9039"}],"wp:term":[{"taxonomy":"category","embeddable":true,"href":"https:\/\/www.karaoketexty.cz\/magazin\/wp-json\/wp\/v2\/categories?post=9039"},{"taxonomy":"post_tag","embeddable":true,"href":"https:\/\/www.karaoketexty.cz\/magazin\/wp-json\/wp\/v2\/tags?post=9039"}],"curies":[{"name":"wp","href":"https:\/\/api.w.org\/{rel}","templated":true}]}}