{"id":8995,"date":"2026-03-15T07:36:00","date_gmt":"2026-03-15T06:36:00","guid":{"rendered":"https:\/\/www.karaoketexty.cz\/magazin\/?p=8995"},"modified":"2026-03-13T15:32:31","modified_gmt":"2026-03-13T14:32:31","slug":"milan-mejla-hlavsa-narozeniny-album-krest","status":"publish","type":"post","link":"https:\/\/www.karaoketexty.cz\/magazin\/milan-mejla-hlavsa-narozeniny-album-krest\/","title":{"rendered":"Milanu \u201eMejlovi\u201c Hlavsovi by bylo 75 let: K\u00a0t\u00e9to p\u0159\u00edle\u017eitosti vych\u00e1z\u00ed reedice jeho porevolu\u010dn\u00edho alba"},"content":{"rendered":"\n<p><strong>Milan \u201eMejla\u201c Hlavsa by 6. b\u0159ezna 2025 oslavil 75. narozeniny. P\u0159i t\u00e9to p\u0159\u00edle\u017eitosti vych\u00e1z\u00ed reedice alba Magick\u00e1 noc.<\/strong><\/p>\n\n\n\n<p>Legend\u011b \u010desk\u00e9ho hudebn\u00edho undergroundu Milanu \u201eMejlovi\u201c Hlavsovi by letos bylo 75 let. P\u0159i t\u00e9to p\u0159\u00edle\u017eitosti vych\u00e1z\u00ed reedice jeho porevolu\u010dn\u00edho alba Magick\u00e1 noc, jak jsme na Karaoketexty zaznamenali. Ta p\u0159ipom\u00edn\u00e1 nejen jeho hudebn\u00ed tvorbu z 90. let, ale tak\u00e9 v\u00fdrazn\u00fd vliv, jak\u00fd m\u011bl na \u010deskou alternativn\u00ed sc\u00e9nu.<\/p>\n\n\n<!-- karaoketexty.cz \/ rectangle2 -->\n<div id=\"PX_37086_709110796310826\"><\/div>\n<script>\n   if(!useMobileAds && !boolUseSeznamAds && !hideAllAds){\n     window.px2 = window.px2 || { conf: {},queue: [] };\n     px2.queue.push(function () {\n        px2.render({\n           slot: {\n              id: 37086\n           },\n            elem: \"PX_37086_709110796310826\"\n        })\n     });\n  }\n<\/script>\n\n<!-- karaoketexty.cz \/ mobile-rectangle3 -->\n<div id=\"PX_37044_714599773297004\"><\/div>\n<script>\n   if(useMobileAds && !boolUseSeznamAds && !hideAllAds){\nwindow.px2 = window.px2 || { conf: {},queue: [] };\npx2.queue.push(function () {\n\tpx2.render({\n\t\tslot: {\n\t\t\tid: 37044\n\t\t},\n\t\telem: \"PX_37044_714599773297004\"\n\t})\n});\n}\n<\/script>\n\n\n<h2 class=\"wp-block-heading\">Osobnost \u010desk\u00e9ho undergroundu<\/h2>\n\n\n\n<p>Hlavsa byl zakladatelem a hlavn\u00edm skladatelem skupiny The Plastic People of the Universe, kter\u00e1 se stala symbolem \u010deskoslovensk\u00e9ho undergroundu a odporu proti komunistick\u00e9mu re\u017eimu. Album Magick\u00e1 noc vzniklo v druh\u00e9 polovin\u011b 90. let ve spolupr\u00e1ci s hudebn\u00edkem Janem Voz\u00e1rym, zn\u00e1m\u00fdm nap\u0159\u00edklad ze skupiny Oce\u00e1n.<\/p>\n\n\n\n<p>Nahr\u00e1vka poprv\u00e9 vy\u0161la v roce 1997 a p\u0159inesla nov\u00e9, elektronicky lad\u011bn\u00e9 aran\u017ee star\u0161\u00edch skladeb z reperto\u00e1ru Plastic People of the Universe. Voz\u00e1ry se postaral o programov\u00e1n\u00ed a aran\u017ee, zat\u00edmco Hlavsa ve studiu doplnil zp\u011bv a kytary.<\/p>\n\n\n\n<iframe src=\"https:\/\/www.facebook.com\/plugins\/post.php?href=https%3A%2F%2Fwww.facebook.com%2Fmagickanocmusic%2Fposts%2Fpfbid02CK6iLGFrbLWrJRwckNyniqfG23gSPNeA51qFAC2wRJngXniUjTqb4S4P7qPHEPzxl&#038;show_text=true&#038;width=500\" width=\"500\" height=\"672\" style=\"border:none;overflow:hidden\" scrolling=\"no\" frameborder=\"0\" allowfullscreen=\"true\" allow=\"autoplay; clipboard-write; encrypted-media; picture-in-picture; web-share\"><\/iframe>\n\n\n\n<p>Projekt vznikl v dob\u011b, kdy oba hudebn\u00edci p\u016fsobili tak\u00e9 ve skupin\u011b Fiction. C\u00edlem bylo d\u00e1t star\u0161\u00edm p\u00edsn\u00edm nov\u00fd zvukov\u00fd kab\u00e1t a propojit undergroundovou rockovou tradici s modern\u011bj\u0161\u00ed elektronickou produkc\u00ed. Hlavsa tehdy popisoval v\u00fdsledn\u00fd zvuk jako hutn\u00fd a siln\u00fd, zalo\u017een\u00fd p\u0159edev\u0161\u00edm na rytmice, base a v\u00fdrazn\u00e9m zvukov\u00e9m experimentu.<\/p>\n\n\n<!-- karaoketexty.cz \/ interscroller1 -->\n\n<div id=\"PX_37041_825057871452834\"><\/div>\n<script>\nif(useMobileAds && !boolUseSeznamAds && !hideAllAds){\n\twindow.px2 = window.px2 || { conf: {},queue: [] };\n\tpx2.queue.push(function () {\n\t\tpx2.render({\n\t\t\tslot: {\n\t\t\t\tid: 37041\n\t\t\t},\n\t\t\telem: \"PX_37041_825057871452834\"\n\t\t})\n\t});\n}\n<\/script>\n\n\n<h2 class=\"wp-block-heading\">K\u0159est alba<\/h2>\n\n\n\n<p>Reedice alba dnes p\u0159ipom\u00edn\u00e1 nejen konkr\u00e9tn\u00ed hudebn\u00ed projekt, ale tak\u00e9 osobnost, kter\u00e1 z\u00e1sadn\u011b ovlivnila \u010deskou alternativn\u00ed hudbu. Milan \u201eMejla\u201c Hlavsa zem\u0159el v roce 2001, jeho hudba a odkaz v\u0161ak z\u016fst\u00e1vaj\u00ed \u017eiv\u00e9 dodnes. Nov\u00e9 vyd\u00e1n\u00ed Magick\u00e9 noci tak p\u0159edstavuje symbolickou poctu hudebn\u00edkovi, kter\u00fd se nesmazateln\u011b zapsal do historie \u010desk\u00e9ho undergroundu. K\u0159est alba se uskute\u010dn\u00ed 14. b\u0159ezna 2026 v pra\u017esk\u00e9 MeetFactory. Nebude chyb\u011bt Jan Voz\u00e1ry se zp\u011bv\u00e1kem Lubo\u0161em Vod\u00e1kem.<\/p>\n\n\n\n<p>Zdroj: Autorsk\u00fd text redakce KaraokreText.cz, podklady z&nbsp;ve\u0159ejn\u011b dostupn\u00fdch informac\u00ed z&nbsp;web\u016f <a href=\"https:\/\/www.seznamzpravy.cz\/clanek\/kultura-mejla-hlavsa-75-let-magicka-noc-300836#dop_ab_variant=0&amp;dop_source_zone_name=zpravy.sznhp.box&amp;source=hp&amp;seq_no=4&amp;utm_campaign=abtest301_local_generated_title_varB&amp;utm_medium=z-boxiku&amp;utm_source=www.seznam.cz\" target=\"_blank\" rel=\"noreferrer noopener nofollow\">SeznamZpr\u00e1vy<\/a>, <a href=\"https:\/\/www.ceskenoviny.cz\/zpravy\/u-prilezitosti-nedozitych-75-narozenin-mejly-hlavsy-vyjde-album-magicka-noc\/2791838?utm_source=www.seznam.cz&amp;utm_medium=sekce-z-internetu\" target=\"_blank\" rel=\"noreferrer noopener nofollow\">\u010cesk\u00e9Noviny<\/a>, <a href=\"https:\/\/cs.wikipedia.org\/wiki\/Milan_Hlavsa\" target=\"_blank\" rel=\"noreferrer noopener nofollow\">Wikipedie<\/a>, <a href=\"https:\/\/www.facebook.com\/photo\/?fbid=967778052238616&amp;set=a.947605950922493\" target=\"_blank\" rel=\"noreferrer noopener nofollow\">Facebook Magick\u00e1Noc<\/a><\/p>\n\n\n            <a href=\"https:\/\/www.karaoketexty.cz\/magazin\/john-lennon-a-yoko-ono-vychazi-unikatni-box-set-power-to-the-people\/\" class=\"related-post-link\">\n                <div class=\"post-thumbnail\">\n                    <img decoding=\"async\" width=\"213\" height=\"180\" src=\"https:\/\/www.karaoketexty.cz\/magazin\/wp-content\/uploads\/2025\/09\/john-lennon-yoko-ono.jpg\" class=\"attachment-250x180 size-250x180 not-transparent\" alt=\"John Lennon a Yoko Ono\" srcset=\"https:\/\/www.karaoketexty.cz\/magazin\/wp-content\/uploads\/2025\/09\/john-lennon-yoko-ono.jpg 947w, https:\/\/www.karaoketexty.cz\/magazin\/wp-content\/uploads\/2025\/09\/john-lennon-yoko-ono-300x253.jpg 300w, https:\/\/www.karaoketexty.cz\/magazin\/wp-content\/uploads\/2025\/09\/john-lennon-yoko-ono-768x649.jpg 768w\" sizes=\"(max-width: 213px) 100vw, 213px\" data-has-transparency=\"false\" data-dominant-color=\"6b6b6b\" style=\"--dominant-color: #6b6b6b;\" \/>                <\/div>\n                <div class=\"post-details\">\n                    <span class=\"also-read\">\u010ct\u011bte tak\u00e9:<\/span>\n                    <h3 class=\"hed\">John Lennon a Yoko Ono. Vych\u00e1z\u00ed unik\u00e1tn\u00ed box set Power to the People<\/h3>\n                <\/div>\n            <\/a>\n            \n\n            <a href=\"https:\/\/www.karaoketexty.cz\/magazin\/bratricku-nezavirej-vratka-odkaz-pisni-karla-kryla-preziva-i-dlouho-po-jeho-smrti\/\" class=\"related-post-link\">\n                <div class=\"post-thumbnail\">\n                    <img decoding=\"async\" width=\"250\" height=\"140\" src=\"https:\/\/www.karaoketexty.cz\/magazin\/wp-content\/uploads\/2026\/01\/karel-kryl.jpg\" class=\"attachment-250x180 size-250x180 not-transparent\" alt=\"Fotografie Karla Kryla\" srcset=\"https:\/\/www.karaoketexty.cz\/magazin\/wp-content\/uploads\/2026\/01\/karel-kryl.jpg 1200w, https:\/\/www.karaoketexty.cz\/magazin\/wp-content\/uploads\/2026\/01\/karel-kryl-300x169.jpg 300w, https:\/\/www.karaoketexty.cz\/magazin\/wp-content\/uploads\/2026\/01\/karel-kryl-1024x575.jpg 1024w, https:\/\/www.karaoketexty.cz\/magazin\/wp-content\/uploads\/2026\/01\/karel-kryl-768x431.jpg 768w, https:\/\/www.karaoketexty.cz\/magazin\/wp-content\/uploads\/2026\/01\/karel-kryl-800x450.jpg 800w\" sizes=\"(max-width: 250px) 100vw, 250px\" data-has-transparency=\"false\" data-dominant-color=\"383838\" style=\"--dominant-color: #383838;\" \/>                <\/div>\n                <div class=\"post-details\">\n                    <span class=\"also-read\">\u010ct\u011bte tak\u00e9:<\/span>\n                    <h3 class=\"hed\">Brat\u0159\u00ed\u010dku, nezav\u00edrej vr\u00e1tka: Odkaz p\u00edsn\u00ed Karla Kryla p\u0159e\u017e\u00edv\u00e1 i dlouho po jeho smrti<\/h3>\n                <\/div>\n            <\/a>\n            ","protected":false},"excerpt":{"rendered":"<p>Milan \u201eMejla\u201c Hlavsa by 6. b\u0159ezna 2025 oslavil 75. narozeniny. P\u0159i t\u00e9to p\u0159\u00edle\u017eitosti vych\u00e1z\u00ed reedice alba Magick\u00e1 noc.<\/p>\n","protected":false},"author":5,"featured_media":9002,"comment_status":"open","ping_status":"closed","sticky":false,"template":"","format":"standard","meta":{"_yoast_wpseo_title":"Vych\u00e1z\u00ed porevolu\u010dn\u00ed album Magick\u00e1 noc Milana Hlavsy","_yoast_wpseo_metadesc":"Mejla Hlavsa, osobnost \u010desk\u00e9ho undergroundu a alternativn\u00ed hudby, se posmrtn\u011b do\u010dk\u00e1 k\u0159tu reedice alba Magick\u00e1 noc.","footnotes":""},"categories":[7],"tags":[6737,468,562,571,6740,703,6738,6735,6739,465,408,6736,180,5997,262],"class_list":["post-8995","post","type-post","status-publish","format-standard","has-post-thumbnail","hentry","category-aktuality","tag-album-magicka-noc","tag-alternativa","tag-ceska-celebrita","tag-ceska-hudba","tag-fiction","tag-hudebnik","tag-jan-vozary","tag-milan-hlavsa","tag-ocean","tag-reedice","tag-rock","tag-the-plastic-people-of-the-universe","tag-umrti","tag-underground","tag-vyroci"],"yoast_head":"<!-- This site is optimized with the Yoast SEO plugin v27.5 - https:\/\/yoast.com\/product\/yoast-seo-wordpress\/ -->\n<title>Vych\u00e1z\u00ed porevolu\u010dn\u00ed album Magick\u00e1 noc Milana Hlavsy<\/title>\n<meta name=\"description\" content=\"Mejla Hlavsa, osobnost \u010desk\u00e9ho undergroundu a alternativn\u00ed hudby, se posmrtn\u011b do\u010dk\u00e1 k\u0159tu reedice alba Magick\u00e1 noc.\" \/>\n<meta name=\"robots\" content=\"index, follow, max-snippet:-1, max-image-preview:large, max-video-preview:-1\" \/>\n<link rel=\"canonical\" href=\"https:\/\/www.karaoketexty.cz\/magazin\/milan-mejla-hlavsa-narozeniny-album-krest\/\" \/>\n<meta property=\"og:locale\" content=\"cs_CZ\" \/>\n<meta property=\"og:type\" content=\"article\" \/>\n<meta property=\"og:title\" content=\"Vych\u00e1z\u00ed porevolu\u010dn\u00ed album Magick\u00e1 noc Milana Hlavsy\" \/>\n<meta property=\"og:description\" content=\"Mejla Hlavsa, osobnost \u010desk\u00e9ho undergroundu a alternativn\u00ed hudby, se posmrtn\u011b do\u010dk\u00e1 k\u0159tu reedice alba Magick\u00e1 noc.\" \/>\n<meta property=\"og:url\" content=\"https:\/\/www.karaoketexty.cz\/magazin\/milan-mejla-hlavsa-narozeniny-album-krest\/\" \/>\n<meta property=\"og:site_name\" content=\"Stars Magaz\u00edn Karaoketexty.cz\" \/>\n<meta property=\"article:published_time\" content=\"2026-03-15T06:36:00+00:00\" \/>\n<meta property=\"og:image\" content=\"https:\/\/www.karaoketexty.cz\/magazin\/wp-content\/uploads\/2026\/03\/vydani-alba.jpg\" \/>\n\t<meta property=\"og:image:width\" content=\"1200\" \/>\n\t<meta property=\"og:image:height\" content=\"675\" \/>\n\t<meta property=\"og:image:type\" content=\"image\/jpeg\" \/>\n<meta name=\"author\" content=\"Veronika \u0160imkov\u00e1\" \/>\n<meta name=\"twitter:card\" content=\"summary_large_image\" \/>\n<meta name=\"twitter:label1\" content=\"Napsal(a)\" \/>\n\t<meta name=\"twitter:data1\" content=\"Veronika \u0160imkov\u00e1\" \/>\n\t<meta name=\"twitter:label2\" content=\"Odhadovan\u00e1 doba \u010dten\u00ed\" \/>\n\t<meta name=\"twitter:data2\" content=\"5 minut\" \/>\n<script type=\"application\/ld+json\" class=\"yoast-schema-graph\">{\"@context\":\"https:\\\/\\\/schema.org\",\"@graph\":[{\"@type\":\"Article\",\"@id\":\"https:\\\/\\\/www.karaoketexty.cz\\\/magazin\\\/milan-mejla-hlavsa-narozeniny-album-krest\\\/#article\",\"isPartOf\":{\"@id\":\"https:\\\/\\\/www.karaoketexty.cz\\\/magazin\\\/milan-mejla-hlavsa-narozeniny-album-krest\\\/\"},\"author\":{\"name\":\"Veronika \u0160imkov\u00e1\",\"@id\":\"https:\\\/\\\/www.karaoketexty.cz\\\/magazin\\\/#\\\/schema\\\/person\\\/03220d610ed4cba378a72bac3443f821\"},\"headline\":\"Milanu \u201eMejlovi\u201c Hlavsovi by bylo 75 let: K\u00a0t\u00e9to p\u0159\u00edle\u017eitosti vych\u00e1z\u00ed reedice jeho porevolu\u010dn\u00edho alba\",\"datePublished\":\"2026-03-15T06:36:00+00:00\",\"mainEntityOfPage\":{\"@id\":\"https:\\\/\\\/www.karaoketexty.cz\\\/magazin\\\/milan-mejla-hlavsa-narozeniny-album-krest\\\/\"},\"wordCount\":381,\"commentCount\":0,\"image\":{\"@id\":\"https:\\\/\\\/www.karaoketexty.cz\\\/magazin\\\/milan-mejla-hlavsa-narozeniny-album-krest\\\/#primaryimage\"},\"thumbnailUrl\":\"https:\\\/\\\/www.karaoketexty.cz\\\/magazin\\\/wp-content\\\/uploads\\\/2026\\\/03\\\/vydani-alba.jpg\",\"keywords\":[\"album Magick\u00e1 noc\",\"alternativa\",\"\u010desk\u00e1 celebrita\",\"\u010desk\u00e1 hudba\",\"Fiction\",\"hudebn\u00edk\",\"Jan Voz\u00e1ry\",\"Milan Hlavsa\",\"Oce\u00e1n\",\"reedice\",\"rock\",\"The Plastic People of the Universe\",\"\u00damrt\u00ed\",\"underground\",\"V\u00fdro\u010d\u00ed\"],\"articleSection\":[\"Aktuality\"],\"inLanguage\":\"cs\",\"potentialAction\":[{\"@type\":\"CommentAction\",\"name\":\"Comment\",\"target\":[\"https:\\\/\\\/www.karaoketexty.cz\\\/magazin\\\/milan-mejla-hlavsa-narozeniny-album-krest\\\/#respond\"]}]},{\"@type\":\"WebPage\",\"@id\":\"https:\\\/\\\/www.karaoketexty.cz\\\/magazin\\\/milan-mejla-hlavsa-narozeniny-album-krest\\\/\",\"url\":\"https:\\\/\\\/www.karaoketexty.cz\\\/magazin\\\/milan-mejla-hlavsa-narozeniny-album-krest\\\/\",\"name\":\"Vych\u00e1z\u00ed porevolu\u010dn\u00ed album Magick\u00e1 noc Milana Hlavsy\",\"isPartOf\":{\"@id\":\"https:\\\/\\\/www.karaoketexty.cz\\\/magazin\\\/#website\"},\"primaryImageOfPage\":{\"@id\":\"https:\\\/\\\/www.karaoketexty.cz\\\/magazin\\\/milan-mejla-hlavsa-narozeniny-album-krest\\\/#primaryimage\"},\"image\":{\"@id\":\"https:\\\/\\\/www.karaoketexty.cz\\\/magazin\\\/milan-mejla-hlavsa-narozeniny-album-krest\\\/#primaryimage\"},\"thumbnailUrl\":\"https:\\\/\\\/www.karaoketexty.cz\\\/magazin\\\/wp-content\\\/uploads\\\/2026\\\/03\\\/vydani-alba.jpg\",\"datePublished\":\"2026-03-15T06:36:00+00:00\",\"author\":{\"@id\":\"https:\\\/\\\/www.karaoketexty.cz\\\/magazin\\\/#\\\/schema\\\/person\\\/03220d610ed4cba378a72bac3443f821\"},\"description\":\"Mejla Hlavsa, osobnost \u010desk\u00e9ho undergroundu a alternativn\u00ed hudby, se posmrtn\u011b do\u010dk\u00e1 k\u0159tu reedice alba Magick\u00e1 noc.\",\"breadcrumb\":{\"@id\":\"https:\\\/\\\/www.karaoketexty.cz\\\/magazin\\\/milan-mejla-hlavsa-narozeniny-album-krest\\\/#breadcrumb\"},\"inLanguage\":\"cs\",\"potentialAction\":[{\"@type\":\"ReadAction\",\"target\":[\"https:\\\/\\\/www.karaoketexty.cz\\\/magazin\\\/milan-mejla-hlavsa-narozeniny-album-krest\\\/\"]}]},{\"@type\":\"ImageObject\",\"inLanguage\":\"cs\",\"@id\":\"https:\\\/\\\/www.karaoketexty.cz\\\/magazin\\\/milan-mejla-hlavsa-narozeniny-album-krest\\\/#primaryimage\",\"url\":\"https:\\\/\\\/www.karaoketexty.cz\\\/magazin\\\/wp-content\\\/uploads\\\/2026\\\/03\\\/vydani-alba.jpg\",\"contentUrl\":\"https:\\\/\\\/www.karaoketexty.cz\\\/magazin\\\/wp-content\\\/uploads\\\/2026\\\/03\\\/vydani-alba.jpg\",\"width\":1200,\"height\":675,\"caption\":\"Foto: Freepik\"},{\"@type\":\"BreadcrumbList\",\"@id\":\"https:\\\/\\\/www.karaoketexty.cz\\\/magazin\\\/milan-mejla-hlavsa-narozeniny-album-krest\\\/#breadcrumb\",\"itemListElement\":[{\"@type\":\"ListItem\",\"position\":1,\"name\":\"Dom\u016f\",\"item\":\"https:\\\/\\\/www.karaoketexty.cz\\\/magazin\\\/\"},{\"@type\":\"ListItem\",\"position\":2,\"name\":\"Milanu \u201eMejlovi\u201c Hlavsovi by bylo 75 let: K\u00a0t\u00e9to p\u0159\u00edle\u017eitosti vych\u00e1z\u00ed reedice jeho porevolu\u010dn\u00edho alba\"}]},{\"@type\":\"WebSite\",\"@id\":\"https:\\\/\\\/www.karaoketexty.cz\\\/magazin\\\/#website\",\"url\":\"https:\\\/\\\/www.karaoketexty.cz\\\/magazin\\\/\",\"name\":\"Stars Magaz\u00edn Karaoketexty.cz\",\"description\":\"Stars Magaz\u00edn na Karaoketexty.cz je zam\u011b\u0159en\u00fd na novinky ze sv\u011bta hudby a celebrit. Obsahuje \u010dl\u00e1nky o zp\u011bv\u00e1c\u00edch, kapel\u00e1ch, nov\u00fdch albech, hudebn\u00edch trendech a dal\u0161\u00edch zaj\u00edmavostech z hudebn\u00edho pr\u016fmyslu.\",\"potentialAction\":[{\"@type\":\"SearchAction\",\"target\":{\"@type\":\"EntryPoint\",\"urlTemplate\":\"https:\\\/\\\/www.karaoketexty.cz\\\/magazin\\\/?s={search_term_string}\"},\"query-input\":{\"@type\":\"PropertyValueSpecification\",\"valueRequired\":true,\"valueName\":\"search_term_string\"}}],\"inLanguage\":\"cs\"},{\"@type\":\"Person\",\"@id\":\"https:\\\/\\\/www.karaoketexty.cz\\\/magazin\\\/#\\\/schema\\\/person\\\/03220d610ed4cba378a72bac3443f821\",\"name\":\"Veronika \u0160imkov\u00e1\",\"image\":{\"@type\":\"ImageObject\",\"inLanguage\":\"cs\",\"@id\":\"https:\\\/\\\/secure.gravatar.com\\\/avatar\\\/62af9cda83322200aaf20e60d0442fbca254ce18c0ffdcaaf83de31493c941a5?s=96&d=mm&r=g\",\"url\":\"https:\\\/\\\/secure.gravatar.com\\\/avatar\\\/62af9cda83322200aaf20e60d0442fbca254ce18c0ffdcaaf83de31493c941a5?s=96&d=mm&r=g\",\"contentUrl\":\"https:\\\/\\\/secure.gravatar.com\\\/avatar\\\/62af9cda83322200aaf20e60d0442fbca254ce18c0ffdcaaf83de31493c941a5?s=96&d=mm&r=g\",\"caption\":\"Veronika \u0160imkov\u00e1\"},\"url\":\"https:\\\/\\\/www.karaoketexty.cz\\\/magazin\\\/author\\\/veronikasimkova\\\/\"}]}<\/script>\n<!-- \/ Yoast SEO plugin. -->","yoast_head_json":{"title":"Vych\u00e1z\u00ed porevolu\u010dn\u00ed album Magick\u00e1 noc Milana Hlavsy","description":"Mejla Hlavsa, osobnost \u010desk\u00e9ho undergroundu a alternativn\u00ed hudby, se posmrtn\u011b do\u010dk\u00e1 k\u0159tu reedice alba Magick\u00e1 noc.","robots":{"index":"index","follow":"follow","max-snippet":"max-snippet:-1","max-image-preview":"max-image-preview:large","max-video-preview":"max-video-preview:-1"},"canonical":"https:\/\/www.karaoketexty.cz\/magazin\/milan-mejla-hlavsa-narozeniny-album-krest\/","og_locale":"cs_CZ","og_type":"article","og_title":"Vych\u00e1z\u00ed porevolu\u010dn\u00ed album Magick\u00e1 noc Milana Hlavsy","og_description":"Mejla Hlavsa, osobnost \u010desk\u00e9ho undergroundu a alternativn\u00ed hudby, se posmrtn\u011b do\u010dk\u00e1 k\u0159tu reedice alba Magick\u00e1 noc.","og_url":"https:\/\/www.karaoketexty.cz\/magazin\/milan-mejla-hlavsa-narozeniny-album-krest\/","og_site_name":"Stars Magaz\u00edn Karaoketexty.cz","article_published_time":"2026-03-15T06:36:00+00:00","og_image":[{"width":1200,"height":675,"url":"https:\/\/www.karaoketexty.cz\/magazin\/wp-content\/uploads\/2026\/03\/vydani-alba.jpg","type":"image\/jpeg"}],"author":"Veronika \u0160imkov\u00e1","twitter_card":"summary_large_image","twitter_misc":{"Napsal(a)":"Veronika \u0160imkov\u00e1","Odhadovan\u00e1 doba \u010dten\u00ed":"5 minut"},"schema":{"@context":"https:\/\/schema.org","@graph":[{"@type":"Article","@id":"https:\/\/www.karaoketexty.cz\/magazin\/milan-mejla-hlavsa-narozeniny-album-krest\/#article","isPartOf":{"@id":"https:\/\/www.karaoketexty.cz\/magazin\/milan-mejla-hlavsa-narozeniny-album-krest\/"},"author":{"name":"Veronika \u0160imkov\u00e1","@id":"https:\/\/www.karaoketexty.cz\/magazin\/#\/schema\/person\/03220d610ed4cba378a72bac3443f821"},"headline":"Milanu \u201eMejlovi\u201c Hlavsovi by bylo 75 let: K\u00a0t\u00e9to p\u0159\u00edle\u017eitosti vych\u00e1z\u00ed reedice jeho porevolu\u010dn\u00edho alba","datePublished":"2026-03-15T06:36:00+00:00","mainEntityOfPage":{"@id":"https:\/\/www.karaoketexty.cz\/magazin\/milan-mejla-hlavsa-narozeniny-album-krest\/"},"wordCount":381,"commentCount":0,"image":{"@id":"https:\/\/www.karaoketexty.cz\/magazin\/milan-mejla-hlavsa-narozeniny-album-krest\/#primaryimage"},"thumbnailUrl":"https:\/\/www.karaoketexty.cz\/magazin\/wp-content\/uploads\/2026\/03\/vydani-alba.jpg","keywords":["album Magick\u00e1 noc","alternativa","\u010desk\u00e1 celebrita","\u010desk\u00e1 hudba","Fiction","hudebn\u00edk","Jan Voz\u00e1ry","Milan Hlavsa","Oce\u00e1n","reedice","rock","The Plastic People of the Universe","\u00damrt\u00ed","underground","V\u00fdro\u010d\u00ed"],"articleSection":["Aktuality"],"inLanguage":"cs","potentialAction":[{"@type":"CommentAction","name":"Comment","target":["https:\/\/www.karaoketexty.cz\/magazin\/milan-mejla-hlavsa-narozeniny-album-krest\/#respond"]}]},{"@type":"WebPage","@id":"https:\/\/www.karaoketexty.cz\/magazin\/milan-mejla-hlavsa-narozeniny-album-krest\/","url":"https:\/\/www.karaoketexty.cz\/magazin\/milan-mejla-hlavsa-narozeniny-album-krest\/","name":"Vych\u00e1z\u00ed porevolu\u010dn\u00ed album Magick\u00e1 noc Milana Hlavsy","isPartOf":{"@id":"https:\/\/www.karaoketexty.cz\/magazin\/#website"},"primaryImageOfPage":{"@id":"https:\/\/www.karaoketexty.cz\/magazin\/milan-mejla-hlavsa-narozeniny-album-krest\/#primaryimage"},"image":{"@id":"https:\/\/www.karaoketexty.cz\/magazin\/milan-mejla-hlavsa-narozeniny-album-krest\/#primaryimage"},"thumbnailUrl":"https:\/\/www.karaoketexty.cz\/magazin\/wp-content\/uploads\/2026\/03\/vydani-alba.jpg","datePublished":"2026-03-15T06:36:00+00:00","author":{"@id":"https:\/\/www.karaoketexty.cz\/magazin\/#\/schema\/person\/03220d610ed4cba378a72bac3443f821"},"description":"Mejla Hlavsa, osobnost \u010desk\u00e9ho undergroundu a alternativn\u00ed hudby, se posmrtn\u011b do\u010dk\u00e1 k\u0159tu reedice alba Magick\u00e1 noc.","breadcrumb":{"@id":"https:\/\/www.karaoketexty.cz\/magazin\/milan-mejla-hlavsa-narozeniny-album-krest\/#breadcrumb"},"inLanguage":"cs","potentialAction":[{"@type":"ReadAction","target":["https:\/\/www.karaoketexty.cz\/magazin\/milan-mejla-hlavsa-narozeniny-album-krest\/"]}]},{"@type":"ImageObject","inLanguage":"cs","@id":"https:\/\/www.karaoketexty.cz\/magazin\/milan-mejla-hlavsa-narozeniny-album-krest\/#primaryimage","url":"https:\/\/www.karaoketexty.cz\/magazin\/wp-content\/uploads\/2026\/03\/vydani-alba.jpg","contentUrl":"https:\/\/www.karaoketexty.cz\/magazin\/wp-content\/uploads\/2026\/03\/vydani-alba.jpg","width":1200,"height":675,"caption":"Foto: Freepik"},{"@type":"BreadcrumbList","@id":"https:\/\/www.karaoketexty.cz\/magazin\/milan-mejla-hlavsa-narozeniny-album-krest\/#breadcrumb","itemListElement":[{"@type":"ListItem","position":1,"name":"Dom\u016f","item":"https:\/\/www.karaoketexty.cz\/magazin\/"},{"@type":"ListItem","position":2,"name":"Milanu \u201eMejlovi\u201c Hlavsovi by bylo 75 let: K\u00a0t\u00e9to p\u0159\u00edle\u017eitosti vych\u00e1z\u00ed reedice jeho porevolu\u010dn\u00edho alba"}]},{"@type":"WebSite","@id":"https:\/\/www.karaoketexty.cz\/magazin\/#website","url":"https:\/\/www.karaoketexty.cz\/magazin\/","name":"Stars Magaz\u00edn Karaoketexty.cz","description":"Stars Magaz\u00edn na Karaoketexty.cz je zam\u011b\u0159en\u00fd na novinky ze sv\u011bta hudby a celebrit. Obsahuje \u010dl\u00e1nky o zp\u011bv\u00e1c\u00edch, kapel\u00e1ch, nov\u00fdch albech, hudebn\u00edch trendech a dal\u0161\u00edch zaj\u00edmavostech z hudebn\u00edho pr\u016fmyslu.","potentialAction":[{"@type":"SearchAction","target":{"@type":"EntryPoint","urlTemplate":"https:\/\/www.karaoketexty.cz\/magazin\/?s={search_term_string}"},"query-input":{"@type":"PropertyValueSpecification","valueRequired":true,"valueName":"search_term_string"}}],"inLanguage":"cs"},{"@type":"Person","@id":"https:\/\/www.karaoketexty.cz\/magazin\/#\/schema\/person\/03220d610ed4cba378a72bac3443f821","name":"Veronika \u0160imkov\u00e1","image":{"@type":"ImageObject","inLanguage":"cs","@id":"https:\/\/secure.gravatar.com\/avatar\/62af9cda83322200aaf20e60d0442fbca254ce18c0ffdcaaf83de31493c941a5?s=96&d=mm&r=g","url":"https:\/\/secure.gravatar.com\/avatar\/62af9cda83322200aaf20e60d0442fbca254ce18c0ffdcaaf83de31493c941a5?s=96&d=mm&r=g","contentUrl":"https:\/\/secure.gravatar.com\/avatar\/62af9cda83322200aaf20e60d0442fbca254ce18c0ffdcaaf83de31493c941a5?s=96&d=mm&r=g","caption":"Veronika \u0160imkov\u00e1"},"url":"https:\/\/www.karaoketexty.cz\/magazin\/author\/veronikasimkova\/"}]}},"_links":{"self":[{"href":"https:\/\/www.karaoketexty.cz\/magazin\/wp-json\/wp\/v2\/posts\/8995","targetHints":{"allow":["GET"]}}],"collection":[{"href":"https:\/\/www.karaoketexty.cz\/magazin\/wp-json\/wp\/v2\/posts"}],"about":[{"href":"https:\/\/www.karaoketexty.cz\/magazin\/wp-json\/wp\/v2\/types\/post"}],"author":[{"embeddable":true,"href":"https:\/\/www.karaoketexty.cz\/magazin\/wp-json\/wp\/v2\/users\/5"}],"replies":[{"embeddable":true,"href":"https:\/\/www.karaoketexty.cz\/magazin\/wp-json\/wp\/v2\/comments?post=8995"}],"version-history":[{"count":4,"href":"https:\/\/www.karaoketexty.cz\/magazin\/wp-json\/wp\/v2\/posts\/8995\/revisions"}],"predecessor-version":[{"id":9251,"href":"https:\/\/www.karaoketexty.cz\/magazin\/wp-json\/wp\/v2\/posts\/8995\/revisions\/9251"}],"wp:featuredmedia":[{"embeddable":true,"href":"https:\/\/www.karaoketexty.cz\/magazin\/wp-json\/wp\/v2\/media\/9002"}],"wp:attachment":[{"href":"https:\/\/www.karaoketexty.cz\/magazin\/wp-json\/wp\/v2\/media?parent=8995"}],"wp:term":[{"taxonomy":"category","embeddable":true,"href":"https:\/\/www.karaoketexty.cz\/magazin\/wp-json\/wp\/v2\/categories?post=8995"},{"taxonomy":"post_tag","embeddable":true,"href":"https:\/\/www.karaoketexty.cz\/magazin\/wp-json\/wp\/v2\/tags?post=8995"}],"curies":[{"name":"wp","href":"https:\/\/api.w.org\/{rel}","templated":true}]}}