{"id":8976,"date":"2026-03-12T08:01:00","date_gmt":"2026-03-12T07:01:00","guid":{"rendered":"https:\/\/www.karaoketexty.cz\/magazin\/?p=8976"},"modified":"2026-03-09T11:35:48","modified_gmt":"2026-03-09T10:35:48","slug":"v-ostrelovane-dubaji-maji-investice-za-miliony-mnohe-celebrity-rytmus-simona-krainova-i-richard-krajco","status":"publish","type":"post","link":"https:\/\/www.karaoketexty.cz\/magazin\/v-ostrelovane-dubaji-maji-investice-za-miliony-mnohe-celebrity-rytmus-simona-krainova-i-richard-krajco\/","title":{"rendered":"V ost\u0159elovan\u00e9\u00a0Dubaji maj\u00ed investice za miliony mnoh\u00e9 celebrity: Rytmus, Simona Krainov\u00e1 i Richard Kraj\u010do"},"content":{"rendered":"\n<p><strong>Dubaj se za\u010d\u00e1tkem b\u0159ezna pot\u00fdkala s n\u00e1lety \u00edr\u00e1nsk\u00fdch raket. N\u011bkter\u00e9 \u010desk\u00e9 celebrity p\u0159itom situaci sledovaly \u00fazkostn\u011bji ne\u017e jin\u00e9.<\/strong><\/p>\n\n\n\n<p>V luxusn\u00ed Dubaji se jednu dobu prod\u00e1valy byty dokonce za ni\u017e\u0161\u00ed cenu ne\u017e nemovitosti v Praze. Exotick\u00e9 prost\u0159ed\u00ed, luxus, bezpe\u010dnost a \u010distota t\u00e9to arabsk\u00e9 destinace n\u00e1sledn\u011b ud\u011blaly sv\u00e9 a byty si zde nakupovala jedna celebrita za druhou, a to v\u010detn\u011b t\u011bch \u010desk\u00fdch. Jen\u017ee nyn\u00ed nerv\u00f3zn\u011b \u010dekaj\u00ed, co bude. Na Karaoketexty jsme se zam\u011b\u0159ili na ty, kte\u0159\u00ed si v Dubaji po\u0159\u00eddili bydlen\u00ed.<\/p>\n\n\n<!-- karaoketexty.cz \/ rectangle2 -->\n<div id=\"PX_37086_709110796310826\"><\/div>\n<script>\n   if(!useMobileAds && !boolUseSeznamAds && !hideAllAds){\n     window.px2 = window.px2 || { conf: {},queue: [] };\n     px2.queue.push(function () {\n        px2.render({\n           slot: {\n              id: 37086\n           },\n            elem: \"PX_37086_709110796310826\"\n        })\n     });\n  }\n<\/script>\n\n<!-- karaoketexty.cz \/ mobile-rectangle3 -->\n<div id=\"PX_37044_714599773297004\"><\/div>\n<script>\n   if(useMobileAds && !boolUseSeznamAds && !hideAllAds){\nwindow.px2 = window.px2 || { conf: {},queue: [] };\npx2.queue.push(function () {\n\tpx2.render({\n\t\tslot: {\n\t\t\tid: 37044\n\t\t},\n\t\telem: \"PX_37044_714599773297004\"\n\t})\n});\n}\n<\/script>\n\n\n<h2 class=\"wp-block-heading\">To byl ale dobr\u00fd \u201ekauf\u201c<\/h2>\n\n\n\n<p>Investice do nemovitost\u00ed p\u0159edstavuj\u00ed lukrativn\u00ed byznys. Mnoz\u00ed lid\u00e9 si takto ukl\u00e1daj\u00ed sv\u00e9 pen\u00edze do byt\u016f, kter\u00e9 n\u00e1sledn\u011b pronaj\u00edmaj\u00ed, nebo t\u0159eba do chalup ve snaze uchr\u00e1nit sv\u00e9 finance p\u0159ed inflac\u00ed. A ti, co nejsou tro\u0161ka\u0159i, vol\u00ed rovnou domy v&nbsp;zahrani\u010d\u00ed. Krom\u011b v\u011bdom\u00ed, \u017ee se jim pen\u00edze hodnot\u00ed, se tak mohou rovnou vyr\u00e1chat v&nbsp;mo\u0159i. Sv\u016fj druh\u00fd domov si takto po\u0159\u00eddilo mnoho celebrit, velk\u00e1 \u010d\u00e1st z&nbsp;nich potom zvolila za \u201edruh\u00fd domov\u201c Dubaj, kter\u00e1 v&nbsp;posledn\u00edch dnech \u010del\u00ed \u00edr\u00e1nsk\u00fdm raket\u00e1m.<\/p>\n\n\n\n<p>Podle port\u00e1lu Forbes pat\u0159ila Dubaj obecn\u011b k&nbsp;m\u00edst\u016fm, kter\u00e1 jsou proslul\u00e1 svou bezpe\u010dnost\u00ed, \u010distotou a luxusem. \u010cesk\u00e9ho investora potom jist\u011b oslovovala tr\u017en\u00ed nab\u00eddka, kter\u00e1 byla nejenom dostupn\u00e1, ale slibovala i vysok\u00fd v\u00fdnos z&nbsp;pron\u00e1jm\u016f. Zl\u00e1kat se nechala nejen modelka Simona Krainov\u00e1, kter\u00e1 Dubaj pova\u017euje za sv\u016fj druh\u00fd domov, ale i n\u011bkte\u0159\u00ed zp\u011bv\u00e1ci.<\/p>\n\n\n<!-- karaoketexty.cz \/ interscroller1 -->\n\n<div id=\"PX_37041_825057871452834\"><\/div>\n<script>\nif(useMobileAds && !boolUseSeznamAds && !hideAllAds){\n\twindow.px2 = window.px2 || { conf: {},queue: [] };\n\tpx2.queue.push(function () {\n\t\tpx2.render({\n\t\t\tslot: {\n\t\t\t\tid: 37041\n\t\t\t},\n\t\t\telem: \"PX_37041_825057871452834\"\n\t\t})\n\t});\n}\n<\/script>\n\n\n<h2 class=\"wp-block-heading\">Nejen pro Krainovou je Dubaj srdcovou z\u00e1le\u017eitost\u00ed<\/h2>\n\n\n\n<p>A\u010dkoliv nyn\u00ed si Simona Krainov\u00e1 u\u017e\u00edv\u00e1 sv\u00e9 vilky v&nbsp;Karibiku, nezapom\u00edn\u00e1 na sv\u016fj sen usadit se na n\u011bjak\u00fd \u010das v&nbsp;Dubaji. V\u0161em, kte\u0159\u00ed se posm\u00edvaj\u00ed rezident\u016fm, ji\u017e v&nbsp;t\u00e9to oblasti vlastn\u00ed n\u011bjakou nemovitost, ned\u00e1vno vzk\u00e1zala, \u017ee jsou zoufalci. Modelka v\u011b\u0159\u00ed, \u017ee se toto turbulentn\u00ed obdob\u00ed brzy uklidn\u00ed a v\u0161echno se vr\u00e1t\u00ed do rovnov\u00e1hy. Do \u0161koly tu maj\u00ed brzy nastoupit i jej\u00ed d\u011bti.<\/p>\n\n\n\n<blockquote class=\"instagram-media\" data-instgrm-captioned data-instgrm-permalink=\"https:\/\/www.instagram.com\/reel\/DVVtgz-iJ8u\/?utm_source=ig_embed&amp;utm_campaign=loading\" data-instgrm-version=\"14\" style=\" background:#FFF; border:0; border-radius:3px; box-shadow:0 0 1px 0 rgba(0,0,0,0.5),0 1px 10px 0 rgba(0,0,0,0.15); margin: 1px; max-width:540px; min-width:326px; padding:0; width:99.375%; width:-webkit-calc(100% - 2px); width:calc(100% - 2px);\"><div style=\"padding:16px;\"> <a href=\"https:\/\/www.instagram.com\/reel\/DVVtgz-iJ8u\/?utm_source=ig_embed&amp;utm_campaign=loading\" style=\" background:#FFFFFF; line-height:0; padding:0 0; text-align:center; text-decoration:none; width:100%;\" target=\"_blank\"> <div style=\" display: flex; flex-direction: row; align-items: center;\"> <div style=\"background-color: #F4F4F4; border-radius: 50%; flex-grow: 0; height: 40px; margin-right: 14px; width: 40px;\"><\/div> <div style=\"display: flex; flex-direction: column; flex-grow: 1; justify-content: center;\"> <div style=\" background-color: #F4F4F4; border-radius: 4px; flex-grow: 0; height: 14px; margin-bottom: 6px; width: 100px;\"><\/div> <div style=\" background-color: #F4F4F4; border-radius: 4px; flex-grow: 0; height: 14px; width: 60px;\"><\/div><\/div><\/div><div style=\"padding: 19% 0;\"><\/div> <div style=\"display:block; height:50px; margin:0 auto 12px; width:50px;\"><svg width=\"50px\" height=\"50px\" viewBox=\"0 0 60 60\" version=\"1.1\" xmlns=\"https:\/\/www.w3.org\/2000\/svg\" xmlns:xlink=\"https:\/\/www.w3.org\/1999\/xlink\"><g stroke=\"none\" stroke-width=\"1\" fill=\"none\" fill-rule=\"evenodd\"><g transform=\"translate(-511.000000, -20.000000)\" fill=\"#000000\"><g><path d=\"M556.869,30.41 C554.814,30.41 553.148,32.076 553.148,34.131 C553.148,36.186 554.814,37.852 556.869,37.852 C558.924,37.852 560.59,36.186 560.59,34.131 C560.59,32.076 558.924,30.41 556.869,30.41 M541,60.657 C535.114,60.657 530.342,55.887 530.342,50 C530.342,44.114 535.114,39.342 541,39.342 C546.887,39.342 551.658,44.114 551.658,50 C551.658,55.887 546.887,60.657 541,60.657 M541,33.886 C532.1,33.886 524.886,41.1 524.886,50 C524.886,58.899 532.1,66.113 541,66.113 C549.9,66.113 557.115,58.899 557.115,50 C557.115,41.1 549.9,33.886 541,33.886 M565.378,62.101 C565.244,65.022 564.756,66.606 564.346,67.663 C563.803,69.06 563.154,70.057 562.106,71.106 C561.058,72.155 560.06,72.803 558.662,73.347 C557.607,73.757 556.021,74.244 553.102,74.378 C549.944,74.521 548.997,74.552 541,74.552 C533.003,74.552 532.056,74.521 528.898,74.378 C525.979,74.244 524.393,73.757 523.338,73.347 C521.94,72.803 520.942,72.155 519.894,71.106 C518.846,70.057 518.197,69.06 517.654,67.663 C517.244,66.606 516.755,65.022 516.623,62.101 C516.479,58.943 516.448,57.996 516.448,50 C516.448,42.003 516.479,41.056 516.623,37.899 C516.755,34.978 517.244,33.391 517.654,32.338 C518.197,30.938 518.846,29.942 519.894,28.894 C520.942,27.846 521.94,27.196 523.338,26.654 C524.393,26.244 525.979,25.756 528.898,25.623 C532.057,25.479 533.004,25.448 541,25.448 C548.997,25.448 549.943,25.479 553.102,25.623 C556.021,25.756 557.607,26.244 558.662,26.654 C560.06,27.196 561.058,27.846 562.106,28.894 C563.154,29.942 563.803,30.938 564.346,32.338 C564.756,33.391 565.244,34.978 565.378,37.899 C565.522,41.056 565.552,42.003 565.552,50 C565.552,57.996 565.522,58.943 565.378,62.101 M570.82,37.631 C570.674,34.438 570.167,32.258 569.425,30.349 C568.659,28.377 567.633,26.702 565.965,25.035 C564.297,23.368 562.623,22.342 560.652,21.575 C558.743,20.834 556.562,20.326 553.369,20.18 C550.169,20.033 549.148,20 541,20 C532.853,20 531.831,20.033 528.631,20.18 C525.438,20.326 523.257,20.834 521.349,21.575 C519.376,22.342 517.703,23.368 516.035,25.035 C514.368,26.702 513.342,28.377 512.574,30.349 C511.834,32.258 511.326,34.438 511.181,37.631 C511.035,40.831 511,41.851 511,50 C511,58.147 511.035,59.17 511.181,62.369 C511.326,65.562 511.834,67.743 512.574,69.651 C513.342,71.625 514.368,73.296 516.035,74.965 C517.703,76.634 519.376,77.658 521.349,78.425 C523.257,79.167 525.438,79.673 528.631,79.82 C531.831,79.965 532.853,80.001 541,80.001 C549.148,80.001 550.169,79.965 553.369,79.82 C556.562,79.673 558.743,79.167 560.652,78.425 C562.623,77.658 564.297,76.634 565.965,74.965 C567.633,73.296 568.659,71.625 569.425,69.651 C570.167,67.743 570.674,65.562 570.82,62.369 C570.966,59.17 571,58.147 571,50 C571,41.851 570.966,40.831 570.82,37.631\"><\/path><\/g><\/g><\/g><\/svg><\/div><div style=\"padding-top: 8px;\"> <div style=\" color:#3897f0; font-family:Arial,sans-serif; font-size:14px; font-style:normal; font-weight:550; line-height:18px;\">Zobrazit p\u0159\u00edsp\u011bvek na Instagramu<\/div><\/div><div style=\"padding: 12.5% 0;\"><\/div> <div style=\"display: flex; flex-direction: row; margin-bottom: 14px; align-items: center;\"><div> <div style=\"background-color: #F4F4F4; border-radius: 50%; height: 12.5px; width: 12.5px; transform: translateX(0px) translateY(7px);\"><\/div> <div style=\"background-color: #F4F4F4; height: 12.5px; transform: rotate(-45deg) translateX(3px) translateY(1px); width: 12.5px; flex-grow: 0; margin-right: 14px; margin-left: 2px;\"><\/div> <div style=\"background-color: #F4F4F4; border-radius: 50%; height: 12.5px; width: 12.5px; transform: translateX(9px) translateY(-18px);\"><\/div><\/div><div style=\"margin-left: 8px;\"> <div style=\" background-color: #F4F4F4; border-radius: 50%; flex-grow: 0; height: 20px; width: 20px;\"><\/div> <div style=\" width: 0; height: 0; border-top: 2px solid transparent; border-left: 6px solid #f4f4f4; border-bottom: 2px solid transparent; transform: translateX(16px) translateY(-4px) rotate(30deg)\"><\/div><\/div><div style=\"margin-left: auto;\"> <div style=\" width: 0px; border-top: 8px solid #F4F4F4; border-right: 8px solid transparent; transform: translateY(16px);\"><\/div> <div style=\" background-color: #F4F4F4; flex-grow: 0; height: 12px; width: 16px; transform: translateY(-4px);\"><\/div> <div style=\" width: 0; height: 0; border-top: 8px solid #F4F4F4; border-left: 8px solid transparent; transform: translateY(-4px) translateX(8px);\"><\/div><\/div><\/div> <div style=\"display: flex; flex-direction: column; flex-grow: 1; justify-content: center; margin-bottom: 24px;\"> <div style=\" background-color: #F4F4F4; border-radius: 4px; flex-grow: 0; height: 14px; margin-bottom: 6px; width: 224px;\"><\/div> <div style=\" background-color: #F4F4F4; border-radius: 4px; flex-grow: 0; height: 14px; width: 144px;\"><\/div><\/div><\/a><p style=\" color:#c9c8cd; font-family:Arial,sans-serif; font-size:14px; line-height:17px; margin-bottom:0; margin-top:8px; overflow:hidden; padding:8px 0 7px; text-align:center; text-overflow:ellipsis; white-space:nowrap;\"><a href=\"https:\/\/www.instagram.com\/reel\/DVVtgz-iJ8u\/?utm_source=ig_embed&amp;utm_campaign=loading\" style=\" color:#c9c8cd; font-family:Arial,sans-serif; font-size:14px; font-style:normal; font-weight:normal; line-height:17px; text-decoration:none;\" target=\"_blank\">P\u0159\u00edsp\u011bvek sd\u00edlen\u00fd Jaro Slavik (@slavikjaro)<\/a><\/p><\/div><\/blockquote>\n<script async src=\"\/\/www.instagram.com\/embed.js\"><\/script>\n\n\n\n<p>Klid by jist\u011b ocenily i dal\u0161\u00ed celebrity, kter\u00e9 zde maj\u00ed vlastn\u00ed adresu. Mezi n\u011b pat\u0159\u00ed nap\u0159\u00edklad Jakub Pracha\u0159, slovensk\u00fd rapper Rytmus s&nbsp;man\u017eelkou Jasminou \u010di t\u0159eba muzikant Richard Kraj\u010do s&nbsp;rodinou. Tak\u00e9 slovensk\u00fd producent Jaro Sl\u00e1vik zde vlastn\u00ed bydlen\u00ed, dokonce na m\u00edst\u011b pr\u00e1v\u011b pob\u00fdval, kdy\u017e kolem l\u00e9taly rakety, jak sd\u00edlel na soci\u00e1ln\u00edch s\u00edt\u00edch. D\u00e1le m\u00e1 sv\u016fj apartm\u00e1n nedaleko Dubaje i Dara Rolins, tato oblast by ale prozat\u00edm m\u011bla b\u00fdt bezpe\u010dn\u00e1.<\/p>\n\n\n\n<p>Zdroje: Autorsk\u00fd text, <a href=\"https:\/\/www.denik.cz\/spolecnost\/nemovitosti-cesi-dubaj.html\" target=\"_blank\" rel=\"noreferrer noopener nofollow\">Den\u00edk<\/a>, <a href=\"https:\/\/tn.nova.cz\/zpravodajstvi\/clanek\/642130-jste-zoufalci-krainova-sepsula-cechy-kteri-se-posmivaji-celebritam-v-dubaji\">Instagram SimonaKrainov\u00e1<\/a>, <a href=\"https:\/\/www.instagram.com\/p\/DVVtgz-iJ8u\/?hl=cs\" target=\"_blank\" rel=\"noreferrer noopener nofollow\">Instagram JaroSl\u00e1vik<\/a>, <a href=\"https:\/\/forbes.cz\/dubaj-je-pro-investici-do-nemovitosti-idealni-nabizi-luxus-i-lakave-ceny-rika-zkuseny-makler\/\" target=\"_blank\" rel=\"noreferrer noopener nofollow\">Forbes<\/a><\/p>\n\n\n            <a href=\"https:\/\/www.karaoketexty.cz\/magazin\/jaro-slavik-dubaj-video\/\" class=\"related-post-link\">\n                <div class=\"post-thumbnail\">\n                    <img decoding=\"async\" width=\"250\" height=\"141\" src=\"https:\/\/www.karaoketexty.cz\/magazin\/wp-content\/uploads\/2026\/03\/Jaro-Slavik.jpg\" class=\"attachment-250x180 size-250x180 not-transparent\" alt=\"Fotografie Jara Sl\u00e1vika\" srcset=\"https:\/\/www.karaoketexty.cz\/magazin\/wp-content\/uploads\/2026\/03\/Jaro-Slavik.jpg 1200w, https:\/\/www.karaoketexty.cz\/magazin\/wp-content\/uploads\/2026\/03\/Jaro-Slavik-300x169.jpg 300w, https:\/\/www.karaoketexty.cz\/magazin\/wp-content\/uploads\/2026\/03\/Jaro-Slavik-1024x576.jpg 1024w, https:\/\/www.karaoketexty.cz\/magazin\/wp-content\/uploads\/2026\/03\/Jaro-Slavik-768x432.jpg 768w, https:\/\/www.karaoketexty.cz\/magazin\/wp-content\/uploads\/2026\/03\/Jaro-Slavik-800x450.jpg 800w\" sizes=\"(max-width: 250px) 100vw, 250px\" data-has-transparency=\"false\" data-dominant-color=\"8c633d\" style=\"--dominant-color: #8c633d;\" \/>                <\/div>\n                <div class=\"post-details\">\n                    <span class=\"also-read\">\u010ct\u011bte tak\u00e9:<\/span>\n                    <h3 class=\"hed\">Jaro Sl\u00e1vik z Dubaje: Nad m\u011bstem l\u00e9taj\u00ed rakety<\/h3>\n                <\/div>\n            <\/a>\n            \n\n            <a href=\"https:\/\/www.karaoketexty.cz\/magazin\/druhy-domov-u-more-monika-bagarova-zvazuje-koupi-bytu-v-dubaji\/\" class=\"related-post-link\">\n                <div class=\"post-thumbnail\">\n                    <img decoding=\"async\" width=\"250\" height=\"141\" src=\"https:\/\/www.karaoketexty.cz\/magazin\/wp-content\/uploads\/2025\/11\/monika-bagarova-dubaj.jpg\" class=\"attachment-250x180 size-250x180 not-transparent\" alt=\"Monika Bag\u00e1rov\u00e1 Dubaj\" srcset=\"https:\/\/www.karaoketexty.cz\/magazin\/wp-content\/uploads\/2025\/11\/monika-bagarova-dubaj.jpg 1200w, https:\/\/www.karaoketexty.cz\/magazin\/wp-content\/uploads\/2025\/11\/monika-bagarova-dubaj-300x169.jpg 300w, https:\/\/www.karaoketexty.cz\/magazin\/wp-content\/uploads\/2025\/11\/monika-bagarova-dubaj-1024x576.jpg 1024w, https:\/\/www.karaoketexty.cz\/magazin\/wp-content\/uploads\/2025\/11\/monika-bagarova-dubaj-768x432.jpg 768w, https:\/\/www.karaoketexty.cz\/magazin\/wp-content\/uploads\/2025\/11\/monika-bagarova-dubaj-800x450.jpg 800w\" sizes=\"(max-width: 250px) 100vw, 250px\" data-has-transparency=\"false\" data-dominant-color=\"473b32\" style=\"--dominant-color: #473b32;\" \/>                <\/div>\n                <div class=\"post-details\">\n                    <span class=\"also-read\">\u010ct\u011bte tak\u00e9:<\/span>\n                    <h3 class=\"hed\">Druh\u00fd domov u mo\u0159e: Monika Bag\u00e1rov\u00e1 zva\u017euje koupi bytu  v Dubaji<\/h3>\n                <\/div>\n            <\/a>\n            ","protected":false},"excerpt":{"rendered":"<p>Dubaj se v\u00a0za\u010d\u00e1tkem b\u0159ezna pot\u00fdkala s\u00a0n\u00e1lety \u00edr\u00e1nsk\u00fdch raket. N\u011bkter\u00e9 \u010desk\u00e9 celebrity p\u0159itom situaci sledovali \u00fazkostn\u011bji ne\u017e jin\u00ed.<\/p>\n","protected":false},"author":4,"featured_media":4992,"comment_status":"open","ping_status":"closed","sticky":false,"template":"","format":"standard","meta":{"_yoast_wpseo_title":"Dubajsk\u00e9 investice v ohro\u017een\u00ed. Byt tu m\u00e1 Krainov\u00e1 i Rytmus","_yoast_wpseo_metadesc":"Dubaj v posledn\u00edch dnech \u010delila nejen \u00fatoku \u00edr\u00e1nsk\u00fdch raket, ale tak\u00e9 po\u0161klebk\u016fm. Druh\u00fd domov Rytmuse nebo Kraj\u010da pak h\u00e1jila Krainov\u00e1.","footnotes":""},"categories":[9],"tags":[59,562,12,172,4671,139,4673,5130,6632,6713,1744,2668,6712],"class_list":["post-8976","post","type-post","status-publish","format-standard","has-post-thumbnail","hentry","category-zajimavosti","tag-bydleni-slavnych","tag-ceska-celebrita","tag-ceske-celebrity","tag-dara-rolins","tag-dubaj","tag-dum","tag-investice","tag-jakub-prachar","tag-jaro-slavik","tag-jasmina-alagic","tag-richard-krajco","tag-rytmus","tag-simona-krainova"],"yoast_head":"<!-- This site is optimized with the Yoast SEO plugin v27.4 - https:\/\/yoast.com\/product\/yoast-seo-wordpress\/ -->\n<title>Dubajsk\u00e9 investice v ohro\u017een\u00ed. Byt tu m\u00e1 Krainov\u00e1 i Rytmus<\/title>\n<meta name=\"description\" content=\"Dubaj v posledn\u00edch dnech \u010delila nejen \u00fatoku \u00edr\u00e1nsk\u00fdch raket, ale tak\u00e9 po\u0161klebk\u016fm. Druh\u00fd domov Rytmuse nebo Kraj\u010da pak h\u00e1jila Krainov\u00e1.\" \/>\n<meta name=\"robots\" content=\"index, follow, max-snippet:-1, max-image-preview:large, max-video-preview:-1\" \/>\n<link rel=\"canonical\" href=\"https:\/\/www.karaoketexty.cz\/magazin\/v-ostrelovane-dubaji-maji-investice-za-miliony-mnohe-celebrity-rytmus-simona-krainova-i-richard-krajco\/\" \/>\n<meta property=\"og:locale\" content=\"cs_CZ\" \/>\n<meta property=\"og:type\" content=\"article\" \/>\n<meta property=\"og:title\" content=\"Dubajsk\u00e9 investice v ohro\u017een\u00ed. Byt tu m\u00e1 Krainov\u00e1 i Rytmus\" \/>\n<meta property=\"og:description\" content=\"Dubaj v posledn\u00edch dnech \u010delila nejen \u00fatoku \u00edr\u00e1nsk\u00fdch raket, ale tak\u00e9 po\u0161klebk\u016fm. Druh\u00fd domov Rytmuse nebo Kraj\u010da pak h\u00e1jila Krainov\u00e1.\" \/>\n<meta property=\"og:url\" content=\"https:\/\/www.karaoketexty.cz\/magazin\/v-ostrelovane-dubaji-maji-investice-za-miliony-mnohe-celebrity-rytmus-simona-krainova-i-richard-krajco\/\" \/>\n<meta property=\"og:site_name\" content=\"Stars Magaz\u00edn Karaoketexty.cz\" \/>\n<meta property=\"article:published_time\" content=\"2026-03-12T07:01:00+00:00\" \/>\n<meta property=\"og:image\" content=\"https:\/\/www.karaoketexty.cz\/magazin\/wp-content\/uploads\/2025\/12\/richard-krajco-zivot.jpg\" \/>\n\t<meta property=\"og:image:width\" content=\"1200\" \/>\n\t<meta property=\"og:image:height\" content=\"675\" \/>\n\t<meta property=\"og:image:type\" content=\"image\/jpeg\" \/>\n<meta name=\"author\" content=\"Barbora Kop\u0159ivov\u00e1\" \/>\n<meta name=\"twitter:card\" content=\"summary_large_image\" \/>\n<meta name=\"twitter:label1\" content=\"Napsal(a)\" \/>\n\t<meta name=\"twitter:data1\" content=\"Barbora Kop\u0159ivov\u00e1\" \/>\n\t<meta name=\"twitter:label2\" content=\"Odhadovan\u00e1 doba \u010dten\u00ed\" \/>\n\t<meta name=\"twitter:data2\" content=\"3 minuty\" \/>\n<script type=\"application\/ld+json\" class=\"yoast-schema-graph\">{\"@context\":\"https:\\\/\\\/schema.org\",\"@graph\":[{\"@type\":\"Article\",\"@id\":\"https:\\\/\\\/www.karaoketexty.cz\\\/magazin\\\/v-ostrelovane-dubaji-maji-investice-za-miliony-mnohe-celebrity-rytmus-simona-krainova-i-richard-krajco\\\/#article\",\"isPartOf\":{\"@id\":\"https:\\\/\\\/www.karaoketexty.cz\\\/magazin\\\/v-ostrelovane-dubaji-maji-investice-za-miliony-mnohe-celebrity-rytmus-simona-krainova-i-richard-krajco\\\/\"},\"author\":{\"name\":\"Barbora Kop\u0159ivov\u00e1\",\"@id\":\"https:\\\/\\\/www.karaoketexty.cz\\\/magazin\\\/#\\\/schema\\\/person\\\/37c0164a04038267c8a56ad6d60df749\"},\"headline\":\"V ost\u0159elovan\u00e9\u00a0Dubaji maj\u00ed investice za miliony mnoh\u00e9 celebrity: Rytmus, Simona Krainov\u00e1 i Richard Kraj\u010do\",\"datePublished\":\"2026-03-12T07:01:00+00:00\",\"mainEntityOfPage\":{\"@id\":\"https:\\\/\\\/www.karaoketexty.cz\\\/magazin\\\/v-ostrelovane-dubaji-maji-investice-za-miliony-mnohe-celebrity-rytmus-simona-krainova-i-richard-krajco\\\/\"},\"wordCount\":503,\"commentCount\":0,\"image\":{\"@id\":\"https:\\\/\\\/www.karaoketexty.cz\\\/magazin\\\/v-ostrelovane-dubaji-maji-investice-za-miliony-mnohe-celebrity-rytmus-simona-krainova-i-richard-krajco\\\/#primaryimage\"},\"thumbnailUrl\":\"https:\\\/\\\/www.karaoketexty.cz\\\/magazin\\\/wp-content\\\/uploads\\\/2025\\\/12\\\/richard-krajco-zivot.jpg\",\"keywords\":[\"Bydlen\u00ed slavn\u00fdch\",\"\u010desk\u00e1 celebrita\",\"\u010cesk\u00e9 celebrity\",\"Dara Rolins\",\"Dubaj\",\"D\u016fm\",\"investice\",\"Jakub Pracha\u0159\",\"Jaro Sl\u00e1vik\",\"Jasmina Alagi\u010d\",\"Richard Kraj\u010do\",\"Rytmus\",\"Simona Krainov\u00e1\"],\"articleSection\":[\"Zaj\u00edmavosti\"],\"inLanguage\":\"cs\",\"potentialAction\":[{\"@type\":\"CommentAction\",\"name\":\"Comment\",\"target\":[\"https:\\\/\\\/www.karaoketexty.cz\\\/magazin\\\/v-ostrelovane-dubaji-maji-investice-za-miliony-mnohe-celebrity-rytmus-simona-krainova-i-richard-krajco\\\/#respond\"]}]},{\"@type\":\"WebPage\",\"@id\":\"https:\\\/\\\/www.karaoketexty.cz\\\/magazin\\\/v-ostrelovane-dubaji-maji-investice-za-miliony-mnohe-celebrity-rytmus-simona-krainova-i-richard-krajco\\\/\",\"url\":\"https:\\\/\\\/www.karaoketexty.cz\\\/magazin\\\/v-ostrelovane-dubaji-maji-investice-za-miliony-mnohe-celebrity-rytmus-simona-krainova-i-richard-krajco\\\/\",\"name\":\"Dubajsk\u00e9 investice v ohro\u017een\u00ed. Byt tu m\u00e1 Krainov\u00e1 i Rytmus\",\"isPartOf\":{\"@id\":\"https:\\\/\\\/www.karaoketexty.cz\\\/magazin\\\/#website\"},\"primaryImageOfPage\":{\"@id\":\"https:\\\/\\\/www.karaoketexty.cz\\\/magazin\\\/v-ostrelovane-dubaji-maji-investice-za-miliony-mnohe-celebrity-rytmus-simona-krainova-i-richard-krajco\\\/#primaryimage\"},\"image\":{\"@id\":\"https:\\\/\\\/www.karaoketexty.cz\\\/magazin\\\/v-ostrelovane-dubaji-maji-investice-za-miliony-mnohe-celebrity-rytmus-simona-krainova-i-richard-krajco\\\/#primaryimage\"},\"thumbnailUrl\":\"https:\\\/\\\/www.karaoketexty.cz\\\/magazin\\\/wp-content\\\/uploads\\\/2025\\\/12\\\/richard-krajco-zivot.jpg\",\"datePublished\":\"2026-03-12T07:01:00+00:00\",\"author\":{\"@id\":\"https:\\\/\\\/www.karaoketexty.cz\\\/magazin\\\/#\\\/schema\\\/person\\\/37c0164a04038267c8a56ad6d60df749\"},\"description\":\"Dubaj v posledn\u00edch dnech \u010delila nejen \u00fatoku \u00edr\u00e1nsk\u00fdch raket, ale tak\u00e9 po\u0161klebk\u016fm. Druh\u00fd domov Rytmuse nebo Kraj\u010da pak h\u00e1jila Krainov\u00e1.\",\"breadcrumb\":{\"@id\":\"https:\\\/\\\/www.karaoketexty.cz\\\/magazin\\\/v-ostrelovane-dubaji-maji-investice-za-miliony-mnohe-celebrity-rytmus-simona-krainova-i-richard-krajco\\\/#breadcrumb\"},\"inLanguage\":\"cs\",\"potentialAction\":[{\"@type\":\"ReadAction\",\"target\":[\"https:\\\/\\\/www.karaoketexty.cz\\\/magazin\\\/v-ostrelovane-dubaji-maji-investice-za-miliony-mnohe-celebrity-rytmus-simona-krainova-i-richard-krajco\\\/\"]}]},{\"@type\":\"ImageObject\",\"inLanguage\":\"cs\",\"@id\":\"https:\\\/\\\/www.karaoketexty.cz\\\/magazin\\\/v-ostrelovane-dubaji-maji-investice-za-miliony-mnohe-celebrity-rytmus-simona-krainova-i-richard-krajco\\\/#primaryimage\",\"url\":\"https:\\\/\\\/www.karaoketexty.cz\\\/magazin\\\/wp-content\\\/uploads\\\/2025\\\/12\\\/richard-krajco-zivot.jpg\",\"contentUrl\":\"https:\\\/\\\/www.karaoketexty.cz\\\/magazin\\\/wp-content\\\/uploads\\\/2025\\\/12\\\/richard-krajco-zivot.jpg\",\"width\":1200,\"height\":675,\"caption\":\"Fotografie: Nextfoto\"},{\"@type\":\"BreadcrumbList\",\"@id\":\"https:\\\/\\\/www.karaoketexty.cz\\\/magazin\\\/v-ostrelovane-dubaji-maji-investice-za-miliony-mnohe-celebrity-rytmus-simona-krainova-i-richard-krajco\\\/#breadcrumb\",\"itemListElement\":[{\"@type\":\"ListItem\",\"position\":1,\"name\":\"Dom\u016f\",\"item\":\"https:\\\/\\\/www.karaoketexty.cz\\\/magazin\\\/\"},{\"@type\":\"ListItem\",\"position\":2,\"name\":\"V ost\u0159elovan\u00e9\u00a0Dubaji maj\u00ed investice za miliony mnoh\u00e9 celebrity: Rytmus, Simona Krainov\u00e1 i Richard Kraj\u010do\"}]},{\"@type\":\"WebSite\",\"@id\":\"https:\\\/\\\/www.karaoketexty.cz\\\/magazin\\\/#website\",\"url\":\"https:\\\/\\\/www.karaoketexty.cz\\\/magazin\\\/\",\"name\":\"Stars Magaz\u00edn Karaoketexty.cz\",\"description\":\"Stars Magaz\u00edn na Karaoketexty.cz je zam\u011b\u0159en\u00fd na novinky ze sv\u011bta hudby a celebrit. Obsahuje \u010dl\u00e1nky o zp\u011bv\u00e1c\u00edch, kapel\u00e1ch, nov\u00fdch albech, hudebn\u00edch trendech a dal\u0161\u00edch zaj\u00edmavostech z hudebn\u00edho pr\u016fmyslu.\",\"potentialAction\":[{\"@type\":\"SearchAction\",\"target\":{\"@type\":\"EntryPoint\",\"urlTemplate\":\"https:\\\/\\\/www.karaoketexty.cz\\\/magazin\\\/?s={search_term_string}\"},\"query-input\":{\"@type\":\"PropertyValueSpecification\",\"valueRequired\":true,\"valueName\":\"search_term_string\"}}],\"inLanguage\":\"cs\"},{\"@type\":\"Person\",\"@id\":\"https:\\\/\\\/www.karaoketexty.cz\\\/magazin\\\/#\\\/schema\\\/person\\\/37c0164a04038267c8a56ad6d60df749\",\"name\":\"Barbora Kop\u0159ivov\u00e1\",\"image\":{\"@type\":\"ImageObject\",\"inLanguage\":\"cs\",\"@id\":\"https:\\\/\\\/secure.gravatar.com\\\/avatar\\\/ad2ef9810228386d580851ef4bdde76abaa96054ff5b068c8873bc91afb2df84?s=96&d=mm&r=g\",\"url\":\"https:\\\/\\\/secure.gravatar.com\\\/avatar\\\/ad2ef9810228386d580851ef4bdde76abaa96054ff5b068c8873bc91afb2df84?s=96&d=mm&r=g\",\"contentUrl\":\"https:\\\/\\\/secure.gravatar.com\\\/avatar\\\/ad2ef9810228386d580851ef4bdde76abaa96054ff5b068c8873bc91afb2df84?s=96&d=mm&r=g\",\"caption\":\"Barbora Kop\u0159ivov\u00e1\"},\"url\":\"https:\\\/\\\/www.karaoketexty.cz\\\/magazin\\\/author\\\/barborakoprivova\\\/\"}]}<\/script>\n<!-- \/ Yoast SEO plugin. -->","yoast_head_json":{"title":"Dubajsk\u00e9 investice v ohro\u017een\u00ed. Byt tu m\u00e1 Krainov\u00e1 i Rytmus","description":"Dubaj v posledn\u00edch dnech \u010delila nejen \u00fatoku \u00edr\u00e1nsk\u00fdch raket, ale tak\u00e9 po\u0161klebk\u016fm. Druh\u00fd domov Rytmuse nebo Kraj\u010da pak h\u00e1jila Krainov\u00e1.","robots":{"index":"index","follow":"follow","max-snippet":"max-snippet:-1","max-image-preview":"max-image-preview:large","max-video-preview":"max-video-preview:-1"},"canonical":"https:\/\/www.karaoketexty.cz\/magazin\/v-ostrelovane-dubaji-maji-investice-za-miliony-mnohe-celebrity-rytmus-simona-krainova-i-richard-krajco\/","og_locale":"cs_CZ","og_type":"article","og_title":"Dubajsk\u00e9 investice v ohro\u017een\u00ed. Byt tu m\u00e1 Krainov\u00e1 i Rytmus","og_description":"Dubaj v posledn\u00edch dnech \u010delila nejen \u00fatoku \u00edr\u00e1nsk\u00fdch raket, ale tak\u00e9 po\u0161klebk\u016fm. Druh\u00fd domov Rytmuse nebo Kraj\u010da pak h\u00e1jila Krainov\u00e1.","og_url":"https:\/\/www.karaoketexty.cz\/magazin\/v-ostrelovane-dubaji-maji-investice-za-miliony-mnohe-celebrity-rytmus-simona-krainova-i-richard-krajco\/","og_site_name":"Stars Magaz\u00edn Karaoketexty.cz","article_published_time":"2026-03-12T07:01:00+00:00","og_image":[{"width":1200,"height":675,"url":"https:\/\/www.karaoketexty.cz\/magazin\/wp-content\/uploads\/2025\/12\/richard-krajco-zivot.jpg","type":"image\/jpeg"}],"author":"Barbora Kop\u0159ivov\u00e1","twitter_card":"summary_large_image","twitter_misc":{"Napsal(a)":"Barbora Kop\u0159ivov\u00e1","Odhadovan\u00e1 doba \u010dten\u00ed":"3 minuty"},"schema":{"@context":"https:\/\/schema.org","@graph":[{"@type":"Article","@id":"https:\/\/www.karaoketexty.cz\/magazin\/v-ostrelovane-dubaji-maji-investice-za-miliony-mnohe-celebrity-rytmus-simona-krainova-i-richard-krajco\/#article","isPartOf":{"@id":"https:\/\/www.karaoketexty.cz\/magazin\/v-ostrelovane-dubaji-maji-investice-za-miliony-mnohe-celebrity-rytmus-simona-krainova-i-richard-krajco\/"},"author":{"name":"Barbora Kop\u0159ivov\u00e1","@id":"https:\/\/www.karaoketexty.cz\/magazin\/#\/schema\/person\/37c0164a04038267c8a56ad6d60df749"},"headline":"V ost\u0159elovan\u00e9\u00a0Dubaji maj\u00ed investice za miliony mnoh\u00e9 celebrity: Rytmus, Simona Krainov\u00e1 i Richard Kraj\u010do","datePublished":"2026-03-12T07:01:00+00:00","mainEntityOfPage":{"@id":"https:\/\/www.karaoketexty.cz\/magazin\/v-ostrelovane-dubaji-maji-investice-za-miliony-mnohe-celebrity-rytmus-simona-krainova-i-richard-krajco\/"},"wordCount":503,"commentCount":0,"image":{"@id":"https:\/\/www.karaoketexty.cz\/magazin\/v-ostrelovane-dubaji-maji-investice-za-miliony-mnohe-celebrity-rytmus-simona-krainova-i-richard-krajco\/#primaryimage"},"thumbnailUrl":"https:\/\/www.karaoketexty.cz\/magazin\/wp-content\/uploads\/2025\/12\/richard-krajco-zivot.jpg","keywords":["Bydlen\u00ed slavn\u00fdch","\u010desk\u00e1 celebrita","\u010cesk\u00e9 celebrity","Dara Rolins","Dubaj","D\u016fm","investice","Jakub Pracha\u0159","Jaro Sl\u00e1vik","Jasmina Alagi\u010d","Richard Kraj\u010do","Rytmus","Simona Krainov\u00e1"],"articleSection":["Zaj\u00edmavosti"],"inLanguage":"cs","potentialAction":[{"@type":"CommentAction","name":"Comment","target":["https:\/\/www.karaoketexty.cz\/magazin\/v-ostrelovane-dubaji-maji-investice-za-miliony-mnohe-celebrity-rytmus-simona-krainova-i-richard-krajco\/#respond"]}]},{"@type":"WebPage","@id":"https:\/\/www.karaoketexty.cz\/magazin\/v-ostrelovane-dubaji-maji-investice-za-miliony-mnohe-celebrity-rytmus-simona-krainova-i-richard-krajco\/","url":"https:\/\/www.karaoketexty.cz\/magazin\/v-ostrelovane-dubaji-maji-investice-za-miliony-mnohe-celebrity-rytmus-simona-krainova-i-richard-krajco\/","name":"Dubajsk\u00e9 investice v ohro\u017een\u00ed. Byt tu m\u00e1 Krainov\u00e1 i Rytmus","isPartOf":{"@id":"https:\/\/www.karaoketexty.cz\/magazin\/#website"},"primaryImageOfPage":{"@id":"https:\/\/www.karaoketexty.cz\/magazin\/v-ostrelovane-dubaji-maji-investice-za-miliony-mnohe-celebrity-rytmus-simona-krainova-i-richard-krajco\/#primaryimage"},"image":{"@id":"https:\/\/www.karaoketexty.cz\/magazin\/v-ostrelovane-dubaji-maji-investice-za-miliony-mnohe-celebrity-rytmus-simona-krainova-i-richard-krajco\/#primaryimage"},"thumbnailUrl":"https:\/\/www.karaoketexty.cz\/magazin\/wp-content\/uploads\/2025\/12\/richard-krajco-zivot.jpg","datePublished":"2026-03-12T07:01:00+00:00","author":{"@id":"https:\/\/www.karaoketexty.cz\/magazin\/#\/schema\/person\/37c0164a04038267c8a56ad6d60df749"},"description":"Dubaj v posledn\u00edch dnech \u010delila nejen \u00fatoku \u00edr\u00e1nsk\u00fdch raket, ale tak\u00e9 po\u0161klebk\u016fm. Druh\u00fd domov Rytmuse nebo Kraj\u010da pak h\u00e1jila Krainov\u00e1.","breadcrumb":{"@id":"https:\/\/www.karaoketexty.cz\/magazin\/v-ostrelovane-dubaji-maji-investice-za-miliony-mnohe-celebrity-rytmus-simona-krainova-i-richard-krajco\/#breadcrumb"},"inLanguage":"cs","potentialAction":[{"@type":"ReadAction","target":["https:\/\/www.karaoketexty.cz\/magazin\/v-ostrelovane-dubaji-maji-investice-za-miliony-mnohe-celebrity-rytmus-simona-krainova-i-richard-krajco\/"]}]},{"@type":"ImageObject","inLanguage":"cs","@id":"https:\/\/www.karaoketexty.cz\/magazin\/v-ostrelovane-dubaji-maji-investice-za-miliony-mnohe-celebrity-rytmus-simona-krainova-i-richard-krajco\/#primaryimage","url":"https:\/\/www.karaoketexty.cz\/magazin\/wp-content\/uploads\/2025\/12\/richard-krajco-zivot.jpg","contentUrl":"https:\/\/www.karaoketexty.cz\/magazin\/wp-content\/uploads\/2025\/12\/richard-krajco-zivot.jpg","width":1200,"height":675,"caption":"Fotografie: Nextfoto"},{"@type":"BreadcrumbList","@id":"https:\/\/www.karaoketexty.cz\/magazin\/v-ostrelovane-dubaji-maji-investice-za-miliony-mnohe-celebrity-rytmus-simona-krainova-i-richard-krajco\/#breadcrumb","itemListElement":[{"@type":"ListItem","position":1,"name":"Dom\u016f","item":"https:\/\/www.karaoketexty.cz\/magazin\/"},{"@type":"ListItem","position":2,"name":"V ost\u0159elovan\u00e9\u00a0Dubaji maj\u00ed investice za miliony mnoh\u00e9 celebrity: Rytmus, Simona Krainov\u00e1 i Richard Kraj\u010do"}]},{"@type":"WebSite","@id":"https:\/\/www.karaoketexty.cz\/magazin\/#website","url":"https:\/\/www.karaoketexty.cz\/magazin\/","name":"Stars Magaz\u00edn Karaoketexty.cz","description":"Stars Magaz\u00edn na Karaoketexty.cz je zam\u011b\u0159en\u00fd na novinky ze sv\u011bta hudby a celebrit. Obsahuje \u010dl\u00e1nky o zp\u011bv\u00e1c\u00edch, kapel\u00e1ch, nov\u00fdch albech, hudebn\u00edch trendech a dal\u0161\u00edch zaj\u00edmavostech z hudebn\u00edho pr\u016fmyslu.","potentialAction":[{"@type":"SearchAction","target":{"@type":"EntryPoint","urlTemplate":"https:\/\/www.karaoketexty.cz\/magazin\/?s={search_term_string}"},"query-input":{"@type":"PropertyValueSpecification","valueRequired":true,"valueName":"search_term_string"}}],"inLanguage":"cs"},{"@type":"Person","@id":"https:\/\/www.karaoketexty.cz\/magazin\/#\/schema\/person\/37c0164a04038267c8a56ad6d60df749","name":"Barbora Kop\u0159ivov\u00e1","image":{"@type":"ImageObject","inLanguage":"cs","@id":"https:\/\/secure.gravatar.com\/avatar\/ad2ef9810228386d580851ef4bdde76abaa96054ff5b068c8873bc91afb2df84?s=96&d=mm&r=g","url":"https:\/\/secure.gravatar.com\/avatar\/ad2ef9810228386d580851ef4bdde76abaa96054ff5b068c8873bc91afb2df84?s=96&d=mm&r=g","contentUrl":"https:\/\/secure.gravatar.com\/avatar\/ad2ef9810228386d580851ef4bdde76abaa96054ff5b068c8873bc91afb2df84?s=96&d=mm&r=g","caption":"Barbora Kop\u0159ivov\u00e1"},"url":"https:\/\/www.karaoketexty.cz\/magazin\/author\/barborakoprivova\/"}]}},"_links":{"self":[{"href":"https:\/\/www.karaoketexty.cz\/magazin\/wp-json\/wp\/v2\/posts\/8976","targetHints":{"allow":["GET"]}}],"collection":[{"href":"https:\/\/www.karaoketexty.cz\/magazin\/wp-json\/wp\/v2\/posts"}],"about":[{"href":"https:\/\/www.karaoketexty.cz\/magazin\/wp-json\/wp\/v2\/types\/post"}],"author":[{"embeddable":true,"href":"https:\/\/www.karaoketexty.cz\/magazin\/wp-json\/wp\/v2\/users\/4"}],"replies":[{"embeddable":true,"href":"https:\/\/www.karaoketexty.cz\/magazin\/wp-json\/wp\/v2\/comments?post=8976"}],"version-history":[{"count":5,"href":"https:\/\/www.karaoketexty.cz\/magazin\/wp-json\/wp\/v2\/posts\/8976\/revisions"}],"predecessor-version":[{"id":9033,"href":"https:\/\/www.karaoketexty.cz\/magazin\/wp-json\/wp\/v2\/posts\/8976\/revisions\/9033"}],"wp:featuredmedia":[{"embeddable":true,"href":"https:\/\/www.karaoketexty.cz\/magazin\/wp-json\/wp\/v2\/media\/4992"}],"wp:attachment":[{"href":"https:\/\/www.karaoketexty.cz\/magazin\/wp-json\/wp\/v2\/media?parent=8976"}],"wp:term":[{"taxonomy":"category","embeddable":true,"href":"https:\/\/www.karaoketexty.cz\/magazin\/wp-json\/wp\/v2\/categories?post=8976"},{"taxonomy":"post_tag","embeddable":true,"href":"https:\/\/www.karaoketexty.cz\/magazin\/wp-json\/wp\/v2\/tags?post=8976"}],"curies":[{"name":"wp","href":"https:\/\/api.w.org\/{rel}","templated":true}]}}