{"id":8899,"date":"2026-03-13T07:23:00","date_gmt":"2026-03-13T06:23:00","guid":{"rendered":"https:\/\/www.karaoketexty.cz\/magazin\/?p=8899"},"modified":"2026-03-09T12:16:31","modified_gmt":"2026-03-09T11:16:31","slug":"fotografie-freddy-mercury-mlada-fanynka","status":"publish","type":"post","link":"https:\/\/www.karaoketexty.cz\/magazin\/fotografie-freddy-mercury-mlada-fanynka\/","title":{"rendered":"Tajn\u011b propa\u0161ovala fo\u0165\u00e1k na koncert Queen: Ikonickou fotografii Freddieho Mercuryho po\u0159\u00eddila teprve \u0161estn\u00e1ctilet\u00e1 d\u00edvka"},"content":{"rendered":"\n<p><strong>To nejkr\u00e1sn\u011bj\u0161\u00ed a nejautenti\u010dt\u011bj\u0161\u00ed \u010dasto b\u00fdv\u00e1 to, co nelze napl\u00e1novat. D\u016fkazem toho je t\u00e9m\u011b\u0159 50 let star\u00e1 fotografie kapely Queen.<\/strong><\/p>\n\n\n\n<p>V roce 1978 vznikla jedna z nejzn\u00e1m\u011bj\u0161\u00edch koncertn\u00edch fotografi\u00ed kapely Queen a jej\u00ed autorkou byla p\u0159ekvapiv\u011b teprve 16let\u00e1 d\u00edvka. Mlad\u00e1 fanynka si na koncert tajn\u011b propa\u0161ovala fotoapar\u00e1t, p\u0159esto\u017ee n\u011bco takov\u00e9ho tehdy nebylo b\u011b\u017en\u011b povoleno. D\u00edky odvaze a tro\u0161e \u0161t\u011bst\u00ed se j\u00ed poda\u0159ilo zachytit okam\u017eik, kter\u00fd se pozd\u011bji stal ikonick\u00fdm obrazem jedn\u00e9 z nejv\u011bt\u0161\u00edch rockov\u00fdch kapel v\u0161ech dob. Na Karaoketexty jsme se rozhodli p\u0159ipomenout historii pr\u00e1v\u011b tohoto z\u00e1b\u011bru.<\/p>\n\n\n<!-- karaoketexty.cz \/ rectangle2 -->\n<div id=\"PX_37086_709110796310826\"><\/div>\n<script>\n   if(!useMobileAds && !boolUseSeznamAds && !hideAllAds){\n     window.px2 = window.px2 || { conf: {},queue: [] };\n     px2.queue.push(function () {\n        px2.render({\n           slot: {\n              id: 37086\n           },\n            elem: \"PX_37086_709110796310826\"\n        })\n     });\n  }\n<\/script>\n\n<!-- karaoketexty.cz \/ mobile-rectangle3 -->\n<div id=\"PX_37044_714599773297004\"><\/div>\n<script>\n   if(useMobileAds && !boolUseSeznamAds && !hideAllAds){\nwindow.px2 = window.px2 || { conf: {},queue: [] };\npx2.queue.push(function () {\n\tpx2.render({\n\t\tslot: {\n\t\t\tid: 37044\n\t\t},\n\t\telem: \"PX_37044_714599773297004\"\n\t})\n});\n}\n<\/script>\n\n\n<h2 class=\"wp-block-heading\">Dokonale v\u00fdsti\u017en\u00e9<\/h2>\n\n\n\n<p>D\u00edvka si vzala na koncert mal\u00fd fotoapar\u00e1t a propa\u0161ovala ho dovnit\u0159 schovan\u00fd ve sv\u00e9 bund\u011b. B\u011bhem vystoupen\u00ed \u010dekala na spr\u00e1vn\u00fd moment a v jednu chv\u00edli nam\u00ed\u0159ila objektiv sm\u011brem na p\u00f3dium. Na fotografii je zachycen frontman kapely Freddie Mercury b\u011bhem jednoho z&nbsp;koncert\u016f turn\u00e9 k&nbsp;albu Jazz v dramatick\u00e9m sv\u011btle reflektor\u016f, jak stoj\u00ed p\u0159ed publikem s&nbsp;charakteristick\u00fdm postojem a energi\u00ed, kter\u00e1 pro n\u011bj byla typick\u00e1. Sn\u00edmek dokonale vystihl atmosf\u00e9ru koncert\u016f Queen v jejich nejslavn\u011bj\u0161\u00ed \u00e9\u0159e.<\/p>\n\n\n\n<blockquote class=\"instagram-media\" data-instgrm-permalink=\"https:\/\/www.instagram.com\/p\/DU5OPjfAtPS\/?utm_source=ig_embed&amp;utm_campaign=loading\" data-instgrm-version=\"14\" style=\" background:#FFF; border:0; border-radius:3px; box-shadow:0 0 1px 0 rgba(0,0,0,0.5),0 1px 10px 0 rgba(0,0,0,0.15); margin: 1px; max-width:540px; min-width:326px; padding:0; width:99.375%; width:-webkit-calc(100% - 2px); width:calc(100% - 2px);\"><div style=\"padding:16px;\"> <a href=\"https:\/\/www.instagram.com\/p\/DU5OPjfAtPS\/?utm_source=ig_embed&amp;utm_campaign=loading\" style=\" background:#FFFFFF; line-height:0; padding:0 0; text-align:center; text-decoration:none; width:100%;\" target=\"_blank\"> <div style=\" display: flex; flex-direction: row; align-items: center;\"> <div style=\"background-color: #F4F4F4; border-radius: 50%; flex-grow: 0; height: 40px; margin-right: 14px; width: 40px;\"><\/div> <div style=\"display: flex; flex-direction: column; flex-grow: 1; justify-content: center;\"> <div style=\" background-color: #F4F4F4; border-radius: 4px; flex-grow: 0; height: 14px; margin-bottom: 6px; width: 100px;\"><\/div> <div style=\" background-color: #F4F4F4; border-radius: 4px; flex-grow: 0; height: 14px; width: 60px;\"><\/div><\/div><\/div><div style=\"padding: 19% 0;\"><\/div> <div style=\"display:block; height:50px; margin:0 auto 12px; width:50px;\"><svg width=\"50px\" height=\"50px\" viewBox=\"0 0 60 60\" version=\"1.1\" xmlns=\"https:\/\/www.w3.org\/2000\/svg\" xmlns:xlink=\"https:\/\/www.w3.org\/1999\/xlink\"><g stroke=\"none\" stroke-width=\"1\" fill=\"none\" fill-rule=\"evenodd\"><g transform=\"translate(-511.000000, -20.000000)\" fill=\"#000000\"><g><path d=\"M556.869,30.41 C554.814,30.41 553.148,32.076 553.148,34.131 C553.148,36.186 554.814,37.852 556.869,37.852 C558.924,37.852 560.59,36.186 560.59,34.131 C560.59,32.076 558.924,30.41 556.869,30.41 M541,60.657 C535.114,60.657 530.342,55.887 530.342,50 C530.342,44.114 535.114,39.342 541,39.342 C546.887,39.342 551.658,44.114 551.658,50 C551.658,55.887 546.887,60.657 541,60.657 M541,33.886 C532.1,33.886 524.886,41.1 524.886,50 C524.886,58.899 532.1,66.113 541,66.113 C549.9,66.113 557.115,58.899 557.115,50 C557.115,41.1 549.9,33.886 541,33.886 M565.378,62.101 C565.244,65.022 564.756,66.606 564.346,67.663 C563.803,69.06 563.154,70.057 562.106,71.106 C561.058,72.155 560.06,72.803 558.662,73.347 C557.607,73.757 556.021,74.244 553.102,74.378 C549.944,74.521 548.997,74.552 541,74.552 C533.003,74.552 532.056,74.521 528.898,74.378 C525.979,74.244 524.393,73.757 523.338,73.347 C521.94,72.803 520.942,72.155 519.894,71.106 C518.846,70.057 518.197,69.06 517.654,67.663 C517.244,66.606 516.755,65.022 516.623,62.101 C516.479,58.943 516.448,57.996 516.448,50 C516.448,42.003 516.479,41.056 516.623,37.899 C516.755,34.978 517.244,33.391 517.654,32.338 C518.197,30.938 518.846,29.942 519.894,28.894 C520.942,27.846 521.94,27.196 523.338,26.654 C524.393,26.244 525.979,25.756 528.898,25.623 C532.057,25.479 533.004,25.448 541,25.448 C548.997,25.448 549.943,25.479 553.102,25.623 C556.021,25.756 557.607,26.244 558.662,26.654 C560.06,27.196 561.058,27.846 562.106,28.894 C563.154,29.942 563.803,30.938 564.346,32.338 C564.756,33.391 565.244,34.978 565.378,37.899 C565.522,41.056 565.552,42.003 565.552,50 C565.552,57.996 565.522,58.943 565.378,62.101 M570.82,37.631 C570.674,34.438 570.167,32.258 569.425,30.349 C568.659,28.377 567.633,26.702 565.965,25.035 C564.297,23.368 562.623,22.342 560.652,21.575 C558.743,20.834 556.562,20.326 553.369,20.18 C550.169,20.033 549.148,20 541,20 C532.853,20 531.831,20.033 528.631,20.18 C525.438,20.326 523.257,20.834 521.349,21.575 C519.376,22.342 517.703,23.368 516.035,25.035 C514.368,26.702 513.342,28.377 512.574,30.349 C511.834,32.258 511.326,34.438 511.181,37.631 C511.035,40.831 511,41.851 511,50 C511,58.147 511.035,59.17 511.181,62.369 C511.326,65.562 511.834,67.743 512.574,69.651 C513.342,71.625 514.368,73.296 516.035,74.965 C517.703,76.634 519.376,77.658 521.349,78.425 C523.257,79.167 525.438,79.673 528.631,79.82 C531.831,79.965 532.853,80.001 541,80.001 C549.148,80.001 550.169,79.965 553.369,79.82 C556.562,79.673 558.743,79.167 560.652,78.425 C562.623,77.658 564.297,76.634 565.965,74.965 C567.633,73.296 568.659,71.625 569.425,69.651 C570.167,67.743 570.674,65.562 570.82,62.369 C570.966,59.17 571,58.147 571,50 C571,41.851 570.966,40.831 570.82,37.631\"><\/path><\/g><\/g><\/g><\/svg><\/div><div style=\"padding-top: 8px;\"> <div style=\" color:#3897f0; font-family:Arial,sans-serif; font-size:14px; font-style:normal; font-weight:550; line-height:18px;\">Zobrazit p\u0159\u00edsp\u011bvek na Instagramu<\/div><\/div><div style=\"padding: 12.5% 0;\"><\/div> <div style=\"display: flex; flex-direction: row; margin-bottom: 14px; align-items: center;\"><div> <div style=\"background-color: #F4F4F4; border-radius: 50%; height: 12.5px; width: 12.5px; transform: translateX(0px) translateY(7px);\"><\/div> <div style=\"background-color: #F4F4F4; height: 12.5px; transform: rotate(-45deg) translateX(3px) translateY(1px); width: 12.5px; flex-grow: 0; margin-right: 14px; margin-left: 2px;\"><\/div> <div style=\"background-color: #F4F4F4; border-radius: 50%; height: 12.5px; width: 12.5px; transform: translateX(9px) translateY(-18px);\"><\/div><\/div><div style=\"margin-left: 8px;\"> <div style=\" background-color: #F4F4F4; border-radius: 50%; flex-grow: 0; height: 20px; width: 20px;\"><\/div> <div style=\" width: 0; height: 0; border-top: 2px solid transparent; border-left: 6px solid #f4f4f4; border-bottom: 2px solid transparent; transform: translateX(16px) translateY(-4px) rotate(30deg)\"><\/div><\/div><div style=\"margin-left: auto;\"> <div style=\" width: 0px; border-top: 8px solid #F4F4F4; border-right: 8px solid transparent; transform: translateY(16px);\"><\/div> <div style=\" background-color: #F4F4F4; flex-grow: 0; height: 12px; width: 16px; transform: translateY(-4px);\"><\/div> <div style=\" width: 0; height: 0; border-top: 8px solid #F4F4F4; border-left: 8px solid transparent; transform: translateY(-4px) translateX(8px);\"><\/div><\/div><\/div> <div style=\"display: flex; flex-direction: column; flex-grow: 1; justify-content: center; margin-bottom: 24px;\"> <div style=\" background-color: #F4F4F4; border-radius: 4px; flex-grow: 0; height: 14px; margin-bottom: 6px; width: 224px;\"><\/div> <div style=\" background-color: #F4F4F4; border-radius: 4px; flex-grow: 0; height: 14px; width: 144px;\"><\/div><\/div><\/a><p style=\" color:#c9c8cd; font-family:Arial,sans-serif; font-size:14px; line-height:17px; margin-bottom:0; margin-top:8px; overflow:hidden; padding:8px 0 7px; text-align:center; text-overflow:ellipsis; white-space:nowrap;\"><a href=\"https:\/\/www.instagram.com\/p\/DU5OPjfAtPS\/?utm_source=ig_embed&amp;utm_campaign=loading\" style=\" color:#c9c8cd; font-family:Arial,sans-serif; font-size:14px; font-style:normal; font-weight:normal; line-height:17px; text-decoration:none;\" target=\"_blank\">P\u0159\u00edsp\u011bvek sd\u00edlen\u00fd Music Scope (@musicscope)<\/a><\/p><\/div><\/blockquote>\n<script async src=\"\/\/www.instagram.com\/embed.js\"><\/script>\n\n\n\n<h2 class=\"wp-block-heading\">Fotografie s p\u0159\u00edb\u011bhem<\/h2>\n\n\n\n<p>Fotografie se pozd\u011bji za\u010dala \u0161\u00ed\u0159it mezi fanou\u0161ky a postupn\u011b se dostala i do m\u00e9di\u00ed. Zaujala toti\u017e nejen t\u00edm, kdo je na n\u00ed zachycen, ale sv\u00fdm p\u0159\u00edb\u011bhem. Fakt, \u017ee ji po\u0159\u00eddila mlad\u00e1 d\u00edvka bez profesion\u00e1ln\u00ed techniky a zku\u0161enost\u00ed, dodal sn\u00edmku je\u0161t\u011b v\u011bt\u0161\u00ed kouzlo. Mnoz\u00ed fanou\u0161ci Queen dodnes pova\u017euj\u00ed tento moment za jeden z nejautenti\u010dt\u011bj\u0161\u00edch koncertn\u00edch z\u00e1b\u011br\u016f kapely z konce 70. let.<\/p>\n\n\n<!-- karaoketexty.cz \/ interscroller1 -->\n\n<div id=\"PX_37041_825057871452834\"><\/div>\n<script>\nif(useMobileAds && !boolUseSeznamAds && !hideAllAds){\n\twindow.px2 = window.px2 || { conf: {},queue: [] };\n\tpx2.queue.push(function () {\n\t\tpx2.render({\n\t\t\tslot: {\n\t\t\t\tid: 37041\n\t\t\t},\n\t\t\telem: \"PX_37041_825057871452834\"\n\t\t})\n\t});\n}\n<\/script>\n\n\n<p>P\u0159\u00edb\u011bh t\u00e9to fotografie p\u0159ipom\u00edn\u00e1 dobu, kdy koncerty nebyly zaplaven\u00e9 mobiln\u00edmi telefony a ka\u017ed\u00fd sn\u00edmek byl skute\u010dnou vz\u00e1cnost\u00ed. N\u011bkdy i n\u00e1hodn\u00e1 fotografie po\u0159\u00edzen\u00e1 nad\u0161en\u00fdm amat\u00e9rem m\u016f\u017ee vstoupit do historie hudby.<\/p>\n\n\n\n<p>Zdroj: Autorsk\u00fd text, <a href=\"https:\/\/www.instagram.com\/musicscope\/\" target=\"_blank\" rel=\"noreferrer noopener nofollow\">Instagram MusicScope<\/a><\/p>\n\n\n            <a href=\"https:\/\/www.karaoketexty.cz\/magazin\/kviz-pro-milovniky-skupiny-queen-vyzkousejte-sve-znalosti-o-rockove-legende-a-freddiem-mercurym\/\" class=\"related-post-link\">\n                <div class=\"post-thumbnail\">\n                    <img decoding=\"async\" width=\"250\" height=\"159\" src=\"https:\/\/www.karaoketexty.cz\/magazin\/wp-content\/uploads\/2026\/02\/Queen_A_Night_At_The_Opera_1975_Elektra_publicity_photo_02.jpg\" class=\"attachment-250x180 size-250x180 not-transparent\" alt=\"Queen v p\u016fvodn\u00ed sestav\u011b, foto z roku 1975\" srcset=\"https:\/\/www.karaoketexty.cz\/magazin\/wp-content\/uploads\/2026\/02\/Queen_A_Night_At_The_Opera_1975_Elektra_publicity_photo_02.jpg 1798w, https:\/\/www.karaoketexty.cz\/magazin\/wp-content\/uploads\/2026\/02\/Queen_A_Night_At_The_Opera_1975_Elektra_publicity_photo_02-300x191.jpg 300w, https:\/\/www.karaoketexty.cz\/magazin\/wp-content\/uploads\/2026\/02\/Queen_A_Night_At_The_Opera_1975_Elektra_publicity_photo_02-1024x653.jpg 1024w, https:\/\/www.karaoketexty.cz\/magazin\/wp-content\/uploads\/2026\/02\/Queen_A_Night_At_The_Opera_1975_Elektra_publicity_photo_02-768x490.jpg 768w, https:\/\/www.karaoketexty.cz\/magazin\/wp-content\/uploads\/2026\/02\/Queen_A_Night_At_The_Opera_1975_Elektra_publicity_photo_02-1536x979.jpg 1536w\" sizes=\"(max-width: 250px) 100vw, 250px\" data-has-transparency=\"false\" data-dominant-color=\"8f8f8f\" style=\"--dominant-color: #8f8f8f;\" \/>                <\/div>\n                <div class=\"post-details\">\n                    <span class=\"also-read\">\u010ct\u011bte tak\u00e9:<\/span>\n                    <h3 class=\"hed\">Kv\u00edz pro milovn\u00edky skupiny Queen: Vyzkou\u0161ejte sv\u00e9 znalosti o rockov\u00e9 legend\u011b a Freddiem Mercurym<\/h3>\n                <\/div>\n            <\/a>\n            \n\n            <a href=\"https:\/\/www.karaoketexty.cz\/magazin\/freddie-mercury-tajna-dcera-tajemstvi-biografie\/\" class=\"related-post-link\">\n                <div class=\"post-thumbnail\">\n                    <img decoding=\"async\" width=\"250\" height=\"141\" src=\"https:\/\/www.karaoketexty.cz\/magazin\/wp-content\/uploads\/2025\/05\/Freddie-Mercury.avif\" class=\"attachment-250x180 size-250x180 not-transparent\" alt=\"Fotografie Freddieho Mercuryho\" data-has-transparency=\"false\" data-dominant-color=\"57332f\" style=\"--dominant-color: #57332f;\" \/>                <\/div>\n                <div class=\"post-details\">\n                    <span class=\"also-read\">\u010ct\u011bte tak\u00e9:<\/span>\n                    <h3 class=\"hed\">Tajemstv\u00ed Freddieho Mercuryho vyplulo na povrch. M\u011bl dceru, kter\u00e9 je dnes ji\u017e 48 let<\/h3>\n                <\/div>\n            <\/a>\n            ","protected":false},"excerpt":{"rendered":"<p>To nejkr\u00e1sn\u011bj\u0161\u00ed a nejautenti\u010dt\u011bj\u0161\u00ed \u010dasto b\u00fdv\u00e1 to, co nelze napl\u00e1novat. D\u016fkazem toho je t\u00e9m\u011b\u0159 50 let star\u00e1 fotografie kapely Queen.<\/p>\n","protected":false},"author":5,"featured_media":761,"comment_status":"open","ping_status":"closed","sticky":false,"template":"","format":"standard","meta":{"_yoast_wpseo_title":"Fotografie Freddyho Mercuryho po\u0159\u00edzen\u00e1 16letou d\u00edvkou","_yoast_wpseo_metadesc":"Kdy\u017e se \u0159ekne \u201efotografie s p\u0159\u00edb\u011bhem\u201c nen\u00ed mo\u017en\u00e9 si nevybavit Freddyho Mercury zachycen\u00e9ho b\u011bhem koncertu teprve 16letou fanynkou.","footnotes":""},"categories":[9],"tags":[284,1037,462,136,6717,1258,408,393,600],"class_list":["post-8899","post","type-post","status-publish","format-standard","has-post-thumbnail","hentry","category-zajimavosti","tag-freddie-mercury","tag-hudebni-historie","tag-kapela","tag-koncert","tag-koncertni-fotografie","tag-queen","tag-rock","tag-rockova-kapela","tag-rockova-legenda"],"yoast_head":"<!-- This site is optimized with the Yoast SEO plugin v27.5 - https:\/\/yoast.com\/product\/yoast-seo-wordpress\/ -->\n<title>Fotografie Freddyho Mercuryho po\u0159\u00edzen\u00e1 16letou d\u00edvkou<\/title>\n<meta name=\"description\" content=\"Kdy\u017e se \u0159ekne \u201efotografie s p\u0159\u00edb\u011bhem\u201c nen\u00ed mo\u017en\u00e9 si nevybavit Freddyho Mercury zachycen\u00e9ho b\u011bhem koncertu teprve 16letou fanynkou.\" \/>\n<meta name=\"robots\" content=\"index, follow, max-snippet:-1, max-image-preview:large, max-video-preview:-1\" \/>\n<link rel=\"canonical\" href=\"https:\/\/www.karaoketexty.cz\/magazin\/fotografie-freddy-mercury-mlada-fanynka\/\" \/>\n<meta property=\"og:locale\" content=\"cs_CZ\" \/>\n<meta property=\"og:type\" content=\"article\" \/>\n<meta property=\"og:title\" content=\"Fotografie Freddyho Mercuryho po\u0159\u00edzen\u00e1 16letou d\u00edvkou\" \/>\n<meta property=\"og:description\" content=\"Kdy\u017e se \u0159ekne \u201efotografie s p\u0159\u00edb\u011bhem\u201c nen\u00ed mo\u017en\u00e9 si nevybavit Freddyho Mercury zachycen\u00e9ho b\u011bhem koncertu teprve 16letou fanynkou.\" \/>\n<meta property=\"og:url\" content=\"https:\/\/www.karaoketexty.cz\/magazin\/fotografie-freddy-mercury-mlada-fanynka\/\" \/>\n<meta property=\"og:site_name\" content=\"Stars Magaz\u00edn Karaoketexty.cz\" \/>\n<meta property=\"article:published_time\" content=\"2026-03-13T06:23:00+00:00\" \/>\n<meta property=\"og:image\" content=\"https:\/\/www.karaoketexty.cz\/magazin\/wp-content\/uploads\/2025\/05\/Freddie-Mercury.avif\" \/>\n\t<meta property=\"og:image:width\" content=\"1200\" \/>\n\t<meta property=\"og:image:height\" content=\"675\" \/>\n\t<meta property=\"og:image:type\" content=\"image\/jpeg\" \/>\n<meta name=\"author\" content=\"Veronika \u0160imkov\u00e1\" \/>\n<meta name=\"twitter:card\" content=\"summary_large_image\" \/>\n<meta name=\"twitter:label1\" content=\"Napsal(a)\" \/>\n\t<meta name=\"twitter:data1\" content=\"Veronika \u0160imkov\u00e1\" \/>\n\t<meta name=\"twitter:label2\" content=\"Odhadovan\u00e1 doba \u010dten\u00ed\" \/>\n\t<meta name=\"twitter:data2\" content=\"5 minut\" \/>\n<script type=\"application\/ld+json\" class=\"yoast-schema-graph\">{\"@context\":\"https:\\\/\\\/schema.org\",\"@graph\":[{\"@type\":\"Article\",\"@id\":\"https:\\\/\\\/www.karaoketexty.cz\\\/magazin\\\/fotografie-freddy-mercury-mlada-fanynka\\\/#article\",\"isPartOf\":{\"@id\":\"https:\\\/\\\/www.karaoketexty.cz\\\/magazin\\\/fotografie-freddy-mercury-mlada-fanynka\\\/\"},\"author\":{\"name\":\"Veronika \u0160imkov\u00e1\",\"@id\":\"https:\\\/\\\/www.karaoketexty.cz\\\/magazin\\\/#\\\/schema\\\/person\\\/03220d610ed4cba378a72bac3443f821\"},\"headline\":\"Tajn\u011b propa\u0161ovala fo\u0165\u00e1k na koncert Queen: Ikonickou fotografii Freddieho Mercuryho po\u0159\u00eddila teprve \u0161estn\u00e1ctilet\u00e1 d\u00edvka\",\"datePublished\":\"2026-03-13T06:23:00+00:00\",\"mainEntityOfPage\":{\"@id\":\"https:\\\/\\\/www.karaoketexty.cz\\\/magazin\\\/fotografie-freddy-mercury-mlada-fanynka\\\/\"},\"wordCount\":391,\"commentCount\":0,\"image\":{\"@id\":\"https:\\\/\\\/www.karaoketexty.cz\\\/magazin\\\/fotografie-freddy-mercury-mlada-fanynka\\\/#primaryimage\"},\"thumbnailUrl\":\"https:\\\/\\\/www.karaoketexty.cz\\\/magazin\\\/wp-content\\\/uploads\\\/2025\\\/05\\\/Freddie-Mercury.avif\",\"keywords\":[\"Freddie Mercury\",\"hudebn\u00ed historie\",\"kapela\",\"koncert\",\"koncertn\u00ed fotografie\",\"Queen\",\"rock\",\"rockov\u00e1 kapela\",\"rockov\u00e1 legenda\"],\"articleSection\":[\"Zaj\u00edmavosti\"],\"inLanguage\":\"cs\",\"potentialAction\":[{\"@type\":\"CommentAction\",\"name\":\"Comment\",\"target\":[\"https:\\\/\\\/www.karaoketexty.cz\\\/magazin\\\/fotografie-freddy-mercury-mlada-fanynka\\\/#respond\"]}]},{\"@type\":\"WebPage\",\"@id\":\"https:\\\/\\\/www.karaoketexty.cz\\\/magazin\\\/fotografie-freddy-mercury-mlada-fanynka\\\/\",\"url\":\"https:\\\/\\\/www.karaoketexty.cz\\\/magazin\\\/fotografie-freddy-mercury-mlada-fanynka\\\/\",\"name\":\"Fotografie Freddyho Mercuryho po\u0159\u00edzen\u00e1 16letou d\u00edvkou\",\"isPartOf\":{\"@id\":\"https:\\\/\\\/www.karaoketexty.cz\\\/magazin\\\/#website\"},\"primaryImageOfPage\":{\"@id\":\"https:\\\/\\\/www.karaoketexty.cz\\\/magazin\\\/fotografie-freddy-mercury-mlada-fanynka\\\/#primaryimage\"},\"image\":{\"@id\":\"https:\\\/\\\/www.karaoketexty.cz\\\/magazin\\\/fotografie-freddy-mercury-mlada-fanynka\\\/#primaryimage\"},\"thumbnailUrl\":\"https:\\\/\\\/www.karaoketexty.cz\\\/magazin\\\/wp-content\\\/uploads\\\/2025\\\/05\\\/Freddie-Mercury.avif\",\"datePublished\":\"2026-03-13T06:23:00+00:00\",\"author\":{\"@id\":\"https:\\\/\\\/www.karaoketexty.cz\\\/magazin\\\/#\\\/schema\\\/person\\\/03220d610ed4cba378a72bac3443f821\"},\"description\":\"Kdy\u017e se \u0159ekne \u201efotografie s p\u0159\u00edb\u011bhem\u201c nen\u00ed mo\u017en\u00e9 si nevybavit Freddyho Mercury zachycen\u00e9ho b\u011bhem koncertu teprve 16letou fanynkou.\",\"breadcrumb\":{\"@id\":\"https:\\\/\\\/www.karaoketexty.cz\\\/magazin\\\/fotografie-freddy-mercury-mlada-fanynka\\\/#breadcrumb\"},\"inLanguage\":\"cs\",\"potentialAction\":[{\"@type\":\"ReadAction\",\"target\":[\"https:\\\/\\\/www.karaoketexty.cz\\\/magazin\\\/fotografie-freddy-mercury-mlada-fanynka\\\/\"]}]},{\"@type\":\"ImageObject\",\"inLanguage\":\"cs\",\"@id\":\"https:\\\/\\\/www.karaoketexty.cz\\\/magazin\\\/fotografie-freddy-mercury-mlada-fanynka\\\/#primaryimage\",\"url\":\"https:\\\/\\\/www.karaoketexty.cz\\\/magazin\\\/wp-content\\\/uploads\\\/2025\\\/05\\\/Freddie-Mercury.avif\",\"contentUrl\":\"https:\\\/\\\/www.karaoketexty.cz\\\/magazin\\\/wp-content\\\/uploads\\\/2025\\\/05\\\/Freddie-Mercury.avif\",\"width\":1200,\"height\":675,\"caption\":\"Fotografie: Carl Lender \\\/ Creative Commons \\\/ CC BY-SA 3.0\"},{\"@type\":\"BreadcrumbList\",\"@id\":\"https:\\\/\\\/www.karaoketexty.cz\\\/magazin\\\/fotografie-freddy-mercury-mlada-fanynka\\\/#breadcrumb\",\"itemListElement\":[{\"@type\":\"ListItem\",\"position\":1,\"name\":\"Dom\u016f\",\"item\":\"https:\\\/\\\/www.karaoketexty.cz\\\/magazin\\\/\"},{\"@type\":\"ListItem\",\"position\":2,\"name\":\"Tajn\u011b propa\u0161ovala fo\u0165\u00e1k na koncert Queen: Ikonickou fotografii Freddieho Mercuryho po\u0159\u00eddila teprve \u0161estn\u00e1ctilet\u00e1 d\u00edvka\"}]},{\"@type\":\"WebSite\",\"@id\":\"https:\\\/\\\/www.karaoketexty.cz\\\/magazin\\\/#website\",\"url\":\"https:\\\/\\\/www.karaoketexty.cz\\\/magazin\\\/\",\"name\":\"Stars Magaz\u00edn Karaoketexty.cz\",\"description\":\"Stars Magaz\u00edn na Karaoketexty.cz je zam\u011b\u0159en\u00fd na novinky ze sv\u011bta hudby a celebrit. Obsahuje \u010dl\u00e1nky o zp\u011bv\u00e1c\u00edch, kapel\u00e1ch, nov\u00fdch albech, hudebn\u00edch trendech a dal\u0161\u00edch zaj\u00edmavostech z hudebn\u00edho pr\u016fmyslu.\",\"potentialAction\":[{\"@type\":\"SearchAction\",\"target\":{\"@type\":\"EntryPoint\",\"urlTemplate\":\"https:\\\/\\\/www.karaoketexty.cz\\\/magazin\\\/?s={search_term_string}\"},\"query-input\":{\"@type\":\"PropertyValueSpecification\",\"valueRequired\":true,\"valueName\":\"search_term_string\"}}],\"inLanguage\":\"cs\"},{\"@type\":\"Person\",\"@id\":\"https:\\\/\\\/www.karaoketexty.cz\\\/magazin\\\/#\\\/schema\\\/person\\\/03220d610ed4cba378a72bac3443f821\",\"name\":\"Veronika \u0160imkov\u00e1\",\"image\":{\"@type\":\"ImageObject\",\"inLanguage\":\"cs\",\"@id\":\"https:\\\/\\\/secure.gravatar.com\\\/avatar\\\/62af9cda83322200aaf20e60d0442fbca254ce18c0ffdcaaf83de31493c941a5?s=96&d=mm&r=g\",\"url\":\"https:\\\/\\\/secure.gravatar.com\\\/avatar\\\/62af9cda83322200aaf20e60d0442fbca254ce18c0ffdcaaf83de31493c941a5?s=96&d=mm&r=g\",\"contentUrl\":\"https:\\\/\\\/secure.gravatar.com\\\/avatar\\\/62af9cda83322200aaf20e60d0442fbca254ce18c0ffdcaaf83de31493c941a5?s=96&d=mm&r=g\",\"caption\":\"Veronika \u0160imkov\u00e1\"},\"url\":\"https:\\\/\\\/www.karaoketexty.cz\\\/magazin\\\/author\\\/veronikasimkova\\\/\"}]}<\/script>\n<!-- \/ Yoast SEO plugin. -->","yoast_head_json":{"title":"Fotografie Freddyho Mercuryho po\u0159\u00edzen\u00e1 16letou d\u00edvkou","description":"Kdy\u017e se \u0159ekne \u201efotografie s p\u0159\u00edb\u011bhem\u201c nen\u00ed mo\u017en\u00e9 si nevybavit Freddyho Mercury zachycen\u00e9ho b\u011bhem koncertu teprve 16letou fanynkou.","robots":{"index":"index","follow":"follow","max-snippet":"max-snippet:-1","max-image-preview":"max-image-preview:large","max-video-preview":"max-video-preview:-1"},"canonical":"https:\/\/www.karaoketexty.cz\/magazin\/fotografie-freddy-mercury-mlada-fanynka\/","og_locale":"cs_CZ","og_type":"article","og_title":"Fotografie Freddyho Mercuryho po\u0159\u00edzen\u00e1 16letou d\u00edvkou","og_description":"Kdy\u017e se \u0159ekne \u201efotografie s p\u0159\u00edb\u011bhem\u201c nen\u00ed mo\u017en\u00e9 si nevybavit Freddyho Mercury zachycen\u00e9ho b\u011bhem koncertu teprve 16letou fanynkou.","og_url":"https:\/\/www.karaoketexty.cz\/magazin\/fotografie-freddy-mercury-mlada-fanynka\/","og_site_name":"Stars Magaz\u00edn Karaoketexty.cz","article_published_time":"2026-03-13T06:23:00+00:00","og_image":[{"width":1200,"height":675,"url":"https:\/\/www.karaoketexty.cz\/magazin\/wp-content\/uploads\/2025\/05\/Freddie-Mercury.avif","type":"image\/jpeg"}],"author":"Veronika \u0160imkov\u00e1","twitter_card":"summary_large_image","twitter_misc":{"Napsal(a)":"Veronika \u0160imkov\u00e1","Odhadovan\u00e1 doba \u010dten\u00ed":"5 minut"},"schema":{"@context":"https:\/\/schema.org","@graph":[{"@type":"Article","@id":"https:\/\/www.karaoketexty.cz\/magazin\/fotografie-freddy-mercury-mlada-fanynka\/#article","isPartOf":{"@id":"https:\/\/www.karaoketexty.cz\/magazin\/fotografie-freddy-mercury-mlada-fanynka\/"},"author":{"name":"Veronika \u0160imkov\u00e1","@id":"https:\/\/www.karaoketexty.cz\/magazin\/#\/schema\/person\/03220d610ed4cba378a72bac3443f821"},"headline":"Tajn\u011b propa\u0161ovala fo\u0165\u00e1k na koncert Queen: Ikonickou fotografii Freddieho Mercuryho po\u0159\u00eddila teprve \u0161estn\u00e1ctilet\u00e1 d\u00edvka","datePublished":"2026-03-13T06:23:00+00:00","mainEntityOfPage":{"@id":"https:\/\/www.karaoketexty.cz\/magazin\/fotografie-freddy-mercury-mlada-fanynka\/"},"wordCount":391,"commentCount":0,"image":{"@id":"https:\/\/www.karaoketexty.cz\/magazin\/fotografie-freddy-mercury-mlada-fanynka\/#primaryimage"},"thumbnailUrl":"https:\/\/www.karaoketexty.cz\/magazin\/wp-content\/uploads\/2025\/05\/Freddie-Mercury.avif","keywords":["Freddie Mercury","hudebn\u00ed historie","kapela","koncert","koncertn\u00ed fotografie","Queen","rock","rockov\u00e1 kapela","rockov\u00e1 legenda"],"articleSection":["Zaj\u00edmavosti"],"inLanguage":"cs","potentialAction":[{"@type":"CommentAction","name":"Comment","target":["https:\/\/www.karaoketexty.cz\/magazin\/fotografie-freddy-mercury-mlada-fanynka\/#respond"]}]},{"@type":"WebPage","@id":"https:\/\/www.karaoketexty.cz\/magazin\/fotografie-freddy-mercury-mlada-fanynka\/","url":"https:\/\/www.karaoketexty.cz\/magazin\/fotografie-freddy-mercury-mlada-fanynka\/","name":"Fotografie Freddyho Mercuryho po\u0159\u00edzen\u00e1 16letou d\u00edvkou","isPartOf":{"@id":"https:\/\/www.karaoketexty.cz\/magazin\/#website"},"primaryImageOfPage":{"@id":"https:\/\/www.karaoketexty.cz\/magazin\/fotografie-freddy-mercury-mlada-fanynka\/#primaryimage"},"image":{"@id":"https:\/\/www.karaoketexty.cz\/magazin\/fotografie-freddy-mercury-mlada-fanynka\/#primaryimage"},"thumbnailUrl":"https:\/\/www.karaoketexty.cz\/magazin\/wp-content\/uploads\/2025\/05\/Freddie-Mercury.avif","datePublished":"2026-03-13T06:23:00+00:00","author":{"@id":"https:\/\/www.karaoketexty.cz\/magazin\/#\/schema\/person\/03220d610ed4cba378a72bac3443f821"},"description":"Kdy\u017e se \u0159ekne \u201efotografie s p\u0159\u00edb\u011bhem\u201c nen\u00ed mo\u017en\u00e9 si nevybavit Freddyho Mercury zachycen\u00e9ho b\u011bhem koncertu teprve 16letou fanynkou.","breadcrumb":{"@id":"https:\/\/www.karaoketexty.cz\/magazin\/fotografie-freddy-mercury-mlada-fanynka\/#breadcrumb"},"inLanguage":"cs","potentialAction":[{"@type":"ReadAction","target":["https:\/\/www.karaoketexty.cz\/magazin\/fotografie-freddy-mercury-mlada-fanynka\/"]}]},{"@type":"ImageObject","inLanguage":"cs","@id":"https:\/\/www.karaoketexty.cz\/magazin\/fotografie-freddy-mercury-mlada-fanynka\/#primaryimage","url":"https:\/\/www.karaoketexty.cz\/magazin\/wp-content\/uploads\/2025\/05\/Freddie-Mercury.avif","contentUrl":"https:\/\/www.karaoketexty.cz\/magazin\/wp-content\/uploads\/2025\/05\/Freddie-Mercury.avif","width":1200,"height":675,"caption":"Fotografie: Carl Lender \/ Creative Commons \/ CC BY-SA 3.0"},{"@type":"BreadcrumbList","@id":"https:\/\/www.karaoketexty.cz\/magazin\/fotografie-freddy-mercury-mlada-fanynka\/#breadcrumb","itemListElement":[{"@type":"ListItem","position":1,"name":"Dom\u016f","item":"https:\/\/www.karaoketexty.cz\/magazin\/"},{"@type":"ListItem","position":2,"name":"Tajn\u011b propa\u0161ovala fo\u0165\u00e1k na koncert Queen: Ikonickou fotografii Freddieho Mercuryho po\u0159\u00eddila teprve \u0161estn\u00e1ctilet\u00e1 d\u00edvka"}]},{"@type":"WebSite","@id":"https:\/\/www.karaoketexty.cz\/magazin\/#website","url":"https:\/\/www.karaoketexty.cz\/magazin\/","name":"Stars Magaz\u00edn Karaoketexty.cz","description":"Stars Magaz\u00edn na Karaoketexty.cz je zam\u011b\u0159en\u00fd na novinky ze sv\u011bta hudby a celebrit. Obsahuje \u010dl\u00e1nky o zp\u011bv\u00e1c\u00edch, kapel\u00e1ch, nov\u00fdch albech, hudebn\u00edch trendech a dal\u0161\u00edch zaj\u00edmavostech z hudebn\u00edho pr\u016fmyslu.","potentialAction":[{"@type":"SearchAction","target":{"@type":"EntryPoint","urlTemplate":"https:\/\/www.karaoketexty.cz\/magazin\/?s={search_term_string}"},"query-input":{"@type":"PropertyValueSpecification","valueRequired":true,"valueName":"search_term_string"}}],"inLanguage":"cs"},{"@type":"Person","@id":"https:\/\/www.karaoketexty.cz\/magazin\/#\/schema\/person\/03220d610ed4cba378a72bac3443f821","name":"Veronika \u0160imkov\u00e1","image":{"@type":"ImageObject","inLanguage":"cs","@id":"https:\/\/secure.gravatar.com\/avatar\/62af9cda83322200aaf20e60d0442fbca254ce18c0ffdcaaf83de31493c941a5?s=96&d=mm&r=g","url":"https:\/\/secure.gravatar.com\/avatar\/62af9cda83322200aaf20e60d0442fbca254ce18c0ffdcaaf83de31493c941a5?s=96&d=mm&r=g","contentUrl":"https:\/\/secure.gravatar.com\/avatar\/62af9cda83322200aaf20e60d0442fbca254ce18c0ffdcaaf83de31493c941a5?s=96&d=mm&r=g","caption":"Veronika \u0160imkov\u00e1"},"url":"https:\/\/www.karaoketexty.cz\/magazin\/author\/veronikasimkova\/"}]}},"_links":{"self":[{"href":"https:\/\/www.karaoketexty.cz\/magazin\/wp-json\/wp\/v2\/posts\/8899","targetHints":{"allow":["GET"]}}],"collection":[{"href":"https:\/\/www.karaoketexty.cz\/magazin\/wp-json\/wp\/v2\/posts"}],"about":[{"href":"https:\/\/www.karaoketexty.cz\/magazin\/wp-json\/wp\/v2\/types\/post"}],"author":[{"embeddable":true,"href":"https:\/\/www.karaoketexty.cz\/magazin\/wp-json\/wp\/v2\/users\/5"}],"replies":[{"embeddable":true,"href":"https:\/\/www.karaoketexty.cz\/magazin\/wp-json\/wp\/v2\/comments?post=8899"}],"version-history":[{"count":3,"href":"https:\/\/www.karaoketexty.cz\/magazin\/wp-json\/wp\/v2\/posts\/8899\/revisions"}],"predecessor-version":[{"id":9063,"href":"https:\/\/www.karaoketexty.cz\/magazin\/wp-json\/wp\/v2\/posts\/8899\/revisions\/9063"}],"wp:featuredmedia":[{"embeddable":true,"href":"https:\/\/www.karaoketexty.cz\/magazin\/wp-json\/wp\/v2\/media\/761"}],"wp:attachment":[{"href":"https:\/\/www.karaoketexty.cz\/magazin\/wp-json\/wp\/v2\/media?parent=8899"}],"wp:term":[{"taxonomy":"category","embeddable":true,"href":"https:\/\/www.karaoketexty.cz\/magazin\/wp-json\/wp\/v2\/categories?post=8899"},{"taxonomy":"post_tag","embeddable":true,"href":"https:\/\/www.karaoketexty.cz\/magazin\/wp-json\/wp\/v2\/tags?post=8899"}],"curies":[{"name":"wp","href":"https:\/\/api.w.org\/{rel}","templated":true}]}}