{"id":8892,"date":"2026-03-14T10:41:37","date_gmt":"2026-03-14T09:41:37","guid":{"rendered":"https:\/\/www.karaoketexty.cz\/magazin\/?p=8892"},"modified":"2026-03-13T15:08:14","modified_gmt":"2026-03-13T14:08:14","slug":"slavny-vizionar-se-mylil-proc-steve-jobs-neveril-spotify-ktere-dnes-vladne-hudebnim-platformam","status":"publish","type":"post","link":"https:\/\/www.karaoketexty.cz\/magazin\/slavny-vizionar-se-mylil-proc-steve-jobs-neveril-spotify-ktere-dnes-vladne-hudebnim-platformam\/","title":{"rendered":"Slavn\u00fd vizion\u00e1\u0159 se m\u00fdlil: Pro\u010d Steve Jobs nev\u011b\u0159il Spotify, kter\u00e9 dnes vl\u00e1dne hudebn\u00edm platform\u00e1m"},"content":{"rendered":"\n<p><strong>Zakladatel Applu s\u00e1zel na prodej hudby po jednotliv\u00fdch p\u00edsn\u00edch. Streamov\u00e1n\u00ed pova\u017eoval za nejist\u00fd experiment. Dnes p\u0159itom dominuje.<\/strong><\/p>\n\n\n\n<p>Na prvn\u00ed pohled to p\u016fsobilo logicky \u2013 lid\u00e9 si budou hudbu kupovat jednotliv\u011b a vlastnit ji. Tento p\u0159\u00edstup dlouh\u00e1 l\u00e9ta zast\u00e1val Steve Jobs. V redakci Karaoketexty.cz jsme v\u0161ak zaznamenali, \u017ee pr\u00e1v\u011b st\u0159et dvou odli\u0161n\u00fdch viz\u00ed, tedy vlastnictv\u00ed versus p\u0159\u00edstup, pat\u0159\u00ed k nejz\u00e1sadn\u011bj\u0161\u00edm moment\u016fm digit\u00e1ln\u00ed \u00e9ry hudby. Zat\u00edmco Apple budoval imp\u00e9rium kolem iTunes a iPodu, ve \u0160v\u00e9dsku vznikal projekt, kter\u00fd m\u011bl cel\u00fd model p\u0159evr\u00e1tit vzh\u016fru nohama.<\/p>\n\n\n<!-- karaoketexty.cz \/ rectangle2 -->\n<div id=\"PX_37086_709110796310826\"><\/div>\n<script>\n   if(!useMobileAds && !boolUseSeznamAds && !hideAllAds){\n     window.px2 = window.px2 || { conf: {},queue: [] };\n     px2.queue.push(function () {\n        px2.render({\n           slot: {\n              id: 37086\n           },\n            elem: \"PX_37086_709110796310826\"\n        })\n     });\n  }\n<\/script>\n\n<!-- karaoketexty.cz \/ mobile-rectangle3 -->\n<div id=\"PX_37044_714599773297004\"><\/div>\n<script>\n   if(useMobileAds && !boolUseSeznamAds && !hideAllAds){\nwindow.px2 = window.px2 || { conf: {},queue: [] };\npx2.queue.push(function () {\n\tpx2.render({\n\t\tslot: {\n\t\t\tid: 37044\n\t\t},\n\t\telem: \"PX_37044_714599773297004\"\n\t})\n});\n}\n<\/script>\n\n\n<h2 class=\"wp-block-heading\">iTunes jako z\u00e1chrana hudebn\u00edho pr\u016fmyslu<\/h2>\n\n\n\n<p>Na za\u010d\u00e1tku tis\u00edcilet\u00ed se nahr\u00e1vac\u00ed spole\u010dnosti pot\u00fdkaly s masivn\u00edm pir\u00e1tstv\u00edm. S\u00edt\u011b pro sd\u00edlen\u00ed typu Napster dramaticky sn\u00ed\u017eily prodeje CD\u00e9\u010dek a tradi\u010dn\u00ed distribu\u010dn\u00ed model se prost\u011b hroutil. Apple tedy p\u0159i\u0161el s \u0159e\u0161en\u00edm: iTunes Store umo\u017enil nakupovat jednotliv\u00e9 skladby za 99 cent\u016f, rychle, leg\u00e1ln\u011b a bez komplikac\u00ed. Kombinace s iPodem vytvo\u0159ila ekosyst\u00e9m, kter\u00fd z\u00e1kazn\u00edk\u016fm nab\u00eddl jednoduchost a pr\u016fmyslu n\u00e1vrat k v\u00fdd\u011blk\u016fm.<\/p>\n\n\n\n<p>Tento model fungoval. Apple kontroloval hardware, software i samotnou distribuci obsahu. Digit\u00e1ln\u00ed vlastnictv\u00ed bylo p\u0159ehledn\u00e9 a p\u0159edv\u00eddateln\u00e9. Jobs v\u011b\u0159il, \u017ee pr\u00e1v\u011b tento p\u0159\u00edstup je dlouhodob\u011b udr\u017eiteln\u00fd. Streamov\u00e1n\u00ed, postaven\u00e9 na p\u0159edplatn\u00e9m a reklam\u011b, podle n\u011bkter\u00fdch zdroj\u016f nepova\u017eoval za ekonomicky stabiln\u00ed, popisuje web Letem sv\u011btem Applem.<\/p>\n\n\n<!-- karaoketexty.cz \/ interscroller1 -->\n\n<div id=\"PX_37041_825057871452834\"><\/div>\n<script>\nif(useMobileAds && !boolUseSeznamAds && !hideAllAds){\n\twindow.px2 = window.px2 || { conf: {},queue: [] };\n\tpx2.queue.push(function () {\n\t\tpx2.render({\n\t\t\tslot: {\n\t\t\t\tid: 37041\n\t\t\t},\n\t\t\telem: \"PX_37041_825057871452834\"\n\t\t})\n\t});\n}\n<\/script>\n\n\n<h2 class=\"wp-block-heading\">Daniel Ek a my\u0161lenka p\u0159\u00edstupu m\u00edsto vlastnictv\u00ed<\/h2>\n\n\n\n<p>V roce 2008 v\u0161ak Daniel Ek spustil Spotify. Jeho filozofie byla jednoduch\u00e1. Hudba m\u00e1 b\u00fdt dostupn\u00e1 okam\u017eit\u011b a odkudkoli. U\u017eivatel\u00e9 si u\u017e nekupovali konkr\u00e9tn\u00ed skladby, ale z\u00edskali p\u0159\u00edstup k rozs\u00e1hl\u00e9 knihovn\u011b. Model freemium, tedy kombinace bezplatn\u00e9 verze s reklamami a placen\u00e9ho p\u0159edplatn\u00e9ho, p\u0159il\u00e1kal masy.<\/p>\n\n\n\n<blockquote class=\"instagram-media\" data-instgrm-captioned data-instgrm-permalink=\"https:\/\/www.instagram.com\/p\/DUmGwxvDUDX\/?utm_source=ig_embed&amp;utm_campaign=loading\" data-instgrm-version=\"14\" style=\" background:#FFF; border:0; border-radius:3px; box-shadow:0 0 1px 0 rgba(0,0,0,0.5),0 1px 10px 0 rgba(0,0,0,0.15); margin: 1px; max-width:540px; min-width:326px; padding:0; width:99.375%; width:-webkit-calc(100% - 2px); width:calc(100% - 2px);\"><div style=\"padding:16px;\"> <a href=\"https:\/\/www.instagram.com\/p\/DUmGwxvDUDX\/?utm_source=ig_embed&amp;utm_campaign=loading\" style=\" background:#FFFFFF; line-height:0; padding:0 0; text-align:center; text-decoration:none; width:100%;\" target=\"_blank\"> <div style=\" display: flex; flex-direction: row; align-items: center;\"> <div style=\"background-color: #F4F4F4; border-radius: 50%; flex-grow: 0; height: 40px; margin-right: 14px; width: 40px;\"><\/div> <div style=\"display: flex; flex-direction: column; flex-grow: 1; justify-content: center;\"> <div style=\" background-color: #F4F4F4; border-radius: 4px; flex-grow: 0; height: 14px; margin-bottom: 6px; width: 100px;\"><\/div> <div style=\" background-color: #F4F4F4; border-radius: 4px; flex-grow: 0; height: 14px; width: 60px;\"><\/div><\/div><\/div><div style=\"padding: 19% 0;\"><\/div> <div style=\"display:block; height:50px; margin:0 auto 12px; width:50px;\"><svg width=\"50px\" height=\"50px\" viewBox=\"0 0 60 60\" version=\"1.1\" xmlns=\"https:\/\/www.w3.org\/2000\/svg\" xmlns:xlink=\"https:\/\/www.w3.org\/1999\/xlink\"><g stroke=\"none\" stroke-width=\"1\" fill=\"none\" fill-rule=\"evenodd\"><g transform=\"translate(-511.000000, -20.000000)\" fill=\"#000000\"><g><path d=\"M556.869,30.41 C554.814,30.41 553.148,32.076 553.148,34.131 C553.148,36.186 554.814,37.852 556.869,37.852 C558.924,37.852 560.59,36.186 560.59,34.131 C560.59,32.076 558.924,30.41 556.869,30.41 M541,60.657 C535.114,60.657 530.342,55.887 530.342,50 C530.342,44.114 535.114,39.342 541,39.342 C546.887,39.342 551.658,44.114 551.658,50 C551.658,55.887 546.887,60.657 541,60.657 M541,33.886 C532.1,33.886 524.886,41.1 524.886,50 C524.886,58.899 532.1,66.113 541,66.113 C549.9,66.113 557.115,58.899 557.115,50 C557.115,41.1 549.9,33.886 541,33.886 M565.378,62.101 C565.244,65.022 564.756,66.606 564.346,67.663 C563.803,69.06 563.154,70.057 562.106,71.106 C561.058,72.155 560.06,72.803 558.662,73.347 C557.607,73.757 556.021,74.244 553.102,74.378 C549.944,74.521 548.997,74.552 541,74.552 C533.003,74.552 532.056,74.521 528.898,74.378 C525.979,74.244 524.393,73.757 523.338,73.347 C521.94,72.803 520.942,72.155 519.894,71.106 C518.846,70.057 518.197,69.06 517.654,67.663 C517.244,66.606 516.755,65.022 516.623,62.101 C516.479,58.943 516.448,57.996 516.448,50 C516.448,42.003 516.479,41.056 516.623,37.899 C516.755,34.978 517.244,33.391 517.654,32.338 C518.197,30.938 518.846,29.942 519.894,28.894 C520.942,27.846 521.94,27.196 523.338,26.654 C524.393,26.244 525.979,25.756 528.898,25.623 C532.057,25.479 533.004,25.448 541,25.448 C548.997,25.448 549.943,25.479 553.102,25.623 C556.021,25.756 557.607,26.244 558.662,26.654 C560.06,27.196 561.058,27.846 562.106,28.894 C563.154,29.942 563.803,30.938 564.346,32.338 C564.756,33.391 565.244,34.978 565.378,37.899 C565.522,41.056 565.552,42.003 565.552,50 C565.552,57.996 565.522,58.943 565.378,62.101 M570.82,37.631 C570.674,34.438 570.167,32.258 569.425,30.349 C568.659,28.377 567.633,26.702 565.965,25.035 C564.297,23.368 562.623,22.342 560.652,21.575 C558.743,20.834 556.562,20.326 553.369,20.18 C550.169,20.033 549.148,20 541,20 C532.853,20 531.831,20.033 528.631,20.18 C525.438,20.326 523.257,20.834 521.349,21.575 C519.376,22.342 517.703,23.368 516.035,25.035 C514.368,26.702 513.342,28.377 512.574,30.349 C511.834,32.258 511.326,34.438 511.181,37.631 C511.035,40.831 511,41.851 511,50 C511,58.147 511.035,59.17 511.181,62.369 C511.326,65.562 511.834,67.743 512.574,69.651 C513.342,71.625 514.368,73.296 516.035,74.965 C517.703,76.634 519.376,77.658 521.349,78.425 C523.257,79.167 525.438,79.673 528.631,79.82 C531.831,79.965 532.853,80.001 541,80.001 C549.148,80.001 550.169,79.965 553.369,79.82 C556.562,79.673 558.743,79.167 560.652,78.425 C562.623,77.658 564.297,76.634 565.965,74.965 C567.633,73.296 568.659,71.625 569.425,69.651 C570.167,67.743 570.674,65.562 570.82,62.369 C570.966,59.17 571,58.147 571,50 C571,41.851 570.966,40.831 570.82,37.631\"><\/path><\/g><\/g><\/g><\/svg><\/div><div style=\"padding-top: 8px;\"> <div style=\" color:#3897f0; font-family:Arial,sans-serif; font-size:14px; font-style:normal; font-weight:550; line-height:18px;\">Zobrazit p\u0159\u00edsp\u011bvek na Instagramu<\/div><\/div><div style=\"padding: 12.5% 0;\"><\/div> <div style=\"display: flex; flex-direction: row; margin-bottom: 14px; align-items: center;\"><div> <div style=\"background-color: #F4F4F4; border-radius: 50%; height: 12.5px; width: 12.5px; transform: translateX(0px) translateY(7px);\"><\/div> <div style=\"background-color: #F4F4F4; height: 12.5px; transform: rotate(-45deg) translateX(3px) translateY(1px); width: 12.5px; flex-grow: 0; margin-right: 14px; margin-left: 2px;\"><\/div> <div style=\"background-color: #F4F4F4; border-radius: 50%; height: 12.5px; width: 12.5px; transform: translateX(9px) translateY(-18px);\"><\/div><\/div><div style=\"margin-left: 8px;\"> <div style=\" background-color: #F4F4F4; border-radius: 50%; flex-grow: 0; height: 20px; width: 20px;\"><\/div> <div style=\" width: 0; height: 0; border-top: 2px solid transparent; border-left: 6px solid #f4f4f4; border-bottom: 2px solid transparent; transform: translateX(16px) translateY(-4px) rotate(30deg)\"><\/div><\/div><div style=\"margin-left: auto;\"> <div style=\" width: 0px; border-top: 8px solid #F4F4F4; border-right: 8px solid transparent; transform: translateY(16px);\"><\/div> <div style=\" background-color: #F4F4F4; flex-grow: 0; height: 12px; width: 16px; transform: translateY(-4px);\"><\/div> <div style=\" width: 0; height: 0; border-top: 8px solid #F4F4F4; border-left: 8px solid transparent; transform: translateY(-4px) translateX(8px);\"><\/div><\/div><\/div> <div style=\"display: flex; flex-direction: column; flex-grow: 1; justify-content: center; margin-bottom: 24px;\"> <div style=\" background-color: #F4F4F4; border-radius: 4px; flex-grow: 0; height: 14px; margin-bottom: 6px; width: 224px;\"><\/div> <div style=\" background-color: #F4F4F4; border-radius: 4px; flex-grow: 0; height: 14px; width: 144px;\"><\/div><\/div><\/a><p style=\" color:#c9c8cd; font-family:Arial,sans-serif; font-size:14px; line-height:17px; margin-bottom:0; margin-top:8px; overflow:hidden; padding:8px 0 7px; text-align:center; text-overflow:ellipsis; white-space:nowrap;\"><a href=\"https:\/\/www.instagram.com\/p\/DUmGwxvDUDX\/?utm_source=ig_embed&amp;utm_campaign=loading\" style=\" color:#c9c8cd; font-family:Arial,sans-serif; font-size:14px; font-style:normal; font-weight:normal; line-height:17px; text-decoration:none;\" target=\"_blank\">P\u0159\u00edsp\u011bvek sd\u00edlen\u00fd Technology (@technology)<\/a><\/p><\/div><\/blockquote>\n<script async src=\"\/\/www.instagram.com\/embed.js\"><\/script>\n\n\n\n<p>Zpo\u010d\u00e1tku panovala skepse. Licen\u010dn\u00ed n\u00e1klady byly vysok\u00e9 a vydavatelstv\u00ed opatrn\u00e1. Jen\u017ee technologick\u00e9 prost\u0159ed\u00ed se zm\u011bnilo \u2013 rychlej\u0161\u00ed internet, chytr\u00e9 telefony a cloudov\u00e9 slu\u017eby vytvo\u0159ily ide\u00e1ln\u00ed podm\u00ednky pro streamov\u00e1n\u00ed. Postupn\u011b se uk\u00e1zalo, \u017ee u\u017eivatel\u00e9 preferuj\u00ed pohodl\u00ed p\u0159ed vlastnictv\u00edm. Apple reagoval a\u017e pozd\u011bji. Kdy\u017e prodeje skladeb za\u010daly stagnovat, bylo jasn\u00e9, \u017ee je nutn\u00e9 zm\u011bnit strategii. Akvizice Beats Electronics v roce 2014 p\u0159inesla nejen zna\u010dku sluch\u00e1tek, ale i z\u00e1klad pro budouc\u00ed Apple Music. Tentokr\u00e1t v\u0161ak Apple nebyl pr\u016fkopn\u00edkem, n\u00fdbr\u017e n\u00e1sledovn\u00edkem.<\/p>\n\n\n\n<h2 class=\"wp-block-heading\">Spor o pravidla digit\u00e1ln\u00ed ekonomiky<\/h2>\n\n\n\n<p>Nap\u011bt\u00ed mezi ob\u011bma firmami postupn\u011b zes\u00edlilo. Spotify kritizovalo podm\u00ednky v App Storu a v\u00fd\u0161i provize z p\u0159edplatn\u00e9ho uzav\u00edran\u00e9ho p\u0159es iOS. Spor p\u0159erostl v \u0161ir\u0161\u00ed debatu o f\u00e9rovosti platformn\u00edch pravidel a dostal se a\u017e k regula\u010dn\u00edm org\u00e1n\u016fm. Ne\u0161lo jen o hudbu, \u0161lo o kontrolu nad digit\u00e1ln\u00ed distribuc\u00ed.<\/p>\n\n\n\n<p>Dnes je realita z\u0159ejm\u00e1: Spotify je nejv\u011bt\u0161\u00ed streamovac\u00ed slu\u017ebou na sv\u011bt\u011b se stovkami milion\u016f u\u017eivatel\u016f, zat\u00edmco Apple Music si dr\u017e\u00ed silnou pozici zejm\u00e9na mezi u\u017eivateli za\u0159\u00edzen\u00ed Applu. Streamov\u00e1n\u00ed se stalo standardem a prodej jednotliv\u00fdch skladeb je jen zlomkem n\u011bkdej\u0161\u00edch \u010d\u00edsel.<\/p>\n\n\n\n<p>Zdroj: Autorsk\u00fd text, <a href=\"https:\/\/cs.wikipedia.org\/wiki\/Spotify\" target=\"_blank\" rel=\"noreferrer noopener nofollow\">Wikipedie<\/a>, <a href=\"https:\/\/en.wikipedia.org\/wiki\/Criticism_of_Spotify\" target=\"_blank\" rel=\"noreferrer noopener nofollow\">Wikipedie<\/a>, <a href=\"https:\/\/www.letemsvetemapplem.eu\/en\/2026\/02\/16\/steve-jobs-oznacil-streamovani-za-slepou-cestu-spotify-ted-vede-globalni-trh-s-hudbou\/\" target=\"_blank\" rel=\"noreferrer noopener nofollow\">Letemsv\u011btemApplem<\/a>, <a href=\"https:\/\/www.instagram.com\/technology\/\" target=\"_blank\" rel=\"noreferrer noopener nofollow\">Instagram technology<\/a><\/p>\n\n\n            <a href=\"https:\/\/www.karaoketexty.cz\/magazin\/apple-music-otevira-dvere-playlistum-ze-spotify-vyuziva-chvile-kdy-hudebnici-ze-spotify-odchazeji\/\" class=\"related-post-link\">\n                <div class=\"post-thumbnail\">\n                    <img decoding=\"async\" width=\"231\" height=\"180\" src=\"https:\/\/www.karaoketexty.cz\/magazin\/wp-content\/uploads\/2025\/09\/playlisty-jdou-prevadet.jpg\" class=\"attachment-250x180 size-250x180 not-transparent\" alt=\"Obr\u00e1zek ke \u010dl\u00e1nku o p\u0159evodu playlist\u016f ze Spotify do Apple Music\" srcset=\"https:\/\/www.karaoketexty.cz\/magazin\/wp-content\/uploads\/2025\/09\/playlisty-jdou-prevadet.jpg 2304w, https:\/\/www.karaoketexty.cz\/magazin\/wp-content\/uploads\/2025\/09\/playlisty-jdou-prevadet-300x233.jpg 300w, https:\/\/www.karaoketexty.cz\/magazin\/wp-content\/uploads\/2025\/09\/playlisty-jdou-prevadet-1024x796.jpg 1024w, https:\/\/www.karaoketexty.cz\/magazin\/wp-content\/uploads\/2025\/09\/playlisty-jdou-prevadet-768x597.jpg 768w, https:\/\/www.karaoketexty.cz\/magazin\/wp-content\/uploads\/2025\/09\/playlisty-jdou-prevadet-1536x1195.jpg 1536w, https:\/\/www.karaoketexty.cz\/magazin\/wp-content\/uploads\/2025\/09\/playlisty-jdou-prevadet-2048x1593.jpg 2048w\" sizes=\"(max-width: 231px) 100vw, 231px\" data-has-transparency=\"false\" data-dominant-color=\"784b69\" style=\"--dominant-color: #784b69;\" \/>                <\/div>\n                <div class=\"post-details\">\n                    <span class=\"also-read\">\u010ct\u011bte tak\u00e9:<\/span>\n                    <h3 class=\"hed\">Apple Music otev\u00edr\u00e1 dve\u0159e playlist\u016fm ze Spotify. Vyu\u017e\u00edv\u00e1 chv\u00edle, kdy hudebn\u00edci ze Spotify odch\u00e1zej\u00ed<\/h3>\n                <\/div>\n            <\/a>\n            \n\n            <a href=\"https:\/\/www.karaoketexty.cz\/magazin\/nejvice-streamovana-hudba-na-spotify-za-rok-2025-cesko-ma-vlastni-zebricek-a-jiny-vkus\/\" class=\"related-post-link\">\n                <div class=\"post-thumbnail\">\n                    <img decoding=\"async\" width=\"250\" height=\"141\" src=\"https:\/\/www.karaoketexty.cz\/magazin\/wp-content\/uploads\/2025\/10\/spotify.jpg\" class=\"attachment-250x180 size-250x180 not-transparent\" alt=\"Spotify\" srcset=\"https:\/\/www.karaoketexty.cz\/magazin\/wp-content\/uploads\/2025\/10\/spotify.jpg 1200w, https:\/\/www.karaoketexty.cz\/magazin\/wp-content\/uploads\/2025\/10\/spotify-300x169.jpg 300w, https:\/\/www.karaoketexty.cz\/magazin\/wp-content\/uploads\/2025\/10\/spotify-1024x576.jpg 1024w, https:\/\/www.karaoketexty.cz\/magazin\/wp-content\/uploads\/2025\/10\/spotify-768x432.jpg 768w, https:\/\/www.karaoketexty.cz\/magazin\/wp-content\/uploads\/2025\/10\/spotify-800x450.jpg 800w\" sizes=\"(max-width: 250px) 100vw, 250px\" data-has-transparency=\"false\" data-dominant-color=\"3d4439\" style=\"--dominant-color: #3d4439;\" \/>                <\/div>\n                <div class=\"post-details\">\n                    <span class=\"also-read\">\u010ct\u011bte tak\u00e9:<\/span>\n                    <h3 class=\"hed\">Nejv\u00edce streamovan\u00e1 hudba na Spotify za rok 2025: \u010cesko m\u00e1 vlastn\u00ed \u017eeb\u0159\u00ed\u010dek a jin\u00fd vkus<\/h3>\n                <\/div>\n            <\/a>\n            ","protected":false},"excerpt":{"rendered":"<p>Zakladatel Applu s\u00e1zel na prodej hudby po jednotliv\u00fdch p\u00edsn\u00edch. Streamov\u00e1n\u00ed pova\u017eoval za nejist\u00fd experiment. Dnes to p\u0159itom dominuje.<\/p>\n","protected":false},"author":5,"featured_media":9234,"comment_status":"open","ping_status":"closed","sticky":false,"template":"","format":"standard","meta":{"_yoast_wpseo_title":"Pro\u010d Steve Jobs nev\u011b\u0159il Spotify, kter\u00e9 dneska vl\u00e1dne hudb\u011b","_yoast_wpseo_metadesc":"Zakladatel Applu s\u00e1zel na prodej hudby po jednotliv\u00fdch p\u00edsn\u00edch. Streamov\u00e1n\u00ed pova\u017eoval za nejist\u00fd experiment. Dnes to p\u0159itom dominuje.","footnotes":""},"categories":[9],"tags":[495,840,678,2431,1049,17,390,418,6732,365,15,6731,16,566],"class_list":["post-8892","post","type-post","status-publish","format-standard","has-post-thumbnail","hentry","category-zajimavosti","tag-apple","tag-apple-music","tag-ceo","tag-daniel-ek","tag-hudebni-prumysl","tag-hudebni-streamovaci-sluzby","tag-hudebni-technologie","tag-hudebni-trendy","tag-itunes","tag-podnikani-celebrit","tag-spotify","tag-steve-jobs","tag-streamovaci-sluzby","tag-technologie"],"yoast_head":"<!-- This site is optimized with the Yoast SEO plugin v27.4 - https:\/\/yoast.com\/product\/yoast-seo-wordpress\/ -->\n<title>Pro\u010d Steve Jobs nev\u011b\u0159il Spotify, kter\u00e9 dneska vl\u00e1dne hudb\u011b<\/title>\n<meta name=\"description\" content=\"Zakladatel Applu s\u00e1zel na prodej hudby po jednotliv\u00fdch p\u00edsn\u00edch. Streamov\u00e1n\u00ed pova\u017eoval za nejist\u00fd experiment. Dnes to p\u0159itom dominuje.\" \/>\n<meta name=\"robots\" content=\"index, follow, max-snippet:-1, max-image-preview:large, max-video-preview:-1\" \/>\n<link rel=\"canonical\" href=\"https:\/\/www.karaoketexty.cz\/magazin\/slavny-vizionar-se-mylil-proc-steve-jobs-neveril-spotify-ktere-dnes-vladne-hudebnim-platformam\/\" \/>\n<meta property=\"og:locale\" content=\"cs_CZ\" \/>\n<meta property=\"og:type\" content=\"article\" \/>\n<meta property=\"og:title\" content=\"Pro\u010d Steve Jobs nev\u011b\u0159il Spotify, kter\u00e9 dneska vl\u00e1dne hudb\u011b\" \/>\n<meta property=\"og:description\" content=\"Zakladatel Applu s\u00e1zel na prodej hudby po jednotliv\u00fdch p\u00edsn\u00edch. Streamov\u00e1n\u00ed pova\u017eoval za nejist\u00fd experiment. Dnes to p\u0159itom dominuje.\" \/>\n<meta property=\"og:url\" content=\"https:\/\/www.karaoketexty.cz\/magazin\/slavny-vizionar-se-mylil-proc-steve-jobs-neveril-spotify-ktere-dnes-vladne-hudebnim-platformam\/\" \/>\n<meta property=\"og:site_name\" content=\"Stars Magaz\u00edn Karaoketexty.cz\" \/>\n<meta property=\"article:published_time\" content=\"2026-03-14T09:41:37+00:00\" \/>\n<meta property=\"og:image\" content=\"https:\/\/www.karaoketexty.cz\/magazin\/wp-content\/uploads\/2026\/03\/2048px-Steve_Jobs_Headshot_2010-CROP-e1773410786163.jpg\" \/>\n\t<meta property=\"og:image:width\" content=\"2048\" \/>\n\t<meta property=\"og:image:height\" content=\"1488\" \/>\n\t<meta property=\"og:image:type\" content=\"image\/jpeg\" \/>\n<meta name=\"author\" content=\"Veronika \u0160imkov\u00e1\" \/>\n<meta name=\"twitter:card\" content=\"summary_large_image\" \/>\n<meta name=\"twitter:label1\" content=\"Napsal(a)\" \/>\n\t<meta name=\"twitter:data1\" content=\"Veronika \u0160imkov\u00e1\" \/>\n\t<meta name=\"twitter:label2\" content=\"Odhadovan\u00e1 doba \u010dten\u00ed\" \/>\n\t<meta name=\"twitter:data2\" content=\"3 minuty\" \/>\n<script type=\"application\/ld+json\" class=\"yoast-schema-graph\">{\"@context\":\"https:\\\/\\\/schema.org\",\"@graph\":[{\"@type\":\"Article\",\"@id\":\"https:\\\/\\\/www.karaoketexty.cz\\\/magazin\\\/slavny-vizionar-se-mylil-proc-steve-jobs-neveril-spotify-ktere-dnes-vladne-hudebnim-platformam\\\/#article\",\"isPartOf\":{\"@id\":\"https:\\\/\\\/www.karaoketexty.cz\\\/magazin\\\/slavny-vizionar-se-mylil-proc-steve-jobs-neveril-spotify-ktere-dnes-vladne-hudebnim-platformam\\\/\"},\"author\":{\"name\":\"Veronika \u0160imkov\u00e1\",\"@id\":\"https:\\\/\\\/www.karaoketexty.cz\\\/magazin\\\/#\\\/schema\\\/person\\\/03220d610ed4cba378a72bac3443f821\"},\"headline\":\"Slavn\u00fd vizion\u00e1\u0159 se m\u00fdlil: Pro\u010d Steve Jobs nev\u011b\u0159il Spotify, kter\u00e9 dnes vl\u00e1dne hudebn\u00edm platform\u00e1m\",\"datePublished\":\"2026-03-14T09:41:37+00:00\",\"mainEntityOfPage\":{\"@id\":\"https:\\\/\\\/www.karaoketexty.cz\\\/magazin\\\/slavny-vizionar-se-mylil-proc-steve-jobs-neveril-spotify-ktere-dnes-vladne-hudebnim-platformam\\\/\"},\"wordCount\":602,\"commentCount\":0,\"image\":{\"@id\":\"https:\\\/\\\/www.karaoketexty.cz\\\/magazin\\\/slavny-vizionar-se-mylil-proc-steve-jobs-neveril-spotify-ktere-dnes-vladne-hudebnim-platformam\\\/#primaryimage\"},\"thumbnailUrl\":\"https:\\\/\\\/www.karaoketexty.cz\\\/magazin\\\/wp-content\\\/uploads\\\/2026\\\/03\\\/2048px-Steve_Jobs_Headshot_2010-CROP-e1773410786163.jpg\",\"keywords\":[\"Apple\",\"Apple Music\",\"CEO\",\"Daniel Ek\",\"hudebn\u00ed pr\u016fmysl\",\"Hudebn\u00ed streamovac\u00ed slu\u017eby\",\"hudebn\u00ed technologie\",\"hudebn\u00ed trendy\",\"iTunes\",\"podnik\u00e1n\u00ed celebrit\",\"Spotify\",\"Steve Jobs\",\"Streamovac\u00ed slu\u017eby\",\"technologie\"],\"articleSection\":[\"Zaj\u00edmavosti\"],\"inLanguage\":\"cs\",\"potentialAction\":[{\"@type\":\"CommentAction\",\"name\":\"Comment\",\"target\":[\"https:\\\/\\\/www.karaoketexty.cz\\\/magazin\\\/slavny-vizionar-se-mylil-proc-steve-jobs-neveril-spotify-ktere-dnes-vladne-hudebnim-platformam\\\/#respond\"]}]},{\"@type\":\"WebPage\",\"@id\":\"https:\\\/\\\/www.karaoketexty.cz\\\/magazin\\\/slavny-vizionar-se-mylil-proc-steve-jobs-neveril-spotify-ktere-dnes-vladne-hudebnim-platformam\\\/\",\"url\":\"https:\\\/\\\/www.karaoketexty.cz\\\/magazin\\\/slavny-vizionar-se-mylil-proc-steve-jobs-neveril-spotify-ktere-dnes-vladne-hudebnim-platformam\\\/\",\"name\":\"Pro\u010d Steve Jobs nev\u011b\u0159il Spotify, kter\u00e9 dneska vl\u00e1dne hudb\u011b\",\"isPartOf\":{\"@id\":\"https:\\\/\\\/www.karaoketexty.cz\\\/magazin\\\/#website\"},\"primaryImageOfPage\":{\"@id\":\"https:\\\/\\\/www.karaoketexty.cz\\\/magazin\\\/slavny-vizionar-se-mylil-proc-steve-jobs-neveril-spotify-ktere-dnes-vladne-hudebnim-platformam\\\/#primaryimage\"},\"image\":{\"@id\":\"https:\\\/\\\/www.karaoketexty.cz\\\/magazin\\\/slavny-vizionar-se-mylil-proc-steve-jobs-neveril-spotify-ktere-dnes-vladne-hudebnim-platformam\\\/#primaryimage\"},\"thumbnailUrl\":\"https:\\\/\\\/www.karaoketexty.cz\\\/magazin\\\/wp-content\\\/uploads\\\/2026\\\/03\\\/2048px-Steve_Jobs_Headshot_2010-CROP-e1773410786163.jpg\",\"datePublished\":\"2026-03-14T09:41:37+00:00\",\"author\":{\"@id\":\"https:\\\/\\\/www.karaoketexty.cz\\\/magazin\\\/#\\\/schema\\\/person\\\/03220d610ed4cba378a72bac3443f821\"},\"description\":\"Zakladatel Applu s\u00e1zel na prodej hudby po jednotliv\u00fdch p\u00edsn\u00edch. Streamov\u00e1n\u00ed pova\u017eoval za nejist\u00fd experiment. Dnes to p\u0159itom dominuje.\",\"breadcrumb\":{\"@id\":\"https:\\\/\\\/www.karaoketexty.cz\\\/magazin\\\/slavny-vizionar-se-mylil-proc-steve-jobs-neveril-spotify-ktere-dnes-vladne-hudebnim-platformam\\\/#breadcrumb\"},\"inLanguage\":\"cs\",\"potentialAction\":[{\"@type\":\"ReadAction\",\"target\":[\"https:\\\/\\\/www.karaoketexty.cz\\\/magazin\\\/slavny-vizionar-se-mylil-proc-steve-jobs-neveril-spotify-ktere-dnes-vladne-hudebnim-platformam\\\/\"]}]},{\"@type\":\"ImageObject\",\"inLanguage\":\"cs\",\"@id\":\"https:\\\/\\\/www.karaoketexty.cz\\\/magazin\\\/slavny-vizionar-se-mylil-proc-steve-jobs-neveril-spotify-ktere-dnes-vladne-hudebnim-platformam\\\/#primaryimage\",\"url\":\"https:\\\/\\\/www.karaoketexty.cz\\\/magazin\\\/wp-content\\\/uploads\\\/2026\\\/03\\\/2048px-Steve_Jobs_Headshot_2010-CROP-e1773410786163.jpg\",\"contentUrl\":\"https:\\\/\\\/www.karaoketexty.cz\\\/magazin\\\/wp-content\\\/uploads\\\/2026\\\/03\\\/2048px-Steve_Jobs_Headshot_2010-CROP-e1773410786163.jpg\",\"width\":2048,\"height\":1488,\"caption\":\"Foto: Matthew Yohe, CC BY-SA 3.0 , via Wikimedia Commons\"},{\"@type\":\"BreadcrumbList\",\"@id\":\"https:\\\/\\\/www.karaoketexty.cz\\\/magazin\\\/slavny-vizionar-se-mylil-proc-steve-jobs-neveril-spotify-ktere-dnes-vladne-hudebnim-platformam\\\/#breadcrumb\",\"itemListElement\":[{\"@type\":\"ListItem\",\"position\":1,\"name\":\"Dom\u016f\",\"item\":\"https:\\\/\\\/www.karaoketexty.cz\\\/magazin\\\/\"},{\"@type\":\"ListItem\",\"position\":2,\"name\":\"Slavn\u00fd vizion\u00e1\u0159 se m\u00fdlil: Pro\u010d Steve Jobs nev\u011b\u0159il Spotify, kter\u00e9 dnes vl\u00e1dne hudebn\u00edm platform\u00e1m\"}]},{\"@type\":\"WebSite\",\"@id\":\"https:\\\/\\\/www.karaoketexty.cz\\\/magazin\\\/#website\",\"url\":\"https:\\\/\\\/www.karaoketexty.cz\\\/magazin\\\/\",\"name\":\"Stars Magaz\u00edn Karaoketexty.cz\",\"description\":\"Stars Magaz\u00edn na Karaoketexty.cz je zam\u011b\u0159en\u00fd na novinky ze sv\u011bta hudby a celebrit. Obsahuje \u010dl\u00e1nky o zp\u011bv\u00e1c\u00edch, kapel\u00e1ch, nov\u00fdch albech, hudebn\u00edch trendech a dal\u0161\u00edch zaj\u00edmavostech z hudebn\u00edho pr\u016fmyslu.\",\"potentialAction\":[{\"@type\":\"SearchAction\",\"target\":{\"@type\":\"EntryPoint\",\"urlTemplate\":\"https:\\\/\\\/www.karaoketexty.cz\\\/magazin\\\/?s={search_term_string}\"},\"query-input\":{\"@type\":\"PropertyValueSpecification\",\"valueRequired\":true,\"valueName\":\"search_term_string\"}}],\"inLanguage\":\"cs\"},{\"@type\":\"Person\",\"@id\":\"https:\\\/\\\/www.karaoketexty.cz\\\/magazin\\\/#\\\/schema\\\/person\\\/03220d610ed4cba378a72bac3443f821\",\"name\":\"Veronika \u0160imkov\u00e1\",\"image\":{\"@type\":\"ImageObject\",\"inLanguage\":\"cs\",\"@id\":\"https:\\\/\\\/secure.gravatar.com\\\/avatar\\\/62af9cda83322200aaf20e60d0442fbca254ce18c0ffdcaaf83de31493c941a5?s=96&d=mm&r=g\",\"url\":\"https:\\\/\\\/secure.gravatar.com\\\/avatar\\\/62af9cda83322200aaf20e60d0442fbca254ce18c0ffdcaaf83de31493c941a5?s=96&d=mm&r=g\",\"contentUrl\":\"https:\\\/\\\/secure.gravatar.com\\\/avatar\\\/62af9cda83322200aaf20e60d0442fbca254ce18c0ffdcaaf83de31493c941a5?s=96&d=mm&r=g\",\"caption\":\"Veronika \u0160imkov\u00e1\"},\"url\":\"https:\\\/\\\/www.karaoketexty.cz\\\/magazin\\\/author\\\/veronikasimkova\\\/\"}]}<\/script>\n<!-- \/ Yoast SEO plugin. -->","yoast_head_json":{"title":"Pro\u010d Steve Jobs nev\u011b\u0159il Spotify, kter\u00e9 dneska vl\u00e1dne hudb\u011b","description":"Zakladatel Applu s\u00e1zel na prodej hudby po jednotliv\u00fdch p\u00edsn\u00edch. Streamov\u00e1n\u00ed pova\u017eoval za nejist\u00fd experiment. Dnes to p\u0159itom dominuje.","robots":{"index":"index","follow":"follow","max-snippet":"max-snippet:-1","max-image-preview":"max-image-preview:large","max-video-preview":"max-video-preview:-1"},"canonical":"https:\/\/www.karaoketexty.cz\/magazin\/slavny-vizionar-se-mylil-proc-steve-jobs-neveril-spotify-ktere-dnes-vladne-hudebnim-platformam\/","og_locale":"cs_CZ","og_type":"article","og_title":"Pro\u010d Steve Jobs nev\u011b\u0159il Spotify, kter\u00e9 dneska vl\u00e1dne hudb\u011b","og_description":"Zakladatel Applu s\u00e1zel na prodej hudby po jednotliv\u00fdch p\u00edsn\u00edch. Streamov\u00e1n\u00ed pova\u017eoval za nejist\u00fd experiment. Dnes to p\u0159itom dominuje.","og_url":"https:\/\/www.karaoketexty.cz\/magazin\/slavny-vizionar-se-mylil-proc-steve-jobs-neveril-spotify-ktere-dnes-vladne-hudebnim-platformam\/","og_site_name":"Stars Magaz\u00edn Karaoketexty.cz","article_published_time":"2026-03-14T09:41:37+00:00","og_image":[{"width":2048,"height":1488,"url":"https:\/\/www.karaoketexty.cz\/magazin\/wp-content\/uploads\/2026\/03\/2048px-Steve_Jobs_Headshot_2010-CROP-e1773410786163.jpg","type":"image\/jpeg"}],"author":"Veronika \u0160imkov\u00e1","twitter_card":"summary_large_image","twitter_misc":{"Napsal(a)":"Veronika \u0160imkov\u00e1","Odhadovan\u00e1 doba \u010dten\u00ed":"3 minuty"},"schema":{"@context":"https:\/\/schema.org","@graph":[{"@type":"Article","@id":"https:\/\/www.karaoketexty.cz\/magazin\/slavny-vizionar-se-mylil-proc-steve-jobs-neveril-spotify-ktere-dnes-vladne-hudebnim-platformam\/#article","isPartOf":{"@id":"https:\/\/www.karaoketexty.cz\/magazin\/slavny-vizionar-se-mylil-proc-steve-jobs-neveril-spotify-ktere-dnes-vladne-hudebnim-platformam\/"},"author":{"name":"Veronika \u0160imkov\u00e1","@id":"https:\/\/www.karaoketexty.cz\/magazin\/#\/schema\/person\/03220d610ed4cba378a72bac3443f821"},"headline":"Slavn\u00fd vizion\u00e1\u0159 se m\u00fdlil: Pro\u010d Steve Jobs nev\u011b\u0159il Spotify, kter\u00e9 dnes vl\u00e1dne hudebn\u00edm platform\u00e1m","datePublished":"2026-03-14T09:41:37+00:00","mainEntityOfPage":{"@id":"https:\/\/www.karaoketexty.cz\/magazin\/slavny-vizionar-se-mylil-proc-steve-jobs-neveril-spotify-ktere-dnes-vladne-hudebnim-platformam\/"},"wordCount":602,"commentCount":0,"image":{"@id":"https:\/\/www.karaoketexty.cz\/magazin\/slavny-vizionar-se-mylil-proc-steve-jobs-neveril-spotify-ktere-dnes-vladne-hudebnim-platformam\/#primaryimage"},"thumbnailUrl":"https:\/\/www.karaoketexty.cz\/magazin\/wp-content\/uploads\/2026\/03\/2048px-Steve_Jobs_Headshot_2010-CROP-e1773410786163.jpg","keywords":["Apple","Apple Music","CEO","Daniel Ek","hudebn\u00ed pr\u016fmysl","Hudebn\u00ed streamovac\u00ed slu\u017eby","hudebn\u00ed technologie","hudebn\u00ed trendy","iTunes","podnik\u00e1n\u00ed celebrit","Spotify","Steve Jobs","Streamovac\u00ed slu\u017eby","technologie"],"articleSection":["Zaj\u00edmavosti"],"inLanguage":"cs","potentialAction":[{"@type":"CommentAction","name":"Comment","target":["https:\/\/www.karaoketexty.cz\/magazin\/slavny-vizionar-se-mylil-proc-steve-jobs-neveril-spotify-ktere-dnes-vladne-hudebnim-platformam\/#respond"]}]},{"@type":"WebPage","@id":"https:\/\/www.karaoketexty.cz\/magazin\/slavny-vizionar-se-mylil-proc-steve-jobs-neveril-spotify-ktere-dnes-vladne-hudebnim-platformam\/","url":"https:\/\/www.karaoketexty.cz\/magazin\/slavny-vizionar-se-mylil-proc-steve-jobs-neveril-spotify-ktere-dnes-vladne-hudebnim-platformam\/","name":"Pro\u010d Steve Jobs nev\u011b\u0159il Spotify, kter\u00e9 dneska vl\u00e1dne hudb\u011b","isPartOf":{"@id":"https:\/\/www.karaoketexty.cz\/magazin\/#website"},"primaryImageOfPage":{"@id":"https:\/\/www.karaoketexty.cz\/magazin\/slavny-vizionar-se-mylil-proc-steve-jobs-neveril-spotify-ktere-dnes-vladne-hudebnim-platformam\/#primaryimage"},"image":{"@id":"https:\/\/www.karaoketexty.cz\/magazin\/slavny-vizionar-se-mylil-proc-steve-jobs-neveril-spotify-ktere-dnes-vladne-hudebnim-platformam\/#primaryimage"},"thumbnailUrl":"https:\/\/www.karaoketexty.cz\/magazin\/wp-content\/uploads\/2026\/03\/2048px-Steve_Jobs_Headshot_2010-CROP-e1773410786163.jpg","datePublished":"2026-03-14T09:41:37+00:00","author":{"@id":"https:\/\/www.karaoketexty.cz\/magazin\/#\/schema\/person\/03220d610ed4cba378a72bac3443f821"},"description":"Zakladatel Applu s\u00e1zel na prodej hudby po jednotliv\u00fdch p\u00edsn\u00edch. Streamov\u00e1n\u00ed pova\u017eoval za nejist\u00fd experiment. Dnes to p\u0159itom dominuje.","breadcrumb":{"@id":"https:\/\/www.karaoketexty.cz\/magazin\/slavny-vizionar-se-mylil-proc-steve-jobs-neveril-spotify-ktere-dnes-vladne-hudebnim-platformam\/#breadcrumb"},"inLanguage":"cs","potentialAction":[{"@type":"ReadAction","target":["https:\/\/www.karaoketexty.cz\/magazin\/slavny-vizionar-se-mylil-proc-steve-jobs-neveril-spotify-ktere-dnes-vladne-hudebnim-platformam\/"]}]},{"@type":"ImageObject","inLanguage":"cs","@id":"https:\/\/www.karaoketexty.cz\/magazin\/slavny-vizionar-se-mylil-proc-steve-jobs-neveril-spotify-ktere-dnes-vladne-hudebnim-platformam\/#primaryimage","url":"https:\/\/www.karaoketexty.cz\/magazin\/wp-content\/uploads\/2026\/03\/2048px-Steve_Jobs_Headshot_2010-CROP-e1773410786163.jpg","contentUrl":"https:\/\/www.karaoketexty.cz\/magazin\/wp-content\/uploads\/2026\/03\/2048px-Steve_Jobs_Headshot_2010-CROP-e1773410786163.jpg","width":2048,"height":1488,"caption":"Foto: Matthew Yohe, CC BY-SA 3.0 , via Wikimedia Commons"},{"@type":"BreadcrumbList","@id":"https:\/\/www.karaoketexty.cz\/magazin\/slavny-vizionar-se-mylil-proc-steve-jobs-neveril-spotify-ktere-dnes-vladne-hudebnim-platformam\/#breadcrumb","itemListElement":[{"@type":"ListItem","position":1,"name":"Dom\u016f","item":"https:\/\/www.karaoketexty.cz\/magazin\/"},{"@type":"ListItem","position":2,"name":"Slavn\u00fd vizion\u00e1\u0159 se m\u00fdlil: Pro\u010d Steve Jobs nev\u011b\u0159il Spotify, kter\u00e9 dnes vl\u00e1dne hudebn\u00edm platform\u00e1m"}]},{"@type":"WebSite","@id":"https:\/\/www.karaoketexty.cz\/magazin\/#website","url":"https:\/\/www.karaoketexty.cz\/magazin\/","name":"Stars Magaz\u00edn Karaoketexty.cz","description":"Stars Magaz\u00edn na Karaoketexty.cz je zam\u011b\u0159en\u00fd na novinky ze sv\u011bta hudby a celebrit. Obsahuje \u010dl\u00e1nky o zp\u011bv\u00e1c\u00edch, kapel\u00e1ch, nov\u00fdch albech, hudebn\u00edch trendech a dal\u0161\u00edch zaj\u00edmavostech z hudebn\u00edho pr\u016fmyslu.","potentialAction":[{"@type":"SearchAction","target":{"@type":"EntryPoint","urlTemplate":"https:\/\/www.karaoketexty.cz\/magazin\/?s={search_term_string}"},"query-input":{"@type":"PropertyValueSpecification","valueRequired":true,"valueName":"search_term_string"}}],"inLanguage":"cs"},{"@type":"Person","@id":"https:\/\/www.karaoketexty.cz\/magazin\/#\/schema\/person\/03220d610ed4cba378a72bac3443f821","name":"Veronika \u0160imkov\u00e1","image":{"@type":"ImageObject","inLanguage":"cs","@id":"https:\/\/secure.gravatar.com\/avatar\/62af9cda83322200aaf20e60d0442fbca254ce18c0ffdcaaf83de31493c941a5?s=96&d=mm&r=g","url":"https:\/\/secure.gravatar.com\/avatar\/62af9cda83322200aaf20e60d0442fbca254ce18c0ffdcaaf83de31493c941a5?s=96&d=mm&r=g","contentUrl":"https:\/\/secure.gravatar.com\/avatar\/62af9cda83322200aaf20e60d0442fbca254ce18c0ffdcaaf83de31493c941a5?s=96&d=mm&r=g","caption":"Veronika \u0160imkov\u00e1"},"url":"https:\/\/www.karaoketexty.cz\/magazin\/author\/veronikasimkova\/"}]}},"_links":{"self":[{"href":"https:\/\/www.karaoketexty.cz\/magazin\/wp-json\/wp\/v2\/posts\/8892","targetHints":{"allow":["GET"]}}],"collection":[{"href":"https:\/\/www.karaoketexty.cz\/magazin\/wp-json\/wp\/v2\/posts"}],"about":[{"href":"https:\/\/www.karaoketexty.cz\/magazin\/wp-json\/wp\/v2\/types\/post"}],"author":[{"embeddable":true,"href":"https:\/\/www.karaoketexty.cz\/magazin\/wp-json\/wp\/v2\/users\/5"}],"replies":[{"embeddable":true,"href":"https:\/\/www.karaoketexty.cz\/magazin\/wp-json\/wp\/v2\/comments?post=8892"}],"version-history":[{"count":4,"href":"https:\/\/www.karaoketexty.cz\/magazin\/wp-json\/wp\/v2\/posts\/8892\/revisions"}],"predecessor-version":[{"id":9235,"href":"https:\/\/www.karaoketexty.cz\/magazin\/wp-json\/wp\/v2\/posts\/8892\/revisions\/9235"}],"wp:featuredmedia":[{"embeddable":true,"href":"https:\/\/www.karaoketexty.cz\/magazin\/wp-json\/wp\/v2\/media\/9234"}],"wp:attachment":[{"href":"https:\/\/www.karaoketexty.cz\/magazin\/wp-json\/wp\/v2\/media?parent=8892"}],"wp:term":[{"taxonomy":"category","embeddable":true,"href":"https:\/\/www.karaoketexty.cz\/magazin\/wp-json\/wp\/v2\/categories?post=8892"},{"taxonomy":"post_tag","embeddable":true,"href":"https:\/\/www.karaoketexty.cz\/magazin\/wp-json\/wp\/v2\/tags?post=8892"}],"curies":[{"name":"wp","href":"https:\/\/api.w.org\/{rel}","templated":true}]}}