{"id":8887,"date":"2026-03-13T14:56:00","date_gmt":"2026-03-13T13:56:00","guid":{"rendered":"https:\/\/www.karaoketexty.cz\/magazin\/?p=8887"},"modified":"2026-03-10T10:09:55","modified_gmt":"2026-03-10T09:09:55","slug":"historicky-koncert-se-vepise-do-dejin-shakira-zpivala-pro-400-000-lidi-v-centru-mexico-city","status":"publish","type":"post","link":"https:\/\/www.karaoketexty.cz\/magazin\/historicky-koncert-se-vepise-do-dejin-shakira-zpivala-pro-400-000-lidi-v-centru-mexico-city\/","title":{"rendered":"Historick\u00fd koncert se vep\u00ed\u0161e do d\u011bjin: Shakira zp\u00edvala pro 400 000 lid\u00ed v centru Mexico City"},"content":{"rendered":"\n<p><strong>Koncert hv\u011bzdy v centru Mexico City nem\u011bl obdoby. Shakira uzav\u0159ela mexickou \u010d\u00e1st turn\u00e9 p\u0159ed nejv\u011bt\u0161\u00edm davem, jak\u00fd kdy n\u00e1m\u011bst\u00ed za\u017eilo.<\/strong><\/p>\n\n\n\n<p>V na\u0161\u00ed redakci Karaoketexty.cz jsme si v\u0161imli, \u017ee n\u011bkter\u00e9 hudebn\u00ed momenty p\u0159ekra\u010duj\u00ed i b\u011b\u017en\u00e9 koncertn\u00ed statistiky a st\u00e1vaj\u00ed se n\u011b\u010d\u00edm obrovsk\u00fdm a nezapomenuteln\u00fdm. P\u0159esn\u011b to se stalo i za\u010d\u00e1tkem b\u0159ezna, kdy se Shakira postavila na p\u00f3dium na hlavn\u00edm n\u00e1m\u011bst\u00ed mexick\u00e9 metropole a zavr\u0161ila tam dom\u00e1c\u00ed \u010d\u00e1st sv\u00e9ho sv\u011btov\u00e9ho turn\u00e9 Las Mujeres Ya No Lloran. Ohromuj\u00edc\u00edch 400 000 n\u00e1v\u0161t\u011bvn\u00edk\u016f a nov\u00fd rekord historick\u00e9ho prostoru \u2013 tak to dopadlo.<\/p>\n\n\n<!-- karaoketexty.cz \/ rectangle2 -->\n<div id=\"PX_37086_709110796310826\"><\/div>\n<script>\n   if(!useMobileAds && !boolUseSeznamAds && !hideAllAds){\n     window.px2 = window.px2 || { conf: {},queue: [] };\n     px2.queue.push(function () {\n        px2.render({\n           slot: {\n              id: 37086\n           },\n            elem: \"PX_37086_709110796310826\"\n        })\n     });\n  }\n<\/script>\n\n<!-- karaoketexty.cz \/ mobile-rectangle3 -->\n<div id=\"PX_37044_714599773297004\"><\/div>\n<script>\n   if(useMobileAds && !boolUseSeznamAds && !hideAllAds){\nwindow.px2 = window.px2 || { conf: {},queue: [] };\npx2.queue.push(function () {\n\tpx2.render({\n\t\tslot: {\n\t\t\tid: 37044\n\t\t},\n\t\telem: \"PX_37044_714599773297004\"\n\t})\n});\n}\n<\/script>\n\n\n<h2 class=\"wp-block-heading\">Rekord, kter\u00fd p\u0159epsal historii n\u00e1m\u011bst\u00ed<\/h2>\n\n\n\n<p>Koncert se uskute\u010dnil na n\u00e1m\u011bst\u00ed Z\u00f3calo, ofici\u00e1ln\u011b naz\u00fdvan\u00e9m Plaza de la Constituci\u00f3n, a podle dostupn\u00fdch \u00fadaj\u016f \u0161lo o nejv\u011bt\u0161\u00ed hudebn\u00ed shrom\u00e1\u017ed\u011bn\u00ed v jeho historii. Dosavadn\u00ed maximum dr\u017eela argentinsk\u00e1 skupina Los Fabulosos Cadillacs s n\u00e1v\u0161t\u011bvou 300 000 lid\u00ed v roce 2023, zat\u00edmco Grupo Firme p\u0159il\u00e1kali o rok d\u0159\u00edve 280 000 fanou\u0161k\u016f. Shakira tak tuto hranici v\u00fdrazn\u011b p\u0159ekonala, jak uv\u00e1d\u00ed Rolling Stone.<\/p>\n\n\n\n<p>Dev\u011bta\u010dty\u0159icetilet\u00e1 kolumbijsk\u00e1 zp\u011bva\u010dka se k publiku chovala hodn\u011b osobn\u011b. <em>\u201eDnes c\u00edt\u00edm sm\u011bs vzru\u0161en\u00ed, nostalgie a vd\u011b\u010dnosti. Dnes je n\u00e1\u0161 posledn\u00ed den tady v Mexiku, v m\u00e9m domov\u011b,\u201c<\/em> \u0159ekla podle Billboardu. <em>\u201eToto je p\u0159\u00edb\u011bh l\u00e1sky a p\u0159\u00e1telstv\u00ed, kter\u00fd m\u00e1m s Mexikem a kter\u00fd se ned\u00e1 s ni\u010d\u00edm srovnat. D\u011bkuji v\u00e1m za v\u0161echno to vzru\u0161en\u00ed, za v\u0161echnu radost, kterou jste mi p\u0159inesli. Rozhodn\u011b neexistuje lep\u0161\u00ed setk\u00e1n\u00ed ne\u017e setk\u00e1n\u00ed mal\u00e9 vl\u010dice se svou mexickou sme\u010dkou tady dnes v Z\u00f3calo. Nav\u017edy jsme jedno.\u201c<\/em><\/p>\n\n\n<!-- karaoketexty.cz \/ interscroller1 -->\n\n<div id=\"PX_37041_825057871452834\"><\/div>\n<script>\nif(useMobileAds && !boolUseSeznamAds && !hideAllAds){\n\twindow.px2 = window.px2 || { conf: {},queue: [] };\n\tpx2.queue.push(function () {\n\t\tpx2.render({\n\t\t\tslot: {\n\t\t\t\tid: 37041\n\t\t\t},\n\t\t\telem: \"PX_37041_825057871452834\"\n\t\t})\n\t});\n}\n<\/script>\n\n\n<p>Fanou\u0161ci za\u010dali zapl\u0148ovat centrum m\u011bsta u\u017e den p\u0159edem. Kempovali v ulic\u00edch a proudili tak\u00e9 do okol\u00ed, nap\u0159\u00edklad k Pam\u00e1tn\u00edku revoluce \u010di do parku Alameda Central, kde byly instalov\u00e1ny velkoplo\u0161n\u00e9 obrazovky. Atmosf\u00e9ra tak dalece p\u0159es\u00e1hla samotn\u00e9 n\u00e1m\u011bst\u00ed a prom\u011bnila \u0161ir\u0161\u00ed centrum v obrovskou hudebn\u00ed z\u00f3nu.<\/p>\n\n\n\n<h2 class=\"wp-block-heading\">Jak\u00fd to m\u00e1 dopad pro oblast<\/h2>\n\n\n\n<p>Podle \u00fadaj\u016f Mexico City\u2019s Chamber of Commerce, Services and Tourism p\u0159inesla akce m\u00edstn\u00ed ekonomice p\u0159ibli\u017en\u011b 403,6 milionu pesos, tedy zhruba 520 milion\u016f K\u010d. Koncert kr\u00e1tce sledovala i prezidentka Claudia Sheinbaumov\u00e1, kter\u00e1 podle El Heraldo de M\u00e9xico zachytila \u010d\u00e1st vystoupen\u00ed z N\u00e1rodn\u00edho pal\u00e1ce.<\/p>\n\n\n\n<blockquote class=\"instagram-media\" data-instgrm-captioned data-instgrm-permalink=\"https:\/\/www.instagram.com\/p\/DVcFzrxDnXV\/?utm_source=ig_embed&amp;utm_campaign=loading\" data-instgrm-version=\"14\" style=\" background:#FFF; border:0; border-radius:3px; box-shadow:0 0 1px 0 rgba(0,0,0,0.5),0 1px 10px 0 rgba(0,0,0,0.15); margin: 1px; max-width:540px; min-width:326px; padding:0; width:99.375%; width:-webkit-calc(100% - 2px); width:calc(100% - 2px);\"><div style=\"padding:16px;\"> <a href=\"https:\/\/www.instagram.com\/p\/DVcFzrxDnXV\/?utm_source=ig_embed&amp;utm_campaign=loading\" style=\" background:#FFFFFF; line-height:0; padding:0 0; text-align:center; text-decoration:none; width:100%;\" target=\"_blank\"> <div style=\" display: flex; flex-direction: row; align-items: center;\"> <div style=\"background-color: #F4F4F4; border-radius: 50%; flex-grow: 0; height: 40px; margin-right: 14px; width: 40px;\"><\/div> <div style=\"display: flex; flex-direction: column; flex-grow: 1; justify-content: center;\"> <div style=\" background-color: #F4F4F4; border-radius: 4px; flex-grow: 0; height: 14px; margin-bottom: 6px; width: 100px;\"><\/div> <div style=\" background-color: #F4F4F4; border-radius: 4px; flex-grow: 0; height: 14px; width: 60px;\"><\/div><\/div><\/div><div style=\"padding: 19% 0;\"><\/div> <div style=\"display:block; height:50px; margin:0 auto 12px; width:50px;\"><svg width=\"50px\" height=\"50px\" viewBox=\"0 0 60 60\" version=\"1.1\" xmlns=\"https:\/\/www.w3.org\/2000\/svg\" xmlns:xlink=\"https:\/\/www.w3.org\/1999\/xlink\"><g stroke=\"none\" stroke-width=\"1\" fill=\"none\" fill-rule=\"evenodd\"><g transform=\"translate(-511.000000, -20.000000)\" fill=\"#000000\"><g><path d=\"M556.869,30.41 C554.814,30.41 553.148,32.076 553.148,34.131 C553.148,36.186 554.814,37.852 556.869,37.852 C558.924,37.852 560.59,36.186 560.59,34.131 C560.59,32.076 558.924,30.41 556.869,30.41 M541,60.657 C535.114,60.657 530.342,55.887 530.342,50 C530.342,44.114 535.114,39.342 541,39.342 C546.887,39.342 551.658,44.114 551.658,50 C551.658,55.887 546.887,60.657 541,60.657 M541,33.886 C532.1,33.886 524.886,41.1 524.886,50 C524.886,58.899 532.1,66.113 541,66.113 C549.9,66.113 557.115,58.899 557.115,50 C557.115,41.1 549.9,33.886 541,33.886 M565.378,62.101 C565.244,65.022 564.756,66.606 564.346,67.663 C563.803,69.06 563.154,70.057 562.106,71.106 C561.058,72.155 560.06,72.803 558.662,73.347 C557.607,73.757 556.021,74.244 553.102,74.378 C549.944,74.521 548.997,74.552 541,74.552 C533.003,74.552 532.056,74.521 528.898,74.378 C525.979,74.244 524.393,73.757 523.338,73.347 C521.94,72.803 520.942,72.155 519.894,71.106 C518.846,70.057 518.197,69.06 517.654,67.663 C517.244,66.606 516.755,65.022 516.623,62.101 C516.479,58.943 516.448,57.996 516.448,50 C516.448,42.003 516.479,41.056 516.623,37.899 C516.755,34.978 517.244,33.391 517.654,32.338 C518.197,30.938 518.846,29.942 519.894,28.894 C520.942,27.846 521.94,27.196 523.338,26.654 C524.393,26.244 525.979,25.756 528.898,25.623 C532.057,25.479 533.004,25.448 541,25.448 C548.997,25.448 549.943,25.479 553.102,25.623 C556.021,25.756 557.607,26.244 558.662,26.654 C560.06,27.196 561.058,27.846 562.106,28.894 C563.154,29.942 563.803,30.938 564.346,32.338 C564.756,33.391 565.244,34.978 565.378,37.899 C565.522,41.056 565.552,42.003 565.552,50 C565.552,57.996 565.522,58.943 565.378,62.101 M570.82,37.631 C570.674,34.438 570.167,32.258 569.425,30.349 C568.659,28.377 567.633,26.702 565.965,25.035 C564.297,23.368 562.623,22.342 560.652,21.575 C558.743,20.834 556.562,20.326 553.369,20.18 C550.169,20.033 549.148,20 541,20 C532.853,20 531.831,20.033 528.631,20.18 C525.438,20.326 523.257,20.834 521.349,21.575 C519.376,22.342 517.703,23.368 516.035,25.035 C514.368,26.702 513.342,28.377 512.574,30.349 C511.834,32.258 511.326,34.438 511.181,37.631 C511.035,40.831 511,41.851 511,50 C511,58.147 511.035,59.17 511.181,62.369 C511.326,65.562 511.834,67.743 512.574,69.651 C513.342,71.625 514.368,73.296 516.035,74.965 C517.703,76.634 519.376,77.658 521.349,78.425 C523.257,79.167 525.438,79.673 528.631,79.82 C531.831,79.965 532.853,80.001 541,80.001 C549.148,80.001 550.169,79.965 553.369,79.82 C556.562,79.673 558.743,79.167 560.652,78.425 C562.623,77.658 564.297,76.634 565.965,74.965 C567.633,73.296 568.659,71.625 569.425,69.651 C570.167,67.743 570.674,65.562 570.82,62.369 C570.966,59.17 571,58.147 571,50 C571,41.851 570.966,40.831 570.82,37.631\"><\/path><\/g><\/g><\/g><\/svg><\/div><div style=\"padding-top: 8px;\"> <div style=\" color:#3897f0; font-family:Arial,sans-serif; font-size:14px; font-style:normal; font-weight:550; line-height:18px;\">Zobrazit p\u0159\u00edsp\u011bvek na Instagramu<\/div><\/div><div style=\"padding: 12.5% 0;\"><\/div> <div style=\"display: flex; flex-direction: row; margin-bottom: 14px; align-items: center;\"><div> <div style=\"background-color: #F4F4F4; border-radius: 50%; height: 12.5px; width: 12.5px; transform: translateX(0px) translateY(7px);\"><\/div> <div style=\"background-color: #F4F4F4; height: 12.5px; transform: rotate(-45deg) translateX(3px) translateY(1px); width: 12.5px; flex-grow: 0; margin-right: 14px; margin-left: 2px;\"><\/div> <div style=\"background-color: #F4F4F4; border-radius: 50%; height: 12.5px; width: 12.5px; transform: translateX(9px) translateY(-18px);\"><\/div><\/div><div style=\"margin-left: 8px;\"> <div style=\" background-color: #F4F4F4; border-radius: 50%; flex-grow: 0; height: 20px; width: 20px;\"><\/div> <div style=\" width: 0; height: 0; border-top: 2px solid transparent; border-left: 6px solid #f4f4f4; border-bottom: 2px solid transparent; transform: translateX(16px) translateY(-4px) rotate(30deg)\"><\/div><\/div><div style=\"margin-left: auto;\"> <div style=\" width: 0px; border-top: 8px solid #F4F4F4; border-right: 8px solid transparent; transform: translateY(16px);\"><\/div> <div style=\" background-color: #F4F4F4; flex-grow: 0; height: 12px; width: 16px; transform: translateY(-4px);\"><\/div> <div style=\" width: 0; height: 0; border-top: 8px solid #F4F4F4; border-left: 8px solid transparent; transform: translateY(-4px) translateX(8px);\"><\/div><\/div><\/div> <div style=\"display: flex; flex-direction: column; flex-grow: 1; justify-content: center; margin-bottom: 24px;\"> <div style=\" background-color: #F4F4F4; border-radius: 4px; flex-grow: 0; height: 14px; margin-bottom: 6px; width: 224px;\"><\/div> <div style=\" background-color: #F4F4F4; border-radius: 4px; flex-grow: 0; height: 14px; width: 144px;\"><\/div><\/div><\/a><p style=\" color:#c9c8cd; font-family:Arial,sans-serif; font-size:14px; line-height:17px; margin-bottom:0; margin-top:8px; overflow:hidden; padding:8px 0 7px; text-align:center; text-overflow:ellipsis; white-space:nowrap;\"><a href=\"https:\/\/www.instagram.com\/p\/DVcFzrxDnXV\/?utm_source=ig_embed&amp;utm_campaign=loading\" style=\" color:#c9c8cd; font-family:Arial,sans-serif; font-size:14px; font-style:normal; font-weight:normal; line-height:17px; text-decoration:none;\" target=\"_blank\">P\u0159\u00edsp\u011bvek sd\u00edlen\u00fd Shakira (@shakira)<\/a><\/p><\/div><\/blockquote>\n<script async src=\"\/\/www.instagram.com\/embed.js\"><\/script>\n\n\n\n<p>Pro Shakiru \u0161lo o n\u00e1vrat na m\u00edsto, kde u\u017e jednou p\u0159episovala rekordy. V kv\u011btnu 2007 zde vystoupila p\u0159ed 210 000 lidmi a tehdy p\u0159ekonala dosavadn\u00ed maximum skupiny Caf\u00e9 Tacvba. Aktu\u00e1ln\u00ed show byla vyvrcholen\u00edm 31 koncert\u016f po cel\u00e9 zemi, z toho t\u0159in\u00e1cti na stadionu Estadio GNP Seguros. Celkov\u011b se v Mexiku prodalo 800 000 vstupenek, co\u017e promot\u00e9r Ocesa ozna\u010dil za \u201ebezprecedentn\u00ed \u00fasp\u011bch\u201c.<\/p>\n\n\n\n<p>Turn\u00e9 samotn\u00e9 u\u017e d\u0159\u00edve vstoupilo do historie jako nejv\u00fdd\u011ble\u010dn\u011bj\u0161\u00ed turn\u00e9 hisp\u00e1nsk\u00e9ho um\u011blce \u2013 podle Billboard Boxscore utr\u017eilo 421,6 milionu dolar\u016f a prodalo 3,3 milionu vstupenek na 86 koncertech. Shakira nyn\u00ed m\u00ed\u0159\u00ed do Braz\u00edlie, kde m\u00e1 vystoupit 2. kv\u011btna na pl\u00e1\u017ei Copacabana. Organiz\u00e1to\u0159i o\u010dek\u00e1vaj\u00ed nejm\u00e9n\u011b milion n\u00e1v\u0161t\u011bvn\u00edk\u016f, co\u017e ji m\u016f\u017ee op\u011bt posunout mezi absolutn\u00ed rekordmany.<\/p>\n\n\n\n<p>Zdroj: Autorsk\u00fd text, <a href=\"https:\/\/www.billboard.com\/music\/latin\/shakira-breaks-record-mexico-zocalo-400000-attendees-1236189543\/\" target=\"_blank\" rel=\"noreferrer noopener nofollow\">Billboard<\/a>, <a href=\"https:\/\/www.rollingstone.com\/music\/music-news\/shakira-breaks-mexico-city-zocalo-attendance-record-1235523596\/\" target=\"_blank\" rel=\"noreferrer noopener nofollow\">RollingStone<\/a>, <a href=\"https:\/\/heraldodemexico.com.mx\/espectaculos\/2026\/3\/3\/shakira-dedica-mensaje-fans-mexicanos-agradece-el-exito-de-su-concierto-en-el-zocalo-de-la-cdmx-775507.html\" target=\"_blank\" rel=\"noreferrer noopener nofollow\">ElHeraldoDeMexico<\/a>, <a href=\"https:\/\/www.instagram.com\/p\/DVcFzrxDnXV\/?hl=cs&amp;img_index=1\" target=\"_blank\" rel=\"noreferrer noopener nofollow\">Instagram Shakira<\/a><\/p>\n\n\n            <a href=\"https:\/\/www.karaoketexty.cz\/magazin\/top-10-hudebniku-vydelalo-388-miliard-korun-forbes-odhalil-nejlepe-placene-muzikanty-roku\/\" class=\"related-post-link\">\n                <div class=\"post-thumbnail\">\n                    <img decoding=\"async\" width=\"250\" height=\"167\" src=\"https:\/\/www.karaoketexty.cz\/magazin\/wp-content\/uploads\/2026\/02\/Nejlepe-vydelavajici-celebrity-Taylor-Swift.jpg\" class=\"attachment-250x180 size-250x180 not-transparent\" alt=\"Obr\u00e1zek k \u010dl\u00e1nku: Hudebn\u00ed elita loni p\u0159ekonala dal\u0161\u00ed rekord: Nejv\u00edce vyd\u011bl\u00e1vaj\u00edc\u00ed muzikanti sou\u010dasnosti\" srcset=\"https:\/\/www.karaoketexty.cz\/magazin\/wp-content\/uploads\/2026\/02\/Nejlepe-vydelavajici-celebrity-Taylor-Swift.jpg 1200w, https:\/\/www.karaoketexty.cz\/magazin\/wp-content\/uploads\/2026\/02\/Nejlepe-vydelavajici-celebrity-Taylor-Swift-300x200.jpg 300w, https:\/\/www.karaoketexty.cz\/magazin\/wp-content\/uploads\/2026\/02\/Nejlepe-vydelavajici-celebrity-Taylor-Swift-1024x683.jpg 1024w, https:\/\/www.karaoketexty.cz\/magazin\/wp-content\/uploads\/2026\/02\/Nejlepe-vydelavajici-celebrity-Taylor-Swift-768x512.jpg 768w, https:\/\/www.karaoketexty.cz\/magazin\/wp-content\/uploads\/2026\/02\/Nejlepe-vydelavajici-celebrity-Taylor-Swift-800x533.jpg 800w\" sizes=\"(max-width: 250px) 100vw, 250px\" data-has-transparency=\"false\" data-dominant-color=\"504034\" style=\"--dominant-color: #504034;\" \/>                <\/div>\n                <div class=\"post-details\">\n                    <span class=\"also-read\">\u010ct\u011bte tak\u00e9:<\/span>\n                    <h3 class=\"hed\">TOP 10 hudebn\u00edk\u016f vyd\u011blalo 38,8 miliard korun: Forbes odhalil nejl\u00e9pe placen\u00e9 muzikanty roku<\/h3>\n                <\/div>\n            <\/a>\n            \n\n            <a href=\"https:\/\/www.karaoketexty.cz\/magazin\/shakira-lame-rekordy-turne-ovladlo-zebricky-vydelky\/\" class=\"related-post-link\">\n                <div class=\"post-thumbnail\">\n                    <img decoding=\"async\" width=\"250\" height=\"131\" src=\"https:\/\/www.karaoketexty.cz\/magazin\/wp-content\/uploads\/2025\/06\/shakira.jpg\" class=\"attachment-250x180 size-250x180 not-transparent\" alt=\"Fotografie Shakiry\" srcset=\"https:\/\/www.karaoketexty.cz\/magazin\/wp-content\/uploads\/2025\/06\/shakira.jpg 1200w, https:\/\/www.karaoketexty.cz\/magazin\/wp-content\/uploads\/2025\/06\/shakira-300x158.jpg 300w, https:\/\/www.karaoketexty.cz\/magazin\/wp-content\/uploads\/2025\/06\/shakira-1024x538.jpg 1024w, https:\/\/www.karaoketexty.cz\/magazin\/wp-content\/uploads\/2025\/06\/shakira-768x403.jpg 768w\" sizes=\"(max-width: 250px) 100vw, 250px\" data-has-transparency=\"false\" data-dominant-color=\"9e685a\" style=\"--dominant-color: #9e685a;\" \/>                <\/div>\n                <div class=\"post-details\">\n                    <span class=\"also-read\">\u010ct\u011bte tak\u00e9:<\/span>\n                    <h3 class=\"hed\">Shakira l\u00e1me rekordy: Jej\u00ed turn\u00e9 21 koncert\u016f j\u00ed vyneslo jm\u011bn\u00ed a ovl\u00e1dlo sv\u011btov\u00e9 \u017eeb\u0159\u00ed\u010dky<\/h3>\n                <\/div>\n            <\/a>\n            ","protected":false},"excerpt":{"rendered":"<p>Koncert hv\u011bzdy v centru Mexico City nem\u011bl obdoby. Shakira uzav\u0159ela mexickou \u010d\u00e1st turn\u00e9 p\u0159ed nejv\u011bt\u0161\u00edm davem, jak\u00fd kdy n\u00e1m\u011bst\u00ed za\u017eilo.<\/p>\n","protected":false},"author":5,"featured_media":1431,"comment_status":"open","ping_status":"closed","sticky":false,"template":"","format":"standard","meta":{"_yoast_wpseo_title":"Shakira ovl\u00e1dla Z\u00f3calo: 400 tis\u00edc lid\u00ed a historick\u00fd ve\u010der v Mexiku","_yoast_wpseo_metadesc":"Koncert hv\u011bzdy v centru Mexico City nem\u011bl obdoby. Shakira uzav\u0159ela mexickou \u010d\u00e1st turn\u00e9 p\u0159ed nejv\u011bt\u0161\u00edm davem, jak\u00fd kdy n\u00e1m\u011bst\u00ed za\u017eilo.","footnotes":""},"categories":[1059],"tags":[698,663,5734,467,136,556,3570,2831,2075,406,359,360],"class_list":["post-8887","post","type-post","status-publish","format-standard","has-post-thumbnail","hentry","category-celebrity","tag-fanousci","tag-hudebni-koncert","tag-hudebni-rekord","tag-hudebni-uspech","tag-koncert","tag-las-mujeres-ya-no-lloran","tag-latinska-hudba","tag-mexico-city","tag-mexiko","tag-pop","tag-shakira","tag-turne-shakiry"],"yoast_head":"<!-- This site is optimized with the Yoast SEO plugin v27.4 - https:\/\/yoast.com\/product\/yoast-seo-wordpress\/ -->\n<title>Shakira ovl\u00e1dla Z\u00f3calo: 400 tis\u00edc lid\u00ed a historick\u00fd ve\u010der v Mexiku<\/title>\n<meta name=\"description\" content=\"Koncert hv\u011bzdy v centru Mexico City nem\u011bl obdoby. Shakira uzav\u0159ela mexickou \u010d\u00e1st turn\u00e9 p\u0159ed nejv\u011bt\u0161\u00edm davem, jak\u00fd kdy n\u00e1m\u011bst\u00ed za\u017eilo.\" \/>\n<meta name=\"robots\" content=\"index, follow, max-snippet:-1, max-image-preview:large, max-video-preview:-1\" \/>\n<link rel=\"canonical\" href=\"https:\/\/www.karaoketexty.cz\/magazin\/historicky-koncert-se-vepise-do-dejin-shakira-zpivala-pro-400-000-lidi-v-centru-mexico-city\/\" \/>\n<meta property=\"og:locale\" content=\"cs_CZ\" \/>\n<meta property=\"og:type\" content=\"article\" \/>\n<meta property=\"og:title\" content=\"Shakira ovl\u00e1dla Z\u00f3calo: 400 tis\u00edc lid\u00ed a historick\u00fd ve\u010der v Mexiku\" \/>\n<meta property=\"og:description\" content=\"Koncert hv\u011bzdy v centru Mexico City nem\u011bl obdoby. Shakira uzav\u0159ela mexickou \u010d\u00e1st turn\u00e9 p\u0159ed nejv\u011bt\u0161\u00edm davem, jak\u00fd kdy n\u00e1m\u011bst\u00ed za\u017eilo.\" \/>\n<meta property=\"og:url\" content=\"https:\/\/www.karaoketexty.cz\/magazin\/historicky-koncert-se-vepise-do-dejin-shakira-zpivala-pro-400-000-lidi-v-centru-mexico-city\/\" \/>\n<meta property=\"og:site_name\" content=\"Stars Magaz\u00edn Karaoketexty.cz\" \/>\n<meta property=\"article:published_time\" content=\"2026-03-13T13:56:00+00:00\" \/>\n<meta property=\"og:image\" content=\"https:\/\/www.karaoketexty.cz\/magazin\/wp-content\/uploads\/2025\/06\/shakira-comeback.avif\" \/>\n\t<meta property=\"og:image:width\" content=\"1200\" \/>\n\t<meta property=\"og:image:height\" content=\"675\" \/>\n\t<meta property=\"og:image:type\" content=\"image\/jpeg\" \/>\n<meta name=\"author\" content=\"Veronika \u0160imkov\u00e1\" \/>\n<meta name=\"twitter:card\" content=\"summary_large_image\" \/>\n<meta name=\"twitter:label1\" content=\"Napsal(a)\" \/>\n\t<meta name=\"twitter:data1\" content=\"Veronika \u0160imkov\u00e1\" \/>\n\t<meta name=\"twitter:label2\" content=\"Odhadovan\u00e1 doba \u010dten\u00ed\" \/>\n\t<meta name=\"twitter:data2\" content=\"8 minut\" \/>\n<script type=\"application\/ld+json\" class=\"yoast-schema-graph\">{\"@context\":\"https:\\\/\\\/schema.org\",\"@graph\":[{\"@type\":\"Article\",\"@id\":\"https:\\\/\\\/www.karaoketexty.cz\\\/magazin\\\/historicky-koncert-se-vepise-do-dejin-shakira-zpivala-pro-400-000-lidi-v-centru-mexico-city\\\/#article\",\"isPartOf\":{\"@id\":\"https:\\\/\\\/www.karaoketexty.cz\\\/magazin\\\/historicky-koncert-se-vepise-do-dejin-shakira-zpivala-pro-400-000-lidi-v-centru-mexico-city\\\/\"},\"author\":{\"name\":\"Veronika \u0160imkov\u00e1\",\"@id\":\"https:\\\/\\\/www.karaoketexty.cz\\\/magazin\\\/#\\\/schema\\\/person\\\/03220d610ed4cba378a72bac3443f821\"},\"headline\":\"Historick\u00fd koncert se vep\u00ed\u0161e do d\u011bjin: Shakira zp\u00edvala pro 400 000 lid\u00ed v centru Mexico City\",\"datePublished\":\"2026-03-13T13:56:00+00:00\",\"mainEntityOfPage\":{\"@id\":\"https:\\\/\\\/www.karaoketexty.cz\\\/magazin\\\/historicky-koncert-se-vepise-do-dejin-shakira-zpivala-pro-400-000-lidi-v-centru-mexico-city\\\/\"},\"wordCount\":613,\"commentCount\":0,\"image\":{\"@id\":\"https:\\\/\\\/www.karaoketexty.cz\\\/magazin\\\/historicky-koncert-se-vepise-do-dejin-shakira-zpivala-pro-400-000-lidi-v-centru-mexico-city\\\/#primaryimage\"},\"thumbnailUrl\":\"https:\\\/\\\/www.karaoketexty.cz\\\/magazin\\\/wp-content\\\/uploads\\\/2025\\\/06\\\/shakira-comeback.avif\",\"keywords\":[\"fanou\u0161ci\",\"hudebn\u00ed koncert\",\"hudebn\u00ed rekord\",\"hudebn\u00ed \u00fasp\u011bch\",\"koncert\",\"Las Mujeres Ya No Lloran\",\"latinsk\u00e1 hudba\",\"Mexico City\",\"Mexiko\",\"pop\",\"Shakira\",\"Turn\u00e9 Shakiry\"],\"articleSection\":[\"Celebrity\"],\"inLanguage\":\"cs\",\"potentialAction\":[{\"@type\":\"CommentAction\",\"name\":\"Comment\",\"target\":[\"https:\\\/\\\/www.karaoketexty.cz\\\/magazin\\\/historicky-koncert-se-vepise-do-dejin-shakira-zpivala-pro-400-000-lidi-v-centru-mexico-city\\\/#respond\"]}]},{\"@type\":\"WebPage\",\"@id\":\"https:\\\/\\\/www.karaoketexty.cz\\\/magazin\\\/historicky-koncert-se-vepise-do-dejin-shakira-zpivala-pro-400-000-lidi-v-centru-mexico-city\\\/\",\"url\":\"https:\\\/\\\/www.karaoketexty.cz\\\/magazin\\\/historicky-koncert-se-vepise-do-dejin-shakira-zpivala-pro-400-000-lidi-v-centru-mexico-city\\\/\",\"name\":\"Shakira ovl\u00e1dla Z\u00f3calo: 400 tis\u00edc lid\u00ed a historick\u00fd ve\u010der v Mexiku\",\"isPartOf\":{\"@id\":\"https:\\\/\\\/www.karaoketexty.cz\\\/magazin\\\/#website\"},\"primaryImageOfPage\":{\"@id\":\"https:\\\/\\\/www.karaoketexty.cz\\\/magazin\\\/historicky-koncert-se-vepise-do-dejin-shakira-zpivala-pro-400-000-lidi-v-centru-mexico-city\\\/#primaryimage\"},\"image\":{\"@id\":\"https:\\\/\\\/www.karaoketexty.cz\\\/magazin\\\/historicky-koncert-se-vepise-do-dejin-shakira-zpivala-pro-400-000-lidi-v-centru-mexico-city\\\/#primaryimage\"},\"thumbnailUrl\":\"https:\\\/\\\/www.karaoketexty.cz\\\/magazin\\\/wp-content\\\/uploads\\\/2025\\\/06\\\/shakira-comeback.avif\",\"datePublished\":\"2026-03-13T13:56:00+00:00\",\"author\":{\"@id\":\"https:\\\/\\\/www.karaoketexty.cz\\\/magazin\\\/#\\\/schema\\\/person\\\/03220d610ed4cba378a72bac3443f821\"},\"description\":\"Koncert hv\u011bzdy v centru Mexico City nem\u011bl obdoby. Shakira uzav\u0159ela mexickou \u010d\u00e1st turn\u00e9 p\u0159ed nejv\u011bt\u0161\u00edm davem, jak\u00fd kdy n\u00e1m\u011bst\u00ed za\u017eilo.\",\"breadcrumb\":{\"@id\":\"https:\\\/\\\/www.karaoketexty.cz\\\/magazin\\\/historicky-koncert-se-vepise-do-dejin-shakira-zpivala-pro-400-000-lidi-v-centru-mexico-city\\\/#breadcrumb\"},\"inLanguage\":\"cs\",\"potentialAction\":[{\"@type\":\"ReadAction\",\"target\":[\"https:\\\/\\\/www.karaoketexty.cz\\\/magazin\\\/historicky-koncert-se-vepise-do-dejin-shakira-zpivala-pro-400-000-lidi-v-centru-mexico-city\\\/\"]}]},{\"@type\":\"ImageObject\",\"inLanguage\":\"cs\",\"@id\":\"https:\\\/\\\/www.karaoketexty.cz\\\/magazin\\\/historicky-koncert-se-vepise-do-dejin-shakira-zpivala-pro-400-000-lidi-v-centru-mexico-city\\\/#primaryimage\",\"url\":\"https:\\\/\\\/www.karaoketexty.cz\\\/magazin\\\/wp-content\\\/uploads\\\/2025\\\/06\\\/shakira-comeback.avif\",\"contentUrl\":\"https:\\\/\\\/www.karaoketexty.cz\\\/magazin\\\/wp-content\\\/uploads\\\/2025\\\/06\\\/shakira-comeback.avif\",\"width\":1200,\"height\":675,\"caption\":\"Fotografie: J.\u00e9bey \\\/ Creative Commons \\\/ CC0 1.0, Shakira v roce 2025\"},{\"@type\":\"BreadcrumbList\",\"@id\":\"https:\\\/\\\/www.karaoketexty.cz\\\/magazin\\\/historicky-koncert-se-vepise-do-dejin-shakira-zpivala-pro-400-000-lidi-v-centru-mexico-city\\\/#breadcrumb\",\"itemListElement\":[{\"@type\":\"ListItem\",\"position\":1,\"name\":\"Dom\u016f\",\"item\":\"https:\\\/\\\/www.karaoketexty.cz\\\/magazin\\\/\"},{\"@type\":\"ListItem\",\"position\":2,\"name\":\"Historick\u00fd koncert se vep\u00ed\u0161e do d\u011bjin: Shakira zp\u00edvala pro 400 000 lid\u00ed v centru Mexico City\"}]},{\"@type\":\"WebSite\",\"@id\":\"https:\\\/\\\/www.karaoketexty.cz\\\/magazin\\\/#website\",\"url\":\"https:\\\/\\\/www.karaoketexty.cz\\\/magazin\\\/\",\"name\":\"Stars Magaz\u00edn Karaoketexty.cz\",\"description\":\"Stars Magaz\u00edn na Karaoketexty.cz je zam\u011b\u0159en\u00fd na novinky ze sv\u011bta hudby a celebrit. Obsahuje \u010dl\u00e1nky o zp\u011bv\u00e1c\u00edch, kapel\u00e1ch, nov\u00fdch albech, hudebn\u00edch trendech a dal\u0161\u00edch zaj\u00edmavostech z hudebn\u00edho pr\u016fmyslu.\",\"potentialAction\":[{\"@type\":\"SearchAction\",\"target\":{\"@type\":\"EntryPoint\",\"urlTemplate\":\"https:\\\/\\\/www.karaoketexty.cz\\\/magazin\\\/?s={search_term_string}\"},\"query-input\":{\"@type\":\"PropertyValueSpecification\",\"valueRequired\":true,\"valueName\":\"search_term_string\"}}],\"inLanguage\":\"cs\"},{\"@type\":\"Person\",\"@id\":\"https:\\\/\\\/www.karaoketexty.cz\\\/magazin\\\/#\\\/schema\\\/person\\\/03220d610ed4cba378a72bac3443f821\",\"name\":\"Veronika \u0160imkov\u00e1\",\"image\":{\"@type\":\"ImageObject\",\"inLanguage\":\"cs\",\"@id\":\"https:\\\/\\\/secure.gravatar.com\\\/avatar\\\/62af9cda83322200aaf20e60d0442fbca254ce18c0ffdcaaf83de31493c941a5?s=96&d=mm&r=g\",\"url\":\"https:\\\/\\\/secure.gravatar.com\\\/avatar\\\/62af9cda83322200aaf20e60d0442fbca254ce18c0ffdcaaf83de31493c941a5?s=96&d=mm&r=g\",\"contentUrl\":\"https:\\\/\\\/secure.gravatar.com\\\/avatar\\\/62af9cda83322200aaf20e60d0442fbca254ce18c0ffdcaaf83de31493c941a5?s=96&d=mm&r=g\",\"caption\":\"Veronika \u0160imkov\u00e1\"},\"url\":\"https:\\\/\\\/www.karaoketexty.cz\\\/magazin\\\/author\\\/veronikasimkova\\\/\"}]}<\/script>\n<!-- \/ Yoast SEO plugin. -->","yoast_head_json":{"title":"Shakira ovl\u00e1dla Z\u00f3calo: 400 tis\u00edc lid\u00ed a historick\u00fd ve\u010der v Mexiku","description":"Koncert hv\u011bzdy v centru Mexico City nem\u011bl obdoby. Shakira uzav\u0159ela mexickou \u010d\u00e1st turn\u00e9 p\u0159ed nejv\u011bt\u0161\u00edm davem, jak\u00fd kdy n\u00e1m\u011bst\u00ed za\u017eilo.","robots":{"index":"index","follow":"follow","max-snippet":"max-snippet:-1","max-image-preview":"max-image-preview:large","max-video-preview":"max-video-preview:-1"},"canonical":"https:\/\/www.karaoketexty.cz\/magazin\/historicky-koncert-se-vepise-do-dejin-shakira-zpivala-pro-400-000-lidi-v-centru-mexico-city\/","og_locale":"cs_CZ","og_type":"article","og_title":"Shakira ovl\u00e1dla Z\u00f3calo: 400 tis\u00edc lid\u00ed a historick\u00fd ve\u010der v Mexiku","og_description":"Koncert hv\u011bzdy v centru Mexico City nem\u011bl obdoby. Shakira uzav\u0159ela mexickou \u010d\u00e1st turn\u00e9 p\u0159ed nejv\u011bt\u0161\u00edm davem, jak\u00fd kdy n\u00e1m\u011bst\u00ed za\u017eilo.","og_url":"https:\/\/www.karaoketexty.cz\/magazin\/historicky-koncert-se-vepise-do-dejin-shakira-zpivala-pro-400-000-lidi-v-centru-mexico-city\/","og_site_name":"Stars Magaz\u00edn Karaoketexty.cz","article_published_time":"2026-03-13T13:56:00+00:00","og_image":[{"width":1200,"height":675,"url":"https:\/\/www.karaoketexty.cz\/magazin\/wp-content\/uploads\/2025\/06\/shakira-comeback.avif","type":"image\/jpeg"}],"author":"Veronika \u0160imkov\u00e1","twitter_card":"summary_large_image","twitter_misc":{"Napsal(a)":"Veronika \u0160imkov\u00e1","Odhadovan\u00e1 doba \u010dten\u00ed":"8 minut"},"schema":{"@context":"https:\/\/schema.org","@graph":[{"@type":"Article","@id":"https:\/\/www.karaoketexty.cz\/magazin\/historicky-koncert-se-vepise-do-dejin-shakira-zpivala-pro-400-000-lidi-v-centru-mexico-city\/#article","isPartOf":{"@id":"https:\/\/www.karaoketexty.cz\/magazin\/historicky-koncert-se-vepise-do-dejin-shakira-zpivala-pro-400-000-lidi-v-centru-mexico-city\/"},"author":{"name":"Veronika \u0160imkov\u00e1","@id":"https:\/\/www.karaoketexty.cz\/magazin\/#\/schema\/person\/03220d610ed4cba378a72bac3443f821"},"headline":"Historick\u00fd koncert se vep\u00ed\u0161e do d\u011bjin: Shakira zp\u00edvala pro 400 000 lid\u00ed v centru Mexico City","datePublished":"2026-03-13T13:56:00+00:00","mainEntityOfPage":{"@id":"https:\/\/www.karaoketexty.cz\/magazin\/historicky-koncert-se-vepise-do-dejin-shakira-zpivala-pro-400-000-lidi-v-centru-mexico-city\/"},"wordCount":613,"commentCount":0,"image":{"@id":"https:\/\/www.karaoketexty.cz\/magazin\/historicky-koncert-se-vepise-do-dejin-shakira-zpivala-pro-400-000-lidi-v-centru-mexico-city\/#primaryimage"},"thumbnailUrl":"https:\/\/www.karaoketexty.cz\/magazin\/wp-content\/uploads\/2025\/06\/shakira-comeback.avif","keywords":["fanou\u0161ci","hudebn\u00ed koncert","hudebn\u00ed rekord","hudebn\u00ed \u00fasp\u011bch","koncert","Las Mujeres Ya No Lloran","latinsk\u00e1 hudba","Mexico City","Mexiko","pop","Shakira","Turn\u00e9 Shakiry"],"articleSection":["Celebrity"],"inLanguage":"cs","potentialAction":[{"@type":"CommentAction","name":"Comment","target":["https:\/\/www.karaoketexty.cz\/magazin\/historicky-koncert-se-vepise-do-dejin-shakira-zpivala-pro-400-000-lidi-v-centru-mexico-city\/#respond"]}]},{"@type":"WebPage","@id":"https:\/\/www.karaoketexty.cz\/magazin\/historicky-koncert-se-vepise-do-dejin-shakira-zpivala-pro-400-000-lidi-v-centru-mexico-city\/","url":"https:\/\/www.karaoketexty.cz\/magazin\/historicky-koncert-se-vepise-do-dejin-shakira-zpivala-pro-400-000-lidi-v-centru-mexico-city\/","name":"Shakira ovl\u00e1dla Z\u00f3calo: 400 tis\u00edc lid\u00ed a historick\u00fd ve\u010der v Mexiku","isPartOf":{"@id":"https:\/\/www.karaoketexty.cz\/magazin\/#website"},"primaryImageOfPage":{"@id":"https:\/\/www.karaoketexty.cz\/magazin\/historicky-koncert-se-vepise-do-dejin-shakira-zpivala-pro-400-000-lidi-v-centru-mexico-city\/#primaryimage"},"image":{"@id":"https:\/\/www.karaoketexty.cz\/magazin\/historicky-koncert-se-vepise-do-dejin-shakira-zpivala-pro-400-000-lidi-v-centru-mexico-city\/#primaryimage"},"thumbnailUrl":"https:\/\/www.karaoketexty.cz\/magazin\/wp-content\/uploads\/2025\/06\/shakira-comeback.avif","datePublished":"2026-03-13T13:56:00+00:00","author":{"@id":"https:\/\/www.karaoketexty.cz\/magazin\/#\/schema\/person\/03220d610ed4cba378a72bac3443f821"},"description":"Koncert hv\u011bzdy v centru Mexico City nem\u011bl obdoby. Shakira uzav\u0159ela mexickou \u010d\u00e1st turn\u00e9 p\u0159ed nejv\u011bt\u0161\u00edm davem, jak\u00fd kdy n\u00e1m\u011bst\u00ed za\u017eilo.","breadcrumb":{"@id":"https:\/\/www.karaoketexty.cz\/magazin\/historicky-koncert-se-vepise-do-dejin-shakira-zpivala-pro-400-000-lidi-v-centru-mexico-city\/#breadcrumb"},"inLanguage":"cs","potentialAction":[{"@type":"ReadAction","target":["https:\/\/www.karaoketexty.cz\/magazin\/historicky-koncert-se-vepise-do-dejin-shakira-zpivala-pro-400-000-lidi-v-centru-mexico-city\/"]}]},{"@type":"ImageObject","inLanguage":"cs","@id":"https:\/\/www.karaoketexty.cz\/magazin\/historicky-koncert-se-vepise-do-dejin-shakira-zpivala-pro-400-000-lidi-v-centru-mexico-city\/#primaryimage","url":"https:\/\/www.karaoketexty.cz\/magazin\/wp-content\/uploads\/2025\/06\/shakira-comeback.avif","contentUrl":"https:\/\/www.karaoketexty.cz\/magazin\/wp-content\/uploads\/2025\/06\/shakira-comeback.avif","width":1200,"height":675,"caption":"Fotografie: J.\u00e9bey \/ Creative Commons \/ CC0 1.0, Shakira v roce 2025"},{"@type":"BreadcrumbList","@id":"https:\/\/www.karaoketexty.cz\/magazin\/historicky-koncert-se-vepise-do-dejin-shakira-zpivala-pro-400-000-lidi-v-centru-mexico-city\/#breadcrumb","itemListElement":[{"@type":"ListItem","position":1,"name":"Dom\u016f","item":"https:\/\/www.karaoketexty.cz\/magazin\/"},{"@type":"ListItem","position":2,"name":"Historick\u00fd koncert se vep\u00ed\u0161e do d\u011bjin: Shakira zp\u00edvala pro 400 000 lid\u00ed v centru Mexico City"}]},{"@type":"WebSite","@id":"https:\/\/www.karaoketexty.cz\/magazin\/#website","url":"https:\/\/www.karaoketexty.cz\/magazin\/","name":"Stars Magaz\u00edn Karaoketexty.cz","description":"Stars Magaz\u00edn na Karaoketexty.cz je zam\u011b\u0159en\u00fd na novinky ze sv\u011bta hudby a celebrit. Obsahuje \u010dl\u00e1nky o zp\u011bv\u00e1c\u00edch, kapel\u00e1ch, nov\u00fdch albech, hudebn\u00edch trendech a dal\u0161\u00edch zaj\u00edmavostech z hudebn\u00edho pr\u016fmyslu.","potentialAction":[{"@type":"SearchAction","target":{"@type":"EntryPoint","urlTemplate":"https:\/\/www.karaoketexty.cz\/magazin\/?s={search_term_string}"},"query-input":{"@type":"PropertyValueSpecification","valueRequired":true,"valueName":"search_term_string"}}],"inLanguage":"cs"},{"@type":"Person","@id":"https:\/\/www.karaoketexty.cz\/magazin\/#\/schema\/person\/03220d610ed4cba378a72bac3443f821","name":"Veronika \u0160imkov\u00e1","image":{"@type":"ImageObject","inLanguage":"cs","@id":"https:\/\/secure.gravatar.com\/avatar\/62af9cda83322200aaf20e60d0442fbca254ce18c0ffdcaaf83de31493c941a5?s=96&d=mm&r=g","url":"https:\/\/secure.gravatar.com\/avatar\/62af9cda83322200aaf20e60d0442fbca254ce18c0ffdcaaf83de31493c941a5?s=96&d=mm&r=g","contentUrl":"https:\/\/secure.gravatar.com\/avatar\/62af9cda83322200aaf20e60d0442fbca254ce18c0ffdcaaf83de31493c941a5?s=96&d=mm&r=g","caption":"Veronika \u0160imkov\u00e1"},"url":"https:\/\/www.karaoketexty.cz\/magazin\/author\/veronikasimkova\/"}]}},"_links":{"self":[{"href":"https:\/\/www.karaoketexty.cz\/magazin\/wp-json\/wp\/v2\/posts\/8887","targetHints":{"allow":["GET"]}}],"collection":[{"href":"https:\/\/www.karaoketexty.cz\/magazin\/wp-json\/wp\/v2\/posts"}],"about":[{"href":"https:\/\/www.karaoketexty.cz\/magazin\/wp-json\/wp\/v2\/types\/post"}],"author":[{"embeddable":true,"href":"https:\/\/www.karaoketexty.cz\/magazin\/wp-json\/wp\/v2\/users\/5"}],"replies":[{"embeddable":true,"href":"https:\/\/www.karaoketexty.cz\/magazin\/wp-json\/wp\/v2\/comments?post=8887"}],"version-history":[{"count":4,"href":"https:\/\/www.karaoketexty.cz\/magazin\/wp-json\/wp\/v2\/posts\/8887\/revisions"}],"predecessor-version":[{"id":9083,"href":"https:\/\/www.karaoketexty.cz\/magazin\/wp-json\/wp\/v2\/posts\/8887\/revisions\/9083"}],"wp:featuredmedia":[{"embeddable":true,"href":"https:\/\/www.karaoketexty.cz\/magazin\/wp-json\/wp\/v2\/media\/1431"}],"wp:attachment":[{"href":"https:\/\/www.karaoketexty.cz\/magazin\/wp-json\/wp\/v2\/media?parent=8887"}],"wp:term":[{"taxonomy":"category","embeddable":true,"href":"https:\/\/www.karaoketexty.cz\/magazin\/wp-json\/wp\/v2\/categories?post=8887"},{"taxonomy":"post_tag","embeddable":true,"href":"https:\/\/www.karaoketexty.cz\/magazin\/wp-json\/wp\/v2\/tags?post=8887"}],"curies":[{"name":"wp","href":"https:\/\/api.w.org\/{rel}","templated":true}]}}