{"id":8881,"date":"2026-03-13T13:46:00","date_gmt":"2026-03-13T12:46:00","guid":{"rendered":"https:\/\/www.karaoketexty.cz\/magazin\/?p=8881"},"modified":"2026-03-09T12:25:46","modified_gmt":"2026-03-09T11:25:46","slug":"zapomenuty-svet-popu-a-rapu-v-roce-2001-madonna-se-kdysi-postavila-za-eminema-ktery-to-schytaval-za-sve-texty","status":"publish","type":"post","link":"https:\/\/www.karaoketexty.cz\/magazin\/zapomenuty-svet-popu-a-rapu-v-roce-2001-madonna-se-kdysi-postavila-za-eminema-ktery-to-schytaval-za-sve-texty\/","title":{"rendered":"Zapomenut\u00fd sv\u011bt popu a rapu v roce 2001: Madonna se kdysi postavila za Eminema, kter\u00fd to schyt\u00e1val za sv\u00e9 texty"},"content":{"rendered":"\n<p><strong>N\u011bkdy i na poli um\u011blc\u016f vznikne situace, kterou by nikdo ne\u010dekal. V\u00edce ne\u017e 20 let zp\u011bt se Eminema zastala slavn\u00e1 popov\u00e1 ikona.<\/strong><\/p>\n\n\n\n<p>Kdy\u017e kontroverzn\u00ed texty rappera Eminema pobu\u0159ovaly ve\u0159ejnost i m\u00e9dia, ozvala se nejv\u011bt\u0161\u00ed popov\u00e1 ikona sv\u00e9 generace, jak si v redakci Karaoketexty.cz vybavujeme. Zaujalo n\u00e1s, \u017ee pr\u00e1v\u011b Madonna se rozhodla ve\u0159ejn\u011b h\u00e1jit mlad\u00e9ho um\u011blce, a to prost\u0159ednictv\u00edm dopisu do renomovan\u00e9ho den\u00edku. Jej\u00ed stanovisko jasn\u011b ukazuje, jak d\u016fle\u017eit\u00e1 je ochrana svobody projevu i v popul\u00e1rn\u00ed kultu\u0159e.<\/p>\n\n\n<!-- karaoketexty.cz \/ rectangle2 -->\n<div id=\"PX_37086_709110796310826\"><\/div>\n<script>\n   if(!useMobileAds && !boolUseSeznamAds && !hideAllAds){\n     window.px2 = window.px2 || { conf: {},queue: [] };\n     px2.queue.push(function () {\n        px2.render({\n           slot: {\n              id: 37086\n           },\n            elem: \"PX_37086_709110796310826\"\n        })\n     });\n  }\n<\/script>\n\n<!-- karaoketexty.cz \/ mobile-rectangle3 -->\n<div id=\"PX_37044_714599773297004\"><\/div>\n<script>\n   if(useMobileAds && !boolUseSeznamAds && !hideAllAds){\nwindow.px2 = window.px2 || { conf: {},queue: [] };\npx2.queue.push(function () {\n\tpx2.render({\n\t\tslot: {\n\t\t\tid: 37044\n\t\t},\n\t\telem: \"PX_37044_714599773297004\"\n\t})\n});\n}\n<\/script>\n\n\n<h2 class=\"wp-block-heading\">Konfrontace generac\u00ed a role popov\u00e9 ikony<\/h2>\n\n\n\n<p>Dopis, kter\u00fd Madonna 18. \u00fanora 2001 zaslala do Los Angeles Times, kritizoval to, jak m\u00e9dia i lid\u00e9 reagovali na nominace Eminema na ceny Grammy a jeho \u010dasto provokativn\u00ed texty. <em>\u201eOd kdy je ur\u00e1\u017eliv\u00fd jazyk d\u016fvodem k nepopul\u00e1rnosti? Jazyk George W. Bushe mi p\u0159ipad\u00e1 mnohem v\u00edce ur\u00e1\u017eliv\u00fd. Pokryteck\u00e1 povaha nejpopul\u00e1rn\u011bj\u0161\u00edch osobnost\u00ed v na\u0161\u00ed kultu\u0159e se mi zd\u00e1 mnohem v\u00edce ur\u00e1\u017eliv\u00e1. L\u00edb\u00ed se mi, \u017ee Eminem je drz\u00fd, na\u0161tvan\u00fd a politicky nekorektn\u00ed. Aspo\u0148 m\u00e1 n\u00e1zor. \u010ce\u0159\u00ed to vody, vyvol\u00e1v\u00e1 to vztek lid\u00ed. Odr\u00e1\u017e\u00ed to, co se pr\u00e1v\u011b d\u011bje ve spole\u010dnosti. To je to, co m\u00e1 um\u011bn\u00ed d\u011blat. A koneckonc\u016f je to je\u0161t\u011b d\u00edt\u011b,\u201c<\/em> napsala.<\/p>\n\n\n\n<p>Madonnin dopis se ihned stal drbem \u010d\u00edslo jedna, a to nejen mezi fanou\u0161ky, ale i mezi hudebn\u00edmi kritiky. Madonna, u\u017e v t\u00e9 dob\u011b na v\u00fdslun\u00ed jako \u201ekr\u00e1lovna popu\u201c s kari\u00e9rou trvaj\u00edc\u00ed p\u0159es 20 let, se absolutn\u011b neb\u00e1la otev\u0159en\u011b vyj\u00e1d\u0159it podporu mlad\u00e9mu rapperovi, jeho\u017e texty sv\u00fdm obsahem \u0161okovaly konzervativn\u00ed \u010d\u00e1st ve\u0159ejnosti. Tento krok uk\u00e1zal, \u017ee pro ni je d\u016fle\u017eit\u011bj\u0161\u00ed autenticita a odvaha vyj\u00e1d\u0159it se ne\u017e p\u0159ehnan\u00e1 korektnost.<\/p>\n\n\n<!-- karaoketexty.cz \/ interscroller1 -->\n\n<div id=\"PX_37041_825057871452834\"><\/div>\n<script>\nif(useMobileAds && !boolUseSeznamAds && !hideAllAds){\n\twindow.px2 = window.px2 || { conf: {},queue: [] };\n\tpx2.queue.push(function () {\n\t\tpx2.render({\n\t\t\tslot: {\n\t\t\t\tid: 37041\n\t\t\t},\n\t\t\telem: \"PX_37041_825057871452834\"\n\t\t})\n\t});\n}\n<\/script>\n\n\n<p>Eminem, vlastn\u00edm jm\u00e9nem Marshall Bruce Mathers III, se v roce 2000 dostal do pov\u011bdom\u00ed \u0161irok\u00e9 ve\u0159ejnosti d\u00edky sv\u00e9mu debutov\u00e9mu albu The Slim Shady LP, kter\u00e9 mu vyneslo prvn\u00ed Grammy. Jeho hudba je o osobn\u00edch p\u0159\u00edb\u011bz\u00edch, kontroverzn\u00edch t\u00e9matech a satirick\u00fdch koment\u00e1\u0159\u00edch na spole\u010densk\u00e9 pom\u011bry. I kdy\u017e byl \u010dasto kritizovan\u00fd za n\u00e1siln\u00fd \u010di ur\u00e1\u017eliv\u00fd obsah, pr\u00e1v\u011b tato otev\u0159enost mu p\u0159inesla masivn\u00ed popularitu a fanou\u0161kovskou z\u00e1kladnu.<\/p>\n\n\n\n<blockquote class=\"instagram-media\" data-instgrm-captioned data-instgrm-permalink=\"https:\/\/www.instagram.com\/p\/DVB5YfjjXoP\/?utm_source=ig_embed&amp;utm_campaign=loading\" data-instgrm-version=\"14\" style=\" background:#FFF; border:0; border-radius:3px; box-shadow:0 0 1px 0 rgba(0,0,0,0.5),0 1px 10px 0 rgba(0,0,0,0.15); margin: 1px; max-width:540px; min-width:326px; padding:0; width:99.375%; width:-webkit-calc(100% - 2px); width:calc(100% - 2px);\"><div style=\"padding:16px;\"> <a href=\"https:\/\/www.instagram.com\/p\/DVB5YfjjXoP\/?utm_source=ig_embed&amp;utm_campaign=loading\" style=\" background:#FFFFFF; line-height:0; padding:0 0; text-align:center; text-decoration:none; width:100%;\" target=\"_blank\"> <div style=\" display: flex; flex-direction: row; align-items: center;\"> <div style=\"background-color: #F4F4F4; border-radius: 50%; flex-grow: 0; height: 40px; margin-right: 14px; width: 40px;\"><\/div> <div style=\"display: flex; flex-direction: column; flex-grow: 1; justify-content: center;\"> <div style=\" background-color: #F4F4F4; border-radius: 4px; flex-grow: 0; height: 14px; margin-bottom: 6px; width: 100px;\"><\/div> <div style=\" background-color: #F4F4F4; border-radius: 4px; flex-grow: 0; height: 14px; width: 60px;\"><\/div><\/div><\/div><div style=\"padding: 19% 0;\"><\/div> <div style=\"display:block; height:50px; margin:0 auto 12px; width:50px;\"><svg width=\"50px\" height=\"50px\" viewBox=\"0 0 60 60\" version=\"1.1\" xmlns=\"https:\/\/www.w3.org\/2000\/svg\" xmlns:xlink=\"https:\/\/www.w3.org\/1999\/xlink\"><g stroke=\"none\" stroke-width=\"1\" fill=\"none\" fill-rule=\"evenodd\"><g transform=\"translate(-511.000000, -20.000000)\" fill=\"#000000\"><g><path d=\"M556.869,30.41 C554.814,30.41 553.148,32.076 553.148,34.131 C553.148,36.186 554.814,37.852 556.869,37.852 C558.924,37.852 560.59,36.186 560.59,34.131 C560.59,32.076 558.924,30.41 556.869,30.41 M541,60.657 C535.114,60.657 530.342,55.887 530.342,50 C530.342,44.114 535.114,39.342 541,39.342 C546.887,39.342 551.658,44.114 551.658,50 C551.658,55.887 546.887,60.657 541,60.657 M541,33.886 C532.1,33.886 524.886,41.1 524.886,50 C524.886,58.899 532.1,66.113 541,66.113 C549.9,66.113 557.115,58.899 557.115,50 C557.115,41.1 549.9,33.886 541,33.886 M565.378,62.101 C565.244,65.022 564.756,66.606 564.346,67.663 C563.803,69.06 563.154,70.057 562.106,71.106 C561.058,72.155 560.06,72.803 558.662,73.347 C557.607,73.757 556.021,74.244 553.102,74.378 C549.944,74.521 548.997,74.552 541,74.552 C533.003,74.552 532.056,74.521 528.898,74.378 C525.979,74.244 524.393,73.757 523.338,73.347 C521.94,72.803 520.942,72.155 519.894,71.106 C518.846,70.057 518.197,69.06 517.654,67.663 C517.244,66.606 516.755,65.022 516.623,62.101 C516.479,58.943 516.448,57.996 516.448,50 C516.448,42.003 516.479,41.056 516.623,37.899 C516.755,34.978 517.244,33.391 517.654,32.338 C518.197,30.938 518.846,29.942 519.894,28.894 C520.942,27.846 521.94,27.196 523.338,26.654 C524.393,26.244 525.979,25.756 528.898,25.623 C532.057,25.479 533.004,25.448 541,25.448 C548.997,25.448 549.943,25.479 553.102,25.623 C556.021,25.756 557.607,26.244 558.662,26.654 C560.06,27.196 561.058,27.846 562.106,28.894 C563.154,29.942 563.803,30.938 564.346,32.338 C564.756,33.391 565.244,34.978 565.378,37.899 C565.522,41.056 565.552,42.003 565.552,50 C565.552,57.996 565.522,58.943 565.378,62.101 M570.82,37.631 C570.674,34.438 570.167,32.258 569.425,30.349 C568.659,28.377 567.633,26.702 565.965,25.035 C564.297,23.368 562.623,22.342 560.652,21.575 C558.743,20.834 556.562,20.326 553.369,20.18 C550.169,20.033 549.148,20 541,20 C532.853,20 531.831,20.033 528.631,20.18 C525.438,20.326 523.257,20.834 521.349,21.575 C519.376,22.342 517.703,23.368 516.035,25.035 C514.368,26.702 513.342,28.377 512.574,30.349 C511.834,32.258 511.326,34.438 511.181,37.631 C511.035,40.831 511,41.851 511,50 C511,58.147 511.035,59.17 511.181,62.369 C511.326,65.562 511.834,67.743 512.574,69.651 C513.342,71.625 514.368,73.296 516.035,74.965 C517.703,76.634 519.376,77.658 521.349,78.425 C523.257,79.167 525.438,79.673 528.631,79.82 C531.831,79.965 532.853,80.001 541,80.001 C549.148,80.001 550.169,79.965 553.369,79.82 C556.562,79.673 558.743,79.167 560.652,78.425 C562.623,77.658 564.297,76.634 565.965,74.965 C567.633,73.296 568.659,71.625 569.425,69.651 C570.167,67.743 570.674,65.562 570.82,62.369 C570.966,59.17 571,58.147 571,50 C571,41.851 570.966,40.831 570.82,37.631\"><\/path><\/g><\/g><\/g><\/svg><\/div><div style=\"padding-top: 8px;\"> <div style=\" color:#3897f0; font-family:Arial,sans-serif; font-size:14px; font-style:normal; font-weight:550; line-height:18px;\">Zobrazit p\u0159\u00edsp\u011bvek na Instagramu<\/div><\/div><div style=\"padding: 12.5% 0;\"><\/div> <div style=\"display: flex; flex-direction: row; margin-bottom: 14px; align-items: center;\"><div> <div style=\"background-color: #F4F4F4; border-radius: 50%; height: 12.5px; width: 12.5px; transform: translateX(0px) translateY(7px);\"><\/div> <div style=\"background-color: #F4F4F4; height: 12.5px; transform: rotate(-45deg) translateX(3px) translateY(1px); width: 12.5px; flex-grow: 0; margin-right: 14px; margin-left: 2px;\"><\/div> <div style=\"background-color: #F4F4F4; border-radius: 50%; height: 12.5px; width: 12.5px; transform: translateX(9px) translateY(-18px);\"><\/div><\/div><div style=\"margin-left: 8px;\"> <div style=\" background-color: #F4F4F4; border-radius: 50%; flex-grow: 0; height: 20px; width: 20px;\"><\/div> <div style=\" width: 0; height: 0; border-top: 2px solid transparent; border-left: 6px solid #f4f4f4; border-bottom: 2px solid transparent; transform: translateX(16px) translateY(-4px) rotate(30deg)\"><\/div><\/div><div style=\"margin-left: auto;\"> <div style=\" width: 0px; border-top: 8px solid #F4F4F4; border-right: 8px solid transparent; transform: translateY(16px);\"><\/div> <div style=\" background-color: #F4F4F4; flex-grow: 0; height: 12px; width: 16px; transform: translateY(-4px);\"><\/div> <div style=\" width: 0; height: 0; border-top: 8px solid #F4F4F4; border-left: 8px solid transparent; transform: translateY(-4px) translateX(8px);\"><\/div><\/div><\/div> <div style=\"display: flex; flex-direction: column; flex-grow: 1; justify-content: center; margin-bottom: 24px;\"> <div style=\" background-color: #F4F4F4; border-radius: 4px; flex-grow: 0; height: 14px; margin-bottom: 6px; width: 224px;\"><\/div> <div style=\" background-color: #F4F4F4; border-radius: 4px; flex-grow: 0; height: 14px; width: 144px;\"><\/div><\/div><\/a><p style=\" color:#c9c8cd; font-family:Arial,sans-serif; font-size:14px; line-height:17px; margin-bottom:0; margin-top:8px; overflow:hidden; padding:8px 0 7px; text-align:center; text-overflow:ellipsis; white-space:nowrap;\"><a href=\"https:\/\/www.instagram.com\/p\/DVB5YfjjXoP\/?utm_source=ig_embed&amp;utm_campaign=loading\" style=\" color:#c9c8cd; font-family:Arial,sans-serif; font-size:14px; font-style:normal; font-weight:normal; line-height:17px; text-decoration:none;\" target=\"_blank\">P\u0159\u00edsp\u011bvek sd\u00edlen\u00fd M     A     D     O     N     N     A (@the_virgin_madonna)<\/a><\/p><\/div><\/blockquote>\n<script async src=\"\/\/www.instagram.com\/embed.js\"><\/script>\n\n\n\n<h2 class=\"wp-block-heading\">Medi\u00e1ln\u00ed tlak a ve\u0159ejn\u00e1 kritika<\/h2>\n\n\n\n<p>Podpora Madonny p\u0159i\u0161la v dob\u011b, kdy Eminem \u010delil opravdu velk\u00e9mu medi\u00e1ln\u00edmu tlaku. \u010casopisy, televizn\u00ed po\u0159ady i politici kritizovali jeho \u201eprovokativn\u00ed\u201c texty, kter\u00e9 podle nich \u0161\u00ed\u0159ily n\u00e1sil\u00ed a nevhodn\u00e9 vzory chov\u00e1n\u00ed. Madonna nicm\u00e9n\u011b poukazovala na dvoj\u00ed metr. Zat\u00edmco Eminem byl ve\u0159ejn\u011b napadan\u00fd, stejn\u00e9 anebo i hor\u0161\u00ed v\u00fdrazy politik\u016f \u010di celebrit z\u016fst\u00e1valy bez trestu a koment\u00e1\u0159e.<\/p>\n\n\n\n<p>Madonna tak\u00e9 zd\u016fraznila, \u017ee texty Eminema poukazuj\u00ed na spole\u010densk\u00e9 probl\u00e9my a emoce mlad\u00e9 generace. Jde o p\u0159ipomenut\u00ed, \u017ee um\u011bn\u00ed m\u00e1 nejen bavit, ale i jist\u00fdm zp\u016fsobem n\u011bjak lidi zas\u00e1hnout. Tato my\u0161lenka obst\u00e1la u mnoha kritik\u016f i fanou\u0161k\u016f, kte\u0159\u00ed ocenili, \u017ee se n\u011bkdo prominentn\u00ed vlastn\u011b postavil za svobodu projevu.<\/p>\n\n\n\n<p>Zdroj: Autorsk\u00fd text, <a href=\"https:\/\/www.madonna.com\/blogs\/news\/madonna-mauls-eminems-critics?srsltid=AfmBOooSloJWAFpdC_e_UOO516Wly7ScxQy_hzLFimNOuDk1bWTdT9eY\" target=\"_blank\" rel=\"noreferrer noopener nofollow\">Madonna<\/a>, <a href=\"https:\/\/www.bbc.com\/culture\/article\/20250527-how-eminems-the-marshall-mathers-lp-sent-shockwaves-through-the-noughties\">BBC<\/a>, <a href=\"https:\/\/www.instagram.com\/the_virgin_madonna\/\" target=\"_blank\" rel=\"noreferrer noopener nofollow\">Instagram the_virgin_madonna<\/a><\/p>\n\n\n            <a href=\"https:\/\/www.karaoketexty.cz\/magazin\/eminem-a-jeho-dcera-zaplatili-dluhy-za-obedy-tisicum-deti-700-tisic-dolaru-ve-103-skolach\/\" class=\"related-post-link\">\n                <div class=\"post-thumbnail\">\n                    <img decoding=\"async\" width=\"250\" height=\"131\" src=\"https:\/\/www.karaoketexty.cz\/magazin\/wp-content\/uploads\/2025\/05\/eminem.avif\" class=\"attachment-250x180 size-250x180 not-transparent\" alt=\"Fotografie Eminema\" data-has-transparency=\"false\" data-dominant-color=\"1e1b19\" style=\"--dominant-color: #1e1b19;\" \/>                <\/div>\n                <div class=\"post-details\">\n                    <span class=\"also-read\">\u010ct\u011bte tak\u00e9:<\/span>\n                    <h3 class=\"hed\">Eminem a jeho dcera zaplatili dluhy za ob\u011bdy tis\u00edc\u016fm d\u011bt\u00ed: 700 tis\u00edc dolar\u016f ve 103 \u0161kol\u00e1ch<\/h3>\n                <\/div>\n            <\/a>\n            \n\n            <a href=\"https:\/\/www.karaoketexty.cz\/magazin\/oblecte-se-fanousci-cupuji-madonnu-kvuli-outfitu\/\" class=\"related-post-link\">\n                <div class=\"post-thumbnail\">\n                    <img decoding=\"async\" width=\"250\" height=\"155\" src=\"https:\/\/www.karaoketexty.cz\/magazin\/wp-content\/uploads\/2025\/12\/madona-koncert-2023.jpg\" class=\"attachment-250x180 size-250x180 not-transparent\" alt=\"Madonna v Lond\u00fdn\u011b v roce 2023\" srcset=\"https:\/\/www.karaoketexty.cz\/magazin\/wp-content\/uploads\/2025\/12\/madona-koncert-2023.jpg 1200w, https:\/\/www.karaoketexty.cz\/magazin\/wp-content\/uploads\/2025\/12\/madona-koncert-2023-300x186.jpg 300w, https:\/\/www.karaoketexty.cz\/magazin\/wp-content\/uploads\/2025\/12\/madona-koncert-2023-1024x636.jpg 1024w, https:\/\/www.karaoketexty.cz\/magazin\/wp-content\/uploads\/2025\/12\/madona-koncert-2023-768x477.jpg 768w\" sizes=\"(max-width: 250px) 100vw, 250px\" data-has-transparency=\"false\" data-dominant-color=\"151b6a\" style=\"--dominant-color: #151b6a;\" \/>                <\/div>\n                <div class=\"post-details\">\n                    <span class=\"also-read\">\u010ct\u011bte tak\u00e9:<\/span>\n                    <h3 class=\"hed\">\u201eOble\u010dte se!\u201c: Fanou\u0161ci cupuj\u00ed Madonnu kv\u016fli outfitu<\/h3>\n                <\/div>\n            <\/a>\n            ","protected":false},"excerpt":{"rendered":"<p>N\u011bkdy i na poli um\u011blc\u016f vznikne situace, kterou by nikdo ne\u010dekal. Osmn\u00e1ct let zp\u011bt se Eminema zastala slavn\u00e1 popov\u00e1 ikona.<\/p>\n","protected":false},"author":4,"featured_media":2348,"comment_status":"open","ping_status":"closed","sticky":false,"template":"","format":"standard","meta":{"_yoast_wpseo_title":"Madonna se kdysi postavila za Eminema","_yoast_wpseo_metadesc":"N\u011bkdy i na poli um\u011blc\u016f vznikne situace, kterou by nikdo ne\u010dekal. V\u00edc jak 20 let zp\u011bt se Eminema zastala slavn\u00e1 popov\u00e1 ikona.","footnotes":""},"categories":[1059],"tags":[182,433,534,584,229,644,419,578,2703],"class_list":["post-8881","post","type-post","status-publish","format-standard","has-post-thumbnail","hentry","category-celebrity","tag-eminem","tag-grammy","tag-hip-hop","tag-kontroverze","tag-madonna","tag-medialni-pozornost","tag-popova-ikona","tag-rap","tag-svoboda-projevu"],"yoast_head":"<!-- This site is optimized with the Yoast SEO plugin v27.4 - https:\/\/yoast.com\/product\/yoast-seo-wordpress\/ -->\n<title>Madonna se kdysi postavila za Eminema<\/title>\n<meta name=\"description\" content=\"N\u011bkdy i na poli um\u011blc\u016f vznikne situace, kterou by nikdo ne\u010dekal. V\u00edc jak 20 let zp\u011bt se Eminema zastala slavn\u00e1 popov\u00e1 ikona.\" \/>\n<meta name=\"robots\" content=\"index, follow, max-snippet:-1, max-image-preview:large, max-video-preview:-1\" \/>\n<link rel=\"canonical\" href=\"https:\/\/www.karaoketexty.cz\/magazin\/zapomenuty-svet-popu-a-rapu-v-roce-2001-madonna-se-kdysi-postavila-za-eminema-ktery-to-schytaval-za-sve-texty\/\" \/>\n<meta property=\"og:locale\" content=\"cs_CZ\" \/>\n<meta property=\"og:type\" content=\"article\" \/>\n<meta property=\"og:title\" content=\"Madonna se kdysi postavila za Eminema\" \/>\n<meta property=\"og:description\" content=\"N\u011bkdy i na poli um\u011blc\u016f vznikne situace, kterou by nikdo ne\u010dekal. V\u00edc jak 20 let zp\u011bt se Eminema zastala slavn\u00e1 popov\u00e1 ikona.\" \/>\n<meta property=\"og:url\" content=\"https:\/\/www.karaoketexty.cz\/magazin\/zapomenuty-svet-popu-a-rapu-v-roce-2001-madonna-se-kdysi-postavila-za-eminema-ktery-to-schytaval-za-sve-texty\/\" \/>\n<meta property=\"og:site_name\" content=\"Stars Magaz\u00edn Karaoketexty.cz\" \/>\n<meta property=\"article:published_time\" content=\"2026-03-13T12:46:00+00:00\" \/>\n<meta property=\"og:image\" content=\"https:\/\/www.karaoketexty.cz\/magazin\/wp-content\/uploads\/2025\/08\/Madonna-zpevacka.jpg\" \/>\n\t<meta property=\"og:image:width\" content=\"1200\" \/>\n\t<meta property=\"og:image:height\" content=\"700\" \/>\n\t<meta property=\"og:image:type\" content=\"image\/jpeg\" \/>\n<meta name=\"author\" content=\"Barbora Kop\u0159ivov\u00e1\" \/>\n<meta name=\"twitter:card\" content=\"summary_large_image\" \/>\n<meta name=\"twitter:label1\" content=\"Napsal(a)\" \/>\n\t<meta name=\"twitter:data1\" content=\"Barbora Kop\u0159ivov\u00e1\" \/>\n\t<meta name=\"twitter:label2\" content=\"Odhadovan\u00e1 doba \u010dten\u00ed\" \/>\n\t<meta name=\"twitter:data2\" content=\"3 minuty\" \/>\n<script type=\"application\/ld+json\" class=\"yoast-schema-graph\">{\"@context\":\"https:\\\/\\\/schema.org\",\"@graph\":[{\"@type\":\"Article\",\"@id\":\"https:\\\/\\\/www.karaoketexty.cz\\\/magazin\\\/zapomenuty-svet-popu-a-rapu-v-roce-2001-madonna-se-kdysi-postavila-za-eminema-ktery-to-schytaval-za-sve-texty\\\/#article\",\"isPartOf\":{\"@id\":\"https:\\\/\\\/www.karaoketexty.cz\\\/magazin\\\/zapomenuty-svet-popu-a-rapu-v-roce-2001-madonna-se-kdysi-postavila-za-eminema-ktery-to-schytaval-za-sve-texty\\\/\"},\"author\":{\"name\":\"Barbora Kop\u0159ivov\u00e1\",\"@id\":\"https:\\\/\\\/www.karaoketexty.cz\\\/magazin\\\/#\\\/schema\\\/person\\\/37c0164a04038267c8a56ad6d60df749\"},\"headline\":\"Zapomenut\u00fd sv\u011bt popu a rapu v roce 2001: Madonna se kdysi postavila za Eminema, kter\u00fd to schyt\u00e1val za sv\u00e9 texty\",\"datePublished\":\"2026-03-13T12:46:00+00:00\",\"mainEntityOfPage\":{\"@id\":\"https:\\\/\\\/www.karaoketexty.cz\\\/magazin\\\/zapomenuty-svet-popu-a-rapu-v-roce-2001-madonna-se-kdysi-postavila-za-eminema-ktery-to-schytaval-za-sve-texty\\\/\"},\"wordCount\":589,\"commentCount\":0,\"image\":{\"@id\":\"https:\\\/\\\/www.karaoketexty.cz\\\/magazin\\\/zapomenuty-svet-popu-a-rapu-v-roce-2001-madonna-se-kdysi-postavila-za-eminema-ktery-to-schytaval-za-sve-texty\\\/#primaryimage\"},\"thumbnailUrl\":\"https:\\\/\\\/www.karaoketexty.cz\\\/magazin\\\/wp-content\\\/uploads\\\/2025\\\/08\\\/Madonna-zpevacka.jpg\",\"keywords\":[\"Eminem\",\"Grammy\",\"hip hop\",\"kontroverze\",\"Madonna\",\"medi\u00e1ln\u00ed pozornost\",\"popov\u00e1 ikona\",\"rap\",\"svoboda projevu\"],\"articleSection\":[\"Celebrity\"],\"inLanguage\":\"cs\",\"potentialAction\":[{\"@type\":\"CommentAction\",\"name\":\"Comment\",\"target\":[\"https:\\\/\\\/www.karaoketexty.cz\\\/magazin\\\/zapomenuty-svet-popu-a-rapu-v-roce-2001-madonna-se-kdysi-postavila-za-eminema-ktery-to-schytaval-za-sve-texty\\\/#respond\"]}]},{\"@type\":\"WebPage\",\"@id\":\"https:\\\/\\\/www.karaoketexty.cz\\\/magazin\\\/zapomenuty-svet-popu-a-rapu-v-roce-2001-madonna-se-kdysi-postavila-za-eminema-ktery-to-schytaval-za-sve-texty\\\/\",\"url\":\"https:\\\/\\\/www.karaoketexty.cz\\\/magazin\\\/zapomenuty-svet-popu-a-rapu-v-roce-2001-madonna-se-kdysi-postavila-za-eminema-ktery-to-schytaval-za-sve-texty\\\/\",\"name\":\"Madonna se kdysi postavila za Eminema\",\"isPartOf\":{\"@id\":\"https:\\\/\\\/www.karaoketexty.cz\\\/magazin\\\/#website\"},\"primaryImageOfPage\":{\"@id\":\"https:\\\/\\\/www.karaoketexty.cz\\\/magazin\\\/zapomenuty-svet-popu-a-rapu-v-roce-2001-madonna-se-kdysi-postavila-za-eminema-ktery-to-schytaval-za-sve-texty\\\/#primaryimage\"},\"image\":{\"@id\":\"https:\\\/\\\/www.karaoketexty.cz\\\/magazin\\\/zapomenuty-svet-popu-a-rapu-v-roce-2001-madonna-se-kdysi-postavila-za-eminema-ktery-to-schytaval-za-sve-texty\\\/#primaryimage\"},\"thumbnailUrl\":\"https:\\\/\\\/www.karaoketexty.cz\\\/magazin\\\/wp-content\\\/uploads\\\/2025\\\/08\\\/Madonna-zpevacka.jpg\",\"datePublished\":\"2026-03-13T12:46:00+00:00\",\"author\":{\"@id\":\"https:\\\/\\\/www.karaoketexty.cz\\\/magazin\\\/#\\\/schema\\\/person\\\/37c0164a04038267c8a56ad6d60df749\"},\"description\":\"N\u011bkdy i na poli um\u011blc\u016f vznikne situace, kterou by nikdo ne\u010dekal. V\u00edc jak 20 let zp\u011bt se Eminema zastala slavn\u00e1 popov\u00e1 ikona.\",\"breadcrumb\":{\"@id\":\"https:\\\/\\\/www.karaoketexty.cz\\\/magazin\\\/zapomenuty-svet-popu-a-rapu-v-roce-2001-madonna-se-kdysi-postavila-za-eminema-ktery-to-schytaval-za-sve-texty\\\/#breadcrumb\"},\"inLanguage\":\"cs\",\"potentialAction\":[{\"@type\":\"ReadAction\",\"target\":[\"https:\\\/\\\/www.karaoketexty.cz\\\/magazin\\\/zapomenuty-svet-popu-a-rapu-v-roce-2001-madonna-se-kdysi-postavila-za-eminema-ktery-to-schytaval-za-sve-texty\\\/\"]}]},{\"@type\":\"ImageObject\",\"inLanguage\":\"cs\",\"@id\":\"https:\\\/\\\/www.karaoketexty.cz\\\/magazin\\\/zapomenuty-svet-popu-a-rapu-v-roce-2001-madonna-se-kdysi-postavila-za-eminema-ktery-to-schytaval-za-sve-texty\\\/#primaryimage\",\"url\":\"https:\\\/\\\/www.karaoketexty.cz\\\/magazin\\\/wp-content\\\/uploads\\\/2025\\\/08\\\/Madonna-zpevacka.jpg\",\"contentUrl\":\"https:\\\/\\\/www.karaoketexty.cz\\\/magazin\\\/wp-content\\\/uploads\\\/2025\\\/08\\\/Madonna-zpevacka.jpg\",\"width\":1200,\"height\":700,\"caption\":\"Foto: chrisweger \\\/ Creative Commons \\\/ CC BY-SA 2.0, Madonna b\u011bhem turn\u00e9 Rebel Heart 2015 ve Stockholmu\"},{\"@type\":\"BreadcrumbList\",\"@id\":\"https:\\\/\\\/www.karaoketexty.cz\\\/magazin\\\/zapomenuty-svet-popu-a-rapu-v-roce-2001-madonna-se-kdysi-postavila-za-eminema-ktery-to-schytaval-za-sve-texty\\\/#breadcrumb\",\"itemListElement\":[{\"@type\":\"ListItem\",\"position\":1,\"name\":\"Dom\u016f\",\"item\":\"https:\\\/\\\/www.karaoketexty.cz\\\/magazin\\\/\"},{\"@type\":\"ListItem\",\"position\":2,\"name\":\"Zapomenut\u00fd sv\u011bt popu a rapu v roce 2001: Madonna se kdysi postavila za Eminema, kter\u00fd to schyt\u00e1val za sv\u00e9 texty\"}]},{\"@type\":\"WebSite\",\"@id\":\"https:\\\/\\\/www.karaoketexty.cz\\\/magazin\\\/#website\",\"url\":\"https:\\\/\\\/www.karaoketexty.cz\\\/magazin\\\/\",\"name\":\"Stars Magaz\u00edn Karaoketexty.cz\",\"description\":\"Stars Magaz\u00edn na Karaoketexty.cz je zam\u011b\u0159en\u00fd na novinky ze sv\u011bta hudby a celebrit. Obsahuje \u010dl\u00e1nky o zp\u011bv\u00e1c\u00edch, kapel\u00e1ch, nov\u00fdch albech, hudebn\u00edch trendech a dal\u0161\u00edch zaj\u00edmavostech z hudebn\u00edho pr\u016fmyslu.\",\"potentialAction\":[{\"@type\":\"SearchAction\",\"target\":{\"@type\":\"EntryPoint\",\"urlTemplate\":\"https:\\\/\\\/www.karaoketexty.cz\\\/magazin\\\/?s={search_term_string}\"},\"query-input\":{\"@type\":\"PropertyValueSpecification\",\"valueRequired\":true,\"valueName\":\"search_term_string\"}}],\"inLanguage\":\"cs\"},{\"@type\":\"Person\",\"@id\":\"https:\\\/\\\/www.karaoketexty.cz\\\/magazin\\\/#\\\/schema\\\/person\\\/37c0164a04038267c8a56ad6d60df749\",\"name\":\"Barbora Kop\u0159ivov\u00e1\",\"image\":{\"@type\":\"ImageObject\",\"inLanguage\":\"cs\",\"@id\":\"https:\\\/\\\/secure.gravatar.com\\\/avatar\\\/ad2ef9810228386d580851ef4bdde76abaa96054ff5b068c8873bc91afb2df84?s=96&d=mm&r=g\",\"url\":\"https:\\\/\\\/secure.gravatar.com\\\/avatar\\\/ad2ef9810228386d580851ef4bdde76abaa96054ff5b068c8873bc91afb2df84?s=96&d=mm&r=g\",\"contentUrl\":\"https:\\\/\\\/secure.gravatar.com\\\/avatar\\\/ad2ef9810228386d580851ef4bdde76abaa96054ff5b068c8873bc91afb2df84?s=96&d=mm&r=g\",\"caption\":\"Barbora Kop\u0159ivov\u00e1\"},\"url\":\"https:\\\/\\\/www.karaoketexty.cz\\\/magazin\\\/author\\\/barborakoprivova\\\/\"}]}<\/script>\n<!-- \/ Yoast SEO plugin. -->","yoast_head_json":{"title":"Madonna se kdysi postavila za Eminema","description":"N\u011bkdy i na poli um\u011blc\u016f vznikne situace, kterou by nikdo ne\u010dekal. V\u00edc jak 20 let zp\u011bt se Eminema zastala slavn\u00e1 popov\u00e1 ikona.","robots":{"index":"index","follow":"follow","max-snippet":"max-snippet:-1","max-image-preview":"max-image-preview:large","max-video-preview":"max-video-preview:-1"},"canonical":"https:\/\/www.karaoketexty.cz\/magazin\/zapomenuty-svet-popu-a-rapu-v-roce-2001-madonna-se-kdysi-postavila-za-eminema-ktery-to-schytaval-za-sve-texty\/","og_locale":"cs_CZ","og_type":"article","og_title":"Madonna se kdysi postavila za Eminema","og_description":"N\u011bkdy i na poli um\u011blc\u016f vznikne situace, kterou by nikdo ne\u010dekal. V\u00edc jak 20 let zp\u011bt se Eminema zastala slavn\u00e1 popov\u00e1 ikona.","og_url":"https:\/\/www.karaoketexty.cz\/magazin\/zapomenuty-svet-popu-a-rapu-v-roce-2001-madonna-se-kdysi-postavila-za-eminema-ktery-to-schytaval-za-sve-texty\/","og_site_name":"Stars Magaz\u00edn Karaoketexty.cz","article_published_time":"2026-03-13T12:46:00+00:00","og_image":[{"width":1200,"height":700,"url":"https:\/\/www.karaoketexty.cz\/magazin\/wp-content\/uploads\/2025\/08\/Madonna-zpevacka.jpg","type":"image\/jpeg"}],"author":"Barbora Kop\u0159ivov\u00e1","twitter_card":"summary_large_image","twitter_misc":{"Napsal(a)":"Barbora Kop\u0159ivov\u00e1","Odhadovan\u00e1 doba \u010dten\u00ed":"3 minuty"},"schema":{"@context":"https:\/\/schema.org","@graph":[{"@type":"Article","@id":"https:\/\/www.karaoketexty.cz\/magazin\/zapomenuty-svet-popu-a-rapu-v-roce-2001-madonna-se-kdysi-postavila-za-eminema-ktery-to-schytaval-za-sve-texty\/#article","isPartOf":{"@id":"https:\/\/www.karaoketexty.cz\/magazin\/zapomenuty-svet-popu-a-rapu-v-roce-2001-madonna-se-kdysi-postavila-za-eminema-ktery-to-schytaval-za-sve-texty\/"},"author":{"name":"Barbora Kop\u0159ivov\u00e1","@id":"https:\/\/www.karaoketexty.cz\/magazin\/#\/schema\/person\/37c0164a04038267c8a56ad6d60df749"},"headline":"Zapomenut\u00fd sv\u011bt popu a rapu v roce 2001: Madonna se kdysi postavila za Eminema, kter\u00fd to schyt\u00e1val za sv\u00e9 texty","datePublished":"2026-03-13T12:46:00+00:00","mainEntityOfPage":{"@id":"https:\/\/www.karaoketexty.cz\/magazin\/zapomenuty-svet-popu-a-rapu-v-roce-2001-madonna-se-kdysi-postavila-za-eminema-ktery-to-schytaval-za-sve-texty\/"},"wordCount":589,"commentCount":0,"image":{"@id":"https:\/\/www.karaoketexty.cz\/magazin\/zapomenuty-svet-popu-a-rapu-v-roce-2001-madonna-se-kdysi-postavila-za-eminema-ktery-to-schytaval-za-sve-texty\/#primaryimage"},"thumbnailUrl":"https:\/\/www.karaoketexty.cz\/magazin\/wp-content\/uploads\/2025\/08\/Madonna-zpevacka.jpg","keywords":["Eminem","Grammy","hip hop","kontroverze","Madonna","medi\u00e1ln\u00ed pozornost","popov\u00e1 ikona","rap","svoboda projevu"],"articleSection":["Celebrity"],"inLanguage":"cs","potentialAction":[{"@type":"CommentAction","name":"Comment","target":["https:\/\/www.karaoketexty.cz\/magazin\/zapomenuty-svet-popu-a-rapu-v-roce-2001-madonna-se-kdysi-postavila-za-eminema-ktery-to-schytaval-za-sve-texty\/#respond"]}]},{"@type":"WebPage","@id":"https:\/\/www.karaoketexty.cz\/magazin\/zapomenuty-svet-popu-a-rapu-v-roce-2001-madonna-se-kdysi-postavila-za-eminema-ktery-to-schytaval-za-sve-texty\/","url":"https:\/\/www.karaoketexty.cz\/magazin\/zapomenuty-svet-popu-a-rapu-v-roce-2001-madonna-se-kdysi-postavila-za-eminema-ktery-to-schytaval-za-sve-texty\/","name":"Madonna se kdysi postavila za Eminema","isPartOf":{"@id":"https:\/\/www.karaoketexty.cz\/magazin\/#website"},"primaryImageOfPage":{"@id":"https:\/\/www.karaoketexty.cz\/magazin\/zapomenuty-svet-popu-a-rapu-v-roce-2001-madonna-se-kdysi-postavila-za-eminema-ktery-to-schytaval-za-sve-texty\/#primaryimage"},"image":{"@id":"https:\/\/www.karaoketexty.cz\/magazin\/zapomenuty-svet-popu-a-rapu-v-roce-2001-madonna-se-kdysi-postavila-za-eminema-ktery-to-schytaval-za-sve-texty\/#primaryimage"},"thumbnailUrl":"https:\/\/www.karaoketexty.cz\/magazin\/wp-content\/uploads\/2025\/08\/Madonna-zpevacka.jpg","datePublished":"2026-03-13T12:46:00+00:00","author":{"@id":"https:\/\/www.karaoketexty.cz\/magazin\/#\/schema\/person\/37c0164a04038267c8a56ad6d60df749"},"description":"N\u011bkdy i na poli um\u011blc\u016f vznikne situace, kterou by nikdo ne\u010dekal. V\u00edc jak 20 let zp\u011bt se Eminema zastala slavn\u00e1 popov\u00e1 ikona.","breadcrumb":{"@id":"https:\/\/www.karaoketexty.cz\/magazin\/zapomenuty-svet-popu-a-rapu-v-roce-2001-madonna-se-kdysi-postavila-za-eminema-ktery-to-schytaval-za-sve-texty\/#breadcrumb"},"inLanguage":"cs","potentialAction":[{"@type":"ReadAction","target":["https:\/\/www.karaoketexty.cz\/magazin\/zapomenuty-svet-popu-a-rapu-v-roce-2001-madonna-se-kdysi-postavila-za-eminema-ktery-to-schytaval-za-sve-texty\/"]}]},{"@type":"ImageObject","inLanguage":"cs","@id":"https:\/\/www.karaoketexty.cz\/magazin\/zapomenuty-svet-popu-a-rapu-v-roce-2001-madonna-se-kdysi-postavila-za-eminema-ktery-to-schytaval-za-sve-texty\/#primaryimage","url":"https:\/\/www.karaoketexty.cz\/magazin\/wp-content\/uploads\/2025\/08\/Madonna-zpevacka.jpg","contentUrl":"https:\/\/www.karaoketexty.cz\/magazin\/wp-content\/uploads\/2025\/08\/Madonna-zpevacka.jpg","width":1200,"height":700,"caption":"Foto: chrisweger \/ Creative Commons \/ CC BY-SA 2.0, Madonna b\u011bhem turn\u00e9 Rebel Heart 2015 ve Stockholmu"},{"@type":"BreadcrumbList","@id":"https:\/\/www.karaoketexty.cz\/magazin\/zapomenuty-svet-popu-a-rapu-v-roce-2001-madonna-se-kdysi-postavila-za-eminema-ktery-to-schytaval-za-sve-texty\/#breadcrumb","itemListElement":[{"@type":"ListItem","position":1,"name":"Dom\u016f","item":"https:\/\/www.karaoketexty.cz\/magazin\/"},{"@type":"ListItem","position":2,"name":"Zapomenut\u00fd sv\u011bt popu a rapu v roce 2001: Madonna se kdysi postavila za Eminema, kter\u00fd to schyt\u00e1val za sv\u00e9 texty"}]},{"@type":"WebSite","@id":"https:\/\/www.karaoketexty.cz\/magazin\/#website","url":"https:\/\/www.karaoketexty.cz\/magazin\/","name":"Stars Magaz\u00edn Karaoketexty.cz","description":"Stars Magaz\u00edn na Karaoketexty.cz je zam\u011b\u0159en\u00fd na novinky ze sv\u011bta hudby a celebrit. Obsahuje \u010dl\u00e1nky o zp\u011bv\u00e1c\u00edch, kapel\u00e1ch, nov\u00fdch albech, hudebn\u00edch trendech a dal\u0161\u00edch zaj\u00edmavostech z hudebn\u00edho pr\u016fmyslu.","potentialAction":[{"@type":"SearchAction","target":{"@type":"EntryPoint","urlTemplate":"https:\/\/www.karaoketexty.cz\/magazin\/?s={search_term_string}"},"query-input":{"@type":"PropertyValueSpecification","valueRequired":true,"valueName":"search_term_string"}}],"inLanguage":"cs"},{"@type":"Person","@id":"https:\/\/www.karaoketexty.cz\/magazin\/#\/schema\/person\/37c0164a04038267c8a56ad6d60df749","name":"Barbora Kop\u0159ivov\u00e1","image":{"@type":"ImageObject","inLanguage":"cs","@id":"https:\/\/secure.gravatar.com\/avatar\/ad2ef9810228386d580851ef4bdde76abaa96054ff5b068c8873bc91afb2df84?s=96&d=mm&r=g","url":"https:\/\/secure.gravatar.com\/avatar\/ad2ef9810228386d580851ef4bdde76abaa96054ff5b068c8873bc91afb2df84?s=96&d=mm&r=g","contentUrl":"https:\/\/secure.gravatar.com\/avatar\/ad2ef9810228386d580851ef4bdde76abaa96054ff5b068c8873bc91afb2df84?s=96&d=mm&r=g","caption":"Barbora Kop\u0159ivov\u00e1"},"url":"https:\/\/www.karaoketexty.cz\/magazin\/author\/barborakoprivova\/"}]}},"_links":{"self":[{"href":"https:\/\/www.karaoketexty.cz\/magazin\/wp-json\/wp\/v2\/posts\/8881","targetHints":{"allow":["GET"]}}],"collection":[{"href":"https:\/\/www.karaoketexty.cz\/magazin\/wp-json\/wp\/v2\/posts"}],"about":[{"href":"https:\/\/www.karaoketexty.cz\/magazin\/wp-json\/wp\/v2\/types\/post"}],"author":[{"embeddable":true,"href":"https:\/\/www.karaoketexty.cz\/magazin\/wp-json\/wp\/v2\/users\/4"}],"replies":[{"embeddable":true,"href":"https:\/\/www.karaoketexty.cz\/magazin\/wp-json\/wp\/v2\/comments?post=8881"}],"version-history":[{"count":3,"href":"https:\/\/www.karaoketexty.cz\/magazin\/wp-json\/wp\/v2\/posts\/8881\/revisions"}],"predecessor-version":[{"id":9079,"href":"https:\/\/www.karaoketexty.cz\/magazin\/wp-json\/wp\/v2\/posts\/8881\/revisions\/9079"}],"wp:featuredmedia":[{"embeddable":true,"href":"https:\/\/www.karaoketexty.cz\/magazin\/wp-json\/wp\/v2\/media\/2348"}],"wp:attachment":[{"href":"https:\/\/www.karaoketexty.cz\/magazin\/wp-json\/wp\/v2\/media?parent=8881"}],"wp:term":[{"taxonomy":"category","embeddable":true,"href":"https:\/\/www.karaoketexty.cz\/magazin\/wp-json\/wp\/v2\/categories?post=8881"},{"taxonomy":"post_tag","embeddable":true,"href":"https:\/\/www.karaoketexty.cz\/magazin\/wp-json\/wp\/v2\/tags?post=8881"}],"curies":[{"name":"wp","href":"https:\/\/api.w.org\/{rel}","templated":true}]}}