{"id":8870,"date":"2026-03-12T11:09:00","date_gmt":"2026-03-12T10:09:00","guid":{"rendered":"https:\/\/www.karaoketexty.cz\/magazin\/?p=8870"},"modified":"2026-03-09T11:56:05","modified_gmt":"2026-03-09T10:56:05","slug":"jason-derulo-v-praze-roztancil-fanousky-jeste-pred-koncertem-velkolepa-show-zacala-uz-venku","status":"publish","type":"post","link":"https:\/\/www.karaoketexty.cz\/magazin\/jason-derulo-v-praze-roztancil-fanousky-jeste-pred-koncertem-velkolepa-show-zacala-uz-venku\/","title":{"rendered":"Jason Derulo v Praze roztan\u010dil fanou\u0161ky je\u0161t\u011b p\u0159ed koncertem: Velkolep\u00e1 show za\u010dala u\u017e venku"},"content":{"rendered":"\n<p><strong>Americk\u00e1 hv\u011bzda rozproudila O2 arenu velkolepou show. Je\u0161t\u011b p\u0159edt\u00edm ale ne\u010dekan\u011b zatancovala na ulici mezi lidmi.<\/strong><\/p>\n\n\n\n<p>Jason Derulo se vr\u00e1til do Prahy a jeho p\u0159\u00edjezd prov\u00e1zela sm\u011bs nad\u0161en\u00ed od p\u0159edn\u00edch fanou\u0161k\u016f, ale z\u00e1rove\u0148 i vlna nepochopen\u00ed, jak jsme si v redakci Karaoketexty.cz v\u0161imli. Koncert v O2 aren\u011b, kter\u00fd prob\u011bhl 2. b\u0159ezna 2026, uk\u00e1zal interpreta ve \u0161pi\u010dkov\u00e9 form\u011b, jak tane\u010dn\u011b, p\u011bvecky, tak i produk\u010dn\u011b. O to p\u0159ekvapiv\u011bj\u0161\u00ed tedy bylo, \u017ee ani tentokr\u00e1t nebyla hala zapln\u011bn\u00e1 do posledn\u00edho m\u00edsta.<\/p>\n\n\n<!-- karaoketexty.cz \/ rectangle2 -->\n<div id=\"PX_37086_709110796310826\"><\/div>\n<script>\n   if(!useMobileAds && !boolUseSeznamAds && !hideAllAds){\n     window.px2 = window.px2 || { conf: {},queue: [] };\n     px2.queue.push(function () {\n        px2.render({\n           slot: {\n              id: 37086\n           },\n            elem: \"PX_37086_709110796310826\"\n        })\n     });\n  }\n<\/script>\n\n<!-- karaoketexty.cz \/ mobile-rectangle3 -->\n<div id=\"PX_37044_714599773297004\"><\/div>\n<script>\n   if(useMobileAds && !boolUseSeznamAds && !hideAllAds){\nwindow.px2 = window.px2 || { conf: {},queue: [] };\npx2.queue.push(function () {\n\tpx2.render({\n\t\tslot: {\n\t\t\tid: 37044\n\t\t},\n\t\telem: \"PX_37044_714599773297004\"\n\t})\n});\n}\n<\/script>\n\n\n<h2 class=\"wp-block-heading\">Show za\u010dala u\u017e na ulici<\/h2>\n\n\n\n<p>Je\u0161t\u011b p\u0159ed samotn\u00fdm vystoupen\u00edm Derulo uk\u00e1zal, \u017ee kontakt s fanou\u0161ky je pro n\u011bj z\u00e1kladem pr\u00e1ce. P\u0159ed koncertem se objevil venku mezi lidmi a za doprovodu tane\u010dn\u00edk\u016f spont\u00e1nn\u011b rozjel kr\u00e1tkou show. N\u00e1hodn\u00ed kolemjdouc\u00ed nejprve netu\u0161ili, co se d\u011bje. Zp\u011bv\u00e1k se nen\u00e1padn\u011b pohyboval v davu s kapuc\u00ed na hlav\u011b, ne\u017e odstartovala energick\u00e1 choreografie. Podobn\u00fdmi momenty d\u00e1v\u00e1 najevo, \u017ee mu na fanou\u0161c\u00edch z\u00e1le\u017e\u00ed a \u017ee jeho s\u00edla nespo\u010d\u00edv\u00e1 jen ve velk\u00fdch p\u00f3di\u00edch, ale i v bezprost\u0159ednosti.<\/p>\n\n\n\n<p>Samotn\u00fd ve\u010der v hale pak odstartoval s drobn\u00fdm zpo\u017ed\u011bn\u00edm. Jakmile se v\u0161ak odkryla sc\u00e9na s \u017eivou kapelou a dvan\u00e1cti tane\u010dn\u00edky, prom\u011bnil se prostor v rozjet\u00fd klub ob\u0159\u00edch rozm\u011br\u016f. Zvukov\u00e9 pot\u00ed\u017ee, kter\u00e9 kdysi komplikovaly jeho pra\u017esk\u00e9 vystoupen\u00ed a psal o nich MusicServer, se tentokr\u00e1t nekonaly. V\u0161e b\u011b\u017eelo hladce a od prvn\u00edch song\u016f bylo jasn\u00e9, \u017ee p\u016fjde o dvouhodinovou j\u00edzdu.<\/p>\n\n\n<!-- karaoketexty.cz \/ interscroller1 -->\n\n<div id=\"PX_37041_825057871452834\"><\/div>\n<script>\nif(useMobileAds && !boolUseSeznamAds && !hideAllAds){\n\twindow.px2 = window.px2 || { conf: {},queue: [] };\n\tpx2.queue.push(function () {\n\t\tpx2.render({\n\t\t\tslot: {\n\t\t\t\tid: 37041\n\t\t\t},\n\t\t\telem: \"PX_37041_825057871452834\"\n\t\t})\n\t});\n}\n<\/script>\n\n\n<h2 class=\"wp-block-heading\">Technick\u00e1 dokonalost i tane\u010dn\u00ed maraton<\/h2>\n\n\n\n<p>Derulo vsadil na propracovanou vizu\u00e1ln\u00ed str\u00e1nku vystoupen\u00ed. V\u00edce\u00farov\u0148ov\u00e9 p\u00f3dium se m\u011bnilo p\u0159ed o\u010dima. Jednou p\u0159ipom\u00ednalo d\u017eungli, podruh\u00e9 kancel\u00e1\u0159 nebo sc\u00e9nu se sope\u010dn\u00fdmi motivy. Plameny, jiskry i konfety byly na\u010dasov\u00e1ny naprosto p\u0159esn\u011b a sv\u011bteln\u00e9 efekty pracovaly spole\u010dn\u011b s choreografi\u00ed, popsal iReport.<\/p>\n\n\n\n<blockquote class=\"instagram-media\" data-instgrm-captioned data-instgrm-permalink=\"https:\/\/www.instagram.com\/reel\/DVbtA-_DUVW\/?utm_source=ig_embed&amp;utm_campaign=loading\" data-instgrm-version=\"14\" style=\" background:#FFF; border:0; border-radius:3px; box-shadow:0 0 1px 0 rgba(0,0,0,0.5),0 1px 10px 0 rgba(0,0,0,0.15); margin: 1px; max-width:540px; min-width:326px; padding:0; width:99.375%; width:-webkit-calc(100% - 2px); width:calc(100% - 2px);\"><div style=\"padding:16px;\"> <a href=\"https:\/\/www.instagram.com\/reel\/DVbtA-_DUVW\/?utm_source=ig_embed&amp;utm_campaign=loading\" style=\" background:#FFFFFF; line-height:0; padding:0 0; text-align:center; text-decoration:none; width:100%;\" target=\"_blank\"> <div style=\" display: flex; flex-direction: row; align-items: center;\"> <div style=\"background-color: #F4F4F4; border-radius: 50%; flex-grow: 0; height: 40px; margin-right: 14px; width: 40px;\"><\/div> <div style=\"display: flex; flex-direction: column; flex-grow: 1; justify-content: center;\"> <div style=\" background-color: #F4F4F4; border-radius: 4px; flex-grow: 0; height: 14px; margin-bottom: 6px; width: 100px;\"><\/div> <div style=\" background-color: #F4F4F4; border-radius: 4px; flex-grow: 0; height: 14px; width: 60px;\"><\/div><\/div><\/div><div style=\"padding: 19% 0;\"><\/div> <div style=\"display:block; height:50px; margin:0 auto 12px; width:50px;\"><svg width=\"50px\" height=\"50px\" viewBox=\"0 0 60 60\" version=\"1.1\" xmlns=\"https:\/\/www.w3.org\/2000\/svg\" xmlns:xlink=\"https:\/\/www.w3.org\/1999\/xlink\"><g stroke=\"none\" stroke-width=\"1\" fill=\"none\" fill-rule=\"evenodd\"><g transform=\"translate(-511.000000, -20.000000)\" fill=\"#000000\"><g><path d=\"M556.869,30.41 C554.814,30.41 553.148,32.076 553.148,34.131 C553.148,36.186 554.814,37.852 556.869,37.852 C558.924,37.852 560.59,36.186 560.59,34.131 C560.59,32.076 558.924,30.41 556.869,30.41 M541,60.657 C535.114,60.657 530.342,55.887 530.342,50 C530.342,44.114 535.114,39.342 541,39.342 C546.887,39.342 551.658,44.114 551.658,50 C551.658,55.887 546.887,60.657 541,60.657 M541,33.886 C532.1,33.886 524.886,41.1 524.886,50 C524.886,58.899 532.1,66.113 541,66.113 C549.9,66.113 557.115,58.899 557.115,50 C557.115,41.1 549.9,33.886 541,33.886 M565.378,62.101 C565.244,65.022 564.756,66.606 564.346,67.663 C563.803,69.06 563.154,70.057 562.106,71.106 C561.058,72.155 560.06,72.803 558.662,73.347 C557.607,73.757 556.021,74.244 553.102,74.378 C549.944,74.521 548.997,74.552 541,74.552 C533.003,74.552 532.056,74.521 528.898,74.378 C525.979,74.244 524.393,73.757 523.338,73.347 C521.94,72.803 520.942,72.155 519.894,71.106 C518.846,70.057 518.197,69.06 517.654,67.663 C517.244,66.606 516.755,65.022 516.623,62.101 C516.479,58.943 516.448,57.996 516.448,50 C516.448,42.003 516.479,41.056 516.623,37.899 C516.755,34.978 517.244,33.391 517.654,32.338 C518.197,30.938 518.846,29.942 519.894,28.894 C520.942,27.846 521.94,27.196 523.338,26.654 C524.393,26.244 525.979,25.756 528.898,25.623 C532.057,25.479 533.004,25.448 541,25.448 C548.997,25.448 549.943,25.479 553.102,25.623 C556.021,25.756 557.607,26.244 558.662,26.654 C560.06,27.196 561.058,27.846 562.106,28.894 C563.154,29.942 563.803,30.938 564.346,32.338 C564.756,33.391 565.244,34.978 565.378,37.899 C565.522,41.056 565.552,42.003 565.552,50 C565.552,57.996 565.522,58.943 565.378,62.101 M570.82,37.631 C570.674,34.438 570.167,32.258 569.425,30.349 C568.659,28.377 567.633,26.702 565.965,25.035 C564.297,23.368 562.623,22.342 560.652,21.575 C558.743,20.834 556.562,20.326 553.369,20.18 C550.169,20.033 549.148,20 541,20 C532.853,20 531.831,20.033 528.631,20.18 C525.438,20.326 523.257,20.834 521.349,21.575 C519.376,22.342 517.703,23.368 516.035,25.035 C514.368,26.702 513.342,28.377 512.574,30.349 C511.834,32.258 511.326,34.438 511.181,37.631 C511.035,40.831 511,41.851 511,50 C511,58.147 511.035,59.17 511.181,62.369 C511.326,65.562 511.834,67.743 512.574,69.651 C513.342,71.625 514.368,73.296 516.035,74.965 C517.703,76.634 519.376,77.658 521.349,78.425 C523.257,79.167 525.438,79.673 528.631,79.82 C531.831,79.965 532.853,80.001 541,80.001 C549.148,80.001 550.169,79.965 553.369,79.82 C556.562,79.673 558.743,79.167 560.652,78.425 C562.623,77.658 564.297,76.634 565.965,74.965 C567.633,73.296 568.659,71.625 569.425,69.651 C570.167,67.743 570.674,65.562 570.82,62.369 C570.966,59.17 571,58.147 571,50 C571,41.851 570.966,40.831 570.82,37.631\"><\/path><\/g><\/g><\/g><\/svg><\/div><div style=\"padding-top: 8px;\"> <div style=\" color:#3897f0; font-family:Arial,sans-serif; font-size:14px; font-style:normal; font-weight:550; line-height:18px;\">Zobrazit p\u0159\u00edsp\u011bvek na Instagramu<\/div><\/div><div style=\"padding: 12.5% 0;\"><\/div> <div style=\"display: flex; flex-direction: row; margin-bottom: 14px; align-items: center;\"><div> <div style=\"background-color: #F4F4F4; border-radius: 50%; height: 12.5px; width: 12.5px; transform: translateX(0px) translateY(7px);\"><\/div> <div style=\"background-color: #F4F4F4; height: 12.5px; transform: rotate(-45deg) translateX(3px) translateY(1px); width: 12.5px; flex-grow: 0; margin-right: 14px; margin-left: 2px;\"><\/div> <div style=\"background-color: #F4F4F4; border-radius: 50%; height: 12.5px; width: 12.5px; transform: translateX(9px) translateY(-18px);\"><\/div><\/div><div style=\"margin-left: 8px;\"> <div style=\" background-color: #F4F4F4; border-radius: 50%; flex-grow: 0; height: 20px; width: 20px;\"><\/div> <div style=\" width: 0; height: 0; border-top: 2px solid transparent; border-left: 6px solid #f4f4f4; border-bottom: 2px solid transparent; transform: translateX(16px) translateY(-4px) rotate(30deg)\"><\/div><\/div><div style=\"margin-left: auto;\"> <div style=\" width: 0px; border-top: 8px solid #F4F4F4; border-right: 8px solid transparent; transform: translateY(16px);\"><\/div> <div style=\" background-color: #F4F4F4; flex-grow: 0; height: 12px; width: 16px; transform: translateY(-4px);\"><\/div> <div style=\" width: 0; height: 0; border-top: 8px solid #F4F4F4; border-left: 8px solid transparent; transform: translateY(-4px) translateX(8px);\"><\/div><\/div><\/div> <div style=\"display: flex; flex-direction: column; flex-grow: 1; justify-content: center; margin-bottom: 24px;\"> <div style=\" background-color: #F4F4F4; border-radius: 4px; flex-grow: 0; height: 14px; margin-bottom: 6px; width: 224px;\"><\/div> <div style=\" background-color: #F4F4F4; border-radius: 4px; flex-grow: 0; height: 14px; width: 144px;\"><\/div><\/div><\/a><p style=\" color:#c9c8cd; font-family:Arial,sans-serif; font-size:14px; line-height:17px; margin-bottom:0; margin-top:8px; overflow:hidden; padding:8px 0 7px; text-align:center; text-overflow:ellipsis; white-space:nowrap;\"><a href=\"https:\/\/www.instagram.com\/reel\/DVbtA-_DUVW\/?utm_source=ig_embed&amp;utm_campaign=loading\" style=\" color:#c9c8cd; font-family:Arial,sans-serif; font-size:14px; font-style:normal; font-weight:normal; line-height:17px; text-decoration:none;\" target=\"_blank\">P\u0159\u00edsp\u011bvek sd\u00edlen\u00fd Sabina P\u0161\u00e1dov\u00e1 (@sabbpsadova)<\/a><\/p><\/div><\/blockquote>\n<script async src=\"\/\/www.instagram.com\/embed.js\"><\/script>\n\n\n\n<p>Zazn\u011bly star\u0161\u00ed hity jako \u201eWhatcha Say\u201c, \u201eIn My Head\u201c \u010di \u201eRidin&#8216; Solo\u201c, ale i nov\u011bj\u0161\u00ed skladby v\u010detn\u011b materi\u00e1lu z leto\u0161n\u00edho EP The Last Dance (Part 1). Publikum ocenilo i klav\u00edrn\u00ed z\u00e1v\u011br \u201eSavage Love\u201c nebo energickou \u201eTrumpets\u201c. P\u0159esto\u017ee zp\u011bv\u00e1k m\u00edsty vyu\u017eil half-playback \u010di autotune, bylo z\u0159ejm\u00e9, \u017ee jde sp\u00ed\u0161e o nutnost p\u0159i fyzicky n\u00e1ro\u010dn\u00fdch tane\u010dn\u00edch \u010d\u00edslech ne\u017e o berli\u010dku. Je proto a\u017e s podivem, \u017ee takto komplexn\u00ed a dota\u017een\u00e9 vystoupen\u00ed nep\u0159it\u00e1hlo v\u00edce div\u00e1k\u016f. Ve srovn\u00e1n\u00ed s jin\u00fdmi, m\u00e9n\u011b propracovan\u00fdmi produkcemi by si Derulo bez debat zaslou\u017eil vyprodanou halu.<\/p>\n\n\n\n<h2 class=\"wp-block-heading\">Kdo je Jason Derulo<\/h2>\n\n\n\n<p>Rodn\u00fdm jm\u00e9nem Jason Joel Desrouleaux, narozen\u00fd v Miramaru na Florid\u011b, je americk\u00fd zp\u011bv\u00e1k, skladatel a tane\u010dn\u00edk haitsk\u00e9ho p\u016fvodu. Um\u011bleck\u00e9 p\u0159\u00edjmen\u00ed si upravil kv\u016fli snaz\u0161\u00ed v\u00fdslovnosti. S hudbou za\u010d\u00ednal velmi brzy. Prvn\u00ed skladbu napsal u\u017e jako d\u00edt\u011b a studoval operu, divadlo i balet, co\u017e je na jeho pohybov\u00e9 pr\u016fprav\u011b dodnes patrn\u00e9.<\/p>\n\n\n\n<p>Pr\u016flom p\u0159i\u0161el se singlem \u201eWhatcha Say\u201c v roce 2009, kter\u00fd produkoval JR Rotem z labelu Beluga Heights Records. Debutov\u00e9 album Jason Derulo nab\u00eddlo i hity \u201eIn My Head\u201c \u010di \u201eRidin&#8216; Solo\u201c. N\u00e1sledovala deska Future History s \u00fasp\u011b\u0161n\u00fdmi singly \u201eIt Girl\u201c nebo \u201eDon&#8217;t Wanna Go Home\u201c. V dal\u0161\u00edch letech upevnil pozici albem Tattoos\/Talk Dirty a pozd\u011bji Everything Is 4, kde zaujal skladbami \u201eWant To Want Me\u201c \u010di \u201eCheyenne\u201c.<\/p>\n\n\n\n<p>Zdroj: Autorsk\u00fd text, <a href=\"https:\/\/cs.wikipedia.org\/wiki\/Jason_Derulo\" target=\"_blank\" rel=\"noreferrer noopener nofollow\">Wikipedie<\/a>, <a href=\"https:\/\/musicserver.cz\/clanek\/73294\/jason-derulo-afro-b-o2-arena-praha-24-3-2024\/\" target=\"_blank\" rel=\"noreferrer noopener nofollow\">MusicServer<\/a>, <a href=\"https:\/\/www.ireport.cz\/clanky\/recenze\/live-bombasticky-jason-derulo-v-praze-delal-stojky-a-zpival-do-roztrhani-tela\" target=\"_blank\" rel=\"noreferrer noopener nofollow\">iReport<\/a>, <a href=\"https:\/\/www.instagram.com\/sabbpsadova\/reels\/\" target=\"_blank\" rel=\"noreferrer noopener nofollow\">Instagram sabbpsadova<\/a><\/p>\n\n\n            <a href=\"https:\/\/www.karaoketexty.cz\/magazin\/osmnactileta-ceska-zpevacka-thera-predskakuje-svetove-hvezde-vyrazi-na-turne-s-jasonem-derulo\/\" class=\"related-post-link\">\n                <div class=\"post-thumbnail\">\n                    <img decoding=\"async\" width=\"250\" height=\"141\" src=\"https:\/\/www.karaoketexty.cz\/magazin\/wp-content\/uploads\/2025\/05\/Jason-Derulo.avif\" class=\"attachment-250x180 size-250x180 has-transparency\" alt=\"Fotografie Jasona Derula\" data-has-transparency=\"true\" data-dominant-color=\"5f748f\" style=\"--dominant-color: #5f748f;\" \/>                <\/div>\n                <div class=\"post-details\">\n                    <span class=\"also-read\">\u010ct\u011bte tak\u00e9:<\/span>\n                    <h3 class=\"hed\">Osmn\u00e1ctilet\u00e1 \u010desk\u00e1 zp\u011bva\u010dka Thera p\u0159edskakuje sv\u011btov\u00e9 hv\u011bzd\u011b: Vyr\u00e1\u017e\u00ed na turn\u00e9 s Jasonem Derulo<\/h3>\n                <\/div>\n            <\/a>\n            \n\n            <a href=\"https:\/\/www.karaoketexty.cz\/magazin\/jason-derulo-koncert-praha-listky-predprodej\/\" class=\"related-post-link\">\n                <div class=\"post-thumbnail\">\n                    <img decoding=\"async\" width=\"250\" height=\"131\" src=\"https:\/\/www.karaoketexty.cz\/magazin\/wp-content\/uploads\/2025\/05\/jason-derulo-1.avif\" class=\"attachment-250x180 size-250x180 not-transparent\" alt=\"Fotografie Jasona Derula\" data-has-transparency=\"false\" data-dominant-color=\"9e928e\" style=\"--dominant-color: #9e928e;\" \/>                <\/div>\n                <div class=\"post-details\">\n                    <span class=\"also-read\">\u010ct\u011bte tak\u00e9:<\/span>\n                    <h3 class=\"hed\">Jason Derulo se po 2 letech vrac\u00ed do Prahy a tentokr\u00e1t to bude divok\u00e9. Pra\u017esk\u00e1 O2 arena se bude ot\u0159\u00e1sat<\/h3>\n                <\/div>\n            <\/a>\n            ","protected":false},"excerpt":{"rendered":"<p>Americk\u00e1 hv\u011bzda rozproudila O2 arenu velkolepou show. Je\u0161t\u011b p\u0159edt\u00edm ale ne\u010dekan\u011b zatancovala na ulici mezi lidmi.<\/p>\n","protected":false},"author":5,"featured_media":1297,"comment_status":"open","ping_status":"closed","sticky":false,"template":"","format":"standard","meta":{"_yoast_wpseo_title":"Jason Derulo byl v Praze. Dokonce zatancoval p\u0159\u00edmo na ulici!","_yoast_wpseo_metadesc":"Americk\u00e1 hv\u011bzda rozproudila O2 arenu velkolepou show. Je\u0161t\u011b p\u0159edt\u00edm ale ne\u010dekan\u011b zatancovala na ulici mezi lidmi.","footnotes":""},"categories":[1059],"tags":[1248,485,698,663,392,6472,265,563,406,116,539,871],"class_list":["post-8870","post","type-post","status-publish","format-standard","has-post-thumbnail","hentry","category-celebrity","tag-americky-zpevak","tag-ep","tag-fanousci","tag-hudebni-koncert","tag-hudebni-show","tag-jason-derulo","tag-koncert-jason-derulo","tag-o2-arena","tag-pop","tag-rb","tag-socialni-site","tag-tanecni-vystoupeni"],"yoast_head":"<!-- This site is optimized with the Yoast SEO plugin v27.5 - https:\/\/yoast.com\/product\/yoast-seo-wordpress\/ -->\n<title>Jason Derulo byl v Praze. Dokonce zatancoval p\u0159\u00edmo na ulici!<\/title>\n<meta name=\"description\" content=\"Americk\u00e1 hv\u011bzda rozproudila O2 arenu velkolepou show. Je\u0161t\u011b p\u0159edt\u00edm ale ne\u010dekan\u011b zatancovala na ulici mezi lidmi.\" \/>\n<meta name=\"robots\" content=\"index, follow, max-snippet:-1, max-image-preview:large, max-video-preview:-1\" \/>\n<link rel=\"canonical\" href=\"https:\/\/www.karaoketexty.cz\/magazin\/jason-derulo-v-praze-roztancil-fanousky-jeste-pred-koncertem-velkolepa-show-zacala-uz-venku\/\" \/>\n<meta property=\"og:locale\" content=\"cs_CZ\" \/>\n<meta property=\"og:type\" content=\"article\" \/>\n<meta property=\"og:title\" content=\"Jason Derulo byl v Praze. Dokonce zatancoval p\u0159\u00edmo na ulici!\" \/>\n<meta property=\"og:description\" content=\"Americk\u00e1 hv\u011bzda rozproudila O2 arenu velkolepou show. Je\u0161t\u011b p\u0159edt\u00edm ale ne\u010dekan\u011b zatancovala na ulici mezi lidmi.\" \/>\n<meta property=\"og:url\" content=\"https:\/\/www.karaoketexty.cz\/magazin\/jason-derulo-v-praze-roztancil-fanousky-jeste-pred-koncertem-velkolepa-show-zacala-uz-venku\/\" \/>\n<meta property=\"og:site_name\" content=\"Stars Magaz\u00edn Karaoketexty.cz\" \/>\n<meta property=\"article:published_time\" content=\"2026-03-12T10:09:00+00:00\" \/>\n<meta property=\"og:image\" content=\"https:\/\/www.karaoketexty.cz\/magazin\/wp-content\/uploads\/2025\/05\/jason-derulo-1.avif\" \/>\n\t<meta property=\"og:image:width\" content=\"1200\" \/>\n\t<meta property=\"og:image:height\" content=\"630\" \/>\n\t<meta property=\"og:image:type\" content=\"image\/jpeg\" \/>\n<meta name=\"author\" content=\"Veronika \u0160imkov\u00e1\" \/>\n<meta name=\"twitter:card\" content=\"summary_large_image\" \/>\n<meta name=\"twitter:label1\" content=\"Napsal(a)\" \/>\n\t<meta name=\"twitter:data1\" content=\"Veronika \u0160imkov\u00e1\" \/>\n\t<meta name=\"twitter:label2\" content=\"Odhadovan\u00e1 doba \u010dten\u00ed\" \/>\n\t<meta name=\"twitter:data2\" content=\"3 minuty\" \/>\n<script type=\"application\/ld+json\" class=\"yoast-schema-graph\">{\"@context\":\"https:\\\/\\\/schema.org\",\"@graph\":[{\"@type\":\"Article\",\"@id\":\"https:\\\/\\\/www.karaoketexty.cz\\\/magazin\\\/jason-derulo-v-praze-roztancil-fanousky-jeste-pred-koncertem-velkolepa-show-zacala-uz-venku\\\/#article\",\"isPartOf\":{\"@id\":\"https:\\\/\\\/www.karaoketexty.cz\\\/magazin\\\/jason-derulo-v-praze-roztancil-fanousky-jeste-pred-koncertem-velkolepa-show-zacala-uz-venku\\\/\"},\"author\":{\"name\":\"Veronika \u0160imkov\u00e1\",\"@id\":\"https:\\\/\\\/www.karaoketexty.cz\\\/magazin\\\/#\\\/schema\\\/person\\\/03220d610ed4cba378a72bac3443f821\"},\"headline\":\"Jason Derulo v Praze roztan\u010dil fanou\u0161ky je\u0161t\u011b p\u0159ed koncertem: Velkolep\u00e1 show za\u010dala u\u017e venku\",\"datePublished\":\"2026-03-12T10:09:00+00:00\",\"mainEntityOfPage\":{\"@id\":\"https:\\\/\\\/www.karaoketexty.cz\\\/magazin\\\/jason-derulo-v-praze-roztancil-fanousky-jeste-pred-koncertem-velkolepa-show-zacala-uz-venku\\\/\"},\"wordCount\":666,\"commentCount\":0,\"image\":{\"@id\":\"https:\\\/\\\/www.karaoketexty.cz\\\/magazin\\\/jason-derulo-v-praze-roztancil-fanousky-jeste-pred-koncertem-velkolepa-show-zacala-uz-venku\\\/#primaryimage\"},\"thumbnailUrl\":\"https:\\\/\\\/www.karaoketexty.cz\\\/magazin\\\/wp-content\\\/uploads\\\/2025\\\/05\\\/jason-derulo-1.avif\",\"keywords\":[\"americk\u00fd zp\u011bv\u00e1k\",\"EP\",\"fanou\u0161ci\",\"hudebn\u00ed koncert\",\"hudebn\u00ed show\",\"Jason Derulo\",\"Koncert Jason Derulo\",\"O2 arena\",\"pop\",\"R&amp;B\",\"soci\u00e1ln\u00ed s\u00edt\u011b\",\"tane\u010dn\u00ed vystoupen\u00ed\"],\"articleSection\":[\"Celebrity\"],\"inLanguage\":\"cs\",\"potentialAction\":[{\"@type\":\"CommentAction\",\"name\":\"Comment\",\"target\":[\"https:\\\/\\\/www.karaoketexty.cz\\\/magazin\\\/jason-derulo-v-praze-roztancil-fanousky-jeste-pred-koncertem-velkolepa-show-zacala-uz-venku\\\/#respond\"]}]},{\"@type\":\"WebPage\",\"@id\":\"https:\\\/\\\/www.karaoketexty.cz\\\/magazin\\\/jason-derulo-v-praze-roztancil-fanousky-jeste-pred-koncertem-velkolepa-show-zacala-uz-venku\\\/\",\"url\":\"https:\\\/\\\/www.karaoketexty.cz\\\/magazin\\\/jason-derulo-v-praze-roztancil-fanousky-jeste-pred-koncertem-velkolepa-show-zacala-uz-venku\\\/\",\"name\":\"Jason Derulo byl v Praze. Dokonce zatancoval p\u0159\u00edmo na ulici!\",\"isPartOf\":{\"@id\":\"https:\\\/\\\/www.karaoketexty.cz\\\/magazin\\\/#website\"},\"primaryImageOfPage\":{\"@id\":\"https:\\\/\\\/www.karaoketexty.cz\\\/magazin\\\/jason-derulo-v-praze-roztancil-fanousky-jeste-pred-koncertem-velkolepa-show-zacala-uz-venku\\\/#primaryimage\"},\"image\":{\"@id\":\"https:\\\/\\\/www.karaoketexty.cz\\\/magazin\\\/jason-derulo-v-praze-roztancil-fanousky-jeste-pred-koncertem-velkolepa-show-zacala-uz-venku\\\/#primaryimage\"},\"thumbnailUrl\":\"https:\\\/\\\/www.karaoketexty.cz\\\/magazin\\\/wp-content\\\/uploads\\\/2025\\\/05\\\/jason-derulo-1.avif\",\"datePublished\":\"2026-03-12T10:09:00+00:00\",\"author\":{\"@id\":\"https:\\\/\\\/www.karaoketexty.cz\\\/magazin\\\/#\\\/schema\\\/person\\\/03220d610ed4cba378a72bac3443f821\"},\"description\":\"Americk\u00e1 hv\u011bzda rozproudila O2 arenu velkolepou show. Je\u0161t\u011b p\u0159edt\u00edm ale ne\u010dekan\u011b zatancovala na ulici mezi lidmi.\",\"breadcrumb\":{\"@id\":\"https:\\\/\\\/www.karaoketexty.cz\\\/magazin\\\/jason-derulo-v-praze-roztancil-fanousky-jeste-pred-koncertem-velkolepa-show-zacala-uz-venku\\\/#breadcrumb\"},\"inLanguage\":\"cs\",\"potentialAction\":[{\"@type\":\"ReadAction\",\"target\":[\"https:\\\/\\\/www.karaoketexty.cz\\\/magazin\\\/jason-derulo-v-praze-roztancil-fanousky-jeste-pred-koncertem-velkolepa-show-zacala-uz-venku\\\/\"]}]},{\"@type\":\"ImageObject\",\"inLanguage\":\"cs\",\"@id\":\"https:\\\/\\\/www.karaoketexty.cz\\\/magazin\\\/jason-derulo-v-praze-roztancil-fanousky-jeste-pred-koncertem-velkolepa-show-zacala-uz-venku\\\/#primaryimage\",\"url\":\"https:\\\/\\\/www.karaoketexty.cz\\\/magazin\\\/wp-content\\\/uploads\\\/2025\\\/05\\\/jason-derulo-1.avif\",\"contentUrl\":\"https:\\\/\\\/www.karaoketexty.cz\\\/magazin\\\/wp-content\\\/uploads\\\/2025\\\/05\\\/jason-derulo-1.avif\",\"width\":1200,\"height\":630,\"caption\":\"Fotografie: Warner Music New Zealand \\\/ Creative Commons \\\/ Attribution 3.0,\"},{\"@type\":\"BreadcrumbList\",\"@id\":\"https:\\\/\\\/www.karaoketexty.cz\\\/magazin\\\/jason-derulo-v-praze-roztancil-fanousky-jeste-pred-koncertem-velkolepa-show-zacala-uz-venku\\\/#breadcrumb\",\"itemListElement\":[{\"@type\":\"ListItem\",\"position\":1,\"name\":\"Dom\u016f\",\"item\":\"https:\\\/\\\/www.karaoketexty.cz\\\/magazin\\\/\"},{\"@type\":\"ListItem\",\"position\":2,\"name\":\"Jason Derulo v Praze roztan\u010dil fanou\u0161ky je\u0161t\u011b p\u0159ed koncertem: Velkolep\u00e1 show za\u010dala u\u017e venku\"}]},{\"@type\":\"WebSite\",\"@id\":\"https:\\\/\\\/www.karaoketexty.cz\\\/magazin\\\/#website\",\"url\":\"https:\\\/\\\/www.karaoketexty.cz\\\/magazin\\\/\",\"name\":\"Stars Magaz\u00edn Karaoketexty.cz\",\"description\":\"Stars Magaz\u00edn na Karaoketexty.cz je zam\u011b\u0159en\u00fd na novinky ze sv\u011bta hudby a celebrit. Obsahuje \u010dl\u00e1nky o zp\u011bv\u00e1c\u00edch, kapel\u00e1ch, nov\u00fdch albech, hudebn\u00edch trendech a dal\u0161\u00edch zaj\u00edmavostech z hudebn\u00edho pr\u016fmyslu.\",\"potentialAction\":[{\"@type\":\"SearchAction\",\"target\":{\"@type\":\"EntryPoint\",\"urlTemplate\":\"https:\\\/\\\/www.karaoketexty.cz\\\/magazin\\\/?s={search_term_string}\"},\"query-input\":{\"@type\":\"PropertyValueSpecification\",\"valueRequired\":true,\"valueName\":\"search_term_string\"}}],\"inLanguage\":\"cs\"},{\"@type\":\"Person\",\"@id\":\"https:\\\/\\\/www.karaoketexty.cz\\\/magazin\\\/#\\\/schema\\\/person\\\/03220d610ed4cba378a72bac3443f821\",\"name\":\"Veronika \u0160imkov\u00e1\",\"image\":{\"@type\":\"ImageObject\",\"inLanguage\":\"cs\",\"@id\":\"https:\\\/\\\/secure.gravatar.com\\\/avatar\\\/62af9cda83322200aaf20e60d0442fbca254ce18c0ffdcaaf83de31493c941a5?s=96&d=mm&r=g\",\"url\":\"https:\\\/\\\/secure.gravatar.com\\\/avatar\\\/62af9cda83322200aaf20e60d0442fbca254ce18c0ffdcaaf83de31493c941a5?s=96&d=mm&r=g\",\"contentUrl\":\"https:\\\/\\\/secure.gravatar.com\\\/avatar\\\/62af9cda83322200aaf20e60d0442fbca254ce18c0ffdcaaf83de31493c941a5?s=96&d=mm&r=g\",\"caption\":\"Veronika \u0160imkov\u00e1\"},\"url\":\"https:\\\/\\\/www.karaoketexty.cz\\\/magazin\\\/author\\\/veronikasimkova\\\/\"}]}<\/script>\n<!-- \/ Yoast SEO plugin. -->","yoast_head_json":{"title":"Jason Derulo byl v Praze. Dokonce zatancoval p\u0159\u00edmo na ulici!","description":"Americk\u00e1 hv\u011bzda rozproudila O2 arenu velkolepou show. Je\u0161t\u011b p\u0159edt\u00edm ale ne\u010dekan\u011b zatancovala na ulici mezi lidmi.","robots":{"index":"index","follow":"follow","max-snippet":"max-snippet:-1","max-image-preview":"max-image-preview:large","max-video-preview":"max-video-preview:-1"},"canonical":"https:\/\/www.karaoketexty.cz\/magazin\/jason-derulo-v-praze-roztancil-fanousky-jeste-pred-koncertem-velkolepa-show-zacala-uz-venku\/","og_locale":"cs_CZ","og_type":"article","og_title":"Jason Derulo byl v Praze. Dokonce zatancoval p\u0159\u00edmo na ulici!","og_description":"Americk\u00e1 hv\u011bzda rozproudila O2 arenu velkolepou show. Je\u0161t\u011b p\u0159edt\u00edm ale ne\u010dekan\u011b zatancovala na ulici mezi lidmi.","og_url":"https:\/\/www.karaoketexty.cz\/magazin\/jason-derulo-v-praze-roztancil-fanousky-jeste-pred-koncertem-velkolepa-show-zacala-uz-venku\/","og_site_name":"Stars Magaz\u00edn Karaoketexty.cz","article_published_time":"2026-03-12T10:09:00+00:00","og_image":[{"width":1200,"height":630,"url":"https:\/\/www.karaoketexty.cz\/magazin\/wp-content\/uploads\/2025\/05\/jason-derulo-1.avif","type":"image\/jpeg"}],"author":"Veronika \u0160imkov\u00e1","twitter_card":"summary_large_image","twitter_misc":{"Napsal(a)":"Veronika \u0160imkov\u00e1","Odhadovan\u00e1 doba \u010dten\u00ed":"3 minuty"},"schema":{"@context":"https:\/\/schema.org","@graph":[{"@type":"Article","@id":"https:\/\/www.karaoketexty.cz\/magazin\/jason-derulo-v-praze-roztancil-fanousky-jeste-pred-koncertem-velkolepa-show-zacala-uz-venku\/#article","isPartOf":{"@id":"https:\/\/www.karaoketexty.cz\/magazin\/jason-derulo-v-praze-roztancil-fanousky-jeste-pred-koncertem-velkolepa-show-zacala-uz-venku\/"},"author":{"name":"Veronika \u0160imkov\u00e1","@id":"https:\/\/www.karaoketexty.cz\/magazin\/#\/schema\/person\/03220d610ed4cba378a72bac3443f821"},"headline":"Jason Derulo v Praze roztan\u010dil fanou\u0161ky je\u0161t\u011b p\u0159ed koncertem: Velkolep\u00e1 show za\u010dala u\u017e venku","datePublished":"2026-03-12T10:09:00+00:00","mainEntityOfPage":{"@id":"https:\/\/www.karaoketexty.cz\/magazin\/jason-derulo-v-praze-roztancil-fanousky-jeste-pred-koncertem-velkolepa-show-zacala-uz-venku\/"},"wordCount":666,"commentCount":0,"image":{"@id":"https:\/\/www.karaoketexty.cz\/magazin\/jason-derulo-v-praze-roztancil-fanousky-jeste-pred-koncertem-velkolepa-show-zacala-uz-venku\/#primaryimage"},"thumbnailUrl":"https:\/\/www.karaoketexty.cz\/magazin\/wp-content\/uploads\/2025\/05\/jason-derulo-1.avif","keywords":["americk\u00fd zp\u011bv\u00e1k","EP","fanou\u0161ci","hudebn\u00ed koncert","hudebn\u00ed show","Jason Derulo","Koncert Jason Derulo","O2 arena","pop","R&amp;B","soci\u00e1ln\u00ed s\u00edt\u011b","tane\u010dn\u00ed vystoupen\u00ed"],"articleSection":["Celebrity"],"inLanguage":"cs","potentialAction":[{"@type":"CommentAction","name":"Comment","target":["https:\/\/www.karaoketexty.cz\/magazin\/jason-derulo-v-praze-roztancil-fanousky-jeste-pred-koncertem-velkolepa-show-zacala-uz-venku\/#respond"]}]},{"@type":"WebPage","@id":"https:\/\/www.karaoketexty.cz\/magazin\/jason-derulo-v-praze-roztancil-fanousky-jeste-pred-koncertem-velkolepa-show-zacala-uz-venku\/","url":"https:\/\/www.karaoketexty.cz\/magazin\/jason-derulo-v-praze-roztancil-fanousky-jeste-pred-koncertem-velkolepa-show-zacala-uz-venku\/","name":"Jason Derulo byl v Praze. Dokonce zatancoval p\u0159\u00edmo na ulici!","isPartOf":{"@id":"https:\/\/www.karaoketexty.cz\/magazin\/#website"},"primaryImageOfPage":{"@id":"https:\/\/www.karaoketexty.cz\/magazin\/jason-derulo-v-praze-roztancil-fanousky-jeste-pred-koncertem-velkolepa-show-zacala-uz-venku\/#primaryimage"},"image":{"@id":"https:\/\/www.karaoketexty.cz\/magazin\/jason-derulo-v-praze-roztancil-fanousky-jeste-pred-koncertem-velkolepa-show-zacala-uz-venku\/#primaryimage"},"thumbnailUrl":"https:\/\/www.karaoketexty.cz\/magazin\/wp-content\/uploads\/2025\/05\/jason-derulo-1.avif","datePublished":"2026-03-12T10:09:00+00:00","author":{"@id":"https:\/\/www.karaoketexty.cz\/magazin\/#\/schema\/person\/03220d610ed4cba378a72bac3443f821"},"description":"Americk\u00e1 hv\u011bzda rozproudila O2 arenu velkolepou show. Je\u0161t\u011b p\u0159edt\u00edm ale ne\u010dekan\u011b zatancovala na ulici mezi lidmi.","breadcrumb":{"@id":"https:\/\/www.karaoketexty.cz\/magazin\/jason-derulo-v-praze-roztancil-fanousky-jeste-pred-koncertem-velkolepa-show-zacala-uz-venku\/#breadcrumb"},"inLanguage":"cs","potentialAction":[{"@type":"ReadAction","target":["https:\/\/www.karaoketexty.cz\/magazin\/jason-derulo-v-praze-roztancil-fanousky-jeste-pred-koncertem-velkolepa-show-zacala-uz-venku\/"]}]},{"@type":"ImageObject","inLanguage":"cs","@id":"https:\/\/www.karaoketexty.cz\/magazin\/jason-derulo-v-praze-roztancil-fanousky-jeste-pred-koncertem-velkolepa-show-zacala-uz-venku\/#primaryimage","url":"https:\/\/www.karaoketexty.cz\/magazin\/wp-content\/uploads\/2025\/05\/jason-derulo-1.avif","contentUrl":"https:\/\/www.karaoketexty.cz\/magazin\/wp-content\/uploads\/2025\/05\/jason-derulo-1.avif","width":1200,"height":630,"caption":"Fotografie: Warner Music New Zealand \/ Creative Commons \/ Attribution 3.0,"},{"@type":"BreadcrumbList","@id":"https:\/\/www.karaoketexty.cz\/magazin\/jason-derulo-v-praze-roztancil-fanousky-jeste-pred-koncertem-velkolepa-show-zacala-uz-venku\/#breadcrumb","itemListElement":[{"@type":"ListItem","position":1,"name":"Dom\u016f","item":"https:\/\/www.karaoketexty.cz\/magazin\/"},{"@type":"ListItem","position":2,"name":"Jason Derulo v Praze roztan\u010dil fanou\u0161ky je\u0161t\u011b p\u0159ed koncertem: Velkolep\u00e1 show za\u010dala u\u017e venku"}]},{"@type":"WebSite","@id":"https:\/\/www.karaoketexty.cz\/magazin\/#website","url":"https:\/\/www.karaoketexty.cz\/magazin\/","name":"Stars Magaz\u00edn Karaoketexty.cz","description":"Stars Magaz\u00edn na Karaoketexty.cz je zam\u011b\u0159en\u00fd na novinky ze sv\u011bta hudby a celebrit. Obsahuje \u010dl\u00e1nky o zp\u011bv\u00e1c\u00edch, kapel\u00e1ch, nov\u00fdch albech, hudebn\u00edch trendech a dal\u0161\u00edch zaj\u00edmavostech z hudebn\u00edho pr\u016fmyslu.","potentialAction":[{"@type":"SearchAction","target":{"@type":"EntryPoint","urlTemplate":"https:\/\/www.karaoketexty.cz\/magazin\/?s={search_term_string}"},"query-input":{"@type":"PropertyValueSpecification","valueRequired":true,"valueName":"search_term_string"}}],"inLanguage":"cs"},{"@type":"Person","@id":"https:\/\/www.karaoketexty.cz\/magazin\/#\/schema\/person\/03220d610ed4cba378a72bac3443f821","name":"Veronika \u0160imkov\u00e1","image":{"@type":"ImageObject","inLanguage":"cs","@id":"https:\/\/secure.gravatar.com\/avatar\/62af9cda83322200aaf20e60d0442fbca254ce18c0ffdcaaf83de31493c941a5?s=96&d=mm&r=g","url":"https:\/\/secure.gravatar.com\/avatar\/62af9cda83322200aaf20e60d0442fbca254ce18c0ffdcaaf83de31493c941a5?s=96&d=mm&r=g","contentUrl":"https:\/\/secure.gravatar.com\/avatar\/62af9cda83322200aaf20e60d0442fbca254ce18c0ffdcaaf83de31493c941a5?s=96&d=mm&r=g","caption":"Veronika \u0160imkov\u00e1"},"url":"https:\/\/www.karaoketexty.cz\/magazin\/author\/veronikasimkova\/"}]}},"_links":{"self":[{"href":"https:\/\/www.karaoketexty.cz\/magazin\/wp-json\/wp\/v2\/posts\/8870","targetHints":{"allow":["GET"]}}],"collection":[{"href":"https:\/\/www.karaoketexty.cz\/magazin\/wp-json\/wp\/v2\/posts"}],"about":[{"href":"https:\/\/www.karaoketexty.cz\/magazin\/wp-json\/wp\/v2\/types\/post"}],"author":[{"embeddable":true,"href":"https:\/\/www.karaoketexty.cz\/magazin\/wp-json\/wp\/v2\/users\/5"}],"replies":[{"embeddable":true,"href":"https:\/\/www.karaoketexty.cz\/magazin\/wp-json\/wp\/v2\/comments?post=8870"}],"version-history":[{"count":3,"href":"https:\/\/www.karaoketexty.cz\/magazin\/wp-json\/wp\/v2\/posts\/8870\/revisions"}],"predecessor-version":[{"id":9040,"href":"https:\/\/www.karaoketexty.cz\/magazin\/wp-json\/wp\/v2\/posts\/8870\/revisions\/9040"}],"wp:featuredmedia":[{"embeddable":true,"href":"https:\/\/www.karaoketexty.cz\/magazin\/wp-json\/wp\/v2\/media\/1297"}],"wp:attachment":[{"href":"https:\/\/www.karaoketexty.cz\/magazin\/wp-json\/wp\/v2\/media?parent=8870"}],"wp:term":[{"taxonomy":"category","embeddable":true,"href":"https:\/\/www.karaoketexty.cz\/magazin\/wp-json\/wp\/v2\/categories?post=8870"},{"taxonomy":"post_tag","embeddable":true,"href":"https:\/\/www.karaoketexty.cz\/magazin\/wp-json\/wp\/v2\/tags?post=8870"}],"curies":[{"name":"wp","href":"https:\/\/api.w.org\/{rel}","templated":true}]}}