{"id":8669,"date":"2026-03-12T06:09:00","date_gmt":"2026-03-12T05:09:00","guid":{"rendered":"https:\/\/www.karaoketexty.cz\/magazin\/?p=8669"},"modified":"2026-03-09T11:24:26","modified_gmt":"2026-03-09T10:24:26","slug":"spiritual-kvintet-prvni-folkova-kapela-v-ceskoslovensku","status":"publish","type":"post","link":"https:\/\/www.karaoketexty.cz\/magazin\/spiritual-kvintet-prvni-folkova-kapela-v-ceskoslovensku\/","title":{"rendered":"Spiritu\u00e1l Kvintet: Prvn\u00ed folkov\u00e1 kapela v \u010ceskoslovensku"},"content":{"rendered":"\n<p><strong>Na za\u010d\u00e1tku st\u00e1lo p\u00e1r mlad\u00fdch lid\u00ed a chu\u0165 zp\u00edvat jinak, ne\u017e bylo tehdy zvykem. Z jejich nad\u0161en\u00ed vyrostl Spiritu\u00e1l kvintet, kapela, kter\u00e1 se stala symbolem \u010desk\u00e9ho folku.<\/strong><\/p>\n\n\n\n<p>Na podzim roku 1960 se n\u011bkolik \u010dlen\u016f Vysoko\u0161kolsk\u00e9ho um\u011bleck\u00e9ho souboru rozhodlo, \u017ee zkus\u00ed n\u011bco vlastn\u00edho. Ne\u0161lo o promy\u0161len\u00fd pl\u00e1n ani o strategii, sp\u00ed\u0161 o spont\u00e1nn\u00ed n\u00e1pad Iva Macha, kter\u00e9mu nikdo ne\u0159ekl jinak ne\u017e D\u011bdek. Spolu s n\u00edm st\u00e1li u zrodu tenor Miroslav Keller, baryton Miloslav Kastelovi\u010d a Ji\u0159\u00ed Tichota, kter\u00fd se brzy stal kapeln\u00edkem. Tehdy je\u0161t\u011b netu\u0161ili, \u017ee pr\u00e1v\u011b d\u00e1vaj\u00ed vzniknout prvn\u00ed folkov\u00e9 formaci u n\u00e1s. Na Karaoketexty mus\u00edme p\u0159ipomenout, \u017ee slovo folk v \u010ceskoslovensku prakticky nikdo nepou\u017e\u00edval.<\/p>\n\n\n<!-- karaoketexty.cz \/ rectangle2 -->\n<div id=\"PX_37086_709110796310826\"><\/div>\n<script>\n   if(!useMobileAds && !boolUseSeznamAds && !hideAllAds){\n     window.px2 = window.px2 || { conf: {},queue: [] };\n     px2.queue.push(function () {\n        px2.render({\n           slot: {\n              id: 37086\n           },\n            elem: \"PX_37086_709110796310826\"\n        })\n     });\n  }\n<\/script>\n\n<!-- karaoketexty.cz \/ mobile-rectangle3 -->\n<div id=\"PX_37044_714599773297004\"><\/div>\n<script>\n   if(useMobileAds && !boolUseSeznamAds && !hideAllAds){\nwindow.px2 = window.px2 || { conf: {},queue: [] };\npx2.queue.push(function () {\n\tpx2.render({\n\t\tslot: {\n\t\t\tid: 37044\n\t\t},\n\t\telem: \"PX_37044_714599773297004\"\n\t})\n});\n}\n<\/script>\n\n\n<h2 class=\"wp-block-heading\">Prvn\u00ed koncerty mezi jazzmany<\/h2>\n\n\n\n<p>Spiritu\u00e1l kvintet debutoval v roce 1962 na Mezin\u00e1rodn\u00edm jazzov\u00e9m festivalu v Karlov\u00fdch Varech. Z dne\u0161n\u00edho pohledu to m\u016f\u017ee p\u016fsobit \u00fasm\u011bvn\u011b, ale tehdy jin\u00e9 p\u00f3dium pro podobnou hudbu neexistovalo. Sd\u00edleli prostor s jazzov\u00fdmi kapelami a pomalu si z\u00edsk\u00e1vali vlastn\u00ed publikum.<strong> <\/strong>Zp\u00edvali spiritu\u00e1ly a tradi\u010dn\u00ed p\u00edsn\u011b, kter\u00e9 objevovali d\u00edky zahrani\u010dn\u00edm nahr\u00e1vk\u00e1m. Atmosf\u00e9ra t\u011bch let m\u011bla zvl\u00e1\u0161tn\u00ed kouzlo.<\/p>\n\n\n\n<p>Hudebn\u00edci hledali inspiraci, p\u016fj\u010dovali si desky, u\u010dili se nov\u00e9 harmonie a zkou\u0161eli v\u00edcehlasy, kter\u00e9 u n\u00e1s zn\u011bly nezvykle. Bylo v tom hodn\u011b nad\u0161en\u00ed a objevov\u00e1n\u00ed. Velk\u00fd zlom nastal ve chv\u00edli, kdy usly\u0161eli americkou skupinu The Weavers. Nadchl je nejen jejich projev, ale i p\u0159\u00edtomnost \u017eensk\u00e9ho hlasu. Kapela si uv\u011bdomila, \u017ee pr\u00e1v\u011b to jejich zvuku chyb\u00ed. Po kr\u00e1tk\u00e9 epizod\u011b s jinou zp\u011bva\u010dkou p\u0159i\u0161la R\u016f\u017eena Helebrantov\u00e1, p\u0159ezd\u00edvan\u00e1 Odetta. S jej\u00edm p\u0159\u00edchodem se z kvarteta stal kvintet a n\u00e1zev u\u017e z\u016fstal.<\/p>\n\n\n<!-- karaoketexty.cz \/ interscroller1 -->\n\n<div id=\"PX_37041_825057871452834\"><\/div>\n<script>\nif(useMobileAds && !boolUseSeznamAds && !hideAllAds){\n\twindow.px2 = window.px2 || { conf: {},queue: [] };\n\tpx2.queue.push(function () {\n\t\tpx2.render({\n\t\t\tslot: {\n\t\t\t\tid: 37041\n\t\t\t},\n\t\t\telem: \"PX_37041_825057871452834\"\n\t\t})\n\t});\n}\n<\/script>\n\n\n<h2 class=\"wp-block-heading\">Setk\u00e1n\u00ed s legendou a prvn\u00ed ztr\u00e1ty<\/h2>\n\n\n\n<p>V roce 1964 p\u0159edskakovali pro americk\u00e9ho folkov\u00e9ho zp\u011bv\u00e1ka Peta Seegera. Pro kapelu to byl siln\u00fd moment. Ji\u0159\u00ed Tichota se tehdy nadchl pro p\u011btistrunn\u00e9 banjo a pat\u0159il k prvn\u00edm hr\u00e1\u010d\u016fm na tento n\u00e1stroj u n\u00e1s. Tyto roky pat\u0159ily k nejintenzivn\u011bj\u0161\u00edm.<\/p>\n\n\n\n<iframe title=\"SPIRITU\u00c1L KVINTET - z\u00e1znam z historicky posledn\u00edho koncertu t\u00e9to legend\u00e1rn\u00ed skupiny.\" width=\"500\" height=\"281\" src=\"https:\/\/www.youtube.com\/embed\/z6KVAsiO6Ws?feature=oembed\" frameborder=\"0\" allow=\"accelerometer; autoplay; clipboard-write; encrypted-media; gyroscope; picture-in-picture; web-share\" referrerpolicy=\"strict-origin-when-cross-origin\" allowfullscreen><\/iframe>\n\n\n\n<p>Jen\u017ee konec \u0161edes\u00e1t\u00fdch let p\u0159inesl zm\u011bny. N\u011bkte\u0159\u00ed \u010dlenov\u00e9 ode\u0161li do zahrani\u010d\u00ed a Odetta emigrovala. Prvn\u00ed kapitola se uzav\u0159ela. P\u0159esto z\u016fstalo n\u011bco podstatn\u00e9ho, pevn\u00e9 z\u00e1klady, siln\u00e9 p\u0159\u00e1telstv\u00ed a hudba, kter\u00e1 si na\u0161la cestu k lidem. A pr\u00e1v\u011b z t\u011bchto za\u010d\u00e1tk\u016f vyrostla legenda, na kterou se dodnes vzpom\u00edn\u00e1 s respektem.<\/p>\n\n\n\n<p>Zdroj: Autorsk\u00fd text, <a href=\"https:\/\/www.spiritualkvintet.cz\/Html\/History\/History1.htm\" target=\"_blank\" rel=\"noreferrer noopener nofollow\">Spiritu\u00e1lKvintet<\/a>, <a href=\"https:\/\/cs.wikipedia.org\/wiki\/Spiritu%C3%A1l_kvintet\" target=\"_blank\" rel=\"noreferrer noopener nofollow\">Wikipedie<\/a>, <a href=\"https:\/\/youtu.be\/z6KVAsiO6Ws\">YouTube S\u00e1glProduction<\/a><\/p>\n\n\n            <a href=\"https:\/\/www.karaoketexty.cz\/magazin\/kviz-o-spiritual-kvintetu-legenda-ceskeho-folku-ktera-spojila-prahu-s-amerikou\/\" class=\"related-post-link\">\n                <div class=\"post-thumbnail\">\n                    <img decoding=\"async\" width=\"250\" height=\"166\" src=\"https:\/\/www.karaoketexty.cz\/magazin\/wp-content\/uploads\/2026\/03\/2048px-Spiritual-kvintet-v-Betlemske-kapli2014c.jpg\" class=\"attachment-250x180 size-250x180 not-transparent\" alt=\"Spiritu\u00e1l Kvintet v Betl\u00e9msk\u00e9 kapli\" srcset=\"https:\/\/www.karaoketexty.cz\/magazin\/wp-content\/uploads\/2026\/03\/2048px-Spiritual-kvintet-v-Betlemske-kapli2014c.jpg 2048w, https:\/\/www.karaoketexty.cz\/magazin\/wp-content\/uploads\/2026\/03\/2048px-Spiritual-kvintet-v-Betlemske-kapli2014c-300x199.jpg 300w, https:\/\/www.karaoketexty.cz\/magazin\/wp-content\/uploads\/2026\/03\/2048px-Spiritual-kvintet-v-Betlemske-kapli2014c-1024x680.jpg 1024w, https:\/\/www.karaoketexty.cz\/magazin\/wp-content\/uploads\/2026\/03\/2048px-Spiritual-kvintet-v-Betlemske-kapli2014c-768x510.jpg 768w, https:\/\/www.karaoketexty.cz\/magazin\/wp-content\/uploads\/2026\/03\/2048px-Spiritual-kvintet-v-Betlemske-kapli2014c-1536x1020.jpg 1536w, https:\/\/www.karaoketexty.cz\/magazin\/wp-content\/uploads\/2026\/03\/2048px-Spiritual-kvintet-v-Betlemske-kapli2014c-800x533.jpg 800w\" sizes=\"(max-width: 250px) 100vw, 250px\" data-has-transparency=\"false\" data-dominant-color=\"514843\" style=\"--dominant-color: #514843;\" \/>                <\/div>\n                <div class=\"post-details\">\n                    <span class=\"also-read\">\u010ct\u011bte tak\u00e9:<\/span>\n                    <h3 class=\"hed\">Kv\u00edz o Spiritu\u00e1l kvintetu: Legenda \u010desk\u00e9ho folku, kter\u00e1 spojila Prahu s Amerikou<\/h3>\n                <\/div>\n            <\/a>\n            \n\n            <a href=\"https:\/\/www.karaoketexty.cz\/magazin\/poznejte-trampske-hity-tenhle-kviz-vas-proveri\/\" class=\"related-post-link\">\n                <div class=\"post-thumbnail\">\n                    <img decoding=\"async\" width=\"250\" height=\"167\" src=\"https:\/\/www.karaoketexty.cz\/magazin\/wp-content\/uploads\/2026\/02\/384.jpg\" class=\"attachment-250x180 size-250x180 not-transparent\" alt=\"Trampsk\u00e9 p\u00edsn\u011b\" srcset=\"https:\/\/www.karaoketexty.cz\/magazin\/wp-content\/uploads\/2026\/02\/384.jpg 1500w, https:\/\/www.karaoketexty.cz\/magazin\/wp-content\/uploads\/2026\/02\/384-300x200.jpg 300w, https:\/\/www.karaoketexty.cz\/magazin\/wp-content\/uploads\/2026\/02\/384-1024x683.jpg 1024w, https:\/\/www.karaoketexty.cz\/magazin\/wp-content\/uploads\/2026\/02\/384-768x513.jpg 768w, https:\/\/www.karaoketexty.cz\/magazin\/wp-content\/uploads\/2026\/02\/384-800x533.jpg 800w\" sizes=\"(max-width: 250px) 100vw, 250px\" data-has-transparency=\"false\" data-dominant-color=\"6a6059\" style=\"--dominant-color: #6a6059;\" \/>                <\/div>\n                <div class=\"post-details\">\n                    <span class=\"also-read\">\u010ct\u011bte tak\u00e9:<\/span>\n                    <h3 class=\"hed\">Poznejte trampsk\u00e9 hity: Tenhle kv\u00edz v\u00e1s prov\u011b\u0159\u00ed<\/h3>\n                <\/div>\n            <\/a>\n            ","protected":false},"excerpt":{"rendered":"<p>Na za\u010d\u00e1tku st\u00e1lo p\u00e1r mlad\u00fdch lid\u00ed a chu\u0165 zp\u00edvat jinak, ne\u017e bylo tehdy zvykem. Z jejich nad\u0161en\u00ed vyrostl Spiritu\u00e1l kvintet, kapela, kter\u00e1 se stala symbolem \u010desk\u00e9ho folku.<\/p>\n","protected":false},"author":4,"featured_media":8858,"comment_status":"open","ping_status":"closed","sticky":false,"template":"","format":"standard","meta":{"_yoast_wpseo_title":"Spiritu\u00e1l kvintet: Za\u010dali z nad\u0161en\u00ed a zm\u011bnili \u010deskou hudbu","_yoast_wpseo_metadesc":"Spiritu\u00e1l kvintet vznikl v roce 1960 jako studentsk\u00e1 iniciativa. V prvn\u00edch letech hledal vlastn\u00ed v\u00fdraz a polo\u017eil z\u00e1klady \u010desk\u00e9ho folku.","footnotes":""},"categories":[9],"tags":[571,478,1037,461,4415,462,136,4414],"class_list":["post-8669","post","type-post","status-publish","format-standard","has-post-thumbnail","hentry","category-zajimavosti","tag-ceska-hudba","tag-folk","tag-hudebni-historie","tag-hudebni-skupina","tag-jiri-tichota","tag-kapela","tag-koncert","tag-spiritual-kvintet"],"yoast_head":"<!-- This site is optimized with the Yoast SEO plugin v27.4 - https:\/\/yoast.com\/product\/yoast-seo-wordpress\/ -->\n<title>Spiritu\u00e1l kvintet: Za\u010dali z nad\u0161en\u00ed a zm\u011bnili \u010deskou hudbu<\/title>\n<meta name=\"description\" content=\"Spiritu\u00e1l kvintet vznikl v roce 1960 jako studentsk\u00e1 iniciativa. V prvn\u00edch letech hledal vlastn\u00ed v\u00fdraz a polo\u017eil z\u00e1klady \u010desk\u00e9ho folku.\" \/>\n<meta name=\"robots\" content=\"index, follow, max-snippet:-1, max-image-preview:large, max-video-preview:-1\" \/>\n<link rel=\"canonical\" href=\"https:\/\/www.karaoketexty.cz\/magazin\/spiritual-kvintet-prvni-folkova-kapela-v-ceskoslovensku\/\" \/>\n<meta property=\"og:locale\" content=\"cs_CZ\" \/>\n<meta property=\"og:type\" content=\"article\" \/>\n<meta property=\"og:title\" content=\"Spiritu\u00e1l kvintet: Za\u010dali z nad\u0161en\u00ed a zm\u011bnili \u010deskou hudbu\" \/>\n<meta property=\"og:description\" content=\"Spiritu\u00e1l kvintet vznikl v roce 1960 jako studentsk\u00e1 iniciativa. V prvn\u00edch letech hledal vlastn\u00ed v\u00fdraz a polo\u017eil z\u00e1klady \u010desk\u00e9ho folku.\" \/>\n<meta property=\"og:url\" content=\"https:\/\/www.karaoketexty.cz\/magazin\/spiritual-kvintet-prvni-folkova-kapela-v-ceskoslovensku\/\" \/>\n<meta property=\"og:site_name\" content=\"Stars Magaz\u00edn Karaoketexty.cz\" \/>\n<meta property=\"article:published_time\" content=\"2026-03-12T05:09:00+00:00\" \/>\n<meta property=\"og:image\" content=\"https:\/\/www.karaoketexty.cz\/magazin\/wp-content\/uploads\/2026\/03\/spiritual-kvintet-betlemska-kaple.jpg\" \/>\n\t<meta property=\"og:image:width\" content=\"1200\" \/>\n\t<meta property=\"og:image:height\" content=\"739\" \/>\n\t<meta property=\"og:image:type\" content=\"image\/jpeg\" \/>\n<meta name=\"author\" content=\"Barbora Kop\u0159ivov\u00e1\" \/>\n<meta name=\"twitter:card\" content=\"summary_large_image\" \/>\n<meta name=\"twitter:label1\" content=\"Napsal(a)\" \/>\n\t<meta name=\"twitter:data1\" content=\"Barbora Kop\u0159ivov\u00e1\" \/>\n\t<meta name=\"twitter:label2\" content=\"Odhadovan\u00e1 doba \u010dten\u00ed\" \/>\n\t<meta name=\"twitter:data2\" content=\"3 minuty\" \/>\n<script type=\"application\/ld+json\" class=\"yoast-schema-graph\">{\"@context\":\"https:\\\/\\\/schema.org\",\"@graph\":[{\"@type\":\"Article\",\"@id\":\"https:\\\/\\\/www.karaoketexty.cz\\\/magazin\\\/spiritual-kvintet-prvni-folkova-kapela-v-ceskoslovensku\\\/#article\",\"isPartOf\":{\"@id\":\"https:\\\/\\\/www.karaoketexty.cz\\\/magazin\\\/spiritual-kvintet-prvni-folkova-kapela-v-ceskoslovensku\\\/\"},\"author\":{\"name\":\"Barbora Kop\u0159ivov\u00e1\",\"@id\":\"https:\\\/\\\/www.karaoketexty.cz\\\/magazin\\\/#\\\/schema\\\/person\\\/37c0164a04038267c8a56ad6d60df749\"},\"headline\":\"Spiritu\u00e1l Kvintet: Prvn\u00ed folkov\u00e1 kapela v \u010ceskoslovensku\",\"datePublished\":\"2026-03-12T05:09:00+00:00\",\"mainEntityOfPage\":{\"@id\":\"https:\\\/\\\/www.karaoketexty.cz\\\/magazin\\\/spiritual-kvintet-prvni-folkova-kapela-v-ceskoslovensku\\\/\"},\"wordCount\":480,\"commentCount\":0,\"image\":{\"@id\":\"https:\\\/\\\/www.karaoketexty.cz\\\/magazin\\\/spiritual-kvintet-prvni-folkova-kapela-v-ceskoslovensku\\\/#primaryimage\"},\"thumbnailUrl\":\"https:\\\/\\\/www.karaoketexty.cz\\\/magazin\\\/wp-content\\\/uploads\\\/2026\\\/03\\\/spiritual-kvintet-betlemska-kaple.jpg\",\"keywords\":[\"\u010desk\u00e1 hudba\",\"folk\",\"hudebn\u00ed historie\",\"hudebn\u00ed skupina\",\"Ji\u0159\u00ed Tichota\",\"kapela\",\"koncert\",\"Spiritu\u00e1l kvintet\"],\"articleSection\":[\"Zaj\u00edmavosti\"],\"inLanguage\":\"cs\",\"potentialAction\":[{\"@type\":\"CommentAction\",\"name\":\"Comment\",\"target\":[\"https:\\\/\\\/www.karaoketexty.cz\\\/magazin\\\/spiritual-kvintet-prvni-folkova-kapela-v-ceskoslovensku\\\/#respond\"]}]},{\"@type\":\"WebPage\",\"@id\":\"https:\\\/\\\/www.karaoketexty.cz\\\/magazin\\\/spiritual-kvintet-prvni-folkova-kapela-v-ceskoslovensku\\\/\",\"url\":\"https:\\\/\\\/www.karaoketexty.cz\\\/magazin\\\/spiritual-kvintet-prvni-folkova-kapela-v-ceskoslovensku\\\/\",\"name\":\"Spiritu\u00e1l kvintet: Za\u010dali z nad\u0161en\u00ed a zm\u011bnili \u010deskou hudbu\",\"isPartOf\":{\"@id\":\"https:\\\/\\\/www.karaoketexty.cz\\\/magazin\\\/#website\"},\"primaryImageOfPage\":{\"@id\":\"https:\\\/\\\/www.karaoketexty.cz\\\/magazin\\\/spiritual-kvintet-prvni-folkova-kapela-v-ceskoslovensku\\\/#primaryimage\"},\"image\":{\"@id\":\"https:\\\/\\\/www.karaoketexty.cz\\\/magazin\\\/spiritual-kvintet-prvni-folkova-kapela-v-ceskoslovensku\\\/#primaryimage\"},\"thumbnailUrl\":\"https:\\\/\\\/www.karaoketexty.cz\\\/magazin\\\/wp-content\\\/uploads\\\/2026\\\/03\\\/spiritual-kvintet-betlemska-kaple.jpg\",\"datePublished\":\"2026-03-12T05:09:00+00:00\",\"author\":{\"@id\":\"https:\\\/\\\/www.karaoketexty.cz\\\/magazin\\\/#\\\/schema\\\/person\\\/37c0164a04038267c8a56ad6d60df749\"},\"description\":\"Spiritu\u00e1l kvintet vznikl v roce 1960 jako studentsk\u00e1 iniciativa. V prvn\u00edch letech hledal vlastn\u00ed v\u00fdraz a polo\u017eil z\u00e1klady \u010desk\u00e9ho folku.\",\"breadcrumb\":{\"@id\":\"https:\\\/\\\/www.karaoketexty.cz\\\/magazin\\\/spiritual-kvintet-prvni-folkova-kapela-v-ceskoslovensku\\\/#breadcrumb\"},\"inLanguage\":\"cs\",\"potentialAction\":[{\"@type\":\"ReadAction\",\"target\":[\"https:\\\/\\\/www.karaoketexty.cz\\\/magazin\\\/spiritual-kvintet-prvni-folkova-kapela-v-ceskoslovensku\\\/\"]}]},{\"@type\":\"ImageObject\",\"inLanguage\":\"cs\",\"@id\":\"https:\\\/\\\/www.karaoketexty.cz\\\/magazin\\\/spiritual-kvintet-prvni-folkova-kapela-v-ceskoslovensku\\\/#primaryimage\",\"url\":\"https:\\\/\\\/www.karaoketexty.cz\\\/magazin\\\/wp-content\\\/uploads\\\/2026\\\/03\\\/spiritual-kvintet-betlemska-kaple.jpg\",\"contentUrl\":\"https:\\\/\\\/www.karaoketexty.cz\\\/magazin\\\/wp-content\\\/uploads\\\/2026\\\/03\\\/spiritual-kvintet-betlemska-kaple.jpg\",\"width\":1200,\"height\":739,\"caption\":\"Foto: Ben Sk\u00e1la, Benfoto \\\/ Creative Commons \\\/ CC BY-SA, Spiritu\u00e1l kvintet v Betl\u00e9msk\u00e9 kapli v roce 2014\"},{\"@type\":\"BreadcrumbList\",\"@id\":\"https:\\\/\\\/www.karaoketexty.cz\\\/magazin\\\/spiritual-kvintet-prvni-folkova-kapela-v-ceskoslovensku\\\/#breadcrumb\",\"itemListElement\":[{\"@type\":\"ListItem\",\"position\":1,\"name\":\"Dom\u016f\",\"item\":\"https:\\\/\\\/www.karaoketexty.cz\\\/magazin\\\/\"},{\"@type\":\"ListItem\",\"position\":2,\"name\":\"Spiritu\u00e1l Kvintet: Prvn\u00ed folkov\u00e1 kapela v \u010ceskoslovensku\"}]},{\"@type\":\"WebSite\",\"@id\":\"https:\\\/\\\/www.karaoketexty.cz\\\/magazin\\\/#website\",\"url\":\"https:\\\/\\\/www.karaoketexty.cz\\\/magazin\\\/\",\"name\":\"Stars Magaz\u00edn Karaoketexty.cz\",\"description\":\"Stars Magaz\u00edn na Karaoketexty.cz je zam\u011b\u0159en\u00fd na novinky ze sv\u011bta hudby a celebrit. Obsahuje \u010dl\u00e1nky o zp\u011bv\u00e1c\u00edch, kapel\u00e1ch, nov\u00fdch albech, hudebn\u00edch trendech a dal\u0161\u00edch zaj\u00edmavostech z hudebn\u00edho pr\u016fmyslu.\",\"potentialAction\":[{\"@type\":\"SearchAction\",\"target\":{\"@type\":\"EntryPoint\",\"urlTemplate\":\"https:\\\/\\\/www.karaoketexty.cz\\\/magazin\\\/?s={search_term_string}\"},\"query-input\":{\"@type\":\"PropertyValueSpecification\",\"valueRequired\":true,\"valueName\":\"search_term_string\"}}],\"inLanguage\":\"cs\"},{\"@type\":\"Person\",\"@id\":\"https:\\\/\\\/www.karaoketexty.cz\\\/magazin\\\/#\\\/schema\\\/person\\\/37c0164a04038267c8a56ad6d60df749\",\"name\":\"Barbora Kop\u0159ivov\u00e1\",\"image\":{\"@type\":\"ImageObject\",\"inLanguage\":\"cs\",\"@id\":\"https:\\\/\\\/secure.gravatar.com\\\/avatar\\\/ad2ef9810228386d580851ef4bdde76abaa96054ff5b068c8873bc91afb2df84?s=96&d=mm&r=g\",\"url\":\"https:\\\/\\\/secure.gravatar.com\\\/avatar\\\/ad2ef9810228386d580851ef4bdde76abaa96054ff5b068c8873bc91afb2df84?s=96&d=mm&r=g\",\"contentUrl\":\"https:\\\/\\\/secure.gravatar.com\\\/avatar\\\/ad2ef9810228386d580851ef4bdde76abaa96054ff5b068c8873bc91afb2df84?s=96&d=mm&r=g\",\"caption\":\"Barbora Kop\u0159ivov\u00e1\"},\"url\":\"https:\\\/\\\/www.karaoketexty.cz\\\/magazin\\\/author\\\/barborakoprivova\\\/\"}]}<\/script>\n<!-- \/ Yoast SEO plugin. -->","yoast_head_json":{"title":"Spiritu\u00e1l kvintet: Za\u010dali z nad\u0161en\u00ed a zm\u011bnili \u010deskou hudbu","description":"Spiritu\u00e1l kvintet vznikl v roce 1960 jako studentsk\u00e1 iniciativa. V prvn\u00edch letech hledal vlastn\u00ed v\u00fdraz a polo\u017eil z\u00e1klady \u010desk\u00e9ho folku.","robots":{"index":"index","follow":"follow","max-snippet":"max-snippet:-1","max-image-preview":"max-image-preview:large","max-video-preview":"max-video-preview:-1"},"canonical":"https:\/\/www.karaoketexty.cz\/magazin\/spiritual-kvintet-prvni-folkova-kapela-v-ceskoslovensku\/","og_locale":"cs_CZ","og_type":"article","og_title":"Spiritu\u00e1l kvintet: Za\u010dali z nad\u0161en\u00ed a zm\u011bnili \u010deskou hudbu","og_description":"Spiritu\u00e1l kvintet vznikl v roce 1960 jako studentsk\u00e1 iniciativa. V prvn\u00edch letech hledal vlastn\u00ed v\u00fdraz a polo\u017eil z\u00e1klady \u010desk\u00e9ho folku.","og_url":"https:\/\/www.karaoketexty.cz\/magazin\/spiritual-kvintet-prvni-folkova-kapela-v-ceskoslovensku\/","og_site_name":"Stars Magaz\u00edn Karaoketexty.cz","article_published_time":"2026-03-12T05:09:00+00:00","og_image":[{"width":1200,"height":739,"url":"https:\/\/www.karaoketexty.cz\/magazin\/wp-content\/uploads\/2026\/03\/spiritual-kvintet-betlemska-kaple.jpg","type":"image\/jpeg"}],"author":"Barbora Kop\u0159ivov\u00e1","twitter_card":"summary_large_image","twitter_misc":{"Napsal(a)":"Barbora Kop\u0159ivov\u00e1","Odhadovan\u00e1 doba \u010dten\u00ed":"3 minuty"},"schema":{"@context":"https:\/\/schema.org","@graph":[{"@type":"Article","@id":"https:\/\/www.karaoketexty.cz\/magazin\/spiritual-kvintet-prvni-folkova-kapela-v-ceskoslovensku\/#article","isPartOf":{"@id":"https:\/\/www.karaoketexty.cz\/magazin\/spiritual-kvintet-prvni-folkova-kapela-v-ceskoslovensku\/"},"author":{"name":"Barbora Kop\u0159ivov\u00e1","@id":"https:\/\/www.karaoketexty.cz\/magazin\/#\/schema\/person\/37c0164a04038267c8a56ad6d60df749"},"headline":"Spiritu\u00e1l Kvintet: Prvn\u00ed folkov\u00e1 kapela v \u010ceskoslovensku","datePublished":"2026-03-12T05:09:00+00:00","mainEntityOfPage":{"@id":"https:\/\/www.karaoketexty.cz\/magazin\/spiritual-kvintet-prvni-folkova-kapela-v-ceskoslovensku\/"},"wordCount":480,"commentCount":0,"image":{"@id":"https:\/\/www.karaoketexty.cz\/magazin\/spiritual-kvintet-prvni-folkova-kapela-v-ceskoslovensku\/#primaryimage"},"thumbnailUrl":"https:\/\/www.karaoketexty.cz\/magazin\/wp-content\/uploads\/2026\/03\/spiritual-kvintet-betlemska-kaple.jpg","keywords":["\u010desk\u00e1 hudba","folk","hudebn\u00ed historie","hudebn\u00ed skupina","Ji\u0159\u00ed Tichota","kapela","koncert","Spiritu\u00e1l kvintet"],"articleSection":["Zaj\u00edmavosti"],"inLanguage":"cs","potentialAction":[{"@type":"CommentAction","name":"Comment","target":["https:\/\/www.karaoketexty.cz\/magazin\/spiritual-kvintet-prvni-folkova-kapela-v-ceskoslovensku\/#respond"]}]},{"@type":"WebPage","@id":"https:\/\/www.karaoketexty.cz\/magazin\/spiritual-kvintet-prvni-folkova-kapela-v-ceskoslovensku\/","url":"https:\/\/www.karaoketexty.cz\/magazin\/spiritual-kvintet-prvni-folkova-kapela-v-ceskoslovensku\/","name":"Spiritu\u00e1l kvintet: Za\u010dali z nad\u0161en\u00ed a zm\u011bnili \u010deskou hudbu","isPartOf":{"@id":"https:\/\/www.karaoketexty.cz\/magazin\/#website"},"primaryImageOfPage":{"@id":"https:\/\/www.karaoketexty.cz\/magazin\/spiritual-kvintet-prvni-folkova-kapela-v-ceskoslovensku\/#primaryimage"},"image":{"@id":"https:\/\/www.karaoketexty.cz\/magazin\/spiritual-kvintet-prvni-folkova-kapela-v-ceskoslovensku\/#primaryimage"},"thumbnailUrl":"https:\/\/www.karaoketexty.cz\/magazin\/wp-content\/uploads\/2026\/03\/spiritual-kvintet-betlemska-kaple.jpg","datePublished":"2026-03-12T05:09:00+00:00","author":{"@id":"https:\/\/www.karaoketexty.cz\/magazin\/#\/schema\/person\/37c0164a04038267c8a56ad6d60df749"},"description":"Spiritu\u00e1l kvintet vznikl v roce 1960 jako studentsk\u00e1 iniciativa. V prvn\u00edch letech hledal vlastn\u00ed v\u00fdraz a polo\u017eil z\u00e1klady \u010desk\u00e9ho folku.","breadcrumb":{"@id":"https:\/\/www.karaoketexty.cz\/magazin\/spiritual-kvintet-prvni-folkova-kapela-v-ceskoslovensku\/#breadcrumb"},"inLanguage":"cs","potentialAction":[{"@type":"ReadAction","target":["https:\/\/www.karaoketexty.cz\/magazin\/spiritual-kvintet-prvni-folkova-kapela-v-ceskoslovensku\/"]}]},{"@type":"ImageObject","inLanguage":"cs","@id":"https:\/\/www.karaoketexty.cz\/magazin\/spiritual-kvintet-prvni-folkova-kapela-v-ceskoslovensku\/#primaryimage","url":"https:\/\/www.karaoketexty.cz\/magazin\/wp-content\/uploads\/2026\/03\/spiritual-kvintet-betlemska-kaple.jpg","contentUrl":"https:\/\/www.karaoketexty.cz\/magazin\/wp-content\/uploads\/2026\/03\/spiritual-kvintet-betlemska-kaple.jpg","width":1200,"height":739,"caption":"Foto: Ben Sk\u00e1la, Benfoto \/ Creative Commons \/ CC BY-SA, Spiritu\u00e1l kvintet v Betl\u00e9msk\u00e9 kapli v roce 2014"},{"@type":"BreadcrumbList","@id":"https:\/\/www.karaoketexty.cz\/magazin\/spiritual-kvintet-prvni-folkova-kapela-v-ceskoslovensku\/#breadcrumb","itemListElement":[{"@type":"ListItem","position":1,"name":"Dom\u016f","item":"https:\/\/www.karaoketexty.cz\/magazin\/"},{"@type":"ListItem","position":2,"name":"Spiritu\u00e1l Kvintet: Prvn\u00ed folkov\u00e1 kapela v \u010ceskoslovensku"}]},{"@type":"WebSite","@id":"https:\/\/www.karaoketexty.cz\/magazin\/#website","url":"https:\/\/www.karaoketexty.cz\/magazin\/","name":"Stars Magaz\u00edn Karaoketexty.cz","description":"Stars Magaz\u00edn na Karaoketexty.cz je zam\u011b\u0159en\u00fd na novinky ze sv\u011bta hudby a celebrit. Obsahuje \u010dl\u00e1nky o zp\u011bv\u00e1c\u00edch, kapel\u00e1ch, nov\u00fdch albech, hudebn\u00edch trendech a dal\u0161\u00edch zaj\u00edmavostech z hudebn\u00edho pr\u016fmyslu.","potentialAction":[{"@type":"SearchAction","target":{"@type":"EntryPoint","urlTemplate":"https:\/\/www.karaoketexty.cz\/magazin\/?s={search_term_string}"},"query-input":{"@type":"PropertyValueSpecification","valueRequired":true,"valueName":"search_term_string"}}],"inLanguage":"cs"},{"@type":"Person","@id":"https:\/\/www.karaoketexty.cz\/magazin\/#\/schema\/person\/37c0164a04038267c8a56ad6d60df749","name":"Barbora Kop\u0159ivov\u00e1","image":{"@type":"ImageObject","inLanguage":"cs","@id":"https:\/\/secure.gravatar.com\/avatar\/ad2ef9810228386d580851ef4bdde76abaa96054ff5b068c8873bc91afb2df84?s=96&d=mm&r=g","url":"https:\/\/secure.gravatar.com\/avatar\/ad2ef9810228386d580851ef4bdde76abaa96054ff5b068c8873bc91afb2df84?s=96&d=mm&r=g","contentUrl":"https:\/\/secure.gravatar.com\/avatar\/ad2ef9810228386d580851ef4bdde76abaa96054ff5b068c8873bc91afb2df84?s=96&d=mm&r=g","caption":"Barbora Kop\u0159ivov\u00e1"},"url":"https:\/\/www.karaoketexty.cz\/magazin\/author\/barborakoprivova\/"}]}},"_links":{"self":[{"href":"https:\/\/www.karaoketexty.cz\/magazin\/wp-json\/wp\/v2\/posts\/8669","targetHints":{"allow":["GET"]}}],"collection":[{"href":"https:\/\/www.karaoketexty.cz\/magazin\/wp-json\/wp\/v2\/posts"}],"about":[{"href":"https:\/\/www.karaoketexty.cz\/magazin\/wp-json\/wp\/v2\/types\/post"}],"author":[{"embeddable":true,"href":"https:\/\/www.karaoketexty.cz\/magazin\/wp-json\/wp\/v2\/users\/4"}],"replies":[{"embeddable":true,"href":"https:\/\/www.karaoketexty.cz\/magazin\/wp-json\/wp\/v2\/comments?post=8669"}],"version-history":[{"count":4,"href":"https:\/\/www.karaoketexty.cz\/magazin\/wp-json\/wp\/v2\/posts\/8669\/revisions"}],"predecessor-version":[{"id":9029,"href":"https:\/\/www.karaoketexty.cz\/magazin\/wp-json\/wp\/v2\/posts\/8669\/revisions\/9029"}],"wp:featuredmedia":[{"embeddable":true,"href":"https:\/\/www.karaoketexty.cz\/magazin\/wp-json\/wp\/v2\/media\/8858"}],"wp:attachment":[{"href":"https:\/\/www.karaoketexty.cz\/magazin\/wp-json\/wp\/v2\/media?parent=8669"}],"wp:term":[{"taxonomy":"category","embeddable":true,"href":"https:\/\/www.karaoketexty.cz\/magazin\/wp-json\/wp\/v2\/categories?post=8669"},{"taxonomy":"post_tag","embeddable":true,"href":"https:\/\/www.karaoketexty.cz\/magazin\/wp-json\/wp\/v2\/tags?post=8669"}],"curies":[{"name":"wp","href":"https:\/\/api.w.org\/{rel}","templated":true}]}}