{"id":8614,"date":"2026-03-08T10:38:00","date_gmt":"2026-03-08T09:38:00","guid":{"rendered":"https:\/\/www.karaoketexty.cz\/magazin\/?p=8614"},"modified":"2026-03-06T17:53:24","modified_gmt":"2026-03-06T16:53:24","slug":"sen-z-detskeho-pokoje-billie-eilish-se-na-grammy-setkala-s-justinem-bieberem","status":"publish","type":"post","link":"https:\/\/www.karaoketexty.cz\/magazin\/sen-z-detskeho-pokoje-billie-eilish-se-na-grammy-setkala-s-justinem-bieberem\/","title":{"rendered":"Sen z d\u011btsk\u00e9ho pokoje: Billie Eilish se na Grammy setkala s Justinem Bieberem"},"content":{"rendered":"\n<p><strong>Justin Bieber byl teenagersk\u00fdm idolem Billie Eilish. Ka\u017ed\u00e9 jejich setk\u00e1n\u00ed je tak z\u00e1\u017eitek, obzvl\u00e1\u0161\u0165 na p\u0159ed\u00e1v\u00e1n\u00ed cen Grammy Awards.<\/strong><\/p>\n\n\n\n<p>Siln\u00fd popkulturn\u00ed moment p\u0159i\u0161el p\u0159i leto\u0161n\u00edm p\u0159ed\u00e1v\u00e1n\u00ed Grammy. To, co je\u0161t\u011b p\u0159ed lety bylo snem z d\u011btsk\u00e9ho pokoj\u00ed\u010dku introvertn\u00ed teenagerky, se stalo skute\u010dnost\u00ed: dnes ji\u017e t\u00e9\u017e hv\u011bzda Billie Eilish se zde setkala s Justinem Bieberem, sv\u00fdm dlouholet\u00fdm idolem. Na Karaoketexty jsme si v\u0161imli, \u017ee sv\u011bt okam\u017eit\u011b zaplavily reakce o \u201efull-circle momentu\u201c, kter\u00fd vystihuje celou jednu generaci.<\/p>\n\n\n<!-- karaoketexty.cz \/ rectangle2 -->\n<div id=\"PX_37086_709110796310826\"><\/div>\n<script>\n   if(!useMobileAds && !boolUseSeznamAds && !hideAllAds){\n     window.px2 = window.px2 || { conf: {},queue: [] };\n     px2.queue.push(function () {\n        px2.render({\n           slot: {\n              id: 37086\n           },\n            elem: \"PX_37086_709110796310826\"\n        })\n     });\n  }\n<\/script>\n\n<!-- karaoketexty.cz \/ mobile-rectangle3 -->\n<div id=\"PX_37044_714599773297004\"><\/div>\n<script>\n   if(useMobileAds && !boolUseSeznamAds && !hideAllAds){\nwindow.px2 = window.px2 || { conf: {},queue: [] };\npx2.queue.push(function () {\n\tpx2.render({\n\t\tslot: {\n\t\t\tid: 37044\n\t\t},\n\t\telem: \"PX_37044_714599773297004\"\n\t})\n});\n}\n<\/script>\n\n\n<h2 class=\"wp-block-heading\">Sv\u011bt mlad\u00fdch m\u00e9di\u00ed<\/h2>\n\n\n\n<p>Billie Eilish poprv\u00e9 potkala Justina Biebera na Coachelle v roce 2019, co\u017e pro ni byl velk\u00fd z\u00e1\u017eitek, v t\u00e9 dob\u011b pr\u00e1v\u011b po\u0159\u00e1dn\u011b prorazila se sv\u00fdm albem When We All Fall Asleep, Where Do We Go?, tak\u017ee u\u017e rozhodn\u011b nebyla nezn\u00e1mou zp\u011bva\u010dkou. Bylo to setk\u00e1n\u00ed spont\u00e1nn\u00ed a hned se tak\u00e9 objali. <\/p>\n\n\n\n<p>S&nbsp;Justinem Bieberem m\u00e1 Eilish vlastn\u011b mnoh\u00e9 spole\u010dn\u00e9, a\u010d se to na prvn\u00ed pohled nezd\u00e1. Oba se ke sv\u00e9 sl\u00e1v\u011b dostali velmi mlad\u00ed a museli se tak se v\u0161\u00edm vyrovnat za pochodu. Oba prorazili d\u00edky soci\u00e1ln\u00edm s\u00edt\u00edm, streamovac\u00edm slu\u017eb\u00e1m a internetu obecn\u011b, jsou tedy sou\u010d\u00e1st\u00ed syst\u00e9mu, kter\u00fd zcela zm\u011bnil zp\u016fsob, jak\u00fdm se dnes rod\u00ed hv\u011bzdy. Bieber za\u010d\u00ednal jako idol teenager\u016f, Billie Eilish si od po\u010d\u00e1tku budovala image sp\u00ed\u0161e temn\u011bj\u0161\u00ed, introvertn\u011bj\u0161\u00ed.<\/p>\n\n\n<!-- karaoketexty.cz \/ interscroller1 -->\n\n<div id=\"PX_37041_825057871452834\"><\/div>\n<script>\nif(useMobileAds && !boolUseSeznamAds && !hideAllAds){\n\twindow.px2 = window.px2 || { conf: {},queue: [] };\n\tpx2.queue.push(function () {\n\t\tpx2.render({\n\t\t\tslot: {\n\t\t\t\tid: 37041\n\t\t\t},\n\t\t\telem: \"PX_37041_825057871452834\"\n\t\t})\n\t});\n}\n<\/script>\n\n\n<p>A\u010dkoliv se m\u016f\u017ee zd\u00e1t, \u017ee stylem jsou si interpreti vzd\u00e1leni, spole\u010dn\u00e9 jmenovatele p\u0159ece jen lze nal\u00e9zt, a to ne jen tak ledajak\u00e9: V&nbsp;jejich p\u0159\u00edb\u011bz\u00edch se objevuje otev\u0159enost v\u016f\u010di t\u00e9mat\u016fm, jak\u00fdmi jsou cena sl\u00e1vy, identita \u010di du\u0161evn\u00ed zdrav\u00ed. Justin se po letech ve\u0159ejn\u011b vyrovn\u00e1val s&nbsp;vyho\u0159en\u00edm a hled\u00e1n\u00edm rovnov\u00e1hy, Billie zase mluvila o \u00fazkostech a ztr\u00e1t\u011b soukrom\u00ed. Oba ukazuj\u00ed, \u017ee mezi \u00fasp\u011bchem a \u0161t\u011bst\u00edm nemus\u00ed b\u00fdt rovn\u00edtko. Ob\u011bma jde tak\u00e9 o autenticitu, kter\u00e1 d\u00e1v\u00e1 jejich tvorb\u011b hloubku.<\/p>\n\n\n\n<h2 class=\"wp-block-heading\">Justinovy plak\u00e1ty v pokoji<\/h2>\n\n\n\n<p>Billie Eilish se netaj\u00ed t\u00edm, \u017ee pr\u00e1v\u011b Justin Bieber pat\u0159il k&nbsp;um\u011blc\u016fm, kte\u0159\u00ed ji formovali. V&nbsp;ran\u00fdch rozhovorech mluvila o tom, \u017ee jeho p\u00edsn\u011b poslouchala v&nbsp;dob\u011b, kdy nem\u011bla jasno, zda se bude hudb\u011b v\u011bnovat profesion\u00e1ln\u011b. O to siln\u011bji jejich aktu\u00e1ln\u00ed setk\u00e1n\u00ed na Grammy Awards p\u016fsob\u00ed. Pr\u00e1v\u011b to je toti\u017e m\u00edsto, kam dnes oba neodmysliteln\u011b pat\u0159\u00ed a kde jsou respektov\u00e1ni, co\u017e je d\u016fkazem kvality tvorby obou interpret\u016f.<\/p>\n\n\n\n<blockquote class=\"instagram-media\" data-instgrm-captioned data-instgrm-permalink=\"https:\/\/www.instagram.com\/reel\/DUSFIjKE4Jd\/?utm_source=ig_embed&amp;utm_campaign=loading\" data-instgrm-version=\"14\" style=\" background:#FFF; border:0; border-radius:3px; box-shadow:0 0 1px 0 rgba(0,0,0,0.5),0 1px 10px 0 rgba(0,0,0,0.15); margin: 1px; max-width:540px; min-width:326px; padding:0; width:99.375%; width:-webkit-calc(100% - 2px); width:calc(100% - 2px);\"><div style=\"padding:16px;\"> <a href=\"https:\/\/www.instagram.com\/reel\/DUSFIjKE4Jd\/?utm_source=ig_embed&amp;utm_campaign=loading\" style=\" background:#FFFFFF; line-height:0; padding:0 0; text-align:center; text-decoration:none; width:100%;\" target=\"_blank\"> <div style=\" display: flex; flex-direction: row; align-items: center;\"> <div style=\"background-color: #F4F4F4; border-radius: 50%; flex-grow: 0; height: 40px; margin-right: 14px; width: 40px;\"><\/div> <div style=\"display: flex; flex-direction: column; flex-grow: 1; justify-content: center;\"> <div style=\" background-color: #F4F4F4; border-radius: 4px; flex-grow: 0; height: 14px; margin-bottom: 6px; width: 100px;\"><\/div> <div style=\" background-color: #F4F4F4; border-radius: 4px; flex-grow: 0; height: 14px; width: 60px;\"><\/div><\/div><\/div><div style=\"padding: 19% 0;\"><\/div> <div style=\"display:block; height:50px; margin:0 auto 12px; width:50px;\"><svg width=\"50px\" height=\"50px\" viewBox=\"0 0 60 60\" version=\"1.1\" xmlns=\"https:\/\/www.w3.org\/2000\/svg\" xmlns:xlink=\"https:\/\/www.w3.org\/1999\/xlink\"><g stroke=\"none\" stroke-width=\"1\" fill=\"none\" fill-rule=\"evenodd\"><g transform=\"translate(-511.000000, -20.000000)\" fill=\"#000000\"><g><path d=\"M556.869,30.41 C554.814,30.41 553.148,32.076 553.148,34.131 C553.148,36.186 554.814,37.852 556.869,37.852 C558.924,37.852 560.59,36.186 560.59,34.131 C560.59,32.076 558.924,30.41 556.869,30.41 M541,60.657 C535.114,60.657 530.342,55.887 530.342,50 C530.342,44.114 535.114,39.342 541,39.342 C546.887,39.342 551.658,44.114 551.658,50 C551.658,55.887 546.887,60.657 541,60.657 M541,33.886 C532.1,33.886 524.886,41.1 524.886,50 C524.886,58.899 532.1,66.113 541,66.113 C549.9,66.113 557.115,58.899 557.115,50 C557.115,41.1 549.9,33.886 541,33.886 M565.378,62.101 C565.244,65.022 564.756,66.606 564.346,67.663 C563.803,69.06 563.154,70.057 562.106,71.106 C561.058,72.155 560.06,72.803 558.662,73.347 C557.607,73.757 556.021,74.244 553.102,74.378 C549.944,74.521 548.997,74.552 541,74.552 C533.003,74.552 532.056,74.521 528.898,74.378 C525.979,74.244 524.393,73.757 523.338,73.347 C521.94,72.803 520.942,72.155 519.894,71.106 C518.846,70.057 518.197,69.06 517.654,67.663 C517.244,66.606 516.755,65.022 516.623,62.101 C516.479,58.943 516.448,57.996 516.448,50 C516.448,42.003 516.479,41.056 516.623,37.899 C516.755,34.978 517.244,33.391 517.654,32.338 C518.197,30.938 518.846,29.942 519.894,28.894 C520.942,27.846 521.94,27.196 523.338,26.654 C524.393,26.244 525.979,25.756 528.898,25.623 C532.057,25.479 533.004,25.448 541,25.448 C548.997,25.448 549.943,25.479 553.102,25.623 C556.021,25.756 557.607,26.244 558.662,26.654 C560.06,27.196 561.058,27.846 562.106,28.894 C563.154,29.942 563.803,30.938 564.346,32.338 C564.756,33.391 565.244,34.978 565.378,37.899 C565.522,41.056 565.552,42.003 565.552,50 C565.552,57.996 565.522,58.943 565.378,62.101 M570.82,37.631 C570.674,34.438 570.167,32.258 569.425,30.349 C568.659,28.377 567.633,26.702 565.965,25.035 C564.297,23.368 562.623,22.342 560.652,21.575 C558.743,20.834 556.562,20.326 553.369,20.18 C550.169,20.033 549.148,20 541,20 C532.853,20 531.831,20.033 528.631,20.18 C525.438,20.326 523.257,20.834 521.349,21.575 C519.376,22.342 517.703,23.368 516.035,25.035 C514.368,26.702 513.342,28.377 512.574,30.349 C511.834,32.258 511.326,34.438 511.181,37.631 C511.035,40.831 511,41.851 511,50 C511,58.147 511.035,59.17 511.181,62.369 C511.326,65.562 511.834,67.743 512.574,69.651 C513.342,71.625 514.368,73.296 516.035,74.965 C517.703,76.634 519.376,77.658 521.349,78.425 C523.257,79.167 525.438,79.673 528.631,79.82 C531.831,79.965 532.853,80.001 541,80.001 C549.148,80.001 550.169,79.965 553.369,79.82 C556.562,79.673 558.743,79.167 560.652,78.425 C562.623,77.658 564.297,76.634 565.965,74.965 C567.633,73.296 568.659,71.625 569.425,69.651 C570.167,67.743 570.674,65.562 570.82,62.369 C570.966,59.17 571,58.147 571,50 C571,41.851 570.966,40.831 570.82,37.631\"><\/path><\/g><\/g><\/g><\/svg><\/div><div style=\"padding-top: 8px;\"> <div style=\" color:#3897f0; font-family:Arial,sans-serif; font-size:14px; font-style:normal; font-weight:550; line-height:18px;\">Zobrazit p\u0159\u00edsp\u011bvek na Instagramu<\/div><\/div><div style=\"padding: 12.5% 0;\"><\/div> <div style=\"display: flex; flex-direction: row; margin-bottom: 14px; align-items: center;\"><div> <div style=\"background-color: #F4F4F4; border-radius: 50%; height: 12.5px; width: 12.5px; transform: translateX(0px) translateY(7px);\"><\/div> <div style=\"background-color: #F4F4F4; height: 12.5px; transform: rotate(-45deg) translateX(3px) translateY(1px); width: 12.5px; flex-grow: 0; margin-right: 14px; margin-left: 2px;\"><\/div> <div style=\"background-color: #F4F4F4; border-radius: 50%; height: 12.5px; width: 12.5px; transform: translateX(9px) translateY(-18px);\"><\/div><\/div><div style=\"margin-left: 8px;\"> <div style=\" background-color: #F4F4F4; border-radius: 50%; flex-grow: 0; height: 20px; width: 20px;\"><\/div> <div style=\" width: 0; height: 0; border-top: 2px solid transparent; border-left: 6px solid #f4f4f4; border-bottom: 2px solid transparent; transform: translateX(16px) translateY(-4px) rotate(30deg)\"><\/div><\/div><div style=\"margin-left: auto;\"> <div style=\" width: 0px; border-top: 8px solid #F4F4F4; border-right: 8px solid transparent; transform: translateY(16px);\"><\/div> <div style=\" background-color: #F4F4F4; flex-grow: 0; height: 12px; width: 16px; transform: translateY(-4px);\"><\/div> <div style=\" width: 0; height: 0; border-top: 8px solid #F4F4F4; border-left: 8px solid transparent; transform: translateY(-4px) translateX(8px);\"><\/div><\/div><\/div> <div style=\"display: flex; flex-direction: column; flex-grow: 1; justify-content: center; margin-bottom: 24px;\"> <div style=\" background-color: #F4F4F4; border-radius: 4px; flex-grow: 0; height: 14px; margin-bottom: 6px; width: 224px;\"><\/div> <div style=\" background-color: #F4F4F4; border-radius: 4px; flex-grow: 0; height: 14px; width: 144px;\"><\/div><\/div><\/a><p style=\" color:#c9c8cd; font-family:Arial,sans-serif; font-size:14px; line-height:17px; margin-bottom:0; margin-top:8px; overflow:hidden; padding:8px 0 7px; text-align:center; text-overflow:ellipsis; white-space:nowrap;\"><a href=\"https:\/\/www.instagram.com\/reel\/DUSFIjKE4Jd\/?utm_source=ig_embed&amp;utm_campaign=loading\" style=\" color:#c9c8cd; font-family:Arial,sans-serif; font-size:14px; font-style:normal; font-weight:normal; line-height:17px; text-decoration:none;\" target=\"_blank\">P\u0159\u00edsp\u011bvek sd\u00edlen\u00fd Pragativadi (@pragativadi)<\/a><\/p><\/div><\/blockquote>\n<script async src=\"\/\/www.instagram.com\/embed.js\"><\/script>\n\n\n\n<p>Podle dostupn\u00fdch z\u00e1b\u011br\u016f i reakc\u00ed fanou\u0161k\u016f na s\u00edt\u00edch \u0161lo o setk\u00e1n\u00ed klidn\u00e9, neok\u00e1zal\u00e9 a bez grandi\u00f3zn\u00edch gest. Rozhovor dvou lid\u00ed, kte\u0159\u00ed se znaj\u00ed prost\u0159ednictv\u00edm muziky, tich\u00e1 radost a vz\u00e1jemn\u00fd respekt: v&nbsp;tomto duchu se tyto chv\u00edle nesly. Pr\u00e1v\u011b takov\u00e1 sympatick\u00e1 civilnost ud\u011blala z&nbsp;tohoto momentu n\u011bco neopakovateln\u00e9ho. N\u011bco, co nep\u016fsob\u00ed jako marketingov\u00fd tah, ale jako p\u0159\u00edjemn\u00e9 setk\u00e1n\u00ed dvou talentovan\u00fdch lid\u00ed.<\/p>\n\n\n\n<p>Zdroj: Autorsk\u00fd text, <a href=\"https:\/\/cs.wikipedia.org\/wiki\/Billie_Eilish\">Wikipedie<\/a>, <a href=\"https:\/\/www.instagram.com\/p\/DUPVv50Dk8P\/\">Instagram Pragativadi<\/a>, <a href=\"https:\/\/www.eonline.com\/news\/1032661\/billie-eilish-finally-met-justin-bieber-at-coachella\" target=\"_blank\" rel=\"noreferrer noopener nofollow\">Eonline<\/a><\/p>\n\n\n            <a href=\"https:\/\/www.karaoketexty.cz\/magazin\/z-loznice-na-nejvetsi-svetova-podia-jak-pisen-ocean-eyes-odstartovala-karieru-billie-eilish\/\" class=\"related-post-link\">\n                <div class=\"post-thumbnail\">\n                    <img decoding=\"async\" width=\"250\" height=\"141\" src=\"https:\/\/www.karaoketexty.cz\/magazin\/wp-content\/uploads\/2025\/09\/billie-eilish-rekord.jpg\" class=\"attachment-250x180 size-250x180 not-transparent\" alt=\"Billie Eilish rekord\" srcset=\"https:\/\/www.karaoketexty.cz\/magazin\/wp-content\/uploads\/2025\/09\/billie-eilish-rekord.jpg 1200w, https:\/\/www.karaoketexty.cz\/magazin\/wp-content\/uploads\/2025\/09\/billie-eilish-rekord-300x169.jpg 300w, https:\/\/www.karaoketexty.cz\/magazin\/wp-content\/uploads\/2025\/09\/billie-eilish-rekord-1024x576.jpg 1024w, https:\/\/www.karaoketexty.cz\/magazin\/wp-content\/uploads\/2025\/09\/billie-eilish-rekord-768x432.jpg 768w, https:\/\/www.karaoketexty.cz\/magazin\/wp-content\/uploads\/2025\/09\/billie-eilish-rekord-800x450.jpg 800w\" sizes=\"(max-width: 250px) 100vw, 250px\" data-has-transparency=\"false\" data-dominant-color=\"50412f\" style=\"--dominant-color: #50412f;\" \/>                <\/div>\n                <div class=\"post-details\">\n                    <span class=\"also-read\">\u010ct\u011bte tak\u00e9:<\/span>\n                    <h3 class=\"hed\">Z lo\u017enice na nejv\u011bt\u0161\u00ed sv\u011btov\u00e1 p\u00f3dia: Jak p\u00edse\u0148 \u201eOcean Eyes\u201c odstartovala kari\u00e9ru Billie Eilish<\/h3>\n                <\/div>\n            <\/a>\n            \n\n            <a href=\"https:\/\/www.karaoketexty.cz\/magazin\/justin-bieber-se-vratil-na-podium-uplne-jinak-jen-s-kytarou-a-v-boxerkach\/\" class=\"related-post-link\">\n                <div class=\"post-thumbnail\">\n                    <img decoding=\"async\" width=\"250\" height=\"141\" src=\"https:\/\/www.karaoketexty.cz\/magazin\/wp-content\/uploads\/2026\/02\/justin-bieber.jpg\" class=\"attachment-250x180 size-250x180 not-transparent\" alt=\"Justin Bieber\" srcset=\"https:\/\/www.karaoketexty.cz\/magazin\/wp-content\/uploads\/2026\/02\/justin-bieber.jpg 1200w, https:\/\/www.karaoketexty.cz\/magazin\/wp-content\/uploads\/2026\/02\/justin-bieber-300x169.jpg 300w, https:\/\/www.karaoketexty.cz\/magazin\/wp-content\/uploads\/2026\/02\/justin-bieber-1024x576.jpg 1024w, https:\/\/www.karaoketexty.cz\/magazin\/wp-content\/uploads\/2026\/02\/justin-bieber-768x432.jpg 768w, https:\/\/www.karaoketexty.cz\/magazin\/wp-content\/uploads\/2026\/02\/justin-bieber-800x450.jpg 800w\" sizes=\"(max-width: 250px) 100vw, 250px\" data-has-transparency=\"false\" data-dominant-color=\"1e2037\" style=\"--dominant-color: #1e2037;\" \/>                <\/div>\n                <div class=\"post-details\">\n                    <span class=\"also-read\">\u010ct\u011bte tak\u00e9:<\/span>\n                    <h3 class=\"hed\">Justin Bieber se vr\u00e1til na p\u00f3dium \u00fapln\u011b jinak: Jen s kytarou a v boxerk\u00e1ch<\/h3>\n                <\/div>\n            <\/a>\n            ","protected":false},"excerpt":{"rendered":"<p>Justin Bieber byl teenagersk\u00fdm idolem Billie Eilish. Ka\u017ed\u00e9 jejich setk\u00e1n\u00ed je tak z\u00e1\u017eitek, obzvl\u00e1\u0161\u0165 na p\u0159ed\u00e1v\u00e1n\u00ed cen Grammy.<\/p>\n","protected":false},"author":5,"featured_media":1729,"comment_status":"open","ping_status":"closed","sticky":false,"template":"","format":"standard","meta":{"_yoast_wpseo_title":"Setk\u00e1n\u00ed s idolem: Billie Eilish a Justin Bieber na Grammy Awards","_yoast_wpseo_metadesc":"V\u011bd\u011bli jste, \u017ee Justin Bieber byl teenagersk\u00fdm idolem Billie Eilish? Setk\u00e1n\u00ed na p\u0159ed\u00e1v\u00e1n\u00ed Grammy proto bylo ikonick\u00e9.","footnotes":""},"categories":[1059],"tags":[346,795,698,433,348,716,707,444,186,406,4851,539,16,649],"class_list":["post-8614","post","type-post","status-publish","format-standard","has-post-thumbnail","hentry","category-celebrity","tag-billie-eilish","tag-dusevni-zdravi","tag-fanousci","tag-grammy","tag-hudebni-ceny","tag-hudebni-hvezda","tag-hudebni-ikona","tag-hudebni-inspirace","tag-justin-bieber","tag-pop","tag-setkani-celebrit","tag-socialni-site","tag-streamovaci-sluzby","tag-when-we-all-fall-asleep-where-do-we-go"],"yoast_head":"<!-- This site is optimized with the Yoast SEO plugin v27.4 - https:\/\/yoast.com\/product\/yoast-seo-wordpress\/ -->\n<title>Setk\u00e1n\u00ed s idolem: Billie Eilish a Justin Bieber na Grammy Awards<\/title>\n<meta name=\"description\" content=\"V\u011bd\u011bli jste, \u017ee Justin Bieber byl teenagersk\u00fdm idolem Billie Eilish? Setk\u00e1n\u00ed na p\u0159ed\u00e1v\u00e1n\u00ed Grammy proto bylo ikonick\u00e9.\" \/>\n<meta name=\"robots\" content=\"index, follow, max-snippet:-1, max-image-preview:large, max-video-preview:-1\" \/>\n<link rel=\"canonical\" href=\"https:\/\/www.karaoketexty.cz\/magazin\/sen-z-detskeho-pokoje-billie-eilish-se-na-grammy-setkala-s-justinem-bieberem\/\" \/>\n<meta property=\"og:locale\" content=\"cs_CZ\" \/>\n<meta property=\"og:type\" content=\"article\" \/>\n<meta property=\"og:title\" content=\"Setk\u00e1n\u00ed s idolem: Billie Eilish a Justin Bieber na Grammy Awards\" \/>\n<meta property=\"og:description\" content=\"V\u011bd\u011bli jste, \u017ee Justin Bieber byl teenagersk\u00fdm idolem Billie Eilish? Setk\u00e1n\u00ed na p\u0159ed\u00e1v\u00e1n\u00ed Grammy proto bylo ikonick\u00e9.\" \/>\n<meta property=\"og:url\" content=\"https:\/\/www.karaoketexty.cz\/magazin\/sen-z-detskeho-pokoje-billie-eilish-se-na-grammy-setkala-s-justinem-bieberem\/\" \/>\n<meta property=\"og:site_name\" content=\"Stars Magaz\u00edn Karaoketexty.cz\" \/>\n<meta property=\"article:published_time\" content=\"2026-03-08T09:38:00+00:00\" \/>\n<meta property=\"og:image\" content=\"https:\/\/www.karaoketexty.cz\/magazin\/wp-content\/uploads\/2025\/07\/billie-eilish.jpg\" \/>\n\t<meta property=\"og:image:width\" content=\"1200\" \/>\n\t<meta property=\"og:image:height\" content=\"675\" \/>\n\t<meta property=\"og:image:type\" content=\"image\/jpeg\" \/>\n<meta name=\"author\" content=\"Veronika \u0160imkov\u00e1\" \/>\n<meta name=\"twitter:card\" content=\"summary_large_image\" \/>\n<meta name=\"twitter:label1\" content=\"Napsal(a)\" \/>\n\t<meta name=\"twitter:data1\" content=\"Veronika \u0160imkov\u00e1\" \/>\n\t<meta name=\"twitter:label2\" content=\"Odhadovan\u00e1 doba \u010dten\u00ed\" \/>\n\t<meta name=\"twitter:data2\" content=\"3 minuty\" \/>\n<script type=\"application\/ld+json\" class=\"yoast-schema-graph\">{\"@context\":\"https:\\\/\\\/schema.org\",\"@graph\":[{\"@type\":\"Article\",\"@id\":\"https:\\\/\\\/www.karaoketexty.cz\\\/magazin\\\/sen-z-detskeho-pokoje-billie-eilish-se-na-grammy-setkala-s-justinem-bieberem\\\/#article\",\"isPartOf\":{\"@id\":\"https:\\\/\\\/www.karaoketexty.cz\\\/magazin\\\/sen-z-detskeho-pokoje-billie-eilish-se-na-grammy-setkala-s-justinem-bieberem\\\/\"},\"author\":{\"name\":\"Veronika \u0160imkov\u00e1\",\"@id\":\"https:\\\/\\\/www.karaoketexty.cz\\\/magazin\\\/#\\\/schema\\\/person\\\/03220d610ed4cba378a72bac3443f821\"},\"headline\":\"Sen z d\u011btsk\u00e9ho pokoje: Billie Eilish se na Grammy setkala s Justinem Bieberem\",\"datePublished\":\"2026-03-08T09:38:00+00:00\",\"mainEntityOfPage\":{\"@id\":\"https:\\\/\\\/www.karaoketexty.cz\\\/magazin\\\/sen-z-detskeho-pokoje-billie-eilish-se-na-grammy-setkala-s-justinem-bieberem\\\/\"},\"wordCount\":584,\"commentCount\":0,\"image\":{\"@id\":\"https:\\\/\\\/www.karaoketexty.cz\\\/magazin\\\/sen-z-detskeho-pokoje-billie-eilish-se-na-grammy-setkala-s-justinem-bieberem\\\/#primaryimage\"},\"thumbnailUrl\":\"https:\\\/\\\/www.karaoketexty.cz\\\/magazin\\\/wp-content\\\/uploads\\\/2025\\\/07\\\/billie-eilish.jpg\",\"keywords\":[\"Billie Eilish\",\"du\u0161evn\u00ed zdrav\u00ed\",\"fanou\u0161ci\",\"Grammy\",\"Hudebn\u00ed ceny\",\"hudebn\u00ed hv\u011bzda\",\"hudebn\u00ed ikona\",\"hudebn\u00ed inspirace\",\"Justin Bieber\",\"pop\",\"setk\u00e1n\u00ed celebrit\",\"soci\u00e1ln\u00ed s\u00edt\u011b\",\"Streamovac\u00ed slu\u017eby\",\"When We All Fall Asleep Where Do We Go?\"],\"articleSection\":[\"Celebrity\"],\"inLanguage\":\"cs\",\"potentialAction\":[{\"@type\":\"CommentAction\",\"name\":\"Comment\",\"target\":[\"https:\\\/\\\/www.karaoketexty.cz\\\/magazin\\\/sen-z-detskeho-pokoje-billie-eilish-se-na-grammy-setkala-s-justinem-bieberem\\\/#respond\"]}]},{\"@type\":\"WebPage\",\"@id\":\"https:\\\/\\\/www.karaoketexty.cz\\\/magazin\\\/sen-z-detskeho-pokoje-billie-eilish-se-na-grammy-setkala-s-justinem-bieberem\\\/\",\"url\":\"https:\\\/\\\/www.karaoketexty.cz\\\/magazin\\\/sen-z-detskeho-pokoje-billie-eilish-se-na-grammy-setkala-s-justinem-bieberem\\\/\",\"name\":\"Setk\u00e1n\u00ed s idolem: Billie Eilish a Justin Bieber na Grammy Awards\",\"isPartOf\":{\"@id\":\"https:\\\/\\\/www.karaoketexty.cz\\\/magazin\\\/#website\"},\"primaryImageOfPage\":{\"@id\":\"https:\\\/\\\/www.karaoketexty.cz\\\/magazin\\\/sen-z-detskeho-pokoje-billie-eilish-se-na-grammy-setkala-s-justinem-bieberem\\\/#primaryimage\"},\"image\":{\"@id\":\"https:\\\/\\\/www.karaoketexty.cz\\\/magazin\\\/sen-z-detskeho-pokoje-billie-eilish-se-na-grammy-setkala-s-justinem-bieberem\\\/#primaryimage\"},\"thumbnailUrl\":\"https:\\\/\\\/www.karaoketexty.cz\\\/magazin\\\/wp-content\\\/uploads\\\/2025\\\/07\\\/billie-eilish.jpg\",\"datePublished\":\"2026-03-08T09:38:00+00:00\",\"author\":{\"@id\":\"https:\\\/\\\/www.karaoketexty.cz\\\/magazin\\\/#\\\/schema\\\/person\\\/03220d610ed4cba378a72bac3443f821\"},\"description\":\"V\u011bd\u011bli jste, \u017ee Justin Bieber byl teenagersk\u00fdm idolem Billie Eilish? Setk\u00e1n\u00ed na p\u0159ed\u00e1v\u00e1n\u00ed Grammy proto bylo ikonick\u00e9.\",\"breadcrumb\":{\"@id\":\"https:\\\/\\\/www.karaoketexty.cz\\\/magazin\\\/sen-z-detskeho-pokoje-billie-eilish-se-na-grammy-setkala-s-justinem-bieberem\\\/#breadcrumb\"},\"inLanguage\":\"cs\",\"potentialAction\":[{\"@type\":\"ReadAction\",\"target\":[\"https:\\\/\\\/www.karaoketexty.cz\\\/magazin\\\/sen-z-detskeho-pokoje-billie-eilish-se-na-grammy-setkala-s-justinem-bieberem\\\/\"]}]},{\"@type\":\"ImageObject\",\"inLanguage\":\"cs\",\"@id\":\"https:\\\/\\\/www.karaoketexty.cz\\\/magazin\\\/sen-z-detskeho-pokoje-billie-eilish-se-na-grammy-setkala-s-justinem-bieberem\\\/#primaryimage\",\"url\":\"https:\\\/\\\/www.karaoketexty.cz\\\/magazin\\\/wp-content\\\/uploads\\\/2025\\\/07\\\/billie-eilish.jpg\",\"contentUrl\":\"https:\\\/\\\/www.karaoketexty.cz\\\/magazin\\\/wp-content\\\/uploads\\\/2025\\\/07\\\/billie-eilish.jpg\",\"width\":1200,\"height\":675,\"caption\":\"Foto: Foto: Heute.at \\\/ Creative Commons \\\/ CC BY 4.0, Billie Eilish\"},{\"@type\":\"BreadcrumbList\",\"@id\":\"https:\\\/\\\/www.karaoketexty.cz\\\/magazin\\\/sen-z-detskeho-pokoje-billie-eilish-se-na-grammy-setkala-s-justinem-bieberem\\\/#breadcrumb\",\"itemListElement\":[{\"@type\":\"ListItem\",\"position\":1,\"name\":\"Dom\u016f\",\"item\":\"https:\\\/\\\/www.karaoketexty.cz\\\/magazin\\\/\"},{\"@type\":\"ListItem\",\"position\":2,\"name\":\"Sen z d\u011btsk\u00e9ho pokoje: Billie Eilish se na Grammy setkala s Justinem Bieberem\"}]},{\"@type\":\"WebSite\",\"@id\":\"https:\\\/\\\/www.karaoketexty.cz\\\/magazin\\\/#website\",\"url\":\"https:\\\/\\\/www.karaoketexty.cz\\\/magazin\\\/\",\"name\":\"Stars Magaz\u00edn Karaoketexty.cz\",\"description\":\"Stars Magaz\u00edn na Karaoketexty.cz je zam\u011b\u0159en\u00fd na novinky ze sv\u011bta hudby a celebrit. Obsahuje \u010dl\u00e1nky o zp\u011bv\u00e1c\u00edch, kapel\u00e1ch, nov\u00fdch albech, hudebn\u00edch trendech a dal\u0161\u00edch zaj\u00edmavostech z hudebn\u00edho pr\u016fmyslu.\",\"potentialAction\":[{\"@type\":\"SearchAction\",\"target\":{\"@type\":\"EntryPoint\",\"urlTemplate\":\"https:\\\/\\\/www.karaoketexty.cz\\\/magazin\\\/?s={search_term_string}\"},\"query-input\":{\"@type\":\"PropertyValueSpecification\",\"valueRequired\":true,\"valueName\":\"search_term_string\"}}],\"inLanguage\":\"cs\"},{\"@type\":\"Person\",\"@id\":\"https:\\\/\\\/www.karaoketexty.cz\\\/magazin\\\/#\\\/schema\\\/person\\\/03220d610ed4cba378a72bac3443f821\",\"name\":\"Veronika \u0160imkov\u00e1\",\"image\":{\"@type\":\"ImageObject\",\"inLanguage\":\"cs\",\"@id\":\"https:\\\/\\\/secure.gravatar.com\\\/avatar\\\/62af9cda83322200aaf20e60d0442fbca254ce18c0ffdcaaf83de31493c941a5?s=96&d=mm&r=g\",\"url\":\"https:\\\/\\\/secure.gravatar.com\\\/avatar\\\/62af9cda83322200aaf20e60d0442fbca254ce18c0ffdcaaf83de31493c941a5?s=96&d=mm&r=g\",\"contentUrl\":\"https:\\\/\\\/secure.gravatar.com\\\/avatar\\\/62af9cda83322200aaf20e60d0442fbca254ce18c0ffdcaaf83de31493c941a5?s=96&d=mm&r=g\",\"caption\":\"Veronika \u0160imkov\u00e1\"},\"url\":\"https:\\\/\\\/www.karaoketexty.cz\\\/magazin\\\/author\\\/veronikasimkova\\\/\"}]}<\/script>\n<!-- \/ Yoast SEO plugin. -->","yoast_head_json":{"title":"Setk\u00e1n\u00ed s idolem: Billie Eilish a Justin Bieber na Grammy Awards","description":"V\u011bd\u011bli jste, \u017ee Justin Bieber byl teenagersk\u00fdm idolem Billie Eilish? Setk\u00e1n\u00ed na p\u0159ed\u00e1v\u00e1n\u00ed Grammy proto bylo ikonick\u00e9.","robots":{"index":"index","follow":"follow","max-snippet":"max-snippet:-1","max-image-preview":"max-image-preview:large","max-video-preview":"max-video-preview:-1"},"canonical":"https:\/\/www.karaoketexty.cz\/magazin\/sen-z-detskeho-pokoje-billie-eilish-se-na-grammy-setkala-s-justinem-bieberem\/","og_locale":"cs_CZ","og_type":"article","og_title":"Setk\u00e1n\u00ed s idolem: Billie Eilish a Justin Bieber na Grammy Awards","og_description":"V\u011bd\u011bli jste, \u017ee Justin Bieber byl teenagersk\u00fdm idolem Billie Eilish? Setk\u00e1n\u00ed na p\u0159ed\u00e1v\u00e1n\u00ed Grammy proto bylo ikonick\u00e9.","og_url":"https:\/\/www.karaoketexty.cz\/magazin\/sen-z-detskeho-pokoje-billie-eilish-se-na-grammy-setkala-s-justinem-bieberem\/","og_site_name":"Stars Magaz\u00edn Karaoketexty.cz","article_published_time":"2026-03-08T09:38:00+00:00","og_image":[{"width":1200,"height":675,"url":"https:\/\/www.karaoketexty.cz\/magazin\/wp-content\/uploads\/2025\/07\/billie-eilish.jpg","type":"image\/jpeg"}],"author":"Veronika \u0160imkov\u00e1","twitter_card":"summary_large_image","twitter_misc":{"Napsal(a)":"Veronika \u0160imkov\u00e1","Odhadovan\u00e1 doba \u010dten\u00ed":"3 minuty"},"schema":{"@context":"https:\/\/schema.org","@graph":[{"@type":"Article","@id":"https:\/\/www.karaoketexty.cz\/magazin\/sen-z-detskeho-pokoje-billie-eilish-se-na-grammy-setkala-s-justinem-bieberem\/#article","isPartOf":{"@id":"https:\/\/www.karaoketexty.cz\/magazin\/sen-z-detskeho-pokoje-billie-eilish-se-na-grammy-setkala-s-justinem-bieberem\/"},"author":{"name":"Veronika \u0160imkov\u00e1","@id":"https:\/\/www.karaoketexty.cz\/magazin\/#\/schema\/person\/03220d610ed4cba378a72bac3443f821"},"headline":"Sen z d\u011btsk\u00e9ho pokoje: Billie Eilish se na Grammy setkala s Justinem Bieberem","datePublished":"2026-03-08T09:38:00+00:00","mainEntityOfPage":{"@id":"https:\/\/www.karaoketexty.cz\/magazin\/sen-z-detskeho-pokoje-billie-eilish-se-na-grammy-setkala-s-justinem-bieberem\/"},"wordCount":584,"commentCount":0,"image":{"@id":"https:\/\/www.karaoketexty.cz\/magazin\/sen-z-detskeho-pokoje-billie-eilish-se-na-grammy-setkala-s-justinem-bieberem\/#primaryimage"},"thumbnailUrl":"https:\/\/www.karaoketexty.cz\/magazin\/wp-content\/uploads\/2025\/07\/billie-eilish.jpg","keywords":["Billie Eilish","du\u0161evn\u00ed zdrav\u00ed","fanou\u0161ci","Grammy","Hudebn\u00ed ceny","hudebn\u00ed hv\u011bzda","hudebn\u00ed ikona","hudebn\u00ed inspirace","Justin Bieber","pop","setk\u00e1n\u00ed celebrit","soci\u00e1ln\u00ed s\u00edt\u011b","Streamovac\u00ed slu\u017eby","When We All Fall Asleep Where Do We Go?"],"articleSection":["Celebrity"],"inLanguage":"cs","potentialAction":[{"@type":"CommentAction","name":"Comment","target":["https:\/\/www.karaoketexty.cz\/magazin\/sen-z-detskeho-pokoje-billie-eilish-se-na-grammy-setkala-s-justinem-bieberem\/#respond"]}]},{"@type":"WebPage","@id":"https:\/\/www.karaoketexty.cz\/magazin\/sen-z-detskeho-pokoje-billie-eilish-se-na-grammy-setkala-s-justinem-bieberem\/","url":"https:\/\/www.karaoketexty.cz\/magazin\/sen-z-detskeho-pokoje-billie-eilish-se-na-grammy-setkala-s-justinem-bieberem\/","name":"Setk\u00e1n\u00ed s idolem: Billie Eilish a Justin Bieber na Grammy Awards","isPartOf":{"@id":"https:\/\/www.karaoketexty.cz\/magazin\/#website"},"primaryImageOfPage":{"@id":"https:\/\/www.karaoketexty.cz\/magazin\/sen-z-detskeho-pokoje-billie-eilish-se-na-grammy-setkala-s-justinem-bieberem\/#primaryimage"},"image":{"@id":"https:\/\/www.karaoketexty.cz\/magazin\/sen-z-detskeho-pokoje-billie-eilish-se-na-grammy-setkala-s-justinem-bieberem\/#primaryimage"},"thumbnailUrl":"https:\/\/www.karaoketexty.cz\/magazin\/wp-content\/uploads\/2025\/07\/billie-eilish.jpg","datePublished":"2026-03-08T09:38:00+00:00","author":{"@id":"https:\/\/www.karaoketexty.cz\/magazin\/#\/schema\/person\/03220d610ed4cba378a72bac3443f821"},"description":"V\u011bd\u011bli jste, \u017ee Justin Bieber byl teenagersk\u00fdm idolem Billie Eilish? Setk\u00e1n\u00ed na p\u0159ed\u00e1v\u00e1n\u00ed Grammy proto bylo ikonick\u00e9.","breadcrumb":{"@id":"https:\/\/www.karaoketexty.cz\/magazin\/sen-z-detskeho-pokoje-billie-eilish-se-na-grammy-setkala-s-justinem-bieberem\/#breadcrumb"},"inLanguage":"cs","potentialAction":[{"@type":"ReadAction","target":["https:\/\/www.karaoketexty.cz\/magazin\/sen-z-detskeho-pokoje-billie-eilish-se-na-grammy-setkala-s-justinem-bieberem\/"]}]},{"@type":"ImageObject","inLanguage":"cs","@id":"https:\/\/www.karaoketexty.cz\/magazin\/sen-z-detskeho-pokoje-billie-eilish-se-na-grammy-setkala-s-justinem-bieberem\/#primaryimage","url":"https:\/\/www.karaoketexty.cz\/magazin\/wp-content\/uploads\/2025\/07\/billie-eilish.jpg","contentUrl":"https:\/\/www.karaoketexty.cz\/magazin\/wp-content\/uploads\/2025\/07\/billie-eilish.jpg","width":1200,"height":675,"caption":"Foto: Foto: Heute.at \/ Creative Commons \/ CC BY 4.0, Billie Eilish"},{"@type":"BreadcrumbList","@id":"https:\/\/www.karaoketexty.cz\/magazin\/sen-z-detskeho-pokoje-billie-eilish-se-na-grammy-setkala-s-justinem-bieberem\/#breadcrumb","itemListElement":[{"@type":"ListItem","position":1,"name":"Dom\u016f","item":"https:\/\/www.karaoketexty.cz\/magazin\/"},{"@type":"ListItem","position":2,"name":"Sen z d\u011btsk\u00e9ho pokoje: Billie Eilish se na Grammy setkala s Justinem Bieberem"}]},{"@type":"WebSite","@id":"https:\/\/www.karaoketexty.cz\/magazin\/#website","url":"https:\/\/www.karaoketexty.cz\/magazin\/","name":"Stars Magaz\u00edn Karaoketexty.cz","description":"Stars Magaz\u00edn na Karaoketexty.cz je zam\u011b\u0159en\u00fd na novinky ze sv\u011bta hudby a celebrit. Obsahuje \u010dl\u00e1nky o zp\u011bv\u00e1c\u00edch, kapel\u00e1ch, nov\u00fdch albech, hudebn\u00edch trendech a dal\u0161\u00edch zaj\u00edmavostech z hudebn\u00edho pr\u016fmyslu.","potentialAction":[{"@type":"SearchAction","target":{"@type":"EntryPoint","urlTemplate":"https:\/\/www.karaoketexty.cz\/magazin\/?s={search_term_string}"},"query-input":{"@type":"PropertyValueSpecification","valueRequired":true,"valueName":"search_term_string"}}],"inLanguage":"cs"},{"@type":"Person","@id":"https:\/\/www.karaoketexty.cz\/magazin\/#\/schema\/person\/03220d610ed4cba378a72bac3443f821","name":"Veronika \u0160imkov\u00e1","image":{"@type":"ImageObject","inLanguage":"cs","@id":"https:\/\/secure.gravatar.com\/avatar\/62af9cda83322200aaf20e60d0442fbca254ce18c0ffdcaaf83de31493c941a5?s=96&d=mm&r=g","url":"https:\/\/secure.gravatar.com\/avatar\/62af9cda83322200aaf20e60d0442fbca254ce18c0ffdcaaf83de31493c941a5?s=96&d=mm&r=g","contentUrl":"https:\/\/secure.gravatar.com\/avatar\/62af9cda83322200aaf20e60d0442fbca254ce18c0ffdcaaf83de31493c941a5?s=96&d=mm&r=g","caption":"Veronika \u0160imkov\u00e1"},"url":"https:\/\/www.karaoketexty.cz\/magazin\/author\/veronikasimkova\/"}]}},"_links":{"self":[{"href":"https:\/\/www.karaoketexty.cz\/magazin\/wp-json\/wp\/v2\/posts\/8614","targetHints":{"allow":["GET"]}}],"collection":[{"href":"https:\/\/www.karaoketexty.cz\/magazin\/wp-json\/wp\/v2\/posts"}],"about":[{"href":"https:\/\/www.karaoketexty.cz\/magazin\/wp-json\/wp\/v2\/types\/post"}],"author":[{"embeddable":true,"href":"https:\/\/www.karaoketexty.cz\/magazin\/wp-json\/wp\/v2\/users\/5"}],"replies":[{"embeddable":true,"href":"https:\/\/www.karaoketexty.cz\/magazin\/wp-json\/wp\/v2\/comments?post=8614"}],"version-history":[{"count":6,"href":"https:\/\/www.karaoketexty.cz\/magazin\/wp-json\/wp\/v2\/posts\/8614\/revisions"}],"predecessor-version":[{"id":8961,"href":"https:\/\/www.karaoketexty.cz\/magazin\/wp-json\/wp\/v2\/posts\/8614\/revisions\/8961"}],"wp:featuredmedia":[{"embeddable":true,"href":"https:\/\/www.karaoketexty.cz\/magazin\/wp-json\/wp\/v2\/media\/1729"}],"wp:attachment":[{"href":"https:\/\/www.karaoketexty.cz\/magazin\/wp-json\/wp\/v2\/media?parent=8614"}],"wp:term":[{"taxonomy":"category","embeddable":true,"href":"https:\/\/www.karaoketexty.cz\/magazin\/wp-json\/wp\/v2\/categories?post=8614"},{"taxonomy":"post_tag","embeddable":true,"href":"https:\/\/www.karaoketexty.cz\/magazin\/wp-json\/wp\/v2\/tags?post=8614"}],"curies":[{"name":"wp","href":"https:\/\/api.w.org\/{rel}","templated":true}]}}