{"id":861,"date":"2025-06-27T16:32:00","date_gmt":"2025-06-27T14:32:00","guid":{"rendered":"https:\/\/www.karaoketexty.cz\/magazin\/?p=861"},"modified":"2025-06-28T17:15:34","modified_gmt":"2025-06-28T15:15:34","slug":"bono-filmovy-festival-v-cannes-7-minut-potlesku-dokument","status":"publish","type":"post","link":"https:\/\/www.karaoketexty.cz\/magazin\/bono-filmovy-festival-v-cannes-7-minut-potlesku-dokument\/","title":{"rendered":"Bono se stal nejv\u011bt\u0161\u00ed hv\u011bzdou filmov\u00e9ho festivalu v Cannes. Za sv\u016fj dokument sklidil 7 minut potlesku"},"content":{"rendered":"\n<p><strong>Filmov\u00fd festival v Cannes byl letos sv\u011bdkem neuv\u011b\u0159iteln\u00e9ho aplausu. Sklidil ho slavn\u00fd zp\u011bv\u00e1k Bono, a to za dokument\u00e1rn\u00ed film o jeho \u017eivot\u011b.&nbsp;<\/strong><strong><\/strong><\/p>\n\n\n\n<p>Na leto\u0161n\u00edm filmov\u00e9m festivalu v Cannes se irsk\u00fd zp\u011bv\u00e1k\u00a0a\u00a0frontman skupiny U2\u00a0Bono\u00a0do\u010dkal sedmiminutov\u00e9ho potlesku ve stoje po premi\u00e9\u0159e sv\u00e9ho dokument\u00e1rn\u00edho filmu \u201eBono: Stories of Surrender\u201c.\u00a0Dokument,\u00a0kter\u00fd re\u017e\u00edroval\u00a0Andrew Dominik,\u00a0mimo jin\u00e9\u00a0zachycuje Bonovo s\u00f3lov\u00e9 p\u0159edstaven\u00ed v Beacon Theatre v New Yorku\u00a0a je inspirov\u00e1n jeho memo\u00e1ry \u201eSurrender: 40 Songs, One Story\u201c.\u00a0Na Karaoketexty tento po\u010din pova\u017eujeme tak\u00e9 za jedine\u010dn\u00fd pohled na jeho osobn\u00ed \u017eivot.\u00a0<\/p>\n\n\n\n<h2 class=\"wp-block-heading\">Za p\u0159\u00edstup mu lid\u00e9 tleskali 7 minut ve stoje&nbsp;<\/h2>\n\n\n\n<p>Slavn\u00fd zp\u011bv\u00e1k Bono z kapely U2 letos skute\u010dn\u011b p\u0159ekvapil. B\u011bhem filmov\u00e9ho festivalu v Cannes, kter\u00fd byl\u00a0zalo\u017een v roce 1939, toti\u017e p\u0159edstavil dokument o jeho \u017eivot\u011b nesouc\u00ed n\u00e1zev\u00a0\u201eBono: Stories of Surrender\u201c a sklidil za n\u011bj velk\u00fd aplaus. Sn\u00edmek\u00a0nab\u00edz\u00ed intimn\u00ed pohled na\u00a0Bon\u016fv\u00a0\u017eivot,\u00a0tedy\u00a0jeho cestu jako syna, otce, man\u017eela, aktivisty a rockov\u00e9 hv\u011bzdy. Krom\u011b osobn\u00edch p\u0159\u00edb\u011bh\u016f obsahuje i exkluzivn\u00ed \u017eiv\u00e1 vystoupen\u00ed a interpretace klasick\u00fdch p\u00edsn\u00ed U2.\u00a0<\/p>\n\n\n\n<p>Zp\u011bv\u00e1k byl po prvn\u00ed projekci filmu v\u00a0Grand Th\u00e9\u00e2tre Lumi\u00e8re\u00a0s\u00e1m velmi dojat\u00fd, a kdy\u017e p\u0159i\u0161lo na proslov, zam\u011b\u0159il se p\u0159edev\u0161\u00edm na my\u0161lenku samotn\u00e9ho festivalu. Ten toti\u017e vznikal v reakci na fa\u0161ismus a jeho slova kon\u010dila podporou Ukrajiny. Slovy, kter\u00e1 pronesl, otev\u0159enost\u00ed a osobn\u00edm p\u0159\u00edstupem dok\u00e1zal oslovit publikum natolik, \u017ee mu lid\u00e9 tleskali ve stoje dlouh\u00fdch sedm minut. Bono si tedy p\u0159ipsal dal\u0161\u00ed \u00fasp\u011bch, a to nejen jako frontman kapely U2.<\/p>\n\n\n\n<figure class=\"wp-block-embed is-type-video is-provider-youtube wp-block-embed-youtube wp-embed-aspect-16-9 wp-has-aspect-ratio\"><div class=\"wp-block-embed__wrapper\">\n<iframe title=\"Bono: Stories of Surrender \u2014 Official Trailer | Apple TV+\" width=\"500\" height=\"281\" src=\"https:\/\/www.youtube.com\/embed\/p6U1sDbzraE?feature=oembed\" frameborder=\"0\" allow=\"accelerometer; autoplay; clipboard-write; encrypted-media; gyroscope; picture-in-picture; web-share\" referrerpolicy=\"strict-origin-when-cross-origin\" allowfullscreen><\/iframe>\n<\/div><\/figure>\n\n\n\n<p>Premi\u00e9ra filmu\u00a0\u201eBono: Stories of Surrender\u201c\u00a0prob\u011bhla\u00a016. kv\u011btna 2025 a od 30. kv\u011btna je dostupn\u00fd na Apple TV+. Film je k dispozici jak ve standardn\u00edm form\u00e1tu, tak i jako prvn\u00ed celove\u010dern\u00ed sn\u00edmek v Apple Immersive Video pro headset Apple Vision Pro.\u00a0Dokument je mnoha osobnostmi pova\u017eov\u00e1n\u00a0za v\u00fdznamn\u00fd p\u0159\u00edsp\u011bvek k festivalu a potvrzuje, \u017ee lid\u00e9 v tuto chv\u00edli velice oce\u0148uj\u00ed podobnou tvorbu odhaluj\u00edc\u00ed dosud nevid\u011bn\u00e9 str\u00e1nky zn\u00e1m\u00fdch osobnost\u00ed.\u00a0<\/p>\n\n\n\n<p>S\u00e1m Bono v show Jimmyho Kennela n\u011bkolik dn\u00ed po festivalu v Cannes p\u0159iznal, \u017ee je pro n\u011bj t\u011b\u017ek\u00e9 p\u0159ij\u00edmat v\u0161echna ta slova chv\u00e1ly a ani na festivalu, kter\u00fd byl podle jeho n\u00e1zoru pom\u011brn\u011b ok\u00e1zal\u00fd, se nec\u00edtil \u00fapln\u011b ve sv\u00e9 k\u016f\u017ei. Jeho dcera mu pr\u00fd ale poradila, aby svou sl\u00e1vu prost\u011b p\u0159ijal, a tak se rozhodl to ud\u011blat. Bono je tak asi jedin\u00fd \u010dlov\u011bk na planet\u011b, kter\u00fd m\u00e1 probl\u00e9m uznat, jak velkou hv\u011bzdou vlastn\u011b je.<\/p>\n\n\n\n<p>Zdroje: Autorsk\u00fd text, <a href=\"https:\/\/variety.com\/2025\/film\/festivals\/bono-cannes-stories-of-surrender-premiere-1236398893\/\" target=\"_blank\" rel=\"noreferrer noopener nofollow\">Variety<\/a>, <a href=\"https:\/\/www.nme.com\/news\/music\/u2s-bono-receives-seven-minute-standing-ovation-at-cannes-for-new-stories-of-surrender-movie-3863367\" target=\"_blank\" rel=\"noreferrer noopener nofollow\">NME<\/a>, <a href=\"https:\/\/www.youtube.com\/watch?v=LpzS9OyQ7CI\" target=\"_blank\" rel=\"noreferrer noopener nofollow\">Jimmy Kennel Show<\/a><\/p>\n","protected":false},"excerpt":{"rendered":"<p>Filmov\u00fd festival v Cannes byl letos sv\u011bdkem neuv\u011b\u0159iteln\u00e9ho aplausu. Sklidil ho slavn\u00fd zp\u011bv\u00e1k Bono, a to za dokument\u00e1rn\u00ed film o jeho \u017eivot\u011b.\u00a0<\/p>\n","protected":false},"author":6,"featured_media":1474,"comment_status":"open","ping_status":"closed","sticky":false,"template":"","format":"standard","meta":{"_yoast_wpseo_title":"Bono ovl\u00e1dl filmov\u00fd festival v Cannes: Tleskali mu 7 minut v kuse","_yoast_wpseo_metadesc":"Slavn\u00fd zp\u011bv\u00e1k Bono sklidil za sv\u016fj dokument\u00e1rn\u00ed film obrovsk\u00fd aplaus. P\u0159edstavil ho b\u011bhem filmov\u00e9ho festivalu v Cannes.","footnotes":""},"categories":[7],"tags":[177,307,306,28,11],"class_list":["post-861","post","type-post","status-publish","format-standard","has-post-thumbnail","hentry","category-aktuality","tag-bono-vox","tag-cannes","tag-festival-v-cannes","tag-zahranicni-celebrity","tag-zpevak"],"yoast_head":"<!-- This site is optimized with the Yoast SEO plugin v27.4 - https:\/\/yoast.com\/product\/yoast-seo-wordpress\/ -->\n<title>Bono ovl\u00e1dl filmov\u00fd festival v Cannes: Tleskali mu 7 minut v kuse<\/title>\n<meta name=\"description\" content=\"Slavn\u00fd zp\u011bv\u00e1k Bono sklidil za sv\u016fj dokument\u00e1rn\u00ed film obrovsk\u00fd aplaus. P\u0159edstavil ho b\u011bhem filmov\u00e9ho festivalu v Cannes.\" \/>\n<meta name=\"robots\" content=\"index, follow, max-snippet:-1, max-image-preview:large, max-video-preview:-1\" \/>\n<link rel=\"canonical\" href=\"https:\/\/www.karaoketexty.cz\/magazin\/bono-filmovy-festival-v-cannes-7-minut-potlesku-dokument\/\" \/>\n<meta property=\"og:locale\" content=\"cs_CZ\" \/>\n<meta property=\"og:type\" content=\"article\" \/>\n<meta property=\"og:title\" content=\"Bono absolutn\u011b ovl\u00e1dl cel\u00fd filmov\u00fd festival v Cannes. Lid\u00e9 mu tleskali neuv\u011b\u0159iteln\u00fdch 7 minut v kuse. Tohle je tak moc nadchlo\" \/>\n<meta property=\"og:description\" content=\"Slavn\u00fd zp\u011bv\u00e1k Bono sklidil za sv\u016fj dokument\u00e1rn\u00ed film obrovsk\u00fd aplaus. P\u0159edstavil ho b\u011bhem filmov\u00e9ho festivalu v Cannes.\" \/>\n<meta property=\"og:url\" content=\"https:\/\/www.karaoketexty.cz\/magazin\/bono-filmovy-festival-v-cannes-7-minut-potlesku-dokument\/\" \/>\n<meta property=\"og:site_name\" content=\"Stars Magaz\u00edn Karaoketexty.cz\" \/>\n<meta property=\"article:published_time\" content=\"2025-06-27T14:32:00+00:00\" \/>\n<meta property=\"article:modified_time\" content=\"2025-06-28T15:15:34+00:00\" \/>\n<meta property=\"og:image\" content=\"https:\/\/www.karaoketexty.cz\/magazin\/wp-content\/uploads\/2025\/06\/bono-zpevak-u2-1.avif\" \/>\n\t<meta property=\"og:image:width\" content=\"1200\" \/>\n\t<meta property=\"og:image:height\" content=\"630\" \/>\n\t<meta property=\"og:image:type\" content=\"image\/jpeg\" \/>\n<meta name=\"author\" content=\"Franti\u0161ek Zahradn\u00ed\u010dek\" \/>\n<meta name=\"twitter:card\" content=\"summary_large_image\" \/>\n<meta name=\"twitter:label1\" content=\"Napsal(a)\" \/>\n\t<meta name=\"twitter:data1\" content=\"Franti\u0161ek Zahradn\u00ed\u010dek\" \/>\n\t<meta name=\"twitter:label2\" content=\"Odhadovan\u00e1 doba \u010dten\u00ed\" \/>\n\t<meta name=\"twitter:data2\" content=\"3 minuty\" \/>\n<script type=\"application\/ld+json\" class=\"yoast-schema-graph\">{\"@context\":\"https:\\\/\\\/schema.org\",\"@graph\":[{\"@type\":\"Article\",\"@id\":\"https:\\\/\\\/www.karaoketexty.cz\\\/magazin\\\/bono-filmovy-festival-v-cannes-7-minut-potlesku-dokument\\\/#article\",\"isPartOf\":{\"@id\":\"https:\\\/\\\/www.karaoketexty.cz\\\/magazin\\\/bono-filmovy-festival-v-cannes-7-minut-potlesku-dokument\\\/\"},\"author\":{\"name\":\"Franti\u0161ek Zahradn\u00ed\u010dek\",\"@id\":\"https:\\\/\\\/www.karaoketexty.cz\\\/magazin\\\/#\\\/schema\\\/person\\\/69d871cedc122c98723e0f5e1f73fa16\"},\"headline\":\"Bono se stal nejv\u011bt\u0161\u00ed hv\u011bzdou filmov\u00e9ho festivalu v Cannes. Za sv\u016fj dokument sklidil 7 minut potlesku\",\"datePublished\":\"2025-06-27T14:32:00+00:00\",\"dateModified\":\"2025-06-28T15:15:34+00:00\",\"mainEntityOfPage\":{\"@id\":\"https:\\\/\\\/www.karaoketexty.cz\\\/magazin\\\/bono-filmovy-festival-v-cannes-7-minut-potlesku-dokument\\\/\"},\"wordCount\":521,\"commentCount\":0,\"image\":{\"@id\":\"https:\\\/\\\/www.karaoketexty.cz\\\/magazin\\\/bono-filmovy-festival-v-cannes-7-minut-potlesku-dokument\\\/#primaryimage\"},\"thumbnailUrl\":\"https:\\\/\\\/www.karaoketexty.cz\\\/magazin\\\/wp-content\\\/uploads\\\/2025\\\/06\\\/bono-zpevak-u2.avif\",\"keywords\":[\"Bono Vox\",\"Cannes\",\"Festival v Cannes\",\"Zahrani\u010dn\u00ed celebrity\",\"Zp\u011bv\u00e1k\"],\"articleSection\":[\"Aktuality\"],\"inLanguage\":\"cs\",\"potentialAction\":[{\"@type\":\"CommentAction\",\"name\":\"Comment\",\"target\":[\"https:\\\/\\\/www.karaoketexty.cz\\\/magazin\\\/bono-filmovy-festival-v-cannes-7-minut-potlesku-dokument\\\/#respond\"]}]},{\"@type\":\"WebPage\",\"@id\":\"https:\\\/\\\/www.karaoketexty.cz\\\/magazin\\\/bono-filmovy-festival-v-cannes-7-minut-potlesku-dokument\\\/\",\"url\":\"https:\\\/\\\/www.karaoketexty.cz\\\/magazin\\\/bono-filmovy-festival-v-cannes-7-minut-potlesku-dokument\\\/\",\"name\":\"Bono ovl\u00e1dl filmov\u00fd festival v Cannes: Tleskali mu 7 minut v kuse\",\"isPartOf\":{\"@id\":\"https:\\\/\\\/www.karaoketexty.cz\\\/magazin\\\/#website\"},\"primaryImageOfPage\":{\"@id\":\"https:\\\/\\\/www.karaoketexty.cz\\\/magazin\\\/bono-filmovy-festival-v-cannes-7-minut-potlesku-dokument\\\/#primaryimage\"},\"image\":{\"@id\":\"https:\\\/\\\/www.karaoketexty.cz\\\/magazin\\\/bono-filmovy-festival-v-cannes-7-minut-potlesku-dokument\\\/#primaryimage\"},\"thumbnailUrl\":\"https:\\\/\\\/www.karaoketexty.cz\\\/magazin\\\/wp-content\\\/uploads\\\/2025\\\/06\\\/bono-zpevak-u2.avif\",\"datePublished\":\"2025-06-27T14:32:00+00:00\",\"dateModified\":\"2025-06-28T15:15:34+00:00\",\"author\":{\"@id\":\"https:\\\/\\\/www.karaoketexty.cz\\\/magazin\\\/#\\\/schema\\\/person\\\/69d871cedc122c98723e0f5e1f73fa16\"},\"description\":\"Slavn\u00fd zp\u011bv\u00e1k Bono sklidil za sv\u016fj dokument\u00e1rn\u00ed film obrovsk\u00fd aplaus. P\u0159edstavil ho b\u011bhem filmov\u00e9ho festivalu v Cannes.\",\"breadcrumb\":{\"@id\":\"https:\\\/\\\/www.karaoketexty.cz\\\/magazin\\\/bono-filmovy-festival-v-cannes-7-minut-potlesku-dokument\\\/#breadcrumb\"},\"inLanguage\":\"cs\",\"potentialAction\":[{\"@type\":\"ReadAction\",\"target\":[\"https:\\\/\\\/www.karaoketexty.cz\\\/magazin\\\/bono-filmovy-festival-v-cannes-7-minut-potlesku-dokument\\\/\"]}]},{\"@type\":\"ImageObject\",\"inLanguage\":\"cs\",\"@id\":\"https:\\\/\\\/www.karaoketexty.cz\\\/magazin\\\/bono-filmovy-festival-v-cannes-7-minut-potlesku-dokument\\\/#primaryimage\",\"url\":\"https:\\\/\\\/www.karaoketexty.cz\\\/magazin\\\/wp-content\\\/uploads\\\/2025\\\/06\\\/bono-zpevak-u2.avif\",\"contentUrl\":\"https:\\\/\\\/www.karaoketexty.cz\\\/magazin\\\/wp-content\\\/uploads\\\/2025\\\/06\\\/bono-zpevak-u2.avif\",\"width\":1200,\"height\":630,\"caption\":\"Foto: Peter Neill \\\/ Creative Commons \\\/ Attribution 2.0, Bono v roce 2011\"},{\"@type\":\"BreadcrumbList\",\"@id\":\"https:\\\/\\\/www.karaoketexty.cz\\\/magazin\\\/bono-filmovy-festival-v-cannes-7-minut-potlesku-dokument\\\/#breadcrumb\",\"itemListElement\":[{\"@type\":\"ListItem\",\"position\":1,\"name\":\"Dom\u016f\",\"item\":\"https:\\\/\\\/www.karaoketexty.cz\\\/magazin\\\/\"},{\"@type\":\"ListItem\",\"position\":2,\"name\":\"Bono se stal nejv\u011bt\u0161\u00ed hv\u011bzdou filmov\u00e9ho festivalu v Cannes. Za sv\u016fj dokument sklidil 7 minut potlesku\"}]},{\"@type\":\"WebSite\",\"@id\":\"https:\\\/\\\/www.karaoketexty.cz\\\/magazin\\\/#website\",\"url\":\"https:\\\/\\\/www.karaoketexty.cz\\\/magazin\\\/\",\"name\":\"Stars Magaz\u00edn Karaoketexty.cz\",\"description\":\"Stars Magaz\u00edn na Karaoketexty.cz je zam\u011b\u0159en\u00fd na novinky ze sv\u011bta hudby a celebrit. Obsahuje \u010dl\u00e1nky o zp\u011bv\u00e1c\u00edch, kapel\u00e1ch, nov\u00fdch albech, hudebn\u00edch trendech a dal\u0161\u00edch zaj\u00edmavostech z hudebn\u00edho pr\u016fmyslu.\",\"potentialAction\":[{\"@type\":\"SearchAction\",\"target\":{\"@type\":\"EntryPoint\",\"urlTemplate\":\"https:\\\/\\\/www.karaoketexty.cz\\\/magazin\\\/?s={search_term_string}\"},\"query-input\":{\"@type\":\"PropertyValueSpecification\",\"valueRequired\":true,\"valueName\":\"search_term_string\"}}],\"inLanguage\":\"cs\"},{\"@type\":\"Person\",\"@id\":\"https:\\\/\\\/www.karaoketexty.cz\\\/magazin\\\/#\\\/schema\\\/person\\\/69d871cedc122c98723e0f5e1f73fa16\",\"name\":\"Franti\u0161ek Zahradn\u00ed\u010dek\",\"image\":{\"@type\":\"ImageObject\",\"inLanguage\":\"cs\",\"@id\":\"https:\\\/\\\/secure.gravatar.com\\\/avatar\\\/fcc548a9ddc6294d2945bd8730d73ac130db3d13dfd96d644aa093d54c1917b6?s=96&d=mm&r=g\",\"url\":\"https:\\\/\\\/secure.gravatar.com\\\/avatar\\\/fcc548a9ddc6294d2945bd8730d73ac130db3d13dfd96d644aa093d54c1917b6?s=96&d=mm&r=g\",\"contentUrl\":\"https:\\\/\\\/secure.gravatar.com\\\/avatar\\\/fcc548a9ddc6294d2945bd8730d73ac130db3d13dfd96d644aa093d54c1917b6?s=96&d=mm&r=g\",\"caption\":\"Franti\u0161ek Zahradn\u00ed\u010dek\"},\"url\":\"https:\\\/\\\/www.karaoketexty.cz\\\/magazin\\\/author\\\/frantazahrada\\\/\"}]}<\/script>\n<!-- \/ Yoast SEO plugin. -->","yoast_head_json":{"title":"Bono ovl\u00e1dl filmov\u00fd festival v Cannes: Tleskali mu 7 minut v kuse","description":"Slavn\u00fd zp\u011bv\u00e1k Bono sklidil za sv\u016fj dokument\u00e1rn\u00ed film obrovsk\u00fd aplaus. P\u0159edstavil ho b\u011bhem filmov\u00e9ho festivalu v Cannes.","robots":{"index":"index","follow":"follow","max-snippet":"max-snippet:-1","max-image-preview":"max-image-preview:large","max-video-preview":"max-video-preview:-1"},"canonical":"https:\/\/www.karaoketexty.cz\/magazin\/bono-filmovy-festival-v-cannes-7-minut-potlesku-dokument\/","og_locale":"cs_CZ","og_type":"article","og_title":"Bono absolutn\u011b ovl\u00e1dl cel\u00fd filmov\u00fd festival v Cannes. Lid\u00e9 mu tleskali neuv\u011b\u0159iteln\u00fdch 7 minut v kuse. Tohle je tak moc nadchlo","og_description":"Slavn\u00fd zp\u011bv\u00e1k Bono sklidil za sv\u016fj dokument\u00e1rn\u00ed film obrovsk\u00fd aplaus. P\u0159edstavil ho b\u011bhem filmov\u00e9ho festivalu v Cannes.","og_url":"https:\/\/www.karaoketexty.cz\/magazin\/bono-filmovy-festival-v-cannes-7-minut-potlesku-dokument\/","og_site_name":"Stars Magaz\u00edn Karaoketexty.cz","article_published_time":"2025-06-27T14:32:00+00:00","article_modified_time":"2025-06-28T15:15:34+00:00","og_image":[{"width":1200,"height":630,"url":"https:\/\/www.karaoketexty.cz\/magazin\/wp-content\/uploads\/2025\/06\/bono-zpevak-u2-1.avif","type":"image\/jpeg"}],"author":"Franti\u0161ek Zahradn\u00ed\u010dek","twitter_card":"summary_large_image","twitter_misc":{"Napsal(a)":"Franti\u0161ek Zahradn\u00ed\u010dek","Odhadovan\u00e1 doba \u010dten\u00ed":"3 minuty"},"schema":{"@context":"https:\/\/schema.org","@graph":[{"@type":"Article","@id":"https:\/\/www.karaoketexty.cz\/magazin\/bono-filmovy-festival-v-cannes-7-minut-potlesku-dokument\/#article","isPartOf":{"@id":"https:\/\/www.karaoketexty.cz\/magazin\/bono-filmovy-festival-v-cannes-7-minut-potlesku-dokument\/"},"author":{"name":"Franti\u0161ek Zahradn\u00ed\u010dek","@id":"https:\/\/www.karaoketexty.cz\/magazin\/#\/schema\/person\/69d871cedc122c98723e0f5e1f73fa16"},"headline":"Bono se stal nejv\u011bt\u0161\u00ed hv\u011bzdou filmov\u00e9ho festivalu v Cannes. Za sv\u016fj dokument sklidil 7 minut potlesku","datePublished":"2025-06-27T14:32:00+00:00","dateModified":"2025-06-28T15:15:34+00:00","mainEntityOfPage":{"@id":"https:\/\/www.karaoketexty.cz\/magazin\/bono-filmovy-festival-v-cannes-7-minut-potlesku-dokument\/"},"wordCount":521,"commentCount":0,"image":{"@id":"https:\/\/www.karaoketexty.cz\/magazin\/bono-filmovy-festival-v-cannes-7-minut-potlesku-dokument\/#primaryimage"},"thumbnailUrl":"https:\/\/www.karaoketexty.cz\/magazin\/wp-content\/uploads\/2025\/06\/bono-zpevak-u2.avif","keywords":["Bono Vox","Cannes","Festival v Cannes","Zahrani\u010dn\u00ed celebrity","Zp\u011bv\u00e1k"],"articleSection":["Aktuality"],"inLanguage":"cs","potentialAction":[{"@type":"CommentAction","name":"Comment","target":["https:\/\/www.karaoketexty.cz\/magazin\/bono-filmovy-festival-v-cannes-7-minut-potlesku-dokument\/#respond"]}]},{"@type":"WebPage","@id":"https:\/\/www.karaoketexty.cz\/magazin\/bono-filmovy-festival-v-cannes-7-minut-potlesku-dokument\/","url":"https:\/\/www.karaoketexty.cz\/magazin\/bono-filmovy-festival-v-cannes-7-minut-potlesku-dokument\/","name":"Bono ovl\u00e1dl filmov\u00fd festival v Cannes: Tleskali mu 7 minut v kuse","isPartOf":{"@id":"https:\/\/www.karaoketexty.cz\/magazin\/#website"},"primaryImageOfPage":{"@id":"https:\/\/www.karaoketexty.cz\/magazin\/bono-filmovy-festival-v-cannes-7-minut-potlesku-dokument\/#primaryimage"},"image":{"@id":"https:\/\/www.karaoketexty.cz\/magazin\/bono-filmovy-festival-v-cannes-7-minut-potlesku-dokument\/#primaryimage"},"thumbnailUrl":"https:\/\/www.karaoketexty.cz\/magazin\/wp-content\/uploads\/2025\/06\/bono-zpevak-u2.avif","datePublished":"2025-06-27T14:32:00+00:00","dateModified":"2025-06-28T15:15:34+00:00","author":{"@id":"https:\/\/www.karaoketexty.cz\/magazin\/#\/schema\/person\/69d871cedc122c98723e0f5e1f73fa16"},"description":"Slavn\u00fd zp\u011bv\u00e1k Bono sklidil za sv\u016fj dokument\u00e1rn\u00ed film obrovsk\u00fd aplaus. P\u0159edstavil ho b\u011bhem filmov\u00e9ho festivalu v Cannes.","breadcrumb":{"@id":"https:\/\/www.karaoketexty.cz\/magazin\/bono-filmovy-festival-v-cannes-7-minut-potlesku-dokument\/#breadcrumb"},"inLanguage":"cs","potentialAction":[{"@type":"ReadAction","target":["https:\/\/www.karaoketexty.cz\/magazin\/bono-filmovy-festival-v-cannes-7-minut-potlesku-dokument\/"]}]},{"@type":"ImageObject","inLanguage":"cs","@id":"https:\/\/www.karaoketexty.cz\/magazin\/bono-filmovy-festival-v-cannes-7-minut-potlesku-dokument\/#primaryimage","url":"https:\/\/www.karaoketexty.cz\/magazin\/wp-content\/uploads\/2025\/06\/bono-zpevak-u2.avif","contentUrl":"https:\/\/www.karaoketexty.cz\/magazin\/wp-content\/uploads\/2025\/06\/bono-zpevak-u2.avif","width":1200,"height":630,"caption":"Foto: Peter Neill \/ Creative Commons \/ Attribution 2.0, Bono v roce 2011"},{"@type":"BreadcrumbList","@id":"https:\/\/www.karaoketexty.cz\/magazin\/bono-filmovy-festival-v-cannes-7-minut-potlesku-dokument\/#breadcrumb","itemListElement":[{"@type":"ListItem","position":1,"name":"Dom\u016f","item":"https:\/\/www.karaoketexty.cz\/magazin\/"},{"@type":"ListItem","position":2,"name":"Bono se stal nejv\u011bt\u0161\u00ed hv\u011bzdou filmov\u00e9ho festivalu v Cannes. Za sv\u016fj dokument sklidil 7 minut potlesku"}]},{"@type":"WebSite","@id":"https:\/\/www.karaoketexty.cz\/magazin\/#website","url":"https:\/\/www.karaoketexty.cz\/magazin\/","name":"Stars Magaz\u00edn Karaoketexty.cz","description":"Stars Magaz\u00edn na Karaoketexty.cz je zam\u011b\u0159en\u00fd na novinky ze sv\u011bta hudby a celebrit. Obsahuje \u010dl\u00e1nky o zp\u011bv\u00e1c\u00edch, kapel\u00e1ch, nov\u00fdch albech, hudebn\u00edch trendech a dal\u0161\u00edch zaj\u00edmavostech z hudebn\u00edho pr\u016fmyslu.","potentialAction":[{"@type":"SearchAction","target":{"@type":"EntryPoint","urlTemplate":"https:\/\/www.karaoketexty.cz\/magazin\/?s={search_term_string}"},"query-input":{"@type":"PropertyValueSpecification","valueRequired":true,"valueName":"search_term_string"}}],"inLanguage":"cs"},{"@type":"Person","@id":"https:\/\/www.karaoketexty.cz\/magazin\/#\/schema\/person\/69d871cedc122c98723e0f5e1f73fa16","name":"Franti\u0161ek Zahradn\u00ed\u010dek","image":{"@type":"ImageObject","inLanguage":"cs","@id":"https:\/\/secure.gravatar.com\/avatar\/fcc548a9ddc6294d2945bd8730d73ac130db3d13dfd96d644aa093d54c1917b6?s=96&d=mm&r=g","url":"https:\/\/secure.gravatar.com\/avatar\/fcc548a9ddc6294d2945bd8730d73ac130db3d13dfd96d644aa093d54c1917b6?s=96&d=mm&r=g","contentUrl":"https:\/\/secure.gravatar.com\/avatar\/fcc548a9ddc6294d2945bd8730d73ac130db3d13dfd96d644aa093d54c1917b6?s=96&d=mm&r=g","caption":"Franti\u0161ek Zahradn\u00ed\u010dek"},"url":"https:\/\/www.karaoketexty.cz\/magazin\/author\/frantazahrada\/"}]}},"_links":{"self":[{"href":"https:\/\/www.karaoketexty.cz\/magazin\/wp-json\/wp\/v2\/posts\/861","targetHints":{"allow":["GET"]}}],"collection":[{"href":"https:\/\/www.karaoketexty.cz\/magazin\/wp-json\/wp\/v2\/posts"}],"about":[{"href":"https:\/\/www.karaoketexty.cz\/magazin\/wp-json\/wp\/v2\/types\/post"}],"author":[{"embeddable":true,"href":"https:\/\/www.karaoketexty.cz\/magazin\/wp-json\/wp\/v2\/users\/6"}],"replies":[{"embeddable":true,"href":"https:\/\/www.karaoketexty.cz\/magazin\/wp-json\/wp\/v2\/comments?post=861"}],"version-history":[{"count":6,"href":"https:\/\/www.karaoketexty.cz\/magazin\/wp-json\/wp\/v2\/posts\/861\/revisions"}],"predecessor-version":[{"id":1477,"href":"https:\/\/www.karaoketexty.cz\/magazin\/wp-json\/wp\/v2\/posts\/861\/revisions\/1477"}],"wp:featuredmedia":[{"embeddable":true,"href":"https:\/\/www.karaoketexty.cz\/magazin\/wp-json\/wp\/v2\/media\/1474"}],"wp:attachment":[{"href":"https:\/\/www.karaoketexty.cz\/magazin\/wp-json\/wp\/v2\/media?parent=861"}],"wp:term":[{"taxonomy":"category","embeddable":true,"href":"https:\/\/www.karaoketexty.cz\/magazin\/wp-json\/wp\/v2\/categories?post=861"},{"taxonomy":"post_tag","embeddable":true,"href":"https:\/\/www.karaoketexty.cz\/magazin\/wp-json\/wp\/v2\/tags?post=861"}],"curies":[{"name":"wp","href":"https:\/\/api.w.org\/{rel}","templated":true}]}}