{"id":7381,"date":"2026-01-30T07:35:00","date_gmt":"2026-01-30T06:35:00","guid":{"rendered":"https:\/\/www.karaoketexty.cz\/magazin\/?p=7381"},"modified":"2026-01-29T14:07:24","modified_gmt":"2026-01-29T13:07:24","slug":"helena-vondrackova-koncerty-a-obavy","status":"publish","type":"post","link":"https:\/\/www.karaoketexty.cz\/magazin\/helena-vondrackova-koncerty-a-obavy\/","title":{"rendered":"Helena Vondr\u00e1\u010dkov\u00e1 odstartovala svou ro\u010dn\u00ed tour: Prozradila, \u010deho se boj\u00ed nejv\u00edce"},"content":{"rendered":"\n<p><strong>Na p\u00f3di\u00edch se objevuje u\u017e t\u011b\u017eko uv\u011b\u0159iteln\u00fdch \u0161est dek\u00e1d. Nyn\u00ed si Helena Vondr\u00e1\u010dkov\u00e1 pro sv\u00e9 poslucha\u010de p\u0159ipravila rovnou koncertn\u00ed \u0161\u0148\u016fru.<\/strong><\/p>\n\n\n\n<p>HELENA FOREVER je koncertn\u00ed tour, kter\u00e1 odstartovala v\u00a0polovin\u011b ledna 2026. Helena Vondr\u00e1\u010dkov\u00e1, i p\u0159esto, \u017ee je to zku\u0161en\u00e1 um\u011blkyn\u011b, m\u00e1 ohledn\u011b t\u00e9to show trochu obavy. Jak jsme na Karaoketexty zaregistrovali, na \u010dele j\u00ed d\u011bl\u00e1 vr\u00e1sky jedna v\u011bc.<\/p>\n\n\n<!-- karaoketexty.cz \/ rectangle2 -->\n<div id=\"PX_37086_709110796310826\"><\/div>\n<script>\n   if(!useMobileAds && !boolUseSeznamAds && !hideAllAds){\n     window.px2 = window.px2 || { conf: {},queue: [] };\n     px2.queue.push(function () {\n        px2.render({\n           slot: {\n              id: 37086\n           },\n            elem: \"PX_37086_709110796310826\"\n        })\n     });\n  }\n<\/script>\n\n<!-- karaoketexty.cz \/ mobile-rectangle3 -->\n<div id=\"PX_37044_714599773297004\"><\/div>\n<script>\n   if(useMobileAds && !boolUseSeznamAds && !hideAllAds){\nwindow.px2 = window.px2 || { conf: {},queue: [] };\npx2.queue.push(function () {\n\tpx2.render({\n\t\tslot: {\n\t\t\tid: 37044\n\t\t},\n\t\telem: \"PX_37044_714599773297004\"\n\t})\n});\n}\n<\/script>\n\n\n<h2 class=\"wp-block-heading\">Ro\u010dn\u00ed tour pln\u00e1 hudby<\/h2>\n\n\n\n<p>V&nbsp;hudebn\u00ed bran\u017ei p\u016fsob\u00ed Helena Vondr\u00e1\u010dkov\u00e1 u\u017e v\u00edce ne\u017e \u0161edes\u00e1t let, p\u0159esto se ani na chv\u00edli nezastav\u00ed. Pro leto\u0161n\u00ed rok si podle sv\u00e9ho ofici\u00e1ln\u00edho webu p\u0159ipravila tour HELENA FOREVER, \u010d\u00edtaj\u00edc\u00ed p\u011btadvacet r\u016fzn\u00fdch zast\u00e1vek. Od ledna 2026 do prosince 2026, od Plzn\u011b p\u0159es Kladno, T\u0159ebo\u0148, Brno a\u017e po Prahu. Jedin\u00fdm \u010dasem, kdy si zp\u011bva\u010dka bude moci alespo\u0148 trochu vydechnout, je l\u00e9to, na kter\u00e9 nem\u00e1 napl\u00e1novan\u00e9 \u017e\u00e1dn\u00e9 vystoupen\u00ed.<\/p>\n\n\n\n<p>A p\u0159esto\u017ee Vondr\u00e1\u010dkov\u00e1 nen\u00ed \u017e\u00e1dn\u00fd amat\u00e9r a na koncertov\u00e1n\u00ed je v\u00edce ne\u017e p\u0159ipraven\u00e1, p\u0159esto port\u00e1lu Extra sd\u011blila svou obavu. Nem\u00e1 strach z&nbsp;toho, \u017ee by toho na ni v&nbsp;jej\u00edch osmasedmdes\u00e1ti letech bylo moc, nebo z nedostate\u010dn\u00e9 p\u0159\u00edpravy, jak by asi v\u011bt\u0161inu napadlo. To ani v&nbsp;nejmen\u0161\u00edm. Dokonce se nechala sly\u0161et, \u017ee d\u0159\u00edve zvl\u00e1dala stejn\u00fd po\u010det koncert\u016f i za m\u011bs\u00edc, tak\u017ee vzhledem k&nbsp;tomu, \u017ee cel\u00e1 jej\u00ed tour je rozlo\u017een\u00e1 do jednoho roku, ur\u010dit\u011b si s&nbsp;t\u00edm porad\u00ed. Tak\u017ee co d\u011blalo p\u0159ed startem slavn\u00e9 zp\u011bva\u010dce na \u010dele vr\u00e1sky?<\/p>\n\n\n<!-- karaoketexty.cz \/ interscroller1 -->\n\n<div id=\"PX_37041_825057871452834\"><\/div>\n<script>\nif(useMobileAds && !boolUseSeznamAds && !hideAllAds){\n\twindow.px2 = window.px2 || { conf: {},queue: [] };\n\tpx2.queue.push(function () {\n\t\tpx2.render({\n\t\t\tslot: {\n\t\t\t\tid: 37041\n\t\t\t},\n\t\t\telem: \"PX_37041_825057871452834\"\n\t\t})\n\t});\n}\n<\/script>\n\n\n<h2 class=\"wp-block-heading\">\u010cek\u00e1 ji spousta cestov\u00e1n\u00ed<\/h2>\n\n\n\n<p>T\u011b\u017eko v\u011b\u0159it, ale je to po\u010das\u00ed. Helena Vondr\u00e1\u010dkov\u00e1 uvedla, \u017ee cel\u00e1 show za\u010d\u00edn\u00e1 v&nbsp;Plzni, p\u0159itom p\u0159edt\u00edm musela je\u0161t\u011b na ples a na Slovensko, kde se z\u00fa\u010dastnila premi\u00e9ry filmu \u0160vih\u00e1ci. M\u011bla tak obavy, aby po\u010das\u00ed ned\u011blalo probl\u00e9my b\u011bhem cestov\u00e1n\u00ed. V\u0161e ale vy\u0161lo perfektn\u011b a fanou\u0161ci v Plzni si prvn\u00ed koncert velmi u\u017eili. A za sebou m\u00e1 u\u017e tak\u00e9 druh\u00fd koncert v D\u011b\u010d\u00edn\u011b. Dal\u0161\u00ed zast\u00e1vkou bude 4. \u00fanora \u010cesk\u00e1 L\u00edpa a b\u011bhem \u00fanora ji \u010dekaj\u00ed je\u0161t\u011b dal\u0161\u00ed dv\u011b vystoupen\u00ed. I b\u011bhem \u00fanora sice je\u0161t\u011b po\u010das\u00ed m\u016f\u017ee pozlobit, v\u011b\u0159me ale, \u017ee koncerty prob\u011bhnou bez probl\u00e9m\u016f.<\/p>\n\n\n\n<iframe src=\"https:\/\/www.facebook.com\/plugins\/video.php?height=314&#038;href=https%3A%2F%2Fwww.facebook.com%2Freel%2F1249885063668188%2F&#038;show_text=false&#038;width=560&#038;t=0\" width=\"560\" height=\"314\" style=\"border:none;overflow:hidden\" scrolling=\"no\" frameborder=\"0\" allowfullscreen=\"true\" allow=\"autoplay; clipboard-write; encrypted-media; picture-in-picture; web-share\" allowFullScreen=\"true\"><\/iframe>\n\n\n\n<p>Pro \u010desko-slovenskou komedii \u0160vih\u00e1ci ned\u00e1vno Vondr\u00e1\u010dkov\u00e1 o\u017eivila jeden ze sv\u00fdch star\u00fdch hit\u016f. Jedn\u00e1 se o p\u00edse\u0148 Vzh\u016fru k&nbsp;v\u00fd\u0161k\u00e1m, kter\u00fd m\u016f\u017eete zn\u00e1t i z&nbsp;legend\u00e1rn\u00ed komedie S&nbsp;tebou m\u011b bav\u00ed sv\u011bt. Tentokr\u00e1t si ho ale podle port\u00e1lu Den\u00edk zp\u011bva\u010dka \u201est\u0159ihla\u201c jako duet, a to s&nbsp;teprve sedmilet\u00fdm Emanuelem Bugalou. Ve filmu pak zazn\u00ed i singl Dlouh\u00e1 noc. Helena se v\u0161ak na filmu pod\u00edlela je\u0161t\u011b v\u00edce, zahr\u00e1la si v&nbsp;n\u011bm toti\u017e i n\u011bkolik sc\u00e9n.<\/p>\n\n\n\n<p>Zdroje: Autorsk\u00fd text, <a href=\"https:\/\/www.denik.cz\/hudba\/helena-vondrackova-vzhuru-k-vyskam-novy-klip-emanuel-bugala.html\" target=\"_blank\" rel=\"noreferrer noopener nofollow\">Den\u00edk<\/a>, Ofici\u00e1ln\u00ed web Helena Vondr\u00e1\u010dkov\u00e1, <a href=\"https:\/\/www.facebook.com\/reel\/1249885063668188\" target=\"_blank\" rel=\"noreferrer noopener nofollow\">Facebook Regio TV<\/a>, <a href=\"https:\/\/www.extra.cz\/narocne-obdobi-heleny-vondrackove-ceka-ji-obrovska-vyzva-zpevacka-priznala-obavy-da1be\" target=\"_blank\" rel=\"noreferrer noopener nofollow\">Extra<\/a><\/p>\n\n\n            <a href=\"https:\/\/www.karaoketexty.cz\/magazin\/dum-heleny-vondrackove-se-promenil-ve-vanocni-pohadku-jeji-dum-zari-do-dalky-a-tesi-celou-ritku\/\" class=\"related-post-link\">\n                <div class=\"post-thumbnail\">\n                    <img decoding=\"async\" width=\"250\" height=\"141\" src=\"https:\/\/www.karaoketexty.cz\/magazin\/wp-content\/uploads\/2025\/12\/helena-vondrackova.jpg\" class=\"attachment-250x180 size-250x180 not-transparent\" alt=\"Helena Vondr\u00e1\u010dkov\u00e1\" srcset=\"https:\/\/www.karaoketexty.cz\/magazin\/wp-content\/uploads\/2025\/12\/helena-vondrackova.jpg 1200w, https:\/\/www.karaoketexty.cz\/magazin\/wp-content\/uploads\/2025\/12\/helena-vondrackova-300x169.jpg 300w, https:\/\/www.karaoketexty.cz\/magazin\/wp-content\/uploads\/2025\/12\/helena-vondrackova-1024x576.jpg 1024w, https:\/\/www.karaoketexty.cz\/magazin\/wp-content\/uploads\/2025\/12\/helena-vondrackova-768x432.jpg 768w, https:\/\/www.karaoketexty.cz\/magazin\/wp-content\/uploads\/2025\/12\/helena-vondrackova-800x450.jpg 800w\" sizes=\"(max-width: 250px) 100vw, 250px\" data-has-transparency=\"false\" data-dominant-color=\"d8cace\" style=\"--dominant-color: #d8cace;\" \/>                <\/div>\n                <div class=\"post-details\">\n                    <span class=\"also-read\">\u010ct\u011bte tak\u00e9:<\/span>\n                    <h3 class=\"hed\">D\u016fm Heleny Vondr\u00e1\u010dkov\u00e9 se prom\u011bnil ve v\u00e1no\u010dn\u00ed poh\u00e1dku: Jej\u00ed d\u016fm z\u00e1\u0159\u00ed do d\u00e1lky a t\u011b\u0161\u00ed celou \u0158itku<\/h3>\n                <\/div>\n            <\/a>\n            \n\n            <a href=\"https:\/\/www.karaoketexty.cz\/magazin\/pisen-pro-cely-svet-od-heleny-vondrackove-jeste-svetu-sanci-dej\/\" class=\"related-post-link\">\n                <div class=\"post-thumbnail\">\n                    <img decoding=\"async\" width=\"250\" height=\"141\" src=\"https:\/\/www.karaoketexty.cz\/magazin\/wp-content\/uploads\/2025\/11\/helena-vondrackova-4.jpg\" class=\"attachment-250x180 size-250x180 not-transparent\" alt=\"Fotografie Heleny Vondr\u00e1\u010dkov\u00e9\" srcset=\"https:\/\/www.karaoketexty.cz\/magazin\/wp-content\/uploads\/2025\/11\/helena-vondrackova-4.jpg 1200w, https:\/\/www.karaoketexty.cz\/magazin\/wp-content\/uploads\/2025\/11\/helena-vondrackova-4-300x169.jpg 300w, https:\/\/www.karaoketexty.cz\/magazin\/wp-content\/uploads\/2025\/11\/helena-vondrackova-4-1024x576.jpg 1024w, https:\/\/www.karaoketexty.cz\/magazin\/wp-content\/uploads\/2025\/11\/helena-vondrackova-4-768x432.jpg 768w, https:\/\/www.karaoketexty.cz\/magazin\/wp-content\/uploads\/2025\/11\/helena-vondrackova-4-800x450.jpg 800w\" sizes=\"(max-width: 250px) 100vw, 250px\" data-has-transparency=\"false\" data-dominant-color=\"aea2a4\" style=\"--dominant-color: #aea2a4;\" \/>                <\/div>\n                <div class=\"post-details\">\n                    <span class=\"also-read\">\u010ct\u011bte tak\u00e9:<\/span>\n                    <h3 class=\"hed\">P\u00edse\u0148 pro cel\u00fd sv\u011bt od Heleny Vondr\u00e1\u010dkov\u00e9: Je\u0161t\u011b sv\u011btu \u0161anci dej<\/h3>\n                <\/div>\n            <\/a>\n            ","protected":false},"excerpt":{"rendered":"<p>Na p\u00f3di\u00edch se objevuje u\u017e t\u011b\u017eko uv\u011b\u0159iteln\u00fdch \u0161est dek\u00e1d. Nyn\u00ed si Helena Vondr\u00e1\u010dkov\u00e1 pro sv\u00e9 poslucha\u010de p\u0159ipravila rovnou koncertn\u00ed \u0161\u0148\u016fru.<\/p>\n","protected":false},"author":5,"featured_media":7382,"comment_status":"open","ping_status":"closed","sticky":false,"template":"","format":"standard","meta":{"_yoast_wpseo_title":"Helena Vondr\u00e1\u010dkov\u00e1 m\u00e1 obavy ohledn\u011b sv\u00e9 show","_yoast_wpseo_metadesc":"Helena Vondr\u00e1\u010dkov\u00e1 odstartovala svou koncertn\u00ed tour HELENA FOREVER. Jedna v\u011bc j\u00ed v\u0161ak i p\u0159esto trochu t\u00ed\u017e\u00ed mysl.","footnotes":""},"categories":[1059],"tags":[562,1425,5921,328,1390,399,754,388,813,796,490,262],"class_list":["post-7381","post","type-post","status-publish","format-standard","has-post-thumbnail","hentry","category-celebrity","tag-ceska-celebrita","tag-ceska-zpevacka","tag-helena-forever","tag-helena-vondrackova","tag-hudebni-kariera","tag-hudebni-legenda","tag-hudebni-odkaz","tag-hudebni-vystoupeni","tag-koncertni-tour","tag-koncertni-turne","tag-koncerty","tag-vyroci"],"yoast_head":"<!-- This site is optimized with the Yoast SEO plugin v27.5 - https:\/\/yoast.com\/product\/yoast-seo-wordpress\/ -->\n<title>Helena Vondr\u00e1\u010dkov\u00e1 m\u00e1 obavy ohledn\u011b sv\u00e9 show<\/title>\n<meta name=\"description\" content=\"Helena Vondr\u00e1\u010dkov\u00e1 odstartovala svou koncertn\u00ed tour HELENA FOREVER. Jedna v\u011bc j\u00ed v\u0161ak i p\u0159esto trochu t\u00ed\u017e\u00ed mysl.\" \/>\n<meta name=\"robots\" content=\"index, follow, max-snippet:-1, max-image-preview:large, max-video-preview:-1\" \/>\n<link rel=\"canonical\" href=\"https:\/\/www.karaoketexty.cz\/magazin\/helena-vondrackova-koncerty-a-obavy\/\" \/>\n<meta property=\"og:locale\" content=\"cs_CZ\" \/>\n<meta property=\"og:type\" content=\"article\" \/>\n<meta property=\"og:title\" content=\"Helena Vondr\u00e1\u010dkov\u00e1 m\u00e1 obavy ohledn\u011b sv\u00e9 show\" \/>\n<meta property=\"og:description\" content=\"Helena Vondr\u00e1\u010dkov\u00e1 odstartovala svou koncertn\u00ed tour HELENA FOREVER. Jedna v\u011bc j\u00ed v\u0161ak i p\u0159esto trochu t\u00ed\u017e\u00ed mysl.\" \/>\n<meta property=\"og:url\" content=\"https:\/\/www.karaoketexty.cz\/magazin\/helena-vondrackova-koncerty-a-obavy\/\" \/>\n<meta property=\"og:site_name\" content=\"Stars Magaz\u00edn Karaoketexty.cz\" \/>\n<meta property=\"article:published_time\" content=\"2026-01-30T06:35:00+00:00\" \/>\n<meta property=\"og:image\" content=\"https:\/\/www.karaoketexty.cz\/magazin\/wp-content\/uploads\/2026\/01\/helena-vondrackova-e1769690188196.jpg\" \/>\n\t<meta property=\"og:image:width\" content=\"1200\" \/>\n\t<meta property=\"og:image:height\" content=\"868\" \/>\n\t<meta property=\"og:image:type\" content=\"image\/jpeg\" \/>\n<meta name=\"author\" content=\"Veronika \u0160imkov\u00e1\" \/>\n<meta name=\"twitter:card\" content=\"summary_large_image\" \/>\n<meta name=\"twitter:label1\" content=\"Napsal(a)\" \/>\n\t<meta name=\"twitter:data1\" content=\"Veronika \u0160imkov\u00e1\" \/>\n\t<meta name=\"twitter:label2\" content=\"Odhadovan\u00e1 doba \u010dten\u00ed\" \/>\n\t<meta name=\"twitter:data2\" content=\"3 minuty\" \/>\n<script type=\"application\/ld+json\" class=\"yoast-schema-graph\">{\"@context\":\"https:\\\/\\\/schema.org\",\"@graph\":[{\"@type\":\"Article\",\"@id\":\"https:\\\/\\\/www.karaoketexty.cz\\\/magazin\\\/helena-vondrackova-koncerty-a-obavy\\\/#article\",\"isPartOf\":{\"@id\":\"https:\\\/\\\/www.karaoketexty.cz\\\/magazin\\\/helena-vondrackova-koncerty-a-obavy\\\/\"},\"author\":{\"name\":\"Veronika \u0160imkov\u00e1\",\"@id\":\"https:\\\/\\\/www.karaoketexty.cz\\\/magazin\\\/#\\\/schema\\\/person\\\/03220d610ed4cba378a72bac3443f821\"},\"headline\":\"Helena Vondr\u00e1\u010dkov\u00e1 odstartovala svou ro\u010dn\u00ed tour: Prozradila, \u010deho se boj\u00ed nejv\u00edce\",\"datePublished\":\"2026-01-30T06:35:00+00:00\",\"mainEntityOfPage\":{\"@id\":\"https:\\\/\\\/www.karaoketexty.cz\\\/magazin\\\/helena-vondrackova-koncerty-a-obavy\\\/\"},\"wordCount\":562,\"commentCount\":0,\"image\":{\"@id\":\"https:\\\/\\\/www.karaoketexty.cz\\\/magazin\\\/helena-vondrackova-koncerty-a-obavy\\\/#primaryimage\"},\"thumbnailUrl\":\"https:\\\/\\\/www.karaoketexty.cz\\\/magazin\\\/wp-content\\\/uploads\\\/2026\\\/01\\\/helena-vondrackova-e1769690188196.jpg\",\"keywords\":[\"\u010desk\u00e1 celebrita\",\"\u010desk\u00e1 zp\u011bva\u010dka\",\"HELENA FOREVER\",\"Helena Vondr\u00e1\u010dkov\u00e1\",\"hudebn\u00ed kari\u00e9ra\",\"hudebn\u00ed legenda\",\"hudebn\u00ed odkaz\",\"hudebn\u00ed vystoupen\u00ed\",\"koncertn\u00ed tour\",\"koncertn\u00ed turn\u00e9\",\"koncerty\",\"V\u00fdro\u010d\u00ed\"],\"articleSection\":[\"Celebrity\"],\"inLanguage\":\"cs\",\"potentialAction\":[{\"@type\":\"CommentAction\",\"name\":\"Comment\",\"target\":[\"https:\\\/\\\/www.karaoketexty.cz\\\/magazin\\\/helena-vondrackova-koncerty-a-obavy\\\/#respond\"]}]},{\"@type\":\"WebPage\",\"@id\":\"https:\\\/\\\/www.karaoketexty.cz\\\/magazin\\\/helena-vondrackova-koncerty-a-obavy\\\/\",\"url\":\"https:\\\/\\\/www.karaoketexty.cz\\\/magazin\\\/helena-vondrackova-koncerty-a-obavy\\\/\",\"name\":\"Helena Vondr\u00e1\u010dkov\u00e1 m\u00e1 obavy ohledn\u011b sv\u00e9 show\",\"isPartOf\":{\"@id\":\"https:\\\/\\\/www.karaoketexty.cz\\\/magazin\\\/#website\"},\"primaryImageOfPage\":{\"@id\":\"https:\\\/\\\/www.karaoketexty.cz\\\/magazin\\\/helena-vondrackova-koncerty-a-obavy\\\/#primaryimage\"},\"image\":{\"@id\":\"https:\\\/\\\/www.karaoketexty.cz\\\/magazin\\\/helena-vondrackova-koncerty-a-obavy\\\/#primaryimage\"},\"thumbnailUrl\":\"https:\\\/\\\/www.karaoketexty.cz\\\/magazin\\\/wp-content\\\/uploads\\\/2026\\\/01\\\/helena-vondrackova-e1769690188196.jpg\",\"datePublished\":\"2026-01-30T06:35:00+00:00\",\"author\":{\"@id\":\"https:\\\/\\\/www.karaoketexty.cz\\\/magazin\\\/#\\\/schema\\\/person\\\/03220d610ed4cba378a72bac3443f821\"},\"description\":\"Helena Vondr\u00e1\u010dkov\u00e1 odstartovala svou koncertn\u00ed tour HELENA FOREVER. Jedna v\u011bc j\u00ed v\u0161ak i p\u0159esto trochu t\u00ed\u017e\u00ed mysl.\",\"breadcrumb\":{\"@id\":\"https:\\\/\\\/www.karaoketexty.cz\\\/magazin\\\/helena-vondrackova-koncerty-a-obavy\\\/#breadcrumb\"},\"inLanguage\":\"cs\",\"potentialAction\":[{\"@type\":\"ReadAction\",\"target\":[\"https:\\\/\\\/www.karaoketexty.cz\\\/magazin\\\/helena-vondrackova-koncerty-a-obavy\\\/\"]}]},{\"@type\":\"ImageObject\",\"inLanguage\":\"cs\",\"@id\":\"https:\\\/\\\/www.karaoketexty.cz\\\/magazin\\\/helena-vondrackova-koncerty-a-obavy\\\/#primaryimage\",\"url\":\"https:\\\/\\\/www.karaoketexty.cz\\\/magazin\\\/wp-content\\\/uploads\\\/2026\\\/01\\\/helena-vondrackova-e1769690188196.jpg\",\"contentUrl\":\"https:\\\/\\\/www.karaoketexty.cz\\\/magazin\\\/wp-content\\\/uploads\\\/2026\\\/01\\\/helena-vondrackova-e1769690188196.jpg\",\"width\":1200,\"height\":868,\"caption\":\"Foto: NextFoto, Film \u0160vih\u00e1ci m\u011bl 12. 1. 2026 premi\u00e9ru v pra\u017esk\u00e9m kin\u011b Lucerna.\"},{\"@type\":\"BreadcrumbList\",\"@id\":\"https:\\\/\\\/www.karaoketexty.cz\\\/magazin\\\/helena-vondrackova-koncerty-a-obavy\\\/#breadcrumb\",\"itemListElement\":[{\"@type\":\"ListItem\",\"position\":1,\"name\":\"Dom\u016f\",\"item\":\"https:\\\/\\\/www.karaoketexty.cz\\\/magazin\\\/\"},{\"@type\":\"ListItem\",\"position\":2,\"name\":\"Helena Vondr\u00e1\u010dkov\u00e1 odstartovala svou ro\u010dn\u00ed tour: Prozradila, \u010deho se boj\u00ed nejv\u00edce\"}]},{\"@type\":\"WebSite\",\"@id\":\"https:\\\/\\\/www.karaoketexty.cz\\\/magazin\\\/#website\",\"url\":\"https:\\\/\\\/www.karaoketexty.cz\\\/magazin\\\/\",\"name\":\"Stars Magaz\u00edn Karaoketexty.cz\",\"description\":\"Stars Magaz\u00edn na Karaoketexty.cz je zam\u011b\u0159en\u00fd na novinky ze sv\u011bta hudby a celebrit. Obsahuje \u010dl\u00e1nky o zp\u011bv\u00e1c\u00edch, kapel\u00e1ch, nov\u00fdch albech, hudebn\u00edch trendech a dal\u0161\u00edch zaj\u00edmavostech z hudebn\u00edho pr\u016fmyslu.\",\"potentialAction\":[{\"@type\":\"SearchAction\",\"target\":{\"@type\":\"EntryPoint\",\"urlTemplate\":\"https:\\\/\\\/www.karaoketexty.cz\\\/magazin\\\/?s={search_term_string}\"},\"query-input\":{\"@type\":\"PropertyValueSpecification\",\"valueRequired\":true,\"valueName\":\"search_term_string\"}}],\"inLanguage\":\"cs\"},{\"@type\":\"Person\",\"@id\":\"https:\\\/\\\/www.karaoketexty.cz\\\/magazin\\\/#\\\/schema\\\/person\\\/03220d610ed4cba378a72bac3443f821\",\"name\":\"Veronika \u0160imkov\u00e1\",\"image\":{\"@type\":\"ImageObject\",\"inLanguage\":\"cs\",\"@id\":\"https:\\\/\\\/secure.gravatar.com\\\/avatar\\\/62af9cda83322200aaf20e60d0442fbca254ce18c0ffdcaaf83de31493c941a5?s=96&d=mm&r=g\",\"url\":\"https:\\\/\\\/secure.gravatar.com\\\/avatar\\\/62af9cda83322200aaf20e60d0442fbca254ce18c0ffdcaaf83de31493c941a5?s=96&d=mm&r=g\",\"contentUrl\":\"https:\\\/\\\/secure.gravatar.com\\\/avatar\\\/62af9cda83322200aaf20e60d0442fbca254ce18c0ffdcaaf83de31493c941a5?s=96&d=mm&r=g\",\"caption\":\"Veronika \u0160imkov\u00e1\"},\"url\":\"https:\\\/\\\/www.karaoketexty.cz\\\/magazin\\\/author\\\/veronikasimkova\\\/\"}]}<\/script>\n<!-- \/ Yoast SEO plugin. -->","yoast_head_json":{"title":"Helena Vondr\u00e1\u010dkov\u00e1 m\u00e1 obavy ohledn\u011b sv\u00e9 show","description":"Helena Vondr\u00e1\u010dkov\u00e1 odstartovala svou koncertn\u00ed tour HELENA FOREVER. Jedna v\u011bc j\u00ed v\u0161ak i p\u0159esto trochu t\u00ed\u017e\u00ed mysl.","robots":{"index":"index","follow":"follow","max-snippet":"max-snippet:-1","max-image-preview":"max-image-preview:large","max-video-preview":"max-video-preview:-1"},"canonical":"https:\/\/www.karaoketexty.cz\/magazin\/helena-vondrackova-koncerty-a-obavy\/","og_locale":"cs_CZ","og_type":"article","og_title":"Helena Vondr\u00e1\u010dkov\u00e1 m\u00e1 obavy ohledn\u011b sv\u00e9 show","og_description":"Helena Vondr\u00e1\u010dkov\u00e1 odstartovala svou koncertn\u00ed tour HELENA FOREVER. Jedna v\u011bc j\u00ed v\u0161ak i p\u0159esto trochu t\u00ed\u017e\u00ed mysl.","og_url":"https:\/\/www.karaoketexty.cz\/magazin\/helena-vondrackova-koncerty-a-obavy\/","og_site_name":"Stars Magaz\u00edn Karaoketexty.cz","article_published_time":"2026-01-30T06:35:00+00:00","og_image":[{"width":1200,"height":868,"url":"https:\/\/www.karaoketexty.cz\/magazin\/wp-content\/uploads\/2026\/01\/helena-vondrackova-e1769690188196.jpg","type":"image\/jpeg"}],"author":"Veronika \u0160imkov\u00e1","twitter_card":"summary_large_image","twitter_misc":{"Napsal(a)":"Veronika \u0160imkov\u00e1","Odhadovan\u00e1 doba \u010dten\u00ed":"3 minuty"},"schema":{"@context":"https:\/\/schema.org","@graph":[{"@type":"Article","@id":"https:\/\/www.karaoketexty.cz\/magazin\/helena-vondrackova-koncerty-a-obavy\/#article","isPartOf":{"@id":"https:\/\/www.karaoketexty.cz\/magazin\/helena-vondrackova-koncerty-a-obavy\/"},"author":{"name":"Veronika \u0160imkov\u00e1","@id":"https:\/\/www.karaoketexty.cz\/magazin\/#\/schema\/person\/03220d610ed4cba378a72bac3443f821"},"headline":"Helena Vondr\u00e1\u010dkov\u00e1 odstartovala svou ro\u010dn\u00ed tour: Prozradila, \u010deho se boj\u00ed nejv\u00edce","datePublished":"2026-01-30T06:35:00+00:00","mainEntityOfPage":{"@id":"https:\/\/www.karaoketexty.cz\/magazin\/helena-vondrackova-koncerty-a-obavy\/"},"wordCount":562,"commentCount":0,"image":{"@id":"https:\/\/www.karaoketexty.cz\/magazin\/helena-vondrackova-koncerty-a-obavy\/#primaryimage"},"thumbnailUrl":"https:\/\/www.karaoketexty.cz\/magazin\/wp-content\/uploads\/2026\/01\/helena-vondrackova-e1769690188196.jpg","keywords":["\u010desk\u00e1 celebrita","\u010desk\u00e1 zp\u011bva\u010dka","HELENA FOREVER","Helena Vondr\u00e1\u010dkov\u00e1","hudebn\u00ed kari\u00e9ra","hudebn\u00ed legenda","hudebn\u00ed odkaz","hudebn\u00ed vystoupen\u00ed","koncertn\u00ed tour","koncertn\u00ed turn\u00e9","koncerty","V\u00fdro\u010d\u00ed"],"articleSection":["Celebrity"],"inLanguage":"cs","potentialAction":[{"@type":"CommentAction","name":"Comment","target":["https:\/\/www.karaoketexty.cz\/magazin\/helena-vondrackova-koncerty-a-obavy\/#respond"]}]},{"@type":"WebPage","@id":"https:\/\/www.karaoketexty.cz\/magazin\/helena-vondrackova-koncerty-a-obavy\/","url":"https:\/\/www.karaoketexty.cz\/magazin\/helena-vondrackova-koncerty-a-obavy\/","name":"Helena Vondr\u00e1\u010dkov\u00e1 m\u00e1 obavy ohledn\u011b sv\u00e9 show","isPartOf":{"@id":"https:\/\/www.karaoketexty.cz\/magazin\/#website"},"primaryImageOfPage":{"@id":"https:\/\/www.karaoketexty.cz\/magazin\/helena-vondrackova-koncerty-a-obavy\/#primaryimage"},"image":{"@id":"https:\/\/www.karaoketexty.cz\/magazin\/helena-vondrackova-koncerty-a-obavy\/#primaryimage"},"thumbnailUrl":"https:\/\/www.karaoketexty.cz\/magazin\/wp-content\/uploads\/2026\/01\/helena-vondrackova-e1769690188196.jpg","datePublished":"2026-01-30T06:35:00+00:00","author":{"@id":"https:\/\/www.karaoketexty.cz\/magazin\/#\/schema\/person\/03220d610ed4cba378a72bac3443f821"},"description":"Helena Vondr\u00e1\u010dkov\u00e1 odstartovala svou koncertn\u00ed tour HELENA FOREVER. Jedna v\u011bc j\u00ed v\u0161ak i p\u0159esto trochu t\u00ed\u017e\u00ed mysl.","breadcrumb":{"@id":"https:\/\/www.karaoketexty.cz\/magazin\/helena-vondrackova-koncerty-a-obavy\/#breadcrumb"},"inLanguage":"cs","potentialAction":[{"@type":"ReadAction","target":["https:\/\/www.karaoketexty.cz\/magazin\/helena-vondrackova-koncerty-a-obavy\/"]}]},{"@type":"ImageObject","inLanguage":"cs","@id":"https:\/\/www.karaoketexty.cz\/magazin\/helena-vondrackova-koncerty-a-obavy\/#primaryimage","url":"https:\/\/www.karaoketexty.cz\/magazin\/wp-content\/uploads\/2026\/01\/helena-vondrackova-e1769690188196.jpg","contentUrl":"https:\/\/www.karaoketexty.cz\/magazin\/wp-content\/uploads\/2026\/01\/helena-vondrackova-e1769690188196.jpg","width":1200,"height":868,"caption":"Foto: NextFoto, Film \u0160vih\u00e1ci m\u011bl 12. 1. 2026 premi\u00e9ru v pra\u017esk\u00e9m kin\u011b Lucerna."},{"@type":"BreadcrumbList","@id":"https:\/\/www.karaoketexty.cz\/magazin\/helena-vondrackova-koncerty-a-obavy\/#breadcrumb","itemListElement":[{"@type":"ListItem","position":1,"name":"Dom\u016f","item":"https:\/\/www.karaoketexty.cz\/magazin\/"},{"@type":"ListItem","position":2,"name":"Helena Vondr\u00e1\u010dkov\u00e1 odstartovala svou ro\u010dn\u00ed tour: Prozradila, \u010deho se boj\u00ed nejv\u00edce"}]},{"@type":"WebSite","@id":"https:\/\/www.karaoketexty.cz\/magazin\/#website","url":"https:\/\/www.karaoketexty.cz\/magazin\/","name":"Stars Magaz\u00edn Karaoketexty.cz","description":"Stars Magaz\u00edn na Karaoketexty.cz je zam\u011b\u0159en\u00fd na novinky ze sv\u011bta hudby a celebrit. Obsahuje \u010dl\u00e1nky o zp\u011bv\u00e1c\u00edch, kapel\u00e1ch, nov\u00fdch albech, hudebn\u00edch trendech a dal\u0161\u00edch zaj\u00edmavostech z hudebn\u00edho pr\u016fmyslu.","potentialAction":[{"@type":"SearchAction","target":{"@type":"EntryPoint","urlTemplate":"https:\/\/www.karaoketexty.cz\/magazin\/?s={search_term_string}"},"query-input":{"@type":"PropertyValueSpecification","valueRequired":true,"valueName":"search_term_string"}}],"inLanguage":"cs"},{"@type":"Person","@id":"https:\/\/www.karaoketexty.cz\/magazin\/#\/schema\/person\/03220d610ed4cba378a72bac3443f821","name":"Veronika \u0160imkov\u00e1","image":{"@type":"ImageObject","inLanguage":"cs","@id":"https:\/\/secure.gravatar.com\/avatar\/62af9cda83322200aaf20e60d0442fbca254ce18c0ffdcaaf83de31493c941a5?s=96&d=mm&r=g","url":"https:\/\/secure.gravatar.com\/avatar\/62af9cda83322200aaf20e60d0442fbca254ce18c0ffdcaaf83de31493c941a5?s=96&d=mm&r=g","contentUrl":"https:\/\/secure.gravatar.com\/avatar\/62af9cda83322200aaf20e60d0442fbca254ce18c0ffdcaaf83de31493c941a5?s=96&d=mm&r=g","caption":"Veronika \u0160imkov\u00e1"},"url":"https:\/\/www.karaoketexty.cz\/magazin\/author\/veronikasimkova\/"}]}},"_links":{"self":[{"href":"https:\/\/www.karaoketexty.cz\/magazin\/wp-json\/wp\/v2\/posts\/7381","targetHints":{"allow":["GET"]}}],"collection":[{"href":"https:\/\/www.karaoketexty.cz\/magazin\/wp-json\/wp\/v2\/posts"}],"about":[{"href":"https:\/\/www.karaoketexty.cz\/magazin\/wp-json\/wp\/v2\/types\/post"}],"author":[{"embeddable":true,"href":"https:\/\/www.karaoketexty.cz\/magazin\/wp-json\/wp\/v2\/users\/5"}],"replies":[{"embeddable":true,"href":"https:\/\/www.karaoketexty.cz\/magazin\/wp-json\/wp\/v2\/comments?post=7381"}],"version-history":[{"count":4,"href":"https:\/\/www.karaoketexty.cz\/magazin\/wp-json\/wp\/v2\/posts\/7381\/revisions"}],"predecessor-version":[{"id":7458,"href":"https:\/\/www.karaoketexty.cz\/magazin\/wp-json\/wp\/v2\/posts\/7381\/revisions\/7458"}],"wp:featuredmedia":[{"embeddable":true,"href":"https:\/\/www.karaoketexty.cz\/magazin\/wp-json\/wp\/v2\/media\/7382"}],"wp:attachment":[{"href":"https:\/\/www.karaoketexty.cz\/magazin\/wp-json\/wp\/v2\/media?parent=7381"}],"wp:term":[{"taxonomy":"category","embeddable":true,"href":"https:\/\/www.karaoketexty.cz\/magazin\/wp-json\/wp\/v2\/categories?post=7381"},{"taxonomy":"post_tag","embeddable":true,"href":"https:\/\/www.karaoketexty.cz\/magazin\/wp-json\/wp\/v2\/tags?post=7381"}],"curies":[{"name":"wp","href":"https:\/\/api.w.org\/{rel}","templated":true}]}}