{"id":7072,"date":"2026-01-29T12:22:00","date_gmt":"2026-01-29T11:22:00","guid":{"rendered":"https:\/\/www.karaoketexty.cz\/magazin\/?p=7072"},"modified":"2026-01-28T21:10:07","modified_gmt":"2026-01-28T20:10:07","slug":"hudba-podle-lunarniho-kalendare-peter-gabriel-spojil-nove-album-s-rytmem-mesice","status":"publish","type":"post","link":"https:\/\/www.karaoketexty.cz\/magazin\/hudba-podle-lunarniho-kalendare-peter-gabriel-spojil-nove-album-s-rytmem-mesice\/","title":{"rendered":"Hudba podle lun\u00e1rn\u00edho kalend\u00e1\u0159e: Peter Gabriel spojil nov\u00e9 album s rytmem M\u011bs\u00edce"},"content":{"rendered":"\n<p><strong>Ka\u017ed\u00fd \u00fapln\u011bk nov\u00e1 skladba, dv\u011b odli\u0161n\u00e9 zvukov\u00e9 podoby a fin\u00e1ln\u00ed podoba a\u017e po roce trp\u011bliv\u00e9ho poslechu. Peter Gabriel vyd\u00e1 nov\u00e9 album.<\/strong><\/p>\n\n\n\n<p>Hudebn\u00edk Peter Gabriel op\u011bt p\u0159ich\u00e1z\u00ed s netradi\u010dn\u00edm konceptem, kter\u00fd se vymyk\u00e1 b\u011b\u017en\u00fdm vydavatelsk\u00fdm strategi\u00edm na poli hudby, jak jsme v redakci Karaoketexty.cz zaznamenali. Nejde o to, \u017ee p\u0159in\u00e1\u0161\u00ed jen nov\u00e9 p\u00edsn\u011b, ale doprov\u00e1z\u00ed je hodn\u011b promy\u0161len\u00fd ritu\u00e1l, kter\u00fd propojuje hudbu, \u010das, vizu\u00e1ln\u00ed um\u011bn\u00ed i technologick\u00e9 \u00favahy o budoucnosti sv\u011bta.<\/p>\n\n\n<!-- karaoketexty.cz \/ rectangle2 -->\n<div id=\"PX_37086_709110796310826\"><\/div>\n<script>\n   if(!useMobileAds && !boolUseSeznamAds && !hideAllAds){\n     window.px2 = window.px2 || { conf: {},queue: [] };\n     px2.queue.push(function () {\n        px2.render({\n           slot: {\n              id: 37086\n           },\n            elem: \"PX_37086_709110796310826\"\n        })\n     });\n  }\n<\/script>\n\n<!-- karaoketexty.cz \/ mobile-rectangle3 -->\n<div id=\"PX_37044_714599773297004\"><\/div>\n<script>\n   if(useMobileAds && !boolUseSeznamAds && !hideAllAds){\nwindow.px2 = window.px2 || { conf: {},queue: [] };\npx2.queue.push(function () {\n\tpx2.render({\n\t\tslot: {\n\t\t\tid: 37044\n\t\t},\n\t\telem: \"PX_37044_714599773297004\"\n\t})\n});\n}\n<\/script>\n\n\n<h2 class=\"wp-block-heading\">P\u00edsn\u011b psan\u00e9 podle M\u011bs\u00edce<\/h2>\n\n\n\n<p>Britsk\u00fd hudebn\u00edk se rozhodl, \u017ee sv\u00e9 p\u0159ipravovan\u00e9 album \u201eo\\i\u201c nebude toti\u017e serv\u00edrovat najednou, jak je uvedeno na jeho ofici\u00e1ln\u00edch str\u00e1nk\u00e1ch. Ka\u017ed\u00fd m\u011bs\u00edc roku 2026 nab\u00eddne jednu novou skladbu, a to v\u017edy v den \u00fapl\u0148ku. Projekt odstartoval 3. ledna 2026, kdy vy\u0161el prvn\u00ed singl Been Undone, symbolicky b\u011bhem takzvan\u00e9ho Vl\u010d\u00edho m\u011bs\u00edce.<\/p>\n\n\n\n<p>Zaj\u00edmavost\u00ed je, \u017ee ka\u017ed\u00e1 p\u00edse\u0148 vych\u00e1z\u00ed hned ve dvou zvukov\u00fdch podob\u00e1ch. Fanou\u0161ci si mohou vybrat mezi verzemi Bright Side Mix a Dark Side Mix, kter\u00e9 d\u00e1vaj\u00ed skladb\u00e1m jinou atmosf\u00e9ru i jin\u00e9 vyzn\u011bn\u00ed. O mixy se staraj\u00ed dv\u011b v\u00fdrazn\u00e9 osobnosti, a to Mark \u201eSpike\u201c Stent a Tchad Blake. Cel\u00e9 album se poslucha\u010d\u016fm pln\u011b odkryje a\u017e na konci roku, kdy budou v\u0161echny skladby dostupn\u00e9 pohromad\u011b.<\/p>\n\n\n<!-- karaoketexty.cz \/ interscroller1 -->\n\n<div id=\"PX_37041_825057871452834\"><\/div>\n<script>\nif(useMobileAds && !boolUseSeznamAds && !hideAllAds){\n\twindow.px2 = window.px2 || { conf: {},queue: [] };\n\tpx2.queue.push(function () {\n\t\tpx2.render({\n\t\t\tslot: {\n\t\t\t\tid: 37041\n\t\t\t},\n\t\t\telem: \"PX_37041_825057871452834\"\n\t\t})\n\t});\n}\n<\/script>\n\n\n<h2 class=\"wp-block-heading\">Album jako den\u00edk my\u0161lenek<\/h2>\n\n\n\n<p>Nov\u00e9 p\u00edsn\u011b vznikaly paraleln\u011b s p\u0159edchoz\u00edm albem I\/O a \u010d\u00e1ste\u010dn\u011b \u010derpaj\u00ed z materi\u00e1lu, kter\u00fd se tehdy na desku neve\u0161el. Gabriel se netaj\u00ed t\u00edm, \u017ee jej zaj\u00edm\u00e1 budoucnost lidstva a prom\u011bna sv\u011bta. Jak s\u00e1m vysv\u011btluje: <em>\u201eP\u0159em\u00fd\u0161lel jsem o budoucnosti a o tom, jak na ni m\u016f\u017eeme reagovat. Vstupujeme do obdob\u00ed transformace, jak\u00e9 se nepodob\u00e1 \u017e\u00e1dn\u00e9mu jin\u00e9mu\u2026 Um\u011blci maj\u00ed za \u00fakol d\u00edvat se do mlhy, a kdy\u017e n\u011bco zahl\u00e9dnou, nastavit zrcadlo.\u201c<\/em><\/p>\n\n\n\n<blockquote class=\"instagram-media\" data-instgrm-captioned data-instgrm-permalink=\"https:\/\/www.instagram.com\/reel\/DTqWlxslPEB\/?utm_source=ig_embed&amp;utm_campaign=loading\" data-instgrm-version=\"14\" style=\" background:#FFF; border:0; border-radius:3px; box-shadow:0 0 1px 0 rgba(0,0,0,0.5),0 1px 10px 0 rgba(0,0,0,0.15); margin: 1px; max-width:540px; min-width:326px; padding:0; width:99.375%; width:-webkit-calc(100% - 2px); width:calc(100% - 2px);\"><div style=\"padding:16px;\"> <a href=\"https:\/\/www.instagram.com\/reel\/DTqWlxslPEB\/?utm_source=ig_embed&amp;utm_campaign=loading\" style=\" background:#FFFFFF; line-height:0; padding:0 0; text-align:center; text-decoration:none; width:100%;\" target=\"_blank\"> <div style=\" display: flex; flex-direction: row; align-items: center;\"> <div style=\"background-color: #F4F4F4; border-radius: 50%; flex-grow: 0; height: 40px; margin-right: 14px; width: 40px;\"><\/div> <div style=\"display: flex; flex-direction: column; flex-grow: 1; justify-content: center;\"> <div style=\" background-color: #F4F4F4; border-radius: 4px; flex-grow: 0; height: 14px; margin-bottom: 6px; width: 100px;\"><\/div> <div style=\" background-color: #F4F4F4; border-radius: 4px; flex-grow: 0; height: 14px; width: 60px;\"><\/div><\/div><\/div><div style=\"padding: 19% 0;\"><\/div> <div style=\"display:block; height:50px; margin:0 auto 12px; width:50px;\"><svg width=\"50px\" height=\"50px\" viewBox=\"0 0 60 60\" version=\"1.1\" xmlns=\"https:\/\/www.w3.org\/2000\/svg\" xmlns:xlink=\"https:\/\/www.w3.org\/1999\/xlink\"><g stroke=\"none\" stroke-width=\"1\" fill=\"none\" fill-rule=\"evenodd\"><g transform=\"translate(-511.000000, -20.000000)\" fill=\"#000000\"><g><path d=\"M556.869,30.41 C554.814,30.41 553.148,32.076 553.148,34.131 C553.148,36.186 554.814,37.852 556.869,37.852 C558.924,37.852 560.59,36.186 560.59,34.131 C560.59,32.076 558.924,30.41 556.869,30.41 M541,60.657 C535.114,60.657 530.342,55.887 530.342,50 C530.342,44.114 535.114,39.342 541,39.342 C546.887,39.342 551.658,44.114 551.658,50 C551.658,55.887 546.887,60.657 541,60.657 M541,33.886 C532.1,33.886 524.886,41.1 524.886,50 C524.886,58.899 532.1,66.113 541,66.113 C549.9,66.113 557.115,58.899 557.115,50 C557.115,41.1 549.9,33.886 541,33.886 M565.378,62.101 C565.244,65.022 564.756,66.606 564.346,67.663 C563.803,69.06 563.154,70.057 562.106,71.106 C561.058,72.155 560.06,72.803 558.662,73.347 C557.607,73.757 556.021,74.244 553.102,74.378 C549.944,74.521 548.997,74.552 541,74.552 C533.003,74.552 532.056,74.521 528.898,74.378 C525.979,74.244 524.393,73.757 523.338,73.347 C521.94,72.803 520.942,72.155 519.894,71.106 C518.846,70.057 518.197,69.06 517.654,67.663 C517.244,66.606 516.755,65.022 516.623,62.101 C516.479,58.943 516.448,57.996 516.448,50 C516.448,42.003 516.479,41.056 516.623,37.899 C516.755,34.978 517.244,33.391 517.654,32.338 C518.197,30.938 518.846,29.942 519.894,28.894 C520.942,27.846 521.94,27.196 523.338,26.654 C524.393,26.244 525.979,25.756 528.898,25.623 C532.057,25.479 533.004,25.448 541,25.448 C548.997,25.448 549.943,25.479 553.102,25.623 C556.021,25.756 557.607,26.244 558.662,26.654 C560.06,27.196 561.058,27.846 562.106,28.894 C563.154,29.942 563.803,30.938 564.346,32.338 C564.756,33.391 565.244,34.978 565.378,37.899 C565.522,41.056 565.552,42.003 565.552,50 C565.552,57.996 565.522,58.943 565.378,62.101 M570.82,37.631 C570.674,34.438 570.167,32.258 569.425,30.349 C568.659,28.377 567.633,26.702 565.965,25.035 C564.297,23.368 562.623,22.342 560.652,21.575 C558.743,20.834 556.562,20.326 553.369,20.18 C550.169,20.033 549.148,20 541,20 C532.853,20 531.831,20.033 528.631,20.18 C525.438,20.326 523.257,20.834 521.349,21.575 C519.376,22.342 517.703,23.368 516.035,25.035 C514.368,26.702 513.342,28.377 512.574,30.349 C511.834,32.258 511.326,34.438 511.181,37.631 C511.035,40.831 511,41.851 511,50 C511,58.147 511.035,59.17 511.181,62.369 C511.326,65.562 511.834,67.743 512.574,69.651 C513.342,71.625 514.368,73.296 516.035,74.965 C517.703,76.634 519.376,77.658 521.349,78.425 C523.257,79.167 525.438,79.673 528.631,79.82 C531.831,79.965 532.853,80.001 541,80.001 C549.148,80.001 550.169,79.965 553.369,79.82 C556.562,79.673 558.743,79.167 560.652,78.425 C562.623,77.658 564.297,76.634 565.965,74.965 C567.633,73.296 568.659,71.625 569.425,69.651 C570.167,67.743 570.674,65.562 570.82,62.369 C570.966,59.17 571,58.147 571,50 C571,41.851 570.966,40.831 570.82,37.631\"><\/path><\/g><\/g><\/g><\/svg><\/div><div style=\"padding-top: 8px;\"> <div style=\" color:#3897f0; font-family:Arial,sans-serif; font-size:14px; font-style:normal; font-weight:550; line-height:18px;\">Zobrazit p\u0159\u00edsp\u011bvek na Instagramu<\/div><\/div><div style=\"padding: 12.5% 0;\"><\/div> <div style=\"display: flex; flex-direction: row; margin-bottom: 14px; align-items: center;\"><div> <div style=\"background-color: #F4F4F4; border-radius: 50%; height: 12.5px; width: 12.5px; transform: translateX(0px) translateY(7px);\"><\/div> <div style=\"background-color: #F4F4F4; height: 12.5px; transform: rotate(-45deg) translateX(3px) translateY(1px); width: 12.5px; flex-grow: 0; margin-right: 14px; margin-left: 2px;\"><\/div> <div style=\"background-color: #F4F4F4; border-radius: 50%; height: 12.5px; width: 12.5px; transform: translateX(9px) translateY(-18px);\"><\/div><\/div><div style=\"margin-left: 8px;\"> <div style=\" background-color: #F4F4F4; border-radius: 50%; flex-grow: 0; height: 20px; width: 20px;\"><\/div> <div style=\" width: 0; height: 0; border-top: 2px solid transparent; border-left: 6px solid #f4f4f4; border-bottom: 2px solid transparent; transform: translateX(16px) translateY(-4px) rotate(30deg)\"><\/div><\/div><div style=\"margin-left: auto;\"> <div style=\" width: 0px; border-top: 8px solid #F4F4F4; border-right: 8px solid transparent; transform: translateY(16px);\"><\/div> <div style=\" background-color: #F4F4F4; flex-grow: 0; height: 12px; width: 16px; transform: translateY(-4px);\"><\/div> <div style=\" width: 0; height: 0; border-top: 8px solid #F4F4F4; border-left: 8px solid transparent; transform: translateY(-4px) translateX(8px);\"><\/div><\/div><\/div> <div style=\"display: flex; flex-direction: column; flex-grow: 1; justify-content: center; margin-bottom: 24px;\"> <div style=\" background-color: #F4F4F4; border-radius: 4px; flex-grow: 0; height: 14px; margin-bottom: 6px; width: 224px;\"><\/div> <div style=\" background-color: #F4F4F4; border-radius: 4px; flex-grow: 0; height: 14px; width: 144px;\"><\/div><\/div><\/a><p style=\" color:#c9c8cd; font-family:Arial,sans-serif; font-size:14px; line-height:17px; margin-bottom:0; margin-top:8px; overflow:hidden; padding:8px 0 7px; text-align:center; text-overflow:ellipsis; white-space:nowrap;\"><a href=\"https:\/\/www.instagram.com\/reel\/DTqWlxslPEB\/?utm_source=ig_embed&amp;utm_campaign=loading\" style=\" color:#c9c8cd; font-family:Arial,sans-serif; font-size:14px; font-style:normal; font-weight:normal; line-height:17px; text-decoration:none;\" target=\"_blank\">P\u0159\u00edsp\u011bvek sd\u00edlen\u00fd Peter Gabriel (@itspetergabriel)<\/a><\/p><\/div><\/blockquote>\n<script async src=\"\/\/www.instagram.com\/embed.js\"><\/script>\n\n\n\n<p>T\u00e9ma technologi\u00ed, propojen\u00ed \u010dlov\u011bka s p\u0159\u00edrodou i ot\u00e1zky identity se prom\u00edtaj\u00ed do text\u016f i zvukov\u00e9 struktury skladeb. Gabriel p\u0159itom z\u016fst\u00e1v\u00e1 v\u011brn\u00fd sv\u00e9 filozofii, \u017ee hudba nem\u00e1 d\u00e1vat hotov\u00e9 odpov\u011bdi, ale kl\u00e1st ot\u00e1zky.<\/p>\n\n\n\n<p>Stejn\u011b jako u projektu i\/o bude ka\u017ed\u00e1 p\u00edse\u0148 doprov\u00e1zena samostatn\u00fdm v\u00fdtvarn\u00fdm d\u00edlem. \u00davodn\u00ed skladbu Been Undone dopl\u0148uje pr\u00e1ce Ciclotrama 156 (Palindrome) od brazilsk\u00e9 um\u011blkyn\u011b. Gabriel k tomu dod\u00e1v\u00e1: <em>\u201ePrvn\u00ed um\u011bleck\u00e9 d\u00edlo je speci\u00e1ln\u00ed d\u00edlo od Janainy Mello Landini. Zp\u016fsob, jak\u00fdm bere lano a posouv\u00e1 ho ven, rozmot\u00e1v\u00e1 ho, je t\u00e9m\u011b\u0159 jako frakt\u00e1ly nebo kmeny strom\u016f\u2026\u201c<\/em><\/p>\n\n\n\n<h2 class=\"wp-block-heading\">Kdo je Peter Gabriel<\/h2>\n\n\n\n<p>Peter Gabriel se na za\u010d\u00e1tku kari\u00e9ry proslavil jako zp\u011bv\u00e1k a frontman skupiny Genesis, kterou v polovin\u011b 70. let opustil, aby se vydal na s\u00f3lovou dr\u00e1hu. Pr\u00e1v\u011b ta z n\u011bj ud\u011blala glob\u00e1ln\u00ed ikonu, zn\u00e1mou nejen hudbou, ale i vizu\u00e1ln\u00edm pojet\u00edm koncert\u016f a videoklip\u016f. Jeho s\u00f3lov\u00e1 alba jako So, Us nebo Up pat\u0159\u00ed ke kl\u00ed\u010dov\u00fdm nahr\u00e1vk\u00e1m doby. Gabriel je zn\u00e1m\u00fd t\u00edm, \u017ee si d\u00e1v\u00e1 na nov\u00e9 projekty \u010das \u2013 n\u011bkdy i desetilet\u00ed. <\/p>\n\n\n\n<p>V osobn\u00edm \u017eivot\u011b byl dvakr\u00e1t \u017eenat\u00fd, m\u00e1 \u010dty\u0159i d\u011bti. Vedle hudby se Gabriel anga\u017euje v oblasti lidsk\u00fdch pr\u00e1v, podporuje organizaci Amnesty International a stoj\u00ed za vznikem festivalu WOMAD, kter\u00fd propojuje hudbu r\u016fzn\u00fdch kultur. Kontroverze ob\u010das vyvol\u00e1v\u00e1 pr\u00e1v\u011b jeho d\u016fraz na technologie a experimenty \u2013 n\u011bkte\u0159\u00ed fanou\u0161ci mu vy\u010d\u00edtaj\u00ed dlouh\u00e9 pauzy mezi alby, jin\u00ed je pova\u017euj\u00ed za d\u016fkaz um\u011bleck\u00e9 poctivosti.<\/p>\n\n\n\n<p>Zdroj: Autorsk\u00fd text, <a href=\"https:\/\/petergabriel.com\/news\/been-undone-released\/\" target=\"_blank\" rel=\"noreferrer noopener nofollow\">PeterGabriel<\/a>, <a href=\"https:\/\/en.wikipedia.org\/wiki\/Peter_Gabriel\" target=\"_blank\" rel=\"noreferrer noopener nofollow\">Wikipedie<\/a>, <a href=\"https:\/\/www.instagram.com\/itspetergabriel\/?hl=cs\" target=\"_blank\" rel=\"noreferrer noopener nofollow\">Instagram Petera Gabriela<\/a><\/p>\n\n\n            <a href=\"https:\/\/www.karaoketexty.cz\/magazin\/billie-eilish-ma-nejstreamovanejsi-skladbu-od-zenske-zpevacky-v-historii\/\" class=\"related-post-link\">\n                <div class=\"post-thumbnail\">\n                    <img decoding=\"async\" width=\"250\" height=\"166\" src=\"https:\/\/www.karaoketexty.cz\/magazin\/wp-content\/uploads\/2026\/01\/Billie-Eilish-u-cerveneho-pozadi.jpg\" class=\"attachment-250x180 size-250x180 not-transparent\" alt=\"Obr\u00e1zek k \u010dl\u00e1nku: Nen\u00e1padn\u00e1, intimn\u00ed a p\u0159esto rekordn\u00ed. \u201eBirds of Feather\u201c: skladba, d\u00edky n\u00ed\u017e Bilie Eilish dokazuje, \u017ee emoce a ticho funguj\u00ed i v digit\u00e1ln\u00edm sv\u011bt\u011b.\" srcset=\"https:\/\/www.karaoketexty.cz\/magazin\/wp-content\/uploads\/2026\/01\/Billie-Eilish-u-cerveneho-pozadi.jpg 1200w, https:\/\/www.karaoketexty.cz\/magazin\/wp-content\/uploads\/2026\/01\/Billie-Eilish-u-cerveneho-pozadi-300x200.jpg 300w, https:\/\/www.karaoketexty.cz\/magazin\/wp-content\/uploads\/2026\/01\/Billie-Eilish-u-cerveneho-pozadi-1024x682.jpg 1024w, https:\/\/www.karaoketexty.cz\/magazin\/wp-content\/uploads\/2026\/01\/Billie-Eilish-u-cerveneho-pozadi-768x511.jpg 768w, https:\/\/www.karaoketexty.cz\/magazin\/wp-content\/uploads\/2026\/01\/Billie-Eilish-u-cerveneho-pozadi-800x533.jpg 800w\" sizes=\"(max-width: 250px) 100vw, 250px\" data-has-transparency=\"false\" data-dominant-color=\"901017\" style=\"--dominant-color: #901017;\" \/>                <\/div>\n                <div class=\"post-details\">\n                    <span class=\"also-read\">\u010ct\u011bte tak\u00e9:<\/span>\n                    <h3 class=\"hed\">Billie Eilish m\u00e1 nejstreamovan\u011bj\u0161\u00ed skladbu od \u017eensk\u00e9 zp\u011bva\u010dky v historii<\/h3>\n                <\/div>\n            <\/a>\n            \n\n            <a href=\"https:\/\/www.karaoketexty.cz\/magazin\/paul-simon-eric-clapton-zz-top-a-dalsi-svetova-esa-miri-do-ceska-podivejte-se-na-koncerty-roku-2026\/\" class=\"related-post-link\">\n                <div class=\"post-thumbnail\">\n                    <img decoding=\"async\" width=\"250\" height=\"167\" src=\"https:\/\/www.karaoketexty.cz\/magazin\/wp-content\/uploads\/2025\/10\/eric-clapton.jpg\" class=\"attachment-250x180 size-250x180 not-transparent\" alt=\"Fotografie Erica Claptona\" srcset=\"https:\/\/www.karaoketexty.cz\/magazin\/wp-content\/uploads\/2025\/10\/eric-clapton.jpg 1200w, https:\/\/www.karaoketexty.cz\/magazin\/wp-content\/uploads\/2025\/10\/eric-clapton-300x200.jpg 300w, https:\/\/www.karaoketexty.cz\/magazin\/wp-content\/uploads\/2025\/10\/eric-clapton-1024x683.jpg 1024w, https:\/\/www.karaoketexty.cz\/magazin\/wp-content\/uploads\/2025\/10\/eric-clapton-768x512.jpg 768w, https:\/\/www.karaoketexty.cz\/magazin\/wp-content\/uploads\/2025\/10\/eric-clapton-800x533.jpg 800w\" sizes=\"(max-width: 250px) 100vw, 250px\" data-has-transparency=\"false\" data-dominant-color=\"3a3a3a\" style=\"--dominant-color: #3a3a3a;\" \/>                <\/div>\n                <div class=\"post-details\">\n                    <span class=\"also-read\">\u010ct\u011bte tak\u00e9:<\/span>\n                    <h3 class=\"hed\">Paul Simon, Eric Clapton, ZZ Top a dal\u0161\u00ed sv\u011btov\u00e1 esa m\u00ed\u0159\u00ed do \u010ceska: Pod\u00edvejte se na koncerty roku 2026<\/h3>\n                <\/div>\n            <\/a>\n            ","protected":false},"excerpt":{"rendered":"<p>Ka\u017ed\u00fd \u00fapln\u011bk nov\u00e1 skladba, dv\u011b odli\u0161n\u00e9 zvukov\u00e9 podoby a fin\u00e1ln\u00ed podoba a\u017e po roce trp\u011bliv\u00e9ho poslechu. Peter Gabriel vyd\u00e1 nov\u00e9 album.<\/p>\n","protected":false},"author":4,"featured_media":7073,"comment_status":"open","ping_status":"closed","sticky":false,"template":"","format":"standard","meta":{"_yoast_wpseo_title":"Hudba dle lun\u00e1rn\u00edho kalend\u00e1\u0159e. Peter Gabriel vyd\u00e1 nov\u00e9 album","_yoast_wpseo_metadesc":"Ka\u017ed\u00fd \u00fapln\u011bk nov\u00e1 skladba, dv\u011b odli\u0161n\u00e9 zvukov\u00e9 podoby a fin\u00e1ln\u00ed podoba a\u017e po roce trp\u011bliv\u00e9ho poslechu. Peter Gabriel vyd\u00e1 nov\u00e9 album.","footnotes":""},"categories":[1059],"tags":[124,5914,5916,407,1517,2602,414,4402,703,5756,535,5913,408,1422,5915,2601,1190],"class_list":["post-7072","post","type-post","status-publish","format-standard","has-post-thumbnail","hentry","category-celebrity","tag-album","tag-album-o-i","tag-art-rock","tag-britsky-zpevak","tag-experimentalni-hudba","tag-hudebni-inovace","tag-hudebni-navrat","tag-hudebni-projekt","tag-hudebnik","tag-konceptualni-album","tag-nove-album","tag-peter-gabriel","tag-rock","tag-singl","tag-technologie-a-hudba","tag-vizualni-umeni","tag-zahranicni-celebrita"],"yoast_head":"<!-- This site is optimized with the Yoast SEO plugin v27.5 - https:\/\/yoast.com\/product\/yoast-seo-wordpress\/ -->\n<title>Hudba dle lun\u00e1rn\u00edho kalend\u00e1\u0159e. Peter Gabriel vyd\u00e1 nov\u00e9 album<\/title>\n<meta name=\"description\" content=\"Ka\u017ed\u00fd \u00fapln\u011bk nov\u00e1 skladba, dv\u011b odli\u0161n\u00e9 zvukov\u00e9 podoby a fin\u00e1ln\u00ed podoba a\u017e po roce trp\u011bliv\u00e9ho poslechu. Peter Gabriel vyd\u00e1 nov\u00e9 album.\" \/>\n<meta name=\"robots\" content=\"index, follow, max-snippet:-1, max-image-preview:large, max-video-preview:-1\" \/>\n<link rel=\"canonical\" href=\"https:\/\/www.karaoketexty.cz\/magazin\/hudba-podle-lunarniho-kalendare-peter-gabriel-spojil-nove-album-s-rytmem-mesice\/\" \/>\n<meta property=\"og:locale\" content=\"cs_CZ\" \/>\n<meta property=\"og:type\" content=\"article\" \/>\n<meta property=\"og:title\" content=\"Hudba dle lun\u00e1rn\u00edho kalend\u00e1\u0159e. Peter Gabriel vyd\u00e1 nov\u00e9 album\" \/>\n<meta property=\"og:description\" content=\"Ka\u017ed\u00fd \u00fapln\u011bk nov\u00e1 skladba, dv\u011b odli\u0161n\u00e9 zvukov\u00e9 podoby a fin\u00e1ln\u00ed podoba a\u017e po roce trp\u011bliv\u00e9ho poslechu. Peter Gabriel vyd\u00e1 nov\u00e9 album.\" \/>\n<meta property=\"og:url\" content=\"https:\/\/www.karaoketexty.cz\/magazin\/hudba-podle-lunarniho-kalendare-peter-gabriel-spojil-nove-album-s-rytmem-mesice\/\" \/>\n<meta property=\"og:site_name\" content=\"Stars Magaz\u00edn Karaoketexty.cz\" \/>\n<meta property=\"article:published_time\" content=\"2026-01-29T11:22:00+00:00\" \/>\n<meta property=\"og:image\" content=\"https:\/\/www.karaoketexty.cz\/magazin\/wp-content\/uploads\/2026\/01\/peter-gabriel.jpg\" \/>\n\t<meta property=\"og:image:width\" content=\"1200\" \/>\n\t<meta property=\"og:image:height\" content=\"799\" \/>\n\t<meta property=\"og:image:type\" content=\"image\/jpeg\" \/>\n<meta name=\"author\" content=\"Barbora Kop\u0159ivov\u00e1\" \/>\n<meta name=\"twitter:card\" content=\"summary_large_image\" \/>\n<meta name=\"twitter:label1\" content=\"Napsal(a)\" \/>\n\t<meta name=\"twitter:data1\" content=\"Barbora Kop\u0159ivov\u00e1\" \/>\n\t<meta name=\"twitter:label2\" content=\"Odhadovan\u00e1 doba \u010dten\u00ed\" \/>\n\t<meta name=\"twitter:data2\" content=\"3 minuty\" \/>\n<script type=\"application\/ld+json\" class=\"yoast-schema-graph\">{\"@context\":\"https:\\\/\\\/schema.org\",\"@graph\":[{\"@type\":\"Article\",\"@id\":\"https:\\\/\\\/www.karaoketexty.cz\\\/magazin\\\/hudba-podle-lunarniho-kalendare-peter-gabriel-spojil-nove-album-s-rytmem-mesice\\\/#article\",\"isPartOf\":{\"@id\":\"https:\\\/\\\/www.karaoketexty.cz\\\/magazin\\\/hudba-podle-lunarniho-kalendare-peter-gabriel-spojil-nove-album-s-rytmem-mesice\\\/\"},\"author\":{\"name\":\"Barbora Kop\u0159ivov\u00e1\",\"@id\":\"https:\\\/\\\/www.karaoketexty.cz\\\/magazin\\\/#\\\/schema\\\/person\\\/37c0164a04038267c8a56ad6d60df749\"},\"headline\":\"Hudba podle lun\u00e1rn\u00edho kalend\u00e1\u0159e: Peter Gabriel spojil nov\u00e9 album s rytmem M\u011bs\u00edce\",\"datePublished\":\"2026-01-29T11:22:00+00:00\",\"mainEntityOfPage\":{\"@id\":\"https:\\\/\\\/www.karaoketexty.cz\\\/magazin\\\/hudba-podle-lunarniho-kalendare-peter-gabriel-spojil-nove-album-s-rytmem-mesice\\\/\"},\"wordCount\":674,\"commentCount\":0,\"image\":{\"@id\":\"https:\\\/\\\/www.karaoketexty.cz\\\/magazin\\\/hudba-podle-lunarniho-kalendare-peter-gabriel-spojil-nove-album-s-rytmem-mesice\\\/#primaryimage\"},\"thumbnailUrl\":\"https:\\\/\\\/www.karaoketexty.cz\\\/magazin\\\/wp-content\\\/uploads\\\/2026\\\/01\\\/peter-gabriel.jpg\",\"keywords\":[\"album\",\"album o\\\/i\",\"art rock\",\"britsk\u00fd zp\u011bv\u00e1k\",\"experiment\u00e1ln\u00ed hudba\",\"hudebn\u00ed inovace\",\"hudebn\u00ed n\u00e1vrat\",\"hudebn\u00ed projekt\",\"hudebn\u00edk\",\"konceptu\u00e1ln\u00ed album\",\"nov\u00e9 album\",\"Peter Gabriel\",\"rock\",\"singl\",\"technologie a hudba\",\"vizu\u00e1ln\u00ed um\u011bn\u00ed\",\"zahrani\u010dn\u00ed celebrita\"],\"articleSection\":[\"Celebrity\"],\"inLanguage\":\"cs\",\"potentialAction\":[{\"@type\":\"CommentAction\",\"name\":\"Comment\",\"target\":[\"https:\\\/\\\/www.karaoketexty.cz\\\/magazin\\\/hudba-podle-lunarniho-kalendare-peter-gabriel-spojil-nove-album-s-rytmem-mesice\\\/#respond\"]}]},{\"@type\":\"WebPage\",\"@id\":\"https:\\\/\\\/www.karaoketexty.cz\\\/magazin\\\/hudba-podle-lunarniho-kalendare-peter-gabriel-spojil-nove-album-s-rytmem-mesice\\\/\",\"url\":\"https:\\\/\\\/www.karaoketexty.cz\\\/magazin\\\/hudba-podle-lunarniho-kalendare-peter-gabriel-spojil-nove-album-s-rytmem-mesice\\\/\",\"name\":\"Hudba dle lun\u00e1rn\u00edho kalend\u00e1\u0159e. Peter Gabriel vyd\u00e1 nov\u00e9 album\",\"isPartOf\":{\"@id\":\"https:\\\/\\\/www.karaoketexty.cz\\\/magazin\\\/#website\"},\"primaryImageOfPage\":{\"@id\":\"https:\\\/\\\/www.karaoketexty.cz\\\/magazin\\\/hudba-podle-lunarniho-kalendare-peter-gabriel-spojil-nove-album-s-rytmem-mesice\\\/#primaryimage\"},\"image\":{\"@id\":\"https:\\\/\\\/www.karaoketexty.cz\\\/magazin\\\/hudba-podle-lunarniho-kalendare-peter-gabriel-spojil-nove-album-s-rytmem-mesice\\\/#primaryimage\"},\"thumbnailUrl\":\"https:\\\/\\\/www.karaoketexty.cz\\\/magazin\\\/wp-content\\\/uploads\\\/2026\\\/01\\\/peter-gabriel.jpg\",\"datePublished\":\"2026-01-29T11:22:00+00:00\",\"author\":{\"@id\":\"https:\\\/\\\/www.karaoketexty.cz\\\/magazin\\\/#\\\/schema\\\/person\\\/37c0164a04038267c8a56ad6d60df749\"},\"description\":\"Ka\u017ed\u00fd \u00fapln\u011bk nov\u00e1 skladba, dv\u011b odli\u0161n\u00e9 zvukov\u00e9 podoby a fin\u00e1ln\u00ed podoba a\u017e po roce trp\u011bliv\u00e9ho poslechu. Peter Gabriel vyd\u00e1 nov\u00e9 album.\",\"breadcrumb\":{\"@id\":\"https:\\\/\\\/www.karaoketexty.cz\\\/magazin\\\/hudba-podle-lunarniho-kalendare-peter-gabriel-spojil-nove-album-s-rytmem-mesice\\\/#breadcrumb\"},\"inLanguage\":\"cs\",\"potentialAction\":[{\"@type\":\"ReadAction\",\"target\":[\"https:\\\/\\\/www.karaoketexty.cz\\\/magazin\\\/hudba-podle-lunarniho-kalendare-peter-gabriel-spojil-nove-album-s-rytmem-mesice\\\/\"]}]},{\"@type\":\"ImageObject\",\"inLanguage\":\"cs\",\"@id\":\"https:\\\/\\\/www.karaoketexty.cz\\\/magazin\\\/hudba-podle-lunarniho-kalendare-peter-gabriel-spojil-nove-album-s-rytmem-mesice\\\/#primaryimage\",\"url\":\"https:\\\/\\\/www.karaoketexty.cz\\\/magazin\\\/wp-content\\\/uploads\\\/2026\\\/01\\\/peter-gabriel.jpg\",\"contentUrl\":\"https:\\\/\\\/www.karaoketexty.cz\\\/magazin\\\/wp-content\\\/uploads\\\/2026\\\/01\\\/peter-gabriel.jpg\",\"width\":1200,\"height\":799,\"caption\":\"Fotografie: Joi \\\/ Creative Commons \\\/ CC BY-SA 4.0\"},{\"@type\":\"BreadcrumbList\",\"@id\":\"https:\\\/\\\/www.karaoketexty.cz\\\/magazin\\\/hudba-podle-lunarniho-kalendare-peter-gabriel-spojil-nove-album-s-rytmem-mesice\\\/#breadcrumb\",\"itemListElement\":[{\"@type\":\"ListItem\",\"position\":1,\"name\":\"Dom\u016f\",\"item\":\"https:\\\/\\\/www.karaoketexty.cz\\\/magazin\\\/\"},{\"@type\":\"ListItem\",\"position\":2,\"name\":\"Hudba podle lun\u00e1rn\u00edho kalend\u00e1\u0159e: Peter Gabriel spojil nov\u00e9 album s rytmem M\u011bs\u00edce\"}]},{\"@type\":\"WebSite\",\"@id\":\"https:\\\/\\\/www.karaoketexty.cz\\\/magazin\\\/#website\",\"url\":\"https:\\\/\\\/www.karaoketexty.cz\\\/magazin\\\/\",\"name\":\"Stars Magaz\u00edn Karaoketexty.cz\",\"description\":\"Stars Magaz\u00edn na Karaoketexty.cz je zam\u011b\u0159en\u00fd na novinky ze sv\u011bta hudby a celebrit. Obsahuje \u010dl\u00e1nky o zp\u011bv\u00e1c\u00edch, kapel\u00e1ch, nov\u00fdch albech, hudebn\u00edch trendech a dal\u0161\u00edch zaj\u00edmavostech z hudebn\u00edho pr\u016fmyslu.\",\"potentialAction\":[{\"@type\":\"SearchAction\",\"target\":{\"@type\":\"EntryPoint\",\"urlTemplate\":\"https:\\\/\\\/www.karaoketexty.cz\\\/magazin\\\/?s={search_term_string}\"},\"query-input\":{\"@type\":\"PropertyValueSpecification\",\"valueRequired\":true,\"valueName\":\"search_term_string\"}}],\"inLanguage\":\"cs\"},{\"@type\":\"Person\",\"@id\":\"https:\\\/\\\/www.karaoketexty.cz\\\/magazin\\\/#\\\/schema\\\/person\\\/37c0164a04038267c8a56ad6d60df749\",\"name\":\"Barbora Kop\u0159ivov\u00e1\",\"image\":{\"@type\":\"ImageObject\",\"inLanguage\":\"cs\",\"@id\":\"https:\\\/\\\/secure.gravatar.com\\\/avatar\\\/ad2ef9810228386d580851ef4bdde76abaa96054ff5b068c8873bc91afb2df84?s=96&d=mm&r=g\",\"url\":\"https:\\\/\\\/secure.gravatar.com\\\/avatar\\\/ad2ef9810228386d580851ef4bdde76abaa96054ff5b068c8873bc91afb2df84?s=96&d=mm&r=g\",\"contentUrl\":\"https:\\\/\\\/secure.gravatar.com\\\/avatar\\\/ad2ef9810228386d580851ef4bdde76abaa96054ff5b068c8873bc91afb2df84?s=96&d=mm&r=g\",\"caption\":\"Barbora Kop\u0159ivov\u00e1\"},\"url\":\"https:\\\/\\\/www.karaoketexty.cz\\\/magazin\\\/author\\\/barborakoprivova\\\/\"}]}<\/script>\n<!-- \/ Yoast SEO plugin. -->","yoast_head_json":{"title":"Hudba dle lun\u00e1rn\u00edho kalend\u00e1\u0159e. Peter Gabriel vyd\u00e1 nov\u00e9 album","description":"Ka\u017ed\u00fd \u00fapln\u011bk nov\u00e1 skladba, dv\u011b odli\u0161n\u00e9 zvukov\u00e9 podoby a fin\u00e1ln\u00ed podoba a\u017e po roce trp\u011bliv\u00e9ho poslechu. Peter Gabriel vyd\u00e1 nov\u00e9 album.","robots":{"index":"index","follow":"follow","max-snippet":"max-snippet:-1","max-image-preview":"max-image-preview:large","max-video-preview":"max-video-preview:-1"},"canonical":"https:\/\/www.karaoketexty.cz\/magazin\/hudba-podle-lunarniho-kalendare-peter-gabriel-spojil-nove-album-s-rytmem-mesice\/","og_locale":"cs_CZ","og_type":"article","og_title":"Hudba dle lun\u00e1rn\u00edho kalend\u00e1\u0159e. Peter Gabriel vyd\u00e1 nov\u00e9 album","og_description":"Ka\u017ed\u00fd \u00fapln\u011bk nov\u00e1 skladba, dv\u011b odli\u0161n\u00e9 zvukov\u00e9 podoby a fin\u00e1ln\u00ed podoba a\u017e po roce trp\u011bliv\u00e9ho poslechu. Peter Gabriel vyd\u00e1 nov\u00e9 album.","og_url":"https:\/\/www.karaoketexty.cz\/magazin\/hudba-podle-lunarniho-kalendare-peter-gabriel-spojil-nove-album-s-rytmem-mesice\/","og_site_name":"Stars Magaz\u00edn Karaoketexty.cz","article_published_time":"2026-01-29T11:22:00+00:00","og_image":[{"width":1200,"height":799,"url":"https:\/\/www.karaoketexty.cz\/magazin\/wp-content\/uploads\/2026\/01\/peter-gabriel.jpg","type":"image\/jpeg"}],"author":"Barbora Kop\u0159ivov\u00e1","twitter_card":"summary_large_image","twitter_misc":{"Napsal(a)":"Barbora Kop\u0159ivov\u00e1","Odhadovan\u00e1 doba \u010dten\u00ed":"3 minuty"},"schema":{"@context":"https:\/\/schema.org","@graph":[{"@type":"Article","@id":"https:\/\/www.karaoketexty.cz\/magazin\/hudba-podle-lunarniho-kalendare-peter-gabriel-spojil-nove-album-s-rytmem-mesice\/#article","isPartOf":{"@id":"https:\/\/www.karaoketexty.cz\/magazin\/hudba-podle-lunarniho-kalendare-peter-gabriel-spojil-nove-album-s-rytmem-mesice\/"},"author":{"name":"Barbora Kop\u0159ivov\u00e1","@id":"https:\/\/www.karaoketexty.cz\/magazin\/#\/schema\/person\/37c0164a04038267c8a56ad6d60df749"},"headline":"Hudba podle lun\u00e1rn\u00edho kalend\u00e1\u0159e: Peter Gabriel spojil nov\u00e9 album s rytmem M\u011bs\u00edce","datePublished":"2026-01-29T11:22:00+00:00","mainEntityOfPage":{"@id":"https:\/\/www.karaoketexty.cz\/magazin\/hudba-podle-lunarniho-kalendare-peter-gabriel-spojil-nove-album-s-rytmem-mesice\/"},"wordCount":674,"commentCount":0,"image":{"@id":"https:\/\/www.karaoketexty.cz\/magazin\/hudba-podle-lunarniho-kalendare-peter-gabriel-spojil-nove-album-s-rytmem-mesice\/#primaryimage"},"thumbnailUrl":"https:\/\/www.karaoketexty.cz\/magazin\/wp-content\/uploads\/2026\/01\/peter-gabriel.jpg","keywords":["album","album o\/i","art rock","britsk\u00fd zp\u011bv\u00e1k","experiment\u00e1ln\u00ed hudba","hudebn\u00ed inovace","hudebn\u00ed n\u00e1vrat","hudebn\u00ed projekt","hudebn\u00edk","konceptu\u00e1ln\u00ed album","nov\u00e9 album","Peter Gabriel","rock","singl","technologie a hudba","vizu\u00e1ln\u00ed um\u011bn\u00ed","zahrani\u010dn\u00ed celebrita"],"articleSection":["Celebrity"],"inLanguage":"cs","potentialAction":[{"@type":"CommentAction","name":"Comment","target":["https:\/\/www.karaoketexty.cz\/magazin\/hudba-podle-lunarniho-kalendare-peter-gabriel-spojil-nove-album-s-rytmem-mesice\/#respond"]}]},{"@type":"WebPage","@id":"https:\/\/www.karaoketexty.cz\/magazin\/hudba-podle-lunarniho-kalendare-peter-gabriel-spojil-nove-album-s-rytmem-mesice\/","url":"https:\/\/www.karaoketexty.cz\/magazin\/hudba-podle-lunarniho-kalendare-peter-gabriel-spojil-nove-album-s-rytmem-mesice\/","name":"Hudba dle lun\u00e1rn\u00edho kalend\u00e1\u0159e. Peter Gabriel vyd\u00e1 nov\u00e9 album","isPartOf":{"@id":"https:\/\/www.karaoketexty.cz\/magazin\/#website"},"primaryImageOfPage":{"@id":"https:\/\/www.karaoketexty.cz\/magazin\/hudba-podle-lunarniho-kalendare-peter-gabriel-spojil-nove-album-s-rytmem-mesice\/#primaryimage"},"image":{"@id":"https:\/\/www.karaoketexty.cz\/magazin\/hudba-podle-lunarniho-kalendare-peter-gabriel-spojil-nove-album-s-rytmem-mesice\/#primaryimage"},"thumbnailUrl":"https:\/\/www.karaoketexty.cz\/magazin\/wp-content\/uploads\/2026\/01\/peter-gabriel.jpg","datePublished":"2026-01-29T11:22:00+00:00","author":{"@id":"https:\/\/www.karaoketexty.cz\/magazin\/#\/schema\/person\/37c0164a04038267c8a56ad6d60df749"},"description":"Ka\u017ed\u00fd \u00fapln\u011bk nov\u00e1 skladba, dv\u011b odli\u0161n\u00e9 zvukov\u00e9 podoby a fin\u00e1ln\u00ed podoba a\u017e po roce trp\u011bliv\u00e9ho poslechu. Peter Gabriel vyd\u00e1 nov\u00e9 album.","breadcrumb":{"@id":"https:\/\/www.karaoketexty.cz\/magazin\/hudba-podle-lunarniho-kalendare-peter-gabriel-spojil-nove-album-s-rytmem-mesice\/#breadcrumb"},"inLanguage":"cs","potentialAction":[{"@type":"ReadAction","target":["https:\/\/www.karaoketexty.cz\/magazin\/hudba-podle-lunarniho-kalendare-peter-gabriel-spojil-nove-album-s-rytmem-mesice\/"]}]},{"@type":"ImageObject","inLanguage":"cs","@id":"https:\/\/www.karaoketexty.cz\/magazin\/hudba-podle-lunarniho-kalendare-peter-gabriel-spojil-nove-album-s-rytmem-mesice\/#primaryimage","url":"https:\/\/www.karaoketexty.cz\/magazin\/wp-content\/uploads\/2026\/01\/peter-gabriel.jpg","contentUrl":"https:\/\/www.karaoketexty.cz\/magazin\/wp-content\/uploads\/2026\/01\/peter-gabriel.jpg","width":1200,"height":799,"caption":"Fotografie: Joi \/ Creative Commons \/ CC BY-SA 4.0"},{"@type":"BreadcrumbList","@id":"https:\/\/www.karaoketexty.cz\/magazin\/hudba-podle-lunarniho-kalendare-peter-gabriel-spojil-nove-album-s-rytmem-mesice\/#breadcrumb","itemListElement":[{"@type":"ListItem","position":1,"name":"Dom\u016f","item":"https:\/\/www.karaoketexty.cz\/magazin\/"},{"@type":"ListItem","position":2,"name":"Hudba podle lun\u00e1rn\u00edho kalend\u00e1\u0159e: Peter Gabriel spojil nov\u00e9 album s rytmem M\u011bs\u00edce"}]},{"@type":"WebSite","@id":"https:\/\/www.karaoketexty.cz\/magazin\/#website","url":"https:\/\/www.karaoketexty.cz\/magazin\/","name":"Stars Magaz\u00edn Karaoketexty.cz","description":"Stars Magaz\u00edn na Karaoketexty.cz je zam\u011b\u0159en\u00fd na novinky ze sv\u011bta hudby a celebrit. Obsahuje \u010dl\u00e1nky o zp\u011bv\u00e1c\u00edch, kapel\u00e1ch, nov\u00fdch albech, hudebn\u00edch trendech a dal\u0161\u00edch zaj\u00edmavostech z hudebn\u00edho pr\u016fmyslu.","potentialAction":[{"@type":"SearchAction","target":{"@type":"EntryPoint","urlTemplate":"https:\/\/www.karaoketexty.cz\/magazin\/?s={search_term_string}"},"query-input":{"@type":"PropertyValueSpecification","valueRequired":true,"valueName":"search_term_string"}}],"inLanguage":"cs"},{"@type":"Person","@id":"https:\/\/www.karaoketexty.cz\/magazin\/#\/schema\/person\/37c0164a04038267c8a56ad6d60df749","name":"Barbora Kop\u0159ivov\u00e1","image":{"@type":"ImageObject","inLanguage":"cs","@id":"https:\/\/secure.gravatar.com\/avatar\/ad2ef9810228386d580851ef4bdde76abaa96054ff5b068c8873bc91afb2df84?s=96&d=mm&r=g","url":"https:\/\/secure.gravatar.com\/avatar\/ad2ef9810228386d580851ef4bdde76abaa96054ff5b068c8873bc91afb2df84?s=96&d=mm&r=g","contentUrl":"https:\/\/secure.gravatar.com\/avatar\/ad2ef9810228386d580851ef4bdde76abaa96054ff5b068c8873bc91afb2df84?s=96&d=mm&r=g","caption":"Barbora Kop\u0159ivov\u00e1"},"url":"https:\/\/www.karaoketexty.cz\/magazin\/author\/barborakoprivova\/"}]}},"_links":{"self":[{"href":"https:\/\/www.karaoketexty.cz\/magazin\/wp-json\/wp\/v2\/posts\/7072","targetHints":{"allow":["GET"]}}],"collection":[{"href":"https:\/\/www.karaoketexty.cz\/magazin\/wp-json\/wp\/v2\/posts"}],"about":[{"href":"https:\/\/www.karaoketexty.cz\/magazin\/wp-json\/wp\/v2\/types\/post"}],"author":[{"embeddable":true,"href":"https:\/\/www.karaoketexty.cz\/magazin\/wp-json\/wp\/v2\/users\/4"}],"replies":[{"embeddable":true,"href":"https:\/\/www.karaoketexty.cz\/magazin\/wp-json\/wp\/v2\/comments?post=7072"}],"version-history":[{"count":3,"href":"https:\/\/www.karaoketexty.cz\/magazin\/wp-json\/wp\/v2\/posts\/7072\/revisions"}],"predecessor-version":[{"id":7436,"href":"https:\/\/www.karaoketexty.cz\/magazin\/wp-json\/wp\/v2\/posts\/7072\/revisions\/7436"}],"wp:featuredmedia":[{"embeddable":true,"href":"https:\/\/www.karaoketexty.cz\/magazin\/wp-json\/wp\/v2\/media\/7073"}],"wp:attachment":[{"href":"https:\/\/www.karaoketexty.cz\/magazin\/wp-json\/wp\/v2\/media?parent=7072"}],"wp:term":[{"taxonomy":"category","embeddable":true,"href":"https:\/\/www.karaoketexty.cz\/magazin\/wp-json\/wp\/v2\/categories?post=7072"},{"taxonomy":"post_tag","embeddable":true,"href":"https:\/\/www.karaoketexty.cz\/magazin\/wp-json\/wp\/v2\/tags?post=7072"}],"curies":[{"name":"wp","href":"https:\/\/api.w.org\/{rel}","templated":true}]}}