{"id":7035,"date":"2026-01-30T13:33:00","date_gmt":"2026-01-30T12:33:00","guid":{"rendered":"https:\/\/www.karaoketexty.cz\/magazin\/?p=7035"},"modified":"2026-01-29T14:56:25","modified_gmt":"2026-01-29T13:56:25","slug":"matej-homola-ostre-reagoval-na-vyjadreni-oty-klempire-k-vyroci-upaleni-jana-palacha","status":"publish","type":"post","link":"https:\/\/www.karaoketexty.cz\/magazin\/matej-homola-ostre-reagoval-na-vyjadreni-oty-klempire-k-vyroci-upaleni-jana-palacha\/","title":{"rendered":"Mat\u011bj Homola ost\u0159e reagoval na vyj\u00e1d\u0159en\u00ed Oty Klemp\u00ed\u0159e k v\u00fdro\u010d\u00ed up\u00e1len\u00ed Jana Palacha"},"content":{"rendered":"\n<p><strong>V\u00fdro\u010d\u00ed up\u00e1len\u00ed Jana Palacha se letos neslo tak\u00e9 ve znamen\u00ed ostr\u00e9 v\u00fdm\u011bny n\u00e1zor\u016f. Mat\u011bj Homola reagoval na facebookov\u00fd p\u0159\u00edsp\u011bvek Oty Klemp\u00ed\u0159e velmi tvrd\u00fdmi slovy.<\/strong><\/p>\n\n\n\n<p>\u0160estn\u00e1ct\u00fd leden tradi\u010dn\u011b p\u0159ipom\u00edn\u00e1 \u010din Jana Palacha, kter\u00fd se v roce 1969 stal symbolem odporu proti okupaci a mor\u00e1ln\u00ed v\u00fdzvou cel\u00e9 spole\u010dnosti. Pr\u00e1v\u011b k tomuto v\u00fdro\u010d\u00ed se vyj\u00e1d\u0159il Oto Klemp\u00ed\u0159 na sv\u00e9m Facebooku, kde Palacha ozna\u010dil za mlad\u00e9ho mu\u017ee, jen\u017e sv\u00fdm \u010dinem probudil sv\u011bdom\u00ed n\u00e1roda. Jeho slova ale nenechala chladn\u00fdm Mat\u011bje Homolu. Ten se rozhodl reagovat ve\u0159ejn\u011b na sv\u00e9m Instagramu a zvolil p\u0159\u00edm\u00fd, nekompromisn\u00ed t\u00f3n, jak jsme si na Karaoketexty v\u0161imli.<\/p>\n\n\n<!-- karaoketexty.cz \/ rectangle2 -->\n<div id=\"PX_37086_709110796310826\"><\/div>\n<script>\n   if(!useMobileAds && !boolUseSeznamAds && !hideAllAds){\n     window.px2 = window.px2 || { conf: {},queue: [] };\n     px2.queue.push(function () {\n        px2.render({\n           slot: {\n              id: 37086\n           },\n            elem: \"PX_37086_709110796310826\"\n        })\n     });\n  }\n<\/script>\n\n<!-- karaoketexty.cz \/ mobile-rectangle3 -->\n<div id=\"PX_37044_714599773297004\"><\/div>\n<script>\n   if(useMobileAds && !boolUseSeznamAds && !hideAllAds){\nwindow.px2 = window.px2 || { conf: {},queue: [] };\npx2.queue.push(function () {\n\tpx2.render({\n\t\tslot: {\n\t\t\tid: 37044\n\t\t},\n\t\telem: \"PX_37044_714599773297004\"\n\t})\n});\n}\n<\/script>\n\n\n<h2 class=\"wp-block-heading\">Klemp\u00ed\u0159ova vzpom\u00ednka na Palacha<\/h2>\n\n\n\n<p>Oto Klemp\u00ed\u0159 ve sv\u00e9m p\u0159\u00edsp\u011bvku p\u0159ipomn\u011bl v\u00fdznam Palachova \u010dinu a zd\u016fraznil jeho dopad na \u010deskou spole\u010dnost. Text p\u016fsobil pietn\u011b a m\u011bl ambici vr\u00e1tit se k hodnot\u00e1m, kter\u00e9 Palachovo gesto symbolizuje. Tato forma vzpom\u00ednky v\u0161ak u \u010d\u00e1sti ve\u0159ejnosti otev\u0159ela star\u00e9 r\u00e1ny spojen\u00e9 s Klemp\u00ed\u0159ovou minulost\u00ed. Reakce na sebe nenechaly dlouho \u010dekat.<\/p>\n\n\n\n<p>Mat\u011bj Homola se rozhodl ne\u0161et\u0159it slovy a na Instagramu zve\u0159ejnil velmi tvrd\u00fd koment\u00e1\u0159. V n\u011bm nazna\u010dil, \u017ee by se Jan Palach nad podobnou vzpom\u00ednkou musel obracet v hrob\u011b. Klemp\u00ed\u0159e ozna\u010dil hanliv\u00fdmi v\u00fdrazy a jeho minulost spojil s mor\u00e1ln\u00edm selh\u00e1n\u00edm, kter\u00e9 podle n\u011bj nelze vymazat \u017e\u00e1dn\u00fdm ve\u0159ejn\u00fdm gestem. Odkazoval p\u0159itom na Klemp\u00ed\u0159ovu spolupr\u00e1ci s StB, kterou s\u00e1m Klemp\u00ed\u0159 ji\u017e p\u0159ed lety p\u0159iznal a k n\u00ed\u017e byl podle sv\u00fdch slov donucen. P\u0159esto vyj\u00e1d\u0159en\u00ed Mat\u011bje Homoly p\u016fsobilo jako osobn\u00ed odsudek bez snahy o sm\u00ed\u0159liv\u00fd t\u00f3n.<\/p>\n\n\n<!-- karaoketexty.cz \/ interscroller1 -->\n\n<div id=\"PX_37041_825057871452834\"><\/div>\n<script>\nif(useMobileAds && !boolUseSeznamAds && !hideAllAds){\n\twindow.px2 = window.px2 || { conf: {},queue: [] };\n\tpx2.queue.push(function () {\n\t\tpx2.render({\n\t\t\tslot: {\n\t\t\t\tid: 37041\n\t\t\t},\n\t\t\telem: \"PX_37041_825057871452834\"\n\t\t})\n\t});\n}\n<\/script>\n\n\n<h2 class=\"wp-block-heading\">Minulost, kter\u00e1 se st\u00e1le vrac\u00ed<\/h2>\n\n\n\n<p>Cel\u00fd spor znovu otev\u0159el t\u00e9ma osobn\u00ed odpov\u011bdnosti a hranic ve\u0159ejn\u00e9 mor\u00e1lky. P\u0159ipomn\u011bl, \u017ee n\u011bkter\u00e9 \u010diny z minulosti z\u016fst\u00e1vaj\u00ed ve ve\u0159ejn\u00e9m prostoru \u017eiv\u00e9 i po desetilet\u00edch. V kontextu Palachova odkazu se podobn\u00e9 debaty dot\u00fdkaj\u00ed citliv\u00fdch hodnot, na kter\u00e9 \u010desk\u00e1 spole\u010dnost reaguje velmi emotivn\u011b. Pr\u00e1v\u011b proto vyvol\u00e1vaj\u00ed siln\u00e9 reakce i mezi zn\u00e1m\u00fdmi osobnostmi.<\/p>\n\n\n\n<blockquote class=\"instagram-media\" data-instgrm-captioned data-instgrm-permalink=\"https:\/\/www.instagram.com\/p\/DTlEN3iiFe8\/?utm_source=ig_embed&amp;utm_campaign=loading\" data-instgrm-version=\"14\" style=\" background:#FFF; border:0; border-radius:3px; box-shadow:0 0 1px 0 rgba(0,0,0,0.5),0 1px 10px 0 rgba(0,0,0,0.15); margin: 1px; max-width:540px; min-width:326px; padding:0; width:99.375%; width:-webkit-calc(100% - 2px); width:calc(100% - 2px);\"><div style=\"padding:16px;\"> <a href=\"https:\/\/www.instagram.com\/p\/DTlEN3iiFe8\/?utm_source=ig_embed&amp;utm_campaign=loading\" style=\" background:#FFFFFF; line-height:0; padding:0 0; text-align:center; text-decoration:none; width:100%;\" target=\"_blank\"> <div style=\" display: flex; flex-direction: row; align-items: center;\"> <div style=\"background-color: #F4F4F4; border-radius: 50%; flex-grow: 0; height: 40px; margin-right: 14px; width: 40px;\"><\/div> <div style=\"display: flex; flex-direction: column; flex-grow: 1; justify-content: center;\"> <div style=\" background-color: #F4F4F4; border-radius: 4px; flex-grow: 0; height: 14px; margin-bottom: 6px; width: 100px;\"><\/div> <div style=\" background-color: #F4F4F4; border-radius: 4px; flex-grow: 0; height: 14px; width: 60px;\"><\/div><\/div><\/div><div style=\"padding: 19% 0;\"><\/div> <div style=\"display:block; height:50px; margin:0 auto 12px; width:50px;\"><svg width=\"50px\" height=\"50px\" viewBox=\"0 0 60 60\" version=\"1.1\" xmlns=\"https:\/\/www.w3.org\/2000\/svg\" xmlns:xlink=\"https:\/\/www.w3.org\/1999\/xlink\"><g stroke=\"none\" stroke-width=\"1\" fill=\"none\" fill-rule=\"evenodd\"><g transform=\"translate(-511.000000, -20.000000)\" fill=\"#000000\"><g><path d=\"M556.869,30.41 C554.814,30.41 553.148,32.076 553.148,34.131 C553.148,36.186 554.814,37.852 556.869,37.852 C558.924,37.852 560.59,36.186 560.59,34.131 C560.59,32.076 558.924,30.41 556.869,30.41 M541,60.657 C535.114,60.657 530.342,55.887 530.342,50 C530.342,44.114 535.114,39.342 541,39.342 C546.887,39.342 551.658,44.114 551.658,50 C551.658,55.887 546.887,60.657 541,60.657 M541,33.886 C532.1,33.886 524.886,41.1 524.886,50 C524.886,58.899 532.1,66.113 541,66.113 C549.9,66.113 557.115,58.899 557.115,50 C557.115,41.1 549.9,33.886 541,33.886 M565.378,62.101 C565.244,65.022 564.756,66.606 564.346,67.663 C563.803,69.06 563.154,70.057 562.106,71.106 C561.058,72.155 560.06,72.803 558.662,73.347 C557.607,73.757 556.021,74.244 553.102,74.378 C549.944,74.521 548.997,74.552 541,74.552 C533.003,74.552 532.056,74.521 528.898,74.378 C525.979,74.244 524.393,73.757 523.338,73.347 C521.94,72.803 520.942,72.155 519.894,71.106 C518.846,70.057 518.197,69.06 517.654,67.663 C517.244,66.606 516.755,65.022 516.623,62.101 C516.479,58.943 516.448,57.996 516.448,50 C516.448,42.003 516.479,41.056 516.623,37.899 C516.755,34.978 517.244,33.391 517.654,32.338 C518.197,30.938 518.846,29.942 519.894,28.894 C520.942,27.846 521.94,27.196 523.338,26.654 C524.393,26.244 525.979,25.756 528.898,25.623 C532.057,25.479 533.004,25.448 541,25.448 C548.997,25.448 549.943,25.479 553.102,25.623 C556.021,25.756 557.607,26.244 558.662,26.654 C560.06,27.196 561.058,27.846 562.106,28.894 C563.154,29.942 563.803,30.938 564.346,32.338 C564.756,33.391 565.244,34.978 565.378,37.899 C565.522,41.056 565.552,42.003 565.552,50 C565.552,57.996 565.522,58.943 565.378,62.101 M570.82,37.631 C570.674,34.438 570.167,32.258 569.425,30.349 C568.659,28.377 567.633,26.702 565.965,25.035 C564.297,23.368 562.623,22.342 560.652,21.575 C558.743,20.834 556.562,20.326 553.369,20.18 C550.169,20.033 549.148,20 541,20 C532.853,20 531.831,20.033 528.631,20.18 C525.438,20.326 523.257,20.834 521.349,21.575 C519.376,22.342 517.703,23.368 516.035,25.035 C514.368,26.702 513.342,28.377 512.574,30.349 C511.834,32.258 511.326,34.438 511.181,37.631 C511.035,40.831 511,41.851 511,50 C511,58.147 511.035,59.17 511.181,62.369 C511.326,65.562 511.834,67.743 512.574,69.651 C513.342,71.625 514.368,73.296 516.035,74.965 C517.703,76.634 519.376,77.658 521.349,78.425 C523.257,79.167 525.438,79.673 528.631,79.82 C531.831,79.965 532.853,80.001 541,80.001 C549.148,80.001 550.169,79.965 553.369,79.82 C556.562,79.673 558.743,79.167 560.652,78.425 C562.623,77.658 564.297,76.634 565.965,74.965 C567.633,73.296 568.659,71.625 569.425,69.651 C570.167,67.743 570.674,65.562 570.82,62.369 C570.966,59.17 571,58.147 571,50 C571,41.851 570.966,40.831 570.82,37.631\"><\/path><\/g><\/g><\/g><\/svg><\/div><div style=\"padding-top: 8px;\"> <div style=\" color:#3897f0; font-family:Arial,sans-serif; font-size:14px; font-style:normal; font-weight:550; line-height:18px;\">Zobrazit p\u0159\u00edsp\u011bvek na Instagramu<\/div><\/div><div style=\"padding: 12.5% 0;\"><\/div> <div style=\"display: flex; flex-direction: row; margin-bottom: 14px; align-items: center;\"><div> <div style=\"background-color: #F4F4F4; border-radius: 50%; height: 12.5px; width: 12.5px; transform: translateX(0px) translateY(7px);\"><\/div> <div style=\"background-color: #F4F4F4; height: 12.5px; transform: rotate(-45deg) translateX(3px) translateY(1px); width: 12.5px; flex-grow: 0; margin-right: 14px; margin-left: 2px;\"><\/div> <div style=\"background-color: #F4F4F4; border-radius: 50%; height: 12.5px; width: 12.5px; transform: translateX(9px) translateY(-18px);\"><\/div><\/div><div style=\"margin-left: 8px;\"> <div style=\" background-color: #F4F4F4; border-radius: 50%; flex-grow: 0; height: 20px; width: 20px;\"><\/div> <div style=\" width: 0; height: 0; border-top: 2px solid transparent; border-left: 6px solid #f4f4f4; border-bottom: 2px solid transparent; transform: translateX(16px) translateY(-4px) rotate(30deg)\"><\/div><\/div><div style=\"margin-left: auto;\"> <div style=\" width: 0px; border-top: 8px solid #F4F4F4; border-right: 8px solid transparent; transform: translateY(16px);\"><\/div> <div style=\" background-color: #F4F4F4; flex-grow: 0; height: 12px; width: 16px; transform: translateY(-4px);\"><\/div> <div style=\" width: 0; height: 0; border-top: 8px solid #F4F4F4; border-left: 8px solid transparent; transform: translateY(-4px) translateX(8px);\"><\/div><\/div><\/div> <div style=\"display: flex; flex-direction: column; flex-grow: 1; justify-content: center; margin-bottom: 24px;\"> <div style=\" background-color: #F4F4F4; border-radius: 4px; flex-grow: 0; height: 14px; margin-bottom: 6px; width: 224px;\"><\/div> <div style=\" background-color: #F4F4F4; border-radius: 4px; flex-grow: 0; height: 14px; width: 144px;\"><\/div><\/div><\/a><p style=\" color:#c9c8cd; font-family:Arial,sans-serif; font-size:14px; line-height:17px; margin-bottom:0; margin-top:8px; overflow:hidden; padding:8px 0 7px; text-align:center; text-overflow:ellipsis; white-space:nowrap;\"><a href=\"https:\/\/www.instagram.com\/p\/DTlEN3iiFe8\/?utm_source=ig_embed&amp;utm_campaign=loading\" style=\" color:#c9c8cd; font-family:Arial,sans-serif; font-size:14px; font-style:normal; font-weight:normal; line-height:17px; text-decoration:none;\" target=\"_blank\">P\u0159\u00edsp\u011bvek sd\u00edlen\u00fd Mat\u011bj Homola (@matejhomola)<\/a><\/p><\/div><\/blockquote>\n<script async src=\"\/\/www.instagram.com\/embed.js\"><\/script>\n\n\n\n<p>Homolova reakce rychle za\u010dala kolovat po soci\u00e1ln\u00edch s\u00edt\u00edch a rozd\u011blila ve\u0159ejnost. Jedni oce\u0148uj\u00ed jeho otev\u0159enost a p\u0159\u00edmost, druz\u00ed kritizuj\u00ed formu a m\u00edru \u00fatoku. Spor z\u00e1rove\u0148 ukazuje, jak snadno se pietn\u00ed vzpom\u00ednka m\u016f\u017ee zm\u011bnit v osobn\u00ed konflikt.<strong> <\/strong>Odkaz Jana Palacha tak znovu vstoupil do sou\u010dasn\u00e9 debaty zp\u016fsobem, kter\u00fd vyvol\u00e1v\u00e1 ot\u00e1zky po respektu, pam\u011bti a odpov\u011bdnosti ve\u0159ejn\u00fdch figur.<\/p>\n\n\n\n<p>Zdroj: Autorsk\u00fd text, <a href=\"https:\/\/www.instagram.com\/p\/DTlEN3iiFe8\/?utm_source=ig_web_copy_link&amp;igsh=NTc4MTIwNjQ2YQ==\" target=\"_blank\" rel=\"noreferrer noopener nofollow\">Instagram Mat\u011bjeHomoly<\/a>, <a href=\"https:\/\/www.reflex.cz\/clanek\/prostor-x\/98644\/spolupracoval-jsem-s-stb-je-to-moje-nocni-mura-alkohol-me-malem-stal-rodinu-rika-otevrene-klempir-z-j-a-r.html\" target=\"_blank\" rel=\"noreferrer noopener nofollow\">Reflex<\/a>, <a href=\"https:\/\/www.idnes.cz\/zpravy\/domaci\/oto-klempir-statni-bezpecnost-spoluprace-kandidatka-motoriste.A250801_190325_domaci_iri\" target=\"_blank\" rel=\"noreferrer noopener nofollow\">IDnes<\/a><\/p>\n\n\n            <a href=\"https:\/\/www.karaoketexty.cz\/magazin\/matej-homola-ze-skupiny-wohnout-prinasi-cestopis-z-pamiru-motorky-hory-a-zazitky\/\" class=\"related-post-link\">\n                <div class=\"post-thumbnail\">\n                    <img decoding=\"async\" width=\"250\" height=\"153\" src=\"https:\/\/www.karaoketexty.cz\/magazin\/wp-content\/uploads\/2025\/09\/matej-homola.jpg\" class=\"attachment-250x180 size-250x180 not-transparent\" alt=\"Fotografie Mat\u011bje Homoly\" srcset=\"https:\/\/www.karaoketexty.cz\/magazin\/wp-content\/uploads\/2025\/09\/matej-homola.jpg 1200w, https:\/\/www.karaoketexty.cz\/magazin\/wp-content\/uploads\/2025\/09\/matej-homola-300x184.jpg 300w, https:\/\/www.karaoketexty.cz\/magazin\/wp-content\/uploads\/2025\/09\/matej-homola-1024x627.jpg 1024w, https:\/\/www.karaoketexty.cz\/magazin\/wp-content\/uploads\/2025\/09\/matej-homola-768x470.jpg 768w\" sizes=\"(max-width: 250px) 100vw, 250px\" data-has-transparency=\"false\" data-dominant-color=\"58493c\" style=\"--dominant-color: #58493c;\" \/>                <\/div>\n                <div class=\"post-details\">\n                    <span class=\"also-read\">\u010ct\u011bte tak\u00e9:<\/span>\n                    <h3 class=\"hed\">Mat\u011bj Homola ze skupiny Wohnout p\u0159in\u00e1\u0161\u00ed cestopis z Pam\u00edru: motorky, hory a z\u00e1\u017eitky<\/h3>\n                <\/div>\n            <\/a>\n            \n\n            <a href=\"https:\/\/www.karaoketexty.cz\/magazin\/na-motorce-s-dcerou-i-pisnickami-homolovi-jedou-v-balkanskem-rytmu\/\" class=\"related-post-link\">\n                <div class=\"post-thumbnail\">\n                    <img decoding=\"async\" width=\"250\" height=\"167\" src=\"https:\/\/www.karaoketexty.cz\/magazin\/wp-content\/uploads\/2025\/08\/matej-homola.jpg\" class=\"attachment-250x180 size-250x180 not-transparent\" alt=\"Fotografie Mat\u011bje Homoly\" srcset=\"https:\/\/www.karaoketexty.cz\/magazin\/wp-content\/uploads\/2025\/08\/matej-homola.jpg 1200w, https:\/\/www.karaoketexty.cz\/magazin\/wp-content\/uploads\/2025\/08\/matej-homola-300x201.jpg 300w, https:\/\/www.karaoketexty.cz\/magazin\/wp-content\/uploads\/2025\/08\/matej-homola-1024x685.jpg 1024w, https:\/\/www.karaoketexty.cz\/magazin\/wp-content\/uploads\/2025\/08\/matej-homola-768x514.jpg 768w, https:\/\/www.karaoketexty.cz\/magazin\/wp-content\/uploads\/2025\/08\/matej-homola-800x533.jpg 800w\" sizes=\"(max-width: 250px) 100vw, 250px\" data-has-transparency=\"false\" data-dominant-color=\"443b33\" style=\"--dominant-color: #443b33;\" \/>                <\/div>\n                <div class=\"post-details\">\n                    <span class=\"also-read\">\u010ct\u011bte tak\u00e9:<\/span>\n                    <h3 class=\"hed\">Na motorce s dcerou i p\u00edsni\u010dkami. Homolovi jedou v balk\u00e1nsk\u00e9m rytmu<\/h3>\n                <\/div>\n            <\/a>\n            ","protected":false},"excerpt":{"rendered":"<p>V\u00fdro\u010d\u00ed up\u00e1len\u00ed Jana Palacha se letos neslo tak\u00e9 ve znamen\u00ed ostr\u00e9 v\u00fdm\u011bny n\u00e1zor\u016f. Mat\u011bj Homola reagoval na facebookov\u00fd p\u0159\u00edsp\u011bvek Oty Klemp\u00ed\u0159e velmi tvrd\u00fdmi slovy.<\/p>\n","protected":false},"author":5,"featured_media":7022,"comment_status":"open","ping_status":"closed","sticky":false,"template":"","format":"standard","meta":{"_yoast_wpseo_title":"Mat\u011bj Homola zkritizoval slova Oty Klemp\u00ed\u0159e k v\u00fdro\u010d\u00ed Jana Palacha","_yoast_wpseo_metadesc":"Vzpom\u00ednka na Jana Palacha vyvolala ne\u010dekan\u011b vyhrocenou reakci mezi dv\u011bma zn\u00e1m\u00fdmi osobnostmi. Mat\u011bj Homola se op\u0159el do slov Oty Klemp\u00ed\u0159e.","footnotes":""},"categories":[7],"tags":[562,5934,1062,5933,500,5932,584,1746,5935,1060,5909,539,5931,262],"class_list":["post-7035","post","type-post","status-publish","format-standard","has-post-thumbnail","hentry","category-aktuality","tag-ceska-celebrita","tag-cesti-hudebnici","tag-facebook","tag-historicka-pamet","tag-instagram","tag-jan-palach","tag-kontroverze","tag-matej-homola","tag-nazor-celebrit","tag-oto-klempir","tag-politika-a-hudba","tag-socialni-site","tag-verejny-spor","tag-vyroci"],"yoast_head":"<!-- This site is optimized with the Yoast SEO plugin v27.5 - https:\/\/yoast.com\/product\/yoast-seo-wordpress\/ -->\n<title>Mat\u011bj Homola zkritizoval slova Oty Klemp\u00ed\u0159e k v\u00fdro\u010d\u00ed Jana Palacha<\/title>\n<meta name=\"description\" content=\"Vzpom\u00ednka na Jana Palacha vyvolala ne\u010dekan\u011b vyhrocenou reakci mezi dv\u011bma zn\u00e1m\u00fdmi osobnostmi. Mat\u011bj Homola se op\u0159el do slov Oty Klemp\u00ed\u0159e.\" \/>\n<meta name=\"robots\" content=\"index, follow, max-snippet:-1, max-image-preview:large, max-video-preview:-1\" \/>\n<link rel=\"canonical\" href=\"https:\/\/www.karaoketexty.cz\/magazin\/matej-homola-ostre-reagoval-na-vyjadreni-oty-klempire-k-vyroci-upaleni-jana-palacha\/\" \/>\n<meta property=\"og:locale\" content=\"cs_CZ\" \/>\n<meta property=\"og:type\" content=\"article\" \/>\n<meta property=\"og:title\" content=\"Mat\u011bj Homola zkritizoval slova Oty Klemp\u00ed\u0159e k v\u00fdro\u010d\u00ed Jana Palacha\" \/>\n<meta property=\"og:description\" content=\"Vzpom\u00ednka na Jana Palacha vyvolala ne\u010dekan\u011b vyhrocenou reakci mezi dv\u011bma zn\u00e1m\u00fdmi osobnostmi. Mat\u011bj Homola se op\u0159el do slov Oty Klemp\u00ed\u0159e.\" \/>\n<meta property=\"og:url\" content=\"https:\/\/www.karaoketexty.cz\/magazin\/matej-homola-ostre-reagoval-na-vyjadreni-oty-klempire-k-vyroci-upaleni-jana-palacha\/\" \/>\n<meta property=\"og:site_name\" content=\"Stars Magaz\u00edn Karaoketexty.cz\" \/>\n<meta property=\"article:published_time\" content=\"2026-01-30T12:33:00+00:00\" \/>\n<meta property=\"og:image\" content=\"https:\/\/www.karaoketexty.cz\/magazin\/wp-content\/uploads\/2026\/01\/matej-homola.jpg\" \/>\n\t<meta property=\"og:image:width\" content=\"1200\" \/>\n\t<meta property=\"og:image:height\" content=\"675\" \/>\n\t<meta property=\"og:image:type\" content=\"image\/jpeg\" \/>\n<meta name=\"author\" content=\"Veronika \u0160imkov\u00e1\" \/>\n<meta name=\"twitter:card\" content=\"summary_large_image\" \/>\n<meta name=\"twitter:label1\" content=\"Napsal(a)\" \/>\n\t<meta name=\"twitter:data1\" content=\"Veronika \u0160imkov\u00e1\" \/>\n\t<meta name=\"twitter:label2\" content=\"Odhadovan\u00e1 doba \u010dten\u00ed\" \/>\n\t<meta name=\"twitter:data2\" content=\"3 minuty\" \/>\n<script type=\"application\/ld+json\" class=\"yoast-schema-graph\">{\"@context\":\"https:\\\/\\\/schema.org\",\"@graph\":[{\"@type\":\"Article\",\"@id\":\"https:\\\/\\\/www.karaoketexty.cz\\\/magazin\\\/matej-homola-ostre-reagoval-na-vyjadreni-oty-klempire-k-vyroci-upaleni-jana-palacha\\\/#article\",\"isPartOf\":{\"@id\":\"https:\\\/\\\/www.karaoketexty.cz\\\/magazin\\\/matej-homola-ostre-reagoval-na-vyjadreni-oty-klempire-k-vyroci-upaleni-jana-palacha\\\/\"},\"author\":{\"name\":\"Veronika \u0160imkov\u00e1\",\"@id\":\"https:\\\/\\\/www.karaoketexty.cz\\\/magazin\\\/#\\\/schema\\\/person\\\/03220d610ed4cba378a72bac3443f821\"},\"headline\":\"Mat\u011bj Homola ost\u0159e reagoval na vyj\u00e1d\u0159en\u00ed Oty Klemp\u00ed\u0159e k v\u00fdro\u010d\u00ed up\u00e1len\u00ed Jana Palacha\",\"datePublished\":\"2026-01-30T12:33:00+00:00\",\"mainEntityOfPage\":{\"@id\":\"https:\\\/\\\/www.karaoketexty.cz\\\/magazin\\\/matej-homola-ostre-reagoval-na-vyjadreni-oty-klempire-k-vyroci-upaleni-jana-palacha\\\/\"},\"wordCount\":517,\"commentCount\":4,\"image\":{\"@id\":\"https:\\\/\\\/www.karaoketexty.cz\\\/magazin\\\/matej-homola-ostre-reagoval-na-vyjadreni-oty-klempire-k-vyroci-upaleni-jana-palacha\\\/#primaryimage\"},\"thumbnailUrl\":\"https:\\\/\\\/www.karaoketexty.cz\\\/magazin\\\/wp-content\\\/uploads\\\/2026\\\/01\\\/matej-homola.jpg\",\"keywords\":[\"\u010desk\u00e1 celebrita\",\"\u010de\u0161t\u00ed hudebn\u00edci\",\"Facebook\",\"historick\u00e1 pam\u011b\u0165\",\"Instagram\",\"Jan Palach\",\"kontroverze\",\"Mat\u011bj Homola\",\"n\u00e1zor celebrit\",\"Oto Klemp\u00ed\u0159\",\"politika a hudba\",\"soci\u00e1ln\u00ed s\u00edt\u011b\",\"ve\u0159ejn\u00fd spor\",\"V\u00fdro\u010d\u00ed\"],\"articleSection\":[\"Aktuality\"],\"inLanguage\":\"cs\",\"potentialAction\":[{\"@type\":\"CommentAction\",\"name\":\"Comment\",\"target\":[\"https:\\\/\\\/www.karaoketexty.cz\\\/magazin\\\/matej-homola-ostre-reagoval-na-vyjadreni-oty-klempire-k-vyroci-upaleni-jana-palacha\\\/#respond\"]}]},{\"@type\":\"WebPage\",\"@id\":\"https:\\\/\\\/www.karaoketexty.cz\\\/magazin\\\/matej-homola-ostre-reagoval-na-vyjadreni-oty-klempire-k-vyroci-upaleni-jana-palacha\\\/\",\"url\":\"https:\\\/\\\/www.karaoketexty.cz\\\/magazin\\\/matej-homola-ostre-reagoval-na-vyjadreni-oty-klempire-k-vyroci-upaleni-jana-palacha\\\/\",\"name\":\"Mat\u011bj Homola zkritizoval slova Oty Klemp\u00ed\u0159e k v\u00fdro\u010d\u00ed Jana Palacha\",\"isPartOf\":{\"@id\":\"https:\\\/\\\/www.karaoketexty.cz\\\/magazin\\\/#website\"},\"primaryImageOfPage\":{\"@id\":\"https:\\\/\\\/www.karaoketexty.cz\\\/magazin\\\/matej-homola-ostre-reagoval-na-vyjadreni-oty-klempire-k-vyroci-upaleni-jana-palacha\\\/#primaryimage\"},\"image\":{\"@id\":\"https:\\\/\\\/www.karaoketexty.cz\\\/magazin\\\/matej-homola-ostre-reagoval-na-vyjadreni-oty-klempire-k-vyroci-upaleni-jana-palacha\\\/#primaryimage\"},\"thumbnailUrl\":\"https:\\\/\\\/www.karaoketexty.cz\\\/magazin\\\/wp-content\\\/uploads\\\/2026\\\/01\\\/matej-homola.jpg\",\"datePublished\":\"2026-01-30T12:33:00+00:00\",\"author\":{\"@id\":\"https:\\\/\\\/www.karaoketexty.cz\\\/magazin\\\/#\\\/schema\\\/person\\\/03220d610ed4cba378a72bac3443f821\"},\"description\":\"Vzpom\u00ednka na Jana Palacha vyvolala ne\u010dekan\u011b vyhrocenou reakci mezi dv\u011bma zn\u00e1m\u00fdmi osobnostmi. Mat\u011bj Homola se op\u0159el do slov Oty Klemp\u00ed\u0159e.\",\"breadcrumb\":{\"@id\":\"https:\\\/\\\/www.karaoketexty.cz\\\/magazin\\\/matej-homola-ostre-reagoval-na-vyjadreni-oty-klempire-k-vyroci-upaleni-jana-palacha\\\/#breadcrumb\"},\"inLanguage\":\"cs\",\"potentialAction\":[{\"@type\":\"ReadAction\",\"target\":[\"https:\\\/\\\/www.karaoketexty.cz\\\/magazin\\\/matej-homola-ostre-reagoval-na-vyjadreni-oty-klempire-k-vyroci-upaleni-jana-palacha\\\/\"]}]},{\"@type\":\"ImageObject\",\"inLanguage\":\"cs\",\"@id\":\"https:\\\/\\\/www.karaoketexty.cz\\\/magazin\\\/matej-homola-ostre-reagoval-na-vyjadreni-oty-klempire-k-vyroci-upaleni-jana-palacha\\\/#primaryimage\",\"url\":\"https:\\\/\\\/www.karaoketexty.cz\\\/magazin\\\/wp-content\\\/uploads\\\/2026\\\/01\\\/matej-homola.jpg\",\"contentUrl\":\"https:\\\/\\\/www.karaoketexty.cz\\\/magazin\\\/wp-content\\\/uploads\\\/2026\\\/01\\\/matej-homola.jpg\",\"width\":1200,\"height\":675,\"caption\":\"Fotografie: Nextfoto\"},{\"@type\":\"BreadcrumbList\",\"@id\":\"https:\\\/\\\/www.karaoketexty.cz\\\/magazin\\\/matej-homola-ostre-reagoval-na-vyjadreni-oty-klempire-k-vyroci-upaleni-jana-palacha\\\/#breadcrumb\",\"itemListElement\":[{\"@type\":\"ListItem\",\"position\":1,\"name\":\"Dom\u016f\",\"item\":\"https:\\\/\\\/www.karaoketexty.cz\\\/magazin\\\/\"},{\"@type\":\"ListItem\",\"position\":2,\"name\":\"Mat\u011bj Homola ost\u0159e reagoval na vyj\u00e1d\u0159en\u00ed Oty Klemp\u00ed\u0159e k v\u00fdro\u010d\u00ed up\u00e1len\u00ed Jana Palacha\"}]},{\"@type\":\"WebSite\",\"@id\":\"https:\\\/\\\/www.karaoketexty.cz\\\/magazin\\\/#website\",\"url\":\"https:\\\/\\\/www.karaoketexty.cz\\\/magazin\\\/\",\"name\":\"Stars Magaz\u00edn Karaoketexty.cz\",\"description\":\"Stars Magaz\u00edn na Karaoketexty.cz je zam\u011b\u0159en\u00fd na novinky ze sv\u011bta hudby a celebrit. Obsahuje \u010dl\u00e1nky o zp\u011bv\u00e1c\u00edch, kapel\u00e1ch, nov\u00fdch albech, hudebn\u00edch trendech a dal\u0161\u00edch zaj\u00edmavostech z hudebn\u00edho pr\u016fmyslu.\",\"potentialAction\":[{\"@type\":\"SearchAction\",\"target\":{\"@type\":\"EntryPoint\",\"urlTemplate\":\"https:\\\/\\\/www.karaoketexty.cz\\\/magazin\\\/?s={search_term_string}\"},\"query-input\":{\"@type\":\"PropertyValueSpecification\",\"valueRequired\":true,\"valueName\":\"search_term_string\"}}],\"inLanguage\":\"cs\"},{\"@type\":\"Person\",\"@id\":\"https:\\\/\\\/www.karaoketexty.cz\\\/magazin\\\/#\\\/schema\\\/person\\\/03220d610ed4cba378a72bac3443f821\",\"name\":\"Veronika \u0160imkov\u00e1\",\"image\":{\"@type\":\"ImageObject\",\"inLanguage\":\"cs\",\"@id\":\"https:\\\/\\\/secure.gravatar.com\\\/avatar\\\/62af9cda83322200aaf20e60d0442fbca254ce18c0ffdcaaf83de31493c941a5?s=96&d=mm&r=g\",\"url\":\"https:\\\/\\\/secure.gravatar.com\\\/avatar\\\/62af9cda83322200aaf20e60d0442fbca254ce18c0ffdcaaf83de31493c941a5?s=96&d=mm&r=g\",\"contentUrl\":\"https:\\\/\\\/secure.gravatar.com\\\/avatar\\\/62af9cda83322200aaf20e60d0442fbca254ce18c0ffdcaaf83de31493c941a5?s=96&d=mm&r=g\",\"caption\":\"Veronika \u0160imkov\u00e1\"},\"url\":\"https:\\\/\\\/www.karaoketexty.cz\\\/magazin\\\/author\\\/veronikasimkova\\\/\"}]}<\/script>\n<!-- \/ Yoast SEO plugin. -->","yoast_head_json":{"title":"Mat\u011bj Homola zkritizoval slova Oty Klemp\u00ed\u0159e k v\u00fdro\u010d\u00ed Jana Palacha","description":"Vzpom\u00ednka na Jana Palacha vyvolala ne\u010dekan\u011b vyhrocenou reakci mezi dv\u011bma zn\u00e1m\u00fdmi osobnostmi. Mat\u011bj Homola se op\u0159el do slov Oty Klemp\u00ed\u0159e.","robots":{"index":"index","follow":"follow","max-snippet":"max-snippet:-1","max-image-preview":"max-image-preview:large","max-video-preview":"max-video-preview:-1"},"canonical":"https:\/\/www.karaoketexty.cz\/magazin\/matej-homola-ostre-reagoval-na-vyjadreni-oty-klempire-k-vyroci-upaleni-jana-palacha\/","og_locale":"cs_CZ","og_type":"article","og_title":"Mat\u011bj Homola zkritizoval slova Oty Klemp\u00ed\u0159e k v\u00fdro\u010d\u00ed Jana Palacha","og_description":"Vzpom\u00ednka na Jana Palacha vyvolala ne\u010dekan\u011b vyhrocenou reakci mezi dv\u011bma zn\u00e1m\u00fdmi osobnostmi. Mat\u011bj Homola se op\u0159el do slov Oty Klemp\u00ed\u0159e.","og_url":"https:\/\/www.karaoketexty.cz\/magazin\/matej-homola-ostre-reagoval-na-vyjadreni-oty-klempire-k-vyroci-upaleni-jana-palacha\/","og_site_name":"Stars Magaz\u00edn Karaoketexty.cz","article_published_time":"2026-01-30T12:33:00+00:00","og_image":[{"width":1200,"height":675,"url":"https:\/\/www.karaoketexty.cz\/magazin\/wp-content\/uploads\/2026\/01\/matej-homola.jpg","type":"image\/jpeg"}],"author":"Veronika \u0160imkov\u00e1","twitter_card":"summary_large_image","twitter_misc":{"Napsal(a)":"Veronika \u0160imkov\u00e1","Odhadovan\u00e1 doba \u010dten\u00ed":"3 minuty"},"schema":{"@context":"https:\/\/schema.org","@graph":[{"@type":"Article","@id":"https:\/\/www.karaoketexty.cz\/magazin\/matej-homola-ostre-reagoval-na-vyjadreni-oty-klempire-k-vyroci-upaleni-jana-palacha\/#article","isPartOf":{"@id":"https:\/\/www.karaoketexty.cz\/magazin\/matej-homola-ostre-reagoval-na-vyjadreni-oty-klempire-k-vyroci-upaleni-jana-palacha\/"},"author":{"name":"Veronika \u0160imkov\u00e1","@id":"https:\/\/www.karaoketexty.cz\/magazin\/#\/schema\/person\/03220d610ed4cba378a72bac3443f821"},"headline":"Mat\u011bj Homola ost\u0159e reagoval na vyj\u00e1d\u0159en\u00ed Oty Klemp\u00ed\u0159e k v\u00fdro\u010d\u00ed up\u00e1len\u00ed Jana Palacha","datePublished":"2026-01-30T12:33:00+00:00","mainEntityOfPage":{"@id":"https:\/\/www.karaoketexty.cz\/magazin\/matej-homola-ostre-reagoval-na-vyjadreni-oty-klempire-k-vyroci-upaleni-jana-palacha\/"},"wordCount":517,"commentCount":4,"image":{"@id":"https:\/\/www.karaoketexty.cz\/magazin\/matej-homola-ostre-reagoval-na-vyjadreni-oty-klempire-k-vyroci-upaleni-jana-palacha\/#primaryimage"},"thumbnailUrl":"https:\/\/www.karaoketexty.cz\/magazin\/wp-content\/uploads\/2026\/01\/matej-homola.jpg","keywords":["\u010desk\u00e1 celebrita","\u010de\u0161t\u00ed hudebn\u00edci","Facebook","historick\u00e1 pam\u011b\u0165","Instagram","Jan Palach","kontroverze","Mat\u011bj Homola","n\u00e1zor celebrit","Oto Klemp\u00ed\u0159","politika a hudba","soci\u00e1ln\u00ed s\u00edt\u011b","ve\u0159ejn\u00fd spor","V\u00fdro\u010d\u00ed"],"articleSection":["Aktuality"],"inLanguage":"cs","potentialAction":[{"@type":"CommentAction","name":"Comment","target":["https:\/\/www.karaoketexty.cz\/magazin\/matej-homola-ostre-reagoval-na-vyjadreni-oty-klempire-k-vyroci-upaleni-jana-palacha\/#respond"]}]},{"@type":"WebPage","@id":"https:\/\/www.karaoketexty.cz\/magazin\/matej-homola-ostre-reagoval-na-vyjadreni-oty-klempire-k-vyroci-upaleni-jana-palacha\/","url":"https:\/\/www.karaoketexty.cz\/magazin\/matej-homola-ostre-reagoval-na-vyjadreni-oty-klempire-k-vyroci-upaleni-jana-palacha\/","name":"Mat\u011bj Homola zkritizoval slova Oty Klemp\u00ed\u0159e k v\u00fdro\u010d\u00ed Jana Palacha","isPartOf":{"@id":"https:\/\/www.karaoketexty.cz\/magazin\/#website"},"primaryImageOfPage":{"@id":"https:\/\/www.karaoketexty.cz\/magazin\/matej-homola-ostre-reagoval-na-vyjadreni-oty-klempire-k-vyroci-upaleni-jana-palacha\/#primaryimage"},"image":{"@id":"https:\/\/www.karaoketexty.cz\/magazin\/matej-homola-ostre-reagoval-na-vyjadreni-oty-klempire-k-vyroci-upaleni-jana-palacha\/#primaryimage"},"thumbnailUrl":"https:\/\/www.karaoketexty.cz\/magazin\/wp-content\/uploads\/2026\/01\/matej-homola.jpg","datePublished":"2026-01-30T12:33:00+00:00","author":{"@id":"https:\/\/www.karaoketexty.cz\/magazin\/#\/schema\/person\/03220d610ed4cba378a72bac3443f821"},"description":"Vzpom\u00ednka na Jana Palacha vyvolala ne\u010dekan\u011b vyhrocenou reakci mezi dv\u011bma zn\u00e1m\u00fdmi osobnostmi. Mat\u011bj Homola se op\u0159el do slov Oty Klemp\u00ed\u0159e.","breadcrumb":{"@id":"https:\/\/www.karaoketexty.cz\/magazin\/matej-homola-ostre-reagoval-na-vyjadreni-oty-klempire-k-vyroci-upaleni-jana-palacha\/#breadcrumb"},"inLanguage":"cs","potentialAction":[{"@type":"ReadAction","target":["https:\/\/www.karaoketexty.cz\/magazin\/matej-homola-ostre-reagoval-na-vyjadreni-oty-klempire-k-vyroci-upaleni-jana-palacha\/"]}]},{"@type":"ImageObject","inLanguage":"cs","@id":"https:\/\/www.karaoketexty.cz\/magazin\/matej-homola-ostre-reagoval-na-vyjadreni-oty-klempire-k-vyroci-upaleni-jana-palacha\/#primaryimage","url":"https:\/\/www.karaoketexty.cz\/magazin\/wp-content\/uploads\/2026\/01\/matej-homola.jpg","contentUrl":"https:\/\/www.karaoketexty.cz\/magazin\/wp-content\/uploads\/2026\/01\/matej-homola.jpg","width":1200,"height":675,"caption":"Fotografie: Nextfoto"},{"@type":"BreadcrumbList","@id":"https:\/\/www.karaoketexty.cz\/magazin\/matej-homola-ostre-reagoval-na-vyjadreni-oty-klempire-k-vyroci-upaleni-jana-palacha\/#breadcrumb","itemListElement":[{"@type":"ListItem","position":1,"name":"Dom\u016f","item":"https:\/\/www.karaoketexty.cz\/magazin\/"},{"@type":"ListItem","position":2,"name":"Mat\u011bj Homola ost\u0159e reagoval na vyj\u00e1d\u0159en\u00ed Oty Klemp\u00ed\u0159e k v\u00fdro\u010d\u00ed up\u00e1len\u00ed Jana Palacha"}]},{"@type":"WebSite","@id":"https:\/\/www.karaoketexty.cz\/magazin\/#website","url":"https:\/\/www.karaoketexty.cz\/magazin\/","name":"Stars Magaz\u00edn Karaoketexty.cz","description":"Stars Magaz\u00edn na Karaoketexty.cz je zam\u011b\u0159en\u00fd na novinky ze sv\u011bta hudby a celebrit. Obsahuje \u010dl\u00e1nky o zp\u011bv\u00e1c\u00edch, kapel\u00e1ch, nov\u00fdch albech, hudebn\u00edch trendech a dal\u0161\u00edch zaj\u00edmavostech z hudebn\u00edho pr\u016fmyslu.","potentialAction":[{"@type":"SearchAction","target":{"@type":"EntryPoint","urlTemplate":"https:\/\/www.karaoketexty.cz\/magazin\/?s={search_term_string}"},"query-input":{"@type":"PropertyValueSpecification","valueRequired":true,"valueName":"search_term_string"}}],"inLanguage":"cs"},{"@type":"Person","@id":"https:\/\/www.karaoketexty.cz\/magazin\/#\/schema\/person\/03220d610ed4cba378a72bac3443f821","name":"Veronika \u0160imkov\u00e1","image":{"@type":"ImageObject","inLanguage":"cs","@id":"https:\/\/secure.gravatar.com\/avatar\/62af9cda83322200aaf20e60d0442fbca254ce18c0ffdcaaf83de31493c941a5?s=96&d=mm&r=g","url":"https:\/\/secure.gravatar.com\/avatar\/62af9cda83322200aaf20e60d0442fbca254ce18c0ffdcaaf83de31493c941a5?s=96&d=mm&r=g","contentUrl":"https:\/\/secure.gravatar.com\/avatar\/62af9cda83322200aaf20e60d0442fbca254ce18c0ffdcaaf83de31493c941a5?s=96&d=mm&r=g","caption":"Veronika \u0160imkov\u00e1"},"url":"https:\/\/www.karaoketexty.cz\/magazin\/author\/veronikasimkova\/"}]}},"_links":{"self":[{"href":"https:\/\/www.karaoketexty.cz\/magazin\/wp-json\/wp\/v2\/posts\/7035","targetHints":{"allow":["GET"]}}],"collection":[{"href":"https:\/\/www.karaoketexty.cz\/magazin\/wp-json\/wp\/v2\/posts"}],"about":[{"href":"https:\/\/www.karaoketexty.cz\/magazin\/wp-json\/wp\/v2\/types\/post"}],"author":[{"embeddable":true,"href":"https:\/\/www.karaoketexty.cz\/magazin\/wp-json\/wp\/v2\/users\/5"}],"replies":[{"embeddable":true,"href":"https:\/\/www.karaoketexty.cz\/magazin\/wp-json\/wp\/v2\/comments?post=7035"}],"version-history":[{"count":5,"href":"https:\/\/www.karaoketexty.cz\/magazin\/wp-json\/wp\/v2\/posts\/7035\/revisions"}],"predecessor-version":[{"id":7470,"href":"https:\/\/www.karaoketexty.cz\/magazin\/wp-json\/wp\/v2\/posts\/7035\/revisions\/7470"}],"wp:featuredmedia":[{"embeddable":true,"href":"https:\/\/www.karaoketexty.cz\/magazin\/wp-json\/wp\/v2\/media\/7022"}],"wp:attachment":[{"href":"https:\/\/www.karaoketexty.cz\/magazin\/wp-json\/wp\/v2\/media?parent=7035"}],"wp:term":[{"taxonomy":"category","embeddable":true,"href":"https:\/\/www.karaoketexty.cz\/magazin\/wp-json\/wp\/v2\/categories?post=7035"},{"taxonomy":"post_tag","embeddable":true,"href":"https:\/\/www.karaoketexty.cz\/magazin\/wp-json\/wp\/v2\/tags?post=7035"}],"curies":[{"name":"wp","href":"https:\/\/api.w.org\/{rel}","templated":true}]}}