{"id":6902,"date":"2026-01-29T13:52:00","date_gmt":"2026-01-29T12:52:00","guid":{"rendered":"https:\/\/www.karaoketexty.cz\/magazin\/?p=6902"},"modified":"2026-01-28T21:21:34","modified_gmt":"2026-01-28T20:21:34","slug":"hudebni-svet-prisel-o-vyraznou-osobnost-spjatou-s-fugees-zemrel-padesatilety-zpevak-a-hudebnik-john-forte","status":"publish","type":"post","link":"https:\/\/www.karaoketexty.cz\/magazin\/hudebni-svet-prisel-o-vyraznou-osobnost-spjatou-s-fugees-zemrel-padesatilety-zpevak-a-hudebnik-john-forte\/","title":{"rendered":"Hudebn\u00ed sv\u011bt p\u0159i\u0161el o v\u00fdraznou osobnost spjatou s Fugees: Zem\u0159el pades\u00e1tilet\u00fd zp\u011bv\u00e1k a hudebn\u00edk John Fort\u00e9"},"content":{"rendered":"\n<p><strong>Producent, rapper a hudebn\u00edk, jeho\u017e jm\u00e9no bylo nav\u017edy spojeno s \u00e9rou Fugees a p\u0159elomem hiphopov\u00e9 produkce 90. let, n\u00e1hle ode\u0161el.<\/strong><\/p>\n\n\n\n<p>Zpr\u00e1va o n\u00e1hl\u00e9m \u00famrt\u00ed muzikanta Johna Fort\u00e9ho zas\u00e1hla fanou\u0161ky i hudebn\u00ed komunitu v\u00edc, ne\u017e by se na prvn\u00ed pohled mohlo zd\u00e1t, jak jsme v redakci Karaoketexty.cz zaznamenali. Fort\u00e9 byl nalezen bez zn\u00e1mek \u017eivota ve sv\u00e9m dom\u011b v Chilmarku v Massachusetts v pond\u011bl\u00ed 12. ledna 2026. Bylo mu teprve pades\u00e1t let a okolnosti jeho \u00famrt\u00ed jsou nad\u00e1le p\u0159edm\u011btem vy\u0161et\u0159ov\u00e1n\u00ed.<\/p>\n\n\n<!-- karaoketexty.cz \/ rectangle2 -->\n<div id=\"PX_37086_709110796310826\"><\/div>\n<script>\n   if(!useMobileAds && !boolUseSeznamAds && !hideAllAds){\n     window.px2 = window.px2 || { conf: {},queue: [] };\n     px2.queue.push(function () {\n        px2.render({\n           slot: {\n              id: 37086\n           },\n            elem: \"PX_37086_709110796310826\"\n        })\n     });\n  }\n<\/script>\n\n<!-- karaoketexty.cz \/ mobile-rectangle3 -->\n<div id=\"PX_37044_714599773297004\"><\/div>\n<script>\n   if(useMobileAds && !boolUseSeznamAds && !hideAllAds){\nwindow.px2 = window.px2 || { conf: {},queue: [] };\npx2.queue.push(function () {\n\tpx2.render({\n\t\tslot: {\n\t\t\tid: 37044\n\t\t},\n\t\telem: \"PX_37044_714599773297004\"\n\t})\n});\n}\n<\/script>\n\n\n<h2 class=\"wp-block-heading\">Smrt bez odpov\u011bd\u00ed<\/h2>\n\n\n\n<p>Podle ofici\u00e1ln\u00edho vyj\u00e1d\u0159en\u00ed m\u00edstn\u00ed policie by nem\u011blo j\u00edt o ciz\u00ed zavin\u011bn\u00ed. <em>\u201eNebyly nalezeny \u017e\u00e1dn\u00e9 zn\u00e1mky nekal\u00e9ho jedn\u00e1n\u00ed ani snadno zjevn\u00e1 p\u0159\u00ed\u010dina smrti,\u201c<\/em> uvedl dle webu Variety policejn\u00ed n\u00e1\u010deln\u00edk z Chilmarku. P\u0159\u00edpad p\u0159evzal st\u00e1tn\u00ed soudn\u00ed l\u00e9ka\u0159, jeho\u017e z\u00e1v\u011bry budou kl\u00ed\u010dov\u00e9 pro objasn\u011bn\u00ed n\u00e1hl\u00e9ho \u00famrt\u00ed hudebn\u00edka, kter\u00fd se v posledn\u00edch letech st\u00e1hl sp\u00ed\u0161e do \u00fastran\u00ed a v\u011bnoval se rodin\u011b i tvorb\u011b mimo hlavn\u00ed proud.<\/p>\n\n\n\n<h2 class=\"wp-block-heading\">Od housl\u00ed k hip hopu<\/h2>\n\n\n\n<p>John Fort\u00e9 se narodil 30. ledna 1975 v brooklynsk\u00e9 \u010dtvrti Brownsville v New Yorku. M\u00e1lokdo v\u00ed, \u017ee jeho prvn\u00ed hudebn\u00ed l\u00e1skou nebyl rap, ale klasick\u00e1 hudba. Jako d\u00edt\u011b studoval hru na housle a z\u00edskal stipendium na presti\u017en\u00ed Phillips Exeter Academy, kde se v\u011bnoval klasick\u00e9mu reperto\u00e1ru v\u010detn\u011b Vivaldiho. Pozd\u011bji to pou\u017eil ve sv\u00e9 tvorb\u011b.<\/p>\n\n\n\n<p>Po n\u00e1vratu do New Yorku za\u010dal studovat hudebn\u00ed pr\u016fmysl na New York University a postupn\u011b se dostal k producentsk\u00e9 pr\u00e1ci. Zlomov\u00fdm momentem bylo setk\u00e1n\u00ed s Lauryn Hill, kter\u00e1 ho uvedla do okruhu Fugees. D\u00edky tomu se Fort\u00e9 pod\u00edlel na albu The Score (1996), je\u017e se stalo jedn\u00edm z nejvlivn\u011bj\u0161\u00edch hiphopov\u00fdch po\u010din\u016f sv\u00e9 doby a p\u0159ineslo mu nominaci na cenu Grammy.<\/p>\n\n\n<!-- karaoketexty.cz \/ interscroller1 -->\n\n<div id=\"PX_37041_825057871452834\"><\/div>\n<script>\nif(useMobileAds && !boolUseSeznamAds && !hideAllAds){\n\twindow.px2 = window.px2 || { conf: {},queue: [] };\n\tpx2.queue.push(function () {\n\t\tpx2.render({\n\t\t\tslot: {\n\t\t\t\tid: 37041\n\t\t\t},\n\t\t\telem: \"PX_37041_825057871452834\"\n\t\t})\n\t});\n}\n<\/script>\n\n\n<p>Fort\u00e9ho jm\u00e9no je neodd\u011bliteln\u011b spjato s kolektivem Refugee Camp All-Stars a s Wyclefem Jeanem, s n\u00edm\u017e spolupracoval mimo jin\u00e9 na albu The Carnival (1997). Pr\u00e1v\u011b zde se uk\u00e1zal jeho cit pro produkci, kter\u00e1 dok\u00e1zala spojit mainstream s pouli\u010dn\u00ed autenticitou. Vedle Fugees pracoval i s dal\u0161\u00edmi v\u00fdrazn\u00fdmi osobnostmi sc\u00e9ny a neb\u00e1l se p\u0159esah\u016f do R&amp;B \u010di soulu. Vedle producentsk\u00e9 pr\u00e1ce rozv\u00edjel i s\u00f3lovou kari\u00e9ru. Vydal p\u011bt studiov\u00fdch alb, z nich\u017e posledn\u00ed Vessels, Angels &amp; Ancestors spat\u0159ilo sv\u011btlo sv\u011bta v roce 2021.<\/p>\n\n\n\n<figure class=\"wp-block-image size-large\"><img data-dominant-color=\"b6aeac\" data-has-transparency=\"false\" style=\"--dominant-color: #b6aeac;\" decoding=\"async\" width=\"1024\" height=\"552\" src=\"https:\/\/www.karaoketexty.cz\/magazin\/wp-content\/uploads\/2026\/01\/john-forte-1024x552.jpg\" alt=\"Fotografie Johna Fort\u00e9ho\" class=\"wp-image-6903 not-transparent\" srcset=\"https:\/\/www.karaoketexty.cz\/magazin\/wp-content\/uploads\/2026\/01\/john-forte-1024x552.jpg 1024w, https:\/\/www.karaoketexty.cz\/magazin\/wp-content\/uploads\/2026\/01\/john-forte-300x162.jpg 300w, https:\/\/www.karaoketexty.cz\/magazin\/wp-content\/uploads\/2026\/01\/john-forte-768x414.jpg 768w, https:\/\/www.karaoketexty.cz\/magazin\/wp-content\/uploads\/2026\/01\/john-forte.jpg 1200w\" sizes=\"(max-width: 1024px) 100vw, 1024px\" \/><figcaption class=\"wp-element-caption\">Fotografie: PopTech \/ Creative Commons \/ CC BY 4.0, John Fort\u00e9 2009<\/figcaption><\/figure>\n\n\n\n<h2 class=\"wp-block-heading\">V\u011bzen\u00ed bylo zlomov\u00fdm bodem<\/h2>\n\n\n\n<p>Jednou z nejhor\u0161\u00edch kapitol jeho \u017eivota byl rok 2000, kdy byl na leti\u0161ti v Newarku zat\u010den se dv\u011bma kufry obsahuj\u00edc\u00edmi tekut\u00fd kokain. Soud ho uznal vinn\u00fdm z \u00famyslu distribuovat drogy a vym\u011b\u0159il mu povinn\u00fd minim\u00e1ln\u00ed trest 14 let v\u011bzen\u00ed. Paradoxn\u011b pr\u00e1v\u011b v tomto obdob\u00ed vzniklo album I, John (2001), kter\u00e9 Fort\u00e9 nahr\u00e1l b\u011bhem \u010dek\u00e1n\u00ed na soudn\u00ed proces. Na desce hostovali Herbie Hancock, Tricky \u010di Carly Simon a kritikov\u00e9 ji ozna\u010dovali za jeho nejup\u0159\u00edmn\u011bj\u0161\u00ed v\u00fdpov\u011b\u010f. Pr\u00e1v\u011b Carly Simon a jej\u00ed syn Ben Taylor se pozd\u011bji zasadili o jeho p\u0159ed\u010dasn\u00e9 propu\u0161t\u011bn\u00ed.<\/p>\n\n\n\n<p>V listopadu 2008 mu tehdej\u0161\u00ed prezident George W. Bush ud\u011blil milost, co\u017e Fort\u00e9mu umo\u017enilo vr\u00e1tit se na svobodu a znovu nastartovat kari\u00e9ru. Po propu\u0161t\u011bn\u00ed z v\u011bzen\u00ed Fort\u00e9 znovu koncertoval, vyd\u00e1val hudbu a v\u011bnoval se i pedagogick\u00e9 \u010dinnosti. V roce 2017 se o\u017eenil s fotografkou Larou Fuller, s n\u00ed\u017e m\u011bl dv\u011b d\u011bti. Rodina se pro n\u011bj stala kl\u00ed\u010dov\u00fdm bodem stability po letech turbulence.<\/p>\n\n\n\n<p>Zdroj: Autorsk\u00fd text, <a href=\"https:\/\/variety.com\/2026\/music\/news\/john-forte-dead-fugees-wyclef-jean-collaborator-1236630546\/\" target=\"_blank\" rel=\"noreferrer noopener nofollow\">Variety<\/a>, <a href=\"https:\/\/abcnews.go.com\/TheLaw\/Music\/story?id=6333613&amp;page=1\" target=\"_blank\" rel=\"noreferrer noopener nofollow\">ABCNews<\/a>, <a href=\"https:\/\/en.wikipedia.org\/wiki\/John_Fort%C3%A9\" target=\"_blank\" rel=\"noreferrer noopener nofollow\">Wikipedie<\/a><\/p>\n\n\n            <a href=\"https:\/\/www.karaoketexty.cz\/magazin\/byvaly-clen-the-fugees-rapper-pras-michel-dostal-14-let-vezeni-za-podvod\/\" class=\"related-post-link\">\n                <div class=\"post-thumbnail\">\n                    <img decoding=\"async\" width=\"250\" height=\"164\" src=\"https:\/\/www.karaoketexty.cz\/magazin\/wp-content\/uploads\/2025\/11\/pras-michel-rapper-2015.jpg\" class=\"attachment-250x180 size-250x180 not-transparent\" alt=\"Pras Michel na filmov\u00e9m festivalu v Miami v roce 2015\" srcset=\"https:\/\/www.karaoketexty.cz\/magazin\/wp-content\/uploads\/2025\/11\/pras-michel-rapper-2015.jpg 1200w, https:\/\/www.karaoketexty.cz\/magazin\/wp-content\/uploads\/2025\/11\/pras-michel-rapper-2015-300x197.jpg 300w, https:\/\/www.karaoketexty.cz\/magazin\/wp-content\/uploads\/2025\/11\/pras-michel-rapper-2015-1024x672.jpg 1024w, https:\/\/www.karaoketexty.cz\/magazin\/wp-content\/uploads\/2025\/11\/pras-michel-rapper-2015-768x504.jpg 768w\" sizes=\"(max-width: 250px) 100vw, 250px\" data-has-transparency=\"false\" data-dominant-color=\"a68f52\" style=\"--dominant-color: #a68f52;\" \/>                <\/div>\n                <div class=\"post-details\">\n                    <span class=\"also-read\">\u010ct\u011bte tak\u00e9:<\/span>\n                    <h3 class=\"hed\">B\u00fdval\u00fd \u010dlen The Fugees, rapper Pras Michel, dostal 14 let v\u011bzen\u00ed za podvod<\/h3>\n                <\/div>\n            <\/a>\n            \n\n            <a href=\"https:\/\/www.karaoketexty.cz\/magazin\/the-fugees-koncert\/\" class=\"related-post-link\">\n                <div class=\"post-thumbnail\">\n                    <img decoding=\"async\" width=\"250\" height=\"141\" src=\"https:\/\/www.karaoketexty.cz\/magazin\/wp-content\/uploads\/2025\/08\/lauryn-hill-zpevafcka.jpg\" class=\"attachment-250x180 size-250x180 not-transparent\" alt=\"The Fugees - Lauryn Hill\" srcset=\"https:\/\/www.karaoketexty.cz\/magazin\/wp-content\/uploads\/2025\/08\/lauryn-hill-zpevafcka.jpg 1200w, https:\/\/www.karaoketexty.cz\/magazin\/wp-content\/uploads\/2025\/08\/lauryn-hill-zpevafcka-300x169.jpg 300w, https:\/\/www.karaoketexty.cz\/magazin\/wp-content\/uploads\/2025\/08\/lauryn-hill-zpevafcka-1024x576.jpg 1024w, https:\/\/www.karaoketexty.cz\/magazin\/wp-content\/uploads\/2025\/08\/lauryn-hill-zpevafcka-768x432.jpg 768w, https:\/\/www.karaoketexty.cz\/magazin\/wp-content\/uploads\/2025\/08\/lauryn-hill-zpevafcka-800x450.jpg 800w\" sizes=\"(max-width: 250px) 100vw, 250px\" data-has-transparency=\"false\" data-dominant-color=\"503231\" style=\"--dominant-color: #503231;\" \/>                <\/div>\n                <div class=\"post-details\">\n                    <span class=\"also-read\">\u010ct\u011bte tak\u00e9:<\/span>\n                    <h3 class=\"hed\">Fugees znovu spolu na p\u00f3diu \u2013 fanou\u0161ci \u0161\u00edleli!<\/h3>\n                <\/div>\n            <\/a>\n            ","protected":false},"excerpt":{"rendered":"<p>Producent, rapper a hudebn\u00edk, jeho\u017e jm\u00e9no bylo nav\u017edy spojeno s \u00e9rou Fugees a p\u0159elomem hiphopov\u00e9 produkce 90. let, n\u00e1hle ode\u0161el.<\/p>\n","protected":false},"author":5,"featured_media":7438,"comment_status":"open","ping_status":"closed","sticky":false,"template":"","format":"standard","meta":{"_yoast_wpseo_title":"Hudebn\u00ed sv\u011bt truchl\u00ed. N\u00e1hl\u00e9 \u00famrt\u00ed pades\u00e1tilet\u00e9ho zp\u011bv\u00e1ka je \u0161ok","_yoast_wpseo_metadesc":"Producent, rapper a hudebn\u00edk, jeho\u017e jm\u00e9no bylo nav\u017edy spojeno s \u00e9rou Fugees a p\u0159elomem hiphopov\u00e9 produkce 90. let, n\u00e1hle ode\u0161el.","footnotes":""},"categories":[7],"tags":[5919,605,5917,433,534,5920,1390,1840,5918,5895,375,185,753,370,3326,1190],"class_list":["post-6902","post","type-post","status-publish","format-standard","has-post-thumbnail","hentry","category-aktuality","tag-americky-hudebnik","tag-devadesatky","tag-fugees","tag-grammy","tag-hip-hop","tag-hiphopova-produkce","tag-hudebni-kariera","tag-hudebni-producent","tag-john-forte","tag-milost","tag-osobni-zivot","tag-rapper","tag-smrt","tag-umrti-2","tag-vezeni","tag-zahranicni-celebrita"],"yoast_head":"<!-- This site is optimized with the Yoast SEO plugin v27.5 - https:\/\/yoast.com\/product\/yoast-seo-wordpress\/ -->\n<title>Hudebn\u00ed sv\u011bt truchl\u00ed. N\u00e1hl\u00e9 \u00famrt\u00ed pades\u00e1tilet\u00e9ho zp\u011bv\u00e1ka je \u0161ok<\/title>\n<meta name=\"description\" content=\"Producent, rapper a hudebn\u00edk, jeho\u017e jm\u00e9no bylo nav\u017edy spojeno s \u00e9rou Fugees a p\u0159elomem hiphopov\u00e9 produkce 90. let, n\u00e1hle ode\u0161el.\" \/>\n<meta name=\"robots\" content=\"index, follow, max-snippet:-1, max-image-preview:large, max-video-preview:-1\" \/>\n<link rel=\"canonical\" href=\"https:\/\/www.karaoketexty.cz\/magazin\/hudebni-svet-prisel-o-vyraznou-osobnost-spjatou-s-fugees-zemrel-padesatilety-zpevak-a-hudebnik-john-forte\/\" \/>\n<meta property=\"og:locale\" content=\"cs_CZ\" \/>\n<meta property=\"og:type\" content=\"article\" \/>\n<meta property=\"og:title\" content=\"Hudebn\u00ed sv\u011bt truchl\u00ed. N\u00e1hl\u00e9 \u00famrt\u00ed pades\u00e1tilet\u00e9ho zp\u011bv\u00e1ka je \u0161ok\" \/>\n<meta property=\"og:description\" content=\"Producent, rapper a hudebn\u00edk, jeho\u017e jm\u00e9no bylo nav\u017edy spojeno s \u00e9rou Fugees a p\u0159elomem hiphopov\u00e9 produkce 90. let, n\u00e1hle ode\u0161el.\" \/>\n<meta property=\"og:url\" content=\"https:\/\/www.karaoketexty.cz\/magazin\/hudebni-svet-prisel-o-vyraznou-osobnost-spjatou-s-fugees-zemrel-padesatilety-zpevak-a-hudebnik-john-forte\/\" \/>\n<meta property=\"og:site_name\" content=\"Stars Magaz\u00edn Karaoketexty.cz\" \/>\n<meta property=\"article:published_time\" content=\"2026-01-29T12:52:00+00:00\" \/>\n<meta property=\"og:image\" content=\"https:\/\/www.karaoketexty.cz\/magazin\/wp-content\/uploads\/2026\/01\/John_Forte_2012_Shankbone-e1769631475762.jpeg\" \/>\n\t<meta property=\"og:image:width\" content=\"1986\" \/>\n\t<meta property=\"og:image:height\" content=\"1444\" \/>\n\t<meta property=\"og:image:type\" content=\"image\/jpeg\" \/>\n<meta name=\"author\" content=\"Veronika \u0160imkov\u00e1\" \/>\n<meta name=\"twitter:card\" content=\"summary_large_image\" \/>\n<meta name=\"twitter:label1\" content=\"Napsal(a)\" \/>\n\t<meta name=\"twitter:data1\" content=\"Veronika \u0160imkov\u00e1\" \/>\n\t<meta name=\"twitter:label2\" content=\"Odhadovan\u00e1 doba \u010dten\u00ed\" \/>\n\t<meta name=\"twitter:data2\" content=\"4 minuty\" \/>\n<script type=\"application\/ld+json\" class=\"yoast-schema-graph\">{\"@context\":\"https:\\\/\\\/schema.org\",\"@graph\":[{\"@type\":\"Article\",\"@id\":\"https:\\\/\\\/www.karaoketexty.cz\\\/magazin\\\/hudebni-svet-prisel-o-vyraznou-osobnost-spjatou-s-fugees-zemrel-padesatilety-zpevak-a-hudebnik-john-forte\\\/#article\",\"isPartOf\":{\"@id\":\"https:\\\/\\\/www.karaoketexty.cz\\\/magazin\\\/hudebni-svet-prisel-o-vyraznou-osobnost-spjatou-s-fugees-zemrel-padesatilety-zpevak-a-hudebnik-john-forte\\\/\"},\"author\":{\"name\":\"Veronika \u0160imkov\u00e1\",\"@id\":\"https:\\\/\\\/www.karaoketexty.cz\\\/magazin\\\/#\\\/schema\\\/person\\\/03220d610ed4cba378a72bac3443f821\"},\"headline\":\"Hudebn\u00ed sv\u011bt p\u0159i\u0161el o v\u00fdraznou osobnost spjatou s Fugees: Zem\u0159el pades\u00e1tilet\u00fd zp\u011bv\u00e1k a hudebn\u00edk John Fort\u00e9\",\"datePublished\":\"2026-01-29T12:52:00+00:00\",\"mainEntityOfPage\":{\"@id\":\"https:\\\/\\\/www.karaoketexty.cz\\\/magazin\\\/hudebni-svet-prisel-o-vyraznou-osobnost-spjatou-s-fugees-zemrel-padesatilety-zpevak-a-hudebnik-john-forte\\\/\"},\"wordCount\":669,\"commentCount\":0,\"image\":{\"@id\":\"https:\\\/\\\/www.karaoketexty.cz\\\/magazin\\\/hudebni-svet-prisel-o-vyraznou-osobnost-spjatou-s-fugees-zemrel-padesatilety-zpevak-a-hudebnik-john-forte\\\/#primaryimage\"},\"thumbnailUrl\":\"https:\\\/\\\/www.karaoketexty.cz\\\/magazin\\\/wp-content\\\/uploads\\\/2026\\\/01\\\/John_Forte_2012_Shankbone-e1769631475762.jpeg\",\"keywords\":[\"americk\u00fd hudebn\u00edk\",\"devades\u00e1tky\",\"Fugees\",\"Grammy\",\"hip hop\",\"hiphopov\u00e1 produkce\",\"hudebn\u00ed kari\u00e9ra\",\"hudebn\u00ed producent\",\"John Fort\u00e9\",\"milost\",\"osobn\u00ed \u017eivot\",\"Rapper\",\"smrt\",\"\u00famrt\u00ed\",\"v\u011bzen\u00ed\",\"zahrani\u010dn\u00ed celebrita\"],\"articleSection\":[\"Aktuality\"],\"inLanguage\":\"cs\",\"potentialAction\":[{\"@type\":\"CommentAction\",\"name\":\"Comment\",\"target\":[\"https:\\\/\\\/www.karaoketexty.cz\\\/magazin\\\/hudebni-svet-prisel-o-vyraznou-osobnost-spjatou-s-fugees-zemrel-padesatilety-zpevak-a-hudebnik-john-forte\\\/#respond\"]}]},{\"@type\":\"WebPage\",\"@id\":\"https:\\\/\\\/www.karaoketexty.cz\\\/magazin\\\/hudebni-svet-prisel-o-vyraznou-osobnost-spjatou-s-fugees-zemrel-padesatilety-zpevak-a-hudebnik-john-forte\\\/\",\"url\":\"https:\\\/\\\/www.karaoketexty.cz\\\/magazin\\\/hudebni-svet-prisel-o-vyraznou-osobnost-spjatou-s-fugees-zemrel-padesatilety-zpevak-a-hudebnik-john-forte\\\/\",\"name\":\"Hudebn\u00ed sv\u011bt truchl\u00ed. N\u00e1hl\u00e9 \u00famrt\u00ed pades\u00e1tilet\u00e9ho zp\u011bv\u00e1ka je \u0161ok\",\"isPartOf\":{\"@id\":\"https:\\\/\\\/www.karaoketexty.cz\\\/magazin\\\/#website\"},\"primaryImageOfPage\":{\"@id\":\"https:\\\/\\\/www.karaoketexty.cz\\\/magazin\\\/hudebni-svet-prisel-o-vyraznou-osobnost-spjatou-s-fugees-zemrel-padesatilety-zpevak-a-hudebnik-john-forte\\\/#primaryimage\"},\"image\":{\"@id\":\"https:\\\/\\\/www.karaoketexty.cz\\\/magazin\\\/hudebni-svet-prisel-o-vyraznou-osobnost-spjatou-s-fugees-zemrel-padesatilety-zpevak-a-hudebnik-john-forte\\\/#primaryimage\"},\"thumbnailUrl\":\"https:\\\/\\\/www.karaoketexty.cz\\\/magazin\\\/wp-content\\\/uploads\\\/2026\\\/01\\\/John_Forte_2012_Shankbone-e1769631475762.jpeg\",\"datePublished\":\"2026-01-29T12:52:00+00:00\",\"author\":{\"@id\":\"https:\\\/\\\/www.karaoketexty.cz\\\/magazin\\\/#\\\/schema\\\/person\\\/03220d610ed4cba378a72bac3443f821\"},\"description\":\"Producent, rapper a hudebn\u00edk, jeho\u017e jm\u00e9no bylo nav\u017edy spojeno s \u00e9rou Fugees a p\u0159elomem hiphopov\u00e9 produkce 90. let, n\u00e1hle ode\u0161el.\",\"breadcrumb\":{\"@id\":\"https:\\\/\\\/www.karaoketexty.cz\\\/magazin\\\/hudebni-svet-prisel-o-vyraznou-osobnost-spjatou-s-fugees-zemrel-padesatilety-zpevak-a-hudebnik-john-forte\\\/#breadcrumb\"},\"inLanguage\":\"cs\",\"potentialAction\":[{\"@type\":\"ReadAction\",\"target\":[\"https:\\\/\\\/www.karaoketexty.cz\\\/magazin\\\/hudebni-svet-prisel-o-vyraznou-osobnost-spjatou-s-fugees-zemrel-padesatilety-zpevak-a-hudebnik-john-forte\\\/\"]}]},{\"@type\":\"ImageObject\",\"inLanguage\":\"cs\",\"@id\":\"https:\\\/\\\/www.karaoketexty.cz\\\/magazin\\\/hudebni-svet-prisel-o-vyraznou-osobnost-spjatou-s-fugees-zemrel-padesatilety-zpevak-a-hudebnik-john-forte\\\/#primaryimage\",\"url\":\"https:\\\/\\\/www.karaoketexty.cz\\\/magazin\\\/wp-content\\\/uploads\\\/2026\\\/01\\\/John_Forte_2012_Shankbone-e1769631475762.jpeg\",\"contentUrl\":\"https:\\\/\\\/www.karaoketexty.cz\\\/magazin\\\/wp-content\\\/uploads\\\/2026\\\/01\\\/John_Forte_2012_Shankbone-e1769631475762.jpeg\",\"width\":1986,\"height\":1444,\"caption\":\"Foto: David Shankbone, CC BY 3.0 , via Wikimedia Commons\"},{\"@type\":\"BreadcrumbList\",\"@id\":\"https:\\\/\\\/www.karaoketexty.cz\\\/magazin\\\/hudebni-svet-prisel-o-vyraznou-osobnost-spjatou-s-fugees-zemrel-padesatilety-zpevak-a-hudebnik-john-forte\\\/#breadcrumb\",\"itemListElement\":[{\"@type\":\"ListItem\",\"position\":1,\"name\":\"Dom\u016f\",\"item\":\"https:\\\/\\\/www.karaoketexty.cz\\\/magazin\\\/\"},{\"@type\":\"ListItem\",\"position\":2,\"name\":\"Hudebn\u00ed sv\u011bt p\u0159i\u0161el o v\u00fdraznou osobnost spjatou s Fugees: Zem\u0159el pades\u00e1tilet\u00fd zp\u011bv\u00e1k a hudebn\u00edk John Fort\u00e9\"}]},{\"@type\":\"WebSite\",\"@id\":\"https:\\\/\\\/www.karaoketexty.cz\\\/magazin\\\/#website\",\"url\":\"https:\\\/\\\/www.karaoketexty.cz\\\/magazin\\\/\",\"name\":\"Stars Magaz\u00edn Karaoketexty.cz\",\"description\":\"Stars Magaz\u00edn na Karaoketexty.cz je zam\u011b\u0159en\u00fd na novinky ze sv\u011bta hudby a celebrit. Obsahuje \u010dl\u00e1nky o zp\u011bv\u00e1c\u00edch, kapel\u00e1ch, nov\u00fdch albech, hudebn\u00edch trendech a dal\u0161\u00edch zaj\u00edmavostech z hudebn\u00edho pr\u016fmyslu.\",\"potentialAction\":[{\"@type\":\"SearchAction\",\"target\":{\"@type\":\"EntryPoint\",\"urlTemplate\":\"https:\\\/\\\/www.karaoketexty.cz\\\/magazin\\\/?s={search_term_string}\"},\"query-input\":{\"@type\":\"PropertyValueSpecification\",\"valueRequired\":true,\"valueName\":\"search_term_string\"}}],\"inLanguage\":\"cs\"},{\"@type\":\"Person\",\"@id\":\"https:\\\/\\\/www.karaoketexty.cz\\\/magazin\\\/#\\\/schema\\\/person\\\/03220d610ed4cba378a72bac3443f821\",\"name\":\"Veronika \u0160imkov\u00e1\",\"image\":{\"@type\":\"ImageObject\",\"inLanguage\":\"cs\",\"@id\":\"https:\\\/\\\/secure.gravatar.com\\\/avatar\\\/62af9cda83322200aaf20e60d0442fbca254ce18c0ffdcaaf83de31493c941a5?s=96&d=mm&r=g\",\"url\":\"https:\\\/\\\/secure.gravatar.com\\\/avatar\\\/62af9cda83322200aaf20e60d0442fbca254ce18c0ffdcaaf83de31493c941a5?s=96&d=mm&r=g\",\"contentUrl\":\"https:\\\/\\\/secure.gravatar.com\\\/avatar\\\/62af9cda83322200aaf20e60d0442fbca254ce18c0ffdcaaf83de31493c941a5?s=96&d=mm&r=g\",\"caption\":\"Veronika \u0160imkov\u00e1\"},\"url\":\"https:\\\/\\\/www.karaoketexty.cz\\\/magazin\\\/author\\\/veronikasimkova\\\/\"}]}<\/script>\n<!-- \/ Yoast SEO plugin. -->","yoast_head_json":{"title":"Hudebn\u00ed sv\u011bt truchl\u00ed. N\u00e1hl\u00e9 \u00famrt\u00ed pades\u00e1tilet\u00e9ho zp\u011bv\u00e1ka je \u0161ok","description":"Producent, rapper a hudebn\u00edk, jeho\u017e jm\u00e9no bylo nav\u017edy spojeno s \u00e9rou Fugees a p\u0159elomem hiphopov\u00e9 produkce 90. let, n\u00e1hle ode\u0161el.","robots":{"index":"index","follow":"follow","max-snippet":"max-snippet:-1","max-image-preview":"max-image-preview:large","max-video-preview":"max-video-preview:-1"},"canonical":"https:\/\/www.karaoketexty.cz\/magazin\/hudebni-svet-prisel-o-vyraznou-osobnost-spjatou-s-fugees-zemrel-padesatilety-zpevak-a-hudebnik-john-forte\/","og_locale":"cs_CZ","og_type":"article","og_title":"Hudebn\u00ed sv\u011bt truchl\u00ed. N\u00e1hl\u00e9 \u00famrt\u00ed pades\u00e1tilet\u00e9ho zp\u011bv\u00e1ka je \u0161ok","og_description":"Producent, rapper a hudebn\u00edk, jeho\u017e jm\u00e9no bylo nav\u017edy spojeno s \u00e9rou Fugees a p\u0159elomem hiphopov\u00e9 produkce 90. let, n\u00e1hle ode\u0161el.","og_url":"https:\/\/www.karaoketexty.cz\/magazin\/hudebni-svet-prisel-o-vyraznou-osobnost-spjatou-s-fugees-zemrel-padesatilety-zpevak-a-hudebnik-john-forte\/","og_site_name":"Stars Magaz\u00edn Karaoketexty.cz","article_published_time":"2026-01-29T12:52:00+00:00","og_image":[{"width":1986,"height":1444,"url":"https:\/\/www.karaoketexty.cz\/magazin\/wp-content\/uploads\/2026\/01\/John_Forte_2012_Shankbone-e1769631475762.jpeg","type":"image\/jpeg"}],"author":"Veronika \u0160imkov\u00e1","twitter_card":"summary_large_image","twitter_misc":{"Napsal(a)":"Veronika \u0160imkov\u00e1","Odhadovan\u00e1 doba \u010dten\u00ed":"4 minuty"},"schema":{"@context":"https:\/\/schema.org","@graph":[{"@type":"Article","@id":"https:\/\/www.karaoketexty.cz\/magazin\/hudebni-svet-prisel-o-vyraznou-osobnost-spjatou-s-fugees-zemrel-padesatilety-zpevak-a-hudebnik-john-forte\/#article","isPartOf":{"@id":"https:\/\/www.karaoketexty.cz\/magazin\/hudebni-svet-prisel-o-vyraznou-osobnost-spjatou-s-fugees-zemrel-padesatilety-zpevak-a-hudebnik-john-forte\/"},"author":{"name":"Veronika \u0160imkov\u00e1","@id":"https:\/\/www.karaoketexty.cz\/magazin\/#\/schema\/person\/03220d610ed4cba378a72bac3443f821"},"headline":"Hudebn\u00ed sv\u011bt p\u0159i\u0161el o v\u00fdraznou osobnost spjatou s Fugees: Zem\u0159el pades\u00e1tilet\u00fd zp\u011bv\u00e1k a hudebn\u00edk John Fort\u00e9","datePublished":"2026-01-29T12:52:00+00:00","mainEntityOfPage":{"@id":"https:\/\/www.karaoketexty.cz\/magazin\/hudebni-svet-prisel-o-vyraznou-osobnost-spjatou-s-fugees-zemrel-padesatilety-zpevak-a-hudebnik-john-forte\/"},"wordCount":669,"commentCount":0,"image":{"@id":"https:\/\/www.karaoketexty.cz\/magazin\/hudebni-svet-prisel-o-vyraznou-osobnost-spjatou-s-fugees-zemrel-padesatilety-zpevak-a-hudebnik-john-forte\/#primaryimage"},"thumbnailUrl":"https:\/\/www.karaoketexty.cz\/magazin\/wp-content\/uploads\/2026\/01\/John_Forte_2012_Shankbone-e1769631475762.jpeg","keywords":["americk\u00fd hudebn\u00edk","devades\u00e1tky","Fugees","Grammy","hip hop","hiphopov\u00e1 produkce","hudebn\u00ed kari\u00e9ra","hudebn\u00ed producent","John Fort\u00e9","milost","osobn\u00ed \u017eivot","Rapper","smrt","\u00famrt\u00ed","v\u011bzen\u00ed","zahrani\u010dn\u00ed celebrita"],"articleSection":["Aktuality"],"inLanguage":"cs","potentialAction":[{"@type":"CommentAction","name":"Comment","target":["https:\/\/www.karaoketexty.cz\/magazin\/hudebni-svet-prisel-o-vyraznou-osobnost-spjatou-s-fugees-zemrel-padesatilety-zpevak-a-hudebnik-john-forte\/#respond"]}]},{"@type":"WebPage","@id":"https:\/\/www.karaoketexty.cz\/magazin\/hudebni-svet-prisel-o-vyraznou-osobnost-spjatou-s-fugees-zemrel-padesatilety-zpevak-a-hudebnik-john-forte\/","url":"https:\/\/www.karaoketexty.cz\/magazin\/hudebni-svet-prisel-o-vyraznou-osobnost-spjatou-s-fugees-zemrel-padesatilety-zpevak-a-hudebnik-john-forte\/","name":"Hudebn\u00ed sv\u011bt truchl\u00ed. N\u00e1hl\u00e9 \u00famrt\u00ed pades\u00e1tilet\u00e9ho zp\u011bv\u00e1ka je \u0161ok","isPartOf":{"@id":"https:\/\/www.karaoketexty.cz\/magazin\/#website"},"primaryImageOfPage":{"@id":"https:\/\/www.karaoketexty.cz\/magazin\/hudebni-svet-prisel-o-vyraznou-osobnost-spjatou-s-fugees-zemrel-padesatilety-zpevak-a-hudebnik-john-forte\/#primaryimage"},"image":{"@id":"https:\/\/www.karaoketexty.cz\/magazin\/hudebni-svet-prisel-o-vyraznou-osobnost-spjatou-s-fugees-zemrel-padesatilety-zpevak-a-hudebnik-john-forte\/#primaryimage"},"thumbnailUrl":"https:\/\/www.karaoketexty.cz\/magazin\/wp-content\/uploads\/2026\/01\/John_Forte_2012_Shankbone-e1769631475762.jpeg","datePublished":"2026-01-29T12:52:00+00:00","author":{"@id":"https:\/\/www.karaoketexty.cz\/magazin\/#\/schema\/person\/03220d610ed4cba378a72bac3443f821"},"description":"Producent, rapper a hudebn\u00edk, jeho\u017e jm\u00e9no bylo nav\u017edy spojeno s \u00e9rou Fugees a p\u0159elomem hiphopov\u00e9 produkce 90. let, n\u00e1hle ode\u0161el.","breadcrumb":{"@id":"https:\/\/www.karaoketexty.cz\/magazin\/hudebni-svet-prisel-o-vyraznou-osobnost-spjatou-s-fugees-zemrel-padesatilety-zpevak-a-hudebnik-john-forte\/#breadcrumb"},"inLanguage":"cs","potentialAction":[{"@type":"ReadAction","target":["https:\/\/www.karaoketexty.cz\/magazin\/hudebni-svet-prisel-o-vyraznou-osobnost-spjatou-s-fugees-zemrel-padesatilety-zpevak-a-hudebnik-john-forte\/"]}]},{"@type":"ImageObject","inLanguage":"cs","@id":"https:\/\/www.karaoketexty.cz\/magazin\/hudebni-svet-prisel-o-vyraznou-osobnost-spjatou-s-fugees-zemrel-padesatilety-zpevak-a-hudebnik-john-forte\/#primaryimage","url":"https:\/\/www.karaoketexty.cz\/magazin\/wp-content\/uploads\/2026\/01\/John_Forte_2012_Shankbone-e1769631475762.jpeg","contentUrl":"https:\/\/www.karaoketexty.cz\/magazin\/wp-content\/uploads\/2026\/01\/John_Forte_2012_Shankbone-e1769631475762.jpeg","width":1986,"height":1444,"caption":"Foto: David Shankbone, CC BY 3.0 , via Wikimedia Commons"},{"@type":"BreadcrumbList","@id":"https:\/\/www.karaoketexty.cz\/magazin\/hudebni-svet-prisel-o-vyraznou-osobnost-spjatou-s-fugees-zemrel-padesatilety-zpevak-a-hudebnik-john-forte\/#breadcrumb","itemListElement":[{"@type":"ListItem","position":1,"name":"Dom\u016f","item":"https:\/\/www.karaoketexty.cz\/magazin\/"},{"@type":"ListItem","position":2,"name":"Hudebn\u00ed sv\u011bt p\u0159i\u0161el o v\u00fdraznou osobnost spjatou s Fugees: Zem\u0159el pades\u00e1tilet\u00fd zp\u011bv\u00e1k a hudebn\u00edk John Fort\u00e9"}]},{"@type":"WebSite","@id":"https:\/\/www.karaoketexty.cz\/magazin\/#website","url":"https:\/\/www.karaoketexty.cz\/magazin\/","name":"Stars Magaz\u00edn Karaoketexty.cz","description":"Stars Magaz\u00edn na Karaoketexty.cz je zam\u011b\u0159en\u00fd na novinky ze sv\u011bta hudby a celebrit. Obsahuje \u010dl\u00e1nky o zp\u011bv\u00e1c\u00edch, kapel\u00e1ch, nov\u00fdch albech, hudebn\u00edch trendech a dal\u0161\u00edch zaj\u00edmavostech z hudebn\u00edho pr\u016fmyslu.","potentialAction":[{"@type":"SearchAction","target":{"@type":"EntryPoint","urlTemplate":"https:\/\/www.karaoketexty.cz\/magazin\/?s={search_term_string}"},"query-input":{"@type":"PropertyValueSpecification","valueRequired":true,"valueName":"search_term_string"}}],"inLanguage":"cs"},{"@type":"Person","@id":"https:\/\/www.karaoketexty.cz\/magazin\/#\/schema\/person\/03220d610ed4cba378a72bac3443f821","name":"Veronika \u0160imkov\u00e1","image":{"@type":"ImageObject","inLanguage":"cs","@id":"https:\/\/secure.gravatar.com\/avatar\/62af9cda83322200aaf20e60d0442fbca254ce18c0ffdcaaf83de31493c941a5?s=96&d=mm&r=g","url":"https:\/\/secure.gravatar.com\/avatar\/62af9cda83322200aaf20e60d0442fbca254ce18c0ffdcaaf83de31493c941a5?s=96&d=mm&r=g","contentUrl":"https:\/\/secure.gravatar.com\/avatar\/62af9cda83322200aaf20e60d0442fbca254ce18c0ffdcaaf83de31493c941a5?s=96&d=mm&r=g","caption":"Veronika \u0160imkov\u00e1"},"url":"https:\/\/www.karaoketexty.cz\/magazin\/author\/veronikasimkova\/"}]}},"_links":{"self":[{"href":"https:\/\/www.karaoketexty.cz\/magazin\/wp-json\/wp\/v2\/posts\/6902","targetHints":{"allow":["GET"]}}],"collection":[{"href":"https:\/\/www.karaoketexty.cz\/magazin\/wp-json\/wp\/v2\/posts"}],"about":[{"href":"https:\/\/www.karaoketexty.cz\/magazin\/wp-json\/wp\/v2\/types\/post"}],"author":[{"embeddable":true,"href":"https:\/\/www.karaoketexty.cz\/magazin\/wp-json\/wp\/v2\/users\/5"}],"replies":[{"embeddable":true,"href":"https:\/\/www.karaoketexty.cz\/magazin\/wp-json\/wp\/v2\/comments?post=6902"}],"version-history":[{"count":3,"href":"https:\/\/www.karaoketexty.cz\/magazin\/wp-json\/wp\/v2\/posts\/6902\/revisions"}],"predecessor-version":[{"id":7439,"href":"https:\/\/www.karaoketexty.cz\/magazin\/wp-json\/wp\/v2\/posts\/6902\/revisions\/7439"}],"wp:featuredmedia":[{"embeddable":true,"href":"https:\/\/www.karaoketexty.cz\/magazin\/wp-json\/wp\/v2\/media\/7438"}],"wp:attachment":[{"href":"https:\/\/www.karaoketexty.cz\/magazin\/wp-json\/wp\/v2\/media?parent=6902"}],"wp:term":[{"taxonomy":"category","embeddable":true,"href":"https:\/\/www.karaoketexty.cz\/magazin\/wp-json\/wp\/v2\/categories?post=6902"},{"taxonomy":"post_tag","embeddable":true,"href":"https:\/\/www.karaoketexty.cz\/magazin\/wp-json\/wp\/v2\/tags?post=6902"}],"curies":[{"name":"wp","href":"https:\/\/api.w.org\/{rel}","templated":true}]}}