{"id":6891,"date":"2026-01-24T13:22:00","date_gmt":"2026-01-24T12:22:00","guid":{"rendered":"https:\/\/www.karaoketexty.cz\/magazin\/?p=6891"},"modified":"2026-01-20T13:16:59","modified_gmt":"2026-01-20T12:16:59","slug":"bmw-v-nemz-byl-postrelen-rapper-tupac-je-momentalne-na-prodej-za-36-milionu","status":"publish","type":"post","link":"https:\/\/www.karaoketexty.cz\/magazin\/bmw-v-nemz-byl-postrelen-rapper-tupac-je-momentalne-na-prodej-za-36-milionu\/","title":{"rendered":"BMW, v n\u011bm\u017e byl post\u0159elen rapper Tupac, je moment\u00e1ln\u011b na prodej za 36 milion\u016f"},"content":{"rendered":"\n<p><strong>Do prodeje se dost\u00e1v\u00e1 auto spojen\u00e9 s posledn\u00edmi okam\u017eiky jednoho z nejvlivn\u011bj\u0161\u00edch rapper\u016f historie, Tupaca Shakura. Byl v n\u011bm post\u0159elen.<\/strong><\/p>\n\n\n\n<p>Do hled\u00e1\u010dku fanou\u0161k\u016f i sb\u011bratel\u016f se dostal pom\u011brn\u011b dost neoby\u010dejn\u00fd p\u0159edm\u011bt, jak jsme v redakci Karaoketexty.cz zaznamenali. Jde o BMW z roku 1996, ve kter\u00e9m byl post\u0159elen zn\u00e1m\u00fd rapper Tupac Shakur b\u011bhem osudn\u00e9 noci v Las Vegas. Nab\u00eddka ohledn\u011b jeho prodeje okam\u017eit\u011b oblet\u011bla cel\u00fd sv\u011bt a p\u0159ipomn\u011bla tak i tragick\u00fd konec um\u011blce, jen\u017e z\u00e1sadn\u011b ovlivnil hiphopovou kulturu.<\/p>\n\n\n<!-- karaoketexty.cz \/ rectangle2 -->\n<div id=\"PX_37086_709110796310826\"><\/div>\n<script>\n   if(!useMobileAds && !boolUseSeznamAds && !hideAllAds){\n     window.px2 = window.px2 || { conf: {},queue: [] };\n     px2.queue.push(function () {\n        px2.render({\n           slot: {\n              id: 37086\n           },\n            elem: \"PX_37086_709110796310826\"\n        })\n     });\n  }\n<\/script>\n\n<!-- karaoketexty.cz \/ mobile-rectangle3 -->\n<div id=\"PX_37044_714599773297004\"><\/div>\n<script>\n   if(useMobileAds && !boolUseSeznamAds && !hideAllAds){\nwindow.px2 = window.px2 || { conf: {},queue: [] };\npx2.queue.push(function () {\n\tpx2.render({\n\t\tslot: {\n\t\t\tid: 37044\n\t\t},\n\t\telem: \"PX_37044_714599773297004\"\n\t})\n});\n}\n<\/script>\n\n\n<h2 class=\"wp-block-heading\">Auto jako memento jedn\u00e9 noci<\/h2>\n\n\n\n<p>V\u016fz, kter\u00fd je nyn\u00ed nab\u00edzen\u00fd za \u010d\u00e1stku 1,75 milionu dolar\u016f (36 milion\u016f korun), je podle dostupn\u00e9 dokumentace skute\u010dn\u011b t\u00edm sam\u00fdm BMW, v n\u011bm\u017e Tupac Shakur jel 7. z\u00e1\u0159\u00ed 1996 po boxersk\u00e9m z\u00e1pase Mika Tysona. Automobil tehdy \u0159\u00eddil Suge Knight a byl pronajat spole\u010dnost\u00ed Death Row Records. Ke st\u0159elb\u011b do\u0161lo p\u0159ibli\u017en\u011b ve 23:15 na k\u0159i\u017eovatce East Flamingo Road a Koval Lane, kdy v\u016fz zastavil na \u010dervenou. Tupac byl zasa\u017een \u010dty\u0159mi n\u00e1boji r\u00e1\u017ee .40 vyst\u0159elen\u00fdmi z pistole Glock a o n\u011bkolik dn\u00ed pozd\u011bji zem\u0159el v nemocnici.<\/p>\n\n\n\n<p>I kdy\u017e se v m\u00e9di\u00edch \u010dasto objevuje zkratkovit\u00e9 ozna\u010den\u00ed \u201eauto, ve kter\u00e9m byl Tupac zavra\u017ed\u011bn\u201c, skute\u010dnost je jin\u00e1. Rapper ve vozidle nezem\u0159el, co\u017e je dost d\u016fle\u017eit\u00fd detail, kter\u00fd b\u00fdv\u00e1 m\u00e9dii p\u0159ehl\u00ed\u017een. I proto je sou\u010dasn\u00e1 nab\u00eddka prezentov\u00e1na sp\u00ed\u0161e jako historick\u00fd artefakt ne\u017e senzace, le\u010d to n\u011bkte\u0159\u00ed pod\u00e1vaj\u00ed jinak.<\/p>\n\n\n<!-- karaoketexty.cz \/ interscroller1 -->\n\n<div id=\"PX_37041_825057871452834\"><\/div>\n<script>\nif(useMobileAds && !boolUseSeznamAds && !hideAllAds){\n\twindow.px2 = window.px2 || { conf: {},queue: [] };\n\tpx2.queue.push(function () {\n\t\tpx2.render({\n\t\t\tslot: {\n\t\t\t\tid: 37041\n\t\t\t},\n\t\t\telem: \"PX_37041_825057871452834\"\n\t\t})\n\t});\n}\n<\/script>\n\n\n<h2 class=\"wp-block-heading\">Vozidlo bylo zrenovov\u00e1no<\/h2>\n\n\n\n<p>Jak popsal Complex, automobil pro\u0161el kompletn\u00ed renovac\u00ed, aby se vr\u00e1til zp\u00e1tky do stavu, v jak\u00e9m se nach\u00e1zel p\u0159ed st\u0159elbou. Dostal nov\u00fd lak, odpov\u00eddaj\u00edc\u00ed kola a technicky je popisovan\u00fd jako pln\u011b poj\u00edzdn\u00fd a ve v\u00fdborn\u00e9m stavu. Jeden detail ale p\u0159ece jen z\u016fstal zachovan\u00fd, a to nen\u00e1padn\u00e1 prom\u00e1\u010dklina na karoserii, kter\u00e1 m\u00e1 odpov\u00eddat m\u00edstu z\u00e1sahu kulky. Uvnit\u0159 vozu byly nav\u00edc odkryty p\u016fvodn\u00ed stopy po sv\u00e1rech v m\u00edstech pr\u016fst\u0159el\u016f, co\u017e m\u00e1 slou\u017eit jako potvrzen\u00ed pravosti.<\/p>\n\n\n\n<iframe title=\"The BMW That Tupac Was Shot In (Season 15) | Pawn Stars\" width=\"500\" height=\"281\" src=\"https:\/\/www.youtube.com\/embed\/2QGt8dyn5ec?feature=oembed\" frameborder=\"0\" allow=\"accelerometer; autoplay; clipboard-write; encrypted-media; gyroscope; picture-in-picture; web-share\" referrerpolicy=\"strict-origin-when-cross-origin\" allowfullscreen><\/iframe>\n\n\n\n<p>V\u016fz je moment\u00e1ln\u011b vystaven\u00fd v showroomu Celebrity Cars Las Vegas. Z\u00e1jemci o koupi mus\u00ed slo\u017eit vratnou z\u00e1lohu 20 000 dolar\u016f (p\u0159es 400 tis\u00edc korun) a podepsat tak\u00e9 dohodu o ml\u010denlivosti. N\u011bkter\u00fdm se to p\u0159\u00edli\u0161 nel\u00edb\u00ed, vyvst\u00e1vaj\u00ed toti\u017e ot\u00e1zky ohledn\u011b etiky v\u016f\u010di zem\u0159el\u00e9mu. Ale ani jejich n\u00e1zory na tom nic nezm\u011bn\u00ed.<\/p>\n\n\n\n<h2 class=\"wp-block-heading\">Tupac Shakur byl vlivn\u00fdm rapperem<\/h2>\n\n\n\n<p>Tupac Amaru Shakur se narodil v roce 1971 v New Yorku a vyr\u016fstal v prost\u0159ed\u00ed, kter\u00e9 bylo siln\u011b ovlivn\u011bn\u00e9 politick\u00fdm aktivismem. Jeho matka Afeni Shakur byla \u010dlenkou organizace Black Panther Party. Jeho d\u011btstv\u00ed ovlivnila soci\u00e1ln\u00ed nerovnost, rasismus a \u017eivot v ghettu, co\u017e n\u00e1sledn\u011b dost pou\u017e\u00edval i ve sv\u00fdch textech. Kari\u00e9ru odstartoval na po\u010d\u00e1tku 90. let jako tane\u010dn\u00edk a rapper ve skupin\u011b Digital Underground, brzy se v\u0161ak prosadil jako s\u00f3lov\u00fd um\u011blec, uv\u00e1d\u00ed Wikipedie.<\/p>\n\n\n\n<p>Jeho alba jako 2Pacalypse Now, Me Against the World nebo All Eyez on Me pat\u0159\u00ed k nejobl\u00edben\u011bj\u0161\u00edm. Tupac kombinoval tvrd\u00fd pouli\u010dn\u00ed rap s osobn\u00edmi texty o bolesti, zrad\u011b i nad\u011bji. Vedle hudby se v\u011bnoval i herectv\u00ed a objevil se v n\u011bkolika filmech, nap\u0159\u00edklad Juice nebo Poetic Justice.<\/p>\n\n\n\n<p>\u010casto se v\u0161ak dost\u00e1val do konflikt\u016f se z\u00e1konem, \u010delil obvin\u011bn\u00edm ze sexu\u00e1ln\u00edho napaden\u00ed a byl \u00fast\u0159edn\u00ed postavou vyhrocen\u00e9ho sporu mezi v\u00fdchodn\u00edm a z\u00e1padn\u00edm pob\u0159e\u017e\u00edm USA. Jeho vztah s Notoriousem B.I.G. se z p\u0159\u00e1telstv\u00ed zm\u011bnil v otev\u0159en\u00e9 nep\u0159\u00e1telstv\u00ed. Za smrt rapera byl obvin\u011bn a\u017e po 27 letech Duane &#8222;Keefe D&#8220; Davis, ov\u0161em cel\u00fd p\u0159\u00edpad je\u0161t\u011b dosud nebyl uzav\u0159en.<\/p>\n\n\n\n<p>Zdroj: Autorsk\u00fd text, <a href=\"https:\/\/cs.wikipedia.org\/wiki\/Tupac_Shakur\" target=\"_blank\" rel=\"noreferrer noopener nofollow\">Wikipedie<\/a>, <a href=\"https:\/\/en.wikipedia.org\/wiki\/Murder_of_Tupac_Shakur#cite_note-usatoday-4\" target=\"_blank\" rel=\"noreferrer noopener nofollow\">Wikipedie<\/a>, <a href=\"https:\/\/hypebeast.com\/2026\/1\/bmw-2pac-tupac-shakur-shooting-for-sale-1-75-million-usd\" target=\"_blank\" rel=\"noreferrer noopener nofollow\">HypeBeast<\/a>, CelebrityCars, <a href=\"https:\/\/www.youtube.com\/@PawnStars\" target=\"_blank\" rel=\"noreferrer noopener nofollow\">YouTube Pawn Stars<\/a><\/p>\n\n\n            <a href=\"https:\/\/www.karaoketexty.cz\/magazin\/sara-rikas-posila-bmw-do-smyku-zimni-drift-na-ledu-zvlada-s-prehledem\/\" class=\"related-post-link\">\n                <div class=\"post-thumbnail\">\n                    <img decoding=\"async\" width=\"250\" height=\"167\" src=\"https:\/\/www.karaoketexty.cz\/magazin\/wp-content\/uploads\/2026\/01\/2048px-BMW_E46_Touring_winter.jpg\" class=\"attachment-250x180 size-250x180 not-transparent\" alt=\"BMW v zim\u011b\" srcset=\"https:\/\/www.karaoketexty.cz\/magazin\/wp-content\/uploads\/2026\/01\/2048px-BMW_E46_Touring_winter.jpg 2048w, https:\/\/www.karaoketexty.cz\/magazin\/wp-content\/uploads\/2026\/01\/2048px-BMW_E46_Touring_winter-300x200.jpg 300w, https:\/\/www.karaoketexty.cz\/magazin\/wp-content\/uploads\/2026\/01\/2048px-BMW_E46_Touring_winter-1024x683.jpg 1024w, https:\/\/www.karaoketexty.cz\/magazin\/wp-content\/uploads\/2026\/01\/2048px-BMW_E46_Touring_winter-768x512.jpg 768w, https:\/\/www.karaoketexty.cz\/magazin\/wp-content\/uploads\/2026\/01\/2048px-BMW_E46_Touring_winter-1536x1024.jpg 1536w, https:\/\/www.karaoketexty.cz\/magazin\/wp-content\/uploads\/2026\/01\/2048px-BMW_E46_Touring_winter-800x533.jpg 800w\" sizes=\"(max-width: 250px) 100vw, 250px\" data-has-transparency=\"false\" data-dominant-color=\"929dae\" style=\"--dominant-color: #929dae;\" \/>                <\/div>\n                <div class=\"post-details\">\n                    <span class=\"also-read\">\u010ct\u011bte tak\u00e9:<\/span>\n                    <h3 class=\"hed\">Sara Rikas pos\u00edl\u00e1 BMW do smyku: Zimn\u00ed drift na ledu zvl\u00e1d\u00e1 s p\u0159ehledem<\/h3>\n                <\/div>\n            <\/a>\n            \n\n            <a href=\"https:\/\/www.karaoketexty.cz\/magazin\/marpo-zahodil-rap-a-nasel-novy-smer-v-americkem-country-vyklada-pribehy-ze-zivota-bez-vulgarismu\/\" class=\"related-post-link\">\n                <div class=\"post-thumbnail\">\n                    <img decoding=\"async\" width=\"250\" height=\"141\" src=\"https:\/\/www.karaoketexty.cz\/magazin\/wp-content\/uploads\/2025\/09\/marpo.jpg\" class=\"attachment-250x180 size-250x180 not-transparent\" alt=\"Marpo\" srcset=\"https:\/\/www.karaoketexty.cz\/magazin\/wp-content\/uploads\/2025\/09\/marpo.jpg 1200w, https:\/\/www.karaoketexty.cz\/magazin\/wp-content\/uploads\/2025\/09\/marpo-300x169.jpg 300w, https:\/\/www.karaoketexty.cz\/magazin\/wp-content\/uploads\/2025\/09\/marpo-1024x576.jpg 1024w, https:\/\/www.karaoketexty.cz\/magazin\/wp-content\/uploads\/2025\/09\/marpo-768x432.jpg 768w, https:\/\/www.karaoketexty.cz\/magazin\/wp-content\/uploads\/2025\/09\/marpo-800x450.jpg 800w\" sizes=\"(max-width: 250px) 100vw, 250px\" data-has-transparency=\"false\" data-dominant-color=\"3e261b\" style=\"--dominant-color: #3e261b;\" \/>                <\/div>\n                <div class=\"post-details\">\n                    <span class=\"also-read\">\u010ct\u011bte tak\u00e9:<\/span>\n                    <h3 class=\"hed\">Marpo zahodil rap a na\u0161el nov\u00fd sm\u011br v americk\u00e9m country: Vykl\u00e1d\u00e1 p\u0159\u00edb\u011bhy ze \u017eivota bez vulgarism\u016f<\/h3>\n                <\/div>\n            <\/a>\n            ","protected":false},"excerpt":{"rendered":"<p>Do prodeje se dost\u00e1v\u00e1 auto spojen\u00e9 s posledn\u00edmi okam\u017eiky jednoho z nejvlivn\u011bj\u0161\u00edch rapper\u016f historie Tupaca Shakura. Byl v n\u011bm post\u0159elen.<\/p>\n","protected":false},"author":5,"featured_media":6892,"comment_status":"open","ping_status":"closed","sticky":false,"template":"","format":"standard","meta":{"_yoast_wpseo_title":"BMW, v n\u011bm\u017e post\u0159elili Tupaca, je na prodej za 36 milion\u016f","_yoast_wpseo_metadesc":"Do prodeje se dost\u00e1v\u00e1 auto spojen\u00e9 s posledn\u00edmi okam\u017eiky jednoho z nejvlivn\u011bj\u0161\u00edch rapper\u016f historie Tupaca Shakura. Byl v n\u011bm post\u0159elen.","footnotes":""},"categories":[9],"tags":[1361,4383,5827,5732,5831,534,1037,399,643,2568,185,5830,5828,5829,5826,1190],"class_list":["post-6891","post","type-post","status-publish","format-standard","has-post-thumbnail","hentry","category-zajimavosti","tag-90-leta","tag-aukce","tag-automobil","tag-bmw","tag-death-row-records","tag-hip-hop","tag-hudebni-historie","tag-hudebni-legenda","tag-las-vegas","tag-popkultura","tag-rapper","tag-sberatelsky-predmet","tag-strelba","tag-tragicka-smrt","tag-tupac-shakur","tag-zahranicni-celebrita"],"yoast_head":"<!-- This site is optimized with the Yoast SEO plugin v27.4 - https:\/\/yoast.com\/product\/yoast-seo-wordpress\/ -->\n<title>BMW, v n\u011bm\u017e post\u0159elili Tupaca, je na prodej za 36 milion\u016f<\/title>\n<meta name=\"description\" content=\"Do prodeje se dost\u00e1v\u00e1 auto spojen\u00e9 s posledn\u00edmi okam\u017eiky jednoho z nejvlivn\u011bj\u0161\u00edch rapper\u016f historie Tupaca Shakura. Byl v n\u011bm post\u0159elen.\" \/>\n<meta name=\"robots\" content=\"index, follow, max-snippet:-1, max-image-preview:large, max-video-preview:-1\" \/>\n<link rel=\"canonical\" href=\"https:\/\/www.karaoketexty.cz\/magazin\/bmw-v-nemz-byl-postrelen-rapper-tupac-je-momentalne-na-prodej-za-36-milionu\/\" \/>\n<meta property=\"og:locale\" content=\"cs_CZ\" \/>\n<meta property=\"og:type\" content=\"article\" \/>\n<meta property=\"og:title\" content=\"BMW, v n\u011bm\u017e post\u0159elili Tupaca, je na prodej za 36 milion\u016f\" \/>\n<meta property=\"og:description\" content=\"Do prodeje se dost\u00e1v\u00e1 auto spojen\u00e9 s posledn\u00edmi okam\u017eiky jednoho z nejvlivn\u011bj\u0161\u00edch rapper\u016f historie Tupaca Shakura. Byl v n\u011bm post\u0159elen.\" \/>\n<meta property=\"og:url\" content=\"https:\/\/www.karaoketexty.cz\/magazin\/bmw-v-nemz-byl-postrelen-rapper-tupac-je-momentalne-na-prodej-za-36-milionu\/\" \/>\n<meta property=\"og:site_name\" content=\"Stars Magaz\u00edn Karaoketexty.cz\" \/>\n<meta property=\"article:published_time\" content=\"2026-01-24T12:22:00+00:00\" \/>\n<meta property=\"og:image\" content=\"https:\/\/www.karaoketexty.cz\/magazin\/wp-content\/uploads\/2026\/01\/tupac.jpg\" \/>\n\t<meta property=\"og:image:width\" content=\"1200\" \/>\n\t<meta property=\"og:image:height\" content=\"675\" \/>\n\t<meta property=\"og:image:type\" content=\"image\/jpeg\" \/>\n<meta name=\"author\" content=\"Veronika \u0160imkov\u00e1\" \/>\n<meta name=\"twitter:card\" content=\"summary_large_image\" \/>\n<meta name=\"twitter:label1\" content=\"Napsal(a)\" \/>\n\t<meta name=\"twitter:data1\" content=\"Veronika \u0160imkov\u00e1\" \/>\n\t<meta name=\"twitter:label2\" content=\"Odhadovan\u00e1 doba \u010dten\u00ed\" \/>\n\t<meta name=\"twitter:data2\" content=\"4 minuty\" \/>\n<script type=\"application\/ld+json\" class=\"yoast-schema-graph\">{\"@context\":\"https:\\\/\\\/schema.org\",\"@graph\":[{\"@type\":\"Article\",\"@id\":\"https:\\\/\\\/www.karaoketexty.cz\\\/magazin\\\/bmw-v-nemz-byl-postrelen-rapper-tupac-je-momentalne-na-prodej-za-36-milionu\\\/#article\",\"isPartOf\":{\"@id\":\"https:\\\/\\\/www.karaoketexty.cz\\\/magazin\\\/bmw-v-nemz-byl-postrelen-rapper-tupac-je-momentalne-na-prodej-za-36-milionu\\\/\"},\"author\":{\"name\":\"Veronika \u0160imkov\u00e1\",\"@id\":\"https:\\\/\\\/www.karaoketexty.cz\\\/magazin\\\/#\\\/schema\\\/person\\\/03220d610ed4cba378a72bac3443f821\"},\"headline\":\"BMW, v n\u011bm\u017e byl post\u0159elen rapper Tupac, je moment\u00e1ln\u011b na prodej za 36 milion\u016f\",\"datePublished\":\"2026-01-24T12:22:00+00:00\",\"mainEntityOfPage\":{\"@id\":\"https:\\\/\\\/www.karaoketexty.cz\\\/magazin\\\/bmw-v-nemz-byl-postrelen-rapper-tupac-je-momentalne-na-prodej-za-36-milionu\\\/\"},\"wordCount\":713,\"commentCount\":0,\"image\":{\"@id\":\"https:\\\/\\\/www.karaoketexty.cz\\\/magazin\\\/bmw-v-nemz-byl-postrelen-rapper-tupac-je-momentalne-na-prodej-za-36-milionu\\\/#primaryimage\"},\"thumbnailUrl\":\"https:\\\/\\\/www.karaoketexty.cz\\\/magazin\\\/wp-content\\\/uploads\\\/2026\\\/01\\\/tupac.jpg\",\"keywords\":[\"90. l\u00e9ta\",\"aukce\",\"automobil\",\"BMW\",\"Death Row Records\",\"hip hop\",\"hudebn\u00ed historie\",\"hudebn\u00ed legenda\",\"Las Vegas\",\"popkultura\",\"Rapper\",\"sb\u011bratelsk\u00fd p\u0159edm\u011bt\",\"st\u0159elba\",\"tragick\u00e1 smrt\",\"Tupac Shakur\",\"zahrani\u010dn\u00ed celebrita\"],\"articleSection\":[\"Zaj\u00edmavosti\"],\"inLanguage\":\"cs\",\"potentialAction\":[{\"@type\":\"CommentAction\",\"name\":\"Comment\",\"target\":[\"https:\\\/\\\/www.karaoketexty.cz\\\/magazin\\\/bmw-v-nemz-byl-postrelen-rapper-tupac-je-momentalne-na-prodej-za-36-milionu\\\/#respond\"]}]},{\"@type\":\"WebPage\",\"@id\":\"https:\\\/\\\/www.karaoketexty.cz\\\/magazin\\\/bmw-v-nemz-byl-postrelen-rapper-tupac-je-momentalne-na-prodej-za-36-milionu\\\/\",\"url\":\"https:\\\/\\\/www.karaoketexty.cz\\\/magazin\\\/bmw-v-nemz-byl-postrelen-rapper-tupac-je-momentalne-na-prodej-za-36-milionu\\\/\",\"name\":\"BMW, v n\u011bm\u017e post\u0159elili Tupaca, je na prodej za 36 milion\u016f\",\"isPartOf\":{\"@id\":\"https:\\\/\\\/www.karaoketexty.cz\\\/magazin\\\/#website\"},\"primaryImageOfPage\":{\"@id\":\"https:\\\/\\\/www.karaoketexty.cz\\\/magazin\\\/bmw-v-nemz-byl-postrelen-rapper-tupac-je-momentalne-na-prodej-za-36-milionu\\\/#primaryimage\"},\"image\":{\"@id\":\"https:\\\/\\\/www.karaoketexty.cz\\\/magazin\\\/bmw-v-nemz-byl-postrelen-rapper-tupac-je-momentalne-na-prodej-za-36-milionu\\\/#primaryimage\"},\"thumbnailUrl\":\"https:\\\/\\\/www.karaoketexty.cz\\\/magazin\\\/wp-content\\\/uploads\\\/2026\\\/01\\\/tupac.jpg\",\"datePublished\":\"2026-01-24T12:22:00+00:00\",\"author\":{\"@id\":\"https:\\\/\\\/www.karaoketexty.cz\\\/magazin\\\/#\\\/schema\\\/person\\\/03220d610ed4cba378a72bac3443f821\"},\"description\":\"Do prodeje se dost\u00e1v\u00e1 auto spojen\u00e9 s posledn\u00edmi okam\u017eiky jednoho z nejvlivn\u011bj\u0161\u00edch rapper\u016f historie Tupaca Shakura. Byl v n\u011bm post\u0159elen.\",\"breadcrumb\":{\"@id\":\"https:\\\/\\\/www.karaoketexty.cz\\\/magazin\\\/bmw-v-nemz-byl-postrelen-rapper-tupac-je-momentalne-na-prodej-za-36-milionu\\\/#breadcrumb\"},\"inLanguage\":\"cs\",\"potentialAction\":[{\"@type\":\"ReadAction\",\"target\":[\"https:\\\/\\\/www.karaoketexty.cz\\\/magazin\\\/bmw-v-nemz-byl-postrelen-rapper-tupac-je-momentalne-na-prodej-za-36-milionu\\\/\"]}]},{\"@type\":\"ImageObject\",\"inLanguage\":\"cs\",\"@id\":\"https:\\\/\\\/www.karaoketexty.cz\\\/magazin\\\/bmw-v-nemz-byl-postrelen-rapper-tupac-je-momentalne-na-prodej-za-36-milionu\\\/#primaryimage\",\"url\":\"https:\\\/\\\/www.karaoketexty.cz\\\/magazin\\\/wp-content\\\/uploads\\\/2026\\\/01\\\/tupac.jpg\",\"contentUrl\":\"https:\\\/\\\/www.karaoketexty.cz\\\/magazin\\\/wp-content\\\/uploads\\\/2026\\\/01\\\/tupac.jpg\",\"width\":1200,\"height\":675,\"caption\":\"Fotografie: Heute.at \\\/ Creative Commons \\\/ CC BY 4.0, Tupac Shakur, 1996\"},{\"@type\":\"BreadcrumbList\",\"@id\":\"https:\\\/\\\/www.karaoketexty.cz\\\/magazin\\\/bmw-v-nemz-byl-postrelen-rapper-tupac-je-momentalne-na-prodej-za-36-milionu\\\/#breadcrumb\",\"itemListElement\":[{\"@type\":\"ListItem\",\"position\":1,\"name\":\"Dom\u016f\",\"item\":\"https:\\\/\\\/www.karaoketexty.cz\\\/magazin\\\/\"},{\"@type\":\"ListItem\",\"position\":2,\"name\":\"BMW, v n\u011bm\u017e byl post\u0159elen rapper Tupac, je moment\u00e1ln\u011b na prodej za 36 milion\u016f\"}]},{\"@type\":\"WebSite\",\"@id\":\"https:\\\/\\\/www.karaoketexty.cz\\\/magazin\\\/#website\",\"url\":\"https:\\\/\\\/www.karaoketexty.cz\\\/magazin\\\/\",\"name\":\"Stars Magaz\u00edn Karaoketexty.cz\",\"description\":\"Stars Magaz\u00edn na Karaoketexty.cz je zam\u011b\u0159en\u00fd na novinky ze sv\u011bta hudby a celebrit. Obsahuje \u010dl\u00e1nky o zp\u011bv\u00e1c\u00edch, kapel\u00e1ch, nov\u00fdch albech, hudebn\u00edch trendech a dal\u0161\u00edch zaj\u00edmavostech z hudebn\u00edho pr\u016fmyslu.\",\"potentialAction\":[{\"@type\":\"SearchAction\",\"target\":{\"@type\":\"EntryPoint\",\"urlTemplate\":\"https:\\\/\\\/www.karaoketexty.cz\\\/magazin\\\/?s={search_term_string}\"},\"query-input\":{\"@type\":\"PropertyValueSpecification\",\"valueRequired\":true,\"valueName\":\"search_term_string\"}}],\"inLanguage\":\"cs\"},{\"@type\":\"Person\",\"@id\":\"https:\\\/\\\/www.karaoketexty.cz\\\/magazin\\\/#\\\/schema\\\/person\\\/03220d610ed4cba378a72bac3443f821\",\"name\":\"Veronika \u0160imkov\u00e1\",\"image\":{\"@type\":\"ImageObject\",\"inLanguage\":\"cs\",\"@id\":\"https:\\\/\\\/secure.gravatar.com\\\/avatar\\\/62af9cda83322200aaf20e60d0442fbca254ce18c0ffdcaaf83de31493c941a5?s=96&d=mm&r=g\",\"url\":\"https:\\\/\\\/secure.gravatar.com\\\/avatar\\\/62af9cda83322200aaf20e60d0442fbca254ce18c0ffdcaaf83de31493c941a5?s=96&d=mm&r=g\",\"contentUrl\":\"https:\\\/\\\/secure.gravatar.com\\\/avatar\\\/62af9cda83322200aaf20e60d0442fbca254ce18c0ffdcaaf83de31493c941a5?s=96&d=mm&r=g\",\"caption\":\"Veronika \u0160imkov\u00e1\"},\"url\":\"https:\\\/\\\/www.karaoketexty.cz\\\/magazin\\\/author\\\/veronikasimkova\\\/\"}]}<\/script>\n<!-- \/ Yoast SEO plugin. -->","yoast_head_json":{"title":"BMW, v n\u011bm\u017e post\u0159elili Tupaca, je na prodej za 36 milion\u016f","description":"Do prodeje se dost\u00e1v\u00e1 auto spojen\u00e9 s posledn\u00edmi okam\u017eiky jednoho z nejvlivn\u011bj\u0161\u00edch rapper\u016f historie Tupaca Shakura. Byl v n\u011bm post\u0159elen.","robots":{"index":"index","follow":"follow","max-snippet":"max-snippet:-1","max-image-preview":"max-image-preview:large","max-video-preview":"max-video-preview:-1"},"canonical":"https:\/\/www.karaoketexty.cz\/magazin\/bmw-v-nemz-byl-postrelen-rapper-tupac-je-momentalne-na-prodej-za-36-milionu\/","og_locale":"cs_CZ","og_type":"article","og_title":"BMW, v n\u011bm\u017e post\u0159elili Tupaca, je na prodej za 36 milion\u016f","og_description":"Do prodeje se dost\u00e1v\u00e1 auto spojen\u00e9 s posledn\u00edmi okam\u017eiky jednoho z nejvlivn\u011bj\u0161\u00edch rapper\u016f historie Tupaca Shakura. Byl v n\u011bm post\u0159elen.","og_url":"https:\/\/www.karaoketexty.cz\/magazin\/bmw-v-nemz-byl-postrelen-rapper-tupac-je-momentalne-na-prodej-za-36-milionu\/","og_site_name":"Stars Magaz\u00edn Karaoketexty.cz","article_published_time":"2026-01-24T12:22:00+00:00","og_image":[{"width":1200,"height":675,"url":"https:\/\/www.karaoketexty.cz\/magazin\/wp-content\/uploads\/2026\/01\/tupac.jpg","type":"image\/jpeg"}],"author":"Veronika \u0160imkov\u00e1","twitter_card":"summary_large_image","twitter_misc":{"Napsal(a)":"Veronika \u0160imkov\u00e1","Odhadovan\u00e1 doba \u010dten\u00ed":"4 minuty"},"schema":{"@context":"https:\/\/schema.org","@graph":[{"@type":"Article","@id":"https:\/\/www.karaoketexty.cz\/magazin\/bmw-v-nemz-byl-postrelen-rapper-tupac-je-momentalne-na-prodej-za-36-milionu\/#article","isPartOf":{"@id":"https:\/\/www.karaoketexty.cz\/magazin\/bmw-v-nemz-byl-postrelen-rapper-tupac-je-momentalne-na-prodej-za-36-milionu\/"},"author":{"name":"Veronika \u0160imkov\u00e1","@id":"https:\/\/www.karaoketexty.cz\/magazin\/#\/schema\/person\/03220d610ed4cba378a72bac3443f821"},"headline":"BMW, v n\u011bm\u017e byl post\u0159elen rapper Tupac, je moment\u00e1ln\u011b na prodej za 36 milion\u016f","datePublished":"2026-01-24T12:22:00+00:00","mainEntityOfPage":{"@id":"https:\/\/www.karaoketexty.cz\/magazin\/bmw-v-nemz-byl-postrelen-rapper-tupac-je-momentalne-na-prodej-za-36-milionu\/"},"wordCount":713,"commentCount":0,"image":{"@id":"https:\/\/www.karaoketexty.cz\/magazin\/bmw-v-nemz-byl-postrelen-rapper-tupac-je-momentalne-na-prodej-za-36-milionu\/#primaryimage"},"thumbnailUrl":"https:\/\/www.karaoketexty.cz\/magazin\/wp-content\/uploads\/2026\/01\/tupac.jpg","keywords":["90. l\u00e9ta","aukce","automobil","BMW","Death Row Records","hip hop","hudebn\u00ed historie","hudebn\u00ed legenda","Las Vegas","popkultura","Rapper","sb\u011bratelsk\u00fd p\u0159edm\u011bt","st\u0159elba","tragick\u00e1 smrt","Tupac Shakur","zahrani\u010dn\u00ed celebrita"],"articleSection":["Zaj\u00edmavosti"],"inLanguage":"cs","potentialAction":[{"@type":"CommentAction","name":"Comment","target":["https:\/\/www.karaoketexty.cz\/magazin\/bmw-v-nemz-byl-postrelen-rapper-tupac-je-momentalne-na-prodej-za-36-milionu\/#respond"]}]},{"@type":"WebPage","@id":"https:\/\/www.karaoketexty.cz\/magazin\/bmw-v-nemz-byl-postrelen-rapper-tupac-je-momentalne-na-prodej-za-36-milionu\/","url":"https:\/\/www.karaoketexty.cz\/magazin\/bmw-v-nemz-byl-postrelen-rapper-tupac-je-momentalne-na-prodej-za-36-milionu\/","name":"BMW, v n\u011bm\u017e post\u0159elili Tupaca, je na prodej za 36 milion\u016f","isPartOf":{"@id":"https:\/\/www.karaoketexty.cz\/magazin\/#website"},"primaryImageOfPage":{"@id":"https:\/\/www.karaoketexty.cz\/magazin\/bmw-v-nemz-byl-postrelen-rapper-tupac-je-momentalne-na-prodej-za-36-milionu\/#primaryimage"},"image":{"@id":"https:\/\/www.karaoketexty.cz\/magazin\/bmw-v-nemz-byl-postrelen-rapper-tupac-je-momentalne-na-prodej-za-36-milionu\/#primaryimage"},"thumbnailUrl":"https:\/\/www.karaoketexty.cz\/magazin\/wp-content\/uploads\/2026\/01\/tupac.jpg","datePublished":"2026-01-24T12:22:00+00:00","author":{"@id":"https:\/\/www.karaoketexty.cz\/magazin\/#\/schema\/person\/03220d610ed4cba378a72bac3443f821"},"description":"Do prodeje se dost\u00e1v\u00e1 auto spojen\u00e9 s posledn\u00edmi okam\u017eiky jednoho z nejvlivn\u011bj\u0161\u00edch rapper\u016f historie Tupaca Shakura. Byl v n\u011bm post\u0159elen.","breadcrumb":{"@id":"https:\/\/www.karaoketexty.cz\/magazin\/bmw-v-nemz-byl-postrelen-rapper-tupac-je-momentalne-na-prodej-za-36-milionu\/#breadcrumb"},"inLanguage":"cs","potentialAction":[{"@type":"ReadAction","target":["https:\/\/www.karaoketexty.cz\/magazin\/bmw-v-nemz-byl-postrelen-rapper-tupac-je-momentalne-na-prodej-za-36-milionu\/"]}]},{"@type":"ImageObject","inLanguage":"cs","@id":"https:\/\/www.karaoketexty.cz\/magazin\/bmw-v-nemz-byl-postrelen-rapper-tupac-je-momentalne-na-prodej-za-36-milionu\/#primaryimage","url":"https:\/\/www.karaoketexty.cz\/magazin\/wp-content\/uploads\/2026\/01\/tupac.jpg","contentUrl":"https:\/\/www.karaoketexty.cz\/magazin\/wp-content\/uploads\/2026\/01\/tupac.jpg","width":1200,"height":675,"caption":"Fotografie: Heute.at \/ Creative Commons \/ CC BY 4.0, Tupac Shakur, 1996"},{"@type":"BreadcrumbList","@id":"https:\/\/www.karaoketexty.cz\/magazin\/bmw-v-nemz-byl-postrelen-rapper-tupac-je-momentalne-na-prodej-za-36-milionu\/#breadcrumb","itemListElement":[{"@type":"ListItem","position":1,"name":"Dom\u016f","item":"https:\/\/www.karaoketexty.cz\/magazin\/"},{"@type":"ListItem","position":2,"name":"BMW, v n\u011bm\u017e byl post\u0159elen rapper Tupac, je moment\u00e1ln\u011b na prodej za 36 milion\u016f"}]},{"@type":"WebSite","@id":"https:\/\/www.karaoketexty.cz\/magazin\/#website","url":"https:\/\/www.karaoketexty.cz\/magazin\/","name":"Stars Magaz\u00edn Karaoketexty.cz","description":"Stars Magaz\u00edn na Karaoketexty.cz je zam\u011b\u0159en\u00fd na novinky ze sv\u011bta hudby a celebrit. Obsahuje \u010dl\u00e1nky o zp\u011bv\u00e1c\u00edch, kapel\u00e1ch, nov\u00fdch albech, hudebn\u00edch trendech a dal\u0161\u00edch zaj\u00edmavostech z hudebn\u00edho pr\u016fmyslu.","potentialAction":[{"@type":"SearchAction","target":{"@type":"EntryPoint","urlTemplate":"https:\/\/www.karaoketexty.cz\/magazin\/?s={search_term_string}"},"query-input":{"@type":"PropertyValueSpecification","valueRequired":true,"valueName":"search_term_string"}}],"inLanguage":"cs"},{"@type":"Person","@id":"https:\/\/www.karaoketexty.cz\/magazin\/#\/schema\/person\/03220d610ed4cba378a72bac3443f821","name":"Veronika \u0160imkov\u00e1","image":{"@type":"ImageObject","inLanguage":"cs","@id":"https:\/\/secure.gravatar.com\/avatar\/62af9cda83322200aaf20e60d0442fbca254ce18c0ffdcaaf83de31493c941a5?s=96&d=mm&r=g","url":"https:\/\/secure.gravatar.com\/avatar\/62af9cda83322200aaf20e60d0442fbca254ce18c0ffdcaaf83de31493c941a5?s=96&d=mm&r=g","contentUrl":"https:\/\/secure.gravatar.com\/avatar\/62af9cda83322200aaf20e60d0442fbca254ce18c0ffdcaaf83de31493c941a5?s=96&d=mm&r=g","caption":"Veronika \u0160imkov\u00e1"},"url":"https:\/\/www.karaoketexty.cz\/magazin\/author\/veronikasimkova\/"}]}},"_links":{"self":[{"href":"https:\/\/www.karaoketexty.cz\/magazin\/wp-json\/wp\/v2\/posts\/6891","targetHints":{"allow":["GET"]}}],"collection":[{"href":"https:\/\/www.karaoketexty.cz\/magazin\/wp-json\/wp\/v2\/posts"}],"about":[{"href":"https:\/\/www.karaoketexty.cz\/magazin\/wp-json\/wp\/v2\/types\/post"}],"author":[{"embeddable":true,"href":"https:\/\/www.karaoketexty.cz\/magazin\/wp-json\/wp\/v2\/users\/5"}],"replies":[{"embeddable":true,"href":"https:\/\/www.karaoketexty.cz\/magazin\/wp-json\/wp\/v2\/comments?post=6891"}],"version-history":[{"count":3,"href":"https:\/\/www.karaoketexty.cz\/magazin\/wp-json\/wp\/v2\/posts\/6891\/revisions"}],"predecessor-version":[{"id":7037,"href":"https:\/\/www.karaoketexty.cz\/magazin\/wp-json\/wp\/v2\/posts\/6891\/revisions\/7037"}],"wp:featuredmedia":[{"embeddable":true,"href":"https:\/\/www.karaoketexty.cz\/magazin\/wp-json\/wp\/v2\/media\/6892"}],"wp:attachment":[{"href":"https:\/\/www.karaoketexty.cz\/magazin\/wp-json\/wp\/v2\/media?parent=6891"}],"wp:term":[{"taxonomy":"category","embeddable":true,"href":"https:\/\/www.karaoketexty.cz\/magazin\/wp-json\/wp\/v2\/categories?post=6891"},{"taxonomy":"post_tag","embeddable":true,"href":"https:\/\/www.karaoketexty.cz\/magazin\/wp-json\/wp\/v2\/tags?post=6891"}],"curies":[{"name":"wp","href":"https:\/\/api.w.org\/{rel}","templated":true}]}}