{"id":6820,"date":"2026-01-25T13:10:00","date_gmt":"2026-01-25T12:10:00","guid":{"rendered":"https:\/\/www.karaoketexty.cz\/magazin\/?p=6820"},"modified":"2026-01-20T23:08:21","modified_gmt":"2026-01-20T22:08:21","slug":"americti-umelci-otevrene-odmitaji-politiku-donalda-trumpa-tradice-hudebnich-protestu-oziva","status":"publish","type":"post","link":"https:\/\/www.karaoketexty.cz\/magazin\/americti-umelci-otevrene-odmitaji-politiku-donalda-trumpa-tradice-hudebnich-protestu-oziva\/","title":{"rendered":"Ameri\u010dt\u00ed um\u011blci otev\u0159en\u011b odm\u00edtaj\u00ed politiku Donalda Trumpa: Tradice hudebn\u00edch protest\u016f o\u017e\u00edv\u00e1"},"content":{"rendered":"\n<p><strong>Nap\u011bt\u00ed ve Spojen\u00fdch st\u00e1tech roste a um\u011blci projevuj\u00ed nahlas svou frustraci, kterou i \u010d\u00e1st ve\u0159ejnosti c\u00edt\u00ed v\u016f\u010di Donaldu Trumpovi.<\/strong><\/p>\n\n\n\n<p>Aktu\u00e1ln\u011b je internet pln\u00fd debat kolem Donalda Trumpa a jeho vlivu na americkou spole\u010dnost. Impulsem pro nyn\u011bj\u0161\u00ed diskuze se stal ostr\u00fd text kanadsk\u00e9ho hudebn\u00edka Neila Younga, kter\u00fd se otev\u0159en\u011b postavil proti prezidentovi a vyzval Ameri\u010dany k nen\u00e1siln\u00e9mu odporu, jak jsme v redakci Karaoketexty.cz zaregistrovali. Nejde v\u0161ak o ojedin\u011bl\u00fd v\u00fdk\u0159ik, ale sp\u00ed\u0161 o dal\u0161\u00ed kapitolu dlouhodob\u00e9ho konfliktu mezi Trumpem a \u010d\u00e1st\u00ed um\u011bleck\u00e9 obce.<\/p>\n\n\n<!-- karaoketexty.cz \/ rectangle2 -->\n<div id=\"PX_37086_709110796310826\"><\/div>\n<script>\n   if(!useMobileAds && !boolUseSeznamAds && !hideAllAds){\n     window.px2 = window.px2 || { conf: {},queue: [] };\n     px2.queue.push(function () {\n        px2.render({\n           slot: {\n              id: 37086\n           },\n            elem: \"PX_37086_709110796310826\"\n        })\n     });\n  }\n<\/script>\n\n<!-- karaoketexty.cz \/ mobile-rectangle3 -->\n<div id=\"PX_37044_714599773297004\"><\/div>\n<script>\n   if(useMobileAds && !boolUseSeznamAds && !hideAllAds){\nwindow.px2 = window.px2 || { conf: {},queue: [] };\npx2.queue.push(function () {\n\tpx2.render({\n\t\tslot: {\n\t\t\tid: 37044\n\t\t},\n\t\telem: \"PX_37044_714599773297004\"\n\t})\n});\n}\n<\/script>\n\n\n<h2 class=\"wp-block-heading\">Neil Young a hlas protestu<\/h2>\n\n\n\n<p>Hudebn\u00edk Neil Young je v\u00fdrazn\u00fdm kritikem Donalda Trumpa u\u017e mnoho let, jak p\u0159ipom\u00edn\u00e1 web Billboard. Ve sv\u00e9m nejnov\u011bj\u0161\u00edm \u00favodn\u00edku s n\u00e1zvem <em>\u201eV Americe je ledov\u00e1 zima\u201c<\/em> reaguje na aktu\u00e1ln\u00ed politick\u00e9 nap\u011bt\u00ed a tvrd\u011b hodnot\u00ed stav zem\u011b. <em>\u201eDnes jsou USA katastrof\u00e1ln\u00ed,\u201c<\/em> napsal Young a pokra\u010doval slovy: <em>\u201eDonald Trump ni\u010d\u00ed Ameriku kousek po kousku se sv\u00fdm r\u00e1doby t\u00fdmem lid\u00ed\u2026 Rozd\u011bluje n\u00e1s.\u201c<\/em> Tyto citace z\u016fst\u00e1vaj\u00ed bohu\u017eel beze zm\u011bny a jasn\u011b ukazuj\u00ed, jak vyhrocen\u00e1 situace dle hudebn\u00edka je.<\/p>\n\n\n\n<p>Jak se Young vyj\u00e1d\u0159il, kritizuje hlavn\u011b zneu\u017e\u00edv\u00e1n\u00ed strachu, militarizaci ve\u0159ejn\u00e9ho prostoru a roli imigra\u010dn\u00ed a celn\u00ed spr\u00e1vy ICE. Z\u00e1rove\u0148 ale apeluje na m\u00edr a solidaritu: <em>\u201eV\u00edme p\u0159ece, co d\u011blat. Povsta\u0148te. V m\u00edru a pokoji, ale ve velk\u00e9m. A\u017e p\u0159\u00edli\u0161 mnoho nevinn\u00fdch lid\u00ed um\u00edr\u00e1.\u201c <\/em>Jeho postoj zapad\u00e1 do tradice protestn\u00edch p\u00edsn\u00ed a text\u016f, kter\u00e9 Young p\u00ed\u0161e u\u017e od 60. let.<\/p>\n\n\n<!-- karaoketexty.cz \/ interscroller1 -->\n\n<div id=\"PX_37041_825057871452834\"><\/div>\n<script>\nif(useMobileAds && !boolUseSeznamAds && !hideAllAds){\n\twindow.px2 = window.px2 || { conf: {},queue: [] };\n\tpx2.queue.push(function () {\n\t\tpx2.render({\n\t\t\tslot: {\n\t\t\t\tid: 37041\n\t\t\t},\n\t\t\telem: \"PX_37041_825057871452834\"\n\t\t})\n\t});\n}\n<\/script>\n\n\n<h2 class=\"wp-block-heading\">Trump je jako magnet kontroverz\u00ed<\/h2>\n\n\n\n<p>Donald Trump vyvol\u00e1v\u00e1 jako \u010dlov\u011bk celkem siln\u00e9 reakce, a to prakticky ve v\u0161ech oblastech ve\u0159ejn\u00e9ho \u017eivota. Narodil se v roce 1946 v New Yorku do rodiny realitn\u00edho developera Freda Trumpa. Kari\u00e9ru za\u010dal v rodinn\u00e9m podniku, postupn\u011b vybudoval zna\u010dku spojenou s luxusn\u00edmi nemovitostmi, kasiny a pozd\u011bji i televizn\u00edmi projekty, p\u0159edev\u0161\u00edm reality show The Apprentice.<\/p>\n\n\n\n<blockquote class=\"instagram-media\" data-instgrm-captioned data-instgrm-permalink=\"https:\/\/www.instagram.com\/reel\/DLqTueEM0-p\/?utm_source=ig_embed&amp;utm_campaign=loading\" data-instgrm-version=\"14\" style=\" background:#FFF; border:0; border-radius:3px; box-shadow:0 0 1px 0 rgba(0,0,0,0.5),0 1px 10px 0 rgba(0,0,0,0.15); margin: 1px; max-width:540px; min-width:326px; padding:0; width:99.375%; width:-webkit-calc(100% - 2px); width:calc(100% - 2px);\"><div style=\"padding:16px;\"> <a href=\"https:\/\/www.instagram.com\/reel\/DLqTueEM0-p\/?utm_source=ig_embed&amp;utm_campaign=loading\" style=\" background:#FFFFFF; line-height:0; padding:0 0; text-align:center; text-decoration:none; width:100%;\" target=\"_blank\"> <div style=\" display: flex; flex-direction: row; align-items: center;\"> <div style=\"background-color: #F4F4F4; border-radius: 50%; flex-grow: 0; height: 40px; margin-right: 14px; width: 40px;\"><\/div> <div style=\"display: flex; flex-direction: column; flex-grow: 1; justify-content: center;\"> <div style=\" background-color: #F4F4F4; border-radius: 4px; flex-grow: 0; height: 14px; margin-bottom: 6px; width: 100px;\"><\/div> <div style=\" background-color: #F4F4F4; border-radius: 4px; flex-grow: 0; height: 14px; width: 60px;\"><\/div><\/div><\/div><div style=\"padding: 19% 0;\"><\/div> <div style=\"display:block; height:50px; margin:0 auto 12px; width:50px;\"><svg width=\"50px\" height=\"50px\" viewBox=\"0 0 60 60\" version=\"1.1\" xmlns=\"https:\/\/www.w3.org\/2000\/svg\" xmlns:xlink=\"https:\/\/www.w3.org\/1999\/xlink\"><g stroke=\"none\" stroke-width=\"1\" fill=\"none\" fill-rule=\"evenodd\"><g transform=\"translate(-511.000000, -20.000000)\" fill=\"#000000\"><g><path d=\"M556.869,30.41 C554.814,30.41 553.148,32.076 553.148,34.131 C553.148,36.186 554.814,37.852 556.869,37.852 C558.924,37.852 560.59,36.186 560.59,34.131 C560.59,32.076 558.924,30.41 556.869,30.41 M541,60.657 C535.114,60.657 530.342,55.887 530.342,50 C530.342,44.114 535.114,39.342 541,39.342 C546.887,39.342 551.658,44.114 551.658,50 C551.658,55.887 546.887,60.657 541,60.657 M541,33.886 C532.1,33.886 524.886,41.1 524.886,50 C524.886,58.899 532.1,66.113 541,66.113 C549.9,66.113 557.115,58.899 557.115,50 C557.115,41.1 549.9,33.886 541,33.886 M565.378,62.101 C565.244,65.022 564.756,66.606 564.346,67.663 C563.803,69.06 563.154,70.057 562.106,71.106 C561.058,72.155 560.06,72.803 558.662,73.347 C557.607,73.757 556.021,74.244 553.102,74.378 C549.944,74.521 548.997,74.552 541,74.552 C533.003,74.552 532.056,74.521 528.898,74.378 C525.979,74.244 524.393,73.757 523.338,73.347 C521.94,72.803 520.942,72.155 519.894,71.106 C518.846,70.057 518.197,69.06 517.654,67.663 C517.244,66.606 516.755,65.022 516.623,62.101 C516.479,58.943 516.448,57.996 516.448,50 C516.448,42.003 516.479,41.056 516.623,37.899 C516.755,34.978 517.244,33.391 517.654,32.338 C518.197,30.938 518.846,29.942 519.894,28.894 C520.942,27.846 521.94,27.196 523.338,26.654 C524.393,26.244 525.979,25.756 528.898,25.623 C532.057,25.479 533.004,25.448 541,25.448 C548.997,25.448 549.943,25.479 553.102,25.623 C556.021,25.756 557.607,26.244 558.662,26.654 C560.06,27.196 561.058,27.846 562.106,28.894 C563.154,29.942 563.803,30.938 564.346,32.338 C564.756,33.391 565.244,34.978 565.378,37.899 C565.522,41.056 565.552,42.003 565.552,50 C565.552,57.996 565.522,58.943 565.378,62.101 M570.82,37.631 C570.674,34.438 570.167,32.258 569.425,30.349 C568.659,28.377 567.633,26.702 565.965,25.035 C564.297,23.368 562.623,22.342 560.652,21.575 C558.743,20.834 556.562,20.326 553.369,20.18 C550.169,20.033 549.148,20 541,20 C532.853,20 531.831,20.033 528.631,20.18 C525.438,20.326 523.257,20.834 521.349,21.575 C519.376,22.342 517.703,23.368 516.035,25.035 C514.368,26.702 513.342,28.377 512.574,30.349 C511.834,32.258 511.326,34.438 511.181,37.631 C511.035,40.831 511,41.851 511,50 C511,58.147 511.035,59.17 511.181,62.369 C511.326,65.562 511.834,67.743 512.574,69.651 C513.342,71.625 514.368,73.296 516.035,74.965 C517.703,76.634 519.376,77.658 521.349,78.425 C523.257,79.167 525.438,79.673 528.631,79.82 C531.831,79.965 532.853,80.001 541,80.001 C549.148,80.001 550.169,79.965 553.369,79.82 C556.562,79.673 558.743,79.167 560.652,78.425 C562.623,77.658 564.297,76.634 565.965,74.965 C567.633,73.296 568.659,71.625 569.425,69.651 C570.167,67.743 570.674,65.562 570.82,62.369 C570.966,59.17 571,58.147 571,50 C571,41.851 570.966,40.831 570.82,37.631\"><\/path><\/g><\/g><\/g><\/svg><\/div><div style=\"padding-top: 8px;\"> <div style=\" color:#3897f0; font-family:Arial,sans-serif; font-size:14px; font-style:normal; font-weight:550; line-height:18px;\">Zobrazit p\u0159\u00edsp\u011bvek na Instagramu<\/div><\/div><div style=\"padding: 12.5% 0;\"><\/div> <div style=\"display: flex; flex-direction: row; margin-bottom: 14px; align-items: center;\"><div> <div style=\"background-color: #F4F4F4; border-radius: 50%; height: 12.5px; width: 12.5px; transform: translateX(0px) translateY(7px);\"><\/div> <div style=\"background-color: #F4F4F4; height: 12.5px; transform: rotate(-45deg) translateX(3px) translateY(1px); width: 12.5px; flex-grow: 0; margin-right: 14px; margin-left: 2px;\"><\/div> <div style=\"background-color: #F4F4F4; border-radius: 50%; height: 12.5px; width: 12.5px; transform: translateX(9px) translateY(-18px);\"><\/div><\/div><div style=\"margin-left: 8px;\"> <div style=\" background-color: #F4F4F4; border-radius: 50%; flex-grow: 0; height: 20px; width: 20px;\"><\/div> <div style=\" width: 0; height: 0; border-top: 2px solid transparent; border-left: 6px solid #f4f4f4; border-bottom: 2px solid transparent; transform: translateX(16px) translateY(-4px) rotate(30deg)\"><\/div><\/div><div style=\"margin-left: auto;\"> <div style=\" width: 0px; border-top: 8px solid #F4F4F4; border-right: 8px solid transparent; transform: translateY(16px);\"><\/div> <div style=\" background-color: #F4F4F4; flex-grow: 0; height: 12px; width: 16px; transform: translateY(-4px);\"><\/div> <div style=\" width: 0; height: 0; border-top: 8px solid #F4F4F4; border-left: 8px solid transparent; transform: translateY(-4px) translateX(8px);\"><\/div><\/div><\/div> <div style=\"display: flex; flex-direction: column; flex-grow: 1; justify-content: center; margin-bottom: 24px;\"> <div style=\" background-color: #F4F4F4; border-radius: 4px; flex-grow: 0; height: 14px; margin-bottom: 6px; width: 224px;\"><\/div> <div style=\" background-color: #F4F4F4; border-radius: 4px; flex-grow: 0; height: 14px; width: 144px;\"><\/div><\/div><\/a><p style=\" color:#c9c8cd; font-family:Arial,sans-serif; font-size:14px; line-height:17px; margin-bottom:0; margin-top:8px; overflow:hidden; padding:8px 0 7px; text-align:center; text-overflow:ellipsis; white-space:nowrap;\"><a href=\"https:\/\/www.instagram.com\/reel\/DLqTueEM0-p\/?utm_source=ig_embed&amp;utm_campaign=loading\" style=\" color:#c9c8cd; font-family:Arial,sans-serif; font-size:14px; font-style:normal; font-weight:normal; line-height:17px; text-decoration:none;\" target=\"_blank\">P\u0159\u00edsp\u011bvek sd\u00edlen\u00fd Neil Young Archives (@neilyoungarchives)<\/a><\/p><\/div><\/blockquote>\n<script async src=\"\/\/www.instagram.com\/embed.js\"><\/script>\n\n\n\n<p>Jeho vstup do politiky v roce 2015 znamenal z\u00e1sadn\u00ed zlom. Trump se prezentoval jako outsider, kter\u00fd \u201evysu\u0161\u00ed washingtonskou ba\u017einu\u201c, a v roce 2016 p\u0159ekvapiv\u011b vyhr\u00e1l prezidentsk\u00e9 volby. B\u011bhem sv\u00e9ho mand\u00e1tu byl obklopen kontroverzemi, od ostr\u00e9 imigra\u010dn\u00ed politiky p\u0159es konflikty s m\u00e9dii a\u017e po zahrani\u010dn\u011bpolitick\u00e9 v\u00fdroky, kter\u00e9 \u010dasto \u0161okovaly spojence i odp\u016frce.<\/p>\n\n\n\n<p>Trump\u016fv osobn\u00ed \u017eivot je stejn\u011b sledovan\u00fd jako jeho politick\u00e9 kroky. T\u0159ikr\u00e1t \u017eenat\u00fd, otec p\u011bti d\u011bt\u00ed, z nich\u017e n\u011bkter\u00e9 \u2013 Ivanka, Donald Jr. a Eric \u2013 sehr\u00e1ly aktivn\u00ed roli i v jeho politick\u00e9m i podnikatelsk\u00e9m p\u016fsoben\u00ed. Rodinn\u00e9 vazby \u010dasto prol\u00ednal s v\u00fdkonem moci, co\u017e vyvol\u00e1valo ot\u00e1zky ohledn\u011b st\u0159etu z\u00e1jm\u016f a etiky.<\/p>\n\n\n\n<h2 class=\"wp-block-heading\">Z\u00e1jem o Gr\u00f3nsko i za cenu konfliktu<\/h2>\n\n\n\n<p>Jedn\u00edm z moment\u016f, kter\u00e9 se nyn\u00ed zaryly lidem do pam\u011bti, je Trump\u016fv z\u00e1jem o Gr\u00f3nsko, informuje BBC. Jeho \u00favahy o \u201ez\u00edsk\u00e1n\u00ed\u201c tohoto autonomn\u00edho \u00fazem\u00ed pat\u0159\u00edc\u00edho D\u00e1nsku vyvolaly vlnu posm\u011bchu, ale i obav. P\u0159esto\u017ee k \u017e\u00e1dn\u00e9mu konkr\u00e9tn\u00edmu kroku zat\u00edm nedo\u0161lo, nikdo nedok\u00e1\u017ee \u0159\u00edct, co bude d\u00e1l. M\u016f\u017eeme jen doufat, \u017ee nedojde k invazivn\u00edmu jedn\u00e1n\u00ed a dal\u0161\u00edm v\u00e1le\u010dn\u00fdm konflikt\u016fm.<\/p>\n\n\n\n<p>Zdroj: Autorsk\u00fd text, <a href=\"https:\/\/cs.wikipedia.org\/wiki\/Donald_Trump\" target=\"_blank\" rel=\"noreferrer noopener nofollow\">Wikipedie<\/a>, <a href=\"https:\/\/www.billboard.com\/music\/music-news\/neil-young-donald-trump-ice-1236152567\/\" target=\"_blank\" rel=\"noreferrer noopener nofollow\">Billboard<\/a>, <a href=\"https:\/\/www.bbc.com\/news\/articles\/c74x4m71pmjo\" target=\"_blank\" rel=\"noreferrer noopener nofollow\">BBC<\/a>, <a href=\"https:\/\/www.instagram.com\/neilyoungarchives\/\" target=\"_blank\" rel=\"noreferrer noopener nofollow\">Instagram Neila Younga<\/a><\/p>\n\n\n            <a href=\"https:\/\/www.karaoketexty.cz\/magazin\/bjork-varuje-pred-kolonialismem-kritizuje-trumpovy-vyroky-o-gronsku\/\" class=\"related-post-link\">\n                <div class=\"post-thumbnail\">\n                    <img decoding=\"async\" width=\"250\" height=\"166\" src=\"https:\/\/www.karaoketexty.cz\/magazin\/wp-content\/uploads\/2025\/10\/bjork.jpg\" class=\"attachment-250x180 size-250x180 not-transparent\" alt=\"Zp\u011bva\u010dka Bj\u00f6rk\" srcset=\"https:\/\/www.karaoketexty.cz\/magazin\/wp-content\/uploads\/2025\/10\/bjork.jpg 1200w, https:\/\/www.karaoketexty.cz\/magazin\/wp-content\/uploads\/2025\/10\/bjork-300x199.jpg 300w, https:\/\/www.karaoketexty.cz\/magazin\/wp-content\/uploads\/2025\/10\/bjork-1024x680.jpg 1024w, https:\/\/www.karaoketexty.cz\/magazin\/wp-content\/uploads\/2025\/10\/bjork-768x510.jpg 768w, https:\/\/www.karaoketexty.cz\/magazin\/wp-content\/uploads\/2025\/10\/bjork-800x533.jpg 800w\" sizes=\"(max-width: 250px) 100vw, 250px\" data-has-transparency=\"false\" data-dominant-color=\"5c485e\" style=\"--dominant-color: #5c485e;\" \/>                <\/div>\n                <div class=\"post-details\">\n                    <span class=\"also-read\">\u010ct\u011bte tak\u00e9:<\/span>\n                    <h3 class=\"hed\">Bj\u00f6rk varuje p\u0159ed kolonialismem: Kritizuje Trumpovy v\u00fdroky o Gr\u00f3nsku<\/h3>\n                <\/div>\n            <\/a>\n            \n\n            <a href=\"https:\/\/www.karaoketexty.cz\/magazin\/madonna-tvrde-proti-trumpovi-svetovy-den-aids-nezmizel-nemoc-stale-zabiji\/\" class=\"related-post-link\">\n                <div class=\"post-thumbnail\">\n                    <img decoding=\"async\" width=\"250\" height=\"146\" src=\"https:\/\/www.karaoketexty.cz\/magazin\/wp-content\/uploads\/2025\/08\/Madonna-zpevacka.jpg\" class=\"attachment-250x180 size-250x180 not-transparent\" alt=\"Fotografie Madonny\" srcset=\"https:\/\/www.karaoketexty.cz\/magazin\/wp-content\/uploads\/2025\/08\/Madonna-zpevacka.jpg 1200w, https:\/\/www.karaoketexty.cz\/magazin\/wp-content\/uploads\/2025\/08\/Madonna-zpevacka-300x175.jpg 300w, https:\/\/www.karaoketexty.cz\/magazin\/wp-content\/uploads\/2025\/08\/Madonna-zpevacka-1024x597.jpg 1024w, https:\/\/www.karaoketexty.cz\/magazin\/wp-content\/uploads\/2025\/08\/Madonna-zpevacka-768x448.jpg 768w\" sizes=\"(max-width: 250px) 100vw, 250px\" data-has-transparency=\"false\" data-dominant-color=\"473a35\" style=\"--dominant-color: #473a35;\" \/>                <\/div>\n                <div class=\"post-details\">\n                    <span class=\"also-read\">\u010ct\u011bte tak\u00e9:<\/span>\n                    <h3 class=\"hed\">Madonna tvrd\u011b proti Trumpovi: Sv\u011btov\u00fd den AIDS nezmizel, nemoc st\u00e1le zab\u00edj\u00ed<\/h3>\n                <\/div>\n            <\/a>\n            ","protected":false},"excerpt":{"rendered":"<p>Nap\u011bt\u00ed ve Spojen\u00fdch st\u00e1tech roste a um\u011blci projevuj\u00ed nahlas svou frustraci, kterou i \u010d\u00e1st ve\u0159ejnosti c\u00edt\u00ed v\u016f\u010di Donaldu Trumpovi.<\/p>\n","protected":false},"author":4,"featured_media":2829,"comment_status":"open","ping_status":"closed","sticky":false,"template":"","format":"standard","meta":{"_yoast_wpseo_title":"Um\u011blci vystupuj\u00ed proti Trumpovi. Politika a spory v nov\u00e9m sv\u011btle","_yoast_wpseo_metadesc":"Nap\u011bt\u00ed ve Spojen\u00fdch st\u00e1tech roste a um\u011blci projevuj\u00ed nahlas svou frustraci, kterou i \u010d\u00e1st ve\u0159ejnosti c\u00edt\u00ed v\u016f\u010di Donaldu Trumpovi.","footnotes":""},"categories":[7],"tags":[66,703,584,162,5857,5859,2160,2568,5858,600,558,2703,163,542,1190],"class_list":["post-6820","post","type-post","status-publish","format-standard","has-post-thumbnail","hentry","category-aktuality","tag-donald-trump","tag-hudebnik","tag-kontroverze","tag-kritika-donalda-trumpa","tag-neil-young","tag-politicke-napeti","tag-politika","tag-popkultura","tag-protest","tag-rockova-legenda","tag-socialni-aktivismus","tag-svoboda-projevu","tag-usa","tag-verejne-mineni","tag-zahranicni-celebrita"],"yoast_head":"<!-- This site is optimized with the Yoast SEO plugin v27.4 - https:\/\/yoast.com\/product\/yoast-seo-wordpress\/ -->\n<title>Um\u011blci vystupuj\u00ed proti Trumpovi. Politika a spory v nov\u00e9m sv\u011btle<\/title>\n<meta name=\"description\" content=\"Nap\u011bt\u00ed ve Spojen\u00fdch st\u00e1tech roste a um\u011blci projevuj\u00ed nahlas svou frustraci, kterou i \u010d\u00e1st ve\u0159ejnosti c\u00edt\u00ed v\u016f\u010di Donaldu Trumpovi.\" \/>\n<meta name=\"robots\" content=\"index, follow, max-snippet:-1, max-image-preview:large, max-video-preview:-1\" \/>\n<link rel=\"canonical\" href=\"https:\/\/www.karaoketexty.cz\/magazin\/americti-umelci-otevrene-odmitaji-politiku-donalda-trumpa-tradice-hudebnich-protestu-oziva\/\" \/>\n<meta property=\"og:locale\" content=\"cs_CZ\" \/>\n<meta property=\"og:type\" content=\"article\" \/>\n<meta property=\"og:title\" content=\"Um\u011blci vystupuj\u00ed proti Trumpovi. Politika a spory v nov\u00e9m sv\u011btle\" \/>\n<meta property=\"og:description\" content=\"Nap\u011bt\u00ed ve Spojen\u00fdch st\u00e1tech roste a um\u011blci projevuj\u00ed nahlas svou frustraci, kterou i \u010d\u00e1st ve\u0159ejnosti c\u00edt\u00ed v\u016f\u010di Donaldu Trumpovi.\" \/>\n<meta property=\"og:url\" content=\"https:\/\/www.karaoketexty.cz\/magazin\/americti-umelci-otevrene-odmitaji-politiku-donalda-trumpa-tradice-hudebnich-protestu-oziva\/\" \/>\n<meta property=\"og:site_name\" content=\"Stars Magaz\u00edn Karaoketexty.cz\" \/>\n<meta property=\"article:published_time\" content=\"2026-01-25T12:10:00+00:00\" \/>\n<meta property=\"og:image\" content=\"https:\/\/www.karaoketexty.cz\/magazin\/wp-content\/uploads\/2025\/09\/donald-trump.jpg\" \/>\n\t<meta property=\"og:image:width\" content=\"1200\" \/>\n\t<meta property=\"og:image:height\" content=\"675\" \/>\n\t<meta property=\"og:image:type\" content=\"image\/jpeg\" \/>\n<meta name=\"author\" content=\"Barbora Kop\u0159ivov\u00e1\" \/>\n<meta name=\"twitter:card\" content=\"summary_large_image\" \/>\n<meta name=\"twitter:label1\" content=\"Napsal(a)\" \/>\n\t<meta name=\"twitter:data1\" content=\"Barbora Kop\u0159ivov\u00e1\" \/>\n\t<meta name=\"twitter:label2\" content=\"Odhadovan\u00e1 doba \u010dten\u00ed\" \/>\n\t<meta name=\"twitter:data2\" content=\"3 minuty\" \/>\n<script type=\"application\/ld+json\" class=\"yoast-schema-graph\">{\"@context\":\"https:\\\/\\\/schema.org\",\"@graph\":[{\"@type\":\"Article\",\"@id\":\"https:\\\/\\\/www.karaoketexty.cz\\\/magazin\\\/americti-umelci-otevrene-odmitaji-politiku-donalda-trumpa-tradice-hudebnich-protestu-oziva\\\/#article\",\"isPartOf\":{\"@id\":\"https:\\\/\\\/www.karaoketexty.cz\\\/magazin\\\/americti-umelci-otevrene-odmitaji-politiku-donalda-trumpa-tradice-hudebnich-protestu-oziva\\\/\"},\"author\":{\"name\":\"Barbora Kop\u0159ivov\u00e1\",\"@id\":\"https:\\\/\\\/www.karaoketexty.cz\\\/magazin\\\/#\\\/schema\\\/person\\\/37c0164a04038267c8a56ad6d60df749\"},\"headline\":\"Ameri\u010dt\u00ed um\u011blci otev\u0159en\u011b odm\u00edtaj\u00ed politiku Donalda Trumpa: Tradice hudebn\u00edch protest\u016f o\u017e\u00edv\u00e1\",\"datePublished\":\"2026-01-25T12:10:00+00:00\",\"mainEntityOfPage\":{\"@id\":\"https:\\\/\\\/www.karaoketexty.cz\\\/magazin\\\/americti-umelci-otevrene-odmitaji-politiku-donalda-trumpa-tradice-hudebnich-protestu-oziva\\\/\"},\"wordCount\":622,\"commentCount\":0,\"image\":{\"@id\":\"https:\\\/\\\/www.karaoketexty.cz\\\/magazin\\\/americti-umelci-otevrene-odmitaji-politiku-donalda-trumpa-tradice-hudebnich-protestu-oziva\\\/#primaryimage\"},\"thumbnailUrl\":\"https:\\\/\\\/www.karaoketexty.cz\\\/magazin\\\/wp-content\\\/uploads\\\/2025\\\/09\\\/donald-trump.jpg\",\"keywords\":[\"Donald Trump\",\"hudebn\u00edk\",\"kontroverze\",\"Kritika Donalda Trumpa\",\"Neil Young\",\"politick\u00e9 nap\u011bt\u00ed\",\"politika\",\"popkultura\",\"protest\",\"rockov\u00e1 legenda\",\"soci\u00e1ln\u00ed aktivismus\",\"svoboda projevu\",\"USA\",\"ve\u0159ejn\u00e9 m\u00edn\u011bn\u00ed\",\"zahrani\u010dn\u00ed celebrita\"],\"articleSection\":[\"Aktuality\"],\"inLanguage\":\"cs\",\"potentialAction\":[{\"@type\":\"CommentAction\",\"name\":\"Comment\",\"target\":[\"https:\\\/\\\/www.karaoketexty.cz\\\/magazin\\\/americti-umelci-otevrene-odmitaji-politiku-donalda-trumpa-tradice-hudebnich-protestu-oziva\\\/#respond\"]}]},{\"@type\":\"WebPage\",\"@id\":\"https:\\\/\\\/www.karaoketexty.cz\\\/magazin\\\/americti-umelci-otevrene-odmitaji-politiku-donalda-trumpa-tradice-hudebnich-protestu-oziva\\\/\",\"url\":\"https:\\\/\\\/www.karaoketexty.cz\\\/magazin\\\/americti-umelci-otevrene-odmitaji-politiku-donalda-trumpa-tradice-hudebnich-protestu-oziva\\\/\",\"name\":\"Um\u011blci vystupuj\u00ed proti Trumpovi. Politika a spory v nov\u00e9m sv\u011btle\",\"isPartOf\":{\"@id\":\"https:\\\/\\\/www.karaoketexty.cz\\\/magazin\\\/#website\"},\"primaryImageOfPage\":{\"@id\":\"https:\\\/\\\/www.karaoketexty.cz\\\/magazin\\\/americti-umelci-otevrene-odmitaji-politiku-donalda-trumpa-tradice-hudebnich-protestu-oziva\\\/#primaryimage\"},\"image\":{\"@id\":\"https:\\\/\\\/www.karaoketexty.cz\\\/magazin\\\/americti-umelci-otevrene-odmitaji-politiku-donalda-trumpa-tradice-hudebnich-protestu-oziva\\\/#primaryimage\"},\"thumbnailUrl\":\"https:\\\/\\\/www.karaoketexty.cz\\\/magazin\\\/wp-content\\\/uploads\\\/2025\\\/09\\\/donald-trump.jpg\",\"datePublished\":\"2026-01-25T12:10:00+00:00\",\"author\":{\"@id\":\"https:\\\/\\\/www.karaoketexty.cz\\\/magazin\\\/#\\\/schema\\\/person\\\/37c0164a04038267c8a56ad6d60df749\"},\"description\":\"Nap\u011bt\u00ed ve Spojen\u00fdch st\u00e1tech roste a um\u011blci projevuj\u00ed nahlas svou frustraci, kterou i \u010d\u00e1st ve\u0159ejnosti c\u00edt\u00ed v\u016f\u010di Donaldu Trumpovi.\",\"breadcrumb\":{\"@id\":\"https:\\\/\\\/www.karaoketexty.cz\\\/magazin\\\/americti-umelci-otevrene-odmitaji-politiku-donalda-trumpa-tradice-hudebnich-protestu-oziva\\\/#breadcrumb\"},\"inLanguage\":\"cs\",\"potentialAction\":[{\"@type\":\"ReadAction\",\"target\":[\"https:\\\/\\\/www.karaoketexty.cz\\\/magazin\\\/americti-umelci-otevrene-odmitaji-politiku-donalda-trumpa-tradice-hudebnich-protestu-oziva\\\/\"]}]},{\"@type\":\"ImageObject\",\"inLanguage\":\"cs\",\"@id\":\"https:\\\/\\\/www.karaoketexty.cz\\\/magazin\\\/americti-umelci-otevrene-odmitaji-politiku-donalda-trumpa-tradice-hudebnich-protestu-oziva\\\/#primaryimage\",\"url\":\"https:\\\/\\\/www.karaoketexty.cz\\\/magazin\\\/wp-content\\\/uploads\\\/2025\\\/09\\\/donald-trump.jpg\",\"contentUrl\":\"https:\\\/\\\/www.karaoketexty.cz\\\/magazin\\\/wp-content\\\/uploads\\\/2025\\\/09\\\/donald-trump.jpg\",\"width\":1200,\"height\":675,\"caption\":\"Fotografie: Gage Skidmore \\\/ Creative Commons \\\/ CC BY-SA 2.0\"},{\"@type\":\"BreadcrumbList\",\"@id\":\"https:\\\/\\\/www.karaoketexty.cz\\\/magazin\\\/americti-umelci-otevrene-odmitaji-politiku-donalda-trumpa-tradice-hudebnich-protestu-oziva\\\/#breadcrumb\",\"itemListElement\":[{\"@type\":\"ListItem\",\"position\":1,\"name\":\"Dom\u016f\",\"item\":\"https:\\\/\\\/www.karaoketexty.cz\\\/magazin\\\/\"},{\"@type\":\"ListItem\",\"position\":2,\"name\":\"Ameri\u010dt\u00ed um\u011blci otev\u0159en\u011b odm\u00edtaj\u00ed politiku Donalda Trumpa: Tradice hudebn\u00edch protest\u016f o\u017e\u00edv\u00e1\"}]},{\"@type\":\"WebSite\",\"@id\":\"https:\\\/\\\/www.karaoketexty.cz\\\/magazin\\\/#website\",\"url\":\"https:\\\/\\\/www.karaoketexty.cz\\\/magazin\\\/\",\"name\":\"Stars Magaz\u00edn Karaoketexty.cz\",\"description\":\"Stars Magaz\u00edn na Karaoketexty.cz je zam\u011b\u0159en\u00fd na novinky ze sv\u011bta hudby a celebrit. Obsahuje \u010dl\u00e1nky o zp\u011bv\u00e1c\u00edch, kapel\u00e1ch, nov\u00fdch albech, hudebn\u00edch trendech a dal\u0161\u00edch zaj\u00edmavostech z hudebn\u00edho pr\u016fmyslu.\",\"potentialAction\":[{\"@type\":\"SearchAction\",\"target\":{\"@type\":\"EntryPoint\",\"urlTemplate\":\"https:\\\/\\\/www.karaoketexty.cz\\\/magazin\\\/?s={search_term_string}\"},\"query-input\":{\"@type\":\"PropertyValueSpecification\",\"valueRequired\":true,\"valueName\":\"search_term_string\"}}],\"inLanguage\":\"cs\"},{\"@type\":\"Person\",\"@id\":\"https:\\\/\\\/www.karaoketexty.cz\\\/magazin\\\/#\\\/schema\\\/person\\\/37c0164a04038267c8a56ad6d60df749\",\"name\":\"Barbora Kop\u0159ivov\u00e1\",\"image\":{\"@type\":\"ImageObject\",\"inLanguage\":\"cs\",\"@id\":\"https:\\\/\\\/secure.gravatar.com\\\/avatar\\\/ad2ef9810228386d580851ef4bdde76abaa96054ff5b068c8873bc91afb2df84?s=96&d=mm&r=g\",\"url\":\"https:\\\/\\\/secure.gravatar.com\\\/avatar\\\/ad2ef9810228386d580851ef4bdde76abaa96054ff5b068c8873bc91afb2df84?s=96&d=mm&r=g\",\"contentUrl\":\"https:\\\/\\\/secure.gravatar.com\\\/avatar\\\/ad2ef9810228386d580851ef4bdde76abaa96054ff5b068c8873bc91afb2df84?s=96&d=mm&r=g\",\"caption\":\"Barbora Kop\u0159ivov\u00e1\"},\"url\":\"https:\\\/\\\/www.karaoketexty.cz\\\/magazin\\\/author\\\/barborakoprivova\\\/\"}]}<\/script>\n<!-- \/ Yoast SEO plugin. -->","yoast_head_json":{"title":"Um\u011blci vystupuj\u00ed proti Trumpovi. Politika a spory v nov\u00e9m sv\u011btle","description":"Nap\u011bt\u00ed ve Spojen\u00fdch st\u00e1tech roste a um\u011blci projevuj\u00ed nahlas svou frustraci, kterou i \u010d\u00e1st ve\u0159ejnosti c\u00edt\u00ed v\u016f\u010di Donaldu Trumpovi.","robots":{"index":"index","follow":"follow","max-snippet":"max-snippet:-1","max-image-preview":"max-image-preview:large","max-video-preview":"max-video-preview:-1"},"canonical":"https:\/\/www.karaoketexty.cz\/magazin\/americti-umelci-otevrene-odmitaji-politiku-donalda-trumpa-tradice-hudebnich-protestu-oziva\/","og_locale":"cs_CZ","og_type":"article","og_title":"Um\u011blci vystupuj\u00ed proti Trumpovi. Politika a spory v nov\u00e9m sv\u011btle","og_description":"Nap\u011bt\u00ed ve Spojen\u00fdch st\u00e1tech roste a um\u011blci projevuj\u00ed nahlas svou frustraci, kterou i \u010d\u00e1st ve\u0159ejnosti c\u00edt\u00ed v\u016f\u010di Donaldu Trumpovi.","og_url":"https:\/\/www.karaoketexty.cz\/magazin\/americti-umelci-otevrene-odmitaji-politiku-donalda-trumpa-tradice-hudebnich-protestu-oziva\/","og_site_name":"Stars Magaz\u00edn Karaoketexty.cz","article_published_time":"2026-01-25T12:10:00+00:00","og_image":[{"width":1200,"height":675,"url":"https:\/\/www.karaoketexty.cz\/magazin\/wp-content\/uploads\/2025\/09\/donald-trump.jpg","type":"image\/jpeg"}],"author":"Barbora Kop\u0159ivov\u00e1","twitter_card":"summary_large_image","twitter_misc":{"Napsal(a)":"Barbora Kop\u0159ivov\u00e1","Odhadovan\u00e1 doba \u010dten\u00ed":"3 minuty"},"schema":{"@context":"https:\/\/schema.org","@graph":[{"@type":"Article","@id":"https:\/\/www.karaoketexty.cz\/magazin\/americti-umelci-otevrene-odmitaji-politiku-donalda-trumpa-tradice-hudebnich-protestu-oziva\/#article","isPartOf":{"@id":"https:\/\/www.karaoketexty.cz\/magazin\/americti-umelci-otevrene-odmitaji-politiku-donalda-trumpa-tradice-hudebnich-protestu-oziva\/"},"author":{"name":"Barbora Kop\u0159ivov\u00e1","@id":"https:\/\/www.karaoketexty.cz\/magazin\/#\/schema\/person\/37c0164a04038267c8a56ad6d60df749"},"headline":"Ameri\u010dt\u00ed um\u011blci otev\u0159en\u011b odm\u00edtaj\u00ed politiku Donalda Trumpa: Tradice hudebn\u00edch protest\u016f o\u017e\u00edv\u00e1","datePublished":"2026-01-25T12:10:00+00:00","mainEntityOfPage":{"@id":"https:\/\/www.karaoketexty.cz\/magazin\/americti-umelci-otevrene-odmitaji-politiku-donalda-trumpa-tradice-hudebnich-protestu-oziva\/"},"wordCount":622,"commentCount":0,"image":{"@id":"https:\/\/www.karaoketexty.cz\/magazin\/americti-umelci-otevrene-odmitaji-politiku-donalda-trumpa-tradice-hudebnich-protestu-oziva\/#primaryimage"},"thumbnailUrl":"https:\/\/www.karaoketexty.cz\/magazin\/wp-content\/uploads\/2025\/09\/donald-trump.jpg","keywords":["Donald Trump","hudebn\u00edk","kontroverze","Kritika Donalda Trumpa","Neil Young","politick\u00e9 nap\u011bt\u00ed","politika","popkultura","protest","rockov\u00e1 legenda","soci\u00e1ln\u00ed aktivismus","svoboda projevu","USA","ve\u0159ejn\u00e9 m\u00edn\u011bn\u00ed","zahrani\u010dn\u00ed celebrita"],"articleSection":["Aktuality"],"inLanguage":"cs","potentialAction":[{"@type":"CommentAction","name":"Comment","target":["https:\/\/www.karaoketexty.cz\/magazin\/americti-umelci-otevrene-odmitaji-politiku-donalda-trumpa-tradice-hudebnich-protestu-oziva\/#respond"]}]},{"@type":"WebPage","@id":"https:\/\/www.karaoketexty.cz\/magazin\/americti-umelci-otevrene-odmitaji-politiku-donalda-trumpa-tradice-hudebnich-protestu-oziva\/","url":"https:\/\/www.karaoketexty.cz\/magazin\/americti-umelci-otevrene-odmitaji-politiku-donalda-trumpa-tradice-hudebnich-protestu-oziva\/","name":"Um\u011blci vystupuj\u00ed proti Trumpovi. Politika a spory v nov\u00e9m sv\u011btle","isPartOf":{"@id":"https:\/\/www.karaoketexty.cz\/magazin\/#website"},"primaryImageOfPage":{"@id":"https:\/\/www.karaoketexty.cz\/magazin\/americti-umelci-otevrene-odmitaji-politiku-donalda-trumpa-tradice-hudebnich-protestu-oziva\/#primaryimage"},"image":{"@id":"https:\/\/www.karaoketexty.cz\/magazin\/americti-umelci-otevrene-odmitaji-politiku-donalda-trumpa-tradice-hudebnich-protestu-oziva\/#primaryimage"},"thumbnailUrl":"https:\/\/www.karaoketexty.cz\/magazin\/wp-content\/uploads\/2025\/09\/donald-trump.jpg","datePublished":"2026-01-25T12:10:00+00:00","author":{"@id":"https:\/\/www.karaoketexty.cz\/magazin\/#\/schema\/person\/37c0164a04038267c8a56ad6d60df749"},"description":"Nap\u011bt\u00ed ve Spojen\u00fdch st\u00e1tech roste a um\u011blci projevuj\u00ed nahlas svou frustraci, kterou i \u010d\u00e1st ve\u0159ejnosti c\u00edt\u00ed v\u016f\u010di Donaldu Trumpovi.","breadcrumb":{"@id":"https:\/\/www.karaoketexty.cz\/magazin\/americti-umelci-otevrene-odmitaji-politiku-donalda-trumpa-tradice-hudebnich-protestu-oziva\/#breadcrumb"},"inLanguage":"cs","potentialAction":[{"@type":"ReadAction","target":["https:\/\/www.karaoketexty.cz\/magazin\/americti-umelci-otevrene-odmitaji-politiku-donalda-trumpa-tradice-hudebnich-protestu-oziva\/"]}]},{"@type":"ImageObject","inLanguage":"cs","@id":"https:\/\/www.karaoketexty.cz\/magazin\/americti-umelci-otevrene-odmitaji-politiku-donalda-trumpa-tradice-hudebnich-protestu-oziva\/#primaryimage","url":"https:\/\/www.karaoketexty.cz\/magazin\/wp-content\/uploads\/2025\/09\/donald-trump.jpg","contentUrl":"https:\/\/www.karaoketexty.cz\/magazin\/wp-content\/uploads\/2025\/09\/donald-trump.jpg","width":1200,"height":675,"caption":"Fotografie: Gage Skidmore \/ Creative Commons \/ CC BY-SA 2.0"},{"@type":"BreadcrumbList","@id":"https:\/\/www.karaoketexty.cz\/magazin\/americti-umelci-otevrene-odmitaji-politiku-donalda-trumpa-tradice-hudebnich-protestu-oziva\/#breadcrumb","itemListElement":[{"@type":"ListItem","position":1,"name":"Dom\u016f","item":"https:\/\/www.karaoketexty.cz\/magazin\/"},{"@type":"ListItem","position":2,"name":"Ameri\u010dt\u00ed um\u011blci otev\u0159en\u011b odm\u00edtaj\u00ed politiku Donalda Trumpa: Tradice hudebn\u00edch protest\u016f o\u017e\u00edv\u00e1"}]},{"@type":"WebSite","@id":"https:\/\/www.karaoketexty.cz\/magazin\/#website","url":"https:\/\/www.karaoketexty.cz\/magazin\/","name":"Stars Magaz\u00edn Karaoketexty.cz","description":"Stars Magaz\u00edn na Karaoketexty.cz je zam\u011b\u0159en\u00fd na novinky ze sv\u011bta hudby a celebrit. Obsahuje \u010dl\u00e1nky o zp\u011bv\u00e1c\u00edch, kapel\u00e1ch, nov\u00fdch albech, hudebn\u00edch trendech a dal\u0161\u00edch zaj\u00edmavostech z hudebn\u00edho pr\u016fmyslu.","potentialAction":[{"@type":"SearchAction","target":{"@type":"EntryPoint","urlTemplate":"https:\/\/www.karaoketexty.cz\/magazin\/?s={search_term_string}"},"query-input":{"@type":"PropertyValueSpecification","valueRequired":true,"valueName":"search_term_string"}}],"inLanguage":"cs"},{"@type":"Person","@id":"https:\/\/www.karaoketexty.cz\/magazin\/#\/schema\/person\/37c0164a04038267c8a56ad6d60df749","name":"Barbora Kop\u0159ivov\u00e1","image":{"@type":"ImageObject","inLanguage":"cs","@id":"https:\/\/secure.gravatar.com\/avatar\/ad2ef9810228386d580851ef4bdde76abaa96054ff5b068c8873bc91afb2df84?s=96&d=mm&r=g","url":"https:\/\/secure.gravatar.com\/avatar\/ad2ef9810228386d580851ef4bdde76abaa96054ff5b068c8873bc91afb2df84?s=96&d=mm&r=g","contentUrl":"https:\/\/secure.gravatar.com\/avatar\/ad2ef9810228386d580851ef4bdde76abaa96054ff5b068c8873bc91afb2df84?s=96&d=mm&r=g","caption":"Barbora Kop\u0159ivov\u00e1"},"url":"https:\/\/www.karaoketexty.cz\/magazin\/author\/barborakoprivova\/"}]}},"_links":{"self":[{"href":"https:\/\/www.karaoketexty.cz\/magazin\/wp-json\/wp\/v2\/posts\/6820","targetHints":{"allow":["GET"]}}],"collection":[{"href":"https:\/\/www.karaoketexty.cz\/magazin\/wp-json\/wp\/v2\/posts"}],"about":[{"href":"https:\/\/www.karaoketexty.cz\/magazin\/wp-json\/wp\/v2\/types\/post"}],"author":[{"embeddable":true,"href":"https:\/\/www.karaoketexty.cz\/magazin\/wp-json\/wp\/v2\/users\/4"}],"replies":[{"embeddable":true,"href":"https:\/\/www.karaoketexty.cz\/magazin\/wp-json\/wp\/v2\/comments?post=6820"}],"version-history":[{"count":3,"href":"https:\/\/www.karaoketexty.cz\/magazin\/wp-json\/wp\/v2\/posts\/6820\/revisions"}],"predecessor-version":[{"id":7066,"href":"https:\/\/www.karaoketexty.cz\/magazin\/wp-json\/wp\/v2\/posts\/6820\/revisions\/7066"}],"wp:featuredmedia":[{"embeddable":true,"href":"https:\/\/www.karaoketexty.cz\/magazin\/wp-json\/wp\/v2\/media\/2829"}],"wp:attachment":[{"href":"https:\/\/www.karaoketexty.cz\/magazin\/wp-json\/wp\/v2\/media?parent=6820"}],"wp:term":[{"taxonomy":"category","embeddable":true,"href":"https:\/\/www.karaoketexty.cz\/magazin\/wp-json\/wp\/v2\/categories?post=6820"},{"taxonomy":"post_tag","embeddable":true,"href":"https:\/\/www.karaoketexty.cz\/magazin\/wp-json\/wp\/v2\/tags?post=6820"}],"curies":[{"name":"wp","href":"https:\/\/api.w.org\/{rel}","templated":true}]}}