{"id":6817,"date":"2026-01-26T12:34:00","date_gmt":"2026-01-26T11:34:00","guid":{"rendered":"https:\/\/www.karaoketexty.cz\/magazin\/?p=6817"},"modified":"2026-01-21T15:44:25","modified_gmt":"2026-01-21T14:44:25","slug":"ewa-farna-a-pam-rabbit-oznamily-spolecnou-hudebni-novinku","status":"publish","type":"post","link":"https:\/\/www.karaoketexty.cz\/magazin\/ewa-farna-a-pam-rabbit-oznamily-spolecnou-hudebni-novinku\/","title":{"rendered":"Ewa Farna a Pam Rabbit ozn\u00e1mily spole\u010dnou hudebn\u00ed novinku"},"content":{"rendered":"\n<p><strong>Dva odli\u0161n\u00e9 hudebn\u00ed sv\u011bty, ale stejn\u00e1 odvaha zkou\u0161et nov\u00e9 v\u011bci. Spojen\u00ed Ewy Farne a Pam Rabbit u lid\u00ed vyvolalo neb\u00fdval\u00e9 o\u010dek\u00e1v\u00e1n\u00ed.<\/strong><\/p>\n\n\n\n<p>Soci\u00e1ln\u00ed s\u00edt\u011b v posledn\u00edch dnech praskaj\u00ed pod t\u00edhou nad\u0161en\u00fdch fanou\u0161k\u016f, jak redakci Karaoketexty.cz neuniklo. Doslova je zaplavila jedin\u00e1 zpr\u00e1va: Ewa Farna a Pam Rabbit ozn\u00e1mily spole\u010dn\u00fd projekt. Zat\u00edmco ob\u011b zp\u011bva\u010dky z\u016fst\u00e1vaj\u00ed ohledn\u011b detail\u016f tajemn\u00e9, u\u017e samotn\u00e9 spojen\u00ed jejich jmen sta\u010dilo k tomu, aby se rozjela lavina reakc\u00ed fanou\u0161k\u016f i hudebn\u00edch publicist\u016f.<\/p>\n\n\n<!-- karaoketexty.cz \/ rectangle2 -->\n<div id=\"PX_37086_709110796310826\"><\/div>\n<script>\n   if(!useMobileAds && !boolUseSeznamAds && !hideAllAds){\n     window.px2 = window.px2 || { conf: {},queue: [] };\n     px2.queue.push(function () {\n        px2.render({\n           slot: {\n              id: 37086\n           },\n            elem: \"PX_37086_709110796310826\"\n        })\n     });\n  }\n<\/script>\n\n<!-- karaoketexty.cz \/ mobile-rectangle3 -->\n<div id=\"PX_37044_714599773297004\"><\/div>\n<script>\n   if(useMobileAds && !boolUseSeznamAds && !hideAllAds){\nwindow.px2 = window.px2 || { conf: {},queue: [] };\npx2.queue.push(function () {\n\tpx2.render({\n\t\tslot: {\n\t\t\tid: 37044\n\t\t},\n\t\telem: \"PX_37044_714599773297004\"\n\t})\n});\n}\n<\/script>\n\n\n<h2 class=\"wp-block-heading\">Zat\u00edm bez detail\u016f, o to v\u011bt\u0161\u00ed o\u010dek\u00e1v\u00e1n\u00ed<\/h2>\n\n\n\n<p>Informace je zat\u00edm stru\u010dn\u00e1, ale o to v\u00fdmluvn\u011bj\u0161\u00ed. Ob\u011b um\u011blkyn\u011b prost\u0159ednictv\u00edm soci\u00e1ln\u00edch s\u00edt\u00ed nazna\u010dily, \u017ee spole\u010dn\u00e1 novinka spat\u0159\u00ed sv\u011btlo sv\u011bta u\u017e v p\u00e1tek 16. ledna. Zda p\u016fjde o samostatn\u00fd singl, kr\u00e1tk\u00e9 EP nebo rozs\u00e1hlej\u0161\u00ed projekt, zat\u00edm neprozradily. Pr\u00e1v\u011b tato nejistota ale zvy\u0161uje nap\u011bt\u00ed a d\u00e1v\u00e1 prostor nejr\u016fzn\u011bj\u0161\u00edm spekulac\u00edm. V \u010desk\u00e9m prost\u0159ed\u00ed nen\u00ed podobn\u00e9 propojen\u00ed tak \u010dast\u00e9, zvl\u00e1\u0161\u0165 kdy\u017e jde o um\u011blkyn\u011b, kter\u00e9 reprezentuj\u00ed odli\u0161n\u00e9 hudebn\u00ed p\u0159\u00edstupy.<\/p>\n\n\n\n<p>Jedna m\u00e1 za sebou dlouhou a \u00fasp\u011b\u0161nou kari\u00e9ru, druh\u00e1 je pln\u00e1 sv\u011b\u017e\u00ed energie a odvahy bo\u0159it \u017e\u00e1nrov\u00e9 hranice. V\u00fdsledkem m\u016f\u017ee b\u00fdt opravdu zaj\u00edmav\u00e1 spolupr\u00e1ce. Zda p\u016fjde o jednor\u00e1zovou akci, nebo za\u010d\u00e1tek del\u0161\u00edho kreativn\u00edho partnerstv\u00ed, uk\u00e1\u017eou a\u017e n\u00e1sleduj\u00edc\u00ed dny.<\/p>\n\n\n<!-- karaoketexty.cz \/ interscroller1 -->\n\n<div id=\"PX_37041_825057871452834\"><\/div>\n<script>\nif(useMobileAds && !boolUseSeznamAds && !hideAllAds){\n\twindow.px2 = window.px2 || { conf: {},queue: [] };\n\tpx2.queue.push(function () {\n\t\tpx2.render({\n\t\t\tslot: {\n\t\t\t\tid: 37041\n\t\t\t},\n\t\t\telem: \"PX_37041_825057871452834\"\n\t\t})\n\t});\n}\n<\/script>\n\n\n<h2 class=\"wp-block-heading\">Ewa Farna jako respektovan\u00e1 autorka<\/h2>\n\n\n\n<p>Ewa Farna pat\u0159\u00ed u\u017e t\u00e9m\u011b\u0159 20 let k v\u00fdrazn\u00fdm hudebnic\u00edm \u010desk\u00e9 i polsk\u00e9 sc\u00e9ny. Narodila se v roce 1993 v T\u0159inci a prorazila u\u017e jako t\u0159in\u00e1ctilet\u00e1 debutov\u00fdm albem M\u011bls m\u011b v\u016fbec r\u00e1d. Od t\u00e9 doby u\u0161la dlouhou cestu, od pop-rockov\u00e9 teenagerky k sebev\u011bdom\u00e9 autorce, kter\u00e1 si stoj\u00ed za sv\u00fdm.<\/p>\n\n\n\n<blockquote class=\"instagram-media\" data-instgrm-captioned data-instgrm-permalink=\"https:\/\/www.instagram.com\/p\/DTar2M8iOMr\/?utm_source=ig_embed&amp;utm_campaign=loading\" data-instgrm-version=\"14\" style=\" background:#FFF; border:0; border-radius:3px; box-shadow:0 0 1px 0 rgba(0,0,0,0.5),0 1px 10px 0 rgba(0,0,0,0.15); margin: 1px; max-width:540px; min-width:326px; padding:0; width:99.375%; width:-webkit-calc(100% - 2px); width:calc(100% - 2px);\"><div style=\"padding:16px;\"> <a href=\"https:\/\/www.instagram.com\/p\/DTar2M8iOMr\/?utm_source=ig_embed&amp;utm_campaign=loading\" style=\" background:#FFFFFF; line-height:0; padding:0 0; text-align:center; text-decoration:none; width:100%;\" target=\"_blank\"> <div style=\" display: flex; flex-direction: row; align-items: center;\"> <div style=\"background-color: #F4F4F4; border-radius: 50%; flex-grow: 0; height: 40px; margin-right: 14px; width: 40px;\"><\/div> <div style=\"display: flex; flex-direction: column; flex-grow: 1; justify-content: center;\"> <div style=\" background-color: #F4F4F4; border-radius: 4px; flex-grow: 0; height: 14px; margin-bottom: 6px; width: 100px;\"><\/div> <div style=\" background-color: #F4F4F4; border-radius: 4px; flex-grow: 0; height: 14px; width: 60px;\"><\/div><\/div><\/div><div style=\"padding: 19% 0;\"><\/div> <div style=\"display:block; height:50px; margin:0 auto 12px; width:50px;\"><svg width=\"50px\" height=\"50px\" viewBox=\"0 0 60 60\" version=\"1.1\" xmlns=\"https:\/\/www.w3.org\/2000\/svg\" xmlns:xlink=\"https:\/\/www.w3.org\/1999\/xlink\"><g stroke=\"none\" stroke-width=\"1\" fill=\"none\" fill-rule=\"evenodd\"><g transform=\"translate(-511.000000, -20.000000)\" fill=\"#000000\"><g><path d=\"M556.869,30.41 C554.814,30.41 553.148,32.076 553.148,34.131 C553.148,36.186 554.814,37.852 556.869,37.852 C558.924,37.852 560.59,36.186 560.59,34.131 C560.59,32.076 558.924,30.41 556.869,30.41 M541,60.657 C535.114,60.657 530.342,55.887 530.342,50 C530.342,44.114 535.114,39.342 541,39.342 C546.887,39.342 551.658,44.114 551.658,50 C551.658,55.887 546.887,60.657 541,60.657 M541,33.886 C532.1,33.886 524.886,41.1 524.886,50 C524.886,58.899 532.1,66.113 541,66.113 C549.9,66.113 557.115,58.899 557.115,50 C557.115,41.1 549.9,33.886 541,33.886 M565.378,62.101 C565.244,65.022 564.756,66.606 564.346,67.663 C563.803,69.06 563.154,70.057 562.106,71.106 C561.058,72.155 560.06,72.803 558.662,73.347 C557.607,73.757 556.021,74.244 553.102,74.378 C549.944,74.521 548.997,74.552 541,74.552 C533.003,74.552 532.056,74.521 528.898,74.378 C525.979,74.244 524.393,73.757 523.338,73.347 C521.94,72.803 520.942,72.155 519.894,71.106 C518.846,70.057 518.197,69.06 517.654,67.663 C517.244,66.606 516.755,65.022 516.623,62.101 C516.479,58.943 516.448,57.996 516.448,50 C516.448,42.003 516.479,41.056 516.623,37.899 C516.755,34.978 517.244,33.391 517.654,32.338 C518.197,30.938 518.846,29.942 519.894,28.894 C520.942,27.846 521.94,27.196 523.338,26.654 C524.393,26.244 525.979,25.756 528.898,25.623 C532.057,25.479 533.004,25.448 541,25.448 C548.997,25.448 549.943,25.479 553.102,25.623 C556.021,25.756 557.607,26.244 558.662,26.654 C560.06,27.196 561.058,27.846 562.106,28.894 C563.154,29.942 563.803,30.938 564.346,32.338 C564.756,33.391 565.244,34.978 565.378,37.899 C565.522,41.056 565.552,42.003 565.552,50 C565.552,57.996 565.522,58.943 565.378,62.101 M570.82,37.631 C570.674,34.438 570.167,32.258 569.425,30.349 C568.659,28.377 567.633,26.702 565.965,25.035 C564.297,23.368 562.623,22.342 560.652,21.575 C558.743,20.834 556.562,20.326 553.369,20.18 C550.169,20.033 549.148,20 541,20 C532.853,20 531.831,20.033 528.631,20.18 C525.438,20.326 523.257,20.834 521.349,21.575 C519.376,22.342 517.703,23.368 516.035,25.035 C514.368,26.702 513.342,28.377 512.574,30.349 C511.834,32.258 511.326,34.438 511.181,37.631 C511.035,40.831 511,41.851 511,50 C511,58.147 511.035,59.17 511.181,62.369 C511.326,65.562 511.834,67.743 512.574,69.651 C513.342,71.625 514.368,73.296 516.035,74.965 C517.703,76.634 519.376,77.658 521.349,78.425 C523.257,79.167 525.438,79.673 528.631,79.82 C531.831,79.965 532.853,80.001 541,80.001 C549.148,80.001 550.169,79.965 553.369,79.82 C556.562,79.673 558.743,79.167 560.652,78.425 C562.623,77.658 564.297,76.634 565.965,74.965 C567.633,73.296 568.659,71.625 569.425,69.651 C570.167,67.743 570.674,65.562 570.82,62.369 C570.966,59.17 571,58.147 571,50 C571,41.851 570.966,40.831 570.82,37.631\"><\/path><\/g><\/g><\/g><\/svg><\/div><div style=\"padding-top: 8px;\"> <div style=\" color:#3897f0; font-family:Arial,sans-serif; font-size:14px; font-style:normal; font-weight:550; line-height:18px;\">Zobrazit p\u0159\u00edsp\u011bvek na Instagramu<\/div><\/div><div style=\"padding: 12.5% 0;\"><\/div> <div style=\"display: flex; flex-direction: row; margin-bottom: 14px; align-items: center;\"><div> <div style=\"background-color: #F4F4F4; border-radius: 50%; height: 12.5px; width: 12.5px; transform: translateX(0px) translateY(7px);\"><\/div> <div style=\"background-color: #F4F4F4; height: 12.5px; transform: rotate(-45deg) translateX(3px) translateY(1px); width: 12.5px; flex-grow: 0; margin-right: 14px; margin-left: 2px;\"><\/div> <div style=\"background-color: #F4F4F4; border-radius: 50%; height: 12.5px; width: 12.5px; transform: translateX(9px) translateY(-18px);\"><\/div><\/div><div style=\"margin-left: 8px;\"> <div style=\" background-color: #F4F4F4; border-radius: 50%; flex-grow: 0; height: 20px; width: 20px;\"><\/div> <div style=\" width: 0; height: 0; border-top: 2px solid transparent; border-left: 6px solid #f4f4f4; border-bottom: 2px solid transparent; transform: translateX(16px) translateY(-4px) rotate(30deg)\"><\/div><\/div><div style=\"margin-left: auto;\"> <div style=\" width: 0px; border-top: 8px solid #F4F4F4; border-right: 8px solid transparent; transform: translateY(16px);\"><\/div> <div style=\" background-color: #F4F4F4; flex-grow: 0; height: 12px; width: 16px; transform: translateY(-4px);\"><\/div> <div style=\" width: 0; height: 0; border-top: 8px solid #F4F4F4; border-left: 8px solid transparent; transform: translateY(-4px) translateX(8px);\"><\/div><\/div><\/div> <div style=\"display: flex; flex-direction: column; flex-grow: 1; justify-content: center; margin-bottom: 24px;\"> <div style=\" background-color: #F4F4F4; border-radius: 4px; flex-grow: 0; height: 14px; margin-bottom: 6px; width: 224px;\"><\/div> <div style=\" background-color: #F4F4F4; border-radius: 4px; flex-grow: 0; height: 14px; width: 144px;\"><\/div><\/div><\/a><p style=\" color:#c9c8cd; font-family:Arial,sans-serif; font-size:14px; line-height:17px; margin-bottom:0; margin-top:8px; overflow:hidden; padding:8px 0 7px; text-align:center; text-overflow:ellipsis; white-space:nowrap;\"><a href=\"https:\/\/www.instagram.com\/p\/DTar2M8iOMr\/?utm_source=ig_embed&amp;utm_campaign=loading\" style=\" color:#c9c8cd; font-family:Arial,sans-serif; font-size:14px; font-style:normal; font-weight:normal; line-height:17px; text-decoration:none;\" target=\"_blank\">P\u0159\u00edsp\u011bvek sd\u00edlen\u00fd PAM RABBIT \ud83d\udc7d (@pam.rabbit)<\/a><\/p><\/div><\/blockquote>\n<script async src=\"\/\/www.instagram.com\/embed.js\"><\/script>\n\n\n\n<p>B\u011bhem kari\u00e9ry spolupracovala s \u0159adou dom\u00e1c\u00edch i zahrani\u010dn\u00edch producent\u016f a hudebn\u00edk\u016f, mimo jin\u00e9 s Kry\u0161tofem, Chinaski nebo producentem Ond\u0159ejem Soukupem. V posledn\u00edch letech je \u010d\u00edm d\u00e1l v\u00edc sly\u0161et jej\u00ed autorsk\u00fd rukopis a snaha poukazovat na t\u00e9mata \u017eensk\u00e9 identity, mate\u0159stv\u00ed i tlaku ve\u0159ejnosti. S man\u017eelem Martinem Chobotem m\u00e1 dv\u011b d\u011bti a otev\u0159en\u011b mluv\u00ed o kombinov\u00e1n\u00ed rodinn\u00e9ho \u017eivota s n\u00e1ro\u010dnou profes\u00ed.<\/p>\n\n\n\n<h2 class=\"wp-block-heading\">Pam Rabbit jako nov\u00e1 krev s jasn\u00fdm n\u00e1zorem<\/h2>\n\n\n\n<p>Pam Rabbit, vlastn\u00edm jm\u00e9nem Pamela Narimanian, je z\u00e1stupkyn\u00ed mlad\u0161\u00ed generace \u010desk\u00e9 alternativn\u00ed popov\u00e9 sc\u00e9ny. Narodila se v roce 1997 a pozornost na sebe strhla p\u0159edev\u0161\u00edm osobit\u00fdm vizu\u00e1ln\u00edm stylem, anglick\u00fdmi texty a v\u00fdraznou p\u00f3diovou prezentac\u00ed. Jej\u00ed hudba se pohybuje mezi popem, elektronikou a alternativou.<\/p>\n\n\n\n<p>Pam Rabbit se neboj\u00ed experimentovat a otev\u0159en\u011b mluv\u00ed o t\u00e9matech du\u0161evn\u00edho zdrav\u00ed, identity a vztah\u016f. Pr\u00e1v\u011b tato up\u0159\u00edmnost ji p\u0159ibl\u00ed\u017eila mlad\u00e9mu publiku, kter\u00e9 v n\u00ed vid\u00ed autentick\u00fd hlas sv\u00e9 generace. P\u0159esto\u017ee je na sc\u00e9n\u011b relativn\u011b kr\u00e1tce, u\u017e stihla vystoupit na v\u00fdznamn\u00fdch festivalech a z\u00edskat nominace na hudebn\u00ed ceny.<\/p>\n\n\n\n<p>Zdroj: Autorsk\u00fd text, <a href=\"https:\/\/cs.wikipedia.org\/wiki\/Ewa_Farna\" target=\"_blank\" rel=\"noreferrer noopener nofollow\">Wikipedie<\/a>, <a href=\"https:\/\/cs.wikipedia.org\/wiki\/Pam_Rabbit\" target=\"_blank\" rel=\"noreferrer noopener nofollow\">Wikipedie<\/a>, <a href=\"https:\/\/www.instagram.com\/p\/DTar2M8iOMr\/?hl=cs\" target=\"_blank\" rel=\"noreferrer noopener nofollow\">Instagram EwaFarna<\/a><\/p>\n\n\n            <a href=\"https:\/\/www.karaoketexty.cz\/magazin\/myslite-si-ze-znate-pisnicky-ewy-farne-tenhle-kviz-vas-proveri\/\" class=\"related-post-link\">\n                <div class=\"post-thumbnail\">\n                    <img decoding=\"async\" width=\"250\" height=\"154\" src=\"https:\/\/www.karaoketexty.cz\/magazin\/wp-content\/uploads\/2025\/11\/ewa-farna.jpg\" class=\"attachment-250x180 size-250x180 not-transparent\" alt=\"Fotografie Ewy Farn\u00e9\" srcset=\"https:\/\/www.karaoketexty.cz\/magazin\/wp-content\/uploads\/2025\/11\/ewa-farna.jpg 1200w, https:\/\/www.karaoketexty.cz\/magazin\/wp-content\/uploads\/2025\/11\/ewa-farna-300x185.jpg 300w, https:\/\/www.karaoketexty.cz\/magazin\/wp-content\/uploads\/2025\/11\/ewa-farna-1024x630.jpg 1024w, https:\/\/www.karaoketexty.cz\/magazin\/wp-content\/uploads\/2025\/11\/ewa-farna-768x472.jpg 768w\" sizes=\"(max-width: 250px) 100vw, 250px\" data-has-transparency=\"false\" data-dominant-color=\"4b2a2b\" style=\"--dominant-color: #4b2a2b;\" \/>                <\/div>\n                <div class=\"post-details\">\n                    <span class=\"also-read\">\u010ct\u011bte tak\u00e9:<\/span>\n                    <h3 class=\"hed\">Mysl\u00edte si, \u017ee zn\u00e1te p\u00edsni\u010dky Ewy Farne? Tenhle kv\u00edz v\u00e1s prov\u011b\u0159\u00ed<\/h3>\n                <\/div>\n            <\/a>\n            \n\n            <a href=\"https:\/\/www.karaoketexty.cz\/magazin\/pam-rabbit-miri-do-fora-karlin-nejvetsi-show-kariery-je-tady\/\" class=\"related-post-link\">\n                <div class=\"post-thumbnail\">\n                    <img decoding=\"async\" width=\"250\" height=\"144\" src=\"https:\/\/www.karaoketexty.cz\/magazin\/wp-content\/uploads\/2025\/12\/pam-rabbit.jpg\" class=\"attachment-250x180 size-250x180 not-transparent\" alt=\"Fotografie Pam Rabbit\" srcset=\"https:\/\/www.karaoketexty.cz\/magazin\/wp-content\/uploads\/2025\/12\/pam-rabbit.jpg 1200w, https:\/\/www.karaoketexty.cz\/magazin\/wp-content\/uploads\/2025\/12\/pam-rabbit-300x173.jpg 300w, https:\/\/www.karaoketexty.cz\/magazin\/wp-content\/uploads\/2025\/12\/pam-rabbit-1024x589.jpg 1024w, https:\/\/www.karaoketexty.cz\/magazin\/wp-content\/uploads\/2025\/12\/pam-rabbit-768x442.jpg 768w\" sizes=\"(max-width: 250px) 100vw, 250px\" data-has-transparency=\"false\" data-dominant-color=\"1f1916\" style=\"--dominant-color: #1f1916;\" \/>                <\/div>\n                <div class=\"post-details\">\n                    <span class=\"also-read\">\u010ct\u011bte tak\u00e9:<\/span>\n                    <h3 class=\"hed\">Pam Rabbit m\u00ed\u0159\u00ed do Fora Karl\u00edn: Nejv\u011bt\u0161\u00ed show kari\u00e9ry je tady<\/h3>\n                <\/div>\n            <\/a>\n            ","protected":false},"excerpt":{"rendered":"<p>Dva jin\u00e9 hudebn\u00ed sv\u011bty, ale stejn\u00e1 odvaha zkou\u0161et nov\u00e9 v\u011bci. Spojen\u00ed Ewy Farn\u00e9 a Pam Rabbit u lid\u00ed vyvolalo neb\u00fdval\u00e9 o\u010dek\u00e1v\u00e1n\u00ed.<\/p>\n","protected":false},"author":4,"featured_media":4704,"comment_status":"open","ping_status":"closed","sticky":false,"template":"","format":"standard","meta":{"_yoast_wpseo_title":"Ewa Farna a Pam Rabbit nazna\u010dily spolupr\u00e1ci","_yoast_wpseo_metadesc":"Dva jin\u00e9 hudebn\u00ed sv\u011bty, ale stejn\u00e1 odvaha zkou\u0161et nov\u00e9 v\u011bci. Spojen\u00ed Ewy Farne a Pam Rabbit u lid\u00ed vyvolalo neb\u00fdval\u00e9 o\u010dek\u00e1v\u00e1n\u00ed.","footnotes":""},"categories":[7],"tags":[4519,5697,4748,5886,135,429,424,412,5885,5482,406,539,5887,5552],"class_list":["post-6817","post","type-post","status-publish","format-standard","has-post-thumbnail","hentry","category-aktuality","tag-alternativni-pop","tag-autorska-tvorba","tag-ceska-hudebni-scena","tag-ceske-zpevacky","tag-ewa-farna","tag-hudebni-novinka","tag-hudebni-spoluprace","tag-novy-singl","tag-ocekavana-spoluprace","tag-pam-rabbit","tag-pop","tag-socialni-site","tag-spolecny-projekt","tag-zenske-hlasy"],"yoast_head":"<!-- This site is optimized with the Yoast SEO plugin v27.5 - https:\/\/yoast.com\/product\/yoast-seo-wordpress\/ -->\n<title>Ewa Farna a Pam Rabbit nazna\u010dily spolupr\u00e1ci<\/title>\n<meta name=\"description\" content=\"Dva jin\u00e9 hudebn\u00ed sv\u011bty, ale stejn\u00e1 odvaha zkou\u0161et nov\u00e9 v\u011bci. Spojen\u00ed Ewy Farne a Pam Rabbit u lid\u00ed vyvolalo neb\u00fdval\u00e9 o\u010dek\u00e1v\u00e1n\u00ed.\" \/>\n<meta name=\"robots\" content=\"index, follow, max-snippet:-1, max-image-preview:large, max-video-preview:-1\" \/>\n<link rel=\"canonical\" href=\"https:\/\/www.karaoketexty.cz\/magazin\/ewa-farna-a-pam-rabbit-oznamily-spolecnou-hudebni-novinku\/\" \/>\n<meta property=\"og:locale\" content=\"cs_CZ\" \/>\n<meta property=\"og:type\" content=\"article\" \/>\n<meta property=\"og:title\" content=\"Ewa Farna a Pam Rabbit nazna\u010dily spolupr\u00e1ci\" \/>\n<meta property=\"og:description\" content=\"Dva jin\u00e9 hudebn\u00ed sv\u011bty, ale stejn\u00e1 odvaha zkou\u0161et nov\u00e9 v\u011bci. Spojen\u00ed Ewy Farne a Pam Rabbit u lid\u00ed vyvolalo neb\u00fdval\u00e9 o\u010dek\u00e1v\u00e1n\u00ed.\" \/>\n<meta property=\"og:url\" content=\"https:\/\/www.karaoketexty.cz\/magazin\/ewa-farna-a-pam-rabbit-oznamily-spolecnou-hudebni-novinku\/\" \/>\n<meta property=\"og:site_name\" content=\"Stars Magaz\u00edn Karaoketexty.cz\" \/>\n<meta property=\"article:published_time\" content=\"2026-01-26T11:34:00+00:00\" \/>\n<meta property=\"og:image\" content=\"https:\/\/www.karaoketexty.cz\/magazin\/wp-content\/uploads\/2025\/11\/ewa-farna-1.jpg\" \/>\n\t<meta property=\"og:image:width\" content=\"1200\" \/>\n\t<meta property=\"og:image:height\" content=\"677\" \/>\n\t<meta property=\"og:image:type\" content=\"image\/jpeg\" \/>\n<meta name=\"author\" content=\"Barbora Kop\u0159ivov\u00e1\" \/>\n<meta name=\"twitter:card\" content=\"summary_large_image\" \/>\n<meta name=\"twitter:label1\" content=\"Napsal(a)\" \/>\n\t<meta name=\"twitter:data1\" content=\"Barbora Kop\u0159ivov\u00e1\" \/>\n\t<meta name=\"twitter:label2\" content=\"Odhadovan\u00e1 doba \u010dten\u00ed\" \/>\n\t<meta name=\"twitter:data2\" content=\"3 minuty\" \/>\n<script type=\"application\/ld+json\" class=\"yoast-schema-graph\">{\"@context\":\"https:\\\/\\\/schema.org\",\"@graph\":[{\"@type\":\"Article\",\"@id\":\"https:\\\/\\\/www.karaoketexty.cz\\\/magazin\\\/ewa-farna-a-pam-rabbit-oznamily-spolecnou-hudebni-novinku\\\/#article\",\"isPartOf\":{\"@id\":\"https:\\\/\\\/www.karaoketexty.cz\\\/magazin\\\/ewa-farna-a-pam-rabbit-oznamily-spolecnou-hudebni-novinku\\\/\"},\"author\":{\"name\":\"Barbora Kop\u0159ivov\u00e1\",\"@id\":\"https:\\\/\\\/www.karaoketexty.cz\\\/magazin\\\/#\\\/schema\\\/person\\\/37c0164a04038267c8a56ad6d60df749\"},\"headline\":\"Ewa Farna a Pam Rabbit ozn\u00e1mily spole\u010dnou hudebn\u00ed novinku\",\"datePublished\":\"2026-01-26T11:34:00+00:00\",\"mainEntityOfPage\":{\"@id\":\"https:\\\/\\\/www.karaoketexty.cz\\\/magazin\\\/ewa-farna-a-pam-rabbit-oznamily-spolecnou-hudebni-novinku\\\/\"},\"wordCount\":572,\"commentCount\":0,\"image\":{\"@id\":\"https:\\\/\\\/www.karaoketexty.cz\\\/magazin\\\/ewa-farna-a-pam-rabbit-oznamily-spolecnou-hudebni-novinku\\\/#primaryimage\"},\"thumbnailUrl\":\"https:\\\/\\\/www.karaoketexty.cz\\\/magazin\\\/wp-content\\\/uploads\\\/2025\\\/11\\\/ewa-farna-1.jpg\",\"keywords\":[\"alternativn\u00ed pop\",\"autorsk\u00e1 tvorba\",\"\u010desk\u00e1 hudebn\u00ed sc\u00e9na\",\"\u010desk\u00e9 zp\u011bva\u010dky\",\"Ewa Farna\",\"hudebn\u00ed novinka\",\"hudebn\u00ed spolupr\u00e1ce\",\"nov\u00fd singl\",\"o\u010dek\u00e1van\u00e1 spolupr\u00e1ce\",\"Pam Rabbit\",\"pop\",\"soci\u00e1ln\u00ed s\u00edt\u011b\",\"spole\u010dn\u00fd projekt\",\"\u017eensk\u00e9 hlasy\"],\"articleSection\":[\"Aktuality\"],\"inLanguage\":\"cs\",\"potentialAction\":[{\"@type\":\"CommentAction\",\"name\":\"Comment\",\"target\":[\"https:\\\/\\\/www.karaoketexty.cz\\\/magazin\\\/ewa-farna-a-pam-rabbit-oznamily-spolecnou-hudebni-novinku\\\/#respond\"]}]},{\"@type\":\"WebPage\",\"@id\":\"https:\\\/\\\/www.karaoketexty.cz\\\/magazin\\\/ewa-farna-a-pam-rabbit-oznamily-spolecnou-hudebni-novinku\\\/\",\"url\":\"https:\\\/\\\/www.karaoketexty.cz\\\/magazin\\\/ewa-farna-a-pam-rabbit-oznamily-spolecnou-hudebni-novinku\\\/\",\"name\":\"Ewa Farna a Pam Rabbit nazna\u010dily spolupr\u00e1ci\",\"isPartOf\":{\"@id\":\"https:\\\/\\\/www.karaoketexty.cz\\\/magazin\\\/#website\"},\"primaryImageOfPage\":{\"@id\":\"https:\\\/\\\/www.karaoketexty.cz\\\/magazin\\\/ewa-farna-a-pam-rabbit-oznamily-spolecnou-hudebni-novinku\\\/#primaryimage\"},\"image\":{\"@id\":\"https:\\\/\\\/www.karaoketexty.cz\\\/magazin\\\/ewa-farna-a-pam-rabbit-oznamily-spolecnou-hudebni-novinku\\\/#primaryimage\"},\"thumbnailUrl\":\"https:\\\/\\\/www.karaoketexty.cz\\\/magazin\\\/wp-content\\\/uploads\\\/2025\\\/11\\\/ewa-farna-1.jpg\",\"datePublished\":\"2026-01-26T11:34:00+00:00\",\"author\":{\"@id\":\"https:\\\/\\\/www.karaoketexty.cz\\\/magazin\\\/#\\\/schema\\\/person\\\/37c0164a04038267c8a56ad6d60df749\"},\"description\":\"Dva jin\u00e9 hudebn\u00ed sv\u011bty, ale stejn\u00e1 odvaha zkou\u0161et nov\u00e9 v\u011bci. Spojen\u00ed Ewy Farne a Pam Rabbit u lid\u00ed vyvolalo neb\u00fdval\u00e9 o\u010dek\u00e1v\u00e1n\u00ed.\",\"breadcrumb\":{\"@id\":\"https:\\\/\\\/www.karaoketexty.cz\\\/magazin\\\/ewa-farna-a-pam-rabbit-oznamily-spolecnou-hudebni-novinku\\\/#breadcrumb\"},\"inLanguage\":\"cs\",\"potentialAction\":[{\"@type\":\"ReadAction\",\"target\":[\"https:\\\/\\\/www.karaoketexty.cz\\\/magazin\\\/ewa-farna-a-pam-rabbit-oznamily-spolecnou-hudebni-novinku\\\/\"]}]},{\"@type\":\"ImageObject\",\"inLanguage\":\"cs\",\"@id\":\"https:\\\/\\\/www.karaoketexty.cz\\\/magazin\\\/ewa-farna-a-pam-rabbit-oznamily-spolecnou-hudebni-novinku\\\/#primaryimage\",\"url\":\"https:\\\/\\\/www.karaoketexty.cz\\\/magazin\\\/wp-content\\\/uploads\\\/2025\\\/11\\\/ewa-farna-1.jpg\",\"contentUrl\":\"https:\\\/\\\/www.karaoketexty.cz\\\/magazin\\\/wp-content\\\/uploads\\\/2025\\\/11\\\/ewa-farna-1.jpg\",\"width\":1200,\"height\":677,\"caption\":\"Foto: NextFoto, Ewa Farn\u00e1 na p\u0159ed\u00e1v\u00e1n\u00ed hudebn\u00edch cen \u010cesk\u00fd slav\u00edk\"},{\"@type\":\"BreadcrumbList\",\"@id\":\"https:\\\/\\\/www.karaoketexty.cz\\\/magazin\\\/ewa-farna-a-pam-rabbit-oznamily-spolecnou-hudebni-novinku\\\/#breadcrumb\",\"itemListElement\":[{\"@type\":\"ListItem\",\"position\":1,\"name\":\"Dom\u016f\",\"item\":\"https:\\\/\\\/www.karaoketexty.cz\\\/magazin\\\/\"},{\"@type\":\"ListItem\",\"position\":2,\"name\":\"Ewa Farna a Pam Rabbit ozn\u00e1mily spole\u010dnou hudebn\u00ed novinku\"}]},{\"@type\":\"WebSite\",\"@id\":\"https:\\\/\\\/www.karaoketexty.cz\\\/magazin\\\/#website\",\"url\":\"https:\\\/\\\/www.karaoketexty.cz\\\/magazin\\\/\",\"name\":\"Stars Magaz\u00edn Karaoketexty.cz\",\"description\":\"Stars Magaz\u00edn na Karaoketexty.cz je zam\u011b\u0159en\u00fd na novinky ze sv\u011bta hudby a celebrit. Obsahuje \u010dl\u00e1nky o zp\u011bv\u00e1c\u00edch, kapel\u00e1ch, nov\u00fdch albech, hudebn\u00edch trendech a dal\u0161\u00edch zaj\u00edmavostech z hudebn\u00edho pr\u016fmyslu.\",\"potentialAction\":[{\"@type\":\"SearchAction\",\"target\":{\"@type\":\"EntryPoint\",\"urlTemplate\":\"https:\\\/\\\/www.karaoketexty.cz\\\/magazin\\\/?s={search_term_string}\"},\"query-input\":{\"@type\":\"PropertyValueSpecification\",\"valueRequired\":true,\"valueName\":\"search_term_string\"}}],\"inLanguage\":\"cs\"},{\"@type\":\"Person\",\"@id\":\"https:\\\/\\\/www.karaoketexty.cz\\\/magazin\\\/#\\\/schema\\\/person\\\/37c0164a04038267c8a56ad6d60df749\",\"name\":\"Barbora Kop\u0159ivov\u00e1\",\"image\":{\"@type\":\"ImageObject\",\"inLanguage\":\"cs\",\"@id\":\"https:\\\/\\\/secure.gravatar.com\\\/avatar\\\/ad2ef9810228386d580851ef4bdde76abaa96054ff5b068c8873bc91afb2df84?s=96&d=mm&r=g\",\"url\":\"https:\\\/\\\/secure.gravatar.com\\\/avatar\\\/ad2ef9810228386d580851ef4bdde76abaa96054ff5b068c8873bc91afb2df84?s=96&d=mm&r=g\",\"contentUrl\":\"https:\\\/\\\/secure.gravatar.com\\\/avatar\\\/ad2ef9810228386d580851ef4bdde76abaa96054ff5b068c8873bc91afb2df84?s=96&d=mm&r=g\",\"caption\":\"Barbora Kop\u0159ivov\u00e1\"},\"url\":\"https:\\\/\\\/www.karaoketexty.cz\\\/magazin\\\/author\\\/barborakoprivova\\\/\"}]}<\/script>\n<!-- \/ Yoast SEO plugin. -->","yoast_head_json":{"title":"Ewa Farna a Pam Rabbit nazna\u010dily spolupr\u00e1ci","description":"Dva jin\u00e9 hudebn\u00ed sv\u011bty, ale stejn\u00e1 odvaha zkou\u0161et nov\u00e9 v\u011bci. Spojen\u00ed Ewy Farne a Pam Rabbit u lid\u00ed vyvolalo neb\u00fdval\u00e9 o\u010dek\u00e1v\u00e1n\u00ed.","robots":{"index":"index","follow":"follow","max-snippet":"max-snippet:-1","max-image-preview":"max-image-preview:large","max-video-preview":"max-video-preview:-1"},"canonical":"https:\/\/www.karaoketexty.cz\/magazin\/ewa-farna-a-pam-rabbit-oznamily-spolecnou-hudebni-novinku\/","og_locale":"cs_CZ","og_type":"article","og_title":"Ewa Farna a Pam Rabbit nazna\u010dily spolupr\u00e1ci","og_description":"Dva jin\u00e9 hudebn\u00ed sv\u011bty, ale stejn\u00e1 odvaha zkou\u0161et nov\u00e9 v\u011bci. Spojen\u00ed Ewy Farne a Pam Rabbit u lid\u00ed vyvolalo neb\u00fdval\u00e9 o\u010dek\u00e1v\u00e1n\u00ed.","og_url":"https:\/\/www.karaoketexty.cz\/magazin\/ewa-farna-a-pam-rabbit-oznamily-spolecnou-hudebni-novinku\/","og_site_name":"Stars Magaz\u00edn Karaoketexty.cz","article_published_time":"2026-01-26T11:34:00+00:00","og_image":[{"width":1200,"height":677,"url":"https:\/\/www.karaoketexty.cz\/magazin\/wp-content\/uploads\/2025\/11\/ewa-farna-1.jpg","type":"image\/jpeg"}],"author":"Barbora Kop\u0159ivov\u00e1","twitter_card":"summary_large_image","twitter_misc":{"Napsal(a)":"Barbora Kop\u0159ivov\u00e1","Odhadovan\u00e1 doba \u010dten\u00ed":"3 minuty"},"schema":{"@context":"https:\/\/schema.org","@graph":[{"@type":"Article","@id":"https:\/\/www.karaoketexty.cz\/magazin\/ewa-farna-a-pam-rabbit-oznamily-spolecnou-hudebni-novinku\/#article","isPartOf":{"@id":"https:\/\/www.karaoketexty.cz\/magazin\/ewa-farna-a-pam-rabbit-oznamily-spolecnou-hudebni-novinku\/"},"author":{"name":"Barbora Kop\u0159ivov\u00e1","@id":"https:\/\/www.karaoketexty.cz\/magazin\/#\/schema\/person\/37c0164a04038267c8a56ad6d60df749"},"headline":"Ewa Farna a Pam Rabbit ozn\u00e1mily spole\u010dnou hudebn\u00ed novinku","datePublished":"2026-01-26T11:34:00+00:00","mainEntityOfPage":{"@id":"https:\/\/www.karaoketexty.cz\/magazin\/ewa-farna-a-pam-rabbit-oznamily-spolecnou-hudebni-novinku\/"},"wordCount":572,"commentCount":0,"image":{"@id":"https:\/\/www.karaoketexty.cz\/magazin\/ewa-farna-a-pam-rabbit-oznamily-spolecnou-hudebni-novinku\/#primaryimage"},"thumbnailUrl":"https:\/\/www.karaoketexty.cz\/magazin\/wp-content\/uploads\/2025\/11\/ewa-farna-1.jpg","keywords":["alternativn\u00ed pop","autorsk\u00e1 tvorba","\u010desk\u00e1 hudebn\u00ed sc\u00e9na","\u010desk\u00e9 zp\u011bva\u010dky","Ewa Farna","hudebn\u00ed novinka","hudebn\u00ed spolupr\u00e1ce","nov\u00fd singl","o\u010dek\u00e1van\u00e1 spolupr\u00e1ce","Pam Rabbit","pop","soci\u00e1ln\u00ed s\u00edt\u011b","spole\u010dn\u00fd projekt","\u017eensk\u00e9 hlasy"],"articleSection":["Aktuality"],"inLanguage":"cs","potentialAction":[{"@type":"CommentAction","name":"Comment","target":["https:\/\/www.karaoketexty.cz\/magazin\/ewa-farna-a-pam-rabbit-oznamily-spolecnou-hudebni-novinku\/#respond"]}]},{"@type":"WebPage","@id":"https:\/\/www.karaoketexty.cz\/magazin\/ewa-farna-a-pam-rabbit-oznamily-spolecnou-hudebni-novinku\/","url":"https:\/\/www.karaoketexty.cz\/magazin\/ewa-farna-a-pam-rabbit-oznamily-spolecnou-hudebni-novinku\/","name":"Ewa Farna a Pam Rabbit nazna\u010dily spolupr\u00e1ci","isPartOf":{"@id":"https:\/\/www.karaoketexty.cz\/magazin\/#website"},"primaryImageOfPage":{"@id":"https:\/\/www.karaoketexty.cz\/magazin\/ewa-farna-a-pam-rabbit-oznamily-spolecnou-hudebni-novinku\/#primaryimage"},"image":{"@id":"https:\/\/www.karaoketexty.cz\/magazin\/ewa-farna-a-pam-rabbit-oznamily-spolecnou-hudebni-novinku\/#primaryimage"},"thumbnailUrl":"https:\/\/www.karaoketexty.cz\/magazin\/wp-content\/uploads\/2025\/11\/ewa-farna-1.jpg","datePublished":"2026-01-26T11:34:00+00:00","author":{"@id":"https:\/\/www.karaoketexty.cz\/magazin\/#\/schema\/person\/37c0164a04038267c8a56ad6d60df749"},"description":"Dva jin\u00e9 hudebn\u00ed sv\u011bty, ale stejn\u00e1 odvaha zkou\u0161et nov\u00e9 v\u011bci. Spojen\u00ed Ewy Farne a Pam Rabbit u lid\u00ed vyvolalo neb\u00fdval\u00e9 o\u010dek\u00e1v\u00e1n\u00ed.","breadcrumb":{"@id":"https:\/\/www.karaoketexty.cz\/magazin\/ewa-farna-a-pam-rabbit-oznamily-spolecnou-hudebni-novinku\/#breadcrumb"},"inLanguage":"cs","potentialAction":[{"@type":"ReadAction","target":["https:\/\/www.karaoketexty.cz\/magazin\/ewa-farna-a-pam-rabbit-oznamily-spolecnou-hudebni-novinku\/"]}]},{"@type":"ImageObject","inLanguage":"cs","@id":"https:\/\/www.karaoketexty.cz\/magazin\/ewa-farna-a-pam-rabbit-oznamily-spolecnou-hudebni-novinku\/#primaryimage","url":"https:\/\/www.karaoketexty.cz\/magazin\/wp-content\/uploads\/2025\/11\/ewa-farna-1.jpg","contentUrl":"https:\/\/www.karaoketexty.cz\/magazin\/wp-content\/uploads\/2025\/11\/ewa-farna-1.jpg","width":1200,"height":677,"caption":"Foto: NextFoto, Ewa Farn\u00e1 na p\u0159ed\u00e1v\u00e1n\u00ed hudebn\u00edch cen \u010cesk\u00fd slav\u00edk"},{"@type":"BreadcrumbList","@id":"https:\/\/www.karaoketexty.cz\/magazin\/ewa-farna-a-pam-rabbit-oznamily-spolecnou-hudebni-novinku\/#breadcrumb","itemListElement":[{"@type":"ListItem","position":1,"name":"Dom\u016f","item":"https:\/\/www.karaoketexty.cz\/magazin\/"},{"@type":"ListItem","position":2,"name":"Ewa Farna a Pam Rabbit ozn\u00e1mily spole\u010dnou hudebn\u00ed novinku"}]},{"@type":"WebSite","@id":"https:\/\/www.karaoketexty.cz\/magazin\/#website","url":"https:\/\/www.karaoketexty.cz\/magazin\/","name":"Stars Magaz\u00edn Karaoketexty.cz","description":"Stars Magaz\u00edn na Karaoketexty.cz je zam\u011b\u0159en\u00fd na novinky ze sv\u011bta hudby a celebrit. Obsahuje \u010dl\u00e1nky o zp\u011bv\u00e1c\u00edch, kapel\u00e1ch, nov\u00fdch albech, hudebn\u00edch trendech a dal\u0161\u00edch zaj\u00edmavostech z hudebn\u00edho pr\u016fmyslu.","potentialAction":[{"@type":"SearchAction","target":{"@type":"EntryPoint","urlTemplate":"https:\/\/www.karaoketexty.cz\/magazin\/?s={search_term_string}"},"query-input":{"@type":"PropertyValueSpecification","valueRequired":true,"valueName":"search_term_string"}}],"inLanguage":"cs"},{"@type":"Person","@id":"https:\/\/www.karaoketexty.cz\/magazin\/#\/schema\/person\/37c0164a04038267c8a56ad6d60df749","name":"Barbora Kop\u0159ivov\u00e1","image":{"@type":"ImageObject","inLanguage":"cs","@id":"https:\/\/secure.gravatar.com\/avatar\/ad2ef9810228386d580851ef4bdde76abaa96054ff5b068c8873bc91afb2df84?s=96&d=mm&r=g","url":"https:\/\/secure.gravatar.com\/avatar\/ad2ef9810228386d580851ef4bdde76abaa96054ff5b068c8873bc91afb2df84?s=96&d=mm&r=g","contentUrl":"https:\/\/secure.gravatar.com\/avatar\/ad2ef9810228386d580851ef4bdde76abaa96054ff5b068c8873bc91afb2df84?s=96&d=mm&r=g","caption":"Barbora Kop\u0159ivov\u00e1"},"url":"https:\/\/www.karaoketexty.cz\/magazin\/author\/barborakoprivova\/"}]}},"_links":{"self":[{"href":"https:\/\/www.karaoketexty.cz\/magazin\/wp-json\/wp\/v2\/posts\/6817","targetHints":{"allow":["GET"]}}],"collection":[{"href":"https:\/\/www.karaoketexty.cz\/magazin\/wp-json\/wp\/v2\/posts"}],"about":[{"href":"https:\/\/www.karaoketexty.cz\/magazin\/wp-json\/wp\/v2\/types\/post"}],"author":[{"embeddable":true,"href":"https:\/\/www.karaoketexty.cz\/magazin\/wp-json\/wp\/v2\/users\/4"}],"replies":[{"embeddable":true,"href":"https:\/\/www.karaoketexty.cz\/magazin\/wp-json\/wp\/v2\/comments?post=6817"}],"version-history":[{"count":5,"href":"https:\/\/www.karaoketexty.cz\/magazin\/wp-json\/wp\/v2\/posts\/6817\/revisions"}],"predecessor-version":[{"id":7090,"href":"https:\/\/www.karaoketexty.cz\/magazin\/wp-json\/wp\/v2\/posts\/6817\/revisions\/7090"}],"wp:featuredmedia":[{"embeddable":true,"href":"https:\/\/www.karaoketexty.cz\/magazin\/wp-json\/wp\/v2\/media\/4704"}],"wp:attachment":[{"href":"https:\/\/www.karaoketexty.cz\/magazin\/wp-json\/wp\/v2\/media?parent=6817"}],"wp:term":[{"taxonomy":"category","embeddable":true,"href":"https:\/\/www.karaoketexty.cz\/magazin\/wp-json\/wp\/v2\/categories?post=6817"},{"taxonomy":"post_tag","embeddable":true,"href":"https:\/\/www.karaoketexty.cz\/magazin\/wp-json\/wp\/v2\/tags?post=6817"}],"curies":[{"name":"wp","href":"https:\/\/api.w.org\/{rel}","templated":true}]}}