{"id":6806,"date":"2026-01-24T07:38:00","date_gmt":"2026-01-24T06:38:00","guid":{"rendered":"https:\/\/www.karaoketexty.cz\/magazin\/?p=6806"},"modified":"2026-01-20T12:52:01","modified_gmt":"2026-01-20T11:52:01","slug":"jiri-korn-ukazal-ze-vek-je-jen-cislo-v-76-letech-brazdi-sjezdovky-na-snowboardu","status":"publish","type":"post","link":"https:\/\/www.karaoketexty.cz\/magazin\/jiri-korn-ukazal-ze-vek-je-jen-cislo-v-76-letech-brazdi-sjezdovky-na-snowboardu\/","title":{"rendered":"Ji\u0159\u00ed Korn uk\u00e1zal, \u017ee v\u011bk je jen \u010d\u00edslo: V 76 letech br\u00e1zd\u00ed sjezdovky na snowboardu"},"content":{"rendered":"\n<p><strong>Zat\u00edmco jeho vrstevn\u00edci v\u011bt\u0161inou \u0159e\u0161\u00ed bolav\u00e1 kolena a sed\u00ed u televize, Ji\u0159\u00ed Korn se bez zav\u00e1h\u00e1n\u00ed vrh\u00e1 na snowboardu ze svahu dol\u016f.<\/strong><\/p>\n\n\n\n<p>Video aktivn\u00edho hudebn\u00edka, kter\u00e9 se posledn\u00ed dny za\u010dalo \u0161\u00ed\u0159it po soci\u00e1ln\u00edch s\u00edt\u00edch, vyvol\u00e1v\u00e1 na tv\u00e1\u0159\u00edch up\u0159\u00edmn\u00fd obdiv i \u00fasm\u011bv, jak redakci Karaoketexty.cz neuniklo. Ji\u0159\u00ed Korn, legenda \u010desk\u00e9 popul\u00e1rn\u00ed hudby, se na n\u011bm ve sv\u00fdch 76 letech \u0159\u00edt\u00ed po sjezdovce na snowboardu a s \u00fasm\u011bvem d\u00e1v\u00e1 jasn\u011b najevo, \u017ee n\u011bjak\u00e9 \u0159e\u010di o \u201ed\u016fstojn\u00e9m st\u00e1rnut\u00ed\u201c maj\u00ed dost relativn\u00ed v\u00fdznam. On s\u00e1m odm\u00edt\u00e1 \u017e\u00edt podle ciz\u00edch o\u010dek\u00e1v\u00e1n\u00ed a u\u017e\u00edv\u00e1 si naplno toho, co mu \u017eivot nab\u00edz\u00ed.<\/p>\n\n\n<!-- karaoketexty.cz \/ rectangle2 -->\n<div id=\"PX_37086_709110796310826\"><\/div>\n<script>\n   if(!useMobileAds && !boolUseSeznamAds && !hideAllAds){\n     window.px2 = window.px2 || { conf: {},queue: [] };\n     px2.queue.push(function () {\n        px2.render({\n           slot: {\n              id: 37086\n           },\n            elem: \"PX_37086_709110796310826\"\n        })\n     });\n  }\n<\/script>\n\n<!-- karaoketexty.cz \/ mobile-rectangle3 -->\n<div id=\"PX_37044_714599773297004\"><\/div>\n<script>\n   if(useMobileAds && !boolUseSeznamAds && !hideAllAds){\nwindow.px2 = window.px2 || { conf: {},queue: [] };\npx2.queue.push(function () {\n\tpx2.render({\n\t\tslot: {\n\t\t\tid: 37044\n\t\t},\n\t\telem: \"PX_37044_714599773297004\"\n\t})\n});\n}\n<\/script>\n\n\n<h2 class=\"wp-block-heading\">Jeho energie pop\u00edr\u00e1 stereotypy<\/h2>\n\n\n\n<p>Na z\u00e1b\u011brech je vid\u011bt Korn v elegantn\u00ed, p\u0159ev\u00e1\u017en\u011b \u010dern\u00e9 zimn\u00ed v\u00fdbav\u011b, jak si s jistotou raz\u00ed cestu dol\u016f svahem. K videu p\u0159ipojil jednoduch\u00fd koment\u00e1\u0159: <em>\u201eKr\u00e1sn\u00e1 zima a perfektn\u00ed podm\u00ednky. U\u017e chyb\u00ed jen to slunce nad hlavou!\u201c<\/em> Atmosf\u00e9ru nav\u00edc dokresluje jeho vlastn\u00ed verze legend\u00e1rn\u00edho hitu I Feel Good, kter\u00e1 jako dopln\u011bk p\u016fsob\u00ed velmi dob\u0159e. Zp\u011bv\u00e1k evidentn\u011b p\u0159esn\u011b v\u00ed, pro\u010d si tuto p\u00edse\u0148 zvolil. Nejen\u017ee zn\u00ed optimisticky, ale p\u0159esn\u011b vystihuje jeho aktu\u00e1ln\u00ed n\u00e1ladu, jak vidno.<\/p>\n\n\n\n<p>Reakce fanou\u0161k\u016f na sebe nenechaly dlouho \u010dekat. Koment\u00e1\u0159e pln\u00e9 obdivu a respektu ukazuj\u00ed, \u017ee Kornovo vystoupen\u00ed na snowboardu nen\u00ed jen kuriozitou, ale i inspirac\u00ed pro ty star\u0161\u00ed, \u017ee pokud je to mo\u017en\u00e9, ani pokro\u010dil\u00fd v\u011bk nen\u00ed omezen\u00edm. Lid\u00e9 pat\u0159i\u010dn\u011b ocenili jeho fyzickou kondici, chu\u0165 zkou\u0161et nov\u00e9 v\u011bci a jeho radost z pohybu bez ohledu na v\u011bk. V dne\u0161n\u00ed dob\u011b, kdy se st\u00e1\u0159\u00ed \u010dasto automaticky spojuje s \u00fastupem z aktivn\u00edho \u017eivota, je takov\u00fd p\u0159\u00edstup skv\u011bl\u00fdm osv\u011b\u017een\u00edm.<\/p>\n\n\n<!-- karaoketexty.cz \/ interscroller1 -->\n\n<div id=\"PX_37041_825057871452834\"><\/div>\n<script>\nif(useMobileAds && !boolUseSeznamAds && !hideAllAds){\n\twindow.px2 = window.px2 || { conf: {},queue: [] };\n\tpx2.queue.push(function () {\n\t\tpx2.render({\n\t\t\tslot: {\n\t\t\t\tid: 37041\n\t\t\t},\n\t\t\telem: \"PX_37041_825057871452834\"\n\t\t})\n\t});\n}\n<\/script>\n\n\n<p>A nen\u00ed to v\u0161echno. Korn nikdy nez\u016fstal jen tak st\u00e1t na m\u00edst\u011b. I v pokro\u010dilej\u0161\u00edm v\u011bku st\u00e1le pravideln\u011b koncertuje, objevuje se v televizn\u00edch projektech a neztr\u00e1c\u00ed kontakt s mlad\u0161\u00edm publikem. Kup\u0159\u00edkladu v \u0159\u00edjnu leto\u0161n\u00edho roku (2026) chyst\u00e1 hned trojici koncert\u016f v Kongresov\u00e9m centru Praha s n\u00e1zvem Korncept, co\u017e bude jist\u011b skv\u011bl\u00e1 pod\u00edvan\u00e1. Zaj\u00edmav\u00e9 je, \u017ee se nikdy netajil t\u00edm, \u017ee si svou kondici hl\u00edd\u00e1. Ani ne tak kv\u016fli pr\u00e1ci, ale hlavn\u011b kv\u016fli sob\u011b sam\u00e9mu.<\/p>\n\n\n\n<blockquote class=\"instagram-media\" data-instgrm-captioned data-instgrm-permalink=\"https:\/\/www.instagram.com\/reel\/DTNyAKQDfSz\/?utm_source=ig_embed&amp;utm_campaign=loading\" data-instgrm-version=\"14\" style=\" background:#FFF; border:0; border-radius:3px; box-shadow:0 0 1px 0 rgba(0,0,0,0.5),0 1px 10px 0 rgba(0,0,0,0.15); margin: 1px; max-width:540px; min-width:326px; padding:0; width:99.375%; width:-webkit-calc(100% - 2px); width:calc(100% - 2px);\"><div style=\"padding:16px;\"> <a href=\"https:\/\/www.instagram.com\/reel\/DTNyAKQDfSz\/?utm_source=ig_embed&amp;utm_campaign=loading\" style=\" background:#FFFFFF; line-height:0; padding:0 0; text-align:center; text-decoration:none; width:100%;\" target=\"_blank\"> <div style=\" display: flex; flex-direction: row; align-items: center;\"> <div style=\"background-color: #F4F4F4; border-radius: 50%; flex-grow: 0; height: 40px; margin-right: 14px; width: 40px;\"><\/div> <div style=\"display: flex; flex-direction: column; flex-grow: 1; justify-content: center;\"> <div style=\" background-color: #F4F4F4; border-radius: 4px; flex-grow: 0; height: 14px; margin-bottom: 6px; width: 100px;\"><\/div> <div style=\" background-color: #F4F4F4; border-radius: 4px; flex-grow: 0; height: 14px; width: 60px;\"><\/div><\/div><\/div><div style=\"padding: 19% 0;\"><\/div> <div style=\"display:block; height:50px; margin:0 auto 12px; width:50px;\"><svg width=\"50px\" height=\"50px\" viewBox=\"0 0 60 60\" version=\"1.1\" xmlns=\"https:\/\/www.w3.org\/2000\/svg\" xmlns:xlink=\"https:\/\/www.w3.org\/1999\/xlink\"><g stroke=\"none\" stroke-width=\"1\" fill=\"none\" fill-rule=\"evenodd\"><g transform=\"translate(-511.000000, -20.000000)\" fill=\"#000000\"><g><path d=\"M556.869,30.41 C554.814,30.41 553.148,32.076 553.148,34.131 C553.148,36.186 554.814,37.852 556.869,37.852 C558.924,37.852 560.59,36.186 560.59,34.131 C560.59,32.076 558.924,30.41 556.869,30.41 M541,60.657 C535.114,60.657 530.342,55.887 530.342,50 C530.342,44.114 535.114,39.342 541,39.342 C546.887,39.342 551.658,44.114 551.658,50 C551.658,55.887 546.887,60.657 541,60.657 M541,33.886 C532.1,33.886 524.886,41.1 524.886,50 C524.886,58.899 532.1,66.113 541,66.113 C549.9,66.113 557.115,58.899 557.115,50 C557.115,41.1 549.9,33.886 541,33.886 M565.378,62.101 C565.244,65.022 564.756,66.606 564.346,67.663 C563.803,69.06 563.154,70.057 562.106,71.106 C561.058,72.155 560.06,72.803 558.662,73.347 C557.607,73.757 556.021,74.244 553.102,74.378 C549.944,74.521 548.997,74.552 541,74.552 C533.003,74.552 532.056,74.521 528.898,74.378 C525.979,74.244 524.393,73.757 523.338,73.347 C521.94,72.803 520.942,72.155 519.894,71.106 C518.846,70.057 518.197,69.06 517.654,67.663 C517.244,66.606 516.755,65.022 516.623,62.101 C516.479,58.943 516.448,57.996 516.448,50 C516.448,42.003 516.479,41.056 516.623,37.899 C516.755,34.978 517.244,33.391 517.654,32.338 C518.197,30.938 518.846,29.942 519.894,28.894 C520.942,27.846 521.94,27.196 523.338,26.654 C524.393,26.244 525.979,25.756 528.898,25.623 C532.057,25.479 533.004,25.448 541,25.448 C548.997,25.448 549.943,25.479 553.102,25.623 C556.021,25.756 557.607,26.244 558.662,26.654 C560.06,27.196 561.058,27.846 562.106,28.894 C563.154,29.942 563.803,30.938 564.346,32.338 C564.756,33.391 565.244,34.978 565.378,37.899 C565.522,41.056 565.552,42.003 565.552,50 C565.552,57.996 565.522,58.943 565.378,62.101 M570.82,37.631 C570.674,34.438 570.167,32.258 569.425,30.349 C568.659,28.377 567.633,26.702 565.965,25.035 C564.297,23.368 562.623,22.342 560.652,21.575 C558.743,20.834 556.562,20.326 553.369,20.18 C550.169,20.033 549.148,20 541,20 C532.853,20 531.831,20.033 528.631,20.18 C525.438,20.326 523.257,20.834 521.349,21.575 C519.376,22.342 517.703,23.368 516.035,25.035 C514.368,26.702 513.342,28.377 512.574,30.349 C511.834,32.258 511.326,34.438 511.181,37.631 C511.035,40.831 511,41.851 511,50 C511,58.147 511.035,59.17 511.181,62.369 C511.326,65.562 511.834,67.743 512.574,69.651 C513.342,71.625 514.368,73.296 516.035,74.965 C517.703,76.634 519.376,77.658 521.349,78.425 C523.257,79.167 525.438,79.673 528.631,79.82 C531.831,79.965 532.853,80.001 541,80.001 C549.148,80.001 550.169,79.965 553.369,79.82 C556.562,79.673 558.743,79.167 560.652,78.425 C562.623,77.658 564.297,76.634 565.965,74.965 C567.633,73.296 568.659,71.625 569.425,69.651 C570.167,67.743 570.674,65.562 570.82,62.369 C570.966,59.17 571,58.147 571,50 C571,41.851 570.966,40.831 570.82,37.631\"><\/path><\/g><\/g><\/g><\/svg><\/div><div style=\"padding-top: 8px;\"> <div style=\" color:#3897f0; font-family:Arial,sans-serif; font-size:14px; font-style:normal; font-weight:550; line-height:18px;\">Zobrazit p\u0159\u00edsp\u011bvek na Instagramu<\/div><\/div><div style=\"padding: 12.5% 0;\"><\/div> <div style=\"display: flex; flex-direction: row; margin-bottom: 14px; align-items: center;\"><div> <div style=\"background-color: #F4F4F4; border-radius: 50%; height: 12.5px; width: 12.5px; transform: translateX(0px) translateY(7px);\"><\/div> <div style=\"background-color: #F4F4F4; height: 12.5px; transform: rotate(-45deg) translateX(3px) translateY(1px); width: 12.5px; flex-grow: 0; margin-right: 14px; margin-left: 2px;\"><\/div> <div style=\"background-color: #F4F4F4; border-radius: 50%; height: 12.5px; width: 12.5px; transform: translateX(9px) translateY(-18px);\"><\/div><\/div><div style=\"margin-left: 8px;\"> <div style=\" background-color: #F4F4F4; border-radius: 50%; flex-grow: 0; height: 20px; width: 20px;\"><\/div> <div style=\" width: 0; height: 0; border-top: 2px solid transparent; border-left: 6px solid #f4f4f4; border-bottom: 2px solid transparent; transform: translateX(16px) translateY(-4px) rotate(30deg)\"><\/div><\/div><div style=\"margin-left: auto;\"> <div style=\" width: 0px; border-top: 8px solid #F4F4F4; border-right: 8px solid transparent; transform: translateY(16px);\"><\/div> <div style=\" background-color: #F4F4F4; flex-grow: 0; height: 12px; width: 16px; transform: translateY(-4px);\"><\/div> <div style=\" width: 0; height: 0; border-top: 8px solid #F4F4F4; border-left: 8px solid transparent; transform: translateY(-4px) translateX(8px);\"><\/div><\/div><\/div> <div style=\"display: flex; flex-direction: column; flex-grow: 1; justify-content: center; margin-bottom: 24px;\"> <div style=\" background-color: #F4F4F4; border-radius: 4px; flex-grow: 0; height: 14px; margin-bottom: 6px; width: 224px;\"><\/div> <div style=\" background-color: #F4F4F4; border-radius: 4px; flex-grow: 0; height: 14px; width: 144px;\"><\/div><\/div><\/a><p style=\" color:#c9c8cd; font-family:Arial,sans-serif; font-size:14px; line-height:17px; margin-bottom:0; margin-top:8px; overflow:hidden; padding:8px 0 7px; text-align:center; text-overflow:ellipsis; white-space:nowrap;\"><a href=\"https:\/\/www.instagram.com\/reel\/DTNyAKQDfSz\/?utm_source=ig_embed&amp;utm_campaign=loading\" style=\" color:#c9c8cd; font-family:Arial,sans-serif; font-size:14px; font-style:normal; font-weight:normal; line-height:17px; text-decoration:none;\" target=\"_blank\">P\u0159\u00edsp\u011bvek sd\u00edlen\u00fd Ji\u0159\u00ed Korn (@jirikorn_official)<\/a><\/p><\/div><\/blockquote>\n<script async src=\"\/\/www.instagram.com\/embed.js\"><\/script>\n\n\n\n<h2 class=\"wp-block-heading\">Vitalita senior\u016f aneb pro\u010d n\u011bkdo st\u00e1rne pomalu?<\/h2>\n\n\n\n<p>Aktivita Ji\u0159\u00edho Korna je zaj\u00edmav\u00fdm n\u00e1m\u011btem na ot\u00e1zky vitality senior\u016f. Odborn\u00edci se shoduj\u00ed, \u017ee kl\u00ed\u010dovou roli hraje kombinace pravideln\u00e9ho pohybu, psychick\u00e9 pohody, soci\u00e1ln\u00edch vazeb a smyslupln\u00e9 \u010dinnosti. Pohyb, a\u0165 u\u017e jde o ch\u016fzi, plav\u00e1n\u00ed, nebo v Kornov\u011b p\u0159\u00edpad\u011b snowboard, pom\u00e1h\u00e1 udr\u017eovat svalovou hmotu, rovnov\u00e1hu i kognitivn\u00ed funkce. Nem\u00e9n\u011b d\u016fle\u017eit\u00fd je ale i ment\u00e1ln\u00ed p\u0159\u00edstup. Chu\u0165 u\u010dit se nov\u00e9 v\u011bci a nevn\u00edmat v\u011bk jako p\u0159ek\u00e1\u017eku.<\/p>\n\n\n\n<p>Ji\u0159\u00ed Korn je v tomto sm\u011bru u\u010debnicov\u00fdm p\u0159\u00edkladem. Neuzav\u00edr\u00e1 se toti\u017e do role \u201ezaslou\u017eil\u00e9ho um\u011blce\u201c, ale st\u00e1le hled\u00e1 nov\u00e9 impulzy. To, \u017ee se ve v\u00edce ne\u017e sedmdes\u00e1ti letech postav\u00ed na snowboard, nen\u00ed jen o fyzick\u00e9 kondici, ale hlavn\u011b o odvaze a radosti z pohybu. Pr\u00e1v\u011b tyto faktory podle studi\u00ed v\u00fdrazn\u011b zpomaluj\u00ed subjektivn\u00ed pocit st\u00e1rnut\u00ed, uv\u00e1d\u00ed Healthline.<\/p>\n\n\n\n<p>Zdroj: Autorsk\u00fd text, <a href=\"https:\/\/www.healthline.com\/health\/senior-health\/health-tips-for-older-adults\" target=\"_blank\" rel=\"noreferrer noopener nofollow\">Healthline<\/a>, <a href=\"https:\/\/www.instagram.com\/jirikorn_official\/\" target=\"_blank\" rel=\"noreferrer noopener nofollow\">Instagram Ji\u0159\u00edho Korna<\/a>, <a href=\"https:\/\/www.facebook.com\/JiriKorn\/?locale=cs_CZ\" target=\"_blank\" rel=\"noreferrer noopener nofollow\">Facebook Ji\u0159\u00ed Korn<\/a>, <a href=\"https:\/\/www.kornjiri.com\/\" target=\"_blank\" rel=\"noreferrer noopener nofollow\">KornJi\u0159\u00ed<\/a><\/p>\n\n\n            <a href=\"https:\/\/www.karaoketexty.cz\/magazin\/nez-byli-slavni-museli-makat-hudebni-hvezdy-a-jejich-prvni-zamestnani\/\" class=\"related-post-link\">\n                <div class=\"post-thumbnail\">\n                    <img decoding=\"async\" width=\"250\" height=\"167\" src=\"https:\/\/www.karaoketexty.cz\/magazin\/wp-content\/uploads\/2025\/12\/Hudebni-legendy-a-civilni-zamestnani-Karel-Gott.jpg\" class=\"attachment-250x180 size-250x180 not-transparent\" alt=\"Obr\u00e1zek k \u010dl\u00e1nku: \u017divot p\u0159ed sl\u00e1vou: hudebn\u00ed hv\u011bzdy a jejich prvn\u00ed zam\u011bstn\u00e1n\u00ed\" srcset=\"https:\/\/www.karaoketexty.cz\/magazin\/wp-content\/uploads\/2025\/12\/Hudebni-legendy-a-civilni-zamestnani-Karel-Gott.jpg 1200w, https:\/\/www.karaoketexty.cz\/magazin\/wp-content\/uploads\/2025\/12\/Hudebni-legendy-a-civilni-zamestnani-Karel-Gott-300x200.jpg 300w, https:\/\/www.karaoketexty.cz\/magazin\/wp-content\/uploads\/2025\/12\/Hudebni-legendy-a-civilni-zamestnani-Karel-Gott-1024x684.jpg 1024w, https:\/\/www.karaoketexty.cz\/magazin\/wp-content\/uploads\/2025\/12\/Hudebni-legendy-a-civilni-zamestnani-Karel-Gott-768x513.jpg 768w, https:\/\/www.karaoketexty.cz\/magazin\/wp-content\/uploads\/2025\/12\/Hudebni-legendy-a-civilni-zamestnani-Karel-Gott-800x533.jpg 800w\" sizes=\"(max-width: 250px) 100vw, 250px\" data-has-transparency=\"false\" data-dominant-color=\"939393\" style=\"--dominant-color: #939393;\" \/>                <\/div>\n                <div class=\"post-details\">\n                    <span class=\"also-read\">\u010ct\u011bte tak\u00e9:<\/span>\n                    <h3 class=\"hed\">Ne\u017e byli slavn\u00ed, museli makat: Hudebn\u00ed hv\u011bzdy a jejich prvn\u00ed zam\u011bstn\u00e1n\u00ed<\/h3>\n                <\/div>\n            <\/a>\n            \n\n            <a href=\"https:\/\/www.karaoketexty.cz\/magazin\/jiri-korn-a-vaclav-noid-barta-vytvorili-duet-ktery-boura-myty-o-pokrocilem-veku\/\" class=\"related-post-link\">\n                <div class=\"post-thumbnail\">\n                    <img decoding=\"async\" width=\"250\" height=\"134\" src=\"https:\/\/www.karaoketexty.cz\/magazin\/wp-content\/uploads\/2025\/09\/vaclav-noid-barta-dasha-kamila-nyvltova-jiri-korn.jpg\" class=\"attachment-250x180 size-250x180 not-transparent\" alt=\"Fotografie V\u00e1clava Noida B\u00e1rty, Dashi, Kamily N\u00fdvltov\u00e9 a J\u00ed\u0159\u00edho Korna\" srcset=\"https:\/\/www.karaoketexty.cz\/magazin\/wp-content\/uploads\/2025\/09\/vaclav-noid-barta-dasha-kamila-nyvltova-jiri-korn.jpg 1200w, https:\/\/www.karaoketexty.cz\/magazin\/wp-content\/uploads\/2025\/09\/vaclav-noid-barta-dasha-kamila-nyvltova-jiri-korn-300x161.jpg 300w, https:\/\/www.karaoketexty.cz\/magazin\/wp-content\/uploads\/2025\/09\/vaclav-noid-barta-dasha-kamila-nyvltova-jiri-korn-1024x550.jpg 1024w, https:\/\/www.karaoketexty.cz\/magazin\/wp-content\/uploads\/2025\/09\/vaclav-noid-barta-dasha-kamila-nyvltova-jiri-korn-768x413.jpg 768w\" sizes=\"(max-width: 250px) 100vw, 250px\" data-has-transparency=\"false\" data-dominant-color=\"756e67\" style=\"--dominant-color: #756e67;\" \/>                <\/div>\n                <div class=\"post-details\">\n                    <span class=\"also-read\">\u010ct\u011bte tak\u00e9:<\/span>\n                    <h3 class=\"hed\">Ji\u0159\u00ed Korn a V\u00e1clav Noid B\u00e1rta vytvo\u0159ili duet, kter\u00fd bour\u00e1 m\u00fdty o pokro\u010dil\u00e9m v\u011bku<\/h3>\n                <\/div>\n            <\/a>\n            ","protected":false},"excerpt":{"rendered":"<p>Zat\u00edmco jeho vrstevn\u00edci vesm\u011bs \u0159e\u0161\u00ed bolav\u00e1 kolena a sed\u00ed u televize, Ji\u0159\u00ed Korn se bez zav\u00e1h\u00e1n\u00ed vrh\u00e1 na snowboardu ze svahu dol\u016f.<\/p>\n","protected":false},"author":4,"featured_media":6807,"comment_status":"open","ping_status":"closed","sticky":false,"template":"","format":"standard","meta":{"_yoast_wpseo_title":"Snowboard v 76 letech? Pro Ji\u0159\u00edho Korna to nen\u00ed probl\u00e9m","_yoast_wpseo_metadesc":"Zat\u00edmco jeho vrstevn\u00edci vesm\u011bs \u0159e\u0161\u00ed bolav\u00e1 kolena a sed\u00ed u televize, Ji\u0159\u00ed Korn se bez zav\u00e1h\u00e1n\u00ed vrh\u00e1 na snowboardu ze svahu dol\u016f.","footnotes":""},"categories":[1059],"tags":[5819,562,1583,569,399,1254,500,2194,240,490,5821,4630,539,4330,5820],"class_list":["post-6806","post","type-post","status-publish","format-standard","has-post-thumbnail","hentry","category-celebrity","tag-aktivni-zivotni-styl","tag-ceska-celebrita","tag-cesky-zpevak","tag-fyzicka-kondice","tag-hudebni-legenda","tag-inspirace","tag-instagram","tag-jiri-korn","tag-kariera","tag-koncerty","tag-seniori","tag-snowboard","tag-socialni-site","tag-sport","tag-vitalita"],"yoast_head":"<!-- This site is optimized with the Yoast SEO plugin v27.4 - https:\/\/yoast.com\/product\/yoast-seo-wordpress\/ -->\n<title>Snowboard v 76 letech? Pro Ji\u0159\u00edho Korna to nen\u00ed probl\u00e9m<\/title>\n<meta name=\"description\" content=\"Zat\u00edmco jeho vrstevn\u00edci vesm\u011bs \u0159e\u0161\u00ed bolav\u00e1 kolena a sed\u00ed u televize, Ji\u0159\u00ed Korn se bez zav\u00e1h\u00e1n\u00ed vrh\u00e1 na snowboardu ze svahu dol\u016f.\" \/>\n<meta name=\"robots\" content=\"index, follow, max-snippet:-1, max-image-preview:large, max-video-preview:-1\" \/>\n<link rel=\"canonical\" href=\"https:\/\/www.karaoketexty.cz\/magazin\/jiri-korn-ukazal-ze-vek-je-jen-cislo-v-76-letech-brazdi-sjezdovky-na-snowboardu\/\" \/>\n<meta property=\"og:locale\" content=\"cs_CZ\" \/>\n<meta property=\"og:type\" content=\"article\" \/>\n<meta property=\"og:title\" content=\"Snowboard v 76 letech? Pro Ji\u0159\u00edho Korna to nen\u00ed probl\u00e9m\" \/>\n<meta property=\"og:description\" content=\"Zat\u00edmco jeho vrstevn\u00edci vesm\u011bs \u0159e\u0161\u00ed bolav\u00e1 kolena a sed\u00ed u televize, Ji\u0159\u00ed Korn se bez zav\u00e1h\u00e1n\u00ed vrh\u00e1 na snowboardu ze svahu dol\u016f.\" \/>\n<meta property=\"og:url\" content=\"https:\/\/www.karaoketexty.cz\/magazin\/jiri-korn-ukazal-ze-vek-je-jen-cislo-v-76-letech-brazdi-sjezdovky-na-snowboardu\/\" \/>\n<meta property=\"og:site_name\" content=\"Stars Magaz\u00edn Karaoketexty.cz\" \/>\n<meta property=\"article:published_time\" content=\"2026-01-24T06:38:00+00:00\" \/>\n<meta property=\"og:image\" content=\"https:\/\/www.karaoketexty.cz\/magazin\/wp-content\/uploads\/2026\/01\/jiri-korn.jpg\" \/>\n\t<meta property=\"og:image:width\" content=\"1200\" \/>\n\t<meta property=\"og:image:height\" content=\"810\" \/>\n\t<meta property=\"og:image:type\" content=\"image\/jpeg\" \/>\n<meta name=\"author\" content=\"Barbora Kop\u0159ivov\u00e1\" \/>\n<meta name=\"twitter:card\" content=\"summary_large_image\" \/>\n<meta name=\"twitter:label1\" content=\"Napsal(a)\" \/>\n\t<meta name=\"twitter:data1\" content=\"Barbora Kop\u0159ivov\u00e1\" \/>\n\t<meta name=\"twitter:label2\" content=\"Odhadovan\u00e1 doba \u010dten\u00ed\" \/>\n\t<meta name=\"twitter:data2\" content=\"3 minuty\" \/>\n<script type=\"application\/ld+json\" class=\"yoast-schema-graph\">{\"@context\":\"https:\\\/\\\/schema.org\",\"@graph\":[{\"@type\":\"Article\",\"@id\":\"https:\\\/\\\/www.karaoketexty.cz\\\/magazin\\\/jiri-korn-ukazal-ze-vek-je-jen-cislo-v-76-letech-brazdi-sjezdovky-na-snowboardu\\\/#article\",\"isPartOf\":{\"@id\":\"https:\\\/\\\/www.karaoketexty.cz\\\/magazin\\\/jiri-korn-ukazal-ze-vek-je-jen-cislo-v-76-letech-brazdi-sjezdovky-na-snowboardu\\\/\"},\"author\":{\"name\":\"Barbora Kop\u0159ivov\u00e1\",\"@id\":\"https:\\\/\\\/www.karaoketexty.cz\\\/magazin\\\/#\\\/schema\\\/person\\\/37c0164a04038267c8a56ad6d60df749\"},\"headline\":\"Ji\u0159\u00ed Korn uk\u00e1zal, \u017ee v\u011bk je jen \u010d\u00edslo: V 76 letech br\u00e1zd\u00ed sjezdovky na snowboardu\",\"datePublished\":\"2026-01-24T06:38:00+00:00\",\"mainEntityOfPage\":{\"@id\":\"https:\\\/\\\/www.karaoketexty.cz\\\/magazin\\\/jiri-korn-ukazal-ze-vek-je-jen-cislo-v-76-letech-brazdi-sjezdovky-na-snowboardu\\\/\"},\"wordCount\":640,\"commentCount\":0,\"image\":{\"@id\":\"https:\\\/\\\/www.karaoketexty.cz\\\/magazin\\\/jiri-korn-ukazal-ze-vek-je-jen-cislo-v-76-letech-brazdi-sjezdovky-na-snowboardu\\\/#primaryimage\"},\"thumbnailUrl\":\"https:\\\/\\\/www.karaoketexty.cz\\\/magazin\\\/wp-content\\\/uploads\\\/2026\\\/01\\\/jiri-korn.jpg\",\"keywords\":[\"aktivn\u00ed \u017eivotn\u00ed styl\",\"\u010desk\u00e1 celebrita\",\"\u010desk\u00fd zp\u011bv\u00e1k\",\"fyzick\u00e1 kondice\",\"hudebn\u00ed legenda\",\"inspirace\",\"Instagram\",\"Ji\u0159\u00ed Korn\",\"Kari\u00e9ra\",\"koncerty\",\"senio\u0159i\",\"snowboard\",\"soci\u00e1ln\u00ed s\u00edt\u011b\",\"sport\",\"vitalita\"],\"articleSection\":[\"Celebrity\"],\"inLanguage\":\"cs\",\"potentialAction\":[{\"@type\":\"CommentAction\",\"name\":\"Comment\",\"target\":[\"https:\\\/\\\/www.karaoketexty.cz\\\/magazin\\\/jiri-korn-ukazal-ze-vek-je-jen-cislo-v-76-letech-brazdi-sjezdovky-na-snowboardu\\\/#respond\"]}]},{\"@type\":\"WebPage\",\"@id\":\"https:\\\/\\\/www.karaoketexty.cz\\\/magazin\\\/jiri-korn-ukazal-ze-vek-je-jen-cislo-v-76-letech-brazdi-sjezdovky-na-snowboardu\\\/\",\"url\":\"https:\\\/\\\/www.karaoketexty.cz\\\/magazin\\\/jiri-korn-ukazal-ze-vek-je-jen-cislo-v-76-letech-brazdi-sjezdovky-na-snowboardu\\\/\",\"name\":\"Snowboard v 76 letech? Pro Ji\u0159\u00edho Korna to nen\u00ed probl\u00e9m\",\"isPartOf\":{\"@id\":\"https:\\\/\\\/www.karaoketexty.cz\\\/magazin\\\/#website\"},\"primaryImageOfPage\":{\"@id\":\"https:\\\/\\\/www.karaoketexty.cz\\\/magazin\\\/jiri-korn-ukazal-ze-vek-je-jen-cislo-v-76-letech-brazdi-sjezdovky-na-snowboardu\\\/#primaryimage\"},\"image\":{\"@id\":\"https:\\\/\\\/www.karaoketexty.cz\\\/magazin\\\/jiri-korn-ukazal-ze-vek-je-jen-cislo-v-76-letech-brazdi-sjezdovky-na-snowboardu\\\/#primaryimage\"},\"thumbnailUrl\":\"https:\\\/\\\/www.karaoketexty.cz\\\/magazin\\\/wp-content\\\/uploads\\\/2026\\\/01\\\/jiri-korn.jpg\",\"datePublished\":\"2026-01-24T06:38:00+00:00\",\"author\":{\"@id\":\"https:\\\/\\\/www.karaoketexty.cz\\\/magazin\\\/#\\\/schema\\\/person\\\/37c0164a04038267c8a56ad6d60df749\"},\"description\":\"Zat\u00edmco jeho vrstevn\u00edci vesm\u011bs \u0159e\u0161\u00ed bolav\u00e1 kolena a sed\u00ed u televize, Ji\u0159\u00ed Korn se bez zav\u00e1h\u00e1n\u00ed vrh\u00e1 na snowboardu ze svahu dol\u016f.\",\"breadcrumb\":{\"@id\":\"https:\\\/\\\/www.karaoketexty.cz\\\/magazin\\\/jiri-korn-ukazal-ze-vek-je-jen-cislo-v-76-letech-brazdi-sjezdovky-na-snowboardu\\\/#breadcrumb\"},\"inLanguage\":\"cs\",\"potentialAction\":[{\"@type\":\"ReadAction\",\"target\":[\"https:\\\/\\\/www.karaoketexty.cz\\\/magazin\\\/jiri-korn-ukazal-ze-vek-je-jen-cislo-v-76-letech-brazdi-sjezdovky-na-snowboardu\\\/\"]}]},{\"@type\":\"ImageObject\",\"inLanguage\":\"cs\",\"@id\":\"https:\\\/\\\/www.karaoketexty.cz\\\/magazin\\\/jiri-korn-ukazal-ze-vek-je-jen-cislo-v-76-letech-brazdi-sjezdovky-na-snowboardu\\\/#primaryimage\",\"url\":\"https:\\\/\\\/www.karaoketexty.cz\\\/magazin\\\/wp-content\\\/uploads\\\/2026\\\/01\\\/jiri-korn.jpg\",\"contentUrl\":\"https:\\\/\\\/www.karaoketexty.cz\\\/magazin\\\/wp-content\\\/uploads\\\/2026\\\/01\\\/jiri-korn.jpg\",\"width\":1200,\"height\":810,\"caption\":\"Foto: NextFoto, Ji\u0159\u00ed Korn na TK k 60. sez\u00f3n\u011b Studia Ypsilon\"},{\"@type\":\"BreadcrumbList\",\"@id\":\"https:\\\/\\\/www.karaoketexty.cz\\\/magazin\\\/jiri-korn-ukazal-ze-vek-je-jen-cislo-v-76-letech-brazdi-sjezdovky-na-snowboardu\\\/#breadcrumb\",\"itemListElement\":[{\"@type\":\"ListItem\",\"position\":1,\"name\":\"Dom\u016f\",\"item\":\"https:\\\/\\\/www.karaoketexty.cz\\\/magazin\\\/\"},{\"@type\":\"ListItem\",\"position\":2,\"name\":\"Ji\u0159\u00ed Korn uk\u00e1zal, \u017ee v\u011bk je jen \u010d\u00edslo: V 76 letech br\u00e1zd\u00ed sjezdovky na snowboardu\"}]},{\"@type\":\"WebSite\",\"@id\":\"https:\\\/\\\/www.karaoketexty.cz\\\/magazin\\\/#website\",\"url\":\"https:\\\/\\\/www.karaoketexty.cz\\\/magazin\\\/\",\"name\":\"Stars Magaz\u00edn Karaoketexty.cz\",\"description\":\"Stars Magaz\u00edn na Karaoketexty.cz je zam\u011b\u0159en\u00fd na novinky ze sv\u011bta hudby a celebrit. Obsahuje \u010dl\u00e1nky o zp\u011bv\u00e1c\u00edch, kapel\u00e1ch, nov\u00fdch albech, hudebn\u00edch trendech a dal\u0161\u00edch zaj\u00edmavostech z hudebn\u00edho pr\u016fmyslu.\",\"potentialAction\":[{\"@type\":\"SearchAction\",\"target\":{\"@type\":\"EntryPoint\",\"urlTemplate\":\"https:\\\/\\\/www.karaoketexty.cz\\\/magazin\\\/?s={search_term_string}\"},\"query-input\":{\"@type\":\"PropertyValueSpecification\",\"valueRequired\":true,\"valueName\":\"search_term_string\"}}],\"inLanguage\":\"cs\"},{\"@type\":\"Person\",\"@id\":\"https:\\\/\\\/www.karaoketexty.cz\\\/magazin\\\/#\\\/schema\\\/person\\\/37c0164a04038267c8a56ad6d60df749\",\"name\":\"Barbora Kop\u0159ivov\u00e1\",\"image\":{\"@type\":\"ImageObject\",\"inLanguage\":\"cs\",\"@id\":\"https:\\\/\\\/secure.gravatar.com\\\/avatar\\\/ad2ef9810228386d580851ef4bdde76abaa96054ff5b068c8873bc91afb2df84?s=96&d=mm&r=g\",\"url\":\"https:\\\/\\\/secure.gravatar.com\\\/avatar\\\/ad2ef9810228386d580851ef4bdde76abaa96054ff5b068c8873bc91afb2df84?s=96&d=mm&r=g\",\"contentUrl\":\"https:\\\/\\\/secure.gravatar.com\\\/avatar\\\/ad2ef9810228386d580851ef4bdde76abaa96054ff5b068c8873bc91afb2df84?s=96&d=mm&r=g\",\"caption\":\"Barbora Kop\u0159ivov\u00e1\"},\"url\":\"https:\\\/\\\/www.karaoketexty.cz\\\/magazin\\\/author\\\/barborakoprivova\\\/\"}]}<\/script>\n<!-- \/ Yoast SEO plugin. -->","yoast_head_json":{"title":"Snowboard v 76 letech? Pro Ji\u0159\u00edho Korna to nen\u00ed probl\u00e9m","description":"Zat\u00edmco jeho vrstevn\u00edci vesm\u011bs \u0159e\u0161\u00ed bolav\u00e1 kolena a sed\u00ed u televize, Ji\u0159\u00ed Korn se bez zav\u00e1h\u00e1n\u00ed vrh\u00e1 na snowboardu ze svahu dol\u016f.","robots":{"index":"index","follow":"follow","max-snippet":"max-snippet:-1","max-image-preview":"max-image-preview:large","max-video-preview":"max-video-preview:-1"},"canonical":"https:\/\/www.karaoketexty.cz\/magazin\/jiri-korn-ukazal-ze-vek-je-jen-cislo-v-76-letech-brazdi-sjezdovky-na-snowboardu\/","og_locale":"cs_CZ","og_type":"article","og_title":"Snowboard v 76 letech? Pro Ji\u0159\u00edho Korna to nen\u00ed probl\u00e9m","og_description":"Zat\u00edmco jeho vrstevn\u00edci vesm\u011bs \u0159e\u0161\u00ed bolav\u00e1 kolena a sed\u00ed u televize, Ji\u0159\u00ed Korn se bez zav\u00e1h\u00e1n\u00ed vrh\u00e1 na snowboardu ze svahu dol\u016f.","og_url":"https:\/\/www.karaoketexty.cz\/magazin\/jiri-korn-ukazal-ze-vek-je-jen-cislo-v-76-letech-brazdi-sjezdovky-na-snowboardu\/","og_site_name":"Stars Magaz\u00edn Karaoketexty.cz","article_published_time":"2026-01-24T06:38:00+00:00","og_image":[{"width":1200,"height":810,"url":"https:\/\/www.karaoketexty.cz\/magazin\/wp-content\/uploads\/2026\/01\/jiri-korn.jpg","type":"image\/jpeg"}],"author":"Barbora Kop\u0159ivov\u00e1","twitter_card":"summary_large_image","twitter_misc":{"Napsal(a)":"Barbora Kop\u0159ivov\u00e1","Odhadovan\u00e1 doba \u010dten\u00ed":"3 minuty"},"schema":{"@context":"https:\/\/schema.org","@graph":[{"@type":"Article","@id":"https:\/\/www.karaoketexty.cz\/magazin\/jiri-korn-ukazal-ze-vek-je-jen-cislo-v-76-letech-brazdi-sjezdovky-na-snowboardu\/#article","isPartOf":{"@id":"https:\/\/www.karaoketexty.cz\/magazin\/jiri-korn-ukazal-ze-vek-je-jen-cislo-v-76-letech-brazdi-sjezdovky-na-snowboardu\/"},"author":{"name":"Barbora Kop\u0159ivov\u00e1","@id":"https:\/\/www.karaoketexty.cz\/magazin\/#\/schema\/person\/37c0164a04038267c8a56ad6d60df749"},"headline":"Ji\u0159\u00ed Korn uk\u00e1zal, \u017ee v\u011bk je jen \u010d\u00edslo: V 76 letech br\u00e1zd\u00ed sjezdovky na snowboardu","datePublished":"2026-01-24T06:38:00+00:00","mainEntityOfPage":{"@id":"https:\/\/www.karaoketexty.cz\/magazin\/jiri-korn-ukazal-ze-vek-je-jen-cislo-v-76-letech-brazdi-sjezdovky-na-snowboardu\/"},"wordCount":640,"commentCount":0,"image":{"@id":"https:\/\/www.karaoketexty.cz\/magazin\/jiri-korn-ukazal-ze-vek-je-jen-cislo-v-76-letech-brazdi-sjezdovky-na-snowboardu\/#primaryimage"},"thumbnailUrl":"https:\/\/www.karaoketexty.cz\/magazin\/wp-content\/uploads\/2026\/01\/jiri-korn.jpg","keywords":["aktivn\u00ed \u017eivotn\u00ed styl","\u010desk\u00e1 celebrita","\u010desk\u00fd zp\u011bv\u00e1k","fyzick\u00e1 kondice","hudebn\u00ed legenda","inspirace","Instagram","Ji\u0159\u00ed Korn","Kari\u00e9ra","koncerty","senio\u0159i","snowboard","soci\u00e1ln\u00ed s\u00edt\u011b","sport","vitalita"],"articleSection":["Celebrity"],"inLanguage":"cs","potentialAction":[{"@type":"CommentAction","name":"Comment","target":["https:\/\/www.karaoketexty.cz\/magazin\/jiri-korn-ukazal-ze-vek-je-jen-cislo-v-76-letech-brazdi-sjezdovky-na-snowboardu\/#respond"]}]},{"@type":"WebPage","@id":"https:\/\/www.karaoketexty.cz\/magazin\/jiri-korn-ukazal-ze-vek-je-jen-cislo-v-76-letech-brazdi-sjezdovky-na-snowboardu\/","url":"https:\/\/www.karaoketexty.cz\/magazin\/jiri-korn-ukazal-ze-vek-je-jen-cislo-v-76-letech-brazdi-sjezdovky-na-snowboardu\/","name":"Snowboard v 76 letech? Pro Ji\u0159\u00edho Korna to nen\u00ed probl\u00e9m","isPartOf":{"@id":"https:\/\/www.karaoketexty.cz\/magazin\/#website"},"primaryImageOfPage":{"@id":"https:\/\/www.karaoketexty.cz\/magazin\/jiri-korn-ukazal-ze-vek-je-jen-cislo-v-76-letech-brazdi-sjezdovky-na-snowboardu\/#primaryimage"},"image":{"@id":"https:\/\/www.karaoketexty.cz\/magazin\/jiri-korn-ukazal-ze-vek-je-jen-cislo-v-76-letech-brazdi-sjezdovky-na-snowboardu\/#primaryimage"},"thumbnailUrl":"https:\/\/www.karaoketexty.cz\/magazin\/wp-content\/uploads\/2026\/01\/jiri-korn.jpg","datePublished":"2026-01-24T06:38:00+00:00","author":{"@id":"https:\/\/www.karaoketexty.cz\/magazin\/#\/schema\/person\/37c0164a04038267c8a56ad6d60df749"},"description":"Zat\u00edmco jeho vrstevn\u00edci vesm\u011bs \u0159e\u0161\u00ed bolav\u00e1 kolena a sed\u00ed u televize, Ji\u0159\u00ed Korn se bez zav\u00e1h\u00e1n\u00ed vrh\u00e1 na snowboardu ze svahu dol\u016f.","breadcrumb":{"@id":"https:\/\/www.karaoketexty.cz\/magazin\/jiri-korn-ukazal-ze-vek-je-jen-cislo-v-76-letech-brazdi-sjezdovky-na-snowboardu\/#breadcrumb"},"inLanguage":"cs","potentialAction":[{"@type":"ReadAction","target":["https:\/\/www.karaoketexty.cz\/magazin\/jiri-korn-ukazal-ze-vek-je-jen-cislo-v-76-letech-brazdi-sjezdovky-na-snowboardu\/"]}]},{"@type":"ImageObject","inLanguage":"cs","@id":"https:\/\/www.karaoketexty.cz\/magazin\/jiri-korn-ukazal-ze-vek-je-jen-cislo-v-76-letech-brazdi-sjezdovky-na-snowboardu\/#primaryimage","url":"https:\/\/www.karaoketexty.cz\/magazin\/wp-content\/uploads\/2026\/01\/jiri-korn.jpg","contentUrl":"https:\/\/www.karaoketexty.cz\/magazin\/wp-content\/uploads\/2026\/01\/jiri-korn.jpg","width":1200,"height":810,"caption":"Foto: NextFoto, Ji\u0159\u00ed Korn na TK k 60. sez\u00f3n\u011b Studia Ypsilon"},{"@type":"BreadcrumbList","@id":"https:\/\/www.karaoketexty.cz\/magazin\/jiri-korn-ukazal-ze-vek-je-jen-cislo-v-76-letech-brazdi-sjezdovky-na-snowboardu\/#breadcrumb","itemListElement":[{"@type":"ListItem","position":1,"name":"Dom\u016f","item":"https:\/\/www.karaoketexty.cz\/magazin\/"},{"@type":"ListItem","position":2,"name":"Ji\u0159\u00ed Korn uk\u00e1zal, \u017ee v\u011bk je jen \u010d\u00edslo: V 76 letech br\u00e1zd\u00ed sjezdovky na snowboardu"}]},{"@type":"WebSite","@id":"https:\/\/www.karaoketexty.cz\/magazin\/#website","url":"https:\/\/www.karaoketexty.cz\/magazin\/","name":"Stars Magaz\u00edn Karaoketexty.cz","description":"Stars Magaz\u00edn na Karaoketexty.cz je zam\u011b\u0159en\u00fd na novinky ze sv\u011bta hudby a celebrit. Obsahuje \u010dl\u00e1nky o zp\u011bv\u00e1c\u00edch, kapel\u00e1ch, nov\u00fdch albech, hudebn\u00edch trendech a dal\u0161\u00edch zaj\u00edmavostech z hudebn\u00edho pr\u016fmyslu.","potentialAction":[{"@type":"SearchAction","target":{"@type":"EntryPoint","urlTemplate":"https:\/\/www.karaoketexty.cz\/magazin\/?s={search_term_string}"},"query-input":{"@type":"PropertyValueSpecification","valueRequired":true,"valueName":"search_term_string"}}],"inLanguage":"cs"},{"@type":"Person","@id":"https:\/\/www.karaoketexty.cz\/magazin\/#\/schema\/person\/37c0164a04038267c8a56ad6d60df749","name":"Barbora Kop\u0159ivov\u00e1","image":{"@type":"ImageObject","inLanguage":"cs","@id":"https:\/\/secure.gravatar.com\/avatar\/ad2ef9810228386d580851ef4bdde76abaa96054ff5b068c8873bc91afb2df84?s=96&d=mm&r=g","url":"https:\/\/secure.gravatar.com\/avatar\/ad2ef9810228386d580851ef4bdde76abaa96054ff5b068c8873bc91afb2df84?s=96&d=mm&r=g","contentUrl":"https:\/\/secure.gravatar.com\/avatar\/ad2ef9810228386d580851ef4bdde76abaa96054ff5b068c8873bc91afb2df84?s=96&d=mm&r=g","caption":"Barbora Kop\u0159ivov\u00e1"},"url":"https:\/\/www.karaoketexty.cz\/magazin\/author\/barborakoprivova\/"}]}},"_links":{"self":[{"href":"https:\/\/www.karaoketexty.cz\/magazin\/wp-json\/wp\/v2\/posts\/6806","targetHints":{"allow":["GET"]}}],"collection":[{"href":"https:\/\/www.karaoketexty.cz\/magazin\/wp-json\/wp\/v2\/posts"}],"about":[{"href":"https:\/\/www.karaoketexty.cz\/magazin\/wp-json\/wp\/v2\/types\/post"}],"author":[{"embeddable":true,"href":"https:\/\/www.karaoketexty.cz\/magazin\/wp-json\/wp\/v2\/users\/4"}],"replies":[{"embeddable":true,"href":"https:\/\/www.karaoketexty.cz\/magazin\/wp-json\/wp\/v2\/comments?post=6806"}],"version-history":[{"count":4,"href":"https:\/\/www.karaoketexty.cz\/magazin\/wp-json\/wp\/v2\/posts\/6806\/revisions"}],"predecessor-version":[{"id":7017,"href":"https:\/\/www.karaoketexty.cz\/magazin\/wp-json\/wp\/v2\/posts\/6806\/revisions\/7017"}],"wp:featuredmedia":[{"embeddable":true,"href":"https:\/\/www.karaoketexty.cz\/magazin\/wp-json\/wp\/v2\/media\/6807"}],"wp:attachment":[{"href":"https:\/\/www.karaoketexty.cz\/magazin\/wp-json\/wp\/v2\/media?parent=6806"}],"wp:term":[{"taxonomy":"category","embeddable":true,"href":"https:\/\/www.karaoketexty.cz\/magazin\/wp-json\/wp\/v2\/categories?post=6806"},{"taxonomy":"post_tag","embeddable":true,"href":"https:\/\/www.karaoketexty.cz\/magazin\/wp-json\/wp\/v2\/tags?post=6806"}],"curies":[{"name":"wp","href":"https:\/\/api.w.org\/{rel}","templated":true}]}}