{"id":6746,"date":"2026-01-25T07:33:00","date_gmt":"2026-01-25T06:33:00","guid":{"rendered":"https:\/\/www.karaoketexty.cz\/magazin\/?p=6746"},"modified":"2026-01-20T22:34:07","modified_gmt":"2026-01-20T21:34:07","slug":"prvni-zena-pavola-habery-s-niz-ma-dceru-zuzanu-kapitola-jeho-zivota-pred-danielou-pestovou","status":"publish","type":"post","link":"https:\/\/www.karaoketexty.cz\/magazin\/prvni-zena-pavola-habery-s-niz-ma-dceru-zuzanu-kapitola-jeho-zivota-pred-danielou-pestovou\/","title":{"rendered":"Prvn\u00ed \u017eena Pavola Habery, s n\u00ed\u017e m\u00e1 dceru Zuzanu: Kapitola jeho \u017eivota p\u0159ed Danielou Pe\u0161tovou"},"content":{"rendered":"\n<p><strong>Pavol Habera dnes p\u016fsob\u00ed jako pevn\u00e1 sou\u010d\u00e1st p\u00e1ru s Danielou Pe\u0161tovou. Je\u0161t\u011b p\u0159edt\u00edm ale \u017eil patn\u00e1ct let v man\u017eelstv\u00ed s jinou \u017eenou. Tahle kapitola jeho \u017eivota byla tich\u00e1, osobn\u00ed a p\u0159ekvapiv\u011b bolestiv\u00e1.<\/strong><\/p>\n\n\n\n<p>Pavol Habera pat\u0159\u00ed k lidem, kte\u0159\u00ed si soukrom\u00ed dlouhodob\u011b chr\u00e1n\u00ed. O to v\u00edc to plat\u00ed o jeho prvn\u00edm man\u017eelstv\u00ed, co\u017e n\u00e1m na Karaoketexty neuniklo. Je\u0161t\u011b d\u00e1vno p\u0159edt\u00edm, ne\u017e se stal televizn\u00ed ikonou a porotcem SuperStar, byl \u017eenat\u00fd s Nad\u011b\u017edou. Spole\u010dn\u011b str\u00e1vili patn\u00e1ct let \u017eivota a vychov\u00e1vali dceru Zuzanu. V t\u00e9 dob\u011b Habera budoval kari\u00e9ru s kapelou Team a tr\u00e1vil hodn\u011b \u010dasu prac\u00ed, cestov\u00e1n\u00edm a koncerty.<\/p>\n\n\n<!-- karaoketexty.cz \/ rectangle2 -->\n<div id=\"PX_37086_709110796310826\"><\/div>\n<script>\n   if(!useMobileAds && !boolUseSeznamAds && !hideAllAds){\n     window.px2 = window.px2 || { conf: {},queue: [] };\n     px2.queue.push(function () {\n        px2.render({\n           slot: {\n              id: 37086\n           },\n            elem: \"PX_37086_709110796310826\"\n        })\n     });\n  }\n<\/script>\n\n<!-- karaoketexty.cz \/ mobile-rectangle3 -->\n<div id=\"PX_37044_714599773297004\"><\/div>\n<script>\n   if(useMobileAds && !boolUseSeznamAds && !hideAllAds){\nwindow.px2 = window.px2 || { conf: {},queue: [] };\npx2.queue.push(function () {\n\tpx2.render({\n\t\tslot: {\n\t\t\tid: 37044\n\t\t},\n\t\telem: \"PX_37044_714599773297004\"\n\t})\n});\n}\n<\/script>\n\n\n<h2 class=\"wp-block-heading\">Dcera Zuzana jako st\u0159edobod<\/h2>\n\n\n\n<p>Z man\u017eelstv\u00ed s Nad\u011b\u017edou se narodila dcera Zuzana, dnes u\u017e dosp\u011bl\u00e1 \u017eena, kter\u00e1 po druh\u00e9 svatb\u011b p\u0159ijala p\u0159\u00edjmen\u00ed Koperniech. Ostatn\u011b slavn\u00e9ho p\u0159\u00edjmen\u00ed se r\u00e1da vzdala, proto\u017ee j\u00ed mnohokr\u00e1t v \u017eivot\u011b bylo sp\u00ed\u0161e na obt\u00ed\u017e, jak p\u0159iznala v po\u0159adu S Tribulom na hor\u00e1ch. Pr\u00e1v\u011b ona byla podle Habery jedn\u00edm z d\u016fvod\u016f, pro\u010d pro n\u011bj byl rozvod tak t\u011b\u017ek\u00fd. V rozhovorech opakovan\u011b p\u0159iznal, \u017ee konec vztahu ho zas\u00e1hl v\u00edc, ne\u017e si tehdy dok\u00e1zal p\u0159ipustit. Rodina pro n\u011bj v\u017edy znamenala hodn\u011b a ztr\u00e1ta ka\u017edodenn\u00ed bl\u00edzkosti bolela.<\/p>\n\n\n\n<p>Man\u017eelstv\u00ed skon\u010dilo v roce 2000, uv\u00e1d\u00ed Blesk. Konkr\u00e9tn\u00ed d\u016fvody rozvodu nikdy ve\u0159ejn\u011b nekomentoval ani Habera, ani jeho prvn\u00ed \u017eena. Stalo se to v dob\u011b, kdy se podobn\u00e9 v\u011bci je\u0161t\u011b ne\u0159e\u0161ily na soci\u00e1ln\u00edch s\u00edt\u00edch. V\u0161e prob\u011bhlo ti\u0161e a bez skand\u00e1l\u016f. Nad\u011b\u017eda se pozd\u011bji odst\u011bhovala do Spojen\u00fdch st\u00e1t\u016f, kde dnes \u017eije.<\/p>\n\n\n<!-- karaoketexty.cz \/ interscroller1 -->\n\n<div id=\"PX_37041_825057871452834\"><\/div>\n<script>\nif(useMobileAds && !boolUseSeznamAds && !hideAllAds){\n\twindow.px2 = window.px2 || { conf: {},queue: [] };\n\tpx2.queue.push(function () {\n\t\tpx2.render({\n\t\t\tslot: {\n\t\t\t\tid: 37041\n\t\t\t},\n\t\t\telem: \"PX_37041_825057871452834\"\n\t\t})\n\t});\n}\n<\/script>\n\n\n<h2 class=\"wp-block-heading\">Bolest, kter\u00e1 zm\u011bnila jeho pohled<\/h2>\n\n\n\n<p>Habera si dlouho budoval image tvr\u010f\u00e1ka. S\u00e1m ale p\u0159iznal, \u017ee rozvod s prvn\u00ed \u017eenou byl jedn\u00edm z m\u00e1la moment\u016f, kter\u00e9 ho skute\u010dn\u011b srazily. Mluvil o obdob\u00ed, kdy se nec\u00edtil dob\u0159e a musel se znovu postavit na nohy. \u201e<em>Tolik let spolu, byla tam dcera \u2013 to nebylo jednoduch\u00e9.&nbsp;Tehdy jsem na tom byl velmi \u0161patn\u011b,<\/em>\u201c cituje Blesk jeho slova star\u00e1 ji\u017e mnoho let, kter\u00e1 sd\u011blil t\u00fdden\u00edku Instinkt.<\/p>\n\n\n\n<figure class=\"wp-block-image size-large\"><img data-dominant-color=\"403429\" data-has-transparency=\"false\" style=\"--dominant-color: #403429;\" decoding=\"async\" width=\"1024\" height=\"576\" src=\"https:\/\/www.karaoketexty.cz\/magazin\/wp-content\/uploads\/2026\/01\/daniela-pestova-pavol-habera-1024x576.jpg\" alt=\"Daniela Pe\u0161tov\u00e1 a Pavol Habera\" class=\"wp-image-6721 not-transparent\" srcset=\"https:\/\/www.karaoketexty.cz\/magazin\/wp-content\/uploads\/2026\/01\/daniela-pestova-pavol-habera-1024x576.jpg 1024w, https:\/\/www.karaoketexty.cz\/magazin\/wp-content\/uploads\/2026\/01\/daniela-pestova-pavol-habera-300x169.jpg 300w, https:\/\/www.karaoketexty.cz\/magazin\/wp-content\/uploads\/2026\/01\/daniela-pestova-pavol-habera-768x432.jpg 768w, https:\/\/www.karaoketexty.cz\/magazin\/wp-content\/uploads\/2026\/01\/daniela-pestova-pavol-habera-800x450.jpg 800w, https:\/\/www.karaoketexty.cz\/magazin\/wp-content\/uploads\/2026\/01\/daniela-pestova-pavol-habera.jpg 1200w\" sizes=\"(max-width: 1024px) 100vw, 1024px\" \/><figcaption class=\"wp-element-caption\">Fotografie: Nextfoto<\/figcaption><\/figure>\n\n\n\n<p>Kr\u00e1tce po rozvodu vstoupila do jeho \u017eivota Daniela Pe\u0161tov\u00e1. Oba u\u017e m\u011bli za sebou bolestn\u00e9 vztahy a d\u011bti z p\u0159edchoz\u00edch man\u017eelstv\u00ed. I proto k sob\u011b p\u0159istupovali pomalu a bez velk\u00fdch gest. Mo\u017en\u00e1 pr\u00e1v\u011b zku\u0161enosti z prvn\u00edho man\u017eelstv\u00ed pomohly Haberovi postavit nov\u00fd vztah jinak. Klidn\u011bji, s v\u011bt\u0161\u00edm respektem a bez tlaku.<\/p>\n\n\n\n<p>Zdroj: Autorsk\u00fd text, <a href=\"https:\/\/www.blesk.cz\/clanek\/celebrity-ceske-celebrity\/710610\/cerstvy-sedesatnik-pavol-habera-kdo-je-matkou-jeho-krasne-dcery-zuzany.html\">Blesk<\/a>, <a href=\"https:\/\/tvnoviny.sk\/publicistika\/clanok\/119364-slavne-priezvisko-jej-vzdy-bolo-skor-na-obtiaz-dcera-pala-haberu-vymenila-ameriku-za-tatry\" target=\"_blank\" rel=\"noreferrer noopener nofollow\">TVNoviny<\/a>, <a href=\"https:\/\/www.prozeny.cz\/clanek\/sex-a-vztahy-laska-a-vztahy-laska-pavola-habery-a-daniely-pestove-94516\" target=\"_blank\" rel=\"noreferrer noopener nofollow\">Pro\u017deny<\/a><\/p>\n","protected":false},"excerpt":{"rendered":"<p>Pavol Habera dnes p\u016fsob\u00ed jako pevn\u00e1 sou\u010d\u00e1st p\u00e1ru s Danielou Pe\u0161tovou. Je\u0161t\u011b p\u0159edt\u00edm ale \u017eil patn\u00e1ct let v man\u017eelstv\u00ed s jinou \u017eenou. Tahle kapitola jeho \u017eivota byla tich\u00e1, osobn\u00ed a p\u0159ekvapiv\u011b bolestiv\u00e1.<\/p>\n","protected":false},"author":5,"featured_media":6723,"comment_status":"open","ping_status":"closed","sticky":false,"template":"","format":"standard","meta":{"_yoast_wpseo_title":"Prvn\u00ed man\u017eelka Pavla Habery: \u017dena, s n\u00ed\u017e m\u00e1 dceru Zuzanu","_yoast_wpseo_metadesc":"Ne\u017e se Pavol Habera spojil s Danielou Pe\u0161tovou, pro\u017eil dlouh\u00e9 man\u017eelstv\u00ed s prvn\u00ed \u017eenou Nad\u011b\u017edou. Pr\u00e1v\u011b s n\u00ed m\u00e1 nejstar\u0161\u00ed dceru Zuzanu.","footnotes":""},"categories":[1059],"tags":[562,2064,5839,240,230,375,1883,99,690,1889,2500,548,834,5840],"class_list":["post-6746","post","type-post","status-publish","format-standard","has-post-thumbnail","hentry","category-celebrity","tag-ceska-celebrita","tag-dcera","tag-kapela-team","tag-kariera","tag-manzelstvi","tag-osobni-zivot","tag-pavol-habera","tag-rodina","tag-rozvod","tag-slovensky-zpevak","tag-soukromi","tag-vztahy-celebrit","tag-zivotni-zmena","tag-zuzana-koperniech"],"yoast_head":"<!-- This site is optimized with the Yoast SEO plugin v27.4 - https:\/\/yoast.com\/product\/yoast-seo-wordpress\/ -->\n<title>Prvn\u00ed man\u017eelka Pavla Habery: \u017dena, s n\u00ed\u017e m\u00e1 dceru Zuzanu<\/title>\n<meta name=\"description\" content=\"Ne\u017e se Pavol Habera spojil s Danielou Pe\u0161tovou, pro\u017eil dlouh\u00e9 man\u017eelstv\u00ed s prvn\u00ed \u017eenou Nad\u011b\u017edou. Pr\u00e1v\u011b s n\u00ed m\u00e1 nejstar\u0161\u00ed dceru Zuzanu.\" \/>\n<meta name=\"robots\" content=\"index, follow, max-snippet:-1, max-image-preview:large, max-video-preview:-1\" \/>\n<link rel=\"canonical\" href=\"https:\/\/www.karaoketexty.cz\/magazin\/prvni-zena-pavola-habery-s-niz-ma-dceru-zuzanu-kapitola-jeho-zivota-pred-danielou-pestovou\/\" \/>\n<meta property=\"og:locale\" content=\"cs_CZ\" \/>\n<meta property=\"og:type\" content=\"article\" \/>\n<meta property=\"og:title\" content=\"Prvn\u00ed man\u017eelka Pavla Habery: \u017dena, s n\u00ed\u017e m\u00e1 dceru Zuzanu\" \/>\n<meta property=\"og:description\" content=\"Ne\u017e se Pavol Habera spojil s Danielou Pe\u0161tovou, pro\u017eil dlouh\u00e9 man\u017eelstv\u00ed s prvn\u00ed \u017eenou Nad\u011b\u017edou. Pr\u00e1v\u011b s n\u00ed m\u00e1 nejstar\u0161\u00ed dceru Zuzanu.\" \/>\n<meta property=\"og:url\" content=\"https:\/\/www.karaoketexty.cz\/magazin\/prvni-zena-pavola-habery-s-niz-ma-dceru-zuzanu-kapitola-jeho-zivota-pred-danielou-pestovou\/\" \/>\n<meta property=\"og:site_name\" content=\"Stars Magaz\u00edn Karaoketexty.cz\" \/>\n<meta property=\"article:published_time\" content=\"2026-01-25T06:33:00+00:00\" \/>\n<meta property=\"og:image\" content=\"https:\/\/www.karaoketexty.cz\/magazin\/wp-content\/uploads\/2026\/01\/pavol-habera.jpg\" \/>\n\t<meta property=\"og:image:width\" content=\"1200\" \/>\n\t<meta property=\"og:image:height\" content=\"675\" \/>\n\t<meta property=\"og:image:type\" content=\"image\/jpeg\" \/>\n<meta name=\"author\" content=\"Veronika \u0160imkov\u00e1\" \/>\n<meta name=\"twitter:card\" content=\"summary_large_image\" \/>\n<meta name=\"twitter:label1\" content=\"Napsal(a)\" \/>\n\t<meta name=\"twitter:data1\" content=\"Veronika \u0160imkov\u00e1\" \/>\n\t<meta name=\"twitter:label2\" content=\"Odhadovan\u00e1 doba \u010dten\u00ed\" \/>\n\t<meta name=\"twitter:data2\" content=\"3 minuty\" \/>\n<script type=\"application\/ld+json\" class=\"yoast-schema-graph\">{\"@context\":\"https:\\\/\\\/schema.org\",\"@graph\":[{\"@type\":\"Article\",\"@id\":\"https:\\\/\\\/www.karaoketexty.cz\\\/magazin\\\/prvni-zena-pavola-habery-s-niz-ma-dceru-zuzanu-kapitola-jeho-zivota-pred-danielou-pestovou\\\/#article\",\"isPartOf\":{\"@id\":\"https:\\\/\\\/www.karaoketexty.cz\\\/magazin\\\/prvni-zena-pavola-habery-s-niz-ma-dceru-zuzanu-kapitola-jeho-zivota-pred-danielou-pestovou\\\/\"},\"author\":{\"name\":\"Veronika \u0160imkov\u00e1\",\"@id\":\"https:\\\/\\\/www.karaoketexty.cz\\\/magazin\\\/#\\\/schema\\\/person\\\/03220d610ed4cba378a72bac3443f821\"},\"headline\":\"Prvn\u00ed \u017eena Pavola Habery, s n\u00ed\u017e m\u00e1 dceru Zuzanu: Kapitola jeho \u017eivota p\u0159ed Danielou Pe\u0161tovou\",\"datePublished\":\"2026-01-25T06:33:00+00:00\",\"mainEntityOfPage\":{\"@id\":\"https:\\\/\\\/www.karaoketexty.cz\\\/magazin\\\/prvni-zena-pavola-habery-s-niz-ma-dceru-zuzanu-kapitola-jeho-zivota-pred-danielou-pestovou\\\/\"},\"wordCount\":489,\"commentCount\":1,\"image\":{\"@id\":\"https:\\\/\\\/www.karaoketexty.cz\\\/magazin\\\/prvni-zena-pavola-habery-s-niz-ma-dceru-zuzanu-kapitola-jeho-zivota-pred-danielou-pestovou\\\/#primaryimage\"},\"thumbnailUrl\":\"https:\\\/\\\/www.karaoketexty.cz\\\/magazin\\\/wp-content\\\/uploads\\\/2026\\\/01\\\/pavol-habera.jpg\",\"keywords\":[\"\u010desk\u00e1 celebrita\",\"dcera\",\"kapela Team\",\"Kari\u00e9ra\",\"Man\u017eelstv\u00ed\",\"osobn\u00ed \u017eivot\",\"Pavol Habera\",\"Rodina\",\"rozvod\",\"slovensk\u00fd zp\u011bv\u00e1k\",\"soukrom\u00ed\",\"vztahy celebrit\",\"\u017eivotn\u00ed zm\u011bna\",\"Zuzana Koperniech\"],\"articleSection\":[\"Celebrity\"],\"inLanguage\":\"cs\",\"potentialAction\":[{\"@type\":\"CommentAction\",\"name\":\"Comment\",\"target\":[\"https:\\\/\\\/www.karaoketexty.cz\\\/magazin\\\/prvni-zena-pavola-habery-s-niz-ma-dceru-zuzanu-kapitola-jeho-zivota-pred-danielou-pestovou\\\/#respond\"]}]},{\"@type\":\"WebPage\",\"@id\":\"https:\\\/\\\/www.karaoketexty.cz\\\/magazin\\\/prvni-zena-pavola-habery-s-niz-ma-dceru-zuzanu-kapitola-jeho-zivota-pred-danielou-pestovou\\\/\",\"url\":\"https:\\\/\\\/www.karaoketexty.cz\\\/magazin\\\/prvni-zena-pavola-habery-s-niz-ma-dceru-zuzanu-kapitola-jeho-zivota-pred-danielou-pestovou\\\/\",\"name\":\"Prvn\u00ed man\u017eelka Pavla Habery: \u017dena, s n\u00ed\u017e m\u00e1 dceru Zuzanu\",\"isPartOf\":{\"@id\":\"https:\\\/\\\/www.karaoketexty.cz\\\/magazin\\\/#website\"},\"primaryImageOfPage\":{\"@id\":\"https:\\\/\\\/www.karaoketexty.cz\\\/magazin\\\/prvni-zena-pavola-habery-s-niz-ma-dceru-zuzanu-kapitola-jeho-zivota-pred-danielou-pestovou\\\/#primaryimage\"},\"image\":{\"@id\":\"https:\\\/\\\/www.karaoketexty.cz\\\/magazin\\\/prvni-zena-pavola-habery-s-niz-ma-dceru-zuzanu-kapitola-jeho-zivota-pred-danielou-pestovou\\\/#primaryimage\"},\"thumbnailUrl\":\"https:\\\/\\\/www.karaoketexty.cz\\\/magazin\\\/wp-content\\\/uploads\\\/2026\\\/01\\\/pavol-habera.jpg\",\"datePublished\":\"2026-01-25T06:33:00+00:00\",\"author\":{\"@id\":\"https:\\\/\\\/www.karaoketexty.cz\\\/magazin\\\/#\\\/schema\\\/person\\\/03220d610ed4cba378a72bac3443f821\"},\"description\":\"Ne\u017e se Pavol Habera spojil s Danielou Pe\u0161tovou, pro\u017eil dlouh\u00e9 man\u017eelstv\u00ed s prvn\u00ed \u017eenou Nad\u011b\u017edou. Pr\u00e1v\u011b s n\u00ed m\u00e1 nejstar\u0161\u00ed dceru Zuzanu.\",\"breadcrumb\":{\"@id\":\"https:\\\/\\\/www.karaoketexty.cz\\\/magazin\\\/prvni-zena-pavola-habery-s-niz-ma-dceru-zuzanu-kapitola-jeho-zivota-pred-danielou-pestovou\\\/#breadcrumb\"},\"inLanguage\":\"cs\",\"potentialAction\":[{\"@type\":\"ReadAction\",\"target\":[\"https:\\\/\\\/www.karaoketexty.cz\\\/magazin\\\/prvni-zena-pavola-habery-s-niz-ma-dceru-zuzanu-kapitola-jeho-zivota-pred-danielou-pestovou\\\/\"]}]},{\"@type\":\"ImageObject\",\"inLanguage\":\"cs\",\"@id\":\"https:\\\/\\\/www.karaoketexty.cz\\\/magazin\\\/prvni-zena-pavola-habery-s-niz-ma-dceru-zuzanu-kapitola-jeho-zivota-pred-danielou-pestovou\\\/#primaryimage\",\"url\":\"https:\\\/\\\/www.karaoketexty.cz\\\/magazin\\\/wp-content\\\/uploads\\\/2026\\\/01\\\/pavol-habera.jpg\",\"contentUrl\":\"https:\\\/\\\/www.karaoketexty.cz\\\/magazin\\\/wp-content\\\/uploads\\\/2026\\\/01\\\/pavol-habera.jpg\",\"width\":1200,\"height\":675,\"caption\":\"Fotografie: Nextfoto, zakoupena licence\"},{\"@type\":\"BreadcrumbList\",\"@id\":\"https:\\\/\\\/www.karaoketexty.cz\\\/magazin\\\/prvni-zena-pavola-habery-s-niz-ma-dceru-zuzanu-kapitola-jeho-zivota-pred-danielou-pestovou\\\/#breadcrumb\",\"itemListElement\":[{\"@type\":\"ListItem\",\"position\":1,\"name\":\"Dom\u016f\",\"item\":\"https:\\\/\\\/www.karaoketexty.cz\\\/magazin\\\/\"},{\"@type\":\"ListItem\",\"position\":2,\"name\":\"Prvn\u00ed \u017eena Pavola Habery, s n\u00ed\u017e m\u00e1 dceru Zuzanu: Kapitola jeho \u017eivota p\u0159ed Danielou Pe\u0161tovou\"}]},{\"@type\":\"WebSite\",\"@id\":\"https:\\\/\\\/www.karaoketexty.cz\\\/magazin\\\/#website\",\"url\":\"https:\\\/\\\/www.karaoketexty.cz\\\/magazin\\\/\",\"name\":\"Stars Magaz\u00edn Karaoketexty.cz\",\"description\":\"Stars Magaz\u00edn na Karaoketexty.cz je zam\u011b\u0159en\u00fd na novinky ze sv\u011bta hudby a celebrit. Obsahuje \u010dl\u00e1nky o zp\u011bv\u00e1c\u00edch, kapel\u00e1ch, nov\u00fdch albech, hudebn\u00edch trendech a dal\u0161\u00edch zaj\u00edmavostech z hudebn\u00edho pr\u016fmyslu.\",\"potentialAction\":[{\"@type\":\"SearchAction\",\"target\":{\"@type\":\"EntryPoint\",\"urlTemplate\":\"https:\\\/\\\/www.karaoketexty.cz\\\/magazin\\\/?s={search_term_string}\"},\"query-input\":{\"@type\":\"PropertyValueSpecification\",\"valueRequired\":true,\"valueName\":\"search_term_string\"}}],\"inLanguage\":\"cs\"},{\"@type\":\"Person\",\"@id\":\"https:\\\/\\\/www.karaoketexty.cz\\\/magazin\\\/#\\\/schema\\\/person\\\/03220d610ed4cba378a72bac3443f821\",\"name\":\"Veronika \u0160imkov\u00e1\",\"image\":{\"@type\":\"ImageObject\",\"inLanguage\":\"cs\",\"@id\":\"https:\\\/\\\/secure.gravatar.com\\\/avatar\\\/62af9cda83322200aaf20e60d0442fbca254ce18c0ffdcaaf83de31493c941a5?s=96&d=mm&r=g\",\"url\":\"https:\\\/\\\/secure.gravatar.com\\\/avatar\\\/62af9cda83322200aaf20e60d0442fbca254ce18c0ffdcaaf83de31493c941a5?s=96&d=mm&r=g\",\"contentUrl\":\"https:\\\/\\\/secure.gravatar.com\\\/avatar\\\/62af9cda83322200aaf20e60d0442fbca254ce18c0ffdcaaf83de31493c941a5?s=96&d=mm&r=g\",\"caption\":\"Veronika \u0160imkov\u00e1\"},\"url\":\"https:\\\/\\\/www.karaoketexty.cz\\\/magazin\\\/author\\\/veronikasimkova\\\/\"}]}<\/script>\n<!-- \/ Yoast SEO plugin. -->","yoast_head_json":{"title":"Prvn\u00ed man\u017eelka Pavla Habery: \u017dena, s n\u00ed\u017e m\u00e1 dceru Zuzanu","description":"Ne\u017e se Pavol Habera spojil s Danielou Pe\u0161tovou, pro\u017eil dlouh\u00e9 man\u017eelstv\u00ed s prvn\u00ed \u017eenou Nad\u011b\u017edou. Pr\u00e1v\u011b s n\u00ed m\u00e1 nejstar\u0161\u00ed dceru Zuzanu.","robots":{"index":"index","follow":"follow","max-snippet":"max-snippet:-1","max-image-preview":"max-image-preview:large","max-video-preview":"max-video-preview:-1"},"canonical":"https:\/\/www.karaoketexty.cz\/magazin\/prvni-zena-pavola-habery-s-niz-ma-dceru-zuzanu-kapitola-jeho-zivota-pred-danielou-pestovou\/","og_locale":"cs_CZ","og_type":"article","og_title":"Prvn\u00ed man\u017eelka Pavla Habery: \u017dena, s n\u00ed\u017e m\u00e1 dceru Zuzanu","og_description":"Ne\u017e se Pavol Habera spojil s Danielou Pe\u0161tovou, pro\u017eil dlouh\u00e9 man\u017eelstv\u00ed s prvn\u00ed \u017eenou Nad\u011b\u017edou. Pr\u00e1v\u011b s n\u00ed m\u00e1 nejstar\u0161\u00ed dceru Zuzanu.","og_url":"https:\/\/www.karaoketexty.cz\/magazin\/prvni-zena-pavola-habery-s-niz-ma-dceru-zuzanu-kapitola-jeho-zivota-pred-danielou-pestovou\/","og_site_name":"Stars Magaz\u00edn Karaoketexty.cz","article_published_time":"2026-01-25T06:33:00+00:00","og_image":[{"width":1200,"height":675,"url":"https:\/\/www.karaoketexty.cz\/magazin\/wp-content\/uploads\/2026\/01\/pavol-habera.jpg","type":"image\/jpeg"}],"author":"Veronika \u0160imkov\u00e1","twitter_card":"summary_large_image","twitter_misc":{"Napsal(a)":"Veronika \u0160imkov\u00e1","Odhadovan\u00e1 doba \u010dten\u00ed":"3 minuty"},"schema":{"@context":"https:\/\/schema.org","@graph":[{"@type":"Article","@id":"https:\/\/www.karaoketexty.cz\/magazin\/prvni-zena-pavola-habery-s-niz-ma-dceru-zuzanu-kapitola-jeho-zivota-pred-danielou-pestovou\/#article","isPartOf":{"@id":"https:\/\/www.karaoketexty.cz\/magazin\/prvni-zena-pavola-habery-s-niz-ma-dceru-zuzanu-kapitola-jeho-zivota-pred-danielou-pestovou\/"},"author":{"name":"Veronika \u0160imkov\u00e1","@id":"https:\/\/www.karaoketexty.cz\/magazin\/#\/schema\/person\/03220d610ed4cba378a72bac3443f821"},"headline":"Prvn\u00ed \u017eena Pavola Habery, s n\u00ed\u017e m\u00e1 dceru Zuzanu: Kapitola jeho \u017eivota p\u0159ed Danielou Pe\u0161tovou","datePublished":"2026-01-25T06:33:00+00:00","mainEntityOfPage":{"@id":"https:\/\/www.karaoketexty.cz\/magazin\/prvni-zena-pavola-habery-s-niz-ma-dceru-zuzanu-kapitola-jeho-zivota-pred-danielou-pestovou\/"},"wordCount":489,"commentCount":1,"image":{"@id":"https:\/\/www.karaoketexty.cz\/magazin\/prvni-zena-pavola-habery-s-niz-ma-dceru-zuzanu-kapitola-jeho-zivota-pred-danielou-pestovou\/#primaryimage"},"thumbnailUrl":"https:\/\/www.karaoketexty.cz\/magazin\/wp-content\/uploads\/2026\/01\/pavol-habera.jpg","keywords":["\u010desk\u00e1 celebrita","dcera","kapela Team","Kari\u00e9ra","Man\u017eelstv\u00ed","osobn\u00ed \u017eivot","Pavol Habera","Rodina","rozvod","slovensk\u00fd zp\u011bv\u00e1k","soukrom\u00ed","vztahy celebrit","\u017eivotn\u00ed zm\u011bna","Zuzana Koperniech"],"articleSection":["Celebrity"],"inLanguage":"cs","potentialAction":[{"@type":"CommentAction","name":"Comment","target":["https:\/\/www.karaoketexty.cz\/magazin\/prvni-zena-pavola-habery-s-niz-ma-dceru-zuzanu-kapitola-jeho-zivota-pred-danielou-pestovou\/#respond"]}]},{"@type":"WebPage","@id":"https:\/\/www.karaoketexty.cz\/magazin\/prvni-zena-pavola-habery-s-niz-ma-dceru-zuzanu-kapitola-jeho-zivota-pred-danielou-pestovou\/","url":"https:\/\/www.karaoketexty.cz\/magazin\/prvni-zena-pavola-habery-s-niz-ma-dceru-zuzanu-kapitola-jeho-zivota-pred-danielou-pestovou\/","name":"Prvn\u00ed man\u017eelka Pavla Habery: \u017dena, s n\u00ed\u017e m\u00e1 dceru Zuzanu","isPartOf":{"@id":"https:\/\/www.karaoketexty.cz\/magazin\/#website"},"primaryImageOfPage":{"@id":"https:\/\/www.karaoketexty.cz\/magazin\/prvni-zena-pavola-habery-s-niz-ma-dceru-zuzanu-kapitola-jeho-zivota-pred-danielou-pestovou\/#primaryimage"},"image":{"@id":"https:\/\/www.karaoketexty.cz\/magazin\/prvni-zena-pavola-habery-s-niz-ma-dceru-zuzanu-kapitola-jeho-zivota-pred-danielou-pestovou\/#primaryimage"},"thumbnailUrl":"https:\/\/www.karaoketexty.cz\/magazin\/wp-content\/uploads\/2026\/01\/pavol-habera.jpg","datePublished":"2026-01-25T06:33:00+00:00","author":{"@id":"https:\/\/www.karaoketexty.cz\/magazin\/#\/schema\/person\/03220d610ed4cba378a72bac3443f821"},"description":"Ne\u017e se Pavol Habera spojil s Danielou Pe\u0161tovou, pro\u017eil dlouh\u00e9 man\u017eelstv\u00ed s prvn\u00ed \u017eenou Nad\u011b\u017edou. Pr\u00e1v\u011b s n\u00ed m\u00e1 nejstar\u0161\u00ed dceru Zuzanu.","breadcrumb":{"@id":"https:\/\/www.karaoketexty.cz\/magazin\/prvni-zena-pavola-habery-s-niz-ma-dceru-zuzanu-kapitola-jeho-zivota-pred-danielou-pestovou\/#breadcrumb"},"inLanguage":"cs","potentialAction":[{"@type":"ReadAction","target":["https:\/\/www.karaoketexty.cz\/magazin\/prvni-zena-pavola-habery-s-niz-ma-dceru-zuzanu-kapitola-jeho-zivota-pred-danielou-pestovou\/"]}]},{"@type":"ImageObject","inLanguage":"cs","@id":"https:\/\/www.karaoketexty.cz\/magazin\/prvni-zena-pavola-habery-s-niz-ma-dceru-zuzanu-kapitola-jeho-zivota-pred-danielou-pestovou\/#primaryimage","url":"https:\/\/www.karaoketexty.cz\/magazin\/wp-content\/uploads\/2026\/01\/pavol-habera.jpg","contentUrl":"https:\/\/www.karaoketexty.cz\/magazin\/wp-content\/uploads\/2026\/01\/pavol-habera.jpg","width":1200,"height":675,"caption":"Fotografie: Nextfoto, zakoupena licence"},{"@type":"BreadcrumbList","@id":"https:\/\/www.karaoketexty.cz\/magazin\/prvni-zena-pavola-habery-s-niz-ma-dceru-zuzanu-kapitola-jeho-zivota-pred-danielou-pestovou\/#breadcrumb","itemListElement":[{"@type":"ListItem","position":1,"name":"Dom\u016f","item":"https:\/\/www.karaoketexty.cz\/magazin\/"},{"@type":"ListItem","position":2,"name":"Prvn\u00ed \u017eena Pavola Habery, s n\u00ed\u017e m\u00e1 dceru Zuzanu: Kapitola jeho \u017eivota p\u0159ed Danielou Pe\u0161tovou"}]},{"@type":"WebSite","@id":"https:\/\/www.karaoketexty.cz\/magazin\/#website","url":"https:\/\/www.karaoketexty.cz\/magazin\/","name":"Stars Magaz\u00edn Karaoketexty.cz","description":"Stars Magaz\u00edn na Karaoketexty.cz je zam\u011b\u0159en\u00fd na novinky ze sv\u011bta hudby a celebrit. Obsahuje \u010dl\u00e1nky o zp\u011bv\u00e1c\u00edch, kapel\u00e1ch, nov\u00fdch albech, hudebn\u00edch trendech a dal\u0161\u00edch zaj\u00edmavostech z hudebn\u00edho pr\u016fmyslu.","potentialAction":[{"@type":"SearchAction","target":{"@type":"EntryPoint","urlTemplate":"https:\/\/www.karaoketexty.cz\/magazin\/?s={search_term_string}"},"query-input":{"@type":"PropertyValueSpecification","valueRequired":true,"valueName":"search_term_string"}}],"inLanguage":"cs"},{"@type":"Person","@id":"https:\/\/www.karaoketexty.cz\/magazin\/#\/schema\/person\/03220d610ed4cba378a72bac3443f821","name":"Veronika \u0160imkov\u00e1","image":{"@type":"ImageObject","inLanguage":"cs","@id":"https:\/\/secure.gravatar.com\/avatar\/62af9cda83322200aaf20e60d0442fbca254ce18c0ffdcaaf83de31493c941a5?s=96&d=mm&r=g","url":"https:\/\/secure.gravatar.com\/avatar\/62af9cda83322200aaf20e60d0442fbca254ce18c0ffdcaaf83de31493c941a5?s=96&d=mm&r=g","contentUrl":"https:\/\/secure.gravatar.com\/avatar\/62af9cda83322200aaf20e60d0442fbca254ce18c0ffdcaaf83de31493c941a5?s=96&d=mm&r=g","caption":"Veronika \u0160imkov\u00e1"},"url":"https:\/\/www.karaoketexty.cz\/magazin\/author\/veronikasimkova\/"}]}},"_links":{"self":[{"href":"https:\/\/www.karaoketexty.cz\/magazin\/wp-json\/wp\/v2\/posts\/6746","targetHints":{"allow":["GET"]}}],"collection":[{"href":"https:\/\/www.karaoketexty.cz\/magazin\/wp-json\/wp\/v2\/posts"}],"about":[{"href":"https:\/\/www.karaoketexty.cz\/magazin\/wp-json\/wp\/v2\/types\/post"}],"author":[{"embeddable":true,"href":"https:\/\/www.karaoketexty.cz\/magazin\/wp-json\/wp\/v2\/users\/5"}],"replies":[{"embeddable":true,"href":"https:\/\/www.karaoketexty.cz\/magazin\/wp-json\/wp\/v2\/comments?post=6746"}],"version-history":[{"count":3,"href":"https:\/\/www.karaoketexty.cz\/magazin\/wp-json\/wp\/v2\/posts\/6746\/revisions"}],"predecessor-version":[{"id":7060,"href":"https:\/\/www.karaoketexty.cz\/magazin\/wp-json\/wp\/v2\/posts\/6746\/revisions\/7060"}],"wp:featuredmedia":[{"embeddable":true,"href":"https:\/\/www.karaoketexty.cz\/magazin\/wp-json\/wp\/v2\/media\/6723"}],"wp:attachment":[{"href":"https:\/\/www.karaoketexty.cz\/magazin\/wp-json\/wp\/v2\/media?parent=6746"}],"wp:term":[{"taxonomy":"category","embeddable":true,"href":"https:\/\/www.karaoketexty.cz\/magazin\/wp-json\/wp\/v2\/categories?post=6746"},{"taxonomy":"post_tag","embeddable":true,"href":"https:\/\/www.karaoketexty.cz\/magazin\/wp-json\/wp\/v2\/tags?post=6746"}],"curies":[{"name":"wp","href":"https:\/\/api.w.org\/{rel}","templated":true}]}}