{"id":6744,"date":"2026-01-24T11:06:00","date_gmt":"2026-01-24T10:06:00","guid":{"rendered":"https:\/\/www.karaoketexty.cz\/magazin\/?p=6744"},"modified":"2026-01-20T13:14:17","modified_gmt":"2026-01-20T12:14:17","slug":"pavol-habera-a-daniela-pestova-laska-ktera-vydrzela-vic-nez-dve-dekady","status":"publish","type":"post","link":"https:\/\/www.karaoketexty.cz\/magazin\/pavol-habera-a-daniela-pestova-laska-ktera-vydrzela-vic-nez-dve-dekady\/","title":{"rendered":"Pavol Habera a Daniela Pe\u0161tov\u00e1: L\u00e1ska, kter\u00e1 vydr\u017eela v\u00edc ne\u017e dv\u011b dek\u00e1dy"},"content":{"rendered":"\n<p><strong>Na obrazovce p\u016fsob\u00ed tvrd\u011b, doma je jin\u00fd. Pavol Habera na\u0161el v Daniele Pe\u0161tov\u00e9 partnerku, s n\u00ed\u017e u\u017e p\u0159es dvacet let stav\u00ed vztah na klidu, respektu a rodin\u011b.<\/strong><\/p>\n\n\n\n<p>Pavol Habera a Daniela Pe\u0161tov\u00e1 se potkali v roce 2001. Oba m\u011bli za sebou bolestn\u00e9 rozvody a d\u011bti z p\u0159edchoz\u00edch vztah\u016f. Pr\u00e1v\u011b to je vedlo k opatrnosti. Nikam se nehnali, d\u00e1vali si \u010das. Sd\u00edleli podobn\u00fd pohled na rodinu i odpov\u011bdnost a postupn\u011b zjistili, \u017ee si rozum\u00ed v podstatn\u00fdch v\u011bcech. Nebyl to p\u0159\u00edb\u011bh velk\u00fdch gest, sp\u00ed\u0161 tich\u00e9ho sbli\u017eov\u00e1n\u00ed, na kter\u00e9 jsme se na Karaoketexty pod\u00edvali bl\u00ed\u017ee.<\/p>\n\n\n<!-- karaoketexty.cz \/ rectangle2 -->\n<div id=\"PX_37086_709110796310826\"><\/div>\n<script>\n   if(!useMobileAds && !boolUseSeznamAds && !hideAllAds){\n     window.px2 = window.px2 || { conf: {},queue: [] };\n     px2.queue.push(function () {\n        px2.render({\n           slot: {\n              id: 37086\n           },\n            elem: \"PX_37086_709110796310826\"\n        })\n     });\n  }\n<\/script>\n\n<!-- karaoketexty.cz \/ mobile-rectangle3 -->\n<div id=\"PX_37044_714599773297004\"><\/div>\n<script>\n   if(useMobileAds && !boolUseSeznamAds && !hideAllAds){\nwindow.px2 = window.px2 || { conf: {},queue: [] };\npx2.queue.push(function () {\n\tpx2.render({\n\t\tslot: {\n\t\t\tid: 37044\n\t\t},\n\t\telem: \"PX_37044_714599773297004\"\n\t})\n});\n}\n<\/script>\n\n\n<h2 class=\"wp-block-heading\">Dv\u011b zlomen\u00e1 srdce<\/h2>\n\n\n\n<p>Rozpad prvn\u00edho man\u017eelstv\u00ed Pavola Habery s Na\u010fou, s n\u00ed\u017e m\u00e1 dceru Zuzanu, ho zas\u00e1hl v\u00edc, ne\u017e d\u00e1val navenek zn\u00e1t. V rozhovorech otev\u0159en\u011b mluvil o tom, jak t\u011b\u017ek\u00e9 bylo p\u0159ijmout konec vztahu, kter\u00fd u\u017e postr\u00e1dal komunikaci. P\u0159esto se sna\u017eil z\u016fstat f\u00e9rov\u00fd a kl\u00e1st d\u016fraz na rodi\u010dovskou roli.<\/p>\n\n\n\n<p>Daniela Pe\u0161tov\u00e1 si nesla je\u0161t\u011b hlub\u0161\u00ed r\u00e1ny. Man\u017eelstv\u00ed s Tomassem Butim, s n\u00edm\u017e m\u00e1 syna Yannicka, skon\u010dilo psychick\u00fdm vy\u010derp\u00e1n\u00edm. Otev\u0159en\u011b popsala, jak siln\u011b ji zrada a rozchod bolely a jak n\u00e1ro\u010dn\u00e9 bylo z\u016fstat se synem na v\u0161echno sama. Pr\u00e1v\u011b tahle zku\u0161enost ji nau\u010dila poslouchat sebe a nep\u0159istupovat na vztahy, kter\u00e9 ned\u00e1vaj\u00ed smysl.<\/p>\n\n\n<!-- karaoketexty.cz \/ interscroller1 -->\n\n<div id=\"PX_37041_825057871452834\"><\/div>\n<script>\nif(useMobileAds && !boolUseSeznamAds && !hideAllAds){\n\twindow.px2 = window.px2 || { conf: {},queue: [] };\n\tpx2.queue.push(function () {\n\t\tpx2.render({\n\t\t\tslot: {\n\t\t\t\tid: 37041\n\t\t\t},\n\t\t\telem: \"PX_37041_825057871452834\"\n\t\t})\n\t});\n}\n<\/script>\n\n\n<h2 class=\"wp-block-heading\">Rodina jako kotva<\/h2>\n\n\n\n<p>Skute\u010dn\u00fdm propojen\u00edm se stala dcera Ella, narozen\u00e1 v roce 2002 v USA. Pavol tehdy \u010dasto cestoval za prac\u00ed do \u010ceska a na Slovensko. Dlouhodob\u011b to ne\u0161lo skloubit. Daniela proto souhlasila s n\u00e1vratem do Prahy, bl\u00ed\u017e rodin\u011b i stabiln\u011bj\u0161\u00edmu z\u00e1zem\u00ed. O \u0161est let pozd\u011bji p\u0159ibyl syn Paul Henry. Rodina se t\u00edm definitivn\u011b usadila.<\/p>\n\n\n\n<blockquote class=\"instagram-media\" data-instgrm-captioned data-instgrm-permalink=\"https:\/\/www.instagram.com\/p\/DTA8q8gCEzU\/?utm_source=ig_embed&amp;utm_campaign=loading\" data-instgrm-version=\"14\" style=\" background:#FFF; border:0; border-radius:3px; box-shadow:0 0 1px 0 rgba(0,0,0,0.5),0 1px 10px 0 rgba(0,0,0,0.15); margin: 1px; max-width:540px; min-width:326px; padding:0; width:99.375%; width:-webkit-calc(100% - 2px); width:calc(100% - 2px);\"><div style=\"padding:16px;\"> <a href=\"https:\/\/www.instagram.com\/p\/DTA8q8gCEzU\/?utm_source=ig_embed&amp;utm_campaign=loading\" style=\" background:#FFFFFF; line-height:0; padding:0 0; text-align:center; text-decoration:none; width:100%;\" target=\"_blank\"> <div style=\" display: flex; flex-direction: row; align-items: center;\"> <div style=\"background-color: #F4F4F4; border-radius: 50%; flex-grow: 0; height: 40px; margin-right: 14px; width: 40px;\"><\/div> <div style=\"display: flex; flex-direction: column; flex-grow: 1; justify-content: center;\"> <div style=\" background-color: #F4F4F4; border-radius: 4px; flex-grow: 0; height: 14px; margin-bottom: 6px; width: 100px;\"><\/div> <div style=\" background-color: #F4F4F4; border-radius: 4px; flex-grow: 0; height: 14px; width: 60px;\"><\/div><\/div><\/div><div style=\"padding: 19% 0;\"><\/div> <div style=\"display:block; height:50px; margin:0 auto 12px; width:50px;\"><svg width=\"50px\" height=\"50px\" viewBox=\"0 0 60 60\" version=\"1.1\" xmlns=\"https:\/\/www.w3.org\/2000\/svg\" xmlns:xlink=\"https:\/\/www.w3.org\/1999\/xlink\"><g stroke=\"none\" stroke-width=\"1\" fill=\"none\" fill-rule=\"evenodd\"><g transform=\"translate(-511.000000, -20.000000)\" fill=\"#000000\"><g><path d=\"M556.869,30.41 C554.814,30.41 553.148,32.076 553.148,34.131 C553.148,36.186 554.814,37.852 556.869,37.852 C558.924,37.852 560.59,36.186 560.59,34.131 C560.59,32.076 558.924,30.41 556.869,30.41 M541,60.657 C535.114,60.657 530.342,55.887 530.342,50 C530.342,44.114 535.114,39.342 541,39.342 C546.887,39.342 551.658,44.114 551.658,50 C551.658,55.887 546.887,60.657 541,60.657 M541,33.886 C532.1,33.886 524.886,41.1 524.886,50 C524.886,58.899 532.1,66.113 541,66.113 C549.9,66.113 557.115,58.899 557.115,50 C557.115,41.1 549.9,33.886 541,33.886 M565.378,62.101 C565.244,65.022 564.756,66.606 564.346,67.663 C563.803,69.06 563.154,70.057 562.106,71.106 C561.058,72.155 560.06,72.803 558.662,73.347 C557.607,73.757 556.021,74.244 553.102,74.378 C549.944,74.521 548.997,74.552 541,74.552 C533.003,74.552 532.056,74.521 528.898,74.378 C525.979,74.244 524.393,73.757 523.338,73.347 C521.94,72.803 520.942,72.155 519.894,71.106 C518.846,70.057 518.197,69.06 517.654,67.663 C517.244,66.606 516.755,65.022 516.623,62.101 C516.479,58.943 516.448,57.996 516.448,50 C516.448,42.003 516.479,41.056 516.623,37.899 C516.755,34.978 517.244,33.391 517.654,32.338 C518.197,30.938 518.846,29.942 519.894,28.894 C520.942,27.846 521.94,27.196 523.338,26.654 C524.393,26.244 525.979,25.756 528.898,25.623 C532.057,25.479 533.004,25.448 541,25.448 C548.997,25.448 549.943,25.479 553.102,25.623 C556.021,25.756 557.607,26.244 558.662,26.654 C560.06,27.196 561.058,27.846 562.106,28.894 C563.154,29.942 563.803,30.938 564.346,32.338 C564.756,33.391 565.244,34.978 565.378,37.899 C565.522,41.056 565.552,42.003 565.552,50 C565.552,57.996 565.522,58.943 565.378,62.101 M570.82,37.631 C570.674,34.438 570.167,32.258 569.425,30.349 C568.659,28.377 567.633,26.702 565.965,25.035 C564.297,23.368 562.623,22.342 560.652,21.575 C558.743,20.834 556.562,20.326 553.369,20.18 C550.169,20.033 549.148,20 541,20 C532.853,20 531.831,20.033 528.631,20.18 C525.438,20.326 523.257,20.834 521.349,21.575 C519.376,22.342 517.703,23.368 516.035,25.035 C514.368,26.702 513.342,28.377 512.574,30.349 C511.834,32.258 511.326,34.438 511.181,37.631 C511.035,40.831 511,41.851 511,50 C511,58.147 511.035,59.17 511.181,62.369 C511.326,65.562 511.834,67.743 512.574,69.651 C513.342,71.625 514.368,73.296 516.035,74.965 C517.703,76.634 519.376,77.658 521.349,78.425 C523.257,79.167 525.438,79.673 528.631,79.82 C531.831,79.965 532.853,80.001 541,80.001 C549.148,80.001 550.169,79.965 553.369,79.82 C556.562,79.673 558.743,79.167 560.652,78.425 C562.623,77.658 564.297,76.634 565.965,74.965 C567.633,73.296 568.659,71.625 569.425,69.651 C570.167,67.743 570.674,65.562 570.82,62.369 C570.966,59.17 571,58.147 571,50 C571,41.851 570.966,40.831 570.82,37.631\"><\/path><\/g><\/g><\/g><\/svg><\/div><div style=\"padding-top: 8px;\"> <div style=\" color:#3897f0; font-family:Arial,sans-serif; font-size:14px; font-style:normal; font-weight:550; line-height:18px;\">Zobrazit p\u0159\u00edsp\u011bvek na Instagramu<\/div><\/div><div style=\"padding: 12.5% 0;\"><\/div> <div style=\"display: flex; flex-direction: row; margin-bottom: 14px; align-items: center;\"><div> <div style=\"background-color: #F4F4F4; border-radius: 50%; height: 12.5px; width: 12.5px; transform: translateX(0px) translateY(7px);\"><\/div> <div style=\"background-color: #F4F4F4; height: 12.5px; transform: rotate(-45deg) translateX(3px) translateY(1px); width: 12.5px; flex-grow: 0; margin-right: 14px; margin-left: 2px;\"><\/div> <div style=\"background-color: #F4F4F4; border-radius: 50%; height: 12.5px; width: 12.5px; transform: translateX(9px) translateY(-18px);\"><\/div><\/div><div style=\"margin-left: 8px;\"> <div style=\" background-color: #F4F4F4; border-radius: 50%; flex-grow: 0; height: 20px; width: 20px;\"><\/div> <div style=\" width: 0; height: 0; border-top: 2px solid transparent; border-left: 6px solid #f4f4f4; border-bottom: 2px solid transparent; transform: translateX(16px) translateY(-4px) rotate(30deg)\"><\/div><\/div><div style=\"margin-left: auto;\"> <div style=\" width: 0px; border-top: 8px solid #F4F4F4; border-right: 8px solid transparent; transform: translateY(16px);\"><\/div> <div style=\" background-color: #F4F4F4; flex-grow: 0; height: 12px; width: 16px; transform: translateY(-4px);\"><\/div> <div style=\" width: 0; height: 0; border-top: 8px solid #F4F4F4; border-left: 8px solid transparent; transform: translateY(-4px) translateX(8px);\"><\/div><\/div><\/div> <div style=\"display: flex; flex-direction: column; flex-grow: 1; justify-content: center; margin-bottom: 24px;\"> <div style=\" background-color: #F4F4F4; border-radius: 4px; flex-grow: 0; height: 14px; margin-bottom: 6px; width: 224px;\"><\/div> <div style=\" background-color: #F4F4F4; border-radius: 4px; flex-grow: 0; height: 14px; width: 144px;\"><\/div><\/div><\/a><p style=\" color:#c9c8cd; font-family:Arial,sans-serif; font-size:14px; line-height:17px; margin-bottom:0; margin-top:8px; overflow:hidden; padding:8px 0 7px; text-align:center; text-overflow:ellipsis; white-space:nowrap;\"><a href=\"https:\/\/www.instagram.com\/p\/DTA8q8gCEzU\/?utm_source=ig_embed&amp;utm_campaign=loading\" style=\" color:#c9c8cd; font-family:Arial,sans-serif; font-size:14px; font-style:normal; font-weight:normal; line-height:17px; text-decoration:none;\" target=\"_blank\">P\u0159\u00edsp\u011bvek sd\u00edlen\u00fd Pavol Habera (@pavolhabera)<\/a><\/p><\/div><\/blockquote>\n<script async src=\"\/\/www.instagram.com\/embed.js\"><\/script>\n\n\n\n<p>Ot\u00e1zka svatby se vrac\u00ed pravideln\u011b. Odpov\u011b\u010f z\u016fst\u00e1v\u00e1 stejn\u00e1. Oba u\u017e man\u017eelstv\u00ed za\u017eili a shoduj\u00ed se, \u017ee jim vyhovuje partnersk\u00fd \u017eivot bez \u00fa\u0159edn\u00edho potvrzen\u00ed. D\u016fle\u017eit\u011bj\u0161\u00ed je pro n\u011b funguj\u00edc\u00ed ka\u017edodennost, d\u016fv\u011bra a klid. A pr\u00e1v\u011b to je d\u016fvod, pro\u010d jejich vztah p\u016fsob\u00ed pevn\u011b i po v\u00edce ne\u017e dvaceti letech.<\/p>\n\n\n\n<p>Zdroj: Autorsk\u00fd text, <a href=\"https:\/\/www.instagram.com\/p\/C6EgjBRI06v\/?hl=cs\" target=\"_blank\" rel=\"noreferrer noopener nofollow\">Instagram DanielaPe\u0161tov\u00e1<\/a>, <a href=\"https:\/\/www.blesk.cz\/clanek\/celebrity-serialy-filmy-kino-a-tv-superstar-superstar-2009\/125737\/kat-habera-priznal-po-rozvodu-to-bylo-zle.html\" target=\"_blank\" rel=\"noreferrer noopener nofollow\">Blesk<\/a>, <a href=\"https:\/\/zeny.iprima.cz\/krasna-daniela-pestova-ani-po-vice-nez-20-letech-s-haberou-neuvazuje-o-svatbe-414883\" target=\"_blank\" rel=\"noreferrer noopener nofollow\">Prima\u017deny<\/a><\/p>\n\n\n            <a href=\"https:\/\/www.karaoketexty.cz\/magazin\/habera-a-team-vyrazeji-na-slovenske-akusticke-turne\/\" class=\"related-post-link\">\n                <div class=\"post-thumbnail\">\n                    <img decoding=\"async\" width=\"250\" height=\"141\" src=\"https:\/\/www.karaoketexty.cz\/magazin\/wp-content\/uploads\/2025\/09\/pavol-habera.jpg\" class=\"attachment-250x180 size-250x180 not-transparent\" alt=\"Pavol Habera na KVIFF v roce 2018\" srcset=\"https:\/\/www.karaoketexty.cz\/magazin\/wp-content\/uploads\/2025\/09\/pavol-habera.jpg 1200w, https:\/\/www.karaoketexty.cz\/magazin\/wp-content\/uploads\/2025\/09\/pavol-habera-300x169.jpg 300w, https:\/\/www.karaoketexty.cz\/magazin\/wp-content\/uploads\/2025\/09\/pavol-habera-1024x576.jpg 1024w, https:\/\/www.karaoketexty.cz\/magazin\/wp-content\/uploads\/2025\/09\/pavol-habera-768x432.jpg 768w, https:\/\/www.karaoketexty.cz\/magazin\/wp-content\/uploads\/2025\/09\/pavol-habera-800x450.jpg 800w\" sizes=\"(max-width: 250px) 100vw, 250px\" data-has-transparency=\"false\" data-dominant-color=\"7f7b72\" style=\"--dominant-color: #7f7b72;\" \/>                <\/div>\n                <div class=\"post-details\">\n                    <span class=\"also-read\">\u010ct\u011bte tak\u00e9:<\/span>\n                    <h3 class=\"hed\">Habera a Team vyr\u00e1\u017eej\u00ed na slovensk\u00e9 akustick\u00e9 turn\u00e9<\/h3>\n                <\/div>\n            <\/a>\n            \n\n            <a href=\"https:\/\/www.karaoketexty.cz\/magazin\/uprimna-az-na-dren-bara-basikova-o-muzich-i-materstvi\/\" class=\"related-post-link\">\n                <div class=\"post-thumbnail\">\n                    <img decoding=\"async\" width=\"250\" height=\"153\" src=\"https:\/\/www.karaoketexty.cz\/magazin\/wp-content\/uploads\/2026\/01\/bara-basikova.jpg\" class=\"attachment-250x180 size-250x180 not-transparent\" alt=\"Fotografie B\u00e1ry Basikov\u00e9\" srcset=\"https:\/\/www.karaoketexty.cz\/magazin\/wp-content\/uploads\/2026\/01\/bara-basikova.jpg 1200w, https:\/\/www.karaoketexty.cz\/magazin\/wp-content\/uploads\/2026\/01\/bara-basikova-300x183.jpg 300w, https:\/\/www.karaoketexty.cz\/magazin\/wp-content\/uploads\/2026\/01\/bara-basikova-1024x625.jpg 1024w, https:\/\/www.karaoketexty.cz\/magazin\/wp-content\/uploads\/2026\/01\/bara-basikova-768x468.jpg 768w\" sizes=\"(max-width: 250px) 100vw, 250px\" data-has-transparency=\"false\" data-dominant-color=\"908884\" style=\"--dominant-color: #908884;\" \/>                <\/div>\n                <div class=\"post-details\">\n                    <span class=\"also-read\">\u010ct\u011bte tak\u00e9:<\/span>\n                    <h3 class=\"hed\">Up\u0159\u00edmn\u00e1 a\u017e na d\u0159e\u0148: B\u00e1ra Basikov\u00e1 o mu\u017e\u00edch i mate\u0159stv\u00ed<\/h3>\n                <\/div>\n            <\/a>\n            ","protected":false},"excerpt":{"rendered":"<p>Na obrazovce p\u016fsob\u00ed tvrd\u011b, doma je jin\u00fd. Pavol Habera na\u0161el v Daniele Pe\u0161tov\u00e9 partnerku, s n\u00ed\u017e u\u017e p\u0159es dvacet let stav\u00ed vztah na klidu, respektu a rodin\u011b.<\/p>\n","protected":false},"author":4,"featured_media":6724,"comment_status":"open","ping_status":"closed","sticky":false,"template":"","format":"standard","meta":{"_yoast_wpseo_title":"Pavol Habera a Daniela Pe\u0161tov\u00e1: L\u00e1ska ji\u017e v\u00edc ne\u017e dv\u011b dek\u00e1dy","_yoast_wpseo_metadesc":"Pavol Habera u\u017e je roky po boku \u017eeny, kter\u00e1 je jeho nejv\u011bt\u0161\u00ed jistotou. S Danielou sd\u00edl\u00ed \u017eivot bez ok\u00e1zalosti, zato s pevn\u00fdmi hodnotami.","footnotes":""},"categories":[1059],"tags":[59,4008,5804,101,5031,240,768,375,3942,1883,882,99,1889,2500],"class_list":["post-6744","post","type-post","status-publish","format-standard","has-post-thumbnail","hentry","category-celebrity","tag-bydleni-slavnych","tag-ceske-celebrity-2","tag-daniela-pestova","tag-deti","tag-dlouhodoby-vztah","tag-kariera","tag-modelka","tag-osobni-zivot","tag-partnersky-vztah","tag-pavol-habera","tag-praha","tag-rodina","tag-slovensky-zpevak","tag-soukromi"],"yoast_head":"<!-- This site is optimized with the Yoast SEO plugin v27.4 - https:\/\/yoast.com\/product\/yoast-seo-wordpress\/ -->\n<title>Pavol Habera a Daniela Pe\u0161tov\u00e1: L\u00e1ska ji\u017e v\u00edc ne\u017e dv\u011b dek\u00e1dy<\/title>\n<meta name=\"description\" content=\"Pavol Habera u\u017e je roky po boku \u017eeny, kter\u00e1 je jeho nejv\u011bt\u0161\u00ed jistotou. S Danielou sd\u00edl\u00ed \u017eivot bez ok\u00e1zalosti, zato s pevn\u00fdmi hodnotami.\" \/>\n<meta name=\"robots\" content=\"index, follow, max-snippet:-1, max-image-preview:large, max-video-preview:-1\" \/>\n<link rel=\"canonical\" href=\"https:\/\/www.karaoketexty.cz\/magazin\/pavol-habera-a-daniela-pestova-laska-ktera-vydrzela-vic-nez-dve-dekady\/\" \/>\n<meta property=\"og:locale\" content=\"cs_CZ\" \/>\n<meta property=\"og:type\" content=\"article\" \/>\n<meta property=\"og:title\" content=\"Pavol Habera a Daniela Pe\u0161tov\u00e1: L\u00e1ska ji\u017e v\u00edc ne\u017e dv\u011b dek\u00e1dy\" \/>\n<meta property=\"og:description\" content=\"Pavol Habera u\u017e je roky po boku \u017eeny, kter\u00e1 je jeho nejv\u011bt\u0161\u00ed jistotou. S Danielou sd\u00edl\u00ed \u017eivot bez ok\u00e1zalosti, zato s pevn\u00fdmi hodnotami.\" \/>\n<meta property=\"og:url\" content=\"https:\/\/www.karaoketexty.cz\/magazin\/pavol-habera-a-daniela-pestova-laska-ktera-vydrzela-vic-nez-dve-dekady\/\" \/>\n<meta property=\"og:site_name\" content=\"Stars Magaz\u00edn Karaoketexty.cz\" \/>\n<meta property=\"article:published_time\" content=\"2026-01-24T10:06:00+00:00\" \/>\n<meta property=\"og:image\" content=\"https:\/\/www.karaoketexty.cz\/magazin\/wp-content\/uploads\/2026\/01\/pestova-habera.jpg\" \/>\n\t<meta property=\"og:image:width\" content=\"1200\" \/>\n\t<meta property=\"og:image:height\" content=\"675\" \/>\n\t<meta property=\"og:image:type\" content=\"image\/jpeg\" \/>\n<meta name=\"author\" content=\"Barbora Kop\u0159ivov\u00e1\" \/>\n<meta name=\"twitter:card\" content=\"summary_large_image\" \/>\n<meta name=\"twitter:label1\" content=\"Napsal(a)\" \/>\n\t<meta name=\"twitter:data1\" content=\"Barbora Kop\u0159ivov\u00e1\" \/>\n\t<meta name=\"twitter:label2\" content=\"Odhadovan\u00e1 doba \u010dten\u00ed\" \/>\n\t<meta name=\"twitter:data2\" content=\"2 minuty\" \/>\n<script type=\"application\/ld+json\" class=\"yoast-schema-graph\">{\"@context\":\"https:\\\/\\\/schema.org\",\"@graph\":[{\"@type\":\"Article\",\"@id\":\"https:\\\/\\\/www.karaoketexty.cz\\\/magazin\\\/pavol-habera-a-daniela-pestova-laska-ktera-vydrzela-vic-nez-dve-dekady\\\/#article\",\"isPartOf\":{\"@id\":\"https:\\\/\\\/www.karaoketexty.cz\\\/magazin\\\/pavol-habera-a-daniela-pestova-laska-ktera-vydrzela-vic-nez-dve-dekady\\\/\"},\"author\":{\"name\":\"Barbora Kop\u0159ivov\u00e1\",\"@id\":\"https:\\\/\\\/www.karaoketexty.cz\\\/magazin\\\/#\\\/schema\\\/person\\\/37c0164a04038267c8a56ad6d60df749\"},\"headline\":\"Pavol Habera a Daniela Pe\u0161tov\u00e1: L\u00e1ska, kter\u00e1 vydr\u017eela v\u00edc ne\u017e dv\u011b dek\u00e1dy\",\"datePublished\":\"2026-01-24T10:06:00+00:00\",\"mainEntityOfPage\":{\"@id\":\"https:\\\/\\\/www.karaoketexty.cz\\\/magazin\\\/pavol-habera-a-daniela-pestova-laska-ktera-vydrzela-vic-nez-dve-dekady\\\/\"},\"wordCount\":423,\"commentCount\":0,\"image\":{\"@id\":\"https:\\\/\\\/www.karaoketexty.cz\\\/magazin\\\/pavol-habera-a-daniela-pestova-laska-ktera-vydrzela-vic-nez-dve-dekady\\\/#primaryimage\"},\"thumbnailUrl\":\"https:\\\/\\\/www.karaoketexty.cz\\\/magazin\\\/wp-content\\\/uploads\\\/2026\\\/01\\\/pestova-habera.jpg\",\"keywords\":[\"Bydlen\u00ed slavn\u00fdch\",\"\u010desk\u00e9 celebrity\",\"Daniela Pe\u0161tov\u00e1\",\"D\u011bti\",\"dlouhodob\u00fd vztah\",\"Kari\u00e9ra\",\"modelka\",\"osobn\u00ed \u017eivot\",\"partnersk\u00fd vztah\",\"Pavol Habera\",\"Praha\",\"Rodina\",\"slovensk\u00fd zp\u011bv\u00e1k\",\"soukrom\u00ed\"],\"articleSection\":[\"Celebrity\"],\"inLanguage\":\"cs\",\"potentialAction\":[{\"@type\":\"CommentAction\",\"name\":\"Comment\",\"target\":[\"https:\\\/\\\/www.karaoketexty.cz\\\/magazin\\\/pavol-habera-a-daniela-pestova-laska-ktera-vydrzela-vic-nez-dve-dekady\\\/#respond\"]}]},{\"@type\":\"WebPage\",\"@id\":\"https:\\\/\\\/www.karaoketexty.cz\\\/magazin\\\/pavol-habera-a-daniela-pestova-laska-ktera-vydrzela-vic-nez-dve-dekady\\\/\",\"url\":\"https:\\\/\\\/www.karaoketexty.cz\\\/magazin\\\/pavol-habera-a-daniela-pestova-laska-ktera-vydrzela-vic-nez-dve-dekady\\\/\",\"name\":\"Pavol Habera a Daniela Pe\u0161tov\u00e1: L\u00e1ska ji\u017e v\u00edc ne\u017e dv\u011b dek\u00e1dy\",\"isPartOf\":{\"@id\":\"https:\\\/\\\/www.karaoketexty.cz\\\/magazin\\\/#website\"},\"primaryImageOfPage\":{\"@id\":\"https:\\\/\\\/www.karaoketexty.cz\\\/magazin\\\/pavol-habera-a-daniela-pestova-laska-ktera-vydrzela-vic-nez-dve-dekady\\\/#primaryimage\"},\"image\":{\"@id\":\"https:\\\/\\\/www.karaoketexty.cz\\\/magazin\\\/pavol-habera-a-daniela-pestova-laska-ktera-vydrzela-vic-nez-dve-dekady\\\/#primaryimage\"},\"thumbnailUrl\":\"https:\\\/\\\/www.karaoketexty.cz\\\/magazin\\\/wp-content\\\/uploads\\\/2026\\\/01\\\/pestova-habera.jpg\",\"datePublished\":\"2026-01-24T10:06:00+00:00\",\"author\":{\"@id\":\"https:\\\/\\\/www.karaoketexty.cz\\\/magazin\\\/#\\\/schema\\\/person\\\/37c0164a04038267c8a56ad6d60df749\"},\"description\":\"Pavol Habera u\u017e je roky po boku \u017eeny, kter\u00e1 je jeho nejv\u011bt\u0161\u00ed jistotou. S Danielou sd\u00edl\u00ed \u017eivot bez ok\u00e1zalosti, zato s pevn\u00fdmi hodnotami.\",\"breadcrumb\":{\"@id\":\"https:\\\/\\\/www.karaoketexty.cz\\\/magazin\\\/pavol-habera-a-daniela-pestova-laska-ktera-vydrzela-vic-nez-dve-dekady\\\/#breadcrumb\"},\"inLanguage\":\"cs\",\"potentialAction\":[{\"@type\":\"ReadAction\",\"target\":[\"https:\\\/\\\/www.karaoketexty.cz\\\/magazin\\\/pavol-habera-a-daniela-pestova-laska-ktera-vydrzela-vic-nez-dve-dekady\\\/\"]}]},{\"@type\":\"ImageObject\",\"inLanguage\":\"cs\",\"@id\":\"https:\\\/\\\/www.karaoketexty.cz\\\/magazin\\\/pavol-habera-a-daniela-pestova-laska-ktera-vydrzela-vic-nez-dve-dekady\\\/#primaryimage\",\"url\":\"https:\\\/\\\/www.karaoketexty.cz\\\/magazin\\\/wp-content\\\/uploads\\\/2026\\\/01\\\/pestova-habera.jpg\",\"contentUrl\":\"https:\\\/\\\/www.karaoketexty.cz\\\/magazin\\\/wp-content\\\/uploads\\\/2026\\\/01\\\/pestova-habera.jpg\",\"width\":1200,\"height\":675,\"caption\":\"Fotografie: Nextfoto\"},{\"@type\":\"BreadcrumbList\",\"@id\":\"https:\\\/\\\/www.karaoketexty.cz\\\/magazin\\\/pavol-habera-a-daniela-pestova-laska-ktera-vydrzela-vic-nez-dve-dekady\\\/#breadcrumb\",\"itemListElement\":[{\"@type\":\"ListItem\",\"position\":1,\"name\":\"Dom\u016f\",\"item\":\"https:\\\/\\\/www.karaoketexty.cz\\\/magazin\\\/\"},{\"@type\":\"ListItem\",\"position\":2,\"name\":\"Pavol Habera a Daniela Pe\u0161tov\u00e1: L\u00e1ska, kter\u00e1 vydr\u017eela v\u00edc ne\u017e dv\u011b dek\u00e1dy\"}]},{\"@type\":\"WebSite\",\"@id\":\"https:\\\/\\\/www.karaoketexty.cz\\\/magazin\\\/#website\",\"url\":\"https:\\\/\\\/www.karaoketexty.cz\\\/magazin\\\/\",\"name\":\"Stars Magaz\u00edn Karaoketexty.cz\",\"description\":\"Stars Magaz\u00edn na Karaoketexty.cz je zam\u011b\u0159en\u00fd na novinky ze sv\u011bta hudby a celebrit. Obsahuje \u010dl\u00e1nky o zp\u011bv\u00e1c\u00edch, kapel\u00e1ch, nov\u00fdch albech, hudebn\u00edch trendech a dal\u0161\u00edch zaj\u00edmavostech z hudebn\u00edho pr\u016fmyslu.\",\"potentialAction\":[{\"@type\":\"SearchAction\",\"target\":{\"@type\":\"EntryPoint\",\"urlTemplate\":\"https:\\\/\\\/www.karaoketexty.cz\\\/magazin\\\/?s={search_term_string}\"},\"query-input\":{\"@type\":\"PropertyValueSpecification\",\"valueRequired\":true,\"valueName\":\"search_term_string\"}}],\"inLanguage\":\"cs\"},{\"@type\":\"Person\",\"@id\":\"https:\\\/\\\/www.karaoketexty.cz\\\/magazin\\\/#\\\/schema\\\/person\\\/37c0164a04038267c8a56ad6d60df749\",\"name\":\"Barbora Kop\u0159ivov\u00e1\",\"image\":{\"@type\":\"ImageObject\",\"inLanguage\":\"cs\",\"@id\":\"https:\\\/\\\/secure.gravatar.com\\\/avatar\\\/ad2ef9810228386d580851ef4bdde76abaa96054ff5b068c8873bc91afb2df84?s=96&d=mm&r=g\",\"url\":\"https:\\\/\\\/secure.gravatar.com\\\/avatar\\\/ad2ef9810228386d580851ef4bdde76abaa96054ff5b068c8873bc91afb2df84?s=96&d=mm&r=g\",\"contentUrl\":\"https:\\\/\\\/secure.gravatar.com\\\/avatar\\\/ad2ef9810228386d580851ef4bdde76abaa96054ff5b068c8873bc91afb2df84?s=96&d=mm&r=g\",\"caption\":\"Barbora Kop\u0159ivov\u00e1\"},\"url\":\"https:\\\/\\\/www.karaoketexty.cz\\\/magazin\\\/author\\\/barborakoprivova\\\/\"}]}<\/script>\n<!-- \/ Yoast SEO plugin. -->","yoast_head_json":{"title":"Pavol Habera a Daniela Pe\u0161tov\u00e1: L\u00e1ska ji\u017e v\u00edc ne\u017e dv\u011b dek\u00e1dy","description":"Pavol Habera u\u017e je roky po boku \u017eeny, kter\u00e1 je jeho nejv\u011bt\u0161\u00ed jistotou. S Danielou sd\u00edl\u00ed \u017eivot bez ok\u00e1zalosti, zato s pevn\u00fdmi hodnotami.","robots":{"index":"index","follow":"follow","max-snippet":"max-snippet:-1","max-image-preview":"max-image-preview:large","max-video-preview":"max-video-preview:-1"},"canonical":"https:\/\/www.karaoketexty.cz\/magazin\/pavol-habera-a-daniela-pestova-laska-ktera-vydrzela-vic-nez-dve-dekady\/","og_locale":"cs_CZ","og_type":"article","og_title":"Pavol Habera a Daniela Pe\u0161tov\u00e1: L\u00e1ska ji\u017e v\u00edc ne\u017e dv\u011b dek\u00e1dy","og_description":"Pavol Habera u\u017e je roky po boku \u017eeny, kter\u00e1 je jeho nejv\u011bt\u0161\u00ed jistotou. S Danielou sd\u00edl\u00ed \u017eivot bez ok\u00e1zalosti, zato s pevn\u00fdmi hodnotami.","og_url":"https:\/\/www.karaoketexty.cz\/magazin\/pavol-habera-a-daniela-pestova-laska-ktera-vydrzela-vic-nez-dve-dekady\/","og_site_name":"Stars Magaz\u00edn Karaoketexty.cz","article_published_time":"2026-01-24T10:06:00+00:00","og_image":[{"width":1200,"height":675,"url":"https:\/\/www.karaoketexty.cz\/magazin\/wp-content\/uploads\/2026\/01\/pestova-habera.jpg","type":"image\/jpeg"}],"author":"Barbora Kop\u0159ivov\u00e1","twitter_card":"summary_large_image","twitter_misc":{"Napsal(a)":"Barbora Kop\u0159ivov\u00e1","Odhadovan\u00e1 doba \u010dten\u00ed":"2 minuty"},"schema":{"@context":"https:\/\/schema.org","@graph":[{"@type":"Article","@id":"https:\/\/www.karaoketexty.cz\/magazin\/pavol-habera-a-daniela-pestova-laska-ktera-vydrzela-vic-nez-dve-dekady\/#article","isPartOf":{"@id":"https:\/\/www.karaoketexty.cz\/magazin\/pavol-habera-a-daniela-pestova-laska-ktera-vydrzela-vic-nez-dve-dekady\/"},"author":{"name":"Barbora Kop\u0159ivov\u00e1","@id":"https:\/\/www.karaoketexty.cz\/magazin\/#\/schema\/person\/37c0164a04038267c8a56ad6d60df749"},"headline":"Pavol Habera a Daniela Pe\u0161tov\u00e1: L\u00e1ska, kter\u00e1 vydr\u017eela v\u00edc ne\u017e dv\u011b dek\u00e1dy","datePublished":"2026-01-24T10:06:00+00:00","mainEntityOfPage":{"@id":"https:\/\/www.karaoketexty.cz\/magazin\/pavol-habera-a-daniela-pestova-laska-ktera-vydrzela-vic-nez-dve-dekady\/"},"wordCount":423,"commentCount":0,"image":{"@id":"https:\/\/www.karaoketexty.cz\/magazin\/pavol-habera-a-daniela-pestova-laska-ktera-vydrzela-vic-nez-dve-dekady\/#primaryimage"},"thumbnailUrl":"https:\/\/www.karaoketexty.cz\/magazin\/wp-content\/uploads\/2026\/01\/pestova-habera.jpg","keywords":["Bydlen\u00ed slavn\u00fdch","\u010desk\u00e9 celebrity","Daniela Pe\u0161tov\u00e1","D\u011bti","dlouhodob\u00fd vztah","Kari\u00e9ra","modelka","osobn\u00ed \u017eivot","partnersk\u00fd vztah","Pavol Habera","Praha","Rodina","slovensk\u00fd zp\u011bv\u00e1k","soukrom\u00ed"],"articleSection":["Celebrity"],"inLanguage":"cs","potentialAction":[{"@type":"CommentAction","name":"Comment","target":["https:\/\/www.karaoketexty.cz\/magazin\/pavol-habera-a-daniela-pestova-laska-ktera-vydrzela-vic-nez-dve-dekady\/#respond"]}]},{"@type":"WebPage","@id":"https:\/\/www.karaoketexty.cz\/magazin\/pavol-habera-a-daniela-pestova-laska-ktera-vydrzela-vic-nez-dve-dekady\/","url":"https:\/\/www.karaoketexty.cz\/magazin\/pavol-habera-a-daniela-pestova-laska-ktera-vydrzela-vic-nez-dve-dekady\/","name":"Pavol Habera a Daniela Pe\u0161tov\u00e1: L\u00e1ska ji\u017e v\u00edc ne\u017e dv\u011b dek\u00e1dy","isPartOf":{"@id":"https:\/\/www.karaoketexty.cz\/magazin\/#website"},"primaryImageOfPage":{"@id":"https:\/\/www.karaoketexty.cz\/magazin\/pavol-habera-a-daniela-pestova-laska-ktera-vydrzela-vic-nez-dve-dekady\/#primaryimage"},"image":{"@id":"https:\/\/www.karaoketexty.cz\/magazin\/pavol-habera-a-daniela-pestova-laska-ktera-vydrzela-vic-nez-dve-dekady\/#primaryimage"},"thumbnailUrl":"https:\/\/www.karaoketexty.cz\/magazin\/wp-content\/uploads\/2026\/01\/pestova-habera.jpg","datePublished":"2026-01-24T10:06:00+00:00","author":{"@id":"https:\/\/www.karaoketexty.cz\/magazin\/#\/schema\/person\/37c0164a04038267c8a56ad6d60df749"},"description":"Pavol Habera u\u017e je roky po boku \u017eeny, kter\u00e1 je jeho nejv\u011bt\u0161\u00ed jistotou. S Danielou sd\u00edl\u00ed \u017eivot bez ok\u00e1zalosti, zato s pevn\u00fdmi hodnotami.","breadcrumb":{"@id":"https:\/\/www.karaoketexty.cz\/magazin\/pavol-habera-a-daniela-pestova-laska-ktera-vydrzela-vic-nez-dve-dekady\/#breadcrumb"},"inLanguage":"cs","potentialAction":[{"@type":"ReadAction","target":["https:\/\/www.karaoketexty.cz\/magazin\/pavol-habera-a-daniela-pestova-laska-ktera-vydrzela-vic-nez-dve-dekady\/"]}]},{"@type":"ImageObject","inLanguage":"cs","@id":"https:\/\/www.karaoketexty.cz\/magazin\/pavol-habera-a-daniela-pestova-laska-ktera-vydrzela-vic-nez-dve-dekady\/#primaryimage","url":"https:\/\/www.karaoketexty.cz\/magazin\/wp-content\/uploads\/2026\/01\/pestova-habera.jpg","contentUrl":"https:\/\/www.karaoketexty.cz\/magazin\/wp-content\/uploads\/2026\/01\/pestova-habera.jpg","width":1200,"height":675,"caption":"Fotografie: Nextfoto"},{"@type":"BreadcrumbList","@id":"https:\/\/www.karaoketexty.cz\/magazin\/pavol-habera-a-daniela-pestova-laska-ktera-vydrzela-vic-nez-dve-dekady\/#breadcrumb","itemListElement":[{"@type":"ListItem","position":1,"name":"Dom\u016f","item":"https:\/\/www.karaoketexty.cz\/magazin\/"},{"@type":"ListItem","position":2,"name":"Pavol Habera a Daniela Pe\u0161tov\u00e1: L\u00e1ska, kter\u00e1 vydr\u017eela v\u00edc ne\u017e dv\u011b dek\u00e1dy"}]},{"@type":"WebSite","@id":"https:\/\/www.karaoketexty.cz\/magazin\/#website","url":"https:\/\/www.karaoketexty.cz\/magazin\/","name":"Stars Magaz\u00edn Karaoketexty.cz","description":"Stars Magaz\u00edn na Karaoketexty.cz je zam\u011b\u0159en\u00fd na novinky ze sv\u011bta hudby a celebrit. Obsahuje \u010dl\u00e1nky o zp\u011bv\u00e1c\u00edch, kapel\u00e1ch, nov\u00fdch albech, hudebn\u00edch trendech a dal\u0161\u00edch zaj\u00edmavostech z hudebn\u00edho pr\u016fmyslu.","potentialAction":[{"@type":"SearchAction","target":{"@type":"EntryPoint","urlTemplate":"https:\/\/www.karaoketexty.cz\/magazin\/?s={search_term_string}"},"query-input":{"@type":"PropertyValueSpecification","valueRequired":true,"valueName":"search_term_string"}}],"inLanguage":"cs"},{"@type":"Person","@id":"https:\/\/www.karaoketexty.cz\/magazin\/#\/schema\/person\/37c0164a04038267c8a56ad6d60df749","name":"Barbora Kop\u0159ivov\u00e1","image":{"@type":"ImageObject","inLanguage":"cs","@id":"https:\/\/secure.gravatar.com\/avatar\/ad2ef9810228386d580851ef4bdde76abaa96054ff5b068c8873bc91afb2df84?s=96&d=mm&r=g","url":"https:\/\/secure.gravatar.com\/avatar\/ad2ef9810228386d580851ef4bdde76abaa96054ff5b068c8873bc91afb2df84?s=96&d=mm&r=g","contentUrl":"https:\/\/secure.gravatar.com\/avatar\/ad2ef9810228386d580851ef4bdde76abaa96054ff5b068c8873bc91afb2df84?s=96&d=mm&r=g","caption":"Barbora Kop\u0159ivov\u00e1"},"url":"https:\/\/www.karaoketexty.cz\/magazin\/author\/barborakoprivova\/"}]}},"_links":{"self":[{"href":"https:\/\/www.karaoketexty.cz\/magazin\/wp-json\/wp\/v2\/posts\/6744","targetHints":{"allow":["GET"]}}],"collection":[{"href":"https:\/\/www.karaoketexty.cz\/magazin\/wp-json\/wp\/v2\/posts"}],"about":[{"href":"https:\/\/www.karaoketexty.cz\/magazin\/wp-json\/wp\/v2\/types\/post"}],"author":[{"embeddable":true,"href":"https:\/\/www.karaoketexty.cz\/magazin\/wp-json\/wp\/v2\/users\/4"}],"replies":[{"embeddable":true,"href":"https:\/\/www.karaoketexty.cz\/magazin\/wp-json\/wp\/v2\/comments?post=6744"}],"version-history":[{"count":3,"href":"https:\/\/www.karaoketexty.cz\/magazin\/wp-json\/wp\/v2\/posts\/6744\/revisions"}],"predecessor-version":[{"id":7033,"href":"https:\/\/www.karaoketexty.cz\/magazin\/wp-json\/wp\/v2\/posts\/6744\/revisions\/7033"}],"wp:featuredmedia":[{"embeddable":true,"href":"https:\/\/www.karaoketexty.cz\/magazin\/wp-json\/wp\/v2\/media\/6724"}],"wp:attachment":[{"href":"https:\/\/www.karaoketexty.cz\/magazin\/wp-json\/wp\/v2\/media?parent=6744"}],"wp:term":[{"taxonomy":"category","embeddable":true,"href":"https:\/\/www.karaoketexty.cz\/magazin\/wp-json\/wp\/v2\/categories?post=6744"},{"taxonomy":"post_tag","embeddable":true,"href":"https:\/\/www.karaoketexty.cz\/magazin\/wp-json\/wp\/v2\/tags?post=6744"}],"curies":[{"name":"wp","href":"https:\/\/api.w.org\/{rel}","templated":true}]}}