{"id":6742,"date":"2026-01-22T13:21:00","date_gmt":"2026-01-22T12:21:00","guid":{"rendered":"https:\/\/www.karaoketexty.cz\/magazin\/?p=6742"},"modified":"2026-01-20T11:19:07","modified_gmt":"2026-01-20T10:19:07","slug":"jak-zije-pavol-habera-s-danielou-pestovou-vila-v-hodkovickach-je-blizko-prirode-ale-na-dosah-centra","status":"publish","type":"post","link":"https:\/\/www.karaoketexty.cz\/magazin\/jak-zije-pavol-habera-s-danielou-pestovou-vila-v-hodkovickach-je-blizko-prirode-ale-na-dosah-centra\/","title":{"rendered":"Jak \u017eije Pavol Habera s Danielou Pe\u0161tovou: Vila v Hodkovi\u010dk\u00e1ch je bl\u00edzko p\u0159\u00edrod\u011b, ale na dosah centra"},"content":{"rendered":"\n<p><strong>Dlouh\u00e1 l\u00e9ta pendluj\u00ed mezi r\u016fzn\u00fdmi \u201esv\u011bty\u201c, p\u0159esto zakotvili v Praze. Vila v Hodkovi\u010dk\u00e1ch d\u00e1v\u00e1 Haberovi klid na tvorbu a Daniele Pe\u0161tov\u00e9 bl\u00edzkost m\u011bsta, na kter\u00e9 je zvykl\u00e1.<\/strong><\/p>\n\n\n\n<p>Pavol Habera a Daniela Pe\u0161tov\u00e1 tvo\u0159\u00ed p\u00e1r u\u017e v\u00edc ne\u017e dv\u011b dek\u00e1dy. Pro\u0161li si \u017eivotem v zahrani\u010d\u00ed i n\u00e1vraty dom\u016f. Nakonec se usadili v pra\u017esk\u00fdch Hodkovi\u010dk\u00e1ch, kde stoj\u00ed vila obklopen\u00e1 zelen\u00ed. D\u016fm p\u016fsob\u00ed nen\u00e1padn\u011b, p\u0159esto nab\u00edz\u00ed velkorys\u00fd prostor. Uvnit\u0159 vzniklo z\u00e1zem\u00ed pro rodinu i pr\u00e1ci, venku zahrada, kter\u00e1 d\u00e1v\u00e1 zapomenout na ruch m\u011bsta. Na Karaoketexty jsme se pr\u00e1v\u011b na jejich bydlen\u00ed zam\u011b\u0159ili.<\/p>\n\n\n<!-- karaoketexty.cz \/ rectangle2 -->\n<div id=\"PX_37086_709110796310826\"><\/div>\n<script>\n   if(!useMobileAds && !boolUseSeznamAds && !hideAllAds){\n     window.px2 = window.px2 || { conf: {},queue: [] };\n     px2.queue.push(function () {\n        px2.render({\n           slot: {\n              id: 37086\n           },\n            elem: \"PX_37086_709110796310826\"\n        })\n     });\n  }\n<\/script>\n\n<!-- karaoketexty.cz \/ mobile-rectangle3 -->\n<div id=\"PX_37044_714599773297004\"><\/div>\n<script>\n   if(useMobileAds && !boolUseSeznamAds && !hideAllAds){\nwindow.px2 = window.px2 || { conf: {},queue: [] };\npx2.queue.push(function () {\n\tpx2.render({\n\t\tslot: {\n\t\t\tid: 37044\n\t\t},\n\t\telem: \"PX_37044_714599773297004\"\n\t})\n});\n}\n<\/script>\n\n\n<h2 class=\"wp-block-heading\">\u017divot mezi kontinenty<\/h2>\n\n\n\n<p>Na za\u010d\u00e1tku vztahu tr\u00e1vila Daniela v\u011bt\u0161inu \u010dasu v USA. Pavol za n\u00ed l\u00e9tal a cesty spojoval s n\u00e1v\u0161t\u011bvami rodiny. N\u011bkolik let \u017eili v New Yorku, kde Daniela vlastn\u00ed loftov\u00fd byt na Manhattanu, konkr\u00e9tn\u011b v um\u011bleck\u00e9 \u010dtvrti SoHo. M\u011bsto jim nab\u00edzelo energii, pr\u00e1ci i inspiraci, ale dlouhodob\u011b se uk\u00e1zalo, \u017ee Habera pot\u0159ebuje pevn\u011bj\u0161\u00ed z\u00e1klad v \u010cesku.<\/p>\n\n\n\n<p>\u010cast\u00e9 p\u0159esuny a pracovn\u00ed povinnosti nakonec rozhodly. Rodina se p\u0159esunula do Prahy a vym\u011bnila americk\u00fd ruch za klidn\u011bj\u0161\u00ed rytmus. Hodkovi\u010dky nab\u00eddly kompromis. Do centra je to kousek, tramvaj v\u00e1s doveze na V\u00e1clavsk\u00e9 n\u00e1m\u011bst\u00ed b\u011bhem chv\u00edle, p\u0159esto tu vl\u00e1dne ticho a zele\u0148.<\/p>\n\n\n<!-- karaoketexty.cz \/ interscroller1 -->\n\n<div id=\"PX_37041_825057871452834\"><\/div>\n<script>\nif(useMobileAds && !boolUseSeznamAds && !hideAllAds){\n\twindow.px2 = window.px2 || { conf: {},queue: [] };\n\tpx2.queue.push(function () {\n\t\tpx2.render({\n\t\t\tslot: {\n\t\t\t\tid: 37041\n\t\t\t},\n\t\t\telem: \"PX_37041_825057871452834\"\n\t\t})\n\t});\n}\n<\/script>\n\n\n<h2 class=\"wp-block-heading\">Vila jako kompromis<\/h2>\n\n\n\n<p>Daniela m\u00e1 r\u00e1da m\u011bstsk\u00fd \u017eivot. Pavol naopak t\u00edhne k p\u0159\u00edrod\u011b, v n\u00ed\u017e vyr\u016fstal ve slovensk\u00e9m m\u011bst\u011b Brezno. Vila v Hodkovi\u010dk\u00e1ch ob\u011b pot\u0159eby spojuje. Lesopark hned za plotem, p\u0159itom Praha na dosah. \u010ctvr\u0165 si dr\u017e\u00ed klidn\u00fd r\u00e1z a nen\u00ed v\u00fdjimkou potkat v okol\u00ed zv\u011b\u0159.<\/p>\n\n\n\n<iframe src=\"https:\/\/assets.pinterest.com\/ext\/embed.html?id=596656650666991603\" height=\"613\" width=\"600\" frameborder=\"0\" scrolling=\"no\" ><\/iframe>\n\n\n\n<p>Uvnit\u0159 vl\u00e1dne jednoduchost a vkus. Sv\u011btl\u00e9 barvy, p\u0159\u00edrodn\u00ed materi\u00e1ly a dostatek sv\u011btla. Kuchyn\u011b pat\u0159\u00ed Daniele, kter\u00e1 tu tr\u00e1v\u00ed dost \u010dasu, i kdy\u017e jak se sv\u011b\u0159ila na soci\u00e1ln\u00edch s\u00edt\u00edch, sna\u017e\u00ed se vyb\u00edrat sp\u00ed\u0161e jednodu\u0161\u0161\u00ed j\u00eddla. Pavol m\u00e1 vlastn\u00ed pracovnu i nahr\u00e1vac\u00ed studio, tak\u017ee m\u016f\u017ee tvo\u0159it doma, bez zbyte\u010dn\u00e9ho shonu. D\u016fm nep\u016fsob\u00ed jako v\u00fdstavn\u00ed s\u00eddlo celebrit, sp\u00ed\u0161 jako promy\u0161len\u00fd domov, kde se dob\u0159e \u017eije. A pr\u00e1v\u011b to z n\u011bj d\u011bl\u00e1 m\u00edsto, kam se oba r\u00e1di vracej\u00ed.<\/p>\n\n\n\n<p>Zdroj: Autorsk\u00fd text, <a href=\"https:\/\/sk.wikipedia.org\/wiki\/Pavol_Habera\" target=\"_blank\" rel=\"noreferrer noopener nofollow\">Wikipedie<\/a>, <a href=\"https:\/\/www.super.cz\/clanek\/celebrity-luxusni-bejvak-na-skvele-adrese-mame-fotky-nadherne-vily-daniely-pestove-a-pala-habery-16158\">Super<\/a>, <a href=\"https:\/\/www.blesk.cz\/clanek\/celebrity\/44416\/habera-si-zije-ve-vile.html\" target=\"_blank\" rel=\"noreferrer noopener nofollow\">Blesk<\/a>, <a href=\"https:\/\/www.instagram.com\/p\/CAIS7-kAJLI\" target=\"_blank\" rel=\"noreferrer noopener nofollow\">Instagram DanielaPe\u0161tov\u00e1<\/a><\/p>\n\n\n            <a href=\"https:\/\/www.karaoketexty.cz\/magazin\/habera-a-team-vyrazeji-na-slovenske-akusticke-turne\/\" class=\"related-post-link\">\n                <div class=\"post-thumbnail\">\n                    <img decoding=\"async\" width=\"250\" height=\"141\" src=\"https:\/\/www.karaoketexty.cz\/magazin\/wp-content\/uploads\/2025\/09\/pavol-habera.jpg\" class=\"attachment-250x180 size-250x180 not-transparent\" alt=\"Pavol Habera na KVIFF v roce 2018\" srcset=\"https:\/\/www.karaoketexty.cz\/magazin\/wp-content\/uploads\/2025\/09\/pavol-habera.jpg 1200w, https:\/\/www.karaoketexty.cz\/magazin\/wp-content\/uploads\/2025\/09\/pavol-habera-300x169.jpg 300w, https:\/\/www.karaoketexty.cz\/magazin\/wp-content\/uploads\/2025\/09\/pavol-habera-1024x576.jpg 1024w, https:\/\/www.karaoketexty.cz\/magazin\/wp-content\/uploads\/2025\/09\/pavol-habera-768x432.jpg 768w, https:\/\/www.karaoketexty.cz\/magazin\/wp-content\/uploads\/2025\/09\/pavol-habera-800x450.jpg 800w\" sizes=\"(max-width: 250px) 100vw, 250px\" data-has-transparency=\"false\" data-dominant-color=\"7f7b72\" style=\"--dominant-color: #7f7b72;\" \/>                <\/div>\n                <div class=\"post-details\">\n                    <span class=\"also-read\">\u010ct\u011bte tak\u00e9:<\/span>\n                    <h3 class=\"hed\">Habera a Team vyr\u00e1\u017eej\u00ed na slovensk\u00e9 akustick\u00e9 turn\u00e9<\/h3>\n                <\/div>\n            <\/a>\n            \n\n            <a href=\"https:\/\/www.karaoketexty.cz\/magazin\/barbara-hascakova-z-mc-erik-barbara-hlas-devadesatek-a-nedokonceny-pribeh\/\" class=\"related-post-link\">\n                <div class=\"post-thumbnail\">\n                    <img decoding=\"async\" width=\"250\" height=\"141\" src=\"https:\/\/www.karaoketexty.cz\/magazin\/wp-content\/uploads\/2025\/12\/svicka.jpg\" class=\"attachment-250x180 size-250x180 not-transparent\" alt=\"\" srcset=\"https:\/\/www.karaoketexty.cz\/magazin\/wp-content\/uploads\/2025\/12\/svicka.jpg 1200w, https:\/\/www.karaoketexty.cz\/magazin\/wp-content\/uploads\/2025\/12\/svicka-300x169.jpg 300w, https:\/\/www.karaoketexty.cz\/magazin\/wp-content\/uploads\/2025\/12\/svicka-1024x576.jpg 1024w, https:\/\/www.karaoketexty.cz\/magazin\/wp-content\/uploads\/2025\/12\/svicka-768x432.jpg 768w, https:\/\/www.karaoketexty.cz\/magazin\/wp-content\/uploads\/2025\/12\/svicka-800x450.jpg 800w\" sizes=\"(max-width: 250px) 100vw, 250px\" data-has-transparency=\"false\" data-dominant-color=\"23160b\" style=\"--dominant-color: #23160b;\" \/>                <\/div>\n                <div class=\"post-details\">\n                    <span class=\"also-read\">\u010ct\u011bte tak\u00e9:<\/span>\n                    <h3 class=\"hed\">Barbara Ha\u0161\u010d\u00e1kov\u00e1 z MC Erik &amp; Barbara: Hlas devades\u00e1tek a nedokon\u010den\u00fd p\u0159\u00edb\u011bh<\/h3>\n                <\/div>\n            <\/a>\n            ","protected":false},"excerpt":{"rendered":"<p>Dlouh\u00e1 l\u00e9ta pendluj\u00ed mezi sv\u011bty, p\u0159esto zakotvili v Praze. Vila v Hodkovi\u010dk\u00e1ch d\u00e1v\u00e1 Haberovi klid na tvorbu a Daniele Pe\u0161tov\u00e9 bl\u00edzkost m\u011bsta, na kter\u00e9 je zvykl\u00e1.<\/p>\n","protected":false},"author":4,"featured_media":6725,"comment_status":"open","ping_status":"closed","sticky":false,"template":"","format":"standard","meta":{"_yoast_wpseo_title":"Jak \u017eije Pavol Habera: Vila v klidu, ale na dosah centra","_yoast_wpseo_metadesc":"Pavol Habera a Daniela Pe\u0161tov\u00e1 na\u0161li domov, kter\u00fd poj\u00ed ticho lesa s m\u011bstsk\u00fdm komfortem. Vila v Hodkovi\u010dk\u00e1ch nab\u00edz\u00ed soukrom\u00ed.","footnotes":""},"categories":[1059],"tags":[59,4008,5804,1006,5806,240,768,375,3942,1883,882,99,1889,5805,2544],"class_list":["post-6742","post","type-post","status-publish","format-standard","has-post-thumbnail","hentry","category-celebrity","tag-bydleni-slavnych","tag-ceske-celebrity-2","tag-daniela-pestova","tag-domaci-studio","tag-hodkovicky","tag-kariera","tag-modelka","tag-osobni-zivot","tag-partnersky-vztah","tag-pavol-habera","tag-praha","tag-rodina","tag-slovensky-zpevak","tag-vila","tag-zivotni-styl"],"yoast_head":"<!-- This site is optimized with the Yoast SEO plugin v27.4 - https:\/\/yoast.com\/product\/yoast-seo-wordpress\/ -->\n<title>Jak \u017eije Pavol Habera: Vila v klidu, ale na dosah centra<\/title>\n<meta name=\"description\" content=\"Pavol Habera a Daniela Pe\u0161tov\u00e1 na\u0161li domov, kter\u00fd poj\u00ed ticho lesa s m\u011bstsk\u00fdm komfortem. Vila v Hodkovi\u010dk\u00e1ch nab\u00edz\u00ed soukrom\u00ed.\" \/>\n<meta name=\"robots\" content=\"index, follow, max-snippet:-1, max-image-preview:large, max-video-preview:-1\" \/>\n<link rel=\"canonical\" href=\"https:\/\/www.karaoketexty.cz\/magazin\/jak-zije-pavol-habera-s-danielou-pestovou-vila-v-hodkovickach-je-blizko-prirode-ale-na-dosah-centra\/\" \/>\n<meta property=\"og:locale\" content=\"cs_CZ\" \/>\n<meta property=\"og:type\" content=\"article\" \/>\n<meta property=\"og:title\" content=\"Jak \u017eije Pavol Habera: Vila v klidu, ale na dosah centra\" \/>\n<meta property=\"og:description\" content=\"Pavol Habera a Daniela Pe\u0161tov\u00e1 na\u0161li domov, kter\u00fd poj\u00ed ticho lesa s m\u011bstsk\u00fdm komfortem. Vila v Hodkovi\u010dk\u00e1ch nab\u00edz\u00ed soukrom\u00ed.\" \/>\n<meta property=\"og:url\" content=\"https:\/\/www.karaoketexty.cz\/magazin\/jak-zije-pavol-habera-s-danielou-pestovou-vila-v-hodkovickach-je-blizko-prirode-ale-na-dosah-centra\/\" \/>\n<meta property=\"og:site_name\" content=\"Stars Magaz\u00edn Karaoketexty.cz\" \/>\n<meta property=\"article:published_time\" content=\"2026-01-22T12:21:00+00:00\" \/>\n<meta property=\"og:image\" content=\"https:\/\/www.karaoketexty.cz\/magazin\/wp-content\/uploads\/2026\/01\/pestova-pavol-habera.jpg\" \/>\n\t<meta property=\"og:image:width\" content=\"1200\" \/>\n\t<meta property=\"og:image:height\" content=\"675\" \/>\n\t<meta property=\"og:image:type\" content=\"image\/jpeg\" \/>\n<meta name=\"author\" content=\"Barbora Kop\u0159ivov\u00e1\" \/>\n<meta name=\"twitter:card\" content=\"summary_large_image\" \/>\n<meta name=\"twitter:label1\" content=\"Napsal(a)\" \/>\n\t<meta name=\"twitter:data1\" content=\"Barbora Kop\u0159ivov\u00e1\" \/>\n\t<meta name=\"twitter:label2\" content=\"Odhadovan\u00e1 doba \u010dten\u00ed\" \/>\n\t<meta name=\"twitter:data2\" content=\"2 minuty\" \/>\n<script type=\"application\/ld+json\" class=\"yoast-schema-graph\">{\"@context\":\"https:\\\/\\\/schema.org\",\"@graph\":[{\"@type\":\"Article\",\"@id\":\"https:\\\/\\\/www.karaoketexty.cz\\\/magazin\\\/jak-zije-pavol-habera-s-danielou-pestovou-vila-v-hodkovickach-je-blizko-prirode-ale-na-dosah-centra\\\/#article\",\"isPartOf\":{\"@id\":\"https:\\\/\\\/www.karaoketexty.cz\\\/magazin\\\/jak-zije-pavol-habera-s-danielou-pestovou-vila-v-hodkovickach-je-blizko-prirode-ale-na-dosah-centra\\\/\"},\"author\":{\"name\":\"Barbora Kop\u0159ivov\u00e1\",\"@id\":\"https:\\\/\\\/www.karaoketexty.cz\\\/magazin\\\/#\\\/schema\\\/person\\\/37c0164a04038267c8a56ad6d60df749\"},\"headline\":\"Jak \u017eije Pavol Habera s Danielou Pe\u0161tovou: Vila v Hodkovi\u010dk\u00e1ch je bl\u00edzko p\u0159\u00edrod\u011b, ale na dosah centra\",\"datePublished\":\"2026-01-22T12:21:00+00:00\",\"mainEntityOfPage\":{\"@id\":\"https:\\\/\\\/www.karaoketexty.cz\\\/magazin\\\/jak-zije-pavol-habera-s-danielou-pestovou-vila-v-hodkovickach-je-blizko-prirode-ale-na-dosah-centra\\\/\"},\"wordCount\":447,\"commentCount\":0,\"image\":{\"@id\":\"https:\\\/\\\/www.karaoketexty.cz\\\/magazin\\\/jak-zije-pavol-habera-s-danielou-pestovou-vila-v-hodkovickach-je-blizko-prirode-ale-na-dosah-centra\\\/#primaryimage\"},\"thumbnailUrl\":\"https:\\\/\\\/www.karaoketexty.cz\\\/magazin\\\/wp-content\\\/uploads\\\/2026\\\/01\\\/pestova-pavol-habera.jpg\",\"keywords\":[\"Bydlen\u00ed slavn\u00fdch\",\"\u010desk\u00e9 celebrity\",\"Daniela Pe\u0161tov\u00e1\",\"dom\u00e1c\u00ed studio\",\"Hodkovi\u010dky\",\"Kari\u00e9ra\",\"modelka\",\"osobn\u00ed \u017eivot\",\"partnersk\u00fd vztah\",\"Pavol Habera\",\"Praha\",\"Rodina\",\"slovensk\u00fd zp\u011bv\u00e1k\",\"vila\",\"\u017eivotn\u00ed styl\"],\"articleSection\":[\"Celebrity\"],\"inLanguage\":\"cs\",\"potentialAction\":[{\"@type\":\"CommentAction\",\"name\":\"Comment\",\"target\":[\"https:\\\/\\\/www.karaoketexty.cz\\\/magazin\\\/jak-zije-pavol-habera-s-danielou-pestovou-vila-v-hodkovickach-je-blizko-prirode-ale-na-dosah-centra\\\/#respond\"]}]},{\"@type\":\"WebPage\",\"@id\":\"https:\\\/\\\/www.karaoketexty.cz\\\/magazin\\\/jak-zije-pavol-habera-s-danielou-pestovou-vila-v-hodkovickach-je-blizko-prirode-ale-na-dosah-centra\\\/\",\"url\":\"https:\\\/\\\/www.karaoketexty.cz\\\/magazin\\\/jak-zije-pavol-habera-s-danielou-pestovou-vila-v-hodkovickach-je-blizko-prirode-ale-na-dosah-centra\\\/\",\"name\":\"Jak \u017eije Pavol Habera: Vila v klidu, ale na dosah centra\",\"isPartOf\":{\"@id\":\"https:\\\/\\\/www.karaoketexty.cz\\\/magazin\\\/#website\"},\"primaryImageOfPage\":{\"@id\":\"https:\\\/\\\/www.karaoketexty.cz\\\/magazin\\\/jak-zije-pavol-habera-s-danielou-pestovou-vila-v-hodkovickach-je-blizko-prirode-ale-na-dosah-centra\\\/#primaryimage\"},\"image\":{\"@id\":\"https:\\\/\\\/www.karaoketexty.cz\\\/magazin\\\/jak-zije-pavol-habera-s-danielou-pestovou-vila-v-hodkovickach-je-blizko-prirode-ale-na-dosah-centra\\\/#primaryimage\"},\"thumbnailUrl\":\"https:\\\/\\\/www.karaoketexty.cz\\\/magazin\\\/wp-content\\\/uploads\\\/2026\\\/01\\\/pestova-pavol-habera.jpg\",\"datePublished\":\"2026-01-22T12:21:00+00:00\",\"author\":{\"@id\":\"https:\\\/\\\/www.karaoketexty.cz\\\/magazin\\\/#\\\/schema\\\/person\\\/37c0164a04038267c8a56ad6d60df749\"},\"description\":\"Pavol Habera a Daniela Pe\u0161tov\u00e1 na\u0161li domov, kter\u00fd poj\u00ed ticho lesa s m\u011bstsk\u00fdm komfortem. Vila v Hodkovi\u010dk\u00e1ch nab\u00edz\u00ed soukrom\u00ed.\",\"breadcrumb\":{\"@id\":\"https:\\\/\\\/www.karaoketexty.cz\\\/magazin\\\/jak-zije-pavol-habera-s-danielou-pestovou-vila-v-hodkovickach-je-blizko-prirode-ale-na-dosah-centra\\\/#breadcrumb\"},\"inLanguage\":\"cs\",\"potentialAction\":[{\"@type\":\"ReadAction\",\"target\":[\"https:\\\/\\\/www.karaoketexty.cz\\\/magazin\\\/jak-zije-pavol-habera-s-danielou-pestovou-vila-v-hodkovickach-je-blizko-prirode-ale-na-dosah-centra\\\/\"]}]},{\"@type\":\"ImageObject\",\"inLanguage\":\"cs\",\"@id\":\"https:\\\/\\\/www.karaoketexty.cz\\\/magazin\\\/jak-zije-pavol-habera-s-danielou-pestovou-vila-v-hodkovickach-je-blizko-prirode-ale-na-dosah-centra\\\/#primaryimage\",\"url\":\"https:\\\/\\\/www.karaoketexty.cz\\\/magazin\\\/wp-content\\\/uploads\\\/2026\\\/01\\\/pestova-pavol-habera.jpg\",\"contentUrl\":\"https:\\\/\\\/www.karaoketexty.cz\\\/magazin\\\/wp-content\\\/uploads\\\/2026\\\/01\\\/pestova-pavol-habera.jpg\",\"width\":1200,\"height\":675,\"caption\":\"Fotografie: Nextfoto\"},{\"@type\":\"BreadcrumbList\",\"@id\":\"https:\\\/\\\/www.karaoketexty.cz\\\/magazin\\\/jak-zije-pavol-habera-s-danielou-pestovou-vila-v-hodkovickach-je-blizko-prirode-ale-na-dosah-centra\\\/#breadcrumb\",\"itemListElement\":[{\"@type\":\"ListItem\",\"position\":1,\"name\":\"Dom\u016f\",\"item\":\"https:\\\/\\\/www.karaoketexty.cz\\\/magazin\\\/\"},{\"@type\":\"ListItem\",\"position\":2,\"name\":\"Jak \u017eije Pavol Habera s Danielou Pe\u0161tovou: Vila v Hodkovi\u010dk\u00e1ch je bl\u00edzko p\u0159\u00edrod\u011b, ale na dosah centra\"}]},{\"@type\":\"WebSite\",\"@id\":\"https:\\\/\\\/www.karaoketexty.cz\\\/magazin\\\/#website\",\"url\":\"https:\\\/\\\/www.karaoketexty.cz\\\/magazin\\\/\",\"name\":\"Stars Magaz\u00edn Karaoketexty.cz\",\"description\":\"Stars Magaz\u00edn na Karaoketexty.cz je zam\u011b\u0159en\u00fd na novinky ze sv\u011bta hudby a celebrit. Obsahuje \u010dl\u00e1nky o zp\u011bv\u00e1c\u00edch, kapel\u00e1ch, nov\u00fdch albech, hudebn\u00edch trendech a dal\u0161\u00edch zaj\u00edmavostech z hudebn\u00edho pr\u016fmyslu.\",\"potentialAction\":[{\"@type\":\"SearchAction\",\"target\":{\"@type\":\"EntryPoint\",\"urlTemplate\":\"https:\\\/\\\/www.karaoketexty.cz\\\/magazin\\\/?s={search_term_string}\"},\"query-input\":{\"@type\":\"PropertyValueSpecification\",\"valueRequired\":true,\"valueName\":\"search_term_string\"}}],\"inLanguage\":\"cs\"},{\"@type\":\"Person\",\"@id\":\"https:\\\/\\\/www.karaoketexty.cz\\\/magazin\\\/#\\\/schema\\\/person\\\/37c0164a04038267c8a56ad6d60df749\",\"name\":\"Barbora Kop\u0159ivov\u00e1\",\"image\":{\"@type\":\"ImageObject\",\"inLanguage\":\"cs\",\"@id\":\"https:\\\/\\\/secure.gravatar.com\\\/avatar\\\/ad2ef9810228386d580851ef4bdde76abaa96054ff5b068c8873bc91afb2df84?s=96&d=mm&r=g\",\"url\":\"https:\\\/\\\/secure.gravatar.com\\\/avatar\\\/ad2ef9810228386d580851ef4bdde76abaa96054ff5b068c8873bc91afb2df84?s=96&d=mm&r=g\",\"contentUrl\":\"https:\\\/\\\/secure.gravatar.com\\\/avatar\\\/ad2ef9810228386d580851ef4bdde76abaa96054ff5b068c8873bc91afb2df84?s=96&d=mm&r=g\",\"caption\":\"Barbora Kop\u0159ivov\u00e1\"},\"url\":\"https:\\\/\\\/www.karaoketexty.cz\\\/magazin\\\/author\\\/barborakoprivova\\\/\"}]}<\/script>\n<!-- \/ Yoast SEO plugin. -->","yoast_head_json":{"title":"Jak \u017eije Pavol Habera: Vila v klidu, ale na dosah centra","description":"Pavol Habera a Daniela Pe\u0161tov\u00e1 na\u0161li domov, kter\u00fd poj\u00ed ticho lesa s m\u011bstsk\u00fdm komfortem. Vila v Hodkovi\u010dk\u00e1ch nab\u00edz\u00ed soukrom\u00ed.","robots":{"index":"index","follow":"follow","max-snippet":"max-snippet:-1","max-image-preview":"max-image-preview:large","max-video-preview":"max-video-preview:-1"},"canonical":"https:\/\/www.karaoketexty.cz\/magazin\/jak-zije-pavol-habera-s-danielou-pestovou-vila-v-hodkovickach-je-blizko-prirode-ale-na-dosah-centra\/","og_locale":"cs_CZ","og_type":"article","og_title":"Jak \u017eije Pavol Habera: Vila v klidu, ale na dosah centra","og_description":"Pavol Habera a Daniela Pe\u0161tov\u00e1 na\u0161li domov, kter\u00fd poj\u00ed ticho lesa s m\u011bstsk\u00fdm komfortem. Vila v Hodkovi\u010dk\u00e1ch nab\u00edz\u00ed soukrom\u00ed.","og_url":"https:\/\/www.karaoketexty.cz\/magazin\/jak-zije-pavol-habera-s-danielou-pestovou-vila-v-hodkovickach-je-blizko-prirode-ale-na-dosah-centra\/","og_site_name":"Stars Magaz\u00edn Karaoketexty.cz","article_published_time":"2026-01-22T12:21:00+00:00","og_image":[{"width":1200,"height":675,"url":"https:\/\/www.karaoketexty.cz\/magazin\/wp-content\/uploads\/2026\/01\/pestova-pavol-habera.jpg","type":"image\/jpeg"}],"author":"Barbora Kop\u0159ivov\u00e1","twitter_card":"summary_large_image","twitter_misc":{"Napsal(a)":"Barbora Kop\u0159ivov\u00e1","Odhadovan\u00e1 doba \u010dten\u00ed":"2 minuty"},"schema":{"@context":"https:\/\/schema.org","@graph":[{"@type":"Article","@id":"https:\/\/www.karaoketexty.cz\/magazin\/jak-zije-pavol-habera-s-danielou-pestovou-vila-v-hodkovickach-je-blizko-prirode-ale-na-dosah-centra\/#article","isPartOf":{"@id":"https:\/\/www.karaoketexty.cz\/magazin\/jak-zije-pavol-habera-s-danielou-pestovou-vila-v-hodkovickach-je-blizko-prirode-ale-na-dosah-centra\/"},"author":{"name":"Barbora Kop\u0159ivov\u00e1","@id":"https:\/\/www.karaoketexty.cz\/magazin\/#\/schema\/person\/37c0164a04038267c8a56ad6d60df749"},"headline":"Jak \u017eije Pavol Habera s Danielou Pe\u0161tovou: Vila v Hodkovi\u010dk\u00e1ch je bl\u00edzko p\u0159\u00edrod\u011b, ale na dosah centra","datePublished":"2026-01-22T12:21:00+00:00","mainEntityOfPage":{"@id":"https:\/\/www.karaoketexty.cz\/magazin\/jak-zije-pavol-habera-s-danielou-pestovou-vila-v-hodkovickach-je-blizko-prirode-ale-na-dosah-centra\/"},"wordCount":447,"commentCount":0,"image":{"@id":"https:\/\/www.karaoketexty.cz\/magazin\/jak-zije-pavol-habera-s-danielou-pestovou-vila-v-hodkovickach-je-blizko-prirode-ale-na-dosah-centra\/#primaryimage"},"thumbnailUrl":"https:\/\/www.karaoketexty.cz\/magazin\/wp-content\/uploads\/2026\/01\/pestova-pavol-habera.jpg","keywords":["Bydlen\u00ed slavn\u00fdch","\u010desk\u00e9 celebrity","Daniela Pe\u0161tov\u00e1","dom\u00e1c\u00ed studio","Hodkovi\u010dky","Kari\u00e9ra","modelka","osobn\u00ed \u017eivot","partnersk\u00fd vztah","Pavol Habera","Praha","Rodina","slovensk\u00fd zp\u011bv\u00e1k","vila","\u017eivotn\u00ed styl"],"articleSection":["Celebrity"],"inLanguage":"cs","potentialAction":[{"@type":"CommentAction","name":"Comment","target":["https:\/\/www.karaoketexty.cz\/magazin\/jak-zije-pavol-habera-s-danielou-pestovou-vila-v-hodkovickach-je-blizko-prirode-ale-na-dosah-centra\/#respond"]}]},{"@type":"WebPage","@id":"https:\/\/www.karaoketexty.cz\/magazin\/jak-zije-pavol-habera-s-danielou-pestovou-vila-v-hodkovickach-je-blizko-prirode-ale-na-dosah-centra\/","url":"https:\/\/www.karaoketexty.cz\/magazin\/jak-zije-pavol-habera-s-danielou-pestovou-vila-v-hodkovickach-je-blizko-prirode-ale-na-dosah-centra\/","name":"Jak \u017eije Pavol Habera: Vila v klidu, ale na dosah centra","isPartOf":{"@id":"https:\/\/www.karaoketexty.cz\/magazin\/#website"},"primaryImageOfPage":{"@id":"https:\/\/www.karaoketexty.cz\/magazin\/jak-zije-pavol-habera-s-danielou-pestovou-vila-v-hodkovickach-je-blizko-prirode-ale-na-dosah-centra\/#primaryimage"},"image":{"@id":"https:\/\/www.karaoketexty.cz\/magazin\/jak-zije-pavol-habera-s-danielou-pestovou-vila-v-hodkovickach-je-blizko-prirode-ale-na-dosah-centra\/#primaryimage"},"thumbnailUrl":"https:\/\/www.karaoketexty.cz\/magazin\/wp-content\/uploads\/2026\/01\/pestova-pavol-habera.jpg","datePublished":"2026-01-22T12:21:00+00:00","author":{"@id":"https:\/\/www.karaoketexty.cz\/magazin\/#\/schema\/person\/37c0164a04038267c8a56ad6d60df749"},"description":"Pavol Habera a Daniela Pe\u0161tov\u00e1 na\u0161li domov, kter\u00fd poj\u00ed ticho lesa s m\u011bstsk\u00fdm komfortem. Vila v Hodkovi\u010dk\u00e1ch nab\u00edz\u00ed soukrom\u00ed.","breadcrumb":{"@id":"https:\/\/www.karaoketexty.cz\/magazin\/jak-zije-pavol-habera-s-danielou-pestovou-vila-v-hodkovickach-je-blizko-prirode-ale-na-dosah-centra\/#breadcrumb"},"inLanguage":"cs","potentialAction":[{"@type":"ReadAction","target":["https:\/\/www.karaoketexty.cz\/magazin\/jak-zije-pavol-habera-s-danielou-pestovou-vila-v-hodkovickach-je-blizko-prirode-ale-na-dosah-centra\/"]}]},{"@type":"ImageObject","inLanguage":"cs","@id":"https:\/\/www.karaoketexty.cz\/magazin\/jak-zije-pavol-habera-s-danielou-pestovou-vila-v-hodkovickach-je-blizko-prirode-ale-na-dosah-centra\/#primaryimage","url":"https:\/\/www.karaoketexty.cz\/magazin\/wp-content\/uploads\/2026\/01\/pestova-pavol-habera.jpg","contentUrl":"https:\/\/www.karaoketexty.cz\/magazin\/wp-content\/uploads\/2026\/01\/pestova-pavol-habera.jpg","width":1200,"height":675,"caption":"Fotografie: Nextfoto"},{"@type":"BreadcrumbList","@id":"https:\/\/www.karaoketexty.cz\/magazin\/jak-zije-pavol-habera-s-danielou-pestovou-vila-v-hodkovickach-je-blizko-prirode-ale-na-dosah-centra\/#breadcrumb","itemListElement":[{"@type":"ListItem","position":1,"name":"Dom\u016f","item":"https:\/\/www.karaoketexty.cz\/magazin\/"},{"@type":"ListItem","position":2,"name":"Jak \u017eije Pavol Habera s Danielou Pe\u0161tovou: Vila v Hodkovi\u010dk\u00e1ch je bl\u00edzko p\u0159\u00edrod\u011b, ale na dosah centra"}]},{"@type":"WebSite","@id":"https:\/\/www.karaoketexty.cz\/magazin\/#website","url":"https:\/\/www.karaoketexty.cz\/magazin\/","name":"Stars Magaz\u00edn Karaoketexty.cz","description":"Stars Magaz\u00edn na Karaoketexty.cz je zam\u011b\u0159en\u00fd na novinky ze sv\u011bta hudby a celebrit. Obsahuje \u010dl\u00e1nky o zp\u011bv\u00e1c\u00edch, kapel\u00e1ch, nov\u00fdch albech, hudebn\u00edch trendech a dal\u0161\u00edch zaj\u00edmavostech z hudebn\u00edho pr\u016fmyslu.","potentialAction":[{"@type":"SearchAction","target":{"@type":"EntryPoint","urlTemplate":"https:\/\/www.karaoketexty.cz\/magazin\/?s={search_term_string}"},"query-input":{"@type":"PropertyValueSpecification","valueRequired":true,"valueName":"search_term_string"}}],"inLanguage":"cs"},{"@type":"Person","@id":"https:\/\/www.karaoketexty.cz\/magazin\/#\/schema\/person\/37c0164a04038267c8a56ad6d60df749","name":"Barbora Kop\u0159ivov\u00e1","image":{"@type":"ImageObject","inLanguage":"cs","@id":"https:\/\/secure.gravatar.com\/avatar\/ad2ef9810228386d580851ef4bdde76abaa96054ff5b068c8873bc91afb2df84?s=96&d=mm&r=g","url":"https:\/\/secure.gravatar.com\/avatar\/ad2ef9810228386d580851ef4bdde76abaa96054ff5b068c8873bc91afb2df84?s=96&d=mm&r=g","contentUrl":"https:\/\/secure.gravatar.com\/avatar\/ad2ef9810228386d580851ef4bdde76abaa96054ff5b068c8873bc91afb2df84?s=96&d=mm&r=g","caption":"Barbora Kop\u0159ivov\u00e1"},"url":"https:\/\/www.karaoketexty.cz\/magazin\/author\/barborakoprivova\/"}]}},"_links":{"self":[{"href":"https:\/\/www.karaoketexty.cz\/magazin\/wp-json\/wp\/v2\/posts\/6742","targetHints":{"allow":["GET"]}}],"collection":[{"href":"https:\/\/www.karaoketexty.cz\/magazin\/wp-json\/wp\/v2\/posts"}],"about":[{"href":"https:\/\/www.karaoketexty.cz\/magazin\/wp-json\/wp\/v2\/types\/post"}],"author":[{"embeddable":true,"href":"https:\/\/www.karaoketexty.cz\/magazin\/wp-json\/wp\/v2\/users\/4"}],"replies":[{"embeddable":true,"href":"https:\/\/www.karaoketexty.cz\/magazin\/wp-json\/wp\/v2\/comments?post=6742"}],"version-history":[{"count":4,"href":"https:\/\/www.karaoketexty.cz\/magazin\/wp-json\/wp\/v2\/posts\/6742\/revisions"}],"predecessor-version":[{"id":7001,"href":"https:\/\/www.karaoketexty.cz\/magazin\/wp-json\/wp\/v2\/posts\/6742\/revisions\/7001"}],"wp:featuredmedia":[{"embeddable":true,"href":"https:\/\/www.karaoketexty.cz\/magazin\/wp-json\/wp\/v2\/media\/6725"}],"wp:attachment":[{"href":"https:\/\/www.karaoketexty.cz\/magazin\/wp-json\/wp\/v2\/media?parent=6742"}],"wp:term":[{"taxonomy":"category","embeddable":true,"href":"https:\/\/www.karaoketexty.cz\/magazin\/wp-json\/wp\/v2\/categories?post=6742"},{"taxonomy":"post_tag","embeddable":true,"href":"https:\/\/www.karaoketexty.cz\/magazin\/wp-json\/wp\/v2\/tags?post=6742"}],"curies":[{"name":"wp","href":"https:\/\/api.w.org\/{rel}","templated":true}]}}