{"id":6736,"date":"2026-01-23T07:44:00","date_gmt":"2026-01-23T06:44:00","guid":{"rendered":"https:\/\/www.karaoketexty.cz\/magazin\/?p=6736"},"modified":"2026-01-20T12:04:55","modified_gmt":"2026-01-20T11:04:55","slug":"nejpodivnejsi-prani-hudebnich-hvezd-co-chteji-mit-v-satne-pred-koncertem","status":"publish","type":"post","link":"https:\/\/www.karaoketexty.cz\/magazin\/nejpodivnejsi-prani-hudebnich-hvezd-co-chteji-mit-v-satne-pred-koncertem\/","title":{"rendered":"Nejpodivn\u011bj\u0161\u00ed p\u0159\u00e1n\u00ed hudebn\u00edch hv\u011bzd: Co cht\u011bj\u00ed m\u00edt v \u0161atn\u011b p\u0159ed koncertem"},"content":{"rendered":"\n<p><strong>Koncertn\u00ed turn\u00e9 nejsou jen o hudb\u011b, sv\u011btlech a vyprodan\u00fdch hal\u00e1ch. V z\u00e1kulis\u00ed se \u010dasto \u0159e\u0161\u00ed i velmi zvl\u00e1\u0161tn\u00ed p\u0159\u00e1n\u00ed samotn\u00fdch interpret\u016f. N\u011bkter\u00e1 pobav\u00ed, jin\u00e1 zasko\u010d\u00ed a u n\u011bkter\u00fdch si \u010dlov\u011bk \u0159\u00edk\u00e1, jestli to n\u011bkdo mysl\u00ed v\u00e1\u017en\u011b.<\/strong><\/p>\n\n\n\n<p>Ka\u017ed\u00fd koncert znamen\u00e1 pro promot\u00e9ry obrovskou logistiku. Kamiony s technikou, ubytov\u00e1n\u00ed, \u010dasov\u00fd harmonogram a k tomu takzvan\u00fd rider, tedy seznam po\u017eadavk\u016f um\u011blce. Pr\u00e1v\u011b tam se objevuj\u00ed p\u0159\u00e1n\u00ed, kter\u00e1 n\u011bkdy d\u00e1vaj\u00ed smysl, jindy p\u016fsob\u00ed jako v\u00fdst\u0159el do tmy, jak jsme na Karaoketexty zaregistrovali. P\u0159esto se pln\u00ed. Bez v\u00fdjimek.<\/p>\n\n\n<!-- karaoketexty.cz \/ rectangle2 -->\n<div id=\"PX_37086_709110796310826\"><\/div>\n<script>\n   if(!useMobileAds && !boolUseSeznamAds && !hideAllAds){\n     window.px2 = window.px2 || { conf: {},queue: [] };\n     px2.queue.push(function () {\n        px2.render({\n           slot: {\n              id: 37086\n           },\n            elem: \"PX_37086_709110796310826\"\n        })\n     });\n  }\n<\/script>\n\n<!-- karaoketexty.cz \/ mobile-rectangle3 -->\n<div id=\"PX_37044_714599773297004\"><\/div>\n<script>\n   if(useMobileAds && !boolUseSeznamAds && !hideAllAds){\nwindow.px2 = window.px2 || { conf: {},queue: [] };\npx2.queue.push(function () {\n\tpx2.render({\n\t\tslot: {\n\t\t\tid: 37044\n\t\t},\n\t\telem: \"PX_37044_714599773297004\"\n\t})\n});\n}\n<\/script>\n\n\n<h2 class=\"wp-block-heading\">Kdy\u017e detaily rozhoduj\u00ed o pohod\u011b na p\u00f3diu<\/h2>\n\n\n\n<p>Pro n\u011bkter\u00e9 interprety jde hlavn\u011b o klid a rutinu. Mariah Carey ned\u00e1 dopustit na b\u00edl\u00e9 r\u016f\u017ee, asistenta na schodech a ohebn\u00e9 br\u010dko na pit\u00ed. Adele si p\u0159ed vystoupen\u00edm hl\u00edd\u00e1 zna\u010dku cigaret, potrp\u00ed si na kvalitn\u00ed v\u00edno a sendvi\u010de bez raj\u010dat. U t\u011bchto p\u0159\u00e1n\u00ed je c\u00edtit snaha vytvo\u0159it si zn\u00e1m\u00e9 prost\u0159ed\u00ed, kter\u00e9 pom\u00e1h\u00e1 zvl\u00e1dnout tlak velk\u00fdch koncert\u016f.<\/p>\n\n\n\n<p>N\u011bkter\u00e9 seznamy p\u016fsob\u00ed skoro roztomile. Lady Gaga trv\u00e1 na koupelov\u00fdch produktech s levandulovou v\u016fn\u00ed, Marilyn Manson si vysta\u010d\u00ed s gumov\u00fdmi medv\u00eddky. Rihanna chce zvlh\u010dova\u010d vzduchu, v\u00e1zy s b\u00edl\u00fdmi kv\u011btinami a \u010dist\u00fd koberec s leopard\u00edm vzorem, proto\u017ee r\u00e1da chod\u00ed bos\u00e1. V t\u011bchto p\u0159\u00edpadech jde sp\u00ed\u0161 o drobnosti, kter\u00e9 d\u011blaj\u00ed den snesiteln\u011bj\u0161\u00ed.<\/p>\n\n\n<!-- karaoketexty.cz \/ interscroller1 -->\n\n<div id=\"PX_37041_825057871452834\"><\/div>\n<script>\nif(useMobileAds && !boolUseSeznamAds && !hideAllAds){\n\twindow.px2 = window.px2 || { conf: {},queue: [] };\n\tpx2.queue.push(function () {\n\t\tpx2.render({\n\t\t\tslot: {\n\t\t\t\tid: 37041\n\t\t\t},\n\t\t\telem: \"PX_37041_825057871452834\"\n\t\t})\n\t});\n}\n<\/script>\n\n\n<h2 class=\"wp-block-heading\">Kdy\u017e po\u017eadavky zvedaj\u00ed obo\u010d\u00ed<\/h2>\n\n\n\n<p>Pak jsou tu p\u0159\u00e1n\u00ed, nad kter\u00fdmi promot\u00e9\u0159i jen ml\u010dky krout\u00ed hlavou. Cher po\u017eaduje m\u00edstnost plnou paruk. Sir Paul McCartney by nestrp\u011bl \u017e\u00e1dn\u00e9 zv\u00ed\u0159ec\u00ed produkty, v\u010detn\u011b masa nebo ko\u017een\u00fdch dopl\u0148k\u016f na n\u00e1bytku apod. A vlastn\u011b ani jejich um\u011bl\u00e9 napodobeniny. Prince cht\u011bl l\u00e9ka\u0159e na m\u00edst\u011b, vonn\u00e9 sv\u00ed\u010dky, hork\u00e9 kakao a j\u00eddlo po koncert\u011b zabalen\u00e9 do igelitov\u00fdch s\u00e1\u010dk\u016f. Tady u\u017e nejde jen o komfort, ale o ritu\u00e1l, bez kter\u00e9ho um\u011blec nechce vystoupit.<\/p>\n\n\n\n<figure class=\"wp-block-image size-large\"><img data-dominant-color=\"1b1b48\" data-has-transparency=\"false\" style=\"--dominant-color: #1b1b48;\" decoding=\"async\" width=\"1024\" height=\"574\" src=\"https:\/\/www.karaoketexty.cz\/magazin\/wp-content\/uploads\/2025\/09\/paul-mccartney-1024x574.jpg\" alt=\"Fotografie Paula McCartneyho\" class=\"wp-image-2493 not-transparent\" srcset=\"https:\/\/www.karaoketexty.cz\/magazin\/wp-content\/uploads\/2025\/09\/paul-mccartney-1024x574.jpg 1024w, https:\/\/www.karaoketexty.cz\/magazin\/wp-content\/uploads\/2025\/09\/paul-mccartney-300x168.jpg 300w, https:\/\/www.karaoketexty.cz\/magazin\/wp-content\/uploads\/2025\/09\/paul-mccartney-768x431.jpg 768w, https:\/\/www.karaoketexty.cz\/magazin\/wp-content\/uploads\/2025\/09\/paul-mccartney.jpg 1200w\" sizes=\"(max-width: 1024px) 100vw, 1024px\" \/><figcaption class=\"wp-element-caption\">Fotografie: Raph_PH \/ Creative Commons \/ CC BY-SA 4.0<\/figcaption><\/figure>\n\n\n\n<p>Legend\u00e1rn\u00ed p\u0159\u00edklad poch\u00e1z\u00ed od Van Halen. Jejich slavn\u00e1 miska bonb\u00f3n\u016f M&amp;M\u2019s bez jedin\u00e9ho hn\u011bd\u00e9ho kousku nebyla rozmar, ale kontrola. My\u0161lenka je prost\u00e1 \u2013 za\u0159ad\u00edte mezi po\u017eadavky jeden opravdu obskurn\u00ed, ale snadno ov\u011b\u0159iteln\u00fd detail. Pokud jej n\u011bkdo p\u0159ehl\u00e9dl, kapela v\u00ed, \u017ee mohl zanedbat i technick\u00e9 podm\u00ednky koncertu. Podobn\u011b p\u0159\u00edsn\u00e1 b\u00fdv\u00e1 i Katy Perry, se kterou p\u0159ed koncertem nesm\u00ed mluvit \u0159idi\u010d ani nosi\u010di zavazadel a kter\u00e1 m\u00e1 speci\u00e1ln\u00ed person\u00e1l na p\u0159\u00edpravu ovoce a zeleniny. Krom\u011b toho nesn\u00e1\u0161\u00ed karafi\u00e1ty.<\/p>\n\n\n\n<p>Zdroj: Autorsk\u00fd text, <a href=\"https:\/\/www.businessinsider.com\/van-halen-brown-m-ms-contract-2016-9\" target=\"_blank\" rel=\"noreferrer noopener nofollow\">BusinessInsider<\/a>, <a href=\"https:\/\/www.independent.co.uk\/arts-entertainment\/music\/the-20-most-ridiculous-things-superstar-musicians-have-demanded-at-their-concerts-a7235996.html\" target=\"_blank\" rel=\"noreferrer noopener nofollow\">The Independent<\/a><\/p>\n\n\n            <a href=\"https:\/\/www.karaoketexty.cz\/magazin\/katy-perry-orlando-bloom-rodice-dcera\/\" class=\"related-post-link\">\n                <div class=\"post-thumbnail\">\n                    <img decoding=\"async\" width=\"250\" height=\"141\" src=\"https:\/\/www.karaoketexty.cz\/magazin\/wp-content\/uploads\/2025\/07\/katy-perry-a-orlando-bloom.jpg\" class=\"attachment-250x180 size-250x180 not-transparent\" alt=\"Obr\u00e1zek ke \u010dl\u00e1nku: Katy Perry a Orlando Bloom rozchod nedramatizuj\u00ed. Prioritou z\u016fst\u00e1v\u00e1 spole\u010dn\u00e1 dcera Daisy\" srcset=\"https:\/\/www.karaoketexty.cz\/magazin\/wp-content\/uploads\/2025\/07\/katy-perry-a-orlando-bloom.jpg 1200w, https:\/\/www.karaoketexty.cz\/magazin\/wp-content\/uploads\/2025\/07\/katy-perry-a-orlando-bloom-300x169.jpg 300w, https:\/\/www.karaoketexty.cz\/magazin\/wp-content\/uploads\/2025\/07\/katy-perry-a-orlando-bloom-1024x576.jpg 1024w, https:\/\/www.karaoketexty.cz\/magazin\/wp-content\/uploads\/2025\/07\/katy-perry-a-orlando-bloom-768x432.jpg 768w, https:\/\/www.karaoketexty.cz\/magazin\/wp-content\/uploads\/2025\/07\/katy-perry-a-orlando-bloom-800x450.jpg 800w\" sizes=\"(max-width: 250px) 100vw, 250px\" data-has-transparency=\"false\" data-dominant-color=\"6d626d\" style=\"--dominant-color: #6d626d;\" \/>                <\/div>\n                <div class=\"post-details\">\n                    <span class=\"also-read\">\u010ct\u011bte tak\u00e9:<\/span>\n                    <h3 class=\"hed\">I po rozchodu t\u00e1hnou za jeden provaz: Katy Perry a Orlando Bloom spolu vych\u00e1zej\u00ed kv\u016fli dce\u0159i<\/h3>\n                <\/div>\n            <\/a>\n            \n\n            <a href=\"https:\/\/www.karaoketexty.cz\/magazin\/vanocni-pisen-mariah-carey-je-i-letos-na-vrcholu-svatecnich-zebricku\/\" class=\"related-post-link\">\n                <div class=\"post-thumbnail\">\n                    <img decoding=\"async\" width=\"250\" height=\"166\" src=\"https:\/\/www.karaoketexty.cz\/magazin\/wp-content\/uploads\/2025\/12\/Mariah-Carey-All-I-Want-for-Christmas.jpg\" class=\"attachment-250x180 size-250x180 not-transparent\" alt=\"Obr\u00e1zek k \u010dl\u00e1nku: TOP 10 v\u00e1no\u010dn\u00edch hit\u016f, kter\u00e9 milujeme\u2026 ale po sv\u00e1t\u00edch je nem\u016f\u017eeme ani sly\u0161et\" srcset=\"https:\/\/www.karaoketexty.cz\/magazin\/wp-content\/uploads\/2025\/12\/Mariah-Carey-All-I-Want-for-Christmas.jpg 1200w, https:\/\/www.karaoketexty.cz\/magazin\/wp-content\/uploads\/2025\/12\/Mariah-Carey-All-I-Want-for-Christmas-300x199.jpg 300w, https:\/\/www.karaoketexty.cz\/magazin\/wp-content\/uploads\/2025\/12\/Mariah-Carey-All-I-Want-for-Christmas-1024x680.jpg 1024w, https:\/\/www.karaoketexty.cz\/magazin\/wp-content\/uploads\/2025\/12\/Mariah-Carey-All-I-Want-for-Christmas-768x510.jpg 768w, https:\/\/www.karaoketexty.cz\/magazin\/wp-content\/uploads\/2025\/12\/Mariah-Carey-All-I-Want-for-Christmas-800x533.jpg 800w\" sizes=\"(max-width: 250px) 100vw, 250px\" data-has-transparency=\"false\" data-dominant-color=\"432a25\" style=\"--dominant-color: #432a25;\" \/>                <\/div>\n                <div class=\"post-details\">\n                    <span class=\"also-read\">\u010ct\u011bte tak\u00e9:<\/span>\n                    <h3 class=\"hed\">V\u00e1no\u010dn\u00ed p\u00edse\u0148 Mariah Carey je i letos na vrcholu sv\u00e1te\u010dn\u00edch \u017eeb\u0159\u00ed\u010dk\u016f<\/h3>\n                <\/div>\n            <\/a>\n            ","protected":false},"excerpt":{"rendered":"<p>Koncertn\u00ed turn\u00e9 nejsou jen o hudb\u011b, sv\u011btlech a vyprodan\u00fdch hal\u00e1ch. V z\u00e1kulis\u00ed se \u010dasto \u0159e\u0161\u00ed i velmi zvl\u00e1\u0161tn\u00ed p\u0159\u00e1n\u00ed samotn\u00fdch interpret\u016f. N\u011bkter\u00e1 pobav\u00ed, jin\u00e1 zasko\u010d\u00ed a u p\u00e1r z nich si \u010dlov\u011bk \u0159\u00edk\u00e1, jestli to n\u011bkdo mysl\u00ed v\u00e1\u017en\u011b.<\/p>\n","protected":false},"author":5,"featured_media":6718,"comment_status":"open","ping_status":"closed","sticky":false,"template":"","format":"standard","meta":{"_yoast_wpseo_title":"Podivn\u00e1 p\u0159\u00e1n\u00ed hudebn\u00edk\u016f: Co cht\u011bj\u00ed m\u00edt v \u0161atn\u011b p\u0159ed koncertem","_yoast_wpseo_metadesc":"Bizarn\u00ed i naprosto ne\u010dekan\u00e9 po\u017eadavky sv\u011btov\u00fdch hv\u011bzd. Nahl\u00e9dn\u011bte do z\u00e1kulis\u00ed koncert\u016f a zjist\u011bte, bez \u010deho celebrity odm\u00edtaj\u00ed j\u00edt na p\u00f3dium.","footnotes":""},"categories":[9],"tags":[2205,388,367,50,136,796,96,5765,410,406,5810,725,5809,166,5803,408,5802,5800,5811,5764],"class_list":["post-6736","post","type-post","status-publish","format-standard","has-post-thumbnail","hentry","category-zajimavosti","tag-adele","tag-hudebni-vystoupeni","tag-hudebnici","tag-katy-perry","tag-koncert","tag-koncertni-turne","tag-lady-gaga","tag-logistika","tag-mariah-carey","tag-pop","tag-pozadavky-interpretu","tag-prince","tag-rider","tag-rihanna","tag-ritualy","tag-rock","tag-slavni-hudebnici","tag-stres","tag-van-halen","tag-zakulisi"],"yoast_head":"<!-- This site is optimized with the Yoast SEO plugin v27.5 - https:\/\/yoast.com\/product\/yoast-seo-wordpress\/ -->\n<title>Podivn\u00e1 p\u0159\u00e1n\u00ed hudebn\u00edk\u016f: Co cht\u011bj\u00ed m\u00edt v \u0161atn\u011b p\u0159ed koncertem<\/title>\n<meta name=\"description\" content=\"Bizarn\u00ed i naprosto ne\u010dekan\u00e9 po\u017eadavky sv\u011btov\u00fdch hv\u011bzd. Nahl\u00e9dn\u011bte do z\u00e1kulis\u00ed koncert\u016f a zjist\u011bte, bez \u010deho celebrity odm\u00edtaj\u00ed j\u00edt na p\u00f3dium.\" \/>\n<meta name=\"robots\" content=\"index, follow, max-snippet:-1, max-image-preview:large, max-video-preview:-1\" \/>\n<link rel=\"canonical\" href=\"https:\/\/www.karaoketexty.cz\/magazin\/nejpodivnejsi-prani-hudebnich-hvezd-co-chteji-mit-v-satne-pred-koncertem\/\" \/>\n<meta property=\"og:locale\" content=\"cs_CZ\" \/>\n<meta property=\"og:type\" content=\"article\" \/>\n<meta property=\"og:title\" content=\"Podivn\u00e1 p\u0159\u00e1n\u00ed hudebn\u00edk\u016f: Co cht\u011bj\u00ed m\u00edt v \u0161atn\u011b p\u0159ed koncertem\" \/>\n<meta property=\"og:description\" content=\"Bizarn\u00ed i naprosto ne\u010dekan\u00e9 po\u017eadavky sv\u011btov\u00fdch hv\u011bzd. Nahl\u00e9dn\u011bte do z\u00e1kulis\u00ed koncert\u016f a zjist\u011bte, bez \u010deho celebrity odm\u00edtaj\u00ed j\u00edt na p\u00f3dium.\" \/>\n<meta property=\"og:url\" content=\"https:\/\/www.karaoketexty.cz\/magazin\/nejpodivnejsi-prani-hudebnich-hvezd-co-chteji-mit-v-satne-pred-koncertem\/\" \/>\n<meta property=\"og:site_name\" content=\"Stars Magaz\u00edn Karaoketexty.cz\" \/>\n<meta property=\"article:published_time\" content=\"2026-01-23T06:44:00+00:00\" \/>\n<meta property=\"og:image\" content=\"https:\/\/www.karaoketexty.cz\/magazin\/wp-content\/uploads\/2026\/01\/bonbony.jpg\" \/>\n\t<meta property=\"og:image:width\" content=\"1200\" \/>\n\t<meta property=\"og:image:height\" content=\"675\" \/>\n\t<meta property=\"og:image:type\" content=\"image\/jpeg\" \/>\n<meta name=\"author\" content=\"Veronika \u0160imkov\u00e1\" \/>\n<meta name=\"twitter:card\" content=\"summary_large_image\" \/>\n<meta name=\"twitter:label1\" content=\"Napsal(a)\" \/>\n\t<meta name=\"twitter:data1\" content=\"Veronika \u0160imkov\u00e1\" \/>\n\t<meta name=\"twitter:label2\" content=\"Odhadovan\u00e1 doba \u010dten\u00ed\" \/>\n\t<meta name=\"twitter:data2\" content=\"3 minuty\" \/>\n<script type=\"application\/ld+json\" class=\"yoast-schema-graph\">{\"@context\":\"https:\\\/\\\/schema.org\",\"@graph\":[{\"@type\":\"Article\",\"@id\":\"https:\\\/\\\/www.karaoketexty.cz\\\/magazin\\\/nejpodivnejsi-prani-hudebnich-hvezd-co-chteji-mit-v-satne-pred-koncertem\\\/#article\",\"isPartOf\":{\"@id\":\"https:\\\/\\\/www.karaoketexty.cz\\\/magazin\\\/nejpodivnejsi-prani-hudebnich-hvezd-co-chteji-mit-v-satne-pred-koncertem\\\/\"},\"author\":{\"name\":\"Veronika \u0160imkov\u00e1\",\"@id\":\"https:\\\/\\\/www.karaoketexty.cz\\\/magazin\\\/#\\\/schema\\\/person\\\/03220d610ed4cba378a72bac3443f821\"},\"headline\":\"Nejpodivn\u011bj\u0161\u00ed p\u0159\u00e1n\u00ed hudebn\u00edch hv\u011bzd: Co cht\u011bj\u00ed m\u00edt v \u0161atn\u011b p\u0159ed koncertem\",\"datePublished\":\"2026-01-23T06:44:00+00:00\",\"mainEntityOfPage\":{\"@id\":\"https:\\\/\\\/www.karaoketexty.cz\\\/magazin\\\/nejpodivnejsi-prani-hudebnich-hvezd-co-chteji-mit-v-satne-pred-koncertem\\\/\"},\"wordCount\":494,\"commentCount\":0,\"image\":{\"@id\":\"https:\\\/\\\/www.karaoketexty.cz\\\/magazin\\\/nejpodivnejsi-prani-hudebnich-hvezd-co-chteji-mit-v-satne-pred-koncertem\\\/#primaryimage\"},\"thumbnailUrl\":\"https:\\\/\\\/www.karaoketexty.cz\\\/magazin\\\/wp-content\\\/uploads\\\/2026\\\/01\\\/bonbony.jpg\",\"keywords\":[\"Adele\",\"hudebn\u00ed vystoupen\u00ed\",\"hudebn\u00edci\",\"Katy Perry\",\"koncert\",\"koncertn\u00ed turn\u00e9\",\"Lady Gaga\",\"logistika\",\"Mariah Carey\",\"pop\",\"po\u017eadavky interpret\u016f\",\"Prince\",\"rider\",\"Rihanna\",\"ritu\u00e1ly\",\"rock\",\"slavn\u00ed hudebn\u00edci\",\"stres\",\"Van Halen\",\"z\u00e1kulis\u00ed\"],\"articleSection\":[\"Zaj\u00edmavosti\"],\"inLanguage\":\"cs\",\"potentialAction\":[{\"@type\":\"CommentAction\",\"name\":\"Comment\",\"target\":[\"https:\\\/\\\/www.karaoketexty.cz\\\/magazin\\\/nejpodivnejsi-prani-hudebnich-hvezd-co-chteji-mit-v-satne-pred-koncertem\\\/#respond\"]}]},{\"@type\":\"WebPage\",\"@id\":\"https:\\\/\\\/www.karaoketexty.cz\\\/magazin\\\/nejpodivnejsi-prani-hudebnich-hvezd-co-chteji-mit-v-satne-pred-koncertem\\\/\",\"url\":\"https:\\\/\\\/www.karaoketexty.cz\\\/magazin\\\/nejpodivnejsi-prani-hudebnich-hvezd-co-chteji-mit-v-satne-pred-koncertem\\\/\",\"name\":\"Podivn\u00e1 p\u0159\u00e1n\u00ed hudebn\u00edk\u016f: Co cht\u011bj\u00ed m\u00edt v \u0161atn\u011b p\u0159ed koncertem\",\"isPartOf\":{\"@id\":\"https:\\\/\\\/www.karaoketexty.cz\\\/magazin\\\/#website\"},\"primaryImageOfPage\":{\"@id\":\"https:\\\/\\\/www.karaoketexty.cz\\\/magazin\\\/nejpodivnejsi-prani-hudebnich-hvezd-co-chteji-mit-v-satne-pred-koncertem\\\/#primaryimage\"},\"image\":{\"@id\":\"https:\\\/\\\/www.karaoketexty.cz\\\/magazin\\\/nejpodivnejsi-prani-hudebnich-hvezd-co-chteji-mit-v-satne-pred-koncertem\\\/#primaryimage\"},\"thumbnailUrl\":\"https:\\\/\\\/www.karaoketexty.cz\\\/magazin\\\/wp-content\\\/uploads\\\/2026\\\/01\\\/bonbony.jpg\",\"datePublished\":\"2026-01-23T06:44:00+00:00\",\"author\":{\"@id\":\"https:\\\/\\\/www.karaoketexty.cz\\\/magazin\\\/#\\\/schema\\\/person\\\/03220d610ed4cba378a72bac3443f821\"},\"description\":\"Bizarn\u00ed i naprosto ne\u010dekan\u00e9 po\u017eadavky sv\u011btov\u00fdch hv\u011bzd. Nahl\u00e9dn\u011bte do z\u00e1kulis\u00ed koncert\u016f a zjist\u011bte, bez \u010deho celebrity odm\u00edtaj\u00ed j\u00edt na p\u00f3dium.\",\"breadcrumb\":{\"@id\":\"https:\\\/\\\/www.karaoketexty.cz\\\/magazin\\\/nejpodivnejsi-prani-hudebnich-hvezd-co-chteji-mit-v-satne-pred-koncertem\\\/#breadcrumb\"},\"inLanguage\":\"cs\",\"potentialAction\":[{\"@type\":\"ReadAction\",\"target\":[\"https:\\\/\\\/www.karaoketexty.cz\\\/magazin\\\/nejpodivnejsi-prani-hudebnich-hvezd-co-chteji-mit-v-satne-pred-koncertem\\\/\"]}]},{\"@type\":\"ImageObject\",\"inLanguage\":\"cs\",\"@id\":\"https:\\\/\\\/www.karaoketexty.cz\\\/magazin\\\/nejpodivnejsi-prani-hudebnich-hvezd-co-chteji-mit-v-satne-pred-koncertem\\\/#primaryimage\",\"url\":\"https:\\\/\\\/www.karaoketexty.cz\\\/magazin\\\/wp-content\\\/uploads\\\/2026\\\/01\\\/bonbony.jpg\",\"contentUrl\":\"https:\\\/\\\/www.karaoketexty.cz\\\/magazin\\\/wp-content\\\/uploads\\\/2026\\\/01\\\/bonbony.jpg\",\"width\":1200,\"height\":675,\"caption\":\"Fotografie: :: Suwaif :: \\\/ Creative Commons \\\/ CC BY-SA 2.0\"},{\"@type\":\"BreadcrumbList\",\"@id\":\"https:\\\/\\\/www.karaoketexty.cz\\\/magazin\\\/nejpodivnejsi-prani-hudebnich-hvezd-co-chteji-mit-v-satne-pred-koncertem\\\/#breadcrumb\",\"itemListElement\":[{\"@type\":\"ListItem\",\"position\":1,\"name\":\"Dom\u016f\",\"item\":\"https:\\\/\\\/www.karaoketexty.cz\\\/magazin\\\/\"},{\"@type\":\"ListItem\",\"position\":2,\"name\":\"Nejpodivn\u011bj\u0161\u00ed p\u0159\u00e1n\u00ed hudebn\u00edch hv\u011bzd: Co cht\u011bj\u00ed m\u00edt v \u0161atn\u011b p\u0159ed koncertem\"}]},{\"@type\":\"WebSite\",\"@id\":\"https:\\\/\\\/www.karaoketexty.cz\\\/magazin\\\/#website\",\"url\":\"https:\\\/\\\/www.karaoketexty.cz\\\/magazin\\\/\",\"name\":\"Stars Magaz\u00edn Karaoketexty.cz\",\"description\":\"Stars Magaz\u00edn na Karaoketexty.cz je zam\u011b\u0159en\u00fd na novinky ze sv\u011bta hudby a celebrit. Obsahuje \u010dl\u00e1nky o zp\u011bv\u00e1c\u00edch, kapel\u00e1ch, nov\u00fdch albech, hudebn\u00edch trendech a dal\u0161\u00edch zaj\u00edmavostech z hudebn\u00edho pr\u016fmyslu.\",\"potentialAction\":[{\"@type\":\"SearchAction\",\"target\":{\"@type\":\"EntryPoint\",\"urlTemplate\":\"https:\\\/\\\/www.karaoketexty.cz\\\/magazin\\\/?s={search_term_string}\"},\"query-input\":{\"@type\":\"PropertyValueSpecification\",\"valueRequired\":true,\"valueName\":\"search_term_string\"}}],\"inLanguage\":\"cs\"},{\"@type\":\"Person\",\"@id\":\"https:\\\/\\\/www.karaoketexty.cz\\\/magazin\\\/#\\\/schema\\\/person\\\/03220d610ed4cba378a72bac3443f821\",\"name\":\"Veronika \u0160imkov\u00e1\",\"image\":{\"@type\":\"ImageObject\",\"inLanguage\":\"cs\",\"@id\":\"https:\\\/\\\/secure.gravatar.com\\\/avatar\\\/62af9cda83322200aaf20e60d0442fbca254ce18c0ffdcaaf83de31493c941a5?s=96&d=mm&r=g\",\"url\":\"https:\\\/\\\/secure.gravatar.com\\\/avatar\\\/62af9cda83322200aaf20e60d0442fbca254ce18c0ffdcaaf83de31493c941a5?s=96&d=mm&r=g\",\"contentUrl\":\"https:\\\/\\\/secure.gravatar.com\\\/avatar\\\/62af9cda83322200aaf20e60d0442fbca254ce18c0ffdcaaf83de31493c941a5?s=96&d=mm&r=g\",\"caption\":\"Veronika \u0160imkov\u00e1\"},\"url\":\"https:\\\/\\\/www.karaoketexty.cz\\\/magazin\\\/author\\\/veronikasimkova\\\/\"}]}<\/script>\n<!-- \/ Yoast SEO plugin. -->","yoast_head_json":{"title":"Podivn\u00e1 p\u0159\u00e1n\u00ed hudebn\u00edk\u016f: Co cht\u011bj\u00ed m\u00edt v \u0161atn\u011b p\u0159ed koncertem","description":"Bizarn\u00ed i naprosto ne\u010dekan\u00e9 po\u017eadavky sv\u011btov\u00fdch hv\u011bzd. Nahl\u00e9dn\u011bte do z\u00e1kulis\u00ed koncert\u016f a zjist\u011bte, bez \u010deho celebrity odm\u00edtaj\u00ed j\u00edt na p\u00f3dium.","robots":{"index":"index","follow":"follow","max-snippet":"max-snippet:-1","max-image-preview":"max-image-preview:large","max-video-preview":"max-video-preview:-1"},"canonical":"https:\/\/www.karaoketexty.cz\/magazin\/nejpodivnejsi-prani-hudebnich-hvezd-co-chteji-mit-v-satne-pred-koncertem\/","og_locale":"cs_CZ","og_type":"article","og_title":"Podivn\u00e1 p\u0159\u00e1n\u00ed hudebn\u00edk\u016f: Co cht\u011bj\u00ed m\u00edt v \u0161atn\u011b p\u0159ed koncertem","og_description":"Bizarn\u00ed i naprosto ne\u010dekan\u00e9 po\u017eadavky sv\u011btov\u00fdch hv\u011bzd. Nahl\u00e9dn\u011bte do z\u00e1kulis\u00ed koncert\u016f a zjist\u011bte, bez \u010deho celebrity odm\u00edtaj\u00ed j\u00edt na p\u00f3dium.","og_url":"https:\/\/www.karaoketexty.cz\/magazin\/nejpodivnejsi-prani-hudebnich-hvezd-co-chteji-mit-v-satne-pred-koncertem\/","og_site_name":"Stars Magaz\u00edn Karaoketexty.cz","article_published_time":"2026-01-23T06:44:00+00:00","og_image":[{"width":1200,"height":675,"url":"https:\/\/www.karaoketexty.cz\/magazin\/wp-content\/uploads\/2026\/01\/bonbony.jpg","type":"image\/jpeg"}],"author":"Veronika \u0160imkov\u00e1","twitter_card":"summary_large_image","twitter_misc":{"Napsal(a)":"Veronika \u0160imkov\u00e1","Odhadovan\u00e1 doba \u010dten\u00ed":"3 minuty"},"schema":{"@context":"https:\/\/schema.org","@graph":[{"@type":"Article","@id":"https:\/\/www.karaoketexty.cz\/magazin\/nejpodivnejsi-prani-hudebnich-hvezd-co-chteji-mit-v-satne-pred-koncertem\/#article","isPartOf":{"@id":"https:\/\/www.karaoketexty.cz\/magazin\/nejpodivnejsi-prani-hudebnich-hvezd-co-chteji-mit-v-satne-pred-koncertem\/"},"author":{"name":"Veronika \u0160imkov\u00e1","@id":"https:\/\/www.karaoketexty.cz\/magazin\/#\/schema\/person\/03220d610ed4cba378a72bac3443f821"},"headline":"Nejpodivn\u011bj\u0161\u00ed p\u0159\u00e1n\u00ed hudebn\u00edch hv\u011bzd: Co cht\u011bj\u00ed m\u00edt v \u0161atn\u011b p\u0159ed koncertem","datePublished":"2026-01-23T06:44:00+00:00","mainEntityOfPage":{"@id":"https:\/\/www.karaoketexty.cz\/magazin\/nejpodivnejsi-prani-hudebnich-hvezd-co-chteji-mit-v-satne-pred-koncertem\/"},"wordCount":494,"commentCount":0,"image":{"@id":"https:\/\/www.karaoketexty.cz\/magazin\/nejpodivnejsi-prani-hudebnich-hvezd-co-chteji-mit-v-satne-pred-koncertem\/#primaryimage"},"thumbnailUrl":"https:\/\/www.karaoketexty.cz\/magazin\/wp-content\/uploads\/2026\/01\/bonbony.jpg","keywords":["Adele","hudebn\u00ed vystoupen\u00ed","hudebn\u00edci","Katy Perry","koncert","koncertn\u00ed turn\u00e9","Lady Gaga","logistika","Mariah Carey","pop","po\u017eadavky interpret\u016f","Prince","rider","Rihanna","ritu\u00e1ly","rock","slavn\u00ed hudebn\u00edci","stres","Van Halen","z\u00e1kulis\u00ed"],"articleSection":["Zaj\u00edmavosti"],"inLanguage":"cs","potentialAction":[{"@type":"CommentAction","name":"Comment","target":["https:\/\/www.karaoketexty.cz\/magazin\/nejpodivnejsi-prani-hudebnich-hvezd-co-chteji-mit-v-satne-pred-koncertem\/#respond"]}]},{"@type":"WebPage","@id":"https:\/\/www.karaoketexty.cz\/magazin\/nejpodivnejsi-prani-hudebnich-hvezd-co-chteji-mit-v-satne-pred-koncertem\/","url":"https:\/\/www.karaoketexty.cz\/magazin\/nejpodivnejsi-prani-hudebnich-hvezd-co-chteji-mit-v-satne-pred-koncertem\/","name":"Podivn\u00e1 p\u0159\u00e1n\u00ed hudebn\u00edk\u016f: Co cht\u011bj\u00ed m\u00edt v \u0161atn\u011b p\u0159ed koncertem","isPartOf":{"@id":"https:\/\/www.karaoketexty.cz\/magazin\/#website"},"primaryImageOfPage":{"@id":"https:\/\/www.karaoketexty.cz\/magazin\/nejpodivnejsi-prani-hudebnich-hvezd-co-chteji-mit-v-satne-pred-koncertem\/#primaryimage"},"image":{"@id":"https:\/\/www.karaoketexty.cz\/magazin\/nejpodivnejsi-prani-hudebnich-hvezd-co-chteji-mit-v-satne-pred-koncertem\/#primaryimage"},"thumbnailUrl":"https:\/\/www.karaoketexty.cz\/magazin\/wp-content\/uploads\/2026\/01\/bonbony.jpg","datePublished":"2026-01-23T06:44:00+00:00","author":{"@id":"https:\/\/www.karaoketexty.cz\/magazin\/#\/schema\/person\/03220d610ed4cba378a72bac3443f821"},"description":"Bizarn\u00ed i naprosto ne\u010dekan\u00e9 po\u017eadavky sv\u011btov\u00fdch hv\u011bzd. Nahl\u00e9dn\u011bte do z\u00e1kulis\u00ed koncert\u016f a zjist\u011bte, bez \u010deho celebrity odm\u00edtaj\u00ed j\u00edt na p\u00f3dium.","breadcrumb":{"@id":"https:\/\/www.karaoketexty.cz\/magazin\/nejpodivnejsi-prani-hudebnich-hvezd-co-chteji-mit-v-satne-pred-koncertem\/#breadcrumb"},"inLanguage":"cs","potentialAction":[{"@type":"ReadAction","target":["https:\/\/www.karaoketexty.cz\/magazin\/nejpodivnejsi-prani-hudebnich-hvezd-co-chteji-mit-v-satne-pred-koncertem\/"]}]},{"@type":"ImageObject","inLanguage":"cs","@id":"https:\/\/www.karaoketexty.cz\/magazin\/nejpodivnejsi-prani-hudebnich-hvezd-co-chteji-mit-v-satne-pred-koncertem\/#primaryimage","url":"https:\/\/www.karaoketexty.cz\/magazin\/wp-content\/uploads\/2026\/01\/bonbony.jpg","contentUrl":"https:\/\/www.karaoketexty.cz\/magazin\/wp-content\/uploads\/2026\/01\/bonbony.jpg","width":1200,"height":675,"caption":"Fotografie: :: Suwaif :: \/ Creative Commons \/ CC BY-SA 2.0"},{"@type":"BreadcrumbList","@id":"https:\/\/www.karaoketexty.cz\/magazin\/nejpodivnejsi-prani-hudebnich-hvezd-co-chteji-mit-v-satne-pred-koncertem\/#breadcrumb","itemListElement":[{"@type":"ListItem","position":1,"name":"Dom\u016f","item":"https:\/\/www.karaoketexty.cz\/magazin\/"},{"@type":"ListItem","position":2,"name":"Nejpodivn\u011bj\u0161\u00ed p\u0159\u00e1n\u00ed hudebn\u00edch hv\u011bzd: Co cht\u011bj\u00ed m\u00edt v \u0161atn\u011b p\u0159ed koncertem"}]},{"@type":"WebSite","@id":"https:\/\/www.karaoketexty.cz\/magazin\/#website","url":"https:\/\/www.karaoketexty.cz\/magazin\/","name":"Stars Magaz\u00edn Karaoketexty.cz","description":"Stars Magaz\u00edn na Karaoketexty.cz je zam\u011b\u0159en\u00fd na novinky ze sv\u011bta hudby a celebrit. Obsahuje \u010dl\u00e1nky o zp\u011bv\u00e1c\u00edch, kapel\u00e1ch, nov\u00fdch albech, hudebn\u00edch trendech a dal\u0161\u00edch zaj\u00edmavostech z hudebn\u00edho pr\u016fmyslu.","potentialAction":[{"@type":"SearchAction","target":{"@type":"EntryPoint","urlTemplate":"https:\/\/www.karaoketexty.cz\/magazin\/?s={search_term_string}"},"query-input":{"@type":"PropertyValueSpecification","valueRequired":true,"valueName":"search_term_string"}}],"inLanguage":"cs"},{"@type":"Person","@id":"https:\/\/www.karaoketexty.cz\/magazin\/#\/schema\/person\/03220d610ed4cba378a72bac3443f821","name":"Veronika \u0160imkov\u00e1","image":{"@type":"ImageObject","inLanguage":"cs","@id":"https:\/\/secure.gravatar.com\/avatar\/62af9cda83322200aaf20e60d0442fbca254ce18c0ffdcaaf83de31493c941a5?s=96&d=mm&r=g","url":"https:\/\/secure.gravatar.com\/avatar\/62af9cda83322200aaf20e60d0442fbca254ce18c0ffdcaaf83de31493c941a5?s=96&d=mm&r=g","contentUrl":"https:\/\/secure.gravatar.com\/avatar\/62af9cda83322200aaf20e60d0442fbca254ce18c0ffdcaaf83de31493c941a5?s=96&d=mm&r=g","caption":"Veronika \u0160imkov\u00e1"},"url":"https:\/\/www.karaoketexty.cz\/magazin\/author\/veronikasimkova\/"}]}},"_links":{"self":[{"href":"https:\/\/www.karaoketexty.cz\/magazin\/wp-json\/wp\/v2\/posts\/6736","targetHints":{"allow":["GET"]}}],"collection":[{"href":"https:\/\/www.karaoketexty.cz\/magazin\/wp-json\/wp\/v2\/posts"}],"about":[{"href":"https:\/\/www.karaoketexty.cz\/magazin\/wp-json\/wp\/v2\/types\/post"}],"author":[{"embeddable":true,"href":"https:\/\/www.karaoketexty.cz\/magazin\/wp-json\/wp\/v2\/users\/5"}],"replies":[{"embeddable":true,"href":"https:\/\/www.karaoketexty.cz\/magazin\/wp-json\/wp\/v2\/comments?post=6736"}],"version-history":[{"count":4,"href":"https:\/\/www.karaoketexty.cz\/magazin\/wp-json\/wp\/v2\/posts\/6736\/revisions"}],"predecessor-version":[{"id":7005,"href":"https:\/\/www.karaoketexty.cz\/magazin\/wp-json\/wp\/v2\/posts\/6736\/revisions\/7005"}],"wp:featuredmedia":[{"embeddable":true,"href":"https:\/\/www.karaoketexty.cz\/magazin\/wp-json\/wp\/v2\/media\/6718"}],"wp:attachment":[{"href":"https:\/\/www.karaoketexty.cz\/magazin\/wp-json\/wp\/v2\/media?parent=6736"}],"wp:term":[{"taxonomy":"category","embeddable":true,"href":"https:\/\/www.karaoketexty.cz\/magazin\/wp-json\/wp\/v2\/categories?post=6736"},{"taxonomy":"post_tag","embeddable":true,"href":"https:\/\/www.karaoketexty.cz\/magazin\/wp-json\/wp\/v2\/tags?post=6736"}],"curies":[{"name":"wp","href":"https:\/\/api.w.org\/{rel}","templated":true}]}}