{"id":5537,"date":"2025-12-14T09:31:00","date_gmt":"2025-12-14T08:31:00","guid":{"rendered":"https:\/\/www.karaoketexty.cz\/magazin\/?p=5537"},"modified":"2025-12-12T23:28:20","modified_gmt":"2025-12-12T22:28:20","slug":"backstreet-boys-zahajili-lyzarskou-sezonu-ve-schladmingu-hudba-snih-a-velkolepa-show","status":"publish","type":"post","link":"https:\/\/www.karaoketexty.cz\/magazin\/backstreet-boys-zahajili-lyzarskou-sezonu-ve-schladmingu-hudba-snih-a-velkolepa-show\/","title":{"rendered":"Backstreet Boys zah\u00e1jili ly\u017ea\u0159skou sez\u00f3nu ve Schladmingu: Hudba, sn\u00edh a velkolep\u00e1 show"},"content":{"rendered":"\n<p><strong>Ly\u017ea\u0159sk\u00e9 st\u0159edisko Schladming-Dachstein otev\u0159elo leto\u0161n\u00ed sez\u00f3nu s pompou a hv\u011bzdami. Hlavn\u00edm tah\u00e1kem byli Backstreet Boys.<\/strong><\/p>\n\n\n\n<p>Legendy Backstreet Boys zah\u00e1jili ly\u017ea\u0159skou sez\u00f3nu ve Schladming-Dachstein 2025 velkolep\u00fdm koncertem. Jak jsme si v redakci Karaoketexty.cz v\u0161imli, jejich vystoupen\u00ed p\u0159il\u00e1kalo tis\u00edce fanou\u0161k\u016f v\u0161ech v\u011bkov\u00fdch kategori\u00ed, od mlad\u00fdch a\u017e po star\u0161\u00ed ro\u010dn\u00edky. Koncert nab\u00eddl jak osv\u011bd\u010den\u00e9 hity kapely, tak i ochutn\u00e1vku nov\u011bj\u0161\u00edho materi\u00e1lu z v\u00fdro\u010dn\u00edho alba <em>Millennium 2.0<\/em>, kter\u00e9 vy\u0161lo v \u010dervenci. Cel\u00e9 t\u0159i dny pln\u00e9 hudby, sv\u011btel a sn\u011bhu, dopln\u011bn\u00e9 o Backstreet Boys, si m\u00e1lokdo cht\u011bl nechat uj\u00edt.<\/p>\n\n\n<!-- karaoketexty.cz \/ rectangle2 -->\n<div id=\"PX_37086_709110796310826\"><\/div>\n<script>\n   if(!useMobileAds && !boolUseSeznamAds && !hideAllAds){\n     window.px2 = window.px2 || { conf: {},queue: [] };\n     px2.queue.push(function () {\n        px2.render({\n           slot: {\n              id: 37086\n           },\n            elem: \"PX_37086_709110796310826\"\n        })\n     });\n  }\n<\/script>\n\n<!-- karaoketexty.cz \/ mobile-rectangle3 -->\n<div id=\"PX_37044_714599773297004\"><\/div>\n<script>\n   if(useMobileAds && !boolUseSeznamAds && !hideAllAds){\nwindow.px2 = window.px2 || { conf: {},queue: [] };\npx2.queue.push(function () {\n\tpx2.render({\n\t\tslot: {\n\t\t\tid: 37044\n\t\t},\n\t\telem: \"PX_37044_714599773297004\"\n\t})\n});\n}\n<\/script>\n\n\n<h2 class=\"wp-block-heading\">Energetick\u00e1 show pod horsk\u00fdm nebem<\/h2>\n\n\n\n<p>Backstreet Boys prom\u011bnili stadion Planai v srdci Schladmingu ve sv\u011btelnou a hudebn\u00ed sc\u00e9nu. P\u0159ibli\u017en\u011b 50 000 n\u00e1v\u0161t\u011bvn\u00edk\u016f sledovalo, jak obl\u00edben\u00e9 popov\u00e9 hity zn\u00ed na p\u00f3diu, zat\u00edmco je obklopovaly dokonal\u00e9 sn\u011bhov\u00e9 podm\u00ednky. Kapela zahr\u00e1la klasiky jako I Want It That Way, Everybody (Backstreet\u2019s Back), As Long As You Love Me \u010di Quit Playing Games (With My Heart). Z\u00e1rove\u0148 se fanou\u0161ci mohli t\u011b\u0161it i na nov\u00fd materi\u00e1l, p\u0159ipravovan\u00fd na v\u00fdro\u010dn\u00ed album Millennium 2.0, kter\u00e9 vy\u0161lo 11. \u010dervence 2025 jako reedice jejich ikonick\u00e9ho alba z roku 1999.<\/p>\n\n\n\n<p>Otev\u0159en\u00ed sez\u00f3ny ve Schladmingu m\u00e1 celkov\u011b dlouholetou tradici. U\u017e od roku 2007 zde vystoupily sv\u011btov\u00e9 hv\u011bzdy jako P!NK, Kid Rock, David Guetta, Swedish House Mafia, Robbie Williams \u010di Sting. V roce 2024 se festival nesl ve znamen\u00ed britsk\u00e9 legendy Stinga, kter\u00fd okouzlil t\u00e9m\u011b\u0159 9 500 fanou\u0161k\u016f, a Bryan Adamse, kter\u00fd p\u0159il\u00e1kal 10 000 nad\u0161en\u00fdch n\u00e1v\u0161t\u011bvn\u00edk\u016f. Fin\u00e1le pak pat\u0159ilo skupin\u011b Simply Red, jej\u00ed\u017e emotivn\u00ed set sledovalo 7 000 host\u016f. Celkem b\u011bhem t\u011bchto akc\u00ed festival p\u0159iv\u00edtal v\u00edce ne\u017e 26 500 n\u00e1v\u0161t\u011bvn\u00edk\u016f ze 30 zem\u00ed, co\u017e z n\u011bj \u010din\u00ed jednu z nejv\u00fdznamn\u011bj\u0161\u00edch ly\u017ea\u0159sk\u00fdch hudebn\u00edch ud\u00e1lost\u00ed Evropy, jak uv\u00e1d\u00ed Planai.<\/p>\n\n\n<!-- karaoketexty.cz \/ interscroller1 -->\n\n<div id=\"PX_37041_825057871452834\"><\/div>\n<script>\nif(useMobileAds && !boolUseSeznamAds && !hideAllAds){\n\twindow.px2 = window.px2 || { conf: {},queue: [] };\n\tpx2.queue.push(function () {\n\t\tpx2.render({\n\t\t\tslot: {\n\t\t\t\tid: 37041\n\t\t\t},\n\t\t\telem: \"PX_37041_825057871452834\"\n\t\t})\n\t});\n}\n<\/script>\n\n\n<h2 class=\"wp-block-heading\">Kdo jsou Backstreet Boys<\/h2>\n\n\n\n<p>Backstreet Boys, jeden z nej\u00fasp\u011b\u0161n\u011bj\u0161\u00edch boyband\u016f v\u0161ech dob, vznikli v roce 1993 v Orlandu na Florid\u011b. Zakl\u00e1daj\u00edc\u00ed \u010dlenov\u00e9 byli AJ McLean, Howie Dorough, Nick Carter, Kevin Richardson a Brian Littrell. Jejich debutov\u00e9 album Backstreet Boys vy\u0161lo v roce 1996, n\u00e1sledovalo Backstreet\u2019s Back, kter\u00e9 upevnilo jejich pozici na mezin\u00e1rodn\u00ed sc\u00e9n\u011b.<\/p>\n\n\n\n<blockquote class=\"instagram-media\" data-instgrm-captioned data-instgrm-permalink=\"https:\/\/www.instagram.com\/reel\/DSDDnBhCHJW\/?utm_source=ig_embed&amp;utm_campaign=loading\" data-instgrm-version=\"14\" style=\" background:#FFF; border:0; border-radius:3px; box-shadow:0 0 1px 0 rgba(0,0,0,0.5),0 1px 10px 0 rgba(0,0,0,0.15); margin: 1px; max-width:540px; min-width:326px; padding:0; width:99.375%; width:-webkit-calc(100% - 2px); width:calc(100% - 2px);\"><div style=\"padding:16px;\"> <a href=\"https:\/\/www.instagram.com\/reel\/DSDDnBhCHJW\/?utm_source=ig_embed&amp;utm_campaign=loading\" style=\" background:#FFFFFF; line-height:0; padding:0 0; text-align:center; text-decoration:none; width:100%;\" target=\"_blank\"> <div style=\" display: flex; flex-direction: row; align-items: center;\"> <div style=\"background-color: #F4F4F4; border-radius: 50%; flex-grow: 0; height: 40px; margin-right: 14px; width: 40px;\"><\/div> <div style=\"display: flex; flex-direction: column; flex-grow: 1; justify-content: center;\"> <div style=\" background-color: #F4F4F4; border-radius: 4px; flex-grow: 0; height: 14px; margin-bottom: 6px; width: 100px;\"><\/div> <div style=\" background-color: #F4F4F4; border-radius: 4px; flex-grow: 0; height: 14px; width: 60px;\"><\/div><\/div><\/div><div style=\"padding: 19% 0;\"><\/div> <div style=\"display:block; height:50px; margin:0 auto 12px; width:50px;\"><svg width=\"50px\" height=\"50px\" viewBox=\"0 0 60 60\" version=\"1.1\" xmlns=\"https:\/\/www.w3.org\/2000\/svg\" xmlns:xlink=\"https:\/\/www.w3.org\/1999\/xlink\"><g stroke=\"none\" stroke-width=\"1\" fill=\"none\" fill-rule=\"evenodd\"><g transform=\"translate(-511.000000, -20.000000)\" fill=\"#000000\"><g><path d=\"M556.869,30.41 C554.814,30.41 553.148,32.076 553.148,34.131 C553.148,36.186 554.814,37.852 556.869,37.852 C558.924,37.852 560.59,36.186 560.59,34.131 C560.59,32.076 558.924,30.41 556.869,30.41 M541,60.657 C535.114,60.657 530.342,55.887 530.342,50 C530.342,44.114 535.114,39.342 541,39.342 C546.887,39.342 551.658,44.114 551.658,50 C551.658,55.887 546.887,60.657 541,60.657 M541,33.886 C532.1,33.886 524.886,41.1 524.886,50 C524.886,58.899 532.1,66.113 541,66.113 C549.9,66.113 557.115,58.899 557.115,50 C557.115,41.1 549.9,33.886 541,33.886 M565.378,62.101 C565.244,65.022 564.756,66.606 564.346,67.663 C563.803,69.06 563.154,70.057 562.106,71.106 C561.058,72.155 560.06,72.803 558.662,73.347 C557.607,73.757 556.021,74.244 553.102,74.378 C549.944,74.521 548.997,74.552 541,74.552 C533.003,74.552 532.056,74.521 528.898,74.378 C525.979,74.244 524.393,73.757 523.338,73.347 C521.94,72.803 520.942,72.155 519.894,71.106 C518.846,70.057 518.197,69.06 517.654,67.663 C517.244,66.606 516.755,65.022 516.623,62.101 C516.479,58.943 516.448,57.996 516.448,50 C516.448,42.003 516.479,41.056 516.623,37.899 C516.755,34.978 517.244,33.391 517.654,32.338 C518.197,30.938 518.846,29.942 519.894,28.894 C520.942,27.846 521.94,27.196 523.338,26.654 C524.393,26.244 525.979,25.756 528.898,25.623 C532.057,25.479 533.004,25.448 541,25.448 C548.997,25.448 549.943,25.479 553.102,25.623 C556.021,25.756 557.607,26.244 558.662,26.654 C560.06,27.196 561.058,27.846 562.106,28.894 C563.154,29.942 563.803,30.938 564.346,32.338 C564.756,33.391 565.244,34.978 565.378,37.899 C565.522,41.056 565.552,42.003 565.552,50 C565.552,57.996 565.522,58.943 565.378,62.101 M570.82,37.631 C570.674,34.438 570.167,32.258 569.425,30.349 C568.659,28.377 567.633,26.702 565.965,25.035 C564.297,23.368 562.623,22.342 560.652,21.575 C558.743,20.834 556.562,20.326 553.369,20.18 C550.169,20.033 549.148,20 541,20 C532.853,20 531.831,20.033 528.631,20.18 C525.438,20.326 523.257,20.834 521.349,21.575 C519.376,22.342 517.703,23.368 516.035,25.035 C514.368,26.702 513.342,28.377 512.574,30.349 C511.834,32.258 511.326,34.438 511.181,37.631 C511.035,40.831 511,41.851 511,50 C511,58.147 511.035,59.17 511.181,62.369 C511.326,65.562 511.834,67.743 512.574,69.651 C513.342,71.625 514.368,73.296 516.035,74.965 C517.703,76.634 519.376,77.658 521.349,78.425 C523.257,79.167 525.438,79.673 528.631,79.82 C531.831,79.965 532.853,80.001 541,80.001 C549.148,80.001 550.169,79.965 553.369,79.82 C556.562,79.673 558.743,79.167 560.652,78.425 C562.623,77.658 564.297,76.634 565.965,74.965 C567.633,73.296 568.659,71.625 569.425,69.651 C570.167,67.743 570.674,65.562 570.82,62.369 C570.966,59.17 571,58.147 571,50 C571,41.851 570.966,40.831 570.82,37.631\"><\/path><\/g><\/g><\/g><\/svg><\/div><div style=\"padding-top: 8px;\"> <div style=\" color:#3897f0; font-family:Arial,sans-serif; font-size:14px; font-style:normal; font-weight:550; line-height:18px;\">Zobrazit p\u0159\u00edsp\u011bvek na Instagramu<\/div><\/div><div style=\"padding: 12.5% 0;\"><\/div> <div style=\"display: flex; flex-direction: row; margin-bottom: 14px; align-items: center;\"><div> <div style=\"background-color: #F4F4F4; border-radius: 50%; height: 12.5px; width: 12.5px; transform: translateX(0px) translateY(7px);\"><\/div> <div style=\"background-color: #F4F4F4; height: 12.5px; transform: rotate(-45deg) translateX(3px) translateY(1px); width: 12.5px; flex-grow: 0; margin-right: 14px; margin-left: 2px;\"><\/div> <div style=\"background-color: #F4F4F4; border-radius: 50%; height: 12.5px; width: 12.5px; transform: translateX(9px) translateY(-18px);\"><\/div><\/div><div style=\"margin-left: 8px;\"> <div style=\" background-color: #F4F4F4; border-radius: 50%; flex-grow: 0; height: 20px; width: 20px;\"><\/div> <div style=\" width: 0; height: 0; border-top: 2px solid transparent; border-left: 6px solid #f4f4f4; border-bottom: 2px solid transparent; transform: translateX(16px) translateY(-4px) rotate(30deg)\"><\/div><\/div><div style=\"margin-left: auto;\"> <div style=\" width: 0px; border-top: 8px solid #F4F4F4; border-right: 8px solid transparent; transform: translateY(16px);\"><\/div> <div style=\" background-color: #F4F4F4; flex-grow: 0; height: 12px; width: 16px; transform: translateY(-4px);\"><\/div> <div style=\" width: 0; height: 0; border-top: 8px solid #F4F4F4; border-left: 8px solid transparent; transform: translateY(-4px) translateX(8px);\"><\/div><\/div><\/div> <div style=\"display: flex; flex-direction: column; flex-grow: 1; justify-content: center; margin-bottom: 24px;\"> <div style=\" background-color: #F4F4F4; border-radius: 4px; flex-grow: 0; height: 14px; margin-bottom: 6px; width: 224px;\"><\/div> <div style=\" background-color: #F4F4F4; border-radius: 4px; flex-grow: 0; height: 14px; width: 144px;\"><\/div><\/div><\/a><p style=\" color:#c9c8cd; font-family:Arial,sans-serif; font-size:14px; line-height:17px; margin-bottom:0; margin-top:8px; overflow:hidden; padding:8px 0 7px; text-align:center; text-overflow:ellipsis; white-space:nowrap;\"><a href=\"https:\/\/www.instagram.com\/reel\/DSDDnBhCHJW\/?utm_source=ig_embed&amp;utm_campaign=loading\" style=\" color:#c9c8cd; font-family:Arial,sans-serif; font-size:14px; font-style:normal; font-weight:normal; line-height:17px; text-decoration:none;\" target=\"_blank\">P\u0159\u00edsp\u011bvek sd\u00edlen\u00fd SKI-OPENING SCHLADMING-DACHSTEIN (@skiopening_schladming)<\/a><\/p><\/div><\/blockquote>\n<script async src=\"\/\/www.instagram.com\/embed.js\"><\/script>\n\n\n\n<p>Backstreet Boys ovlivnili nejen hudebn\u00ed pr\u016fmysl, ale i popkulturu 90. let. Nick Carter a Brian Littrell jsou zn\u00e1m\u00ed svou rodinnou orientac\u00ed a charitativn\u00edmi aktivitami, AJ McLean otev\u0159en\u011b mluv\u00ed o sv\u00fdch zdravotn\u00edch probl\u00e9mech a z\u00e1vislostech, co\u017e fanou\u0161k\u016fm ukazuje lidskou str\u00e1nku hv\u011bzd. Kapela prodala p\u0159es 100 milion\u016f alb, stala se dr\u017eitelem mnoha cen a st\u00e1le aktivn\u011b koncertuje, \u010d\u00edm\u017e dokazuje, \u017ee jejich fenom\u00e9n p\u0159e\u017e\u00edv\u00e1 generace.<\/p>\n\n\n\n<p>Zdroj: Autorsk\u00fd text, <a href=\"https:\/\/en.wikipedia.org\/wiki\/Backstreet_Boys\" target=\"_blank\" rel=\"noreferrer noopener nofollow\">Wikipedie<\/a>, <a href=\"https:\/\/www.planai.at\/en\/activities\/events-news\/ski-opening\" target=\"_blank\" rel=\"noreferrer noopener nofollow\">Planai<\/a>, SchladmingDachstein, <a href=\"https:\/\/www.facebook.com\/ktbspa.fans?__tn__=-UC\" target=\"_blank\" rel=\"noreferrer noopener nofollow\">Facebook Backstreet Boys &#8211; Fans<\/a><\/p>\n\n\n            <a href=\"https:\/\/www.karaoketexty.cz\/magazin\/novy-koncert-backstreet-boys-po-mnoha-letech-emotivni-navrat-jedne-z-nejvetsich-boyband-legend\/\" class=\"related-post-link\">\n                <div class=\"post-thumbnail\">\n                    <img decoding=\"async\" width=\"250\" height=\"141\" src=\"https:\/\/www.karaoketexty.cz\/magazin\/wp-content\/uploads\/2025\/07\/Backstreet-Boys-pod-napisem.jpg\" class=\"attachment-250x180 size-250x180 not-transparent\" alt=\"Backstreet Boys\" srcset=\"https:\/\/www.karaoketexty.cz\/magazin\/wp-content\/uploads\/2025\/07\/Backstreet-Boys-pod-napisem.jpg 1200w, https:\/\/www.karaoketexty.cz\/magazin\/wp-content\/uploads\/2025\/07\/Backstreet-Boys-pod-napisem-300x169.jpg 300w, https:\/\/www.karaoketexty.cz\/magazin\/wp-content\/uploads\/2025\/07\/Backstreet-Boys-pod-napisem-1024x578.jpg 1024w, https:\/\/www.karaoketexty.cz\/magazin\/wp-content\/uploads\/2025\/07\/Backstreet-Boys-pod-napisem-768x433.jpg 768w, https:\/\/www.karaoketexty.cz\/magazin\/wp-content\/uploads\/2025\/07\/Backstreet-Boys-pod-napisem-800x450.jpg 800w\" sizes=\"(max-width: 250px) 100vw, 250px\" data-has-transparency=\"false\" data-dominant-color=\"222139\" style=\"--dominant-color: #222139;\" \/>                <\/div>\n                <div class=\"post-details\">\n                    <span class=\"also-read\">\u010ct\u011bte tak\u00e9:<\/span>\n                    <h3 class=\"hed\">Nov\u00fd koncert Backstreet Boys po mnoha letech. Emotivn\u00ed n\u00e1vrat jedn\u00e9 z nejv\u011bt\u0161\u00edch boyband legend<\/h3>\n                <\/div>\n            <\/a>\n            \n\n            <a href=\"https:\/\/www.karaoketexty.cz\/magazin\/spice-girls-opet-pohromade-oslava-50-narozenin-mel-b\/\" class=\"related-post-link\">\n                <div class=\"post-thumbnail\">\n                    <img decoding=\"async\" width=\"250\" height=\"131\" src=\"https:\/\/www.karaoketexty.cz\/magazin\/wp-content\/uploads\/2025\/06\/spice-girls.avif\" class=\"attachment-250x180 size-250x180 not-transparent\" alt=\"Fotografie Spice Girls\" data-has-transparency=\"false\" data-dominant-color=\"4a3528\" style=\"--dominant-color: #4a3528;\" \/>                <\/div>\n                <div class=\"post-details\">\n                    <span class=\"also-read\">\u010ct\u011bte tak\u00e9:<\/span>\n                    <h3 class=\"hed\">Spice Girls op\u011bt pohromad\u011b: Setkaly se na velkolep\u00e9 oslav\u011b 50. narozenin Mel B<\/h3>\n                <\/div>\n            <\/a>\n            ","protected":false},"excerpt":{"rendered":"<p>Ly\u017ea\u0159sk\u00e9 st\u0159edisko Schladming-Dachstein otev\u0159elo leto\u0161n\u00ed sez\u00f3nu s pompou a hv\u011bzdami. Hlavn\u00edm tah\u00e1kem byli Backstreet Boys.<\/p>\n","protected":false},"author":4,"featured_media":5554,"comment_status":"open","ping_status":"closed","sticky":false,"template":"","format":"standard","meta":{"_yoast_wpseo_title":"Backstreet Boys zah\u00e1jili ly\u017ea\u0159skou sez\u00f3nu ve Schladmingu","_yoast_wpseo_metadesc":"Ly\u017ea\u0159sk\u00e9 st\u0159edisko Schladming-Dachstein otev\u0159elo leto\u0161n\u00ed sez\u00f3nu s pompou a hv\u011bzdami. Hlavn\u00edm tah\u00e1kem byli Backstreet Boys.","footnotes":""},"categories":[7],"tags":[1361,857,856,702,388,136,5203,5201,406,5198,5199,5202,5200,5188],"class_list":["post-5537","post","type-post","status-publish","format-standard","has-post-thumbnail","hentry","category-aktuality","tag-90-leta","tag-backstreet-boys","tag-boyband","tag-hudebni-festival","tag-hudebni-vystoupeni","tag-koncert","tag-lyzarske-stredisko","tag-millennium-2-0","tag-pop","tag-rakousko","tag-schladming-dachstein","tag-vyrocni-album","tag-zahajeni-sezony","tag-zahranicni-kapela"],"yoast_head":"<!-- This site is optimized with the Yoast SEO plugin v27.5 - https:\/\/yoast.com\/product\/yoast-seo-wordpress\/ -->\n<title>Backstreet Boys zah\u00e1jili ly\u017ea\u0159skou sez\u00f3nu ve Schladmingu<\/title>\n<meta name=\"description\" content=\"Ly\u017ea\u0159sk\u00e9 st\u0159edisko Schladming-Dachstein otev\u0159elo leto\u0161n\u00ed sez\u00f3nu s pompou a hv\u011bzdami. Hlavn\u00edm tah\u00e1kem byli Backstreet Boys.\" \/>\n<meta name=\"robots\" content=\"index, follow, max-snippet:-1, max-image-preview:large, max-video-preview:-1\" \/>\n<link rel=\"canonical\" href=\"https:\/\/www.karaoketexty.cz\/magazin\/backstreet-boys-zahajili-lyzarskou-sezonu-ve-schladmingu-hudba-snih-a-velkolepa-show\/\" \/>\n<meta property=\"og:locale\" content=\"cs_CZ\" \/>\n<meta property=\"og:type\" content=\"article\" \/>\n<meta property=\"og:title\" content=\"Backstreet Boys zah\u00e1jili ly\u017ea\u0159skou sez\u00f3nu ve Schladmingu\" \/>\n<meta property=\"og:description\" content=\"Ly\u017ea\u0159sk\u00e9 st\u0159edisko Schladming-Dachstein otev\u0159elo leto\u0161n\u00ed sez\u00f3nu s pompou a hv\u011bzdami. Hlavn\u00edm tah\u00e1kem byli Backstreet Boys.\" \/>\n<meta property=\"og:url\" content=\"https:\/\/www.karaoketexty.cz\/magazin\/backstreet-boys-zahajili-lyzarskou-sezonu-ve-schladmingu-hudba-snih-a-velkolepa-show\/\" \/>\n<meta property=\"og:site_name\" content=\"Stars Magaz\u00edn Karaoketexty.cz\" \/>\n<meta property=\"article:published_time\" content=\"2025-12-14T08:31:00+00:00\" \/>\n<meta property=\"og:image\" content=\"https:\/\/www.karaoketexty.cz\/magazin\/wp-content\/uploads\/2025\/12\/backstreet-boys-boyband.jpg\" \/>\n\t<meta property=\"og:image:width\" content=\"1200\" \/>\n\t<meta property=\"og:image:height\" content=\"757\" \/>\n\t<meta property=\"og:image:type\" content=\"image\/jpeg\" \/>\n<meta name=\"author\" content=\"Barbora Kop\u0159ivov\u00e1\" \/>\n<meta name=\"twitter:card\" content=\"summary_large_image\" \/>\n<meta name=\"twitter:label1\" content=\"Napsal(a)\" \/>\n\t<meta name=\"twitter:data1\" content=\"Barbora Kop\u0159ivov\u00e1\" \/>\n\t<meta name=\"twitter:label2\" content=\"Odhadovan\u00e1 doba \u010dten\u00ed\" \/>\n\t<meta name=\"twitter:data2\" content=\"3 minuty\" \/>\n<script type=\"application\/ld+json\" class=\"yoast-schema-graph\">{\"@context\":\"https:\\\/\\\/schema.org\",\"@graph\":[{\"@type\":\"Article\",\"@id\":\"https:\\\/\\\/www.karaoketexty.cz\\\/magazin\\\/backstreet-boys-zahajili-lyzarskou-sezonu-ve-schladmingu-hudba-snih-a-velkolepa-show\\\/#article\",\"isPartOf\":{\"@id\":\"https:\\\/\\\/www.karaoketexty.cz\\\/magazin\\\/backstreet-boys-zahajili-lyzarskou-sezonu-ve-schladmingu-hudba-snih-a-velkolepa-show\\\/\"},\"author\":{\"name\":\"Barbora Kop\u0159ivov\u00e1\",\"@id\":\"https:\\\/\\\/www.karaoketexty.cz\\\/magazin\\\/#\\\/schema\\\/person\\\/37c0164a04038267c8a56ad6d60df749\"},\"headline\":\"Backstreet Boys zah\u00e1jili ly\u017ea\u0159skou sez\u00f3nu ve Schladmingu: Hudba, sn\u00edh a velkolep\u00e1 show\",\"datePublished\":\"2025-12-14T08:31:00+00:00\",\"mainEntityOfPage\":{\"@id\":\"https:\\\/\\\/www.karaoketexty.cz\\\/magazin\\\/backstreet-boys-zahajili-lyzarskou-sezonu-ve-schladmingu-hudba-snih-a-velkolepa-show\\\/\"},\"wordCount\":540,\"commentCount\":0,\"image\":{\"@id\":\"https:\\\/\\\/www.karaoketexty.cz\\\/magazin\\\/backstreet-boys-zahajili-lyzarskou-sezonu-ve-schladmingu-hudba-snih-a-velkolepa-show\\\/#primaryimage\"},\"thumbnailUrl\":\"https:\\\/\\\/www.karaoketexty.cz\\\/magazin\\\/wp-content\\\/uploads\\\/2025\\\/12\\\/backstreet-boys-boyband.jpg\",\"keywords\":[\"90. l\u00e9ta\",\"Backstreet Boys\",\"boyband\",\"hudebn\u00ed festival\",\"hudebn\u00ed vystoupen\u00ed\",\"koncert\",\"ly\u017ea\u0159sk\u00e9 st\u0159edisko\",\"Millennium 2.0\",\"pop\",\"Rakousko\",\"Schladming-Dachstein\",\"v\u00fdro\u010dn\u00ed album\",\"zah\u00e1jen\u00ed sez\u00f3ny\",\"zahrani\u010dn\u00ed kapela\"],\"articleSection\":[\"Aktuality\"],\"inLanguage\":\"cs\",\"potentialAction\":[{\"@type\":\"CommentAction\",\"name\":\"Comment\",\"target\":[\"https:\\\/\\\/www.karaoketexty.cz\\\/magazin\\\/backstreet-boys-zahajili-lyzarskou-sezonu-ve-schladmingu-hudba-snih-a-velkolepa-show\\\/#respond\"]}]},{\"@type\":\"WebPage\",\"@id\":\"https:\\\/\\\/www.karaoketexty.cz\\\/magazin\\\/backstreet-boys-zahajili-lyzarskou-sezonu-ve-schladmingu-hudba-snih-a-velkolepa-show\\\/\",\"url\":\"https:\\\/\\\/www.karaoketexty.cz\\\/magazin\\\/backstreet-boys-zahajili-lyzarskou-sezonu-ve-schladmingu-hudba-snih-a-velkolepa-show\\\/\",\"name\":\"Backstreet Boys zah\u00e1jili ly\u017ea\u0159skou sez\u00f3nu ve Schladmingu\",\"isPartOf\":{\"@id\":\"https:\\\/\\\/www.karaoketexty.cz\\\/magazin\\\/#website\"},\"primaryImageOfPage\":{\"@id\":\"https:\\\/\\\/www.karaoketexty.cz\\\/magazin\\\/backstreet-boys-zahajili-lyzarskou-sezonu-ve-schladmingu-hudba-snih-a-velkolepa-show\\\/#primaryimage\"},\"image\":{\"@id\":\"https:\\\/\\\/www.karaoketexty.cz\\\/magazin\\\/backstreet-boys-zahajili-lyzarskou-sezonu-ve-schladmingu-hudba-snih-a-velkolepa-show\\\/#primaryimage\"},\"thumbnailUrl\":\"https:\\\/\\\/www.karaoketexty.cz\\\/magazin\\\/wp-content\\\/uploads\\\/2025\\\/12\\\/backstreet-boys-boyband.jpg\",\"datePublished\":\"2025-12-14T08:31:00+00:00\",\"author\":{\"@id\":\"https:\\\/\\\/www.karaoketexty.cz\\\/magazin\\\/#\\\/schema\\\/person\\\/37c0164a04038267c8a56ad6d60df749\"},\"description\":\"Ly\u017ea\u0159sk\u00e9 st\u0159edisko Schladming-Dachstein otev\u0159elo leto\u0161n\u00ed sez\u00f3nu s pompou a hv\u011bzdami. Hlavn\u00edm tah\u00e1kem byli Backstreet Boys.\",\"breadcrumb\":{\"@id\":\"https:\\\/\\\/www.karaoketexty.cz\\\/magazin\\\/backstreet-boys-zahajili-lyzarskou-sezonu-ve-schladmingu-hudba-snih-a-velkolepa-show\\\/#breadcrumb\"},\"inLanguage\":\"cs\",\"potentialAction\":[{\"@type\":\"ReadAction\",\"target\":[\"https:\\\/\\\/www.karaoketexty.cz\\\/magazin\\\/backstreet-boys-zahajili-lyzarskou-sezonu-ve-schladmingu-hudba-snih-a-velkolepa-show\\\/\"]}]},{\"@type\":\"ImageObject\",\"inLanguage\":\"cs\",\"@id\":\"https:\\\/\\\/www.karaoketexty.cz\\\/magazin\\\/backstreet-boys-zahajili-lyzarskou-sezonu-ve-schladmingu-hudba-snih-a-velkolepa-show\\\/#primaryimage\",\"url\":\"https:\\\/\\\/www.karaoketexty.cz\\\/magazin\\\/wp-content\\\/uploads\\\/2025\\\/12\\\/backstreet-boys-boyband.jpg\",\"contentUrl\":\"https:\\\/\\\/www.karaoketexty.cz\\\/magazin\\\/wp-content\\\/uploads\\\/2025\\\/12\\\/backstreet-boys-boyband.jpg\",\"width\":1200,\"height\":757,\"caption\":\"Foto: U\u017eivatel Toglenn \\\/ Creative Commons \\\/ CC BY-SA, Backstreet Boys v Los Angeles v roce 2019\"},{\"@type\":\"BreadcrumbList\",\"@id\":\"https:\\\/\\\/www.karaoketexty.cz\\\/magazin\\\/backstreet-boys-zahajili-lyzarskou-sezonu-ve-schladmingu-hudba-snih-a-velkolepa-show\\\/#breadcrumb\",\"itemListElement\":[{\"@type\":\"ListItem\",\"position\":1,\"name\":\"Dom\u016f\",\"item\":\"https:\\\/\\\/www.karaoketexty.cz\\\/magazin\\\/\"},{\"@type\":\"ListItem\",\"position\":2,\"name\":\"Backstreet Boys zah\u00e1jili ly\u017ea\u0159skou sez\u00f3nu ve Schladmingu: Hudba, sn\u00edh a velkolep\u00e1 show\"}]},{\"@type\":\"WebSite\",\"@id\":\"https:\\\/\\\/www.karaoketexty.cz\\\/magazin\\\/#website\",\"url\":\"https:\\\/\\\/www.karaoketexty.cz\\\/magazin\\\/\",\"name\":\"Stars Magaz\u00edn Karaoketexty.cz\",\"description\":\"Stars Magaz\u00edn na Karaoketexty.cz je zam\u011b\u0159en\u00fd na novinky ze sv\u011bta hudby a celebrit. Obsahuje \u010dl\u00e1nky o zp\u011bv\u00e1c\u00edch, kapel\u00e1ch, nov\u00fdch albech, hudebn\u00edch trendech a dal\u0161\u00edch zaj\u00edmavostech z hudebn\u00edho pr\u016fmyslu.\",\"potentialAction\":[{\"@type\":\"SearchAction\",\"target\":{\"@type\":\"EntryPoint\",\"urlTemplate\":\"https:\\\/\\\/www.karaoketexty.cz\\\/magazin\\\/?s={search_term_string}\"},\"query-input\":{\"@type\":\"PropertyValueSpecification\",\"valueRequired\":true,\"valueName\":\"search_term_string\"}}],\"inLanguage\":\"cs\"},{\"@type\":\"Person\",\"@id\":\"https:\\\/\\\/www.karaoketexty.cz\\\/magazin\\\/#\\\/schema\\\/person\\\/37c0164a04038267c8a56ad6d60df749\",\"name\":\"Barbora Kop\u0159ivov\u00e1\",\"image\":{\"@type\":\"ImageObject\",\"inLanguage\":\"cs\",\"@id\":\"https:\\\/\\\/secure.gravatar.com\\\/avatar\\\/ad2ef9810228386d580851ef4bdde76abaa96054ff5b068c8873bc91afb2df84?s=96&d=mm&r=g\",\"url\":\"https:\\\/\\\/secure.gravatar.com\\\/avatar\\\/ad2ef9810228386d580851ef4bdde76abaa96054ff5b068c8873bc91afb2df84?s=96&d=mm&r=g\",\"contentUrl\":\"https:\\\/\\\/secure.gravatar.com\\\/avatar\\\/ad2ef9810228386d580851ef4bdde76abaa96054ff5b068c8873bc91afb2df84?s=96&d=mm&r=g\",\"caption\":\"Barbora Kop\u0159ivov\u00e1\"},\"url\":\"https:\\\/\\\/www.karaoketexty.cz\\\/magazin\\\/author\\\/barborakoprivova\\\/\"}]}<\/script>\n<!-- \/ Yoast SEO plugin. -->","yoast_head_json":{"title":"Backstreet Boys zah\u00e1jili ly\u017ea\u0159skou sez\u00f3nu ve Schladmingu","description":"Ly\u017ea\u0159sk\u00e9 st\u0159edisko Schladming-Dachstein otev\u0159elo leto\u0161n\u00ed sez\u00f3nu s pompou a hv\u011bzdami. Hlavn\u00edm tah\u00e1kem byli Backstreet Boys.","robots":{"index":"index","follow":"follow","max-snippet":"max-snippet:-1","max-image-preview":"max-image-preview:large","max-video-preview":"max-video-preview:-1"},"canonical":"https:\/\/www.karaoketexty.cz\/magazin\/backstreet-boys-zahajili-lyzarskou-sezonu-ve-schladmingu-hudba-snih-a-velkolepa-show\/","og_locale":"cs_CZ","og_type":"article","og_title":"Backstreet Boys zah\u00e1jili ly\u017ea\u0159skou sez\u00f3nu ve Schladmingu","og_description":"Ly\u017ea\u0159sk\u00e9 st\u0159edisko Schladming-Dachstein otev\u0159elo leto\u0161n\u00ed sez\u00f3nu s pompou a hv\u011bzdami. Hlavn\u00edm tah\u00e1kem byli Backstreet Boys.","og_url":"https:\/\/www.karaoketexty.cz\/magazin\/backstreet-boys-zahajili-lyzarskou-sezonu-ve-schladmingu-hudba-snih-a-velkolepa-show\/","og_site_name":"Stars Magaz\u00edn Karaoketexty.cz","article_published_time":"2025-12-14T08:31:00+00:00","og_image":[{"width":1200,"height":757,"url":"https:\/\/www.karaoketexty.cz\/magazin\/wp-content\/uploads\/2025\/12\/backstreet-boys-boyband.jpg","type":"image\/jpeg"}],"author":"Barbora Kop\u0159ivov\u00e1","twitter_card":"summary_large_image","twitter_misc":{"Napsal(a)":"Barbora Kop\u0159ivov\u00e1","Odhadovan\u00e1 doba \u010dten\u00ed":"3 minuty"},"schema":{"@context":"https:\/\/schema.org","@graph":[{"@type":"Article","@id":"https:\/\/www.karaoketexty.cz\/magazin\/backstreet-boys-zahajili-lyzarskou-sezonu-ve-schladmingu-hudba-snih-a-velkolepa-show\/#article","isPartOf":{"@id":"https:\/\/www.karaoketexty.cz\/magazin\/backstreet-boys-zahajili-lyzarskou-sezonu-ve-schladmingu-hudba-snih-a-velkolepa-show\/"},"author":{"name":"Barbora Kop\u0159ivov\u00e1","@id":"https:\/\/www.karaoketexty.cz\/magazin\/#\/schema\/person\/37c0164a04038267c8a56ad6d60df749"},"headline":"Backstreet Boys zah\u00e1jili ly\u017ea\u0159skou sez\u00f3nu ve Schladmingu: Hudba, sn\u00edh a velkolep\u00e1 show","datePublished":"2025-12-14T08:31:00+00:00","mainEntityOfPage":{"@id":"https:\/\/www.karaoketexty.cz\/magazin\/backstreet-boys-zahajili-lyzarskou-sezonu-ve-schladmingu-hudba-snih-a-velkolepa-show\/"},"wordCount":540,"commentCount":0,"image":{"@id":"https:\/\/www.karaoketexty.cz\/magazin\/backstreet-boys-zahajili-lyzarskou-sezonu-ve-schladmingu-hudba-snih-a-velkolepa-show\/#primaryimage"},"thumbnailUrl":"https:\/\/www.karaoketexty.cz\/magazin\/wp-content\/uploads\/2025\/12\/backstreet-boys-boyband.jpg","keywords":["90. l\u00e9ta","Backstreet Boys","boyband","hudebn\u00ed festival","hudebn\u00ed vystoupen\u00ed","koncert","ly\u017ea\u0159sk\u00e9 st\u0159edisko","Millennium 2.0","pop","Rakousko","Schladming-Dachstein","v\u00fdro\u010dn\u00ed album","zah\u00e1jen\u00ed sez\u00f3ny","zahrani\u010dn\u00ed kapela"],"articleSection":["Aktuality"],"inLanguage":"cs","potentialAction":[{"@type":"CommentAction","name":"Comment","target":["https:\/\/www.karaoketexty.cz\/magazin\/backstreet-boys-zahajili-lyzarskou-sezonu-ve-schladmingu-hudba-snih-a-velkolepa-show\/#respond"]}]},{"@type":"WebPage","@id":"https:\/\/www.karaoketexty.cz\/magazin\/backstreet-boys-zahajili-lyzarskou-sezonu-ve-schladmingu-hudba-snih-a-velkolepa-show\/","url":"https:\/\/www.karaoketexty.cz\/magazin\/backstreet-boys-zahajili-lyzarskou-sezonu-ve-schladmingu-hudba-snih-a-velkolepa-show\/","name":"Backstreet Boys zah\u00e1jili ly\u017ea\u0159skou sez\u00f3nu ve Schladmingu","isPartOf":{"@id":"https:\/\/www.karaoketexty.cz\/magazin\/#website"},"primaryImageOfPage":{"@id":"https:\/\/www.karaoketexty.cz\/magazin\/backstreet-boys-zahajili-lyzarskou-sezonu-ve-schladmingu-hudba-snih-a-velkolepa-show\/#primaryimage"},"image":{"@id":"https:\/\/www.karaoketexty.cz\/magazin\/backstreet-boys-zahajili-lyzarskou-sezonu-ve-schladmingu-hudba-snih-a-velkolepa-show\/#primaryimage"},"thumbnailUrl":"https:\/\/www.karaoketexty.cz\/magazin\/wp-content\/uploads\/2025\/12\/backstreet-boys-boyband.jpg","datePublished":"2025-12-14T08:31:00+00:00","author":{"@id":"https:\/\/www.karaoketexty.cz\/magazin\/#\/schema\/person\/37c0164a04038267c8a56ad6d60df749"},"description":"Ly\u017ea\u0159sk\u00e9 st\u0159edisko Schladming-Dachstein otev\u0159elo leto\u0161n\u00ed sez\u00f3nu s pompou a hv\u011bzdami. Hlavn\u00edm tah\u00e1kem byli Backstreet Boys.","breadcrumb":{"@id":"https:\/\/www.karaoketexty.cz\/magazin\/backstreet-boys-zahajili-lyzarskou-sezonu-ve-schladmingu-hudba-snih-a-velkolepa-show\/#breadcrumb"},"inLanguage":"cs","potentialAction":[{"@type":"ReadAction","target":["https:\/\/www.karaoketexty.cz\/magazin\/backstreet-boys-zahajili-lyzarskou-sezonu-ve-schladmingu-hudba-snih-a-velkolepa-show\/"]}]},{"@type":"ImageObject","inLanguage":"cs","@id":"https:\/\/www.karaoketexty.cz\/magazin\/backstreet-boys-zahajili-lyzarskou-sezonu-ve-schladmingu-hudba-snih-a-velkolepa-show\/#primaryimage","url":"https:\/\/www.karaoketexty.cz\/magazin\/wp-content\/uploads\/2025\/12\/backstreet-boys-boyband.jpg","contentUrl":"https:\/\/www.karaoketexty.cz\/magazin\/wp-content\/uploads\/2025\/12\/backstreet-boys-boyband.jpg","width":1200,"height":757,"caption":"Foto: U\u017eivatel Toglenn \/ Creative Commons \/ CC BY-SA, Backstreet Boys v Los Angeles v roce 2019"},{"@type":"BreadcrumbList","@id":"https:\/\/www.karaoketexty.cz\/magazin\/backstreet-boys-zahajili-lyzarskou-sezonu-ve-schladmingu-hudba-snih-a-velkolepa-show\/#breadcrumb","itemListElement":[{"@type":"ListItem","position":1,"name":"Dom\u016f","item":"https:\/\/www.karaoketexty.cz\/magazin\/"},{"@type":"ListItem","position":2,"name":"Backstreet Boys zah\u00e1jili ly\u017ea\u0159skou sez\u00f3nu ve Schladmingu: Hudba, sn\u00edh a velkolep\u00e1 show"}]},{"@type":"WebSite","@id":"https:\/\/www.karaoketexty.cz\/magazin\/#website","url":"https:\/\/www.karaoketexty.cz\/magazin\/","name":"Stars Magaz\u00edn Karaoketexty.cz","description":"Stars Magaz\u00edn na Karaoketexty.cz je zam\u011b\u0159en\u00fd na novinky ze sv\u011bta hudby a celebrit. Obsahuje \u010dl\u00e1nky o zp\u011bv\u00e1c\u00edch, kapel\u00e1ch, nov\u00fdch albech, hudebn\u00edch trendech a dal\u0161\u00edch zaj\u00edmavostech z hudebn\u00edho pr\u016fmyslu.","potentialAction":[{"@type":"SearchAction","target":{"@type":"EntryPoint","urlTemplate":"https:\/\/www.karaoketexty.cz\/magazin\/?s={search_term_string}"},"query-input":{"@type":"PropertyValueSpecification","valueRequired":true,"valueName":"search_term_string"}}],"inLanguage":"cs"},{"@type":"Person","@id":"https:\/\/www.karaoketexty.cz\/magazin\/#\/schema\/person\/37c0164a04038267c8a56ad6d60df749","name":"Barbora Kop\u0159ivov\u00e1","image":{"@type":"ImageObject","inLanguage":"cs","@id":"https:\/\/secure.gravatar.com\/avatar\/ad2ef9810228386d580851ef4bdde76abaa96054ff5b068c8873bc91afb2df84?s=96&d=mm&r=g","url":"https:\/\/secure.gravatar.com\/avatar\/ad2ef9810228386d580851ef4bdde76abaa96054ff5b068c8873bc91afb2df84?s=96&d=mm&r=g","contentUrl":"https:\/\/secure.gravatar.com\/avatar\/ad2ef9810228386d580851ef4bdde76abaa96054ff5b068c8873bc91afb2df84?s=96&d=mm&r=g","caption":"Barbora Kop\u0159ivov\u00e1"},"url":"https:\/\/www.karaoketexty.cz\/magazin\/author\/barborakoprivova\/"}]}},"_links":{"self":[{"href":"https:\/\/www.karaoketexty.cz\/magazin\/wp-json\/wp\/v2\/posts\/5537","targetHints":{"allow":["GET"]}}],"collection":[{"href":"https:\/\/www.karaoketexty.cz\/magazin\/wp-json\/wp\/v2\/posts"}],"about":[{"href":"https:\/\/www.karaoketexty.cz\/magazin\/wp-json\/wp\/v2\/types\/post"}],"author":[{"embeddable":true,"href":"https:\/\/www.karaoketexty.cz\/magazin\/wp-json\/wp\/v2\/users\/4"}],"replies":[{"embeddable":true,"href":"https:\/\/www.karaoketexty.cz\/magazin\/wp-json\/wp\/v2\/comments?post=5537"}],"version-history":[{"count":4,"href":"https:\/\/www.karaoketexty.cz\/magazin\/wp-json\/wp\/v2\/posts\/5537\/revisions"}],"predecessor-version":[{"id":5627,"href":"https:\/\/www.karaoketexty.cz\/magazin\/wp-json\/wp\/v2\/posts\/5537\/revisions\/5627"}],"wp:featuredmedia":[{"embeddable":true,"href":"https:\/\/www.karaoketexty.cz\/magazin\/wp-json\/wp\/v2\/media\/5554"}],"wp:attachment":[{"href":"https:\/\/www.karaoketexty.cz\/magazin\/wp-json\/wp\/v2\/media?parent=5537"}],"wp:term":[{"taxonomy":"category","embeddable":true,"href":"https:\/\/www.karaoketexty.cz\/magazin\/wp-json\/wp\/v2\/categories?post=5537"},{"taxonomy":"post_tag","embeddable":true,"href":"https:\/\/www.karaoketexty.cz\/magazin\/wp-json\/wp\/v2\/tags?post=5537"}],"curies":[{"name":"wp","href":"https:\/\/api.w.org\/{rel}","templated":true}]}}