{"id":5535,"date":"2025-12-13T10:43:00","date_gmt":"2025-12-13T09:43:00","guid":{"rendered":"https:\/\/www.karaoketexty.cz\/magazin\/?p=5535"},"modified":"2025-12-12T22:59:32","modified_gmt":"2025-12-12T21:59:32","slug":"lucie-slavi-40-let-v-o2-arene-koncert-k-velkemu-vyroci-s-novou-posilou-v-podobe-viktora-dyka-dopadl-na-vybornou","status":"publish","type":"post","link":"https:\/\/www.karaoketexty.cz\/magazin\/lucie-slavi-40-let-v-o2-arene-koncert-k-velkemu-vyroci-s-novou-posilou-v-podobe-viktora-dyka-dopadl-na-vybornou\/","title":{"rendered":"Lucie slav\u00ed 40 let v O2 aren\u011b: Koncert k velk\u00e9mu v\u00fdro\u010d\u00ed s novou posilou v podob\u011b Viktora Dyka dopadl na v\u00fdbornou"},"content":{"rendered":"\n<p><span><b>Lucie vystoupila <\/b><strong style=\"font-weight: bold;\">v O2 ar\u00e9n\u011b<\/strong><\/span><strong> v r\u00e1mci sv\u00e9ho v\u00fdro\u010dn\u00edho turn\u00e9, kter\u00e9 oslavuje jej\u00edch 40 let na sc\u00e9n\u011b, s nov\u00fdm zp\u011bv\u00e1kem Viktorem Dykem.<\/strong><\/p>\n\n\n\n<p>Nov\u00fd koncertn\u00ed program skupiny Lucie p\u0159edvedl, jak nov\u00e1 sestava funguje. \u017div\u00e9 rockov\u00e9 vystoupen\u00ed bylo dopln\u011bno nov\u00fdm zp\u011bv\u00e1kem Viktorem Dykem, hostuj\u00edc\u00edmi hv\u011bzdami a programem, kter\u00fd pot\u011b\u0161il star\u00e9 i nov\u00e9 fanou\u0161ky. Lucie letos vyrazila na velk\u00e9 turn\u00e9 u p\u0159\u00edle\u017eitosti 40. v\u00fdro\u010d\u00ed sv\u00e9ho p\u016fsoben\u00ed, kdy ji\u017e nav\u0161t\u00edvila Ostravu, Brno a pot\u00e9 pr\u00e1v\u011b slavnou O2 arenu v Praze, od kter\u00e9 \u010dekali fanou\u0161ci asi nejv\u00edc, jak redakce Karaoketexty.cz zaznamenala.<\/p>\n\n\n<!-- karaoketexty.cz \/ rectangle2 -->\n<div id=\"PX_37086_709110796310826\"><\/div>\n<script>\n   if(!useMobileAds && !boolUseSeznamAds && !hideAllAds){\n     window.px2 = window.px2 || { conf: {},queue: [] };\n     px2.queue.push(function () {\n        px2.render({\n           slot: {\n              id: 37086\n           },\n            elem: \"PX_37086_709110796310826\"\n        })\n     });\n  }\n<\/script>\n\n<!-- karaoketexty.cz \/ mobile-rectangle3 -->\n<div id=\"PX_37044_714599773297004\"><\/div>\n<script>\n   if(useMobileAds && !boolUseSeznamAds && !hideAllAds){\nwindow.px2 = window.px2 || { conf: {},queue: [] };\npx2.queue.push(function () {\n\tpx2.render({\n\t\tslot: {\n\t\t\tid: 37044\n\t\t},\n\t\telem: \"PX_37044_714599773297004\"\n\t})\n});\n}\n<\/script>\n\n\n<h2 class=\"wp-block-heading\">Nov\u00e1 \u00e9ra s chut\u00ed a vervou<\/h2>\n\n\n\n<p>Po letech, kdy bylo skupin\u011b \u010dasto vy\u010d\u00edt\u00e1no, \u017ee j\u00ed u koncert\u016f chyb\u011bla jiskra, se stalo n\u011bco, co fanou\u0161ci dlouho nevid\u011bli. Kapela se kone\u010dn\u011b spojila a vystoupila s opravdov\u00fdm drajvem. P\u0159esto\u017ee dramaturgie pra\u017esk\u00e9ho ve\u010dera zahrnovala \u0159adu host\u016f, na jevi\u0161ti to bylo o Lucii samotn\u00e9: naplno hraj\u00edc\u00ed muzikanti, skv\u011bl\u00fd rytmus a hlavn\u011b radost z hran\u00ed, kter\u00e1 d\u0159\u00edve ob\u010das u\u017e chyb\u011bla. Kapela za\u010dala energicky hitem \u010cern\u00ed and\u011bl\u00e9 a pokra\u010dovala klasikou \u0160\u0165astn\u00fd chlap, co\u017e byla skv\u011bl\u00e1 volba pro nastartov\u00e1n\u00ed ve\u010dera.<\/p>\n\n\n\n<p>Nov\u00e1 sestava se mus\u00ed bezpochyby vyrovnat s faktem, \u017ee David Koller, b\u00fdval\u00fd zp\u011bv\u00e1k, buben\u00edk a jedna z nejv\u011bt\u0161\u00edch osobnost\u00ed formace, u\u017e v n\u00ed nep\u016fsob\u00ed. Lucie si v\u0161ak na\u0161la velice d\u016fstojnou n\u00e1hradu, kterou je Viktor Dyk. Ten zvl\u00e1dl svou roli s naprost\u00fdm p\u0159ehledem. Nevnucuje se jako frontman, nenapl\u0148uje p\u00f3diov\u00fd prostor nijak p\u0159ehnan\u011b, ale kdy\u017e p\u0159i\u0161el \u010das na gradace, nap\u0159\u00edklad u Nejlep\u0161\u00ed, kterou zn\u00e1m, uk\u00e1zal, \u017ee m\u00e1 hlas, kter\u00fd do rockov\u00e9 skupiny zapad\u00e1. Jeho brilantn\u00ed v\u00fdkon v p\u00edsni Chci zas v tob\u011b sp\u00e1t to pak u\u017e jen potvrdil.<\/p>\n\n\n<!-- karaoketexty.cz \/ interscroller1 -->\n\n<div id=\"PX_37041_825057871452834\"><\/div>\n<script>\nif(useMobileAds && !boolUseSeznamAds && !hideAllAds){\n\twindow.px2 = window.px2 || { conf: {},queue: [] };\n\tpx2.queue.push(function () {\n\t\tpx2.render({\n\t\t\tslot: {\n\t\t\t\tid: 37041\n\t\t\t},\n\t\t\telem: \"PX_37041_825057871452834\"\n\t\t})\n\t});\n}\n<\/script>\n\n\n<p>Velkou s\u00edlu m\u011bly v\u0161ak i hostuj\u00edc\u00ed vstupy. Michal Koc\u00e1b t\u0159eba o\u017eivil \u0160rouby do hlavy, Michal Pavl\u00ed\u010dek p\u0159idal kytaru, Ines Ben Ahmed zase dala skladb\u011b Laura novou barvu. Stejn\u011b tak se do koncertu zapojili i b\u00fdval\u00ed \u010dlenov\u00e9 jako Michal Penk, Petr Franc nebo Tom\u00e1\u0161 Waschinger, co\u017e bylo milou p\u0159ipom\u00ednkou. Kapela pozvala i d\u011bti sou\u010dasn\u00fdch \u010dlen\u016f, kter\u00e9 vystoupily na jevi\u0161ti jako jejich rodi\u010de.<\/p>\n\n\n\n<blockquote class=\"instagram-media\" data-instgrm-captioned data-instgrm-permalink=\"https:\/\/www.instagram.com\/p\/DSD0xXADFaj\/?utm_source=ig_embed&amp;utm_campaign=loading\" data-instgrm-version=\"14\" style=\" background:#FFF; border:0; border-radius:3px; box-shadow:0 0 1px 0 rgba(0,0,0,0.5),0 1px 10px 0 rgba(0,0,0,0.15); margin: 1px; max-width:540px; min-width:326px; padding:0; width:99.375%; width:-webkit-calc(100% - 2px); width:calc(100% - 2px);\"><div style=\"padding:16px;\"> <a href=\"https:\/\/www.instagram.com\/p\/DSD0xXADFaj\/?utm_source=ig_embed&amp;utm_campaign=loading\" style=\" background:#FFFFFF; line-height:0; padding:0 0; text-align:center; text-decoration:none; width:100%;\" target=\"_blank\"> <div style=\" display: flex; flex-direction: row; align-items: center;\"> <div style=\"background-color: #F4F4F4; border-radius: 50%; flex-grow: 0; height: 40px; margin-right: 14px; width: 40px;\"><\/div> <div style=\"display: flex; flex-direction: column; flex-grow: 1; justify-content: center;\"> <div style=\" background-color: #F4F4F4; border-radius: 4px; flex-grow: 0; height: 14px; margin-bottom: 6px; width: 100px;\"><\/div> <div style=\" background-color: #F4F4F4; border-radius: 4px; flex-grow: 0; height: 14px; width: 60px;\"><\/div><\/div><\/div><div style=\"padding: 19% 0;\"><\/div> <div style=\"display:block; height:50px; margin:0 auto 12px; width:50px;\"><svg width=\"50px\" height=\"50px\" viewBox=\"0 0 60 60\" version=\"1.1\" xmlns=\"https:\/\/www.w3.org\/2000\/svg\" xmlns:xlink=\"https:\/\/www.w3.org\/1999\/xlink\"><g stroke=\"none\" stroke-width=\"1\" fill=\"none\" fill-rule=\"evenodd\"><g transform=\"translate(-511.000000, -20.000000)\" fill=\"#000000\"><g><path d=\"M556.869,30.41 C554.814,30.41 553.148,32.076 553.148,34.131 C553.148,36.186 554.814,37.852 556.869,37.852 C558.924,37.852 560.59,36.186 560.59,34.131 C560.59,32.076 558.924,30.41 556.869,30.41 M541,60.657 C535.114,60.657 530.342,55.887 530.342,50 C530.342,44.114 535.114,39.342 541,39.342 C546.887,39.342 551.658,44.114 551.658,50 C551.658,55.887 546.887,60.657 541,60.657 M541,33.886 C532.1,33.886 524.886,41.1 524.886,50 C524.886,58.899 532.1,66.113 541,66.113 C549.9,66.113 557.115,58.899 557.115,50 C557.115,41.1 549.9,33.886 541,33.886 M565.378,62.101 C565.244,65.022 564.756,66.606 564.346,67.663 C563.803,69.06 563.154,70.057 562.106,71.106 C561.058,72.155 560.06,72.803 558.662,73.347 C557.607,73.757 556.021,74.244 553.102,74.378 C549.944,74.521 548.997,74.552 541,74.552 C533.003,74.552 532.056,74.521 528.898,74.378 C525.979,74.244 524.393,73.757 523.338,73.347 C521.94,72.803 520.942,72.155 519.894,71.106 C518.846,70.057 518.197,69.06 517.654,67.663 C517.244,66.606 516.755,65.022 516.623,62.101 C516.479,58.943 516.448,57.996 516.448,50 C516.448,42.003 516.479,41.056 516.623,37.899 C516.755,34.978 517.244,33.391 517.654,32.338 C518.197,30.938 518.846,29.942 519.894,28.894 C520.942,27.846 521.94,27.196 523.338,26.654 C524.393,26.244 525.979,25.756 528.898,25.623 C532.057,25.479 533.004,25.448 541,25.448 C548.997,25.448 549.943,25.479 553.102,25.623 C556.021,25.756 557.607,26.244 558.662,26.654 C560.06,27.196 561.058,27.846 562.106,28.894 C563.154,29.942 563.803,30.938 564.346,32.338 C564.756,33.391 565.244,34.978 565.378,37.899 C565.522,41.056 565.552,42.003 565.552,50 C565.552,57.996 565.522,58.943 565.378,62.101 M570.82,37.631 C570.674,34.438 570.167,32.258 569.425,30.349 C568.659,28.377 567.633,26.702 565.965,25.035 C564.297,23.368 562.623,22.342 560.652,21.575 C558.743,20.834 556.562,20.326 553.369,20.18 C550.169,20.033 549.148,20 541,20 C532.853,20 531.831,20.033 528.631,20.18 C525.438,20.326 523.257,20.834 521.349,21.575 C519.376,22.342 517.703,23.368 516.035,25.035 C514.368,26.702 513.342,28.377 512.574,30.349 C511.834,32.258 511.326,34.438 511.181,37.631 C511.035,40.831 511,41.851 511,50 C511,58.147 511.035,59.17 511.181,62.369 C511.326,65.562 511.834,67.743 512.574,69.651 C513.342,71.625 514.368,73.296 516.035,74.965 C517.703,76.634 519.376,77.658 521.349,78.425 C523.257,79.167 525.438,79.673 528.631,79.82 C531.831,79.965 532.853,80.001 541,80.001 C549.148,80.001 550.169,79.965 553.369,79.82 C556.562,79.673 558.743,79.167 560.652,78.425 C562.623,77.658 564.297,76.634 565.965,74.965 C567.633,73.296 568.659,71.625 569.425,69.651 C570.167,67.743 570.674,65.562 570.82,62.369 C570.966,59.17 571,58.147 571,50 C571,41.851 570.966,40.831 570.82,37.631\"><\/path><\/g><\/g><\/g><\/svg><\/div><div style=\"padding-top: 8px;\"> <div style=\" color:#3897f0; font-family:Arial,sans-serif; font-size:14px; font-style:normal; font-weight:550; line-height:18px;\">Zobrazit p\u0159\u00edsp\u011bvek na Instagramu<\/div><\/div><div style=\"padding: 12.5% 0;\"><\/div> <div style=\"display: flex; flex-direction: row; margin-bottom: 14px; align-items: center;\"><div> <div style=\"background-color: #F4F4F4; border-radius: 50%; height: 12.5px; width: 12.5px; transform: translateX(0px) translateY(7px);\"><\/div> <div style=\"background-color: #F4F4F4; height: 12.5px; transform: rotate(-45deg) translateX(3px) translateY(1px); width: 12.5px; flex-grow: 0; margin-right: 14px; margin-left: 2px;\"><\/div> <div style=\"background-color: #F4F4F4; border-radius: 50%; height: 12.5px; width: 12.5px; transform: translateX(9px) translateY(-18px);\"><\/div><\/div><div style=\"margin-left: 8px;\"> <div style=\" background-color: #F4F4F4; border-radius: 50%; flex-grow: 0; height: 20px; width: 20px;\"><\/div> <div style=\" width: 0; height: 0; border-top: 2px solid transparent; border-left: 6px solid #f4f4f4; border-bottom: 2px solid transparent; transform: translateX(16px) translateY(-4px) rotate(30deg)\"><\/div><\/div><div style=\"margin-left: auto;\"> <div style=\" width: 0px; border-top: 8px solid #F4F4F4; border-right: 8px solid transparent; transform: translateY(16px);\"><\/div> <div style=\" background-color: #F4F4F4; flex-grow: 0; height: 12px; width: 16px; transform: translateY(-4px);\"><\/div> <div style=\" width: 0; height: 0; border-top: 8px solid #F4F4F4; border-left: 8px solid transparent; transform: translateY(-4px) translateX(8px);\"><\/div><\/div><\/div> <div style=\"display: flex; flex-direction: column; flex-grow: 1; justify-content: center; margin-bottom: 24px;\"> <div style=\" background-color: #F4F4F4; border-radius: 4px; flex-grow: 0; height: 14px; margin-bottom: 6px; width: 224px;\"><\/div> <div style=\" background-color: #F4F4F4; border-radius: 4px; flex-grow: 0; height: 14px; width: 144px;\"><\/div><\/div><\/a><p style=\" color:#c9c8cd; font-family:Arial,sans-serif; font-size:14px; line-height:17px; margin-bottom:0; margin-top:8px; overflow:hidden; padding:8px 0 7px; text-align:center; text-overflow:ellipsis; white-space:nowrap;\"><a href=\"https:\/\/www.instagram.com\/p\/DSD0xXADFaj\/?utm_source=ig_embed&amp;utm_campaign=loading\" style=\" color:#c9c8cd; font-family:Arial,sans-serif; font-size:14px; font-style:normal; font-weight:normal; line-height:17px; text-decoration:none;\" target=\"_blank\">P\u0159\u00edsp\u011bvek sd\u00edlen\u00fd LUCIE (@skupina_lucie)<\/a><\/p><\/div><\/blockquote>\n<script async src=\"\/\/www.instagram.com\/embed.js\"><\/script>\n\n\n\n<p>Ve\u010der si u\u017eili jak fanou\u0161ci, tak samotn\u00ed vystupuj\u00edc\u00ed \u010dlenov\u00e9 kapely. Na soci\u00e1ln\u00edch s\u00edt\u00edch hodnotili oba ve\u010dery v O2 aren\u011b jako neskute\u010dn\u00fd z\u00e1\u017eitek s velice silnou atmosf\u00e9rou. A koment\u00e1\u0159e jim tak\u00e9 d\u00e1valy za pravdu. \u201e<em>Miluju v\u00e1s a va\u0161e p\u00edsni\u010dky nav\u017edy! V\u0161echno nejlep\u0161\u00ed ke 40 rok\u016fm na sc\u00e9n\u011b! Jste dokonal\u00ed a va\u0161e d\u011bti tak\u00e9,<\/em>\u201c napsala jedna z n\u00e1v\u0161t\u011bvnic koncertu. \u201e<em>Byla to pecka, nic lep\u0161\u00edho jsem neza\u017eila. Zvuk, efekty, o zp\u011bvu ani nemluv\u00edm. Jste bo\u017e\u00ed,<\/em>\u201c ne\u0161et\u0159ila chv\u00e1lou dal\u0161\u00ed fanynka.<\/p>\n\n\n\n<h2 class=\"wp-block-heading\">Lucie: 40 let hudby<\/h2>\n\n\n\n<p>Kapela Lucie vznikla v roce 1985. V prvn\u00ed polovin\u011b 90. let se stala jednou z nejobl\u00edben\u011bj\u0161\u00edch kapel v zemi, a to hlavn\u011b z\u00e1sluhou alb jako In the Sky nebo \u010cern\u00fd ko\u010dky mokr\u00fd \u017e\u00e1by a v\u00edt\u011bzstv\u00ed v \u0159ad\u011b cen And\u011bl (d\u0159\u00edve Gramy). Jejich skladby jako Sen nebo Amerika se staly nezapomenuteln\u00fdmi p\u00edsn\u011bmi \u010desk\u00e9ho rocku.<\/p>\n\n\n\n<p>Kapela ale neza\u017eila jen r\u016fst. V polovin\u011b 90. let se vydala i na s\u00f3lo cesty, objevovaly se pauzy i v\u0161elijak\u00e9 neshody mezi \u010dleny, co\u017e vedlo k opakovan\u00fdm zm\u011bn\u00e1m. P\u0159esto se po letech v\u017edy dok\u00e1zala vr\u00e1tit, nap\u0159\u00edklad v roce 2018 vydala nov\u00e9 studiov\u00e9 album EvoLucie, kter\u00e9 zaznamenalo pozitivn\u00ed ohlasy.<\/p>\n\n\n\n<p>Zdroj: Autorsk\u00fd text, <a href=\"https:\/\/cs.wikipedia.org\/wiki\/Lucie_(hudebn%C3%AD_skupina)\" target=\"_blank\" rel=\"noreferrer noopener nofollow\">Wikipedie<\/a>, Web SkupinaLucie, <a href=\"https:\/\/www.instagram.com\/skupina_lucie\/?hl=cs\" target=\"_blank\" rel=\"noreferrer noopener nofollow\">Instagram kapely Lucie<\/a><\/p>\n\n\n            <a href=\"https:\/\/www.karaoketexty.cz\/magazin\/kapela-lucie-boduje-i-bez-kollera-pro-velky-zajem-museli-pridat-druhy-koncert-v-o2-arene\/\" class=\"related-post-link\">\n                <div class=\"post-thumbnail\">\n                    <img decoding=\"async\" width=\"250\" height=\"136\" src=\"https:\/\/www.karaoketexty.cz\/magazin\/wp-content\/uploads\/2025\/08\/skupina-lucie.jpg\" class=\"attachment-250x180 size-250x180 not-transparent\" alt=\"Fotografie skupiny Lucie\" srcset=\"https:\/\/www.karaoketexty.cz\/magazin\/wp-content\/uploads\/2025\/08\/skupina-lucie.jpg 1200w, https:\/\/www.karaoketexty.cz\/magazin\/wp-content\/uploads\/2025\/08\/skupina-lucie-300x164.jpg 300w, https:\/\/www.karaoketexty.cz\/magazin\/wp-content\/uploads\/2025\/08\/skupina-lucie-1024x559.jpg 1024w, https:\/\/www.karaoketexty.cz\/magazin\/wp-content\/uploads\/2025\/08\/skupina-lucie-768x419.jpg 768w\" sizes=\"(max-width: 250px) 100vw, 250px\" data-has-transparency=\"false\" data-dominant-color=\"393632\" style=\"--dominant-color: #393632;\" \/>                <\/div>\n                <div class=\"post-details\">\n                    <span class=\"also-read\">\u010ct\u011bte tak\u00e9:<\/span>\n                    <h3 class=\"hed\">Kapela Lucie boduje i bez Kollera: Pro velk\u00fd z\u00e1jem museli p\u0159idat druh\u00fd koncert v O2 aren\u011b<\/h3>\n                <\/div>\n            <\/a>\n            \n\n            <a href=\"https:\/\/www.karaoketexty.cz\/magazin\/lucie-slavi-40-let-nova-era-legendy-ceskeho-rocku-zacala-velkolepe-koncertem-v-ostrave\/\" class=\"related-post-link\">\n                <div class=\"post-thumbnail\">\n                    <img decoding=\"async\" width=\"250\" height=\"136\" src=\"https:\/\/www.karaoketexty.cz\/magazin\/wp-content\/uploads\/2025\/08\/skupina-lucie.jpg\" class=\"attachment-250x180 size-250x180 not-transparent\" alt=\"Fotografie skupiny Lucie\" srcset=\"https:\/\/www.karaoketexty.cz\/magazin\/wp-content\/uploads\/2025\/08\/skupina-lucie.jpg 1200w, https:\/\/www.karaoketexty.cz\/magazin\/wp-content\/uploads\/2025\/08\/skupina-lucie-300x164.jpg 300w, https:\/\/www.karaoketexty.cz\/magazin\/wp-content\/uploads\/2025\/08\/skupina-lucie-1024x559.jpg 1024w, https:\/\/www.karaoketexty.cz\/magazin\/wp-content\/uploads\/2025\/08\/skupina-lucie-768x419.jpg 768w\" sizes=\"(max-width: 250px) 100vw, 250px\" data-has-transparency=\"false\" data-dominant-color=\"393632\" style=\"--dominant-color: #393632;\" \/>                <\/div>\n                <div class=\"post-details\">\n                    <span class=\"also-read\">\u010ct\u011bte tak\u00e9:<\/span>\n                    <h3 class=\"hed\">Lucie slav\u00ed 40 let: Nov\u00e1 \u00e9ra legendy \u010desk\u00e9ho rocku za\u010dala velkolep\u011b koncertem v Ostrav\u011b<\/h3>\n                <\/div>\n            <\/a>\n            ","protected":false},"excerpt":{"rendered":"<p>Lucie vystoupila na v\u00fdro\u010dn\u00edm turn\u00e9 v O2 ar\u00e9n\u011b, kter\u00e9 oslavuje jej\u00edch 40 let na sc\u00e9n\u011b, s nov\u00fdm zp\u011bv\u00e1kem Viktorem Dykem.<\/p>\n","protected":false},"author":5,"featured_media":1545,"comment_status":"open","ping_status":"closed","sticky":false,"template":"","format":"standard","meta":{"_yoast_wpseo_title":"Koncert ke 40. v\u00fdro\u010d\u00ed Lucie v O2 aren\u011b dopadl na v\u00fdbornou","_yoast_wpseo_metadesc":"Lucie vystoupila v O2 ar\u00e9n\u011b na v\u00fdro\u010dn\u00edm turn\u00e9, kter\u00e9 oslavuje jej\u00edch 40 let na sc\u00e9n\u011b, s nov\u00fdm zp\u011bv\u00e1kem Viktorem Dykem. A lid\u00e9 byli nad\u0161en\u00ed.","footnotes":""},"categories":[7],"tags":[1635,580,1610,1632,5182,388,339,136,1629,563,1633,408,2179,4464,5181],"class_list":["post-5535","post","type-post","status-publish","format-standard","has-post-thumbnail","hentry","category-aktuality","tag-40-let-kapely","tag-andel","tag-ceska-kapela","tag-david-koller","tag-hoste","tag-hudebni-vystoupeni","tag-kapela-lucie","tag-koncert","tag-lucie","tag-o2-arena","tag-robert-kodym","tag-rock","tag-viktor-dyk","tag-vyrocni-turne","tag-zmena-sestavy"],"yoast_head":"<!-- This site is optimized with the Yoast SEO plugin v27.4 - https:\/\/yoast.com\/product\/yoast-seo-wordpress\/ -->\n<title>Koncert ke 40. v\u00fdro\u010d\u00ed Lucie v O2 aren\u011b dopadl na v\u00fdbornou<\/title>\n<meta name=\"description\" content=\"Lucie vystoupila v O2 ar\u00e9n\u011b na v\u00fdro\u010dn\u00edm turn\u00e9, kter\u00e9 oslavuje jej\u00edch 40 let na sc\u00e9n\u011b, s nov\u00fdm zp\u011bv\u00e1kem Viktorem Dykem. A lid\u00e9 byli nad\u0161en\u00ed.\" \/>\n<meta name=\"robots\" content=\"index, follow, max-snippet:-1, max-image-preview:large, max-video-preview:-1\" \/>\n<link rel=\"canonical\" href=\"https:\/\/www.karaoketexty.cz\/magazin\/lucie-slavi-40-let-v-o2-arene-koncert-k-velkemu-vyroci-s-novou-posilou-v-podobe-viktora-dyka-dopadl-na-vybornou\/\" \/>\n<meta property=\"og:locale\" content=\"cs_CZ\" \/>\n<meta property=\"og:type\" content=\"article\" \/>\n<meta property=\"og:title\" content=\"Koncert ke 40. v\u00fdro\u010d\u00ed Lucie v O2 aren\u011b dopadl na v\u00fdbornou\" \/>\n<meta property=\"og:description\" content=\"Lucie vystoupila v O2 ar\u00e9n\u011b na v\u00fdro\u010dn\u00edm turn\u00e9, kter\u00e9 oslavuje jej\u00edch 40 let na sc\u00e9n\u011b, s nov\u00fdm zp\u011bv\u00e1kem Viktorem Dykem. A lid\u00e9 byli nad\u0161en\u00ed.\" \/>\n<meta property=\"og:url\" content=\"https:\/\/www.karaoketexty.cz\/magazin\/lucie-slavi-40-let-v-o2-arene-koncert-k-velkemu-vyroci-s-novou-posilou-v-podobe-viktora-dyka-dopadl-na-vybornou\/\" \/>\n<meta property=\"og:site_name\" content=\"Stars Magaz\u00edn Karaoketexty.cz\" \/>\n<meta property=\"article:published_time\" content=\"2025-12-13T09:43:00+00:00\" \/>\n<meta property=\"og:image\" content=\"https:\/\/www.karaoketexty.cz\/magazin\/wp-content\/uploads\/2025\/06\/kapela-lucie-1.avif\" \/>\n\t<meta property=\"og:image:width\" content=\"1200\" \/>\n\t<meta property=\"og:image:height\" content=\"630\" \/>\n\t<meta property=\"og:image:type\" content=\"image\/jpeg\" \/>\n<meta name=\"author\" content=\"Veronika \u0160imkov\u00e1\" \/>\n<meta name=\"twitter:card\" content=\"summary_large_image\" \/>\n<meta name=\"twitter:label1\" content=\"Napsal(a)\" \/>\n\t<meta name=\"twitter:data1\" content=\"Veronika \u0160imkov\u00e1\" \/>\n\t<meta name=\"twitter:label2\" content=\"Odhadovan\u00e1 doba \u010dten\u00ed\" \/>\n\t<meta name=\"twitter:data2\" content=\"3 minuty\" \/>\n<script type=\"application\/ld+json\" class=\"yoast-schema-graph\">{\"@context\":\"https:\\\/\\\/schema.org\",\"@graph\":[{\"@type\":\"Article\",\"@id\":\"https:\\\/\\\/www.karaoketexty.cz\\\/magazin\\\/lucie-slavi-40-let-v-o2-arene-koncert-k-velkemu-vyroci-s-novou-posilou-v-podobe-viktora-dyka-dopadl-na-vybornou\\\/#article\",\"isPartOf\":{\"@id\":\"https:\\\/\\\/www.karaoketexty.cz\\\/magazin\\\/lucie-slavi-40-let-v-o2-arene-koncert-k-velkemu-vyroci-s-novou-posilou-v-podobe-viktora-dyka-dopadl-na-vybornou\\\/\"},\"author\":{\"name\":\"Veronika \u0160imkov\u00e1\",\"@id\":\"https:\\\/\\\/www.karaoketexty.cz\\\/magazin\\\/#\\\/schema\\\/person\\\/03220d610ed4cba378a72bac3443f821\"},\"headline\":\"Lucie slav\u00ed 40 let v O2 aren\u011b: Koncert k velk\u00e9mu v\u00fdro\u010d\u00ed s novou posilou v podob\u011b Viktora Dyka dopadl na v\u00fdbornou\",\"datePublished\":\"2025-12-13T09:43:00+00:00\",\"mainEntityOfPage\":{\"@id\":\"https:\\\/\\\/www.karaoketexty.cz\\\/magazin\\\/lucie-slavi-40-let-v-o2-arene-koncert-k-velkemu-vyroci-s-novou-posilou-v-podobe-viktora-dyka-dopadl-na-vybornou\\\/\"},\"wordCount\":692,\"commentCount\":0,\"image\":{\"@id\":\"https:\\\/\\\/www.karaoketexty.cz\\\/magazin\\\/lucie-slavi-40-let-v-o2-arene-koncert-k-velkemu-vyroci-s-novou-posilou-v-podobe-viktora-dyka-dopadl-na-vybornou\\\/#primaryimage\"},\"thumbnailUrl\":\"https:\\\/\\\/www.karaoketexty.cz\\\/magazin\\\/wp-content\\\/uploads\\\/2025\\\/06\\\/kapela-lucie-1.avif\",\"keywords\":[\"40 let kapely\",\"And\u011bl\",\"\u010desk\u00e1 kapela\",\"David Koller\",\"host\u00e9\",\"hudebn\u00ed vystoupen\u00ed\",\"Kapela Lucie\",\"koncert\",\"Lucie\",\"O2 arena\",\"Robert Kodym\",\"rock\",\"Viktor Dyk\",\"v\u00fdro\u010dn\u00ed turn\u00e9\",\"zm\u011bna sestavy\"],\"articleSection\":[\"Aktuality\"],\"inLanguage\":\"cs\",\"potentialAction\":[{\"@type\":\"CommentAction\",\"name\":\"Comment\",\"target\":[\"https:\\\/\\\/www.karaoketexty.cz\\\/magazin\\\/lucie-slavi-40-let-v-o2-arene-koncert-k-velkemu-vyroci-s-novou-posilou-v-podobe-viktora-dyka-dopadl-na-vybornou\\\/#respond\"]}]},{\"@type\":\"WebPage\",\"@id\":\"https:\\\/\\\/www.karaoketexty.cz\\\/magazin\\\/lucie-slavi-40-let-v-o2-arene-koncert-k-velkemu-vyroci-s-novou-posilou-v-podobe-viktora-dyka-dopadl-na-vybornou\\\/\",\"url\":\"https:\\\/\\\/www.karaoketexty.cz\\\/magazin\\\/lucie-slavi-40-let-v-o2-arene-koncert-k-velkemu-vyroci-s-novou-posilou-v-podobe-viktora-dyka-dopadl-na-vybornou\\\/\",\"name\":\"Koncert ke 40. v\u00fdro\u010d\u00ed Lucie v O2 aren\u011b dopadl na v\u00fdbornou\",\"isPartOf\":{\"@id\":\"https:\\\/\\\/www.karaoketexty.cz\\\/magazin\\\/#website\"},\"primaryImageOfPage\":{\"@id\":\"https:\\\/\\\/www.karaoketexty.cz\\\/magazin\\\/lucie-slavi-40-let-v-o2-arene-koncert-k-velkemu-vyroci-s-novou-posilou-v-podobe-viktora-dyka-dopadl-na-vybornou\\\/#primaryimage\"},\"image\":{\"@id\":\"https:\\\/\\\/www.karaoketexty.cz\\\/magazin\\\/lucie-slavi-40-let-v-o2-arene-koncert-k-velkemu-vyroci-s-novou-posilou-v-podobe-viktora-dyka-dopadl-na-vybornou\\\/#primaryimage\"},\"thumbnailUrl\":\"https:\\\/\\\/www.karaoketexty.cz\\\/magazin\\\/wp-content\\\/uploads\\\/2025\\\/06\\\/kapela-lucie-1.avif\",\"datePublished\":\"2025-12-13T09:43:00+00:00\",\"author\":{\"@id\":\"https:\\\/\\\/www.karaoketexty.cz\\\/magazin\\\/#\\\/schema\\\/person\\\/03220d610ed4cba378a72bac3443f821\"},\"description\":\"Lucie vystoupila v O2 ar\u00e9n\u011b na v\u00fdro\u010dn\u00edm turn\u00e9, kter\u00e9 oslavuje jej\u00edch 40 let na sc\u00e9n\u011b, s nov\u00fdm zp\u011bv\u00e1kem Viktorem Dykem. A lid\u00e9 byli nad\u0161en\u00ed.\",\"breadcrumb\":{\"@id\":\"https:\\\/\\\/www.karaoketexty.cz\\\/magazin\\\/lucie-slavi-40-let-v-o2-arene-koncert-k-velkemu-vyroci-s-novou-posilou-v-podobe-viktora-dyka-dopadl-na-vybornou\\\/#breadcrumb\"},\"inLanguage\":\"cs\",\"potentialAction\":[{\"@type\":\"ReadAction\",\"target\":[\"https:\\\/\\\/www.karaoketexty.cz\\\/magazin\\\/lucie-slavi-40-let-v-o2-arene-koncert-k-velkemu-vyroci-s-novou-posilou-v-podobe-viktora-dyka-dopadl-na-vybornou\\\/\"]}]},{\"@type\":\"ImageObject\",\"inLanguage\":\"cs\",\"@id\":\"https:\\\/\\\/www.karaoketexty.cz\\\/magazin\\\/lucie-slavi-40-let-v-o2-arene-koncert-k-velkemu-vyroci-s-novou-posilou-v-podobe-viktora-dyka-dopadl-na-vybornou\\\/#primaryimage\",\"url\":\"https:\\\/\\\/www.karaoketexty.cz\\\/magazin\\\/wp-content\\\/uploads\\\/2025\\\/06\\\/kapela-lucie-1.avif\",\"contentUrl\":\"https:\\\/\\\/www.karaoketexty.cz\\\/magazin\\\/wp-content\\\/uploads\\\/2025\\\/06\\\/kapela-lucie-1.avif\",\"width\":1200,\"height\":630,\"caption\":\"Foto: NextFoto, Kapela Lucie na p\u0159ed\u00e1v\u00e1n\u00ed hudebn\u00edch cen \u010cesk\u00fd slav\u00edk\"},{\"@type\":\"BreadcrumbList\",\"@id\":\"https:\\\/\\\/www.karaoketexty.cz\\\/magazin\\\/lucie-slavi-40-let-v-o2-arene-koncert-k-velkemu-vyroci-s-novou-posilou-v-podobe-viktora-dyka-dopadl-na-vybornou\\\/#breadcrumb\",\"itemListElement\":[{\"@type\":\"ListItem\",\"position\":1,\"name\":\"Dom\u016f\",\"item\":\"https:\\\/\\\/www.karaoketexty.cz\\\/magazin\\\/\"},{\"@type\":\"ListItem\",\"position\":2,\"name\":\"Lucie slav\u00ed 40 let v O2 aren\u011b: Koncert k velk\u00e9mu v\u00fdro\u010d\u00ed s novou posilou v podob\u011b Viktora Dyka dopadl na v\u00fdbornou\"}]},{\"@type\":\"WebSite\",\"@id\":\"https:\\\/\\\/www.karaoketexty.cz\\\/magazin\\\/#website\",\"url\":\"https:\\\/\\\/www.karaoketexty.cz\\\/magazin\\\/\",\"name\":\"Stars Magaz\u00edn Karaoketexty.cz\",\"description\":\"Stars Magaz\u00edn na Karaoketexty.cz je zam\u011b\u0159en\u00fd na novinky ze sv\u011bta hudby a celebrit. Obsahuje \u010dl\u00e1nky o zp\u011bv\u00e1c\u00edch, kapel\u00e1ch, nov\u00fdch albech, hudebn\u00edch trendech a dal\u0161\u00edch zaj\u00edmavostech z hudebn\u00edho pr\u016fmyslu.\",\"potentialAction\":[{\"@type\":\"SearchAction\",\"target\":{\"@type\":\"EntryPoint\",\"urlTemplate\":\"https:\\\/\\\/www.karaoketexty.cz\\\/magazin\\\/?s={search_term_string}\"},\"query-input\":{\"@type\":\"PropertyValueSpecification\",\"valueRequired\":true,\"valueName\":\"search_term_string\"}}],\"inLanguage\":\"cs\"},{\"@type\":\"Person\",\"@id\":\"https:\\\/\\\/www.karaoketexty.cz\\\/magazin\\\/#\\\/schema\\\/person\\\/03220d610ed4cba378a72bac3443f821\",\"name\":\"Veronika \u0160imkov\u00e1\",\"image\":{\"@type\":\"ImageObject\",\"inLanguage\":\"cs\",\"@id\":\"https:\\\/\\\/secure.gravatar.com\\\/avatar\\\/62af9cda83322200aaf20e60d0442fbca254ce18c0ffdcaaf83de31493c941a5?s=96&d=mm&r=g\",\"url\":\"https:\\\/\\\/secure.gravatar.com\\\/avatar\\\/62af9cda83322200aaf20e60d0442fbca254ce18c0ffdcaaf83de31493c941a5?s=96&d=mm&r=g\",\"contentUrl\":\"https:\\\/\\\/secure.gravatar.com\\\/avatar\\\/62af9cda83322200aaf20e60d0442fbca254ce18c0ffdcaaf83de31493c941a5?s=96&d=mm&r=g\",\"caption\":\"Veronika \u0160imkov\u00e1\"},\"url\":\"https:\\\/\\\/www.karaoketexty.cz\\\/magazin\\\/author\\\/veronikasimkova\\\/\"}]}<\/script>\n<!-- \/ Yoast SEO plugin. -->","yoast_head_json":{"title":"Koncert ke 40. v\u00fdro\u010d\u00ed Lucie v O2 aren\u011b dopadl na v\u00fdbornou","description":"Lucie vystoupila v O2 ar\u00e9n\u011b na v\u00fdro\u010dn\u00edm turn\u00e9, kter\u00e9 oslavuje jej\u00edch 40 let na sc\u00e9n\u011b, s nov\u00fdm zp\u011bv\u00e1kem Viktorem Dykem. A lid\u00e9 byli nad\u0161en\u00ed.","robots":{"index":"index","follow":"follow","max-snippet":"max-snippet:-1","max-image-preview":"max-image-preview:large","max-video-preview":"max-video-preview:-1"},"canonical":"https:\/\/www.karaoketexty.cz\/magazin\/lucie-slavi-40-let-v-o2-arene-koncert-k-velkemu-vyroci-s-novou-posilou-v-podobe-viktora-dyka-dopadl-na-vybornou\/","og_locale":"cs_CZ","og_type":"article","og_title":"Koncert ke 40. v\u00fdro\u010d\u00ed Lucie v O2 aren\u011b dopadl na v\u00fdbornou","og_description":"Lucie vystoupila v O2 ar\u00e9n\u011b na v\u00fdro\u010dn\u00edm turn\u00e9, kter\u00e9 oslavuje jej\u00edch 40 let na sc\u00e9n\u011b, s nov\u00fdm zp\u011bv\u00e1kem Viktorem Dykem. A lid\u00e9 byli nad\u0161en\u00ed.","og_url":"https:\/\/www.karaoketexty.cz\/magazin\/lucie-slavi-40-let-v-o2-arene-koncert-k-velkemu-vyroci-s-novou-posilou-v-podobe-viktora-dyka-dopadl-na-vybornou\/","og_site_name":"Stars Magaz\u00edn Karaoketexty.cz","article_published_time":"2025-12-13T09:43:00+00:00","og_image":[{"width":1200,"height":630,"url":"https:\/\/www.karaoketexty.cz\/magazin\/wp-content\/uploads\/2025\/06\/kapela-lucie-1.avif","type":"image\/jpeg"}],"author":"Veronika \u0160imkov\u00e1","twitter_card":"summary_large_image","twitter_misc":{"Napsal(a)":"Veronika \u0160imkov\u00e1","Odhadovan\u00e1 doba \u010dten\u00ed":"3 minuty"},"schema":{"@context":"https:\/\/schema.org","@graph":[{"@type":"Article","@id":"https:\/\/www.karaoketexty.cz\/magazin\/lucie-slavi-40-let-v-o2-arene-koncert-k-velkemu-vyroci-s-novou-posilou-v-podobe-viktora-dyka-dopadl-na-vybornou\/#article","isPartOf":{"@id":"https:\/\/www.karaoketexty.cz\/magazin\/lucie-slavi-40-let-v-o2-arene-koncert-k-velkemu-vyroci-s-novou-posilou-v-podobe-viktora-dyka-dopadl-na-vybornou\/"},"author":{"name":"Veronika \u0160imkov\u00e1","@id":"https:\/\/www.karaoketexty.cz\/magazin\/#\/schema\/person\/03220d610ed4cba378a72bac3443f821"},"headline":"Lucie slav\u00ed 40 let v O2 aren\u011b: Koncert k velk\u00e9mu v\u00fdro\u010d\u00ed s novou posilou v podob\u011b Viktora Dyka dopadl na v\u00fdbornou","datePublished":"2025-12-13T09:43:00+00:00","mainEntityOfPage":{"@id":"https:\/\/www.karaoketexty.cz\/magazin\/lucie-slavi-40-let-v-o2-arene-koncert-k-velkemu-vyroci-s-novou-posilou-v-podobe-viktora-dyka-dopadl-na-vybornou\/"},"wordCount":692,"commentCount":0,"image":{"@id":"https:\/\/www.karaoketexty.cz\/magazin\/lucie-slavi-40-let-v-o2-arene-koncert-k-velkemu-vyroci-s-novou-posilou-v-podobe-viktora-dyka-dopadl-na-vybornou\/#primaryimage"},"thumbnailUrl":"https:\/\/www.karaoketexty.cz\/magazin\/wp-content\/uploads\/2025\/06\/kapela-lucie-1.avif","keywords":["40 let kapely","And\u011bl","\u010desk\u00e1 kapela","David Koller","host\u00e9","hudebn\u00ed vystoupen\u00ed","Kapela Lucie","koncert","Lucie","O2 arena","Robert Kodym","rock","Viktor Dyk","v\u00fdro\u010dn\u00ed turn\u00e9","zm\u011bna sestavy"],"articleSection":["Aktuality"],"inLanguage":"cs","potentialAction":[{"@type":"CommentAction","name":"Comment","target":["https:\/\/www.karaoketexty.cz\/magazin\/lucie-slavi-40-let-v-o2-arene-koncert-k-velkemu-vyroci-s-novou-posilou-v-podobe-viktora-dyka-dopadl-na-vybornou\/#respond"]}]},{"@type":"WebPage","@id":"https:\/\/www.karaoketexty.cz\/magazin\/lucie-slavi-40-let-v-o2-arene-koncert-k-velkemu-vyroci-s-novou-posilou-v-podobe-viktora-dyka-dopadl-na-vybornou\/","url":"https:\/\/www.karaoketexty.cz\/magazin\/lucie-slavi-40-let-v-o2-arene-koncert-k-velkemu-vyroci-s-novou-posilou-v-podobe-viktora-dyka-dopadl-na-vybornou\/","name":"Koncert ke 40. v\u00fdro\u010d\u00ed Lucie v O2 aren\u011b dopadl na v\u00fdbornou","isPartOf":{"@id":"https:\/\/www.karaoketexty.cz\/magazin\/#website"},"primaryImageOfPage":{"@id":"https:\/\/www.karaoketexty.cz\/magazin\/lucie-slavi-40-let-v-o2-arene-koncert-k-velkemu-vyroci-s-novou-posilou-v-podobe-viktora-dyka-dopadl-na-vybornou\/#primaryimage"},"image":{"@id":"https:\/\/www.karaoketexty.cz\/magazin\/lucie-slavi-40-let-v-o2-arene-koncert-k-velkemu-vyroci-s-novou-posilou-v-podobe-viktora-dyka-dopadl-na-vybornou\/#primaryimage"},"thumbnailUrl":"https:\/\/www.karaoketexty.cz\/magazin\/wp-content\/uploads\/2025\/06\/kapela-lucie-1.avif","datePublished":"2025-12-13T09:43:00+00:00","author":{"@id":"https:\/\/www.karaoketexty.cz\/magazin\/#\/schema\/person\/03220d610ed4cba378a72bac3443f821"},"description":"Lucie vystoupila v O2 ar\u00e9n\u011b na v\u00fdro\u010dn\u00edm turn\u00e9, kter\u00e9 oslavuje jej\u00edch 40 let na sc\u00e9n\u011b, s nov\u00fdm zp\u011bv\u00e1kem Viktorem Dykem. A lid\u00e9 byli nad\u0161en\u00ed.","breadcrumb":{"@id":"https:\/\/www.karaoketexty.cz\/magazin\/lucie-slavi-40-let-v-o2-arene-koncert-k-velkemu-vyroci-s-novou-posilou-v-podobe-viktora-dyka-dopadl-na-vybornou\/#breadcrumb"},"inLanguage":"cs","potentialAction":[{"@type":"ReadAction","target":["https:\/\/www.karaoketexty.cz\/magazin\/lucie-slavi-40-let-v-o2-arene-koncert-k-velkemu-vyroci-s-novou-posilou-v-podobe-viktora-dyka-dopadl-na-vybornou\/"]}]},{"@type":"ImageObject","inLanguage":"cs","@id":"https:\/\/www.karaoketexty.cz\/magazin\/lucie-slavi-40-let-v-o2-arene-koncert-k-velkemu-vyroci-s-novou-posilou-v-podobe-viktora-dyka-dopadl-na-vybornou\/#primaryimage","url":"https:\/\/www.karaoketexty.cz\/magazin\/wp-content\/uploads\/2025\/06\/kapela-lucie-1.avif","contentUrl":"https:\/\/www.karaoketexty.cz\/magazin\/wp-content\/uploads\/2025\/06\/kapela-lucie-1.avif","width":1200,"height":630,"caption":"Foto: NextFoto, Kapela Lucie na p\u0159ed\u00e1v\u00e1n\u00ed hudebn\u00edch cen \u010cesk\u00fd slav\u00edk"},{"@type":"BreadcrumbList","@id":"https:\/\/www.karaoketexty.cz\/magazin\/lucie-slavi-40-let-v-o2-arene-koncert-k-velkemu-vyroci-s-novou-posilou-v-podobe-viktora-dyka-dopadl-na-vybornou\/#breadcrumb","itemListElement":[{"@type":"ListItem","position":1,"name":"Dom\u016f","item":"https:\/\/www.karaoketexty.cz\/magazin\/"},{"@type":"ListItem","position":2,"name":"Lucie slav\u00ed 40 let v O2 aren\u011b: Koncert k velk\u00e9mu v\u00fdro\u010d\u00ed s novou posilou v podob\u011b Viktora Dyka dopadl na v\u00fdbornou"}]},{"@type":"WebSite","@id":"https:\/\/www.karaoketexty.cz\/magazin\/#website","url":"https:\/\/www.karaoketexty.cz\/magazin\/","name":"Stars Magaz\u00edn Karaoketexty.cz","description":"Stars Magaz\u00edn na Karaoketexty.cz je zam\u011b\u0159en\u00fd na novinky ze sv\u011bta hudby a celebrit. Obsahuje \u010dl\u00e1nky o zp\u011bv\u00e1c\u00edch, kapel\u00e1ch, nov\u00fdch albech, hudebn\u00edch trendech a dal\u0161\u00edch zaj\u00edmavostech z hudebn\u00edho pr\u016fmyslu.","potentialAction":[{"@type":"SearchAction","target":{"@type":"EntryPoint","urlTemplate":"https:\/\/www.karaoketexty.cz\/magazin\/?s={search_term_string}"},"query-input":{"@type":"PropertyValueSpecification","valueRequired":true,"valueName":"search_term_string"}}],"inLanguage":"cs"},{"@type":"Person","@id":"https:\/\/www.karaoketexty.cz\/magazin\/#\/schema\/person\/03220d610ed4cba378a72bac3443f821","name":"Veronika \u0160imkov\u00e1","image":{"@type":"ImageObject","inLanguage":"cs","@id":"https:\/\/secure.gravatar.com\/avatar\/62af9cda83322200aaf20e60d0442fbca254ce18c0ffdcaaf83de31493c941a5?s=96&d=mm&r=g","url":"https:\/\/secure.gravatar.com\/avatar\/62af9cda83322200aaf20e60d0442fbca254ce18c0ffdcaaf83de31493c941a5?s=96&d=mm&r=g","contentUrl":"https:\/\/secure.gravatar.com\/avatar\/62af9cda83322200aaf20e60d0442fbca254ce18c0ffdcaaf83de31493c941a5?s=96&d=mm&r=g","caption":"Veronika \u0160imkov\u00e1"},"url":"https:\/\/www.karaoketexty.cz\/magazin\/author\/veronikasimkova\/"}]}},"_links":{"self":[{"href":"https:\/\/www.karaoketexty.cz\/magazin\/wp-json\/wp\/v2\/posts\/5535","targetHints":{"allow":["GET"]}}],"collection":[{"href":"https:\/\/www.karaoketexty.cz\/magazin\/wp-json\/wp\/v2\/posts"}],"about":[{"href":"https:\/\/www.karaoketexty.cz\/magazin\/wp-json\/wp\/v2\/types\/post"}],"author":[{"embeddable":true,"href":"https:\/\/www.karaoketexty.cz\/magazin\/wp-json\/wp\/v2\/users\/5"}],"replies":[{"embeddable":true,"href":"https:\/\/www.karaoketexty.cz\/magazin\/wp-json\/wp\/v2\/comments?post=5535"}],"version-history":[{"count":5,"href":"https:\/\/www.karaoketexty.cz\/magazin\/wp-json\/wp\/v2\/posts\/5535\/revisions"}],"predecessor-version":[{"id":5617,"href":"https:\/\/www.karaoketexty.cz\/magazin\/wp-json\/wp\/v2\/posts\/5535\/revisions\/5617"}],"wp:featuredmedia":[{"embeddable":true,"href":"https:\/\/www.karaoketexty.cz\/magazin\/wp-json\/wp\/v2\/media\/1545"}],"wp:attachment":[{"href":"https:\/\/www.karaoketexty.cz\/magazin\/wp-json\/wp\/v2\/media?parent=5535"}],"wp:term":[{"taxonomy":"category","embeddable":true,"href":"https:\/\/www.karaoketexty.cz\/magazin\/wp-json\/wp\/v2\/categories?post=5535"},{"taxonomy":"post_tag","embeddable":true,"href":"https:\/\/www.karaoketexty.cz\/magazin\/wp-json\/wp\/v2\/tags?post=5535"}],"curies":[{"name":"wp","href":"https:\/\/api.w.org\/{rel}","templated":true}]}}