{"id":5454,"date":"2025-12-16T09:32:00","date_gmt":"2025-12-16T08:32:00","guid":{"rendered":"https:\/\/www.karaoketexty.cz\/magazin\/?p=5454"},"modified":"2025-12-15T13:01:11","modified_gmt":"2025-12-15T12:01:11","slug":"den-kdy-umlkl-hlas-ktery-menil-svet-pred-petactyriceti-lety-byl-zabit-john-lennon","status":"publish","type":"post","link":"https:\/\/www.karaoketexty.cz\/magazin\/den-kdy-umlkl-hlas-ktery-menil-svet-pred-petactyriceti-lety-byl-zabit-john-lennon\/","title":{"rendered":"Den, kdy umlkl hlas, kter\u00fd m\u011bnil sv\u011bt: P\u0159ed p\u011bta\u010dty\u0159iceti lety byl zabit John Lennon"},"content":{"rendered":"\n<p><strong>Prosincov\u00e9 dny obvykle p\u0159in\u00e1\u0161ej\u00ed klid, ale p\u0159ipom\u00ednka smrti Johna Lennona do nich vn\u00e1\u0161\u00ed zvl\u00e1\u0161tn\u00ed tichou v\u00e1hu. Ka\u017ed\u00fd rok se vrac\u00ed ot\u00e1zka, jak by jeho hlas zn\u011bl dnes a pro\u010d utichl tak brzy.<\/strong><\/p>\n\n\n\n<p>Lennon\u016fv p\u0159\u00edb\u011bh se v prvn\u00edch prosincov\u00fdch dnech v\u017edy ne\u010dekan\u011b p\u0159ibl\u00ed\u017e\u00ed. \u010clov\u011bk si uv\u011bdom\u00ed, kolik hudby, energie a n\u00e1pad\u016f vtiskl do sv\u011bta b\u011bhem pouh\u00fdch \u010dty\u0159iceti let. Jeho \u017eivot se uzav\u0159el p\u0159ed domem Dakota v New Yorku, kde na n\u011bj \u010dekal \u010dlov\u011bk, kter\u00fd kdysi obdivoval jeho tvorbu. Ti, kdo tehdy sledovali zpr\u00e1vy, si dodnes pamatuj\u00ed \u0161ok a nepochopen\u00ed. A p\u0159esto\u017ee ub\u011bhlo p\u011bta\u010dty\u0159icet let, jeho hudba p\u016fsob\u00ed tak \u017eiv\u011b, jako by ode\u0161el teprve v\u010dera. Na Karaoketexty bychom r\u00e1di na slavn\u00e9ho hudebn\u00edka zavzpom\u00ednali.<\/p>\n\n\n<!-- karaoketexty.cz \/ rectangle2 -->\n<div id=\"PX_37086_709110796310826\"><\/div>\n<script>\n   if(!useMobileAds && !boolUseSeznamAds && !hideAllAds){\n     window.px2 = window.px2 || { conf: {},queue: [] };\n     px2.queue.push(function () {\n        px2.render({\n           slot: {\n              id: 37086\n           },\n            elem: \"PX_37086_709110796310826\"\n        })\n     });\n  }\n<\/script>\n\n<!-- karaoketexty.cz \/ mobile-rectangle3 -->\n<div id=\"PX_37044_714599773297004\"><\/div>\n<script>\n   if(useMobileAds && !boolUseSeznamAds && !hideAllAds){\nwindow.px2 = window.px2 || { conf: {},queue: [] };\npx2.queue.push(function () {\n\tpx2.render({\n\t\tslot: {\n\t\t\tid: 37044\n\t\t},\n\t\telem: \"PX_37044_714599773297004\"\n\t})\n});\n}\n<\/script>\n\n\n<h2 class=\"wp-block-heading\">Za\u010d\u00e1tky, kter\u00e9 m\u011bnily hudbu<\/h2>\n\n\n\n<p>Lennon vstupoval do hudebn\u00edho sv\u011bta u\u017e jako teenager, kdy\u017e zp\u00edval ve sboru a hledal vlastn\u00ed cestu mezi nov\u00fdmi \u017e\u00e1nry. Pozd\u011bji jej rokenrol uchv\u00e1til natolik, \u017ee se stal jeho tv\u016fr\u010d\u00edm motorem. V roce 1956 potkal Paula McCartneyho, co\u017e odstartovalo p\u0159\u00e1telstv\u00ed, kter\u00e9 zm\u011bnilo sm\u011br popul\u00e1rn\u00ed hudby. Jejich spole\u010dn\u00e9 roky, pln\u00e9 nahr\u00e1v\u00e1n\u00ed, koncert\u016f a experiment\u016f, zapsaly Beatles nesmazateln\u011b do historie.<\/p>\n\n\n\n<p>Po rozpadu Beatles za\u010dal nat\u00e1\u010det vlastn\u00ed desky, hledal nov\u00e9 motivy i zp\u016fsoby vyj\u00e1d\u0159en\u00ed a do pr\u00e1ce \u010dasto zapojoval Yoko Ono. Proch\u00e1zel obdob\u00edm, kdy se st\u00e1hl z ve\u0159ejn\u00e9ho \u017eivota, v\u011bnoval se synovi a p\u0159em\u00fd\u0161lel, kam sm\u011b\u0159ovat d\u00e1l. Teprve na p\u0159elomu sedmdes\u00e1t\u00fdch a osmdes\u00e1t\u00fdch let se znovu vracel k hudb\u011b s chut\u00ed a novou lehkost\u00ed.<\/p>\n\n\n<!-- karaoketexty.cz \/ interscroller1 -->\n\n<div id=\"PX_37041_825057871452834\"><\/div>\n<script>\nif(useMobileAds && !boolUseSeznamAds && !hideAllAds){\n\twindow.px2 = window.px2 || { conf: {},queue: [] };\n\tpx2.queue.push(function () {\n\t\tpx2.render({\n\t\t\tslot: {\n\t\t\t\tid: 37041\n\t\t\t},\n\t\t\telem: \"PX_37041_825057871452834\"\n\t\t})\n\t});\n}\n<\/script>\n\n\n<h2 class=\"wp-block-heading\">Vrah, jeho posedlost a chv\u00edle p\u0159ed \u00fatokem<\/h2>\n\n\n\n<p>Mark David Chapman dlouh\u00e9 roky vn\u00edmal Lennona jako idol, co\u017e se pozd\u011bji zm\u011bnilo v nezdravou posedlost. Jeho psychick\u00e9 pot\u00ed\u017ee a osobn\u00ed frustrace postupn\u011b vytv\u00e1\u0159ely obraz \u010dlov\u011bka, kter\u00fd se za\u010dal uzav\u00edrat do vlastn\u00edch p\u0159edstav. Do New Yorku p\u0159ijel s konkr\u00e9tn\u00edm pl\u00e1nem, i kdy\u017e jej n\u011bkolikr\u00e1t odlo\u017eil a na okam\u017eik v\u00e1hal. Osudn\u00e9 r\u00e1no trp\u011bliv\u011b st\u00e1l p\u0159ed domem Dakota, dr\u017eel v ruce album Double Fantasy a \u010dekal na p\u0159\u00edle\u017eitost.<\/p>\n\n\n\n<iframe title=\"John Lennon - imagine (live 1975)\" width=\"500\" height=\"375\" src=\"https:\/\/www.youtube.com\/embed\/QfgVhE1M6ns?feature=oembed\" frameborder=\"0\" allow=\"accelerometer; autoplay; clipboard-write; encrypted-media; gyroscope; picture-in-picture; web-share\" referrerpolicy=\"strict-origin-when-cross-origin\" allowfullscreen><\/iframe>\n\n\n\n<p>Lennon str\u00e1vil cel\u00fd den mezi rozhovory, fotografov\u00e1n\u00edm a prac\u00ed ve studiu, kde dokon\u010doval novou hudbu. P\u0159i posledn\u00edm interview mluvil o l\u00e1sce i v\u00ed\u0159e v dobr\u00e9 v\u011bci, co\u017e zp\u011btn\u011b p\u016fsob\u00ed a\u017e mraziv\u011b symbolicky. Kdy\u017e ve\u010der p\u0159ijel s Yoko Ono dom\u016f, bylo u\u017e t\u00e9m\u011b\u0159 jeden\u00e1ct hodin. Chapman na n\u011bj p\u011btkr\u00e1t vyst\u0159elil. L\u00e9ka\u0159i u\u017e nedok\u00e1zali zvr\u00e1tit n\u00e1sledky z\u00e1sah\u016f do \u017eivotn\u011b d\u016fle\u017eit\u00fdch tepen. Kr\u00e1tce po jeden\u00e1ct\u00e9 ve\u010der jeho \u017eivot vyhasl.<\/p>\n\n\n\n<p>Zdroj: Autorsk\u00fd text, <a href=\"https:\/\/en.wikipedia.org\/wiki\/John_Lennon\" target=\"_blank\" rel=\"noreferrer noopener nofollow\">Wikipedie<\/a>, <a href=\"https:\/\/www.britannica.com\/biography\/John-Lennon\" target=\"_blank\" rel=\"noreferrer noopener nofollow\">Britannica<\/a>, <a href=\"https:\/\/people.com\/inside-john-lennon-death-11863420\" target=\"_blank\" rel=\"noreferrer noopener nofollow\">People<\/a>, <a href=\"https:\/\/youtu.be\/QfgVhE1M6ns\">YouTube<\/a><\/p>\n\n\n            <a href=\"https:\/\/www.karaoketexty.cz\/magazin\/john-lennon-a-yoko-ono-vychazi-unikatni-box-set-power-to-the-people\/\" class=\"related-post-link\">\n                <div class=\"post-thumbnail\">\n                    <img decoding=\"async\" width=\"213\" height=\"180\" src=\"https:\/\/www.karaoketexty.cz\/magazin\/wp-content\/uploads\/2025\/09\/john-lennon-yoko-ono.jpg\" class=\"attachment-250x180 size-250x180 not-transparent\" alt=\"John Lennon a Yoko Ono\" srcset=\"https:\/\/www.karaoketexty.cz\/magazin\/wp-content\/uploads\/2025\/09\/john-lennon-yoko-ono.jpg 947w, https:\/\/www.karaoketexty.cz\/magazin\/wp-content\/uploads\/2025\/09\/john-lennon-yoko-ono-300x253.jpg 300w, https:\/\/www.karaoketexty.cz\/magazin\/wp-content\/uploads\/2025\/09\/john-lennon-yoko-ono-768x649.jpg 768w\" sizes=\"(max-width: 213px) 100vw, 213px\" data-has-transparency=\"false\" data-dominant-color=\"6b6b6b\" style=\"--dominant-color: #6b6b6b;\" \/>                <\/div>\n                <div class=\"post-details\">\n                    <span class=\"also-read\">\u010ct\u011bte tak\u00e9:<\/span>\n                    <h3 class=\"hed\">John Lennon a Yoko Ono. Vych\u00e1z\u00ed unik\u00e1tn\u00ed box set Power to the People<\/h3>\n                <\/div>\n            <\/a>\n            \n\n            <a href=\"https:\/\/www.karaoketexty.cz\/magazin\/beatlemanie-znovu-oziva-disney-chysta-devaty-dil-slavne-antologie-the-beatles\/\" class=\"related-post-link\">\n                <div class=\"post-thumbnail\">\n                    <img decoding=\"async\" width=\"250\" height=\"141\" src=\"https:\/\/www.karaoketexty.cz\/magazin\/wp-content\/uploads\/2025\/08\/the-beatles-kapela.jpg\" class=\"attachment-250x180 size-250x180 not-transparent\" alt=\"The Beatles\" srcset=\"https:\/\/www.karaoketexty.cz\/magazin\/wp-content\/uploads\/2025\/08\/the-beatles-kapela.jpg 1200w, https:\/\/www.karaoketexty.cz\/magazin\/wp-content\/uploads\/2025\/08\/the-beatles-kapela-300x169.jpg 300w, https:\/\/www.karaoketexty.cz\/magazin\/wp-content\/uploads\/2025\/08\/the-beatles-kapela-1024x576.jpg 1024w, https:\/\/www.karaoketexty.cz\/magazin\/wp-content\/uploads\/2025\/08\/the-beatles-kapela-768x432.jpg 768w, https:\/\/www.karaoketexty.cz\/magazin\/wp-content\/uploads\/2025\/08\/the-beatles-kapela-800x450.jpg 800w\" sizes=\"(max-width: 250px) 100vw, 250px\" data-has-transparency=\"false\" data-dominant-color=\"535353\" style=\"--dominant-color: #535353;\" \/>                <\/div>\n                <div class=\"post-details\">\n                    <span class=\"also-read\">\u010ct\u011bte tak\u00e9:<\/span>\n                    <h3 class=\"hed\">Beatlem\u00e1nie znovu o\u017e\u00edv\u00e1: Disney+ chyst\u00e1 dev\u00e1t\u00fd d\u00edl slavn\u00e9 antologie The Beatles<\/h3>\n                <\/div>\n            <\/a>\n            ","protected":false},"excerpt":{"rendered":"<p>Prosincov\u00e9 dny obvykle p\u0159in\u00e1\u0161ej\u00ed klid, ale p\u0159ipom\u00ednka smrti Johna Lennona do nich vn\u00e1\u0161\u00ed zvl\u00e1\u0161tn\u00ed tichou v\u00e1hu. Ka\u017ed\u00fd rok se vrac\u00ed ot\u00e1zka, jak by jeho hlas zn\u011bl dnes a pro\u010d utichl tak brzy.<\/p>\n","protected":false},"author":5,"featured_media":5648,"comment_status":"open","ping_status":"closed","sticky":false,"template":"","format":"standard","meta":{"_yoast_wpseo_title":"P\u0159ed p\u011bta\u010dty\u0159iceti lety utichl hlas Johna Lennona","_yoast_wpseo_metadesc":"P\u0159ipom\u00edn\u00e1me si v\u00fdro\u010d\u00ed tragick\u00e9 ud\u00e1losti zabit\u00ed Johna Lennona, kter\u00e1 nav\u017edy zm\u011bnila sv\u011bt hudby i \u017eivoty milion\u016f fanou\u0161k\u016f.","footnotes":""},"categories":[9],"tags":[596,399,754,1853,2568,366,1449,514,5243,5242,831,1190],"class_list":["post-5454","post","type-post","status-publish","format-standard","has-post-thumbnail","hentry","category-zajimavosti","tag-60-leta","tag-hudebni-legenda","tag-hudebni-odkaz","tag-john-lennon","tag-popkultura","tag-rockova-hudba","tag-the-beatles","tag-tragedie","tag-vrazda","tag-vyroci-umrti","tag-vzpominky","tag-zahranicni-celebrita"],"yoast_head":"<!-- This site is optimized with the Yoast SEO plugin v27.5 - https:\/\/yoast.com\/product\/yoast-seo-wordpress\/ -->\n<title>P\u0159ed p\u011bta\u010dty\u0159iceti lety utichl hlas Johna Lennona<\/title>\n<meta name=\"description\" content=\"P\u0159ipom\u00edn\u00e1me si v\u00fdro\u010d\u00ed tragick\u00e9 ud\u00e1losti zabit\u00ed Johna Lennona, kter\u00e1 nav\u017edy zm\u011bnila sv\u011bt hudby i \u017eivoty milion\u016f fanou\u0161k\u016f.\" \/>\n<meta name=\"robots\" content=\"index, follow, max-snippet:-1, max-image-preview:large, max-video-preview:-1\" \/>\n<link rel=\"canonical\" href=\"https:\/\/www.karaoketexty.cz\/magazin\/den-kdy-umlkl-hlas-ktery-menil-svet-pred-petactyriceti-lety-byl-zabit-john-lennon\/\" \/>\n<meta property=\"og:locale\" content=\"cs_CZ\" \/>\n<meta property=\"og:type\" content=\"article\" \/>\n<meta property=\"og:title\" content=\"P\u0159ed p\u011bta\u010dty\u0159iceti lety utichl hlas Johna Lennona\" \/>\n<meta property=\"og:description\" content=\"P\u0159ipom\u00edn\u00e1me si v\u00fdro\u010d\u00ed tragick\u00e9 ud\u00e1losti zabit\u00ed Johna Lennona, kter\u00e1 nav\u017edy zm\u011bnila sv\u011bt hudby i \u017eivoty milion\u016f fanou\u0161k\u016f.\" \/>\n<meta property=\"og:url\" content=\"https:\/\/www.karaoketexty.cz\/magazin\/den-kdy-umlkl-hlas-ktery-menil-svet-pred-petactyriceti-lety-byl-zabit-john-lennon\/\" \/>\n<meta property=\"og:site_name\" content=\"Stars Magaz\u00edn Karaoketexty.cz\" \/>\n<meta property=\"article:published_time\" content=\"2025-12-16T08:32:00+00:00\" \/>\n<meta property=\"og:image\" content=\"https:\/\/www.karaoketexty.cz\/magazin\/wp-content\/uploads\/2025\/12\/john-lenon-1974.jpg\" \/>\n\t<meta property=\"og:image:width\" content=\"1200\" \/>\n\t<meta property=\"og:image:height\" content=\"655\" \/>\n\t<meta property=\"og:image:type\" content=\"image\/jpeg\" \/>\n<meta name=\"author\" content=\"Veronika \u0160imkov\u00e1\" \/>\n<meta name=\"twitter:card\" content=\"summary_large_image\" \/>\n<meta name=\"twitter:label1\" content=\"Napsal(a)\" \/>\n\t<meta name=\"twitter:data1\" content=\"Veronika \u0160imkov\u00e1\" \/>\n\t<meta name=\"twitter:label2\" content=\"Odhadovan\u00e1 doba \u010dten\u00ed\" \/>\n\t<meta name=\"twitter:data2\" content=\"3 minuty\" \/>\n<script type=\"application\/ld+json\" class=\"yoast-schema-graph\">{\"@context\":\"https:\\\/\\\/schema.org\",\"@graph\":[{\"@type\":\"Article\",\"@id\":\"https:\\\/\\\/www.karaoketexty.cz\\\/magazin\\\/den-kdy-umlkl-hlas-ktery-menil-svet-pred-petactyriceti-lety-byl-zabit-john-lennon\\\/#article\",\"isPartOf\":{\"@id\":\"https:\\\/\\\/www.karaoketexty.cz\\\/magazin\\\/den-kdy-umlkl-hlas-ktery-menil-svet-pred-petactyriceti-lety-byl-zabit-john-lennon\\\/\"},\"author\":{\"name\":\"Veronika \u0160imkov\u00e1\",\"@id\":\"https:\\\/\\\/www.karaoketexty.cz\\\/magazin\\\/#\\\/schema\\\/person\\\/03220d610ed4cba378a72bac3443f821\"},\"headline\":\"Den, kdy umlkl hlas, kter\u00fd m\u011bnil sv\u011bt: P\u0159ed p\u011bta\u010dty\u0159iceti lety byl zabit John Lennon\",\"datePublished\":\"2025-12-16T08:32:00+00:00\",\"mainEntityOfPage\":{\"@id\":\"https:\\\/\\\/www.karaoketexty.cz\\\/magazin\\\/den-kdy-umlkl-hlas-ktery-menil-svet-pred-petactyriceti-lety-byl-zabit-john-lennon\\\/\"},\"wordCount\":535,\"commentCount\":0,\"image\":{\"@id\":\"https:\\\/\\\/www.karaoketexty.cz\\\/magazin\\\/den-kdy-umlkl-hlas-ktery-menil-svet-pred-petactyriceti-lety-byl-zabit-john-lennon\\\/#primaryimage\"},\"thumbnailUrl\":\"https:\\\/\\\/www.karaoketexty.cz\\\/magazin\\\/wp-content\\\/uploads\\\/2025\\\/12\\\/john-lenon-1974.jpg\",\"keywords\":[\"60. l\u00e9ta\",\"hudebn\u00ed legenda\",\"hudebn\u00ed odkaz\",\"John Lennon\",\"popkultura\",\"rockov\u00e1 hudba\",\"The Beatles\",\"trag\u00e9die\",\"vra\u017eda\",\"v\u00fdro\u010d\u00ed \u00famrt\u00ed\",\"vzpom\u00ednky\",\"zahrani\u010dn\u00ed celebrita\"],\"articleSection\":[\"Zaj\u00edmavosti\"],\"inLanguage\":\"cs\",\"potentialAction\":[{\"@type\":\"CommentAction\",\"name\":\"Comment\",\"target\":[\"https:\\\/\\\/www.karaoketexty.cz\\\/magazin\\\/den-kdy-umlkl-hlas-ktery-menil-svet-pred-petactyriceti-lety-byl-zabit-john-lennon\\\/#respond\"]}]},{\"@type\":\"WebPage\",\"@id\":\"https:\\\/\\\/www.karaoketexty.cz\\\/magazin\\\/den-kdy-umlkl-hlas-ktery-menil-svet-pred-petactyriceti-lety-byl-zabit-john-lennon\\\/\",\"url\":\"https:\\\/\\\/www.karaoketexty.cz\\\/magazin\\\/den-kdy-umlkl-hlas-ktery-menil-svet-pred-petactyriceti-lety-byl-zabit-john-lennon\\\/\",\"name\":\"P\u0159ed p\u011bta\u010dty\u0159iceti lety utichl hlas Johna Lennona\",\"isPartOf\":{\"@id\":\"https:\\\/\\\/www.karaoketexty.cz\\\/magazin\\\/#website\"},\"primaryImageOfPage\":{\"@id\":\"https:\\\/\\\/www.karaoketexty.cz\\\/magazin\\\/den-kdy-umlkl-hlas-ktery-menil-svet-pred-petactyriceti-lety-byl-zabit-john-lennon\\\/#primaryimage\"},\"image\":{\"@id\":\"https:\\\/\\\/www.karaoketexty.cz\\\/magazin\\\/den-kdy-umlkl-hlas-ktery-menil-svet-pred-petactyriceti-lety-byl-zabit-john-lennon\\\/#primaryimage\"},\"thumbnailUrl\":\"https:\\\/\\\/www.karaoketexty.cz\\\/magazin\\\/wp-content\\\/uploads\\\/2025\\\/12\\\/john-lenon-1974.jpg\",\"datePublished\":\"2025-12-16T08:32:00+00:00\",\"author\":{\"@id\":\"https:\\\/\\\/www.karaoketexty.cz\\\/magazin\\\/#\\\/schema\\\/person\\\/03220d610ed4cba378a72bac3443f821\"},\"description\":\"P\u0159ipom\u00edn\u00e1me si v\u00fdro\u010d\u00ed tragick\u00e9 ud\u00e1losti zabit\u00ed Johna Lennona, kter\u00e1 nav\u017edy zm\u011bnila sv\u011bt hudby i \u017eivoty milion\u016f fanou\u0161k\u016f.\",\"breadcrumb\":{\"@id\":\"https:\\\/\\\/www.karaoketexty.cz\\\/magazin\\\/den-kdy-umlkl-hlas-ktery-menil-svet-pred-petactyriceti-lety-byl-zabit-john-lennon\\\/#breadcrumb\"},\"inLanguage\":\"cs\",\"potentialAction\":[{\"@type\":\"ReadAction\",\"target\":[\"https:\\\/\\\/www.karaoketexty.cz\\\/magazin\\\/den-kdy-umlkl-hlas-ktery-menil-svet-pred-petactyriceti-lety-byl-zabit-john-lennon\\\/\"]}]},{\"@type\":\"ImageObject\",\"inLanguage\":\"cs\",\"@id\":\"https:\\\/\\\/www.karaoketexty.cz\\\/magazin\\\/den-kdy-umlkl-hlas-ktery-menil-svet-pred-petactyriceti-lety-byl-zabit-john-lennon\\\/#primaryimage\",\"url\":\"https:\\\/\\\/www.karaoketexty.cz\\\/magazin\\\/wp-content\\\/uploads\\\/2025\\\/12\\\/john-lenon-1974.jpg\",\"contentUrl\":\"https:\\\/\\\/www.karaoketexty.cz\\\/magazin\\\/wp-content\\\/uploads\\\/2025\\\/12\\\/john-lenon-1974.jpg\",\"width\":1200,\"height\":655,\"caption\":\"Fotografie: Tony Barnard, Los Angeles Times \\\/ Creative Commons \\\/ CC BY, John Lennon v roce 1974\"},{\"@type\":\"BreadcrumbList\",\"@id\":\"https:\\\/\\\/www.karaoketexty.cz\\\/magazin\\\/den-kdy-umlkl-hlas-ktery-menil-svet-pred-petactyriceti-lety-byl-zabit-john-lennon\\\/#breadcrumb\",\"itemListElement\":[{\"@type\":\"ListItem\",\"position\":1,\"name\":\"Dom\u016f\",\"item\":\"https:\\\/\\\/www.karaoketexty.cz\\\/magazin\\\/\"},{\"@type\":\"ListItem\",\"position\":2,\"name\":\"Den, kdy umlkl hlas, kter\u00fd m\u011bnil sv\u011bt: P\u0159ed p\u011bta\u010dty\u0159iceti lety byl zabit John Lennon\"}]},{\"@type\":\"WebSite\",\"@id\":\"https:\\\/\\\/www.karaoketexty.cz\\\/magazin\\\/#website\",\"url\":\"https:\\\/\\\/www.karaoketexty.cz\\\/magazin\\\/\",\"name\":\"Stars Magaz\u00edn Karaoketexty.cz\",\"description\":\"Stars Magaz\u00edn na Karaoketexty.cz je zam\u011b\u0159en\u00fd na novinky ze sv\u011bta hudby a celebrit. Obsahuje \u010dl\u00e1nky o zp\u011bv\u00e1c\u00edch, kapel\u00e1ch, nov\u00fdch albech, hudebn\u00edch trendech a dal\u0161\u00edch zaj\u00edmavostech z hudebn\u00edho pr\u016fmyslu.\",\"potentialAction\":[{\"@type\":\"SearchAction\",\"target\":{\"@type\":\"EntryPoint\",\"urlTemplate\":\"https:\\\/\\\/www.karaoketexty.cz\\\/magazin\\\/?s={search_term_string}\"},\"query-input\":{\"@type\":\"PropertyValueSpecification\",\"valueRequired\":true,\"valueName\":\"search_term_string\"}}],\"inLanguage\":\"cs\"},{\"@type\":\"Person\",\"@id\":\"https:\\\/\\\/www.karaoketexty.cz\\\/magazin\\\/#\\\/schema\\\/person\\\/03220d610ed4cba378a72bac3443f821\",\"name\":\"Veronika \u0160imkov\u00e1\",\"image\":{\"@type\":\"ImageObject\",\"inLanguage\":\"cs\",\"@id\":\"https:\\\/\\\/secure.gravatar.com\\\/avatar\\\/62af9cda83322200aaf20e60d0442fbca254ce18c0ffdcaaf83de31493c941a5?s=96&d=mm&r=g\",\"url\":\"https:\\\/\\\/secure.gravatar.com\\\/avatar\\\/62af9cda83322200aaf20e60d0442fbca254ce18c0ffdcaaf83de31493c941a5?s=96&d=mm&r=g\",\"contentUrl\":\"https:\\\/\\\/secure.gravatar.com\\\/avatar\\\/62af9cda83322200aaf20e60d0442fbca254ce18c0ffdcaaf83de31493c941a5?s=96&d=mm&r=g\",\"caption\":\"Veronika \u0160imkov\u00e1\"},\"url\":\"https:\\\/\\\/www.karaoketexty.cz\\\/magazin\\\/author\\\/veronikasimkova\\\/\"}]}<\/script>\n<!-- \/ Yoast SEO plugin. -->","yoast_head_json":{"title":"P\u0159ed p\u011bta\u010dty\u0159iceti lety utichl hlas Johna Lennona","description":"P\u0159ipom\u00edn\u00e1me si v\u00fdro\u010d\u00ed tragick\u00e9 ud\u00e1losti zabit\u00ed Johna Lennona, kter\u00e1 nav\u017edy zm\u011bnila sv\u011bt hudby i \u017eivoty milion\u016f fanou\u0161k\u016f.","robots":{"index":"index","follow":"follow","max-snippet":"max-snippet:-1","max-image-preview":"max-image-preview:large","max-video-preview":"max-video-preview:-1"},"canonical":"https:\/\/www.karaoketexty.cz\/magazin\/den-kdy-umlkl-hlas-ktery-menil-svet-pred-petactyriceti-lety-byl-zabit-john-lennon\/","og_locale":"cs_CZ","og_type":"article","og_title":"P\u0159ed p\u011bta\u010dty\u0159iceti lety utichl hlas Johna Lennona","og_description":"P\u0159ipom\u00edn\u00e1me si v\u00fdro\u010d\u00ed tragick\u00e9 ud\u00e1losti zabit\u00ed Johna Lennona, kter\u00e1 nav\u017edy zm\u011bnila sv\u011bt hudby i \u017eivoty milion\u016f fanou\u0161k\u016f.","og_url":"https:\/\/www.karaoketexty.cz\/magazin\/den-kdy-umlkl-hlas-ktery-menil-svet-pred-petactyriceti-lety-byl-zabit-john-lennon\/","og_site_name":"Stars Magaz\u00edn Karaoketexty.cz","article_published_time":"2025-12-16T08:32:00+00:00","og_image":[{"width":1200,"height":655,"url":"https:\/\/www.karaoketexty.cz\/magazin\/wp-content\/uploads\/2025\/12\/john-lenon-1974.jpg","type":"image\/jpeg"}],"author":"Veronika \u0160imkov\u00e1","twitter_card":"summary_large_image","twitter_misc":{"Napsal(a)":"Veronika \u0160imkov\u00e1","Odhadovan\u00e1 doba \u010dten\u00ed":"3 minuty"},"schema":{"@context":"https:\/\/schema.org","@graph":[{"@type":"Article","@id":"https:\/\/www.karaoketexty.cz\/magazin\/den-kdy-umlkl-hlas-ktery-menil-svet-pred-petactyriceti-lety-byl-zabit-john-lennon\/#article","isPartOf":{"@id":"https:\/\/www.karaoketexty.cz\/magazin\/den-kdy-umlkl-hlas-ktery-menil-svet-pred-petactyriceti-lety-byl-zabit-john-lennon\/"},"author":{"name":"Veronika \u0160imkov\u00e1","@id":"https:\/\/www.karaoketexty.cz\/magazin\/#\/schema\/person\/03220d610ed4cba378a72bac3443f821"},"headline":"Den, kdy umlkl hlas, kter\u00fd m\u011bnil sv\u011bt: P\u0159ed p\u011bta\u010dty\u0159iceti lety byl zabit John Lennon","datePublished":"2025-12-16T08:32:00+00:00","mainEntityOfPage":{"@id":"https:\/\/www.karaoketexty.cz\/magazin\/den-kdy-umlkl-hlas-ktery-menil-svet-pred-petactyriceti-lety-byl-zabit-john-lennon\/"},"wordCount":535,"commentCount":0,"image":{"@id":"https:\/\/www.karaoketexty.cz\/magazin\/den-kdy-umlkl-hlas-ktery-menil-svet-pred-petactyriceti-lety-byl-zabit-john-lennon\/#primaryimage"},"thumbnailUrl":"https:\/\/www.karaoketexty.cz\/magazin\/wp-content\/uploads\/2025\/12\/john-lenon-1974.jpg","keywords":["60. l\u00e9ta","hudebn\u00ed legenda","hudebn\u00ed odkaz","John Lennon","popkultura","rockov\u00e1 hudba","The Beatles","trag\u00e9die","vra\u017eda","v\u00fdro\u010d\u00ed \u00famrt\u00ed","vzpom\u00ednky","zahrani\u010dn\u00ed celebrita"],"articleSection":["Zaj\u00edmavosti"],"inLanguage":"cs","potentialAction":[{"@type":"CommentAction","name":"Comment","target":["https:\/\/www.karaoketexty.cz\/magazin\/den-kdy-umlkl-hlas-ktery-menil-svet-pred-petactyriceti-lety-byl-zabit-john-lennon\/#respond"]}]},{"@type":"WebPage","@id":"https:\/\/www.karaoketexty.cz\/magazin\/den-kdy-umlkl-hlas-ktery-menil-svet-pred-petactyriceti-lety-byl-zabit-john-lennon\/","url":"https:\/\/www.karaoketexty.cz\/magazin\/den-kdy-umlkl-hlas-ktery-menil-svet-pred-petactyriceti-lety-byl-zabit-john-lennon\/","name":"P\u0159ed p\u011bta\u010dty\u0159iceti lety utichl hlas Johna Lennona","isPartOf":{"@id":"https:\/\/www.karaoketexty.cz\/magazin\/#website"},"primaryImageOfPage":{"@id":"https:\/\/www.karaoketexty.cz\/magazin\/den-kdy-umlkl-hlas-ktery-menil-svet-pred-petactyriceti-lety-byl-zabit-john-lennon\/#primaryimage"},"image":{"@id":"https:\/\/www.karaoketexty.cz\/magazin\/den-kdy-umlkl-hlas-ktery-menil-svet-pred-petactyriceti-lety-byl-zabit-john-lennon\/#primaryimage"},"thumbnailUrl":"https:\/\/www.karaoketexty.cz\/magazin\/wp-content\/uploads\/2025\/12\/john-lenon-1974.jpg","datePublished":"2025-12-16T08:32:00+00:00","author":{"@id":"https:\/\/www.karaoketexty.cz\/magazin\/#\/schema\/person\/03220d610ed4cba378a72bac3443f821"},"description":"P\u0159ipom\u00edn\u00e1me si v\u00fdro\u010d\u00ed tragick\u00e9 ud\u00e1losti zabit\u00ed Johna Lennona, kter\u00e1 nav\u017edy zm\u011bnila sv\u011bt hudby i \u017eivoty milion\u016f fanou\u0161k\u016f.","breadcrumb":{"@id":"https:\/\/www.karaoketexty.cz\/magazin\/den-kdy-umlkl-hlas-ktery-menil-svet-pred-petactyriceti-lety-byl-zabit-john-lennon\/#breadcrumb"},"inLanguage":"cs","potentialAction":[{"@type":"ReadAction","target":["https:\/\/www.karaoketexty.cz\/magazin\/den-kdy-umlkl-hlas-ktery-menil-svet-pred-petactyriceti-lety-byl-zabit-john-lennon\/"]}]},{"@type":"ImageObject","inLanguage":"cs","@id":"https:\/\/www.karaoketexty.cz\/magazin\/den-kdy-umlkl-hlas-ktery-menil-svet-pred-petactyriceti-lety-byl-zabit-john-lennon\/#primaryimage","url":"https:\/\/www.karaoketexty.cz\/magazin\/wp-content\/uploads\/2025\/12\/john-lenon-1974.jpg","contentUrl":"https:\/\/www.karaoketexty.cz\/magazin\/wp-content\/uploads\/2025\/12\/john-lenon-1974.jpg","width":1200,"height":655,"caption":"Fotografie: Tony Barnard, Los Angeles Times \/ Creative Commons \/ CC BY, John Lennon v roce 1974"},{"@type":"BreadcrumbList","@id":"https:\/\/www.karaoketexty.cz\/magazin\/den-kdy-umlkl-hlas-ktery-menil-svet-pred-petactyriceti-lety-byl-zabit-john-lennon\/#breadcrumb","itemListElement":[{"@type":"ListItem","position":1,"name":"Dom\u016f","item":"https:\/\/www.karaoketexty.cz\/magazin\/"},{"@type":"ListItem","position":2,"name":"Den, kdy umlkl hlas, kter\u00fd m\u011bnil sv\u011bt: P\u0159ed p\u011bta\u010dty\u0159iceti lety byl zabit John Lennon"}]},{"@type":"WebSite","@id":"https:\/\/www.karaoketexty.cz\/magazin\/#website","url":"https:\/\/www.karaoketexty.cz\/magazin\/","name":"Stars Magaz\u00edn Karaoketexty.cz","description":"Stars Magaz\u00edn na Karaoketexty.cz je zam\u011b\u0159en\u00fd na novinky ze sv\u011bta hudby a celebrit. Obsahuje \u010dl\u00e1nky o zp\u011bv\u00e1c\u00edch, kapel\u00e1ch, nov\u00fdch albech, hudebn\u00edch trendech a dal\u0161\u00edch zaj\u00edmavostech z hudebn\u00edho pr\u016fmyslu.","potentialAction":[{"@type":"SearchAction","target":{"@type":"EntryPoint","urlTemplate":"https:\/\/www.karaoketexty.cz\/magazin\/?s={search_term_string}"},"query-input":{"@type":"PropertyValueSpecification","valueRequired":true,"valueName":"search_term_string"}}],"inLanguage":"cs"},{"@type":"Person","@id":"https:\/\/www.karaoketexty.cz\/magazin\/#\/schema\/person\/03220d610ed4cba378a72bac3443f821","name":"Veronika \u0160imkov\u00e1","image":{"@type":"ImageObject","inLanguage":"cs","@id":"https:\/\/secure.gravatar.com\/avatar\/62af9cda83322200aaf20e60d0442fbca254ce18c0ffdcaaf83de31493c941a5?s=96&d=mm&r=g","url":"https:\/\/secure.gravatar.com\/avatar\/62af9cda83322200aaf20e60d0442fbca254ce18c0ffdcaaf83de31493c941a5?s=96&d=mm&r=g","contentUrl":"https:\/\/secure.gravatar.com\/avatar\/62af9cda83322200aaf20e60d0442fbca254ce18c0ffdcaaf83de31493c941a5?s=96&d=mm&r=g","caption":"Veronika \u0160imkov\u00e1"},"url":"https:\/\/www.karaoketexty.cz\/magazin\/author\/veronikasimkova\/"}]}},"_links":{"self":[{"href":"https:\/\/www.karaoketexty.cz\/magazin\/wp-json\/wp\/v2\/posts\/5454","targetHints":{"allow":["GET"]}}],"collection":[{"href":"https:\/\/www.karaoketexty.cz\/magazin\/wp-json\/wp\/v2\/posts"}],"about":[{"href":"https:\/\/www.karaoketexty.cz\/magazin\/wp-json\/wp\/v2\/types\/post"}],"author":[{"embeddable":true,"href":"https:\/\/www.karaoketexty.cz\/magazin\/wp-json\/wp\/v2\/users\/5"}],"replies":[{"embeddable":true,"href":"https:\/\/www.karaoketexty.cz\/magazin\/wp-json\/wp\/v2\/comments?post=5454"}],"version-history":[{"count":3,"href":"https:\/\/www.karaoketexty.cz\/magazin\/wp-json\/wp\/v2\/posts\/5454\/revisions"}],"predecessor-version":[{"id":5703,"href":"https:\/\/www.karaoketexty.cz\/magazin\/wp-json\/wp\/v2\/posts\/5454\/revisions\/5703"}],"wp:featuredmedia":[{"embeddable":true,"href":"https:\/\/www.karaoketexty.cz\/magazin\/wp-json\/wp\/v2\/media\/5648"}],"wp:attachment":[{"href":"https:\/\/www.karaoketexty.cz\/magazin\/wp-json\/wp\/v2\/media?parent=5454"}],"wp:term":[{"taxonomy":"category","embeddable":true,"href":"https:\/\/www.karaoketexty.cz\/magazin\/wp-json\/wp\/v2\/categories?post=5454"},{"taxonomy":"post_tag","embeddable":true,"href":"https:\/\/www.karaoketexty.cz\/magazin\/wp-json\/wp\/v2\/tags?post=5454"}],"curies":[{"name":"wp","href":"https:\/\/api.w.org\/{rel}","templated":true}]}}