{"id":5447,"date":"2025-12-13T06:42:00","date_gmt":"2025-12-13T05:42:00","guid":{"rendered":"https:\/\/www.karaoketexty.cz\/magazin\/?p=5447"},"modified":"2025-12-12T17:00:44","modified_gmt":"2025-12-12T16:00:44","slug":"vanoce-evy-buresove-klid-na-vesnici-pernicky-se-syny-a-premek-forejt-u-sporaku","status":"publish","type":"post","link":"https:\/\/www.karaoketexty.cz\/magazin\/vanoce-evy-buresove-klid-na-vesnici-pernicky-se-syny-a-premek-forejt-u-sporaku\/","title":{"rendered":"V\u00e1noce Evy Bure\u0161ov\u00e9: Klid na vesnici, pern\u00ed\u010dky se syny a P\u0159emek Forejt u spor\u00e1ku"},"content":{"rendered":"\n<p><strong>Eva Bure\u0161ov\u00e1 p\u0159ipravuje se sv\u00fdmi syny a partnerem P\u0159emkem Forejtem V\u00e1noce, kter\u00e9 maj\u00ed ka\u017ed\u00fd rok trochu jinou podobu, ale v\u017edy p\u0159in\u00e1\u0161ej\u00ed v\u016fni domova.<\/strong><\/p>\n\n\n\n<p>Kdy\u017e Eva Bure\u0161ov\u00e1 mluv\u00ed o V\u00e1noc\u00edch, je sly\u0161et, \u017ee se na n\u011b opravdu t\u011b\u0161\u00ed. V jejich dom\u011b se u\u017e chv\u00edli pe\u010de, von\u00ed pern\u00edk a na stole le\u017e\u00ed krabice s ozdobami, kter\u00e9 ka\u017ed\u00fd rok vytahuj\u00ed s velkou pe\u010dlivost\u00ed. Eva p\u0159izn\u00e1v\u00e1, \u017ee na slo\u017eit\u011bj\u0161\u00ed recepty si p\u0159\u00edli\u0161 nev\u011b\u0159\u00ed, ale na\u0161t\u011bst\u00ed m\u00e1 doma \u010dlov\u011bka, kter\u00fd kuchyni vl\u00e1dne s jistotou. Na Karaoketexty jsme se pod\u00edvali na to, jak jejich rodinn\u00e1 p\u0159\u00edprava sv\u00e1tk\u016f prob\u00edh\u00e1.<\/p>\n\n\n<!-- karaoketexty.cz \/ rectangle2 -->\n<div id=\"PX_37086_709110796310826\"><\/div>\n<script>\n   if(!useMobileAds && !boolUseSeznamAds && !hideAllAds){\n     window.px2 = window.px2 || { conf: {},queue: [] };\n     px2.queue.push(function () {\n        px2.render({\n           slot: {\n              id: 37086\n           },\n            elem: \"PX_37086_709110796310826\"\n        })\n     });\n  }\n<\/script>\n\n<!-- karaoketexty.cz \/ mobile-rectangle3 -->\n<div id=\"PX_37044_714599773297004\"><\/div>\n<script>\n   if(useMobileAds && !boolUseSeznamAds && !hideAllAds){\nwindow.px2 = window.px2 || { conf: {},queue: [] };\npx2.queue.push(function () {\n\tpx2.render({\n\t\tslot: {\n\t\t\tid: 37044\n\t\t},\n\t\telem: \"PX_37044_714599773297004\"\n\t})\n});\n}\n<\/script>\n\n\n<h2 class=\"wp-block-heading\">Pern\u00ed\u010dky s d\u011btmi a pomoc od soused\u016f<\/h2>\n\n\n\n<p><em>\u201eJ\u00e1 s d\u011btmi pe\u010du pern\u00ed\u010dky, vykrajujeme r\u016fzn\u00e9 tvary, od Star Wars po klasick\u00e9 pern\u00ed\u010dky<\/em>,\u201c \u0159ekla Bure\u0161ov\u00e1 pro CNNPrimaNews. Hlavn\u00ed zodpov\u011bdnost\u00ed je hl\u00eddat, aby ne\u00adzmizely v\u0161echny hned po upe\u010den\u00ed. Do slo\u017eit\u011bj\u0161\u00edho cukrov\u00ed se pou\u0161t\u00ed P\u0159emek, kter\u00fd m\u00e1 p\u0159irozen\u00fd cit pro detaily, a Eva se k n\u011bmu p\u0159id\u00e1v\u00e1 v roli nejvd\u011b\u010dn\u011bj\u0161\u00ed ochutn\u00e1va\u010dky.<\/p>\n\n\n\n<p>Velkou \u010d\u00e1st sladkost\u00ed v\u0161ak dost\u00e1vaj\u00ed tak\u00e9 od soused\u016f, proto\u017ee v jejich vesnici \u017eije spousta \u0161ikovn\u00fdch cukr\u00e1\u0159ek i cukr\u00e1\u0159\u016f. Jednou z nejobl\u00edben\u011bj\u0161\u00edch tradic Evy Bure\u0161ov\u00e9 je m\u00e1\u010den\u00ed oplatek do medu, jak uvedla v upout\u00e1vce na V\u00e1noce v O2 aren\u011b. P\u0159edv\u00e1no\u010dn\u00ed kouzlo domova je u nich c\u00edtit v podstat\u011b u\u017e od 1. prosince, kdy je ji\u017e v\u0161e vyzdoben\u00e9 a t\u011b\u0161en\u00ed se na nejkr\u00e1sn\u011bj\u0161\u00ed sv\u00e1tky v roce je v pln\u00e9m proudu.<\/p>\n\n\n<!-- karaoketexty.cz \/ interscroller1 -->\n\n<div id=\"PX_37041_825057871452834\"><\/div>\n<script>\nif(useMobileAds && !boolUseSeznamAds && !hideAllAds){\n\twindow.px2 = window.px2 || { conf: {},queue: [] };\n\tpx2.queue.push(function () {\n\t\tpx2.render({\n\t\t\tslot: {\n\t\t\t\tid: 37041\n\t\t\t},\n\t\t\telem: \"PX_37041_825057871452834\"\n\t\t})\n\t});\n}\n<\/script>\n\n\n<h2 class=\"wp-block-heading\">Radost z klidn\u00fdch sv\u00e1tk\u016f bez v\u00fdbuch\u016f<\/h2>\n\n\n\n<p>Velkou \u00falevu letos p\u0159in\u00e1\u0161\u00ed i fakt, \u017ee jejich vesnice zak\u00e1zala oh\u0148ostroje. Eva m\u00e1 s v\u00fdbuchy velmi \u0161patn\u00e9 zku\u0161enosti, proto\u017ee jej\u00ed pes se kv\u016fli nim loni ztratil. Letos tak \u010dek\u00e1 klidn\u011bj\u0161\u00ed Silvestr, kdy se spokoj\u00ed s prskavkami a potichu ochutn\u00e1 posledn\u00ed v\u00e1no\u010dn\u00ed cukrov\u00ed.<\/p>\n\n\n\n<figure class=\"wp-block-image size-large\"><img data-dominant-color=\"67605a\" data-has-transparency=\"false\" style=\"--dominant-color: #67605a;\" decoding=\"async\" width=\"1024\" height=\"773\" src=\"https:\/\/www.karaoketexty.cz\/magazin\/wp-content\/uploads\/2025\/10\/premek-forejt-eva-buresova-1024x773.jpg\" alt=\"P\u0159emek Forejt a Eva Bure\u0161ov\u00e1\" class=\"wp-image-3497 not-transparent\" srcset=\"https:\/\/www.karaoketexty.cz\/magazin\/wp-content\/uploads\/2025\/10\/premek-forejt-eva-buresova-1024x773.jpg 1024w, https:\/\/www.karaoketexty.cz\/magazin\/wp-content\/uploads\/2025\/10\/premek-forejt-eva-buresova-300x227.jpg 300w, https:\/\/www.karaoketexty.cz\/magazin\/wp-content\/uploads\/2025\/10\/premek-forejt-eva-buresova-768x580.jpg 768w, https:\/\/www.karaoketexty.cz\/magazin\/wp-content\/uploads\/2025\/10\/premek-forejt-eva-buresova.jpg 1200w\" sizes=\"(max-width: 1024px) 100vw, 1024px\" \/><figcaption class=\"wp-element-caption\">Foto: NextFoto, Prvn\u00ed dva d\u00edly rodinn\u00e9ho dramatu Studna m\u011bly 7. 1. 2025 slavnostn\u00ed projekci v pra\u017esk\u00e9m kin\u011b Lucerna.<\/figcaption><\/figure>\n\n\n\n<p>V\u0161e nasv\u011bd\u010duje tomu, \u017ee u Evy doma budou V\u00e1noce pohodov\u00e9 a pln\u00e9 drobn\u00fdch radost\u00ed. D\u016fle\u017eit\u00e9 pro ni je hlavn\u011b to, aby si sv\u00e1te\u010dn\u00ed \u010das u\u017eili oba synov\u00e9. Ji samotnou p\u0159itom je\u0161t\u011b \u010dek\u00e1 p\u0159edv\u00e1no\u010dn\u00ed koncert v O2 aren\u011b 16. prosince, na n\u011bm\u017e se p\u0159edstav\u00ed cel\u00e1 \u0159ada hv\u011bzd v\u010detn\u011b Tom\u00e1\u0161e Kluse, Ji\u0159\u00edho Korna \u010di V\u00e1clava Neck\u00e1\u0159e a nebude chyb\u011bt ani symfonick\u00fd orchestr. Skv\u011bl\u00e1 atmosf\u00e9ra je tak v podstat\u011b jist\u00e1.<\/p>\n\n\n\n<p>Zdroj: Autorsk\u00fd text, <a href=\"https:\/\/cnn.iprima.cz\/buresova-je-rada-za-zakaz-ohnostroju-s-detmi-pece-perniky-partner-forejt-narocnejsi-cukrovi-493585\" target=\"_blank\" rel=\"noreferrer noopener nofollow\">CNNPrimaNews<\/a>, <a href=\"https:\/\/www.facebook.com\/vanocevarene\/videos\/679555615200133\/\" target=\"_blank\" rel=\"noreferrer noopener nofollow\">Facebook V\u00e1noceVO2aren\u011b<\/a>, O2arena<\/p>\n\n\n            <a href=\"https:\/\/www.karaoketexty.cz\/magazin\/muzi-kolem-evy-buresove-kdyz-laska-prace-a-slava-zamichaji-kartami-zivota\/\" class=\"related-post-link\">\n                <div class=\"post-thumbnail\">\n                    <img decoding=\"async\" width=\"250\" height=\"153\" src=\"https:\/\/www.karaoketexty.cz\/magazin\/wp-content\/uploads\/2025\/11\/eva-buresova.jpg\" class=\"attachment-250x180 size-250x180 not-transparent\" alt=\"Fotografie Evy Bure\u0161ov\u00e9\" srcset=\"https:\/\/www.karaoketexty.cz\/magazin\/wp-content\/uploads\/2025\/11\/eva-buresova.jpg 1200w, https:\/\/www.karaoketexty.cz\/magazin\/wp-content\/uploads\/2025\/11\/eva-buresova-300x184.jpg 300w, https:\/\/www.karaoketexty.cz\/magazin\/wp-content\/uploads\/2025\/11\/eva-buresova-1024x626.jpg 1024w, https:\/\/www.karaoketexty.cz\/magazin\/wp-content\/uploads\/2025\/11\/eva-buresova-768x470.jpg 768w\" sizes=\"(max-width: 250px) 100vw, 250px\" data-has-transparency=\"false\" data-dominant-color=\"4b73a6\" style=\"--dominant-color: #4b73a6;\" \/>                <\/div>\n                <div class=\"post-details\">\n                    <span class=\"also-read\">\u010ct\u011bte tak\u00e9:<\/span>\n                    <h3 class=\"hed\">Mu\u017ei kolem Evy Bure\u0161ov\u00e9: Kdy\u017e l\u00e1ska, pr\u00e1ce a sl\u00e1va zam\u00edchaj\u00ed kartami \u017eivota<\/h3>\n                <\/div>\n            <\/a>\n            \n\n            <a href=\"https:\/\/www.karaoketexty.cz\/magazin\/sidlo-evy-buresove-a-premka-forejta-stalo-vice-nez-13-milionu-zadne-excentricnosti-tu-ale-necekejte\/\" class=\"related-post-link\">\n                <div class=\"post-thumbnail\">\n                    <img decoding=\"async\" width=\"238\" height=\"180\" src=\"https:\/\/www.karaoketexty.cz\/magazin\/wp-content\/uploads\/2025\/10\/premek-forejt-eva-buresova.jpg\" class=\"attachment-250x180 size-250x180 not-transparent\" alt=\"P\u0159emek Forejt a Eva Bure\u0161ov\u00e1\" srcset=\"https:\/\/www.karaoketexty.cz\/magazin\/wp-content\/uploads\/2025\/10\/premek-forejt-eva-buresova.jpg 1200w, https:\/\/www.karaoketexty.cz\/magazin\/wp-content\/uploads\/2025\/10\/premek-forejt-eva-buresova-300x227.jpg 300w, https:\/\/www.karaoketexty.cz\/magazin\/wp-content\/uploads\/2025\/10\/premek-forejt-eva-buresova-1024x773.jpg 1024w, https:\/\/www.karaoketexty.cz\/magazin\/wp-content\/uploads\/2025\/10\/premek-forejt-eva-buresova-768x580.jpg 768w\" sizes=\"(max-width: 238px) 100vw, 238px\" data-has-transparency=\"false\" data-dominant-color=\"67605a\" style=\"--dominant-color: #67605a;\" \/>                <\/div>\n                <div class=\"post-details\">\n                    <span class=\"also-read\">\u010ct\u011bte tak\u00e9:<\/span>\n                    <h3 class=\"hed\">S\u00eddlo Evy Bure\u0161ov\u00e9 a P\u0159emka Forejta st\u00e1lo v\u00edce ne\u017e 13 milion\u016f. \u017d\u00e1dnou ok\u00e1zalost \u010di extravaganci tu ne\u010dekejte<\/h3>\n                <\/div>\n            <\/a>\n            ","protected":false},"excerpt":{"rendered":"<p>Eva Bure\u0161ov\u00e1 p\u0159ipravuje se sv\u00fdmi syny a partnerem P\u0159emkem Forejtem V\u00e1noce, kter\u00e9 maj\u00ed ka\u017ed\u00fd rok trochu jinou podobu, ale v\u017edy p\u0159in\u00e1\u0161ej\u00ed v\u016fni domova. Letos se t\u011b\u0161\u00ed hlavn\u011b na rodinn\u00e9 pe\u010den\u00ed, d\u00e1rky od soused\u016f a sv\u00e1te\u010dn\u00ed pohodu, kter\u00e1 v jejich vesnici vl\u00e1dne.<\/p>\n","protected":false},"author":4,"featured_media":5435,"comment_status":"open","ping_status":"closed","sticky":false,"template":"","format":"standard","meta":{"_yoast_wpseo_title":"V\u00e1noce Evy Bure\u0161ov\u00e9: Klid s rodinou, teplo domova a pe\u010den\u00ed","_yoast_wpseo_metadesc":"Eva Bure\u0161ov\u00e1 popisuje, jak v jejich rodin\u011b vznik\u00e1 v\u00e1no\u010dn\u00ed atmosf\u00e9ra, od dom\u00e1c\u00edho pe\u010den\u00ed a\u017e po pl\u00e1ny na Silvestra.","footnotes":""},"categories":[1059],"tags":[49,364,562,496,101,2220,223,199,136,563,554,389,99,409,5179,342,51],"class_list":["post-5447","post","type-post","status-publish","format-standard","has-post-thumbnail","hentry","category-celebrity","tag-bydleni","tag-celebrity-a-rodina","tag-ceska-celebrita","tag-darky","tag-deti","tag-eva-buresova","tag-film","tag-herecka","tag-koncert","tag-o2-arena","tag-partneri-celebrit","tag-pyrotechnika","tag-rodina","tag-slavnostni-vystoupeni","tag-vanoce","tag-zakaz","tag-zpevacka"],"yoast_head":"<!-- This site is optimized with the Yoast SEO plugin v27.5 - https:\/\/yoast.com\/product\/yoast-seo-wordpress\/ -->\n<title>V\u00e1noce Evy Bure\u0161ov\u00e9: Klid s rodinou, teplo domova a pe\u010den\u00ed<\/title>\n<meta name=\"description\" content=\"Eva Bure\u0161ov\u00e1 popisuje, jak v jejich rodin\u011b vznik\u00e1 v\u00e1no\u010dn\u00ed atmosf\u00e9ra, od dom\u00e1c\u00edho pe\u010den\u00ed a\u017e po pl\u00e1ny na Silvestra.\" \/>\n<meta name=\"robots\" content=\"index, follow, max-snippet:-1, max-image-preview:large, max-video-preview:-1\" \/>\n<link rel=\"canonical\" href=\"https:\/\/www.karaoketexty.cz\/magazin\/vanoce-evy-buresove-klid-na-vesnici-pernicky-se-syny-a-premek-forejt-u-sporaku\/\" \/>\n<meta property=\"og:locale\" content=\"cs_CZ\" \/>\n<meta property=\"og:type\" content=\"article\" \/>\n<meta property=\"og:title\" content=\"V\u00e1noce Evy Bure\u0161ov\u00e9: Klid s rodinou, teplo domova a pe\u010den\u00ed\" \/>\n<meta property=\"og:description\" content=\"Eva Bure\u0161ov\u00e1 popisuje, jak v jejich rodin\u011b vznik\u00e1 v\u00e1no\u010dn\u00ed atmosf\u00e9ra, od dom\u00e1c\u00edho pe\u010den\u00ed a\u017e po pl\u00e1ny na Silvestra.\" \/>\n<meta property=\"og:url\" content=\"https:\/\/www.karaoketexty.cz\/magazin\/vanoce-evy-buresove-klid-na-vesnici-pernicky-se-syny-a-premek-forejt-u-sporaku\/\" \/>\n<meta property=\"og:site_name\" content=\"Stars Magaz\u00edn Karaoketexty.cz\" \/>\n<meta property=\"article:published_time\" content=\"2025-12-13T05:42:00+00:00\" \/>\n<meta property=\"og:image\" content=\"https:\/\/www.karaoketexty.cz\/magazin\/wp-content\/uploads\/2025\/12\/eva-buresova.jpg\" \/>\n\t<meta property=\"og:image:width\" content=\"1200\" \/>\n\t<meta property=\"og:image:height\" content=\"675\" \/>\n\t<meta property=\"og:image:type\" content=\"image\/jpeg\" \/>\n<meta name=\"author\" content=\"Barbora Kop\u0159ivov\u00e1\" \/>\n<meta name=\"twitter:card\" content=\"summary_large_image\" \/>\n<meta name=\"twitter:label1\" content=\"Napsal(a)\" \/>\n\t<meta name=\"twitter:data1\" content=\"Barbora Kop\u0159ivov\u00e1\" \/>\n\t<meta name=\"twitter:label2\" content=\"Odhadovan\u00e1 doba \u010dten\u00ed\" \/>\n\t<meta name=\"twitter:data2\" content=\"3 minuty\" \/>\n<script type=\"application\/ld+json\" class=\"yoast-schema-graph\">{\"@context\":\"https:\\\/\\\/schema.org\",\"@graph\":[{\"@type\":\"Article\",\"@id\":\"https:\\\/\\\/www.karaoketexty.cz\\\/magazin\\\/vanoce-evy-buresove-klid-na-vesnici-pernicky-se-syny-a-premek-forejt-u-sporaku\\\/#article\",\"isPartOf\":{\"@id\":\"https:\\\/\\\/www.karaoketexty.cz\\\/magazin\\\/vanoce-evy-buresove-klid-na-vesnici-pernicky-se-syny-a-premek-forejt-u-sporaku\\\/\"},\"author\":{\"name\":\"Barbora Kop\u0159ivov\u00e1\",\"@id\":\"https:\\\/\\\/www.karaoketexty.cz\\\/magazin\\\/#\\\/schema\\\/person\\\/37c0164a04038267c8a56ad6d60df749\"},\"headline\":\"V\u00e1noce Evy Bure\u0161ov\u00e9: Klid na vesnici, pern\u00ed\u010dky se syny a P\u0159emek Forejt u spor\u00e1ku\",\"datePublished\":\"2025-12-13T05:42:00+00:00\",\"mainEntityOfPage\":{\"@id\":\"https:\\\/\\\/www.karaoketexty.cz\\\/magazin\\\/vanoce-evy-buresove-klid-na-vesnici-pernicky-se-syny-a-premek-forejt-u-sporaku\\\/\"},\"wordCount\":498,\"commentCount\":0,\"image\":{\"@id\":\"https:\\\/\\\/www.karaoketexty.cz\\\/magazin\\\/vanoce-evy-buresove-klid-na-vesnici-pernicky-se-syny-a-premek-forejt-u-sporaku\\\/#primaryimage\"},\"thumbnailUrl\":\"https:\\\/\\\/www.karaoketexty.cz\\\/magazin\\\/wp-content\\\/uploads\\\/2025\\\/12\\\/eva-buresova.jpg\",\"keywords\":[\"Bydlen\u00ed\",\"celebrity a rodina\",\"\u010desk\u00e1 celebrita\",\"d\u00e1rky\",\"D\u011bti\",\"Eva Bure\u0161ov\u00e1\",\"Film\",\"Here\u010dka\",\"koncert\",\"O2 arena\",\"partne\u0159i celebrit\",\"pyrotechnika\",\"Rodina\",\"slavnostn\u00ed vystoupen\u00ed\",\"V\u00e1noce\",\"Z\u00e1kaz\",\"Zp\u011bva\u010dka\"],\"articleSection\":[\"Celebrity\"],\"inLanguage\":\"cs\",\"potentialAction\":[{\"@type\":\"CommentAction\",\"name\":\"Comment\",\"target\":[\"https:\\\/\\\/www.karaoketexty.cz\\\/magazin\\\/vanoce-evy-buresove-klid-na-vesnici-pernicky-se-syny-a-premek-forejt-u-sporaku\\\/#respond\"]}]},{\"@type\":\"WebPage\",\"@id\":\"https:\\\/\\\/www.karaoketexty.cz\\\/magazin\\\/vanoce-evy-buresove-klid-na-vesnici-pernicky-se-syny-a-premek-forejt-u-sporaku\\\/\",\"url\":\"https:\\\/\\\/www.karaoketexty.cz\\\/magazin\\\/vanoce-evy-buresove-klid-na-vesnici-pernicky-se-syny-a-premek-forejt-u-sporaku\\\/\",\"name\":\"V\u00e1noce Evy Bure\u0161ov\u00e9: Klid s rodinou, teplo domova a pe\u010den\u00ed\",\"isPartOf\":{\"@id\":\"https:\\\/\\\/www.karaoketexty.cz\\\/magazin\\\/#website\"},\"primaryImageOfPage\":{\"@id\":\"https:\\\/\\\/www.karaoketexty.cz\\\/magazin\\\/vanoce-evy-buresove-klid-na-vesnici-pernicky-se-syny-a-premek-forejt-u-sporaku\\\/#primaryimage\"},\"image\":{\"@id\":\"https:\\\/\\\/www.karaoketexty.cz\\\/magazin\\\/vanoce-evy-buresove-klid-na-vesnici-pernicky-se-syny-a-premek-forejt-u-sporaku\\\/#primaryimage\"},\"thumbnailUrl\":\"https:\\\/\\\/www.karaoketexty.cz\\\/magazin\\\/wp-content\\\/uploads\\\/2025\\\/12\\\/eva-buresova.jpg\",\"datePublished\":\"2025-12-13T05:42:00+00:00\",\"author\":{\"@id\":\"https:\\\/\\\/www.karaoketexty.cz\\\/magazin\\\/#\\\/schema\\\/person\\\/37c0164a04038267c8a56ad6d60df749\"},\"description\":\"Eva Bure\u0161ov\u00e1 popisuje, jak v jejich rodin\u011b vznik\u00e1 v\u00e1no\u010dn\u00ed atmosf\u00e9ra, od dom\u00e1c\u00edho pe\u010den\u00ed a\u017e po pl\u00e1ny na Silvestra.\",\"breadcrumb\":{\"@id\":\"https:\\\/\\\/www.karaoketexty.cz\\\/magazin\\\/vanoce-evy-buresove-klid-na-vesnici-pernicky-se-syny-a-premek-forejt-u-sporaku\\\/#breadcrumb\"},\"inLanguage\":\"cs\",\"potentialAction\":[{\"@type\":\"ReadAction\",\"target\":[\"https:\\\/\\\/www.karaoketexty.cz\\\/magazin\\\/vanoce-evy-buresove-klid-na-vesnici-pernicky-se-syny-a-premek-forejt-u-sporaku\\\/\"]}]},{\"@type\":\"ImageObject\",\"inLanguage\":\"cs\",\"@id\":\"https:\\\/\\\/www.karaoketexty.cz\\\/magazin\\\/vanoce-evy-buresove-klid-na-vesnici-pernicky-se-syny-a-premek-forejt-u-sporaku\\\/#primaryimage\",\"url\":\"https:\\\/\\\/www.karaoketexty.cz\\\/magazin\\\/wp-content\\\/uploads\\\/2025\\\/12\\\/eva-buresova.jpg\",\"contentUrl\":\"https:\\\/\\\/www.karaoketexty.cz\\\/magazin\\\/wp-content\\\/uploads\\\/2025\\\/12\\\/eva-buresova.jpg\",\"width\":1200,\"height\":675,\"caption\":\"Fotografie: Nextfoto\"},{\"@type\":\"BreadcrumbList\",\"@id\":\"https:\\\/\\\/www.karaoketexty.cz\\\/magazin\\\/vanoce-evy-buresove-klid-na-vesnici-pernicky-se-syny-a-premek-forejt-u-sporaku\\\/#breadcrumb\",\"itemListElement\":[{\"@type\":\"ListItem\",\"position\":1,\"name\":\"Dom\u016f\",\"item\":\"https:\\\/\\\/www.karaoketexty.cz\\\/magazin\\\/\"},{\"@type\":\"ListItem\",\"position\":2,\"name\":\"V\u00e1noce Evy Bure\u0161ov\u00e9: Klid na vesnici, pern\u00ed\u010dky se syny a P\u0159emek Forejt u spor\u00e1ku\"}]},{\"@type\":\"WebSite\",\"@id\":\"https:\\\/\\\/www.karaoketexty.cz\\\/magazin\\\/#website\",\"url\":\"https:\\\/\\\/www.karaoketexty.cz\\\/magazin\\\/\",\"name\":\"Stars Magaz\u00edn Karaoketexty.cz\",\"description\":\"Stars Magaz\u00edn na Karaoketexty.cz je zam\u011b\u0159en\u00fd na novinky ze sv\u011bta hudby a celebrit. Obsahuje \u010dl\u00e1nky o zp\u011bv\u00e1c\u00edch, kapel\u00e1ch, nov\u00fdch albech, hudebn\u00edch trendech a dal\u0161\u00edch zaj\u00edmavostech z hudebn\u00edho pr\u016fmyslu.\",\"potentialAction\":[{\"@type\":\"SearchAction\",\"target\":{\"@type\":\"EntryPoint\",\"urlTemplate\":\"https:\\\/\\\/www.karaoketexty.cz\\\/magazin\\\/?s={search_term_string}\"},\"query-input\":{\"@type\":\"PropertyValueSpecification\",\"valueRequired\":true,\"valueName\":\"search_term_string\"}}],\"inLanguage\":\"cs\"},{\"@type\":\"Person\",\"@id\":\"https:\\\/\\\/www.karaoketexty.cz\\\/magazin\\\/#\\\/schema\\\/person\\\/37c0164a04038267c8a56ad6d60df749\",\"name\":\"Barbora Kop\u0159ivov\u00e1\",\"image\":{\"@type\":\"ImageObject\",\"inLanguage\":\"cs\",\"@id\":\"https:\\\/\\\/secure.gravatar.com\\\/avatar\\\/ad2ef9810228386d580851ef4bdde76abaa96054ff5b068c8873bc91afb2df84?s=96&d=mm&r=g\",\"url\":\"https:\\\/\\\/secure.gravatar.com\\\/avatar\\\/ad2ef9810228386d580851ef4bdde76abaa96054ff5b068c8873bc91afb2df84?s=96&d=mm&r=g\",\"contentUrl\":\"https:\\\/\\\/secure.gravatar.com\\\/avatar\\\/ad2ef9810228386d580851ef4bdde76abaa96054ff5b068c8873bc91afb2df84?s=96&d=mm&r=g\",\"caption\":\"Barbora Kop\u0159ivov\u00e1\"},\"url\":\"https:\\\/\\\/www.karaoketexty.cz\\\/magazin\\\/author\\\/barborakoprivova\\\/\"}]}<\/script>\n<!-- \/ Yoast SEO plugin. -->","yoast_head_json":{"title":"V\u00e1noce Evy Bure\u0161ov\u00e9: Klid s rodinou, teplo domova a pe\u010den\u00ed","description":"Eva Bure\u0161ov\u00e1 popisuje, jak v jejich rodin\u011b vznik\u00e1 v\u00e1no\u010dn\u00ed atmosf\u00e9ra, od dom\u00e1c\u00edho pe\u010den\u00ed a\u017e po pl\u00e1ny na Silvestra.","robots":{"index":"index","follow":"follow","max-snippet":"max-snippet:-1","max-image-preview":"max-image-preview:large","max-video-preview":"max-video-preview:-1"},"canonical":"https:\/\/www.karaoketexty.cz\/magazin\/vanoce-evy-buresove-klid-na-vesnici-pernicky-se-syny-a-premek-forejt-u-sporaku\/","og_locale":"cs_CZ","og_type":"article","og_title":"V\u00e1noce Evy Bure\u0161ov\u00e9: Klid s rodinou, teplo domova a pe\u010den\u00ed","og_description":"Eva Bure\u0161ov\u00e1 popisuje, jak v jejich rodin\u011b vznik\u00e1 v\u00e1no\u010dn\u00ed atmosf\u00e9ra, od dom\u00e1c\u00edho pe\u010den\u00ed a\u017e po pl\u00e1ny na Silvestra.","og_url":"https:\/\/www.karaoketexty.cz\/magazin\/vanoce-evy-buresove-klid-na-vesnici-pernicky-se-syny-a-premek-forejt-u-sporaku\/","og_site_name":"Stars Magaz\u00edn Karaoketexty.cz","article_published_time":"2025-12-13T05:42:00+00:00","og_image":[{"width":1200,"height":675,"url":"https:\/\/www.karaoketexty.cz\/magazin\/wp-content\/uploads\/2025\/12\/eva-buresova.jpg","type":"image\/jpeg"}],"author":"Barbora Kop\u0159ivov\u00e1","twitter_card":"summary_large_image","twitter_misc":{"Napsal(a)":"Barbora Kop\u0159ivov\u00e1","Odhadovan\u00e1 doba \u010dten\u00ed":"3 minuty"},"schema":{"@context":"https:\/\/schema.org","@graph":[{"@type":"Article","@id":"https:\/\/www.karaoketexty.cz\/magazin\/vanoce-evy-buresove-klid-na-vesnici-pernicky-se-syny-a-premek-forejt-u-sporaku\/#article","isPartOf":{"@id":"https:\/\/www.karaoketexty.cz\/magazin\/vanoce-evy-buresove-klid-na-vesnici-pernicky-se-syny-a-premek-forejt-u-sporaku\/"},"author":{"name":"Barbora Kop\u0159ivov\u00e1","@id":"https:\/\/www.karaoketexty.cz\/magazin\/#\/schema\/person\/37c0164a04038267c8a56ad6d60df749"},"headline":"V\u00e1noce Evy Bure\u0161ov\u00e9: Klid na vesnici, pern\u00ed\u010dky se syny a P\u0159emek Forejt u spor\u00e1ku","datePublished":"2025-12-13T05:42:00+00:00","mainEntityOfPage":{"@id":"https:\/\/www.karaoketexty.cz\/magazin\/vanoce-evy-buresove-klid-na-vesnici-pernicky-se-syny-a-premek-forejt-u-sporaku\/"},"wordCount":498,"commentCount":0,"image":{"@id":"https:\/\/www.karaoketexty.cz\/magazin\/vanoce-evy-buresove-klid-na-vesnici-pernicky-se-syny-a-premek-forejt-u-sporaku\/#primaryimage"},"thumbnailUrl":"https:\/\/www.karaoketexty.cz\/magazin\/wp-content\/uploads\/2025\/12\/eva-buresova.jpg","keywords":["Bydlen\u00ed","celebrity a rodina","\u010desk\u00e1 celebrita","d\u00e1rky","D\u011bti","Eva Bure\u0161ov\u00e1","Film","Here\u010dka","koncert","O2 arena","partne\u0159i celebrit","pyrotechnika","Rodina","slavnostn\u00ed vystoupen\u00ed","V\u00e1noce","Z\u00e1kaz","Zp\u011bva\u010dka"],"articleSection":["Celebrity"],"inLanguage":"cs","potentialAction":[{"@type":"CommentAction","name":"Comment","target":["https:\/\/www.karaoketexty.cz\/magazin\/vanoce-evy-buresove-klid-na-vesnici-pernicky-se-syny-a-premek-forejt-u-sporaku\/#respond"]}]},{"@type":"WebPage","@id":"https:\/\/www.karaoketexty.cz\/magazin\/vanoce-evy-buresove-klid-na-vesnici-pernicky-se-syny-a-premek-forejt-u-sporaku\/","url":"https:\/\/www.karaoketexty.cz\/magazin\/vanoce-evy-buresove-klid-na-vesnici-pernicky-se-syny-a-premek-forejt-u-sporaku\/","name":"V\u00e1noce Evy Bure\u0161ov\u00e9: Klid s rodinou, teplo domova a pe\u010den\u00ed","isPartOf":{"@id":"https:\/\/www.karaoketexty.cz\/magazin\/#website"},"primaryImageOfPage":{"@id":"https:\/\/www.karaoketexty.cz\/magazin\/vanoce-evy-buresove-klid-na-vesnici-pernicky-se-syny-a-premek-forejt-u-sporaku\/#primaryimage"},"image":{"@id":"https:\/\/www.karaoketexty.cz\/magazin\/vanoce-evy-buresove-klid-na-vesnici-pernicky-se-syny-a-premek-forejt-u-sporaku\/#primaryimage"},"thumbnailUrl":"https:\/\/www.karaoketexty.cz\/magazin\/wp-content\/uploads\/2025\/12\/eva-buresova.jpg","datePublished":"2025-12-13T05:42:00+00:00","author":{"@id":"https:\/\/www.karaoketexty.cz\/magazin\/#\/schema\/person\/37c0164a04038267c8a56ad6d60df749"},"description":"Eva Bure\u0161ov\u00e1 popisuje, jak v jejich rodin\u011b vznik\u00e1 v\u00e1no\u010dn\u00ed atmosf\u00e9ra, od dom\u00e1c\u00edho pe\u010den\u00ed a\u017e po pl\u00e1ny na Silvestra.","breadcrumb":{"@id":"https:\/\/www.karaoketexty.cz\/magazin\/vanoce-evy-buresove-klid-na-vesnici-pernicky-se-syny-a-premek-forejt-u-sporaku\/#breadcrumb"},"inLanguage":"cs","potentialAction":[{"@type":"ReadAction","target":["https:\/\/www.karaoketexty.cz\/magazin\/vanoce-evy-buresove-klid-na-vesnici-pernicky-se-syny-a-premek-forejt-u-sporaku\/"]}]},{"@type":"ImageObject","inLanguage":"cs","@id":"https:\/\/www.karaoketexty.cz\/magazin\/vanoce-evy-buresove-klid-na-vesnici-pernicky-se-syny-a-premek-forejt-u-sporaku\/#primaryimage","url":"https:\/\/www.karaoketexty.cz\/magazin\/wp-content\/uploads\/2025\/12\/eva-buresova.jpg","contentUrl":"https:\/\/www.karaoketexty.cz\/magazin\/wp-content\/uploads\/2025\/12\/eva-buresova.jpg","width":1200,"height":675,"caption":"Fotografie: Nextfoto"},{"@type":"BreadcrumbList","@id":"https:\/\/www.karaoketexty.cz\/magazin\/vanoce-evy-buresove-klid-na-vesnici-pernicky-se-syny-a-premek-forejt-u-sporaku\/#breadcrumb","itemListElement":[{"@type":"ListItem","position":1,"name":"Dom\u016f","item":"https:\/\/www.karaoketexty.cz\/magazin\/"},{"@type":"ListItem","position":2,"name":"V\u00e1noce Evy Bure\u0161ov\u00e9: Klid na vesnici, pern\u00ed\u010dky se syny a P\u0159emek Forejt u spor\u00e1ku"}]},{"@type":"WebSite","@id":"https:\/\/www.karaoketexty.cz\/magazin\/#website","url":"https:\/\/www.karaoketexty.cz\/magazin\/","name":"Stars Magaz\u00edn Karaoketexty.cz","description":"Stars Magaz\u00edn na Karaoketexty.cz je zam\u011b\u0159en\u00fd na novinky ze sv\u011bta hudby a celebrit. Obsahuje \u010dl\u00e1nky o zp\u011bv\u00e1c\u00edch, kapel\u00e1ch, nov\u00fdch albech, hudebn\u00edch trendech a dal\u0161\u00edch zaj\u00edmavostech z hudebn\u00edho pr\u016fmyslu.","potentialAction":[{"@type":"SearchAction","target":{"@type":"EntryPoint","urlTemplate":"https:\/\/www.karaoketexty.cz\/magazin\/?s={search_term_string}"},"query-input":{"@type":"PropertyValueSpecification","valueRequired":true,"valueName":"search_term_string"}}],"inLanguage":"cs"},{"@type":"Person","@id":"https:\/\/www.karaoketexty.cz\/magazin\/#\/schema\/person\/37c0164a04038267c8a56ad6d60df749","name":"Barbora Kop\u0159ivov\u00e1","image":{"@type":"ImageObject","inLanguage":"cs","@id":"https:\/\/secure.gravatar.com\/avatar\/ad2ef9810228386d580851ef4bdde76abaa96054ff5b068c8873bc91afb2df84?s=96&d=mm&r=g","url":"https:\/\/secure.gravatar.com\/avatar\/ad2ef9810228386d580851ef4bdde76abaa96054ff5b068c8873bc91afb2df84?s=96&d=mm&r=g","contentUrl":"https:\/\/secure.gravatar.com\/avatar\/ad2ef9810228386d580851ef4bdde76abaa96054ff5b068c8873bc91afb2df84?s=96&d=mm&r=g","caption":"Barbora Kop\u0159ivov\u00e1"},"url":"https:\/\/www.karaoketexty.cz\/magazin\/author\/barborakoprivova\/"}]}},"_links":{"self":[{"href":"https:\/\/www.karaoketexty.cz\/magazin\/wp-json\/wp\/v2\/posts\/5447","targetHints":{"allow":["GET"]}}],"collection":[{"href":"https:\/\/www.karaoketexty.cz\/magazin\/wp-json\/wp\/v2\/posts"}],"about":[{"href":"https:\/\/www.karaoketexty.cz\/magazin\/wp-json\/wp\/v2\/types\/post"}],"author":[{"embeddable":true,"href":"https:\/\/www.karaoketexty.cz\/magazin\/wp-json\/wp\/v2\/users\/4"}],"replies":[{"embeddable":true,"href":"https:\/\/www.karaoketexty.cz\/magazin\/wp-json\/wp\/v2\/comments?post=5447"}],"version-history":[{"count":4,"href":"https:\/\/www.karaoketexty.cz\/magazin\/wp-json\/wp\/v2\/posts\/5447\/revisions"}],"predecessor-version":[{"id":5605,"href":"https:\/\/www.karaoketexty.cz\/magazin\/wp-json\/wp\/v2\/posts\/5447\/revisions\/5605"}],"wp:featuredmedia":[{"embeddable":true,"href":"https:\/\/www.karaoketexty.cz\/magazin\/wp-json\/wp\/v2\/media\/5435"}],"wp:attachment":[{"href":"https:\/\/www.karaoketexty.cz\/magazin\/wp-json\/wp\/v2\/media?parent=5447"}],"wp:term":[{"taxonomy":"category","embeddable":true,"href":"https:\/\/www.karaoketexty.cz\/magazin\/wp-json\/wp\/v2\/categories?post=5447"},{"taxonomy":"post_tag","embeddable":true,"href":"https:\/\/www.karaoketexty.cz\/magazin\/wp-json\/wp\/v2\/tags?post=5447"}],"curies":[{"name":"wp","href":"https:\/\/api.w.org\/{rel}","templated":true}]}}