{"id":5445,"date":"2025-12-14T06:24:00","date_gmt":"2025-12-14T05:24:00","guid":{"rendered":"https:\/\/www.karaoketexty.cz\/magazin\/?p=5445"},"modified":"2025-12-12T23:07:51","modified_gmt":"2025-12-12T22:07:51","slug":"olga-lounova-rozzarila-o2-universum-i-s-velkym-briskem-zvladla-show-plnou-odvaznych-cisel","status":"publish","type":"post","link":"https:\/\/www.karaoketexty.cz\/magazin\/olga-lounova-rozzarila-o2-universum-i-s-velkym-briskem-zvladla-show-plnou-odvaznych-cisel\/","title":{"rendered":"Olga Lounov\u00e1 rozz\u00e1\u0159ila O2 universum: I s velk\u00fdm b\u0159\u00ed\u0161kem zvl\u00e1dla show plnou odv\u00e1\u017en\u00fdch \u010d\u00edsel"},"content":{"rendered":"\n<p><strong>Olga Lounov\u00e1 p\u0159ivedla do O2 universa atmosf\u00e9ru, kter\u00e1 se nesla na vln\u011b radosti a p\u0159ekvapiv\u00e9 lehkosti. B\u011bhem ve\u010dera uk\u00e1zala, \u017ee t\u011bhotenstv\u00ed nen\u00ed p\u0159ek\u00e1\u017ekou, kdy\u017e m\u00e1 \u010dlov\u011bk chu\u0165 st\u00e1t na p\u00f3diu naplno a sd\u00edlet sv\u00e9 emoce s publikem.<\/strong><\/p>\n\n\n\n<p>O v\u00edkendu se v pra\u017esk\u00e9m O2 universu odehr\u00e1l koncert, kter\u00fd p\u0159il\u00e1kal pozornost fanou\u0161k\u016f i n\u00e1s na Karaoketexty. Olga Lounov\u00e1 vystoupila v obdob\u00ed, kdy v\u011bt\u0161ina um\u011blky\u0148 u\u017e zvol\u0148uje tempo, ona v\u0161ak naopak p\u0159idala. Na jevi\u0161ti p\u016fsobila jist\u011b, usm\u011bvav\u011b a s energi\u00ed, kterou by j\u00ed leckdo z\u00e1vid\u011bl. Nebylo p\u0159ehl\u00e9dnuteln\u00e9, \u017ee si ve\u010der u\u017e\u00edv\u00e1 nejen jako zp\u011bva\u010dka, ale i jako budouc\u00ed dvojn\u00e1sobn\u00e1 maminka.<\/p>\n\n\n<!-- karaoketexty.cz \/ rectangle2 -->\n<div id=\"PX_37086_709110796310826\"><\/div>\n<script>\n   if(!useMobileAds && !boolUseSeznamAds && !hideAllAds){\n     window.px2 = window.px2 || { conf: {},queue: [] };\n     px2.queue.push(function () {\n        px2.render({\n           slot: {\n              id: 37086\n           },\n            elem: \"PX_37086_709110796310826\"\n        })\n     });\n  }\n<\/script>\n\n<!-- karaoketexty.cz \/ mobile-rectangle3 -->\n<div id=\"PX_37044_714599773297004\"><\/div>\n<script>\n   if(useMobileAds && !boolUseSeznamAds && !hideAllAds){\nwindow.px2 = window.px2 || { conf: {},queue: [] };\npx2.queue.push(function () {\n\tpx2.render({\n\t\tslot: {\n\t\t\tid: 37044\n\t\t},\n\t\telem: \"PX_37044_714599773297004\"\n\t})\n});\n}\n<\/script>\n\n\n<h2 class=\"wp-block-heading\">Z\u00e1\u0159iv\u00fd outfit a odvaha vystoupat vysoko<\/h2>\n\n\n\n<p>Lounov\u00e1 vsadila na celou \u0159adu kost\u00fdm\u016f, z nich\u017e obzvl\u00e1\u0161t\u011b jeden podtrhl jej\u00ed n\u00e1ladu i vizu\u00e1ln\u00ed koncept koncertu. Obl\u00e9kla si zlat\u00fd p\u0159il\u00e9hav\u00fd komplet, jen\u017e nechal t\u011bhotensk\u00e9 b\u0159\u00ed\u0161ko vyniknout, a vyza\u0159ovala jako \u017eiv\u00fd sv\u011bteln\u00fd bod. Zvolila styl, kter\u00fd si na p\u00f3diu prost\u011b musel vz\u00edt prostor. Stejnou razanci uk\u00e1zala i b\u011bhem vystoupen\u00ed, kdy\u017e vy\u0161plhala na \u0161estimetrovou konstrukci a s lehkost\u00ed, kter\u00e1 udivovala, pokra\u010dovala ve zp\u011bvu.<\/p>\n\n\n\n<p>Po koncert\u011b sd\u00edlela, \u017ee ve\u010der nevn\u00edmala jen jako vystoupen\u00ed. Zp\u00edvala i pro ob\u011b sv\u00e9 dcery, star\u0161\u00ed Arianku i tu, kter\u00e1 se teprve narod\u00ed. Popsala to jako jejich prvn\u00ed spole\u010dnou show, kterou si cht\u011bla u\u017e\u00edt od za\u010d\u00e1tku do konce. Na p\u00f3diu p\u016fsobila spokojen\u011b, vd\u011b\u010dn\u011b a bylo vid\u011bt, jak moc ji propojen\u00ed pr\u00e1ce a mate\u0159stv\u00ed napl\u0148uje. Zazp\u00edvala si tak\u00e9 s hosty, mimo jin\u00e9 vlastn\u00ed sestrou Eli\u0161kou Pytlounovou \u010di Xindlem X.<\/p>\n\n\n<!-- karaoketexty.cz \/ interscroller1 -->\n\n<div id=\"PX_37041_825057871452834\"><\/div>\n<script>\nif(useMobileAds && !boolUseSeznamAds && !hideAllAds){\n\twindow.px2 = window.px2 || { conf: {},queue: [] };\n\tpx2.queue.push(function () {\n\t\tpx2.render({\n\t\t\tslot: {\n\t\t\t\tid: 37041\n\t\t\t},\n\t\t\telem: \"PX_37041_825057871452834\"\n\t\t})\n\t});\n}\n<\/script>\n\n\n<h2 class=\"wp-block-heading\">Dojemn\u00e9 gesto pro Patrika Hezuck\u00e9ho<\/h2>\n\n\n\n<p>B\u011bhem ve\u010dera p\u0159i\u0161el i moment, kter\u00fd p\u0159inesl do s\u00e1lu tichou \u00factu. Lounov\u00e1 v\u011bnovala jednu z p\u00edsn\u00ed Patriku Hezuck\u00e9mu, kter\u00fd zem\u0159el den p\u0159ed koncertem, uv\u00e1d\u00ed Expres. P\u0159ed uveden\u00edm skladby \u201eJsem optimista\u201c promluvila s pokorou a n\u011bhou, a cel\u00e9 publikum se na chv\u00edli spojilo ve spole\u010dn\u00e9 vzpom\u00ednce. Bylo to gesto, kter\u00e9 uk\u00e1zalo, \u017ee i velk\u00e1 show m\u00e1 prostor pro citlivou chv\u00edli.<\/p>\n\n\n\n<blockquote class=\"instagram-media\" data-instgrm-captioned data-instgrm-permalink=\"https:\/\/www.instagram.com\/reel\/DR8oLKriFu3\/?utm_source=ig_embed&amp;utm_campaign=loading\" data-instgrm-version=\"14\" style=\" background:#FFF; border:0; border-radius:3px; box-shadow:0 0 1px 0 rgba(0,0,0,0.5),0 1px 10px 0 rgba(0,0,0,0.15); margin: 1px; max-width:540px; min-width:326px; padding:0; width:99.375%; width:-webkit-calc(100% - 2px); width:calc(100% - 2px);\"><div style=\"padding:16px;\"> <a href=\"https:\/\/www.instagram.com\/reel\/DR8oLKriFu3\/?utm_source=ig_embed&amp;utm_campaign=loading\" style=\" background:#FFFFFF; line-height:0; padding:0 0; text-align:center; text-decoration:none; width:100%;\" target=\"_blank\"> <div style=\" display: flex; flex-direction: row; align-items: center;\"> <div style=\"background-color: #F4F4F4; border-radius: 50%; flex-grow: 0; height: 40px; margin-right: 14px; width: 40px;\"><\/div> <div style=\"display: flex; flex-direction: column; flex-grow: 1; justify-content: center;\"> <div style=\" background-color: #F4F4F4; border-radius: 4px; flex-grow: 0; height: 14px; margin-bottom: 6px; width: 100px;\"><\/div> <div style=\" background-color: #F4F4F4; border-radius: 4px; flex-grow: 0; height: 14px; width: 60px;\"><\/div><\/div><\/div><div style=\"padding: 19% 0;\"><\/div> <div style=\"display:block; height:50px; margin:0 auto 12px; width:50px;\"><svg width=\"50px\" height=\"50px\" viewBox=\"0 0 60 60\" version=\"1.1\" xmlns=\"https:\/\/www.w3.org\/2000\/svg\" xmlns:xlink=\"https:\/\/www.w3.org\/1999\/xlink\"><g stroke=\"none\" stroke-width=\"1\" fill=\"none\" fill-rule=\"evenodd\"><g transform=\"translate(-511.000000, -20.000000)\" fill=\"#000000\"><g><path d=\"M556.869,30.41 C554.814,30.41 553.148,32.076 553.148,34.131 C553.148,36.186 554.814,37.852 556.869,37.852 C558.924,37.852 560.59,36.186 560.59,34.131 C560.59,32.076 558.924,30.41 556.869,30.41 M541,60.657 C535.114,60.657 530.342,55.887 530.342,50 C530.342,44.114 535.114,39.342 541,39.342 C546.887,39.342 551.658,44.114 551.658,50 C551.658,55.887 546.887,60.657 541,60.657 M541,33.886 C532.1,33.886 524.886,41.1 524.886,50 C524.886,58.899 532.1,66.113 541,66.113 C549.9,66.113 557.115,58.899 557.115,50 C557.115,41.1 549.9,33.886 541,33.886 M565.378,62.101 C565.244,65.022 564.756,66.606 564.346,67.663 C563.803,69.06 563.154,70.057 562.106,71.106 C561.058,72.155 560.06,72.803 558.662,73.347 C557.607,73.757 556.021,74.244 553.102,74.378 C549.944,74.521 548.997,74.552 541,74.552 C533.003,74.552 532.056,74.521 528.898,74.378 C525.979,74.244 524.393,73.757 523.338,73.347 C521.94,72.803 520.942,72.155 519.894,71.106 C518.846,70.057 518.197,69.06 517.654,67.663 C517.244,66.606 516.755,65.022 516.623,62.101 C516.479,58.943 516.448,57.996 516.448,50 C516.448,42.003 516.479,41.056 516.623,37.899 C516.755,34.978 517.244,33.391 517.654,32.338 C518.197,30.938 518.846,29.942 519.894,28.894 C520.942,27.846 521.94,27.196 523.338,26.654 C524.393,26.244 525.979,25.756 528.898,25.623 C532.057,25.479 533.004,25.448 541,25.448 C548.997,25.448 549.943,25.479 553.102,25.623 C556.021,25.756 557.607,26.244 558.662,26.654 C560.06,27.196 561.058,27.846 562.106,28.894 C563.154,29.942 563.803,30.938 564.346,32.338 C564.756,33.391 565.244,34.978 565.378,37.899 C565.522,41.056 565.552,42.003 565.552,50 C565.552,57.996 565.522,58.943 565.378,62.101 M570.82,37.631 C570.674,34.438 570.167,32.258 569.425,30.349 C568.659,28.377 567.633,26.702 565.965,25.035 C564.297,23.368 562.623,22.342 560.652,21.575 C558.743,20.834 556.562,20.326 553.369,20.18 C550.169,20.033 549.148,20 541,20 C532.853,20 531.831,20.033 528.631,20.18 C525.438,20.326 523.257,20.834 521.349,21.575 C519.376,22.342 517.703,23.368 516.035,25.035 C514.368,26.702 513.342,28.377 512.574,30.349 C511.834,32.258 511.326,34.438 511.181,37.631 C511.035,40.831 511,41.851 511,50 C511,58.147 511.035,59.17 511.181,62.369 C511.326,65.562 511.834,67.743 512.574,69.651 C513.342,71.625 514.368,73.296 516.035,74.965 C517.703,76.634 519.376,77.658 521.349,78.425 C523.257,79.167 525.438,79.673 528.631,79.82 C531.831,79.965 532.853,80.001 541,80.001 C549.148,80.001 550.169,79.965 553.369,79.82 C556.562,79.673 558.743,79.167 560.652,78.425 C562.623,77.658 564.297,76.634 565.965,74.965 C567.633,73.296 568.659,71.625 569.425,69.651 C570.167,67.743 570.674,65.562 570.82,62.369 C570.966,59.17 571,58.147 571,50 C571,41.851 570.966,40.831 570.82,37.631\"><\/path><\/g><\/g><\/g><\/svg><\/div><div style=\"padding-top: 8px;\"> <div style=\" color:#3897f0; font-family:Arial,sans-serif; font-size:14px; font-style:normal; font-weight:550; line-height:18px;\">Zobrazit p\u0159\u00edsp\u011bvek na Instagramu<\/div><\/div><div style=\"padding: 12.5% 0;\"><\/div> <div style=\"display: flex; flex-direction: row; margin-bottom: 14px; align-items: center;\"><div> <div style=\"background-color: #F4F4F4; border-radius: 50%; height: 12.5px; width: 12.5px; transform: translateX(0px) translateY(7px);\"><\/div> <div style=\"background-color: #F4F4F4; height: 12.5px; transform: rotate(-45deg) translateX(3px) translateY(1px); width: 12.5px; flex-grow: 0; margin-right: 14px; margin-left: 2px;\"><\/div> <div style=\"background-color: #F4F4F4; border-radius: 50%; height: 12.5px; width: 12.5px; transform: translateX(9px) translateY(-18px);\"><\/div><\/div><div style=\"margin-left: 8px;\"> <div style=\" background-color: #F4F4F4; border-radius: 50%; flex-grow: 0; height: 20px; width: 20px;\"><\/div> <div style=\" width: 0; height: 0; border-top: 2px solid transparent; border-left: 6px solid #f4f4f4; border-bottom: 2px solid transparent; transform: translateX(16px) translateY(-4px) rotate(30deg)\"><\/div><\/div><div style=\"margin-left: auto;\"> <div style=\" width: 0px; border-top: 8px solid #F4F4F4; border-right: 8px solid transparent; transform: translateY(16px);\"><\/div> <div style=\" background-color: #F4F4F4; flex-grow: 0; height: 12px; width: 16px; transform: translateY(-4px);\"><\/div> <div style=\" width: 0; height: 0; border-top: 8px solid #F4F4F4; border-left: 8px solid transparent; transform: translateY(-4px) translateX(8px);\"><\/div><\/div><\/div> <div style=\"display: flex; flex-direction: column; flex-grow: 1; justify-content: center; margin-bottom: 24px;\"> <div style=\" background-color: #F4F4F4; border-radius: 4px; flex-grow: 0; height: 14px; margin-bottom: 6px; width: 224px;\"><\/div> <div style=\" background-color: #F4F4F4; border-radius: 4px; flex-grow: 0; height: 14px; width: 144px;\"><\/div><\/div><\/a><p style=\" color:#c9c8cd; font-family:Arial,sans-serif; font-size:14px; line-height:17px; margin-bottom:0; margin-top:8px; overflow:hidden; padding:8px 0 7px; text-align:center; text-overflow:ellipsis; white-space:nowrap;\"><a href=\"https:\/\/www.instagram.com\/reel\/DR8oLKriFu3\/?utm_source=ig_embed&amp;utm_campaign=loading\" style=\" color:#c9c8cd; font-family:Arial,sans-serif; font-size:14px; font-style:normal; font-weight:normal; line-height:17px; text-decoration:none;\" target=\"_blank\">P\u0159\u00edsp\u011bvek sd\u00edlen\u00fd Olga Lounova\u0301 (@olgalounova)<\/a><\/p><\/div><\/blockquote>\n<script async src=\"\/\/www.instagram.com\/embed.js\"><\/script>\n\n\n\n<p>A\u010dkoli koncert sklidil nad\u0161en\u00e9 reakce, n\u011bkte\u0159\u00ed fanou\u0161ci se na soci\u00e1ln\u00edch s\u00edt\u00edch pozastavili nad jej\u00edm kost\u00fdmem. Diskuse se rozjela, jak to u v\u00fdrazn\u00fdch outfit\u016f b\u00fdv\u00e1. Sama Lounov\u00e1 si ale z n\u00e1zor\u016f t\u011b\u017ekou hlavu ned\u011blala. Z p\u00f3dia s\u00e1lala sebejistota a radost, kter\u00e9 p\u0159ev\u00e1\u017eily jak\u00e9koli pochyby. V ten ve\u010der jednodu\u0161e zaz\u00e1\u0159ila p\u0159esn\u011b tak, jak cht\u011bla.<\/p>\n\n\n\n<p>Zdroj: Autorsk\u00fd text, <a href=\"https:\/\/www.expres.cz\/celebrity\/olga-lounova-i-v-pokrocilem-tehotenstvi-rozjela-show-na-koncerte-zpivala-i-pro-hezuckeho.A251208_140746_dx-celebrity_chlp\" target=\"_blank\" rel=\"noreferrer noopener nofollow\">Expres<\/a>, <a href=\"https:\/\/www.instagram.com\/reel\/DR9jz26iFLB\/?utm_source=ig_web_copy_link&amp;igsh=MzRlODBiNWFlZA==\">Instagram OlgaLounov\u00e1<\/a><\/p>\n\n\n            <a href=\"https:\/\/www.karaoketexty.cz\/magazin\/olga-lounova-je-podruhe-tehotna\/\" class=\"related-post-link\">\n                <div class=\"post-thumbnail\">\n                    <img decoding=\"async\" width=\"250\" height=\"144\" src=\"https:\/\/www.karaoketexty.cz\/magazin\/wp-content\/uploads\/2025\/10\/olga-lounova-s-partnere.jpg\" class=\"attachment-250x180 size-250x180 not-transparent\" alt=\"Olga Lounov\u00e1 s Janem Kreglem na k\u0159tu alba \u017divot je n\u00e1\u0161\" srcset=\"https:\/\/www.karaoketexty.cz\/magazin\/wp-content\/uploads\/2025\/10\/olga-lounova-s-partnere.jpg 1200w, https:\/\/www.karaoketexty.cz\/magazin\/wp-content\/uploads\/2025\/10\/olga-lounova-s-partnere-300x172.jpg 300w, https:\/\/www.karaoketexty.cz\/magazin\/wp-content\/uploads\/2025\/10\/olga-lounova-s-partnere-1024x588.jpg 1024w, https:\/\/www.karaoketexty.cz\/magazin\/wp-content\/uploads\/2025\/10\/olga-lounova-s-partnere-768x441.jpg 768w\" sizes=\"(max-width: 250px) 100vw, 250px\" data-has-transparency=\"false\" data-dominant-color=\"5f4133\" style=\"--dominant-color: #5f4133;\" \/>                <\/div>\n                <div class=\"post-details\">\n                    <span class=\"also-read\">\u010ct\u011bte tak\u00e9:<\/span>\n                    <h3 class=\"hed\">Olga Lounov\u00e1 \u010dek\u00e1 druh\u00e9 miminko. Pohlav\u00ed zat\u00edm nev\u00ed<\/h3>\n                <\/div>\n            <\/a>\n            \n\n            <a href=\"https:\/\/www.karaoketexty.cz\/magazin\/olga-lounova-partner-vztahy-rodina\/\" class=\"related-post-link\">\n                <div class=\"post-thumbnail\">\n                    <img decoding=\"async\" width=\"250\" height=\"141\" src=\"https:\/\/www.karaoketexty.cz\/magazin\/wp-content\/uploads\/2025\/10\/Olga-Lounova-1.jpg\" class=\"attachment-250x180 size-250x180 not-transparent\" alt=\"Fotografie Olgy Lounov\u00e9\" srcset=\"https:\/\/www.karaoketexty.cz\/magazin\/wp-content\/uploads\/2025\/10\/Olga-Lounova-1.jpg 1200w, https:\/\/www.karaoketexty.cz\/magazin\/wp-content\/uploads\/2025\/10\/Olga-Lounova-1-300x169.jpg 300w, https:\/\/www.karaoketexty.cz\/magazin\/wp-content\/uploads\/2025\/10\/Olga-Lounova-1-1024x576.jpg 1024w, https:\/\/www.karaoketexty.cz\/magazin\/wp-content\/uploads\/2025\/10\/Olga-Lounova-1-768x432.jpg 768w, https:\/\/www.karaoketexty.cz\/magazin\/wp-content\/uploads\/2025\/10\/Olga-Lounova-1-800x450.jpg 800w\" sizes=\"(max-width: 250px) 100vw, 250px\" data-has-transparency=\"false\" data-dominant-color=\"493727\" style=\"--dominant-color: #493727;\" \/>                <\/div>\n                <div class=\"post-details\">\n                    <span class=\"also-read\">\u010ct\u011bte tak\u00e9:<\/span>\n                    <h3 class=\"hed\">Kdo je partnerem Olgy Lounov\u00e9? S k\u00fdm slavn\u00fdm chodila d\u0159\u00edve?<\/h3>\n                <\/div>\n            <\/a>\n            ","protected":false},"excerpt":{"rendered":"<p>Olga Lounov\u00e1 p\u0159ivedla do O2 universa atmosf\u00e9ru, kter\u00e1 se nesla na vln\u011b radosti a p\u0159ekvapiv\u00e9 lehkosti. B\u011bhem ve\u010dera uk\u00e1zala, \u017ee t\u011bhotenstv\u00ed nen\u00ed p\u0159ek\u00e1\u017ekou, kdy\u017e m\u00e1 \u010dlov\u011bk chu\u0165 st\u00e1t na p\u00f3diu naplno a sd\u00edlet sv\u00e9 emoce s publikem.<\/p>\n","protected":false},"author":4,"featured_media":5438,"comment_status":"open","ping_status":"closed","sticky":false,"template":"","format":"standard","meta":{"_yoast_wpseo_title":"Olga Lounov\u00e1 rozz\u00e1\u0159ila O2 universum i s velk\u00fdm b\u0159\u00ed\u0161kem","_yoast_wpseo_metadesc":"Olga Lounov\u00e1 p\u0159edvedla koncert, kter\u00fd spojil energii, emoce i osobn\u00ed momenty, p\u0159esto\u017ee je v pokro\u010dil\u00e9m stadiu t\u011bhotenstv\u00ed.","footnotes":""},"categories":[1059],"tags":[562,5182,388,500,136,670,1627,3923,1341,99,539,3922,5190,3936,51],"class_list":["post-5445","post","type-post","status-publish","format-standard","has-post-thumbnail","hentry","category-celebrity","tag-ceska-celebrita","tag-hoste","tag-hudebni-vystoupeni","tag-instagram","tag-koncert","tag-materstvi","tag-o2-universum","tag-olga-lounova","tag-pocta","tag-rodina","tag-socialni-site","tag-tehotenstvi","tag-umrti-patrika-hezuckeho","tag-xindl-x","tag-zpevacka"],"yoast_head":"<!-- This site is optimized with the Yoast SEO plugin v27.5 - https:\/\/yoast.com\/product\/yoast-seo-wordpress\/ -->\n<title>Olga Lounov\u00e1 rozz\u00e1\u0159ila O2 universum i s velk\u00fdm b\u0159\u00ed\u0161kem<\/title>\n<meta name=\"description\" content=\"Olga Lounov\u00e1 p\u0159edvedla koncert, kter\u00fd spojil energii, emoce i osobn\u00ed momenty, p\u0159esto\u017ee je v pokro\u010dil\u00e9m stadiu t\u011bhotenstv\u00ed.\" \/>\n<meta name=\"robots\" content=\"index, follow, max-snippet:-1, max-image-preview:large, max-video-preview:-1\" \/>\n<link rel=\"canonical\" href=\"https:\/\/www.karaoketexty.cz\/magazin\/olga-lounova-rozzarila-o2-universum-i-s-velkym-briskem-zvladla-show-plnou-odvaznych-cisel\/\" \/>\n<meta property=\"og:locale\" content=\"cs_CZ\" \/>\n<meta property=\"og:type\" content=\"article\" \/>\n<meta property=\"og:title\" content=\"Olga Lounov\u00e1 rozz\u00e1\u0159ila O2 universum i s velk\u00fdm b\u0159\u00ed\u0161kem\" \/>\n<meta property=\"og:description\" content=\"Olga Lounov\u00e1 p\u0159edvedla koncert, kter\u00fd spojil energii, emoce i osobn\u00ed momenty, p\u0159esto\u017ee je v pokro\u010dil\u00e9m stadiu t\u011bhotenstv\u00ed.\" \/>\n<meta property=\"og:url\" content=\"https:\/\/www.karaoketexty.cz\/magazin\/olga-lounova-rozzarila-o2-universum-i-s-velkym-briskem-zvladla-show-plnou-odvaznych-cisel\/\" \/>\n<meta property=\"og:site_name\" content=\"Stars Magaz\u00edn Karaoketexty.cz\" \/>\n<meta property=\"article:published_time\" content=\"2025-12-14T05:24:00+00:00\" \/>\n<meta property=\"og:image\" content=\"https:\/\/www.karaoketexty.cz\/magazin\/wp-content\/uploads\/2025\/12\/olga-lounova.jpg\" \/>\n\t<meta property=\"og:image:width\" content=\"1200\" \/>\n\t<meta property=\"og:image:height\" content=\"675\" \/>\n\t<meta property=\"og:image:type\" content=\"image\/jpeg\" \/>\n<meta name=\"author\" content=\"Barbora Kop\u0159ivov\u00e1\" \/>\n<meta name=\"twitter:card\" content=\"summary_large_image\" \/>\n<meta name=\"twitter:label1\" content=\"Napsal(a)\" \/>\n\t<meta name=\"twitter:data1\" content=\"Barbora Kop\u0159ivov\u00e1\" \/>\n\t<meta name=\"twitter:label2\" content=\"Odhadovan\u00e1 doba \u010dten\u00ed\" \/>\n\t<meta name=\"twitter:data2\" content=\"3 minuty\" \/>\n<script type=\"application\/ld+json\" class=\"yoast-schema-graph\">{\"@context\":\"https:\\\/\\\/schema.org\",\"@graph\":[{\"@type\":\"Article\",\"@id\":\"https:\\\/\\\/www.karaoketexty.cz\\\/magazin\\\/olga-lounova-rozzarila-o2-universum-i-s-velkym-briskem-zvladla-show-plnou-odvaznych-cisel\\\/#article\",\"isPartOf\":{\"@id\":\"https:\\\/\\\/www.karaoketexty.cz\\\/magazin\\\/olga-lounova-rozzarila-o2-universum-i-s-velkym-briskem-zvladla-show-plnou-odvaznych-cisel\\\/\"},\"author\":{\"name\":\"Barbora Kop\u0159ivov\u00e1\",\"@id\":\"https:\\\/\\\/www.karaoketexty.cz\\\/magazin\\\/#\\\/schema\\\/person\\\/37c0164a04038267c8a56ad6d60df749\"},\"headline\":\"Olga Lounov\u00e1 rozz\u00e1\u0159ila O2 universum: I s velk\u00fdm b\u0159\u00ed\u0161kem zvl\u00e1dla show plnou odv\u00e1\u017en\u00fdch \u010d\u00edsel\",\"datePublished\":\"2025-12-14T05:24:00+00:00\",\"mainEntityOfPage\":{\"@id\":\"https:\\\/\\\/www.karaoketexty.cz\\\/magazin\\\/olga-lounova-rozzarila-o2-universum-i-s-velkym-briskem-zvladla-show-plnou-odvaznych-cisel\\\/\"},\"wordCount\":511,\"commentCount\":0,\"image\":{\"@id\":\"https:\\\/\\\/www.karaoketexty.cz\\\/magazin\\\/olga-lounova-rozzarila-o2-universum-i-s-velkym-briskem-zvladla-show-plnou-odvaznych-cisel\\\/#primaryimage\"},\"thumbnailUrl\":\"https:\\\/\\\/www.karaoketexty.cz\\\/magazin\\\/wp-content\\\/uploads\\\/2025\\\/12\\\/olga-lounova.jpg\",\"keywords\":[\"\u010desk\u00e1 celebrita\",\"host\u00e9\",\"hudebn\u00ed vystoupen\u00ed\",\"Instagram\",\"koncert\",\"mate\u0159stv\u00ed\",\"O2 Universum\",\"Olga Lounov\u00e1\",\"pocta\",\"Rodina\",\"soci\u00e1ln\u00ed s\u00edt\u011b\",\"t\u011bhotenstv\u00ed\",\"\u00damrt\u00ed Patrika Hezuck\u00e9ho\",\"Xindl X\",\"Zp\u011bva\u010dka\"],\"articleSection\":[\"Celebrity\"],\"inLanguage\":\"cs\",\"potentialAction\":[{\"@type\":\"CommentAction\",\"name\":\"Comment\",\"target\":[\"https:\\\/\\\/www.karaoketexty.cz\\\/magazin\\\/olga-lounova-rozzarila-o2-universum-i-s-velkym-briskem-zvladla-show-plnou-odvaznych-cisel\\\/#respond\"]}]},{\"@type\":\"WebPage\",\"@id\":\"https:\\\/\\\/www.karaoketexty.cz\\\/magazin\\\/olga-lounova-rozzarila-o2-universum-i-s-velkym-briskem-zvladla-show-plnou-odvaznych-cisel\\\/\",\"url\":\"https:\\\/\\\/www.karaoketexty.cz\\\/magazin\\\/olga-lounova-rozzarila-o2-universum-i-s-velkym-briskem-zvladla-show-plnou-odvaznych-cisel\\\/\",\"name\":\"Olga Lounov\u00e1 rozz\u00e1\u0159ila O2 universum i s velk\u00fdm b\u0159\u00ed\u0161kem\",\"isPartOf\":{\"@id\":\"https:\\\/\\\/www.karaoketexty.cz\\\/magazin\\\/#website\"},\"primaryImageOfPage\":{\"@id\":\"https:\\\/\\\/www.karaoketexty.cz\\\/magazin\\\/olga-lounova-rozzarila-o2-universum-i-s-velkym-briskem-zvladla-show-plnou-odvaznych-cisel\\\/#primaryimage\"},\"image\":{\"@id\":\"https:\\\/\\\/www.karaoketexty.cz\\\/magazin\\\/olga-lounova-rozzarila-o2-universum-i-s-velkym-briskem-zvladla-show-plnou-odvaznych-cisel\\\/#primaryimage\"},\"thumbnailUrl\":\"https:\\\/\\\/www.karaoketexty.cz\\\/magazin\\\/wp-content\\\/uploads\\\/2025\\\/12\\\/olga-lounova.jpg\",\"datePublished\":\"2025-12-14T05:24:00+00:00\",\"author\":{\"@id\":\"https:\\\/\\\/www.karaoketexty.cz\\\/magazin\\\/#\\\/schema\\\/person\\\/37c0164a04038267c8a56ad6d60df749\"},\"description\":\"Olga Lounov\u00e1 p\u0159edvedla koncert, kter\u00fd spojil energii, emoce i osobn\u00ed momenty, p\u0159esto\u017ee je v pokro\u010dil\u00e9m stadiu t\u011bhotenstv\u00ed.\",\"breadcrumb\":{\"@id\":\"https:\\\/\\\/www.karaoketexty.cz\\\/magazin\\\/olga-lounova-rozzarila-o2-universum-i-s-velkym-briskem-zvladla-show-plnou-odvaznych-cisel\\\/#breadcrumb\"},\"inLanguage\":\"cs\",\"potentialAction\":[{\"@type\":\"ReadAction\",\"target\":[\"https:\\\/\\\/www.karaoketexty.cz\\\/magazin\\\/olga-lounova-rozzarila-o2-universum-i-s-velkym-briskem-zvladla-show-plnou-odvaznych-cisel\\\/\"]}]},{\"@type\":\"ImageObject\",\"inLanguage\":\"cs\",\"@id\":\"https:\\\/\\\/www.karaoketexty.cz\\\/magazin\\\/olga-lounova-rozzarila-o2-universum-i-s-velkym-briskem-zvladla-show-plnou-odvaznych-cisel\\\/#primaryimage\",\"url\":\"https:\\\/\\\/www.karaoketexty.cz\\\/magazin\\\/wp-content\\\/uploads\\\/2025\\\/12\\\/olga-lounova.jpg\",\"contentUrl\":\"https:\\\/\\\/www.karaoketexty.cz\\\/magazin\\\/wp-content\\\/uploads\\\/2025\\\/12\\\/olga-lounova.jpg\",\"width\":1200,\"height\":675,\"caption\":\"Fotografie: Nextfoto\"},{\"@type\":\"BreadcrumbList\",\"@id\":\"https:\\\/\\\/www.karaoketexty.cz\\\/magazin\\\/olga-lounova-rozzarila-o2-universum-i-s-velkym-briskem-zvladla-show-plnou-odvaznych-cisel\\\/#breadcrumb\",\"itemListElement\":[{\"@type\":\"ListItem\",\"position\":1,\"name\":\"Dom\u016f\",\"item\":\"https:\\\/\\\/www.karaoketexty.cz\\\/magazin\\\/\"},{\"@type\":\"ListItem\",\"position\":2,\"name\":\"Olga Lounov\u00e1 rozz\u00e1\u0159ila O2 universum: I s velk\u00fdm b\u0159\u00ed\u0161kem zvl\u00e1dla show plnou odv\u00e1\u017en\u00fdch \u010d\u00edsel\"}]},{\"@type\":\"WebSite\",\"@id\":\"https:\\\/\\\/www.karaoketexty.cz\\\/magazin\\\/#website\",\"url\":\"https:\\\/\\\/www.karaoketexty.cz\\\/magazin\\\/\",\"name\":\"Stars Magaz\u00edn Karaoketexty.cz\",\"description\":\"Stars Magaz\u00edn na Karaoketexty.cz je zam\u011b\u0159en\u00fd na novinky ze sv\u011bta hudby a celebrit. Obsahuje \u010dl\u00e1nky o zp\u011bv\u00e1c\u00edch, kapel\u00e1ch, nov\u00fdch albech, hudebn\u00edch trendech a dal\u0161\u00edch zaj\u00edmavostech z hudebn\u00edho pr\u016fmyslu.\",\"potentialAction\":[{\"@type\":\"SearchAction\",\"target\":{\"@type\":\"EntryPoint\",\"urlTemplate\":\"https:\\\/\\\/www.karaoketexty.cz\\\/magazin\\\/?s={search_term_string}\"},\"query-input\":{\"@type\":\"PropertyValueSpecification\",\"valueRequired\":true,\"valueName\":\"search_term_string\"}}],\"inLanguage\":\"cs\"},{\"@type\":\"Person\",\"@id\":\"https:\\\/\\\/www.karaoketexty.cz\\\/magazin\\\/#\\\/schema\\\/person\\\/37c0164a04038267c8a56ad6d60df749\",\"name\":\"Barbora Kop\u0159ivov\u00e1\",\"image\":{\"@type\":\"ImageObject\",\"inLanguage\":\"cs\",\"@id\":\"https:\\\/\\\/secure.gravatar.com\\\/avatar\\\/ad2ef9810228386d580851ef4bdde76abaa96054ff5b068c8873bc91afb2df84?s=96&d=mm&r=g\",\"url\":\"https:\\\/\\\/secure.gravatar.com\\\/avatar\\\/ad2ef9810228386d580851ef4bdde76abaa96054ff5b068c8873bc91afb2df84?s=96&d=mm&r=g\",\"contentUrl\":\"https:\\\/\\\/secure.gravatar.com\\\/avatar\\\/ad2ef9810228386d580851ef4bdde76abaa96054ff5b068c8873bc91afb2df84?s=96&d=mm&r=g\",\"caption\":\"Barbora Kop\u0159ivov\u00e1\"},\"url\":\"https:\\\/\\\/www.karaoketexty.cz\\\/magazin\\\/author\\\/barborakoprivova\\\/\"}]}<\/script>\n<!-- \/ Yoast SEO plugin. -->","yoast_head_json":{"title":"Olga Lounov\u00e1 rozz\u00e1\u0159ila O2 universum i s velk\u00fdm b\u0159\u00ed\u0161kem","description":"Olga Lounov\u00e1 p\u0159edvedla koncert, kter\u00fd spojil energii, emoce i osobn\u00ed momenty, p\u0159esto\u017ee je v pokro\u010dil\u00e9m stadiu t\u011bhotenstv\u00ed.","robots":{"index":"index","follow":"follow","max-snippet":"max-snippet:-1","max-image-preview":"max-image-preview:large","max-video-preview":"max-video-preview:-1"},"canonical":"https:\/\/www.karaoketexty.cz\/magazin\/olga-lounova-rozzarila-o2-universum-i-s-velkym-briskem-zvladla-show-plnou-odvaznych-cisel\/","og_locale":"cs_CZ","og_type":"article","og_title":"Olga Lounov\u00e1 rozz\u00e1\u0159ila O2 universum i s velk\u00fdm b\u0159\u00ed\u0161kem","og_description":"Olga Lounov\u00e1 p\u0159edvedla koncert, kter\u00fd spojil energii, emoce i osobn\u00ed momenty, p\u0159esto\u017ee je v pokro\u010dil\u00e9m stadiu t\u011bhotenstv\u00ed.","og_url":"https:\/\/www.karaoketexty.cz\/magazin\/olga-lounova-rozzarila-o2-universum-i-s-velkym-briskem-zvladla-show-plnou-odvaznych-cisel\/","og_site_name":"Stars Magaz\u00edn Karaoketexty.cz","article_published_time":"2025-12-14T05:24:00+00:00","og_image":[{"width":1200,"height":675,"url":"https:\/\/www.karaoketexty.cz\/magazin\/wp-content\/uploads\/2025\/12\/olga-lounova.jpg","type":"image\/jpeg"}],"author":"Barbora Kop\u0159ivov\u00e1","twitter_card":"summary_large_image","twitter_misc":{"Napsal(a)":"Barbora Kop\u0159ivov\u00e1","Odhadovan\u00e1 doba \u010dten\u00ed":"3 minuty"},"schema":{"@context":"https:\/\/schema.org","@graph":[{"@type":"Article","@id":"https:\/\/www.karaoketexty.cz\/magazin\/olga-lounova-rozzarila-o2-universum-i-s-velkym-briskem-zvladla-show-plnou-odvaznych-cisel\/#article","isPartOf":{"@id":"https:\/\/www.karaoketexty.cz\/magazin\/olga-lounova-rozzarila-o2-universum-i-s-velkym-briskem-zvladla-show-plnou-odvaznych-cisel\/"},"author":{"name":"Barbora Kop\u0159ivov\u00e1","@id":"https:\/\/www.karaoketexty.cz\/magazin\/#\/schema\/person\/37c0164a04038267c8a56ad6d60df749"},"headline":"Olga Lounov\u00e1 rozz\u00e1\u0159ila O2 universum: I s velk\u00fdm b\u0159\u00ed\u0161kem zvl\u00e1dla show plnou odv\u00e1\u017en\u00fdch \u010d\u00edsel","datePublished":"2025-12-14T05:24:00+00:00","mainEntityOfPage":{"@id":"https:\/\/www.karaoketexty.cz\/magazin\/olga-lounova-rozzarila-o2-universum-i-s-velkym-briskem-zvladla-show-plnou-odvaznych-cisel\/"},"wordCount":511,"commentCount":0,"image":{"@id":"https:\/\/www.karaoketexty.cz\/magazin\/olga-lounova-rozzarila-o2-universum-i-s-velkym-briskem-zvladla-show-plnou-odvaznych-cisel\/#primaryimage"},"thumbnailUrl":"https:\/\/www.karaoketexty.cz\/magazin\/wp-content\/uploads\/2025\/12\/olga-lounova.jpg","keywords":["\u010desk\u00e1 celebrita","host\u00e9","hudebn\u00ed vystoupen\u00ed","Instagram","koncert","mate\u0159stv\u00ed","O2 Universum","Olga Lounov\u00e1","pocta","Rodina","soci\u00e1ln\u00ed s\u00edt\u011b","t\u011bhotenstv\u00ed","\u00damrt\u00ed Patrika Hezuck\u00e9ho","Xindl X","Zp\u011bva\u010dka"],"articleSection":["Celebrity"],"inLanguage":"cs","potentialAction":[{"@type":"CommentAction","name":"Comment","target":["https:\/\/www.karaoketexty.cz\/magazin\/olga-lounova-rozzarila-o2-universum-i-s-velkym-briskem-zvladla-show-plnou-odvaznych-cisel\/#respond"]}]},{"@type":"WebPage","@id":"https:\/\/www.karaoketexty.cz\/magazin\/olga-lounova-rozzarila-o2-universum-i-s-velkym-briskem-zvladla-show-plnou-odvaznych-cisel\/","url":"https:\/\/www.karaoketexty.cz\/magazin\/olga-lounova-rozzarila-o2-universum-i-s-velkym-briskem-zvladla-show-plnou-odvaznych-cisel\/","name":"Olga Lounov\u00e1 rozz\u00e1\u0159ila O2 universum i s velk\u00fdm b\u0159\u00ed\u0161kem","isPartOf":{"@id":"https:\/\/www.karaoketexty.cz\/magazin\/#website"},"primaryImageOfPage":{"@id":"https:\/\/www.karaoketexty.cz\/magazin\/olga-lounova-rozzarila-o2-universum-i-s-velkym-briskem-zvladla-show-plnou-odvaznych-cisel\/#primaryimage"},"image":{"@id":"https:\/\/www.karaoketexty.cz\/magazin\/olga-lounova-rozzarila-o2-universum-i-s-velkym-briskem-zvladla-show-plnou-odvaznych-cisel\/#primaryimage"},"thumbnailUrl":"https:\/\/www.karaoketexty.cz\/magazin\/wp-content\/uploads\/2025\/12\/olga-lounova.jpg","datePublished":"2025-12-14T05:24:00+00:00","author":{"@id":"https:\/\/www.karaoketexty.cz\/magazin\/#\/schema\/person\/37c0164a04038267c8a56ad6d60df749"},"description":"Olga Lounov\u00e1 p\u0159edvedla koncert, kter\u00fd spojil energii, emoce i osobn\u00ed momenty, p\u0159esto\u017ee je v pokro\u010dil\u00e9m stadiu t\u011bhotenstv\u00ed.","breadcrumb":{"@id":"https:\/\/www.karaoketexty.cz\/magazin\/olga-lounova-rozzarila-o2-universum-i-s-velkym-briskem-zvladla-show-plnou-odvaznych-cisel\/#breadcrumb"},"inLanguage":"cs","potentialAction":[{"@type":"ReadAction","target":["https:\/\/www.karaoketexty.cz\/magazin\/olga-lounova-rozzarila-o2-universum-i-s-velkym-briskem-zvladla-show-plnou-odvaznych-cisel\/"]}]},{"@type":"ImageObject","inLanguage":"cs","@id":"https:\/\/www.karaoketexty.cz\/magazin\/olga-lounova-rozzarila-o2-universum-i-s-velkym-briskem-zvladla-show-plnou-odvaznych-cisel\/#primaryimage","url":"https:\/\/www.karaoketexty.cz\/magazin\/wp-content\/uploads\/2025\/12\/olga-lounova.jpg","contentUrl":"https:\/\/www.karaoketexty.cz\/magazin\/wp-content\/uploads\/2025\/12\/olga-lounova.jpg","width":1200,"height":675,"caption":"Fotografie: Nextfoto"},{"@type":"BreadcrumbList","@id":"https:\/\/www.karaoketexty.cz\/magazin\/olga-lounova-rozzarila-o2-universum-i-s-velkym-briskem-zvladla-show-plnou-odvaznych-cisel\/#breadcrumb","itemListElement":[{"@type":"ListItem","position":1,"name":"Dom\u016f","item":"https:\/\/www.karaoketexty.cz\/magazin\/"},{"@type":"ListItem","position":2,"name":"Olga Lounov\u00e1 rozz\u00e1\u0159ila O2 universum: I s velk\u00fdm b\u0159\u00ed\u0161kem zvl\u00e1dla show plnou odv\u00e1\u017en\u00fdch \u010d\u00edsel"}]},{"@type":"WebSite","@id":"https:\/\/www.karaoketexty.cz\/magazin\/#website","url":"https:\/\/www.karaoketexty.cz\/magazin\/","name":"Stars Magaz\u00edn Karaoketexty.cz","description":"Stars Magaz\u00edn na Karaoketexty.cz je zam\u011b\u0159en\u00fd na novinky ze sv\u011bta hudby a celebrit. Obsahuje \u010dl\u00e1nky o zp\u011bv\u00e1c\u00edch, kapel\u00e1ch, nov\u00fdch albech, hudebn\u00edch trendech a dal\u0161\u00edch zaj\u00edmavostech z hudebn\u00edho pr\u016fmyslu.","potentialAction":[{"@type":"SearchAction","target":{"@type":"EntryPoint","urlTemplate":"https:\/\/www.karaoketexty.cz\/magazin\/?s={search_term_string}"},"query-input":{"@type":"PropertyValueSpecification","valueRequired":true,"valueName":"search_term_string"}}],"inLanguage":"cs"},{"@type":"Person","@id":"https:\/\/www.karaoketexty.cz\/magazin\/#\/schema\/person\/37c0164a04038267c8a56ad6d60df749","name":"Barbora Kop\u0159ivov\u00e1","image":{"@type":"ImageObject","inLanguage":"cs","@id":"https:\/\/secure.gravatar.com\/avatar\/ad2ef9810228386d580851ef4bdde76abaa96054ff5b068c8873bc91afb2df84?s=96&d=mm&r=g","url":"https:\/\/secure.gravatar.com\/avatar\/ad2ef9810228386d580851ef4bdde76abaa96054ff5b068c8873bc91afb2df84?s=96&d=mm&r=g","contentUrl":"https:\/\/secure.gravatar.com\/avatar\/ad2ef9810228386d580851ef4bdde76abaa96054ff5b068c8873bc91afb2df84?s=96&d=mm&r=g","caption":"Barbora Kop\u0159ivov\u00e1"},"url":"https:\/\/www.karaoketexty.cz\/magazin\/author\/barborakoprivova\/"}]}},"_links":{"self":[{"href":"https:\/\/www.karaoketexty.cz\/magazin\/wp-json\/wp\/v2\/posts\/5445","targetHints":{"allow":["GET"]}}],"collection":[{"href":"https:\/\/www.karaoketexty.cz\/magazin\/wp-json\/wp\/v2\/posts"}],"about":[{"href":"https:\/\/www.karaoketexty.cz\/magazin\/wp-json\/wp\/v2\/types\/post"}],"author":[{"embeddable":true,"href":"https:\/\/www.karaoketexty.cz\/magazin\/wp-json\/wp\/v2\/users\/4"}],"replies":[{"embeddable":true,"href":"https:\/\/www.karaoketexty.cz\/magazin\/wp-json\/wp\/v2\/comments?post=5445"}],"version-history":[{"count":5,"href":"https:\/\/www.karaoketexty.cz\/magazin\/wp-json\/wp\/v2\/posts\/5445\/revisions"}],"predecessor-version":[{"id":5623,"href":"https:\/\/www.karaoketexty.cz\/magazin\/wp-json\/wp\/v2\/posts\/5445\/revisions\/5623"}],"wp:featuredmedia":[{"embeddable":true,"href":"https:\/\/www.karaoketexty.cz\/magazin\/wp-json\/wp\/v2\/media\/5438"}],"wp:attachment":[{"href":"https:\/\/www.karaoketexty.cz\/magazin\/wp-json\/wp\/v2\/media?parent=5445"}],"wp:term":[{"taxonomy":"category","embeddable":true,"href":"https:\/\/www.karaoketexty.cz\/magazin\/wp-json\/wp\/v2\/categories?post=5445"},{"taxonomy":"post_tag","embeddable":true,"href":"https:\/\/www.karaoketexty.cz\/magazin\/wp-json\/wp\/v2\/tags?post=5445"}],"curies":[{"name":"wp","href":"https:\/\/api.w.org\/{rel}","templated":true}]}}