{"id":5377,"date":"2025-12-11T12:53:00","date_gmt":"2025-12-11T11:53:00","guid":{"rendered":"https:\/\/www.karaoketexty.cz\/magazin\/?p=5377"},"modified":"2025-12-10T11:20:02","modified_gmt":"2025-12-10T10:20:02","slug":"bronzovy-slavik-a-tvrda-prace-mirai-si-uspech-poctive-vydreli","status":"publish","type":"post","link":"https:\/\/www.karaoketexty.cz\/magazin\/bronzovy-slavik-a-tvrda-prace-mirai-si-uspech-poctive-vydreli\/","title":{"rendered":"Bronzov\u00fd Slav\u00edk a tvrd\u00e1 pr\u00e1ce: Mirai si \u00fasp\u011bch poctiv\u011b vyd\u0159eli"},"content":{"rendered":"\n<p><strong>\u010cesk\u00fd pop-rock stagnoval, ale Mirai dokazuj\u00ed, \u017ee jde d\u011blat modern\u00ed, konkurenceschopn\u00fd zvuk. Pod\u00edvejme se na to, jak kapela m\u011bn\u00ed pravidla hry a co to znamen\u00e1 pro budoucnost sc\u00e9ny.<\/strong><\/p>\n\n\n\n<p>Kapela Mirai si odnesla bronzov\u00e9ho Slav\u00edka a d\u00e1l pat\u0159\u00ed k nejposlouchan\u011bj\u0161\u00edm skupin\u00e1m v zemi. Za leskem \u00fasp\u011bchu v\u0161ak stoj\u00ed i otev\u0159en\u00e9 p\u0159izn\u00e1n\u00ed frontmana Mirai Navr\u00e1tila, \u017ee se boj\u00ed okam\u017eiku, kdy z\u00e1jem publika za\u010dne klesat. Tento up\u0159\u00edmn\u00fd pohled do z\u00e1kulis\u00ed jedn\u00e9 z nej\u00fasp\u011b\u0161n\u011bj\u0161\u00edch kapel dne\u0161ka ukazuje, jak se m\u011bn\u00ed \u010desk\u00e1 pop-rock sc\u00e9na a pro\u010d jsou Mirai jej\u00edm symbolem. Pr\u00e1v\u011b na to, \u010d\u00edm tato hudebn\u00ed skupina boduje, jsme se na Karaoketexty zam\u011b\u0159ili.<\/p>\n\n\n<!-- karaoketexty.cz \/ rectangle2 -->\n<div id=\"PX_37086_709110796310826\"><\/div>\n<script>\n   if(!useMobileAds && !boolUseSeznamAds && !hideAllAds){\n     window.px2 = window.px2 || { conf: {},queue: [] };\n     px2.queue.push(function () {\n        px2.render({\n           slot: {\n              id: 37086\n           },\n            elem: \"PX_37086_709110796310826\"\n        })\n     });\n  }\n<\/script>\n\n<!-- karaoketexty.cz \/ mobile-rectangle3 -->\n<div id=\"PX_37044_714599773297004\"><\/div>\n<script>\n   if(useMobileAds && !boolUseSeznamAds && !hideAllAds){\nwindow.px2 = window.px2 || { conf: {},queue: [] };\npx2.queue.push(function () {\n\tpx2.render({\n\t\tslot: {\n\t\t\tid: 37044\n\t\t},\n\t\telem: \"PX_37044_714599773297004\"\n\t})\n});\n}\n<\/script>\n\n\n<h2 class=\"wp-block-heading\">Mirai jako fenom\u00e9n posledn\u00ed dek\u00e1dy<\/h2>\n\n\n\n<p>Kapela vznikla v roce 2014 ve Fr\u00fddku-M\u00edstku a b\u011bhem jeden\u00e1cti let se stala jednou z nejv\u00fdrazn\u011bj\u0161\u00edch skupin dom\u00e1c\u00ed sc\u00e9ny. N\u00e1zev Mirai, odkazuj\u00edc\u00ed na japonsk\u00e9 ko\u0159eny frontmana i v\u00fdznam slova \u201ebudoucnost\u201c, se stal zna\u010dkou pop-rocku, kter\u00fd dok\u00e1zal oslovit mainstream i mlad\u00e9 publikum. \u00dasp\u011bch nen\u00ed n\u00e1hoda. Kapela konzistentn\u011b vyd\u00e1v\u00e1 hity, pracuje s melodick\u00fdm, \u010dist\u00fdm zvukem a stav\u00ed na osobn\u00edm p\u0159\u00edb\u011bhu sv\u00e9ho l\u00eddra.<\/p>\n\n\n\n<h2 class=\"wp-block-heading\">Bronz ze Slav\u00edka a t\u00edha popularity<\/h2>\n\n\n\n<p>Letos si Mirai odnesli bronzovou so\u0161ku z ankety \u010cesk\u00fd slav\u00edk. Pro kapelu je to potvrzen\u00ed popularity, pro Navr\u00e1tila ale i sign\u00e1l, \u017ee ka\u017ed\u00e9 ocen\u011bn\u00ed z\u00e1rove\u0148 nastavuje zrcadlo aktu\u00e1ln\u00ed obliby. \u201e<em>Je to zrcadlo toho, jak moc jste zrovna v tu dobu popul\u00e1rn\u00ed. \u010clov\u011bk v\u017edycky p\u0159ich\u00e1z\u00ed s nervozitou a pod\u00edv\u00e1 se pravd\u011b do o\u010d\u00ed<\/em>,\u201c \u0159ekl pro Extra.<\/p>\n\n\n<!-- karaoketexty.cz \/ interscroller1 -->\n\n<div id=\"PX_37041_825057871452834\"><\/div>\n<script>\nif(useMobileAds && !boolUseSeznamAds && !hideAllAds){\n\twindow.px2 = window.px2 || { conf: {},queue: [] };\n\tpx2.queue.push(function () {\n\t\tpx2.render({\n\t\t\tslot: {\n\t\t\t\tid: 37041\n\t\t\t},\n\t\t\telem: \"PX_37041_825057871452834\"\n\t\t})\n\t});\n}\n<\/script>\n\n\n<p>Navr\u00e1til p\u0159i slavnostn\u00edm proslovu na \u010cesk\u00e9m slav\u00edkovi zm\u00ednil i mo\u017enost, \u017ee se kapela jednou rozpadne. \u201e<em>\u010c\u00edm v\u00edckr\u00e1t tady stoj\u00edme, t\u00edm v\u011bt\u0161\u00ed m\u00e1m tr\u00e9mu. A taky m\u00e1m pocit, \u017ee jak to jednou za\u010dalo, tak to taky jednou skon\u010d\u00ed. Je to dost pravd\u011bpodobn\u00fd,<\/em>\u201c \u0159ekl. Jeho postoje nejsou gestem fale\u0161n\u00e9 skromnosti. Sp\u00ed\u0161 realistick\u00fdm pohledem muzikanta, kter\u00fd vid\u011bl p\u00e1d mnoha slavn\u00fdch kapel. Je si v\u011bdom toho, \u017ee nic netrv\u00e1 v\u011b\u010dn\u011b.<\/p>\n\n\n\n<p>P\u0159esto\u017ee kapela dlouhodob\u011b dr\u017e\u00ed stabiln\u00ed fanou\u0161kovskou z\u00e1kladnu, frontman v\u00ed, \u017ee hudebn\u00ed sc\u00e9na se m\u011bn\u00ed rychle, a publikum je\u0161t\u011b rychleji. Tento pohled p\u016fsob\u00ed nezvykle otev\u0159en\u011b v prost\u0159ed\u00ed, kde se interpret\u016fm vypl\u00e1c\u00ed sebejistota, a pr\u00e1v\u011b tahle autenticita udr\u017euje Mirai v kurzu.<\/p>\n\n\n\n<h2 class=\"wp-block-heading\">Jak Mirai m\u011bn\u00ed \u010desk\u00fd pop-rock<\/h2>\n\n\n\n<p>Mirai dnes p\u0159edstavuj\u00ed p\u0159esn\u011b to, co \u010desk\u00e9 hitpar\u00e1dy cht\u011bj\u00ed: melodick\u00fd, snadno zapamatovateln\u00fd pop s rockov\u00fdm z\u00e1kladem, emoce m\u00edsto komplikovan\u00fdch aran\u017e\u00ed, osobn\u00ed storytelling m\u00edsto p\u00f3z i mainstreamovou dostupnost bez ztr\u00e1ty identity.<\/p>\n\n\n\n<blockquote class=\"instagram-media\" data-instgrm-captioned data-instgrm-permalink=\"https:\/\/www.instagram.com\/p\/DRaGCe7DBip\/?utm_source=ig_embed&amp;utm_campaign=loading\" data-instgrm-version=\"14\" style=\" background:#FFF; border:0; border-radius:3px; box-shadow:0 0 1px 0 rgba(0,0,0,0.5),0 1px 10px 0 rgba(0,0,0,0.15); margin: 1px; max-width:540px; min-width:326px; padding:0; width:99.375%; width:-webkit-calc(100% - 2px); width:calc(100% - 2px);\"><div style=\"padding:16px;\"> <a href=\"https:\/\/www.instagram.com\/p\/DRaGCe7DBip\/?utm_source=ig_embed&amp;utm_campaign=loading\" style=\" background:#FFFFFF; line-height:0; padding:0 0; text-align:center; text-decoration:none; width:100%;\" target=\"_blank\"> <div style=\" display: flex; flex-direction: row; align-items: center;\"> <div style=\"background-color: #F4F4F4; border-radius: 50%; flex-grow: 0; height: 40px; margin-right: 14px; width: 40px;\"><\/div> <div style=\"display: flex; flex-direction: column; flex-grow: 1; justify-content: center;\"> <div style=\" background-color: #F4F4F4; border-radius: 4px; flex-grow: 0; height: 14px; margin-bottom: 6px; width: 100px;\"><\/div> <div style=\" background-color: #F4F4F4; border-radius: 4px; flex-grow: 0; height: 14px; width: 60px;\"><\/div><\/div><\/div><div style=\"padding: 19% 0;\"><\/div> <div style=\"display:block; height:50px; margin:0 auto 12px; width:50px;\"><svg width=\"50px\" height=\"50px\" viewBox=\"0 0 60 60\" version=\"1.1\" xmlns=\"https:\/\/www.w3.org\/2000\/svg\" xmlns:xlink=\"https:\/\/www.w3.org\/1999\/xlink\"><g stroke=\"none\" stroke-width=\"1\" fill=\"none\" fill-rule=\"evenodd\"><g transform=\"translate(-511.000000, -20.000000)\" fill=\"#000000\"><g><path d=\"M556.869,30.41 C554.814,30.41 553.148,32.076 553.148,34.131 C553.148,36.186 554.814,37.852 556.869,37.852 C558.924,37.852 560.59,36.186 560.59,34.131 C560.59,32.076 558.924,30.41 556.869,30.41 M541,60.657 C535.114,60.657 530.342,55.887 530.342,50 C530.342,44.114 535.114,39.342 541,39.342 C546.887,39.342 551.658,44.114 551.658,50 C551.658,55.887 546.887,60.657 541,60.657 M541,33.886 C532.1,33.886 524.886,41.1 524.886,50 C524.886,58.899 532.1,66.113 541,66.113 C549.9,66.113 557.115,58.899 557.115,50 C557.115,41.1 549.9,33.886 541,33.886 M565.378,62.101 C565.244,65.022 564.756,66.606 564.346,67.663 C563.803,69.06 563.154,70.057 562.106,71.106 C561.058,72.155 560.06,72.803 558.662,73.347 C557.607,73.757 556.021,74.244 553.102,74.378 C549.944,74.521 548.997,74.552 541,74.552 C533.003,74.552 532.056,74.521 528.898,74.378 C525.979,74.244 524.393,73.757 523.338,73.347 C521.94,72.803 520.942,72.155 519.894,71.106 C518.846,70.057 518.197,69.06 517.654,67.663 C517.244,66.606 516.755,65.022 516.623,62.101 C516.479,58.943 516.448,57.996 516.448,50 C516.448,42.003 516.479,41.056 516.623,37.899 C516.755,34.978 517.244,33.391 517.654,32.338 C518.197,30.938 518.846,29.942 519.894,28.894 C520.942,27.846 521.94,27.196 523.338,26.654 C524.393,26.244 525.979,25.756 528.898,25.623 C532.057,25.479 533.004,25.448 541,25.448 C548.997,25.448 549.943,25.479 553.102,25.623 C556.021,25.756 557.607,26.244 558.662,26.654 C560.06,27.196 561.058,27.846 562.106,28.894 C563.154,29.942 563.803,30.938 564.346,32.338 C564.756,33.391 565.244,34.978 565.378,37.899 C565.522,41.056 565.552,42.003 565.552,50 C565.552,57.996 565.522,58.943 565.378,62.101 M570.82,37.631 C570.674,34.438 570.167,32.258 569.425,30.349 C568.659,28.377 567.633,26.702 565.965,25.035 C564.297,23.368 562.623,22.342 560.652,21.575 C558.743,20.834 556.562,20.326 553.369,20.18 C550.169,20.033 549.148,20 541,20 C532.853,20 531.831,20.033 528.631,20.18 C525.438,20.326 523.257,20.834 521.349,21.575 C519.376,22.342 517.703,23.368 516.035,25.035 C514.368,26.702 513.342,28.377 512.574,30.349 C511.834,32.258 511.326,34.438 511.181,37.631 C511.035,40.831 511,41.851 511,50 C511,58.147 511.035,59.17 511.181,62.369 C511.326,65.562 511.834,67.743 512.574,69.651 C513.342,71.625 514.368,73.296 516.035,74.965 C517.703,76.634 519.376,77.658 521.349,78.425 C523.257,79.167 525.438,79.673 528.631,79.82 C531.831,79.965 532.853,80.001 541,80.001 C549.148,80.001 550.169,79.965 553.369,79.82 C556.562,79.673 558.743,79.167 560.652,78.425 C562.623,77.658 564.297,76.634 565.965,74.965 C567.633,73.296 568.659,71.625 569.425,69.651 C570.167,67.743 570.674,65.562 570.82,62.369 C570.966,59.17 571,58.147 571,50 C571,41.851 570.966,40.831 570.82,37.631\"><\/path><\/g><\/g><\/g><\/svg><\/div><div style=\"padding-top: 8px;\"> <div style=\" color:#3897f0; font-family:Arial,sans-serif; font-size:14px; font-style:normal; font-weight:550; line-height:18px;\">Zobrazit p\u0159\u00edsp\u011bvek na Instagramu<\/div><\/div><div style=\"padding: 12.5% 0;\"><\/div> <div style=\"display: flex; flex-direction: row; margin-bottom: 14px; align-items: center;\"><div> <div style=\"background-color: #F4F4F4; border-radius: 50%; height: 12.5px; width: 12.5px; transform: translateX(0px) translateY(7px);\"><\/div> <div style=\"background-color: #F4F4F4; height: 12.5px; transform: rotate(-45deg) translateX(3px) translateY(1px); width: 12.5px; flex-grow: 0; margin-right: 14px; margin-left: 2px;\"><\/div> <div style=\"background-color: #F4F4F4; border-radius: 50%; height: 12.5px; width: 12.5px; transform: translateX(9px) translateY(-18px);\"><\/div><\/div><div style=\"margin-left: 8px;\"> <div style=\" background-color: #F4F4F4; border-radius: 50%; flex-grow: 0; height: 20px; width: 20px;\"><\/div> <div style=\" width: 0; height: 0; border-top: 2px solid transparent; border-left: 6px solid #f4f4f4; border-bottom: 2px solid transparent; transform: translateX(16px) translateY(-4px) rotate(30deg)\"><\/div><\/div><div style=\"margin-left: auto;\"> <div style=\" width: 0px; border-top: 8px solid #F4F4F4; border-right: 8px solid transparent; transform: translateY(16px);\"><\/div> <div style=\" background-color: #F4F4F4; flex-grow: 0; height: 12px; width: 16px; transform: translateY(-4px);\"><\/div> <div style=\" width: 0; height: 0; border-top: 8px solid #F4F4F4; border-left: 8px solid transparent; transform: translateY(-4px) translateX(8px);\"><\/div><\/div><\/div> <div style=\"display: flex; flex-direction: column; flex-grow: 1; justify-content: center; margin-bottom: 24px;\"> <div style=\" background-color: #F4F4F4; border-radius: 4px; flex-grow: 0; height: 14px; margin-bottom: 6px; width: 224px;\"><\/div> <div style=\" background-color: #F4F4F4; border-radius: 4px; flex-grow: 0; height: 14px; width: 144px;\"><\/div><\/div><\/a><p style=\" color:#c9c8cd; font-family:Arial,sans-serif; font-size:14px; line-height:17px; margin-bottom:0; margin-top:8px; overflow:hidden; padding:8px 0 7px; text-align:center; text-overflow:ellipsis; white-space:nowrap;\"><a href=\"https:\/\/www.instagram.com\/p\/DRaGCe7DBip\/?utm_source=ig_embed&amp;utm_campaign=loading\" style=\" color:#c9c8cd; font-family:Arial,sans-serif; font-size:14px; font-style:normal; font-weight:normal; line-height:17px; text-decoration:none;\" target=\"_blank\">P\u0159\u00edsp\u011bvek sd\u00edlen\u00fd Mirai (@miraimusic)<\/a><\/p><\/div><\/blockquote>\n<script async src=\"\/\/www.instagram.com\/embed.js\"><\/script>\n\n\n\n<p>Jejich zvuk je \u010dist\u00fd, modern\u00ed a srozumiteln\u00fd, \u017e\u00e1dn\u00e9 retro, \u017e\u00e1dn\u00e9 experimenty, ale chytr\u00e1 pr\u00e1ce s t\u00edm, co funguje. Mirai nevym\u00fd\u0161lej\u00ed alternativn\u00ed sm\u011br, ale nastavuj\u00ed nov\u00fd standard pro mainstream: profesion\u00e1ln\u00ed produkci, l\u00edbivost, \u010ditelnost. A i kdy\u017e se to hudebn\u00edm purist\u016fm nel\u00edb\u00ed, pr\u00e1v\u011b t\u00edm formuj\u00ed \u010deskou sc\u00e9nu.<\/p>\n\n\n\n<h2 class=\"wp-block-heading\">Odkud Mirai vy\u0161li a kam m\u00ed\u0159\u00ed<\/h2>\n\n\n\n<p>Navr\u00e1til za\u010dal s hudbou u\u017e jako \u0161kol\u00e1k, roky se u\u010dil na klav\u00edr a v t\u0159in\u00e1cti dostal sv\u016fj prvn\u00ed kytarov\u00fd set. S odstupem \u0159\u00edk\u00e1, \u017ee pr\u00e1v\u011b tahle sada zapr\u00e1\u0161en\u00e1 v rohu pokoje rozhodla o jeho budoucnosti. Kapela od t\u00e9 doby urazila dlouhou cestu a dnes je jedn\u00edm z pil\u00ed\u0159\u016f \u010desk\u00e9 hudebn\u00ed sc\u00e9ny.<\/p>\n\n\n\n<p>A i kdy\u017e frontman mluv\u00ed o obav\u00e1ch z konce, paradoxn\u011b pr\u00e1v\u011b tahle up\u0159\u00edmnost potvrzuje, pro\u010d Mirai st\u00e1le pat\u0159\u00ed na vrchol: nejedou autopilota, nejsou samoz\u0159ejm\u011b \u00fasp\u011b\u0161n\u00ed a po\u0159\u00e1d maj\u00ed hlad. A jak velk\u00fd z\u00e1jem o n\u011b je, uk\u00e1\u017ee mimo jin\u00e9 koncert v Edenu pl\u00e1novan\u00fd na rok 2027, na n\u011bm\u017e slibuj\u00ed skv\u011bl\u00fd z\u00e1\u017eitek a 360\u00b0 p\u00f3dium. <\/p>\n\n\n\n<p>Zdroj: Autorsk\u00fd text, <a href=\"https:\/\/www.extra.cz\/mirai-promluvil-o-konci-kapely-je-to-nevyhnutelne-sokuje-zpevak-a-priznal-velky-strach-01977\" target=\"_blank\" rel=\"noreferrer noopener nofollow\">Extra<\/a>, <a href=\"https:\/\/tv.nova.cz\/porad\/cesky-slavik\/video-ukazka\/51006-mirai-na-slavicich-ziskali-bronz-a-prekvapili-mozna-ze-to-jednou-vsechno-skonci\" target=\"_blank\" rel=\"noreferrer noopener nofollow\">TVNova<\/a>, <a href=\"https:\/\/www.idnes.cz\/kultura\/hudba\/mirai-navratil-hudba-andel-clours-of-ostrava-rozhovor-kytara-japonsko-premium-frydek-mistek.A190919_175244_hudba_jum\" target=\"_blank\" rel=\"noreferrer noopener nofollow\">IDnes<\/a>, <a href=\"https:\/\/miraimusic.cz\/\" target=\"_blank\" rel=\"noreferrer noopener nofollow\">Mirai<\/a>, <a href=\"https:\/\/www.instagram.com\/p\/DRaGCe7DBip\/?hl=cs&amp;img_index=1\" target=\"_blank\" rel=\"noreferrer noopener nofollow\">Instagram Mirai<\/a><\/p>\n\n\n            <a href=\"https:\/\/www.karaoketexty.cz\/magazin\/mirai-miri-do-edenu-nejvetsi-koncert-kapely-bude-mit-podium-uprostred-stadionu\/\" class=\"related-post-link\">\n                <div class=\"post-thumbnail\">\n                    <img decoding=\"async\" width=\"250\" height=\"141\" src=\"https:\/\/www.karaoketexty.cz\/magazin\/wp-content\/uploads\/2025\/10\/skupina-mirai.jpg\" class=\"attachment-250x180 size-250x180 not-transparent\" alt=\"Skupina Mirai\" srcset=\"https:\/\/www.karaoketexty.cz\/magazin\/wp-content\/uploads\/2025\/10\/skupina-mirai.jpg 1200w, https:\/\/www.karaoketexty.cz\/magazin\/wp-content\/uploads\/2025\/10\/skupina-mirai-300x169.jpg 300w, https:\/\/www.karaoketexty.cz\/magazin\/wp-content\/uploads\/2025\/10\/skupina-mirai-1024x576.jpg 1024w, https:\/\/www.karaoketexty.cz\/magazin\/wp-content\/uploads\/2025\/10\/skupina-mirai-768x432.jpg 768w, https:\/\/www.karaoketexty.cz\/magazin\/wp-content\/uploads\/2025\/10\/skupina-mirai-800x450.jpg 800w\" sizes=\"(max-width: 250px) 100vw, 250px\" data-has-transparency=\"false\" data-dominant-color=\"524e4a\" style=\"--dominant-color: #524e4a;\" \/>                <\/div>\n                <div class=\"post-details\">\n                    <span class=\"also-read\">\u010ct\u011bte tak\u00e9:<\/span>\n                    <h3 class=\"hed\">Mirai m\u00ed\u0159\u00ed do Edenu! Nejv\u011bt\u0161\u00ed koncert kapely bude m\u00edt p\u00f3dium uprost\u0159ed stadionu<\/h3>\n                <\/div>\n            <\/a>\n            \n\n            <a href=\"https:\/\/www.karaoketexty.cz\/magazin\/mirai-summer-fest-partneri-sponzori-podekovani\/\" class=\"related-post-link\">\n                <div class=\"post-thumbnail\">\n                    <img decoding=\"async\" width=\"250\" height=\"141\" src=\"https:\/\/www.karaoketexty.cz\/magazin\/wp-content\/uploads\/2025\/09\/kapela-Mirai.jpg\" class=\"attachment-250x180 size-250x180 not-transparent\" alt=\"Fotografie kapely Mirai\" srcset=\"https:\/\/www.karaoketexty.cz\/magazin\/wp-content\/uploads\/2025\/09\/kapela-Mirai.jpg 1200w, https:\/\/www.karaoketexty.cz\/magazin\/wp-content\/uploads\/2025\/09\/kapela-Mirai-300x169.jpg 300w, https:\/\/www.karaoketexty.cz\/magazin\/wp-content\/uploads\/2025\/09\/kapela-Mirai-1024x576.jpg 1024w, https:\/\/www.karaoketexty.cz\/magazin\/wp-content\/uploads\/2025\/09\/kapela-Mirai-768x432.jpg 768w, https:\/\/www.karaoketexty.cz\/magazin\/wp-content\/uploads\/2025\/09\/kapela-Mirai-800x450.jpg 800w\" sizes=\"(max-width: 250px) 100vw, 250px\" data-has-transparency=\"false\" data-dominant-color=\"6d523f\" style=\"--dominant-color: #6d523f;\" \/>                <\/div>\n                <div class=\"post-details\">\n                    <span class=\"also-read\">\u010ct\u011bte tak\u00e9:<\/span>\n                    <h3 class=\"hed\">Mirai p\u0159izn\u00e1vaj\u00ed, \u017ee bez reklamn\u00edch partner\u016f by Mirai Summer Festy nevypadaly tak dob\u0159e<\/h3>\n                <\/div>\n            <\/a>\n            \n\n\n<p><\/p>\n","protected":false},"excerpt":{"rendered":"<p>\u010cesk\u00fd pop-rock stagnoval, ale Mirai dokazuj\u00ed, \u017ee jde d\u011blat modern\u00ed, konkurenceschopn\u00fd zvuk. Pod\u00edvejme se na to, jak kapela m\u011bn\u00ed pravidla hry a co to znamen\u00e1 pro budoucnost sc\u00e9ny.<\/p>\n","protected":false},"author":4,"featured_media":4095,"comment_status":"open","ping_status":"closed","sticky":false,"template":"","format":"standard","meta":{"_yoast_wpseo_title":"Budoucnost \u010desk\u00e9 pop-rock sc\u00e9ny: Mirai ukazuje nov\u00fd sm\u011br","_yoast_wpseo_metadesc":"\u010cesk\u00fd pop-rock stagnoval, ale Mirai dokazuj\u00ed, \u017ee jde d\u011blat modern\u00ed, konkurenceschopn\u00fd zvuk. I proto si vyslou\u017eili bronz na \u010cesk\u00e9m slav\u00edkovi.","footnotes":""},"categories":[1059],"tags":[571,1743,207,698,680,348,418,500,462,5167,136,490,120,406,502,408,226],"class_list":["post-5377","post","type-post","status-publish","format-standard","has-post-thumbnail","hentry","category-celebrity","tag-ceska-hudba","tag-cesky-slavik","tag-eden","tag-fanousci","tag-frontman","tag-hudebni-ceny","tag-hudebni-trendy","tag-instagram","tag-kapela","tag-kapela-mirai","tag-koncert","tag-koncerty","tag-mirai-navratil","tag-pop","tag-pop-rock","tag-rock","tag-turne"],"yoast_head":"<!-- This site is optimized with the Yoast SEO plugin v27.4 - https:\/\/yoast.com\/product\/yoast-seo-wordpress\/ -->\n<title>Budoucnost \u010desk\u00e9 pop-rock sc\u00e9ny: Mirai ukazuje nov\u00fd sm\u011br<\/title>\n<meta name=\"description\" content=\"\u010cesk\u00fd pop-rock stagnoval, ale Mirai dokazuj\u00ed, \u017ee jde d\u011blat modern\u00ed, konkurenceschopn\u00fd zvuk. I proto si vyslou\u017eili bronz na \u010cesk\u00e9m slav\u00edkovi.\" \/>\n<meta name=\"robots\" content=\"index, follow, max-snippet:-1, max-image-preview:large, max-video-preview:-1\" \/>\n<link rel=\"canonical\" href=\"https:\/\/www.karaoketexty.cz\/magazin\/bronzovy-slavik-a-tvrda-prace-mirai-si-uspech-poctive-vydreli\/\" \/>\n<meta property=\"og:locale\" content=\"cs_CZ\" \/>\n<meta property=\"og:type\" content=\"article\" \/>\n<meta property=\"og:title\" content=\"Budoucnost \u010desk\u00e9 pop-rock sc\u00e9ny: Mirai ukazuje nov\u00fd sm\u011br\" \/>\n<meta property=\"og:description\" content=\"\u010cesk\u00fd pop-rock stagnoval, ale Mirai dokazuj\u00ed, \u017ee jde d\u011blat modern\u00ed, konkurenceschopn\u00fd zvuk. I proto si vyslou\u017eili bronz na \u010cesk\u00e9m slav\u00edkovi.\" \/>\n<meta property=\"og:url\" content=\"https:\/\/www.karaoketexty.cz\/magazin\/bronzovy-slavik-a-tvrda-prace-mirai-si-uspech-poctive-vydreli\/\" \/>\n<meta property=\"og:site_name\" content=\"Stars Magaz\u00edn Karaoketexty.cz\" \/>\n<meta property=\"article:published_time\" content=\"2025-12-11T11:53:00+00:00\" \/>\n<meta property=\"og:image\" content=\"https:\/\/www.karaoketexty.cz\/magazin\/wp-content\/uploads\/2025\/10\/skupina-mirai.jpg\" \/>\n\t<meta property=\"og:image:width\" content=\"1200\" \/>\n\t<meta property=\"og:image:height\" content=\"675\" \/>\n\t<meta property=\"og:image:type\" content=\"image\/jpeg\" \/>\n<meta name=\"author\" content=\"Barbora Kop\u0159ivov\u00e1\" \/>\n<meta name=\"twitter:card\" content=\"summary_large_image\" \/>\n<meta name=\"twitter:label1\" content=\"Napsal(a)\" \/>\n\t<meta name=\"twitter:data1\" content=\"Barbora Kop\u0159ivov\u00e1\" \/>\n\t<meta name=\"twitter:label2\" content=\"Odhadovan\u00e1 doba \u010dten\u00ed\" \/>\n\t<meta name=\"twitter:data2\" content=\"4 minuty\" \/>\n<script type=\"application\/ld+json\" class=\"yoast-schema-graph\">{\"@context\":\"https:\\\/\\\/schema.org\",\"@graph\":[{\"@type\":\"Article\",\"@id\":\"https:\\\/\\\/www.karaoketexty.cz\\\/magazin\\\/bronzovy-slavik-a-tvrda-prace-mirai-si-uspech-poctive-vydreli\\\/#article\",\"isPartOf\":{\"@id\":\"https:\\\/\\\/www.karaoketexty.cz\\\/magazin\\\/bronzovy-slavik-a-tvrda-prace-mirai-si-uspech-poctive-vydreli\\\/\"},\"author\":{\"name\":\"Barbora Kop\u0159ivov\u00e1\",\"@id\":\"https:\\\/\\\/www.karaoketexty.cz\\\/magazin\\\/#\\\/schema\\\/person\\\/37c0164a04038267c8a56ad6d60df749\"},\"headline\":\"Bronzov\u00fd Slav\u00edk a tvrd\u00e1 pr\u00e1ce: Mirai si \u00fasp\u011bch poctiv\u011b vyd\u0159eli\",\"datePublished\":\"2025-12-11T11:53:00+00:00\",\"mainEntityOfPage\":{\"@id\":\"https:\\\/\\\/www.karaoketexty.cz\\\/magazin\\\/bronzovy-slavik-a-tvrda-prace-mirai-si-uspech-poctive-vydreli\\\/\"},\"wordCount\":716,\"commentCount\":0,\"image\":{\"@id\":\"https:\\\/\\\/www.karaoketexty.cz\\\/magazin\\\/bronzovy-slavik-a-tvrda-prace-mirai-si-uspech-poctive-vydreli\\\/#primaryimage\"},\"thumbnailUrl\":\"https:\\\/\\\/www.karaoketexty.cz\\\/magazin\\\/wp-content\\\/uploads\\\/2025\\\/10\\\/skupina-mirai.jpg\",\"keywords\":[\"\u010desk\u00e1 hudba\",\"\u010cesk\u00fd slav\u00edk\",\"Eden\",\"fanou\u0161ci\",\"frontman\",\"Hudebn\u00ed ceny\",\"hudebn\u00ed trendy\",\"Instagram\",\"kapela\",\"Kapela Mirai\",\"koncert\",\"koncerty\",\"Mirai Navr\u00e1til\",\"pop\",\"pop-rock\",\"rock\",\"Turn\u00e9\"],\"articleSection\":[\"Celebrity\"],\"inLanguage\":\"cs\",\"potentialAction\":[{\"@type\":\"CommentAction\",\"name\":\"Comment\",\"target\":[\"https:\\\/\\\/www.karaoketexty.cz\\\/magazin\\\/bronzovy-slavik-a-tvrda-prace-mirai-si-uspech-poctive-vydreli\\\/#respond\"]}]},{\"@type\":\"WebPage\",\"@id\":\"https:\\\/\\\/www.karaoketexty.cz\\\/magazin\\\/bronzovy-slavik-a-tvrda-prace-mirai-si-uspech-poctive-vydreli\\\/\",\"url\":\"https:\\\/\\\/www.karaoketexty.cz\\\/magazin\\\/bronzovy-slavik-a-tvrda-prace-mirai-si-uspech-poctive-vydreli\\\/\",\"name\":\"Budoucnost \u010desk\u00e9 pop-rock sc\u00e9ny: Mirai ukazuje nov\u00fd sm\u011br\",\"isPartOf\":{\"@id\":\"https:\\\/\\\/www.karaoketexty.cz\\\/magazin\\\/#website\"},\"primaryImageOfPage\":{\"@id\":\"https:\\\/\\\/www.karaoketexty.cz\\\/magazin\\\/bronzovy-slavik-a-tvrda-prace-mirai-si-uspech-poctive-vydreli\\\/#primaryimage\"},\"image\":{\"@id\":\"https:\\\/\\\/www.karaoketexty.cz\\\/magazin\\\/bronzovy-slavik-a-tvrda-prace-mirai-si-uspech-poctive-vydreli\\\/#primaryimage\"},\"thumbnailUrl\":\"https:\\\/\\\/www.karaoketexty.cz\\\/magazin\\\/wp-content\\\/uploads\\\/2025\\\/10\\\/skupina-mirai.jpg\",\"datePublished\":\"2025-12-11T11:53:00+00:00\",\"author\":{\"@id\":\"https:\\\/\\\/www.karaoketexty.cz\\\/magazin\\\/#\\\/schema\\\/person\\\/37c0164a04038267c8a56ad6d60df749\"},\"description\":\"\u010cesk\u00fd pop-rock stagnoval, ale Mirai dokazuj\u00ed, \u017ee jde d\u011blat modern\u00ed, konkurenceschopn\u00fd zvuk. I proto si vyslou\u017eili bronz na \u010cesk\u00e9m slav\u00edkovi.\",\"breadcrumb\":{\"@id\":\"https:\\\/\\\/www.karaoketexty.cz\\\/magazin\\\/bronzovy-slavik-a-tvrda-prace-mirai-si-uspech-poctive-vydreli\\\/#breadcrumb\"},\"inLanguage\":\"cs\",\"potentialAction\":[{\"@type\":\"ReadAction\",\"target\":[\"https:\\\/\\\/www.karaoketexty.cz\\\/magazin\\\/bronzovy-slavik-a-tvrda-prace-mirai-si-uspech-poctive-vydreli\\\/\"]}]},{\"@type\":\"ImageObject\",\"inLanguage\":\"cs\",\"@id\":\"https:\\\/\\\/www.karaoketexty.cz\\\/magazin\\\/bronzovy-slavik-a-tvrda-prace-mirai-si-uspech-poctive-vydreli\\\/#primaryimage\",\"url\":\"https:\\\/\\\/www.karaoketexty.cz\\\/magazin\\\/wp-content\\\/uploads\\\/2025\\\/10\\\/skupina-mirai.jpg\",\"contentUrl\":\"https:\\\/\\\/www.karaoketexty.cz\\\/magazin\\\/wp-content\\\/uploads\\\/2025\\\/10\\\/skupina-mirai.jpg\",\"width\":1200,\"height\":675,\"caption\":\"Fotografie: Nextfoto\"},{\"@type\":\"BreadcrumbList\",\"@id\":\"https:\\\/\\\/www.karaoketexty.cz\\\/magazin\\\/bronzovy-slavik-a-tvrda-prace-mirai-si-uspech-poctive-vydreli\\\/#breadcrumb\",\"itemListElement\":[{\"@type\":\"ListItem\",\"position\":1,\"name\":\"Dom\u016f\",\"item\":\"https:\\\/\\\/www.karaoketexty.cz\\\/magazin\\\/\"},{\"@type\":\"ListItem\",\"position\":2,\"name\":\"Bronzov\u00fd Slav\u00edk a tvrd\u00e1 pr\u00e1ce: Mirai si \u00fasp\u011bch poctiv\u011b vyd\u0159eli\"}]},{\"@type\":\"WebSite\",\"@id\":\"https:\\\/\\\/www.karaoketexty.cz\\\/magazin\\\/#website\",\"url\":\"https:\\\/\\\/www.karaoketexty.cz\\\/magazin\\\/\",\"name\":\"Stars Magaz\u00edn Karaoketexty.cz\",\"description\":\"Stars Magaz\u00edn na Karaoketexty.cz je zam\u011b\u0159en\u00fd na novinky ze sv\u011bta hudby a celebrit. Obsahuje \u010dl\u00e1nky o zp\u011bv\u00e1c\u00edch, kapel\u00e1ch, nov\u00fdch albech, hudebn\u00edch trendech a dal\u0161\u00edch zaj\u00edmavostech z hudebn\u00edho pr\u016fmyslu.\",\"potentialAction\":[{\"@type\":\"SearchAction\",\"target\":{\"@type\":\"EntryPoint\",\"urlTemplate\":\"https:\\\/\\\/www.karaoketexty.cz\\\/magazin\\\/?s={search_term_string}\"},\"query-input\":{\"@type\":\"PropertyValueSpecification\",\"valueRequired\":true,\"valueName\":\"search_term_string\"}}],\"inLanguage\":\"cs\"},{\"@type\":\"Person\",\"@id\":\"https:\\\/\\\/www.karaoketexty.cz\\\/magazin\\\/#\\\/schema\\\/person\\\/37c0164a04038267c8a56ad6d60df749\",\"name\":\"Barbora Kop\u0159ivov\u00e1\",\"image\":{\"@type\":\"ImageObject\",\"inLanguage\":\"cs\",\"@id\":\"https:\\\/\\\/secure.gravatar.com\\\/avatar\\\/ad2ef9810228386d580851ef4bdde76abaa96054ff5b068c8873bc91afb2df84?s=96&d=mm&r=g\",\"url\":\"https:\\\/\\\/secure.gravatar.com\\\/avatar\\\/ad2ef9810228386d580851ef4bdde76abaa96054ff5b068c8873bc91afb2df84?s=96&d=mm&r=g\",\"contentUrl\":\"https:\\\/\\\/secure.gravatar.com\\\/avatar\\\/ad2ef9810228386d580851ef4bdde76abaa96054ff5b068c8873bc91afb2df84?s=96&d=mm&r=g\",\"caption\":\"Barbora Kop\u0159ivov\u00e1\"},\"url\":\"https:\\\/\\\/www.karaoketexty.cz\\\/magazin\\\/author\\\/barborakoprivova\\\/\"}]}<\/script>\n<!-- \/ Yoast SEO plugin. -->","yoast_head_json":{"title":"Budoucnost \u010desk\u00e9 pop-rock sc\u00e9ny: Mirai ukazuje nov\u00fd sm\u011br","description":"\u010cesk\u00fd pop-rock stagnoval, ale Mirai dokazuj\u00ed, \u017ee jde d\u011blat modern\u00ed, konkurenceschopn\u00fd zvuk. I proto si vyslou\u017eili bronz na \u010cesk\u00e9m slav\u00edkovi.","robots":{"index":"index","follow":"follow","max-snippet":"max-snippet:-1","max-image-preview":"max-image-preview:large","max-video-preview":"max-video-preview:-1"},"canonical":"https:\/\/www.karaoketexty.cz\/magazin\/bronzovy-slavik-a-tvrda-prace-mirai-si-uspech-poctive-vydreli\/","og_locale":"cs_CZ","og_type":"article","og_title":"Budoucnost \u010desk\u00e9 pop-rock sc\u00e9ny: Mirai ukazuje nov\u00fd sm\u011br","og_description":"\u010cesk\u00fd pop-rock stagnoval, ale Mirai dokazuj\u00ed, \u017ee jde d\u011blat modern\u00ed, konkurenceschopn\u00fd zvuk. I proto si vyslou\u017eili bronz na \u010cesk\u00e9m slav\u00edkovi.","og_url":"https:\/\/www.karaoketexty.cz\/magazin\/bronzovy-slavik-a-tvrda-prace-mirai-si-uspech-poctive-vydreli\/","og_site_name":"Stars Magaz\u00edn Karaoketexty.cz","article_published_time":"2025-12-11T11:53:00+00:00","og_image":[{"width":1200,"height":675,"url":"https:\/\/www.karaoketexty.cz\/magazin\/wp-content\/uploads\/2025\/10\/skupina-mirai.jpg","type":"image\/jpeg"}],"author":"Barbora Kop\u0159ivov\u00e1","twitter_card":"summary_large_image","twitter_misc":{"Napsal(a)":"Barbora Kop\u0159ivov\u00e1","Odhadovan\u00e1 doba \u010dten\u00ed":"4 minuty"},"schema":{"@context":"https:\/\/schema.org","@graph":[{"@type":"Article","@id":"https:\/\/www.karaoketexty.cz\/magazin\/bronzovy-slavik-a-tvrda-prace-mirai-si-uspech-poctive-vydreli\/#article","isPartOf":{"@id":"https:\/\/www.karaoketexty.cz\/magazin\/bronzovy-slavik-a-tvrda-prace-mirai-si-uspech-poctive-vydreli\/"},"author":{"name":"Barbora Kop\u0159ivov\u00e1","@id":"https:\/\/www.karaoketexty.cz\/magazin\/#\/schema\/person\/37c0164a04038267c8a56ad6d60df749"},"headline":"Bronzov\u00fd Slav\u00edk a tvrd\u00e1 pr\u00e1ce: Mirai si \u00fasp\u011bch poctiv\u011b vyd\u0159eli","datePublished":"2025-12-11T11:53:00+00:00","mainEntityOfPage":{"@id":"https:\/\/www.karaoketexty.cz\/magazin\/bronzovy-slavik-a-tvrda-prace-mirai-si-uspech-poctive-vydreli\/"},"wordCount":716,"commentCount":0,"image":{"@id":"https:\/\/www.karaoketexty.cz\/magazin\/bronzovy-slavik-a-tvrda-prace-mirai-si-uspech-poctive-vydreli\/#primaryimage"},"thumbnailUrl":"https:\/\/www.karaoketexty.cz\/magazin\/wp-content\/uploads\/2025\/10\/skupina-mirai.jpg","keywords":["\u010desk\u00e1 hudba","\u010cesk\u00fd slav\u00edk","Eden","fanou\u0161ci","frontman","Hudebn\u00ed ceny","hudebn\u00ed trendy","Instagram","kapela","Kapela Mirai","koncert","koncerty","Mirai Navr\u00e1til","pop","pop-rock","rock","Turn\u00e9"],"articleSection":["Celebrity"],"inLanguage":"cs","potentialAction":[{"@type":"CommentAction","name":"Comment","target":["https:\/\/www.karaoketexty.cz\/magazin\/bronzovy-slavik-a-tvrda-prace-mirai-si-uspech-poctive-vydreli\/#respond"]}]},{"@type":"WebPage","@id":"https:\/\/www.karaoketexty.cz\/magazin\/bronzovy-slavik-a-tvrda-prace-mirai-si-uspech-poctive-vydreli\/","url":"https:\/\/www.karaoketexty.cz\/magazin\/bronzovy-slavik-a-tvrda-prace-mirai-si-uspech-poctive-vydreli\/","name":"Budoucnost \u010desk\u00e9 pop-rock sc\u00e9ny: Mirai ukazuje nov\u00fd sm\u011br","isPartOf":{"@id":"https:\/\/www.karaoketexty.cz\/magazin\/#website"},"primaryImageOfPage":{"@id":"https:\/\/www.karaoketexty.cz\/magazin\/bronzovy-slavik-a-tvrda-prace-mirai-si-uspech-poctive-vydreli\/#primaryimage"},"image":{"@id":"https:\/\/www.karaoketexty.cz\/magazin\/bronzovy-slavik-a-tvrda-prace-mirai-si-uspech-poctive-vydreli\/#primaryimage"},"thumbnailUrl":"https:\/\/www.karaoketexty.cz\/magazin\/wp-content\/uploads\/2025\/10\/skupina-mirai.jpg","datePublished":"2025-12-11T11:53:00+00:00","author":{"@id":"https:\/\/www.karaoketexty.cz\/magazin\/#\/schema\/person\/37c0164a04038267c8a56ad6d60df749"},"description":"\u010cesk\u00fd pop-rock stagnoval, ale Mirai dokazuj\u00ed, \u017ee jde d\u011blat modern\u00ed, konkurenceschopn\u00fd zvuk. I proto si vyslou\u017eili bronz na \u010cesk\u00e9m slav\u00edkovi.","breadcrumb":{"@id":"https:\/\/www.karaoketexty.cz\/magazin\/bronzovy-slavik-a-tvrda-prace-mirai-si-uspech-poctive-vydreli\/#breadcrumb"},"inLanguage":"cs","potentialAction":[{"@type":"ReadAction","target":["https:\/\/www.karaoketexty.cz\/magazin\/bronzovy-slavik-a-tvrda-prace-mirai-si-uspech-poctive-vydreli\/"]}]},{"@type":"ImageObject","inLanguage":"cs","@id":"https:\/\/www.karaoketexty.cz\/magazin\/bronzovy-slavik-a-tvrda-prace-mirai-si-uspech-poctive-vydreli\/#primaryimage","url":"https:\/\/www.karaoketexty.cz\/magazin\/wp-content\/uploads\/2025\/10\/skupina-mirai.jpg","contentUrl":"https:\/\/www.karaoketexty.cz\/magazin\/wp-content\/uploads\/2025\/10\/skupina-mirai.jpg","width":1200,"height":675,"caption":"Fotografie: Nextfoto"},{"@type":"BreadcrumbList","@id":"https:\/\/www.karaoketexty.cz\/magazin\/bronzovy-slavik-a-tvrda-prace-mirai-si-uspech-poctive-vydreli\/#breadcrumb","itemListElement":[{"@type":"ListItem","position":1,"name":"Dom\u016f","item":"https:\/\/www.karaoketexty.cz\/magazin\/"},{"@type":"ListItem","position":2,"name":"Bronzov\u00fd Slav\u00edk a tvrd\u00e1 pr\u00e1ce: Mirai si \u00fasp\u011bch poctiv\u011b vyd\u0159eli"}]},{"@type":"WebSite","@id":"https:\/\/www.karaoketexty.cz\/magazin\/#website","url":"https:\/\/www.karaoketexty.cz\/magazin\/","name":"Stars Magaz\u00edn Karaoketexty.cz","description":"Stars Magaz\u00edn na Karaoketexty.cz je zam\u011b\u0159en\u00fd na novinky ze sv\u011bta hudby a celebrit. Obsahuje \u010dl\u00e1nky o zp\u011bv\u00e1c\u00edch, kapel\u00e1ch, nov\u00fdch albech, hudebn\u00edch trendech a dal\u0161\u00edch zaj\u00edmavostech z hudebn\u00edho pr\u016fmyslu.","potentialAction":[{"@type":"SearchAction","target":{"@type":"EntryPoint","urlTemplate":"https:\/\/www.karaoketexty.cz\/magazin\/?s={search_term_string}"},"query-input":{"@type":"PropertyValueSpecification","valueRequired":true,"valueName":"search_term_string"}}],"inLanguage":"cs"},{"@type":"Person","@id":"https:\/\/www.karaoketexty.cz\/magazin\/#\/schema\/person\/37c0164a04038267c8a56ad6d60df749","name":"Barbora Kop\u0159ivov\u00e1","image":{"@type":"ImageObject","inLanguage":"cs","@id":"https:\/\/secure.gravatar.com\/avatar\/ad2ef9810228386d580851ef4bdde76abaa96054ff5b068c8873bc91afb2df84?s=96&d=mm&r=g","url":"https:\/\/secure.gravatar.com\/avatar\/ad2ef9810228386d580851ef4bdde76abaa96054ff5b068c8873bc91afb2df84?s=96&d=mm&r=g","contentUrl":"https:\/\/secure.gravatar.com\/avatar\/ad2ef9810228386d580851ef4bdde76abaa96054ff5b068c8873bc91afb2df84?s=96&d=mm&r=g","caption":"Barbora Kop\u0159ivov\u00e1"},"url":"https:\/\/www.karaoketexty.cz\/magazin\/author\/barborakoprivova\/"}]}},"_links":{"self":[{"href":"https:\/\/www.karaoketexty.cz\/magazin\/wp-json\/wp\/v2\/posts\/5377","targetHints":{"allow":["GET"]}}],"collection":[{"href":"https:\/\/www.karaoketexty.cz\/magazin\/wp-json\/wp\/v2\/posts"}],"about":[{"href":"https:\/\/www.karaoketexty.cz\/magazin\/wp-json\/wp\/v2\/types\/post"}],"author":[{"embeddable":true,"href":"https:\/\/www.karaoketexty.cz\/magazin\/wp-json\/wp\/v2\/users\/4"}],"replies":[{"embeddable":true,"href":"https:\/\/www.karaoketexty.cz\/magazin\/wp-json\/wp\/v2\/comments?post=5377"}],"version-history":[{"count":6,"href":"https:\/\/www.karaoketexty.cz\/magazin\/wp-json\/wp\/v2\/posts\/5377\/revisions"}],"predecessor-version":[{"id":5459,"href":"https:\/\/www.karaoketexty.cz\/magazin\/wp-json\/wp\/v2\/posts\/5377\/revisions\/5459"}],"wp:featuredmedia":[{"embeddable":true,"href":"https:\/\/www.karaoketexty.cz\/magazin\/wp-json\/wp\/v2\/media\/4095"}],"wp:attachment":[{"href":"https:\/\/www.karaoketexty.cz\/magazin\/wp-json\/wp\/v2\/media?parent=5377"}],"wp:term":[{"taxonomy":"category","embeddable":true,"href":"https:\/\/www.karaoketexty.cz\/magazin\/wp-json\/wp\/v2\/categories?post=5377"},{"taxonomy":"post_tag","embeddable":true,"href":"https:\/\/www.karaoketexty.cz\/magazin\/wp-json\/wp\/v2\/tags?post=5377"}],"curies":[{"name":"wp","href":"https:\/\/api.w.org\/{rel}","templated":true}]}}