{"id":5375,"date":"2025-12-11T06:28:00","date_gmt":"2025-12-11T05:28:00","guid":{"rendered":"https:\/\/www.karaoketexty.cz\/magazin\/?p=5375"},"modified":"2025-12-10T10:30:06","modified_gmt":"2025-12-10T09:30:06","slug":"monika-absolonova-zpet-na-vrcholu-co-stoji-za-jejim-comebackem-v-roce-2025","status":"publish","type":"post","link":"https:\/\/www.karaoketexty.cz\/magazin\/monika-absolonova-zpet-na-vrcholu-co-stoji-za-jejim-comebackem-v-roce-2025\/","title":{"rendered":"Monika Absolonov\u00e1 zp\u011bt na vrcholu: Co stoj\u00ed za jej\u00edm comebackem v roce 2025"},"content":{"rendered":"\n<p><strong>Po letech turbulence se Monika Absolonov\u00e1 vrac\u00ed zp\u011bt na vrchol. Rok 2025 byl pro ni p\u0159elomov\u00fd nejen pracovn\u011b, ale i osobn\u011b. <\/strong><\/p>\n\n\n\n<p>Monika Absolonov\u00e1 dok\u00e1zala n\u011bco, co m\u00e1lokdo \u010dekal. Po dlouh\u00e9 pauze a s\u00e9rii osobn\u00edch turbulenc\u00ed z\u00edskala v roce 2025 t\u0159et\u00ed m\u00edsto v anket\u011b \u010cesk\u00fd slav\u00edk, co\u017e n\u00e1m samoz\u0159ejm\u011b na Karaoketexty neuniklo. A nebyla to n\u00e1hoda ani nostalgick\u00fd hlas. Zp\u011bva\u010dka se skute\u010dn\u011b vr\u00e1tila mezi \u0161pi\u010dku. Jej\u00ed comeback nen\u00ed efektn\u00ed PR trik, ale v\u00fdsledek tvrd\u00e9 pr\u00e1ce a stabilizace \u017eivota, kterou odborn\u00edci i fanou\u0161ci jasn\u011b ocenili.<\/p>\n\n\n<!-- karaoketexty.cz \/ rectangle2 -->\n<div id=\"PX_37086_709110796310826\"><\/div>\n<script>\n   if(!useMobileAds && !boolUseSeznamAds && !hideAllAds){\n     window.px2 = window.px2 || { conf: {},queue: [] };\n     px2.queue.push(function () {\n        px2.render({\n           slot: {\n              id: 37086\n           },\n            elem: \"PX_37086_709110796310826\"\n        })\n     });\n  }\n<\/script>\n\n<!-- karaoketexty.cz \/ mobile-rectangle3 -->\n<div id=\"PX_37044_714599773297004\"><\/div>\n<script>\n   if(useMobileAds && !boolUseSeznamAds && !hideAllAds){\nwindow.px2 = window.px2 || { conf: {},queue: [] };\npx2.queue.push(function () {\n\tpx2.render({\n\t\tslot: {\n\t\t\tid: 37044\n\t\t},\n\t\telem: \"PX_37044_714599773297004\"\n\t})\n});\n}\n<\/script>\n\n\n<h2 class=\"wp-block-heading\">N<strong>\u00e1vrat, kter\u00fd p\u0159erostl v triumf<\/strong><\/h2>\n\n\n\n<p>Je\u0161t\u011b p\u0159ed p\u00e1r lety se o Absolonov\u00e9 psalo hlavn\u011b v souvislosti s rozchodem, d\u011btmi a lockdownov\u00fdmi livestreamy. Jej\u00ed kari\u00e9ra p\u016fsobila utlumen\u011b, jako by \u010dekala, a\u017e si \u017eivot sedne. Ten moment p\u0159i\u0161el a\u017e v posledn\u00edch dvou letech, kdy se zp\u011bva\u010dka vr\u00e1tila ke st\u00e1l\u00e9 divadeln\u00ed a koncertn\u00ed \u010dinnosti, po jednadvaceti letech vydala nov\u00e9 album a krok za krokem znovu z\u00edskala pozornost \u0161ir\u0161\u00edho publika. Slav\u00edk 2025 to jen potvrdil. T\u0159et\u00ed m\u00edsto po boku Ewy Farna a Lucie B\u00edl\u00e9 ji vrac\u00ed do ligy nejv\u011bt\u0161\u00edch jmen.<\/p>\n\n\n\n<h2 class=\"wp-block-heading\"><strong>Co j\u00ed p\u0159ineslo bronz? Stabilita, discipl\u00edna a n\u00e1vrat k tomu, co um\u00ed nejl\u00e9pe<\/strong><\/h2>\n\n\n\n<p>V jej\u00edm moment\u00e1ln\u00edm \u00fasp\u011bchu pravd\u011bpodobn\u011b rozhoduj\u00edc\u00ed roli sehr\u00e1l n\u00e1vrat do pln\u00e9ho muzik\u00e1lov\u00e9ho tempa. Absolonov\u00e1 m\u00e1 techniku a hlasov\u00fd rozsah, kter\u00e9 v\u011bt\u0161ina sou\u010dasn\u00fdch zp\u011bva\u010dek nem\u00e1. Jej\u00ed koncerty se op\u011bt vyprod\u00e1vaj\u00ed, a p\u0159edev\u0161\u00edm publikum u\u017e ji nevn\u00edm\u00e1 jako \u201etu z bulv\u00e1ru\u201c, ale jako profesion\u00e1lku.<\/p>\n\n\n<!-- karaoketexty.cz \/ interscroller1 -->\n\n<div id=\"PX_37041_825057871452834\"><\/div>\n<script>\nif(useMobileAds && !boolUseSeznamAds && !hideAllAds){\n\twindow.px2 = window.px2 || { conf: {},queue: [] };\n\tpx2.queue.push(function () {\n\t\tpx2.render({\n\t\t\tslot: {\n\t\t\t\tid: 37041\n\t\t\t},\n\t\t\telem: \"PX_37041_825057871452834\"\n\t\t})\n\t});\n}\n<\/script>\n\n\n<p>K tomu se p\u0159idala i jej\u00ed otev\u0159enost v\u016f\u010di fanou\u0161k\u016fm. Nehraje si na nedotknutelnou hv\u011bzdu, ale z\u00e1rove\u0148 dr\u017e\u00ed vysok\u00fd standard. \u201e<em>Kdy\u017e jsem \u010dasov\u011b v&nbsp;pohod\u011b, s&nbsp;radost\u00ed z\u016fst\u00e1v\u00e1m na m\u00edst\u011b, fot\u00edm se a&nbsp;podepisuju. V\u00e1\u017e\u00edm si toho, \u017ee o&nbsp;m\u011b publikum stoj\u00ed, \u017ee si koup\u00ed vstupenku, za\u0159\u00edd\u00ed hl\u00edd\u00e1n\u00ed d\u00edt\u011bte nebo psa a&nbsp;vyraz\u00ed na m\u016fj koncert \u010di p\u0159edstaven\u00ed,<\/em>\u201c uvedla pro Novinky. A v dob\u011b, kdy autenticita prod\u00e1v\u00e1 v\u00edc ne\u017e pozl\u00e1tko, je to p\u0159esn\u011b styl, kter\u00fd zab\u00edr\u00e1.<\/p>\n\n\n\n<iframe title=\"Monika Absolonov\u00e1 - Bronzov\u00e1 Slavice.  ( \u010cesk\u00fd slav\u00edk 2025 ).\" width=\"500\" height=\"281\" src=\"https:\/\/www.youtube.com\/embed\/k4P4yNSxQYQ?feature=oembed\" frameborder=\"0\" allow=\"accelerometer; autoplay; clipboard-write; encrypted-media; gyroscope; picture-in-picture; web-share\" referrerpolicy=\"strict-origin-when-cross-origin\" allowfullscreen><\/iframe>\n\n\n\n<h2 class=\"wp-block-heading\"><strong>Absolonov\u00e1 m\u00e1 objektivn\u011b nejlep\u0161\u00ed formu za dek\u00e1du<\/strong><\/h2>\n\n\n\n<p>Na s\u00edt\u00edch se objevily ohlasy, \u017ee jej\u00ed hlas zn\u011bl v roce 2025 v\u00fdrazn\u011b pevn\u011bji ne\u017e p\u0159ed p\u011bti \u010di sedmi lety. Kroky zp\u011bt do intenzivn\u00ed praxe, od zkou\u0161ek po koncertn\u00ed \u0161\u0148\u016fry, j\u00ed sedly. D\u00e1 se tak \u0159\u00edct, \u017ee Absolonov\u00e1 p\u0159in\u00e1\u0161\u00ed sm\u011bsici zku\u0161enost\u00ed, techniky a muzik\u00e1lov\u00e9 energie. V anket\u011b, kde \u010dasto rozhoduje moment\u00e1ln\u00ed popularita, jej\u00ed um\u00edst\u011bn\u00ed stoj\u00ed hlavn\u011b na kvalit\u011b. V\u0161ak si vyslou\u017eila t\u00e9m\u011b\u0159 43 tis\u00edc hlas\u016f, to rozhodn\u011b nen\u00ed \u017e\u00e1dn\u00e1 n\u00e1hoda.<\/p>\n\n\n\n<p>Bronzov\u00fd Slav\u00edk m\u016f\u017ee b\u00fdt pro Absolonovou z\u00e1sadn\u00ed zlom. U\u017e nyn\u00ed m\u00e1 napl\u00e1novan\u00e9 dal\u0161\u00ed koncerty, mezi nimi i narozeninov\u00fd v O2 universu, nov\u00e9 projekty a chce v\u00edc pracovat na vlastn\u00ed hudb\u011b mimo muzik\u00e1ly. Pokud tempo udr\u017e\u00ed, rok 2025 bude jen za\u010d\u00e1tkem jej\u00ed druh\u00e9 kari\u00e9rn\u00ed \u00e9ry, t\u00e9, kde stoj\u00ed na sc\u00e9n\u011b sebev\u011bdom\u011b a bez zat\u00ed\u017een\u00ed minulost\u00ed.<\/p>\n\n\n\n<p>Zdroj: Autorsk\u00fd text, <a href=\"https:\/\/tv.nova.cz\/porad\/cesky-slavik\/predchozi-rocniky\" target=\"_blank\" rel=\"noreferrer noopener nofollow\">TVNova<\/a>, <a href=\"https:\/\/www.novinky.cz\/clanek\/lifestyle-osobnosti-monika-absolonova-partnerske-vztahy-mi-nevysly-ale-ty-kamaradske-vsechny-do-jednoho-40513063\" target=\"_blank\" rel=\"noreferrer noopener nofollow\">Novinky<\/a>, <a href=\"http:\/\/www.absolonova.cz\/vystoupeni\/\" target=\"_blank\" rel=\"noreferrer noopener nofollow\">MonikaAbsolonov\u00e1<\/a>, <a href=\"https:\/\/www.instagram.com\/monika_absolonova\/?hl=cs\" target=\"_blank\" rel=\"noreferrer noopener nofollow\">Instagram MonikyAbsolonov\u00e9<\/a><\/p>\n\n\n            <a href=\"https:\/\/www.karaoketexty.cz\/magazin\/monika-absolonova-znovu-zazarila-ceny-thalie-pro-judy-i-poctu-ceskemu-muzikalu\/\" class=\"related-post-link\">\n                <div class=\"post-thumbnail\">\n                    <img decoding=\"async\" width=\"250\" height=\"153\" src=\"https:\/\/www.karaoketexty.cz\/magazin\/wp-content\/uploads\/2025\/11\/monika-absolonova.jpg\" class=\"attachment-250x180 size-250x180 not-transparent\" alt=\"Fotografie Moniky Absolonov\u00e9\" srcset=\"https:\/\/www.karaoketexty.cz\/magazin\/wp-content\/uploads\/2025\/11\/monika-absolonova.jpg 1200w, https:\/\/www.karaoketexty.cz\/magazin\/wp-content\/uploads\/2025\/11\/monika-absolonova-300x184.jpg 300w, https:\/\/www.karaoketexty.cz\/magazin\/wp-content\/uploads\/2025\/11\/monika-absolonova-1024x627.jpg 1024w, https:\/\/www.karaoketexty.cz\/magazin\/wp-content\/uploads\/2025\/11\/monika-absolonova-768x470.jpg 768w\" sizes=\"(max-width: 250px) 100vw, 250px\" data-has-transparency=\"false\" data-dominant-color=\"483127\" style=\"--dominant-color: #483127;\" \/>                <\/div>\n                <div class=\"post-details\">\n                    <span class=\"also-read\">\u010ct\u011bte tak\u00e9:<\/span>\n                    <h3 class=\"hed\">Monika Absolonov\u00e1 znovu zaz\u00e1\u0159ila. Ceny Th\u00e1lie pro Judy i poctu \u010desk\u00e9mu muzik\u00e1lu<\/h3>\n                <\/div>\n            <\/a>\n            \n\n            <a href=\"https:\/\/www.karaoketexty.cz\/magazin\/monika-absolonova-koncert-narozeniny-oslava\/\" class=\"related-post-link\">\n                <div class=\"post-thumbnail\">\n                    <img decoding=\"async\" width=\"250\" height=\"141\" src=\"https:\/\/www.karaoketexty.cz\/magazin\/wp-content\/uploads\/2025\/10\/Monika-Absolonova.jpg\" class=\"attachment-250x180 size-250x180 not-transparent\" alt=\"Fotografie Moniky Absolonov\u00e9\" srcset=\"https:\/\/www.karaoketexty.cz\/magazin\/wp-content\/uploads\/2025\/10\/Monika-Absolonova.jpg 1200w, https:\/\/www.karaoketexty.cz\/magazin\/wp-content\/uploads\/2025\/10\/Monika-Absolonova-300x169.jpg 300w, https:\/\/www.karaoketexty.cz\/magazin\/wp-content\/uploads\/2025\/10\/Monika-Absolonova-1024x576.jpg 1024w, https:\/\/www.karaoketexty.cz\/magazin\/wp-content\/uploads\/2025\/10\/Monika-Absolonova-768x432.jpg 768w, https:\/\/www.karaoketexty.cz\/magazin\/wp-content\/uploads\/2025\/10\/Monika-Absolonova-800x450.jpg 800w\" sizes=\"(max-width: 250px) 100vw, 250px\" data-has-transparency=\"false\" data-dominant-color=\"514b45\" style=\"--dominant-color: #514b45;\" \/>                <\/div>\n                <div class=\"post-details\">\n                    <span class=\"also-read\">\u010ct\u011bte tak\u00e9:<\/span>\n                    <h3 class=\"hed\">Monika Absolonov\u00e1 oslav\u00ed 50. narozeniny velk\u00fdm koncertem v Praze<\/h3>\n                <\/div>\n            <\/a>\n            ","protected":false},"excerpt":{"rendered":"<p>Po letech turbulence se Monika Absolonov\u00e1 vrac\u00ed zp\u011bt na vrchol. Rok 2025 byl pro ni p\u0159elomov\u00fd nejen pracovn\u011b, ale i osobn\u011b. <\/p>\n","protected":false},"author":4,"featured_media":5408,"comment_status":"open","ping_status":"closed","sticky":false,"template":"","format":"standard","meta":{"_yoast_wpseo_title":"Monika Absolonov\u00e1: N\u00e1vrat mezi elitu","_yoast_wpseo_metadesc":"Monika Absolonov\u00e1 pro\u017e\u00edv\u00e1 v roce 2025 z\u00e1sadn\u00ed n\u00e1vrat na \u010deskou hudebn\u00ed sc\u00e9nu. Vystoup\u00e1n\u00edm na \u201ebednu\u201c na Slav\u00edc\u00edch ale rozhodn\u011b nekon\u010d\u00ed.","footnotes":""},"categories":[1059],"tags":[562,571,12,1743,135,698,348,500,136,490,58,3876,581,610,535,266,1627,526,51],"class_list":["post-5375","post","type-post","status-publish","format-standard","has-post-thumbnail","hentry","category-celebrity","tag-ceska-celebrita","tag-ceska-hudba","tag-ceske-celebrity","tag-cesky-slavik","tag-ewa-farna","tag-fanousci","tag-hudebni-ceny","tag-instagram","tag-koncert","tag-koncerty","tag-lucie-bila","tag-monika-absolonova","tag-muzikaly","tag-navrat-na-podia","tag-nove-album","tag-o2","tag-o2-universum","tag-youtube","tag-zpevacka"],"yoast_head":"<!-- This site is optimized with the Yoast SEO plugin v27.5 - https:\/\/yoast.com\/product\/yoast-seo-wordpress\/ -->\n<title>Monika Absolonov\u00e1: N\u00e1vrat mezi elitu<\/title>\n<meta name=\"description\" content=\"Monika Absolonov\u00e1 pro\u017e\u00edv\u00e1 v roce 2025 z\u00e1sadn\u00ed n\u00e1vrat na \u010deskou hudebn\u00ed sc\u00e9nu. Vystoup\u00e1n\u00edm na \u201ebednu\u201c na Slav\u00edc\u00edch ale rozhodn\u011b nekon\u010d\u00ed.\" \/>\n<meta name=\"robots\" content=\"index, follow, max-snippet:-1, max-image-preview:large, max-video-preview:-1\" \/>\n<link rel=\"canonical\" href=\"https:\/\/www.karaoketexty.cz\/magazin\/monika-absolonova-zpet-na-vrcholu-co-stoji-za-jejim-comebackem-v-roce-2025\/\" \/>\n<meta property=\"og:locale\" content=\"cs_CZ\" \/>\n<meta property=\"og:type\" content=\"article\" \/>\n<meta property=\"og:title\" content=\"Monika Absolonov\u00e1: N\u00e1vrat mezi elitu\" \/>\n<meta property=\"og:description\" content=\"Monika Absolonov\u00e1 pro\u017e\u00edv\u00e1 v roce 2025 z\u00e1sadn\u00ed n\u00e1vrat na \u010deskou hudebn\u00ed sc\u00e9nu. Vystoup\u00e1n\u00edm na \u201ebednu\u201c na Slav\u00edc\u00edch ale rozhodn\u011b nekon\u010d\u00ed.\" \/>\n<meta property=\"og:url\" content=\"https:\/\/www.karaoketexty.cz\/magazin\/monika-absolonova-zpet-na-vrcholu-co-stoji-za-jejim-comebackem-v-roce-2025\/\" \/>\n<meta property=\"og:site_name\" content=\"Stars Magaz\u00edn Karaoketexty.cz\" \/>\n<meta property=\"article:published_time\" content=\"2025-12-11T05:28:00+00:00\" \/>\n<meta property=\"og:image\" content=\"https:\/\/www.karaoketexty.cz\/magazin\/wp-content\/uploads\/2025\/12\/monika-absolonova-cesky-slavik.jpg\" \/>\n\t<meta property=\"og:image:width\" content=\"1200\" \/>\n\t<meta property=\"og:image:height\" content=\"832\" \/>\n\t<meta property=\"og:image:type\" content=\"image\/jpeg\" \/>\n<meta name=\"author\" content=\"Barbora Kop\u0159ivov\u00e1\" \/>\n<meta name=\"twitter:card\" content=\"summary_large_image\" \/>\n<meta name=\"twitter:label1\" content=\"Napsal(a)\" \/>\n\t<meta name=\"twitter:data1\" content=\"Barbora Kop\u0159ivov\u00e1\" \/>\n\t<meta name=\"twitter:label2\" content=\"Odhadovan\u00e1 doba \u010dten\u00ed\" \/>\n\t<meta name=\"twitter:data2\" content=\"3 minuty\" \/>\n<script type=\"application\/ld+json\" class=\"yoast-schema-graph\">{\"@context\":\"https:\\\/\\\/schema.org\",\"@graph\":[{\"@type\":\"Article\",\"@id\":\"https:\\\/\\\/www.karaoketexty.cz\\\/magazin\\\/monika-absolonova-zpet-na-vrcholu-co-stoji-za-jejim-comebackem-v-roce-2025\\\/#article\",\"isPartOf\":{\"@id\":\"https:\\\/\\\/www.karaoketexty.cz\\\/magazin\\\/monika-absolonova-zpet-na-vrcholu-co-stoji-za-jejim-comebackem-v-roce-2025\\\/\"},\"author\":{\"name\":\"Barbora Kop\u0159ivov\u00e1\",\"@id\":\"https:\\\/\\\/www.karaoketexty.cz\\\/magazin\\\/#\\\/schema\\\/person\\\/37c0164a04038267c8a56ad6d60df749\"},\"headline\":\"Monika Absolonov\u00e1 zp\u011bt na vrcholu: Co stoj\u00ed za jej\u00edm comebackem v roce 2025\",\"datePublished\":\"2025-12-11T05:28:00+00:00\",\"mainEntityOfPage\":{\"@id\":\"https:\\\/\\\/www.karaoketexty.cz\\\/magazin\\\/monika-absolonova-zpet-na-vrcholu-co-stoji-za-jejim-comebackem-v-roce-2025\\\/\"},\"wordCount\":594,\"commentCount\":0,\"image\":{\"@id\":\"https:\\\/\\\/www.karaoketexty.cz\\\/magazin\\\/monika-absolonova-zpet-na-vrcholu-co-stoji-za-jejim-comebackem-v-roce-2025\\\/#primaryimage\"},\"thumbnailUrl\":\"https:\\\/\\\/www.karaoketexty.cz\\\/magazin\\\/wp-content\\\/uploads\\\/2025\\\/12\\\/monika-absolonova-cesky-slavik.jpg\",\"keywords\":[\"\u010desk\u00e1 celebrita\",\"\u010desk\u00e1 hudba\",\"\u010cesk\u00e9 celebrity\",\"\u010cesk\u00fd slav\u00edk\",\"Ewa Farna\",\"fanou\u0161ci\",\"Hudebn\u00ed ceny\",\"Instagram\",\"koncert\",\"koncerty\",\"Lucie B\u00edl\u00e1\",\"Monika Absolonov\u00e1\",\"muzik\u00e1ly\",\"n\u00e1vrat na p\u00f3dia\",\"nov\u00e9 album\",\"O2\",\"O2 Universum\",\"YouTube\",\"Zp\u011bva\u010dka\"],\"articleSection\":[\"Celebrity\"],\"inLanguage\":\"cs\",\"potentialAction\":[{\"@type\":\"CommentAction\",\"name\":\"Comment\",\"target\":[\"https:\\\/\\\/www.karaoketexty.cz\\\/magazin\\\/monika-absolonova-zpet-na-vrcholu-co-stoji-za-jejim-comebackem-v-roce-2025\\\/#respond\"]}]},{\"@type\":\"WebPage\",\"@id\":\"https:\\\/\\\/www.karaoketexty.cz\\\/magazin\\\/monika-absolonova-zpet-na-vrcholu-co-stoji-za-jejim-comebackem-v-roce-2025\\\/\",\"url\":\"https:\\\/\\\/www.karaoketexty.cz\\\/magazin\\\/monika-absolonova-zpet-na-vrcholu-co-stoji-za-jejim-comebackem-v-roce-2025\\\/\",\"name\":\"Monika Absolonov\u00e1: N\u00e1vrat mezi elitu\",\"isPartOf\":{\"@id\":\"https:\\\/\\\/www.karaoketexty.cz\\\/magazin\\\/#website\"},\"primaryImageOfPage\":{\"@id\":\"https:\\\/\\\/www.karaoketexty.cz\\\/magazin\\\/monika-absolonova-zpet-na-vrcholu-co-stoji-za-jejim-comebackem-v-roce-2025\\\/#primaryimage\"},\"image\":{\"@id\":\"https:\\\/\\\/www.karaoketexty.cz\\\/magazin\\\/monika-absolonova-zpet-na-vrcholu-co-stoji-za-jejim-comebackem-v-roce-2025\\\/#primaryimage\"},\"thumbnailUrl\":\"https:\\\/\\\/www.karaoketexty.cz\\\/magazin\\\/wp-content\\\/uploads\\\/2025\\\/12\\\/monika-absolonova-cesky-slavik.jpg\",\"datePublished\":\"2025-12-11T05:28:00+00:00\",\"author\":{\"@id\":\"https:\\\/\\\/www.karaoketexty.cz\\\/magazin\\\/#\\\/schema\\\/person\\\/37c0164a04038267c8a56ad6d60df749\"},\"description\":\"Monika Absolonov\u00e1 pro\u017e\u00edv\u00e1 v roce 2025 z\u00e1sadn\u00ed n\u00e1vrat na \u010deskou hudebn\u00ed sc\u00e9nu. Vystoup\u00e1n\u00edm na \u201ebednu\u201c na Slav\u00edc\u00edch ale rozhodn\u011b nekon\u010d\u00ed.\",\"breadcrumb\":{\"@id\":\"https:\\\/\\\/www.karaoketexty.cz\\\/magazin\\\/monika-absolonova-zpet-na-vrcholu-co-stoji-za-jejim-comebackem-v-roce-2025\\\/#breadcrumb\"},\"inLanguage\":\"cs\",\"potentialAction\":[{\"@type\":\"ReadAction\",\"target\":[\"https:\\\/\\\/www.karaoketexty.cz\\\/magazin\\\/monika-absolonova-zpet-na-vrcholu-co-stoji-za-jejim-comebackem-v-roce-2025\\\/\"]}]},{\"@type\":\"ImageObject\",\"inLanguage\":\"cs\",\"@id\":\"https:\\\/\\\/www.karaoketexty.cz\\\/magazin\\\/monika-absolonova-zpet-na-vrcholu-co-stoji-za-jejim-comebackem-v-roce-2025\\\/#primaryimage\",\"url\":\"https:\\\/\\\/www.karaoketexty.cz\\\/magazin\\\/wp-content\\\/uploads\\\/2025\\\/12\\\/monika-absolonova-cesky-slavik.jpg\",\"contentUrl\":\"https:\\\/\\\/www.karaoketexty.cz\\\/magazin\\\/wp-content\\\/uploads\\\/2025\\\/12\\\/monika-absolonova-cesky-slavik.jpg\",\"width\":1200,\"height\":832,\"caption\":\"Foto: Nextfoto, Monika Absolonov\u00e1 na vyhl\u00e1\u0161en\u00ed ankety \u010cesk\u00fd slav\u00edk 2025\"},{\"@type\":\"BreadcrumbList\",\"@id\":\"https:\\\/\\\/www.karaoketexty.cz\\\/magazin\\\/monika-absolonova-zpet-na-vrcholu-co-stoji-za-jejim-comebackem-v-roce-2025\\\/#breadcrumb\",\"itemListElement\":[{\"@type\":\"ListItem\",\"position\":1,\"name\":\"Dom\u016f\",\"item\":\"https:\\\/\\\/www.karaoketexty.cz\\\/magazin\\\/\"},{\"@type\":\"ListItem\",\"position\":2,\"name\":\"Monika Absolonov\u00e1 zp\u011bt na vrcholu: Co stoj\u00ed za jej\u00edm comebackem v roce 2025\"}]},{\"@type\":\"WebSite\",\"@id\":\"https:\\\/\\\/www.karaoketexty.cz\\\/magazin\\\/#website\",\"url\":\"https:\\\/\\\/www.karaoketexty.cz\\\/magazin\\\/\",\"name\":\"Stars Magaz\u00edn Karaoketexty.cz\",\"description\":\"Stars Magaz\u00edn na Karaoketexty.cz je zam\u011b\u0159en\u00fd na novinky ze sv\u011bta hudby a celebrit. Obsahuje \u010dl\u00e1nky o zp\u011bv\u00e1c\u00edch, kapel\u00e1ch, nov\u00fdch albech, hudebn\u00edch trendech a dal\u0161\u00edch zaj\u00edmavostech z hudebn\u00edho pr\u016fmyslu.\",\"potentialAction\":[{\"@type\":\"SearchAction\",\"target\":{\"@type\":\"EntryPoint\",\"urlTemplate\":\"https:\\\/\\\/www.karaoketexty.cz\\\/magazin\\\/?s={search_term_string}\"},\"query-input\":{\"@type\":\"PropertyValueSpecification\",\"valueRequired\":true,\"valueName\":\"search_term_string\"}}],\"inLanguage\":\"cs\"},{\"@type\":\"Person\",\"@id\":\"https:\\\/\\\/www.karaoketexty.cz\\\/magazin\\\/#\\\/schema\\\/person\\\/37c0164a04038267c8a56ad6d60df749\",\"name\":\"Barbora Kop\u0159ivov\u00e1\",\"image\":{\"@type\":\"ImageObject\",\"inLanguage\":\"cs\",\"@id\":\"https:\\\/\\\/secure.gravatar.com\\\/avatar\\\/ad2ef9810228386d580851ef4bdde76abaa96054ff5b068c8873bc91afb2df84?s=96&d=mm&r=g\",\"url\":\"https:\\\/\\\/secure.gravatar.com\\\/avatar\\\/ad2ef9810228386d580851ef4bdde76abaa96054ff5b068c8873bc91afb2df84?s=96&d=mm&r=g\",\"contentUrl\":\"https:\\\/\\\/secure.gravatar.com\\\/avatar\\\/ad2ef9810228386d580851ef4bdde76abaa96054ff5b068c8873bc91afb2df84?s=96&d=mm&r=g\",\"caption\":\"Barbora Kop\u0159ivov\u00e1\"},\"url\":\"https:\\\/\\\/www.karaoketexty.cz\\\/magazin\\\/author\\\/barborakoprivova\\\/\"}]}<\/script>\n<!-- \/ Yoast SEO plugin. -->","yoast_head_json":{"title":"Monika Absolonov\u00e1: N\u00e1vrat mezi elitu","description":"Monika Absolonov\u00e1 pro\u017e\u00edv\u00e1 v roce 2025 z\u00e1sadn\u00ed n\u00e1vrat na \u010deskou hudebn\u00ed sc\u00e9nu. Vystoup\u00e1n\u00edm na \u201ebednu\u201c na Slav\u00edc\u00edch ale rozhodn\u011b nekon\u010d\u00ed.","robots":{"index":"index","follow":"follow","max-snippet":"max-snippet:-1","max-image-preview":"max-image-preview:large","max-video-preview":"max-video-preview:-1"},"canonical":"https:\/\/www.karaoketexty.cz\/magazin\/monika-absolonova-zpet-na-vrcholu-co-stoji-za-jejim-comebackem-v-roce-2025\/","og_locale":"cs_CZ","og_type":"article","og_title":"Monika Absolonov\u00e1: N\u00e1vrat mezi elitu","og_description":"Monika Absolonov\u00e1 pro\u017e\u00edv\u00e1 v roce 2025 z\u00e1sadn\u00ed n\u00e1vrat na \u010deskou hudebn\u00ed sc\u00e9nu. Vystoup\u00e1n\u00edm na \u201ebednu\u201c na Slav\u00edc\u00edch ale rozhodn\u011b nekon\u010d\u00ed.","og_url":"https:\/\/www.karaoketexty.cz\/magazin\/monika-absolonova-zpet-na-vrcholu-co-stoji-za-jejim-comebackem-v-roce-2025\/","og_site_name":"Stars Magaz\u00edn Karaoketexty.cz","article_published_time":"2025-12-11T05:28:00+00:00","og_image":[{"width":1200,"height":832,"url":"https:\/\/www.karaoketexty.cz\/magazin\/wp-content\/uploads\/2025\/12\/monika-absolonova-cesky-slavik.jpg","type":"image\/jpeg"}],"author":"Barbora Kop\u0159ivov\u00e1","twitter_card":"summary_large_image","twitter_misc":{"Napsal(a)":"Barbora Kop\u0159ivov\u00e1","Odhadovan\u00e1 doba \u010dten\u00ed":"3 minuty"},"schema":{"@context":"https:\/\/schema.org","@graph":[{"@type":"Article","@id":"https:\/\/www.karaoketexty.cz\/magazin\/monika-absolonova-zpet-na-vrcholu-co-stoji-za-jejim-comebackem-v-roce-2025\/#article","isPartOf":{"@id":"https:\/\/www.karaoketexty.cz\/magazin\/monika-absolonova-zpet-na-vrcholu-co-stoji-za-jejim-comebackem-v-roce-2025\/"},"author":{"name":"Barbora Kop\u0159ivov\u00e1","@id":"https:\/\/www.karaoketexty.cz\/magazin\/#\/schema\/person\/37c0164a04038267c8a56ad6d60df749"},"headline":"Monika Absolonov\u00e1 zp\u011bt na vrcholu: Co stoj\u00ed za jej\u00edm comebackem v roce 2025","datePublished":"2025-12-11T05:28:00+00:00","mainEntityOfPage":{"@id":"https:\/\/www.karaoketexty.cz\/magazin\/monika-absolonova-zpet-na-vrcholu-co-stoji-za-jejim-comebackem-v-roce-2025\/"},"wordCount":594,"commentCount":0,"image":{"@id":"https:\/\/www.karaoketexty.cz\/magazin\/monika-absolonova-zpet-na-vrcholu-co-stoji-za-jejim-comebackem-v-roce-2025\/#primaryimage"},"thumbnailUrl":"https:\/\/www.karaoketexty.cz\/magazin\/wp-content\/uploads\/2025\/12\/monika-absolonova-cesky-slavik.jpg","keywords":["\u010desk\u00e1 celebrita","\u010desk\u00e1 hudba","\u010cesk\u00e9 celebrity","\u010cesk\u00fd slav\u00edk","Ewa Farna","fanou\u0161ci","Hudebn\u00ed ceny","Instagram","koncert","koncerty","Lucie B\u00edl\u00e1","Monika Absolonov\u00e1","muzik\u00e1ly","n\u00e1vrat na p\u00f3dia","nov\u00e9 album","O2","O2 Universum","YouTube","Zp\u011bva\u010dka"],"articleSection":["Celebrity"],"inLanguage":"cs","potentialAction":[{"@type":"CommentAction","name":"Comment","target":["https:\/\/www.karaoketexty.cz\/magazin\/monika-absolonova-zpet-na-vrcholu-co-stoji-za-jejim-comebackem-v-roce-2025\/#respond"]}]},{"@type":"WebPage","@id":"https:\/\/www.karaoketexty.cz\/magazin\/monika-absolonova-zpet-na-vrcholu-co-stoji-za-jejim-comebackem-v-roce-2025\/","url":"https:\/\/www.karaoketexty.cz\/magazin\/monika-absolonova-zpet-na-vrcholu-co-stoji-za-jejim-comebackem-v-roce-2025\/","name":"Monika Absolonov\u00e1: N\u00e1vrat mezi elitu","isPartOf":{"@id":"https:\/\/www.karaoketexty.cz\/magazin\/#website"},"primaryImageOfPage":{"@id":"https:\/\/www.karaoketexty.cz\/magazin\/monika-absolonova-zpet-na-vrcholu-co-stoji-za-jejim-comebackem-v-roce-2025\/#primaryimage"},"image":{"@id":"https:\/\/www.karaoketexty.cz\/magazin\/monika-absolonova-zpet-na-vrcholu-co-stoji-za-jejim-comebackem-v-roce-2025\/#primaryimage"},"thumbnailUrl":"https:\/\/www.karaoketexty.cz\/magazin\/wp-content\/uploads\/2025\/12\/monika-absolonova-cesky-slavik.jpg","datePublished":"2025-12-11T05:28:00+00:00","author":{"@id":"https:\/\/www.karaoketexty.cz\/magazin\/#\/schema\/person\/37c0164a04038267c8a56ad6d60df749"},"description":"Monika Absolonov\u00e1 pro\u017e\u00edv\u00e1 v roce 2025 z\u00e1sadn\u00ed n\u00e1vrat na \u010deskou hudebn\u00ed sc\u00e9nu. Vystoup\u00e1n\u00edm na \u201ebednu\u201c na Slav\u00edc\u00edch ale rozhodn\u011b nekon\u010d\u00ed.","breadcrumb":{"@id":"https:\/\/www.karaoketexty.cz\/magazin\/monika-absolonova-zpet-na-vrcholu-co-stoji-za-jejim-comebackem-v-roce-2025\/#breadcrumb"},"inLanguage":"cs","potentialAction":[{"@type":"ReadAction","target":["https:\/\/www.karaoketexty.cz\/magazin\/monika-absolonova-zpet-na-vrcholu-co-stoji-za-jejim-comebackem-v-roce-2025\/"]}]},{"@type":"ImageObject","inLanguage":"cs","@id":"https:\/\/www.karaoketexty.cz\/magazin\/monika-absolonova-zpet-na-vrcholu-co-stoji-za-jejim-comebackem-v-roce-2025\/#primaryimage","url":"https:\/\/www.karaoketexty.cz\/magazin\/wp-content\/uploads\/2025\/12\/monika-absolonova-cesky-slavik.jpg","contentUrl":"https:\/\/www.karaoketexty.cz\/magazin\/wp-content\/uploads\/2025\/12\/monika-absolonova-cesky-slavik.jpg","width":1200,"height":832,"caption":"Foto: Nextfoto, Monika Absolonov\u00e1 na vyhl\u00e1\u0161en\u00ed ankety \u010cesk\u00fd slav\u00edk 2025"},{"@type":"BreadcrumbList","@id":"https:\/\/www.karaoketexty.cz\/magazin\/monika-absolonova-zpet-na-vrcholu-co-stoji-za-jejim-comebackem-v-roce-2025\/#breadcrumb","itemListElement":[{"@type":"ListItem","position":1,"name":"Dom\u016f","item":"https:\/\/www.karaoketexty.cz\/magazin\/"},{"@type":"ListItem","position":2,"name":"Monika Absolonov\u00e1 zp\u011bt na vrcholu: Co stoj\u00ed za jej\u00edm comebackem v roce 2025"}]},{"@type":"WebSite","@id":"https:\/\/www.karaoketexty.cz\/magazin\/#website","url":"https:\/\/www.karaoketexty.cz\/magazin\/","name":"Stars Magaz\u00edn Karaoketexty.cz","description":"Stars Magaz\u00edn na Karaoketexty.cz je zam\u011b\u0159en\u00fd na novinky ze sv\u011bta hudby a celebrit. Obsahuje \u010dl\u00e1nky o zp\u011bv\u00e1c\u00edch, kapel\u00e1ch, nov\u00fdch albech, hudebn\u00edch trendech a dal\u0161\u00edch zaj\u00edmavostech z hudebn\u00edho pr\u016fmyslu.","potentialAction":[{"@type":"SearchAction","target":{"@type":"EntryPoint","urlTemplate":"https:\/\/www.karaoketexty.cz\/magazin\/?s={search_term_string}"},"query-input":{"@type":"PropertyValueSpecification","valueRequired":true,"valueName":"search_term_string"}}],"inLanguage":"cs"},{"@type":"Person","@id":"https:\/\/www.karaoketexty.cz\/magazin\/#\/schema\/person\/37c0164a04038267c8a56ad6d60df749","name":"Barbora Kop\u0159ivov\u00e1","image":{"@type":"ImageObject","inLanguage":"cs","@id":"https:\/\/secure.gravatar.com\/avatar\/ad2ef9810228386d580851ef4bdde76abaa96054ff5b068c8873bc91afb2df84?s=96&d=mm&r=g","url":"https:\/\/secure.gravatar.com\/avatar\/ad2ef9810228386d580851ef4bdde76abaa96054ff5b068c8873bc91afb2df84?s=96&d=mm&r=g","contentUrl":"https:\/\/secure.gravatar.com\/avatar\/ad2ef9810228386d580851ef4bdde76abaa96054ff5b068c8873bc91afb2df84?s=96&d=mm&r=g","caption":"Barbora Kop\u0159ivov\u00e1"},"url":"https:\/\/www.karaoketexty.cz\/magazin\/author\/barborakoprivova\/"}]}},"_links":{"self":[{"href":"https:\/\/www.karaoketexty.cz\/magazin\/wp-json\/wp\/v2\/posts\/5375","targetHints":{"allow":["GET"]}}],"collection":[{"href":"https:\/\/www.karaoketexty.cz\/magazin\/wp-json\/wp\/v2\/posts"}],"about":[{"href":"https:\/\/www.karaoketexty.cz\/magazin\/wp-json\/wp\/v2\/types\/post"}],"author":[{"embeddable":true,"href":"https:\/\/www.karaoketexty.cz\/magazin\/wp-json\/wp\/v2\/users\/4"}],"replies":[{"embeddable":true,"href":"https:\/\/www.karaoketexty.cz\/magazin\/wp-json\/wp\/v2\/comments?post=5375"}],"version-history":[{"count":5,"href":"https:\/\/www.karaoketexty.cz\/magazin\/wp-json\/wp\/v2\/posts\/5375\/revisions"}],"predecessor-version":[{"id":5422,"href":"https:\/\/www.karaoketexty.cz\/magazin\/wp-json\/wp\/v2\/posts\/5375\/revisions\/5422"}],"wp:featuredmedia":[{"embeddable":true,"href":"https:\/\/www.karaoketexty.cz\/magazin\/wp-json\/wp\/v2\/media\/5408"}],"wp:attachment":[{"href":"https:\/\/www.karaoketexty.cz\/magazin\/wp-json\/wp\/v2\/media?parent=5375"}],"wp:term":[{"taxonomy":"category","embeddable":true,"href":"https:\/\/www.karaoketexty.cz\/magazin\/wp-json\/wp\/v2\/categories?post=5375"},{"taxonomy":"post_tag","embeddable":true,"href":"https:\/\/www.karaoketexty.cz\/magazin\/wp-json\/wp\/v2\/tags?post=5375"}],"curies":[{"name":"wp","href":"https:\/\/api.w.org\/{rel}","templated":true}]}}