{"id":5341,"date":"2025-12-12T07:46:00","date_gmt":"2025-12-12T06:46:00","guid":{"rendered":"https:\/\/www.karaoketexty.cz\/magazin\/?p=5341"},"modified":"2025-12-10T11:53:52","modified_gmt":"2025-12-10T10:53:52","slug":"nove-duo-ewa-a-vasek-farna-a-noid-barta-by-spolu-zneli-skvele-fanousci-by-si-spolecnou-pisen-moc-prali","status":"publish","type":"post","link":"https:\/\/www.karaoketexty.cz\/magazin\/nove-duo-ewa-a-vasek-farna-a-noid-barta-by-spolu-zneli-skvele-fanousci-by-si-spolecnou-pisen-moc-prali\/","title":{"rendered":"Nov\u00e9 duo Ewa a Va\u0161ek? Farna a Noid B\u00e1rta by spolu zn\u011bli skv\u011ble, fanou\u0161ci by si spole\u010dnou p\u00edse\u0148 moc p\u0159\u00e1li"},"content":{"rendered":"\n<p><strong>Nov\u00e9 hudebn\u00ed duo na \u010desk\u00e9 sc\u00e9n\u011b? Zp\u011bva\u010dka Ewa Farna jako absolutn\u00ed slavice stanula vedle drs\u0148\u00e1ka V\u00e1clava Noida B\u00e1rty.<\/strong><\/p>\n\n\n\n<p>Ve\u010der 21. listopadu 2025 p\u0159inesl p\u0159ekvapen\u00ed. Ewa Farna v ten den obh\u00e1jila v\u00edt\u011bzstv\u00ed jako zp\u011bva\u010dka a stala se za leto\u0161ek i absolutn\u00ed slavic\u00ed ankety \u010cesk\u00fd slav\u00edk. Ve stejn\u00e9 anket\u011b byl novou hv\u011bzdou zvolen i V\u00e1clav Noid B\u00e1rta, kter\u00fd v\u016fbec poprv\u00e9 pronikl na vrchol v kategorii zp\u011bv\u00e1k\u016f. Stanuli tak na piedestalech jako v\u00edt\u011bzov\u00e9 bok po boku. Jak jsme si v redakci Karaoketexty.cz v\u0161imli v koment\u00e1\u0159\u00edch na soci\u00e1ln\u00edch s\u00edt\u00edch, fanou\u0161ci volaj\u00ed po spole\u010dn\u00e9m duetu.<\/p>\n\n\n<!-- karaoketexty.cz \/ rectangle2 -->\n<div id=\"PX_37086_709110796310826\"><\/div>\n<script>\n   if(!useMobileAds && !boolUseSeznamAds && !hideAllAds){\n     window.px2 = window.px2 || { conf: {},queue: [] };\n     px2.queue.push(function () {\n        px2.render({\n           slot: {\n              id: 37086\n           },\n            elem: \"PX_37086_709110796310826\"\n        })\n     });\n  }\n<\/script>\n\n<!-- karaoketexty.cz \/ mobile-rectangle3 -->\n<div id=\"PX_37044_714599773297004\"><\/div>\n<script>\n   if(useMobileAds && !boolUseSeznamAds && !hideAllAds){\nwindow.px2 = window.px2 || { conf: {},queue: [] };\npx2.queue.push(function () {\n\tpx2.render({\n\t\tslot: {\n\t\t\tid: 37044\n\t\t},\n\t\telem: \"PX_37044_714599773297004\"\n\t})\n});\n}\n<\/script>\n\n\n<h2 class=\"wp-block-heading\">Ewa Farna, od objevu roku a\u017e po megastar<\/h2>\n\n\n\n<p>Ewa Farna poch\u00e1z\u00ed z pohrani\u010dn\u00ed obce Vendryn\u011b a narodila se v T\u0159inci jako nejstar\u0161\u00ed ze t\u0159\u00ed d\u011bt\u00ed. Jej\u00ed otec Tadeusz je muzikant, matka a sourozenci s hudbou tak\u00e9 koketuj\u00ed. Farna m\u00e1 polsk\u00e9 a \u010desk\u00e9 ob\u010danstv\u00ed, sama sebe v\u0161ak v rozhovorech prezentuje jako hrdou Polku.<\/p>\n\n\n\n<p>Hudebn\u00ed kari\u00e9ru rozjela brzy. U\u017e ve 13 letech vydala singl M\u011bls m\u011b v\u016fbec r\u00e1d, kter\u00fd se stal hitem doslova b\u011bhem chvilky, a debutov\u00e9 album se stalo platinov\u00fdm. B\u011bhem let vydala \u0159adu alb jak v \u010de\u0161tin\u011b, tak v pol\u0161tin\u011b, \u00fa\u010dinkovala jako porotkyn\u011b v sout\u011b\u017e\u00edch typu X-Factor \u010di Idol a vedla vlastn\u00ed hudebn\u00ed firmu, jak uv\u00e1d\u00ed na sv\u00e9m webu.<\/p>\n\n\n<!-- karaoketexty.cz \/ interscroller1 -->\n\n<div id=\"PX_37041_825057871452834\"><\/div>\n<script>\nif(useMobileAds && !boolUseSeznamAds && !hideAllAds){\n\twindow.px2 = window.px2 || { conf: {},queue: [] };\n\tpx2.queue.push(function () {\n\t\tpx2.render({\n\t\t\tslot: {\n\t\t\t\tid: 37041\n\t\t\t},\n\t\t\telem: \"PX_37041_825057871452834\"\n\t\t})\n\t});\n}\n<\/script>\n\n\n<p>Vytvo\u0159ila si slu\u0161nou fanou\u0161kovskou z\u00e1kladnu v \u010cesku i v Polsku. Aktivn\u011b podporuje polskou men\u0161inu v Trans-Olzu a anga\u017euje se ve\u0159ejn\u011b ve spole\u010densk\u00fdch ot\u00e1zk\u00e1ch. V roce 2025 znovu ovl\u00e1dla \u010cesk\u00e9ho slav\u00edka, a to nejen jako \u201eZp\u011bva\u010dka roku\u201c, ale i jako absolutn\u00ed v\u00edt\u011bzka a slavice, \u010d\u00edm\u017e jen utvrdila svou vedouc\u00ed pozici.<\/p>\n\n\n\n<h2 class=\"wp-block-heading\">V\u00e1clav Noid B\u00e1rta, rockov\u00e1 krev, muzik\u00e1ly i s\u00f3lov\u00fd el\u00e1n<\/h2>\n\n\n\n<p>V\u00e1clav Noid B\u00e1rta se narodil v Praze v rodin\u011b hudebn\u00edk\u016f. Jeho otec je texta\u0159 a re\u017eis\u00e9r, matka zp\u011bva\u010dka. U\u017e od d\u011btstv\u00ed se u\u010dil na klav\u00edr, klarinet, zobcovou fl\u00e9tnu, pozd\u011bji si osvojil i kytaru, basu \u010di bic\u00ed. Prvn\u00ed hudebn\u00ed zku\u0161enosti sb\u00edral v nu-metalov\u00e9 kapele Dolores Clan, kterou spoluzalo\u017eil v roce 1999. Kapela vydala n\u011bkolik alb a v roce 2004 dokonce p\u0159edskakovala sv\u011btov\u00e9 skupin\u011b Limp Bizkit v Praze. Po rozpadu Dolores Clan v roce 2005 Noid B\u00e1rta pokra\u010doval v hudb\u011b, nejprve s projektem Noid Crew, pozd\u011bji jako s\u00f3lista a skladatel, nyn\u00ed jako zp\u011bv\u00e1k kapely Dymytry.<\/p>\n\n\n\n<blockquote class=\"instagram-media\" data-instgrm-captioned data-instgrm-permalink=\"https:\/\/www.instagram.com\/p\/DRXrSj_DP1z\/?utm_source=ig_embed&amp;utm_campaign=loading\" data-instgrm-version=\"14\" style=\" background:#FFF; border:0; border-radius:3px; box-shadow:0 0 1px 0 rgba(0,0,0,0.5),0 1px 10px 0 rgba(0,0,0,0.15); margin: 1px; max-width:540px; min-width:326px; padding:0; width:99.375%; width:-webkit-calc(100% - 2px); width:calc(100% - 2px);\"><div style=\"padding:16px;\"> <a href=\"https:\/\/www.instagram.com\/p\/DRXrSj_DP1z\/?utm_source=ig_embed&amp;utm_campaign=loading\" style=\" background:#FFFFFF; line-height:0; padding:0 0; text-align:center; text-decoration:none; width:100%;\" target=\"_blank\"> <div style=\" display: flex; flex-direction: row; align-items: center;\"> <div style=\"background-color: #F4F4F4; border-radius: 50%; flex-grow: 0; height: 40px; margin-right: 14px; width: 40px;\"><\/div> <div style=\"display: flex; flex-direction: column; flex-grow: 1; justify-content: center;\"> <div style=\" background-color: #F4F4F4; border-radius: 4px; flex-grow: 0; height: 14px; margin-bottom: 6px; width: 100px;\"><\/div> <div style=\" background-color: #F4F4F4; border-radius: 4px; flex-grow: 0; height: 14px; width: 60px;\"><\/div><\/div><\/div><div style=\"padding: 19% 0;\"><\/div> <div style=\"display:block; height:50px; margin:0 auto 12px; width:50px;\"><svg width=\"50px\" height=\"50px\" viewBox=\"0 0 60 60\" version=\"1.1\" xmlns=\"https:\/\/www.w3.org\/2000\/svg\" xmlns:xlink=\"https:\/\/www.w3.org\/1999\/xlink\"><g stroke=\"none\" stroke-width=\"1\" fill=\"none\" fill-rule=\"evenodd\"><g transform=\"translate(-511.000000, -20.000000)\" fill=\"#000000\"><g><path d=\"M556.869,30.41 C554.814,30.41 553.148,32.076 553.148,34.131 C553.148,36.186 554.814,37.852 556.869,37.852 C558.924,37.852 560.59,36.186 560.59,34.131 C560.59,32.076 558.924,30.41 556.869,30.41 M541,60.657 C535.114,60.657 530.342,55.887 530.342,50 C530.342,44.114 535.114,39.342 541,39.342 C546.887,39.342 551.658,44.114 551.658,50 C551.658,55.887 546.887,60.657 541,60.657 M541,33.886 C532.1,33.886 524.886,41.1 524.886,50 C524.886,58.899 532.1,66.113 541,66.113 C549.9,66.113 557.115,58.899 557.115,50 C557.115,41.1 549.9,33.886 541,33.886 M565.378,62.101 C565.244,65.022 564.756,66.606 564.346,67.663 C563.803,69.06 563.154,70.057 562.106,71.106 C561.058,72.155 560.06,72.803 558.662,73.347 C557.607,73.757 556.021,74.244 553.102,74.378 C549.944,74.521 548.997,74.552 541,74.552 C533.003,74.552 532.056,74.521 528.898,74.378 C525.979,74.244 524.393,73.757 523.338,73.347 C521.94,72.803 520.942,72.155 519.894,71.106 C518.846,70.057 518.197,69.06 517.654,67.663 C517.244,66.606 516.755,65.022 516.623,62.101 C516.479,58.943 516.448,57.996 516.448,50 C516.448,42.003 516.479,41.056 516.623,37.899 C516.755,34.978 517.244,33.391 517.654,32.338 C518.197,30.938 518.846,29.942 519.894,28.894 C520.942,27.846 521.94,27.196 523.338,26.654 C524.393,26.244 525.979,25.756 528.898,25.623 C532.057,25.479 533.004,25.448 541,25.448 C548.997,25.448 549.943,25.479 553.102,25.623 C556.021,25.756 557.607,26.244 558.662,26.654 C560.06,27.196 561.058,27.846 562.106,28.894 C563.154,29.942 563.803,30.938 564.346,32.338 C564.756,33.391 565.244,34.978 565.378,37.899 C565.522,41.056 565.552,42.003 565.552,50 C565.552,57.996 565.522,58.943 565.378,62.101 M570.82,37.631 C570.674,34.438 570.167,32.258 569.425,30.349 C568.659,28.377 567.633,26.702 565.965,25.035 C564.297,23.368 562.623,22.342 560.652,21.575 C558.743,20.834 556.562,20.326 553.369,20.18 C550.169,20.033 549.148,20 541,20 C532.853,20 531.831,20.033 528.631,20.18 C525.438,20.326 523.257,20.834 521.349,21.575 C519.376,22.342 517.703,23.368 516.035,25.035 C514.368,26.702 513.342,28.377 512.574,30.349 C511.834,32.258 511.326,34.438 511.181,37.631 C511.035,40.831 511,41.851 511,50 C511,58.147 511.035,59.17 511.181,62.369 C511.326,65.562 511.834,67.743 512.574,69.651 C513.342,71.625 514.368,73.296 516.035,74.965 C517.703,76.634 519.376,77.658 521.349,78.425 C523.257,79.167 525.438,79.673 528.631,79.82 C531.831,79.965 532.853,80.001 541,80.001 C549.148,80.001 550.169,79.965 553.369,79.82 C556.562,79.673 558.743,79.167 560.652,78.425 C562.623,77.658 564.297,76.634 565.965,74.965 C567.633,73.296 568.659,71.625 569.425,69.651 C570.167,67.743 570.674,65.562 570.82,62.369 C570.966,59.17 571,58.147 571,50 C571,41.851 570.966,40.831 570.82,37.631\"><\/path><\/g><\/g><\/g><\/svg><\/div><div style=\"padding-top: 8px;\"> <div style=\" color:#3897f0; font-family:Arial,sans-serif; font-size:14px; font-style:normal; font-weight:550; line-height:18px;\">Zobrazit p\u0159\u00edsp\u011bvek na Instagramu<\/div><\/div><div style=\"padding: 12.5% 0;\"><\/div> <div style=\"display: flex; flex-direction: row; margin-bottom: 14px; align-items: center;\"><div> <div style=\"background-color: #F4F4F4; border-radius: 50%; height: 12.5px; width: 12.5px; transform: translateX(0px) translateY(7px);\"><\/div> <div style=\"background-color: #F4F4F4; height: 12.5px; transform: rotate(-45deg) translateX(3px) translateY(1px); width: 12.5px; flex-grow: 0; margin-right: 14px; margin-left: 2px;\"><\/div> <div style=\"background-color: #F4F4F4; border-radius: 50%; height: 12.5px; width: 12.5px; transform: translateX(9px) translateY(-18px);\"><\/div><\/div><div style=\"margin-left: 8px;\"> <div style=\" background-color: #F4F4F4; border-radius: 50%; flex-grow: 0; height: 20px; width: 20px;\"><\/div> <div style=\" width: 0; height: 0; border-top: 2px solid transparent; border-left: 6px solid #f4f4f4; border-bottom: 2px solid transparent; transform: translateX(16px) translateY(-4px) rotate(30deg)\"><\/div><\/div><div style=\"margin-left: auto;\"> <div style=\" width: 0px; border-top: 8px solid #F4F4F4; border-right: 8px solid transparent; transform: translateY(16px);\"><\/div> <div style=\" background-color: #F4F4F4; flex-grow: 0; height: 12px; width: 16px; transform: translateY(-4px);\"><\/div> <div style=\" width: 0; height: 0; border-top: 8px solid #F4F4F4; border-left: 8px solid transparent; transform: translateY(-4px) translateX(8px);\"><\/div><\/div><\/div> <div style=\"display: flex; flex-direction: column; flex-grow: 1; justify-content: center; margin-bottom: 24px;\"> <div style=\" background-color: #F4F4F4; border-radius: 4px; flex-grow: 0; height: 14px; margin-bottom: 6px; width: 224px;\"><\/div> <div style=\" background-color: #F4F4F4; border-radius: 4px; flex-grow: 0; height: 14px; width: 144px;\"><\/div><\/div><\/a><p style=\" color:#c9c8cd; font-family:Arial,sans-serif; font-size:14px; line-height:17px; margin-bottom:0; margin-top:8px; overflow:hidden; padding:8px 0 7px; text-align:center; text-overflow:ellipsis; white-space:nowrap;\"><a href=\"https:\/\/www.instagram.com\/p\/DRXrSj_DP1z\/?utm_source=ig_embed&amp;utm_campaign=loading\" style=\" color:#c9c8cd; font-family:Arial,sans-serif; font-size:14px; font-style:normal; font-weight:normal; line-height:17px; text-decoration:none;\" target=\"_blank\">P\u0159\u00edsp\u011bvek sd\u00edlen\u00fd \u00d3\u010cKO STAR (@ocko.star)<\/a><\/p><\/div><\/blockquote>\n<script async src=\"\/\/www.instagram.com\/embed.js\"><\/script>\n\n\n\n<p>Jeho hlas ale nez\u016fstal utopen jen v rocku. Noid si postupn\u011b budoval kari\u00e9ru v muzik\u00e1lech. Zaz\u00e1\u0159il nap\u0159\u00edklad v inscenac\u00edch jako Carmen, Jesus Christ Superstar, Aida, Bonnie &amp; Clyde \u010di Hamlet. Krom\u011b divadla se prosadil i jako skladatel hudby pro filmy a televizn\u00ed seri\u00e1ly. Napsal a nazp\u00edval tituln\u00ed p\u00edse\u0148 k seri\u00e1lu Obcho\u010f\u00e1k a pod\u00edlel se na zvukov\u00e9 dramaturgii n\u011bkolika projekt\u016f. V roce 2015 reprezentoval \u010ceskou republiku na Eurovision Song Contest ve V\u00eddni spole\u010dn\u011b s Martou Jandovou a p\u00edsn\u00ed Hope Never Dies. Obrat p\u0159i\u0161el v listopadu 2025, kdy poprv\u00e9 v historii ankety \u010cesk\u00fd slav\u00edk si odnesl zlat\u00e9ho slav\u00edka v kategorii zp\u011bv\u00e1k\u016f.<\/p>\n\n\n\n<h2 class=\"wp-block-heading\">Co by mohl p\u0159in\u00e9st jejich duet<\/h2>\n\n\n\n<p>Spojen\u00ed Ewy Farne a V\u00e1clava Noida B\u00e1rty m\u00e1 opravdu potenci\u00e1l, vlastn\u011b d\u00e1v\u00e1 smysl na n\u011bkolika rovin\u00e1ch. Farna s\u00e1z\u00ed na siln\u00fd popov\u00fd zvuk, Noid by tomu zase dal slu\u0161n\u00fd rockov\u00fd z\u00e1klad, v\u00fdrazn\u00fd hlas a zku\u0161enosti. Bohu\u017eel, zat\u00edm je to jenom p\u0159\u00e1n\u00ed fanou\u0161k\u016f. Oba jen zat\u00edm stanuli na vrcholu, zda se z toho zrod\u00ed n\u011bjak\u00e1 ta spolupr\u00e1ce, to je pouze na nich dvou.<\/p>\n\n\n\n<p>Zdroj: Autorsk\u00fd text, <a href=\"https:\/\/cs.wikipedia.org\/wiki\/Ewa_Farna\" target=\"_blank\" rel=\"noreferrer noopener nofollow\">Wikipedie<\/a>, <a href=\"https:\/\/cs.wikipedia.org\/wiki\/V%C3%A1clav_Noid_B%C3%A1rta\" target=\"_blank\" rel=\"noreferrer noopener nofollow\">Wikipedie<\/a>, <a href=\"https:\/\/ewafarna.com\/en\/about-ewa\/\" target=\"_blank\" rel=\"noreferrer noopener nofollow\">EwaFarna<\/a>, <a href=\"https:\/\/www.instagram.com\/p\/DRXrSj_DP1z\/?utm_source=ig_web_copy_link&amp;igsh=NTc4MTIwNjQ2YQ%3D%3D\" target=\"_blank\" rel=\"noreferrer noopener nofollow\">Instagram \u00d3\u010dkoStar<\/a><\/p>\n\n\n            <a href=\"https:\/\/www.karaoketexty.cz\/magazin\/ewa-farna-ovladla-slavika-2025-jeji-manzel-opet-chybel\/\" class=\"related-post-link\">\n                <div class=\"post-thumbnail\">\n                    <img decoding=\"async\" width=\"250\" height=\"154\" src=\"https:\/\/www.karaoketexty.cz\/magazin\/wp-content\/uploads\/2025\/11\/ewa-farna.jpg\" class=\"attachment-250x180 size-250x180 not-transparent\" alt=\"Fotografie Ewy Farn\u00e9\" srcset=\"https:\/\/www.karaoketexty.cz\/magazin\/wp-content\/uploads\/2025\/11\/ewa-farna.jpg 1200w, https:\/\/www.karaoketexty.cz\/magazin\/wp-content\/uploads\/2025\/11\/ewa-farna-300x185.jpg 300w, https:\/\/www.karaoketexty.cz\/magazin\/wp-content\/uploads\/2025\/11\/ewa-farna-1024x630.jpg 1024w, https:\/\/www.karaoketexty.cz\/magazin\/wp-content\/uploads\/2025\/11\/ewa-farna-768x472.jpg 768w\" sizes=\"(max-width: 250px) 100vw, 250px\" data-has-transparency=\"false\" data-dominant-color=\"4b2a2b\" style=\"--dominant-color: #4b2a2b;\" \/>                <\/div>\n                <div class=\"post-details\">\n                    <span class=\"also-read\">\u010ct\u011bte tak\u00e9:<\/span>\n                    <h3 class=\"hed\">Ewa Farna ovl\u00e1dla Slav\u00edka 2025: Jej\u00ed man\u017eel op\u011bt chyb\u011bl<\/h3>\n                <\/div>\n            <\/a>\n            \n\n            <a href=\"https:\/\/www.karaoketexty.cz\/magazin\/prekvapeni-roku-aneb-jak-vaclav-noid-barta-vystridal-klasicke-hvezdy-a-vyhral-slavika-co-za-tim-stoji\/\" class=\"related-post-link\">\n                <div class=\"post-thumbnail\">\n                    <img decoding=\"async\" width=\"250\" height=\"141\" src=\"https:\/\/www.karaoketexty.cz\/magazin\/wp-content\/uploads\/2025\/12\/vaclav-noid-barta.jpg\" class=\"attachment-250x180 size-250x180 not-transparent\" alt=\"V\u00e1clav Noid B\u00e1rta\" srcset=\"https:\/\/www.karaoketexty.cz\/magazin\/wp-content\/uploads\/2025\/12\/vaclav-noid-barta.jpg 1200w, https:\/\/www.karaoketexty.cz\/magazin\/wp-content\/uploads\/2025\/12\/vaclav-noid-barta-300x169.jpg 300w, https:\/\/www.karaoketexty.cz\/magazin\/wp-content\/uploads\/2025\/12\/vaclav-noid-barta-1024x576.jpg 1024w, https:\/\/www.karaoketexty.cz\/magazin\/wp-content\/uploads\/2025\/12\/vaclav-noid-barta-768x432.jpg 768w, https:\/\/www.karaoketexty.cz\/magazin\/wp-content\/uploads\/2025\/12\/vaclav-noid-barta-800x450.jpg 800w\" sizes=\"(max-width: 250px) 100vw, 250px\" data-has-transparency=\"false\" data-dominant-color=\"383031\" style=\"--dominant-color: #383031;\" \/>                <\/div>\n                <div class=\"post-details\">\n                    <span class=\"also-read\">\u010ct\u011bte tak\u00e9:<\/span>\n                    <h3 class=\"hed\">P\u0159ekvapen\u00ed roku aneb jak V\u00e1clav Noid B\u00e1rta vyst\u0159\u00eddal klasick\u00e9 hv\u011bzdy a vyhr\u00e1l Slav\u00edka: Co za t\u00edm stoj\u00ed<\/h3>\n                <\/div>\n            <\/a>\n            ","protected":false},"excerpt":{"rendered":"<p>Nov\u00e9 hudebn\u00ed duo na \u010desk\u00e9 sc\u00e9n\u011b? Zp\u011bva\u010dka Ewa Farna jako absolutn\u00ed slavice stanula vedle drs\u0148\u00e1ka V\u00e1clava Noida B\u00e1rty.<\/p>\n","protected":false},"author":5,"featured_media":4684,"comment_status":"open","ping_status":"closed","sticky":false,"template":"","format":"standard","meta":{"_yoast_wpseo_title":"Nov\u00e9 duo Ewa a Va\u0161ek? Ano! Farna a Noid B\u00e1rta st\u00e1li na vrcholu","_yoast_wpseo_metadesc":"Nov\u00e9 hudebn\u00ed duo na \u010desk\u00e9 sc\u00e9n\u011b? Zp\u011bva\u010dka Ewa Farna jako absolutn\u00ed slavice stanula vedle drs\u0148\u00e1ka V\u00e1clava Noida B\u00e1rty.","footnotes":""},"categories":[1059],"tags":[5134,5171,5133,562,571,12,1743,200,86,135,698,1642,348,500,5172,582,5132,5131,1447,5170,581,406,408,2195,88,51,11],"class_list":["post-5341","post","type-post","status-publish","format-standard","has-post-thumbnail","hentry","category-celebrity","tag-aida","tag-bonnie-clyde","tag-carmen","tag-ceska-celebrita","tag-ceska-hudba","tag-ceske-celebrity","tag-cesky-slavik","tag-duet","tag-eurovize","tag-ewa-farna","tag-fanousci","tag-hamlet","tag-hudebni-ceny","tag-instagram","tag-instagram-ockostar","tag-jesus-christ-superstar","tag-kapela-dolores-clan","tag-kapela-dymytry","tag-limp-bizkit","tag-marta-jandova","tag-muzikaly","tag-pop","tag-rock","tag-vaclav-noid-barta","tag-vitez","tag-zpevacka","tag-zpevak"],"yoast_head":"<!-- This site is optimized with the Yoast SEO plugin v27.4 - https:\/\/yoast.com\/product\/yoast-seo-wordpress\/ -->\n<title>Nov\u00e9 duo Ewa a Va\u0161ek? Ano! Farna a Noid B\u00e1rta st\u00e1li na vrcholu<\/title>\n<meta name=\"description\" content=\"Nov\u00e9 hudebn\u00ed duo na \u010desk\u00e9 sc\u00e9n\u011b? Zp\u011bva\u010dka Ewa Farna jako absolutn\u00ed slavice stanula vedle drs\u0148\u00e1ka V\u00e1clava Noida B\u00e1rty.\" \/>\n<meta name=\"robots\" content=\"index, follow, max-snippet:-1, max-image-preview:large, max-video-preview:-1\" \/>\n<link rel=\"canonical\" href=\"https:\/\/www.karaoketexty.cz\/magazin\/nove-duo-ewa-a-vasek-farna-a-noid-barta-by-spolu-zneli-skvele-fanousci-by-si-spolecnou-pisen-moc-prali\/\" \/>\n<meta property=\"og:locale\" content=\"cs_CZ\" \/>\n<meta property=\"og:type\" content=\"article\" \/>\n<meta property=\"og:title\" content=\"Nov\u00e9 duo Ewa a Va\u0161ek? Ano! Farna a Noid B\u00e1rta st\u00e1li na vrcholu\" \/>\n<meta property=\"og:description\" content=\"Nov\u00e9 hudebn\u00ed duo na \u010desk\u00e9 sc\u00e9n\u011b? Zp\u011bva\u010dka Ewa Farna jako absolutn\u00ed slavice stanula vedle drs\u0148\u00e1ka V\u00e1clava Noida B\u00e1rty.\" \/>\n<meta property=\"og:url\" content=\"https:\/\/www.karaoketexty.cz\/magazin\/nove-duo-ewa-a-vasek-farna-a-noid-barta-by-spolu-zneli-skvele-fanousci-by-si-spolecnou-pisen-moc-prali\/\" \/>\n<meta property=\"og:site_name\" content=\"Stars Magaz\u00edn Karaoketexty.cz\" \/>\n<meta property=\"article:published_time\" content=\"2025-12-12T06:46:00+00:00\" \/>\n<meta property=\"og:image\" content=\"https:\/\/www.karaoketexty.cz\/magazin\/wp-content\/uploads\/2025\/11\/ewa-farna.jpg\" \/>\n\t<meta property=\"og:image:width\" content=\"1200\" \/>\n\t<meta property=\"og:image:height\" content=\"738\" \/>\n\t<meta property=\"og:image:type\" content=\"image\/jpeg\" \/>\n<meta name=\"author\" content=\"Veronika \u0160imkov\u00e1\" \/>\n<meta name=\"twitter:card\" content=\"summary_large_image\" \/>\n<meta name=\"twitter:label1\" content=\"Napsal(a)\" \/>\n\t<meta name=\"twitter:data1\" content=\"Veronika \u0160imkov\u00e1\" \/>\n\t<meta name=\"twitter:label2\" content=\"Odhadovan\u00e1 doba \u010dten\u00ed\" \/>\n\t<meta name=\"twitter:data2\" content=\"4 minuty\" \/>\n<script type=\"application\/ld+json\" class=\"yoast-schema-graph\">{\"@context\":\"https:\\\/\\\/schema.org\",\"@graph\":[{\"@type\":\"Article\",\"@id\":\"https:\\\/\\\/www.karaoketexty.cz\\\/magazin\\\/nove-duo-ewa-a-vasek-farna-a-noid-barta-by-spolu-zneli-skvele-fanousci-by-si-spolecnou-pisen-moc-prali\\\/#article\",\"isPartOf\":{\"@id\":\"https:\\\/\\\/www.karaoketexty.cz\\\/magazin\\\/nove-duo-ewa-a-vasek-farna-a-noid-barta-by-spolu-zneli-skvele-fanousci-by-si-spolecnou-pisen-moc-prali\\\/\"},\"author\":{\"name\":\"Veronika \u0160imkov\u00e1\",\"@id\":\"https:\\\/\\\/www.karaoketexty.cz\\\/magazin\\\/#\\\/schema\\\/person\\\/03220d610ed4cba378a72bac3443f821\"},\"headline\":\"Nov\u00e9 duo Ewa a Va\u0161ek? Farna a Noid B\u00e1rta by spolu zn\u011bli skv\u011ble, fanou\u0161ci by si spole\u010dnou p\u00edse\u0148 moc p\u0159\u00e1li\",\"datePublished\":\"2025-12-12T06:46:00+00:00\",\"mainEntityOfPage\":{\"@id\":\"https:\\\/\\\/www.karaoketexty.cz\\\/magazin\\\/nove-duo-ewa-a-vasek-farna-a-noid-barta-by-spolu-zneli-skvele-fanousci-by-si-spolecnou-pisen-moc-prali\\\/\"},\"wordCount\":700,\"commentCount\":0,\"image\":{\"@id\":\"https:\\\/\\\/www.karaoketexty.cz\\\/magazin\\\/nove-duo-ewa-a-vasek-farna-a-noid-barta-by-spolu-zneli-skvele-fanousci-by-si-spolecnou-pisen-moc-prali\\\/#primaryimage\"},\"thumbnailUrl\":\"https:\\\/\\\/www.karaoketexty.cz\\\/magazin\\\/wp-content\\\/uploads\\\/2025\\\/11\\\/ewa-farna.jpg\",\"keywords\":[\"Aida\",\"Bonnie &amp; Clyde\",\"Carmen\",\"\u010desk\u00e1 celebrita\",\"\u010desk\u00e1 hudba\",\"\u010cesk\u00e9 celebrity\",\"\u010cesk\u00fd slav\u00edk\",\"Duet\",\"Eurovize\",\"Ewa Farna\",\"fanou\u0161ci\",\"Hamlet\",\"Hudebn\u00ed ceny\",\"Instagram\",\"Instagram \u00d3\u010dkoStar\",\"Jesus Christ Superstar\",\"Kapela Dolores Clan\",\"Kapela Dymytry\",\"Limp Bizkit\",\"Marta Jandov\u00e1\",\"muzik\u00e1ly\",\"pop\",\"rock\",\"V\u00e1clav Noid B\u00e1rta\",\"v\u00edt\u011bz\",\"Zp\u011bva\u010dka\",\"Zp\u011bv\u00e1k\"],\"articleSection\":[\"Celebrity\"],\"inLanguage\":\"cs\",\"potentialAction\":[{\"@type\":\"CommentAction\",\"name\":\"Comment\",\"target\":[\"https:\\\/\\\/www.karaoketexty.cz\\\/magazin\\\/nove-duo-ewa-a-vasek-farna-a-noid-barta-by-spolu-zneli-skvele-fanousci-by-si-spolecnou-pisen-moc-prali\\\/#respond\"]}]},{\"@type\":\"WebPage\",\"@id\":\"https:\\\/\\\/www.karaoketexty.cz\\\/magazin\\\/nove-duo-ewa-a-vasek-farna-a-noid-barta-by-spolu-zneli-skvele-fanousci-by-si-spolecnou-pisen-moc-prali\\\/\",\"url\":\"https:\\\/\\\/www.karaoketexty.cz\\\/magazin\\\/nove-duo-ewa-a-vasek-farna-a-noid-barta-by-spolu-zneli-skvele-fanousci-by-si-spolecnou-pisen-moc-prali\\\/\",\"name\":\"Nov\u00e9 duo Ewa a Va\u0161ek? Ano! Farna a Noid B\u00e1rta st\u00e1li na vrcholu\",\"isPartOf\":{\"@id\":\"https:\\\/\\\/www.karaoketexty.cz\\\/magazin\\\/#website\"},\"primaryImageOfPage\":{\"@id\":\"https:\\\/\\\/www.karaoketexty.cz\\\/magazin\\\/nove-duo-ewa-a-vasek-farna-a-noid-barta-by-spolu-zneli-skvele-fanousci-by-si-spolecnou-pisen-moc-prali\\\/#primaryimage\"},\"image\":{\"@id\":\"https:\\\/\\\/www.karaoketexty.cz\\\/magazin\\\/nove-duo-ewa-a-vasek-farna-a-noid-barta-by-spolu-zneli-skvele-fanousci-by-si-spolecnou-pisen-moc-prali\\\/#primaryimage\"},\"thumbnailUrl\":\"https:\\\/\\\/www.karaoketexty.cz\\\/magazin\\\/wp-content\\\/uploads\\\/2025\\\/11\\\/ewa-farna.jpg\",\"datePublished\":\"2025-12-12T06:46:00+00:00\",\"author\":{\"@id\":\"https:\\\/\\\/www.karaoketexty.cz\\\/magazin\\\/#\\\/schema\\\/person\\\/03220d610ed4cba378a72bac3443f821\"},\"description\":\"Nov\u00e9 hudebn\u00ed duo na \u010desk\u00e9 sc\u00e9n\u011b? Zp\u011bva\u010dka Ewa Farna jako absolutn\u00ed slavice stanula vedle drs\u0148\u00e1ka V\u00e1clava Noida B\u00e1rty.\",\"breadcrumb\":{\"@id\":\"https:\\\/\\\/www.karaoketexty.cz\\\/magazin\\\/nove-duo-ewa-a-vasek-farna-a-noid-barta-by-spolu-zneli-skvele-fanousci-by-si-spolecnou-pisen-moc-prali\\\/#breadcrumb\"},\"inLanguage\":\"cs\",\"potentialAction\":[{\"@type\":\"ReadAction\",\"target\":[\"https:\\\/\\\/www.karaoketexty.cz\\\/magazin\\\/nove-duo-ewa-a-vasek-farna-a-noid-barta-by-spolu-zneli-skvele-fanousci-by-si-spolecnou-pisen-moc-prali\\\/\"]}]},{\"@type\":\"ImageObject\",\"inLanguage\":\"cs\",\"@id\":\"https:\\\/\\\/www.karaoketexty.cz\\\/magazin\\\/nove-duo-ewa-a-vasek-farna-a-noid-barta-by-spolu-zneli-skvele-fanousci-by-si-spolecnou-pisen-moc-prali\\\/#primaryimage\",\"url\":\"https:\\\/\\\/www.karaoketexty.cz\\\/magazin\\\/wp-content\\\/uploads\\\/2025\\\/11\\\/ewa-farna.jpg\",\"contentUrl\":\"https:\\\/\\\/www.karaoketexty.cz\\\/magazin\\\/wp-content\\\/uploads\\\/2025\\\/11\\\/ewa-farna.jpg\",\"width\":1200,\"height\":738,\"caption\":\"Foto: NextFoto, Ewa Farn\u00e1 na p\u0159ed\u00e1v\u00e1n\u00ed hudebn\u00edch cen \u010cesk\u00fd slav\u00edk\"},{\"@type\":\"BreadcrumbList\",\"@id\":\"https:\\\/\\\/www.karaoketexty.cz\\\/magazin\\\/nove-duo-ewa-a-vasek-farna-a-noid-barta-by-spolu-zneli-skvele-fanousci-by-si-spolecnou-pisen-moc-prali\\\/#breadcrumb\",\"itemListElement\":[{\"@type\":\"ListItem\",\"position\":1,\"name\":\"Dom\u016f\",\"item\":\"https:\\\/\\\/www.karaoketexty.cz\\\/magazin\\\/\"},{\"@type\":\"ListItem\",\"position\":2,\"name\":\"Nov\u00e9 duo Ewa a Va\u0161ek? Farna a Noid B\u00e1rta by spolu zn\u011bli skv\u011ble, fanou\u0161ci by si spole\u010dnou p\u00edse\u0148 moc p\u0159\u00e1li\"}]},{\"@type\":\"WebSite\",\"@id\":\"https:\\\/\\\/www.karaoketexty.cz\\\/magazin\\\/#website\",\"url\":\"https:\\\/\\\/www.karaoketexty.cz\\\/magazin\\\/\",\"name\":\"Stars Magaz\u00edn Karaoketexty.cz\",\"description\":\"Stars Magaz\u00edn na Karaoketexty.cz je zam\u011b\u0159en\u00fd na novinky ze sv\u011bta hudby a celebrit. Obsahuje \u010dl\u00e1nky o zp\u011bv\u00e1c\u00edch, kapel\u00e1ch, nov\u00fdch albech, hudebn\u00edch trendech a dal\u0161\u00edch zaj\u00edmavostech z hudebn\u00edho pr\u016fmyslu.\",\"potentialAction\":[{\"@type\":\"SearchAction\",\"target\":{\"@type\":\"EntryPoint\",\"urlTemplate\":\"https:\\\/\\\/www.karaoketexty.cz\\\/magazin\\\/?s={search_term_string}\"},\"query-input\":{\"@type\":\"PropertyValueSpecification\",\"valueRequired\":true,\"valueName\":\"search_term_string\"}}],\"inLanguage\":\"cs\"},{\"@type\":\"Person\",\"@id\":\"https:\\\/\\\/www.karaoketexty.cz\\\/magazin\\\/#\\\/schema\\\/person\\\/03220d610ed4cba378a72bac3443f821\",\"name\":\"Veronika \u0160imkov\u00e1\",\"image\":{\"@type\":\"ImageObject\",\"inLanguage\":\"cs\",\"@id\":\"https:\\\/\\\/secure.gravatar.com\\\/avatar\\\/62af9cda83322200aaf20e60d0442fbca254ce18c0ffdcaaf83de31493c941a5?s=96&d=mm&r=g\",\"url\":\"https:\\\/\\\/secure.gravatar.com\\\/avatar\\\/62af9cda83322200aaf20e60d0442fbca254ce18c0ffdcaaf83de31493c941a5?s=96&d=mm&r=g\",\"contentUrl\":\"https:\\\/\\\/secure.gravatar.com\\\/avatar\\\/62af9cda83322200aaf20e60d0442fbca254ce18c0ffdcaaf83de31493c941a5?s=96&d=mm&r=g\",\"caption\":\"Veronika \u0160imkov\u00e1\"},\"url\":\"https:\\\/\\\/www.karaoketexty.cz\\\/magazin\\\/author\\\/veronikasimkova\\\/\"}]}<\/script>\n<!-- \/ Yoast SEO plugin. -->","yoast_head_json":{"title":"Nov\u00e9 duo Ewa a Va\u0161ek? Ano! Farna a Noid B\u00e1rta st\u00e1li na vrcholu","description":"Nov\u00e9 hudebn\u00ed duo na \u010desk\u00e9 sc\u00e9n\u011b? Zp\u011bva\u010dka Ewa Farna jako absolutn\u00ed slavice stanula vedle drs\u0148\u00e1ka V\u00e1clava Noida B\u00e1rty.","robots":{"index":"index","follow":"follow","max-snippet":"max-snippet:-1","max-image-preview":"max-image-preview:large","max-video-preview":"max-video-preview:-1"},"canonical":"https:\/\/www.karaoketexty.cz\/magazin\/nove-duo-ewa-a-vasek-farna-a-noid-barta-by-spolu-zneli-skvele-fanousci-by-si-spolecnou-pisen-moc-prali\/","og_locale":"cs_CZ","og_type":"article","og_title":"Nov\u00e9 duo Ewa a Va\u0161ek? Ano! Farna a Noid B\u00e1rta st\u00e1li na vrcholu","og_description":"Nov\u00e9 hudebn\u00ed duo na \u010desk\u00e9 sc\u00e9n\u011b? Zp\u011bva\u010dka Ewa Farna jako absolutn\u00ed slavice stanula vedle drs\u0148\u00e1ka V\u00e1clava Noida B\u00e1rty.","og_url":"https:\/\/www.karaoketexty.cz\/magazin\/nove-duo-ewa-a-vasek-farna-a-noid-barta-by-spolu-zneli-skvele-fanousci-by-si-spolecnou-pisen-moc-prali\/","og_site_name":"Stars Magaz\u00edn Karaoketexty.cz","article_published_time":"2025-12-12T06:46:00+00:00","og_image":[{"width":1200,"height":738,"url":"https:\/\/www.karaoketexty.cz\/magazin\/wp-content\/uploads\/2025\/11\/ewa-farna.jpg","type":"image\/jpeg"}],"author":"Veronika \u0160imkov\u00e1","twitter_card":"summary_large_image","twitter_misc":{"Napsal(a)":"Veronika \u0160imkov\u00e1","Odhadovan\u00e1 doba \u010dten\u00ed":"4 minuty"},"schema":{"@context":"https:\/\/schema.org","@graph":[{"@type":"Article","@id":"https:\/\/www.karaoketexty.cz\/magazin\/nove-duo-ewa-a-vasek-farna-a-noid-barta-by-spolu-zneli-skvele-fanousci-by-si-spolecnou-pisen-moc-prali\/#article","isPartOf":{"@id":"https:\/\/www.karaoketexty.cz\/magazin\/nove-duo-ewa-a-vasek-farna-a-noid-barta-by-spolu-zneli-skvele-fanousci-by-si-spolecnou-pisen-moc-prali\/"},"author":{"name":"Veronika \u0160imkov\u00e1","@id":"https:\/\/www.karaoketexty.cz\/magazin\/#\/schema\/person\/03220d610ed4cba378a72bac3443f821"},"headline":"Nov\u00e9 duo Ewa a Va\u0161ek? Farna a Noid B\u00e1rta by spolu zn\u011bli skv\u011ble, fanou\u0161ci by si spole\u010dnou p\u00edse\u0148 moc p\u0159\u00e1li","datePublished":"2025-12-12T06:46:00+00:00","mainEntityOfPage":{"@id":"https:\/\/www.karaoketexty.cz\/magazin\/nove-duo-ewa-a-vasek-farna-a-noid-barta-by-spolu-zneli-skvele-fanousci-by-si-spolecnou-pisen-moc-prali\/"},"wordCount":700,"commentCount":0,"image":{"@id":"https:\/\/www.karaoketexty.cz\/magazin\/nove-duo-ewa-a-vasek-farna-a-noid-barta-by-spolu-zneli-skvele-fanousci-by-si-spolecnou-pisen-moc-prali\/#primaryimage"},"thumbnailUrl":"https:\/\/www.karaoketexty.cz\/magazin\/wp-content\/uploads\/2025\/11\/ewa-farna.jpg","keywords":["Aida","Bonnie &amp; Clyde","Carmen","\u010desk\u00e1 celebrita","\u010desk\u00e1 hudba","\u010cesk\u00e9 celebrity","\u010cesk\u00fd slav\u00edk","Duet","Eurovize","Ewa Farna","fanou\u0161ci","Hamlet","Hudebn\u00ed ceny","Instagram","Instagram \u00d3\u010dkoStar","Jesus Christ Superstar","Kapela Dolores Clan","Kapela Dymytry","Limp Bizkit","Marta Jandov\u00e1","muzik\u00e1ly","pop","rock","V\u00e1clav Noid B\u00e1rta","v\u00edt\u011bz","Zp\u011bva\u010dka","Zp\u011bv\u00e1k"],"articleSection":["Celebrity"],"inLanguage":"cs","potentialAction":[{"@type":"CommentAction","name":"Comment","target":["https:\/\/www.karaoketexty.cz\/magazin\/nove-duo-ewa-a-vasek-farna-a-noid-barta-by-spolu-zneli-skvele-fanousci-by-si-spolecnou-pisen-moc-prali\/#respond"]}]},{"@type":"WebPage","@id":"https:\/\/www.karaoketexty.cz\/magazin\/nove-duo-ewa-a-vasek-farna-a-noid-barta-by-spolu-zneli-skvele-fanousci-by-si-spolecnou-pisen-moc-prali\/","url":"https:\/\/www.karaoketexty.cz\/magazin\/nove-duo-ewa-a-vasek-farna-a-noid-barta-by-spolu-zneli-skvele-fanousci-by-si-spolecnou-pisen-moc-prali\/","name":"Nov\u00e9 duo Ewa a Va\u0161ek? Ano! Farna a Noid B\u00e1rta st\u00e1li na vrcholu","isPartOf":{"@id":"https:\/\/www.karaoketexty.cz\/magazin\/#website"},"primaryImageOfPage":{"@id":"https:\/\/www.karaoketexty.cz\/magazin\/nove-duo-ewa-a-vasek-farna-a-noid-barta-by-spolu-zneli-skvele-fanousci-by-si-spolecnou-pisen-moc-prali\/#primaryimage"},"image":{"@id":"https:\/\/www.karaoketexty.cz\/magazin\/nove-duo-ewa-a-vasek-farna-a-noid-barta-by-spolu-zneli-skvele-fanousci-by-si-spolecnou-pisen-moc-prali\/#primaryimage"},"thumbnailUrl":"https:\/\/www.karaoketexty.cz\/magazin\/wp-content\/uploads\/2025\/11\/ewa-farna.jpg","datePublished":"2025-12-12T06:46:00+00:00","author":{"@id":"https:\/\/www.karaoketexty.cz\/magazin\/#\/schema\/person\/03220d610ed4cba378a72bac3443f821"},"description":"Nov\u00e9 hudebn\u00ed duo na \u010desk\u00e9 sc\u00e9n\u011b? Zp\u011bva\u010dka Ewa Farna jako absolutn\u00ed slavice stanula vedle drs\u0148\u00e1ka V\u00e1clava Noida B\u00e1rty.","breadcrumb":{"@id":"https:\/\/www.karaoketexty.cz\/magazin\/nove-duo-ewa-a-vasek-farna-a-noid-barta-by-spolu-zneli-skvele-fanousci-by-si-spolecnou-pisen-moc-prali\/#breadcrumb"},"inLanguage":"cs","potentialAction":[{"@type":"ReadAction","target":["https:\/\/www.karaoketexty.cz\/magazin\/nove-duo-ewa-a-vasek-farna-a-noid-barta-by-spolu-zneli-skvele-fanousci-by-si-spolecnou-pisen-moc-prali\/"]}]},{"@type":"ImageObject","inLanguage":"cs","@id":"https:\/\/www.karaoketexty.cz\/magazin\/nove-duo-ewa-a-vasek-farna-a-noid-barta-by-spolu-zneli-skvele-fanousci-by-si-spolecnou-pisen-moc-prali\/#primaryimage","url":"https:\/\/www.karaoketexty.cz\/magazin\/wp-content\/uploads\/2025\/11\/ewa-farna.jpg","contentUrl":"https:\/\/www.karaoketexty.cz\/magazin\/wp-content\/uploads\/2025\/11\/ewa-farna.jpg","width":1200,"height":738,"caption":"Foto: NextFoto, Ewa Farn\u00e1 na p\u0159ed\u00e1v\u00e1n\u00ed hudebn\u00edch cen \u010cesk\u00fd slav\u00edk"},{"@type":"BreadcrumbList","@id":"https:\/\/www.karaoketexty.cz\/magazin\/nove-duo-ewa-a-vasek-farna-a-noid-barta-by-spolu-zneli-skvele-fanousci-by-si-spolecnou-pisen-moc-prali\/#breadcrumb","itemListElement":[{"@type":"ListItem","position":1,"name":"Dom\u016f","item":"https:\/\/www.karaoketexty.cz\/magazin\/"},{"@type":"ListItem","position":2,"name":"Nov\u00e9 duo Ewa a Va\u0161ek? Farna a Noid B\u00e1rta by spolu zn\u011bli skv\u011ble, fanou\u0161ci by si spole\u010dnou p\u00edse\u0148 moc p\u0159\u00e1li"}]},{"@type":"WebSite","@id":"https:\/\/www.karaoketexty.cz\/magazin\/#website","url":"https:\/\/www.karaoketexty.cz\/magazin\/","name":"Stars Magaz\u00edn Karaoketexty.cz","description":"Stars Magaz\u00edn na Karaoketexty.cz je zam\u011b\u0159en\u00fd na novinky ze sv\u011bta hudby a celebrit. Obsahuje \u010dl\u00e1nky o zp\u011bv\u00e1c\u00edch, kapel\u00e1ch, nov\u00fdch albech, hudebn\u00edch trendech a dal\u0161\u00edch zaj\u00edmavostech z hudebn\u00edho pr\u016fmyslu.","potentialAction":[{"@type":"SearchAction","target":{"@type":"EntryPoint","urlTemplate":"https:\/\/www.karaoketexty.cz\/magazin\/?s={search_term_string}"},"query-input":{"@type":"PropertyValueSpecification","valueRequired":true,"valueName":"search_term_string"}}],"inLanguage":"cs"},{"@type":"Person","@id":"https:\/\/www.karaoketexty.cz\/magazin\/#\/schema\/person\/03220d610ed4cba378a72bac3443f821","name":"Veronika \u0160imkov\u00e1","image":{"@type":"ImageObject","inLanguage":"cs","@id":"https:\/\/secure.gravatar.com\/avatar\/62af9cda83322200aaf20e60d0442fbca254ce18c0ffdcaaf83de31493c941a5?s=96&d=mm&r=g","url":"https:\/\/secure.gravatar.com\/avatar\/62af9cda83322200aaf20e60d0442fbca254ce18c0ffdcaaf83de31493c941a5?s=96&d=mm&r=g","contentUrl":"https:\/\/secure.gravatar.com\/avatar\/62af9cda83322200aaf20e60d0442fbca254ce18c0ffdcaaf83de31493c941a5?s=96&d=mm&r=g","caption":"Veronika \u0160imkov\u00e1"},"url":"https:\/\/www.karaoketexty.cz\/magazin\/author\/veronikasimkova\/"}]}},"_links":{"self":[{"href":"https:\/\/www.karaoketexty.cz\/magazin\/wp-json\/wp\/v2\/posts\/5341","targetHints":{"allow":["GET"]}}],"collection":[{"href":"https:\/\/www.karaoketexty.cz\/magazin\/wp-json\/wp\/v2\/posts"}],"about":[{"href":"https:\/\/www.karaoketexty.cz\/magazin\/wp-json\/wp\/v2\/types\/post"}],"author":[{"embeddable":true,"href":"https:\/\/www.karaoketexty.cz\/magazin\/wp-json\/wp\/v2\/users\/5"}],"replies":[{"embeddable":true,"href":"https:\/\/www.karaoketexty.cz\/magazin\/wp-json\/wp\/v2\/comments?post=5341"}],"version-history":[{"count":5,"href":"https:\/\/www.karaoketexty.cz\/magazin\/wp-json\/wp\/v2\/posts\/5341\/revisions"}],"predecessor-version":[{"id":5467,"href":"https:\/\/www.karaoketexty.cz\/magazin\/wp-json\/wp\/v2\/posts\/5341\/revisions\/5467"}],"wp:featuredmedia":[{"embeddable":true,"href":"https:\/\/www.karaoketexty.cz\/magazin\/wp-json\/wp\/v2\/media\/4684"}],"wp:attachment":[{"href":"https:\/\/www.karaoketexty.cz\/magazin\/wp-json\/wp\/v2\/media?parent=5341"}],"wp:term":[{"taxonomy":"category","embeddable":true,"href":"https:\/\/www.karaoketexty.cz\/magazin\/wp-json\/wp\/v2\/categories?post=5341"},{"taxonomy":"post_tag","embeddable":true,"href":"https:\/\/www.karaoketexty.cz\/magazin\/wp-json\/wp\/v2\/tags?post=5341"}],"curies":[{"name":"wp","href":"https:\/\/api.w.org\/{rel}","templated":true}]}}