{"id":5264,"date":"2025-12-11T07:47:00","date_gmt":"2025-12-11T06:47:00","guid":{"rendered":"https:\/\/www.karaoketexty.cz\/magazin\/?p=5264"},"modified":"2025-12-10T10:36:49","modified_gmt":"2025-12-10T09:36:49","slug":"penzion-a-bydleni-vaclava-sevcika","status":"publish","type":"post","link":"https:\/\/www.karaoketexty.cz\/magazin\/penzion-a-bydleni-vaclava-sevcika\/","title":{"rendered":"S\u00eddlo V\u00e1clava \u0160ev\u010d\u00edka z\u00a0dua Eva a Va\u0161ek v\u00e1m vyraz\u00ed dech: M\u00e1 tu i nahr\u00e1vac\u00ed studio"},"content":{"rendered":"\n<p><strong>V&nbsp;roce 2024 ukon\u010dilo duo Eva a Va\u0161ek \u010dinnost, partne\u0159i se i t\u00e9ho\u017e roku rozvedli. Ani jeden se ale rozhodn\u011b nemaj\u00ed \u0161patn\u011b.<\/strong><\/p>\n\n\n\n<p>S\u00eddlo s&nbsp;penzionem a baz\u00e9nem pobl\u00ed\u017e Moravsk\u00e9ho krasu stav\u011bl je\u0161t\u011b s&nbsp;man\u017eelkou Evou, nyn\u00ed si v&nbsp;n\u011bm ale V\u00e1clav \u0160ev\u010d\u00edk u\u017e\u00edv\u00e1 se snoubenkou. Krom\u011b rozlehl\u00e9ho pozemku tu maj\u00ed dokonce i nahr\u00e1vac\u00ed studio. Na Karaoketexty jsme se zam\u011b\u0159ili pr\u00e1v\u011b na jeho bydlen\u00ed.<\/p>\n\n\n<!-- karaoketexty.cz \/ rectangle2 -->\n<div id=\"PX_37086_709110796310826\"><\/div>\n<script>\n   if(!useMobileAds && !boolUseSeznamAds && !hideAllAds){\n     window.px2 = window.px2 || { conf: {},queue: [] };\n     px2.queue.push(function () {\n        px2.render({\n           slot: {\n              id: 37086\n           },\n            elem: \"PX_37086_709110796310826\"\n        })\n     });\n  }\n<\/script>\n\n<!-- karaoketexty.cz \/ mobile-rectangle3 -->\n<div id=\"PX_37044_714599773297004\"><\/div>\n<script>\n   if(useMobileAds && !boolUseSeznamAds && !hideAllAds){\nwindow.px2 = window.px2 || { conf: {},queue: [] };\npx2.queue.push(function () {\n\tpx2.render({\n\t\tslot: {\n\t\t\tid: 37044\n\t\t},\n\t\telem: \"PX_37044_714599773297004\"\n\t})\n});\n}\n<\/script>\n\n\n<h2 class=\"wp-block-heading\">Va\u0161ek z\u016fstal v&nbsp;\u010cech\u00e1ch, Eva pob\u00fdv\u00e1 na Florid\u011b<\/h2>\n\n\n\n<p>P\u0159esto\u017ee do hudebn\u00ed \u201ebran\u017ee\u201c d\u011blal u\u017e jeho otec a d\u011bda, V\u00e1clav \u0160ev\u010d\u00edk se od rodiny velk\u00e9 podpory nedo\u010dkal. Na\u0161t\u011bst\u00ed ho to neodradilo, jinak by toti\u017e nevzniklo p\u011bveck\u00e9 duo Eva a Va\u0161ek, kter\u00e9 V\u00e1clav \u0160ev\u010d\u00edk vytvo\u0159il se svou man\u017eelkou.<strong> <\/strong>A hlavn\u011b jejich nejv\u011bt\u0161\u00ed hit Jedna b\u00edl\u00e1 orchidej! Jejich hudba propojuj\u00edc\u00ed \u017e\u00e1nry, jako je dechovka, country, trampsk\u00e9 p\u00edsn\u011b a pop music, dok\u00e1zala oslovit velk\u00e9 obecenstvo, p\u0159edev\u0161\u00edm pak seniory. I p\u0159es \u00fasp\u011bch, kter\u00fd dvojice m\u011bla, ukon\u010dila v roce 2024 svou \u010dinnost. A nejen to.<\/p>\n\n\n<!-- karaoketexty.cz \/ interscroller1 -->\n\n<div id=\"PX_37041_825057871452834\"><\/div>\n<script>\nif(useMobileAds && !boolUseSeznamAds && !hideAllAds){\n\twindow.px2 = window.px2 || { conf: {},queue: [] };\n\tpx2.queue.push(function () {\n\t\tpx2.render({\n\t\t\tslot: {\n\t\t\t\tid: 37041\n\t\t\t},\n\t\t\telem: \"PX_37041_825057871452834\"\n\t\t})\n\t});\n}\n<\/script>\n\n\n<p>V&nbsp;\u010dervenci 2024, jak psal tehdy port\u00e1l IDnes, se man\u017eel\u00e9 Eva a Va\u0161ek \u0160ev\u010d\u00edkovi rozvedli. Spolu byli t\u0159icet p\u011bt let, z&nbsp;toho sedmn\u00e1ct let str\u00e1vili v&nbsp;man\u017eelstv\u00ed. Eva \u0160ev\u010d\u00edkov\u00e1 b\u011bhem rozvodu dostala byt na Florid\u011b, kter\u00fd tu man\u017eel\u00e9 m\u011bli, a tak nyn\u00ed \u017eije st\u0159\u00eddav\u011b v&nbsp;\u010cesku a v&nbsp;USA. Zde i nad\u00e1le tvo\u0159\u00ed pod pseudonymem Eva Adams. \u0160patn\u011b se ale nem\u00e1 ani Va\u0161ek, kter\u00fd z\u016fstal v&nbsp;\u010cR.<\/p>\n\n\n\n<h2 class=\"wp-block-heading\">Penzion pro muzikanty<\/h2>\n\n\n\n<p>V\u00e1clavovi toti\u017e z\u016fstal d\u016fm, kter\u00fd man\u017eel\u00e9 stav\u011bli pobl\u00ed\u017e Moravsk\u00e9ho krasu. A pak tak\u00e9 penzion, jej\u017e u n\u011bj vybudovali jako investici. Ten \u0160ev\u010d\u00edk dodnes pronaj\u00edm\u00e1. Ubytovat se tu m\u016f\u017ee kdokoliv, i kdy\u017e p\u016fvodn\u011b byl penzion ur\u010den\u00fd pro muzikanty, jak psal port\u00e1l Extra. Proto se tu nach\u00e1z\u00ed i rozlehl\u00e9 a velmi drah\u00e9 nahr\u00e1vac\u00ed studio s&nbsp;perfektn\u00edm odhlu\u010dn\u011bn\u00edm. To pro svou pr\u00e1ci pou\u017e\u00edval i Va\u0161ek, kter\u00fd zde ubytov\u00e1val muzikanty, aby jim nemusel platit hotel a m\u011bl je nav\u00edc po ruce.<\/p>\n\n\n\n<iframe src=\"https:\/\/www.facebook.com\/plugins\/post.php?href=https%3A%2F%2Fwww.facebook.com%2Fphoto%2F%3Ffbid%3D10228692042787820%26set%3Da.10205926352939802&#038;show_text=true&#038;width=500\" width=\"500\" height=\"437\" style=\"border:none;overflow:hidden\" scrolling=\"no\" frameborder=\"0\" allowfullscreen=\"true\" allow=\"autoplay; clipboard-write; encrypted-media; picture-in-picture; web-share\"><\/iframe>\n\n\n\n<p>P\u0159esto\u017ee \u0160ev\u010d\u00edkovo s\u00eddlo m\u00e1 asi p\u011bt tis\u00edc metr\u016f \u010dtvere\u010dn\u00fdch, s\u00e1m V\u00e1clav z\u016fst\u00e1v\u00e1 v byt\u011b o velikosti 75 m<sup>2<\/sup>. I kdy\u017e, tak \u00fapln\u011b s\u00e1m nen\u00ed, po sv\u00e9m boku m\u00e1 toti\u017e snoubenku Jaru\u0161ku. Ta se podle port\u00e1lu Expres star\u00e1 o to, aby bylo v&nbsp;penzionu \u010disto, ale tak\u00e9 t\u0159eba o kv\u011btinovou v\u00fdzdobu.<\/p>\n\n\n\n<p>Zdroje: Autorsk\u00fd text, <a href=\"https:\/\/www.idnes.cz\/zpravy\/revue\/vztahy-a-sex\/eva-a-vasek-sevcik-sevcikova-rozvod-bila-orchidej-hudba.A240826_082009_sex_sub\">IDnes<\/a>, <a href=\"https:\/\/www.extra.cz\/lempl-vaclav-sevcik-z-dua-eva-a-vasek-v-obri-vile-nehne-prstem-partnerku-necha-drit-jako-kun-9a663\">Extra<\/a>, <a href=\"https:\/\/www.expres.cz\/celebrity\/tohle-mu-vydelala-bila-orchidej-vasek-sevcik-ukazal-expresu-sve-sidlo.A250825_131608_dx-celebrity_lare\">Expres<\/a><a style=\"display: none !important;\" href=\"https:\/\/www.idnes.cz\/zpravy\/revue\/vztahy-a-sex\/eva-a-vasek-sevcik-sevcikova-rozvod-bila-orchidej-hudba.A240826_082009_sex_sub\">IDnes<\/a><a style=\"display: none !important;\" href=\"https:\/\/www.idnes.cz\/zpravy\/revue\/vztahy-a-sex\/eva-a-vasek-sevcik-sevcikova-rozvod-bila-orchidej-hudba.A240826_082009_sex_sub\" target=\"_blank\" rel=\"noreferrer noopener nofollow\">IDnesIDnes<\/a><\/p>\n\n\n            <a href=\"https:\/\/www.karaoketexty.cz\/magazin\/lunetic-jsou-zpet-novy-singl-pisen-oslava-30-let-kapely\/\" class=\"related-post-link\">\n                <div class=\"post-thumbnail\">\n                    <img decoding=\"async\" width=\"250\" height=\"131\" src=\"https:\/\/www.karaoketexty.cz\/magazin\/wp-content\/uploads\/2025\/05\/lunetic.avif\" class=\"attachment-250x180 size-250x180 not-transparent\" alt=\"Kapela Lunetic na Dermacol Love Day na Gr\u00e9bove 2024\" data-has-transparency=\"false\" data-dominant-color=\"736a6b\" style=\"--dominant-color: #736a6b;\" \/>                <\/div>\n                <div class=\"post-details\">\n                    <span class=\"also-read\">\u010ct\u011bte tak\u00e9:<\/span>\n                    <h3 class=\"hed\">Lunetic jsou zp\u011bt: Vydali novou p\u00edse\u0148, kterou l\u00e1kaj\u00ed na velkolepou oslavu 30 let kapely v O2 universum<\/h3>\n                <\/div>\n            <\/a>\n            \n\n            <a href=\"https:\/\/www.karaoketexty.cz\/magazin\/hudeba-kapely-slavne-rozchody\/\" class=\"related-post-link\">\n                <div class=\"post-thumbnail\">\n                    <img decoding=\"async\" width=\"250\" height=\"141\" src=\"https:\/\/www.karaoketexty.cz\/magazin\/wp-content\/uploads\/2025\/12\/Fleetwood-Mac.jpg\" class=\"attachment-250x180 size-250x180 not-transparent\" alt=\"Fotografie kapely Fleetwood Mac\" srcset=\"https:\/\/www.karaoketexty.cz\/magazin\/wp-content\/uploads\/2025\/12\/Fleetwood-Mac.jpg 1200w, https:\/\/www.karaoketexty.cz\/magazin\/wp-content\/uploads\/2025\/12\/Fleetwood-Mac-300x169.jpg 300w, https:\/\/www.karaoketexty.cz\/magazin\/wp-content\/uploads\/2025\/12\/Fleetwood-Mac-1024x576.jpg 1024w, https:\/\/www.karaoketexty.cz\/magazin\/wp-content\/uploads\/2025\/12\/Fleetwood-Mac-768x432.jpg 768w, https:\/\/www.karaoketexty.cz\/magazin\/wp-content\/uploads\/2025\/12\/Fleetwood-Mac-800x450.jpg 800w\" sizes=\"(max-width: 250px) 100vw, 250px\" data-has-transparency=\"false\" data-dominant-color=\"5f4d4a\" style=\"--dominant-color: #5f4d4a;\" \/>                <\/div>\n                <div class=\"post-details\">\n                    <span class=\"also-read\">\u010ct\u011bte tak\u00e9:<\/span>\n                    <h3 class=\"hed\">Slavn\u00e9 rozchody v kapel\u00e1ch: Kdo spolu po rozchodu vydr\u017eel na p\u00f3diu? N\u011bkdy smutek a zlomen\u00e9 srdce tvo\u0159\u00ed ty nejv\u011bt\u0161\u00ed hity<\/h3>\n                <\/div>\n            <\/a>\n            ","protected":false},"excerpt":{"rendered":"<p>V\u00a0roce 2024 ukon\u010dilo duo Eva a Va\u0161ek \u010dinnost, partne\u0159i se i t\u00e9ho\u017e roku rozvedli. Ani jeden se ale rozhodn\u011b nemaj\u00ed \u0161patn\u011b.<\/p>\n","protected":false},"author":5,"featured_media":5298,"comment_status":"open","ping_status":"closed","sticky":false,"template":"","format":"standard","meta":{"_yoast_wpseo_title":"Velkolep\u00e9 s\u00eddlo V\u00e1clava \u0160ev\u010d\u00edka z dua Eva a Va\u0161ek","_yoast_wpseo_metadesc":"Po rozvodu z\u016fstal V\u00e1clav \u0160ev\u010d\u00edk v \u010cech\u00e1ch, ve sv\u00e9m velk\u00e9m s\u00eddle. M\u00e1 tu nejen baz\u00e9n, ale i penzion a nahr\u00e1vac\u00ed studio.","footnotes":""},"categories":[1059],"tags":[49,571,12,436,62,5155,5157,5156,1727,5158,462,553,406,690,63,163,5154,11],"class_list":["post-5264","post","type-post","status-publish","format-standard","has-post-thumbnail","hentry","category-celebrity","tag-bydleni","tag-ceska-hudba","tag-ceske-celebrity","tag-country","tag-domy-a-rezidence-slavnych","tag-eva-a-vasek","tag-eva-adams","tag-eva-sevcikova","tag-florida","tag-jaruska","tag-kapela","tag-partnerstvi","tag-pop","tag-rozvod","tag-sidlo","tag-usa","tag-vaclav-sevcik","tag-zpevak"],"yoast_head":"<!-- This site is optimized with the Yoast SEO plugin v27.5 - https:\/\/yoast.com\/product\/yoast-seo-wordpress\/ -->\n<title>Velkolep\u00e9 s\u00eddlo V\u00e1clava \u0160ev\u010d\u00edka z dua Eva a Va\u0161ek<\/title>\n<meta name=\"description\" content=\"Po rozvodu z\u016fstal V\u00e1clav \u0160ev\u010d\u00edk v \u010cech\u00e1ch, ve sv\u00e9m velk\u00e9m s\u00eddle. M\u00e1 tu nejen baz\u00e9n, ale i penzion a nahr\u00e1vac\u00ed studio.\" \/>\n<meta name=\"robots\" content=\"index, follow, max-snippet:-1, max-image-preview:large, max-video-preview:-1\" \/>\n<link rel=\"canonical\" href=\"https:\/\/www.karaoketexty.cz\/magazin\/penzion-a-bydleni-vaclava-sevcika\/\" \/>\n<meta property=\"og:locale\" content=\"cs_CZ\" \/>\n<meta property=\"og:type\" content=\"article\" \/>\n<meta property=\"og:title\" content=\"Velkolep\u00e9 s\u00eddlo V\u00e1clava \u0160ev\u010d\u00edka z dua Eva a Va\u0161ek\" \/>\n<meta property=\"og:description\" content=\"Po rozvodu z\u016fstal V\u00e1clav \u0160ev\u010d\u00edk v \u010cech\u00e1ch, ve sv\u00e9m velk\u00e9m s\u00eddle. M\u00e1 tu nejen baz\u00e9n, ale i penzion a nahr\u00e1vac\u00ed studio.\" \/>\n<meta property=\"og:url\" content=\"https:\/\/www.karaoketexty.cz\/magazin\/penzion-a-bydleni-vaclava-sevcika\/\" \/>\n<meta property=\"og:site_name\" content=\"Stars Magaz\u00edn Karaoketexty.cz\" \/>\n<meta property=\"article:published_time\" content=\"2025-12-11T06:47:00+00:00\" \/>\n<meta property=\"og:image\" content=\"https:\/\/www.karaoketexty.cz\/magazin\/wp-content\/uploads\/2025\/12\/eva-a-vasek-sevcikovi.jpg\" \/>\n\t<meta property=\"og:image:width\" content=\"1200\" \/>\n\t<meta property=\"og:image:height\" content=\"708\" \/>\n\t<meta property=\"og:image:type\" content=\"image\/jpeg\" \/>\n<meta name=\"author\" content=\"Veronika \u0160imkov\u00e1\" \/>\n<meta name=\"twitter:card\" content=\"summary_large_image\" \/>\n<meta name=\"twitter:label1\" content=\"Napsal(a)\" \/>\n\t<meta name=\"twitter:data1\" content=\"Veronika \u0160imkov\u00e1\" \/>\n\t<meta name=\"twitter:label2\" content=\"Odhadovan\u00e1 doba \u010dten\u00ed\" \/>\n\t<meta name=\"twitter:data2\" content=\"3 minuty\" \/>\n<script type=\"application\/ld+json\" class=\"yoast-schema-graph\">{\"@context\":\"https:\\\/\\\/schema.org\",\"@graph\":[{\"@type\":\"Article\",\"@id\":\"https:\\\/\\\/www.karaoketexty.cz\\\/magazin\\\/penzion-a-bydleni-vaclava-sevcika\\\/#article\",\"isPartOf\":{\"@id\":\"https:\\\/\\\/www.karaoketexty.cz\\\/magazin\\\/penzion-a-bydleni-vaclava-sevcika\\\/\"},\"author\":{\"name\":\"Veronika \u0160imkov\u00e1\",\"@id\":\"https:\\\/\\\/www.karaoketexty.cz\\\/magazin\\\/#\\\/schema\\\/person\\\/03220d610ed4cba378a72bac3443f821\"},\"headline\":\"S\u00eddlo V\u00e1clava \u0160ev\u010d\u00edka z\u00a0dua Eva a Va\u0161ek v\u00e1m vyraz\u00ed dech: M\u00e1 tu i nahr\u00e1vac\u00ed studio\",\"datePublished\":\"2025-12-11T06:47:00+00:00\",\"mainEntityOfPage\":{\"@id\":\"https:\\\/\\\/www.karaoketexty.cz\\\/magazin\\\/penzion-a-bydleni-vaclava-sevcika\\\/\"},\"wordCount\":498,\"commentCount\":0,\"image\":{\"@id\":\"https:\\\/\\\/www.karaoketexty.cz\\\/magazin\\\/penzion-a-bydleni-vaclava-sevcika\\\/#primaryimage\"},\"thumbnailUrl\":\"https:\\\/\\\/www.karaoketexty.cz\\\/magazin\\\/wp-content\\\/uploads\\\/2025\\\/12\\\/eva-a-vasek-sevcikovi.jpg\",\"keywords\":[\"Bydlen\u00ed\",\"\u010desk\u00e1 hudba\",\"\u010cesk\u00e9 celebrity\",\"country\",\"Domy a rezidence slavn\u00fdch\",\"Eva a Va\u0161ek\",\"Eva Adams\",\"Eva \u0160ev\u010d\u00edkov\u00e1\",\"Florida\",\"Jaru\u0161ka\",\"kapela\",\"partnerstv\u00ed\",\"pop\",\"rozvod\",\"S\u00eddlo\",\"USA\",\"V\u00e1clav \u0160ev\u010d\u00edk\",\"Zp\u011bv\u00e1k\"],\"articleSection\":[\"Celebrity\"],\"inLanguage\":\"cs\",\"potentialAction\":[{\"@type\":\"CommentAction\",\"name\":\"Comment\",\"target\":[\"https:\\\/\\\/www.karaoketexty.cz\\\/magazin\\\/penzion-a-bydleni-vaclava-sevcika\\\/#respond\"]}]},{\"@type\":\"WebPage\",\"@id\":\"https:\\\/\\\/www.karaoketexty.cz\\\/magazin\\\/penzion-a-bydleni-vaclava-sevcika\\\/\",\"url\":\"https:\\\/\\\/www.karaoketexty.cz\\\/magazin\\\/penzion-a-bydleni-vaclava-sevcika\\\/\",\"name\":\"Velkolep\u00e9 s\u00eddlo V\u00e1clava \u0160ev\u010d\u00edka z dua Eva a Va\u0161ek\",\"isPartOf\":{\"@id\":\"https:\\\/\\\/www.karaoketexty.cz\\\/magazin\\\/#website\"},\"primaryImageOfPage\":{\"@id\":\"https:\\\/\\\/www.karaoketexty.cz\\\/magazin\\\/penzion-a-bydleni-vaclava-sevcika\\\/#primaryimage\"},\"image\":{\"@id\":\"https:\\\/\\\/www.karaoketexty.cz\\\/magazin\\\/penzion-a-bydleni-vaclava-sevcika\\\/#primaryimage\"},\"thumbnailUrl\":\"https:\\\/\\\/www.karaoketexty.cz\\\/magazin\\\/wp-content\\\/uploads\\\/2025\\\/12\\\/eva-a-vasek-sevcikovi.jpg\",\"datePublished\":\"2025-12-11T06:47:00+00:00\",\"author\":{\"@id\":\"https:\\\/\\\/www.karaoketexty.cz\\\/magazin\\\/#\\\/schema\\\/person\\\/03220d610ed4cba378a72bac3443f821\"},\"description\":\"Po rozvodu z\u016fstal V\u00e1clav \u0160ev\u010d\u00edk v \u010cech\u00e1ch, ve sv\u00e9m velk\u00e9m s\u00eddle. M\u00e1 tu nejen baz\u00e9n, ale i penzion a nahr\u00e1vac\u00ed studio.\",\"breadcrumb\":{\"@id\":\"https:\\\/\\\/www.karaoketexty.cz\\\/magazin\\\/penzion-a-bydleni-vaclava-sevcika\\\/#breadcrumb\"},\"inLanguage\":\"cs\",\"potentialAction\":[{\"@type\":\"ReadAction\",\"target\":[\"https:\\\/\\\/www.karaoketexty.cz\\\/magazin\\\/penzion-a-bydleni-vaclava-sevcika\\\/\"]}]},{\"@type\":\"ImageObject\",\"inLanguage\":\"cs\",\"@id\":\"https:\\\/\\\/www.karaoketexty.cz\\\/magazin\\\/penzion-a-bydleni-vaclava-sevcika\\\/#primaryimage\",\"url\":\"https:\\\/\\\/www.karaoketexty.cz\\\/magazin\\\/wp-content\\\/uploads\\\/2025\\\/12\\\/eva-a-vasek-sevcikovi.jpg\",\"contentUrl\":\"https:\\\/\\\/www.karaoketexty.cz\\\/magazin\\\/wp-content\\\/uploads\\\/2025\\\/12\\\/eva-a-vasek-sevcikovi.jpg\",\"width\":1200,\"height\":708,\"caption\":\"Foto: NextFoto, V\u00e1clav \u0160ev\u010d\u00edk se svou man\u017eelkou Evou v \u010dervnu 2018\"},{\"@type\":\"BreadcrumbList\",\"@id\":\"https:\\\/\\\/www.karaoketexty.cz\\\/magazin\\\/penzion-a-bydleni-vaclava-sevcika\\\/#breadcrumb\",\"itemListElement\":[{\"@type\":\"ListItem\",\"position\":1,\"name\":\"Dom\u016f\",\"item\":\"https:\\\/\\\/www.karaoketexty.cz\\\/magazin\\\/\"},{\"@type\":\"ListItem\",\"position\":2,\"name\":\"S\u00eddlo V\u00e1clava \u0160ev\u010d\u00edka z\u00a0dua Eva a Va\u0161ek v\u00e1m vyraz\u00ed dech: M\u00e1 tu i nahr\u00e1vac\u00ed studio\"}]},{\"@type\":\"WebSite\",\"@id\":\"https:\\\/\\\/www.karaoketexty.cz\\\/magazin\\\/#website\",\"url\":\"https:\\\/\\\/www.karaoketexty.cz\\\/magazin\\\/\",\"name\":\"Stars Magaz\u00edn Karaoketexty.cz\",\"description\":\"Stars Magaz\u00edn na Karaoketexty.cz je zam\u011b\u0159en\u00fd na novinky ze sv\u011bta hudby a celebrit. Obsahuje \u010dl\u00e1nky o zp\u011bv\u00e1c\u00edch, kapel\u00e1ch, nov\u00fdch albech, hudebn\u00edch trendech a dal\u0161\u00edch zaj\u00edmavostech z hudebn\u00edho pr\u016fmyslu.\",\"potentialAction\":[{\"@type\":\"SearchAction\",\"target\":{\"@type\":\"EntryPoint\",\"urlTemplate\":\"https:\\\/\\\/www.karaoketexty.cz\\\/magazin\\\/?s={search_term_string}\"},\"query-input\":{\"@type\":\"PropertyValueSpecification\",\"valueRequired\":true,\"valueName\":\"search_term_string\"}}],\"inLanguage\":\"cs\"},{\"@type\":\"Person\",\"@id\":\"https:\\\/\\\/www.karaoketexty.cz\\\/magazin\\\/#\\\/schema\\\/person\\\/03220d610ed4cba378a72bac3443f821\",\"name\":\"Veronika \u0160imkov\u00e1\",\"image\":{\"@type\":\"ImageObject\",\"inLanguage\":\"cs\",\"@id\":\"https:\\\/\\\/secure.gravatar.com\\\/avatar\\\/62af9cda83322200aaf20e60d0442fbca254ce18c0ffdcaaf83de31493c941a5?s=96&d=mm&r=g\",\"url\":\"https:\\\/\\\/secure.gravatar.com\\\/avatar\\\/62af9cda83322200aaf20e60d0442fbca254ce18c0ffdcaaf83de31493c941a5?s=96&d=mm&r=g\",\"contentUrl\":\"https:\\\/\\\/secure.gravatar.com\\\/avatar\\\/62af9cda83322200aaf20e60d0442fbca254ce18c0ffdcaaf83de31493c941a5?s=96&d=mm&r=g\",\"caption\":\"Veronika \u0160imkov\u00e1\"},\"url\":\"https:\\\/\\\/www.karaoketexty.cz\\\/magazin\\\/author\\\/veronikasimkova\\\/\"}]}<\/script>\n<!-- \/ Yoast SEO plugin. -->","yoast_head_json":{"title":"Velkolep\u00e9 s\u00eddlo V\u00e1clava \u0160ev\u010d\u00edka z dua Eva a Va\u0161ek","description":"Po rozvodu z\u016fstal V\u00e1clav \u0160ev\u010d\u00edk v \u010cech\u00e1ch, ve sv\u00e9m velk\u00e9m s\u00eddle. M\u00e1 tu nejen baz\u00e9n, ale i penzion a nahr\u00e1vac\u00ed studio.","robots":{"index":"index","follow":"follow","max-snippet":"max-snippet:-1","max-image-preview":"max-image-preview:large","max-video-preview":"max-video-preview:-1"},"canonical":"https:\/\/www.karaoketexty.cz\/magazin\/penzion-a-bydleni-vaclava-sevcika\/","og_locale":"cs_CZ","og_type":"article","og_title":"Velkolep\u00e9 s\u00eddlo V\u00e1clava \u0160ev\u010d\u00edka z dua Eva a Va\u0161ek","og_description":"Po rozvodu z\u016fstal V\u00e1clav \u0160ev\u010d\u00edk v \u010cech\u00e1ch, ve sv\u00e9m velk\u00e9m s\u00eddle. M\u00e1 tu nejen baz\u00e9n, ale i penzion a nahr\u00e1vac\u00ed studio.","og_url":"https:\/\/www.karaoketexty.cz\/magazin\/penzion-a-bydleni-vaclava-sevcika\/","og_site_name":"Stars Magaz\u00edn Karaoketexty.cz","article_published_time":"2025-12-11T06:47:00+00:00","og_image":[{"width":1200,"height":708,"url":"https:\/\/www.karaoketexty.cz\/magazin\/wp-content\/uploads\/2025\/12\/eva-a-vasek-sevcikovi.jpg","type":"image\/jpeg"}],"author":"Veronika \u0160imkov\u00e1","twitter_card":"summary_large_image","twitter_misc":{"Napsal(a)":"Veronika \u0160imkov\u00e1","Odhadovan\u00e1 doba \u010dten\u00ed":"3 minuty"},"schema":{"@context":"https:\/\/schema.org","@graph":[{"@type":"Article","@id":"https:\/\/www.karaoketexty.cz\/magazin\/penzion-a-bydleni-vaclava-sevcika\/#article","isPartOf":{"@id":"https:\/\/www.karaoketexty.cz\/magazin\/penzion-a-bydleni-vaclava-sevcika\/"},"author":{"name":"Veronika \u0160imkov\u00e1","@id":"https:\/\/www.karaoketexty.cz\/magazin\/#\/schema\/person\/03220d610ed4cba378a72bac3443f821"},"headline":"S\u00eddlo V\u00e1clava \u0160ev\u010d\u00edka z\u00a0dua Eva a Va\u0161ek v\u00e1m vyraz\u00ed dech: M\u00e1 tu i nahr\u00e1vac\u00ed studio","datePublished":"2025-12-11T06:47:00+00:00","mainEntityOfPage":{"@id":"https:\/\/www.karaoketexty.cz\/magazin\/penzion-a-bydleni-vaclava-sevcika\/"},"wordCount":498,"commentCount":0,"image":{"@id":"https:\/\/www.karaoketexty.cz\/magazin\/penzion-a-bydleni-vaclava-sevcika\/#primaryimage"},"thumbnailUrl":"https:\/\/www.karaoketexty.cz\/magazin\/wp-content\/uploads\/2025\/12\/eva-a-vasek-sevcikovi.jpg","keywords":["Bydlen\u00ed","\u010desk\u00e1 hudba","\u010cesk\u00e9 celebrity","country","Domy a rezidence slavn\u00fdch","Eva a Va\u0161ek","Eva Adams","Eva \u0160ev\u010d\u00edkov\u00e1","Florida","Jaru\u0161ka","kapela","partnerstv\u00ed","pop","rozvod","S\u00eddlo","USA","V\u00e1clav \u0160ev\u010d\u00edk","Zp\u011bv\u00e1k"],"articleSection":["Celebrity"],"inLanguage":"cs","potentialAction":[{"@type":"CommentAction","name":"Comment","target":["https:\/\/www.karaoketexty.cz\/magazin\/penzion-a-bydleni-vaclava-sevcika\/#respond"]}]},{"@type":"WebPage","@id":"https:\/\/www.karaoketexty.cz\/magazin\/penzion-a-bydleni-vaclava-sevcika\/","url":"https:\/\/www.karaoketexty.cz\/magazin\/penzion-a-bydleni-vaclava-sevcika\/","name":"Velkolep\u00e9 s\u00eddlo V\u00e1clava \u0160ev\u010d\u00edka z dua Eva a Va\u0161ek","isPartOf":{"@id":"https:\/\/www.karaoketexty.cz\/magazin\/#website"},"primaryImageOfPage":{"@id":"https:\/\/www.karaoketexty.cz\/magazin\/penzion-a-bydleni-vaclava-sevcika\/#primaryimage"},"image":{"@id":"https:\/\/www.karaoketexty.cz\/magazin\/penzion-a-bydleni-vaclava-sevcika\/#primaryimage"},"thumbnailUrl":"https:\/\/www.karaoketexty.cz\/magazin\/wp-content\/uploads\/2025\/12\/eva-a-vasek-sevcikovi.jpg","datePublished":"2025-12-11T06:47:00+00:00","author":{"@id":"https:\/\/www.karaoketexty.cz\/magazin\/#\/schema\/person\/03220d610ed4cba378a72bac3443f821"},"description":"Po rozvodu z\u016fstal V\u00e1clav \u0160ev\u010d\u00edk v \u010cech\u00e1ch, ve sv\u00e9m velk\u00e9m s\u00eddle. M\u00e1 tu nejen baz\u00e9n, ale i penzion a nahr\u00e1vac\u00ed studio.","breadcrumb":{"@id":"https:\/\/www.karaoketexty.cz\/magazin\/penzion-a-bydleni-vaclava-sevcika\/#breadcrumb"},"inLanguage":"cs","potentialAction":[{"@type":"ReadAction","target":["https:\/\/www.karaoketexty.cz\/magazin\/penzion-a-bydleni-vaclava-sevcika\/"]}]},{"@type":"ImageObject","inLanguage":"cs","@id":"https:\/\/www.karaoketexty.cz\/magazin\/penzion-a-bydleni-vaclava-sevcika\/#primaryimage","url":"https:\/\/www.karaoketexty.cz\/magazin\/wp-content\/uploads\/2025\/12\/eva-a-vasek-sevcikovi.jpg","contentUrl":"https:\/\/www.karaoketexty.cz\/magazin\/wp-content\/uploads\/2025\/12\/eva-a-vasek-sevcikovi.jpg","width":1200,"height":708,"caption":"Foto: NextFoto, V\u00e1clav \u0160ev\u010d\u00edk se svou man\u017eelkou Evou v \u010dervnu 2018"},{"@type":"BreadcrumbList","@id":"https:\/\/www.karaoketexty.cz\/magazin\/penzion-a-bydleni-vaclava-sevcika\/#breadcrumb","itemListElement":[{"@type":"ListItem","position":1,"name":"Dom\u016f","item":"https:\/\/www.karaoketexty.cz\/magazin\/"},{"@type":"ListItem","position":2,"name":"S\u00eddlo V\u00e1clava \u0160ev\u010d\u00edka z\u00a0dua Eva a Va\u0161ek v\u00e1m vyraz\u00ed dech: M\u00e1 tu i nahr\u00e1vac\u00ed studio"}]},{"@type":"WebSite","@id":"https:\/\/www.karaoketexty.cz\/magazin\/#website","url":"https:\/\/www.karaoketexty.cz\/magazin\/","name":"Stars Magaz\u00edn Karaoketexty.cz","description":"Stars Magaz\u00edn na Karaoketexty.cz je zam\u011b\u0159en\u00fd na novinky ze sv\u011bta hudby a celebrit. Obsahuje \u010dl\u00e1nky o zp\u011bv\u00e1c\u00edch, kapel\u00e1ch, nov\u00fdch albech, hudebn\u00edch trendech a dal\u0161\u00edch zaj\u00edmavostech z hudebn\u00edho pr\u016fmyslu.","potentialAction":[{"@type":"SearchAction","target":{"@type":"EntryPoint","urlTemplate":"https:\/\/www.karaoketexty.cz\/magazin\/?s={search_term_string}"},"query-input":{"@type":"PropertyValueSpecification","valueRequired":true,"valueName":"search_term_string"}}],"inLanguage":"cs"},{"@type":"Person","@id":"https:\/\/www.karaoketexty.cz\/magazin\/#\/schema\/person\/03220d610ed4cba378a72bac3443f821","name":"Veronika \u0160imkov\u00e1","image":{"@type":"ImageObject","inLanguage":"cs","@id":"https:\/\/secure.gravatar.com\/avatar\/62af9cda83322200aaf20e60d0442fbca254ce18c0ffdcaaf83de31493c941a5?s=96&d=mm&r=g","url":"https:\/\/secure.gravatar.com\/avatar\/62af9cda83322200aaf20e60d0442fbca254ce18c0ffdcaaf83de31493c941a5?s=96&d=mm&r=g","contentUrl":"https:\/\/secure.gravatar.com\/avatar\/62af9cda83322200aaf20e60d0442fbca254ce18c0ffdcaaf83de31493c941a5?s=96&d=mm&r=g","caption":"Veronika \u0160imkov\u00e1"},"url":"https:\/\/www.karaoketexty.cz\/magazin\/author\/veronikasimkova\/"}]}},"_links":{"self":[{"href":"https:\/\/www.karaoketexty.cz\/magazin\/wp-json\/wp\/v2\/posts\/5264","targetHints":{"allow":["GET"]}}],"collection":[{"href":"https:\/\/www.karaoketexty.cz\/magazin\/wp-json\/wp\/v2\/posts"}],"about":[{"href":"https:\/\/www.karaoketexty.cz\/magazin\/wp-json\/wp\/v2\/types\/post"}],"author":[{"embeddable":true,"href":"https:\/\/www.karaoketexty.cz\/magazin\/wp-json\/wp\/v2\/users\/5"}],"replies":[{"embeddable":true,"href":"https:\/\/www.karaoketexty.cz\/magazin\/wp-json\/wp\/v2\/comments?post=5264"}],"version-history":[{"count":10,"href":"https:\/\/www.karaoketexty.cz\/magazin\/wp-json\/wp\/v2\/posts\/5264\/revisions"}],"predecessor-version":[{"id":5424,"href":"https:\/\/www.karaoketexty.cz\/magazin\/wp-json\/wp\/v2\/posts\/5264\/revisions\/5424"}],"wp:featuredmedia":[{"embeddable":true,"href":"https:\/\/www.karaoketexty.cz\/magazin\/wp-json\/wp\/v2\/media\/5298"}],"wp:attachment":[{"href":"https:\/\/www.karaoketexty.cz\/magazin\/wp-json\/wp\/v2\/media?parent=5264"}],"wp:term":[{"taxonomy":"category","embeddable":true,"href":"https:\/\/www.karaoketexty.cz\/magazin\/wp-json\/wp\/v2\/categories?post=5264"},{"taxonomy":"post_tag","embeddable":true,"href":"https:\/\/www.karaoketexty.cz\/magazin\/wp-json\/wp\/v2\/tags?post=5264"}],"curies":[{"name":"wp","href":"https:\/\/api.w.org\/{rel}","templated":true}]}}