{"id":5246,"date":"2025-12-11T09:21:00","date_gmt":"2025-12-11T08:21:00","guid":{"rendered":"https:\/\/www.karaoketexty.cz\/magazin\/?p=5246"},"modified":"2025-12-10T10:51:15","modified_gmt":"2025-12-10T09:51:15","slug":"madonna-tvrde-proti-trumpovi-svetovy-den-aids-nezmizel-nemoc-stale-zabiji","status":"publish","type":"post","link":"https:\/\/www.karaoketexty.cz\/magazin\/madonna-tvrde-proti-trumpovi-svetovy-den-aids-nezmizel-nemoc-stale-zabiji\/","title":{"rendered":"Madonna tvrd\u011b proti Trumpovi: Sv\u011btov\u00fd den AIDS nezmizel, nemoc st\u00e1le zab\u00edj\u00ed"},"content":{"rendered":"\n<p><strong>Madonna se ost\u0159e vymezila v\u016f\u010di vl\u00e1d\u011b Donalda Trumpa: \u201eSv\u011btov\u00fd den boje proti AIDS si zaslou\u017e\u00ed respekt.\u201c<\/strong><\/p>\n\n\n\n<p>Madonna op\u011bt uk\u00e1zala sv\u011btu, \u017ee se neboj\u00ed \u0159\u00edkat v\u011bci nahlas, obzvl\u00e1\u0161\u0165 pokud jde o lidsk\u00e1 pr\u00e1va a osv\u011btu na poli zdravotnictv\u00ed. Koho si vzala na pa\u0161k\u00e1l tentokr\u00e1t? Jak jsme si na Karaoketexty v\u0161imli, op\u0159ela se p\u0159\u00edmo do vl\u00e1dy Donalda Trumpa a odm\u00edtnut\u00ed ofici\u00e1ln\u00ed p\u0159ipom\u00ednky Sv\u011btov\u00e9ho dne boje proti AIDS. Pro Madonnu je toto t\u00e9ma hluboce osobn\u00ed. Ml\u010den\u00ed vl\u00e1dy podle n\u00ed stav\u00ed do st\u00ednu lidi, kte\u0159\u00ed tuto z\u00e1ke\u0159nou nemoc nep\u0159e\u017eili.<\/p>\n\n\n<!-- karaoketexty.cz \/ rectangle2 -->\n<div id=\"PX_37086_709110796310826\"><\/div>\n<script>\n   if(!useMobileAds && !boolUseSeznamAds && !hideAllAds){\n     window.px2 = window.px2 || { conf: {},queue: [] };\n     px2.queue.push(function () {\n        px2.render({\n           slot: {\n              id: 37086\n           },\n            elem: \"PX_37086_709110796310826\"\n        })\n     });\n  }\n<\/script>\n\n<!-- karaoketexty.cz \/ mobile-rectangle3 -->\n<div id=\"PX_37044_714599773297004\"><\/div>\n<script>\n   if(useMobileAds && !boolUseSeznamAds && !hideAllAds){\nwindow.px2 = window.px2 || { conf: {},queue: [] };\npx2.queue.push(function () {\n\tpx2.render({\n\t\tslot: {\n\t\t\tid: 37044\n\t\t},\n\t\telem: \"PX_37044_714599773297004\"\n\t})\n});\n}\n<\/script>\n\n\n<h2 class=\"wp-block-heading\">Jasn\u00fd vzkaz a siln\u00e9 osobn\u00ed sv\u011bdectv\u00ed<\/h2>\n\n\n\n<p>Madonna se velmi aktivn\u011b v\u011bnuje charitativn\u00ed \u010dinnosti a pod z\u00e1\u0161titou jej\u00ed nadace funguje cel\u00e1 \u0159ada projekt\u016f. Ot\u00e1zky ohledn\u011b zdrav\u00ed a podpora znev\u00fdhodn\u011bn\u00fdch rodin a d\u011bt\u00ed nejen v Africe jsou j\u00ed velmi bl\u00edzk\u00e9. Nejen z toho d\u016fvodu si nemohla odpustit reagovat na situaci, kter\u00e1 nastala v USA. Tamn\u00ed vl\u00e1da toti\u017e odm\u00edtla ofici\u00e1ln\u011b p\u0159ipomenout Sv\u011btov\u00fd den boje proti AIDS, kter\u00fd des\u00edtky let p\u0159ipad\u00e1 na 1. prosince.<\/p>\n\n\n\n<p>Na sv\u00e9m Instagramu Madonna zve\u0159ejnila dojemn\u00fd post, ve kter\u00e9m popsala osobn\u00ed zku\u0161enost se ztr\u00e1tou bl\u00edzk\u00e9ho \u010dlov\u011bka. P\u0159ipomn\u011bla, \u017ee mnoz\u00ed v&nbsp;jej\u00edm bezprost\u0159edn\u00edm okol\u00ed zem\u0159eli v&nbsp;mlad\u00e9m v\u011bku, a strach i bolest z&nbsp;osmdes\u00e1t\u00fdch let z\u016fst\u00e1vaj\u00ed v&nbsp;pam\u011bti dodnes. S&nbsp;odkazem na Trumpa uvedla, \u017ee \u201enikdy nevid\u011bl sv\u00e9ho nejlep\u0161\u00edho p\u0159\u00edtele um\u00edrat na AIDS\u201c, a dodala, \u017ee je v\u016f\u010di ob\u011btem i jejich rodin\u00e1m necitliv\u00e9 a neuctiv\u00e9 ignorovat tento den.<\/p>\n\n\n<!-- karaoketexty.cz \/ interscroller1 -->\n\n<div id=\"PX_37041_825057871452834\"><\/div>\n<script>\nif(useMobileAds && !boolUseSeznamAds && !hideAllAds){\n\twindow.px2 = window.px2 || { conf: {},queue: [] };\n\tpx2.queue.push(function () {\n\t\tpx2.render({\n\t\t\tslot: {\n\t\t\t\tid: 37041\n\t\t\t},\n\t\t\telem: \"PX_37041_825057871452834\"\n\t\t})\n\t});\n}\n<\/script>\n\n\n<p>Zp\u011bva\u010dka zd\u016fraznila, \u017ee nemoc ani zdaleka nezmizela. L\u00e9k, kter\u00fd by ji p\u0159\u00edmo vyl\u00e9\u010dil, st\u00e1le neexistuje a v&nbsp;cel\u00e9m sv\u011bt\u011b na ni lid\u00e9 um\u00edraj\u00ed. Proto Madonna odm\u00edt\u00e1 p\u0159ipustit, \u017ee des\u00edtky tis\u00edc ob\u011bt\u00ed zem\u0159ely nadarmo, a vyz\u00fdv\u00e1 ve\u0159ejnost, aby si Sv\u011btov\u00fd den AIDS p\u0159ipom\u00ednala bez ohledu na postoj vl\u00e1dn\u00edch instituc\u00ed. Symbolick\u00e9 uzn\u00e1n\u00ed je dle n\u00ed stejn\u011b d\u016fle\u017eit\u00e9 jako praktick\u00e1 pomoc. Madonna pro propagaci sv\u00e9ho postoje zcela logicky vyu\u017eila s\u00edlu soci\u00e1ln\u00edch s\u00edt\u00ed.<\/p>\n\n\n\n<blockquote class=\"instagram-media\" data-instgrm-captioned data-instgrm-permalink=\"https:\/\/www.instagram.com\/p\/DSAwo14DWA4\/?utm_source=ig_embed&amp;utm_campaign=loading\" data-instgrm-version=\"14\" style=\" background:#FFF; border:0; border-radius:3px; box-shadow:0 0 1px 0 rgba(0,0,0,0.5),0 1px 10px 0 rgba(0,0,0,0.15); margin: 1px; max-width:540px; min-width:326px; padding:0; width:99.375%; width:-webkit-calc(100% - 2px); width:calc(100% - 2px);\"><div style=\"padding:16px;\"> <a href=\"https:\/\/www.instagram.com\/p\/DSAwo14DWA4\/?utm_source=ig_embed&amp;utm_campaign=loading\" style=\" background:#FFFFFF; line-height:0; padding:0 0; text-align:center; text-decoration:none; width:100%;\" target=\"_blank\"> <div style=\" display: flex; flex-direction: row; align-items: center;\"> <div style=\"background-color: #F4F4F4; border-radius: 50%; flex-grow: 0; height: 40px; margin-right: 14px; width: 40px;\"><\/div> <div style=\"display: flex; flex-direction: column; flex-grow: 1; justify-content: center;\"> <div style=\" background-color: #F4F4F4; border-radius: 4px; flex-grow: 0; height: 14px; margin-bottom: 6px; width: 100px;\"><\/div> <div style=\" background-color: #F4F4F4; border-radius: 4px; flex-grow: 0; height: 14px; width: 60px;\"><\/div><\/div><\/div><div style=\"padding: 19% 0;\"><\/div> <div style=\"display:block; height:50px; margin:0 auto 12px; width:50px;\"><svg width=\"50px\" height=\"50px\" viewBox=\"0 0 60 60\" version=\"1.1\" xmlns=\"https:\/\/www.w3.org\/2000\/svg\" xmlns:xlink=\"https:\/\/www.w3.org\/1999\/xlink\"><g stroke=\"none\" stroke-width=\"1\" fill=\"none\" fill-rule=\"evenodd\"><g transform=\"translate(-511.000000, -20.000000)\" fill=\"#000000\"><g><path d=\"M556.869,30.41 C554.814,30.41 553.148,32.076 553.148,34.131 C553.148,36.186 554.814,37.852 556.869,37.852 C558.924,37.852 560.59,36.186 560.59,34.131 C560.59,32.076 558.924,30.41 556.869,30.41 M541,60.657 C535.114,60.657 530.342,55.887 530.342,50 C530.342,44.114 535.114,39.342 541,39.342 C546.887,39.342 551.658,44.114 551.658,50 C551.658,55.887 546.887,60.657 541,60.657 M541,33.886 C532.1,33.886 524.886,41.1 524.886,50 C524.886,58.899 532.1,66.113 541,66.113 C549.9,66.113 557.115,58.899 557.115,50 C557.115,41.1 549.9,33.886 541,33.886 M565.378,62.101 C565.244,65.022 564.756,66.606 564.346,67.663 C563.803,69.06 563.154,70.057 562.106,71.106 C561.058,72.155 560.06,72.803 558.662,73.347 C557.607,73.757 556.021,74.244 553.102,74.378 C549.944,74.521 548.997,74.552 541,74.552 C533.003,74.552 532.056,74.521 528.898,74.378 C525.979,74.244 524.393,73.757 523.338,73.347 C521.94,72.803 520.942,72.155 519.894,71.106 C518.846,70.057 518.197,69.06 517.654,67.663 C517.244,66.606 516.755,65.022 516.623,62.101 C516.479,58.943 516.448,57.996 516.448,50 C516.448,42.003 516.479,41.056 516.623,37.899 C516.755,34.978 517.244,33.391 517.654,32.338 C518.197,30.938 518.846,29.942 519.894,28.894 C520.942,27.846 521.94,27.196 523.338,26.654 C524.393,26.244 525.979,25.756 528.898,25.623 C532.057,25.479 533.004,25.448 541,25.448 C548.997,25.448 549.943,25.479 553.102,25.623 C556.021,25.756 557.607,26.244 558.662,26.654 C560.06,27.196 561.058,27.846 562.106,28.894 C563.154,29.942 563.803,30.938 564.346,32.338 C564.756,33.391 565.244,34.978 565.378,37.899 C565.522,41.056 565.552,42.003 565.552,50 C565.552,57.996 565.522,58.943 565.378,62.101 M570.82,37.631 C570.674,34.438 570.167,32.258 569.425,30.349 C568.659,28.377 567.633,26.702 565.965,25.035 C564.297,23.368 562.623,22.342 560.652,21.575 C558.743,20.834 556.562,20.326 553.369,20.18 C550.169,20.033 549.148,20 541,20 C532.853,20 531.831,20.033 528.631,20.18 C525.438,20.326 523.257,20.834 521.349,21.575 C519.376,22.342 517.703,23.368 516.035,25.035 C514.368,26.702 513.342,28.377 512.574,30.349 C511.834,32.258 511.326,34.438 511.181,37.631 C511.035,40.831 511,41.851 511,50 C511,58.147 511.035,59.17 511.181,62.369 C511.326,65.562 511.834,67.743 512.574,69.651 C513.342,71.625 514.368,73.296 516.035,74.965 C517.703,76.634 519.376,77.658 521.349,78.425 C523.257,79.167 525.438,79.673 528.631,79.82 C531.831,79.965 532.853,80.001 541,80.001 C549.148,80.001 550.169,79.965 553.369,79.82 C556.562,79.673 558.743,79.167 560.652,78.425 C562.623,77.658 564.297,76.634 565.965,74.965 C567.633,73.296 568.659,71.625 569.425,69.651 C570.167,67.743 570.674,65.562 570.82,62.369 C570.966,59.17 571,58.147 571,50 C571,41.851 570.966,40.831 570.82,37.631\"><\/path><\/g><\/g><\/g><\/svg><\/div><div style=\"padding-top: 8px;\"> <div style=\" color:#3897f0; font-family:Arial,sans-serif; font-size:14px; font-style:normal; font-weight:550; line-height:18px;\">Zobrazit p\u0159\u00edsp\u011bvek na Instagramu<\/div><\/div><div style=\"padding: 12.5% 0;\"><\/div> <div style=\"display: flex; flex-direction: row; margin-bottom: 14px; align-items: center;\"><div> <div style=\"background-color: #F4F4F4; border-radius: 50%; height: 12.5px; width: 12.5px; transform: translateX(0px) translateY(7px);\"><\/div> <div style=\"background-color: #F4F4F4; height: 12.5px; transform: rotate(-45deg) translateX(3px) translateY(1px); width: 12.5px; flex-grow: 0; margin-right: 14px; margin-left: 2px;\"><\/div> <div style=\"background-color: #F4F4F4; border-radius: 50%; height: 12.5px; width: 12.5px; transform: translateX(9px) translateY(-18px);\"><\/div><\/div><div style=\"margin-left: 8px;\"> <div style=\" background-color: #F4F4F4; border-radius: 50%; flex-grow: 0; height: 20px; width: 20px;\"><\/div> <div style=\" width: 0; height: 0; border-top: 2px solid transparent; border-left: 6px solid #f4f4f4; border-bottom: 2px solid transparent; transform: translateX(16px) translateY(-4px) rotate(30deg)\"><\/div><\/div><div style=\"margin-left: auto;\"> <div style=\" width: 0px; border-top: 8px solid #F4F4F4; border-right: 8px solid transparent; transform: translateY(16px);\"><\/div> <div style=\" background-color: #F4F4F4; flex-grow: 0; height: 12px; width: 16px; transform: translateY(-4px);\"><\/div> <div style=\" width: 0; height: 0; border-top: 8px solid #F4F4F4; border-left: 8px solid transparent; transform: translateY(-4px) translateX(8px);\"><\/div><\/div><\/div> <div style=\"display: flex; flex-direction: column; flex-grow: 1; justify-content: center; margin-bottom: 24px;\"> <div style=\" background-color: #F4F4F4; border-radius: 4px; flex-grow: 0; height: 14px; margin-bottom: 6px; width: 224px;\"><\/div> <div style=\" background-color: #F4F4F4; border-radius: 4px; flex-grow: 0; height: 14px; width: 144px;\"><\/div><\/div><\/a><p style=\" color:#c9c8cd; font-family:Arial,sans-serif; font-size:14px; line-height:17px; margin-bottom:0; margin-top:8px; overflow:hidden; padding:8px 0 7px; text-align:center; text-overflow:ellipsis; white-space:nowrap;\"><a href=\"https:\/\/www.instagram.com\/p\/DSAwo14DWA4\/?utm_source=ig_embed&amp;utm_campaign=loading\" style=\" color:#c9c8cd; font-family:Arial,sans-serif; font-size:14px; font-style:normal; font-weight:normal; line-height:17px; text-decoration:none;\" target=\"_blank\">P\u0159\u00edsp\u011bvek sd\u00edlen\u00fd Madonna (@madonna)<\/a><\/p><\/div><\/blockquote>\n<script async src=\"\/\/www.instagram.com\/embed.js\"><\/script>\n\n\n\n<h2 class=\"wp-block-heading\">Stanovisko vl\u00e1dy a reakce ve\u0159ejnosti<\/h2>\n\n\n\n<p>Mluv\u010d\u00ed ministerstva zahrani\u010d\u00ed potvrdil, \u017ee administrativa tento den ofici\u00e1ln\u011b nep\u0159ipomene. Pod Madonnin\u00fdm p\u0159\u00edsp\u011bvkem, kter\u00fdm zp\u011bva\u010dka burcuje Instagram, se okam\u017eit\u011b objevily reakce fanou\u0161k\u016f \u2013 od potlesku a\u017e po uzn\u00e1n\u00ed, \u017ee \u201eMadonna je prost\u011b frajer\u201c. A\u0165 u\u017e s&nbsp;n\u00ed lid\u00e9 souhlas\u00ed \u010di nikoli, jedno je jist\u00e9: Madonna se neboj\u00ed \u0159\u00edct sv\u016fj n\u00e1zor. T\u00e9matu AIDS se v\u011bnuje dlouhodob\u011b a jej\u00ed hlas m\u00e1 v\u00e1hu. Co si o tom mysl\u00edte vy? P\u0159ipome\u0148me si, \u017ee na AIDS zem\u0159ely mnoh\u00e9 slavn\u00e9 osobnosti: Freddie Mercury, Charlie Sheen nebo nap\u0159\u00edklad i krasobrusla\u0159 Ondrej Nepela.<\/p>\n\n\n\n<p>Zdroj: Autorsk\u00fd text, <a href=\"https:\/\/www.instagram.com\/p\/DRu4DqvjbQ6\/?img_index=1\" target=\"_blank\" rel=\"noreferrer noopener nofollow\">Instagram Madonna<\/a>, <a href=\"https:\/\/en.wikipedia.org\/wiki\/Philanthropy_and_activism_of_Madonna\" target=\"_blank\" rel=\"noreferrer noopener nofollow\">Wikipedie<\/a>, <a href=\"https:\/\/edition.cnn.com\/2025\/12\/01\/health\/world-aids-day-trump-administration\" target=\"_blank\" rel=\"noreferrer noopener nofollow\">CNN<\/a><\/p>\n\n\n            <a href=\"https:\/\/www.karaoketexty.cz\/magazin\/madonna-a-jejich-sest-deti-pribeh-lasky-odvahy-a-ruznych-talentu\/\" class=\"related-post-link\">\n                <div class=\"post-thumbnail\">\n                    <img decoding=\"async\" width=\"250\" height=\"155\" src=\"https:\/\/www.karaoketexty.cz\/magazin\/wp-content\/uploads\/2025\/12\/madona-koncert-2023.jpg\" class=\"attachment-250x180 size-250x180 not-transparent\" alt=\"Madonna v Lond\u00fdn\u011b v roce 2023\" srcset=\"https:\/\/www.karaoketexty.cz\/magazin\/wp-content\/uploads\/2025\/12\/madona-koncert-2023.jpg 1200w, https:\/\/www.karaoketexty.cz\/magazin\/wp-content\/uploads\/2025\/12\/madona-koncert-2023-300x186.jpg 300w, https:\/\/www.karaoketexty.cz\/magazin\/wp-content\/uploads\/2025\/12\/madona-koncert-2023-1024x636.jpg 1024w, https:\/\/www.karaoketexty.cz\/magazin\/wp-content\/uploads\/2025\/12\/madona-koncert-2023-768x477.jpg 768w\" sizes=\"(max-width: 250px) 100vw, 250px\" data-has-transparency=\"false\" data-dominant-color=\"151b6a\" style=\"--dominant-color: #151b6a;\" \/>                <\/div>\n                <div class=\"post-details\">\n                    <span class=\"also-read\">\u010ct\u011bte tak\u00e9:<\/span>\n                    <h3 class=\"hed\">Madonna a jej\u00edch \u0161est d\u011bt\u00ed: P\u0159\u00edb\u011bh l\u00e1sky, odvahy a r\u016fzn\u00fdch talent\u016f<\/h3>\n                <\/div>\n            <\/a>\n            \n\n            <a href=\"https:\/\/www.karaoketexty.cz\/magazin\/madonna-chysta-navrat-na-scenu-nove-album-navaze-na-veleuspesne-confessions\/\" class=\"related-post-link\">\n                <div class=\"post-thumbnail\">\n                    <img decoding=\"async\" width=\"250\" height=\"146\" src=\"https:\/\/www.karaoketexty.cz\/magazin\/wp-content\/uploads\/2025\/08\/Madonna-zpevacka.jpg\" class=\"attachment-250x180 size-250x180 not-transparent\" alt=\"Fotografie Madonny\" srcset=\"https:\/\/www.karaoketexty.cz\/magazin\/wp-content\/uploads\/2025\/08\/Madonna-zpevacka.jpg 1200w, https:\/\/www.karaoketexty.cz\/magazin\/wp-content\/uploads\/2025\/08\/Madonna-zpevacka-300x175.jpg 300w, https:\/\/www.karaoketexty.cz\/magazin\/wp-content\/uploads\/2025\/08\/Madonna-zpevacka-1024x597.jpg 1024w, https:\/\/www.karaoketexty.cz\/magazin\/wp-content\/uploads\/2025\/08\/Madonna-zpevacka-768x448.jpg 768w\" sizes=\"(max-width: 250px) 100vw, 250px\" data-has-transparency=\"false\" data-dominant-color=\"473a35\" style=\"--dominant-color: #473a35;\" \/>                <\/div>\n                <div class=\"post-details\">\n                    <span class=\"also-read\">\u010ct\u011bte tak\u00e9:<\/span>\n                    <h3 class=\"hed\">Madonna chyst\u00e1 n\u00e1vrat na sc\u00e9nu! Nov\u00e9 album nav\u00e1\u017ee na vele\u00fasp\u011b\u0161n\u00e9 \u201eConfessions\u201c<\/h3>\n                <\/div>\n            <\/a>\n            ","protected":false},"excerpt":{"rendered":"<p>Madonna se ost\u0159e vymezila v\u016f\u010di vl\u00e1d\u011b Donalda Trumpa: \u201eSv\u011btov\u00fd den boje proti AIDS si zaslou\u017e\u00ed respekt.\u201c<\/p>\n","protected":false},"author":4,"featured_media":2348,"comment_status":"open","ping_status":"closed","sticky":false,"template":"","format":"standard","meta":{"_yoast_wpseo_title":"Madonna se Trumpa neboj\u00ed: Kritika za odm\u00edtnut\u00ed p\u0159ipom\u00ednky AIDS","_yoast_wpseo_metadesc":"Madonna se ost\u0159e vymezila v\u016f\u010di vl\u00e1d\u011b Donalda Trumpa a burcuje ve\u0159ejnost: \u201eSv\u011btov\u00fd den boje proti AIDS si zaslou\u017e\u00ed respekt.\u201c","footnotes":""},"categories":[1059],"tags":[1991,685,5159,635,66,284,500,162,229,5160,259,558,28,13,51],"class_list":["post-5246","post","type-post","status-publish","format-standard","has-post-thumbnail","hentry","category-celebrity","tag-aids","tag-charita","tag-charlie-sheen","tag-cnn","tag-donald-trump","tag-freddie-mercury","tag-instagram","tag-kritika-donalda-trumpa","tag-madonna","tag-ondrej-nepela","tag-prezident","tag-socialni-aktivismus","tag-zahranicni-celebrity","tag-zdravi","tag-zpevacka"],"yoast_head":"<!-- This site is optimized with the Yoast SEO plugin v27.4 - https:\/\/yoast.com\/product\/yoast-seo-wordpress\/ -->\n<title>Madonna se Trumpa neboj\u00ed: Kritika za odm\u00edtnut\u00ed p\u0159ipom\u00ednky AIDS<\/title>\n<meta name=\"description\" content=\"Madonna se ost\u0159e vymezila v\u016f\u010di vl\u00e1d\u011b Donalda Trumpa a burcuje ve\u0159ejnost: \u201eSv\u011btov\u00fd den boje proti AIDS si zaslou\u017e\u00ed respekt.\u201c\" \/>\n<meta name=\"robots\" content=\"index, follow, max-snippet:-1, max-image-preview:large, max-video-preview:-1\" \/>\n<link rel=\"canonical\" href=\"https:\/\/www.karaoketexty.cz\/magazin\/madonna-tvrde-proti-trumpovi-svetovy-den-aids-nezmizel-nemoc-stale-zabiji\/\" \/>\n<meta property=\"og:locale\" content=\"cs_CZ\" \/>\n<meta property=\"og:type\" content=\"article\" \/>\n<meta property=\"og:title\" content=\"Madonna se Trumpa neboj\u00ed: Kritika za odm\u00edtnut\u00ed p\u0159ipom\u00ednky AIDS\" \/>\n<meta property=\"og:description\" content=\"Madonna se ost\u0159e vymezila v\u016f\u010di vl\u00e1d\u011b Donalda Trumpa a burcuje ve\u0159ejnost: \u201eSv\u011btov\u00fd den boje proti AIDS si zaslou\u017e\u00ed respekt.\u201c\" \/>\n<meta property=\"og:url\" content=\"https:\/\/www.karaoketexty.cz\/magazin\/madonna-tvrde-proti-trumpovi-svetovy-den-aids-nezmizel-nemoc-stale-zabiji\/\" \/>\n<meta property=\"og:site_name\" content=\"Stars Magaz\u00edn Karaoketexty.cz\" \/>\n<meta property=\"article:published_time\" content=\"2025-12-11T08:21:00+00:00\" \/>\n<meta property=\"og:image\" content=\"https:\/\/www.karaoketexty.cz\/magazin\/wp-content\/uploads\/2025\/08\/Madonna-zpevacka.jpg\" \/>\n\t<meta property=\"og:image:width\" content=\"1200\" \/>\n\t<meta property=\"og:image:height\" content=\"700\" \/>\n\t<meta property=\"og:image:type\" content=\"image\/jpeg\" \/>\n<meta name=\"author\" content=\"Barbora Kop\u0159ivov\u00e1\" \/>\n<meta name=\"twitter:card\" content=\"summary_large_image\" \/>\n<meta name=\"twitter:label1\" content=\"Napsal(a)\" \/>\n\t<meta name=\"twitter:data1\" content=\"Barbora Kop\u0159ivov\u00e1\" \/>\n\t<meta name=\"twitter:label2\" content=\"Odhadovan\u00e1 doba \u010dten\u00ed\" \/>\n\t<meta name=\"twitter:data2\" content=\"3 minuty\" \/>\n<script type=\"application\/ld+json\" class=\"yoast-schema-graph\">{\"@context\":\"https:\\\/\\\/schema.org\",\"@graph\":[{\"@type\":\"Article\",\"@id\":\"https:\\\/\\\/www.karaoketexty.cz\\\/magazin\\\/madonna-tvrde-proti-trumpovi-svetovy-den-aids-nezmizel-nemoc-stale-zabiji\\\/#article\",\"isPartOf\":{\"@id\":\"https:\\\/\\\/www.karaoketexty.cz\\\/magazin\\\/madonna-tvrde-proti-trumpovi-svetovy-den-aids-nezmizel-nemoc-stale-zabiji\\\/\"},\"author\":{\"name\":\"Barbora Kop\u0159ivov\u00e1\",\"@id\":\"https:\\\/\\\/www.karaoketexty.cz\\\/magazin\\\/#\\\/schema\\\/person\\\/37c0164a04038267c8a56ad6d60df749\"},\"headline\":\"Madonna tvrd\u011b proti Trumpovi: Sv\u011btov\u00fd den AIDS nezmizel, nemoc st\u00e1le zab\u00edj\u00ed\",\"datePublished\":\"2025-12-11T08:21:00+00:00\",\"mainEntityOfPage\":{\"@id\":\"https:\\\/\\\/www.karaoketexty.cz\\\/magazin\\\/madonna-tvrde-proti-trumpovi-svetovy-den-aids-nezmizel-nemoc-stale-zabiji\\\/\"},\"wordCount\":552,\"commentCount\":0,\"image\":{\"@id\":\"https:\\\/\\\/www.karaoketexty.cz\\\/magazin\\\/madonna-tvrde-proti-trumpovi-svetovy-den-aids-nezmizel-nemoc-stale-zabiji\\\/#primaryimage\"},\"thumbnailUrl\":\"https:\\\/\\\/www.karaoketexty.cz\\\/magazin\\\/wp-content\\\/uploads\\\/2025\\\/08\\\/Madonna-zpevacka.jpg\",\"keywords\":[\"AIDS\",\"charita\",\"Charlie Sheen\",\"CNN\",\"Donald Trump\",\"Freddie Mercury\",\"Instagram\",\"Kritika Donalda Trumpa\",\"Madonna\",\"Ondrej Nepela\",\"Prezident\",\"soci\u00e1ln\u00ed aktivismus\",\"Zahrani\u010dn\u00ed celebrity\",\"Zdrav\u00ed\",\"Zp\u011bva\u010dka\"],\"articleSection\":[\"Celebrity\"],\"inLanguage\":\"cs\",\"potentialAction\":[{\"@type\":\"CommentAction\",\"name\":\"Comment\",\"target\":[\"https:\\\/\\\/www.karaoketexty.cz\\\/magazin\\\/madonna-tvrde-proti-trumpovi-svetovy-den-aids-nezmizel-nemoc-stale-zabiji\\\/#respond\"]}]},{\"@type\":\"WebPage\",\"@id\":\"https:\\\/\\\/www.karaoketexty.cz\\\/magazin\\\/madonna-tvrde-proti-trumpovi-svetovy-den-aids-nezmizel-nemoc-stale-zabiji\\\/\",\"url\":\"https:\\\/\\\/www.karaoketexty.cz\\\/magazin\\\/madonna-tvrde-proti-trumpovi-svetovy-den-aids-nezmizel-nemoc-stale-zabiji\\\/\",\"name\":\"Madonna se Trumpa neboj\u00ed: Kritika za odm\u00edtnut\u00ed p\u0159ipom\u00ednky AIDS\",\"isPartOf\":{\"@id\":\"https:\\\/\\\/www.karaoketexty.cz\\\/magazin\\\/#website\"},\"primaryImageOfPage\":{\"@id\":\"https:\\\/\\\/www.karaoketexty.cz\\\/magazin\\\/madonna-tvrde-proti-trumpovi-svetovy-den-aids-nezmizel-nemoc-stale-zabiji\\\/#primaryimage\"},\"image\":{\"@id\":\"https:\\\/\\\/www.karaoketexty.cz\\\/magazin\\\/madonna-tvrde-proti-trumpovi-svetovy-den-aids-nezmizel-nemoc-stale-zabiji\\\/#primaryimage\"},\"thumbnailUrl\":\"https:\\\/\\\/www.karaoketexty.cz\\\/magazin\\\/wp-content\\\/uploads\\\/2025\\\/08\\\/Madonna-zpevacka.jpg\",\"datePublished\":\"2025-12-11T08:21:00+00:00\",\"author\":{\"@id\":\"https:\\\/\\\/www.karaoketexty.cz\\\/magazin\\\/#\\\/schema\\\/person\\\/37c0164a04038267c8a56ad6d60df749\"},\"description\":\"Madonna se ost\u0159e vymezila v\u016f\u010di vl\u00e1d\u011b Donalda Trumpa a burcuje ve\u0159ejnost: \u201eSv\u011btov\u00fd den boje proti AIDS si zaslou\u017e\u00ed respekt.\u201c\",\"breadcrumb\":{\"@id\":\"https:\\\/\\\/www.karaoketexty.cz\\\/magazin\\\/madonna-tvrde-proti-trumpovi-svetovy-den-aids-nezmizel-nemoc-stale-zabiji\\\/#breadcrumb\"},\"inLanguage\":\"cs\",\"potentialAction\":[{\"@type\":\"ReadAction\",\"target\":[\"https:\\\/\\\/www.karaoketexty.cz\\\/magazin\\\/madonna-tvrde-proti-trumpovi-svetovy-den-aids-nezmizel-nemoc-stale-zabiji\\\/\"]}]},{\"@type\":\"ImageObject\",\"inLanguage\":\"cs\",\"@id\":\"https:\\\/\\\/www.karaoketexty.cz\\\/magazin\\\/madonna-tvrde-proti-trumpovi-svetovy-den-aids-nezmizel-nemoc-stale-zabiji\\\/#primaryimage\",\"url\":\"https:\\\/\\\/www.karaoketexty.cz\\\/magazin\\\/wp-content\\\/uploads\\\/2025\\\/08\\\/Madonna-zpevacka.jpg\",\"contentUrl\":\"https:\\\/\\\/www.karaoketexty.cz\\\/magazin\\\/wp-content\\\/uploads\\\/2025\\\/08\\\/Madonna-zpevacka.jpg\",\"width\":1200,\"height\":700,\"caption\":\"Foto: chrisweger \\\/ Creative Commons \\\/ CC BY-SA 2.0, Madonna b\u011bhem turn\u00e9 Rebel Heart 2015 ve Stockholmu\"},{\"@type\":\"BreadcrumbList\",\"@id\":\"https:\\\/\\\/www.karaoketexty.cz\\\/magazin\\\/madonna-tvrde-proti-trumpovi-svetovy-den-aids-nezmizel-nemoc-stale-zabiji\\\/#breadcrumb\",\"itemListElement\":[{\"@type\":\"ListItem\",\"position\":1,\"name\":\"Dom\u016f\",\"item\":\"https:\\\/\\\/www.karaoketexty.cz\\\/magazin\\\/\"},{\"@type\":\"ListItem\",\"position\":2,\"name\":\"Madonna tvrd\u011b proti Trumpovi: Sv\u011btov\u00fd den AIDS nezmizel, nemoc st\u00e1le zab\u00edj\u00ed\"}]},{\"@type\":\"WebSite\",\"@id\":\"https:\\\/\\\/www.karaoketexty.cz\\\/magazin\\\/#website\",\"url\":\"https:\\\/\\\/www.karaoketexty.cz\\\/magazin\\\/\",\"name\":\"Stars Magaz\u00edn Karaoketexty.cz\",\"description\":\"Stars Magaz\u00edn na Karaoketexty.cz je zam\u011b\u0159en\u00fd na novinky ze sv\u011bta hudby a celebrit. Obsahuje \u010dl\u00e1nky o zp\u011bv\u00e1c\u00edch, kapel\u00e1ch, nov\u00fdch albech, hudebn\u00edch trendech a dal\u0161\u00edch zaj\u00edmavostech z hudebn\u00edho pr\u016fmyslu.\",\"potentialAction\":[{\"@type\":\"SearchAction\",\"target\":{\"@type\":\"EntryPoint\",\"urlTemplate\":\"https:\\\/\\\/www.karaoketexty.cz\\\/magazin\\\/?s={search_term_string}\"},\"query-input\":{\"@type\":\"PropertyValueSpecification\",\"valueRequired\":true,\"valueName\":\"search_term_string\"}}],\"inLanguage\":\"cs\"},{\"@type\":\"Person\",\"@id\":\"https:\\\/\\\/www.karaoketexty.cz\\\/magazin\\\/#\\\/schema\\\/person\\\/37c0164a04038267c8a56ad6d60df749\",\"name\":\"Barbora Kop\u0159ivov\u00e1\",\"image\":{\"@type\":\"ImageObject\",\"inLanguage\":\"cs\",\"@id\":\"https:\\\/\\\/secure.gravatar.com\\\/avatar\\\/ad2ef9810228386d580851ef4bdde76abaa96054ff5b068c8873bc91afb2df84?s=96&d=mm&r=g\",\"url\":\"https:\\\/\\\/secure.gravatar.com\\\/avatar\\\/ad2ef9810228386d580851ef4bdde76abaa96054ff5b068c8873bc91afb2df84?s=96&d=mm&r=g\",\"contentUrl\":\"https:\\\/\\\/secure.gravatar.com\\\/avatar\\\/ad2ef9810228386d580851ef4bdde76abaa96054ff5b068c8873bc91afb2df84?s=96&d=mm&r=g\",\"caption\":\"Barbora Kop\u0159ivov\u00e1\"},\"url\":\"https:\\\/\\\/www.karaoketexty.cz\\\/magazin\\\/author\\\/barborakoprivova\\\/\"}]}<\/script>\n<!-- \/ Yoast SEO plugin. -->","yoast_head_json":{"title":"Madonna se Trumpa neboj\u00ed: Kritika za odm\u00edtnut\u00ed p\u0159ipom\u00ednky AIDS","description":"Madonna se ost\u0159e vymezila v\u016f\u010di vl\u00e1d\u011b Donalda Trumpa a burcuje ve\u0159ejnost: \u201eSv\u011btov\u00fd den boje proti AIDS si zaslou\u017e\u00ed respekt.\u201c","robots":{"index":"index","follow":"follow","max-snippet":"max-snippet:-1","max-image-preview":"max-image-preview:large","max-video-preview":"max-video-preview:-1"},"canonical":"https:\/\/www.karaoketexty.cz\/magazin\/madonna-tvrde-proti-trumpovi-svetovy-den-aids-nezmizel-nemoc-stale-zabiji\/","og_locale":"cs_CZ","og_type":"article","og_title":"Madonna se Trumpa neboj\u00ed: Kritika za odm\u00edtnut\u00ed p\u0159ipom\u00ednky AIDS","og_description":"Madonna se ost\u0159e vymezila v\u016f\u010di vl\u00e1d\u011b Donalda Trumpa a burcuje ve\u0159ejnost: \u201eSv\u011btov\u00fd den boje proti AIDS si zaslou\u017e\u00ed respekt.\u201c","og_url":"https:\/\/www.karaoketexty.cz\/magazin\/madonna-tvrde-proti-trumpovi-svetovy-den-aids-nezmizel-nemoc-stale-zabiji\/","og_site_name":"Stars Magaz\u00edn Karaoketexty.cz","article_published_time":"2025-12-11T08:21:00+00:00","og_image":[{"width":1200,"height":700,"url":"https:\/\/www.karaoketexty.cz\/magazin\/wp-content\/uploads\/2025\/08\/Madonna-zpevacka.jpg","type":"image\/jpeg"}],"author":"Barbora Kop\u0159ivov\u00e1","twitter_card":"summary_large_image","twitter_misc":{"Napsal(a)":"Barbora Kop\u0159ivov\u00e1","Odhadovan\u00e1 doba \u010dten\u00ed":"3 minuty"},"schema":{"@context":"https:\/\/schema.org","@graph":[{"@type":"Article","@id":"https:\/\/www.karaoketexty.cz\/magazin\/madonna-tvrde-proti-trumpovi-svetovy-den-aids-nezmizel-nemoc-stale-zabiji\/#article","isPartOf":{"@id":"https:\/\/www.karaoketexty.cz\/magazin\/madonna-tvrde-proti-trumpovi-svetovy-den-aids-nezmizel-nemoc-stale-zabiji\/"},"author":{"name":"Barbora Kop\u0159ivov\u00e1","@id":"https:\/\/www.karaoketexty.cz\/magazin\/#\/schema\/person\/37c0164a04038267c8a56ad6d60df749"},"headline":"Madonna tvrd\u011b proti Trumpovi: Sv\u011btov\u00fd den AIDS nezmizel, nemoc st\u00e1le zab\u00edj\u00ed","datePublished":"2025-12-11T08:21:00+00:00","mainEntityOfPage":{"@id":"https:\/\/www.karaoketexty.cz\/magazin\/madonna-tvrde-proti-trumpovi-svetovy-den-aids-nezmizel-nemoc-stale-zabiji\/"},"wordCount":552,"commentCount":0,"image":{"@id":"https:\/\/www.karaoketexty.cz\/magazin\/madonna-tvrde-proti-trumpovi-svetovy-den-aids-nezmizel-nemoc-stale-zabiji\/#primaryimage"},"thumbnailUrl":"https:\/\/www.karaoketexty.cz\/magazin\/wp-content\/uploads\/2025\/08\/Madonna-zpevacka.jpg","keywords":["AIDS","charita","Charlie Sheen","CNN","Donald Trump","Freddie Mercury","Instagram","Kritika Donalda Trumpa","Madonna","Ondrej Nepela","Prezident","soci\u00e1ln\u00ed aktivismus","Zahrani\u010dn\u00ed celebrity","Zdrav\u00ed","Zp\u011bva\u010dka"],"articleSection":["Celebrity"],"inLanguage":"cs","potentialAction":[{"@type":"CommentAction","name":"Comment","target":["https:\/\/www.karaoketexty.cz\/magazin\/madonna-tvrde-proti-trumpovi-svetovy-den-aids-nezmizel-nemoc-stale-zabiji\/#respond"]}]},{"@type":"WebPage","@id":"https:\/\/www.karaoketexty.cz\/magazin\/madonna-tvrde-proti-trumpovi-svetovy-den-aids-nezmizel-nemoc-stale-zabiji\/","url":"https:\/\/www.karaoketexty.cz\/magazin\/madonna-tvrde-proti-trumpovi-svetovy-den-aids-nezmizel-nemoc-stale-zabiji\/","name":"Madonna se Trumpa neboj\u00ed: Kritika za odm\u00edtnut\u00ed p\u0159ipom\u00ednky AIDS","isPartOf":{"@id":"https:\/\/www.karaoketexty.cz\/magazin\/#website"},"primaryImageOfPage":{"@id":"https:\/\/www.karaoketexty.cz\/magazin\/madonna-tvrde-proti-trumpovi-svetovy-den-aids-nezmizel-nemoc-stale-zabiji\/#primaryimage"},"image":{"@id":"https:\/\/www.karaoketexty.cz\/magazin\/madonna-tvrde-proti-trumpovi-svetovy-den-aids-nezmizel-nemoc-stale-zabiji\/#primaryimage"},"thumbnailUrl":"https:\/\/www.karaoketexty.cz\/magazin\/wp-content\/uploads\/2025\/08\/Madonna-zpevacka.jpg","datePublished":"2025-12-11T08:21:00+00:00","author":{"@id":"https:\/\/www.karaoketexty.cz\/magazin\/#\/schema\/person\/37c0164a04038267c8a56ad6d60df749"},"description":"Madonna se ost\u0159e vymezila v\u016f\u010di vl\u00e1d\u011b Donalda Trumpa a burcuje ve\u0159ejnost: \u201eSv\u011btov\u00fd den boje proti AIDS si zaslou\u017e\u00ed respekt.\u201c","breadcrumb":{"@id":"https:\/\/www.karaoketexty.cz\/magazin\/madonna-tvrde-proti-trumpovi-svetovy-den-aids-nezmizel-nemoc-stale-zabiji\/#breadcrumb"},"inLanguage":"cs","potentialAction":[{"@type":"ReadAction","target":["https:\/\/www.karaoketexty.cz\/magazin\/madonna-tvrde-proti-trumpovi-svetovy-den-aids-nezmizel-nemoc-stale-zabiji\/"]}]},{"@type":"ImageObject","inLanguage":"cs","@id":"https:\/\/www.karaoketexty.cz\/magazin\/madonna-tvrde-proti-trumpovi-svetovy-den-aids-nezmizel-nemoc-stale-zabiji\/#primaryimage","url":"https:\/\/www.karaoketexty.cz\/magazin\/wp-content\/uploads\/2025\/08\/Madonna-zpevacka.jpg","contentUrl":"https:\/\/www.karaoketexty.cz\/magazin\/wp-content\/uploads\/2025\/08\/Madonna-zpevacka.jpg","width":1200,"height":700,"caption":"Foto: chrisweger \/ Creative Commons \/ CC BY-SA 2.0, Madonna b\u011bhem turn\u00e9 Rebel Heart 2015 ve Stockholmu"},{"@type":"BreadcrumbList","@id":"https:\/\/www.karaoketexty.cz\/magazin\/madonna-tvrde-proti-trumpovi-svetovy-den-aids-nezmizel-nemoc-stale-zabiji\/#breadcrumb","itemListElement":[{"@type":"ListItem","position":1,"name":"Dom\u016f","item":"https:\/\/www.karaoketexty.cz\/magazin\/"},{"@type":"ListItem","position":2,"name":"Madonna tvrd\u011b proti Trumpovi: Sv\u011btov\u00fd den AIDS nezmizel, nemoc st\u00e1le zab\u00edj\u00ed"}]},{"@type":"WebSite","@id":"https:\/\/www.karaoketexty.cz\/magazin\/#website","url":"https:\/\/www.karaoketexty.cz\/magazin\/","name":"Stars Magaz\u00edn Karaoketexty.cz","description":"Stars Magaz\u00edn na Karaoketexty.cz je zam\u011b\u0159en\u00fd na novinky ze sv\u011bta hudby a celebrit. Obsahuje \u010dl\u00e1nky o zp\u011bv\u00e1c\u00edch, kapel\u00e1ch, nov\u00fdch albech, hudebn\u00edch trendech a dal\u0161\u00edch zaj\u00edmavostech z hudebn\u00edho pr\u016fmyslu.","potentialAction":[{"@type":"SearchAction","target":{"@type":"EntryPoint","urlTemplate":"https:\/\/www.karaoketexty.cz\/magazin\/?s={search_term_string}"},"query-input":{"@type":"PropertyValueSpecification","valueRequired":true,"valueName":"search_term_string"}}],"inLanguage":"cs"},{"@type":"Person","@id":"https:\/\/www.karaoketexty.cz\/magazin\/#\/schema\/person\/37c0164a04038267c8a56ad6d60df749","name":"Barbora Kop\u0159ivov\u00e1","image":{"@type":"ImageObject","inLanguage":"cs","@id":"https:\/\/secure.gravatar.com\/avatar\/ad2ef9810228386d580851ef4bdde76abaa96054ff5b068c8873bc91afb2df84?s=96&d=mm&r=g","url":"https:\/\/secure.gravatar.com\/avatar\/ad2ef9810228386d580851ef4bdde76abaa96054ff5b068c8873bc91afb2df84?s=96&d=mm&r=g","contentUrl":"https:\/\/secure.gravatar.com\/avatar\/ad2ef9810228386d580851ef4bdde76abaa96054ff5b068c8873bc91afb2df84?s=96&d=mm&r=g","caption":"Barbora Kop\u0159ivov\u00e1"},"url":"https:\/\/www.karaoketexty.cz\/magazin\/author\/barborakoprivova\/"}]}},"_links":{"self":[{"href":"https:\/\/www.karaoketexty.cz\/magazin\/wp-json\/wp\/v2\/posts\/5246","targetHints":{"allow":["GET"]}}],"collection":[{"href":"https:\/\/www.karaoketexty.cz\/magazin\/wp-json\/wp\/v2\/posts"}],"about":[{"href":"https:\/\/www.karaoketexty.cz\/magazin\/wp-json\/wp\/v2\/types\/post"}],"author":[{"embeddable":true,"href":"https:\/\/www.karaoketexty.cz\/magazin\/wp-json\/wp\/v2\/users\/4"}],"replies":[{"embeddable":true,"href":"https:\/\/www.karaoketexty.cz\/magazin\/wp-json\/wp\/v2\/comments?post=5246"}],"version-history":[{"count":6,"href":"https:\/\/www.karaoketexty.cz\/magazin\/wp-json\/wp\/v2\/posts\/5246\/revisions"}],"predecessor-version":[{"id":5442,"href":"https:\/\/www.karaoketexty.cz\/magazin\/wp-json\/wp\/v2\/posts\/5246\/revisions\/5442"}],"wp:featuredmedia":[{"embeddable":true,"href":"https:\/\/www.karaoketexty.cz\/magazin\/wp-json\/wp\/v2\/media\/2348"}],"wp:attachment":[{"href":"https:\/\/www.karaoketexty.cz\/magazin\/wp-json\/wp\/v2\/media?parent=5246"}],"wp:term":[{"taxonomy":"category","embeddable":true,"href":"https:\/\/www.karaoketexty.cz\/magazin\/wp-json\/wp\/v2\/categories?post=5246"},{"taxonomy":"post_tag","embeddable":true,"href":"https:\/\/www.karaoketexty.cz\/magazin\/wp-json\/wp\/v2\/tags?post=5246"}],"curies":[{"name":"wp","href":"https:\/\/api.w.org\/{rel}","templated":true}]}}