{"id":5229,"date":"2025-12-11T14:32:00","date_gmt":"2025-12-11T13:32:00","guid":{"rendered":"https:\/\/www.karaoketexty.cz\/magazin\/?p=5229"},"modified":"2025-12-10T11:37:44","modified_gmt":"2025-12-10T10:37:44","slug":"tahne-ji-na-60-ale-telo-ma-jako-dvacetileta-jennifer-lopez-predvedla-na-koncerte-skvelou-figuru-i-show","status":"publish","type":"post","link":"https:\/\/www.karaoketexty.cz\/magazin\/tahne-ji-na-60-ale-telo-ma-jako-dvacetileta-jennifer-lopez-predvedla-na-koncerte-skvelou-figuru-i-show\/","title":{"rendered":"T\u00e1hne j\u00ed na 60, ale t\u011blo m\u00e1 jako dvacetilet\u00e1: Jennifer Lopez p\u0159edvedla na koncert\u011b skv\u011blou figuru i show"},"content":{"rendered":"\n<p><strong>Jennifer Lopez dokazuje, \u017ee v\u011bk je pro ni jen \u010d\u00edslo. Na ned\u00e1vn\u00e9m koncert\u011b tancovala v bikin\u00e1ch a lid\u00e9 nesta\u010dili z\u00edrat.<\/strong><\/p>\n\n\n\n<p>Jennifer Lopez, zkr\u00e1cen\u011b p\u0159ezd\u00edvan\u00e1 J.Lo, sv\u00e9 fanou\u0161ky neust\u00e1le p\u0159ekvapuje, a to se v showbyznysu pohybuje u\u017e p\u0159es 30 let. V posledn\u00edch t\u00fddnech se znovu p\u0159edvedla, kdy\u017e na sv\u00e9m koncert\u011b vystupovala na p\u00f3diu v bikin\u00e1ch. A jej\u00ed v\u011bk, bl\u00ed\u017e\u00edc\u00ed se 60, by j\u00ed opravdu nikdo netipoval, tak luxusn\u00ed postavu m\u00e1. Redakce Karaoketexty.cz zaregistrovala, \u017ee na soci\u00e1ln\u00edch s\u00edt\u00edch ne\u0161et\u0159\u00ed lid\u00e9 pochvalami, ale sem tam se najde i n\u011bjak\u00fd ten r\u00fdpal.<\/p>\n\n\n<!-- karaoketexty.cz \/ rectangle2 -->\n<div id=\"PX_37086_709110796310826\"><\/div>\n<script>\n   if(!useMobileAds && !boolUseSeznamAds && !hideAllAds){\n     window.px2 = window.px2 || { conf: {},queue: [] };\n     px2.queue.push(function () {\n        px2.render({\n           slot: {\n              id: 37086\n           },\n            elem: \"PX_37086_709110796310826\"\n        })\n     });\n  }\n<\/script>\n\n<!-- karaoketexty.cz \/ mobile-rectangle3 -->\n<div id=\"PX_37044_714599773297004\"><\/div>\n<script>\n   if(useMobileAds && !boolUseSeznamAds && !hideAllAds){\nwindow.px2 = window.px2 || { conf: {},queue: [] };\npx2.queue.push(function () {\n\tpx2.render({\n\t\tslot: {\n\t\t\tid: 37044\n\t\t},\n\t\telem: \"PX_37044_714599773297004\"\n\t})\n});\n}\n<\/script>\n\n\n<h2 class=\"wp-block-heading\">Jak to v\u0161echno za\u010dalo<\/h2>\n\n\n\n<p>Jennifer Lynn Lopez, zvan\u00e1 t\u00e9\u017e J.Lo, se narodila 24. \u010dervence 1969 v newyorsk\u00e9m Bronxu do rodiny s portorik\u00e1nsk\u00fdmi ko\u0159eny. U\u017e jako d\u00edt\u011b m\u011bla z\u00e1jem o tanec a pohyb, co\u017e v dosp\u00edv\u00e1n\u00ed prom\u011bnila i ve svou kari\u00e9ru. Za\u010dala ve filmech, tancovala a pozd\u011bji se p\u0159esunula i ke zp\u011bvu.<\/p>\n\n\n\n<p>Kdy\u017e p\u0159i\u0161el p\u0159elom 90. let, p\u0159i\u0161la p\u0159\u00edle\u017eitost. Objevila se v televizn\u00edm po\u0159adu jako tane\u010dnice a posl\u00e9ze v n\u011bkolika hollywoodsk\u00fdch filmech, co\u017e j\u00ed otev\u0159elo dve\u0159e do sv\u011bta showbyznysu. Rok 1999 se nesl ve znamen\u00ed vyd\u00e1n\u00ed jej\u00edho prvn\u00edho alba, kter\u00e9 m\u011blo u fanou\u0161k\u016f obrovsk\u00fd \u00fasp\u011bch. Jej\u00ed hv\u011bzda za\u010dala z\u00e1\u0159it.<\/p>\n\n\n<!-- karaoketexty.cz \/ interscroller1 -->\n\n<div id=\"PX_37041_825057871452834\"><\/div>\n<script>\nif(useMobileAds && !boolUseSeznamAds && !hideAllAds){\n\twindow.px2 = window.px2 || { conf: {},queue: [] };\n\tpx2.queue.push(function () {\n\t\tpx2.render({\n\t\t\tslot: {\n\t\t\t\tid: 37041\n\t\t\t},\n\t\t\telem: \"PX_37041_825057871452834\"\n\t\t})\n\t});\n}\n<\/script>\n\n\n<p>Jej\u00ed p\u011bveck\u00e1 pr\u00e1ce p\u0159inesla \u0159adu hit\u016f, od If You Had My Love \u010di Let\u2019s Get Loud p\u0159es Jenny From the Block a\u017e po tane\u010dn\u00ed pecky jako On The Floor. K tomu se p\u0159idala filmov\u00e1 i televizn\u00ed pr\u00e1ce, dokonce podnik\u00e1n\u00ed v m\u00f3d\u011b a kosmetice, \u0159ady parf\u00e9m\u016f a vlastn\u00ed brand. Jak se uk\u00e1zalo, i pro to podnik\u00e1n\u00ed m\u00e1 nad\u00e1n\u00ed.<\/p>\n\n\n\n<h2 class=\"wp-block-heading\">V \u017eivot\u011b jsou pro ni nejd\u016fle\u017eit\u011bj\u0161\u00ed d\u011bti<\/h2>\n\n\n\n<p>Lopez m\u00e1 dvoj\u010data, syna Maxe a dceru Emme, kter\u00e9 se narodily v \u00fanoru 2008 b\u011bhem man\u017eelstv\u00ed s hudebn\u00edkem Marcem Anthonym. I kdy\u017e jej\u00ed milostn\u00e9 vztahy, v\u010detn\u011b ned\u00e1vn\u00e9ho man\u017eelstv\u00ed s Benem Affleckem, \u010dasto \u0159e\u0161ila m\u00e9dia kv\u016fli tomu, \u017ee nebyly bezprobl\u00e9mov\u00e9, Jennifer to ne\u0159e\u0161\u00ed. Na prvn\u00edm m\u00edst\u011b m\u00e1 p\u0159edev\u0161\u00edm sv\u00e9 milovan\u00e9 d\u011bti, jak \u0159ekla pro HarpersBazaar.<\/p>\n\n\n\n<blockquote class=\"instagram-media\" data-instgrm-captioned data-instgrm-permalink=\"https:\/\/www.instagram.com\/reel\/DRw_PyPERov\/?utm_source=ig_embed&amp;utm_campaign=loading\" data-instgrm-version=\"14\" style=\" background:#FFF; border:0; border-radius:3px; box-shadow:0 0 1px 0 rgba(0,0,0,0.5),0 1px 10px 0 rgba(0,0,0,0.15); margin: 1px; max-width:540px; min-width:326px; padding:0; width:99.375%; width:-webkit-calc(100% - 2px); width:calc(100% - 2px);\"><div style=\"padding:16px;\"> <a href=\"https:\/\/www.instagram.com\/reel\/DRw_PyPERov\/?utm_source=ig_embed&amp;utm_campaign=loading\" style=\" background:#FFFFFF; line-height:0; padding:0 0; text-align:center; text-decoration:none; width:100%;\" target=\"_blank\"> <div style=\" display: flex; flex-direction: row; align-items: center;\"> <div style=\"background-color: #F4F4F4; border-radius: 50%; flex-grow: 0; height: 40px; margin-right: 14px; width: 40px;\"><\/div> <div style=\"display: flex; flex-direction: column; flex-grow: 1; justify-content: center;\"> <div style=\" background-color: #F4F4F4; border-radius: 4px; flex-grow: 0; height: 14px; margin-bottom: 6px; width: 100px;\"><\/div> <div style=\" background-color: #F4F4F4; border-radius: 4px; flex-grow: 0; height: 14px; width: 60px;\"><\/div><\/div><\/div><div style=\"padding: 19% 0;\"><\/div> <div style=\"display:block; height:50px; margin:0 auto 12px; width:50px;\"><svg width=\"50px\" height=\"50px\" viewBox=\"0 0 60 60\" version=\"1.1\" xmlns=\"https:\/\/www.w3.org\/2000\/svg\" xmlns:xlink=\"https:\/\/www.w3.org\/1999\/xlink\"><g stroke=\"none\" stroke-width=\"1\" fill=\"none\" fill-rule=\"evenodd\"><g transform=\"translate(-511.000000, -20.000000)\" fill=\"#000000\"><g><path d=\"M556.869,30.41 C554.814,30.41 553.148,32.076 553.148,34.131 C553.148,36.186 554.814,37.852 556.869,37.852 C558.924,37.852 560.59,36.186 560.59,34.131 C560.59,32.076 558.924,30.41 556.869,30.41 M541,60.657 C535.114,60.657 530.342,55.887 530.342,50 C530.342,44.114 535.114,39.342 541,39.342 C546.887,39.342 551.658,44.114 551.658,50 C551.658,55.887 546.887,60.657 541,60.657 M541,33.886 C532.1,33.886 524.886,41.1 524.886,50 C524.886,58.899 532.1,66.113 541,66.113 C549.9,66.113 557.115,58.899 557.115,50 C557.115,41.1 549.9,33.886 541,33.886 M565.378,62.101 C565.244,65.022 564.756,66.606 564.346,67.663 C563.803,69.06 563.154,70.057 562.106,71.106 C561.058,72.155 560.06,72.803 558.662,73.347 C557.607,73.757 556.021,74.244 553.102,74.378 C549.944,74.521 548.997,74.552 541,74.552 C533.003,74.552 532.056,74.521 528.898,74.378 C525.979,74.244 524.393,73.757 523.338,73.347 C521.94,72.803 520.942,72.155 519.894,71.106 C518.846,70.057 518.197,69.06 517.654,67.663 C517.244,66.606 516.755,65.022 516.623,62.101 C516.479,58.943 516.448,57.996 516.448,50 C516.448,42.003 516.479,41.056 516.623,37.899 C516.755,34.978 517.244,33.391 517.654,32.338 C518.197,30.938 518.846,29.942 519.894,28.894 C520.942,27.846 521.94,27.196 523.338,26.654 C524.393,26.244 525.979,25.756 528.898,25.623 C532.057,25.479 533.004,25.448 541,25.448 C548.997,25.448 549.943,25.479 553.102,25.623 C556.021,25.756 557.607,26.244 558.662,26.654 C560.06,27.196 561.058,27.846 562.106,28.894 C563.154,29.942 563.803,30.938 564.346,32.338 C564.756,33.391 565.244,34.978 565.378,37.899 C565.522,41.056 565.552,42.003 565.552,50 C565.552,57.996 565.522,58.943 565.378,62.101 M570.82,37.631 C570.674,34.438 570.167,32.258 569.425,30.349 C568.659,28.377 567.633,26.702 565.965,25.035 C564.297,23.368 562.623,22.342 560.652,21.575 C558.743,20.834 556.562,20.326 553.369,20.18 C550.169,20.033 549.148,20 541,20 C532.853,20 531.831,20.033 528.631,20.18 C525.438,20.326 523.257,20.834 521.349,21.575 C519.376,22.342 517.703,23.368 516.035,25.035 C514.368,26.702 513.342,28.377 512.574,30.349 C511.834,32.258 511.326,34.438 511.181,37.631 C511.035,40.831 511,41.851 511,50 C511,58.147 511.035,59.17 511.181,62.369 C511.326,65.562 511.834,67.743 512.574,69.651 C513.342,71.625 514.368,73.296 516.035,74.965 C517.703,76.634 519.376,77.658 521.349,78.425 C523.257,79.167 525.438,79.673 528.631,79.82 C531.831,79.965 532.853,80.001 541,80.001 C549.148,80.001 550.169,79.965 553.369,79.82 C556.562,79.673 558.743,79.167 560.652,78.425 C562.623,77.658 564.297,76.634 565.965,74.965 C567.633,73.296 568.659,71.625 569.425,69.651 C570.167,67.743 570.674,65.562 570.82,62.369 C570.966,59.17 571,58.147 571,50 C571,41.851 570.966,40.831 570.82,37.631\"><\/path><\/g><\/g><\/g><\/svg><\/div><div style=\"padding-top: 8px;\"> <div style=\" color:#3897f0; font-family:Arial,sans-serif; font-size:14px; font-style:normal; font-weight:550; line-height:18px;\">Zobrazit p\u0159\u00edsp\u011bvek na Instagramu<\/div><\/div><div style=\"padding: 12.5% 0;\"><\/div> <div style=\"display: flex; flex-direction: row; margin-bottom: 14px; align-items: center;\"><div> <div style=\"background-color: #F4F4F4; border-radius: 50%; height: 12.5px; width: 12.5px; transform: translateX(0px) translateY(7px);\"><\/div> <div style=\"background-color: #F4F4F4; height: 12.5px; transform: rotate(-45deg) translateX(3px) translateY(1px); width: 12.5px; flex-grow: 0; margin-right: 14px; margin-left: 2px;\"><\/div> <div style=\"background-color: #F4F4F4; border-radius: 50%; height: 12.5px; width: 12.5px; transform: translateX(9px) translateY(-18px);\"><\/div><\/div><div style=\"margin-left: 8px;\"> <div style=\" background-color: #F4F4F4; border-radius: 50%; flex-grow: 0; height: 20px; width: 20px;\"><\/div> <div style=\" width: 0; height: 0; border-top: 2px solid transparent; border-left: 6px solid #f4f4f4; border-bottom: 2px solid transparent; transform: translateX(16px) translateY(-4px) rotate(30deg)\"><\/div><\/div><div style=\"margin-left: auto;\"> <div style=\" width: 0px; border-top: 8px solid #F4F4F4; border-right: 8px solid transparent; transform: translateY(16px);\"><\/div> <div style=\" background-color: #F4F4F4; flex-grow: 0; height: 12px; width: 16px; transform: translateY(-4px);\"><\/div> <div style=\" width: 0; height: 0; border-top: 8px solid #F4F4F4; border-left: 8px solid transparent; transform: translateY(-4px) translateX(8px);\"><\/div><\/div><\/div> <div style=\"display: flex; flex-direction: column; flex-grow: 1; justify-content: center; margin-bottom: 24px;\"> <div style=\" background-color: #F4F4F4; border-radius: 4px; flex-grow: 0; height: 14px; margin-bottom: 6px; width: 224px;\"><\/div> <div style=\" background-color: #F4F4F4; border-radius: 4px; flex-grow: 0; height: 14px; width: 144px;\"><\/div><\/div><\/a><p style=\" color:#c9c8cd; font-family:Arial,sans-serif; font-size:14px; line-height:17px; margin-bottom:0; margin-top:8px; overflow:hidden; padding:8px 0 7px; text-align:center; text-overflow:ellipsis; white-space:nowrap;\"><a href=\"https:\/\/www.instagram.com\/reel\/DRw_PyPERov\/?utm_source=ig_embed&amp;utm_campaign=loading\" style=\" color:#c9c8cd; font-family:Arial,sans-serif; font-size:14px; font-style:normal; font-weight:normal; line-height:17px; text-decoration:none;\" target=\"_blank\">P\u0159\u00edsp\u011bvek sd\u00edlen\u00fd Jennifer Lopez (@jlo)<\/a><\/p><\/div><\/blockquote>\n<script async src=\"\/\/www.instagram.com\/embed.js\"><\/script>\n\n\n\n<p>Nav\u00edc otev\u0159en\u011b p\u0159iznala, \u017ee po letech hled\u00e1n\u00ed skute\u010dn\u00e9 l\u00e1sky m\u00e1 \u010d\u00edm d\u00e1l v\u011bt\u0161\u00ed pocit, \u017ee opravdov\u00e9 \u0161t\u011bst\u00ed nemus\u00ed znamenat tradi\u010dn\u00ed rodinu, ale sp\u00ed\u0161e vlastn\u00ed vnit\u0159n\u00ed spokojenost. A s t\u00edm nem\u016f\u017eeme nesouhlasit.<\/p>\n\n\n\n<h2 class=\"wp-block-heading\">Jej\u00ed forma i v 50 letech bere dech<\/h2>\n\n\n\n<p>To, \u017ee Jennifer i ve sv\u00fdch 56 letech vypad\u00e1, tan\u010d\u00ed a vystupuje jako dvac\u00e1tnice, nen\u00ed jen tak. Poctiv\u011b na sob\u011b mak\u00e1. Kombinuje pravideln\u00e9 cvi\u010den\u00ed (p\u0159esn\u011bji metodu, kter\u00e1 posiluje svalstvo a dr\u017een\u00ed t\u011bla) s pe\u010dliv\u00fdm stravovac\u00edm re\u017eimem. Nav\u00edc tvrd\u00ed, \u017ee i kdy\u017e se \u010dasem t\u011blo m\u011bn\u00ed, ona tu zm\u011bnu p\u0159ijala s nadhledem: <em>\u201eV\u011bk je jen \u010d\u00edslo,\u201c <\/em>jak \u010dasto \u0159\u00edk\u00e1. Mo\u017en\u00e1 i to, \u017ee se t\u00edm nestresuje, m\u00e1 ur\u010dit\u00fd vliv.<\/p>\n\n\n\n<p>Koment\u00e1\u0159e u jej\u00edch p\u0159\u00edsp\u011bvk\u016f p\u0159ekypuj\u00ed p\u0159ev\u00e1\u017en\u011b chv\u00e1lou, ale najdou se i tac\u00ed, co maj\u00ed jasn\u00e9 vysv\u011btlen\u00ed, pro\u010d Jennifer vypad\u00e1 tak, jak vypad\u00e1. <em>\u201eM\u00e1 \u010das na sob\u011b d\u0159\u00edt. Samoz\u0159ejm\u011b nikdo jin\u00fd to za ni ud\u011blat nem\u016f\u017ee, ale je daleko jednodu\u0161\u0161\u00ed na sob\u011b pracovat, kdy\u017e nemus\u00ed ka\u017ed\u00fd den vst\u00e1vat ve 4, b\u00fdt v pr\u00e1ci, kter\u00e1 denn\u011b i s cestou zabere 10 hodin, a pot\u00e9 je\u0161t\u011b va\u0159it, ukl\u00edzet. Nic z toho se j\u00ed net\u00fdk\u00e1, tak\u017ee m\u00e1 o dost jednodu\u0161\u0161\u00ed na sob\u011b pracovat. Je to jej\u00ed jedin\u00e1 starost. Ano, vyd\u0159\u00edt to sice mus\u00ed sama, ale nemus\u00ed potom je\u0161t\u011b va\u0159it, ukl\u00edzet a dal\u0161\u00ed v\u011bci,\u201c<\/em> napsala jedna komentuj\u00edc\u00ed.<\/p>\n\n\n\n<p>Zdroj: Autorsk\u00fd text, <a href=\"https:\/\/cs.wikipedia.org\/wiki\/Jennifer_Lopez\" target=\"_blank\" rel=\"noreferrer noopener nofollow\">Wikipedie<\/a>, <a href=\"https:\/\/www.harpersbazaar.com\/celebrity\/latest\/a39998680\/jennifer-lopez-prioritizing-family-first-and-foremost\/\" target=\"_blank\" rel=\"noreferrer noopener nofollow\">HarpersBazaar<\/a>, <a href=\"https:\/\/www.instagram.com\/ocko.star\/\" target=\"_blank\" rel=\"noreferrer noopener nofollow\">Instagram JenniferLopez<\/a><\/p>\n\n\n            <a href=\"https:\/\/www.karaoketexty.cz\/magazin\/jennifer-lopez-ztratila-viru-v-manzelstvi-uz-jsem-to-parkrat-zkusila\/\" class=\"related-post-link\">\n                <div class=\"post-thumbnail\">\n                    <img decoding=\"async\" width=\"250\" height=\"141\" src=\"https:\/\/www.karaoketexty.cz\/magazin\/wp-content\/uploads\/2025\/07\/jennifer-lopez.jpg\" class=\"attachment-250x180 size-250x180 not-transparent\" alt=\"Obr\u00e1zek k \u010dl\u00e1nku: Jennifer Lopez ztratila v\u00edru v man\u017eelstv\u00ed: \u201eU\u017e jsem to p\u00e1rkr\u00e1t zkusila\u201c\" srcset=\"https:\/\/www.karaoketexty.cz\/magazin\/wp-content\/uploads\/2025\/07\/jennifer-lopez.jpg 1200w, https:\/\/www.karaoketexty.cz\/magazin\/wp-content\/uploads\/2025\/07\/jennifer-lopez-300x169.jpg 300w, https:\/\/www.karaoketexty.cz\/magazin\/wp-content\/uploads\/2025\/07\/jennifer-lopez-1024x576.jpg 1024w, https:\/\/www.karaoketexty.cz\/magazin\/wp-content\/uploads\/2025\/07\/jennifer-lopez-768x432.jpg 768w, https:\/\/www.karaoketexty.cz\/magazin\/wp-content\/uploads\/2025\/07\/jennifer-lopez-800x450.jpg 800w\" sizes=\"(max-width: 250px) 100vw, 250px\" data-has-transparency=\"false\" data-dominant-color=\"6a7780\" style=\"--dominant-color: #6a7780;\" \/>                <\/div>\n                <div class=\"post-details\">\n                    <span class=\"also-read\">\u010ct\u011bte tak\u00e9:<\/span>\n                    <h3 class=\"hed\">Jennifer Lopez ztratila v\u00edru v man\u017eelstv\u00ed: \u201eU\u017e jsem to p\u00e1rkr\u00e1t zkusila\u201c<\/h3>\n                <\/div>\n            <\/a>\n            \n\n            <a href=\"https:\/\/www.karaoketexty.cz\/magazin\/celebrity-podpis-organizace-planovane-rodicovstvi-potrat\/\" class=\"related-post-link\">\n                <div class=\"post-thumbnail\">\n                    <img decoding=\"async\" width=\"250\" height=\"131\" src=\"https:\/\/www.karaoketexty.cz\/magazin\/wp-content\/uploads\/2025\/06\/addison-rae.avif\" class=\"attachment-250x180 size-250x180 not-transparent\" alt=\"Fotografie Addison Rae\" data-has-transparency=\"false\" data-dominant-color=\"b99996\" style=\"--dominant-color: #b99996;\" \/>                <\/div>\n                <div class=\"post-details\">\n                    <span class=\"also-read\">\u010ct\u011bte tak\u00e9:<\/span>\n                    <h3 class=\"hed\">V\u00edce ne\u017e 250 celebrit vyj\u00e1d\u0159ilo podporu organizaci, kter\u00e1 h\u00e1j\u00ed potraty. Mezi nimi je i Addison Rae<\/h3>\n                <\/div>\n            <\/a>\n            ","protected":false},"excerpt":{"rendered":"<p>Jennifer Lopez dokazuje, \u017ee v\u011bk je pro ni jen \u010d\u00edslo. Na ned\u00e1vn\u00e9m koncert\u011b tancovala v bikin\u00e1ch a lid\u00e9 nesta\u010dili z\u00edrat.<\/p>\n","protected":false},"author":5,"featured_media":2007,"comment_status":"open","ping_status":"closed","sticky":false,"template":"","format":"standard","meta":{"_yoast_wpseo_title":"Jennifer Lopez t\u00e1hne na 60, ale t\u011blo m\u00e1 jako dvacetilet\u00e1","_yoast_wpseo_metadesc":"Jennifer Lopez dokazuje, \u017ee v\u011bk je pro ni jen \u010d\u00edslo. Na ned\u00e1vn\u00e9m koncert\u011b tancovala v bikin\u00e1ch a lid\u00e9 nesta\u010dili z\u00edrat.","footnotes":""},"categories":[1059],"tags":[5169,362,698,569,500,1068,136,5168,274,375,99,539,163,28,51],"class_list":["post-5229","post","type-post","status-publish","format-standard","has-post-thumbnail","hentry","category-celebrity","tag-ben-affleck","tag-deti-celebrit","tag-fanousci","tag-fyzicka-kondice","tag-instagram","tag-jennifer-lopez","tag-koncert","tag-marc-anthony","tag-moda","tag-osobni-zivot","tag-rodina","tag-socialni-site","tag-usa","tag-zahranicni-celebrity","tag-zpevacka"],"yoast_head":"<!-- This site is optimized with the Yoast SEO plugin v27.4 - https:\/\/yoast.com\/product\/yoast-seo-wordpress\/ -->\n<title>Jennifer Lopez t\u00e1hne na 60, ale t\u011blo m\u00e1 jako dvacetilet\u00e1<\/title>\n<meta name=\"description\" content=\"Jennifer Lopez dokazuje, \u017ee v\u011bk je pro ni jen \u010d\u00edslo. Na ned\u00e1vn\u00e9m koncert\u011b tancovala v bikin\u00e1ch a lid\u00e9 nesta\u010dili z\u00edrat.\" \/>\n<meta name=\"robots\" content=\"index, follow, max-snippet:-1, max-image-preview:large, max-video-preview:-1\" \/>\n<link rel=\"canonical\" href=\"https:\/\/www.karaoketexty.cz\/magazin\/tahne-ji-na-60-ale-telo-ma-jako-dvacetileta-jennifer-lopez-predvedla-na-koncerte-skvelou-figuru-i-show\/\" \/>\n<meta property=\"og:locale\" content=\"cs_CZ\" \/>\n<meta property=\"og:type\" content=\"article\" \/>\n<meta property=\"og:title\" content=\"Jennifer Lopez t\u00e1hne na 60, ale t\u011blo m\u00e1 jako dvacetilet\u00e1\" \/>\n<meta property=\"og:description\" content=\"Jennifer Lopez dokazuje, \u017ee v\u011bk je pro ni jen \u010d\u00edslo. Na ned\u00e1vn\u00e9m koncert\u011b tancovala v bikin\u00e1ch a lid\u00e9 nesta\u010dili z\u00edrat.\" \/>\n<meta property=\"og:url\" content=\"https:\/\/www.karaoketexty.cz\/magazin\/tahne-ji-na-60-ale-telo-ma-jako-dvacetileta-jennifer-lopez-predvedla-na-koncerte-skvelou-figuru-i-show\/\" \/>\n<meta property=\"og:site_name\" content=\"Stars Magaz\u00edn Karaoketexty.cz\" \/>\n<meta property=\"article:published_time\" content=\"2025-12-11T13:32:00+00:00\" \/>\n<meta property=\"og:image\" content=\"https:\/\/www.karaoketexty.cz\/magazin\/wp-content\/uploads\/2025\/07\/jennifer-lopez.jpg\" \/>\n\t<meta property=\"og:image:width\" content=\"1200\" \/>\n\t<meta property=\"og:image:height\" content=\"675\" \/>\n\t<meta property=\"og:image:type\" content=\"image\/jpeg\" \/>\n<meta name=\"author\" content=\"Veronika \u0160imkov\u00e1\" \/>\n<meta name=\"twitter:card\" content=\"summary_large_image\" \/>\n<meta name=\"twitter:label1\" content=\"Napsal(a)\" \/>\n\t<meta name=\"twitter:data1\" content=\"Veronika \u0160imkov\u00e1\" \/>\n\t<meta name=\"twitter:label2\" content=\"Odhadovan\u00e1 doba \u010dten\u00ed\" \/>\n\t<meta name=\"twitter:data2\" content=\"4 minuty\" \/>\n<script type=\"application\/ld+json\" class=\"yoast-schema-graph\">{\"@context\":\"https:\\\/\\\/schema.org\",\"@graph\":[{\"@type\":\"Article\",\"@id\":\"https:\\\/\\\/www.karaoketexty.cz\\\/magazin\\\/tahne-ji-na-60-ale-telo-ma-jako-dvacetileta-jennifer-lopez-predvedla-na-koncerte-skvelou-figuru-i-show\\\/#article\",\"isPartOf\":{\"@id\":\"https:\\\/\\\/www.karaoketexty.cz\\\/magazin\\\/tahne-ji-na-60-ale-telo-ma-jako-dvacetileta-jennifer-lopez-predvedla-na-koncerte-skvelou-figuru-i-show\\\/\"},\"author\":{\"name\":\"Veronika \u0160imkov\u00e1\",\"@id\":\"https:\\\/\\\/www.karaoketexty.cz\\\/magazin\\\/#\\\/schema\\\/person\\\/03220d610ed4cba378a72bac3443f821\"},\"headline\":\"T\u00e1hne j\u00ed na 60, ale t\u011blo m\u00e1 jako dvacetilet\u00e1: Jennifer Lopez p\u0159edvedla na koncert\u011b skv\u011blou figuru i show\",\"datePublished\":\"2025-12-11T13:32:00+00:00\",\"mainEntityOfPage\":{\"@id\":\"https:\\\/\\\/www.karaoketexty.cz\\\/magazin\\\/tahne-ji-na-60-ale-telo-ma-jako-dvacetileta-jennifer-lopez-predvedla-na-koncerte-skvelou-figuru-i-show\\\/\"},\"wordCount\":715,\"commentCount\":0,\"image\":{\"@id\":\"https:\\\/\\\/www.karaoketexty.cz\\\/magazin\\\/tahne-ji-na-60-ale-telo-ma-jako-dvacetileta-jennifer-lopez-predvedla-na-koncerte-skvelou-figuru-i-show\\\/#primaryimage\"},\"thumbnailUrl\":\"https:\\\/\\\/www.karaoketexty.cz\\\/magazin\\\/wp-content\\\/uploads\\\/2025\\\/07\\\/jennifer-lopez.jpg\",\"keywords\":[\"Ben Affleck\",\"d\u011bti celebrit\",\"fanou\u0161ci\",\"fyzick\u00e1 kondice\",\"Instagram\",\"Jennifer Lopez\",\"koncert\",\"Marc Anthony\",\"M\u00f3da\",\"osobn\u00ed \u017eivot\",\"Rodina\",\"soci\u00e1ln\u00ed s\u00edt\u011b\",\"USA\",\"Zahrani\u010dn\u00ed celebrity\",\"Zp\u011bva\u010dka\"],\"articleSection\":[\"Celebrity\"],\"inLanguage\":\"cs\",\"potentialAction\":[{\"@type\":\"CommentAction\",\"name\":\"Comment\",\"target\":[\"https:\\\/\\\/www.karaoketexty.cz\\\/magazin\\\/tahne-ji-na-60-ale-telo-ma-jako-dvacetileta-jennifer-lopez-predvedla-na-koncerte-skvelou-figuru-i-show\\\/#respond\"]}]},{\"@type\":\"WebPage\",\"@id\":\"https:\\\/\\\/www.karaoketexty.cz\\\/magazin\\\/tahne-ji-na-60-ale-telo-ma-jako-dvacetileta-jennifer-lopez-predvedla-na-koncerte-skvelou-figuru-i-show\\\/\",\"url\":\"https:\\\/\\\/www.karaoketexty.cz\\\/magazin\\\/tahne-ji-na-60-ale-telo-ma-jako-dvacetileta-jennifer-lopez-predvedla-na-koncerte-skvelou-figuru-i-show\\\/\",\"name\":\"Jennifer Lopez t\u00e1hne na 60, ale t\u011blo m\u00e1 jako dvacetilet\u00e1\",\"isPartOf\":{\"@id\":\"https:\\\/\\\/www.karaoketexty.cz\\\/magazin\\\/#website\"},\"primaryImageOfPage\":{\"@id\":\"https:\\\/\\\/www.karaoketexty.cz\\\/magazin\\\/tahne-ji-na-60-ale-telo-ma-jako-dvacetileta-jennifer-lopez-predvedla-na-koncerte-skvelou-figuru-i-show\\\/#primaryimage\"},\"image\":{\"@id\":\"https:\\\/\\\/www.karaoketexty.cz\\\/magazin\\\/tahne-ji-na-60-ale-telo-ma-jako-dvacetileta-jennifer-lopez-predvedla-na-koncerte-skvelou-figuru-i-show\\\/#primaryimage\"},\"thumbnailUrl\":\"https:\\\/\\\/www.karaoketexty.cz\\\/magazin\\\/wp-content\\\/uploads\\\/2025\\\/07\\\/jennifer-lopez.jpg\",\"datePublished\":\"2025-12-11T13:32:00+00:00\",\"author\":{\"@id\":\"https:\\\/\\\/www.karaoketexty.cz\\\/magazin\\\/#\\\/schema\\\/person\\\/03220d610ed4cba378a72bac3443f821\"},\"description\":\"Jennifer Lopez dokazuje, \u017ee v\u011bk je pro ni jen \u010d\u00edslo. Na ned\u00e1vn\u00e9m koncert\u011b tancovala v bikin\u00e1ch a lid\u00e9 nesta\u010dili z\u00edrat.\",\"breadcrumb\":{\"@id\":\"https:\\\/\\\/www.karaoketexty.cz\\\/magazin\\\/tahne-ji-na-60-ale-telo-ma-jako-dvacetileta-jennifer-lopez-predvedla-na-koncerte-skvelou-figuru-i-show\\\/#breadcrumb\"},\"inLanguage\":\"cs\",\"potentialAction\":[{\"@type\":\"ReadAction\",\"target\":[\"https:\\\/\\\/www.karaoketexty.cz\\\/magazin\\\/tahne-ji-na-60-ale-telo-ma-jako-dvacetileta-jennifer-lopez-predvedla-na-koncerte-skvelou-figuru-i-show\\\/\"]}]},{\"@type\":\"ImageObject\",\"inLanguage\":\"cs\",\"@id\":\"https:\\\/\\\/www.karaoketexty.cz\\\/magazin\\\/tahne-ji-na-60-ale-telo-ma-jako-dvacetileta-jennifer-lopez-predvedla-na-koncerte-skvelou-figuru-i-show\\\/#primaryimage\",\"url\":\"https:\\\/\\\/www.karaoketexty.cz\\\/magazin\\\/wp-content\\\/uploads\\\/2025\\\/07\\\/jennifer-lopez.jpg\",\"contentUrl\":\"https:\\\/\\\/www.karaoketexty.cz\\\/magazin\\\/wp-content\\\/uploads\\\/2025\\\/07\\\/jennifer-lopez.jpg\",\"width\":1200,\"height\":675,\"caption\":\"Fotografie: Heute.at \\\/ Creative Commons \\\/ CC BY 4.0, Jennifer Lopez\"},{\"@type\":\"BreadcrumbList\",\"@id\":\"https:\\\/\\\/www.karaoketexty.cz\\\/magazin\\\/tahne-ji-na-60-ale-telo-ma-jako-dvacetileta-jennifer-lopez-predvedla-na-koncerte-skvelou-figuru-i-show\\\/#breadcrumb\",\"itemListElement\":[{\"@type\":\"ListItem\",\"position\":1,\"name\":\"Dom\u016f\",\"item\":\"https:\\\/\\\/www.karaoketexty.cz\\\/magazin\\\/\"},{\"@type\":\"ListItem\",\"position\":2,\"name\":\"T\u00e1hne j\u00ed na 60, ale t\u011blo m\u00e1 jako dvacetilet\u00e1: Jennifer Lopez p\u0159edvedla na koncert\u011b skv\u011blou figuru i show\"}]},{\"@type\":\"WebSite\",\"@id\":\"https:\\\/\\\/www.karaoketexty.cz\\\/magazin\\\/#website\",\"url\":\"https:\\\/\\\/www.karaoketexty.cz\\\/magazin\\\/\",\"name\":\"Stars Magaz\u00edn Karaoketexty.cz\",\"description\":\"Stars Magaz\u00edn na Karaoketexty.cz je zam\u011b\u0159en\u00fd na novinky ze sv\u011bta hudby a celebrit. Obsahuje \u010dl\u00e1nky o zp\u011bv\u00e1c\u00edch, kapel\u00e1ch, nov\u00fdch albech, hudebn\u00edch trendech a dal\u0161\u00edch zaj\u00edmavostech z hudebn\u00edho pr\u016fmyslu.\",\"potentialAction\":[{\"@type\":\"SearchAction\",\"target\":{\"@type\":\"EntryPoint\",\"urlTemplate\":\"https:\\\/\\\/www.karaoketexty.cz\\\/magazin\\\/?s={search_term_string}\"},\"query-input\":{\"@type\":\"PropertyValueSpecification\",\"valueRequired\":true,\"valueName\":\"search_term_string\"}}],\"inLanguage\":\"cs\"},{\"@type\":\"Person\",\"@id\":\"https:\\\/\\\/www.karaoketexty.cz\\\/magazin\\\/#\\\/schema\\\/person\\\/03220d610ed4cba378a72bac3443f821\",\"name\":\"Veronika \u0160imkov\u00e1\",\"image\":{\"@type\":\"ImageObject\",\"inLanguage\":\"cs\",\"@id\":\"https:\\\/\\\/secure.gravatar.com\\\/avatar\\\/62af9cda83322200aaf20e60d0442fbca254ce18c0ffdcaaf83de31493c941a5?s=96&d=mm&r=g\",\"url\":\"https:\\\/\\\/secure.gravatar.com\\\/avatar\\\/62af9cda83322200aaf20e60d0442fbca254ce18c0ffdcaaf83de31493c941a5?s=96&d=mm&r=g\",\"contentUrl\":\"https:\\\/\\\/secure.gravatar.com\\\/avatar\\\/62af9cda83322200aaf20e60d0442fbca254ce18c0ffdcaaf83de31493c941a5?s=96&d=mm&r=g\",\"caption\":\"Veronika \u0160imkov\u00e1\"},\"url\":\"https:\\\/\\\/www.karaoketexty.cz\\\/magazin\\\/author\\\/veronikasimkova\\\/\"}]}<\/script>\n<!-- \/ Yoast SEO plugin. -->","yoast_head_json":{"title":"Jennifer Lopez t\u00e1hne na 60, ale t\u011blo m\u00e1 jako dvacetilet\u00e1","description":"Jennifer Lopez dokazuje, \u017ee v\u011bk je pro ni jen \u010d\u00edslo. Na ned\u00e1vn\u00e9m koncert\u011b tancovala v bikin\u00e1ch a lid\u00e9 nesta\u010dili z\u00edrat.","robots":{"index":"index","follow":"follow","max-snippet":"max-snippet:-1","max-image-preview":"max-image-preview:large","max-video-preview":"max-video-preview:-1"},"canonical":"https:\/\/www.karaoketexty.cz\/magazin\/tahne-ji-na-60-ale-telo-ma-jako-dvacetileta-jennifer-lopez-predvedla-na-koncerte-skvelou-figuru-i-show\/","og_locale":"cs_CZ","og_type":"article","og_title":"Jennifer Lopez t\u00e1hne na 60, ale t\u011blo m\u00e1 jako dvacetilet\u00e1","og_description":"Jennifer Lopez dokazuje, \u017ee v\u011bk je pro ni jen \u010d\u00edslo. Na ned\u00e1vn\u00e9m koncert\u011b tancovala v bikin\u00e1ch a lid\u00e9 nesta\u010dili z\u00edrat.","og_url":"https:\/\/www.karaoketexty.cz\/magazin\/tahne-ji-na-60-ale-telo-ma-jako-dvacetileta-jennifer-lopez-predvedla-na-koncerte-skvelou-figuru-i-show\/","og_site_name":"Stars Magaz\u00edn Karaoketexty.cz","article_published_time":"2025-12-11T13:32:00+00:00","og_image":[{"width":1200,"height":675,"url":"https:\/\/www.karaoketexty.cz\/magazin\/wp-content\/uploads\/2025\/07\/jennifer-lopez.jpg","type":"image\/jpeg"}],"author":"Veronika \u0160imkov\u00e1","twitter_card":"summary_large_image","twitter_misc":{"Napsal(a)":"Veronika \u0160imkov\u00e1","Odhadovan\u00e1 doba \u010dten\u00ed":"4 minuty"},"schema":{"@context":"https:\/\/schema.org","@graph":[{"@type":"Article","@id":"https:\/\/www.karaoketexty.cz\/magazin\/tahne-ji-na-60-ale-telo-ma-jako-dvacetileta-jennifer-lopez-predvedla-na-koncerte-skvelou-figuru-i-show\/#article","isPartOf":{"@id":"https:\/\/www.karaoketexty.cz\/magazin\/tahne-ji-na-60-ale-telo-ma-jako-dvacetileta-jennifer-lopez-predvedla-na-koncerte-skvelou-figuru-i-show\/"},"author":{"name":"Veronika \u0160imkov\u00e1","@id":"https:\/\/www.karaoketexty.cz\/magazin\/#\/schema\/person\/03220d610ed4cba378a72bac3443f821"},"headline":"T\u00e1hne j\u00ed na 60, ale t\u011blo m\u00e1 jako dvacetilet\u00e1: Jennifer Lopez p\u0159edvedla na koncert\u011b skv\u011blou figuru i show","datePublished":"2025-12-11T13:32:00+00:00","mainEntityOfPage":{"@id":"https:\/\/www.karaoketexty.cz\/magazin\/tahne-ji-na-60-ale-telo-ma-jako-dvacetileta-jennifer-lopez-predvedla-na-koncerte-skvelou-figuru-i-show\/"},"wordCount":715,"commentCount":0,"image":{"@id":"https:\/\/www.karaoketexty.cz\/magazin\/tahne-ji-na-60-ale-telo-ma-jako-dvacetileta-jennifer-lopez-predvedla-na-koncerte-skvelou-figuru-i-show\/#primaryimage"},"thumbnailUrl":"https:\/\/www.karaoketexty.cz\/magazin\/wp-content\/uploads\/2025\/07\/jennifer-lopez.jpg","keywords":["Ben Affleck","d\u011bti celebrit","fanou\u0161ci","fyzick\u00e1 kondice","Instagram","Jennifer Lopez","koncert","Marc Anthony","M\u00f3da","osobn\u00ed \u017eivot","Rodina","soci\u00e1ln\u00ed s\u00edt\u011b","USA","Zahrani\u010dn\u00ed celebrity","Zp\u011bva\u010dka"],"articleSection":["Celebrity"],"inLanguage":"cs","potentialAction":[{"@type":"CommentAction","name":"Comment","target":["https:\/\/www.karaoketexty.cz\/magazin\/tahne-ji-na-60-ale-telo-ma-jako-dvacetileta-jennifer-lopez-predvedla-na-koncerte-skvelou-figuru-i-show\/#respond"]}]},{"@type":"WebPage","@id":"https:\/\/www.karaoketexty.cz\/magazin\/tahne-ji-na-60-ale-telo-ma-jako-dvacetileta-jennifer-lopez-predvedla-na-koncerte-skvelou-figuru-i-show\/","url":"https:\/\/www.karaoketexty.cz\/magazin\/tahne-ji-na-60-ale-telo-ma-jako-dvacetileta-jennifer-lopez-predvedla-na-koncerte-skvelou-figuru-i-show\/","name":"Jennifer Lopez t\u00e1hne na 60, ale t\u011blo m\u00e1 jako dvacetilet\u00e1","isPartOf":{"@id":"https:\/\/www.karaoketexty.cz\/magazin\/#website"},"primaryImageOfPage":{"@id":"https:\/\/www.karaoketexty.cz\/magazin\/tahne-ji-na-60-ale-telo-ma-jako-dvacetileta-jennifer-lopez-predvedla-na-koncerte-skvelou-figuru-i-show\/#primaryimage"},"image":{"@id":"https:\/\/www.karaoketexty.cz\/magazin\/tahne-ji-na-60-ale-telo-ma-jako-dvacetileta-jennifer-lopez-predvedla-na-koncerte-skvelou-figuru-i-show\/#primaryimage"},"thumbnailUrl":"https:\/\/www.karaoketexty.cz\/magazin\/wp-content\/uploads\/2025\/07\/jennifer-lopez.jpg","datePublished":"2025-12-11T13:32:00+00:00","author":{"@id":"https:\/\/www.karaoketexty.cz\/magazin\/#\/schema\/person\/03220d610ed4cba378a72bac3443f821"},"description":"Jennifer Lopez dokazuje, \u017ee v\u011bk je pro ni jen \u010d\u00edslo. Na ned\u00e1vn\u00e9m koncert\u011b tancovala v bikin\u00e1ch a lid\u00e9 nesta\u010dili z\u00edrat.","breadcrumb":{"@id":"https:\/\/www.karaoketexty.cz\/magazin\/tahne-ji-na-60-ale-telo-ma-jako-dvacetileta-jennifer-lopez-predvedla-na-koncerte-skvelou-figuru-i-show\/#breadcrumb"},"inLanguage":"cs","potentialAction":[{"@type":"ReadAction","target":["https:\/\/www.karaoketexty.cz\/magazin\/tahne-ji-na-60-ale-telo-ma-jako-dvacetileta-jennifer-lopez-predvedla-na-koncerte-skvelou-figuru-i-show\/"]}]},{"@type":"ImageObject","inLanguage":"cs","@id":"https:\/\/www.karaoketexty.cz\/magazin\/tahne-ji-na-60-ale-telo-ma-jako-dvacetileta-jennifer-lopez-predvedla-na-koncerte-skvelou-figuru-i-show\/#primaryimage","url":"https:\/\/www.karaoketexty.cz\/magazin\/wp-content\/uploads\/2025\/07\/jennifer-lopez.jpg","contentUrl":"https:\/\/www.karaoketexty.cz\/magazin\/wp-content\/uploads\/2025\/07\/jennifer-lopez.jpg","width":1200,"height":675,"caption":"Fotografie: Heute.at \/ Creative Commons \/ CC BY 4.0, Jennifer Lopez"},{"@type":"BreadcrumbList","@id":"https:\/\/www.karaoketexty.cz\/magazin\/tahne-ji-na-60-ale-telo-ma-jako-dvacetileta-jennifer-lopez-predvedla-na-koncerte-skvelou-figuru-i-show\/#breadcrumb","itemListElement":[{"@type":"ListItem","position":1,"name":"Dom\u016f","item":"https:\/\/www.karaoketexty.cz\/magazin\/"},{"@type":"ListItem","position":2,"name":"T\u00e1hne j\u00ed na 60, ale t\u011blo m\u00e1 jako dvacetilet\u00e1: Jennifer Lopez p\u0159edvedla na koncert\u011b skv\u011blou figuru i show"}]},{"@type":"WebSite","@id":"https:\/\/www.karaoketexty.cz\/magazin\/#website","url":"https:\/\/www.karaoketexty.cz\/magazin\/","name":"Stars Magaz\u00edn Karaoketexty.cz","description":"Stars Magaz\u00edn na Karaoketexty.cz je zam\u011b\u0159en\u00fd na novinky ze sv\u011bta hudby a celebrit. Obsahuje \u010dl\u00e1nky o zp\u011bv\u00e1c\u00edch, kapel\u00e1ch, nov\u00fdch albech, hudebn\u00edch trendech a dal\u0161\u00edch zaj\u00edmavostech z hudebn\u00edho pr\u016fmyslu.","potentialAction":[{"@type":"SearchAction","target":{"@type":"EntryPoint","urlTemplate":"https:\/\/www.karaoketexty.cz\/magazin\/?s={search_term_string}"},"query-input":{"@type":"PropertyValueSpecification","valueRequired":true,"valueName":"search_term_string"}}],"inLanguage":"cs"},{"@type":"Person","@id":"https:\/\/www.karaoketexty.cz\/magazin\/#\/schema\/person\/03220d610ed4cba378a72bac3443f821","name":"Veronika \u0160imkov\u00e1","image":{"@type":"ImageObject","inLanguage":"cs","@id":"https:\/\/secure.gravatar.com\/avatar\/62af9cda83322200aaf20e60d0442fbca254ce18c0ffdcaaf83de31493c941a5?s=96&d=mm&r=g","url":"https:\/\/secure.gravatar.com\/avatar\/62af9cda83322200aaf20e60d0442fbca254ce18c0ffdcaaf83de31493c941a5?s=96&d=mm&r=g","contentUrl":"https:\/\/secure.gravatar.com\/avatar\/62af9cda83322200aaf20e60d0442fbca254ce18c0ffdcaaf83de31493c941a5?s=96&d=mm&r=g","caption":"Veronika \u0160imkov\u00e1"},"url":"https:\/\/www.karaoketexty.cz\/magazin\/author\/veronikasimkova\/"}]}},"_links":{"self":[{"href":"https:\/\/www.karaoketexty.cz\/magazin\/wp-json\/wp\/v2\/posts\/5229","targetHints":{"allow":["GET"]}}],"collection":[{"href":"https:\/\/www.karaoketexty.cz\/magazin\/wp-json\/wp\/v2\/posts"}],"about":[{"href":"https:\/\/www.karaoketexty.cz\/magazin\/wp-json\/wp\/v2\/types\/post"}],"author":[{"embeddable":true,"href":"https:\/\/www.karaoketexty.cz\/magazin\/wp-json\/wp\/v2\/users\/5"}],"replies":[{"embeddable":true,"href":"https:\/\/www.karaoketexty.cz\/magazin\/wp-json\/wp\/v2\/comments?post=5229"}],"version-history":[{"count":3,"href":"https:\/\/www.karaoketexty.cz\/magazin\/wp-json\/wp\/v2\/posts\/5229\/revisions"}],"predecessor-version":[{"id":5461,"href":"https:\/\/www.karaoketexty.cz\/magazin\/wp-json\/wp\/v2\/posts\/5229\/revisions\/5461"}],"wp:featuredmedia":[{"embeddable":true,"href":"https:\/\/www.karaoketexty.cz\/magazin\/wp-json\/wp\/v2\/media\/2007"}],"wp:attachment":[{"href":"https:\/\/www.karaoketexty.cz\/magazin\/wp-json\/wp\/v2\/media?parent=5229"}],"wp:term":[{"taxonomy":"category","embeddable":true,"href":"https:\/\/www.karaoketexty.cz\/magazin\/wp-json\/wp\/v2\/categories?post=5229"},{"taxonomy":"post_tag","embeddable":true,"href":"https:\/\/www.karaoketexty.cz\/magazin\/wp-json\/wp\/v2\/tags?post=5229"}],"curies":[{"name":"wp","href":"https:\/\/api.w.org\/{rel}","templated":true}]}}