{"id":5224,"date":"2025-12-09T14:18:00","date_gmt":"2025-12-09T13:18:00","guid":{"rendered":"https:\/\/www.karaoketexty.cz\/magazin\/?p=5224"},"modified":"2025-12-08T23:47:14","modified_gmt":"2025-12-08T22:47:14","slug":"madonna-a-jejich-sest-deti-pribeh-lasky-odvahy-a-ruznych-talentu","status":"publish","type":"post","link":"https:\/\/www.karaoketexty.cz\/magazin\/madonna-a-jejich-sest-deti-pribeh-lasky-odvahy-a-ruznych-talentu\/","title":{"rendered":"Madonna a jej\u00edch \u0161est d\u011bt\u00ed: P\u0159\u00edb\u011bh l\u00e1sky, odvahy a r\u016fzn\u00fdch talent\u016f"},"content":{"rendered":"\n<p><strong>Madonna, to je nejen popov\u00e1 ikona, ale tak\u00e9 symbol bo\u0159en\u00ed hranic. Plat\u00ed to i pro jej\u00ed rodinu, zp\u011bva\u010dka je toti\u017e m\u00e1mou \u0161esti d\u011bt\u00ed.<\/strong><\/p>\n\n\n\n<p>Sama o sob\u011b \u0159\u00edk\u00e1, \u017ee b\u00fdt m\u00e1mou je \u201enejt\u011b\u017e\u0161\u00ed discipl\u00edna jej\u00edho \u017eivota\u201c, jedn\u00edm dechem ale dod\u00e1v\u00e1, \u017ee pr\u00e1v\u011b d\u011bti j\u00ed d\u00e1vaj\u00ed nejv\u011bt\u0161\u00ed s\u00edlu. Madonna nav\u00edc dokazuje i s\u00edlu sv\u00e9ho srdce: pe\u010duje o d\u011bti biologick\u00e9 i adoptovan\u00e9. Pr\u00e1v\u011b na jej\u00ed rodinu jsme se na Karaoketexty tentokr\u00e1t zam\u011b\u0159ili. Nejstar\u0161\u00ed dcera Lourdes p\u0159i\u0161la na sv\u011bt v\u00a0roce 1996 a Madonna j\u00ed v\u011bnovala p\u00edse\u0148 <em>Little Star<\/em>. Dnes je z\u00a0d\u00edvky \u00fasp\u011b\u0161n\u00e1 modelka, spolupracovala nap\u0159\u00edklad s\u00a0Burberry, Fenty \u010di Muglerem.<\/p>\n\n\n<!-- karaoketexty.cz \/ rectangle2 -->\n<div id=\"PX_37086_709110796310826\"><\/div>\n<script>\n   if(!useMobileAds && !boolUseSeznamAds && !hideAllAds){\n     window.px2 = window.px2 || { conf: {},queue: [] };\n     px2.queue.push(function () {\n        px2.render({\n           slot: {\n              id: 37086\n           },\n            elem: \"PX_37086_709110796310826\"\n        })\n     });\n  }\n<\/script>\n\n<!-- karaoketexty.cz \/ mobile-rectangle3 -->\n<div id=\"PX_37044_714599773297004\"><\/div>\n<script>\n   if(useMobileAds && !boolUseSeznamAds && !hideAllAds){\nwindow.px2 = window.px2 || { conf: {},queue: [] };\npx2.queue.push(function () {\n\tpx2.render({\n\t\tslot: {\n\t\t\tid: 37044\n\t\t},\n\t\telem: \"PX_37044_714599773297004\"\n\t})\n});\n}\n<\/script>\n\n\n<h2 class=\"wp-block-heading\">Prvorozen\u00e1 Lourdes: hv\u011bzda, kter\u00e1 si na\u0161la vlastn\u00ed cestu<\/h2>\n\n\n\n<p>Lourdes je ale nejen modelkou, ned\u00e1vno se vydala i na dr\u00e1hu p\u011bveckou. Dle jej\u00edho vyj\u00e1d\u0159en\u00ed byla Madonna \u201ekontrolorka\u201c, ale dnes ji\u017e dosp\u011bl\u00e1 dcera oce\u0148uje, jak silnou \u017eenskou inspirac\u00ed pro ni maminka v\u017edy byla. Zaj\u00edmavost\u00ed je, \u017ee Madonna m\u00e1 na ruce vytetovan\u00e9 inici\u00e1ly v\u0161ech sv\u00fdch d\u011bt\u00ed. Lourdes byla pochopiteln\u011b prvn\u00ed. V&nbsp;jej\u00edch \u010dty\u0159ech letech p\u0159i\u0161el na sv\u011bt brat\u0159\u00ed\u010dek Rocco.<\/p>\n\n\n\n<h2 class=\"wp-block-heading\">Rebel, model a talentovan\u00fd mal\u00ed\u0159: Rocco<\/h2>\n\n\n\n<p>Rocco se narodil v&nbsp;roce 2000 a je jedin\u00fdm Madonnin\u00fdm biologick\u00fdm synem. D\u011btstv\u00ed str\u00e1vil st\u0159\u00eddav\u011b na turn\u00e9 a mezi rodi\u010di, pozd\u011bji se v\u0161ak p\u0159esunul do Lond\u00fdna ke sv\u00e9mu otci, j\u00edm\u017e je Guy Ritchie, co\u017e bylo doprov\u00e1zeno medi\u00e1ln\u011b sledovanou roztr\u017ekou. Dnes jsou v\u0161ak rodinn\u00e9 vztahy op\u011bt pevn\u00e9. Rocco se v\u011bnuje malb\u011b, vystavuje v&nbsp;Miami. Madonna o jeho pr\u00e1ci hovo\u0159\u00ed s&nbsp;obrovskou a pochopitelnou hrdost\u00ed.<\/p>\n\n\n<!-- karaoketexty.cz \/ interscroller1 -->\n\n<div id=\"PX_37041_825057871452834\"><\/div>\n<script>\nif(useMobileAds && !boolUseSeznamAds && !hideAllAds){\n\twindow.px2 = window.px2 || { conf: {},queue: [] };\n\tpx2.queue.push(function () {\n\t\tpx2.render({\n\t\t\tslot: {\n\t\t\t\tid: 37041\n\t\t\t},\n\t\t\telem: \"PX_37041_825057871452834\"\n\t\t})\n\t});\n}\n<\/script>\n\n\n<h2 class=\"wp-block-heading\">M\u00f3dn\u00ed ikona a \u201esyn, se kter\u00fdm m\u00e1 Madonna nejv\u00edc spole\u010dn\u00e9ho\u201c: David<\/h2>\n\n\n\n<p>David, chlapec, p\u0159esn\u011b \u0159e\u010deno v&nbsp;sou\u010dasnosti u\u017e mlad\u00fd mu\u017e, adoptovan\u00fd v&nbsp;roce 2006 z&nbsp;Malawi, je t\u00edm, kdo pr\u00fd zp\u011bva\u010dku \u201enejv\u00edc ch\u00e1pe\u201c. Jeho talent je v\u0161estrann\u00fd \u2013 David tan\u010d\u00ed, hraje a ohromuje m\u00f3dn\u00ed sv\u011bt extravagantn\u00edmi outfity, kter\u00e9 mu dle Madonny \u201eslu\u0161\u00ed v\u00edc ne\u017e j\u00ed\u201c. Svou matku doprov\u00e1z\u00ed na turn\u00e9 a vystupuje s&nbsp;n\u00ed na jevi\u0161ti. Jejich pouto je nep\u0159ehl\u00e9dnuteln\u00e9.<\/p>\n\n\n\n<iframe width=\"560\" height=\"315\" src=\"https:\/\/www.youtube.com\/embed\/TZC1aNha69I?si=gyM5ysMWg89OG9EI\" title=\"YouTube video player\" frameborder=\"0\" allow=\"accelerometer; autoplay; clipboard-write; encrypted-media; gyroscope; picture-in-picture; web-share\" referrerpolicy=\"strict-origin-when-cross-origin\" allowfullscreen><\/iframe>\n\n\n\n<h2 class=\"wp-block-heading\">Empatick\u00e1 du\u0161e a jm\u00e9no s&nbsp;poselstv\u00edm: Mercy<\/h2>\n\n\n\n<p>Dceru Mercy adoptovala Madonna v&nbsp;roce 2009. Dle sv\u00e9 matky je to \u201enejsrde\u010dn\u011bj\u0161\u00ed a nejlaskav\u011bj\u0161\u00ed bytost\u201c. Madonna zalo\u017eila v&nbsp;Malawi prvn\u00ed d\u011btskou kliniku, kter\u00e1 nese jej\u00ed jm\u00e9no: nemocnice dostala n\u00e1zev Mercy James. Madonnina dcera Mercy miluje um\u011bn\u00ed a hudbu. Madonna \u010dasto sd\u00edl\u00ed momenty z&nbsp;jej\u00edho \u017eivota \u2013 od narozenin a\u017e po \u0161koln\u00ed \u00fasp\u011bchy.<\/p>\n\n\n\n<h2 class=\"wp-block-heading\">Roztan\u010den\u00e9 duo: dvoj\u010data Stella a Estere<\/h2>\n\n\n\n<p>Dvoj\u010data Stellu a Estere si Madonna adoptovala op\u011bt z&nbsp;Malawi, a to v&nbsp;roce 2017. D\u011bti se rychle za\u010dlenily, dnes jsou z&nbsp;nich energick\u00e9 kreativn\u00ed teenagerky miluj\u00edc\u00ed tanec a hudbu. Madonna ukazuje jejich klav\u00edrn\u00ed pokroky, tane\u010dn\u00ed videa i spole\u010dn\u00e9 oslavy. V&nbsp;roce 2023 d\u00edvky absolvovaly z\u00e1kladn\u00ed \u0161kolu \u2013 op\u011bt nechyb\u011bly slavnostn\u00ed fotky ani sestersk\u00e9 l\u00e1skypln\u00e9 objet\u00ed. &nbsp;<\/p>\n\n\n\n<p>Zdroj: Autorsk\u00fd text, <a href=\"https:\/\/www.youtube.com\/watch?v=TZC1aNha69I\">YouTube DailyNewsLineExpres<\/a>, <a href=\"https:\/\/abcnews.go.com\/GMA\/Family\/madonna-kids\/story?id=106606064\" target=\"_blank\" rel=\"noreferrer noopener nofollow\">ABCNews<\/a>, <a href=\"https:\/\/people.com\/parents\/all-about-madonna-children\/\" target=\"_blank\" rel=\"noreferrer noopener nofollow\">People<\/a>, <a href=\"https:\/\/www.instagram.com\/p\/DJkEu8Zy4KB\/?img_index=1\" target=\"_blank\" rel=\"noreferrer noopener nofollow\">Instagram Madonna<\/a><\/p>\n\n\n            <a href=\"https:\/\/www.karaoketexty.cz\/magazin\/madonna-chysta-navrat-na-scenu-nove-album-navaze-na-veleuspesne-confessions\/\" class=\"related-post-link\">\n                <div class=\"post-thumbnail\">\n                    <img decoding=\"async\" width=\"250\" height=\"146\" src=\"https:\/\/www.karaoketexty.cz\/magazin\/wp-content\/uploads\/2025\/08\/Madonna-zpevacka.jpg\" class=\"attachment-250x180 size-250x180 not-transparent\" alt=\"Fotografie Madonny\" srcset=\"https:\/\/www.karaoketexty.cz\/magazin\/wp-content\/uploads\/2025\/08\/Madonna-zpevacka.jpg 1200w, https:\/\/www.karaoketexty.cz\/magazin\/wp-content\/uploads\/2025\/08\/Madonna-zpevacka-300x175.jpg 300w, https:\/\/www.karaoketexty.cz\/magazin\/wp-content\/uploads\/2025\/08\/Madonna-zpevacka-1024x597.jpg 1024w, https:\/\/www.karaoketexty.cz\/magazin\/wp-content\/uploads\/2025\/08\/Madonna-zpevacka-768x448.jpg 768w\" sizes=\"(max-width: 250px) 100vw, 250px\" data-has-transparency=\"false\" data-dominant-color=\"473a35\" style=\"--dominant-color: #473a35;\" \/>                <\/div>\n                <div class=\"post-details\">\n                    <span class=\"also-read\">\u010ct\u011bte tak\u00e9:<\/span>\n                    <h3 class=\"hed\">Madonna chyst\u00e1 n\u00e1vrat na sc\u00e9nu! Nov\u00e9 album nav\u00e1\u017ee na vele\u00fasp\u011b\u0161n\u00e9 \u201eConfessions\u201c<\/h3>\n                <\/div>\n            <\/a>\n            \n\n            <a href=\"https:\/\/www.karaoketexty.cz\/magazin\/madonna-papez-valka-gaza-hladomor\/\" class=\"related-post-link\">\n                <div class=\"post-thumbnail\">\n                    <img decoding=\"async\" width=\"250\" height=\"146\" src=\"https:\/\/www.karaoketexty.cz\/magazin\/wp-content\/uploads\/2025\/08\/Madonna-zpevacka.jpg\" class=\"attachment-250x180 size-250x180 not-transparent\" alt=\"Fotografie Madonny\" srcset=\"https:\/\/www.karaoketexty.cz\/magazin\/wp-content\/uploads\/2025\/08\/Madonna-zpevacka.jpg 1200w, https:\/\/www.karaoketexty.cz\/magazin\/wp-content\/uploads\/2025\/08\/Madonna-zpevacka-300x175.jpg 300w, https:\/\/www.karaoketexty.cz\/magazin\/wp-content\/uploads\/2025\/08\/Madonna-zpevacka-1024x597.jpg 1024w, https:\/\/www.karaoketexty.cz\/magazin\/wp-content\/uploads\/2025\/08\/Madonna-zpevacka-768x448.jpg 768w\" sizes=\"(max-width: 250px) 100vw, 250px\" data-has-transparency=\"false\" data-dominant-color=\"473a35\" style=\"--dominant-color: #473a35;\" \/>                <\/div>\n                <div class=\"post-details\">\n                    <span class=\"also-read\">\u010ct\u011bte tak\u00e9:<\/span>\n                    <h3 class=\"hed\">Madonna pros\u00ed Pape\u017ee: \u201eP\u0159ije\u010fte do Gazy, d\u0159\u00edv ne\u017e bude pozd\u011b!\u201c<\/h3>\n                <\/div>\n            <\/a>\n            ","protected":false},"excerpt":{"rendered":"<p>Madonna, to je nejen popov\u00e1 ikona, ale tak\u00e9 symbol bo\u0159en\u00ed hranic. Plat\u00ed to i pro jej\u00ed rodinu, zp\u011bva\u010dka je toti\u017e m\u00e1mou \u0161esti d\u011bt\u00ed.<\/p>\n","protected":false},"author":5,"featured_media":5304,"comment_status":"open","ping_status":"closed","sticky":false,"template":"","format":"standard","meta":{"_yoast_wpseo_title":"Jak \u017eije kr\u00e1lovna popu: Madonna a jej\u00edch \u0161est d\u011bt\u00ed","_yoast_wpseo_metadesc":"Madonna, to je nejen popov\u00e1 ikona, ale tak\u00e9 symbol bo\u0159en\u00ed hranic. Plat\u00ed to i pro jej\u00ed rodinu, zp\u011bva\u010dka je toti\u017e m\u00e1mou \u0161esti d\u011bt\u00ed.","footnotes":""},"categories":[1059],"tags":[102,5095,364,5096,362,5092,5094,5093,500,5091,229,5098,768,714,5099,5097,99,5070,526,28,51],"class_list":["post-5224","post","type-post","status-publish","format-standard","has-post-thumbnail","hentry","category-celebrity","tag-adopce","tag-burberry","tag-celebrity-a-rodina","tag-david","tag-deti-celebrit","tag-estere","tag-fenty","tag-guy-ritchie","tag-instagram","tag-lourdes","tag-madonna","tag-mercy","tag-modelka","tag-modni-ikona","tag-mugler","tag-rocco","tag-rodina","tag-stella","tag-youtube","tag-zahranicni-celebrity","tag-zpevacka"],"yoast_head":"<!-- This site is optimized with the Yoast SEO plugin v27.4 - https:\/\/yoast.com\/product\/yoast-seo-wordpress\/ -->\n<title>Jak \u017eije kr\u00e1lovna popu: Madonna a jej\u00edch \u0161est d\u011bt\u00ed<\/title>\n<meta name=\"description\" content=\"Madonna, to je nejen popov\u00e1 ikona, ale tak\u00e9 symbol bo\u0159en\u00ed hranic. Plat\u00ed to i pro jej\u00ed rodinu, zp\u011bva\u010dka je toti\u017e m\u00e1mou \u0161esti d\u011bt\u00ed.\" \/>\n<meta name=\"robots\" content=\"index, follow, max-snippet:-1, max-image-preview:large, max-video-preview:-1\" \/>\n<link rel=\"canonical\" href=\"https:\/\/www.karaoketexty.cz\/magazin\/madonna-a-jejich-sest-deti-pribeh-lasky-odvahy-a-ruznych-talentu\/\" \/>\n<meta property=\"og:locale\" content=\"cs_CZ\" \/>\n<meta property=\"og:type\" content=\"article\" \/>\n<meta property=\"og:title\" content=\"Jak \u017eije kr\u00e1lovna popu: Madonna a jej\u00edch \u0161est d\u011bt\u00ed\" \/>\n<meta property=\"og:description\" content=\"Madonna, to je nejen popov\u00e1 ikona, ale tak\u00e9 symbol bo\u0159en\u00ed hranic. Plat\u00ed to i pro jej\u00ed rodinu, zp\u011bva\u010dka je toti\u017e m\u00e1mou \u0161esti d\u011bt\u00ed.\" \/>\n<meta property=\"og:url\" content=\"https:\/\/www.karaoketexty.cz\/magazin\/madonna-a-jejich-sest-deti-pribeh-lasky-odvahy-a-ruznych-talentu\/\" \/>\n<meta property=\"og:site_name\" content=\"Stars Magaz\u00edn Karaoketexty.cz\" \/>\n<meta property=\"article:published_time\" content=\"2025-12-09T13:18:00+00:00\" \/>\n<meta property=\"og:image\" content=\"https:\/\/www.karaoketexty.cz\/magazin\/wp-content\/uploads\/2025\/12\/madona-koncert-2023.jpg\" \/>\n\t<meta property=\"og:image:width\" content=\"1200\" \/>\n\t<meta property=\"og:image:height\" content=\"745\" \/>\n\t<meta property=\"og:image:type\" content=\"image\/jpeg\" \/>\n<meta name=\"author\" content=\"Veronika \u0160imkov\u00e1\" \/>\n<meta name=\"twitter:card\" content=\"summary_large_image\" \/>\n<meta name=\"twitter:label1\" content=\"Napsal(a)\" \/>\n\t<meta name=\"twitter:data1\" content=\"Veronika \u0160imkov\u00e1\" \/>\n\t<meta name=\"twitter:label2\" content=\"Odhadovan\u00e1 doba \u010dten\u00ed\" \/>\n\t<meta name=\"twitter:data2\" content=\"3 minuty\" \/>\n<script type=\"application\/ld+json\" class=\"yoast-schema-graph\">{\"@context\":\"https:\\\/\\\/schema.org\",\"@graph\":[{\"@type\":\"Article\",\"@id\":\"https:\\\/\\\/www.karaoketexty.cz\\\/magazin\\\/madonna-a-jejich-sest-deti-pribeh-lasky-odvahy-a-ruznych-talentu\\\/#article\",\"isPartOf\":{\"@id\":\"https:\\\/\\\/www.karaoketexty.cz\\\/magazin\\\/madonna-a-jejich-sest-deti-pribeh-lasky-odvahy-a-ruznych-talentu\\\/\"},\"author\":{\"name\":\"Veronika \u0160imkov\u00e1\",\"@id\":\"https:\\\/\\\/www.karaoketexty.cz\\\/magazin\\\/#\\\/schema\\\/person\\\/03220d610ed4cba378a72bac3443f821\"},\"headline\":\"Madonna a jej\u00edch \u0161est d\u011bt\u00ed: P\u0159\u00edb\u011bh l\u00e1sky, odvahy a r\u016fzn\u00fdch talent\u016f\",\"datePublished\":\"2025-12-09T13:18:00+00:00\",\"mainEntityOfPage\":{\"@id\":\"https:\\\/\\\/www.karaoketexty.cz\\\/magazin\\\/madonna-a-jejich-sest-deti-pribeh-lasky-odvahy-a-ruznych-talentu\\\/\"},\"wordCount\":585,\"commentCount\":0,\"image\":{\"@id\":\"https:\\\/\\\/www.karaoketexty.cz\\\/magazin\\\/madonna-a-jejich-sest-deti-pribeh-lasky-odvahy-a-ruznych-talentu\\\/#primaryimage\"},\"thumbnailUrl\":\"https:\\\/\\\/www.karaoketexty.cz\\\/magazin\\\/wp-content\\\/uploads\\\/2025\\\/12\\\/madona-koncert-2023.jpg\",\"keywords\":[\"Adopce\",\"Burberry\",\"celebrity a rodina\",\"David\",\"d\u011bti celebrit\",\"Estere\",\"Fenty\",\"Guy Ritchie\",\"Instagram\",\"Lourdes\",\"Madonna\",\"Mercy\",\"modelka\",\"m\u00f3dn\u00ed ikona\",\"Mugler\",\"Rocco\",\"Rodina\",\"Stella\",\"YouTube\",\"Zahrani\u010dn\u00ed celebrity\",\"Zp\u011bva\u010dka\"],\"articleSection\":[\"Celebrity\"],\"inLanguage\":\"cs\",\"potentialAction\":[{\"@type\":\"CommentAction\",\"name\":\"Comment\",\"target\":[\"https:\\\/\\\/www.karaoketexty.cz\\\/magazin\\\/madonna-a-jejich-sest-deti-pribeh-lasky-odvahy-a-ruznych-talentu\\\/#respond\"]}]},{\"@type\":\"WebPage\",\"@id\":\"https:\\\/\\\/www.karaoketexty.cz\\\/magazin\\\/madonna-a-jejich-sest-deti-pribeh-lasky-odvahy-a-ruznych-talentu\\\/\",\"url\":\"https:\\\/\\\/www.karaoketexty.cz\\\/magazin\\\/madonna-a-jejich-sest-deti-pribeh-lasky-odvahy-a-ruznych-talentu\\\/\",\"name\":\"Jak \u017eije kr\u00e1lovna popu: Madonna a jej\u00edch \u0161est d\u011bt\u00ed\",\"isPartOf\":{\"@id\":\"https:\\\/\\\/www.karaoketexty.cz\\\/magazin\\\/#website\"},\"primaryImageOfPage\":{\"@id\":\"https:\\\/\\\/www.karaoketexty.cz\\\/magazin\\\/madonna-a-jejich-sest-deti-pribeh-lasky-odvahy-a-ruznych-talentu\\\/#primaryimage\"},\"image\":{\"@id\":\"https:\\\/\\\/www.karaoketexty.cz\\\/magazin\\\/madonna-a-jejich-sest-deti-pribeh-lasky-odvahy-a-ruznych-talentu\\\/#primaryimage\"},\"thumbnailUrl\":\"https:\\\/\\\/www.karaoketexty.cz\\\/magazin\\\/wp-content\\\/uploads\\\/2025\\\/12\\\/madona-koncert-2023.jpg\",\"datePublished\":\"2025-12-09T13:18:00+00:00\",\"author\":{\"@id\":\"https:\\\/\\\/www.karaoketexty.cz\\\/magazin\\\/#\\\/schema\\\/person\\\/03220d610ed4cba378a72bac3443f821\"},\"description\":\"Madonna, to je nejen popov\u00e1 ikona, ale tak\u00e9 symbol bo\u0159en\u00ed hranic. Plat\u00ed to i pro jej\u00ed rodinu, zp\u011bva\u010dka je toti\u017e m\u00e1mou \u0161esti d\u011bt\u00ed.\",\"breadcrumb\":{\"@id\":\"https:\\\/\\\/www.karaoketexty.cz\\\/magazin\\\/madonna-a-jejich-sest-deti-pribeh-lasky-odvahy-a-ruznych-talentu\\\/#breadcrumb\"},\"inLanguage\":\"cs\",\"potentialAction\":[{\"@type\":\"ReadAction\",\"target\":[\"https:\\\/\\\/www.karaoketexty.cz\\\/magazin\\\/madonna-a-jejich-sest-deti-pribeh-lasky-odvahy-a-ruznych-talentu\\\/\"]}]},{\"@type\":\"ImageObject\",\"inLanguage\":\"cs\",\"@id\":\"https:\\\/\\\/www.karaoketexty.cz\\\/magazin\\\/madonna-a-jejich-sest-deti-pribeh-lasky-odvahy-a-ruznych-talentu\\\/#primaryimage\",\"url\":\"https:\\\/\\\/www.karaoketexty.cz\\\/magazin\\\/wp-content\\\/uploads\\\/2025\\\/12\\\/madona-koncert-2023.jpg\",\"contentUrl\":\"https:\\\/\\\/www.karaoketexty.cz\\\/magazin\\\/wp-content\\\/uploads\\\/2025\\\/12\\\/madona-koncert-2023.jpg\",\"width\":1200,\"height\":745,\"caption\":\"Foto: U\u017eivatel chrisweger \\\/ Creative Commons \\\/ CC BY-SA, Madonna v Lond\u00fdn\u011b v roce 2023\"},{\"@type\":\"BreadcrumbList\",\"@id\":\"https:\\\/\\\/www.karaoketexty.cz\\\/magazin\\\/madonna-a-jejich-sest-deti-pribeh-lasky-odvahy-a-ruznych-talentu\\\/#breadcrumb\",\"itemListElement\":[{\"@type\":\"ListItem\",\"position\":1,\"name\":\"Dom\u016f\",\"item\":\"https:\\\/\\\/www.karaoketexty.cz\\\/magazin\\\/\"},{\"@type\":\"ListItem\",\"position\":2,\"name\":\"Madonna a jej\u00edch \u0161est d\u011bt\u00ed: P\u0159\u00edb\u011bh l\u00e1sky, odvahy a r\u016fzn\u00fdch talent\u016f\"}]},{\"@type\":\"WebSite\",\"@id\":\"https:\\\/\\\/www.karaoketexty.cz\\\/magazin\\\/#website\",\"url\":\"https:\\\/\\\/www.karaoketexty.cz\\\/magazin\\\/\",\"name\":\"Stars Magaz\u00edn Karaoketexty.cz\",\"description\":\"Stars Magaz\u00edn na Karaoketexty.cz je zam\u011b\u0159en\u00fd na novinky ze sv\u011bta hudby a celebrit. Obsahuje \u010dl\u00e1nky o zp\u011bv\u00e1c\u00edch, kapel\u00e1ch, nov\u00fdch albech, hudebn\u00edch trendech a dal\u0161\u00edch zaj\u00edmavostech z hudebn\u00edho pr\u016fmyslu.\",\"potentialAction\":[{\"@type\":\"SearchAction\",\"target\":{\"@type\":\"EntryPoint\",\"urlTemplate\":\"https:\\\/\\\/www.karaoketexty.cz\\\/magazin\\\/?s={search_term_string}\"},\"query-input\":{\"@type\":\"PropertyValueSpecification\",\"valueRequired\":true,\"valueName\":\"search_term_string\"}}],\"inLanguage\":\"cs\"},{\"@type\":\"Person\",\"@id\":\"https:\\\/\\\/www.karaoketexty.cz\\\/magazin\\\/#\\\/schema\\\/person\\\/03220d610ed4cba378a72bac3443f821\",\"name\":\"Veronika \u0160imkov\u00e1\",\"image\":{\"@type\":\"ImageObject\",\"inLanguage\":\"cs\",\"@id\":\"https:\\\/\\\/secure.gravatar.com\\\/avatar\\\/62af9cda83322200aaf20e60d0442fbca254ce18c0ffdcaaf83de31493c941a5?s=96&d=mm&r=g\",\"url\":\"https:\\\/\\\/secure.gravatar.com\\\/avatar\\\/62af9cda83322200aaf20e60d0442fbca254ce18c0ffdcaaf83de31493c941a5?s=96&d=mm&r=g\",\"contentUrl\":\"https:\\\/\\\/secure.gravatar.com\\\/avatar\\\/62af9cda83322200aaf20e60d0442fbca254ce18c0ffdcaaf83de31493c941a5?s=96&d=mm&r=g\",\"caption\":\"Veronika \u0160imkov\u00e1\"},\"url\":\"https:\\\/\\\/www.karaoketexty.cz\\\/magazin\\\/author\\\/veronikasimkova\\\/\"}]}<\/script>\n<!-- \/ Yoast SEO plugin. -->","yoast_head_json":{"title":"Jak \u017eije kr\u00e1lovna popu: Madonna a jej\u00edch \u0161est d\u011bt\u00ed","description":"Madonna, to je nejen popov\u00e1 ikona, ale tak\u00e9 symbol bo\u0159en\u00ed hranic. Plat\u00ed to i pro jej\u00ed rodinu, zp\u011bva\u010dka je toti\u017e m\u00e1mou \u0161esti d\u011bt\u00ed.","robots":{"index":"index","follow":"follow","max-snippet":"max-snippet:-1","max-image-preview":"max-image-preview:large","max-video-preview":"max-video-preview:-1"},"canonical":"https:\/\/www.karaoketexty.cz\/magazin\/madonna-a-jejich-sest-deti-pribeh-lasky-odvahy-a-ruznych-talentu\/","og_locale":"cs_CZ","og_type":"article","og_title":"Jak \u017eije kr\u00e1lovna popu: Madonna a jej\u00edch \u0161est d\u011bt\u00ed","og_description":"Madonna, to je nejen popov\u00e1 ikona, ale tak\u00e9 symbol bo\u0159en\u00ed hranic. Plat\u00ed to i pro jej\u00ed rodinu, zp\u011bva\u010dka je toti\u017e m\u00e1mou \u0161esti d\u011bt\u00ed.","og_url":"https:\/\/www.karaoketexty.cz\/magazin\/madonna-a-jejich-sest-deti-pribeh-lasky-odvahy-a-ruznych-talentu\/","og_site_name":"Stars Magaz\u00edn Karaoketexty.cz","article_published_time":"2025-12-09T13:18:00+00:00","og_image":[{"width":1200,"height":745,"url":"https:\/\/www.karaoketexty.cz\/magazin\/wp-content\/uploads\/2025\/12\/madona-koncert-2023.jpg","type":"image\/jpeg"}],"author":"Veronika \u0160imkov\u00e1","twitter_card":"summary_large_image","twitter_misc":{"Napsal(a)":"Veronika \u0160imkov\u00e1","Odhadovan\u00e1 doba \u010dten\u00ed":"3 minuty"},"schema":{"@context":"https:\/\/schema.org","@graph":[{"@type":"Article","@id":"https:\/\/www.karaoketexty.cz\/magazin\/madonna-a-jejich-sest-deti-pribeh-lasky-odvahy-a-ruznych-talentu\/#article","isPartOf":{"@id":"https:\/\/www.karaoketexty.cz\/magazin\/madonna-a-jejich-sest-deti-pribeh-lasky-odvahy-a-ruznych-talentu\/"},"author":{"name":"Veronika \u0160imkov\u00e1","@id":"https:\/\/www.karaoketexty.cz\/magazin\/#\/schema\/person\/03220d610ed4cba378a72bac3443f821"},"headline":"Madonna a jej\u00edch \u0161est d\u011bt\u00ed: P\u0159\u00edb\u011bh l\u00e1sky, odvahy a r\u016fzn\u00fdch talent\u016f","datePublished":"2025-12-09T13:18:00+00:00","mainEntityOfPage":{"@id":"https:\/\/www.karaoketexty.cz\/magazin\/madonna-a-jejich-sest-deti-pribeh-lasky-odvahy-a-ruznych-talentu\/"},"wordCount":585,"commentCount":0,"image":{"@id":"https:\/\/www.karaoketexty.cz\/magazin\/madonna-a-jejich-sest-deti-pribeh-lasky-odvahy-a-ruznych-talentu\/#primaryimage"},"thumbnailUrl":"https:\/\/www.karaoketexty.cz\/magazin\/wp-content\/uploads\/2025\/12\/madona-koncert-2023.jpg","keywords":["Adopce","Burberry","celebrity a rodina","David","d\u011bti celebrit","Estere","Fenty","Guy Ritchie","Instagram","Lourdes","Madonna","Mercy","modelka","m\u00f3dn\u00ed ikona","Mugler","Rocco","Rodina","Stella","YouTube","Zahrani\u010dn\u00ed celebrity","Zp\u011bva\u010dka"],"articleSection":["Celebrity"],"inLanguage":"cs","potentialAction":[{"@type":"CommentAction","name":"Comment","target":["https:\/\/www.karaoketexty.cz\/magazin\/madonna-a-jejich-sest-deti-pribeh-lasky-odvahy-a-ruznych-talentu\/#respond"]}]},{"@type":"WebPage","@id":"https:\/\/www.karaoketexty.cz\/magazin\/madonna-a-jejich-sest-deti-pribeh-lasky-odvahy-a-ruznych-talentu\/","url":"https:\/\/www.karaoketexty.cz\/magazin\/madonna-a-jejich-sest-deti-pribeh-lasky-odvahy-a-ruznych-talentu\/","name":"Jak \u017eije kr\u00e1lovna popu: Madonna a jej\u00edch \u0161est d\u011bt\u00ed","isPartOf":{"@id":"https:\/\/www.karaoketexty.cz\/magazin\/#website"},"primaryImageOfPage":{"@id":"https:\/\/www.karaoketexty.cz\/magazin\/madonna-a-jejich-sest-deti-pribeh-lasky-odvahy-a-ruznych-talentu\/#primaryimage"},"image":{"@id":"https:\/\/www.karaoketexty.cz\/magazin\/madonna-a-jejich-sest-deti-pribeh-lasky-odvahy-a-ruznych-talentu\/#primaryimage"},"thumbnailUrl":"https:\/\/www.karaoketexty.cz\/magazin\/wp-content\/uploads\/2025\/12\/madona-koncert-2023.jpg","datePublished":"2025-12-09T13:18:00+00:00","author":{"@id":"https:\/\/www.karaoketexty.cz\/magazin\/#\/schema\/person\/03220d610ed4cba378a72bac3443f821"},"description":"Madonna, to je nejen popov\u00e1 ikona, ale tak\u00e9 symbol bo\u0159en\u00ed hranic. Plat\u00ed to i pro jej\u00ed rodinu, zp\u011bva\u010dka je toti\u017e m\u00e1mou \u0161esti d\u011bt\u00ed.","breadcrumb":{"@id":"https:\/\/www.karaoketexty.cz\/magazin\/madonna-a-jejich-sest-deti-pribeh-lasky-odvahy-a-ruznych-talentu\/#breadcrumb"},"inLanguage":"cs","potentialAction":[{"@type":"ReadAction","target":["https:\/\/www.karaoketexty.cz\/magazin\/madonna-a-jejich-sest-deti-pribeh-lasky-odvahy-a-ruznych-talentu\/"]}]},{"@type":"ImageObject","inLanguage":"cs","@id":"https:\/\/www.karaoketexty.cz\/magazin\/madonna-a-jejich-sest-deti-pribeh-lasky-odvahy-a-ruznych-talentu\/#primaryimage","url":"https:\/\/www.karaoketexty.cz\/magazin\/wp-content\/uploads\/2025\/12\/madona-koncert-2023.jpg","contentUrl":"https:\/\/www.karaoketexty.cz\/magazin\/wp-content\/uploads\/2025\/12\/madona-koncert-2023.jpg","width":1200,"height":745,"caption":"Foto: U\u017eivatel chrisweger \/ Creative Commons \/ CC BY-SA, Madonna v Lond\u00fdn\u011b v roce 2023"},{"@type":"BreadcrumbList","@id":"https:\/\/www.karaoketexty.cz\/magazin\/madonna-a-jejich-sest-deti-pribeh-lasky-odvahy-a-ruznych-talentu\/#breadcrumb","itemListElement":[{"@type":"ListItem","position":1,"name":"Dom\u016f","item":"https:\/\/www.karaoketexty.cz\/magazin\/"},{"@type":"ListItem","position":2,"name":"Madonna a jej\u00edch \u0161est d\u011bt\u00ed: P\u0159\u00edb\u011bh l\u00e1sky, odvahy a r\u016fzn\u00fdch talent\u016f"}]},{"@type":"WebSite","@id":"https:\/\/www.karaoketexty.cz\/magazin\/#website","url":"https:\/\/www.karaoketexty.cz\/magazin\/","name":"Stars Magaz\u00edn Karaoketexty.cz","description":"Stars Magaz\u00edn na Karaoketexty.cz je zam\u011b\u0159en\u00fd na novinky ze sv\u011bta hudby a celebrit. Obsahuje \u010dl\u00e1nky o zp\u011bv\u00e1c\u00edch, kapel\u00e1ch, nov\u00fdch albech, hudebn\u00edch trendech a dal\u0161\u00edch zaj\u00edmavostech z hudebn\u00edho pr\u016fmyslu.","potentialAction":[{"@type":"SearchAction","target":{"@type":"EntryPoint","urlTemplate":"https:\/\/www.karaoketexty.cz\/magazin\/?s={search_term_string}"},"query-input":{"@type":"PropertyValueSpecification","valueRequired":true,"valueName":"search_term_string"}}],"inLanguage":"cs"},{"@type":"Person","@id":"https:\/\/www.karaoketexty.cz\/magazin\/#\/schema\/person\/03220d610ed4cba378a72bac3443f821","name":"Veronika \u0160imkov\u00e1","image":{"@type":"ImageObject","inLanguage":"cs","@id":"https:\/\/secure.gravatar.com\/avatar\/62af9cda83322200aaf20e60d0442fbca254ce18c0ffdcaaf83de31493c941a5?s=96&d=mm&r=g","url":"https:\/\/secure.gravatar.com\/avatar\/62af9cda83322200aaf20e60d0442fbca254ce18c0ffdcaaf83de31493c941a5?s=96&d=mm&r=g","contentUrl":"https:\/\/secure.gravatar.com\/avatar\/62af9cda83322200aaf20e60d0442fbca254ce18c0ffdcaaf83de31493c941a5?s=96&d=mm&r=g","caption":"Veronika \u0160imkov\u00e1"},"url":"https:\/\/www.karaoketexty.cz\/magazin\/author\/veronikasimkova\/"}]}},"_links":{"self":[{"href":"https:\/\/www.karaoketexty.cz\/magazin\/wp-json\/wp\/v2\/posts\/5224","targetHints":{"allow":["GET"]}}],"collection":[{"href":"https:\/\/www.karaoketexty.cz\/magazin\/wp-json\/wp\/v2\/posts"}],"about":[{"href":"https:\/\/www.karaoketexty.cz\/magazin\/wp-json\/wp\/v2\/types\/post"}],"author":[{"embeddable":true,"href":"https:\/\/www.karaoketexty.cz\/magazin\/wp-json\/wp\/v2\/users\/5"}],"replies":[{"embeddable":true,"href":"https:\/\/www.karaoketexty.cz\/magazin\/wp-json\/wp\/v2\/comments?post=5224"}],"version-history":[{"count":5,"href":"https:\/\/www.karaoketexty.cz\/magazin\/wp-json\/wp\/v2\/posts\/5224\/revisions"}],"predecessor-version":[{"id":5368,"href":"https:\/\/www.karaoketexty.cz\/magazin\/wp-json\/wp\/v2\/posts\/5224\/revisions\/5368"}],"wp:featuredmedia":[{"embeddable":true,"href":"https:\/\/www.karaoketexty.cz\/magazin\/wp-json\/wp\/v2\/media\/5304"}],"wp:attachment":[{"href":"https:\/\/www.karaoketexty.cz\/magazin\/wp-json\/wp\/v2\/media?parent=5224"}],"wp:term":[{"taxonomy":"category","embeddable":true,"href":"https:\/\/www.karaoketexty.cz\/magazin\/wp-json\/wp\/v2\/categories?post=5224"},{"taxonomy":"post_tag","embeddable":true,"href":"https:\/\/www.karaoketexty.cz\/magazin\/wp-json\/wp\/v2\/tags?post=5224"}],"curies":[{"name":"wp","href":"https:\/\/api.w.org\/{rel}","templated":true}]}}