{"id":5218,"date":"2025-12-08T06:15:00","date_gmt":"2025-12-08T05:15:00","guid":{"rendered":"https:\/\/www.karaoketexty.cz\/magazin\/?p=5218"},"modified":"2025-12-05T15:34:47","modified_gmt":"2025-12-05T14:34:47","slug":"kdo-je-katerina-marie-ticha-jeji-prijmeni-je-kontrastem-k-jejimu-hlasu","status":"publish","type":"post","link":"https:\/\/www.karaoketexty.cz\/magazin\/kdo-je-katerina-marie-ticha-jeji-prijmeni-je-kontrastem-k-jejimu-hlasu\/","title":{"rendered":"Kdo je Kate\u0159ina Marie Tich\u00e1: Jej\u00ed p\u0159\u00edjmen\u00ed je kontrastem k jej\u00edmu hlasu"},"content":{"rendered":"\n<p><strong>Kate\u0159ina Marie Tich\u00e1 vystoupala na sv\u016fj piedestal rychle, i kdy\u017e ne\u010dekan\u011b. Tvo\u0159\u00ed s pat\u0159i\u010dnou citlivost\u00ed, ale z\u00e1rove\u0148 i silou.<\/strong><\/p>\n\n\n\n<p>V posledn\u00edch letech se na \u010desk\u00e9 hudebn\u00ed sc\u00e9n\u011b objevilo v\u00edc v\u00fdrazn\u00fdch tv\u00e1\u0159\u00ed, ale n\u011bkter\u00e9 zapadnou, jin\u00e9 se naopak prosad\u00ed, t\u0159eba jako Kate\u0159ina Marie Tich\u00e1, zp\u011bva\u010dka, skladatelka a autorka text\u016f. Jej\u00ed kari\u00e9ra roste celkem nen\u00e1padn\u011b, ale zato jist\u011b stoup\u00e1 sm\u011brem vzh\u016fru. Nestrh\u00e1v\u00e1 na sebe pozornost \u017e\u00e1dn\u00fdmi skand\u00e1ly, jen poctiv\u011b pracuje a z\u016fst\u00e1v\u00e1 sv\u00e1. T\u00edm si z\u00edsk\u00e1v\u00e1 srdce fanou\u0161k\u016f, jak jsme si v redakci Karaoketexty.cz v\u0161imli.<\/p>\n\n\n<!-- karaoketexty.cz \/ rectangle2 -->\n<div id=\"PX_37086_709110796310826\"><\/div>\n<script>\n   if(!useMobileAds && !boolUseSeznamAds && !hideAllAds){\n     window.px2 = window.px2 || { conf: {},queue: [] };\n     px2.queue.push(function () {\n        px2.render({\n           slot: {\n              id: 37086\n           },\n            elem: \"PX_37086_709110796310826\"\n        })\n     });\n  }\n<\/script>\n\n<!-- karaoketexty.cz \/ mobile-rectangle3 -->\n<div id=\"PX_37044_714599773297004\"><\/div>\n<script>\n   if(useMobileAds && !boolUseSeznamAds && !hideAllAds){\nwindow.px2 = window.px2 || { conf: {},queue: [] };\npx2.queue.push(function () {\n\tpx2.render({\n\t\tslot: {\n\t\t\tid: 37044\n\t\t},\n\t\telem: \"PX_37044_714599773297004\"\n\t})\n});\n}\n<\/script>\n\n\n<h2 class=\"wp-block-heading\">D\u00edvka z Vla\u0161imi<\/h2>\n\n\n\n<p>Kate\u0159ina Marie Tich\u00e1 p\u0159i\u0161la na sv\u011bt 18. srpna 1994 ve Vla\u0161imi. U\u017e jako mal\u00e1 zp\u00edvala v m\u00edstn\u00edch sborech, co\u017e ji nasm\u011brovalo k hudb\u011b. Pozd\u011bji, kv\u016fli studiu na Univerzit\u011b Karlov\u011b, se p\u0159est\u011bhovala do Prahy. Jako prvn\u00ed vydala singl s n\u00e1zvem Vzpom\u00ednej, to byl rok 2012, tehdy je\u0161t\u011b pod sv\u00fdm jm\u00e9nem Kate\u0159ina Tich\u00e1. O rok pozd\u011bji p\u0159i\u0161la nominace na \u010cesk\u00e9ho slav\u00edka v kategorii Objev roku, co\u017e jasn\u011b uk\u00e1zalo, \u017ee by si ji hudebn\u00ed fanou\u0161ci p\u0159ece jen m\u011bli pamatovat.<\/p>\n\n\n\n<p>N\u00e1sledovala spolupr\u00e1ce s kapelou Jelen, a to v roce 2013. Nejprve ji skupina doprov\u00e1zela, ale pak se stala naopak ona jejich hostem. Roku 2015 vydala EP Otazn\u00edky, kter\u00e9 obsahovalo jej\u00ed ran\u00e9 autorsk\u00e9 pokusy. S postupem dal\u0161\u00edho \u010dasu na\u0161la u\u017e sv\u016fj vlastn\u00ed v\u00fdraz a styl.<\/p>\n\n\n<!-- karaoketexty.cz \/ interscroller1 -->\n\n<div id=\"PX_37041_825057871452834\"><\/div>\n<script>\nif(useMobileAds && !boolUseSeznamAds && !hideAllAds){\n\twindow.px2 = window.px2 || { conf: {},queue: [] };\n\tpx2.queue.push(function () {\n\t\tpx2.render({\n\t\t\tslot: {\n\t\t\t\tid: 37041\n\t\t\t},\n\t\t\telem: \"PX_37041_825057871452834\"\n\t\t})\n\t});\n}\n<\/script>\n\n\n<h2 class=\"wp-block-heading\">Pr\u016flom s albem Sami a pr\u00e1ce s kapelou Bandjeez<\/h2>\n\n\n\n<p>Skute\u010dn\u00fd zlom pro Kate\u0159inu p\u0159i\u0161el v roce 2020 s debutov\u00fdm albem Sami. To slavilo velk\u00fd \u00fasp\u011bch. Obdr\u017eela za n\u011bj dokonce Cenu And\u011bl v kategorii Objev roku. Kritici i poslucha\u010di chv\u00e1lili jej\u00ed hlas i texty. O p\u00e1r let pozd\u011bji se jej\u00ed kari\u00e9ra posunula zase d\u00e1l. Od roku 2021 spolupracuje s kapelou Bandjeez, kter\u00e1 kdysi doprov\u00e1zela zesnul\u00e9ho hudebn\u00edka David Stypka, uvedl web Sono.<\/p>\n\n\n\n<blockquote class=\"instagram-media\" data-instgrm-captioned data-instgrm-permalink=\"https:\/\/www.instagram.com\/p\/DIGSEozumrr\/?utm_source=ig_embed&amp;utm_campaign=loading\" data-instgrm-version=\"14\" style=\" background:#FFF; border:0; border-radius:3px; box-shadow:0 0 1px 0 rgba(0,0,0,0.5),0 1px 10px 0 rgba(0,0,0,0.15); margin: 1px; max-width:540px; min-width:326px; padding:0; width:99.375%; width:-webkit-calc(100% - 2px); width:calc(100% - 2px);\"><div style=\"padding:16px;\"> <a href=\"https:\/\/www.instagram.com\/p\/DIGSEozumrr\/?utm_source=ig_embed&amp;utm_campaign=loading\" style=\" background:#FFFFFF; line-height:0; padding:0 0; text-align:center; text-decoration:none; width:100%;\" target=\"_blank\"> <div style=\" display: flex; flex-direction: row; align-items: center;\"> <div style=\"background-color: #F4F4F4; border-radius: 50%; flex-grow: 0; height: 40px; margin-right: 14px; width: 40px;\"><\/div> <div style=\"display: flex; flex-direction: column; flex-grow: 1; justify-content: center;\"> <div style=\" background-color: #F4F4F4; border-radius: 4px; flex-grow: 0; height: 14px; margin-bottom: 6px; width: 100px;\"><\/div> <div style=\" background-color: #F4F4F4; border-radius: 4px; flex-grow: 0; height: 14px; width: 60px;\"><\/div><\/div><\/div><div style=\"padding: 19% 0;\"><\/div> <div style=\"display:block; height:50px; margin:0 auto 12px; width:50px;\"><svg width=\"50px\" height=\"50px\" viewBox=\"0 0 60 60\" version=\"1.1\" xmlns=\"https:\/\/www.w3.org\/2000\/svg\" xmlns:xlink=\"https:\/\/www.w3.org\/1999\/xlink\"><g stroke=\"none\" stroke-width=\"1\" fill=\"none\" fill-rule=\"evenodd\"><g transform=\"translate(-511.000000, -20.000000)\" fill=\"#000000\"><g><path d=\"M556.869,30.41 C554.814,30.41 553.148,32.076 553.148,34.131 C553.148,36.186 554.814,37.852 556.869,37.852 C558.924,37.852 560.59,36.186 560.59,34.131 C560.59,32.076 558.924,30.41 556.869,30.41 M541,60.657 C535.114,60.657 530.342,55.887 530.342,50 C530.342,44.114 535.114,39.342 541,39.342 C546.887,39.342 551.658,44.114 551.658,50 C551.658,55.887 546.887,60.657 541,60.657 M541,33.886 C532.1,33.886 524.886,41.1 524.886,50 C524.886,58.899 532.1,66.113 541,66.113 C549.9,66.113 557.115,58.899 557.115,50 C557.115,41.1 549.9,33.886 541,33.886 M565.378,62.101 C565.244,65.022 564.756,66.606 564.346,67.663 C563.803,69.06 563.154,70.057 562.106,71.106 C561.058,72.155 560.06,72.803 558.662,73.347 C557.607,73.757 556.021,74.244 553.102,74.378 C549.944,74.521 548.997,74.552 541,74.552 C533.003,74.552 532.056,74.521 528.898,74.378 C525.979,74.244 524.393,73.757 523.338,73.347 C521.94,72.803 520.942,72.155 519.894,71.106 C518.846,70.057 518.197,69.06 517.654,67.663 C517.244,66.606 516.755,65.022 516.623,62.101 C516.479,58.943 516.448,57.996 516.448,50 C516.448,42.003 516.479,41.056 516.623,37.899 C516.755,34.978 517.244,33.391 517.654,32.338 C518.197,30.938 518.846,29.942 519.894,28.894 C520.942,27.846 521.94,27.196 523.338,26.654 C524.393,26.244 525.979,25.756 528.898,25.623 C532.057,25.479 533.004,25.448 541,25.448 C548.997,25.448 549.943,25.479 553.102,25.623 C556.021,25.756 557.607,26.244 558.662,26.654 C560.06,27.196 561.058,27.846 562.106,28.894 C563.154,29.942 563.803,30.938 564.346,32.338 C564.756,33.391 565.244,34.978 565.378,37.899 C565.522,41.056 565.552,42.003 565.552,50 C565.552,57.996 565.522,58.943 565.378,62.101 M570.82,37.631 C570.674,34.438 570.167,32.258 569.425,30.349 C568.659,28.377 567.633,26.702 565.965,25.035 C564.297,23.368 562.623,22.342 560.652,21.575 C558.743,20.834 556.562,20.326 553.369,20.18 C550.169,20.033 549.148,20 541,20 C532.853,20 531.831,20.033 528.631,20.18 C525.438,20.326 523.257,20.834 521.349,21.575 C519.376,22.342 517.703,23.368 516.035,25.035 C514.368,26.702 513.342,28.377 512.574,30.349 C511.834,32.258 511.326,34.438 511.181,37.631 C511.035,40.831 511,41.851 511,50 C511,58.147 511.035,59.17 511.181,62.369 C511.326,65.562 511.834,67.743 512.574,69.651 C513.342,71.625 514.368,73.296 516.035,74.965 C517.703,76.634 519.376,77.658 521.349,78.425 C523.257,79.167 525.438,79.673 528.631,79.82 C531.831,79.965 532.853,80.001 541,80.001 C549.148,80.001 550.169,79.965 553.369,79.82 C556.562,79.673 558.743,79.167 560.652,78.425 C562.623,77.658 564.297,76.634 565.965,74.965 C567.633,73.296 568.659,71.625 569.425,69.651 C570.167,67.743 570.674,65.562 570.82,62.369 C570.966,59.17 571,58.147 571,50 C571,41.851 570.966,40.831 570.82,37.631\"><\/path><\/g><\/g><\/g><\/svg><\/div><div style=\"padding-top: 8px;\"> <div style=\" color:#3897f0; font-family:Arial,sans-serif; font-size:14px; font-style:normal; font-weight:550; line-height:18px;\">Zobrazit p\u0159\u00edsp\u011bvek na Instagramu<\/div><\/div><div style=\"padding: 12.5% 0;\"><\/div> <div style=\"display: flex; flex-direction: row; margin-bottom: 14px; align-items: center;\"><div> <div style=\"background-color: #F4F4F4; border-radius: 50%; height: 12.5px; width: 12.5px; transform: translateX(0px) translateY(7px);\"><\/div> <div style=\"background-color: #F4F4F4; height: 12.5px; transform: rotate(-45deg) translateX(3px) translateY(1px); width: 12.5px; flex-grow: 0; margin-right: 14px; margin-left: 2px;\"><\/div> <div style=\"background-color: #F4F4F4; border-radius: 50%; height: 12.5px; width: 12.5px; transform: translateX(9px) translateY(-18px);\"><\/div><\/div><div style=\"margin-left: 8px;\"> <div style=\" background-color: #F4F4F4; border-radius: 50%; flex-grow: 0; height: 20px; width: 20px;\"><\/div> <div style=\" width: 0; height: 0; border-top: 2px solid transparent; border-left: 6px solid #f4f4f4; border-bottom: 2px solid transparent; transform: translateX(16px) translateY(-4px) rotate(30deg)\"><\/div><\/div><div style=\"margin-left: auto;\"> <div style=\" width: 0px; border-top: 8px solid #F4F4F4; border-right: 8px solid transparent; transform: translateY(16px);\"><\/div> <div style=\" background-color: #F4F4F4; flex-grow: 0; height: 12px; width: 16px; transform: translateY(-4px);\"><\/div> <div style=\" width: 0; height: 0; border-top: 8px solid #F4F4F4; border-left: 8px solid transparent; transform: translateY(-4px) translateX(8px);\"><\/div><\/div><\/div> <div style=\"display: flex; flex-direction: column; flex-grow: 1; justify-content: center; margin-bottom: 24px;\"> <div style=\" background-color: #F4F4F4; border-radius: 4px; flex-grow: 0; height: 14px; margin-bottom: 6px; width: 224px;\"><\/div> <div style=\" background-color: #F4F4F4; border-radius: 4px; flex-grow: 0; height: 14px; width: 144px;\"><\/div><\/div><\/a><p style=\" color:#c9c8cd; font-family:Arial,sans-serif; font-size:14px; line-height:17px; margin-bottom:0; margin-top:8px; overflow:hidden; padding:8px 0 7px; text-align:center; text-overflow:ellipsis; white-space:nowrap;\"><a href=\"https:\/\/www.instagram.com\/p\/DIGSEozumrr\/?utm_source=ig_embed&amp;utm_campaign=loading\" style=\" color:#c9c8cd; font-family:Arial,sans-serif; font-size:14px; font-style:normal; font-weight:normal; line-height:17px; text-decoration:none;\" target=\"_blank\">P\u0159\u00edsp\u011bvek sd\u00edlen\u00fd Kater\u030cina M. Ticha\u0301 (@katerinamarieticha)<\/a><\/p><\/div><\/blockquote>\n<script async src=\"\/\/www.instagram.com\/embed.js\"><\/script>\n\n\n\n<p>Spole\u010dn\u011b s Bandjeez nato\u010dila sv\u00e9 druh\u00e9 album Plamen, kter\u00e9 vy\u0161lo v \u00fanoru 2024. Nov\u00e9 p\u00edsn\u011b odr\u00e1\u017e\u00ed jej\u00ed \u017eivotn\u00ed zku\u0161enosti za posledn\u00ed roky, jako jsou vztahy, hled\u00e1n\u00ed sebe sama, k\u0159ehkost i s\u00edla. Turn\u00e9 k albu za\u010dalo koncem \u00fanora v Klatovech a setkalo se s velk\u00fdm ohlasem. Toto album i \u017eiv\u00e1 vystoupen\u00ed s Bandjeez ukazuj\u00ed, \u017ee Kate\u0159ina na\u0161la formu, kter\u00e1 j\u00ed sed\u00ed. Recenze vyzdvihuj\u00ed, \u017ee a\u010dkoliv jde o prvn\u00ed spole\u010dnou desku s kapelou, zn\u00ed velice dob\u0159e.<\/p>\n\n\n\n<h2 class=\"wp-block-heading\">Hudebnice, poetka a v\u011b\u010dn\u011b hledaj\u00edc\u00ed du\u0161e<\/h2>\n\n\n\n<p>Pro Kate\u0159inu nen\u00ed hudba jen n\u011bjak\u00fdm produktem. P\u00edse\u0148 pro ni znamen\u00e1 autentick\u00fd projev. Jak sama \u0159ekla v jednom rozhovoru pro iReport: <em>\u201eChci, aby m\u00fdm p\u00edsn\u00edm lid\u00e9 rozum\u011bli. Ned\u011bl\u00e1m je jenom pro sebe.\u201c<\/em>  Vedle zp\u011bvu se v\u011bnuje tak\u00e9 psan\u00ed. V roce 2021 vydala b\u00e1snickou sb\u00edrku Ostrov, co chutn\u00e1 jako pomeran\u010de. Texty v knize i u p\u00edsn\u00ed jsou obdobn\u00e9 a mnohdy se prol\u00ednaj\u00ed, \u010dasto propl\u00e9taj\u00ed melancholii, nad\u011bji a oby\u010dejn\u00e9 lidsk\u00e9 p\u0159\u00edb\u011bhy. <\/p>\n\n\n\n<p>Jak r\u00e1da zmi\u0148uje, svou kari\u00e9ru si p\u0159eje stav\u011bt krok po kroku, na \u00fasp\u011bch tla\u010dit nechce. Ned\u00e1vno p\u0159iznala, \u017ee by r\u00e1da ud\u011blala velk\u00fd koncert, ale jenom tehdy, kdy\u017e bude jist\u00e9, \u017ee p\u0159ijde publikum. A povedlo se. Dne 29. listopadu tohoto roku toti\u017e vystoupila s Bandjeez v O2 univerzu v Praze. I publikum bylo.<\/p>\n\n\n\n<p>Zdroj: Autorsk\u00fd text, <a href=\"https:\/\/cs.wikipedia.org\/wiki\/Kate%C5%99ina_Marie_Tich%C3%A1\" target=\"_blank\" rel=\"noreferrer noopener nofollow\">Wikipedie<\/a>, <a href=\"https:\/\/www.ireport.cz\/clanky\/rozhovory\/rozhovor-katerina-marie-ticha-chci-aby-mym-pisnim-lide-rozumeli\" target=\"_blank\" rel=\"noreferrer noopener nofollow\">iReport<\/a>, <a href=\"https:\/\/www.instagram.com\/katerinamarieticha\/\" target=\"_blank\" rel=\"noreferrer noopener nofollow\">Instagram Kate\u0159iny Marie Tich\u00e9<\/a><\/p>\n\n\n            <a href=\"https:\/\/www.karaoketexty.cz\/magazin\/zpevaka-kapely-o5-a-radecek-odmitli-osetrit-lekar-v-nemocnici-skoncil\/\" class=\"related-post-link\">\n                <div class=\"post-thumbnail\">\n                    <img decoding=\"async\" width=\"250\" height=\"164\" src=\"https:\/\/www.karaoketexty.cz\/magazin\/wp-content\/uploads\/2025\/11\/tomas-polak.jpg\" class=\"attachment-250x180 size-250x180 not-transparent\" alt=\"Fotografie Tom\u00e1\u0161e Pol\u00e1ka\" srcset=\"https:\/\/www.karaoketexty.cz\/magazin\/wp-content\/uploads\/2025\/11\/tomas-polak.jpg 1200w, https:\/\/www.karaoketexty.cz\/magazin\/wp-content\/uploads\/2025\/11\/tomas-polak-300x197.jpg 300w, https:\/\/www.karaoketexty.cz\/magazin\/wp-content\/uploads\/2025\/11\/tomas-polak-1024x672.jpg 1024w, https:\/\/www.karaoketexty.cz\/magazin\/wp-content\/uploads\/2025\/11\/tomas-polak-768x504.jpg 768w\" sizes=\"(max-width: 250px) 100vw, 250px\" data-has-transparency=\"false\" data-dominant-color=\"504f4e\" style=\"--dominant-color: #504f4e;\" \/>                <\/div>\n                <div class=\"post-details\">\n                    <span class=\"also-read\">\u010ct\u011bte tak\u00e9:<\/span>\n                    <h3 class=\"hed\">Zp\u011bv\u00e1ka kapely &#8222;O5 a Rade\u010dek&#8220; odm\u00edtli o\u0161et\u0159it: L\u00e9ka\u0159 v nemocnici skon\u010dil<\/h3>\n                <\/div>\n            <\/a>\n            \n\n            <a href=\"https:\/\/www.karaoketexty.cz\/magazin\/poctiva-hudba-zije-i-po-jeho-odchodu-opatruj-je-druhe-posmrtne-album-davida-stypky\/\" class=\"related-post-link\">\n                <div class=\"post-thumbnail\">\n                    <img decoding=\"async\" width=\"250\" height=\"170\" src=\"https:\/\/www.karaoketexty.cz\/magazin\/wp-content\/uploads\/2025\/11\/david-stypka.jpg\" class=\"attachment-250x180 size-250x180 not-transparent\" alt=\"Fotografie Davida Stypky\" srcset=\"https:\/\/www.karaoketexty.cz\/magazin\/wp-content\/uploads\/2025\/11\/david-stypka.jpg 1200w, https:\/\/www.karaoketexty.cz\/magazin\/wp-content\/uploads\/2025\/11\/david-stypka-300x205.jpg 300w, https:\/\/www.karaoketexty.cz\/magazin\/wp-content\/uploads\/2025\/11\/david-stypka-1024x698.jpg 1024w, https:\/\/www.karaoketexty.cz\/magazin\/wp-content\/uploads\/2025\/11\/david-stypka-768x524.jpg 768w\" sizes=\"(max-width: 250px) 100vw, 250px\" data-has-transparency=\"false\" data-dominant-color=\"6e889c\" style=\"--dominant-color: #6e889c;\" \/>                <\/div>\n                <div class=\"post-details\">\n                    <span class=\"also-read\">\u010ct\u011bte tak\u00e9:<\/span>\n                    <h3 class=\"hed\">Poctiv\u00e1 hudba \u017eije i po jeho odchodu. Opatruj je druh\u00e9 posmrtn\u00e9 album Davida Stypky<\/h3>\n                <\/div>\n            <\/a>\n            ","protected":false},"excerpt":{"rendered":"<p>Kate\u0159ina Marie Tich\u00e1 vystoupala na sv\u016fj piedestal rychle, zato ne\u010dekan\u011b. Tvo\u0159\u00ed s pat\u0159i\u010dnou citlivost\u00ed, ale z\u00e1rove\u0148 i silou.<\/p>\n","protected":false},"author":4,"featured_media":5221,"comment_status":"open","ping_status":"closed","sticky":false,"template":"","format":"standard","meta":{"_yoast_wpseo_title":"Kdo je Kate\u0159ina Marie Tich\u00e1","_yoast_wpseo_metadesc":"Kate\u0159ina Marie Tich\u00e1 vystoupala na sv\u016fj piedestal rychle, zato ne\u010dekan\u011b. Tvo\u0159\u00ed s pat\u0159i\u010dnou citlivost\u00ed, ale z\u00e1rove\u0148 i silou.","footnotes":""},"categories":[1059],"tags":[124,580,4462,562,571,481,485,483,424,500,1614,462,136,490,535,266,1627,636,51],"class_list":["post-5218","post","type-post","status-publish","format-standard","has-post-thumbnail","hentry","category-celebrity","tag-album","tag-andel","tag-bandjeez","tag-ceska-celebrita","tag-ceska-hudba","tag-debutove-album","tag-ep","tag-hudebni-autenticita","tag-hudebni-spoluprace","tag-instagram","tag-ireport","tag-kapela","tag-koncert","tag-koncerty","tag-nove-album","tag-o2","tag-o2-universum","tag-wikipedie","tag-zpevacka"],"yoast_head":"<!-- This site is optimized with the Yoast SEO plugin v27.4 - https:\/\/yoast.com\/product\/yoast-seo-wordpress\/ -->\n<title>Kdo je Kate\u0159ina Marie Tich\u00e1<\/title>\n<meta name=\"description\" content=\"Kate\u0159ina Marie Tich\u00e1 vystoupala na sv\u016fj piedestal rychle, zato ne\u010dekan\u011b. Tvo\u0159\u00ed s pat\u0159i\u010dnou citlivost\u00ed, ale z\u00e1rove\u0148 i silou.\" \/>\n<meta name=\"robots\" content=\"index, follow, max-snippet:-1, max-image-preview:large, max-video-preview:-1\" \/>\n<link rel=\"canonical\" href=\"https:\/\/www.karaoketexty.cz\/magazin\/kdo-je-katerina-marie-ticha-jeji-prijmeni-je-kontrastem-k-jejimu-hlasu\/\" \/>\n<meta property=\"og:locale\" content=\"cs_CZ\" \/>\n<meta property=\"og:type\" content=\"article\" \/>\n<meta property=\"og:title\" content=\"Kdo je Kate\u0159ina Marie Tich\u00e1\" \/>\n<meta property=\"og:description\" content=\"Kate\u0159ina Marie Tich\u00e1 vystoupala na sv\u016fj piedestal rychle, zato ne\u010dekan\u011b. Tvo\u0159\u00ed s pat\u0159i\u010dnou citlivost\u00ed, ale z\u00e1rove\u0148 i silou.\" \/>\n<meta property=\"og:url\" content=\"https:\/\/www.karaoketexty.cz\/magazin\/kdo-je-katerina-marie-ticha-jeji-prijmeni-je-kontrastem-k-jejimu-hlasu\/\" \/>\n<meta property=\"og:site_name\" content=\"Stars Magaz\u00edn Karaoketexty.cz\" \/>\n<meta property=\"article:published_time\" content=\"2025-12-08T05:15:00+00:00\" \/>\n<meta property=\"og:image\" content=\"https:\/\/www.karaoketexty.cz\/magazin\/wp-content\/uploads\/2025\/12\/katerina-marie-ticha.jpg\" \/>\n\t<meta property=\"og:image:width\" content=\"1200\" \/>\n\t<meta property=\"og:image:height\" content=\"763\" \/>\n\t<meta property=\"og:image:type\" content=\"image\/jpeg\" \/>\n<meta name=\"author\" content=\"Barbora Kop\u0159ivov\u00e1\" \/>\n<meta name=\"twitter:card\" content=\"summary_large_image\" \/>\n<meta name=\"twitter:label1\" content=\"Napsal(a)\" \/>\n\t<meta name=\"twitter:data1\" content=\"Barbora Kop\u0159ivov\u00e1\" \/>\n\t<meta name=\"twitter:label2\" content=\"Odhadovan\u00e1 doba \u010dten\u00ed\" \/>\n\t<meta name=\"twitter:data2\" content=\"3 minuty\" \/>\n<script type=\"application\/ld+json\" class=\"yoast-schema-graph\">{\"@context\":\"https:\\\/\\\/schema.org\",\"@graph\":[{\"@type\":\"Article\",\"@id\":\"https:\\\/\\\/www.karaoketexty.cz\\\/magazin\\\/kdo-je-katerina-marie-ticha-jeji-prijmeni-je-kontrastem-k-jejimu-hlasu\\\/#article\",\"isPartOf\":{\"@id\":\"https:\\\/\\\/www.karaoketexty.cz\\\/magazin\\\/kdo-je-katerina-marie-ticha-jeji-prijmeni-je-kontrastem-k-jejimu-hlasu\\\/\"},\"author\":{\"name\":\"Barbora Kop\u0159ivov\u00e1\",\"@id\":\"https:\\\/\\\/www.karaoketexty.cz\\\/magazin\\\/#\\\/schema\\\/person\\\/37c0164a04038267c8a56ad6d60df749\"},\"headline\":\"Kdo je Kate\u0159ina Marie Tich\u00e1: Jej\u00ed p\u0159\u00edjmen\u00ed je kontrastem k jej\u00edmu hlasu\",\"datePublished\":\"2025-12-08T05:15:00+00:00\",\"mainEntityOfPage\":{\"@id\":\"https:\\\/\\\/www.karaoketexty.cz\\\/magazin\\\/kdo-je-katerina-marie-ticha-jeji-prijmeni-je-kontrastem-k-jejimu-hlasu\\\/\"},\"wordCount\":649,\"commentCount\":0,\"image\":{\"@id\":\"https:\\\/\\\/www.karaoketexty.cz\\\/magazin\\\/kdo-je-katerina-marie-ticha-jeji-prijmeni-je-kontrastem-k-jejimu-hlasu\\\/#primaryimage\"},\"thumbnailUrl\":\"https:\\\/\\\/www.karaoketexty.cz\\\/magazin\\\/wp-content\\\/uploads\\\/2025\\\/12\\\/katerina-marie-ticha.jpg\",\"keywords\":[\"album\",\"And\u011bl\",\"Bandjeez\",\"\u010desk\u00e1 celebrita\",\"\u010desk\u00e1 hudba\",\"debutov\u00e9 album\",\"EP\",\"hudebn\u00ed autenticita\",\"hudebn\u00ed spolupr\u00e1ce\",\"Instagram\",\"iReport\",\"kapela\",\"koncert\",\"koncerty\",\"nov\u00e9 album\",\"O2\",\"O2 Universum\",\"Wikipedie\",\"Zp\u011bva\u010dka\"],\"articleSection\":[\"Celebrity\"],\"inLanguage\":\"cs\",\"potentialAction\":[{\"@type\":\"CommentAction\",\"name\":\"Comment\",\"target\":[\"https:\\\/\\\/www.karaoketexty.cz\\\/magazin\\\/kdo-je-katerina-marie-ticha-jeji-prijmeni-je-kontrastem-k-jejimu-hlasu\\\/#respond\"]}]},{\"@type\":\"WebPage\",\"@id\":\"https:\\\/\\\/www.karaoketexty.cz\\\/magazin\\\/kdo-je-katerina-marie-ticha-jeji-prijmeni-je-kontrastem-k-jejimu-hlasu\\\/\",\"url\":\"https:\\\/\\\/www.karaoketexty.cz\\\/magazin\\\/kdo-je-katerina-marie-ticha-jeji-prijmeni-je-kontrastem-k-jejimu-hlasu\\\/\",\"name\":\"Kdo je Kate\u0159ina Marie Tich\u00e1\",\"isPartOf\":{\"@id\":\"https:\\\/\\\/www.karaoketexty.cz\\\/magazin\\\/#website\"},\"primaryImageOfPage\":{\"@id\":\"https:\\\/\\\/www.karaoketexty.cz\\\/magazin\\\/kdo-je-katerina-marie-ticha-jeji-prijmeni-je-kontrastem-k-jejimu-hlasu\\\/#primaryimage\"},\"image\":{\"@id\":\"https:\\\/\\\/www.karaoketexty.cz\\\/magazin\\\/kdo-je-katerina-marie-ticha-jeji-prijmeni-je-kontrastem-k-jejimu-hlasu\\\/#primaryimage\"},\"thumbnailUrl\":\"https:\\\/\\\/www.karaoketexty.cz\\\/magazin\\\/wp-content\\\/uploads\\\/2025\\\/12\\\/katerina-marie-ticha.jpg\",\"datePublished\":\"2025-12-08T05:15:00+00:00\",\"author\":{\"@id\":\"https:\\\/\\\/www.karaoketexty.cz\\\/magazin\\\/#\\\/schema\\\/person\\\/37c0164a04038267c8a56ad6d60df749\"},\"description\":\"Kate\u0159ina Marie Tich\u00e1 vystoupala na sv\u016fj piedestal rychle, zato ne\u010dekan\u011b. Tvo\u0159\u00ed s pat\u0159i\u010dnou citlivost\u00ed, ale z\u00e1rove\u0148 i silou.\",\"breadcrumb\":{\"@id\":\"https:\\\/\\\/www.karaoketexty.cz\\\/magazin\\\/kdo-je-katerina-marie-ticha-jeji-prijmeni-je-kontrastem-k-jejimu-hlasu\\\/#breadcrumb\"},\"inLanguage\":\"cs\",\"potentialAction\":[{\"@type\":\"ReadAction\",\"target\":[\"https:\\\/\\\/www.karaoketexty.cz\\\/magazin\\\/kdo-je-katerina-marie-ticha-jeji-prijmeni-je-kontrastem-k-jejimu-hlasu\\\/\"]}]},{\"@type\":\"ImageObject\",\"inLanguage\":\"cs\",\"@id\":\"https:\\\/\\\/www.karaoketexty.cz\\\/magazin\\\/kdo-je-katerina-marie-ticha-jeji-prijmeni-je-kontrastem-k-jejimu-hlasu\\\/#primaryimage\",\"url\":\"https:\\\/\\\/www.karaoketexty.cz\\\/magazin\\\/wp-content\\\/uploads\\\/2025\\\/12\\\/katerina-marie-ticha.jpg\",\"contentUrl\":\"https:\\\/\\\/www.karaoketexty.cz\\\/magazin\\\/wp-content\\\/uploads\\\/2025\\\/12\\\/katerina-marie-ticha.jpg\",\"width\":1200,\"height\":763,\"caption\":\"Foto: NextFoto, Kate\u0159ina Marie Tich\u00e1 na TK ke koncertu V\u00e1noce v O2 aren\u011b\"},{\"@type\":\"BreadcrumbList\",\"@id\":\"https:\\\/\\\/www.karaoketexty.cz\\\/magazin\\\/kdo-je-katerina-marie-ticha-jeji-prijmeni-je-kontrastem-k-jejimu-hlasu\\\/#breadcrumb\",\"itemListElement\":[{\"@type\":\"ListItem\",\"position\":1,\"name\":\"Dom\u016f\",\"item\":\"https:\\\/\\\/www.karaoketexty.cz\\\/magazin\\\/\"},{\"@type\":\"ListItem\",\"position\":2,\"name\":\"Kdo je Kate\u0159ina Marie Tich\u00e1: Jej\u00ed p\u0159\u00edjmen\u00ed je kontrastem k jej\u00edmu hlasu\"}]},{\"@type\":\"WebSite\",\"@id\":\"https:\\\/\\\/www.karaoketexty.cz\\\/magazin\\\/#website\",\"url\":\"https:\\\/\\\/www.karaoketexty.cz\\\/magazin\\\/\",\"name\":\"Stars Magaz\u00edn Karaoketexty.cz\",\"description\":\"Stars Magaz\u00edn na Karaoketexty.cz je zam\u011b\u0159en\u00fd na novinky ze sv\u011bta hudby a celebrit. Obsahuje \u010dl\u00e1nky o zp\u011bv\u00e1c\u00edch, kapel\u00e1ch, nov\u00fdch albech, hudebn\u00edch trendech a dal\u0161\u00edch zaj\u00edmavostech z hudebn\u00edho pr\u016fmyslu.\",\"potentialAction\":[{\"@type\":\"SearchAction\",\"target\":{\"@type\":\"EntryPoint\",\"urlTemplate\":\"https:\\\/\\\/www.karaoketexty.cz\\\/magazin\\\/?s={search_term_string}\"},\"query-input\":{\"@type\":\"PropertyValueSpecification\",\"valueRequired\":true,\"valueName\":\"search_term_string\"}}],\"inLanguage\":\"cs\"},{\"@type\":\"Person\",\"@id\":\"https:\\\/\\\/www.karaoketexty.cz\\\/magazin\\\/#\\\/schema\\\/person\\\/37c0164a04038267c8a56ad6d60df749\",\"name\":\"Barbora Kop\u0159ivov\u00e1\",\"image\":{\"@type\":\"ImageObject\",\"inLanguage\":\"cs\",\"@id\":\"https:\\\/\\\/secure.gravatar.com\\\/avatar\\\/ad2ef9810228386d580851ef4bdde76abaa96054ff5b068c8873bc91afb2df84?s=96&d=mm&r=g\",\"url\":\"https:\\\/\\\/secure.gravatar.com\\\/avatar\\\/ad2ef9810228386d580851ef4bdde76abaa96054ff5b068c8873bc91afb2df84?s=96&d=mm&r=g\",\"contentUrl\":\"https:\\\/\\\/secure.gravatar.com\\\/avatar\\\/ad2ef9810228386d580851ef4bdde76abaa96054ff5b068c8873bc91afb2df84?s=96&d=mm&r=g\",\"caption\":\"Barbora Kop\u0159ivov\u00e1\"},\"url\":\"https:\\\/\\\/www.karaoketexty.cz\\\/magazin\\\/author\\\/barborakoprivova\\\/\"}]}<\/script>\n<!-- \/ Yoast SEO plugin. -->","yoast_head_json":{"title":"Kdo je Kate\u0159ina Marie Tich\u00e1","description":"Kate\u0159ina Marie Tich\u00e1 vystoupala na sv\u016fj piedestal rychle, zato ne\u010dekan\u011b. Tvo\u0159\u00ed s pat\u0159i\u010dnou citlivost\u00ed, ale z\u00e1rove\u0148 i silou.","robots":{"index":"index","follow":"follow","max-snippet":"max-snippet:-1","max-image-preview":"max-image-preview:large","max-video-preview":"max-video-preview:-1"},"canonical":"https:\/\/www.karaoketexty.cz\/magazin\/kdo-je-katerina-marie-ticha-jeji-prijmeni-je-kontrastem-k-jejimu-hlasu\/","og_locale":"cs_CZ","og_type":"article","og_title":"Kdo je Kate\u0159ina Marie Tich\u00e1","og_description":"Kate\u0159ina Marie Tich\u00e1 vystoupala na sv\u016fj piedestal rychle, zato ne\u010dekan\u011b. Tvo\u0159\u00ed s pat\u0159i\u010dnou citlivost\u00ed, ale z\u00e1rove\u0148 i silou.","og_url":"https:\/\/www.karaoketexty.cz\/magazin\/kdo-je-katerina-marie-ticha-jeji-prijmeni-je-kontrastem-k-jejimu-hlasu\/","og_site_name":"Stars Magaz\u00edn Karaoketexty.cz","article_published_time":"2025-12-08T05:15:00+00:00","og_image":[{"width":1200,"height":763,"url":"https:\/\/www.karaoketexty.cz\/magazin\/wp-content\/uploads\/2025\/12\/katerina-marie-ticha.jpg","type":"image\/jpeg"}],"author":"Barbora Kop\u0159ivov\u00e1","twitter_card":"summary_large_image","twitter_misc":{"Napsal(a)":"Barbora Kop\u0159ivov\u00e1","Odhadovan\u00e1 doba \u010dten\u00ed":"3 minuty"},"schema":{"@context":"https:\/\/schema.org","@graph":[{"@type":"Article","@id":"https:\/\/www.karaoketexty.cz\/magazin\/kdo-je-katerina-marie-ticha-jeji-prijmeni-je-kontrastem-k-jejimu-hlasu\/#article","isPartOf":{"@id":"https:\/\/www.karaoketexty.cz\/magazin\/kdo-je-katerina-marie-ticha-jeji-prijmeni-je-kontrastem-k-jejimu-hlasu\/"},"author":{"name":"Barbora Kop\u0159ivov\u00e1","@id":"https:\/\/www.karaoketexty.cz\/magazin\/#\/schema\/person\/37c0164a04038267c8a56ad6d60df749"},"headline":"Kdo je Kate\u0159ina Marie Tich\u00e1: Jej\u00ed p\u0159\u00edjmen\u00ed je kontrastem k jej\u00edmu hlasu","datePublished":"2025-12-08T05:15:00+00:00","mainEntityOfPage":{"@id":"https:\/\/www.karaoketexty.cz\/magazin\/kdo-je-katerina-marie-ticha-jeji-prijmeni-je-kontrastem-k-jejimu-hlasu\/"},"wordCount":649,"commentCount":0,"image":{"@id":"https:\/\/www.karaoketexty.cz\/magazin\/kdo-je-katerina-marie-ticha-jeji-prijmeni-je-kontrastem-k-jejimu-hlasu\/#primaryimage"},"thumbnailUrl":"https:\/\/www.karaoketexty.cz\/magazin\/wp-content\/uploads\/2025\/12\/katerina-marie-ticha.jpg","keywords":["album","And\u011bl","Bandjeez","\u010desk\u00e1 celebrita","\u010desk\u00e1 hudba","debutov\u00e9 album","EP","hudebn\u00ed autenticita","hudebn\u00ed spolupr\u00e1ce","Instagram","iReport","kapela","koncert","koncerty","nov\u00e9 album","O2","O2 Universum","Wikipedie","Zp\u011bva\u010dka"],"articleSection":["Celebrity"],"inLanguage":"cs","potentialAction":[{"@type":"CommentAction","name":"Comment","target":["https:\/\/www.karaoketexty.cz\/magazin\/kdo-je-katerina-marie-ticha-jeji-prijmeni-je-kontrastem-k-jejimu-hlasu\/#respond"]}]},{"@type":"WebPage","@id":"https:\/\/www.karaoketexty.cz\/magazin\/kdo-je-katerina-marie-ticha-jeji-prijmeni-je-kontrastem-k-jejimu-hlasu\/","url":"https:\/\/www.karaoketexty.cz\/magazin\/kdo-je-katerina-marie-ticha-jeji-prijmeni-je-kontrastem-k-jejimu-hlasu\/","name":"Kdo je Kate\u0159ina Marie Tich\u00e1","isPartOf":{"@id":"https:\/\/www.karaoketexty.cz\/magazin\/#website"},"primaryImageOfPage":{"@id":"https:\/\/www.karaoketexty.cz\/magazin\/kdo-je-katerina-marie-ticha-jeji-prijmeni-je-kontrastem-k-jejimu-hlasu\/#primaryimage"},"image":{"@id":"https:\/\/www.karaoketexty.cz\/magazin\/kdo-je-katerina-marie-ticha-jeji-prijmeni-je-kontrastem-k-jejimu-hlasu\/#primaryimage"},"thumbnailUrl":"https:\/\/www.karaoketexty.cz\/magazin\/wp-content\/uploads\/2025\/12\/katerina-marie-ticha.jpg","datePublished":"2025-12-08T05:15:00+00:00","author":{"@id":"https:\/\/www.karaoketexty.cz\/magazin\/#\/schema\/person\/37c0164a04038267c8a56ad6d60df749"},"description":"Kate\u0159ina Marie Tich\u00e1 vystoupala na sv\u016fj piedestal rychle, zato ne\u010dekan\u011b. Tvo\u0159\u00ed s pat\u0159i\u010dnou citlivost\u00ed, ale z\u00e1rove\u0148 i silou.","breadcrumb":{"@id":"https:\/\/www.karaoketexty.cz\/magazin\/kdo-je-katerina-marie-ticha-jeji-prijmeni-je-kontrastem-k-jejimu-hlasu\/#breadcrumb"},"inLanguage":"cs","potentialAction":[{"@type":"ReadAction","target":["https:\/\/www.karaoketexty.cz\/magazin\/kdo-je-katerina-marie-ticha-jeji-prijmeni-je-kontrastem-k-jejimu-hlasu\/"]}]},{"@type":"ImageObject","inLanguage":"cs","@id":"https:\/\/www.karaoketexty.cz\/magazin\/kdo-je-katerina-marie-ticha-jeji-prijmeni-je-kontrastem-k-jejimu-hlasu\/#primaryimage","url":"https:\/\/www.karaoketexty.cz\/magazin\/wp-content\/uploads\/2025\/12\/katerina-marie-ticha.jpg","contentUrl":"https:\/\/www.karaoketexty.cz\/magazin\/wp-content\/uploads\/2025\/12\/katerina-marie-ticha.jpg","width":1200,"height":763,"caption":"Foto: NextFoto, Kate\u0159ina Marie Tich\u00e1 na TK ke koncertu V\u00e1noce v O2 aren\u011b"},{"@type":"BreadcrumbList","@id":"https:\/\/www.karaoketexty.cz\/magazin\/kdo-je-katerina-marie-ticha-jeji-prijmeni-je-kontrastem-k-jejimu-hlasu\/#breadcrumb","itemListElement":[{"@type":"ListItem","position":1,"name":"Dom\u016f","item":"https:\/\/www.karaoketexty.cz\/magazin\/"},{"@type":"ListItem","position":2,"name":"Kdo je Kate\u0159ina Marie Tich\u00e1: Jej\u00ed p\u0159\u00edjmen\u00ed je kontrastem k jej\u00edmu hlasu"}]},{"@type":"WebSite","@id":"https:\/\/www.karaoketexty.cz\/magazin\/#website","url":"https:\/\/www.karaoketexty.cz\/magazin\/","name":"Stars Magaz\u00edn Karaoketexty.cz","description":"Stars Magaz\u00edn na Karaoketexty.cz je zam\u011b\u0159en\u00fd na novinky ze sv\u011bta hudby a celebrit. Obsahuje \u010dl\u00e1nky o zp\u011bv\u00e1c\u00edch, kapel\u00e1ch, nov\u00fdch albech, hudebn\u00edch trendech a dal\u0161\u00edch zaj\u00edmavostech z hudebn\u00edho pr\u016fmyslu.","potentialAction":[{"@type":"SearchAction","target":{"@type":"EntryPoint","urlTemplate":"https:\/\/www.karaoketexty.cz\/magazin\/?s={search_term_string}"},"query-input":{"@type":"PropertyValueSpecification","valueRequired":true,"valueName":"search_term_string"}}],"inLanguage":"cs"},{"@type":"Person","@id":"https:\/\/www.karaoketexty.cz\/magazin\/#\/schema\/person\/37c0164a04038267c8a56ad6d60df749","name":"Barbora Kop\u0159ivov\u00e1","image":{"@type":"ImageObject","inLanguage":"cs","@id":"https:\/\/secure.gravatar.com\/avatar\/ad2ef9810228386d580851ef4bdde76abaa96054ff5b068c8873bc91afb2df84?s=96&d=mm&r=g","url":"https:\/\/secure.gravatar.com\/avatar\/ad2ef9810228386d580851ef4bdde76abaa96054ff5b068c8873bc91afb2df84?s=96&d=mm&r=g","contentUrl":"https:\/\/secure.gravatar.com\/avatar\/ad2ef9810228386d580851ef4bdde76abaa96054ff5b068c8873bc91afb2df84?s=96&d=mm&r=g","caption":"Barbora Kop\u0159ivov\u00e1"},"url":"https:\/\/www.karaoketexty.cz\/magazin\/author\/barborakoprivova\/"}]}},"_links":{"self":[{"href":"https:\/\/www.karaoketexty.cz\/magazin\/wp-json\/wp\/v2\/posts\/5218","targetHints":{"allow":["GET"]}}],"collection":[{"href":"https:\/\/www.karaoketexty.cz\/magazin\/wp-json\/wp\/v2\/posts"}],"about":[{"href":"https:\/\/www.karaoketexty.cz\/magazin\/wp-json\/wp\/v2\/types\/post"}],"author":[{"embeddable":true,"href":"https:\/\/www.karaoketexty.cz\/magazin\/wp-json\/wp\/v2\/users\/4"}],"replies":[{"embeddable":true,"href":"https:\/\/www.karaoketexty.cz\/magazin\/wp-json\/wp\/v2\/comments?post=5218"}],"version-history":[{"count":3,"href":"https:\/\/www.karaoketexty.cz\/magazin\/wp-json\/wp\/v2\/posts\/5218\/revisions"}],"predecessor-version":[{"id":5297,"href":"https:\/\/www.karaoketexty.cz\/magazin\/wp-json\/wp\/v2\/posts\/5218\/revisions\/5297"}],"wp:featuredmedia":[{"embeddable":true,"href":"https:\/\/www.karaoketexty.cz\/magazin\/wp-json\/wp\/v2\/media\/5221"}],"wp:attachment":[{"href":"https:\/\/www.karaoketexty.cz\/magazin\/wp-json\/wp\/v2\/media?parent=5218"}],"wp:term":[{"taxonomy":"category","embeddable":true,"href":"https:\/\/www.karaoketexty.cz\/magazin\/wp-json\/wp\/v2\/categories?post=5218"},{"taxonomy":"post_tag","embeddable":true,"href":"https:\/\/www.karaoketexty.cz\/magazin\/wp-json\/wp\/v2\/tags?post=5218"}],"curies":[{"name":"wp","href":"https:\/\/api.w.org\/{rel}","templated":true}]}}