{"id":5199,"date":"2025-12-09T07:44:00","date_gmt":"2025-12-09T06:44:00","guid":{"rendered":"https:\/\/www.karaoketexty.cz\/magazin\/?p=5199"},"modified":"2025-12-08T22:55:56","modified_gmt":"2025-12-08T21:55:56","slug":"martina-partlova-v-prazske-o2-arene","status":"publish","type":"post","link":"https:\/\/www.karaoketexty.cz\/magazin\/martina-partlova-v-prazske-o2-arene\/","title":{"rendered":"Martina P\u00e1rtlov\u00e1 bude zp\u00edvat v\u00a0pra\u017esk\u00e9 O2 ar\u00e9n\u011b: Chyst\u00e1 velkolepou show na rok 2026"},"content":{"rendered":"\n<p><strong>Na sv\u00fdch soci\u00e1ln\u00edch s\u00edt\u00edch p\u0159ed ned\u00e1vnem zp\u011bva\u010dka Martina P\u00e1rtlov\u00e1 ozn\u00e1mila, \u017ee bude p\u0159\u00ed\u0161t\u00ed rok zp\u00edvat v&nbsp;pra\u017esk\u00e9 O2 ar\u00e9n\u011b.<\/strong><\/p>\n\n\n\n<p>N\u011bkolikr\u00e1t vyprodala F\u00f3rum Karl\u00edn, \u00fasp\u011b\u0161n\u00e9 bylo i jej\u00ed turn\u00e9 po republice. A tak se Martina P\u00e1rtlov\u00e1 rozhodla, \u017ee je \u010das na n\u011bco v\u011bt\u0161\u00edho. Mnohem v\u011bt\u0161\u00edho. V&nbsp;listopadu 2026 se tak uk\u00e1\u017ee na p\u00f3diu v&nbsp;pra\u017esk\u00e9 O2 ar\u00e9n\u011b, jak jsme si na Karaoketexty v\u0161imli.<\/p>\n\n\n<!-- karaoketexty.cz \/ rectangle2 -->\n<div id=\"PX_37086_709110796310826\"><\/div>\n<script>\n   if(!useMobileAds && !boolUseSeznamAds && !hideAllAds){\n     window.px2 = window.px2 || { conf: {},queue: [] };\n     px2.queue.push(function () {\n        px2.render({\n           slot: {\n              id: 37086\n           },\n            elem: \"PX_37086_709110796310826\"\n        })\n     });\n  }\n<\/script>\n\n<!-- karaoketexty.cz \/ mobile-rectangle3 -->\n<div id=\"PX_37044_714599773297004\"><\/div>\n<script>\n   if(useMobileAds && !boolUseSeznamAds && !hideAllAds){\nwindow.px2 = window.px2 || { conf: {},queue: [] };\npx2.queue.push(function () {\n\tpx2.render({\n\t\tslot: {\n\t\t\tid: 37044\n\t\t},\n\t\telem: \"PX_37044_714599773297004\"\n\t})\n});\n}\n<\/script>\n\n\n<h2 class=\"wp-block-heading\">A stoup\u00e1 st\u00e1le v\u00fd\u0161<\/h2>\n\n\n\n<p>Srandistka, kter\u00e1 si spole\u010dn\u011b s&nbsp;kamar\u00e1dkami Nikol Leitgeb a Veronikou Arichtevou um\u00ed ud\u011blat legraci i sama ze sebe, je ta tam. Na jej\u00edm m\u00edst\u011b je nyn\u00ed Martina P\u00e1rtlov\u00e1 \u2013 hv\u011bzda nejv\u011bt\u0161\u00ed velikosti, kter\u00e1 m\u00ed\u0159\u00ed na p\u00f3dium v&nbsp;pra\u017esk\u00e9 O2 ar\u00e9n\u011b.<strong> <\/strong>A jak avizuje na sv\u00fdch str\u00e1nk\u00e1ch, bude to velk\u00e9.<\/p>\n\n\n\n<p>\u201e<em>Dejte si do kalend\u00e1\u0159e 20.11. 2026 a sh\u00e1n\u011bjte ch\u016fvy, berte dovolen\u00fd, zamlouvejte hotely, odlo\u017ete po\u010det\u00ed a jestli nem\u00e1te odvoz, kupte to aj star\u00e9mu, nech mu padaj vo\u010di z d\u016flku, bo tolik hezkejch bab pohromad\u011b je\u0161t\u011b nevid\u011bl,<\/em>\u201c l\u00e1k\u00e1 s humorem na sv\u00fdch soci\u00e1ln\u00edch s\u00edt\u00edch. V&nbsp;posledn\u00edch letech na to tr\u00e9novala ve F\u00f3ru Karl\u00edn, kter\u00e9 n\u011bkolikr\u00e1t vyprodala, ale tak\u00e9 na sv\u00fdch koncertech, se kter\u00fdmi objela celou republiku od Znojma p\u0159es Plze\u0148 a\u017e do T\u00e1bora.<\/p>\n\n\n<!-- karaoketexty.cz \/ interscroller1 -->\n\n<div id=\"PX_37041_825057871452834\"><\/div>\n<script>\nif(useMobileAds && !boolUseSeznamAds && !hideAllAds){\n\twindow.px2 = window.px2 || { conf: {},queue: [] };\n\tpx2.queue.push(function () {\n\t\tpx2.render({\n\t\t\tslot: {\n\t\t\t\tid: 37041\n\t\t\t},\n\t\t\telem: \"PX_37041_825057871452834\"\n\t\t})\n\t});\n}\n<\/script>\n\n\n<p>Svou hudebn\u00ed kari\u00e9ru se Martina P\u00e1rtlov\u00e1 sna\u017eila na\u0161l\u00e1pnout u\u017e v&nbsp;roce 2008, kdy se z\u00fa\u010dastnila sout\u011b\u017ee X Factor. Pr\u00e1v\u011b tady se j\u00ed poda\u0159ilo upoutat pozornost t\u011bch spr\u00e1vn\u00fdch lid\u00ed. N\u00e1sledn\u011b p\u0159i\u0161ly role v&nbsp;muzik\u00e1lech, ale tak\u00e9 nab\u00eddky spolupr\u00e1ce na p\u00edsn\u00edch. S&nbsp;dob\u0159e rozjetou kari\u00e9rou a sv\u00fdmi kamar\u00e1dkami po boku u\u017e P\u00e1rtlov\u00e1 pomalu ani ne\u010dekala, \u017ee se j\u00ed zada\u0159\u00ed i v&nbsp;milostn\u00e9m \u017eivot\u011b. A to p\u0159esto, \u017ee v\u017edycky uv\u00e1d\u011bla, \u017ee chce d\u011bti.<\/p>\n\n\n\n<h2 class=\"wp-block-heading\">Jedno d\u00edt\u011b sta\u010d\u00ed<\/h2>\n\n\n\n<p>Ten prav\u00fd podle P\u00e1rtlov\u00e9 p\u0159i\u0161el za p\u011bt minut dvan\u00e1ct. A byl j\u00edm o n\u011bco mlad\u0161\u00ed Josef Va\u0159eka. Sama P\u00e1rtlov\u00e1 p\u0159iznala, \u017ee mlad\u0161\u00ed mu\u017ei jsou pro ni hnac\u00ed motor, neb\u00e1la se tak, \u017ee by jim to nevydr\u017eelo, jak jim mnoz\u00ed prorokovali. A nakonec si spolu po\u0159\u00eddili i dceru Stellinku, kterou na sv\u011bt P\u00e1rtlov\u00e1 p\u0159ivedla dva roky po sv\u00fdch \u010dty\u0159ic\u00e1t\u00fdch narozenin\u00e1ch v&nbsp;\u010dervnu 2021, jak psal tehdy port\u00e1l IDnes. Ve stejn\u00fd den p\u0159itom rodila i jej\u00ed kamar\u00e1dka Nikol Leitgeb.<\/p>\n\n\n\n<blockquote class=\"instagram-media\" data-instgrm-captioned data-instgrm-permalink=\"https:\/\/www.instagram.com\/p\/DRP6ywmjMrH\/?utm_source=ig_embed&amp;utm_campaign=loading\" data-instgrm-version=\"14\" style=\" background:#FFF; border:0; border-radius:3px; box-shadow:0 0 1px 0 rgba(0,0,0,0.5),0 1px 10px 0 rgba(0,0,0,0.15); margin: 1px; max-width:540px; min-width:326px; padding:0; width:99.375%; width:-webkit-calc(100% - 2px); width:calc(100% - 2px);\"><div style=\"padding:16px;\"> <a href=\"https:\/\/www.instagram.com\/p\/DRP6ywmjMrH\/?utm_source=ig_embed&amp;utm_campaign=loading\" style=\" background:#FFFFFF; line-height:0; padding:0 0; text-align:center; text-decoration:none; width:100%;\" target=\"_blank\"> <div style=\" display: flex; flex-direction: row; align-items: center;\"> <div style=\"background-color: #F4F4F4; border-radius: 50%; flex-grow: 0; height: 40px; margin-right: 14px; width: 40px;\"><\/div> <div style=\"display: flex; flex-direction: column; flex-grow: 1; justify-content: center;\"> <div style=\" background-color: #F4F4F4; border-radius: 4px; flex-grow: 0; height: 14px; margin-bottom: 6px; width: 100px;\"><\/div> <div style=\" background-color: #F4F4F4; border-radius: 4px; flex-grow: 0; height: 14px; width: 60px;\"><\/div><\/div><\/div><div style=\"padding: 19% 0;\"><\/div> <div style=\"display:block; height:50px; margin:0 auto 12px; width:50px;\"><svg width=\"50px\" height=\"50px\" viewBox=\"0 0 60 60\" version=\"1.1\" xmlns=\"https:\/\/www.w3.org\/2000\/svg\" xmlns:xlink=\"https:\/\/www.w3.org\/1999\/xlink\"><g stroke=\"none\" stroke-width=\"1\" fill=\"none\" fill-rule=\"evenodd\"><g transform=\"translate(-511.000000, -20.000000)\" fill=\"#000000\"><g><path d=\"M556.869,30.41 C554.814,30.41 553.148,32.076 553.148,34.131 C553.148,36.186 554.814,37.852 556.869,37.852 C558.924,37.852 560.59,36.186 560.59,34.131 C560.59,32.076 558.924,30.41 556.869,30.41 M541,60.657 C535.114,60.657 530.342,55.887 530.342,50 C530.342,44.114 535.114,39.342 541,39.342 C546.887,39.342 551.658,44.114 551.658,50 C551.658,55.887 546.887,60.657 541,60.657 M541,33.886 C532.1,33.886 524.886,41.1 524.886,50 C524.886,58.899 532.1,66.113 541,66.113 C549.9,66.113 557.115,58.899 557.115,50 C557.115,41.1 549.9,33.886 541,33.886 M565.378,62.101 C565.244,65.022 564.756,66.606 564.346,67.663 C563.803,69.06 563.154,70.057 562.106,71.106 C561.058,72.155 560.06,72.803 558.662,73.347 C557.607,73.757 556.021,74.244 553.102,74.378 C549.944,74.521 548.997,74.552 541,74.552 C533.003,74.552 532.056,74.521 528.898,74.378 C525.979,74.244 524.393,73.757 523.338,73.347 C521.94,72.803 520.942,72.155 519.894,71.106 C518.846,70.057 518.197,69.06 517.654,67.663 C517.244,66.606 516.755,65.022 516.623,62.101 C516.479,58.943 516.448,57.996 516.448,50 C516.448,42.003 516.479,41.056 516.623,37.899 C516.755,34.978 517.244,33.391 517.654,32.338 C518.197,30.938 518.846,29.942 519.894,28.894 C520.942,27.846 521.94,27.196 523.338,26.654 C524.393,26.244 525.979,25.756 528.898,25.623 C532.057,25.479 533.004,25.448 541,25.448 C548.997,25.448 549.943,25.479 553.102,25.623 C556.021,25.756 557.607,26.244 558.662,26.654 C560.06,27.196 561.058,27.846 562.106,28.894 C563.154,29.942 563.803,30.938 564.346,32.338 C564.756,33.391 565.244,34.978 565.378,37.899 C565.522,41.056 565.552,42.003 565.552,50 C565.552,57.996 565.522,58.943 565.378,62.101 M570.82,37.631 C570.674,34.438 570.167,32.258 569.425,30.349 C568.659,28.377 567.633,26.702 565.965,25.035 C564.297,23.368 562.623,22.342 560.652,21.575 C558.743,20.834 556.562,20.326 553.369,20.18 C550.169,20.033 549.148,20 541,20 C532.853,20 531.831,20.033 528.631,20.18 C525.438,20.326 523.257,20.834 521.349,21.575 C519.376,22.342 517.703,23.368 516.035,25.035 C514.368,26.702 513.342,28.377 512.574,30.349 C511.834,32.258 511.326,34.438 511.181,37.631 C511.035,40.831 511,41.851 511,50 C511,58.147 511.035,59.17 511.181,62.369 C511.326,65.562 511.834,67.743 512.574,69.651 C513.342,71.625 514.368,73.296 516.035,74.965 C517.703,76.634 519.376,77.658 521.349,78.425 C523.257,79.167 525.438,79.673 528.631,79.82 C531.831,79.965 532.853,80.001 541,80.001 C549.148,80.001 550.169,79.965 553.369,79.82 C556.562,79.673 558.743,79.167 560.652,78.425 C562.623,77.658 564.297,76.634 565.965,74.965 C567.633,73.296 568.659,71.625 569.425,69.651 C570.167,67.743 570.674,65.562 570.82,62.369 C570.966,59.17 571,58.147 571,50 C571,41.851 570.966,40.831 570.82,37.631\"><\/path><\/g><\/g><\/g><\/svg><\/div><div style=\"padding-top: 8px;\"> <div style=\" color:#3897f0; font-family:Arial,sans-serif; font-size:14px; font-style:normal; font-weight:550; line-height:18px;\">Zobrazit p\u0159\u00edsp\u011bvek na Instagramu<\/div><\/div><div style=\"padding: 12.5% 0;\"><\/div> <div style=\"display: flex; flex-direction: row; margin-bottom: 14px; align-items: center;\"><div> <div style=\"background-color: #F4F4F4; border-radius: 50%; height: 12.5px; width: 12.5px; transform: translateX(0px) translateY(7px);\"><\/div> <div style=\"background-color: #F4F4F4; height: 12.5px; transform: rotate(-45deg) translateX(3px) translateY(1px); width: 12.5px; flex-grow: 0; margin-right: 14px; margin-left: 2px;\"><\/div> <div style=\"background-color: #F4F4F4; border-radius: 50%; height: 12.5px; width: 12.5px; transform: translateX(9px) translateY(-18px);\"><\/div><\/div><div style=\"margin-left: 8px;\"> <div style=\" background-color: #F4F4F4; border-radius: 50%; flex-grow: 0; height: 20px; width: 20px;\"><\/div> <div style=\" width: 0; height: 0; border-top: 2px solid transparent; border-left: 6px solid #f4f4f4; border-bottom: 2px solid transparent; transform: translateX(16px) translateY(-4px) rotate(30deg)\"><\/div><\/div><div style=\"margin-left: auto;\"> <div style=\" width: 0px; border-top: 8px solid #F4F4F4; border-right: 8px solid transparent; transform: translateY(16px);\"><\/div> <div style=\" background-color: #F4F4F4; flex-grow: 0; height: 12px; width: 16px; transform: translateY(-4px);\"><\/div> <div style=\" width: 0; height: 0; border-top: 8px solid #F4F4F4; border-left: 8px solid transparent; transform: translateY(-4px) translateX(8px);\"><\/div><\/div><\/div> <div style=\"display: flex; flex-direction: column; flex-grow: 1; justify-content: center; margin-bottom: 24px;\"> <div style=\" background-color: #F4F4F4; border-radius: 4px; flex-grow: 0; height: 14px; margin-bottom: 6px; width: 224px;\"><\/div> <div style=\" background-color: #F4F4F4; border-radius: 4px; flex-grow: 0; height: 14px; width: 144px;\"><\/div><\/div><\/a><p style=\" color:#c9c8cd; font-family:Arial,sans-serif; font-size:14px; line-height:17px; margin-bottom:0; margin-top:8px; overflow:hidden; padding:8px 0 7px; text-align:center; text-overflow:ellipsis; white-space:nowrap;\"><a href=\"https:\/\/www.instagram.com\/p\/DRP6ywmjMrH\/?utm_source=ig_embed&amp;utm_campaign=loading\" style=\" color:#c9c8cd; font-family:Arial,sans-serif; font-size:14px; font-style:normal; font-weight:normal; line-height:17px; text-decoration:none;\" target=\"_blank\">P\u0159\u00edsp\u011bvek sd\u00edlen\u00fd Martina Pa\u0301rtlova\u0301 (@martinapartlova)<\/a><\/p><\/div><\/blockquote>\n<script async src=\"\/\/www.instagram.com\/embed.js\"><\/script>\n\n\n\n<p>Dlouhou dobu bylo ve h\u0159e i to, \u017ee by Stella mohla dostat sourozence, jak uvedla P\u00e1rtlov\u00e1 pro TN, tato mo\u017enost u\u017e ale nen\u00ed na stole. Pravd\u011bpodobn\u011b tak z\u016fstane jedin\u00e1\u010dkem. A jej\u00ed maminka se tak bude moci soust\u0159edit na svou slibnou hudebn\u00ed kari\u00e9ru, kter\u00e1 se ji\u017e brzy do\u010dk\u00e1 nov\u00e9ho vrcholu.<\/p>\n\n\n\n<p>Zdroje: Autorsk\u00fd text, <a href=\"https:\/\/tn.nova.cz\/zpravodajstvi\/clanek\/631992-martina-partlova-nahle-zmenila-nazor-jedno-dite-nam-staci\" target=\"_blank\" rel=\"noreferrer noopener nofollow\">TN<\/a>, <a href=\"https:\/\/www.instagram.com\/martinapartlova\/?hl=cs\" target=\"_blank\" rel=\"noreferrer noopener nofollow\">InstagramMartinaP\u00e1rtlov\u00e1<\/a>, <a href=\"https:\/\/cs.wikipedia.org\/wiki\/Martina_P%C3%A1rtlov%C3%A1\" target=\"_blank\" rel=\"noreferrer noopener nofollow\">Wikipedie<\/a>, <a href=\"https:\/\/www.idnes.cz\/zpravy\/revue\/spolecnost\/nikol-leitgeb-porod-martina-partlova-veronika-arichteva.A210614_113915_lidicky_zar\" target=\"_blank\" rel=\"noreferrer noopener nofollow\">IDnes<\/a><\/p>\n\n\n            <a href=\"https:\/\/www.karaoketexty.cz\/magazin\/cechomor-vraci-vanocni-kouzlo-po-patnacti-letech-vyrazi-na-turne-s-lenkou-dusilovou\/\" class=\"related-post-link\">\n                <div class=\"post-thumbnail\">\n                    <img decoding=\"async\" width=\"250\" height=\"141\" src=\"https:\/\/www.karaoketexty.cz\/magazin\/wp-content\/uploads\/2025\/09\/cechomor.jpg\" class=\"attachment-250x180 size-250x180 not-transparent\" alt=\"\u010cechomor\" srcset=\"https:\/\/www.karaoketexty.cz\/magazin\/wp-content\/uploads\/2025\/09\/cechomor.jpg 1200w, https:\/\/www.karaoketexty.cz\/magazin\/wp-content\/uploads\/2025\/09\/cechomor-300x169.jpg 300w, https:\/\/www.karaoketexty.cz\/magazin\/wp-content\/uploads\/2025\/09\/cechomor-1024x576.jpg 1024w, https:\/\/www.karaoketexty.cz\/magazin\/wp-content\/uploads\/2025\/09\/cechomor-768x432.jpg 768w, https:\/\/www.karaoketexty.cz\/magazin\/wp-content\/uploads\/2025\/09\/cechomor-800x450.jpg 800w\" sizes=\"(max-width: 250px) 100vw, 250px\" data-has-transparency=\"false\" data-dominant-color=\"69644d\" style=\"--dominant-color: #69644d;\" \/>                <\/div>\n                <div class=\"post-details\">\n                    <span class=\"also-read\">\u010ct\u011bte tak\u00e9:<\/span>\n                    <h3 class=\"hed\">\u010cechomor vrac\u00ed v\u00e1no\u010dn\u00ed kouzlo. Po patn\u00e1cti letech vyraz\u00ed na turn\u00e9 s Lenkou Dusilovou<\/h3>\n                <\/div>\n            <\/a>\n            \n\n            <a href=\"https:\/\/www.karaoketexty.cz\/magazin\/olga-lounova-ceka-druhou-holcicku-zpevacka-zari-stestim-a-planuje-pro-dceru-neobycejne-jmeno\/\" class=\"related-post-link\">\n                <div class=\"post-thumbnail\">\n                    <img decoding=\"async\" width=\"250\" height=\"141\" src=\"https:\/\/www.karaoketexty.cz\/magazin\/wp-content\/uploads\/2025\/10\/Olga-Lounova-1.jpg\" class=\"attachment-250x180 size-250x180 not-transparent\" alt=\"Fotografie Olgy Lounov\u00e9\" srcset=\"https:\/\/www.karaoketexty.cz\/magazin\/wp-content\/uploads\/2025\/10\/Olga-Lounova-1.jpg 1200w, https:\/\/www.karaoketexty.cz\/magazin\/wp-content\/uploads\/2025\/10\/Olga-Lounova-1-300x169.jpg 300w, https:\/\/www.karaoketexty.cz\/magazin\/wp-content\/uploads\/2025\/10\/Olga-Lounova-1-1024x576.jpg 1024w, https:\/\/www.karaoketexty.cz\/magazin\/wp-content\/uploads\/2025\/10\/Olga-Lounova-1-768x432.jpg 768w, https:\/\/www.karaoketexty.cz\/magazin\/wp-content\/uploads\/2025\/10\/Olga-Lounova-1-800x450.jpg 800w\" sizes=\"(max-width: 250px) 100vw, 250px\" data-has-transparency=\"false\" data-dominant-color=\"493727\" style=\"--dominant-color: #493727;\" \/>                <\/div>\n                <div class=\"post-details\">\n                    <span class=\"also-read\">\u010ct\u011bte tak\u00e9:<\/span>\n                    <h3 class=\"hed\">Olga Lounov\u00e1 \u010dek\u00e1 druhou hol\u010di\u010dku: Zp\u011bva\u010dka z\u00e1\u0159\u00ed \u0161t\u011bst\u00edm a pl\u00e1nuje pro dceru neoby\u010dejn\u00e9 jm\u00e9no<\/h3>\n                <\/div>\n            <\/a>\n            ","protected":false},"excerpt":{"rendered":"<p>Na sv\u00fdch soci\u00e1ln\u00edch s\u00edt\u00edch p\u0159ed ned\u00e1vnem zp\u011bva\u010dka Martina P\u00e1rtlov\u00e1 ozn\u00e1mila, \u017ee bude p\u0159\u00ed\u0161t\u00ed rok zp\u00edvat v\u00a0pra\u017esk\u00e9 O2 ar\u00e9n\u011b.<\/p>\n","protected":false},"author":5,"featured_media":5200,"comment_status":"open","ping_status":"closed","sticky":false,"template":"","format":"standard","meta":{"_yoast_wpseo_title":"Martina P\u00e1rtlov\u00e1 zve na nejv\u011bt\u0161\u00ed d\u00e1mskou j\u00edzdu","_yoast_wpseo_metadesc":"U\u017e v listopadu p\u0159\u00ed\u0161t\u00edho roku zav\u00edt\u00e1 na p\u00f3dium pra\u017esk\u00e9 O2 Ar\u00e9ny Martina P\u00e1rtlov\u00e1. Na velkou j\u00edzdu zve p\u0159edev\u0161\u00edm \u017eeny.","footnotes":""},"categories":[1059],"tags":[562,571,101,698,3056,693,1598,500,5071,136,490,5069,581,5073,266,563,553,89,5070,5072,226,5074,636,3116,51],"class_list":["post-5199","post","type-post","status-publish","format-standard","has-post-thumbnail","hentry","category-celebrity","tag-ceska-celebrita","tag-ceska-hudba","tag-deti","tag-fanousci","tag-forum-karlin-2","tag-humor","tag-idnes","tag-instagram","tag-josef-vareka","tag-koncert","tag-koncerty","tag-martina-partlova","tag-muzikaly","tag-nikol-leitgeb","tag-o2","tag-o2-arena","tag-partnerstvi","tag-pevecka-soutez","tag-stella","tag-tn","tag-turne","tag-veronika-arichteva","tag-wikipedie","tag-x-factor","tag-zpevacka"],"yoast_head":"<!-- This site is optimized with the Yoast SEO plugin v27.4 - https:\/\/yoast.com\/product\/yoast-seo-wordpress\/ -->\n<title>Martina P\u00e1rtlov\u00e1 zve na nejv\u011bt\u0161\u00ed d\u00e1mskou j\u00edzdu<\/title>\n<meta name=\"description\" content=\"U\u017e v listopadu p\u0159\u00ed\u0161t\u00edho roku zav\u00edt\u00e1 na p\u00f3dium pra\u017esk\u00e9 O2 Ar\u00e9ny Martina P\u00e1rtlov\u00e1. Na velkou j\u00edzdu zve p\u0159edev\u0161\u00edm \u017eeny.\" \/>\n<meta name=\"robots\" content=\"index, follow, max-snippet:-1, max-image-preview:large, max-video-preview:-1\" \/>\n<link rel=\"canonical\" href=\"https:\/\/www.karaoketexty.cz\/magazin\/martina-partlova-v-prazske-o2-arene\/\" \/>\n<meta property=\"og:locale\" content=\"cs_CZ\" \/>\n<meta property=\"og:type\" content=\"article\" \/>\n<meta property=\"og:title\" content=\"Martina P\u00e1rtlov\u00e1 zve na nejv\u011bt\u0161\u00ed d\u00e1mskou j\u00edzdu\" \/>\n<meta property=\"og:description\" content=\"U\u017e v listopadu p\u0159\u00ed\u0161t\u00edho roku zav\u00edt\u00e1 na p\u00f3dium pra\u017esk\u00e9 O2 Ar\u00e9ny Martina P\u00e1rtlov\u00e1. Na velkou j\u00edzdu zve p\u0159edev\u0161\u00edm \u017eeny.\" \/>\n<meta property=\"og:url\" content=\"https:\/\/www.karaoketexty.cz\/magazin\/martina-partlova-v-prazske-o2-arene\/\" \/>\n<meta property=\"og:site_name\" content=\"Stars Magaz\u00edn Karaoketexty.cz\" \/>\n<meta property=\"article:published_time\" content=\"2025-12-09T06:44:00+00:00\" \/>\n<meta property=\"og:image\" content=\"https:\/\/www.karaoketexty.cz\/magazin\/wp-content\/uploads\/2025\/12\/martina-partlova.jpg\" \/>\n\t<meta property=\"og:image:width\" content=\"1200\" \/>\n\t<meta property=\"og:image:height\" content=\"725\" \/>\n\t<meta property=\"og:image:type\" content=\"image\/jpeg\" \/>\n<meta name=\"author\" content=\"Veronika \u0160imkov\u00e1\" \/>\n<meta name=\"twitter:card\" content=\"summary_large_image\" \/>\n<meta name=\"twitter:label1\" content=\"Napsal(a)\" \/>\n\t<meta name=\"twitter:data1\" content=\"Veronika \u0160imkov\u00e1\" \/>\n\t<meta name=\"twitter:label2\" content=\"Odhadovan\u00e1 doba \u010dten\u00ed\" \/>\n\t<meta name=\"twitter:data2\" content=\"3 minuty\" \/>\n<script type=\"application\/ld+json\" class=\"yoast-schema-graph\">{\"@context\":\"https:\\\/\\\/schema.org\",\"@graph\":[{\"@type\":\"Article\",\"@id\":\"https:\\\/\\\/www.karaoketexty.cz\\\/magazin\\\/martina-partlova-v-prazske-o2-arene\\\/#article\",\"isPartOf\":{\"@id\":\"https:\\\/\\\/www.karaoketexty.cz\\\/magazin\\\/martina-partlova-v-prazske-o2-arene\\\/\"},\"author\":{\"name\":\"Veronika \u0160imkov\u00e1\",\"@id\":\"https:\\\/\\\/www.karaoketexty.cz\\\/magazin\\\/#\\\/schema\\\/person\\\/03220d610ed4cba378a72bac3443f821\"},\"headline\":\"Martina P\u00e1rtlov\u00e1 bude zp\u00edvat v\u00a0pra\u017esk\u00e9 O2 ar\u00e9n\u011b: Chyst\u00e1 velkolepou show na rok 2026\",\"datePublished\":\"2025-12-09T06:44:00+00:00\",\"mainEntityOfPage\":{\"@id\":\"https:\\\/\\\/www.karaoketexty.cz\\\/magazin\\\/martina-partlova-v-prazske-o2-arene\\\/\"},\"wordCount\":573,\"commentCount\":0,\"image\":{\"@id\":\"https:\\\/\\\/www.karaoketexty.cz\\\/magazin\\\/martina-partlova-v-prazske-o2-arene\\\/#primaryimage\"},\"thumbnailUrl\":\"https:\\\/\\\/www.karaoketexty.cz\\\/magazin\\\/wp-content\\\/uploads\\\/2025\\\/12\\\/martina-partlova.jpg\",\"keywords\":[\"\u010desk\u00e1 celebrita\",\"\u010desk\u00e1 hudba\",\"D\u011bti\",\"fanou\u0161ci\",\"F\u00f3rum Karl\u00edn\",\"humor\",\"iDnes\",\"Instagram\",\"Josef Va\u0159eka\",\"koncert\",\"koncerty\",\"Martina P\u00e1rtlov\u00e1\",\"muzik\u00e1ly\",\"Nikol Leitgeb\",\"O2\",\"O2 arena\",\"partnerstv\u00ed\",\"p\u011bveck\u00e1 sout\u011b\u017e\",\"Stella\",\"TN\",\"Turn\u00e9\",\"Veronika Arichteva\",\"Wikipedie\",\"X Factor\",\"Zp\u011bva\u010dka\"],\"articleSection\":[\"Celebrity\"],\"inLanguage\":\"cs\",\"potentialAction\":[{\"@type\":\"CommentAction\",\"name\":\"Comment\",\"target\":[\"https:\\\/\\\/www.karaoketexty.cz\\\/magazin\\\/martina-partlova-v-prazske-o2-arene\\\/#respond\"]}]},{\"@type\":\"WebPage\",\"@id\":\"https:\\\/\\\/www.karaoketexty.cz\\\/magazin\\\/martina-partlova-v-prazske-o2-arene\\\/\",\"url\":\"https:\\\/\\\/www.karaoketexty.cz\\\/magazin\\\/martina-partlova-v-prazske-o2-arene\\\/\",\"name\":\"Martina P\u00e1rtlov\u00e1 zve na nejv\u011bt\u0161\u00ed d\u00e1mskou j\u00edzdu\",\"isPartOf\":{\"@id\":\"https:\\\/\\\/www.karaoketexty.cz\\\/magazin\\\/#website\"},\"primaryImageOfPage\":{\"@id\":\"https:\\\/\\\/www.karaoketexty.cz\\\/magazin\\\/martina-partlova-v-prazske-o2-arene\\\/#primaryimage\"},\"image\":{\"@id\":\"https:\\\/\\\/www.karaoketexty.cz\\\/magazin\\\/martina-partlova-v-prazske-o2-arene\\\/#primaryimage\"},\"thumbnailUrl\":\"https:\\\/\\\/www.karaoketexty.cz\\\/magazin\\\/wp-content\\\/uploads\\\/2025\\\/12\\\/martina-partlova.jpg\",\"datePublished\":\"2025-12-09T06:44:00+00:00\",\"author\":{\"@id\":\"https:\\\/\\\/www.karaoketexty.cz\\\/magazin\\\/#\\\/schema\\\/person\\\/03220d610ed4cba378a72bac3443f821\"},\"description\":\"U\u017e v listopadu p\u0159\u00ed\u0161t\u00edho roku zav\u00edt\u00e1 na p\u00f3dium pra\u017esk\u00e9 O2 Ar\u00e9ny Martina P\u00e1rtlov\u00e1. Na velkou j\u00edzdu zve p\u0159edev\u0161\u00edm \u017eeny.\",\"breadcrumb\":{\"@id\":\"https:\\\/\\\/www.karaoketexty.cz\\\/magazin\\\/martina-partlova-v-prazske-o2-arene\\\/#breadcrumb\"},\"inLanguage\":\"cs\",\"potentialAction\":[{\"@type\":\"ReadAction\",\"target\":[\"https:\\\/\\\/www.karaoketexty.cz\\\/magazin\\\/martina-partlova-v-prazske-o2-arene\\\/\"]}]},{\"@type\":\"ImageObject\",\"inLanguage\":\"cs\",\"@id\":\"https:\\\/\\\/www.karaoketexty.cz\\\/magazin\\\/martina-partlova-v-prazske-o2-arene\\\/#primaryimage\",\"url\":\"https:\\\/\\\/www.karaoketexty.cz\\\/magazin\\\/wp-content\\\/uploads\\\/2025\\\/12\\\/martina-partlova.jpg\",\"contentUrl\":\"https:\\\/\\\/www.karaoketexty.cz\\\/magazin\\\/wp-content\\\/uploads\\\/2025\\\/12\\\/martina-partlova.jpg\",\"width\":1200,\"height\":725,\"caption\":\"Foto: NextFoto, TK ke koncertu V\u00e1noce v O2 ar\u00e9n\u011b prob\u011bhla 20. 11. 2025 v pra\u017esk\u00e9m Stages Hotelu.\"},{\"@type\":\"BreadcrumbList\",\"@id\":\"https:\\\/\\\/www.karaoketexty.cz\\\/magazin\\\/martina-partlova-v-prazske-o2-arene\\\/#breadcrumb\",\"itemListElement\":[{\"@type\":\"ListItem\",\"position\":1,\"name\":\"Dom\u016f\",\"item\":\"https:\\\/\\\/www.karaoketexty.cz\\\/magazin\\\/\"},{\"@type\":\"ListItem\",\"position\":2,\"name\":\"Martina P\u00e1rtlov\u00e1 bude zp\u00edvat v\u00a0pra\u017esk\u00e9 O2 ar\u00e9n\u011b: Chyst\u00e1 velkolepou show na rok 2026\"}]},{\"@type\":\"WebSite\",\"@id\":\"https:\\\/\\\/www.karaoketexty.cz\\\/magazin\\\/#website\",\"url\":\"https:\\\/\\\/www.karaoketexty.cz\\\/magazin\\\/\",\"name\":\"Stars Magaz\u00edn Karaoketexty.cz\",\"description\":\"Stars Magaz\u00edn na Karaoketexty.cz je zam\u011b\u0159en\u00fd na novinky ze sv\u011bta hudby a celebrit. Obsahuje \u010dl\u00e1nky o zp\u011bv\u00e1c\u00edch, kapel\u00e1ch, nov\u00fdch albech, hudebn\u00edch trendech a dal\u0161\u00edch zaj\u00edmavostech z hudebn\u00edho pr\u016fmyslu.\",\"potentialAction\":[{\"@type\":\"SearchAction\",\"target\":{\"@type\":\"EntryPoint\",\"urlTemplate\":\"https:\\\/\\\/www.karaoketexty.cz\\\/magazin\\\/?s={search_term_string}\"},\"query-input\":{\"@type\":\"PropertyValueSpecification\",\"valueRequired\":true,\"valueName\":\"search_term_string\"}}],\"inLanguage\":\"cs\"},{\"@type\":\"Person\",\"@id\":\"https:\\\/\\\/www.karaoketexty.cz\\\/magazin\\\/#\\\/schema\\\/person\\\/03220d610ed4cba378a72bac3443f821\",\"name\":\"Veronika \u0160imkov\u00e1\",\"image\":{\"@type\":\"ImageObject\",\"inLanguage\":\"cs\",\"@id\":\"https:\\\/\\\/secure.gravatar.com\\\/avatar\\\/62af9cda83322200aaf20e60d0442fbca254ce18c0ffdcaaf83de31493c941a5?s=96&d=mm&r=g\",\"url\":\"https:\\\/\\\/secure.gravatar.com\\\/avatar\\\/62af9cda83322200aaf20e60d0442fbca254ce18c0ffdcaaf83de31493c941a5?s=96&d=mm&r=g\",\"contentUrl\":\"https:\\\/\\\/secure.gravatar.com\\\/avatar\\\/62af9cda83322200aaf20e60d0442fbca254ce18c0ffdcaaf83de31493c941a5?s=96&d=mm&r=g\",\"caption\":\"Veronika \u0160imkov\u00e1\"},\"url\":\"https:\\\/\\\/www.karaoketexty.cz\\\/magazin\\\/author\\\/veronikasimkova\\\/\"}]}<\/script>\n<!-- \/ Yoast SEO plugin. -->","yoast_head_json":{"title":"Martina P\u00e1rtlov\u00e1 zve na nejv\u011bt\u0161\u00ed d\u00e1mskou j\u00edzdu","description":"U\u017e v listopadu p\u0159\u00ed\u0161t\u00edho roku zav\u00edt\u00e1 na p\u00f3dium pra\u017esk\u00e9 O2 Ar\u00e9ny Martina P\u00e1rtlov\u00e1. Na velkou j\u00edzdu zve p\u0159edev\u0161\u00edm \u017eeny.","robots":{"index":"index","follow":"follow","max-snippet":"max-snippet:-1","max-image-preview":"max-image-preview:large","max-video-preview":"max-video-preview:-1"},"canonical":"https:\/\/www.karaoketexty.cz\/magazin\/martina-partlova-v-prazske-o2-arene\/","og_locale":"cs_CZ","og_type":"article","og_title":"Martina P\u00e1rtlov\u00e1 zve na nejv\u011bt\u0161\u00ed d\u00e1mskou j\u00edzdu","og_description":"U\u017e v listopadu p\u0159\u00ed\u0161t\u00edho roku zav\u00edt\u00e1 na p\u00f3dium pra\u017esk\u00e9 O2 Ar\u00e9ny Martina P\u00e1rtlov\u00e1. Na velkou j\u00edzdu zve p\u0159edev\u0161\u00edm \u017eeny.","og_url":"https:\/\/www.karaoketexty.cz\/magazin\/martina-partlova-v-prazske-o2-arene\/","og_site_name":"Stars Magaz\u00edn Karaoketexty.cz","article_published_time":"2025-12-09T06:44:00+00:00","og_image":[{"width":1200,"height":725,"url":"https:\/\/www.karaoketexty.cz\/magazin\/wp-content\/uploads\/2025\/12\/martina-partlova.jpg","type":"image\/jpeg"}],"author":"Veronika \u0160imkov\u00e1","twitter_card":"summary_large_image","twitter_misc":{"Napsal(a)":"Veronika \u0160imkov\u00e1","Odhadovan\u00e1 doba \u010dten\u00ed":"3 minuty"},"schema":{"@context":"https:\/\/schema.org","@graph":[{"@type":"Article","@id":"https:\/\/www.karaoketexty.cz\/magazin\/martina-partlova-v-prazske-o2-arene\/#article","isPartOf":{"@id":"https:\/\/www.karaoketexty.cz\/magazin\/martina-partlova-v-prazske-o2-arene\/"},"author":{"name":"Veronika \u0160imkov\u00e1","@id":"https:\/\/www.karaoketexty.cz\/magazin\/#\/schema\/person\/03220d610ed4cba378a72bac3443f821"},"headline":"Martina P\u00e1rtlov\u00e1 bude zp\u00edvat v\u00a0pra\u017esk\u00e9 O2 ar\u00e9n\u011b: Chyst\u00e1 velkolepou show na rok 2026","datePublished":"2025-12-09T06:44:00+00:00","mainEntityOfPage":{"@id":"https:\/\/www.karaoketexty.cz\/magazin\/martina-partlova-v-prazske-o2-arene\/"},"wordCount":573,"commentCount":0,"image":{"@id":"https:\/\/www.karaoketexty.cz\/magazin\/martina-partlova-v-prazske-o2-arene\/#primaryimage"},"thumbnailUrl":"https:\/\/www.karaoketexty.cz\/magazin\/wp-content\/uploads\/2025\/12\/martina-partlova.jpg","keywords":["\u010desk\u00e1 celebrita","\u010desk\u00e1 hudba","D\u011bti","fanou\u0161ci","F\u00f3rum Karl\u00edn","humor","iDnes","Instagram","Josef Va\u0159eka","koncert","koncerty","Martina P\u00e1rtlov\u00e1","muzik\u00e1ly","Nikol Leitgeb","O2","O2 arena","partnerstv\u00ed","p\u011bveck\u00e1 sout\u011b\u017e","Stella","TN","Turn\u00e9","Veronika Arichteva","Wikipedie","X Factor","Zp\u011bva\u010dka"],"articleSection":["Celebrity"],"inLanguage":"cs","potentialAction":[{"@type":"CommentAction","name":"Comment","target":["https:\/\/www.karaoketexty.cz\/magazin\/martina-partlova-v-prazske-o2-arene\/#respond"]}]},{"@type":"WebPage","@id":"https:\/\/www.karaoketexty.cz\/magazin\/martina-partlova-v-prazske-o2-arene\/","url":"https:\/\/www.karaoketexty.cz\/magazin\/martina-partlova-v-prazske-o2-arene\/","name":"Martina P\u00e1rtlov\u00e1 zve na nejv\u011bt\u0161\u00ed d\u00e1mskou j\u00edzdu","isPartOf":{"@id":"https:\/\/www.karaoketexty.cz\/magazin\/#website"},"primaryImageOfPage":{"@id":"https:\/\/www.karaoketexty.cz\/magazin\/martina-partlova-v-prazske-o2-arene\/#primaryimage"},"image":{"@id":"https:\/\/www.karaoketexty.cz\/magazin\/martina-partlova-v-prazske-o2-arene\/#primaryimage"},"thumbnailUrl":"https:\/\/www.karaoketexty.cz\/magazin\/wp-content\/uploads\/2025\/12\/martina-partlova.jpg","datePublished":"2025-12-09T06:44:00+00:00","author":{"@id":"https:\/\/www.karaoketexty.cz\/magazin\/#\/schema\/person\/03220d610ed4cba378a72bac3443f821"},"description":"U\u017e v listopadu p\u0159\u00ed\u0161t\u00edho roku zav\u00edt\u00e1 na p\u00f3dium pra\u017esk\u00e9 O2 Ar\u00e9ny Martina P\u00e1rtlov\u00e1. Na velkou j\u00edzdu zve p\u0159edev\u0161\u00edm \u017eeny.","breadcrumb":{"@id":"https:\/\/www.karaoketexty.cz\/magazin\/martina-partlova-v-prazske-o2-arene\/#breadcrumb"},"inLanguage":"cs","potentialAction":[{"@type":"ReadAction","target":["https:\/\/www.karaoketexty.cz\/magazin\/martina-partlova-v-prazske-o2-arene\/"]}]},{"@type":"ImageObject","inLanguage":"cs","@id":"https:\/\/www.karaoketexty.cz\/magazin\/martina-partlova-v-prazske-o2-arene\/#primaryimage","url":"https:\/\/www.karaoketexty.cz\/magazin\/wp-content\/uploads\/2025\/12\/martina-partlova.jpg","contentUrl":"https:\/\/www.karaoketexty.cz\/magazin\/wp-content\/uploads\/2025\/12\/martina-partlova.jpg","width":1200,"height":725,"caption":"Foto: NextFoto, TK ke koncertu V\u00e1noce v O2 ar\u00e9n\u011b prob\u011bhla 20. 11. 2025 v pra\u017esk\u00e9m Stages Hotelu."},{"@type":"BreadcrumbList","@id":"https:\/\/www.karaoketexty.cz\/magazin\/martina-partlova-v-prazske-o2-arene\/#breadcrumb","itemListElement":[{"@type":"ListItem","position":1,"name":"Dom\u016f","item":"https:\/\/www.karaoketexty.cz\/magazin\/"},{"@type":"ListItem","position":2,"name":"Martina P\u00e1rtlov\u00e1 bude zp\u00edvat v\u00a0pra\u017esk\u00e9 O2 ar\u00e9n\u011b: Chyst\u00e1 velkolepou show na rok 2026"}]},{"@type":"WebSite","@id":"https:\/\/www.karaoketexty.cz\/magazin\/#website","url":"https:\/\/www.karaoketexty.cz\/magazin\/","name":"Stars Magaz\u00edn Karaoketexty.cz","description":"Stars Magaz\u00edn na Karaoketexty.cz je zam\u011b\u0159en\u00fd na novinky ze sv\u011bta hudby a celebrit. Obsahuje \u010dl\u00e1nky o zp\u011bv\u00e1c\u00edch, kapel\u00e1ch, nov\u00fdch albech, hudebn\u00edch trendech a dal\u0161\u00edch zaj\u00edmavostech z hudebn\u00edho pr\u016fmyslu.","potentialAction":[{"@type":"SearchAction","target":{"@type":"EntryPoint","urlTemplate":"https:\/\/www.karaoketexty.cz\/magazin\/?s={search_term_string}"},"query-input":{"@type":"PropertyValueSpecification","valueRequired":true,"valueName":"search_term_string"}}],"inLanguage":"cs"},{"@type":"Person","@id":"https:\/\/www.karaoketexty.cz\/magazin\/#\/schema\/person\/03220d610ed4cba378a72bac3443f821","name":"Veronika \u0160imkov\u00e1","image":{"@type":"ImageObject","inLanguage":"cs","@id":"https:\/\/secure.gravatar.com\/avatar\/62af9cda83322200aaf20e60d0442fbca254ce18c0ffdcaaf83de31493c941a5?s=96&d=mm&r=g","url":"https:\/\/secure.gravatar.com\/avatar\/62af9cda83322200aaf20e60d0442fbca254ce18c0ffdcaaf83de31493c941a5?s=96&d=mm&r=g","contentUrl":"https:\/\/secure.gravatar.com\/avatar\/62af9cda83322200aaf20e60d0442fbca254ce18c0ffdcaaf83de31493c941a5?s=96&d=mm&r=g","caption":"Veronika \u0160imkov\u00e1"},"url":"https:\/\/www.karaoketexty.cz\/magazin\/author\/veronikasimkova\/"}]}},"_links":{"self":[{"href":"https:\/\/www.karaoketexty.cz\/magazin\/wp-json\/wp\/v2\/posts\/5199","targetHints":{"allow":["GET"]}}],"collection":[{"href":"https:\/\/www.karaoketexty.cz\/magazin\/wp-json\/wp\/v2\/posts"}],"about":[{"href":"https:\/\/www.karaoketexty.cz\/magazin\/wp-json\/wp\/v2\/types\/post"}],"author":[{"embeddable":true,"href":"https:\/\/www.karaoketexty.cz\/magazin\/wp-json\/wp\/v2\/users\/5"}],"replies":[{"embeddable":true,"href":"https:\/\/www.karaoketexty.cz\/magazin\/wp-json\/wp\/v2\/comments?post=5199"}],"version-history":[{"count":4,"href":"https:\/\/www.karaoketexty.cz\/magazin\/wp-json\/wp\/v2\/posts\/5199\/revisions"}],"predecessor-version":[{"id":5359,"href":"https:\/\/www.karaoketexty.cz\/magazin\/wp-json\/wp\/v2\/posts\/5199\/revisions\/5359"}],"wp:featuredmedia":[{"embeddable":true,"href":"https:\/\/www.karaoketexty.cz\/magazin\/wp-json\/wp\/v2\/media\/5200"}],"wp:attachment":[{"href":"https:\/\/www.karaoketexty.cz\/magazin\/wp-json\/wp\/v2\/media?parent=5199"}],"wp:term":[{"taxonomy":"category","embeddable":true,"href":"https:\/\/www.karaoketexty.cz\/magazin\/wp-json\/wp\/v2\/categories?post=5199"},{"taxonomy":"post_tag","embeddable":true,"href":"https:\/\/www.karaoketexty.cz\/magazin\/wp-json\/wp\/v2\/tags?post=5199"}],"curies":[{"name":"wp","href":"https:\/\/api.w.org\/{rel}","templated":true}]}}