{"id":5126,"date":"2025-12-08T08:54:00","date_gmt":"2025-12-08T07:54:00","guid":{"rendered":"https:\/\/www.karaoketexty.cz\/magazin\/?p=5126"},"modified":"2025-12-07T23:44:43","modified_gmt":"2025-12-07T22:44:43","slug":"cesky-slavik-2025-ukazal-rodici-se-hvezdu-charlotte-ella-gottova-se-mezi-zpevackami-umistila-na-22-miste","status":"publish","type":"post","link":"https:\/\/www.karaoketexty.cz\/magazin\/cesky-slavik-2025-ukazal-rodici-se-hvezdu-charlotte-ella-gottova-se-mezi-zpevackami-umistila-na-22-miste\/","title":{"rendered":"\u010cesk\u00fd slav\u00edk 2025 uk\u00e1zal rod\u00edc\u00ed se hv\u011bzdu: Charlotte Ella Gottov\u00e1 se mezi zp\u011bva\u010dkami um\u00edstila na 22. m\u00edst\u011b"},"content":{"rendered":"\n<p><strong>\u010cesk\u00fd slav\u00edk ka\u017ed\u00fd rok ukazuje, kdo zrovna v hudb\u011b v\u00e1l\u00ed. Letos do seznamu zp\u011bva\u010dek pat\u0159ila i Charlotte Ella Gottov\u00e1, kter\u00e1 se um\u00edstila na 22. m\u00edst\u011b.<\/strong><\/p>\n\n\n\n<p>\u010cesk\u00fd slav\u00edk je presti\u017en\u00ed hudebn\u00ed anketa, a jak v\u00edme, od sv\u00e9ho vzniku sleduje v\u00fdvoj tuzemsk\u00e9 hudebn\u00ed sc\u00e9ny. Redakce Karaoketexty.cz si v\u0161imla, \u017ee leto\u0161n\u00ed ro\u010dn\u00edk p\u0159inesl hned n\u011bkolik p\u0159ekvapen\u00ed, zejm\u00e9na um\u00edst\u011bn\u00ed Charlotty Elly Gottov\u00e9, kter\u00e1 skon\u010dila na \u00factyhodn\u00e9m 22. m\u00edst\u011b, vzhledem ke konkurenci. Nejstar\u0161\u00ed dcera Karla Gotta tak p\u0159edstihla i interpretky s dlouhou kari\u00e9rou.<\/p>\n\n\n<!-- karaoketexty.cz \/ rectangle2 -->\n<div id=\"PX_37086_709110796310826\"><\/div>\n<script>\n   if(!useMobileAds && !boolUseSeznamAds && !hideAllAds){\n     window.px2 = window.px2 || { conf: {},queue: [] };\n     px2.queue.push(function () {\n        px2.render({\n           slot: {\n              id: 37086\n           },\n            elem: \"PX_37086_709110796310826\"\n        })\n     });\n  }\n<\/script>\n\n<!-- karaoketexty.cz \/ mobile-rectangle3 -->\n<div id=\"PX_37044_714599773297004\"><\/div>\n<script>\n   if(useMobileAds && !boolUseSeznamAds && !hideAllAds){\nwindow.px2 = window.px2 || { conf: {},queue: [] };\npx2.queue.push(function () {\n\tpx2.render({\n\t\tslot: {\n\t\t\tid: 37044\n\t\t},\n\t\telem: \"PX_37044_714599773297004\"\n\t})\n});\n}\n<\/script>\n\n\n<h2 class=\"wp-block-heading\">Slav\u00edk jako tradice<\/h2>\n\n\n\n<p>\u010cesk\u00fd slav\u00edk vznikl v roce 1962 a od t\u00e9 doby pat\u0159\u00ed k pravideln\u00fdm m\u011b\u0159\u00edtk\u016fm popularity hudebn\u00edk\u016f. Anketa odr\u00e1\u017e\u00ed nejen komer\u010dn\u00ed \u00fasp\u011bch, ale i sympatie ve\u0159ejnosti, kter\u00e9 se n\u011bkdy velice li\u0161\u00ed od kritik\u016f. Letos byly op\u011bt vyhl\u00e1\u0161eny kategorie pro zp\u011bv\u00e1ky, zp\u011bva\u010dky a kapely, ale velk\u00fd z\u00e1jem vzbudila pr\u00e1v\u011b kategorie zp\u011bva\u010dek, kde se prosadila i Charlotte.<\/p>\n\n\n\n<p>Pro Charlotte, kter\u00e1 se hudb\u011b v\u011bnuje sp\u00ed\u0161e jen okrajov\u011b, tak jde o velk\u00fd \u00fasp\u011bch. Sama se sice zat\u00edm dr\u017e\u00ed sp\u00ed\u0161e v \u00fastran\u00ed, o jej\u00edm talentu ale rozhodn\u011b nen\u00ed t\u0159eba polemizovat. Uk\u00e1zala to nap\u0159\u00edklad ve slavn\u00e9m duetu s tat\u00ednkem Srdce nehasnou, kter\u00fd dodnes poslucha\u010de doj\u00edm\u00e1.<\/p>\n\n\n<!-- karaoketexty.cz \/ interscroller1 -->\n\n<div id=\"PX_37041_825057871452834\"><\/div>\n<script>\nif(useMobileAds && !boolUseSeznamAds && !hideAllAds){\n\twindow.px2 = window.px2 || { conf: {},queue: [] };\n\tpx2.queue.push(function () {\n\t\tpx2.render({\n\t\t\tslot: {\n\t\t\t\tid: 37041\n\t\t\t},\n\t\t\telem: \"PX_37041_825057871452834\"\n\t\t})\n\t});\n}\n<\/script>\n\n\n<h2 class=\"wp-block-heading\">Talent a odkaz Karla Gotta<\/h2>\n\n\n\n<p>Charlotte Ella Gottov\u00e1, narozen\u00e1 v roce 1996, je nejstar\u0161\u00ed dcerou \u010desk\u00e9 legendy, zp\u011bv\u00e1ka Karla Gotta. Jej\u00ed \u017eivot je spojen\u00fd se z\u00e1jmem m\u00e9di\u00ed u\u017e od d\u011btstv\u00ed, p\u0159esto si sv\u00e9 soukrom\u00ed dr\u017e\u00ed obvykle jen pro sebe. Charlotte vystudovala gymn\u00e1zium a v\u011bnovala se studiu psychologie na vysok\u00e9 \u0161kole. Ve\u0159ejn\u011b se o jej\u00edm soukrom\u00ed v\u00ed jen m\u00e1lo.<\/p>\n\n\n\n<blockquote class=\"instagram-media\" data-instgrm-captioned data-instgrm-permalink=\"https:\/\/www.instagram.com\/p\/DO6Kp8ICJ4q\/?utm_source=ig_embed&amp;utm_campaign=loading\" data-instgrm-version=\"14\" style=\" background:#FFF; border:0; border-radius:3px; box-shadow:0 0 1px 0 rgba(0,0,0,0.5),0 1px 10px 0 rgba(0,0,0,0.15); margin: 1px; max-width:540px; min-width:326px; padding:0; width:99.375%; width:-webkit-calc(100% - 2px); width:calc(100% - 2px);\"><div style=\"padding:16px;\"> <a href=\"https:\/\/www.instagram.com\/p\/DO6Kp8ICJ4q\/?utm_source=ig_embed&amp;utm_campaign=loading\" style=\" background:#FFFFFF; line-height:0; padding:0 0; text-align:center; text-decoration:none; width:100%;\" target=\"_blank\"> <div style=\" display: flex; flex-direction: row; align-items: center;\"> <div style=\"background-color: #F4F4F4; border-radius: 50%; flex-grow: 0; height: 40px; margin-right: 14px; width: 40px;\"><\/div> <div style=\"display: flex; flex-direction: column; flex-grow: 1; justify-content: center;\"> <div style=\" background-color: #F4F4F4; border-radius: 4px; flex-grow: 0; height: 14px; margin-bottom: 6px; width: 100px;\"><\/div> <div style=\" background-color: #F4F4F4; border-radius: 4px; flex-grow: 0; height: 14px; width: 60px;\"><\/div><\/div><\/div><div style=\"padding: 19% 0;\"><\/div> <div style=\"display:block; height:50px; margin:0 auto 12px; width:50px;\"><svg width=\"50px\" height=\"50px\" viewBox=\"0 0 60 60\" version=\"1.1\" xmlns=\"https:\/\/www.w3.org\/2000\/svg\" xmlns:xlink=\"https:\/\/www.w3.org\/1999\/xlink\"><g stroke=\"none\" stroke-width=\"1\" fill=\"none\" fill-rule=\"evenodd\"><g transform=\"translate(-511.000000, -20.000000)\" fill=\"#000000\"><g><path d=\"M556.869,30.41 C554.814,30.41 553.148,32.076 553.148,34.131 C553.148,36.186 554.814,37.852 556.869,37.852 C558.924,37.852 560.59,36.186 560.59,34.131 C560.59,32.076 558.924,30.41 556.869,30.41 M541,60.657 C535.114,60.657 530.342,55.887 530.342,50 C530.342,44.114 535.114,39.342 541,39.342 C546.887,39.342 551.658,44.114 551.658,50 C551.658,55.887 546.887,60.657 541,60.657 M541,33.886 C532.1,33.886 524.886,41.1 524.886,50 C524.886,58.899 532.1,66.113 541,66.113 C549.9,66.113 557.115,58.899 557.115,50 C557.115,41.1 549.9,33.886 541,33.886 M565.378,62.101 C565.244,65.022 564.756,66.606 564.346,67.663 C563.803,69.06 563.154,70.057 562.106,71.106 C561.058,72.155 560.06,72.803 558.662,73.347 C557.607,73.757 556.021,74.244 553.102,74.378 C549.944,74.521 548.997,74.552 541,74.552 C533.003,74.552 532.056,74.521 528.898,74.378 C525.979,74.244 524.393,73.757 523.338,73.347 C521.94,72.803 520.942,72.155 519.894,71.106 C518.846,70.057 518.197,69.06 517.654,67.663 C517.244,66.606 516.755,65.022 516.623,62.101 C516.479,58.943 516.448,57.996 516.448,50 C516.448,42.003 516.479,41.056 516.623,37.899 C516.755,34.978 517.244,33.391 517.654,32.338 C518.197,30.938 518.846,29.942 519.894,28.894 C520.942,27.846 521.94,27.196 523.338,26.654 C524.393,26.244 525.979,25.756 528.898,25.623 C532.057,25.479 533.004,25.448 541,25.448 C548.997,25.448 549.943,25.479 553.102,25.623 C556.021,25.756 557.607,26.244 558.662,26.654 C560.06,27.196 561.058,27.846 562.106,28.894 C563.154,29.942 563.803,30.938 564.346,32.338 C564.756,33.391 565.244,34.978 565.378,37.899 C565.522,41.056 565.552,42.003 565.552,50 C565.552,57.996 565.522,58.943 565.378,62.101 M570.82,37.631 C570.674,34.438 570.167,32.258 569.425,30.349 C568.659,28.377 567.633,26.702 565.965,25.035 C564.297,23.368 562.623,22.342 560.652,21.575 C558.743,20.834 556.562,20.326 553.369,20.18 C550.169,20.033 549.148,20 541,20 C532.853,20 531.831,20.033 528.631,20.18 C525.438,20.326 523.257,20.834 521.349,21.575 C519.376,22.342 517.703,23.368 516.035,25.035 C514.368,26.702 513.342,28.377 512.574,30.349 C511.834,32.258 511.326,34.438 511.181,37.631 C511.035,40.831 511,41.851 511,50 C511,58.147 511.035,59.17 511.181,62.369 C511.326,65.562 511.834,67.743 512.574,69.651 C513.342,71.625 514.368,73.296 516.035,74.965 C517.703,76.634 519.376,77.658 521.349,78.425 C523.257,79.167 525.438,79.673 528.631,79.82 C531.831,79.965 532.853,80.001 541,80.001 C549.148,80.001 550.169,79.965 553.369,79.82 C556.562,79.673 558.743,79.167 560.652,78.425 C562.623,77.658 564.297,76.634 565.965,74.965 C567.633,73.296 568.659,71.625 569.425,69.651 C570.167,67.743 570.674,65.562 570.82,62.369 C570.966,59.17 571,58.147 571,50 C571,41.851 570.966,40.831 570.82,37.631\"><\/path><\/g><\/g><\/g><\/svg><\/div><div style=\"padding-top: 8px;\"> <div style=\" color:#3897f0; font-family:Arial,sans-serif; font-size:14px; font-style:normal; font-weight:550; line-height:18px;\">Zobrazit p\u0159\u00edsp\u011bvek na Instagramu<\/div><\/div><div style=\"padding: 12.5% 0;\"><\/div> <div style=\"display: flex; flex-direction: row; margin-bottom: 14px; align-items: center;\"><div> <div style=\"background-color: #F4F4F4; border-radius: 50%; height: 12.5px; width: 12.5px; transform: translateX(0px) translateY(7px);\"><\/div> <div style=\"background-color: #F4F4F4; height: 12.5px; transform: rotate(-45deg) translateX(3px) translateY(1px); width: 12.5px; flex-grow: 0; margin-right: 14px; margin-left: 2px;\"><\/div> <div style=\"background-color: #F4F4F4; border-radius: 50%; height: 12.5px; width: 12.5px; transform: translateX(9px) translateY(-18px);\"><\/div><\/div><div style=\"margin-left: 8px;\"> <div style=\" background-color: #F4F4F4; border-radius: 50%; flex-grow: 0; height: 20px; width: 20px;\"><\/div> <div style=\" width: 0; height: 0; border-top: 2px solid transparent; border-left: 6px solid #f4f4f4; border-bottom: 2px solid transparent; transform: translateX(16px) translateY(-4px) rotate(30deg)\"><\/div><\/div><div style=\"margin-left: auto;\"> <div style=\" width: 0px; border-top: 8px solid #F4F4F4; border-right: 8px solid transparent; transform: translateY(16px);\"><\/div> <div style=\" background-color: #F4F4F4; flex-grow: 0; height: 12px; width: 16px; transform: translateY(-4px);\"><\/div> <div style=\" width: 0; height: 0; border-top: 8px solid #F4F4F4; border-left: 8px solid transparent; transform: translateY(-4px) translateX(8px);\"><\/div><\/div><\/div> <div style=\"display: flex; flex-direction: column; flex-grow: 1; justify-content: center; margin-bottom: 24px;\"> <div style=\" background-color: #F4F4F4; border-radius: 4px; flex-grow: 0; height: 14px; margin-bottom: 6px; width: 224px;\"><\/div> <div style=\" background-color: #F4F4F4; border-radius: 4px; flex-grow: 0; height: 14px; width: 144px;\"><\/div><\/div><\/a><p style=\" color:#c9c8cd; font-family:Arial,sans-serif; font-size:14px; line-height:17px; margin-bottom:0; margin-top:8px; overflow:hidden; padding:8px 0 7px; text-align:center; text-overflow:ellipsis; white-space:nowrap;\"><a href=\"https:\/\/www.instagram.com\/p\/DO6Kp8ICJ4q\/?utm_source=ig_embed&amp;utm_campaign=loading\" style=\" color:#c9c8cd; font-family:Arial,sans-serif; font-size:14px; font-style:normal; font-weight:normal; line-height:17px; text-decoration:none;\" target=\"_blank\">P\u0159\u00edsp\u011bvek sd\u00edlen\u00fd charlotte_gottova (@charlotte_gottova)<\/a><\/p><\/div><\/blockquote>\n<script async src=\"\/\/www.instagram.com\/embed.js\"><\/script>\n\n\n\n<p>Nyn\u00ed je podle \u010derstv\u00fdch informac\u00ed den\u00edku Blesk zadan\u00e1 a v posledn\u00edch letech se objevuj\u00ed sem tam r\u016fzn\u00e9 spekulace o jej\u00edm \u017eivot\u011b mimo showbyznys. Sama se rozhodla vstoupit do sv\u011bta soci\u00e1ln\u00edch s\u00edt\u00ed a zalo\u017eila si profil na Instagramu, kde se jakoby opatrn\u011b rozhl\u00ed\u017e\u00ed formou sd\u00edlen\u00ed fotografi\u00ed z r\u016fzn\u00fdch kout\u016f sv\u011bta. Je pravd\u011bpodobn\u00e9, \u017ee o talentovan\u00e9 mlad\u00e9 d\u00edvce je\u0161t\u011b hodn\u011b usly\u0161\u00edme. <\/p>\n\n\n\n<h2 class=\"wp-block-heading\">Slavnostn\u00ed ve\u010der a p\u0159ekvapen\u00ed<\/h2>\n\n\n\n<p>Letos se \u010cesk\u00fd slav\u00edk uskute\u010dnil ve velk\u00e9m s\u00e1le, kde se krom\u011b vyhla\u0161ov\u00e1n\u00ed v\u00edt\u011bz\u016f konaly i \u017eiv\u00e9 hudebn\u00ed vstupy. Zat\u00edmco favorit\u00e9 ankety z\u016fst\u00e1vaj\u00ed stejn\u00ed, jako nap\u0159\u00edklad Lucie B\u00edl\u00e1 \u010di Ewa Farna, v\u00fdsledky ukazuj\u00ed, \u017ee nov\u00e1 mlad\u00e1 krev, zejm\u00e9na pak d\u011bti zn\u00e1m\u00fdch um\u011blc\u016f, maj\u00ed t\u00e9\u017e \u0161anci se uk\u00e1zat. Konkr\u00e9tn\u011b m\u016f\u017eeme zm\u00ednit, \u017ee ono 22. m\u00edsto obsadila Charlotte Gottov\u00e1 s po\u010dtem hlas\u016f 6051. P\u0159ekonala tak nap\u0159\u00edklad Debbi, Terezu Kerndlovou ci Ilonu Cs\u00e1kovou. Charlotte tak pomalu buduje vlastn\u00ed hv\u011bzdi\u010dku, kter\u00e1 nebude pouze odrazem otcova vlivu, ale p\u0159ev\u00e1\u017en\u011b jej\u00ed osobn\u00edm kreativn\u00edm hudebn\u00edm projevem.<\/p>\n\n\n\n<p>Zdroj: Autorsk\u00fd text, <a href=\"https:\/\/cs.wikipedia.org\/wiki\/%C4%8Cesk%C3%BD_slav%C3%ADk\" target=\"_blank\" rel=\"noreferrer noopener nofollow\">Wikipedie<\/a>, <a href=\"https:\/\/cs.wikipedia.org\/wiki\/Charlotte_Ella_Gottov%C3%A1\" target=\"_blank\" rel=\"noreferrer noopener nofollow\">Wikipedie<\/a>, <a href=\"https:\/\/tv.nova.cz\/porad\/cesky-slavik\/predchozi-rocniky\" target=\"_blank\" rel=\"noreferrer noopener nofollow\">TVNova<\/a>, <a href=\"https:\/\/www.facebook.com\/watch\/?v=4347695105462362\" target=\"_blank\" rel=\"noreferrer noopener nofollow\">Blesk<\/a>, <a href=\"https:\/\/www.instagram.com\/ocko.star\/\" target=\"_blank\" rel=\"noreferrer noopener nofollow\">Instagram \u00d3\u010dkoStar<\/a>, <a href=\"https:\/\/www.instagram.com\/p\/DO6Kp8ICJ4q\/?hl=cs&amp;img_index=1\" target=\"_blank\" rel=\"noreferrer noopener nofollow\">Instagram CharlotteGottov\u00e1<\/a><\/p>\n\n\n            <a href=\"https:\/\/www.karaoketexty.cz\/magazin\/charlotte-ella-gottova-je-zamilovana-dcera-karla-gotta-je-poprve-oficialne-zadana\/\" class=\"related-post-link\">\n                <div class=\"post-thumbnail\">\n                    <img decoding=\"async\" width=\"250\" height=\"150\" src=\"https:\/\/www.karaoketexty.cz\/magazin\/wp-content\/uploads\/2025\/12\/charlotte-ella-gottova-nelly-sofie-gottova.jpg\" class=\"attachment-250x180 size-250x180 not-transparent\" alt=\"Fotografie Charlotty Elly Gottov\u00e9 a Nelly Sofie Gottov\u00e9\" srcset=\"https:\/\/www.karaoketexty.cz\/magazin\/wp-content\/uploads\/2025\/12\/charlotte-ella-gottova-nelly-sofie-gottova.jpg 1200w, https:\/\/www.karaoketexty.cz\/magazin\/wp-content\/uploads\/2025\/12\/charlotte-ella-gottova-nelly-sofie-gottova-300x180.jpg 300w, https:\/\/www.karaoketexty.cz\/magazin\/wp-content\/uploads\/2025\/12\/charlotte-ella-gottova-nelly-sofie-gottova-1024x614.jpg 1024w, https:\/\/www.karaoketexty.cz\/magazin\/wp-content\/uploads\/2025\/12\/charlotte-ella-gottova-nelly-sofie-gottova-768x461.jpg 768w\" sizes=\"(max-width: 250px) 100vw, 250px\" data-has-transparency=\"false\" data-dominant-color=\"705e50\" style=\"--dominant-color: #705e50;\" \/>                <\/div>\n                <div class=\"post-details\">\n                    <span class=\"also-read\">\u010ct\u011bte tak\u00e9:<\/span>\n                    <h3 class=\"hed\">Charlotte Ella Gottov\u00e1 je zamilovan\u00e1: Dcera Karla Gotta je poprv\u00e9 ofici\u00e1ln\u011b zadan\u00e1<\/h3>\n                <\/div>\n            <\/a>\n            \n\n            <a href=\"https:\/\/www.karaoketexty.cz\/magazin\/charlotte-gottova-potesila-fanousky-po-letech-se-vratila-na-socialni-site-z-teto-mlade-damy-vam-spadne-brada\/\" class=\"related-post-link\">\n                <div class=\"post-thumbnail\">\n                    <img decoding=\"async\" width=\"250\" height=\"141\" src=\"https:\/\/www.karaoketexty.cz\/magazin\/wp-content\/uploads\/2025\/08\/ivana-gottova-charlotte-ella-gottova-nelly-sofie-gottova-2.jpg\" class=\"attachment-250x180 size-250x180 not-transparent\" alt=\"Fotografie Ivany Gottov\u00e9, Charlotte Elly Gottov\u00e9 a Nelly Sofie Gottov\u00e9\" srcset=\"https:\/\/www.karaoketexty.cz\/magazin\/wp-content\/uploads\/2025\/08\/ivana-gottova-charlotte-ella-gottova-nelly-sofie-gottova-2.jpg 1200w, https:\/\/www.karaoketexty.cz\/magazin\/wp-content\/uploads\/2025\/08\/ivana-gottova-charlotte-ella-gottova-nelly-sofie-gottova-2-300x169.jpg 300w, https:\/\/www.karaoketexty.cz\/magazin\/wp-content\/uploads\/2025\/08\/ivana-gottova-charlotte-ella-gottova-nelly-sofie-gottova-2-1024x576.jpg 1024w, https:\/\/www.karaoketexty.cz\/magazin\/wp-content\/uploads\/2025\/08\/ivana-gottova-charlotte-ella-gottova-nelly-sofie-gottova-2-768x432.jpg 768w, https:\/\/www.karaoketexty.cz\/magazin\/wp-content\/uploads\/2025\/08\/ivana-gottova-charlotte-ella-gottova-nelly-sofie-gottova-2-800x450.jpg 800w\" sizes=\"(max-width: 250px) 100vw, 250px\" data-has-transparency=\"false\" data-dominant-color=\"938473\" style=\"--dominant-color: #938473;\" \/>                <\/div>\n                <div class=\"post-details\">\n                    <span class=\"also-read\">\u010ct\u011bte tak\u00e9:<\/span>\n                    <h3 class=\"hed\">Charlotte Gottov\u00e1 pot\u011b\u0161ila fanou\u0161ky. Po letech se vr\u00e1tila na soci\u00e1ln\u00ed s\u00edt\u011b. Z t\u00e9to mlad\u00e9 d\u00e1my v\u00e1m spadne brada<\/h3>\n                <\/div>\n            <\/a>\n            ","protected":false},"excerpt":{"rendered":"<p>\u010cesk\u00fd slav\u00edk ka\u017ed\u00fd rok ukazuje, kdo zrovna v hudb\u011b v\u00e1l\u00ed. Letos mezi zp\u011bv\u00e1ky pat\u0159ila i Charlotte Ella Gottov\u00e1, kter\u00e1 se um\u00edstila na 22. m\u00edst\u011b.<\/p>\n","protected":false},"author":5,"featured_media":5116,"comment_status":"open","ping_status":"closed","sticky":false,"template":"","format":"standard","meta":{"_yoast_wpseo_title":"Charlotte Ella Gottov\u00e1 se na Slav\u00edc\u00edch um\u00edstila na 22. m\u00edst\u011b","_yoast_wpseo_metadesc":"\u010cesk\u00fd slav\u00edk ka\u017ed\u00fd rok ukazuje, kdo zrovna v hudb\u011b v\u00e1l\u00ed. Letos mezi zp\u011bv\u00e1ky pat\u0159ila i Charlotte Ella Gottov\u00e1, kter\u00e1 se um\u00edstila na 22. m\u00edst\u011b.","footnotes":""},"categories":[9],"tags":[562,571,12,1743,5057,5058,362,135,698,348,5059,500,71,58,375,539,4058,548,636,51],"class_list":["post-5126","post","type-post","status-publish","format-standard","has-post-thumbnail","hentry","category-zajimavosti","tag-ceska-celebrita","tag-ceska-hudba","tag-ceske-celebrity","tag-cesky-slavik","tag-charlotte-ella-gottova","tag-debbi","tag-deti-celebrit","tag-ewa-farna","tag-fanousci","tag-hudebni-ceny","tag-ilona-csakova","tag-instagram","tag-karel-gott","tag-lucie-bila","tag-osobni-zivot","tag-socialni-site","tag-tereza-kerndlova","tag-vztahy-celebrit","tag-wikipedie","tag-zpevacka"],"yoast_head":"<!-- This site is optimized with the Yoast SEO plugin v27.4 - https:\/\/yoast.com\/product\/yoast-seo-wordpress\/ -->\n<title>Charlotte Ella Gottov\u00e1 se na Slav\u00edc\u00edch um\u00edstila na 22. m\u00edst\u011b<\/title>\n<meta name=\"description\" content=\"\u010cesk\u00fd slav\u00edk ka\u017ed\u00fd rok ukazuje, kdo zrovna v hudb\u011b v\u00e1l\u00ed. Letos mezi zp\u011bv\u00e1ky pat\u0159ila i Charlotte Ella Gottov\u00e1, kter\u00e1 se um\u00edstila na 22. m\u00edst\u011b.\" \/>\n<meta name=\"robots\" content=\"index, follow, max-snippet:-1, max-image-preview:large, max-video-preview:-1\" \/>\n<link rel=\"canonical\" href=\"https:\/\/www.karaoketexty.cz\/magazin\/cesky-slavik-2025-ukazal-rodici-se-hvezdu-charlotte-ella-gottova-se-mezi-zpevackami-umistila-na-22-miste\/\" \/>\n<meta property=\"og:locale\" content=\"cs_CZ\" \/>\n<meta property=\"og:type\" content=\"article\" \/>\n<meta property=\"og:title\" content=\"Charlotte Ella Gottov\u00e1 se na Slav\u00edc\u00edch um\u00edstila na 22. m\u00edst\u011b\" \/>\n<meta property=\"og:description\" content=\"\u010cesk\u00fd slav\u00edk ka\u017ed\u00fd rok ukazuje, kdo zrovna v hudb\u011b v\u00e1l\u00ed. Letos mezi zp\u011bv\u00e1ky pat\u0159ila i Charlotte Ella Gottov\u00e1, kter\u00e1 se um\u00edstila na 22. m\u00edst\u011b.\" \/>\n<meta property=\"og:url\" content=\"https:\/\/www.karaoketexty.cz\/magazin\/cesky-slavik-2025-ukazal-rodici-se-hvezdu-charlotte-ella-gottova-se-mezi-zpevackami-umistila-na-22-miste\/\" \/>\n<meta property=\"og:site_name\" content=\"Stars Magaz\u00edn Karaoketexty.cz\" \/>\n<meta property=\"article:published_time\" content=\"2025-12-08T07:54:00+00:00\" \/>\n<meta property=\"og:image\" content=\"https:\/\/www.karaoketexty.cz\/magazin\/wp-content\/uploads\/2025\/12\/charlotte-ella-gottova-nelly-sofie-gottova.jpg\" \/>\n\t<meta property=\"og:image:width\" content=\"1200\" \/>\n\t<meta property=\"og:image:height\" content=\"720\" \/>\n\t<meta property=\"og:image:type\" content=\"image\/jpeg\" \/>\n<meta name=\"author\" content=\"Veronika \u0160imkov\u00e1\" \/>\n<meta name=\"twitter:card\" content=\"summary_large_image\" \/>\n<meta name=\"twitter:label1\" content=\"Napsal(a)\" \/>\n\t<meta name=\"twitter:data1\" content=\"Veronika \u0160imkov\u00e1\" \/>\n\t<meta name=\"twitter:label2\" content=\"Odhadovan\u00e1 doba \u010dten\u00ed\" \/>\n\t<meta name=\"twitter:data2\" content=\"3 minuty\" \/>\n<script type=\"application\/ld+json\" class=\"yoast-schema-graph\">{\"@context\":\"https:\\\/\\\/schema.org\",\"@graph\":[{\"@type\":\"Article\",\"@id\":\"https:\\\/\\\/www.karaoketexty.cz\\\/magazin\\\/cesky-slavik-2025-ukazal-rodici-se-hvezdu-charlotte-ella-gottova-se-mezi-zpevackami-umistila-na-22-miste\\\/#article\",\"isPartOf\":{\"@id\":\"https:\\\/\\\/www.karaoketexty.cz\\\/magazin\\\/cesky-slavik-2025-ukazal-rodici-se-hvezdu-charlotte-ella-gottova-se-mezi-zpevackami-umistila-na-22-miste\\\/\"},\"author\":{\"name\":\"Veronika \u0160imkov\u00e1\",\"@id\":\"https:\\\/\\\/www.karaoketexty.cz\\\/magazin\\\/#\\\/schema\\\/person\\\/03220d610ed4cba378a72bac3443f821\"},\"headline\":\"\u010cesk\u00fd slav\u00edk 2025 uk\u00e1zal rod\u00edc\u00ed se hv\u011bzdu: Charlotte Ella Gottov\u00e1 se mezi zp\u011bva\u010dkami um\u00edstila na 22. m\u00edst\u011b\",\"datePublished\":\"2025-12-08T07:54:00+00:00\",\"mainEntityOfPage\":{\"@id\":\"https:\\\/\\\/www.karaoketexty.cz\\\/magazin\\\/cesky-slavik-2025-ukazal-rodici-se-hvezdu-charlotte-ella-gottova-se-mezi-zpevackami-umistila-na-22-miste\\\/\"},\"wordCount\":560,\"commentCount\":0,\"image\":{\"@id\":\"https:\\\/\\\/www.karaoketexty.cz\\\/magazin\\\/cesky-slavik-2025-ukazal-rodici-se-hvezdu-charlotte-ella-gottova-se-mezi-zpevackami-umistila-na-22-miste\\\/#primaryimage\"},\"thumbnailUrl\":\"https:\\\/\\\/www.karaoketexty.cz\\\/magazin\\\/wp-content\\\/uploads\\\/2025\\\/12\\\/charlotte-ella-gottova-nelly-sofie-gottova.jpg\",\"keywords\":[\"\u010desk\u00e1 celebrita\",\"\u010desk\u00e1 hudba\",\"\u010cesk\u00e9 celebrity\",\"\u010cesk\u00fd slav\u00edk\",\"Charlotte Ella Gottov\u00e1\",\"Debbi\",\"d\u011bti celebrit\",\"Ewa Farna\",\"fanou\u0161ci\",\"Hudebn\u00ed ceny\",\"Ilona Cs\u00e1kov\u00e1\",\"Instagram\",\"Karel Gott\",\"Lucie B\u00edl\u00e1\",\"osobn\u00ed \u017eivot\",\"soci\u00e1ln\u00ed s\u00edt\u011b\",\"Tereza Kerndlov\u00e1\",\"vztahy celebrit\",\"Wikipedie\",\"Zp\u011bva\u010dka\"],\"articleSection\":[\"Zaj\u00edmavosti\"],\"inLanguage\":\"cs\",\"potentialAction\":[{\"@type\":\"CommentAction\",\"name\":\"Comment\",\"target\":[\"https:\\\/\\\/www.karaoketexty.cz\\\/magazin\\\/cesky-slavik-2025-ukazal-rodici-se-hvezdu-charlotte-ella-gottova-se-mezi-zpevackami-umistila-na-22-miste\\\/#respond\"]}]},{\"@type\":\"WebPage\",\"@id\":\"https:\\\/\\\/www.karaoketexty.cz\\\/magazin\\\/cesky-slavik-2025-ukazal-rodici-se-hvezdu-charlotte-ella-gottova-se-mezi-zpevackami-umistila-na-22-miste\\\/\",\"url\":\"https:\\\/\\\/www.karaoketexty.cz\\\/magazin\\\/cesky-slavik-2025-ukazal-rodici-se-hvezdu-charlotte-ella-gottova-se-mezi-zpevackami-umistila-na-22-miste\\\/\",\"name\":\"Charlotte Ella Gottov\u00e1 se na Slav\u00edc\u00edch um\u00edstila na 22. m\u00edst\u011b\",\"isPartOf\":{\"@id\":\"https:\\\/\\\/www.karaoketexty.cz\\\/magazin\\\/#website\"},\"primaryImageOfPage\":{\"@id\":\"https:\\\/\\\/www.karaoketexty.cz\\\/magazin\\\/cesky-slavik-2025-ukazal-rodici-se-hvezdu-charlotte-ella-gottova-se-mezi-zpevackami-umistila-na-22-miste\\\/#primaryimage\"},\"image\":{\"@id\":\"https:\\\/\\\/www.karaoketexty.cz\\\/magazin\\\/cesky-slavik-2025-ukazal-rodici-se-hvezdu-charlotte-ella-gottova-se-mezi-zpevackami-umistila-na-22-miste\\\/#primaryimage\"},\"thumbnailUrl\":\"https:\\\/\\\/www.karaoketexty.cz\\\/magazin\\\/wp-content\\\/uploads\\\/2025\\\/12\\\/charlotte-ella-gottova-nelly-sofie-gottova.jpg\",\"datePublished\":\"2025-12-08T07:54:00+00:00\",\"author\":{\"@id\":\"https:\\\/\\\/www.karaoketexty.cz\\\/magazin\\\/#\\\/schema\\\/person\\\/03220d610ed4cba378a72bac3443f821\"},\"description\":\"\u010cesk\u00fd slav\u00edk ka\u017ed\u00fd rok ukazuje, kdo zrovna v hudb\u011b v\u00e1l\u00ed. Letos mezi zp\u011bv\u00e1ky pat\u0159ila i Charlotte Ella Gottov\u00e1, kter\u00e1 se um\u00edstila na 22. m\u00edst\u011b.\",\"breadcrumb\":{\"@id\":\"https:\\\/\\\/www.karaoketexty.cz\\\/magazin\\\/cesky-slavik-2025-ukazal-rodici-se-hvezdu-charlotte-ella-gottova-se-mezi-zpevackami-umistila-na-22-miste\\\/#breadcrumb\"},\"inLanguage\":\"cs\",\"potentialAction\":[{\"@type\":\"ReadAction\",\"target\":[\"https:\\\/\\\/www.karaoketexty.cz\\\/magazin\\\/cesky-slavik-2025-ukazal-rodici-se-hvezdu-charlotte-ella-gottova-se-mezi-zpevackami-umistila-na-22-miste\\\/\"]}]},{\"@type\":\"ImageObject\",\"inLanguage\":\"cs\",\"@id\":\"https:\\\/\\\/www.karaoketexty.cz\\\/magazin\\\/cesky-slavik-2025-ukazal-rodici-se-hvezdu-charlotte-ella-gottova-se-mezi-zpevackami-umistila-na-22-miste\\\/#primaryimage\",\"url\":\"https:\\\/\\\/www.karaoketexty.cz\\\/magazin\\\/wp-content\\\/uploads\\\/2025\\\/12\\\/charlotte-ella-gottova-nelly-sofie-gottova.jpg\",\"contentUrl\":\"https:\\\/\\\/www.karaoketexty.cz\\\/magazin\\\/wp-content\\\/uploads\\\/2025\\\/12\\\/charlotte-ella-gottova-nelly-sofie-gottova.jpg\",\"width\":1200,\"height\":720,\"caption\":\"Foto: NextFoto, Charlotta Ella Gottov\u00e1 a Nelly Sofie Gottov\u00e1 na premi\u00e9\u0159e filmov\u00e9 poh\u00e1dky Kdy\u017e draka bol\u00ed hlava\"},{\"@type\":\"BreadcrumbList\",\"@id\":\"https:\\\/\\\/www.karaoketexty.cz\\\/magazin\\\/cesky-slavik-2025-ukazal-rodici-se-hvezdu-charlotte-ella-gottova-se-mezi-zpevackami-umistila-na-22-miste\\\/#breadcrumb\",\"itemListElement\":[{\"@type\":\"ListItem\",\"position\":1,\"name\":\"Dom\u016f\",\"item\":\"https:\\\/\\\/www.karaoketexty.cz\\\/magazin\\\/\"},{\"@type\":\"ListItem\",\"position\":2,\"name\":\"\u010cesk\u00fd slav\u00edk 2025 uk\u00e1zal rod\u00edc\u00ed se hv\u011bzdu: Charlotte Ella Gottov\u00e1 se mezi zp\u011bva\u010dkami um\u00edstila na 22. m\u00edst\u011b\"}]},{\"@type\":\"WebSite\",\"@id\":\"https:\\\/\\\/www.karaoketexty.cz\\\/magazin\\\/#website\",\"url\":\"https:\\\/\\\/www.karaoketexty.cz\\\/magazin\\\/\",\"name\":\"Stars Magaz\u00edn Karaoketexty.cz\",\"description\":\"Stars Magaz\u00edn na Karaoketexty.cz je zam\u011b\u0159en\u00fd na novinky ze sv\u011bta hudby a celebrit. Obsahuje \u010dl\u00e1nky o zp\u011bv\u00e1c\u00edch, kapel\u00e1ch, nov\u00fdch albech, hudebn\u00edch trendech a dal\u0161\u00edch zaj\u00edmavostech z hudebn\u00edho pr\u016fmyslu.\",\"potentialAction\":[{\"@type\":\"SearchAction\",\"target\":{\"@type\":\"EntryPoint\",\"urlTemplate\":\"https:\\\/\\\/www.karaoketexty.cz\\\/magazin\\\/?s={search_term_string}\"},\"query-input\":{\"@type\":\"PropertyValueSpecification\",\"valueRequired\":true,\"valueName\":\"search_term_string\"}}],\"inLanguage\":\"cs\"},{\"@type\":\"Person\",\"@id\":\"https:\\\/\\\/www.karaoketexty.cz\\\/magazin\\\/#\\\/schema\\\/person\\\/03220d610ed4cba378a72bac3443f821\",\"name\":\"Veronika \u0160imkov\u00e1\",\"image\":{\"@type\":\"ImageObject\",\"inLanguage\":\"cs\",\"@id\":\"https:\\\/\\\/secure.gravatar.com\\\/avatar\\\/62af9cda83322200aaf20e60d0442fbca254ce18c0ffdcaaf83de31493c941a5?s=96&d=mm&r=g\",\"url\":\"https:\\\/\\\/secure.gravatar.com\\\/avatar\\\/62af9cda83322200aaf20e60d0442fbca254ce18c0ffdcaaf83de31493c941a5?s=96&d=mm&r=g\",\"contentUrl\":\"https:\\\/\\\/secure.gravatar.com\\\/avatar\\\/62af9cda83322200aaf20e60d0442fbca254ce18c0ffdcaaf83de31493c941a5?s=96&d=mm&r=g\",\"caption\":\"Veronika \u0160imkov\u00e1\"},\"url\":\"https:\\\/\\\/www.karaoketexty.cz\\\/magazin\\\/author\\\/veronikasimkova\\\/\"}]}<\/script>\n<!-- \/ Yoast SEO plugin. -->","yoast_head_json":{"title":"Charlotte Ella Gottov\u00e1 se na Slav\u00edc\u00edch um\u00edstila na 22. m\u00edst\u011b","description":"\u010cesk\u00fd slav\u00edk ka\u017ed\u00fd rok ukazuje, kdo zrovna v hudb\u011b v\u00e1l\u00ed. Letos mezi zp\u011bv\u00e1ky pat\u0159ila i Charlotte Ella Gottov\u00e1, kter\u00e1 se um\u00edstila na 22. m\u00edst\u011b.","robots":{"index":"index","follow":"follow","max-snippet":"max-snippet:-1","max-image-preview":"max-image-preview:large","max-video-preview":"max-video-preview:-1"},"canonical":"https:\/\/www.karaoketexty.cz\/magazin\/cesky-slavik-2025-ukazal-rodici-se-hvezdu-charlotte-ella-gottova-se-mezi-zpevackami-umistila-na-22-miste\/","og_locale":"cs_CZ","og_type":"article","og_title":"Charlotte Ella Gottov\u00e1 se na Slav\u00edc\u00edch um\u00edstila na 22. m\u00edst\u011b","og_description":"\u010cesk\u00fd slav\u00edk ka\u017ed\u00fd rok ukazuje, kdo zrovna v hudb\u011b v\u00e1l\u00ed. Letos mezi zp\u011bv\u00e1ky pat\u0159ila i Charlotte Ella Gottov\u00e1, kter\u00e1 se um\u00edstila na 22. m\u00edst\u011b.","og_url":"https:\/\/www.karaoketexty.cz\/magazin\/cesky-slavik-2025-ukazal-rodici-se-hvezdu-charlotte-ella-gottova-se-mezi-zpevackami-umistila-na-22-miste\/","og_site_name":"Stars Magaz\u00edn Karaoketexty.cz","article_published_time":"2025-12-08T07:54:00+00:00","og_image":[{"width":1200,"height":720,"url":"https:\/\/www.karaoketexty.cz\/magazin\/wp-content\/uploads\/2025\/12\/charlotte-ella-gottova-nelly-sofie-gottova.jpg","type":"image\/jpeg"}],"author":"Veronika \u0160imkov\u00e1","twitter_card":"summary_large_image","twitter_misc":{"Napsal(a)":"Veronika \u0160imkov\u00e1","Odhadovan\u00e1 doba \u010dten\u00ed":"3 minuty"},"schema":{"@context":"https:\/\/schema.org","@graph":[{"@type":"Article","@id":"https:\/\/www.karaoketexty.cz\/magazin\/cesky-slavik-2025-ukazal-rodici-se-hvezdu-charlotte-ella-gottova-se-mezi-zpevackami-umistila-na-22-miste\/#article","isPartOf":{"@id":"https:\/\/www.karaoketexty.cz\/magazin\/cesky-slavik-2025-ukazal-rodici-se-hvezdu-charlotte-ella-gottova-se-mezi-zpevackami-umistila-na-22-miste\/"},"author":{"name":"Veronika \u0160imkov\u00e1","@id":"https:\/\/www.karaoketexty.cz\/magazin\/#\/schema\/person\/03220d610ed4cba378a72bac3443f821"},"headline":"\u010cesk\u00fd slav\u00edk 2025 uk\u00e1zal rod\u00edc\u00ed se hv\u011bzdu: Charlotte Ella Gottov\u00e1 se mezi zp\u011bva\u010dkami um\u00edstila na 22. m\u00edst\u011b","datePublished":"2025-12-08T07:54:00+00:00","mainEntityOfPage":{"@id":"https:\/\/www.karaoketexty.cz\/magazin\/cesky-slavik-2025-ukazal-rodici-se-hvezdu-charlotte-ella-gottova-se-mezi-zpevackami-umistila-na-22-miste\/"},"wordCount":560,"commentCount":0,"image":{"@id":"https:\/\/www.karaoketexty.cz\/magazin\/cesky-slavik-2025-ukazal-rodici-se-hvezdu-charlotte-ella-gottova-se-mezi-zpevackami-umistila-na-22-miste\/#primaryimage"},"thumbnailUrl":"https:\/\/www.karaoketexty.cz\/magazin\/wp-content\/uploads\/2025\/12\/charlotte-ella-gottova-nelly-sofie-gottova.jpg","keywords":["\u010desk\u00e1 celebrita","\u010desk\u00e1 hudba","\u010cesk\u00e9 celebrity","\u010cesk\u00fd slav\u00edk","Charlotte Ella Gottov\u00e1","Debbi","d\u011bti celebrit","Ewa Farna","fanou\u0161ci","Hudebn\u00ed ceny","Ilona Cs\u00e1kov\u00e1","Instagram","Karel Gott","Lucie B\u00edl\u00e1","osobn\u00ed \u017eivot","soci\u00e1ln\u00ed s\u00edt\u011b","Tereza Kerndlov\u00e1","vztahy celebrit","Wikipedie","Zp\u011bva\u010dka"],"articleSection":["Zaj\u00edmavosti"],"inLanguage":"cs","potentialAction":[{"@type":"CommentAction","name":"Comment","target":["https:\/\/www.karaoketexty.cz\/magazin\/cesky-slavik-2025-ukazal-rodici-se-hvezdu-charlotte-ella-gottova-se-mezi-zpevackami-umistila-na-22-miste\/#respond"]}]},{"@type":"WebPage","@id":"https:\/\/www.karaoketexty.cz\/magazin\/cesky-slavik-2025-ukazal-rodici-se-hvezdu-charlotte-ella-gottova-se-mezi-zpevackami-umistila-na-22-miste\/","url":"https:\/\/www.karaoketexty.cz\/magazin\/cesky-slavik-2025-ukazal-rodici-se-hvezdu-charlotte-ella-gottova-se-mezi-zpevackami-umistila-na-22-miste\/","name":"Charlotte Ella Gottov\u00e1 se na Slav\u00edc\u00edch um\u00edstila na 22. m\u00edst\u011b","isPartOf":{"@id":"https:\/\/www.karaoketexty.cz\/magazin\/#website"},"primaryImageOfPage":{"@id":"https:\/\/www.karaoketexty.cz\/magazin\/cesky-slavik-2025-ukazal-rodici-se-hvezdu-charlotte-ella-gottova-se-mezi-zpevackami-umistila-na-22-miste\/#primaryimage"},"image":{"@id":"https:\/\/www.karaoketexty.cz\/magazin\/cesky-slavik-2025-ukazal-rodici-se-hvezdu-charlotte-ella-gottova-se-mezi-zpevackami-umistila-na-22-miste\/#primaryimage"},"thumbnailUrl":"https:\/\/www.karaoketexty.cz\/magazin\/wp-content\/uploads\/2025\/12\/charlotte-ella-gottova-nelly-sofie-gottova.jpg","datePublished":"2025-12-08T07:54:00+00:00","author":{"@id":"https:\/\/www.karaoketexty.cz\/magazin\/#\/schema\/person\/03220d610ed4cba378a72bac3443f821"},"description":"\u010cesk\u00fd slav\u00edk ka\u017ed\u00fd rok ukazuje, kdo zrovna v hudb\u011b v\u00e1l\u00ed. Letos mezi zp\u011bv\u00e1ky pat\u0159ila i Charlotte Ella Gottov\u00e1, kter\u00e1 se um\u00edstila na 22. m\u00edst\u011b.","breadcrumb":{"@id":"https:\/\/www.karaoketexty.cz\/magazin\/cesky-slavik-2025-ukazal-rodici-se-hvezdu-charlotte-ella-gottova-se-mezi-zpevackami-umistila-na-22-miste\/#breadcrumb"},"inLanguage":"cs","potentialAction":[{"@type":"ReadAction","target":["https:\/\/www.karaoketexty.cz\/magazin\/cesky-slavik-2025-ukazal-rodici-se-hvezdu-charlotte-ella-gottova-se-mezi-zpevackami-umistila-na-22-miste\/"]}]},{"@type":"ImageObject","inLanguage":"cs","@id":"https:\/\/www.karaoketexty.cz\/magazin\/cesky-slavik-2025-ukazal-rodici-se-hvezdu-charlotte-ella-gottova-se-mezi-zpevackami-umistila-na-22-miste\/#primaryimage","url":"https:\/\/www.karaoketexty.cz\/magazin\/wp-content\/uploads\/2025\/12\/charlotte-ella-gottova-nelly-sofie-gottova.jpg","contentUrl":"https:\/\/www.karaoketexty.cz\/magazin\/wp-content\/uploads\/2025\/12\/charlotte-ella-gottova-nelly-sofie-gottova.jpg","width":1200,"height":720,"caption":"Foto: NextFoto, Charlotta Ella Gottov\u00e1 a Nelly Sofie Gottov\u00e1 na premi\u00e9\u0159e filmov\u00e9 poh\u00e1dky Kdy\u017e draka bol\u00ed hlava"},{"@type":"BreadcrumbList","@id":"https:\/\/www.karaoketexty.cz\/magazin\/cesky-slavik-2025-ukazal-rodici-se-hvezdu-charlotte-ella-gottova-se-mezi-zpevackami-umistila-na-22-miste\/#breadcrumb","itemListElement":[{"@type":"ListItem","position":1,"name":"Dom\u016f","item":"https:\/\/www.karaoketexty.cz\/magazin\/"},{"@type":"ListItem","position":2,"name":"\u010cesk\u00fd slav\u00edk 2025 uk\u00e1zal rod\u00edc\u00ed se hv\u011bzdu: Charlotte Ella Gottov\u00e1 se mezi zp\u011bva\u010dkami um\u00edstila na 22. m\u00edst\u011b"}]},{"@type":"WebSite","@id":"https:\/\/www.karaoketexty.cz\/magazin\/#website","url":"https:\/\/www.karaoketexty.cz\/magazin\/","name":"Stars Magaz\u00edn Karaoketexty.cz","description":"Stars Magaz\u00edn na Karaoketexty.cz je zam\u011b\u0159en\u00fd na novinky ze sv\u011bta hudby a celebrit. Obsahuje \u010dl\u00e1nky o zp\u011bv\u00e1c\u00edch, kapel\u00e1ch, nov\u00fdch albech, hudebn\u00edch trendech a dal\u0161\u00edch zaj\u00edmavostech z hudebn\u00edho pr\u016fmyslu.","potentialAction":[{"@type":"SearchAction","target":{"@type":"EntryPoint","urlTemplate":"https:\/\/www.karaoketexty.cz\/magazin\/?s={search_term_string}"},"query-input":{"@type":"PropertyValueSpecification","valueRequired":true,"valueName":"search_term_string"}}],"inLanguage":"cs"},{"@type":"Person","@id":"https:\/\/www.karaoketexty.cz\/magazin\/#\/schema\/person\/03220d610ed4cba378a72bac3443f821","name":"Veronika \u0160imkov\u00e1","image":{"@type":"ImageObject","inLanguage":"cs","@id":"https:\/\/secure.gravatar.com\/avatar\/62af9cda83322200aaf20e60d0442fbca254ce18c0ffdcaaf83de31493c941a5?s=96&d=mm&r=g","url":"https:\/\/secure.gravatar.com\/avatar\/62af9cda83322200aaf20e60d0442fbca254ce18c0ffdcaaf83de31493c941a5?s=96&d=mm&r=g","contentUrl":"https:\/\/secure.gravatar.com\/avatar\/62af9cda83322200aaf20e60d0442fbca254ce18c0ffdcaaf83de31493c941a5?s=96&d=mm&r=g","caption":"Veronika \u0160imkov\u00e1"},"url":"https:\/\/www.karaoketexty.cz\/magazin\/author\/veronikasimkova\/"}]}},"_links":{"self":[{"href":"https:\/\/www.karaoketexty.cz\/magazin\/wp-json\/wp\/v2\/posts\/5126","targetHints":{"allow":["GET"]}}],"collection":[{"href":"https:\/\/www.karaoketexty.cz\/magazin\/wp-json\/wp\/v2\/posts"}],"about":[{"href":"https:\/\/www.karaoketexty.cz\/magazin\/wp-json\/wp\/v2\/types\/post"}],"author":[{"embeddable":true,"href":"https:\/\/www.karaoketexty.cz\/magazin\/wp-json\/wp\/v2\/users\/5"}],"replies":[{"embeddable":true,"href":"https:\/\/www.karaoketexty.cz\/magazin\/wp-json\/wp\/v2\/comments?post=5126"}],"version-history":[{"count":4,"href":"https:\/\/www.karaoketexty.cz\/magazin\/wp-json\/wp\/v2\/posts\/5126\/revisions"}],"predecessor-version":[{"id":5311,"href":"https:\/\/www.karaoketexty.cz\/magazin\/wp-json\/wp\/v2\/posts\/5126\/revisions\/5311"}],"wp:featuredmedia":[{"embeddable":true,"href":"https:\/\/www.karaoketexty.cz\/magazin\/wp-json\/wp\/v2\/media\/5116"}],"wp:attachment":[{"href":"https:\/\/www.karaoketexty.cz\/magazin\/wp-json\/wp\/v2\/media?parent=5126"}],"wp:term":[{"taxonomy":"category","embeddable":true,"href":"https:\/\/www.karaoketexty.cz\/magazin\/wp-json\/wp\/v2\/categories?post=5126"},{"taxonomy":"post_tag","embeddable":true,"href":"https:\/\/www.karaoketexty.cz\/magazin\/wp-json\/wp\/v2\/tags?post=5126"}],"curies":[{"name":"wp","href":"https:\/\/api.w.org\/{rel}","templated":true}]}}