{"id":5112,"date":"2025-12-09T10:54:00","date_gmt":"2025-12-09T09:54:00","guid":{"rendered":"https:\/\/www.karaoketexty.cz\/magazin\/?p=5112"},"modified":"2025-12-08T23:25:56","modified_gmt":"2025-12-08T22:25:56","slug":"generacni-posun-ve-zlatem-slavikovi-pohled-na-zpevacku-lucii-bilou-v-roce-promen","status":"publish","type":"post","link":"https:\/\/www.karaoketexty.cz\/magazin\/generacni-posun-ve-zlatem-slavikovi-pohled-na-zpevacku-lucii-bilou-v-roce-promen\/","title":{"rendered":"Genera\u010dn\u00ed posun ve Zlat\u00e9m slav\u00edkovi: Pohled na zp\u011bva\u010dku Lucii B\u00edlou v roce prom\u011bn"},"content":{"rendered":"\n<p><strong>Leto\u0161n\u00ed ro\u010dn\u00edk Zlat\u00e9ho slav\u00edka uk\u00e1zal, \u017ee \u010desk\u00e1 popov\u00e1 sc\u00e9na znovu o\u017e\u00edv\u00e1 d\u00edky mlad\u0161\u00edm jm\u00e9n\u016fm, kter\u00e1 p\u0159ich\u00e1zej\u00ed s jinou energi\u00ed. Lucie B\u00edl\u00e1 p\u0159esto d\u00e1l dr\u017e\u00ed silnou pozici a dokazuje, \u017ee zku\u0161enost a osobitost maj\u00ed v hudb\u011b sv\u00e9 st\u00e1l\u00e9 m\u00edsto.<\/strong><\/p>\n\n\n\n<p>Lucie B\u00edl\u00e1 z\u016fst\u00e1v\u00e1 ikonou, kter\u00e1 dok\u00e1\u017ee zaujmout i po des\u00edtk\u00e1ch let na sc\u00e9n\u011b. Na slavnostn\u00ed ve\u010der letos zvolila st\u0159\u00eddmou, ale p\u016fsobivou kombinaci \u010dern\u00e9 sukn\u011b a b\u00edl\u00e9 halenky, proto\u017ee sv\u00e9mu t\u00fdmu v\u011b\u0159ila, \u017ee pro dan\u00fd ve\u010der c\u00edt\u00ed spr\u00e1vn\u00fd styl. Na Karaoketexty mus\u00edme \u0159\u00edct, \u017ee kdy\u017e na p\u00f3diu p\u0159evzala ocen\u011bn\u00ed za druh\u00e9 m\u00edsto, p\u016fsobila klidn\u011b, sebejist\u011b a hlavn\u011b lidsky. P\u0159esto\u017ee ji tentokr\u00e1t nedoprovodil jej\u00ed partner, nahradil ho syn, kter\u00fd j\u00ed dodal p\u0159irozenou oporu.<\/p>\n\n\n<!-- karaoketexty.cz \/ rectangle2 -->\n<div id=\"PX_37086_709110796310826\"><\/div>\n<script>\n   if(!useMobileAds && !boolUseSeznamAds && !hideAllAds){\n     window.px2 = window.px2 || { conf: {},queue: [] };\n     px2.queue.push(function () {\n        px2.render({\n           slot: {\n              id: 37086\n           },\n            elem: \"PX_37086_709110796310826\"\n        })\n     });\n  }\n<\/script>\n\n<!-- karaoketexty.cz \/ mobile-rectangle3 -->\n<div id=\"PX_37044_714599773297004\"><\/div>\n<script>\n   if(useMobileAds && !boolUseSeznamAds && !hideAllAds){\nwindow.px2 = window.px2 || { conf: {},queue: [] };\npx2.queue.push(function () {\n\tpx2.render({\n\t\tslot: {\n\t\t\tid: 37044\n\t\t},\n\t\telem: \"PX_37044_714599773297004\"\n\t})\n});\n}\n<\/script>\n\n\n<h2 class=\"wp-block-heading\">Oble\u010den\u00ed, kter\u00e9 vzniklo na posledn\u00ed chv\u00edli<\/h2>\n\n\n\n<p>Lucie p\u0159iznala, \u017ee p\u016fvodn\u011b pl\u00e1novala \u00fapln\u011b jinou barvu a cht\u011bla p\u0159ij\u00edt v kost\u00fdmu, kter\u00fd by v\u00edc odpov\u00eddal tradi\u010dn\u00edmu galave\u010deru. Nakonec ale dala na instinkt lid\u00ed kolem sebe a objevila se v \u010dernob\u00edl\u00e9 kombinaci, kter\u00e1 zv\u00fdraznila jej\u00ed p\u0159irozen\u00fd p\u016fvab. T\u00fdm kolem n\u00ed j\u00ed \u0159ekl, \u017ee tak p\u016fsob\u00ed sv\u011b\u017ee a p\u0159ita\u017eliv\u011b, a ona jejich n\u00e1zor p\u0159ijala s lehkost\u00ed, kter\u00e1 ji dlouhodob\u011b vystihuje.<\/p>\n\n\n\n<p>Letos si p\u0159ipomn\u011bla v\u00fdznamn\u00e9 v\u00fdro\u010d\u00ed s partnerem, d\u00edky kter\u00e9mu m\u00e1 pocit, \u017ee stoj\u00ed pevn\u011bji na zemi. V rozhovorech mluv\u00ed o tom, \u017ee se jej\u00ed \u017eivotn\u00ed tempo zm\u011bnilo, ale st\u00e1le v n\u011bm nach\u00e1z\u00ed v\u00e1\u0161e\u0148 pro hudbu i pro projekty mimo p\u00f3dium. Raduje se z pr\u00e1ce ve sv\u00e9m divadle, v\u011bnuje se kulturn\u00edm prostor\u016fm v Otvovic\u00edch a neboj\u00ed se podnikatelsk\u00fdch v\u00fdzev.<\/p>\n\n\n<!-- karaoketexty.cz \/ interscroller1 -->\n\n<div id=\"PX_37041_825057871452834\"><\/div>\n<script>\nif(useMobileAds && !boolUseSeznamAds && !hideAllAds){\n\twindow.px2 = window.px2 || { conf: {},queue: [] };\n\tpx2.queue.push(function () {\n\t\tpx2.render({\n\t\t\tslot: {\n\t\t\t\tid: 37041\n\t\t\t},\n\t\t\telem: \"PX_37041_825057871452834\"\n\t\t})\n\t});\n}\n<\/script>\n\n\n<h2 class=\"wp-block-heading\">Spolupr\u00e1ce s mlad\u0161\u00ed generac\u00ed autor\u016f<\/h2>\n\n\n\n<p>Na nov\u00e9 desce Oby\u010dejn\u00e1 holka pracovala s tv\u016frci, kte\u0159\u00ed jsou v\u00fdrazn\u011b mlad\u0161\u00ed (nap\u0159\u00edklad hudbu i text k p\u00edsni Oby\u010dejn\u00e1 holka j\u00ed slo\u017eil Pok\u00e1\u010d), a p\u0159esto v n\u00ed vid\u00ed jasn\u011b definovanou osobnost, kterou respektuj\u00ed. Kdy\u017e se b\u011bhem nahr\u00e1v\u00e1n\u00ed objevily momenty, kter\u00e9 p\u016fsobily p\u0159\u00edli\u0161 modern\u011b na jej\u00ed styl, dok\u00e1zala zas\u00e1hnout citliv\u011b, ale rozhodn\u011b. Jej\u00ed t\u00fdm ch\u00e1pe, \u017ee pot\u0159ebuje zvuk, kter\u00fd vych\u00e1z\u00ed z dne\u0161n\u00ed doby, ale z\u00e1rove\u0148 odpov\u00edd\u00e1 jej\u00edmu v\u011bku i publiku.<\/p>\n\n\n\n<blockquote class=\"instagram-media\" data-instgrm-captioned data-instgrm-permalink=\"https:\/\/www.instagram.com\/reel\/DRVVtCsiAuz\/?utm_source=ig_embed&amp;utm_campaign=loading\" data-instgrm-version=\"14\" style=\" background:#FFF; border:0; border-radius:3px; box-shadow:0 0 1px 0 rgba(0,0,0,0.5),0 1px 10px 0 rgba(0,0,0,0.15); margin: 1px; max-width:540px; min-width:326px; padding:0; width:99.375%; width:-webkit-calc(100% - 2px); width:calc(100% - 2px);\"><div style=\"padding:16px;\"> <a href=\"https:\/\/www.instagram.com\/reel\/DRVVtCsiAuz\/?utm_source=ig_embed&amp;utm_campaign=loading\" style=\" background:#FFFFFF; line-height:0; padding:0 0; text-align:center; text-decoration:none; width:100%;\" target=\"_blank\"> <div style=\" display: flex; flex-direction: row; align-items: center;\"> <div style=\"background-color: #F4F4F4; border-radius: 50%; flex-grow: 0; height: 40px; margin-right: 14px; width: 40px;\"><\/div> <div style=\"display: flex; flex-direction: column; flex-grow: 1; justify-content: center;\"> <div style=\" background-color: #F4F4F4; border-radius: 4px; flex-grow: 0; height: 14px; margin-bottom: 6px; width: 100px;\"><\/div> <div style=\" background-color: #F4F4F4; border-radius: 4px; flex-grow: 0; height: 14px; width: 60px;\"><\/div><\/div><\/div><div style=\"padding: 19% 0;\"><\/div> <div style=\"display:block; height:50px; margin:0 auto 12px; width:50px;\"><svg width=\"50px\" height=\"50px\" viewBox=\"0 0 60 60\" version=\"1.1\" xmlns=\"https:\/\/www.w3.org\/2000\/svg\" xmlns:xlink=\"https:\/\/www.w3.org\/1999\/xlink\"><g stroke=\"none\" stroke-width=\"1\" fill=\"none\" fill-rule=\"evenodd\"><g transform=\"translate(-511.000000, -20.000000)\" fill=\"#000000\"><g><path d=\"M556.869,30.41 C554.814,30.41 553.148,32.076 553.148,34.131 C553.148,36.186 554.814,37.852 556.869,37.852 C558.924,37.852 560.59,36.186 560.59,34.131 C560.59,32.076 558.924,30.41 556.869,30.41 M541,60.657 C535.114,60.657 530.342,55.887 530.342,50 C530.342,44.114 535.114,39.342 541,39.342 C546.887,39.342 551.658,44.114 551.658,50 C551.658,55.887 546.887,60.657 541,60.657 M541,33.886 C532.1,33.886 524.886,41.1 524.886,50 C524.886,58.899 532.1,66.113 541,66.113 C549.9,66.113 557.115,58.899 557.115,50 C557.115,41.1 549.9,33.886 541,33.886 M565.378,62.101 C565.244,65.022 564.756,66.606 564.346,67.663 C563.803,69.06 563.154,70.057 562.106,71.106 C561.058,72.155 560.06,72.803 558.662,73.347 C557.607,73.757 556.021,74.244 553.102,74.378 C549.944,74.521 548.997,74.552 541,74.552 C533.003,74.552 532.056,74.521 528.898,74.378 C525.979,74.244 524.393,73.757 523.338,73.347 C521.94,72.803 520.942,72.155 519.894,71.106 C518.846,70.057 518.197,69.06 517.654,67.663 C517.244,66.606 516.755,65.022 516.623,62.101 C516.479,58.943 516.448,57.996 516.448,50 C516.448,42.003 516.479,41.056 516.623,37.899 C516.755,34.978 517.244,33.391 517.654,32.338 C518.197,30.938 518.846,29.942 519.894,28.894 C520.942,27.846 521.94,27.196 523.338,26.654 C524.393,26.244 525.979,25.756 528.898,25.623 C532.057,25.479 533.004,25.448 541,25.448 C548.997,25.448 549.943,25.479 553.102,25.623 C556.021,25.756 557.607,26.244 558.662,26.654 C560.06,27.196 561.058,27.846 562.106,28.894 C563.154,29.942 563.803,30.938 564.346,32.338 C564.756,33.391 565.244,34.978 565.378,37.899 C565.522,41.056 565.552,42.003 565.552,50 C565.552,57.996 565.522,58.943 565.378,62.101 M570.82,37.631 C570.674,34.438 570.167,32.258 569.425,30.349 C568.659,28.377 567.633,26.702 565.965,25.035 C564.297,23.368 562.623,22.342 560.652,21.575 C558.743,20.834 556.562,20.326 553.369,20.18 C550.169,20.033 549.148,20 541,20 C532.853,20 531.831,20.033 528.631,20.18 C525.438,20.326 523.257,20.834 521.349,21.575 C519.376,22.342 517.703,23.368 516.035,25.035 C514.368,26.702 513.342,28.377 512.574,30.349 C511.834,32.258 511.326,34.438 511.181,37.631 C511.035,40.831 511,41.851 511,50 C511,58.147 511.035,59.17 511.181,62.369 C511.326,65.562 511.834,67.743 512.574,69.651 C513.342,71.625 514.368,73.296 516.035,74.965 C517.703,76.634 519.376,77.658 521.349,78.425 C523.257,79.167 525.438,79.673 528.631,79.82 C531.831,79.965 532.853,80.001 541,80.001 C549.148,80.001 550.169,79.965 553.369,79.82 C556.562,79.673 558.743,79.167 560.652,78.425 C562.623,77.658 564.297,76.634 565.965,74.965 C567.633,73.296 568.659,71.625 569.425,69.651 C570.167,67.743 570.674,65.562 570.82,62.369 C570.966,59.17 571,58.147 571,50 C571,41.851 570.966,40.831 570.82,37.631\"><\/path><\/g><\/g><\/g><\/svg><\/div><div style=\"padding-top: 8px;\"> <div style=\" color:#3897f0; font-family:Arial,sans-serif; font-size:14px; font-style:normal; font-weight:550; line-height:18px;\">Zobrazit p\u0159\u00edsp\u011bvek na Instagramu<\/div><\/div><div style=\"padding: 12.5% 0;\"><\/div> <div style=\"display: flex; flex-direction: row; margin-bottom: 14px; align-items: center;\"><div> <div style=\"background-color: #F4F4F4; border-radius: 50%; height: 12.5px; width: 12.5px; transform: translateX(0px) translateY(7px);\"><\/div> <div style=\"background-color: #F4F4F4; height: 12.5px; transform: rotate(-45deg) translateX(3px) translateY(1px); width: 12.5px; flex-grow: 0; margin-right: 14px; margin-left: 2px;\"><\/div> <div style=\"background-color: #F4F4F4; border-radius: 50%; height: 12.5px; width: 12.5px; transform: translateX(9px) translateY(-18px);\"><\/div><\/div><div style=\"margin-left: 8px;\"> <div style=\" background-color: #F4F4F4; border-radius: 50%; flex-grow: 0; height: 20px; width: 20px;\"><\/div> <div style=\" width: 0; height: 0; border-top: 2px solid transparent; border-left: 6px solid #f4f4f4; border-bottom: 2px solid transparent; transform: translateX(16px) translateY(-4px) rotate(30deg)\"><\/div><\/div><div style=\"margin-left: auto;\"> <div style=\" width: 0px; border-top: 8px solid #F4F4F4; border-right: 8px solid transparent; transform: translateY(16px);\"><\/div> <div style=\" background-color: #F4F4F4; flex-grow: 0; height: 12px; width: 16px; transform: translateY(-4px);\"><\/div> <div style=\" width: 0; height: 0; border-top: 8px solid #F4F4F4; border-left: 8px solid transparent; transform: translateY(-4px) translateX(8px);\"><\/div><\/div><\/div> <div style=\"display: flex; flex-direction: column; flex-grow: 1; justify-content: center; margin-bottom: 24px;\"> <div style=\" background-color: #F4F4F4; border-radius: 4px; flex-grow: 0; height: 14px; margin-bottom: 6px; width: 224px;\"><\/div> <div style=\" background-color: #F4F4F4; border-radius: 4px; flex-grow: 0; height: 14px; width: 144px;\"><\/div><\/div><\/a><p style=\" color:#c9c8cd; font-family:Arial,sans-serif; font-size:14px; line-height:17px; margin-bottom:0; margin-top:8px; overflow:hidden; padding:8px 0 7px; text-align:center; text-overflow:ellipsis; white-space:nowrap;\"><a href=\"https:\/\/www.instagram.com\/reel\/DRVVtCsiAuz\/?utm_source=ig_embed&amp;utm_campaign=loading\" style=\" color:#c9c8cd; font-family:Arial,sans-serif; font-size:14px; font-style:normal; font-weight:normal; line-height:17px; text-decoration:none;\" target=\"_blank\">P\u0159\u00edsp\u011bvek sd\u00edlen\u00fd Lucie Bi\u0301la\u0301 (@luciebila)<\/a><\/p><\/div><\/blockquote>\n<script async src=\"\/\/www.instagram.com\/embed.js\"><\/script>\n\n\n\n<p>Na albu se objevuj\u00ed skladby, kter\u00e9 odr\u00e1\u017eej\u00ed jej\u00ed sou\u010dasn\u00e9 rozpolo\u017een\u00ed. Tituln\u00ed p\u00edse\u0148 ukazuje \u017eenu, kter\u00e1 sice \u017eije v profesi na o\u010d\u00edch ve\u0159ejnosti, ale jinak \u017eije b\u011b\u017en\u00fd \u017eivot s radostmi i chybami. Vrchol cel\u00e9ho alba tvo\u0159\u00ed p\u00edse\u0148 Amen, kterou vn\u00edm\u00e1 jako osobn\u00ed modlitbu. Je to m\u00edsto, kde m\u016f\u017ee uvolnit nap\u011bt\u00ed a nahlas vyslovit ot\u00e1zky, na kter\u00e9 \u010dasto nenach\u00e1z\u00ed odpov\u011b\u010f.<\/p>\n\n\n\n<p>Zdroj: Autorsk\u00fd text, <a href=\"https:\/\/www.luciebila.com\/diskografie\/\">Luci<\/a><a href=\"https:\/\/www.luciebila.com\/diskografie\/\" target=\"_blank\" rel=\"noreferrer noopener nofollow\">e<\/a><a href=\"https:\/\/www.luciebila.com\/diskografie\/\">B\u00edl\u00e1Official<\/a>, <a href=\"https:\/\/www.novinky.cz\/clanek\/kultura-hudba-dravost-porad-mam-jen-ji-pouzivam-trochu-jinak-rika-zpevacka-lucie-bila-40547699\" target=\"_blank\" rel=\"noreferrer noopener nofollow\">Novinky<\/a>, <a href=\"https:\/\/dvojka.rozhlas.cz\/zpevacka-lucie-bila-uz-nejsem-ta-neprehlednutelna-koruna-stromu-jsem-kmen-a-brzy-9574566\" target=\"_blank\" rel=\"noreferrer noopener nofollow\">\u010cesk\u00fdRozhlas<\/a>, <a href=\"https:\/\/www.instagram.com\/reel\/DRVVtCsiAuz\/?utm_source=ig_web_copy_link&amp;igsh=MzRlODBiNWFlZA==\">Instagram LucieB\u00edl\u00e1<\/a><\/p>\n\n\n            <a href=\"https:\/\/www.karaoketexty.cz\/magazin\/jak-bydli-zpevacka-lucie-bila\/\" class=\"related-post-link\">\n                <div class=\"post-thumbnail\">\n                    <img decoding=\"async\" width=\"225\" height=\"180\" src=\"https:\/\/www.karaoketexty.cz\/magazin\/wp-content\/uploads\/2025\/04\/lucie-bila-krest-sklizen.avif\" class=\"attachment-250x180 size-250x180 not-transparent\" alt=\"Fotografie Lucie B\u00edl\u00e9 na k\u0159tu knihy Sklize\u0148\" data-has-transparency=\"false\" data-dominant-color=\"816e63\" style=\"--dominant-color: #816e63;\" \/>                <\/div>\n                <div class=\"post-details\">\n                    <span class=\"also-read\">\u010ct\u011bte tak\u00e9:<\/span>\n                    <h3 class=\"hed\">Modern\u00ed s\u00eddlo Lucie B\u00edl\u00e9 u\u017e spolklo v\u00edce ne\u017e 40 milion\u016f. Jak se bydl\u00ed \u010desk\u00e9 slavici<\/h3>\n                <\/div>\n            <\/a>\n            \n\n            <a href=\"https:\/\/www.karaoketexty.cz\/magazin\/lucie-bila-prichazi-s-novym-singlem-obycejna-holka-a-pripravuje-album\/\" class=\"related-post-link\">\n                <div class=\"post-thumbnail\">\n                    <img decoding=\"async\" width=\"250\" height=\"141\" src=\"https:\/\/www.karaoketexty.cz\/magazin\/wp-content\/uploads\/2025\/08\/lucie-bila-nove-album.jpg\" class=\"attachment-250x180 size-250x180 not-transparent\" alt=\"Lucie B\u00edl\u00e1 nov\u00e9 album\" srcset=\"https:\/\/www.karaoketexty.cz\/magazin\/wp-content\/uploads\/2025\/08\/lucie-bila-nove-album.jpg 1200w, https:\/\/www.karaoketexty.cz\/magazin\/wp-content\/uploads\/2025\/08\/lucie-bila-nove-album-300x169.jpg 300w, https:\/\/www.karaoketexty.cz\/magazin\/wp-content\/uploads\/2025\/08\/lucie-bila-nove-album-1024x576.jpg 1024w, https:\/\/www.karaoketexty.cz\/magazin\/wp-content\/uploads\/2025\/08\/lucie-bila-nove-album-768x432.jpg 768w, https:\/\/www.karaoketexty.cz\/magazin\/wp-content\/uploads\/2025\/08\/lucie-bila-nove-album-800x450.jpg 800w\" sizes=\"(max-width: 250px) 100vw, 250px\" data-has-transparency=\"false\" data-dominant-color=\"968375\" style=\"--dominant-color: #968375;\" \/>                <\/div>\n                <div class=\"post-details\">\n                    <span class=\"also-read\">\u010ct\u011bte tak\u00e9:<\/span>\n                    <h3 class=\"hed\">Lucie B\u00edl\u00e1 p\u0159ich\u00e1z\u00ed s nov\u00fdm singlem \u201eOby\u010dejn\u00e1 holka\u201c a p\u0159ipravuje album<\/h3>\n                <\/div>\n            <\/a>\n            ","protected":false},"excerpt":{"rendered":"<p>Leto\u0161n\u00ed ro\u010dn\u00edk Zlat\u00e9ho slav\u00edka uk\u00e1zal, \u017ee \u010desk\u00e1 popov\u00e1 sc\u00e9na znovu o\u017e\u00edv\u00e1 d\u00edky mlad\u0161\u00edm jm\u00e9n\u016fm, kter\u00e1 p\u0159ich\u00e1zej\u00ed s jinou energi\u00ed. Lucie B\u00edl\u00e1 p\u0159esto d\u00e1l dr\u017e\u00ed silnou pozici a dokazuje, \u017ee zku\u0161enost a osobitost maj\u00ed v hudb\u011b sv\u00e9 st\u00e1l\u00e9 m\u00edsto.<\/p>\n","protected":false},"author":5,"featured_media":5106,"comment_status":"open","ping_status":"closed","sticky":false,"template":"","format":"standard","meta":{"_yoast_wpseo_title":"Genera\u010dn\u00ed posun ve Slav\u00edkovi a Lucie B\u00edl\u00e1 v roce prom\u011bn","_yoast_wpseo_metadesc":"Lucie B\u00edl\u00e1 udr\u017euje svou pozici na \u010desk\u00e9 hudebn\u00ed sc\u00e9n\u011b i v roce 2025 a ukazuje, jak zvl\u00e1d\u00e1 spolupr\u00e1ci s mlad\u0161\u00ed generac\u00ed autor\u016f.","footnotes":""},"categories":[1059],"tags":[124,562,571,12,1743,698,348,500,58,274,535,275,375,553,105,365,1421,99,708,51],"class_list":["post-5112","post","type-post","status-publish","format-standard","has-post-thumbnail","hentry","category-celebrity","tag-album","tag-ceska-celebrita","tag-ceska-hudba","tag-ceske-celebrity","tag-cesky-slavik","tag-fanousci","tag-hudebni-ceny","tag-instagram","tag-lucie-bila","tag-moda","tag-nove-album","tag-obleceni","tag-osobni-zivot","tag-partnerstvi","tag-pisen","tag-podnikani-celebrit","tag-pokac","tag-rodina","tag-styl","tag-zpevacka"],"yoast_head":"<!-- This site is optimized with the Yoast SEO plugin v27.5 - https:\/\/yoast.com\/product\/yoast-seo-wordpress\/ -->\n<title>Genera\u010dn\u00ed posun ve Slav\u00edkovi a Lucie B\u00edl\u00e1 v roce prom\u011bn<\/title>\n<meta name=\"description\" content=\"Lucie B\u00edl\u00e1 udr\u017euje svou pozici na \u010desk\u00e9 hudebn\u00ed sc\u00e9n\u011b i v roce 2025 a ukazuje, jak zvl\u00e1d\u00e1 spolupr\u00e1ci s mlad\u0161\u00ed generac\u00ed autor\u016f.\" \/>\n<meta name=\"robots\" content=\"index, follow, max-snippet:-1, max-image-preview:large, max-video-preview:-1\" \/>\n<link rel=\"canonical\" href=\"https:\/\/www.karaoketexty.cz\/magazin\/generacni-posun-ve-zlatem-slavikovi-pohled-na-zpevacku-lucii-bilou-v-roce-promen\/\" \/>\n<meta property=\"og:locale\" content=\"cs_CZ\" \/>\n<meta property=\"og:type\" content=\"article\" \/>\n<meta property=\"og:title\" content=\"Genera\u010dn\u00ed posun ve Slav\u00edkovi a Lucie B\u00edl\u00e1 v roce prom\u011bn\" \/>\n<meta property=\"og:description\" content=\"Lucie B\u00edl\u00e1 udr\u017euje svou pozici na \u010desk\u00e9 hudebn\u00ed sc\u00e9n\u011b i v roce 2025 a ukazuje, jak zvl\u00e1d\u00e1 spolupr\u00e1ci s mlad\u0161\u00ed generac\u00ed autor\u016f.\" \/>\n<meta property=\"og:url\" content=\"https:\/\/www.karaoketexty.cz\/magazin\/generacni-posun-ve-zlatem-slavikovi-pohled-na-zpevacku-lucii-bilou-v-roce-promen\/\" \/>\n<meta property=\"og:site_name\" content=\"Stars Magaz\u00edn Karaoketexty.cz\" \/>\n<meta property=\"article:published_time\" content=\"2025-12-09T09:54:00+00:00\" \/>\n<meta property=\"og:image\" content=\"https:\/\/www.karaoketexty.cz\/magazin\/wp-content\/uploads\/2025\/12\/lucie-bila.jpg\" \/>\n\t<meta property=\"og:image:width\" content=\"1200\" \/>\n\t<meta property=\"og:image:height\" content=\"675\" \/>\n\t<meta property=\"og:image:type\" content=\"image\/jpeg\" \/>\n<meta name=\"author\" content=\"Veronika \u0160imkov\u00e1\" \/>\n<meta name=\"twitter:card\" content=\"summary_large_image\" \/>\n<meta name=\"twitter:label1\" content=\"Napsal(a)\" \/>\n\t<meta name=\"twitter:data1\" content=\"Veronika \u0160imkov\u00e1\" \/>\n\t<meta name=\"twitter:label2\" content=\"Odhadovan\u00e1 doba \u010dten\u00ed\" \/>\n\t<meta name=\"twitter:data2\" content=\"3 minuty\" \/>\n<script type=\"application\/ld+json\" class=\"yoast-schema-graph\">{\"@context\":\"https:\\\/\\\/schema.org\",\"@graph\":[{\"@type\":\"Article\",\"@id\":\"https:\\\/\\\/www.karaoketexty.cz\\\/magazin\\\/generacni-posun-ve-zlatem-slavikovi-pohled-na-zpevacku-lucii-bilou-v-roce-promen\\\/#article\",\"isPartOf\":{\"@id\":\"https:\\\/\\\/www.karaoketexty.cz\\\/magazin\\\/generacni-posun-ve-zlatem-slavikovi-pohled-na-zpevacku-lucii-bilou-v-roce-promen\\\/\"},\"author\":{\"name\":\"Veronika \u0160imkov\u00e1\",\"@id\":\"https:\\\/\\\/www.karaoketexty.cz\\\/magazin\\\/#\\\/schema\\\/person\\\/03220d610ed4cba378a72bac3443f821\"},\"headline\":\"Genera\u010dn\u00ed posun ve Zlat\u00e9m slav\u00edkovi: Pohled na zp\u011bva\u010dku Lucii B\u00edlou v roce prom\u011bn\",\"datePublished\":\"2025-12-09T09:54:00+00:00\",\"mainEntityOfPage\":{\"@id\":\"https:\\\/\\\/www.karaoketexty.cz\\\/magazin\\\/generacni-posun-ve-zlatem-slavikovi-pohled-na-zpevacku-lucii-bilou-v-roce-promen\\\/\"},\"wordCount\":548,\"commentCount\":0,\"image\":{\"@id\":\"https:\\\/\\\/www.karaoketexty.cz\\\/magazin\\\/generacni-posun-ve-zlatem-slavikovi-pohled-na-zpevacku-lucii-bilou-v-roce-promen\\\/#primaryimage\"},\"thumbnailUrl\":\"https:\\\/\\\/www.karaoketexty.cz\\\/magazin\\\/wp-content\\\/uploads\\\/2025\\\/12\\\/lucie-bila.jpg\",\"keywords\":[\"album\",\"\u010desk\u00e1 celebrita\",\"\u010desk\u00e1 hudba\",\"\u010cesk\u00e9 celebrity\",\"\u010cesk\u00fd slav\u00edk\",\"fanou\u0161ci\",\"Hudebn\u00ed ceny\",\"Instagram\",\"Lucie B\u00edl\u00e1\",\"M\u00f3da\",\"nov\u00e9 album\",\"Oble\u010den\u00ed\",\"osobn\u00ed \u017eivot\",\"partnerstv\u00ed\",\"P\u00edse\u0148\",\"podnik\u00e1n\u00ed celebrit\",\"Pok\u00e1\u010d\",\"Rodina\",\"styl\",\"Zp\u011bva\u010dka\"],\"articleSection\":[\"Celebrity\"],\"inLanguage\":\"cs\",\"potentialAction\":[{\"@type\":\"CommentAction\",\"name\":\"Comment\",\"target\":[\"https:\\\/\\\/www.karaoketexty.cz\\\/magazin\\\/generacni-posun-ve-zlatem-slavikovi-pohled-na-zpevacku-lucii-bilou-v-roce-promen\\\/#respond\"]}]},{\"@type\":\"WebPage\",\"@id\":\"https:\\\/\\\/www.karaoketexty.cz\\\/magazin\\\/generacni-posun-ve-zlatem-slavikovi-pohled-na-zpevacku-lucii-bilou-v-roce-promen\\\/\",\"url\":\"https:\\\/\\\/www.karaoketexty.cz\\\/magazin\\\/generacni-posun-ve-zlatem-slavikovi-pohled-na-zpevacku-lucii-bilou-v-roce-promen\\\/\",\"name\":\"Genera\u010dn\u00ed posun ve Slav\u00edkovi a Lucie B\u00edl\u00e1 v roce prom\u011bn\",\"isPartOf\":{\"@id\":\"https:\\\/\\\/www.karaoketexty.cz\\\/magazin\\\/#website\"},\"primaryImageOfPage\":{\"@id\":\"https:\\\/\\\/www.karaoketexty.cz\\\/magazin\\\/generacni-posun-ve-zlatem-slavikovi-pohled-na-zpevacku-lucii-bilou-v-roce-promen\\\/#primaryimage\"},\"image\":{\"@id\":\"https:\\\/\\\/www.karaoketexty.cz\\\/magazin\\\/generacni-posun-ve-zlatem-slavikovi-pohled-na-zpevacku-lucii-bilou-v-roce-promen\\\/#primaryimage\"},\"thumbnailUrl\":\"https:\\\/\\\/www.karaoketexty.cz\\\/magazin\\\/wp-content\\\/uploads\\\/2025\\\/12\\\/lucie-bila.jpg\",\"datePublished\":\"2025-12-09T09:54:00+00:00\",\"author\":{\"@id\":\"https:\\\/\\\/www.karaoketexty.cz\\\/magazin\\\/#\\\/schema\\\/person\\\/03220d610ed4cba378a72bac3443f821\"},\"description\":\"Lucie B\u00edl\u00e1 udr\u017euje svou pozici na \u010desk\u00e9 hudebn\u00ed sc\u00e9n\u011b i v roce 2025 a ukazuje, jak zvl\u00e1d\u00e1 spolupr\u00e1ci s mlad\u0161\u00ed generac\u00ed autor\u016f.\",\"breadcrumb\":{\"@id\":\"https:\\\/\\\/www.karaoketexty.cz\\\/magazin\\\/generacni-posun-ve-zlatem-slavikovi-pohled-na-zpevacku-lucii-bilou-v-roce-promen\\\/#breadcrumb\"},\"inLanguage\":\"cs\",\"potentialAction\":[{\"@type\":\"ReadAction\",\"target\":[\"https:\\\/\\\/www.karaoketexty.cz\\\/magazin\\\/generacni-posun-ve-zlatem-slavikovi-pohled-na-zpevacku-lucii-bilou-v-roce-promen\\\/\"]}]},{\"@type\":\"ImageObject\",\"inLanguage\":\"cs\",\"@id\":\"https:\\\/\\\/www.karaoketexty.cz\\\/magazin\\\/generacni-posun-ve-zlatem-slavikovi-pohled-na-zpevacku-lucii-bilou-v-roce-promen\\\/#primaryimage\",\"url\":\"https:\\\/\\\/www.karaoketexty.cz\\\/magazin\\\/wp-content\\\/uploads\\\/2025\\\/12\\\/lucie-bila.jpg\",\"contentUrl\":\"https:\\\/\\\/www.karaoketexty.cz\\\/magazin\\\/wp-content\\\/uploads\\\/2025\\\/12\\\/lucie-bila.jpg\",\"width\":1200,\"height\":675,\"caption\":\"Fotografie: Nextfoto\"},{\"@type\":\"BreadcrumbList\",\"@id\":\"https:\\\/\\\/www.karaoketexty.cz\\\/magazin\\\/generacni-posun-ve-zlatem-slavikovi-pohled-na-zpevacku-lucii-bilou-v-roce-promen\\\/#breadcrumb\",\"itemListElement\":[{\"@type\":\"ListItem\",\"position\":1,\"name\":\"Dom\u016f\",\"item\":\"https:\\\/\\\/www.karaoketexty.cz\\\/magazin\\\/\"},{\"@type\":\"ListItem\",\"position\":2,\"name\":\"Genera\u010dn\u00ed posun ve Zlat\u00e9m slav\u00edkovi: Pohled na zp\u011bva\u010dku Lucii B\u00edlou v roce prom\u011bn\"}]},{\"@type\":\"WebSite\",\"@id\":\"https:\\\/\\\/www.karaoketexty.cz\\\/magazin\\\/#website\",\"url\":\"https:\\\/\\\/www.karaoketexty.cz\\\/magazin\\\/\",\"name\":\"Stars Magaz\u00edn Karaoketexty.cz\",\"description\":\"Stars Magaz\u00edn na Karaoketexty.cz je zam\u011b\u0159en\u00fd na novinky ze sv\u011bta hudby a celebrit. Obsahuje \u010dl\u00e1nky o zp\u011bv\u00e1c\u00edch, kapel\u00e1ch, nov\u00fdch albech, hudebn\u00edch trendech a dal\u0161\u00edch zaj\u00edmavostech z hudebn\u00edho pr\u016fmyslu.\",\"potentialAction\":[{\"@type\":\"SearchAction\",\"target\":{\"@type\":\"EntryPoint\",\"urlTemplate\":\"https:\\\/\\\/www.karaoketexty.cz\\\/magazin\\\/?s={search_term_string}\"},\"query-input\":{\"@type\":\"PropertyValueSpecification\",\"valueRequired\":true,\"valueName\":\"search_term_string\"}}],\"inLanguage\":\"cs\"},{\"@type\":\"Person\",\"@id\":\"https:\\\/\\\/www.karaoketexty.cz\\\/magazin\\\/#\\\/schema\\\/person\\\/03220d610ed4cba378a72bac3443f821\",\"name\":\"Veronika \u0160imkov\u00e1\",\"image\":{\"@type\":\"ImageObject\",\"inLanguage\":\"cs\",\"@id\":\"https:\\\/\\\/secure.gravatar.com\\\/avatar\\\/62af9cda83322200aaf20e60d0442fbca254ce18c0ffdcaaf83de31493c941a5?s=96&d=mm&r=g\",\"url\":\"https:\\\/\\\/secure.gravatar.com\\\/avatar\\\/62af9cda83322200aaf20e60d0442fbca254ce18c0ffdcaaf83de31493c941a5?s=96&d=mm&r=g\",\"contentUrl\":\"https:\\\/\\\/secure.gravatar.com\\\/avatar\\\/62af9cda83322200aaf20e60d0442fbca254ce18c0ffdcaaf83de31493c941a5?s=96&d=mm&r=g\",\"caption\":\"Veronika \u0160imkov\u00e1\"},\"url\":\"https:\\\/\\\/www.karaoketexty.cz\\\/magazin\\\/author\\\/veronikasimkova\\\/\"}]}<\/script>\n<!-- \/ Yoast SEO plugin. -->","yoast_head_json":{"title":"Genera\u010dn\u00ed posun ve Slav\u00edkovi a Lucie B\u00edl\u00e1 v roce prom\u011bn","description":"Lucie B\u00edl\u00e1 udr\u017euje svou pozici na \u010desk\u00e9 hudebn\u00ed sc\u00e9n\u011b i v roce 2025 a ukazuje, jak zvl\u00e1d\u00e1 spolupr\u00e1ci s mlad\u0161\u00ed generac\u00ed autor\u016f.","robots":{"index":"index","follow":"follow","max-snippet":"max-snippet:-1","max-image-preview":"max-image-preview:large","max-video-preview":"max-video-preview:-1"},"canonical":"https:\/\/www.karaoketexty.cz\/magazin\/generacni-posun-ve-zlatem-slavikovi-pohled-na-zpevacku-lucii-bilou-v-roce-promen\/","og_locale":"cs_CZ","og_type":"article","og_title":"Genera\u010dn\u00ed posun ve Slav\u00edkovi a Lucie B\u00edl\u00e1 v roce prom\u011bn","og_description":"Lucie B\u00edl\u00e1 udr\u017euje svou pozici na \u010desk\u00e9 hudebn\u00ed sc\u00e9n\u011b i v roce 2025 a ukazuje, jak zvl\u00e1d\u00e1 spolupr\u00e1ci s mlad\u0161\u00ed generac\u00ed autor\u016f.","og_url":"https:\/\/www.karaoketexty.cz\/magazin\/generacni-posun-ve-zlatem-slavikovi-pohled-na-zpevacku-lucii-bilou-v-roce-promen\/","og_site_name":"Stars Magaz\u00edn Karaoketexty.cz","article_published_time":"2025-12-09T09:54:00+00:00","og_image":[{"width":1200,"height":675,"url":"https:\/\/www.karaoketexty.cz\/magazin\/wp-content\/uploads\/2025\/12\/lucie-bila.jpg","type":"image\/jpeg"}],"author":"Veronika \u0160imkov\u00e1","twitter_card":"summary_large_image","twitter_misc":{"Napsal(a)":"Veronika \u0160imkov\u00e1","Odhadovan\u00e1 doba \u010dten\u00ed":"3 minuty"},"schema":{"@context":"https:\/\/schema.org","@graph":[{"@type":"Article","@id":"https:\/\/www.karaoketexty.cz\/magazin\/generacni-posun-ve-zlatem-slavikovi-pohled-na-zpevacku-lucii-bilou-v-roce-promen\/#article","isPartOf":{"@id":"https:\/\/www.karaoketexty.cz\/magazin\/generacni-posun-ve-zlatem-slavikovi-pohled-na-zpevacku-lucii-bilou-v-roce-promen\/"},"author":{"name":"Veronika \u0160imkov\u00e1","@id":"https:\/\/www.karaoketexty.cz\/magazin\/#\/schema\/person\/03220d610ed4cba378a72bac3443f821"},"headline":"Genera\u010dn\u00ed posun ve Zlat\u00e9m slav\u00edkovi: Pohled na zp\u011bva\u010dku Lucii B\u00edlou v roce prom\u011bn","datePublished":"2025-12-09T09:54:00+00:00","mainEntityOfPage":{"@id":"https:\/\/www.karaoketexty.cz\/magazin\/generacni-posun-ve-zlatem-slavikovi-pohled-na-zpevacku-lucii-bilou-v-roce-promen\/"},"wordCount":548,"commentCount":0,"image":{"@id":"https:\/\/www.karaoketexty.cz\/magazin\/generacni-posun-ve-zlatem-slavikovi-pohled-na-zpevacku-lucii-bilou-v-roce-promen\/#primaryimage"},"thumbnailUrl":"https:\/\/www.karaoketexty.cz\/magazin\/wp-content\/uploads\/2025\/12\/lucie-bila.jpg","keywords":["album","\u010desk\u00e1 celebrita","\u010desk\u00e1 hudba","\u010cesk\u00e9 celebrity","\u010cesk\u00fd slav\u00edk","fanou\u0161ci","Hudebn\u00ed ceny","Instagram","Lucie B\u00edl\u00e1","M\u00f3da","nov\u00e9 album","Oble\u010den\u00ed","osobn\u00ed \u017eivot","partnerstv\u00ed","P\u00edse\u0148","podnik\u00e1n\u00ed celebrit","Pok\u00e1\u010d","Rodina","styl","Zp\u011bva\u010dka"],"articleSection":["Celebrity"],"inLanguage":"cs","potentialAction":[{"@type":"CommentAction","name":"Comment","target":["https:\/\/www.karaoketexty.cz\/magazin\/generacni-posun-ve-zlatem-slavikovi-pohled-na-zpevacku-lucii-bilou-v-roce-promen\/#respond"]}]},{"@type":"WebPage","@id":"https:\/\/www.karaoketexty.cz\/magazin\/generacni-posun-ve-zlatem-slavikovi-pohled-na-zpevacku-lucii-bilou-v-roce-promen\/","url":"https:\/\/www.karaoketexty.cz\/magazin\/generacni-posun-ve-zlatem-slavikovi-pohled-na-zpevacku-lucii-bilou-v-roce-promen\/","name":"Genera\u010dn\u00ed posun ve Slav\u00edkovi a Lucie B\u00edl\u00e1 v roce prom\u011bn","isPartOf":{"@id":"https:\/\/www.karaoketexty.cz\/magazin\/#website"},"primaryImageOfPage":{"@id":"https:\/\/www.karaoketexty.cz\/magazin\/generacni-posun-ve-zlatem-slavikovi-pohled-na-zpevacku-lucii-bilou-v-roce-promen\/#primaryimage"},"image":{"@id":"https:\/\/www.karaoketexty.cz\/magazin\/generacni-posun-ve-zlatem-slavikovi-pohled-na-zpevacku-lucii-bilou-v-roce-promen\/#primaryimage"},"thumbnailUrl":"https:\/\/www.karaoketexty.cz\/magazin\/wp-content\/uploads\/2025\/12\/lucie-bila.jpg","datePublished":"2025-12-09T09:54:00+00:00","author":{"@id":"https:\/\/www.karaoketexty.cz\/magazin\/#\/schema\/person\/03220d610ed4cba378a72bac3443f821"},"description":"Lucie B\u00edl\u00e1 udr\u017euje svou pozici na \u010desk\u00e9 hudebn\u00ed sc\u00e9n\u011b i v roce 2025 a ukazuje, jak zvl\u00e1d\u00e1 spolupr\u00e1ci s mlad\u0161\u00ed generac\u00ed autor\u016f.","breadcrumb":{"@id":"https:\/\/www.karaoketexty.cz\/magazin\/generacni-posun-ve-zlatem-slavikovi-pohled-na-zpevacku-lucii-bilou-v-roce-promen\/#breadcrumb"},"inLanguage":"cs","potentialAction":[{"@type":"ReadAction","target":["https:\/\/www.karaoketexty.cz\/magazin\/generacni-posun-ve-zlatem-slavikovi-pohled-na-zpevacku-lucii-bilou-v-roce-promen\/"]}]},{"@type":"ImageObject","inLanguage":"cs","@id":"https:\/\/www.karaoketexty.cz\/magazin\/generacni-posun-ve-zlatem-slavikovi-pohled-na-zpevacku-lucii-bilou-v-roce-promen\/#primaryimage","url":"https:\/\/www.karaoketexty.cz\/magazin\/wp-content\/uploads\/2025\/12\/lucie-bila.jpg","contentUrl":"https:\/\/www.karaoketexty.cz\/magazin\/wp-content\/uploads\/2025\/12\/lucie-bila.jpg","width":1200,"height":675,"caption":"Fotografie: Nextfoto"},{"@type":"BreadcrumbList","@id":"https:\/\/www.karaoketexty.cz\/magazin\/generacni-posun-ve-zlatem-slavikovi-pohled-na-zpevacku-lucii-bilou-v-roce-promen\/#breadcrumb","itemListElement":[{"@type":"ListItem","position":1,"name":"Dom\u016f","item":"https:\/\/www.karaoketexty.cz\/magazin\/"},{"@type":"ListItem","position":2,"name":"Genera\u010dn\u00ed posun ve Zlat\u00e9m slav\u00edkovi: Pohled na zp\u011bva\u010dku Lucii B\u00edlou v roce prom\u011bn"}]},{"@type":"WebSite","@id":"https:\/\/www.karaoketexty.cz\/magazin\/#website","url":"https:\/\/www.karaoketexty.cz\/magazin\/","name":"Stars Magaz\u00edn Karaoketexty.cz","description":"Stars Magaz\u00edn na Karaoketexty.cz je zam\u011b\u0159en\u00fd na novinky ze sv\u011bta hudby a celebrit. Obsahuje \u010dl\u00e1nky o zp\u011bv\u00e1c\u00edch, kapel\u00e1ch, nov\u00fdch albech, hudebn\u00edch trendech a dal\u0161\u00edch zaj\u00edmavostech z hudebn\u00edho pr\u016fmyslu.","potentialAction":[{"@type":"SearchAction","target":{"@type":"EntryPoint","urlTemplate":"https:\/\/www.karaoketexty.cz\/magazin\/?s={search_term_string}"},"query-input":{"@type":"PropertyValueSpecification","valueRequired":true,"valueName":"search_term_string"}}],"inLanguage":"cs"},{"@type":"Person","@id":"https:\/\/www.karaoketexty.cz\/magazin\/#\/schema\/person\/03220d610ed4cba378a72bac3443f821","name":"Veronika \u0160imkov\u00e1","image":{"@type":"ImageObject","inLanguage":"cs","@id":"https:\/\/secure.gravatar.com\/avatar\/62af9cda83322200aaf20e60d0442fbca254ce18c0ffdcaaf83de31493c941a5?s=96&d=mm&r=g","url":"https:\/\/secure.gravatar.com\/avatar\/62af9cda83322200aaf20e60d0442fbca254ce18c0ffdcaaf83de31493c941a5?s=96&d=mm&r=g","contentUrl":"https:\/\/secure.gravatar.com\/avatar\/62af9cda83322200aaf20e60d0442fbca254ce18c0ffdcaaf83de31493c941a5?s=96&d=mm&r=g","caption":"Veronika \u0160imkov\u00e1"},"url":"https:\/\/www.karaoketexty.cz\/magazin\/author\/veronikasimkova\/"}]}},"_links":{"self":[{"href":"https:\/\/www.karaoketexty.cz\/magazin\/wp-json\/wp\/v2\/posts\/5112","targetHints":{"allow":["GET"]}}],"collection":[{"href":"https:\/\/www.karaoketexty.cz\/magazin\/wp-json\/wp\/v2\/posts"}],"about":[{"href":"https:\/\/www.karaoketexty.cz\/magazin\/wp-json\/wp\/v2\/types\/post"}],"author":[{"embeddable":true,"href":"https:\/\/www.karaoketexty.cz\/magazin\/wp-json\/wp\/v2\/users\/5"}],"replies":[{"embeddable":true,"href":"https:\/\/www.karaoketexty.cz\/magazin\/wp-json\/wp\/v2\/comments?post=5112"}],"version-history":[{"count":5,"href":"https:\/\/www.karaoketexty.cz\/magazin\/wp-json\/wp\/v2\/posts\/5112\/revisions"}],"predecessor-version":[{"id":5364,"href":"https:\/\/www.karaoketexty.cz\/magazin\/wp-json\/wp\/v2\/posts\/5112\/revisions\/5364"}],"wp:featuredmedia":[{"embeddable":true,"href":"https:\/\/www.karaoketexty.cz\/magazin\/wp-json\/wp\/v2\/media\/5106"}],"wp:attachment":[{"href":"https:\/\/www.karaoketexty.cz\/magazin\/wp-json\/wp\/v2\/media?parent=5112"}],"wp:term":[{"taxonomy":"category","embeddable":true,"href":"https:\/\/www.karaoketexty.cz\/magazin\/wp-json\/wp\/v2\/categories?post=5112"},{"taxonomy":"post_tag","embeddable":true,"href":"https:\/\/www.karaoketexty.cz\/magazin\/wp-json\/wp\/v2\/tags?post=5112"}],"curies":[{"name":"wp","href":"https:\/\/api.w.org\/{rel}","templated":true}]}}