{"id":5105,"date":"2025-12-12T06:24:00","date_gmt":"2025-12-12T05:24:00","guid":{"rendered":"https:\/\/www.karaoketexty.cz\/magazin\/?p=5105"},"modified":"2025-12-10T11:47:43","modified_gmt":"2025-12-10T10:47:43","slug":"vaclav-noid-barta-a-slavik-2025-respekt-ke-kolegum-a-vlna-podpory-od-fanousku","status":"publish","type":"post","link":"https:\/\/www.karaoketexty.cz\/magazin\/vaclav-noid-barta-a-slavik-2025-respekt-ke-kolegum-a-vlna-podpory-od-fanousku\/","title":{"rendered":"V\u00e1clav Noid B\u00e1rta a Slav\u00edk 2025: Respekt ke koleg\u016fm a vlna podpory od fanou\u0161k\u016f"},"content":{"rendered":"\n<p><strong>V\u00e1clav Noid B\u00e1rta za\u017eil b\u011bhem vyhl\u00e1\u0161en\u00ed Zlat\u00e9ho slav\u00edka chv\u00edle, kter\u00e9 s n\u00edm je\u0161t\u011b dlouho z\u016fstanou. V\u00edt\u011bzstv\u00ed, kter\u00e9 ne\u010dekal, ho dostihlo a\u017e doma, kde poprv\u00e9 naplno uk\u00e1zal emoce a pod\u011bkoval lidem, kte\u0159\u00ed ho podpo\u0159ili.<\/strong><\/p>\n\n\n\n<p>Kdy\u017e V\u00e1clav Noid B\u00e1rta p\u0159evzal cenu <em>Zlat\u00fd slav\u00edk<\/em>, chv\u00edli p\u016fsobil, jako by si nebyl jist\u00fd, jestli se to opravdu d\u011bje. Teprve po n\u00e1vratu dom\u016f, kde ho v\u00edtala rodina i jeho zv\u00ed\u0159ata, se dok\u00e1zal nadechnout a v klidu vst\u0159ebat cel\u00fd ve\u010der. Rozhodl se proto nato\u010dit kr\u00e1tk\u00e9 video, ve kter\u00e9m se otev\u0159en\u011b sv\u011b\u0159il s t\u00edm, jak siln\u00e9 okam\u017eiky pro\u017eil, a pod\u011bkoval v\u0161em, kdo mu poslali hlasy, jak jsme si na Karaoketexty v\u0161imli. Jeho slova byla up\u0159\u00edmn\u00e1 a lidsk\u00e1, p\u0159esn\u011b takov\u00e1, jak ho fanou\u0161ci znaj\u00ed.<\/p>\n\n\n<!-- karaoketexty.cz \/ rectangle2 -->\n<div id=\"PX_37086_709110796310826\"><\/div>\n<script>\n   if(!useMobileAds && !boolUseSeznamAds && !hideAllAds){\n     window.px2 = window.px2 || { conf: {},queue: [] };\n     px2.queue.push(function () {\n        px2.render({\n           slot: {\n              id: 37086\n           },\n            elem: \"PX_37086_709110796310826\"\n        })\n     });\n  }\n<\/script>\n\n<!-- karaoketexty.cz \/ mobile-rectangle3 -->\n<div id=\"PX_37044_714599773297004\"><\/div>\n<script>\n   if(useMobileAds && !boolUseSeznamAds && !hideAllAds){\nwindow.px2 = window.px2 || { conf: {},queue: [] };\npx2.queue.push(function () {\n\tpx2.render({\n\t\tslot: {\n\t\t\tid: 37044\n\t\t},\n\t\telem: \"PX_37044_714599773297004\"\n\t})\n});\n}\n<\/script>\n\n\n<h2 class=\"wp-block-heading\">Dojat\u00fd zp\u011bv\u00e1k a prvn\u00ed slzy doma<\/h2>\n\n\n\n<p>Noid v\u00fdhru v\u016fbec ne\u010dekal, jak p\u0159iznal hned po p\u0159ed\u00e1v\u00e1n\u00ed cen pro Super. \u201e<em>Ne\u010dekal jsem to ani n\u00e1hodou. P\u0159\u00edsah\u00e1m, \u017ee jsem nem\u011bl nic p\u0159ipraven\u00e9ho. Doufal jsem, \u017ee bych mohl z\u00edskat zase t\u0159et\u00ed m\u00edsto a&nbsp;vydr\u017eet je\u0161t\u011b rok na t\u00e9 bedn\u011b, proto\u017ee bylo hrozn\u011b p\u0159\u00edjemn\u00e9, kdy\u017e na na\u0161ich koncertech \u0159\u00edkali: Bronzov\u00fd slav\u00edk,<\/em>\u201c popsal je\u0161t\u011b lehce zasko\u010den\u00fd zp\u011bv\u00e1k v rozhovoru. Ve videu na s\u00edt\u00edch ale p\u0159iznal, \u017ee emoce na n\u011bj dolehly a\u017e mezi nejbli\u017e\u0161\u00edmi. N\u011bkolikr\u00e1t zopakoval, jak moc si v\u00e1\u017e\u00ed ka\u017ed\u00e9ho hlasu a ka\u017ed\u00e9 podpory, kter\u00e1 mu pomohla k v\u00edt\u011bzstv\u00ed.<\/p>\n\n\n\n<p>Jeho p\u0159irozenost a citlivost p\u016fsobily velmi autenticky. Nebylo t\u011b\u017ek\u00e9 poznat, \u017ee ho ten ve\u010der opravdu zas\u00e1hl. Ve sv\u00e9m vyj\u00e1d\u0159en\u00ed nezapomn\u011bl ani na kolegy, zejm\u00e9na na Marka Ztracen\u00e9ho, kter\u00fd pat\u0159il mezi favority. <em>\u201eHrozn\u011b moc si v\u00e1\u017e\u00edm toho, co jsi mi, Marku, \u0159ekl. Jsi obrovsk\u00fd bour\u00e1k a v\u0161ichni to v\u00ed, \u017ee j\u00e1 jsem tv\u016fj fanda,\u201c<\/em> vzk\u00e1zal. Pod\u011bkoval i Markov\u011b \u017een\u011b, kter\u00e1 b\u011bhem ve\u010dera sed\u011bla s Noidovou man\u017eelkou. Z jeho slov bylo c\u00edtit up\u0159\u00edmn\u00e9 uzn\u00e1n\u00ed i respekt.<\/p>\n\n\n<!-- karaoketexty.cz \/ interscroller1 -->\n\n<div id=\"PX_37041_825057871452834\"><\/div>\n<script>\nif(useMobileAds && !boolUseSeznamAds && !hideAllAds){\n\twindow.px2 = window.px2 || { conf: {},queue: [] };\n\tpx2.queue.push(function () {\n\t\tpx2.render({\n\t\t\tslot: {\n\t\t\t\tid: 37041\n\t\t\t},\n\t\t\telem: \"PX_37041_825057871452834\"\n\t\t})\n\t});\n}\n<\/script>\n\n\n<h2 class=\"wp-block-heading\">Fanou\u0161ci zaplavili soci\u00e1ln\u00ed s\u00edt\u011b<\/h2>\n\n\n\n<p>Jakmile se v\u00fdsledky objevily na internetu, soci\u00e1ln\u00ed s\u00edt\u011b za\u010daly doslova v\u0159\u00edt. Fanou\u0161ci pos\u00edlali podporu. P\u0159edev\u0161\u00edm vyzdvihovali jeho lidskost, energii na p\u00f3diu a to, jak moc si v\u00edt\u011bzstv\u00ed zaslou\u017e\u00ed. Profil zp\u011bv\u00e1ka se b\u011bhem p\u00e1r hodin zaplnil gratulacemi, kter\u00e9 dokazovaly, \u017ee m\u00e1 okolo sebe nesm\u00edrn\u011b milou a v\u011brnou komunitu. Nutno podotknout, \u017ee jeho v\u00edt\u011bzstv\u00ed nebylo v\u016fbec t\u011bsn\u00e9, druh\u00e9ho Marka Ztracen\u00e9ho porazil s n\u00e1skokem v\u00edce ne\u017e 13 tis\u00edc hlas\u016f.<\/p>\n\n\n\n<blockquote class=\"instagram-media\" data-instgrm-captioned data-instgrm-permalink=\"https:\/\/www.instagram.com\/reel\/DRW_l3BjC2K\/?utm_source=ig_embed&amp;utm_campaign=loading\" data-instgrm-version=\"14\" style=\" background:#FFF; border:0; border-radius:3px; box-shadow:0 0 1px 0 rgba(0,0,0,0.5),0 1px 10px 0 rgba(0,0,0,0.15); margin: 1px; max-width:540px; min-width:326px; padding:0; width:99.375%; width:-webkit-calc(100% - 2px); width:calc(100% - 2px);\"><div style=\"padding:16px;\"> <a href=\"https:\/\/www.instagram.com\/reel\/DRW_l3BjC2K\/?utm_source=ig_embed&amp;utm_campaign=loading\" style=\" background:#FFFFFF; line-height:0; padding:0 0; text-align:center; text-decoration:none; width:100%;\" target=\"_blank\"> <div style=\" display: flex; flex-direction: row; align-items: center;\"> <div style=\"background-color: #F4F4F4; border-radius: 50%; flex-grow: 0; height: 40px; margin-right: 14px; width: 40px;\"><\/div> <div style=\"display: flex; flex-direction: column; flex-grow: 1; justify-content: center;\"> <div style=\" background-color: #F4F4F4; border-radius: 4px; flex-grow: 0; height: 14px; margin-bottom: 6px; width: 100px;\"><\/div> <div style=\" background-color: #F4F4F4; border-radius: 4px; flex-grow: 0; height: 14px; width: 60px;\"><\/div><\/div><\/div><div style=\"padding: 19% 0;\"><\/div> <div style=\"display:block; height:50px; margin:0 auto 12px; width:50px;\"><svg width=\"50px\" height=\"50px\" viewBox=\"0 0 60 60\" version=\"1.1\" xmlns=\"https:\/\/www.w3.org\/2000\/svg\" xmlns:xlink=\"https:\/\/www.w3.org\/1999\/xlink\"><g stroke=\"none\" stroke-width=\"1\" fill=\"none\" fill-rule=\"evenodd\"><g transform=\"translate(-511.000000, -20.000000)\" fill=\"#000000\"><g><path d=\"M556.869,30.41 C554.814,30.41 553.148,32.076 553.148,34.131 C553.148,36.186 554.814,37.852 556.869,37.852 C558.924,37.852 560.59,36.186 560.59,34.131 C560.59,32.076 558.924,30.41 556.869,30.41 M541,60.657 C535.114,60.657 530.342,55.887 530.342,50 C530.342,44.114 535.114,39.342 541,39.342 C546.887,39.342 551.658,44.114 551.658,50 C551.658,55.887 546.887,60.657 541,60.657 M541,33.886 C532.1,33.886 524.886,41.1 524.886,50 C524.886,58.899 532.1,66.113 541,66.113 C549.9,66.113 557.115,58.899 557.115,50 C557.115,41.1 549.9,33.886 541,33.886 M565.378,62.101 C565.244,65.022 564.756,66.606 564.346,67.663 C563.803,69.06 563.154,70.057 562.106,71.106 C561.058,72.155 560.06,72.803 558.662,73.347 C557.607,73.757 556.021,74.244 553.102,74.378 C549.944,74.521 548.997,74.552 541,74.552 C533.003,74.552 532.056,74.521 528.898,74.378 C525.979,74.244 524.393,73.757 523.338,73.347 C521.94,72.803 520.942,72.155 519.894,71.106 C518.846,70.057 518.197,69.06 517.654,67.663 C517.244,66.606 516.755,65.022 516.623,62.101 C516.479,58.943 516.448,57.996 516.448,50 C516.448,42.003 516.479,41.056 516.623,37.899 C516.755,34.978 517.244,33.391 517.654,32.338 C518.197,30.938 518.846,29.942 519.894,28.894 C520.942,27.846 521.94,27.196 523.338,26.654 C524.393,26.244 525.979,25.756 528.898,25.623 C532.057,25.479 533.004,25.448 541,25.448 C548.997,25.448 549.943,25.479 553.102,25.623 C556.021,25.756 557.607,26.244 558.662,26.654 C560.06,27.196 561.058,27.846 562.106,28.894 C563.154,29.942 563.803,30.938 564.346,32.338 C564.756,33.391 565.244,34.978 565.378,37.899 C565.522,41.056 565.552,42.003 565.552,50 C565.552,57.996 565.522,58.943 565.378,62.101 M570.82,37.631 C570.674,34.438 570.167,32.258 569.425,30.349 C568.659,28.377 567.633,26.702 565.965,25.035 C564.297,23.368 562.623,22.342 560.652,21.575 C558.743,20.834 556.562,20.326 553.369,20.18 C550.169,20.033 549.148,20 541,20 C532.853,20 531.831,20.033 528.631,20.18 C525.438,20.326 523.257,20.834 521.349,21.575 C519.376,22.342 517.703,23.368 516.035,25.035 C514.368,26.702 513.342,28.377 512.574,30.349 C511.834,32.258 511.326,34.438 511.181,37.631 C511.035,40.831 511,41.851 511,50 C511,58.147 511.035,59.17 511.181,62.369 C511.326,65.562 511.834,67.743 512.574,69.651 C513.342,71.625 514.368,73.296 516.035,74.965 C517.703,76.634 519.376,77.658 521.349,78.425 C523.257,79.167 525.438,79.673 528.631,79.82 C531.831,79.965 532.853,80.001 541,80.001 C549.148,80.001 550.169,79.965 553.369,79.82 C556.562,79.673 558.743,79.167 560.652,78.425 C562.623,77.658 564.297,76.634 565.965,74.965 C567.633,73.296 568.659,71.625 569.425,69.651 C570.167,67.743 570.674,65.562 570.82,62.369 C570.966,59.17 571,58.147 571,50 C571,41.851 570.966,40.831 570.82,37.631\"><\/path><\/g><\/g><\/g><\/svg><\/div><div style=\"padding-top: 8px;\"> <div style=\" color:#3897f0; font-family:Arial,sans-serif; font-size:14px; font-style:normal; font-weight:550; line-height:18px;\">Zobrazit p\u0159\u00edsp\u011bvek na Instagramu<\/div><\/div><div style=\"padding: 12.5% 0;\"><\/div> <div style=\"display: flex; flex-direction: row; margin-bottom: 14px; align-items: center;\"><div> <div style=\"background-color: #F4F4F4; border-radius: 50%; height: 12.5px; width: 12.5px; transform: translateX(0px) translateY(7px);\"><\/div> <div style=\"background-color: #F4F4F4; height: 12.5px; transform: rotate(-45deg) translateX(3px) translateY(1px); width: 12.5px; flex-grow: 0; margin-right: 14px; margin-left: 2px;\"><\/div> <div style=\"background-color: #F4F4F4; border-radius: 50%; height: 12.5px; width: 12.5px; transform: translateX(9px) translateY(-18px);\"><\/div><\/div><div style=\"margin-left: 8px;\"> <div style=\" background-color: #F4F4F4; border-radius: 50%; flex-grow: 0; height: 20px; width: 20px;\"><\/div> <div style=\" width: 0; height: 0; border-top: 2px solid transparent; border-left: 6px solid #f4f4f4; border-bottom: 2px solid transparent; transform: translateX(16px) translateY(-4px) rotate(30deg)\"><\/div><\/div><div style=\"margin-left: auto;\"> <div style=\" width: 0px; border-top: 8px solid #F4F4F4; border-right: 8px solid transparent; transform: translateY(16px);\"><\/div> <div style=\" background-color: #F4F4F4; flex-grow: 0; height: 12px; width: 16px; transform: translateY(-4px);\"><\/div> <div style=\" width: 0; height: 0; border-top: 8px solid #F4F4F4; border-left: 8px solid transparent; transform: translateY(-4px) translateX(8px);\"><\/div><\/div><\/div> <div style=\"display: flex; flex-direction: column; flex-grow: 1; justify-content: center; margin-bottom: 24px;\"> <div style=\" background-color: #F4F4F4; border-radius: 4px; flex-grow: 0; height: 14px; margin-bottom: 6px; width: 224px;\"><\/div> <div style=\" background-color: #F4F4F4; border-radius: 4px; flex-grow: 0; height: 14px; width: 144px;\"><\/div><\/div><\/a><p style=\" color:#c9c8cd; font-family:Arial,sans-serif; font-size:14px; line-height:17px; margin-bottom:0; margin-top:8px; overflow:hidden; padding:8px 0 7px; text-align:center; text-overflow:ellipsis; white-space:nowrap;\"><a href=\"https:\/\/www.instagram.com\/reel\/DRW_l3BjC2K\/?utm_source=ig_embed&amp;utm_campaign=loading\" style=\" color:#c9c8cd; font-family:Arial,sans-serif; font-size:14px; font-style:normal; font-weight:normal; line-height:17px; text-decoration:none;\" target=\"_blank\">P\u0159\u00edsp\u011bvek sd\u00edlen\u00fd Vaclav Noid Barta (@vaclavnoidbarta_official)<\/a><\/p><\/div><\/blockquote>\n<script async src=\"\/\/www.instagram.com\/embed.js\"><\/script>\n\n\n\n<p>A\u010dkoliv galave\u010dery b\u00fdvaj\u00ed velkolep\u00e9, Noid uk\u00e1zal, \u017ee nejd\u016fle\u017eit\u011bj\u0161\u00ed chv\u00edle pro\u017e\u00edv\u00e1 doma. Sed\u011bl na dvo\u0159e, kolem pob\u00edhala dr\u016fbe\u017e a on se najednou ocitl v prost\u0159ed\u00ed, kter\u00e9 ho dr\u017e\u00ed p\u0159i zemi. Pr\u00e1v\u011b tam si uv\u011bdomil, jak moc pro n\u011bj podpora lid\u00ed znamen\u00e1. Pro jeho fanou\u0161ky to byla dal\u0161\u00ed p\u0159ipom\u00ednka toho, \u017ee pod v\u0161\u00edm \u00fasp\u011bchem stoj\u00ed \u010dlov\u011bk, kter\u00fd svou radost up\u0159\u00edmn\u011b sd\u00edl\u00ed s ostatn\u00edmi.<\/p>\n\n\n\n<p>Zdroj: Autorsk\u00fd text, <a href=\"https:\/\/www.super.cz\/clanek\/celebrity-dojaty-zlaty-slavik-noid-do-posledni-chvile-netusil-ze-vyhraje-dekoval-manzelce-i-prvni-zene-lucii-bile-1519821\" target=\"_blank\" rel=\"noreferrer noopener nofollow\">Super<\/a>, <a href=\"https:\/\/www.instagram.com\/p\/DRW_l3BjC2K\/?hl=cs\" target=\"_blank\" rel=\"noreferrer noopener nofollow\">Instagram V\u00e1clavaNoidaB\u00e1rty<\/a>, <a href=\"https:\/\/tv.nova.cz\/porad\/cesky-slavik\/predchozi-rocniky\" target=\"_blank\" rel=\"noreferrer noopener nofollow\">TVNova<\/a><\/p>\n\n\n            <a href=\"https:\/\/www.karaoketexty.cz\/magazin\/prekvapeni-roku-aneb-jak-vaclav-noid-barta-vystridal-klasicke-hvezdy-a-vyhral-slavika-co-za-tim-stoji\/\" class=\"related-post-link\">\n                <div class=\"post-thumbnail\">\n                    <img decoding=\"async\" width=\"250\" height=\"141\" src=\"https:\/\/www.karaoketexty.cz\/magazin\/wp-content\/uploads\/2025\/12\/vaclav-noid-barta.jpg\" class=\"attachment-250x180 size-250x180 not-transparent\" alt=\"V\u00e1clav Noid B\u00e1rta\" srcset=\"https:\/\/www.karaoketexty.cz\/magazin\/wp-content\/uploads\/2025\/12\/vaclav-noid-barta.jpg 1200w, https:\/\/www.karaoketexty.cz\/magazin\/wp-content\/uploads\/2025\/12\/vaclav-noid-barta-300x169.jpg 300w, https:\/\/www.karaoketexty.cz\/magazin\/wp-content\/uploads\/2025\/12\/vaclav-noid-barta-1024x576.jpg 1024w, https:\/\/www.karaoketexty.cz\/magazin\/wp-content\/uploads\/2025\/12\/vaclav-noid-barta-768x432.jpg 768w, https:\/\/www.karaoketexty.cz\/magazin\/wp-content\/uploads\/2025\/12\/vaclav-noid-barta-800x450.jpg 800w\" sizes=\"(max-width: 250px) 100vw, 250px\" data-has-transparency=\"false\" data-dominant-color=\"383031\" style=\"--dominant-color: #383031;\" \/>                <\/div>\n                <div class=\"post-details\">\n                    <span class=\"also-read\">\u010ct\u011bte tak\u00e9:<\/span>\n                    <h3 class=\"hed\">P\u0159ekvapen\u00ed roku aneb jak V\u00e1clav Noid B\u00e1rta vyst\u0159\u00eddal klasick\u00e9 hv\u011bzdy a vyhr\u00e1l Slav\u00edka: Co za t\u00edm stoj\u00ed<\/h3>\n                <\/div>\n            <\/a>\n            \n\n            <a href=\"https:\/\/www.karaoketexty.cz\/magazin\/chalupa-textare-vaclava-noida-barty\/\" class=\"related-post-link\">\n                <div class=\"post-thumbnail\">\n                    <img decoding=\"async\" width=\"250\" height=\"146\" src=\"https:\/\/www.karaoketexty.cz\/magazin\/wp-content\/uploads\/2025\/10\/vaclav-noid-barta-modni-prehlidka.jpg\" class=\"attachment-250x180 size-250x180 not-transparent\" alt=\"V\u00e1clav Noid B\u00e1rta s Michaelou Noskovou na m\u00f3dn\u00ed p\u0159ehl\u00eddce v \u010dervnu 2025\" srcset=\"https:\/\/www.karaoketexty.cz\/magazin\/wp-content\/uploads\/2025\/10\/vaclav-noid-barta-modni-prehlidka.jpg 1200w, https:\/\/www.karaoketexty.cz\/magazin\/wp-content\/uploads\/2025\/10\/vaclav-noid-barta-modni-prehlidka-300x176.jpg 300w, https:\/\/www.karaoketexty.cz\/magazin\/wp-content\/uploads\/2025\/10\/vaclav-noid-barta-modni-prehlidka-1024x600.jpg 1024w, https:\/\/www.karaoketexty.cz\/magazin\/wp-content\/uploads\/2025\/10\/vaclav-noid-barta-modni-prehlidka-768x450.jpg 768w\" sizes=\"(max-width: 250px) 100vw, 250px\" data-has-transparency=\"false\" data-dominant-color=\"795b43\" style=\"--dominant-color: #795b43;\" \/>                <\/div>\n                <div class=\"post-details\">\n                    <span class=\"also-read\">\u010ct\u011bte tak\u00e9:<\/span>\n                    <h3 class=\"hed\">V\u00e1clav Noid B\u00e1rta si zrekonstruoval starou rodinnou chalupu. P\u0159i\u0161el k\u00a0n\u00ed p\u0159itom n\u00e1hodou<\/h3>\n                <\/div>\n            <\/a>\n            ","protected":false},"excerpt":{"rendered":"<p>V\u00e1clav Noid B\u00e1rta za\u017eil b\u011bhem vyhl\u00e1\u0161en\u00ed Zlat\u00e9ho slav\u00edka chv\u00edle, kter\u00e9 s n\u00edm je\u0161t\u011b dlouho z\u016fstanou. V\u00edt\u011bzstv\u00ed, kter\u00e9 ne\u010dekal, ho dostihlo a\u017e doma, kde poprv\u00e9 naplno uk\u00e1zal emoce a pod\u011bkoval lidem, kte\u0159\u00ed ho podpo\u0159ili.<\/p>\n","protected":false},"author":4,"featured_media":5107,"comment_status":"open","ping_status":"closed","sticky":false,"template":"","format":"standard","meta":{"_yoast_wpseo_title":"V\u00e1clav Noid B\u00e1rta: Respekt ke koleg\u016fm a vlna podpory fanou\u0161k\u016f","_yoast_wpseo_metadesc":"Po n\u00e1vratu z galave\u010dera Slav\u00edka si Noid v klidu domova teprve uv\u011bdomil, jak siln\u00fd ve\u010der pro\u017eil, a jeho fanou\u0161ci mu to dali okam\u017eit\u011b najevo.","footnotes":""},"categories":[1059],"tags":[562,571,1743,1436,698,348,500,203,832,539,2896,3669,2195,1556,88,11],"class_list":["post-5105","post","type-post","status-publish","format-standard","has-post-thumbnail","hentry","category-celebrity","tag-ceska-celebrita","tag-ceska-hudba","tag-cesky-slavik","tag-emoce","tag-fanousci","tag-hudebni-ceny","tag-instagram","tag-marek-ztraceny","tag-osobni-zpoved","tag-socialni-site","tag-super","tag-tv-nova","tag-vaclav-noid-barta","tag-video","tag-vitez","tag-zpevak"],"yoast_head":"<!-- This site is optimized with the Yoast SEO plugin v27.5 - https:\/\/yoast.com\/product\/yoast-seo-wordpress\/ -->\n<title>V\u00e1clav Noid B\u00e1rta: Respekt ke koleg\u016fm a vlna podpory fanou\u0161k\u016f<\/title>\n<meta name=\"description\" content=\"Po n\u00e1vratu z galave\u010dera Slav\u00edka si Noid v klidu domova teprve uv\u011bdomil, jak siln\u00fd ve\u010der pro\u017eil, a jeho fanou\u0161ci mu to dali okam\u017eit\u011b najevo.\" \/>\n<meta name=\"robots\" content=\"index, follow, max-snippet:-1, max-image-preview:large, max-video-preview:-1\" \/>\n<link rel=\"canonical\" href=\"https:\/\/www.karaoketexty.cz\/magazin\/vaclav-noid-barta-a-slavik-2025-respekt-ke-kolegum-a-vlna-podpory-od-fanousku\/\" \/>\n<meta property=\"og:locale\" content=\"cs_CZ\" \/>\n<meta property=\"og:type\" content=\"article\" \/>\n<meta property=\"og:title\" content=\"V\u00e1clav Noid B\u00e1rta: Respekt ke koleg\u016fm a vlna podpory fanou\u0161k\u016f\" \/>\n<meta property=\"og:description\" content=\"Po n\u00e1vratu z galave\u010dera Slav\u00edka si Noid v klidu domova teprve uv\u011bdomil, jak siln\u00fd ve\u010der pro\u017eil, a jeho fanou\u0161ci mu to dali okam\u017eit\u011b najevo.\" \/>\n<meta property=\"og:url\" content=\"https:\/\/www.karaoketexty.cz\/magazin\/vaclav-noid-barta-a-slavik-2025-respekt-ke-kolegum-a-vlna-podpory-od-fanousku\/\" \/>\n<meta property=\"og:site_name\" content=\"Stars Magaz\u00edn Karaoketexty.cz\" \/>\n<meta property=\"article:published_time\" content=\"2025-12-12T05:24:00+00:00\" \/>\n<meta property=\"og:image\" content=\"https:\/\/www.karaoketexty.cz\/magazin\/wp-content\/uploads\/2025\/12\/vaclav-noid-barta.jpg\" \/>\n\t<meta property=\"og:image:width\" content=\"1200\" \/>\n\t<meta property=\"og:image:height\" content=\"675\" \/>\n\t<meta property=\"og:image:type\" content=\"image\/jpeg\" \/>\n<meta name=\"author\" content=\"Barbora Kop\u0159ivov\u00e1\" \/>\n<meta name=\"twitter:card\" content=\"summary_large_image\" \/>\n<meta name=\"twitter:label1\" content=\"Napsal(a)\" \/>\n\t<meta name=\"twitter:data1\" content=\"Barbora Kop\u0159ivov\u00e1\" \/>\n\t<meta name=\"twitter:label2\" content=\"Odhadovan\u00e1 doba \u010dten\u00ed\" \/>\n\t<meta name=\"twitter:data2\" content=\"3 minuty\" \/>\n<script type=\"application\/ld+json\" class=\"yoast-schema-graph\">{\"@context\":\"https:\\\/\\\/schema.org\",\"@graph\":[{\"@type\":\"Article\",\"@id\":\"https:\\\/\\\/www.karaoketexty.cz\\\/magazin\\\/vaclav-noid-barta-a-slavik-2025-respekt-ke-kolegum-a-vlna-podpory-od-fanousku\\\/#article\",\"isPartOf\":{\"@id\":\"https:\\\/\\\/www.karaoketexty.cz\\\/magazin\\\/vaclav-noid-barta-a-slavik-2025-respekt-ke-kolegum-a-vlna-podpory-od-fanousku\\\/\"},\"author\":{\"name\":\"Barbora Kop\u0159ivov\u00e1\",\"@id\":\"https:\\\/\\\/www.karaoketexty.cz\\\/magazin\\\/#\\\/schema\\\/person\\\/37c0164a04038267c8a56ad6d60df749\"},\"headline\":\"V\u00e1clav Noid B\u00e1rta a Slav\u00edk 2025: Respekt ke koleg\u016fm a vlna podpory od fanou\u0161k\u016f\",\"datePublished\":\"2025-12-12T05:24:00+00:00\",\"mainEntityOfPage\":{\"@id\":\"https:\\\/\\\/www.karaoketexty.cz\\\/magazin\\\/vaclav-noid-barta-a-slavik-2025-respekt-ke-kolegum-a-vlna-podpory-od-fanousku\\\/\"},\"wordCount\":623,\"commentCount\":0,\"image\":{\"@id\":\"https:\\\/\\\/www.karaoketexty.cz\\\/magazin\\\/vaclav-noid-barta-a-slavik-2025-respekt-ke-kolegum-a-vlna-podpory-od-fanousku\\\/#primaryimage\"},\"thumbnailUrl\":\"https:\\\/\\\/www.karaoketexty.cz\\\/magazin\\\/wp-content\\\/uploads\\\/2025\\\/12\\\/vaclav-noid-barta.jpg\",\"keywords\":[\"\u010desk\u00e1 celebrita\",\"\u010desk\u00e1 hudba\",\"\u010cesk\u00fd slav\u00edk\",\"emoce\",\"fanou\u0161ci\",\"Hudebn\u00ed ceny\",\"Instagram\",\"Marek Ztracen\u00fd\",\"osobn\u00ed zpov\u011b\u010f\",\"soci\u00e1ln\u00ed s\u00edt\u011b\",\"Super\",\"TV Nova\",\"V\u00e1clav Noid B\u00e1rta\",\"video\",\"v\u00edt\u011bz\",\"Zp\u011bv\u00e1k\"],\"articleSection\":[\"Celebrity\"],\"inLanguage\":\"cs\",\"potentialAction\":[{\"@type\":\"CommentAction\",\"name\":\"Comment\",\"target\":[\"https:\\\/\\\/www.karaoketexty.cz\\\/magazin\\\/vaclav-noid-barta-a-slavik-2025-respekt-ke-kolegum-a-vlna-podpory-od-fanousku\\\/#respond\"]}]},{\"@type\":\"WebPage\",\"@id\":\"https:\\\/\\\/www.karaoketexty.cz\\\/magazin\\\/vaclav-noid-barta-a-slavik-2025-respekt-ke-kolegum-a-vlna-podpory-od-fanousku\\\/\",\"url\":\"https:\\\/\\\/www.karaoketexty.cz\\\/magazin\\\/vaclav-noid-barta-a-slavik-2025-respekt-ke-kolegum-a-vlna-podpory-od-fanousku\\\/\",\"name\":\"V\u00e1clav Noid B\u00e1rta: Respekt ke koleg\u016fm a vlna podpory fanou\u0161k\u016f\",\"isPartOf\":{\"@id\":\"https:\\\/\\\/www.karaoketexty.cz\\\/magazin\\\/#website\"},\"primaryImageOfPage\":{\"@id\":\"https:\\\/\\\/www.karaoketexty.cz\\\/magazin\\\/vaclav-noid-barta-a-slavik-2025-respekt-ke-kolegum-a-vlna-podpory-od-fanousku\\\/#primaryimage\"},\"image\":{\"@id\":\"https:\\\/\\\/www.karaoketexty.cz\\\/magazin\\\/vaclav-noid-barta-a-slavik-2025-respekt-ke-kolegum-a-vlna-podpory-od-fanousku\\\/#primaryimage\"},\"thumbnailUrl\":\"https:\\\/\\\/www.karaoketexty.cz\\\/magazin\\\/wp-content\\\/uploads\\\/2025\\\/12\\\/vaclav-noid-barta.jpg\",\"datePublished\":\"2025-12-12T05:24:00+00:00\",\"author\":{\"@id\":\"https:\\\/\\\/www.karaoketexty.cz\\\/magazin\\\/#\\\/schema\\\/person\\\/37c0164a04038267c8a56ad6d60df749\"},\"description\":\"Po n\u00e1vratu z galave\u010dera Slav\u00edka si Noid v klidu domova teprve uv\u011bdomil, jak siln\u00fd ve\u010der pro\u017eil, a jeho fanou\u0161ci mu to dali okam\u017eit\u011b najevo.\",\"breadcrumb\":{\"@id\":\"https:\\\/\\\/www.karaoketexty.cz\\\/magazin\\\/vaclav-noid-barta-a-slavik-2025-respekt-ke-kolegum-a-vlna-podpory-od-fanousku\\\/#breadcrumb\"},\"inLanguage\":\"cs\",\"potentialAction\":[{\"@type\":\"ReadAction\",\"target\":[\"https:\\\/\\\/www.karaoketexty.cz\\\/magazin\\\/vaclav-noid-barta-a-slavik-2025-respekt-ke-kolegum-a-vlna-podpory-od-fanousku\\\/\"]}]},{\"@type\":\"ImageObject\",\"inLanguage\":\"cs\",\"@id\":\"https:\\\/\\\/www.karaoketexty.cz\\\/magazin\\\/vaclav-noid-barta-a-slavik-2025-respekt-ke-kolegum-a-vlna-podpory-od-fanousku\\\/#primaryimage\",\"url\":\"https:\\\/\\\/www.karaoketexty.cz\\\/magazin\\\/wp-content\\\/uploads\\\/2025\\\/12\\\/vaclav-noid-barta.jpg\",\"contentUrl\":\"https:\\\/\\\/www.karaoketexty.cz\\\/magazin\\\/wp-content\\\/uploads\\\/2025\\\/12\\\/vaclav-noid-barta.jpg\",\"width\":1200,\"height\":675,\"caption\":\"Fotografie: Nextfoto, V\u00e1clav Noid B\u00e1rta na vyhl\u00e1\u0161en\u00ed ankety \u010cesk\u00fd slav\u00edk 2025\"},{\"@type\":\"BreadcrumbList\",\"@id\":\"https:\\\/\\\/www.karaoketexty.cz\\\/magazin\\\/vaclav-noid-barta-a-slavik-2025-respekt-ke-kolegum-a-vlna-podpory-od-fanousku\\\/#breadcrumb\",\"itemListElement\":[{\"@type\":\"ListItem\",\"position\":1,\"name\":\"Dom\u016f\",\"item\":\"https:\\\/\\\/www.karaoketexty.cz\\\/magazin\\\/\"},{\"@type\":\"ListItem\",\"position\":2,\"name\":\"V\u00e1clav Noid B\u00e1rta a Slav\u00edk 2025: Respekt ke koleg\u016fm a vlna podpory od fanou\u0161k\u016f\"}]},{\"@type\":\"WebSite\",\"@id\":\"https:\\\/\\\/www.karaoketexty.cz\\\/magazin\\\/#website\",\"url\":\"https:\\\/\\\/www.karaoketexty.cz\\\/magazin\\\/\",\"name\":\"Stars Magaz\u00edn Karaoketexty.cz\",\"description\":\"Stars Magaz\u00edn na Karaoketexty.cz je zam\u011b\u0159en\u00fd na novinky ze sv\u011bta hudby a celebrit. Obsahuje \u010dl\u00e1nky o zp\u011bv\u00e1c\u00edch, kapel\u00e1ch, nov\u00fdch albech, hudebn\u00edch trendech a dal\u0161\u00edch zaj\u00edmavostech z hudebn\u00edho pr\u016fmyslu.\",\"potentialAction\":[{\"@type\":\"SearchAction\",\"target\":{\"@type\":\"EntryPoint\",\"urlTemplate\":\"https:\\\/\\\/www.karaoketexty.cz\\\/magazin\\\/?s={search_term_string}\"},\"query-input\":{\"@type\":\"PropertyValueSpecification\",\"valueRequired\":true,\"valueName\":\"search_term_string\"}}],\"inLanguage\":\"cs\"},{\"@type\":\"Person\",\"@id\":\"https:\\\/\\\/www.karaoketexty.cz\\\/magazin\\\/#\\\/schema\\\/person\\\/37c0164a04038267c8a56ad6d60df749\",\"name\":\"Barbora Kop\u0159ivov\u00e1\",\"image\":{\"@type\":\"ImageObject\",\"inLanguage\":\"cs\",\"@id\":\"https:\\\/\\\/secure.gravatar.com\\\/avatar\\\/ad2ef9810228386d580851ef4bdde76abaa96054ff5b068c8873bc91afb2df84?s=96&d=mm&r=g\",\"url\":\"https:\\\/\\\/secure.gravatar.com\\\/avatar\\\/ad2ef9810228386d580851ef4bdde76abaa96054ff5b068c8873bc91afb2df84?s=96&d=mm&r=g\",\"contentUrl\":\"https:\\\/\\\/secure.gravatar.com\\\/avatar\\\/ad2ef9810228386d580851ef4bdde76abaa96054ff5b068c8873bc91afb2df84?s=96&d=mm&r=g\",\"caption\":\"Barbora Kop\u0159ivov\u00e1\"},\"url\":\"https:\\\/\\\/www.karaoketexty.cz\\\/magazin\\\/author\\\/barborakoprivova\\\/\"}]}<\/script>\n<!-- \/ Yoast SEO plugin. -->","yoast_head_json":{"title":"V\u00e1clav Noid B\u00e1rta: Respekt ke koleg\u016fm a vlna podpory fanou\u0161k\u016f","description":"Po n\u00e1vratu z galave\u010dera Slav\u00edka si Noid v klidu domova teprve uv\u011bdomil, jak siln\u00fd ve\u010der pro\u017eil, a jeho fanou\u0161ci mu to dali okam\u017eit\u011b najevo.","robots":{"index":"index","follow":"follow","max-snippet":"max-snippet:-1","max-image-preview":"max-image-preview:large","max-video-preview":"max-video-preview:-1"},"canonical":"https:\/\/www.karaoketexty.cz\/magazin\/vaclav-noid-barta-a-slavik-2025-respekt-ke-kolegum-a-vlna-podpory-od-fanousku\/","og_locale":"cs_CZ","og_type":"article","og_title":"V\u00e1clav Noid B\u00e1rta: Respekt ke koleg\u016fm a vlna podpory fanou\u0161k\u016f","og_description":"Po n\u00e1vratu z galave\u010dera Slav\u00edka si Noid v klidu domova teprve uv\u011bdomil, jak siln\u00fd ve\u010der pro\u017eil, a jeho fanou\u0161ci mu to dali okam\u017eit\u011b najevo.","og_url":"https:\/\/www.karaoketexty.cz\/magazin\/vaclav-noid-barta-a-slavik-2025-respekt-ke-kolegum-a-vlna-podpory-od-fanousku\/","og_site_name":"Stars Magaz\u00edn Karaoketexty.cz","article_published_time":"2025-12-12T05:24:00+00:00","og_image":[{"width":1200,"height":675,"url":"https:\/\/www.karaoketexty.cz\/magazin\/wp-content\/uploads\/2025\/12\/vaclav-noid-barta.jpg","type":"image\/jpeg"}],"author":"Barbora Kop\u0159ivov\u00e1","twitter_card":"summary_large_image","twitter_misc":{"Napsal(a)":"Barbora Kop\u0159ivov\u00e1","Odhadovan\u00e1 doba \u010dten\u00ed":"3 minuty"},"schema":{"@context":"https:\/\/schema.org","@graph":[{"@type":"Article","@id":"https:\/\/www.karaoketexty.cz\/magazin\/vaclav-noid-barta-a-slavik-2025-respekt-ke-kolegum-a-vlna-podpory-od-fanousku\/#article","isPartOf":{"@id":"https:\/\/www.karaoketexty.cz\/magazin\/vaclav-noid-barta-a-slavik-2025-respekt-ke-kolegum-a-vlna-podpory-od-fanousku\/"},"author":{"name":"Barbora Kop\u0159ivov\u00e1","@id":"https:\/\/www.karaoketexty.cz\/magazin\/#\/schema\/person\/37c0164a04038267c8a56ad6d60df749"},"headline":"V\u00e1clav Noid B\u00e1rta a Slav\u00edk 2025: Respekt ke koleg\u016fm a vlna podpory od fanou\u0161k\u016f","datePublished":"2025-12-12T05:24:00+00:00","mainEntityOfPage":{"@id":"https:\/\/www.karaoketexty.cz\/magazin\/vaclav-noid-barta-a-slavik-2025-respekt-ke-kolegum-a-vlna-podpory-od-fanousku\/"},"wordCount":623,"commentCount":0,"image":{"@id":"https:\/\/www.karaoketexty.cz\/magazin\/vaclav-noid-barta-a-slavik-2025-respekt-ke-kolegum-a-vlna-podpory-od-fanousku\/#primaryimage"},"thumbnailUrl":"https:\/\/www.karaoketexty.cz\/magazin\/wp-content\/uploads\/2025\/12\/vaclav-noid-barta.jpg","keywords":["\u010desk\u00e1 celebrita","\u010desk\u00e1 hudba","\u010cesk\u00fd slav\u00edk","emoce","fanou\u0161ci","Hudebn\u00ed ceny","Instagram","Marek Ztracen\u00fd","osobn\u00ed zpov\u011b\u010f","soci\u00e1ln\u00ed s\u00edt\u011b","Super","TV Nova","V\u00e1clav Noid B\u00e1rta","video","v\u00edt\u011bz","Zp\u011bv\u00e1k"],"articleSection":["Celebrity"],"inLanguage":"cs","potentialAction":[{"@type":"CommentAction","name":"Comment","target":["https:\/\/www.karaoketexty.cz\/magazin\/vaclav-noid-barta-a-slavik-2025-respekt-ke-kolegum-a-vlna-podpory-od-fanousku\/#respond"]}]},{"@type":"WebPage","@id":"https:\/\/www.karaoketexty.cz\/magazin\/vaclav-noid-barta-a-slavik-2025-respekt-ke-kolegum-a-vlna-podpory-od-fanousku\/","url":"https:\/\/www.karaoketexty.cz\/magazin\/vaclav-noid-barta-a-slavik-2025-respekt-ke-kolegum-a-vlna-podpory-od-fanousku\/","name":"V\u00e1clav Noid B\u00e1rta: Respekt ke koleg\u016fm a vlna podpory fanou\u0161k\u016f","isPartOf":{"@id":"https:\/\/www.karaoketexty.cz\/magazin\/#website"},"primaryImageOfPage":{"@id":"https:\/\/www.karaoketexty.cz\/magazin\/vaclav-noid-barta-a-slavik-2025-respekt-ke-kolegum-a-vlna-podpory-od-fanousku\/#primaryimage"},"image":{"@id":"https:\/\/www.karaoketexty.cz\/magazin\/vaclav-noid-barta-a-slavik-2025-respekt-ke-kolegum-a-vlna-podpory-od-fanousku\/#primaryimage"},"thumbnailUrl":"https:\/\/www.karaoketexty.cz\/magazin\/wp-content\/uploads\/2025\/12\/vaclav-noid-barta.jpg","datePublished":"2025-12-12T05:24:00+00:00","author":{"@id":"https:\/\/www.karaoketexty.cz\/magazin\/#\/schema\/person\/37c0164a04038267c8a56ad6d60df749"},"description":"Po n\u00e1vratu z galave\u010dera Slav\u00edka si Noid v klidu domova teprve uv\u011bdomil, jak siln\u00fd ve\u010der pro\u017eil, a jeho fanou\u0161ci mu to dali okam\u017eit\u011b najevo.","breadcrumb":{"@id":"https:\/\/www.karaoketexty.cz\/magazin\/vaclav-noid-barta-a-slavik-2025-respekt-ke-kolegum-a-vlna-podpory-od-fanousku\/#breadcrumb"},"inLanguage":"cs","potentialAction":[{"@type":"ReadAction","target":["https:\/\/www.karaoketexty.cz\/magazin\/vaclav-noid-barta-a-slavik-2025-respekt-ke-kolegum-a-vlna-podpory-od-fanousku\/"]}]},{"@type":"ImageObject","inLanguage":"cs","@id":"https:\/\/www.karaoketexty.cz\/magazin\/vaclav-noid-barta-a-slavik-2025-respekt-ke-kolegum-a-vlna-podpory-od-fanousku\/#primaryimage","url":"https:\/\/www.karaoketexty.cz\/magazin\/wp-content\/uploads\/2025\/12\/vaclav-noid-barta.jpg","contentUrl":"https:\/\/www.karaoketexty.cz\/magazin\/wp-content\/uploads\/2025\/12\/vaclav-noid-barta.jpg","width":1200,"height":675,"caption":"Fotografie: Nextfoto, V\u00e1clav Noid B\u00e1rta na vyhl\u00e1\u0161en\u00ed ankety \u010cesk\u00fd slav\u00edk 2025"},{"@type":"BreadcrumbList","@id":"https:\/\/www.karaoketexty.cz\/magazin\/vaclav-noid-barta-a-slavik-2025-respekt-ke-kolegum-a-vlna-podpory-od-fanousku\/#breadcrumb","itemListElement":[{"@type":"ListItem","position":1,"name":"Dom\u016f","item":"https:\/\/www.karaoketexty.cz\/magazin\/"},{"@type":"ListItem","position":2,"name":"V\u00e1clav Noid B\u00e1rta a Slav\u00edk 2025: Respekt ke koleg\u016fm a vlna podpory od fanou\u0161k\u016f"}]},{"@type":"WebSite","@id":"https:\/\/www.karaoketexty.cz\/magazin\/#website","url":"https:\/\/www.karaoketexty.cz\/magazin\/","name":"Stars Magaz\u00edn Karaoketexty.cz","description":"Stars Magaz\u00edn na Karaoketexty.cz je zam\u011b\u0159en\u00fd na novinky ze sv\u011bta hudby a celebrit. Obsahuje \u010dl\u00e1nky o zp\u011bv\u00e1c\u00edch, kapel\u00e1ch, nov\u00fdch albech, hudebn\u00edch trendech a dal\u0161\u00edch zaj\u00edmavostech z hudebn\u00edho pr\u016fmyslu.","potentialAction":[{"@type":"SearchAction","target":{"@type":"EntryPoint","urlTemplate":"https:\/\/www.karaoketexty.cz\/magazin\/?s={search_term_string}"},"query-input":{"@type":"PropertyValueSpecification","valueRequired":true,"valueName":"search_term_string"}}],"inLanguage":"cs"},{"@type":"Person","@id":"https:\/\/www.karaoketexty.cz\/magazin\/#\/schema\/person\/37c0164a04038267c8a56ad6d60df749","name":"Barbora Kop\u0159ivov\u00e1","image":{"@type":"ImageObject","inLanguage":"cs","@id":"https:\/\/secure.gravatar.com\/avatar\/ad2ef9810228386d580851ef4bdde76abaa96054ff5b068c8873bc91afb2df84?s=96&d=mm&r=g","url":"https:\/\/secure.gravatar.com\/avatar\/ad2ef9810228386d580851ef4bdde76abaa96054ff5b068c8873bc91afb2df84?s=96&d=mm&r=g","contentUrl":"https:\/\/secure.gravatar.com\/avatar\/ad2ef9810228386d580851ef4bdde76abaa96054ff5b068c8873bc91afb2df84?s=96&d=mm&r=g","caption":"Barbora Kop\u0159ivov\u00e1"},"url":"https:\/\/www.karaoketexty.cz\/magazin\/author\/barborakoprivova\/"}]}},"_links":{"self":[{"href":"https:\/\/www.karaoketexty.cz\/magazin\/wp-json\/wp\/v2\/posts\/5105","targetHints":{"allow":["GET"]}}],"collection":[{"href":"https:\/\/www.karaoketexty.cz\/magazin\/wp-json\/wp\/v2\/posts"}],"about":[{"href":"https:\/\/www.karaoketexty.cz\/magazin\/wp-json\/wp\/v2\/types\/post"}],"author":[{"embeddable":true,"href":"https:\/\/www.karaoketexty.cz\/magazin\/wp-json\/wp\/v2\/users\/4"}],"replies":[{"embeddable":true,"href":"https:\/\/www.karaoketexty.cz\/magazin\/wp-json\/wp\/v2\/comments?post=5105"}],"version-history":[{"count":3,"href":"https:\/\/www.karaoketexty.cz\/magazin\/wp-json\/wp\/v2\/posts\/5105\/revisions"}],"predecessor-version":[{"id":5464,"href":"https:\/\/www.karaoketexty.cz\/magazin\/wp-json\/wp\/v2\/posts\/5105\/revisions\/5464"}],"wp:featuredmedia":[{"embeddable":true,"href":"https:\/\/www.karaoketexty.cz\/magazin\/wp-json\/wp\/v2\/media\/5107"}],"wp:attachment":[{"href":"https:\/\/www.karaoketexty.cz\/magazin\/wp-json\/wp\/v2\/media?parent=5105"}],"wp:term":[{"taxonomy":"category","embeddable":true,"href":"https:\/\/www.karaoketexty.cz\/magazin\/wp-json\/wp\/v2\/categories?post=5105"},{"taxonomy":"post_tag","embeddable":true,"href":"https:\/\/www.karaoketexty.cz\/magazin\/wp-json\/wp\/v2\/tags?post=5105"}],"curies":[{"name":"wp","href":"https:\/\/api.w.org\/{rel}","templated":true}]}}