{"id":5093,"date":"2025-12-10T06:53:00","date_gmt":"2025-12-10T05:53:00","guid":{"rendered":"https:\/\/www.karaoketexty.cz\/magazin\/?p=5093"},"modified":"2025-12-09T22:44:33","modified_gmt":"2025-12-09T21:44:33","slug":"ewa-farna-ovladla-slavika-2025-jeji-manzel-opet-chybel","status":"publish","type":"post","link":"https:\/\/www.karaoketexty.cz\/magazin\/ewa-farna-ovladla-slavika-2025-jeji-manzel-opet-chybel\/","title":{"rendered":"Ewa Farna ovl\u00e1dla Slav\u00edka 2025: Jej\u00ed man\u017eel op\u011bt chyb\u011bl"},"content":{"rendered":"\n<p><strong>Kdy\u017e p\u0159eb\u00edrala Ewa Farna dal\u0161\u00ed trofej, jej\u00ed man\u017eel Martin ji nedoprov\u00e1zel. Zat\u00edmco ona z\u00e1\u0159ila jako opravdov\u00e1 hv\u011bzda, on byl rad\u011bji doma.<\/strong><\/p>\n\n\n\n<p>Sympatick\u00e1 zp\u011bva\u010dka Ewa Farna ned\u00e1vno dominovala leto\u0161n\u00edm \u010desk\u00fdm Slav\u00edk\u016fm, a jak jsme si v redakci Karaoketexty.cz v\u0161imli u\u017e pon\u011bkolik\u00e1t\u00e9, op\u011bt byla sama. P\u0159esto\u017ee se letos stala absolutn\u00ed slavic\u00ed a z\u00edskala Zlat\u00e9ho slav\u00edka, man\u017eela Martina Chobota nikdo na p\u00f3diu ani v z\u00e1kulis\u00ed nevid\u011bl. Sama pak vysv\u011btlila, pro\u010d j\u00ed ned\u011blal doprovod. Jeho rozhodnut\u00ed pr\u00fd respektuje.<\/p>\n\n\n<!-- karaoketexty.cz \/ rectangle2 -->\n<div id=\"PX_37086_709110796310826\"><\/div>\n<script>\n   if(!useMobileAds && !boolUseSeznamAds && !hideAllAds){\n     window.px2 = window.px2 || { conf: {},queue: [] };\n     px2.queue.push(function () {\n        px2.render({\n           slot: {\n              id: 37086\n           },\n            elem: \"PX_37086_709110796310826\"\n        })\n     });\n  }\n<\/script>\n\n<!-- karaoketexty.cz \/ mobile-rectangle3 -->\n<div id=\"PX_37044_714599773297004\"><\/div>\n<script>\n   if(useMobileAds && !boolUseSeznamAds && !hideAllAds){\nwindow.px2 = window.px2 || { conf: {},queue: [] };\npx2.queue.push(function () {\n\tpx2.render({\n\t\tslot: {\n\t\t\tid: 37044\n\t\t},\n\t\telem: \"PX_37044_714599773297004\"\n\t})\n});\n}\n<\/script>\n\n\n<h2 class=\"wp-block-heading\">Hv\u011bzda, kter\u00e1 vystoupala u\u017e v d\u011btstv\u00ed<\/h2>\n\n\n\n<p>Ewa Farna p\u0159i\u0161la na sv\u011bt 12. srpna 1993 v T\u0159inci, v pohrani\u010dn\u00ed obci Vendryn\u011b, v rodin\u011b pat\u0159\u00edc\u00ed k polsk\u00e9 men\u0161in\u011b. Zp\u011bv, tanec a hudebn\u00ed vzd\u011bl\u00e1n\u00ed ji prov\u00e1zely u\u017e odmala. Nav\u0161t\u011bvovala polskou z\u00e1kladn\u00ed \u0161kolu, gymn\u00e1zium a 5 let chodila do v\u00fdtvarn\u00e9 \u0161koly, kde se u\u010dila hr\u00e1t na klav\u00edr a tancovat. <\/p>\n\n\n\n<p>Kari\u00e9ru odstartovala u\u017e prakticky jako d\u00edt\u011b. Ve 13 letech vydala sv\u016fj debutov\u00fd singl <em>M\u011bls m\u011b v\u016fbec r\u00e1d<\/em>, kter\u00fd se rychle stal hitem. V dob\u011b vysoko\u0161kolsk\u00fdch stud\u00ed se rozhodla naplno v\u011bnovat hudb\u011b. Od t\u00e9 doby vydala \u0159adu alb v \u010de\u0161tin\u011b i pol\u0161tin\u011b, sb\u00edrala zlato a platinu a stala se jednou z nej\u00fasp\u011b\u0161n\u011bj\u0161\u00edch zp\u011bva\u010dek v \u010cesku i Polsku. Jej\u00ed hv\u011bzdn\u00e1 dr\u00e1ha ji p\u0159ivedla i p\u0159ed kamery. P\u016fsobila jako porotkyn\u011b v sout\u011b\u017e\u00edch jako \u010cesko Slovensk\u00e1 SuperStar, polsk\u00fd X Factor \u010di Polish Idol.<\/p>\n\n\n<!-- karaoketexty.cz \/ interscroller1 -->\n\n<div id=\"PX_37041_825057871452834\"><\/div>\n<script>\nif(useMobileAds && !boolUseSeznamAds && !hideAllAds){\n\twindow.px2 = window.px2 || { conf: {},queue: [] };\n\tpx2.queue.push(function () {\n\t\tpx2.render({\n\t\t\tslot: {\n\t\t\t\tid: 37041\n\t\t\t},\n\t\t\telem: \"PX_37041_825057871452834\"\n\t\t})\n\t});\n}\n<\/script>\n\n\n<h2 class=\"wp-block-heading\">Pozad\u00ed \u00fasp\u011bchu i rodinn\u00e9ho klidu<\/h2>\n\n\n\n<p>Ewa je vdan\u00e1 za hudebn\u00edka Martina Chobota. P\u00e1r si \u0159ekl \u201eano\u201c v roce 2017, pot\u00e9, co spolu dlouho pracovali v jedn\u00e9 kapele. Maj\u00ed spolu dv\u011b d\u011bti, syna Artura (narozen\u00e9ho 2019) a dceru Ellu (2022). Martin se p\u0159ed \u010dasem rozhodl st\u00e1hnout z aktivn\u00ed hudebn\u00ed dr\u00e1hy a p\u0159evz\u00edt p\u00e9\u010di o dom\u00e1cnost a d\u011bti.<\/p>\n\n\n\n<blockquote class=\"instagram-media\" data-instgrm-captioned data-instgrm-permalink=\"https:\/\/www.instagram.com\/p\/DRXDX8QjFS2\/?utm_source=ig_embed&amp;utm_campaign=loading\" data-instgrm-version=\"14\" style=\" background:#FFF; border:0; border-radius:3px; box-shadow:0 0 1px 0 rgba(0,0,0,0.5),0 1px 10px 0 rgba(0,0,0,0.15); margin: 1px; max-width:540px; min-width:326px; padding:0; width:99.375%; width:-webkit-calc(100% - 2px); width:calc(100% - 2px);\"><div style=\"padding:16px;\"> <a href=\"https:\/\/www.instagram.com\/p\/DRXDX8QjFS2\/?utm_source=ig_embed&amp;utm_campaign=loading\" style=\" background:#FFFFFF; line-height:0; padding:0 0; text-align:center; text-decoration:none; width:100%;\" target=\"_blank\"> <div style=\" display: flex; flex-direction: row; align-items: center;\"> <div style=\"background-color: #F4F4F4; border-radius: 50%; flex-grow: 0; height: 40px; margin-right: 14px; width: 40px;\"><\/div> <div style=\"display: flex; flex-direction: column; flex-grow: 1; justify-content: center;\"> <div style=\" background-color: #F4F4F4; border-radius: 4px; flex-grow: 0; height: 14px; margin-bottom: 6px; width: 100px;\"><\/div> <div style=\" background-color: #F4F4F4; border-radius: 4px; flex-grow: 0; height: 14px; width: 60px;\"><\/div><\/div><\/div><div style=\"padding: 19% 0;\"><\/div> <div style=\"display:block; height:50px; margin:0 auto 12px; width:50px;\"><svg width=\"50px\" height=\"50px\" viewBox=\"0 0 60 60\" version=\"1.1\" xmlns=\"https:\/\/www.w3.org\/2000\/svg\" xmlns:xlink=\"https:\/\/www.w3.org\/1999\/xlink\"><g stroke=\"none\" stroke-width=\"1\" fill=\"none\" fill-rule=\"evenodd\"><g transform=\"translate(-511.000000, -20.000000)\" fill=\"#000000\"><g><path d=\"M556.869,30.41 C554.814,30.41 553.148,32.076 553.148,34.131 C553.148,36.186 554.814,37.852 556.869,37.852 C558.924,37.852 560.59,36.186 560.59,34.131 C560.59,32.076 558.924,30.41 556.869,30.41 M541,60.657 C535.114,60.657 530.342,55.887 530.342,50 C530.342,44.114 535.114,39.342 541,39.342 C546.887,39.342 551.658,44.114 551.658,50 C551.658,55.887 546.887,60.657 541,60.657 M541,33.886 C532.1,33.886 524.886,41.1 524.886,50 C524.886,58.899 532.1,66.113 541,66.113 C549.9,66.113 557.115,58.899 557.115,50 C557.115,41.1 549.9,33.886 541,33.886 M565.378,62.101 C565.244,65.022 564.756,66.606 564.346,67.663 C563.803,69.06 563.154,70.057 562.106,71.106 C561.058,72.155 560.06,72.803 558.662,73.347 C557.607,73.757 556.021,74.244 553.102,74.378 C549.944,74.521 548.997,74.552 541,74.552 C533.003,74.552 532.056,74.521 528.898,74.378 C525.979,74.244 524.393,73.757 523.338,73.347 C521.94,72.803 520.942,72.155 519.894,71.106 C518.846,70.057 518.197,69.06 517.654,67.663 C517.244,66.606 516.755,65.022 516.623,62.101 C516.479,58.943 516.448,57.996 516.448,50 C516.448,42.003 516.479,41.056 516.623,37.899 C516.755,34.978 517.244,33.391 517.654,32.338 C518.197,30.938 518.846,29.942 519.894,28.894 C520.942,27.846 521.94,27.196 523.338,26.654 C524.393,26.244 525.979,25.756 528.898,25.623 C532.057,25.479 533.004,25.448 541,25.448 C548.997,25.448 549.943,25.479 553.102,25.623 C556.021,25.756 557.607,26.244 558.662,26.654 C560.06,27.196 561.058,27.846 562.106,28.894 C563.154,29.942 563.803,30.938 564.346,32.338 C564.756,33.391 565.244,34.978 565.378,37.899 C565.522,41.056 565.552,42.003 565.552,50 C565.552,57.996 565.522,58.943 565.378,62.101 M570.82,37.631 C570.674,34.438 570.167,32.258 569.425,30.349 C568.659,28.377 567.633,26.702 565.965,25.035 C564.297,23.368 562.623,22.342 560.652,21.575 C558.743,20.834 556.562,20.326 553.369,20.18 C550.169,20.033 549.148,20 541,20 C532.853,20 531.831,20.033 528.631,20.18 C525.438,20.326 523.257,20.834 521.349,21.575 C519.376,22.342 517.703,23.368 516.035,25.035 C514.368,26.702 513.342,28.377 512.574,30.349 C511.834,32.258 511.326,34.438 511.181,37.631 C511.035,40.831 511,41.851 511,50 C511,58.147 511.035,59.17 511.181,62.369 C511.326,65.562 511.834,67.743 512.574,69.651 C513.342,71.625 514.368,73.296 516.035,74.965 C517.703,76.634 519.376,77.658 521.349,78.425 C523.257,79.167 525.438,79.673 528.631,79.82 C531.831,79.965 532.853,80.001 541,80.001 C549.148,80.001 550.169,79.965 553.369,79.82 C556.562,79.673 558.743,79.167 560.652,78.425 C562.623,77.658 564.297,76.634 565.965,74.965 C567.633,73.296 568.659,71.625 569.425,69.651 C570.167,67.743 570.674,65.562 570.82,62.369 C570.966,59.17 571,58.147 571,50 C571,41.851 570.966,40.831 570.82,37.631\"><\/path><\/g><\/g><\/g><\/svg><\/div><div style=\"padding-top: 8px;\"> <div style=\" color:#3897f0; font-family:Arial,sans-serif; font-size:14px; font-style:normal; font-weight:550; line-height:18px;\">Zobrazit p\u0159\u00edsp\u011bvek na Instagramu<\/div><\/div><div style=\"padding: 12.5% 0;\"><\/div> <div style=\"display: flex; flex-direction: row; margin-bottom: 14px; align-items: center;\"><div> <div style=\"background-color: #F4F4F4; border-radius: 50%; height: 12.5px; width: 12.5px; transform: translateX(0px) translateY(7px);\"><\/div> <div style=\"background-color: #F4F4F4; height: 12.5px; transform: rotate(-45deg) translateX(3px) translateY(1px); width: 12.5px; flex-grow: 0; margin-right: 14px; margin-left: 2px;\"><\/div> <div style=\"background-color: #F4F4F4; border-radius: 50%; height: 12.5px; width: 12.5px; transform: translateX(9px) translateY(-18px);\"><\/div><\/div><div style=\"margin-left: 8px;\"> <div style=\" background-color: #F4F4F4; border-radius: 50%; flex-grow: 0; height: 20px; width: 20px;\"><\/div> <div style=\" width: 0; height: 0; border-top: 2px solid transparent; border-left: 6px solid #f4f4f4; border-bottom: 2px solid transparent; transform: translateX(16px) translateY(-4px) rotate(30deg)\"><\/div><\/div><div style=\"margin-left: auto;\"> <div style=\" width: 0px; border-top: 8px solid #F4F4F4; border-right: 8px solid transparent; transform: translateY(16px);\"><\/div> <div style=\" background-color: #F4F4F4; flex-grow: 0; height: 12px; width: 16px; transform: translateY(-4px);\"><\/div> <div style=\" width: 0; height: 0; border-top: 8px solid #F4F4F4; border-left: 8px solid transparent; transform: translateY(-4px) translateX(8px);\"><\/div><\/div><\/div> <div style=\"display: flex; flex-direction: column; flex-grow: 1; justify-content: center; margin-bottom: 24px;\"> <div style=\" background-color: #F4F4F4; border-radius: 4px; flex-grow: 0; height: 14px; margin-bottom: 6px; width: 224px;\"><\/div> <div style=\" background-color: #F4F4F4; border-radius: 4px; flex-grow: 0; height: 14px; width: 144px;\"><\/div><\/div><\/a><p style=\" color:#c9c8cd; font-family:Arial,sans-serif; font-size:14px; line-height:17px; margin-bottom:0; margin-top:8px; overflow:hidden; padding:8px 0 7px; text-align:center; text-overflow:ellipsis; white-space:nowrap;\"><a href=\"https:\/\/www.instagram.com\/p\/DRXDX8QjFS2\/?utm_source=ig_embed&amp;utm_campaign=loading\" style=\" color:#c9c8cd; font-family:Arial,sans-serif; font-size:14px; font-style:normal; font-weight:normal; line-height:17px; text-decoration:none;\" target=\"_blank\">P\u0159\u00edsp\u011bvek sd\u00edlen\u00fd Ewa Farna (@ewa_farna93)<\/a><\/p><\/div><\/blockquote>\n<script async src=\"\/\/www.instagram.com\/embed.js\"><\/script>\n\n\n\n<p>Ewa se tomu nebr\u00e1nila a n\u011bkolikr\u00e1t zd\u016fraznila, \u017ee to byl zkr\u00e1tka dobr\u00fd zp\u016fsob, jak to ud\u011blat, aby zvl\u00e1dali jej\u00ed n\u00e1ro\u010dnou kari\u00e9ru i s rodinou. D\u00edky tomuto rozhodnut\u00ed se oba sna\u017e\u00ed udr\u017eet si maximum soukrom\u00ed, a to i kdy\u017e Ewa vystupuje na p\u00f3diu p\u0159ed tis\u00edcovkami div\u00e1k\u016f. To vysv\u011btluje i jejich rozhodnut\u00ed se na ve\u0159ejnosti spolu moc neukazovat. Man\u017eel podle Ewy nen\u00ed typ \u010dlov\u011bka, kter\u00fd by si u\u017e\u00edval pozornost kamer a blesky fotoapar\u00e1t\u016f. <em>\u201eJemu to nen\u00ed moc p\u0159\u00edjemn\u00e9, je introvertn\u011bj\u0161\u00ed,\u201c<\/em> uvedla zp\u011bva\u010dka pro Blesk.<\/p>\n\n\n\n<h2 class=\"wp-block-heading\">Pro\u010d se Martin na Slav\u00edc\u00edch neobjevil<\/h2>\n\n\n\n<p>Ned\u00e1vn\u00e9 ocen\u011bn\u00ed Zlat\u00fd slav\u00edk a pozice absolutn\u00ed slavice na Ewu strhlo pozornost, ale Martin chyb\u011bl. Jak ale ona sama \u0159ekla, vn\u00edm\u00e1 tyto akce jako pracovn\u00ed z\u00e1le\u017eitosti, ne spole\u010densk\u00fd ve\u010d\u00edrek. Jej\u00ed man\u017eel z\u016fstal doma, zat\u00edmco ona se v\u011bnovala sv\u00fdm koleg\u016fm a mana\u017eerovi. Jejich rodinn\u00fd re\u017eim je nastaven tak, \u017ee kdy\u017e Ewa pracuje, Martin je s d\u011btmi. T\u00edm chr\u00e1n\u00ed jejich soukrom\u00ed, ale i stabilitu a klid doma, i p\u0159es to, \u017ee \u00fasp\u011bch Ewy m\u016f\u017ee znamenat hektick\u00e9 turn\u00e9 a dlouh\u00e9 ve\u010dery.<\/p>\n\n\n\n<p>Nav\u00edc se Martin Chobot rozhodl vydat s\u00f3lovou cestou a ned\u00e1vno p\u0159i\u0161el se singlem To nejlep\u0161\u00ed ze sk\u0159\u00edn\u011b. Lidem se hlavn\u011b l\u00edb\u00ed, \u017ee jeho texty maj\u00ed hloubku, a \u010dasto ho p\u0159irovn\u00e1vaj\u00ed k Davidu Stypkovi. P\u0159\u00ed\u0161t\u00ed rok bude dokonce d\u011blat p\u0159edskokana kapele Jelen v O2 aren\u011b. A jak vn\u00edm\u00e1 p\u0159\u00edpadnou spolupr\u00e1ci se svou \u017eenou? \u201e<em>Ob\u010das se m\u011b lidi ptaj\u00ed na spole\u010dnou p\u00edsni\u010dku, ale do toho se nehrneme. Ewa m\u00e1 te\u010f dost mainstreamovou vlnu, kter\u00e1 jde mimo m\u011b. Nesetkali bychom se v&nbsp;tv\u016fr\u010d\u00edm n\u00e1zor<\/em>u,\u201c uvedl pro iReport.<\/p>\n\n\n\n<p>Zdroj: Autorsk\u00fd text, <a href=\"https:\/\/cs.wikipedia.org\/wiki\/Ewa_Farna\" target=\"_blank\" rel=\"noreferrer noopener nofollow\">Wikipedie<\/a>, <a href=\"https:\/\/www.blesk.cz\/clanek\/celebrity-ceske-celebrity\/827141\/ewa-farna-kapla-bozskou-kam-zmizel-manzel-chobot-tajna-dohoda.html\" target=\"_blank\" rel=\"noreferrer noopener nofollow\">Blesk<\/a>, <a href=\"https:\/\/www.ireport.cz\/clanky\/recenze\/rozhovor-martin-chobot-sami-pred-sebou-budeme-vzdy-nazi-psani-je-pro-me-terapii\" target=\"_blank\" rel=\"noreferrer noopener nofollow\">iReport<\/a>, <a href=\"https:\/\/www.instagram.com\/ewa_farna93\/?hl=cs\" target=\"_blank\" rel=\"noreferrer noopener nofollow\">Instagram Ewy Farne<\/a><\/p>\n\n\n            <a href=\"https:\/\/www.karaoketexty.cz\/magazin\/ewa-farna-slavi-dvacet-let-na-scene-a-pridava-dalsi-a-dalsi-koncerty-ke-dvema-vyprodanym-stadionum-pridava-treti-eden\/\" class=\"related-post-link\">\n                <div class=\"post-thumbnail\">\n                    <img decoding=\"async\" width=\"250\" height=\"141\" src=\"https:\/\/www.karaoketexty.cz\/magazin\/wp-content\/uploads\/2025\/11\/ewa-farna-1.jpg\" class=\"attachment-250x180 size-250x180 not-transparent\" alt=\"Fotografie Ewy Farn\u00e9\" srcset=\"https:\/\/www.karaoketexty.cz\/magazin\/wp-content\/uploads\/2025\/11\/ewa-farna-1.jpg 1200w, https:\/\/www.karaoketexty.cz\/magazin\/wp-content\/uploads\/2025\/11\/ewa-farna-1-300x169.jpg 300w, https:\/\/www.karaoketexty.cz\/magazin\/wp-content\/uploads\/2025\/11\/ewa-farna-1-1024x578.jpg 1024w, https:\/\/www.karaoketexty.cz\/magazin\/wp-content\/uploads\/2025\/11\/ewa-farna-1-768x433.jpg 768w, https:\/\/www.karaoketexty.cz\/magazin\/wp-content\/uploads\/2025\/11\/ewa-farna-1-800x450.jpg 800w\" sizes=\"(max-width: 250px) 100vw, 250px\" data-has-transparency=\"false\" data-dominant-color=\"3f3333\" style=\"--dominant-color: #3f3333;\" \/>                <\/div>\n                <div class=\"post-details\">\n                    <span class=\"also-read\">\u010ct\u011bte tak\u00e9:<\/span>\n                    <h3 class=\"hed\">Ewa Farna slav\u00ed dvacet let na sc\u00e9n\u011b a p\u0159id\u00e1v\u00e1 dal\u0161\u00ed a dal\u0161\u00ed koncerty: Ke dv\u011bma vyprodan\u00fdm stadion\u016fm p\u0159id\u00e1v\u00e1 t\u0159et\u00ed Eden<\/h3>\n                <\/div>\n            <\/a>\n            \n\n            <a href=\"https:\/\/www.karaoketexty.cz\/magazin\/bydleni-ewy-farne-a-jeji-rodiny\/\" class=\"related-post-link\">\n                <div class=\"post-thumbnail\">\n                    <img decoding=\"async\" width=\"248\" height=\"180\" src=\"https:\/\/www.karaoketexty.cz\/magazin\/wp-content\/uploads\/2025\/10\/ewa-farna.jpg\" class=\"attachment-250x180 size-250x180 not-transparent\" alt=\"Ewa Farn\u00e1\" srcset=\"https:\/\/www.karaoketexty.cz\/magazin\/wp-content\/uploads\/2025\/10\/ewa-farna.jpg 1200w, https:\/\/www.karaoketexty.cz\/magazin\/wp-content\/uploads\/2025\/10\/ewa-farna-300x218.jpg 300w, https:\/\/www.karaoketexty.cz\/magazin\/wp-content\/uploads\/2025\/10\/ewa-farna-1024x744.jpg 1024w, https:\/\/www.karaoketexty.cz\/magazin\/wp-content\/uploads\/2025\/10\/ewa-farna-768x558.jpg 768w\" sizes=\"(max-width: 248px) 100vw, 248px\" data-has-transparency=\"false\" data-dominant-color=\"4a3e34\" style=\"--dominant-color: #4a3e34;\" \/>                <\/div>\n                <div class=\"post-details\">\n                    <span class=\"also-read\">\u010ct\u011bte tak\u00e9:<\/span>\n                    <h3 class=\"hed\">Movit\u00e1 Ewa Farna: Krom\u011b domu s\u00a0vyh\u0159\u00edvan\u00fdm baz\u00e9nem za Prahou maj\u00ed s\u00a0man\u017eelem i trojdomek na Nov\u00e9m Sv\u011bt\u011b<\/h3>\n                <\/div>\n            <\/a>\n            ","protected":false},"excerpt":{"rendered":"<p>Kdy\u017e p\u0159eb\u00edrala Ewa Farna dal\u0161\u00ed trofej, jej\u00ed man\u017eel Martin ji nedoprov\u00e1zel. Zat\u00edmco ona z\u00e1\u0159ila jako hv\u011bzda, on byl rad\u011bji doma.<\/p>\n","protected":false},"author":4,"featured_media":4684,"comment_status":"open","ping_status":"closed","sticky":false,"template":"","format":"standard","meta":{"_yoast_wpseo_title":"Pro\u010d byla Ewa Farna na Slav\u00edc\u00edch sama","_yoast_wpseo_metadesc":"Kdy\u017e p\u0159eb\u00edrala Ewa Farna dal\u0161\u00ed trofej, jej\u00ed man\u017eel Martin ji nedoprov\u00e1zel. Zat\u00edmco ona z\u00e1\u0159ila jako hv\u011bzda, on byl rad\u011bji doma.","footnotes":""},"categories":[1059],"tags":[562,571,1743,4460,101,135,698,348,500,5052,230,2520,266,563,553,99,743,51],"class_list":["post-5093","post","type-post","status-publish","format-standard","has-post-thumbnail","hentry","category-celebrity","tag-ceska-celebrita","tag-ceska-hudba","tag-cesky-slavik","tag-david-stypka","tag-deti","tag-ewa-farna","tag-fanousci","tag-hudebni-ceny","tag-instagram","tag-kapela-jelen","tag-manzelstvi","tag-martin-chobot","tag-o2","tag-o2-arena","tag-partnerstvi","tag-rodina","tag-solova-kariera","tag-zpevacka"],"yoast_head":"<!-- This site is optimized with the Yoast SEO plugin v27.4 - https:\/\/yoast.com\/product\/yoast-seo-wordpress\/ -->\n<title>Pro\u010d byla Ewa Farna na Slav\u00edc\u00edch sama<\/title>\n<meta name=\"description\" content=\"Kdy\u017e p\u0159eb\u00edrala Ewa Farna dal\u0161\u00ed trofej, jej\u00ed man\u017eel Martin ji nedoprov\u00e1zel. Zat\u00edmco ona z\u00e1\u0159ila jako hv\u011bzda, on byl rad\u011bji doma.\" \/>\n<meta name=\"robots\" content=\"index, follow, max-snippet:-1, max-image-preview:large, max-video-preview:-1\" \/>\n<link rel=\"canonical\" href=\"https:\/\/www.karaoketexty.cz\/magazin\/ewa-farna-ovladla-slavika-2025-jeji-manzel-opet-chybel\/\" \/>\n<meta property=\"og:locale\" content=\"cs_CZ\" \/>\n<meta property=\"og:type\" content=\"article\" \/>\n<meta property=\"og:title\" content=\"Pro\u010d byla Ewa Farna na Slav\u00edc\u00edch sama\" \/>\n<meta property=\"og:description\" content=\"Kdy\u017e p\u0159eb\u00edrala Ewa Farna dal\u0161\u00ed trofej, jej\u00ed man\u017eel Martin ji nedoprov\u00e1zel. Zat\u00edmco ona z\u00e1\u0159ila jako hv\u011bzda, on byl rad\u011bji doma.\" \/>\n<meta property=\"og:url\" content=\"https:\/\/www.karaoketexty.cz\/magazin\/ewa-farna-ovladla-slavika-2025-jeji-manzel-opet-chybel\/\" \/>\n<meta property=\"og:site_name\" content=\"Stars Magaz\u00edn Karaoketexty.cz\" \/>\n<meta property=\"article:published_time\" content=\"2025-12-10T05:53:00+00:00\" \/>\n<meta property=\"og:image\" content=\"https:\/\/www.karaoketexty.cz\/magazin\/wp-content\/uploads\/2025\/11\/ewa-farna.jpg\" \/>\n\t<meta property=\"og:image:width\" content=\"1200\" \/>\n\t<meta property=\"og:image:height\" content=\"738\" \/>\n\t<meta property=\"og:image:type\" content=\"image\/jpeg\" \/>\n<meta name=\"author\" content=\"Barbora Kop\u0159ivov\u00e1\" \/>\n<meta name=\"twitter:card\" content=\"summary_large_image\" \/>\n<meta name=\"twitter:label1\" content=\"Napsal(a)\" \/>\n\t<meta name=\"twitter:data1\" content=\"Barbora Kop\u0159ivov\u00e1\" \/>\n\t<meta name=\"twitter:label2\" content=\"Odhadovan\u00e1 doba \u010dten\u00ed\" \/>\n\t<meta name=\"twitter:data2\" content=\"4 minuty\" \/>\n<script type=\"application\/ld+json\" class=\"yoast-schema-graph\">{\"@context\":\"https:\\\/\\\/schema.org\",\"@graph\":[{\"@type\":\"Article\",\"@id\":\"https:\\\/\\\/www.karaoketexty.cz\\\/magazin\\\/ewa-farna-ovladla-slavika-2025-jeji-manzel-opet-chybel\\\/#article\",\"isPartOf\":{\"@id\":\"https:\\\/\\\/www.karaoketexty.cz\\\/magazin\\\/ewa-farna-ovladla-slavika-2025-jeji-manzel-opet-chybel\\\/\"},\"author\":{\"name\":\"Barbora Kop\u0159ivov\u00e1\",\"@id\":\"https:\\\/\\\/www.karaoketexty.cz\\\/magazin\\\/#\\\/schema\\\/person\\\/37c0164a04038267c8a56ad6d60df749\"},\"headline\":\"Ewa Farna ovl\u00e1dla Slav\u00edka 2025: Jej\u00ed man\u017eel op\u011bt chyb\u011bl\",\"datePublished\":\"2025-12-10T05:53:00+00:00\",\"mainEntityOfPage\":{\"@id\":\"https:\\\/\\\/www.karaoketexty.cz\\\/magazin\\\/ewa-farna-ovladla-slavika-2025-jeji-manzel-opet-chybel\\\/\"},\"wordCount\":711,\"commentCount\":0,\"image\":{\"@id\":\"https:\\\/\\\/www.karaoketexty.cz\\\/magazin\\\/ewa-farna-ovladla-slavika-2025-jeji-manzel-opet-chybel\\\/#primaryimage\"},\"thumbnailUrl\":\"https:\\\/\\\/www.karaoketexty.cz\\\/magazin\\\/wp-content\\\/uploads\\\/2025\\\/11\\\/ewa-farna.jpg\",\"keywords\":[\"\u010desk\u00e1 celebrita\",\"\u010desk\u00e1 hudba\",\"\u010cesk\u00fd slav\u00edk\",\"David Stypka\",\"D\u011bti\",\"Ewa Farna\",\"fanou\u0161ci\",\"Hudebn\u00ed ceny\",\"Instagram\",\"Kapela Jelen\",\"Man\u017eelstv\u00ed\",\"Martin Chobot\",\"O2\",\"O2 arena\",\"partnerstv\u00ed\",\"Rodina\",\"s\u00f3lov\u00e1 kari\u00e9ra\",\"Zp\u011bva\u010dka\"],\"articleSection\":[\"Celebrity\"],\"inLanguage\":\"cs\",\"potentialAction\":[{\"@type\":\"CommentAction\",\"name\":\"Comment\",\"target\":[\"https:\\\/\\\/www.karaoketexty.cz\\\/magazin\\\/ewa-farna-ovladla-slavika-2025-jeji-manzel-opet-chybel\\\/#respond\"]}]},{\"@type\":\"WebPage\",\"@id\":\"https:\\\/\\\/www.karaoketexty.cz\\\/magazin\\\/ewa-farna-ovladla-slavika-2025-jeji-manzel-opet-chybel\\\/\",\"url\":\"https:\\\/\\\/www.karaoketexty.cz\\\/magazin\\\/ewa-farna-ovladla-slavika-2025-jeji-manzel-opet-chybel\\\/\",\"name\":\"Pro\u010d byla Ewa Farna na Slav\u00edc\u00edch sama\",\"isPartOf\":{\"@id\":\"https:\\\/\\\/www.karaoketexty.cz\\\/magazin\\\/#website\"},\"primaryImageOfPage\":{\"@id\":\"https:\\\/\\\/www.karaoketexty.cz\\\/magazin\\\/ewa-farna-ovladla-slavika-2025-jeji-manzel-opet-chybel\\\/#primaryimage\"},\"image\":{\"@id\":\"https:\\\/\\\/www.karaoketexty.cz\\\/magazin\\\/ewa-farna-ovladla-slavika-2025-jeji-manzel-opet-chybel\\\/#primaryimage\"},\"thumbnailUrl\":\"https:\\\/\\\/www.karaoketexty.cz\\\/magazin\\\/wp-content\\\/uploads\\\/2025\\\/11\\\/ewa-farna.jpg\",\"datePublished\":\"2025-12-10T05:53:00+00:00\",\"author\":{\"@id\":\"https:\\\/\\\/www.karaoketexty.cz\\\/magazin\\\/#\\\/schema\\\/person\\\/37c0164a04038267c8a56ad6d60df749\"},\"description\":\"Kdy\u017e p\u0159eb\u00edrala Ewa Farna dal\u0161\u00ed trofej, jej\u00ed man\u017eel Martin ji nedoprov\u00e1zel. Zat\u00edmco ona z\u00e1\u0159ila jako hv\u011bzda, on byl rad\u011bji doma.\",\"breadcrumb\":{\"@id\":\"https:\\\/\\\/www.karaoketexty.cz\\\/magazin\\\/ewa-farna-ovladla-slavika-2025-jeji-manzel-opet-chybel\\\/#breadcrumb\"},\"inLanguage\":\"cs\",\"potentialAction\":[{\"@type\":\"ReadAction\",\"target\":[\"https:\\\/\\\/www.karaoketexty.cz\\\/magazin\\\/ewa-farna-ovladla-slavika-2025-jeji-manzel-opet-chybel\\\/\"]}]},{\"@type\":\"ImageObject\",\"inLanguage\":\"cs\",\"@id\":\"https:\\\/\\\/www.karaoketexty.cz\\\/magazin\\\/ewa-farna-ovladla-slavika-2025-jeji-manzel-opet-chybel\\\/#primaryimage\",\"url\":\"https:\\\/\\\/www.karaoketexty.cz\\\/magazin\\\/wp-content\\\/uploads\\\/2025\\\/11\\\/ewa-farna.jpg\",\"contentUrl\":\"https:\\\/\\\/www.karaoketexty.cz\\\/magazin\\\/wp-content\\\/uploads\\\/2025\\\/11\\\/ewa-farna.jpg\",\"width\":1200,\"height\":738,\"caption\":\"Foto: NextFoto, Ewa Farn\u00e1 na p\u0159ed\u00e1v\u00e1n\u00ed hudebn\u00edch cen \u010cesk\u00fd slav\u00edk\"},{\"@type\":\"BreadcrumbList\",\"@id\":\"https:\\\/\\\/www.karaoketexty.cz\\\/magazin\\\/ewa-farna-ovladla-slavika-2025-jeji-manzel-opet-chybel\\\/#breadcrumb\",\"itemListElement\":[{\"@type\":\"ListItem\",\"position\":1,\"name\":\"Dom\u016f\",\"item\":\"https:\\\/\\\/www.karaoketexty.cz\\\/magazin\\\/\"},{\"@type\":\"ListItem\",\"position\":2,\"name\":\"Ewa Farna ovl\u00e1dla Slav\u00edka 2025: Jej\u00ed man\u017eel op\u011bt chyb\u011bl\"}]},{\"@type\":\"WebSite\",\"@id\":\"https:\\\/\\\/www.karaoketexty.cz\\\/magazin\\\/#website\",\"url\":\"https:\\\/\\\/www.karaoketexty.cz\\\/magazin\\\/\",\"name\":\"Stars Magaz\u00edn Karaoketexty.cz\",\"description\":\"Stars Magaz\u00edn na Karaoketexty.cz je zam\u011b\u0159en\u00fd na novinky ze sv\u011bta hudby a celebrit. Obsahuje \u010dl\u00e1nky o zp\u011bv\u00e1c\u00edch, kapel\u00e1ch, nov\u00fdch albech, hudebn\u00edch trendech a dal\u0161\u00edch zaj\u00edmavostech z hudebn\u00edho pr\u016fmyslu.\",\"potentialAction\":[{\"@type\":\"SearchAction\",\"target\":{\"@type\":\"EntryPoint\",\"urlTemplate\":\"https:\\\/\\\/www.karaoketexty.cz\\\/magazin\\\/?s={search_term_string}\"},\"query-input\":{\"@type\":\"PropertyValueSpecification\",\"valueRequired\":true,\"valueName\":\"search_term_string\"}}],\"inLanguage\":\"cs\"},{\"@type\":\"Person\",\"@id\":\"https:\\\/\\\/www.karaoketexty.cz\\\/magazin\\\/#\\\/schema\\\/person\\\/37c0164a04038267c8a56ad6d60df749\",\"name\":\"Barbora Kop\u0159ivov\u00e1\",\"image\":{\"@type\":\"ImageObject\",\"inLanguage\":\"cs\",\"@id\":\"https:\\\/\\\/secure.gravatar.com\\\/avatar\\\/ad2ef9810228386d580851ef4bdde76abaa96054ff5b068c8873bc91afb2df84?s=96&d=mm&r=g\",\"url\":\"https:\\\/\\\/secure.gravatar.com\\\/avatar\\\/ad2ef9810228386d580851ef4bdde76abaa96054ff5b068c8873bc91afb2df84?s=96&d=mm&r=g\",\"contentUrl\":\"https:\\\/\\\/secure.gravatar.com\\\/avatar\\\/ad2ef9810228386d580851ef4bdde76abaa96054ff5b068c8873bc91afb2df84?s=96&d=mm&r=g\",\"caption\":\"Barbora Kop\u0159ivov\u00e1\"},\"url\":\"https:\\\/\\\/www.karaoketexty.cz\\\/magazin\\\/author\\\/barborakoprivova\\\/\"}]}<\/script>\n<!-- \/ Yoast SEO plugin. -->","yoast_head_json":{"title":"Pro\u010d byla Ewa Farna na Slav\u00edc\u00edch sama","description":"Kdy\u017e p\u0159eb\u00edrala Ewa Farna dal\u0161\u00ed trofej, jej\u00ed man\u017eel Martin ji nedoprov\u00e1zel. Zat\u00edmco ona z\u00e1\u0159ila jako hv\u011bzda, on byl rad\u011bji doma.","robots":{"index":"index","follow":"follow","max-snippet":"max-snippet:-1","max-image-preview":"max-image-preview:large","max-video-preview":"max-video-preview:-1"},"canonical":"https:\/\/www.karaoketexty.cz\/magazin\/ewa-farna-ovladla-slavika-2025-jeji-manzel-opet-chybel\/","og_locale":"cs_CZ","og_type":"article","og_title":"Pro\u010d byla Ewa Farna na Slav\u00edc\u00edch sama","og_description":"Kdy\u017e p\u0159eb\u00edrala Ewa Farna dal\u0161\u00ed trofej, jej\u00ed man\u017eel Martin ji nedoprov\u00e1zel. Zat\u00edmco ona z\u00e1\u0159ila jako hv\u011bzda, on byl rad\u011bji doma.","og_url":"https:\/\/www.karaoketexty.cz\/magazin\/ewa-farna-ovladla-slavika-2025-jeji-manzel-opet-chybel\/","og_site_name":"Stars Magaz\u00edn Karaoketexty.cz","article_published_time":"2025-12-10T05:53:00+00:00","og_image":[{"width":1200,"height":738,"url":"https:\/\/www.karaoketexty.cz\/magazin\/wp-content\/uploads\/2025\/11\/ewa-farna.jpg","type":"image\/jpeg"}],"author":"Barbora Kop\u0159ivov\u00e1","twitter_card":"summary_large_image","twitter_misc":{"Napsal(a)":"Barbora Kop\u0159ivov\u00e1","Odhadovan\u00e1 doba \u010dten\u00ed":"4 minuty"},"schema":{"@context":"https:\/\/schema.org","@graph":[{"@type":"Article","@id":"https:\/\/www.karaoketexty.cz\/magazin\/ewa-farna-ovladla-slavika-2025-jeji-manzel-opet-chybel\/#article","isPartOf":{"@id":"https:\/\/www.karaoketexty.cz\/magazin\/ewa-farna-ovladla-slavika-2025-jeji-manzel-opet-chybel\/"},"author":{"name":"Barbora Kop\u0159ivov\u00e1","@id":"https:\/\/www.karaoketexty.cz\/magazin\/#\/schema\/person\/37c0164a04038267c8a56ad6d60df749"},"headline":"Ewa Farna ovl\u00e1dla Slav\u00edka 2025: Jej\u00ed man\u017eel op\u011bt chyb\u011bl","datePublished":"2025-12-10T05:53:00+00:00","mainEntityOfPage":{"@id":"https:\/\/www.karaoketexty.cz\/magazin\/ewa-farna-ovladla-slavika-2025-jeji-manzel-opet-chybel\/"},"wordCount":711,"commentCount":0,"image":{"@id":"https:\/\/www.karaoketexty.cz\/magazin\/ewa-farna-ovladla-slavika-2025-jeji-manzel-opet-chybel\/#primaryimage"},"thumbnailUrl":"https:\/\/www.karaoketexty.cz\/magazin\/wp-content\/uploads\/2025\/11\/ewa-farna.jpg","keywords":["\u010desk\u00e1 celebrita","\u010desk\u00e1 hudba","\u010cesk\u00fd slav\u00edk","David Stypka","D\u011bti","Ewa Farna","fanou\u0161ci","Hudebn\u00ed ceny","Instagram","Kapela Jelen","Man\u017eelstv\u00ed","Martin Chobot","O2","O2 arena","partnerstv\u00ed","Rodina","s\u00f3lov\u00e1 kari\u00e9ra","Zp\u011bva\u010dka"],"articleSection":["Celebrity"],"inLanguage":"cs","potentialAction":[{"@type":"CommentAction","name":"Comment","target":["https:\/\/www.karaoketexty.cz\/magazin\/ewa-farna-ovladla-slavika-2025-jeji-manzel-opet-chybel\/#respond"]}]},{"@type":"WebPage","@id":"https:\/\/www.karaoketexty.cz\/magazin\/ewa-farna-ovladla-slavika-2025-jeji-manzel-opet-chybel\/","url":"https:\/\/www.karaoketexty.cz\/magazin\/ewa-farna-ovladla-slavika-2025-jeji-manzel-opet-chybel\/","name":"Pro\u010d byla Ewa Farna na Slav\u00edc\u00edch sama","isPartOf":{"@id":"https:\/\/www.karaoketexty.cz\/magazin\/#website"},"primaryImageOfPage":{"@id":"https:\/\/www.karaoketexty.cz\/magazin\/ewa-farna-ovladla-slavika-2025-jeji-manzel-opet-chybel\/#primaryimage"},"image":{"@id":"https:\/\/www.karaoketexty.cz\/magazin\/ewa-farna-ovladla-slavika-2025-jeji-manzel-opet-chybel\/#primaryimage"},"thumbnailUrl":"https:\/\/www.karaoketexty.cz\/magazin\/wp-content\/uploads\/2025\/11\/ewa-farna.jpg","datePublished":"2025-12-10T05:53:00+00:00","author":{"@id":"https:\/\/www.karaoketexty.cz\/magazin\/#\/schema\/person\/37c0164a04038267c8a56ad6d60df749"},"description":"Kdy\u017e p\u0159eb\u00edrala Ewa Farna dal\u0161\u00ed trofej, jej\u00ed man\u017eel Martin ji nedoprov\u00e1zel. Zat\u00edmco ona z\u00e1\u0159ila jako hv\u011bzda, on byl rad\u011bji doma.","breadcrumb":{"@id":"https:\/\/www.karaoketexty.cz\/magazin\/ewa-farna-ovladla-slavika-2025-jeji-manzel-opet-chybel\/#breadcrumb"},"inLanguage":"cs","potentialAction":[{"@type":"ReadAction","target":["https:\/\/www.karaoketexty.cz\/magazin\/ewa-farna-ovladla-slavika-2025-jeji-manzel-opet-chybel\/"]}]},{"@type":"ImageObject","inLanguage":"cs","@id":"https:\/\/www.karaoketexty.cz\/magazin\/ewa-farna-ovladla-slavika-2025-jeji-manzel-opet-chybel\/#primaryimage","url":"https:\/\/www.karaoketexty.cz\/magazin\/wp-content\/uploads\/2025\/11\/ewa-farna.jpg","contentUrl":"https:\/\/www.karaoketexty.cz\/magazin\/wp-content\/uploads\/2025\/11\/ewa-farna.jpg","width":1200,"height":738,"caption":"Foto: NextFoto, Ewa Farn\u00e1 na p\u0159ed\u00e1v\u00e1n\u00ed hudebn\u00edch cen \u010cesk\u00fd slav\u00edk"},{"@type":"BreadcrumbList","@id":"https:\/\/www.karaoketexty.cz\/magazin\/ewa-farna-ovladla-slavika-2025-jeji-manzel-opet-chybel\/#breadcrumb","itemListElement":[{"@type":"ListItem","position":1,"name":"Dom\u016f","item":"https:\/\/www.karaoketexty.cz\/magazin\/"},{"@type":"ListItem","position":2,"name":"Ewa Farna ovl\u00e1dla Slav\u00edka 2025: Jej\u00ed man\u017eel op\u011bt chyb\u011bl"}]},{"@type":"WebSite","@id":"https:\/\/www.karaoketexty.cz\/magazin\/#website","url":"https:\/\/www.karaoketexty.cz\/magazin\/","name":"Stars Magaz\u00edn Karaoketexty.cz","description":"Stars Magaz\u00edn na Karaoketexty.cz je zam\u011b\u0159en\u00fd na novinky ze sv\u011bta hudby a celebrit. Obsahuje \u010dl\u00e1nky o zp\u011bv\u00e1c\u00edch, kapel\u00e1ch, nov\u00fdch albech, hudebn\u00edch trendech a dal\u0161\u00edch zaj\u00edmavostech z hudebn\u00edho pr\u016fmyslu.","potentialAction":[{"@type":"SearchAction","target":{"@type":"EntryPoint","urlTemplate":"https:\/\/www.karaoketexty.cz\/magazin\/?s={search_term_string}"},"query-input":{"@type":"PropertyValueSpecification","valueRequired":true,"valueName":"search_term_string"}}],"inLanguage":"cs"},{"@type":"Person","@id":"https:\/\/www.karaoketexty.cz\/magazin\/#\/schema\/person\/37c0164a04038267c8a56ad6d60df749","name":"Barbora Kop\u0159ivov\u00e1","image":{"@type":"ImageObject","inLanguage":"cs","@id":"https:\/\/secure.gravatar.com\/avatar\/ad2ef9810228386d580851ef4bdde76abaa96054ff5b068c8873bc91afb2df84?s=96&d=mm&r=g","url":"https:\/\/secure.gravatar.com\/avatar\/ad2ef9810228386d580851ef4bdde76abaa96054ff5b068c8873bc91afb2df84?s=96&d=mm&r=g","contentUrl":"https:\/\/secure.gravatar.com\/avatar\/ad2ef9810228386d580851ef4bdde76abaa96054ff5b068c8873bc91afb2df84?s=96&d=mm&r=g","caption":"Barbora Kop\u0159ivov\u00e1"},"url":"https:\/\/www.karaoketexty.cz\/magazin\/author\/barborakoprivova\/"}]}},"_links":{"self":[{"href":"https:\/\/www.karaoketexty.cz\/magazin\/wp-json\/wp\/v2\/posts\/5093","targetHints":{"allow":["GET"]}}],"collection":[{"href":"https:\/\/www.karaoketexty.cz\/magazin\/wp-json\/wp\/v2\/posts"}],"about":[{"href":"https:\/\/www.karaoketexty.cz\/magazin\/wp-json\/wp\/v2\/types\/post"}],"author":[{"embeddable":true,"href":"https:\/\/www.karaoketexty.cz\/magazin\/wp-json\/wp\/v2\/users\/4"}],"replies":[{"embeddable":true,"href":"https:\/\/www.karaoketexty.cz\/magazin\/wp-json\/wp\/v2\/comments?post=5093"}],"version-history":[{"count":4,"href":"https:\/\/www.karaoketexty.cz\/magazin\/wp-json\/wp\/v2\/posts\/5093\/revisions"}],"predecessor-version":[{"id":5390,"href":"https:\/\/www.karaoketexty.cz\/magazin\/wp-json\/wp\/v2\/posts\/5093\/revisions\/5390"}],"wp:featuredmedia":[{"embeddable":true,"href":"https:\/\/www.karaoketexty.cz\/magazin\/wp-json\/wp\/v2\/media\/4684"}],"wp:attachment":[{"href":"https:\/\/www.karaoketexty.cz\/magazin\/wp-json\/wp\/v2\/media?parent=5093"}],"wp:term":[{"taxonomy":"category","embeddable":true,"href":"https:\/\/www.karaoketexty.cz\/magazin\/wp-json\/wp\/v2\/categories?post=5093"},{"taxonomy":"post_tag","embeddable":true,"href":"https:\/\/www.karaoketexty.cz\/magazin\/wp-json\/wp\/v2\/tags?post=5093"}],"curies":[{"name":"wp","href":"https:\/\/api.w.org\/{rel}","templated":true}]}}