{"id":3881,"date":"2025-10-22T08:44:00","date_gmt":"2025-10-22T06:44:00","guid":{"rendered":"https:\/\/www.karaoketexty.cz\/magazin\/?p=3881"},"modified":"2025-10-22T12:04:58","modified_gmt":"2025-10-22T10:04:58","slug":"kanye-west-bez-filtru-dokument-ktery-odhaluje-genialitu-i-pad-jednoho-z-nejkontroverznejsich-umelcu-planety","status":"publish","type":"post","link":"https:\/\/www.karaoketexty.cz\/magazin\/kanye-west-bez-filtru-dokument-ktery-odhaluje-genialitu-i-pad-jednoho-z-nejkontroverznejsich-umelcu-planety\/","title":{"rendered":"Kanye West bez filtru: Dokument, kter\u00fd odhaluje genialitu i p\u00e1d jednoho z nejkontroverzn\u011bj\u0161\u00edch um\u011blc\u016f planety"},"content":{"rendered":"\n<p><strong>Nov\u00fd dokument \u201eIn Whose Name?\u201c otev\u00edr\u00e1 dve\u0159e do \u017eivota Kanyeho Westa, p\u0159ezd\u00edvan\u00e9ho Ye. \u0160est let nat\u00e1\u010den\u00ed a t\u0159i tis\u00edce hodin z\u00e1b\u011br\u016f.<\/strong><\/p>\n\n\n\n<p>Kanye West je zp\u011bt na pl\u00e1tn\u011b, tentokr\u00e1t ne jako hudebn\u00ed vizion\u00e1\u0159, ale jako rozpolcen\u00e1 postava v dokumentu. Redakce Karaoketexty.cz si v\u0161imla, \u017ee \u201eIn Whose Name?\u201c nen\u00ed jenom dal\u0161\u00ed portr\u00e9t celebrity, ale celkem syrov\u00e9 zrcadlo, kter\u00e9 nut\u00ed div\u00e1ka p\u0159em\u00fd\u0161let nad hranicemi mezi um\u011bn\u00edm a \u0161\u00edlenstv\u00edm. Film re\u017eis\u00e9ra Nica Ballesterose vznikal 6 let.<\/p>\n\n\n<!-- karaoketexty.cz \/ rectangle2 -->\n<div id=\"PX_37086_709110796310826\"><\/div>\n<script>\n   if(!useMobileAds && !boolUseSeznamAds && !hideAllAds){\n     window.px2 = window.px2 || { conf: {},queue: [] };\n     px2.queue.push(function () {\n        px2.render({\n           slot: {\n              id: 37086\n           },\n            elem: \"PX_37086_709110796310826\"\n        })\n     });\n  }\n<\/script>\n\n<!-- karaoketexty.cz \/ mobile-rectangle3 -->\n<div id=\"PX_37044_714599773297004\"><\/div>\n<script>\n   if(useMobileAds && !boolUseSeznamAds && !hideAllAds){\nwindow.px2 = window.px2 || { conf: {},queue: [] };\npx2.queue.push(function () {\n\tpx2.render({\n\t\tslot: {\n\t\t\tid: 37044\n\t\t},\n\t\telem: \"PX_37044_714599773297004\"\n\t})\n});\n}\n<\/script>\n\n\n<h2 class=\"wp-block-heading\">3 000 hodin \u017eivota bez sc\u00e9n\u00e1\u0159e<\/h2>\n\n\n\n<p>Nico Ballesteros, tehdy teprve 18let\u00fd student um\u011bleck\u00e9 \u0161koly, z\u00edskal od Kanyeho v\u00fdjime\u010dn\u00e9 svolen\u00ed nat\u00e1\u010det jeho \u017eivot bez omezen\u00ed. <em>\u201ePozv\u00e1n\u00ed bylo p\u0159\u00edmo\u010dar\u00e9,\u201c<\/em> vzpom\u00edn\u00e1. <em>\u201eYe mi dal najevo, \u017ee chce zachytit svou mysl v pln\u00e9m rozsahu \u2013 tu kr\u00e1snou, ale i tu destruktivn\u00ed \u010d\u00e1st.\u201c<\/em><\/p>\n\n\n\n<p>A tak vznikl unik\u00e1tn\u00ed projekt. T\u0159i tis\u00edce hodin z\u00e1znamu, z nich\u017e se v roce 2025 zrodil dokument \u201eIn Whose Name?\u201c. Div\u00e1k vid\u00ed zhroucen\u00ed zp\u011bv\u00e1ka b\u011bhem prezidentsk\u00e9 kampan\u011b, skand\u00e1ln\u00ed rozchod s Kim Kardashian, kontroverzn\u00ed prohl\u00e1\u0161en\u00ed o otroctv\u00ed i p\u00e1dy, kter\u00e9 st\u00e1ly miliardy dolar\u016f. Sleduje \u010dlov\u011bka, kter\u00fd odm\u00edt\u00e1 hranice reality i vlastn\u00ed du\u0161evn\u00ed rovnov\u00e1hy. V jedn\u00e9 ze sc\u00e9n West k\u0159i\u010d\u00ed: <em>\u201eRad\u011bji bych byl mrtv\u00fd, ne\u017e abych bral l\u00e9ky!\u201c<\/em><\/p>\n\n\n<!-- karaoketexty.cz \/ interscroller1 -->\n\n<div id=\"PX_37041_825057871452834\"><\/div>\n<script>\nif(useMobileAds && !boolUseSeznamAds && !hideAllAds){\n\twindow.px2 = window.px2 || { conf: {},queue: [] };\n\tpx2.queue.push(function () {\n\t\tpx2.render({\n\t\t\tslot: {\n\t\t\t\tid: 37041\n\t\t\t},\n\t\t\telem: \"PX_37041_825057871452834\"\n\t\t})\n\t});\n}\n<\/script>\n\n\n<h2 class=\"wp-block-heading\">Mezi \u0161\u00edlenstv\u00edm a viz\u00ed<\/h2>\n\n\n\n<p>\u201eIn Whose Name?\u201c nen\u00ed jenom o p\u00e1du Westa, ale i o posedlosti tv\u016fr\u010d\u00edm duchem. Kanye v n\u011bm mluv\u00ed o sv\u00e9m p\u0159esv\u011bd\u010den\u00ed, \u017ee trp\u00ed jak\u00fdmsi du\u0161evn\u00edm proz\u0159en\u00edm, a ne nemoc\u00ed. Ballesteros ho sleduje po cel\u00e9m sv\u011bt\u011b, z Kalifornie p\u0159es Ugandu a\u017e po \u0160v\u00fdcarsko. Zachycuje \u010dlov\u011bka, kter\u00fd neust\u00e1le ut\u00edk\u00e1 s\u00e1m p\u0159ed sebou. Film odm\u00edt\u00e1 klasick\u00e9 vypr\u00e1v\u011bn\u00ed, \u017e\u00e1dn\u00e9 koment\u00e1\u0159e, \u017e\u00e1dn\u00e9 rozhovory. Jen realita tak, jak ji Ye \u017eije.<\/p>\n\n\n\n<iframe title=\"In Whose Name? | Teaser Trailer | Only In Theaters September 19\" width=\"500\" height=\"281\" src=\"https:\/\/www.youtube.com\/embed\/OpKEUIAkO_Q?feature=oembed\" frameborder=\"0\" allow=\"accelerometer; autoplay; clipboard-write; encrypted-media; gyroscope; picture-in-picture; web-share\" referrerpolicy=\"strict-origin-when-cross-origin\" allowfullscreen><\/iframe>\n\n\n\n<p>Re\u017eis\u00e9r p\u0159izn\u00e1v\u00e1, \u017ee se \u010dastokr\u00e1t rad\u011bji ptal, jestli nem\u00e1 kameru vypnout. Kdy\u017e t\u0159eba Kanye v jedn\u00e9 sc\u00e9n\u011b n\u011bkoho ur\u00e1\u017e\u00ed, jindy naopak dojet\u00edm obj\u00edm\u00e1 sv\u00e9 d\u011bti. Ale pr\u00e1v\u011b takov\u00e1 syrovost d\u00e1v\u00e1 filmu s\u00edlu. Ballesteros pozd\u011bji \u0159ekl: <em>\u201eNe\u0161lo mi o odsouzen\u00ed, ale o empatii. Cht\u011bl jsem uk\u00e1zat zkr\u00e1tka norm\u00e1ln\u00edho \u010dlov\u011bka, ne modlu.\u201c<\/em> Film m\u011bl premi\u00e9ru 19. z\u00e1\u0159\u00ed v USA, pro tuto chv\u00edli je v\u0161ak k vid\u011bn\u00ed jen v americk\u00fdch kinech a uvid\u00edme, jestli se dostane nap\u0159\u00edklad na streamovac\u00ed platformy.<\/p>\n\n\n\n<h2 class=\"wp-block-heading\">Kontroverzn\u00ed figurka, ale i vlivn\u00fd talent<\/h2>\n\n\n\n<p>Kanye West, dnes zn\u00e1m\u00fd jako Ye, se narodil v Chicagu. Vyrostl v rodin\u011b vysoko\u0161kolsk\u00e9 profesorky a fotografa. U\u017e od ml\u00e1d\u00ed cht\u011bl dokazovat, \u017ee hudba m\u016f\u017ee b\u00fdt filozofi\u00ed i terapi\u00ed. Kdy\u017e v roce 2009 p\u0159eru\u0161il Taylor Swift na MTV Video Music Awards, sv\u011bt ho za\u010dal vn\u00edmat jako \u201earogantn\u00edho g\u00e9nia\u201c. Od t\u00e9 doby osciluje mezi vizion\u00e1\u0159em a provokat\u00e9rem.<\/p>\n\n\n\n<p>Westova tvorba byla v\u017edy politick\u00e1, emocion\u00e1ln\u00ed a \u010dasto tak\u00e9 rozporupln\u00e1. Pro jedny je g\u00e9niem, pro jin\u00e9 symbolem ztracen\u00e9ho ega a nebezpe\u010d\u00ed, jak\u00e9 sl\u00e1va p\u0159in\u00e1\u0161\u00ed. N\u00e1s zaujal p\u0159edev\u0161\u00edm kontrast mezi jeho otev\u0159enost\u00ed a touhou po kontrole, co\u017e je paradox, kter\u00fd se st\u00e1v\u00e1 \u00fast\u0159edn\u00edm motivem dokumentu. Kanyeho v\u00edra v to, \u017ee v\u0161echno je vlastn\u011b um\u011bleck\u00e9 d\u00edlo, se v \u201eIn Whose Name?\u201c prom\u011b\u0148uje v tragikomickou metaforu modern\u00edho g\u00e9nia.<\/p>\n\n\n\n<p>Zdroj: Autorsk\u00fd text, <a href=\"https:\/\/cs.wikipedia.org\/wiki\/Kanye_West\" target=\"_blank\" rel=\"noreferrer noopener nofollow\">Wikipedie<\/a>, <a href=\"https:\/\/www.theguardian.com\/film\/2025\/sep\/24\/in-whose-name-kanye-west-nico-ballesteros\" target=\"_blank\" rel=\"noreferrer noopener nofollow\">TheGuardian<\/a>, <a href=\"https:\/\/www.marieclaire.com.au\/life\/entertainment\/kanye-west-film-where-to-watch\/\" target=\"_blank\" rel=\"noreferrer noopener nofollow\">MarieClaire<\/a>, <a href=\"https:\/\/www.youtube.com\/@InWhoseNameMovie\" target=\"_blank\" rel=\"noreferrer noopener nofollow\">YouTube In Whose Name?<\/a><\/p>\n\n\n            <a href=\"https:\/\/www.karaoketexty.cz\/magazin\/drake-a-tajemny-projekt-iceman-co-fanousci-cekaji-od-rapoveho-fenomenu\/\" class=\"related-post-link\">\n                <div class=\"post-thumbnail\">\n                    <img decoding=\"async\" width=\"250\" height=\"148\" src=\"https:\/\/www.karaoketexty.cz\/magazin\/wp-content\/uploads\/2025\/08\/drake.jpg\" class=\"attachment-250x180 size-250x180 not-transparent\" alt=\"Drake\" srcset=\"https:\/\/www.karaoketexty.cz\/magazin\/wp-content\/uploads\/2025\/08\/drake.jpg 1200w, https:\/\/www.karaoketexty.cz\/magazin\/wp-content\/uploads\/2025\/08\/drake-300x178.jpg 300w, https:\/\/www.karaoketexty.cz\/magazin\/wp-content\/uploads\/2025\/08\/drake-1024x607.jpg 1024w, https:\/\/www.karaoketexty.cz\/magazin\/wp-content\/uploads\/2025\/08\/drake-768x455.jpg 768w\" sizes=\"(max-width: 250px) 100vw, 250px\" data-has-transparency=\"false\" data-dominant-color=\"464c53\" style=\"--dominant-color: #464c53;\" \/>                <\/div>\n                <div class=\"post-details\">\n                    <span class=\"also-read\">\u010ct\u011bte tak\u00e9:<\/span>\n                    <h3 class=\"hed\">Drake a tajemn\u00fd projekt Iceman: co fanou\u0161ci \u010dekaj\u00ed od rapov\u00e9ho fenom\u00e9nu<\/h3>\n                <\/div>\n            <\/a>\n            \n\n            <a href=\"https:\/\/www.karaoketexty.cz\/magazin\/will-smith-odpovida-na-obvineni-z-falesneho-videa-s-ai-publikem-zverejnil-video-s-kockami\/\" class=\"related-post-link\">\n                <div class=\"post-thumbnail\">\n                    <img decoding=\"async\" width=\"250\" height=\"131\" src=\"https:\/\/www.karaoketexty.cz\/magazin\/wp-content\/uploads\/2025\/07\/will-smith-1.jpg\" class=\"attachment-250x180 size-250x180 not-transparent\" alt=\"Fotografie Willa Smitha\" srcset=\"https:\/\/www.karaoketexty.cz\/magazin\/wp-content\/uploads\/2025\/07\/will-smith-1.jpg 1200w, https:\/\/www.karaoketexty.cz\/magazin\/wp-content\/uploads\/2025\/07\/will-smith-1-300x158.jpg 300w, https:\/\/www.karaoketexty.cz\/magazin\/wp-content\/uploads\/2025\/07\/will-smith-1-1024x538.jpg 1024w, https:\/\/www.karaoketexty.cz\/magazin\/wp-content\/uploads\/2025\/07\/will-smith-1-768x403.jpg 768w\" sizes=\"(max-width: 250px) 100vw, 250px\" data-has-transparency=\"false\" data-dominant-color=\"8a8690\" style=\"--dominant-color: #8a8690;\" \/>                <\/div>\n                <div class=\"post-details\">\n                    <span class=\"also-read\">\u010ct\u011bte tak\u00e9:<\/span>\n                    <h3 class=\"hed\">Will Smith odpov\u00edd\u00e1 na obvin\u011bn\u00ed z fale\u0161n\u00e9ho videa s AI publikem: Zve\u0159ejnil video s ko\u010dkami!<\/h3>\n                <\/div>\n            <\/a>\n            ","protected":false},"excerpt":{"rendered":"<p>Nov\u00fd dokument \u201eIn Whose Name?\u201c otev\u00edr\u00e1 dve\u0159e do \u017eivota Kanyeho Westa, p\u0159ezd\u00edvan\u00e9ho Ye. \u0160est let nat\u00e1\u010den\u00ed a t\u0159i tis\u00edce hodin z\u00e1b\u011br\u016f.<\/p>\n","protected":false},"author":6,"featured_media":3882,"comment_status":"open","ping_status":"closed","sticky":false,"template":"","format":"standard","meta":{"_yoast_wpseo_title":"Dokument \u201eIn Whose Name?\u201c ukazuje, kdo je Kanye West","_yoast_wpseo_metadesc":"Nov\u00fd dokument \u201eIn Whose Name?\u201c otev\u00edr\u00e1 dve\u0159e do \u017eivota Kanyeho Westa, p\u0159ezd\u00edvan\u00e9ho Ye. \u0160est let nat\u00e1\u010den\u00ed a t\u0159i tis\u00edce hodin z\u00e1b\u011br\u016f.","footnotes":""},"categories":[1059],"tags":[1731,110,795,2002,3031,3708,3704,1373,2066,584,3712,2957,3705,3707,3710,1944,33,3709,233,3711,163,3706,28,11],"class_list":["post-3881","post","type-post","status-publish","format-standard","has-post-thumbnail","hentry","category-celebrity","tag-chicago","tag-dokument","tag-dusevni-zdravi","tag-empatie","tag-filmova-premiera","tag-hudebni-vizionar","tag-in-whose-name","tag-kanye-west","tag-kim-kardashian","tag-kontroverze","tag-moderni-genius","tag-mtv-video-music-awards","tag-nico-ballesteros","tag-prezidentska-kampan","tag-psychicka-nemoc","tag-reziser","tag-skandal","tag-slava","tag-taylor-swift","tag-umelecky-film","tag-usa","tag-ye","tag-zahranicni-celebrity","tag-zpevak"],"yoast_head":"<!-- This site is optimized with the Yoast SEO plugin v27.4 - https:\/\/yoast.com\/product\/yoast-seo-wordpress\/ -->\n<title>Dokument \u201eIn Whose Name?\u201c ukazuje, kdo je Kanye West<\/title>\n<meta name=\"description\" content=\"Nov\u00fd dokument \u201eIn Whose Name?\u201c otev\u00edr\u00e1 dve\u0159e do \u017eivota Kanyeho Westa, p\u0159ezd\u00edvan\u00e9ho Ye. \u0160est let nat\u00e1\u010den\u00ed a t\u0159i tis\u00edce hodin z\u00e1b\u011br\u016f.\" \/>\n<meta name=\"robots\" content=\"index, follow, max-snippet:-1, max-image-preview:large, max-video-preview:-1\" \/>\n<link rel=\"canonical\" href=\"https:\/\/www.karaoketexty.cz\/magazin\/kanye-west-bez-filtru-dokument-ktery-odhaluje-genialitu-i-pad-jednoho-z-nejkontroverznejsich-umelcu-planety\/\" \/>\n<meta property=\"og:locale\" content=\"cs_CZ\" \/>\n<meta property=\"og:type\" content=\"article\" \/>\n<meta property=\"og:title\" content=\"Dokument \u201eIn Whose Name?\u201c ukazuje, kdo je Kanye West\" \/>\n<meta property=\"og:description\" content=\"Nov\u00fd dokument \u201eIn Whose Name?\u201c otev\u00edr\u00e1 dve\u0159e do \u017eivota Kanyeho Westa, p\u0159ezd\u00edvan\u00e9ho Ye. \u0160est let nat\u00e1\u010den\u00ed a t\u0159i tis\u00edce hodin z\u00e1b\u011br\u016f.\" \/>\n<meta property=\"og:url\" content=\"https:\/\/www.karaoketexty.cz\/magazin\/kanye-west-bez-filtru-dokument-ktery-odhaluje-genialitu-i-pad-jednoho-z-nejkontroverznejsich-umelcu-planety\/\" \/>\n<meta property=\"og:site_name\" content=\"Stars Magaz\u00edn Karaoketexty.cz\" \/>\n<meta property=\"article:published_time\" content=\"2025-10-22T06:44:00+00:00\" \/>\n<meta property=\"article:modified_time\" content=\"2025-10-22T10:04:58+00:00\" \/>\n<meta property=\"og:image\" content=\"https:\/\/www.karaoketexty.cz\/magazin\/wp-content\/uploads\/2025\/10\/kanye-west.jpg\" \/>\n\t<meta property=\"og:image:width\" content=\"1200\" \/>\n\t<meta property=\"og:image:height\" content=\"780\" \/>\n\t<meta property=\"og:image:type\" content=\"image\/jpeg\" \/>\n<meta name=\"author\" content=\"Franti\u0161ek Zahradn\u00ed\u010dek\" \/>\n<meta name=\"twitter:card\" content=\"summary_large_image\" \/>\n<meta name=\"twitter:label1\" content=\"Napsal(a)\" \/>\n\t<meta name=\"twitter:data1\" content=\"Franti\u0161ek Zahradn\u00ed\u010dek\" \/>\n\t<meta name=\"twitter:label2\" content=\"Odhadovan\u00e1 doba \u010dten\u00ed\" \/>\n\t<meta name=\"twitter:data2\" content=\"1 minuta\" \/>\n<script type=\"application\/ld+json\" class=\"yoast-schema-graph\">{\"@context\":\"https:\\\/\\\/schema.org\",\"@graph\":[{\"@type\":\"Article\",\"@id\":\"https:\\\/\\\/www.karaoketexty.cz\\\/magazin\\\/kanye-west-bez-filtru-dokument-ktery-odhaluje-genialitu-i-pad-jednoho-z-nejkontroverznejsich-umelcu-planety\\\/#article\",\"isPartOf\":{\"@id\":\"https:\\\/\\\/www.karaoketexty.cz\\\/magazin\\\/kanye-west-bez-filtru-dokument-ktery-odhaluje-genialitu-i-pad-jednoho-z-nejkontroverznejsich-umelcu-planety\\\/\"},\"author\":{\"name\":\"Franti\u0161ek Zahradn\u00ed\u010dek\",\"@id\":\"https:\\\/\\\/www.karaoketexty.cz\\\/magazin\\\/#\\\/schema\\\/person\\\/69d871cedc122c98723e0f5e1f73fa16\"},\"headline\":\"Kanye West bez filtru: Dokument, kter\u00fd odhaluje genialitu i p\u00e1d jednoho z nejkontroverzn\u011bj\u0161\u00edch um\u011blc\u016f planety\",\"datePublished\":\"2025-10-22T06:44:00+00:00\",\"dateModified\":\"2025-10-22T10:04:58+00:00\",\"mainEntityOfPage\":{\"@id\":\"https:\\\/\\\/www.karaoketexty.cz\\\/magazin\\\/kanye-west-bez-filtru-dokument-ktery-odhaluje-genialitu-i-pad-jednoho-z-nejkontroverznejsich-umelcu-planety\\\/\"},\"wordCount\":639,\"commentCount\":0,\"image\":{\"@id\":\"https:\\\/\\\/www.karaoketexty.cz\\\/magazin\\\/kanye-west-bez-filtru-dokument-ktery-odhaluje-genialitu-i-pad-jednoho-z-nejkontroverznejsich-umelcu-planety\\\/#primaryimage\"},\"thumbnailUrl\":\"https:\\\/\\\/www.karaoketexty.cz\\\/magazin\\\/wp-content\\\/uploads\\\/2025\\\/10\\\/kanye-west.jpg\",\"keywords\":[\"Chicago\",\"Dokument\",\"du\u0161evn\u00ed zdrav\u00ed\",\"empatie\",\"filmov\u00e1 premi\u00e9ra\",\"hudebn\u00ed vizion\u00e1\u0159\",\"In Whose Name?\",\"Kanye West\",\"Kim Kardashian\",\"kontroverze\",\"modern\u00ed g\u00e9nius\",\"MTV Video Music Awards\",\"Nico Ballesteros\",\"prezidentsk\u00e1 kampa\u0148\",\"psychick\u00e1 nemoc\",\"re\u017eis\u00e9r\",\"Skand\u00e1l\",\"sl\u00e1va\",\"Taylor Swift\",\"um\u011bleck\u00fd film\",\"USA\",\"Ye\",\"Zahrani\u010dn\u00ed celebrity\",\"Zp\u011bv\u00e1k\"],\"articleSection\":[\"Celebrity\"],\"inLanguage\":\"cs\",\"potentialAction\":[{\"@type\":\"CommentAction\",\"name\":\"Comment\",\"target\":[\"https:\\\/\\\/www.karaoketexty.cz\\\/magazin\\\/kanye-west-bez-filtru-dokument-ktery-odhaluje-genialitu-i-pad-jednoho-z-nejkontroverznejsich-umelcu-planety\\\/#respond\"]}]},{\"@type\":\"WebPage\",\"@id\":\"https:\\\/\\\/www.karaoketexty.cz\\\/magazin\\\/kanye-west-bez-filtru-dokument-ktery-odhaluje-genialitu-i-pad-jednoho-z-nejkontroverznejsich-umelcu-planety\\\/\",\"url\":\"https:\\\/\\\/www.karaoketexty.cz\\\/magazin\\\/kanye-west-bez-filtru-dokument-ktery-odhaluje-genialitu-i-pad-jednoho-z-nejkontroverznejsich-umelcu-planety\\\/\",\"name\":\"Dokument \u201eIn Whose Name?\u201c ukazuje, kdo je Kanye West\",\"isPartOf\":{\"@id\":\"https:\\\/\\\/www.karaoketexty.cz\\\/magazin\\\/#website\"},\"primaryImageOfPage\":{\"@id\":\"https:\\\/\\\/www.karaoketexty.cz\\\/magazin\\\/kanye-west-bez-filtru-dokument-ktery-odhaluje-genialitu-i-pad-jednoho-z-nejkontroverznejsich-umelcu-planety\\\/#primaryimage\"},\"image\":{\"@id\":\"https:\\\/\\\/www.karaoketexty.cz\\\/magazin\\\/kanye-west-bez-filtru-dokument-ktery-odhaluje-genialitu-i-pad-jednoho-z-nejkontroverznejsich-umelcu-planety\\\/#primaryimage\"},\"thumbnailUrl\":\"https:\\\/\\\/www.karaoketexty.cz\\\/magazin\\\/wp-content\\\/uploads\\\/2025\\\/10\\\/kanye-west.jpg\",\"datePublished\":\"2025-10-22T06:44:00+00:00\",\"dateModified\":\"2025-10-22T10:04:58+00:00\",\"author\":{\"@id\":\"https:\\\/\\\/www.karaoketexty.cz\\\/magazin\\\/#\\\/schema\\\/person\\\/69d871cedc122c98723e0f5e1f73fa16\"},\"description\":\"Nov\u00fd dokument \u201eIn Whose Name?\u201c otev\u00edr\u00e1 dve\u0159e do \u017eivota Kanyeho Westa, p\u0159ezd\u00edvan\u00e9ho Ye. \u0160est let nat\u00e1\u010den\u00ed a t\u0159i tis\u00edce hodin z\u00e1b\u011br\u016f.\",\"breadcrumb\":{\"@id\":\"https:\\\/\\\/www.karaoketexty.cz\\\/magazin\\\/kanye-west-bez-filtru-dokument-ktery-odhaluje-genialitu-i-pad-jednoho-z-nejkontroverznejsich-umelcu-planety\\\/#breadcrumb\"},\"inLanguage\":\"cs\",\"potentialAction\":[{\"@type\":\"ReadAction\",\"target\":[\"https:\\\/\\\/www.karaoketexty.cz\\\/magazin\\\/kanye-west-bez-filtru-dokument-ktery-odhaluje-genialitu-i-pad-jednoho-z-nejkontroverznejsich-umelcu-planety\\\/\"]}]},{\"@type\":\"ImageObject\",\"inLanguage\":\"cs\",\"@id\":\"https:\\\/\\\/www.karaoketexty.cz\\\/magazin\\\/kanye-west-bez-filtru-dokument-ktery-odhaluje-genialitu-i-pad-jednoho-z-nejkontroverznejsich-umelcu-planety\\\/#primaryimage\",\"url\":\"https:\\\/\\\/www.karaoketexty.cz\\\/magazin\\\/wp-content\\\/uploads\\\/2025\\\/10\\\/kanye-west.jpg\",\"contentUrl\":\"https:\\\/\\\/www.karaoketexty.cz\\\/magazin\\\/wp-content\\\/uploads\\\/2025\\\/10\\\/kanye-west.jpg\",\"width\":1200,\"height\":780,\"caption\":\"Fotografie: Heute.at \\\/ Creative Commons \\\/ CC BY 4.0, Kanye West\"},{\"@type\":\"BreadcrumbList\",\"@id\":\"https:\\\/\\\/www.karaoketexty.cz\\\/magazin\\\/kanye-west-bez-filtru-dokument-ktery-odhaluje-genialitu-i-pad-jednoho-z-nejkontroverznejsich-umelcu-planety\\\/#breadcrumb\",\"itemListElement\":[{\"@type\":\"ListItem\",\"position\":1,\"name\":\"Dom\u016f\",\"item\":\"https:\\\/\\\/www.karaoketexty.cz\\\/magazin\\\/\"},{\"@type\":\"ListItem\",\"position\":2,\"name\":\"Kanye West bez filtru: Dokument, kter\u00fd odhaluje genialitu i p\u00e1d jednoho z nejkontroverzn\u011bj\u0161\u00edch um\u011blc\u016f planety\"}]},{\"@type\":\"WebSite\",\"@id\":\"https:\\\/\\\/www.karaoketexty.cz\\\/magazin\\\/#website\",\"url\":\"https:\\\/\\\/www.karaoketexty.cz\\\/magazin\\\/\",\"name\":\"Stars Magaz\u00edn Karaoketexty.cz\",\"description\":\"Stars Magaz\u00edn na Karaoketexty.cz je zam\u011b\u0159en\u00fd na novinky ze sv\u011bta hudby a celebrit. Obsahuje \u010dl\u00e1nky o zp\u011bv\u00e1c\u00edch, kapel\u00e1ch, nov\u00fdch albech, hudebn\u00edch trendech a dal\u0161\u00edch zaj\u00edmavostech z hudebn\u00edho pr\u016fmyslu.\",\"potentialAction\":[{\"@type\":\"SearchAction\",\"target\":{\"@type\":\"EntryPoint\",\"urlTemplate\":\"https:\\\/\\\/www.karaoketexty.cz\\\/magazin\\\/?s={search_term_string}\"},\"query-input\":{\"@type\":\"PropertyValueSpecification\",\"valueRequired\":true,\"valueName\":\"search_term_string\"}}],\"inLanguage\":\"cs\"},{\"@type\":\"Person\",\"@id\":\"https:\\\/\\\/www.karaoketexty.cz\\\/magazin\\\/#\\\/schema\\\/person\\\/69d871cedc122c98723e0f5e1f73fa16\",\"name\":\"Franti\u0161ek Zahradn\u00ed\u010dek\",\"image\":{\"@type\":\"ImageObject\",\"inLanguage\":\"cs\",\"@id\":\"https:\\\/\\\/secure.gravatar.com\\\/avatar\\\/fcc548a9ddc6294d2945bd8730d73ac130db3d13dfd96d644aa093d54c1917b6?s=96&d=mm&r=g\",\"url\":\"https:\\\/\\\/secure.gravatar.com\\\/avatar\\\/fcc548a9ddc6294d2945bd8730d73ac130db3d13dfd96d644aa093d54c1917b6?s=96&d=mm&r=g\",\"contentUrl\":\"https:\\\/\\\/secure.gravatar.com\\\/avatar\\\/fcc548a9ddc6294d2945bd8730d73ac130db3d13dfd96d644aa093d54c1917b6?s=96&d=mm&r=g\",\"caption\":\"Franti\u0161ek Zahradn\u00ed\u010dek\"},\"url\":\"https:\\\/\\\/www.karaoketexty.cz\\\/magazin\\\/author\\\/frantazahrada\\\/\"}]}<\/script>\n<!-- \/ Yoast SEO plugin. -->","yoast_head_json":{"title":"Dokument \u201eIn Whose Name?\u201c ukazuje, kdo je Kanye West","description":"Nov\u00fd dokument \u201eIn Whose Name?\u201c otev\u00edr\u00e1 dve\u0159e do \u017eivota Kanyeho Westa, p\u0159ezd\u00edvan\u00e9ho Ye. \u0160est let nat\u00e1\u010den\u00ed a t\u0159i tis\u00edce hodin z\u00e1b\u011br\u016f.","robots":{"index":"index","follow":"follow","max-snippet":"max-snippet:-1","max-image-preview":"max-image-preview:large","max-video-preview":"max-video-preview:-1"},"canonical":"https:\/\/www.karaoketexty.cz\/magazin\/kanye-west-bez-filtru-dokument-ktery-odhaluje-genialitu-i-pad-jednoho-z-nejkontroverznejsich-umelcu-planety\/","og_locale":"cs_CZ","og_type":"article","og_title":"Dokument \u201eIn Whose Name?\u201c ukazuje, kdo je Kanye West","og_description":"Nov\u00fd dokument \u201eIn Whose Name?\u201c otev\u00edr\u00e1 dve\u0159e do \u017eivota Kanyeho Westa, p\u0159ezd\u00edvan\u00e9ho Ye. \u0160est let nat\u00e1\u010den\u00ed a t\u0159i tis\u00edce hodin z\u00e1b\u011br\u016f.","og_url":"https:\/\/www.karaoketexty.cz\/magazin\/kanye-west-bez-filtru-dokument-ktery-odhaluje-genialitu-i-pad-jednoho-z-nejkontroverznejsich-umelcu-planety\/","og_site_name":"Stars Magaz\u00edn Karaoketexty.cz","article_published_time":"2025-10-22T06:44:00+00:00","article_modified_time":"2025-10-22T10:04:58+00:00","og_image":[{"width":1200,"height":780,"url":"https:\/\/www.karaoketexty.cz\/magazin\/wp-content\/uploads\/2025\/10\/kanye-west.jpg","type":"image\/jpeg"}],"author":"Franti\u0161ek Zahradn\u00ed\u010dek","twitter_card":"summary_large_image","twitter_misc":{"Napsal(a)":"Franti\u0161ek Zahradn\u00ed\u010dek","Odhadovan\u00e1 doba \u010dten\u00ed":"1 minuta"},"schema":{"@context":"https:\/\/schema.org","@graph":[{"@type":"Article","@id":"https:\/\/www.karaoketexty.cz\/magazin\/kanye-west-bez-filtru-dokument-ktery-odhaluje-genialitu-i-pad-jednoho-z-nejkontroverznejsich-umelcu-planety\/#article","isPartOf":{"@id":"https:\/\/www.karaoketexty.cz\/magazin\/kanye-west-bez-filtru-dokument-ktery-odhaluje-genialitu-i-pad-jednoho-z-nejkontroverznejsich-umelcu-planety\/"},"author":{"name":"Franti\u0161ek Zahradn\u00ed\u010dek","@id":"https:\/\/www.karaoketexty.cz\/magazin\/#\/schema\/person\/69d871cedc122c98723e0f5e1f73fa16"},"headline":"Kanye West bez filtru: Dokument, kter\u00fd odhaluje genialitu i p\u00e1d jednoho z nejkontroverzn\u011bj\u0161\u00edch um\u011blc\u016f planety","datePublished":"2025-10-22T06:44:00+00:00","dateModified":"2025-10-22T10:04:58+00:00","mainEntityOfPage":{"@id":"https:\/\/www.karaoketexty.cz\/magazin\/kanye-west-bez-filtru-dokument-ktery-odhaluje-genialitu-i-pad-jednoho-z-nejkontroverznejsich-umelcu-planety\/"},"wordCount":639,"commentCount":0,"image":{"@id":"https:\/\/www.karaoketexty.cz\/magazin\/kanye-west-bez-filtru-dokument-ktery-odhaluje-genialitu-i-pad-jednoho-z-nejkontroverznejsich-umelcu-planety\/#primaryimage"},"thumbnailUrl":"https:\/\/www.karaoketexty.cz\/magazin\/wp-content\/uploads\/2025\/10\/kanye-west.jpg","keywords":["Chicago","Dokument","du\u0161evn\u00ed zdrav\u00ed","empatie","filmov\u00e1 premi\u00e9ra","hudebn\u00ed vizion\u00e1\u0159","In Whose Name?","Kanye West","Kim Kardashian","kontroverze","modern\u00ed g\u00e9nius","MTV Video Music Awards","Nico Ballesteros","prezidentsk\u00e1 kampa\u0148","psychick\u00e1 nemoc","re\u017eis\u00e9r","Skand\u00e1l","sl\u00e1va","Taylor Swift","um\u011bleck\u00fd film","USA","Ye","Zahrani\u010dn\u00ed celebrity","Zp\u011bv\u00e1k"],"articleSection":["Celebrity"],"inLanguage":"cs","potentialAction":[{"@type":"CommentAction","name":"Comment","target":["https:\/\/www.karaoketexty.cz\/magazin\/kanye-west-bez-filtru-dokument-ktery-odhaluje-genialitu-i-pad-jednoho-z-nejkontroverznejsich-umelcu-planety\/#respond"]}]},{"@type":"WebPage","@id":"https:\/\/www.karaoketexty.cz\/magazin\/kanye-west-bez-filtru-dokument-ktery-odhaluje-genialitu-i-pad-jednoho-z-nejkontroverznejsich-umelcu-planety\/","url":"https:\/\/www.karaoketexty.cz\/magazin\/kanye-west-bez-filtru-dokument-ktery-odhaluje-genialitu-i-pad-jednoho-z-nejkontroverznejsich-umelcu-planety\/","name":"Dokument \u201eIn Whose Name?\u201c ukazuje, kdo je Kanye West","isPartOf":{"@id":"https:\/\/www.karaoketexty.cz\/magazin\/#website"},"primaryImageOfPage":{"@id":"https:\/\/www.karaoketexty.cz\/magazin\/kanye-west-bez-filtru-dokument-ktery-odhaluje-genialitu-i-pad-jednoho-z-nejkontroverznejsich-umelcu-planety\/#primaryimage"},"image":{"@id":"https:\/\/www.karaoketexty.cz\/magazin\/kanye-west-bez-filtru-dokument-ktery-odhaluje-genialitu-i-pad-jednoho-z-nejkontroverznejsich-umelcu-planety\/#primaryimage"},"thumbnailUrl":"https:\/\/www.karaoketexty.cz\/magazin\/wp-content\/uploads\/2025\/10\/kanye-west.jpg","datePublished":"2025-10-22T06:44:00+00:00","dateModified":"2025-10-22T10:04:58+00:00","author":{"@id":"https:\/\/www.karaoketexty.cz\/magazin\/#\/schema\/person\/69d871cedc122c98723e0f5e1f73fa16"},"description":"Nov\u00fd dokument \u201eIn Whose Name?\u201c otev\u00edr\u00e1 dve\u0159e do \u017eivota Kanyeho Westa, p\u0159ezd\u00edvan\u00e9ho Ye. \u0160est let nat\u00e1\u010den\u00ed a t\u0159i tis\u00edce hodin z\u00e1b\u011br\u016f.","breadcrumb":{"@id":"https:\/\/www.karaoketexty.cz\/magazin\/kanye-west-bez-filtru-dokument-ktery-odhaluje-genialitu-i-pad-jednoho-z-nejkontroverznejsich-umelcu-planety\/#breadcrumb"},"inLanguage":"cs","potentialAction":[{"@type":"ReadAction","target":["https:\/\/www.karaoketexty.cz\/magazin\/kanye-west-bez-filtru-dokument-ktery-odhaluje-genialitu-i-pad-jednoho-z-nejkontroverznejsich-umelcu-planety\/"]}]},{"@type":"ImageObject","inLanguage":"cs","@id":"https:\/\/www.karaoketexty.cz\/magazin\/kanye-west-bez-filtru-dokument-ktery-odhaluje-genialitu-i-pad-jednoho-z-nejkontroverznejsich-umelcu-planety\/#primaryimage","url":"https:\/\/www.karaoketexty.cz\/magazin\/wp-content\/uploads\/2025\/10\/kanye-west.jpg","contentUrl":"https:\/\/www.karaoketexty.cz\/magazin\/wp-content\/uploads\/2025\/10\/kanye-west.jpg","width":1200,"height":780,"caption":"Fotografie: Heute.at \/ Creative Commons \/ CC BY 4.0, Kanye West"},{"@type":"BreadcrumbList","@id":"https:\/\/www.karaoketexty.cz\/magazin\/kanye-west-bez-filtru-dokument-ktery-odhaluje-genialitu-i-pad-jednoho-z-nejkontroverznejsich-umelcu-planety\/#breadcrumb","itemListElement":[{"@type":"ListItem","position":1,"name":"Dom\u016f","item":"https:\/\/www.karaoketexty.cz\/magazin\/"},{"@type":"ListItem","position":2,"name":"Kanye West bez filtru: Dokument, kter\u00fd odhaluje genialitu i p\u00e1d jednoho z nejkontroverzn\u011bj\u0161\u00edch um\u011blc\u016f planety"}]},{"@type":"WebSite","@id":"https:\/\/www.karaoketexty.cz\/magazin\/#website","url":"https:\/\/www.karaoketexty.cz\/magazin\/","name":"Stars Magaz\u00edn Karaoketexty.cz","description":"Stars Magaz\u00edn na Karaoketexty.cz je zam\u011b\u0159en\u00fd na novinky ze sv\u011bta hudby a celebrit. Obsahuje \u010dl\u00e1nky o zp\u011bv\u00e1c\u00edch, kapel\u00e1ch, nov\u00fdch albech, hudebn\u00edch trendech a dal\u0161\u00edch zaj\u00edmavostech z hudebn\u00edho pr\u016fmyslu.","potentialAction":[{"@type":"SearchAction","target":{"@type":"EntryPoint","urlTemplate":"https:\/\/www.karaoketexty.cz\/magazin\/?s={search_term_string}"},"query-input":{"@type":"PropertyValueSpecification","valueRequired":true,"valueName":"search_term_string"}}],"inLanguage":"cs"},{"@type":"Person","@id":"https:\/\/www.karaoketexty.cz\/magazin\/#\/schema\/person\/69d871cedc122c98723e0f5e1f73fa16","name":"Franti\u0161ek Zahradn\u00ed\u010dek","image":{"@type":"ImageObject","inLanguage":"cs","@id":"https:\/\/secure.gravatar.com\/avatar\/fcc548a9ddc6294d2945bd8730d73ac130db3d13dfd96d644aa093d54c1917b6?s=96&d=mm&r=g","url":"https:\/\/secure.gravatar.com\/avatar\/fcc548a9ddc6294d2945bd8730d73ac130db3d13dfd96d644aa093d54c1917b6?s=96&d=mm&r=g","contentUrl":"https:\/\/secure.gravatar.com\/avatar\/fcc548a9ddc6294d2945bd8730d73ac130db3d13dfd96d644aa093d54c1917b6?s=96&d=mm&r=g","caption":"Franti\u0161ek Zahradn\u00ed\u010dek"},"url":"https:\/\/www.karaoketexty.cz\/magazin\/author\/frantazahrada\/"}]}},"_links":{"self":[{"href":"https:\/\/www.karaoketexty.cz\/magazin\/wp-json\/wp\/v2\/posts\/3881","targetHints":{"allow":["GET"]}}],"collection":[{"href":"https:\/\/www.karaoketexty.cz\/magazin\/wp-json\/wp\/v2\/posts"}],"about":[{"href":"https:\/\/www.karaoketexty.cz\/magazin\/wp-json\/wp\/v2\/types\/post"}],"author":[{"embeddable":true,"href":"https:\/\/www.karaoketexty.cz\/magazin\/wp-json\/wp\/v2\/users\/6"}],"replies":[{"embeddable":true,"href":"https:\/\/www.karaoketexty.cz\/magazin\/wp-json\/wp\/v2\/comments?post=3881"}],"version-history":[{"count":5,"href":"https:\/\/www.karaoketexty.cz\/magazin\/wp-json\/wp\/v2\/posts\/3881\/revisions"}],"predecessor-version":[{"id":3971,"href":"https:\/\/www.karaoketexty.cz\/magazin\/wp-json\/wp\/v2\/posts\/3881\/revisions\/3971"}],"wp:featuredmedia":[{"embeddable":true,"href":"https:\/\/www.karaoketexty.cz\/magazin\/wp-json\/wp\/v2\/media\/3882"}],"wp:attachment":[{"href":"https:\/\/www.karaoketexty.cz\/magazin\/wp-json\/wp\/v2\/media?parent=3881"}],"wp:term":[{"taxonomy":"category","embeddable":true,"href":"https:\/\/www.karaoketexty.cz\/magazin\/wp-json\/wp\/v2\/categories?post=3881"},{"taxonomy":"post_tag","embeddable":true,"href":"https:\/\/www.karaoketexty.cz\/magazin\/wp-json\/wp\/v2\/tags?post=3881"}],"curies":[{"name":"wp","href":"https:\/\/api.w.org\/{rel}","templated":true}]}}