{"id":3724,"date":"2025-10-26T06:31:00","date_gmt":"2025-10-26T05:31:00","guid":{"rendered":"https:\/\/www.karaoketexty.cz\/magazin\/?p=3724"},"modified":"2025-10-22T17:54:39","modified_gmt":"2025-10-22T15:54:39","slug":"vaclav-noid-barta-vztahy-manzelka","status":"publish","type":"post","link":"https:\/\/www.karaoketexty.cz\/magazin\/vaclav-noid-barta-vztahy-manzelka\/","title":{"rendered":"S\u00a0k\u00fdm \u017eije t\u0159ikr\u00e1t \u017eenat\u00fd V\u00e1clav Noid B\u00e1rta? Drs\u0148\u00e1k m\u011bl v\u017edy otev\u0159en\u00e9 srdce l\u00e1sce"},"content":{"rendered":"\n<p><strong>V\u00e1clav Noid B\u00e1rta je sice na prvn\u00ed pohled drs\u0148\u00e1k, ale jeho srdce v\u017edy bylo otev\u0159en\u00e9 l\u00e1sce. Tu na\u0161el a\u017e u sv\u00e9 t\u0159et\u00ed man\u017eelky Eli\u0161ky.<\/strong><\/p>\n\n\n\n<p>V\u00e1clav Noid B\u00e1rta si pro\u0161el mnoha vztahy s&nbsp;mnoha kr\u00e1sn\u00fdmi \u017eenami, co\u017e neu\u0161lo ani na\u0161\u00ed redakci Karaoketexty.cz. N\u011bkter\u00e9 dokonce pojmul i za man\u017eelky, ale bohu\u017eel nem\u011bl p\u0159\u00edli\u0161 \u0161t\u011bst\u00ed. Dokud nep\u0159i\u0161la \u017eena jm\u00e9nem Eli\u0161ka Grabcov\u00e1, kter\u00e1 ukradla jeho srdce. Stala se jeho t\u0159et\u00ed man\u017eelkou a jak se zd\u00e1, tak i posledn\u00ed.<\/p>\n\n\n<!-- karaoketexty.cz \/ rectangle2 -->\n<div id=\"PX_37086_709110796310826\"><\/div>\n<script>\n   if(!useMobileAds && !boolUseSeznamAds && !hideAllAds){\n     window.px2 = window.px2 || { conf: {},queue: [] };\n     px2.queue.push(function () {\n        px2.render({\n           slot: {\n              id: 37086\n           },\n            elem: \"PX_37086_709110796310826\"\n        })\n     });\n  }\n<\/script>\n\n<!-- karaoketexty.cz \/ mobile-rectangle3 -->\n<div id=\"PX_37044_714599773297004\"><\/div>\n<script>\n   if(useMobileAds && !boolUseSeznamAds && !hideAllAds){\nwindow.px2 = window.px2 || { conf: {},queue: [] };\npx2.queue.push(function () {\n\tpx2.render({\n\t\tslot: {\n\t\t\tid: 37044\n\t\t},\n\t\telem: \"PX_37044_714599773297004\"\n\t})\n});\n}\n<\/script>\n\n\n<h2 class=\"wp-block-heading\">Vztahy V\u00e1clava Noida B\u00e1rty<\/h2>\n\n\n\n<p>Va\u0161ek Noid B\u00e1rta na sebe poprv\u00e9 upozornil s\u0148atkem s&nbsp;o 15 let star\u0161\u00ed zp\u011bva\u010dkou Luci\u00ed B\u00edlou. V&nbsp;den sv\u00fdch \u010dty\u0159ic\u00e1tin \u0159ekla B\u00edl\u00e1 sv\u00e9 ANO v&nbsp;roce 2006 charismatick\u00e9mu zp\u011bv\u00e1kovi, kter\u00fd ji upoutal nejen sv\u00fdm drsn\u00fdm vzhledem. Man\u017eelstv\u00ed vydr\u017eelo 2 roky, ne\u017e se rozpadlo. Dodnes jsou v\u0161ak b\u00fdval\u00ed man\u017eel\u00e9 p\u0159\u00e1teli a nepanuje mezi nimi \u017e\u00e1dn\u00e1 nevra\u017eivost.<\/p>\n\n\n\n<p>Noidovou velkou l\u00e1skou byla i modelka Eli\u0161ka Bu\u010dkov\u00e1, dokonce do\u0161lo na z\u00e1snuby, ale nakonec se dvojice roze\u0161la, a to jen t\u00fdden od ozn\u00e1men\u00ed radostn\u00e9 zpr\u00e1vy, \u017ee se budou br\u00e1t. Zp\u011bv\u00e1k v\u0161ak na \u017eeny nezanev\u0159el, jeho srdce z\u016fstalo otev\u0159en\u00e9 t\u00e9 prav\u00e9. Tou se jevila i dal\u0161\u00ed modelka, Gabriela Dvo\u0159\u00e1kov\u00e1. Tu si Noid vzal za man\u017eelku a po\u010dal s&nbsp;n\u00ed dceru Terezku. Bohu\u017eel, tady konec vztahu nebyl p\u0159\u00edli\u0161 klidn\u00fd. Man\u017eelstv\u00ed ukon\u010dil vlekl\u00fd soudn\u00ed spor.<\/p>\n\n\n<!-- karaoketexty.cz \/ interscroller1 -->\n\n<div id=\"PX_37041_825057871452834\"><\/div>\n<script>\nif(useMobileAds && !boolUseSeznamAds && !hideAllAds){\n\twindow.px2 = window.px2 || { conf: {},queue: [] };\n\tpx2.queue.push(function () {\n\t\tpx2.render({\n\t\t\tslot: {\n\t\t\t\tid: 37041\n\t\t\t},\n\t\t\telem: \"PX_37041_825057871452834\"\n\t\t})\n\t});\n}\n<\/script>\n\n\n<h2 class=\"wp-block-heading\">Protan\u010dila se a\u017e do jeho srdce<\/h2>\n\n\n\n<p>Noid byl n\u011bjakou dobu s\u00e1m a naplno se v\u011bnoval sv\u00e9 kari\u00e9\u0159e a tak\u00e9 sob\u011b sam\u00e9mu. Za\u010dal \u017e\u00edt nov\u00fdm \u017eivotn\u00edm stylem a pe\u010doval o sv\u00e9 zdrav\u00ed. Alkoholu se nedotkl a pravideln\u011b cvi\u010dil. Kdy\u017e se najednou v\u0161e ust\u00e1lilo a Noid byl v&nbsp;\u017eivot\u011b spokojen\u00fd, poznal tane\u010dnici Eli\u0161ku Grabcovou. Jako kdyby to n\u00e1hle v\u0161echno za\u010dalo d\u00e1vat smysl. Jeho uzdraven\u00e9 srdce a vnit\u0159n\u00ed klid otev\u0159ely dve\u0159e dal\u0161\u00ed l\u00e1sce.<\/p>\n\n\n\n<blockquote class=\"instagram-media\" data-instgrm-permalink=\"https:\/\/www.instagram.com\/p\/DOsQIQWk5KG\/?utm_source=ig_embed&amp;utm_campaign=loading\" data-instgrm-version=\"14\" style=\" background:#FFF; border:0; border-radius:3px; box-shadow:0 0 1px 0 rgba(0,0,0,0.5),0 1px 10px 0 rgba(0,0,0,0.15); margin: 1px; max-width:540px; min-width:326px; padding:0; width:99.375%; width:-webkit-calc(100% - 2px); width:calc(100% - 2px);\"><div style=\"padding:16px;\"> <a href=\"https:\/\/www.instagram.com\/p\/DOsQIQWk5KG\/?utm_source=ig_embed&amp;utm_campaign=loading\" style=\" background:#FFFFFF; line-height:0; padding:0 0; text-align:center; text-decoration:none; width:100%;\" target=\"_blank\"> <div style=\" display: flex; flex-direction: row; align-items: center;\"> <div style=\"background-color: #F4F4F4; border-radius: 50%; flex-grow: 0; height: 40px; margin-right: 14px; width: 40px;\"><\/div> <div style=\"display: flex; flex-direction: column; flex-grow: 1; justify-content: center;\"> <div style=\" background-color: #F4F4F4; border-radius: 4px; flex-grow: 0; height: 14px; margin-bottom: 6px; width: 100px;\"><\/div> <div style=\" background-color: #F4F4F4; border-radius: 4px; flex-grow: 0; height: 14px; width: 60px;\"><\/div><\/div><\/div><div style=\"padding: 19% 0;\"><\/div> <div style=\"display:block; height:50px; margin:0 auto 12px; width:50px;\"><svg width=\"50px\" height=\"50px\" viewBox=\"0 0 60 60\" version=\"1.1\" xmlns=\"https:\/\/www.w3.org\/2000\/svg\" xmlns:xlink=\"https:\/\/www.w3.org\/1999\/xlink\"><g stroke=\"none\" stroke-width=\"1\" fill=\"none\" fill-rule=\"evenodd\"><g transform=\"translate(-511.000000, -20.000000)\" fill=\"#000000\"><g><path d=\"M556.869,30.41 C554.814,30.41 553.148,32.076 553.148,34.131 C553.148,36.186 554.814,37.852 556.869,37.852 C558.924,37.852 560.59,36.186 560.59,34.131 C560.59,32.076 558.924,30.41 556.869,30.41 M541,60.657 C535.114,60.657 530.342,55.887 530.342,50 C530.342,44.114 535.114,39.342 541,39.342 C546.887,39.342 551.658,44.114 551.658,50 C551.658,55.887 546.887,60.657 541,60.657 M541,33.886 C532.1,33.886 524.886,41.1 524.886,50 C524.886,58.899 532.1,66.113 541,66.113 C549.9,66.113 557.115,58.899 557.115,50 C557.115,41.1 549.9,33.886 541,33.886 M565.378,62.101 C565.244,65.022 564.756,66.606 564.346,67.663 C563.803,69.06 563.154,70.057 562.106,71.106 C561.058,72.155 560.06,72.803 558.662,73.347 C557.607,73.757 556.021,74.244 553.102,74.378 C549.944,74.521 548.997,74.552 541,74.552 C533.003,74.552 532.056,74.521 528.898,74.378 C525.979,74.244 524.393,73.757 523.338,73.347 C521.94,72.803 520.942,72.155 519.894,71.106 C518.846,70.057 518.197,69.06 517.654,67.663 C517.244,66.606 516.755,65.022 516.623,62.101 C516.479,58.943 516.448,57.996 516.448,50 C516.448,42.003 516.479,41.056 516.623,37.899 C516.755,34.978 517.244,33.391 517.654,32.338 C518.197,30.938 518.846,29.942 519.894,28.894 C520.942,27.846 521.94,27.196 523.338,26.654 C524.393,26.244 525.979,25.756 528.898,25.623 C532.057,25.479 533.004,25.448 541,25.448 C548.997,25.448 549.943,25.479 553.102,25.623 C556.021,25.756 557.607,26.244 558.662,26.654 C560.06,27.196 561.058,27.846 562.106,28.894 C563.154,29.942 563.803,30.938 564.346,32.338 C564.756,33.391 565.244,34.978 565.378,37.899 C565.522,41.056 565.552,42.003 565.552,50 C565.552,57.996 565.522,58.943 565.378,62.101 M570.82,37.631 C570.674,34.438 570.167,32.258 569.425,30.349 C568.659,28.377 567.633,26.702 565.965,25.035 C564.297,23.368 562.623,22.342 560.652,21.575 C558.743,20.834 556.562,20.326 553.369,20.18 C550.169,20.033 549.148,20 541,20 C532.853,20 531.831,20.033 528.631,20.18 C525.438,20.326 523.257,20.834 521.349,21.575 C519.376,22.342 517.703,23.368 516.035,25.035 C514.368,26.702 513.342,28.377 512.574,30.349 C511.834,32.258 511.326,34.438 511.181,37.631 C511.035,40.831 511,41.851 511,50 C511,58.147 511.035,59.17 511.181,62.369 C511.326,65.562 511.834,67.743 512.574,69.651 C513.342,71.625 514.368,73.296 516.035,74.965 C517.703,76.634 519.376,77.658 521.349,78.425 C523.257,79.167 525.438,79.673 528.631,79.82 C531.831,79.965 532.853,80.001 541,80.001 C549.148,80.001 550.169,79.965 553.369,79.82 C556.562,79.673 558.743,79.167 560.652,78.425 C562.623,77.658 564.297,76.634 565.965,74.965 C567.633,73.296 568.659,71.625 569.425,69.651 C570.167,67.743 570.674,65.562 570.82,62.369 C570.966,59.17 571,58.147 571,50 C571,41.851 570.966,40.831 570.82,37.631\"><\/path><\/g><\/g><\/g><\/svg><\/div><div style=\"padding-top: 8px;\"> <div style=\" color:#3897f0; font-family:Arial,sans-serif; font-size:14px; font-style:normal; font-weight:550; line-height:18px;\">Zobrazit p\u0159\u00edsp\u011bvek na Instagramu<\/div><\/div><div style=\"padding: 12.5% 0;\"><\/div> <div style=\"display: flex; flex-direction: row; margin-bottom: 14px; align-items: center;\"><div> <div style=\"background-color: #F4F4F4; border-radius: 50%; height: 12.5px; width: 12.5px; transform: translateX(0px) translateY(7px);\"><\/div> <div style=\"background-color: #F4F4F4; height: 12.5px; transform: rotate(-45deg) translateX(3px) translateY(1px); width: 12.5px; flex-grow: 0; margin-right: 14px; margin-left: 2px;\"><\/div> <div style=\"background-color: #F4F4F4; border-radius: 50%; height: 12.5px; width: 12.5px; transform: translateX(9px) translateY(-18px);\"><\/div><\/div><div style=\"margin-left: 8px;\"> <div style=\" background-color: #F4F4F4; border-radius: 50%; flex-grow: 0; height: 20px; width: 20px;\"><\/div> <div style=\" width: 0; height: 0; border-top: 2px solid transparent; border-left: 6px solid #f4f4f4; border-bottom: 2px solid transparent; transform: translateX(16px) translateY(-4px) rotate(30deg)\"><\/div><\/div><div style=\"margin-left: auto;\"> <div style=\" width: 0px; border-top: 8px solid #F4F4F4; border-right: 8px solid transparent; transform: translateY(16px);\"><\/div> <div style=\" background-color: #F4F4F4; flex-grow: 0; height: 12px; width: 16px; transform: translateY(-4px);\"><\/div> <div style=\" width: 0; height: 0; border-top: 8px solid #F4F4F4; border-left: 8px solid transparent; transform: translateY(-4px) translateX(8px);\"><\/div><\/div><\/div> <div style=\"display: flex; flex-direction: column; flex-grow: 1; justify-content: center; margin-bottom: 24px;\"> <div style=\" background-color: #F4F4F4; border-radius: 4px; flex-grow: 0; height: 14px; margin-bottom: 6px; width: 224px;\"><\/div> <div style=\" background-color: #F4F4F4; border-radius: 4px; flex-grow: 0; height: 14px; width: 144px;\"><\/div><\/div><\/a><p style=\" color:#c9c8cd; font-family:Arial,sans-serif; font-size:14px; line-height:17px; margin-bottom:0; margin-top:8px; overflow:hidden; padding:8px 0 7px; text-align:center; text-overflow:ellipsis; white-space:nowrap;\"><a href=\"https:\/\/www.instagram.com\/p\/DOsQIQWk5KG\/?utm_source=ig_embed&amp;utm_campaign=loading\" style=\" color:#c9c8cd; font-family:Arial,sans-serif; font-size:14px; font-style:normal; font-weight:normal; line-height:17px; text-decoration:none;\" target=\"_blank\">P\u0159\u00edsp\u011bvek sd\u00edlen\u00fd Vaclav Noid Barta (@vaclavnoidbarta_official)<\/a><\/p><\/div><\/blockquote>\n<script async src=\"\/\/www.instagram.com\/embed.js\"><\/script>\n\n\n\n<p><em>\u201eP\u0159esto, \u017ee jsme se p\u0159edt\u00edm znali asi 4 roky, spolupracovali spolu a byli kamar\u00e1di, po prvn\u00edm rande mi bylo jasn\u00e9, o co jde,\u201c<\/em> vzpom\u00ednal s&nbsp;l\u00e1skou Noid pro iDNES. <em>\u201eByli jsme v\u017edycky dob\u0159\u00ed p\u0159\u00e1tel\u00e9 a m\u011bli jsme k&nbsp;sob\u011b v\u017edy bl\u00edzko. Kdy\u017e se pak stalo, \u017ee jsme byli ka\u017ed\u00fd single, zkusili jsme spolu j\u00edt na rande a ono to vy\u0161lo,\u201c<\/em> dodala Eli\u0161ka. V&nbsp;roce 2022 se vzali a vychov\u00e1vaj\u00ed spolu dv\u011b dcery.<\/p>\n\n\n\n<p>Zdroj: Autorsk\u00fd text, <a href=\"https:\/\/zeny.iprima.cz\/vaclav-noid-barta-je-potreti-manzelem-ano-rekl-tanecnici-elisce-grabcove-185262\" target=\"_blank\" rel=\"noreferrer noopener nofollow\">Prima\u017deny<\/a>, <a href=\"https:\/\/www.idnes.cz\/zpravy\/revue\/vztahy-a-sex\/laska-pod-lupou-vacloav-noud-barta-eliska-grabcova-vztah.A210126_180116_sex_zar\" target=\"_blank\" rel=\"noreferrer noopener nofollow\">iDNES<\/a>, <a href=\"https:\/\/www.instagram.com\/vaclavnoidbarta_official\/?hl=cs\" target=\"_blank\" rel=\"noreferrer noopener nofollow\">Instagram V\u00e1clava Noida B\u00e1rty<\/a><\/p>\n\n\n            <a href=\"https:\/\/www.karaoketexty.cz\/magazin\/jiri-korn-a-vaclav-noid-barta-vytvorili-duet-ktery-boura-myty-o-pokrocilem-veku\/\" class=\"related-post-link\">\n                <div class=\"post-thumbnail\">\n                    <img decoding=\"async\" width=\"250\" height=\"134\" src=\"https:\/\/www.karaoketexty.cz\/magazin\/wp-content\/uploads\/2025\/09\/vaclav-noid-barta-dasha-kamila-nyvltova-jiri-korn.jpg\" class=\"attachment-250x180 size-250x180 not-transparent\" alt=\"Fotografie V\u00e1clava Noida B\u00e1rty, Dashi, Kamily N\u00fdvltov\u00e9 a J\u00ed\u0159\u00edho Korna\" srcset=\"https:\/\/www.karaoketexty.cz\/magazin\/wp-content\/uploads\/2025\/09\/vaclav-noid-barta-dasha-kamila-nyvltova-jiri-korn.jpg 1200w, https:\/\/www.karaoketexty.cz\/magazin\/wp-content\/uploads\/2025\/09\/vaclav-noid-barta-dasha-kamila-nyvltova-jiri-korn-300x161.jpg 300w, https:\/\/www.karaoketexty.cz\/magazin\/wp-content\/uploads\/2025\/09\/vaclav-noid-barta-dasha-kamila-nyvltova-jiri-korn-1024x550.jpg 1024w, https:\/\/www.karaoketexty.cz\/magazin\/wp-content\/uploads\/2025\/09\/vaclav-noid-barta-dasha-kamila-nyvltova-jiri-korn-768x413.jpg 768w\" sizes=\"(max-width: 250px) 100vw, 250px\" data-has-transparency=\"false\" data-dominant-color=\"756e67\" style=\"--dominant-color: #756e67;\" \/>                <\/div>\n                <div class=\"post-details\">\n                    <span class=\"also-read\">\u010ct\u011bte tak\u00e9:<\/span>\n                    <h3 class=\"hed\">Ji\u0159\u00ed Korn a V\u00e1clav Noid B\u00e1rta vytvo\u0159ili duet, kter\u00fd bour\u00e1 m\u00fdty o pokro\u010dil\u00e9m v\u011bku<\/h3>\n                <\/div>\n            <\/a>\n            \n\n            <a href=\"https:\/\/www.karaoketexty.cz\/magazin\/cesky-slavik-2025-hlasovani-vrcholi-do-ankety-o-nejoblibenejsi-hvezdy-ceske-hudby-se-muzete-zapojit-uz-jen-do-9-listopadu\/\" class=\"related-post-link\">\n                <div class=\"post-thumbnail\">\n                    <img decoding=\"async\" width=\"250\" height=\"150\" src=\"https:\/\/www.karaoketexty.cz\/magazin\/wp-content\/uploads\/2025\/10\/0062-marek-ztraceny-scaled-e1760972632259.jpg\" class=\"attachment-250x180 size-250x180 not-transparent\" alt=\"P\u0159ed\u00e1v\u00e1n\u00ed cen \u010cesk\u00fd Slav\u00edk 2024\" srcset=\"https:\/\/www.karaoketexty.cz\/magazin\/wp-content\/uploads\/2025\/10\/0062-marek-ztraceny-scaled-e1760972632259.jpg 2560w, https:\/\/www.karaoketexty.cz\/magazin\/wp-content\/uploads\/2025\/10\/0062-marek-ztraceny-scaled-e1760972632259-300x180.jpg 300w, https:\/\/www.karaoketexty.cz\/magazin\/wp-content\/uploads\/2025\/10\/0062-marek-ztraceny-scaled-e1760972632259-1024x616.jpg 1024w, https:\/\/www.karaoketexty.cz\/magazin\/wp-content\/uploads\/2025\/10\/0062-marek-ztraceny-scaled-e1760972632259-768x462.jpg 768w, https:\/\/www.karaoketexty.cz\/magazin\/wp-content\/uploads\/2025\/10\/0062-marek-ztraceny-scaled-e1760972632259-1536x924.jpg 1536w, https:\/\/www.karaoketexty.cz\/magazin\/wp-content\/uploads\/2025\/10\/0062-marek-ztraceny-scaled-e1760972632259-2048x1232.jpg 2048w\" sizes=\"(max-width: 250px) 100vw, 250px\" data-has-transparency=\"false\" data-dominant-color=\"492b4e\" style=\"--dominant-color: #492b4e;\" \/>                <\/div>\n                <div class=\"post-details\">\n                    <span class=\"also-read\">\u010ct\u011bte tak\u00e9:<\/span>\n                    <h3 class=\"hed\">\u010cesk\u00fd slav\u00edk 2025: Hlasov\u00e1n\u00ed vrchol\u00ed! Do ankety o nejobl\u00edben\u011bj\u0161\u00ed hv\u011bzdy \u010desk\u00e9 hudby se m\u016f\u017eete zapojit u\u017e jen do 9. listopadu<\/h3>\n                <\/div>\n            <\/a>\n            ","protected":false},"excerpt":{"rendered":"<p>V\u00e1clav Noid B\u00e1rta je sice na prvn\u00ed pohled drs\u0148\u00e1k, ale jeho srdce v\u017edy bylo otev\u0159en\u00e9 l\u00e1sce. Tu na\u0161el a\u017e u sv\u00e9 t\u0159et\u00ed man\u017eelky Eli\u0161ky.<\/p>\n","protected":false},"author":4,"featured_media":3737,"comment_status":"open","ping_status":"closed","sticky":false,"template":"","format":"standard","meta":{"_yoast_wpseo_title":"S k\u00fdm \u017eije V\u00e1clav Noid B\u00e1rta","_yoast_wpseo_metadesc":"V\u00e1clav Noid B\u00e1rta je pot\u0159et\u00ed \u017eenat\u00fd, ale nejv\u00edce \u0161\u0165astn\u00fd, co kdy byl. S tane\u010dnic\u00ed Eli\u0161kou \u017eij\u00ed v harmonick\u00e9m vztahu.","footnotes":""},"categories":[1059],"tags":[571,3908,3906,3904,3905,1598,3909,1397,58,230,553,825,3901,1715,57,1652,3907,2195,548,2544,11],"class_list":["post-3724","post","type-post","status-publish","format-standard","has-post-thumbnail","hentry","category-celebrity","tag-ceska-hudba","tag-dcera-terezka","tag-eliska-buckova","tag-eliska-grabcova","tag-gabriela-dvorakova","tag-idnes","tag-instagram-vaclava-noida-barty","tag-laska","tag-lucie-bila","tag-manzelstvi","tag-partnerstvi","tag-pratelstvi","tag-primazeny","tag-rodina-celebrit","tag-rozchod","tag-svatba","tag-tanecnice","tag-vaclav-noid-barta","tag-vztahy-celebrit","tag-zivotni-styl","tag-zpevak"],"yoast_head":"<!-- This site is optimized with the Yoast SEO plugin v27.4 - https:\/\/yoast.com\/product\/yoast-seo-wordpress\/ -->\n<title>S k\u00fdm \u017eije V\u00e1clav Noid B\u00e1rta<\/title>\n<meta name=\"description\" content=\"V\u00e1clav Noid B\u00e1rta je pot\u0159et\u00ed \u017eenat\u00fd, ale nejv\u00edce \u0161\u0165astn\u00fd, co kdy byl. S tane\u010dnic\u00ed Eli\u0161kou \u017eij\u00ed v harmonick\u00e9m vztahu.\" \/>\n<meta name=\"robots\" content=\"index, follow, max-snippet:-1, max-image-preview:large, max-video-preview:-1\" \/>\n<link rel=\"canonical\" href=\"https:\/\/www.karaoketexty.cz\/magazin\/vaclav-noid-barta-vztahy-manzelka\/\" \/>\n<meta property=\"og:locale\" content=\"cs_CZ\" \/>\n<meta property=\"og:type\" content=\"article\" \/>\n<meta property=\"og:title\" content=\"S k\u00fdm \u017eije V\u00e1clav Noid B\u00e1rta\" \/>\n<meta property=\"og:description\" content=\"V\u00e1clav Noid B\u00e1rta je pot\u0159et\u00ed \u017eenat\u00fd, ale nejv\u00edce \u0161\u0165astn\u00fd, co kdy byl. S tane\u010dnic\u00ed Eli\u0161kou \u017eij\u00ed v harmonick\u00e9m vztahu.\" \/>\n<meta property=\"og:url\" content=\"https:\/\/www.karaoketexty.cz\/magazin\/vaclav-noid-barta-vztahy-manzelka\/\" \/>\n<meta property=\"og:site_name\" content=\"Stars Magaz\u00edn Karaoketexty.cz\" \/>\n<meta property=\"article:published_time\" content=\"2025-10-26T05:31:00+00:00\" \/>\n<meta property=\"og:image\" content=\"https:\/\/www.karaoketexty.cz\/magazin\/wp-content\/uploads\/2025\/10\/Vaclav-Noid-Barta-manzelka.jpg\" \/>\n\t<meta property=\"og:image:width\" content=\"1200\" \/>\n\t<meta property=\"og:image:height\" content=\"675\" \/>\n\t<meta property=\"og:image:type\" content=\"image\/jpeg\" \/>\n<meta name=\"author\" content=\"Barbora Kop\u0159ivov\u00e1\" \/>\n<meta name=\"twitter:card\" content=\"summary_large_image\" \/>\n<meta name=\"twitter:label1\" content=\"Napsal(a)\" \/>\n\t<meta name=\"twitter:data1\" content=\"Barbora Kop\u0159ivov\u00e1\" \/>\n\t<meta name=\"twitter:label2\" content=\"Odhadovan\u00e1 doba \u010dten\u00ed\" \/>\n\t<meta name=\"twitter:data2\" content=\"3 minuty\" \/>\n<script type=\"application\/ld+json\" class=\"yoast-schema-graph\">{\"@context\":\"https:\\\/\\\/schema.org\",\"@graph\":[{\"@type\":\"Article\",\"@id\":\"https:\\\/\\\/www.karaoketexty.cz\\\/magazin\\\/vaclav-noid-barta-vztahy-manzelka\\\/#article\",\"isPartOf\":{\"@id\":\"https:\\\/\\\/www.karaoketexty.cz\\\/magazin\\\/vaclav-noid-barta-vztahy-manzelka\\\/\"},\"author\":{\"name\":\"Barbora Kop\u0159ivov\u00e1\",\"@id\":\"https:\\\/\\\/www.karaoketexty.cz\\\/magazin\\\/#\\\/schema\\\/person\\\/37c0164a04038267c8a56ad6d60df749\"},\"headline\":\"S\u00a0k\u00fdm \u017eije t\u0159ikr\u00e1t \u017eenat\u00fd V\u00e1clav Noid B\u00e1rta? Drs\u0148\u00e1k m\u011bl v\u017edy otev\u0159en\u00e9 srdce l\u00e1sce\",\"datePublished\":\"2025-10-26T05:31:00+00:00\",\"mainEntityOfPage\":{\"@id\":\"https:\\\/\\\/www.karaoketexty.cz\\\/magazin\\\/vaclav-noid-barta-vztahy-manzelka\\\/\"},\"wordCount\":519,\"commentCount\":0,\"image\":{\"@id\":\"https:\\\/\\\/www.karaoketexty.cz\\\/magazin\\\/vaclav-noid-barta-vztahy-manzelka\\\/#primaryimage\"},\"thumbnailUrl\":\"https:\\\/\\\/www.karaoketexty.cz\\\/magazin\\\/wp-content\\\/uploads\\\/2025\\\/10\\\/Vaclav-Noid-Barta-manzelka.jpg\",\"keywords\":[\"\u010desk\u00e1 hudba\",\"dcera Terezka\",\"Eli\u0161ka Bu\u010dkov\u00e1\",\"Eli\u0161ka Grabcov\u00e1\",\"Gabriela Dvo\u0159\u00e1kov\u00e1\",\"iDnes\",\"Instagram V\u00e1clava Noida B\u00e1rty\",\"l\u00e1ska\",\"Lucie B\u00edl\u00e1\",\"Man\u017eelstv\u00ed\",\"partnerstv\u00ed\",\"p\u0159\u00e1telstv\u00ed\",\"Prima\u017deny\",\"rodina celebrit\",\"Rozchod\",\"Svatba\",\"tane\u010dnice\",\"V\u00e1clav Noid B\u00e1rta\",\"vztahy celebrit\",\"\u017eivotn\u00ed styl\",\"Zp\u011bv\u00e1k\"],\"articleSection\":[\"Celebrity\"],\"inLanguage\":\"cs\",\"potentialAction\":[{\"@type\":\"CommentAction\",\"name\":\"Comment\",\"target\":[\"https:\\\/\\\/www.karaoketexty.cz\\\/magazin\\\/vaclav-noid-barta-vztahy-manzelka\\\/#respond\"]}]},{\"@type\":\"WebPage\",\"@id\":\"https:\\\/\\\/www.karaoketexty.cz\\\/magazin\\\/vaclav-noid-barta-vztahy-manzelka\\\/\",\"url\":\"https:\\\/\\\/www.karaoketexty.cz\\\/magazin\\\/vaclav-noid-barta-vztahy-manzelka\\\/\",\"name\":\"S k\u00fdm \u017eije V\u00e1clav Noid B\u00e1rta\",\"isPartOf\":{\"@id\":\"https:\\\/\\\/www.karaoketexty.cz\\\/magazin\\\/#website\"},\"primaryImageOfPage\":{\"@id\":\"https:\\\/\\\/www.karaoketexty.cz\\\/magazin\\\/vaclav-noid-barta-vztahy-manzelka\\\/#primaryimage\"},\"image\":{\"@id\":\"https:\\\/\\\/www.karaoketexty.cz\\\/magazin\\\/vaclav-noid-barta-vztahy-manzelka\\\/#primaryimage\"},\"thumbnailUrl\":\"https:\\\/\\\/www.karaoketexty.cz\\\/magazin\\\/wp-content\\\/uploads\\\/2025\\\/10\\\/Vaclav-Noid-Barta-manzelka.jpg\",\"datePublished\":\"2025-10-26T05:31:00+00:00\",\"author\":{\"@id\":\"https:\\\/\\\/www.karaoketexty.cz\\\/magazin\\\/#\\\/schema\\\/person\\\/37c0164a04038267c8a56ad6d60df749\"},\"description\":\"V\u00e1clav Noid B\u00e1rta je pot\u0159et\u00ed \u017eenat\u00fd, ale nejv\u00edce \u0161\u0165astn\u00fd, co kdy byl. S tane\u010dnic\u00ed Eli\u0161kou \u017eij\u00ed v harmonick\u00e9m vztahu.\",\"breadcrumb\":{\"@id\":\"https:\\\/\\\/www.karaoketexty.cz\\\/magazin\\\/vaclav-noid-barta-vztahy-manzelka\\\/#breadcrumb\"},\"inLanguage\":\"cs\",\"potentialAction\":[{\"@type\":\"ReadAction\",\"target\":[\"https:\\\/\\\/www.karaoketexty.cz\\\/magazin\\\/vaclav-noid-barta-vztahy-manzelka\\\/\"]}]},{\"@type\":\"ImageObject\",\"inLanguage\":\"cs\",\"@id\":\"https:\\\/\\\/www.karaoketexty.cz\\\/magazin\\\/vaclav-noid-barta-vztahy-manzelka\\\/#primaryimage\",\"url\":\"https:\\\/\\\/www.karaoketexty.cz\\\/magazin\\\/wp-content\\\/uploads\\\/2025\\\/10\\\/Vaclav-Noid-Barta-manzelka.jpg\",\"contentUrl\":\"https:\\\/\\\/www.karaoketexty.cz\\\/magazin\\\/wp-content\\\/uploads\\\/2025\\\/10\\\/Vaclav-Noid-Barta-manzelka.jpg\",\"width\":1200,\"height\":675,\"caption\":\"Foto: Nextfoto, V\u00e1clav Noid B\u00e1rta na vyhl\u00e1\u0161en\u00ed Sportovce roku 2024\"},{\"@type\":\"BreadcrumbList\",\"@id\":\"https:\\\/\\\/www.karaoketexty.cz\\\/magazin\\\/vaclav-noid-barta-vztahy-manzelka\\\/#breadcrumb\",\"itemListElement\":[{\"@type\":\"ListItem\",\"position\":1,\"name\":\"Dom\u016f\",\"item\":\"https:\\\/\\\/www.karaoketexty.cz\\\/magazin\\\/\"},{\"@type\":\"ListItem\",\"position\":2,\"name\":\"S\u00a0k\u00fdm \u017eije t\u0159ikr\u00e1t \u017eenat\u00fd V\u00e1clav Noid B\u00e1rta? Drs\u0148\u00e1k m\u011bl v\u017edy otev\u0159en\u00e9 srdce l\u00e1sce\"}]},{\"@type\":\"WebSite\",\"@id\":\"https:\\\/\\\/www.karaoketexty.cz\\\/magazin\\\/#website\",\"url\":\"https:\\\/\\\/www.karaoketexty.cz\\\/magazin\\\/\",\"name\":\"Stars Magaz\u00edn Karaoketexty.cz\",\"description\":\"Stars Magaz\u00edn na Karaoketexty.cz je zam\u011b\u0159en\u00fd na novinky ze sv\u011bta hudby a celebrit. Obsahuje \u010dl\u00e1nky o zp\u011bv\u00e1c\u00edch, kapel\u00e1ch, nov\u00fdch albech, hudebn\u00edch trendech a dal\u0161\u00edch zaj\u00edmavostech z hudebn\u00edho pr\u016fmyslu.\",\"potentialAction\":[{\"@type\":\"SearchAction\",\"target\":{\"@type\":\"EntryPoint\",\"urlTemplate\":\"https:\\\/\\\/www.karaoketexty.cz\\\/magazin\\\/?s={search_term_string}\"},\"query-input\":{\"@type\":\"PropertyValueSpecification\",\"valueRequired\":true,\"valueName\":\"search_term_string\"}}],\"inLanguage\":\"cs\"},{\"@type\":\"Person\",\"@id\":\"https:\\\/\\\/www.karaoketexty.cz\\\/magazin\\\/#\\\/schema\\\/person\\\/37c0164a04038267c8a56ad6d60df749\",\"name\":\"Barbora Kop\u0159ivov\u00e1\",\"image\":{\"@type\":\"ImageObject\",\"inLanguage\":\"cs\",\"@id\":\"https:\\\/\\\/secure.gravatar.com\\\/avatar\\\/ad2ef9810228386d580851ef4bdde76abaa96054ff5b068c8873bc91afb2df84?s=96&d=mm&r=g\",\"url\":\"https:\\\/\\\/secure.gravatar.com\\\/avatar\\\/ad2ef9810228386d580851ef4bdde76abaa96054ff5b068c8873bc91afb2df84?s=96&d=mm&r=g\",\"contentUrl\":\"https:\\\/\\\/secure.gravatar.com\\\/avatar\\\/ad2ef9810228386d580851ef4bdde76abaa96054ff5b068c8873bc91afb2df84?s=96&d=mm&r=g\",\"caption\":\"Barbora Kop\u0159ivov\u00e1\"},\"url\":\"https:\\\/\\\/www.karaoketexty.cz\\\/magazin\\\/author\\\/barborakoprivova\\\/\"}]}<\/script>\n<!-- \/ Yoast SEO plugin. -->","yoast_head_json":{"title":"S k\u00fdm \u017eije V\u00e1clav Noid B\u00e1rta","description":"V\u00e1clav Noid B\u00e1rta je pot\u0159et\u00ed \u017eenat\u00fd, ale nejv\u00edce \u0161\u0165astn\u00fd, co kdy byl. S tane\u010dnic\u00ed Eli\u0161kou \u017eij\u00ed v harmonick\u00e9m vztahu.","robots":{"index":"index","follow":"follow","max-snippet":"max-snippet:-1","max-image-preview":"max-image-preview:large","max-video-preview":"max-video-preview:-1"},"canonical":"https:\/\/www.karaoketexty.cz\/magazin\/vaclav-noid-barta-vztahy-manzelka\/","og_locale":"cs_CZ","og_type":"article","og_title":"S k\u00fdm \u017eije V\u00e1clav Noid B\u00e1rta","og_description":"V\u00e1clav Noid B\u00e1rta je pot\u0159et\u00ed \u017eenat\u00fd, ale nejv\u00edce \u0161\u0165astn\u00fd, co kdy byl. S tane\u010dnic\u00ed Eli\u0161kou \u017eij\u00ed v harmonick\u00e9m vztahu.","og_url":"https:\/\/www.karaoketexty.cz\/magazin\/vaclav-noid-barta-vztahy-manzelka\/","og_site_name":"Stars Magaz\u00edn Karaoketexty.cz","article_published_time":"2025-10-26T05:31:00+00:00","og_image":[{"width":1200,"height":675,"url":"https:\/\/www.karaoketexty.cz\/magazin\/wp-content\/uploads\/2025\/10\/Vaclav-Noid-Barta-manzelka.jpg","type":"image\/jpeg"}],"author":"Barbora Kop\u0159ivov\u00e1","twitter_card":"summary_large_image","twitter_misc":{"Napsal(a)":"Barbora Kop\u0159ivov\u00e1","Odhadovan\u00e1 doba \u010dten\u00ed":"3 minuty"},"schema":{"@context":"https:\/\/schema.org","@graph":[{"@type":"Article","@id":"https:\/\/www.karaoketexty.cz\/magazin\/vaclav-noid-barta-vztahy-manzelka\/#article","isPartOf":{"@id":"https:\/\/www.karaoketexty.cz\/magazin\/vaclav-noid-barta-vztahy-manzelka\/"},"author":{"name":"Barbora Kop\u0159ivov\u00e1","@id":"https:\/\/www.karaoketexty.cz\/magazin\/#\/schema\/person\/37c0164a04038267c8a56ad6d60df749"},"headline":"S\u00a0k\u00fdm \u017eije t\u0159ikr\u00e1t \u017eenat\u00fd V\u00e1clav Noid B\u00e1rta? Drs\u0148\u00e1k m\u011bl v\u017edy otev\u0159en\u00e9 srdce l\u00e1sce","datePublished":"2025-10-26T05:31:00+00:00","mainEntityOfPage":{"@id":"https:\/\/www.karaoketexty.cz\/magazin\/vaclav-noid-barta-vztahy-manzelka\/"},"wordCount":519,"commentCount":0,"image":{"@id":"https:\/\/www.karaoketexty.cz\/magazin\/vaclav-noid-barta-vztahy-manzelka\/#primaryimage"},"thumbnailUrl":"https:\/\/www.karaoketexty.cz\/magazin\/wp-content\/uploads\/2025\/10\/Vaclav-Noid-Barta-manzelka.jpg","keywords":["\u010desk\u00e1 hudba","dcera Terezka","Eli\u0161ka Bu\u010dkov\u00e1","Eli\u0161ka Grabcov\u00e1","Gabriela Dvo\u0159\u00e1kov\u00e1","iDnes","Instagram V\u00e1clava Noida B\u00e1rty","l\u00e1ska","Lucie B\u00edl\u00e1","Man\u017eelstv\u00ed","partnerstv\u00ed","p\u0159\u00e1telstv\u00ed","Prima\u017deny","rodina celebrit","Rozchod","Svatba","tane\u010dnice","V\u00e1clav Noid B\u00e1rta","vztahy celebrit","\u017eivotn\u00ed styl","Zp\u011bv\u00e1k"],"articleSection":["Celebrity"],"inLanguage":"cs","potentialAction":[{"@type":"CommentAction","name":"Comment","target":["https:\/\/www.karaoketexty.cz\/magazin\/vaclav-noid-barta-vztahy-manzelka\/#respond"]}]},{"@type":"WebPage","@id":"https:\/\/www.karaoketexty.cz\/magazin\/vaclav-noid-barta-vztahy-manzelka\/","url":"https:\/\/www.karaoketexty.cz\/magazin\/vaclav-noid-barta-vztahy-manzelka\/","name":"S k\u00fdm \u017eije V\u00e1clav Noid B\u00e1rta","isPartOf":{"@id":"https:\/\/www.karaoketexty.cz\/magazin\/#website"},"primaryImageOfPage":{"@id":"https:\/\/www.karaoketexty.cz\/magazin\/vaclav-noid-barta-vztahy-manzelka\/#primaryimage"},"image":{"@id":"https:\/\/www.karaoketexty.cz\/magazin\/vaclav-noid-barta-vztahy-manzelka\/#primaryimage"},"thumbnailUrl":"https:\/\/www.karaoketexty.cz\/magazin\/wp-content\/uploads\/2025\/10\/Vaclav-Noid-Barta-manzelka.jpg","datePublished":"2025-10-26T05:31:00+00:00","author":{"@id":"https:\/\/www.karaoketexty.cz\/magazin\/#\/schema\/person\/37c0164a04038267c8a56ad6d60df749"},"description":"V\u00e1clav Noid B\u00e1rta je pot\u0159et\u00ed \u017eenat\u00fd, ale nejv\u00edce \u0161\u0165astn\u00fd, co kdy byl. S tane\u010dnic\u00ed Eli\u0161kou \u017eij\u00ed v harmonick\u00e9m vztahu.","breadcrumb":{"@id":"https:\/\/www.karaoketexty.cz\/magazin\/vaclav-noid-barta-vztahy-manzelka\/#breadcrumb"},"inLanguage":"cs","potentialAction":[{"@type":"ReadAction","target":["https:\/\/www.karaoketexty.cz\/magazin\/vaclav-noid-barta-vztahy-manzelka\/"]}]},{"@type":"ImageObject","inLanguage":"cs","@id":"https:\/\/www.karaoketexty.cz\/magazin\/vaclav-noid-barta-vztahy-manzelka\/#primaryimage","url":"https:\/\/www.karaoketexty.cz\/magazin\/wp-content\/uploads\/2025\/10\/Vaclav-Noid-Barta-manzelka.jpg","contentUrl":"https:\/\/www.karaoketexty.cz\/magazin\/wp-content\/uploads\/2025\/10\/Vaclav-Noid-Barta-manzelka.jpg","width":1200,"height":675,"caption":"Foto: Nextfoto, V\u00e1clav Noid B\u00e1rta na vyhl\u00e1\u0161en\u00ed Sportovce roku 2024"},{"@type":"BreadcrumbList","@id":"https:\/\/www.karaoketexty.cz\/magazin\/vaclav-noid-barta-vztahy-manzelka\/#breadcrumb","itemListElement":[{"@type":"ListItem","position":1,"name":"Dom\u016f","item":"https:\/\/www.karaoketexty.cz\/magazin\/"},{"@type":"ListItem","position":2,"name":"S\u00a0k\u00fdm \u017eije t\u0159ikr\u00e1t \u017eenat\u00fd V\u00e1clav Noid B\u00e1rta? Drs\u0148\u00e1k m\u011bl v\u017edy otev\u0159en\u00e9 srdce l\u00e1sce"}]},{"@type":"WebSite","@id":"https:\/\/www.karaoketexty.cz\/magazin\/#website","url":"https:\/\/www.karaoketexty.cz\/magazin\/","name":"Stars Magaz\u00edn Karaoketexty.cz","description":"Stars Magaz\u00edn na Karaoketexty.cz je zam\u011b\u0159en\u00fd na novinky ze sv\u011bta hudby a celebrit. Obsahuje \u010dl\u00e1nky o zp\u011bv\u00e1c\u00edch, kapel\u00e1ch, nov\u00fdch albech, hudebn\u00edch trendech a dal\u0161\u00edch zaj\u00edmavostech z hudebn\u00edho pr\u016fmyslu.","potentialAction":[{"@type":"SearchAction","target":{"@type":"EntryPoint","urlTemplate":"https:\/\/www.karaoketexty.cz\/magazin\/?s={search_term_string}"},"query-input":{"@type":"PropertyValueSpecification","valueRequired":true,"valueName":"search_term_string"}}],"inLanguage":"cs"},{"@type":"Person","@id":"https:\/\/www.karaoketexty.cz\/magazin\/#\/schema\/person\/37c0164a04038267c8a56ad6d60df749","name":"Barbora Kop\u0159ivov\u00e1","image":{"@type":"ImageObject","inLanguage":"cs","@id":"https:\/\/secure.gravatar.com\/avatar\/ad2ef9810228386d580851ef4bdde76abaa96054ff5b068c8873bc91afb2df84?s=96&d=mm&r=g","url":"https:\/\/secure.gravatar.com\/avatar\/ad2ef9810228386d580851ef4bdde76abaa96054ff5b068c8873bc91afb2df84?s=96&d=mm&r=g","contentUrl":"https:\/\/secure.gravatar.com\/avatar\/ad2ef9810228386d580851ef4bdde76abaa96054ff5b068c8873bc91afb2df84?s=96&d=mm&r=g","caption":"Barbora Kop\u0159ivov\u00e1"},"url":"https:\/\/www.karaoketexty.cz\/magazin\/author\/barborakoprivova\/"}]}},"_links":{"self":[{"href":"https:\/\/www.karaoketexty.cz\/magazin\/wp-json\/wp\/v2\/posts\/3724","targetHints":{"allow":["GET"]}}],"collection":[{"href":"https:\/\/www.karaoketexty.cz\/magazin\/wp-json\/wp\/v2\/posts"}],"about":[{"href":"https:\/\/www.karaoketexty.cz\/magazin\/wp-json\/wp\/v2\/types\/post"}],"author":[{"embeddable":true,"href":"https:\/\/www.karaoketexty.cz\/magazin\/wp-json\/wp\/v2\/users\/4"}],"replies":[{"embeddable":true,"href":"https:\/\/www.karaoketexty.cz\/magazin\/wp-json\/wp\/v2\/comments?post=3724"}],"version-history":[{"count":5,"href":"https:\/\/www.karaoketexty.cz\/magazin\/wp-json\/wp\/v2\/posts\/3724\/revisions"}],"predecessor-version":[{"id":4024,"href":"https:\/\/www.karaoketexty.cz\/magazin\/wp-json\/wp\/v2\/posts\/3724\/revisions\/4024"}],"wp:featuredmedia":[{"embeddable":true,"href":"https:\/\/www.karaoketexty.cz\/magazin\/wp-json\/wp\/v2\/media\/3737"}],"wp:attachment":[{"href":"https:\/\/www.karaoketexty.cz\/magazin\/wp-json\/wp\/v2\/media?parent=3724"}],"wp:term":[{"taxonomy":"category","embeddable":true,"href":"https:\/\/www.karaoketexty.cz\/magazin\/wp-json\/wp\/v2\/categories?post=3724"},{"taxonomy":"post_tag","embeddable":true,"href":"https:\/\/www.karaoketexty.cz\/magazin\/wp-json\/wp\/v2\/tags?post=3724"}],"curies":[{"name":"wp","href":"https:\/\/api.w.org\/{rel}","templated":true}]}}