{"id":3720,"date":"2025-10-25T14:44:00","date_gmt":"2025-10-25T12:44:00","guid":{"rendered":"https:\/\/www.karaoketexty.cz\/magazin\/?p=3720"},"modified":"2025-10-22T17:52:51","modified_gmt":"2025-10-22T15:52:51","slug":"aneta-langerova-hudba-vztahy","status":"publish","type":"post","link":"https:\/\/www.karaoketexty.cz\/magazin\/aneta-langerova-hudba-vztahy\/","title":{"rendered":"L\u00e1sky Anety Langerov\u00e9. \u017dila s\u00a0dokumentaristkou i s\u00a0o 15 let star\u0161\u00ed \u017eenou"},"content":{"rendered":"\n<p><strong>V\u017edy sv\u00e1, nep\u0159ev\u00e1lcovan\u00e1 \u010desk\u00fdm showbyznysem, to je Aneta Langerov\u00e1, kter\u00e1 si i po v\u00edt\u011bzstv\u00ed v&nbsp;SuperStar dok\u00e1zala ponechat svou osobnost.<\/strong><\/p>\n\n\n\n<p>Psal se rok 2004, kdy\u017e div\u00e1ci poprv\u00e9 usedli k\u00a0televizn\u00edm obrazovk\u00e1ch ke zbrusu nov\u00e9mu projektu vydan\u00e9m v\u00a0\u010cesku. Prvn\u00ed \u0159ada \u010cesko hled\u00e1 SuperStar byla unik\u00e1tn\u00ed a \u017e\u00e1dn\u00e1 dal\u0161\u00ed \u0159ada ani jin\u00e1 podobn\u00e1 talentov\u00e1 sout\u011b\u017e si nez\u00edskala takov\u00fd ohlas. Jedine\u010dnou je tak\u00e9 jej\u00ed v\u00edt\u011bzka, zp\u011bva\u010dka Aneta Langerov\u00e1, kter\u00e1 si i po takov\u00e9m \u00fasp\u011bchu udr\u017eela svou osobnost. Z\u016fstala sama sebou a vyu\u017eila sv\u00e9 v\u00fdhry k\u00a0tomu, aby mohla d\u011blat to, co miluje nejv\u00edce \u2013 zp\u00edvat lidem.<\/p>\n\n\n<!-- karaoketexty.cz \/ rectangle2 -->\n<div id=\"PX_37086_709110796310826\"><\/div>\n<script>\n   if(!useMobileAds && !boolUseSeznamAds && !hideAllAds){\n     window.px2 = window.px2 || { conf: {},queue: [] };\n     px2.queue.push(function () {\n        px2.render({\n           slot: {\n              id: 37086\n           },\n            elem: \"PX_37086_709110796310826\"\n        })\n     });\n  }\n<\/script>\n\n<!-- karaoketexty.cz \/ mobile-rectangle3 -->\n<div id=\"PX_37044_714599773297004\"><\/div>\n<script>\n   if(useMobileAds && !boolUseSeznamAds && !hideAllAds){\nwindow.px2 = window.px2 || { conf: {},queue: [] };\npx2.queue.push(function () {\n\tpx2.render({\n\t\tslot: {\n\t\t\tid: 37044\n\t\t},\n\t\telem: \"PX_37044_714599773297004\"\n\t})\n});\n}\n<\/script>\n\n\n<h2 class=\"wp-block-heading\">P\u0159es 20 let na sc\u00e9n\u011b<\/h2>\n\n\n\n<p>Anet\u011b bylo 17 let, kdy\u017e se stala prvn\u00ed v\u00edt\u011bzkou talentov\u00e9 sout\u011b\u017ee \u010cesko hled\u00e1 SuperStar. Na\u0161t\u011bst\u00ed jej\u00ed introvertn\u00ed povaha ani nervozita neovlivnily jej\u00ed rozhodnut\u00ed ud\u011blat krok spr\u00e1vn\u00fdm sm\u011brem a zkusit \u0161t\u011bst\u00ed. Jej\u00ed hlas porotu okam\u017eit\u011b okouzlil. Byl vysp\u011bl\u00fd, osobit\u00fd, jedine\u010dn\u00fd. P\u0159esto\u017ee byla Aneta po sv\u00e9m v\u00edt\u011bzstv\u00ed zav\u00e1z\u00e1na smlouvou, dok\u00e1zala se prosadit tak, aby si mohla hudbu nakonec d\u011blat po sv\u00e9m a prosadit se.<\/p>\n\n\n\n<p>Za t\u011bch 20 let si vytvo\u0159ila fanou\u0161kovskou z\u00e1kladnu, kter\u00e1 j\u00ed z\u016fst\u00e1v\u00e1 v\u011brnou i p\u0159es n\u011bkter\u00e9 zm\u011bny v&nbsp;\u017e\u00e1nru. Nap\u0159\u00edklad u posledn\u00edch dvou alb se ub\u00edrala trochu alternativn\u011bj\u0161\u00edm sm\u011brem. Nicm\u00e9n\u011b st\u00e1le je to tak, \u017ee Aneta vystupuje p\u0159edev\u0161\u00edm pro lidi, ne kv\u016fli sv\u011btl\u016fm reflektor\u016f. Jezd\u00ed turn\u00e9 po divadlech a kultur\u00e1c\u00edch, v&nbsp;l\u00e9t\u011b je sou\u010d\u00e1st\u00ed hudebn\u00edch festival\u016f, hraje na z\u00e1mc\u00edch a hradech, na koupali\u0161t\u00edch a vinic\u00edch.<\/p>\n\n\n<!-- karaoketexty.cz \/ interscroller1 -->\n\n<div id=\"PX_37041_825057871452834\"><\/div>\n<script>\nif(useMobileAds && !boolUseSeznamAds && !hideAllAds){\n\twindow.px2 = window.px2 || { conf: {},queue: [] };\n\tpx2.queue.push(function () {\n\t\tpx2.render({\n\t\t\tslot: {\n\t\t\t\tid: 37041\n\t\t\t},\n\t\t\telem: \"PX_37041_825057871452834\"\n\t\t})\n\t});\n}\n<\/script>\n\n\n<p>Nyn\u00ed je pro mnoho p\u011bveck\u00fdch ikon c\u00edlem O2 arena nebo Eden, co na to Aneta? <em>\u201eNe. Zaprv\u00e9 v&nbsp;tuhle chv\u00edli nejsem tak mainstreamov\u00e1, abych v&nbsp;O2 aren\u011b v\u016fbec mohla vystupovat, a zadruh\u00e9 m\u011b to ani nel\u00e1k\u00e1. Moje cesta se u\u017e del\u0161\u00ed dobu ub\u00edr\u00e1 trochu jin\u00fdm sm\u011brem. Humbuk showbyznysu pro m\u011b nen\u00ed metou, sp\u00ed\u0161 si chci hudbu tvo\u0159it tak, jak ji c\u00edt\u00edm, podle toho, co mi \u017eivot zrovna p\u0159inese,\u201c<\/em> odpov\u011bd\u011bla pro Aktu\u00e1ln\u011b.<\/p>\n\n\n\n<blockquote class=\"instagram-media\" data-instgrm-permalink=\"https:\/\/www.instagram.com\/p\/DNawuh7M770\/?utm_source=ig_embed&amp;utm_campaign=loading\" data-instgrm-version=\"14\" style=\" background:#FFF; border:0; border-radius:3px; box-shadow:0 0 1px 0 rgba(0,0,0,0.5),0 1px 10px 0 rgba(0,0,0,0.15); margin: 1px; max-width:540px; min-width:326px; padding:0; width:99.375%; width:-webkit-calc(100% - 2px); width:calc(100% - 2px);\"><div style=\"padding:16px;\"> <a href=\"https:\/\/www.instagram.com\/p\/DNawuh7M770\/?utm_source=ig_embed&amp;utm_campaign=loading\" style=\" background:#FFFFFF; line-height:0; padding:0 0; text-align:center; text-decoration:none; width:100%;\" target=\"_blank\"> <div style=\" display: flex; flex-direction: row; align-items: center;\"> <div style=\"background-color: #F4F4F4; border-radius: 50%; flex-grow: 0; height: 40px; margin-right: 14px; width: 40px;\"><\/div> <div style=\"display: flex; flex-direction: column; flex-grow: 1; justify-content: center;\"> <div style=\" background-color: #F4F4F4; border-radius: 4px; flex-grow: 0; height: 14px; margin-bottom: 6px; width: 100px;\"><\/div> <div style=\" background-color: #F4F4F4; border-radius: 4px; flex-grow: 0; height: 14px; width: 60px;\"><\/div><\/div><\/div><div style=\"padding: 19% 0;\"><\/div> <div style=\"display:block; height:50px; margin:0 auto 12px; width:50px;\"><svg width=\"50px\" height=\"50px\" viewBox=\"0 0 60 60\" version=\"1.1\" xmlns=\"https:\/\/www.w3.org\/2000\/svg\" xmlns:xlink=\"https:\/\/www.w3.org\/1999\/xlink\"><g stroke=\"none\" stroke-width=\"1\" fill=\"none\" fill-rule=\"evenodd\"><g transform=\"translate(-511.000000, -20.000000)\" fill=\"#000000\"><g><path d=\"M556.869,30.41 C554.814,30.41 553.148,32.076 553.148,34.131 C553.148,36.186 554.814,37.852 556.869,37.852 C558.924,37.852 560.59,36.186 560.59,34.131 C560.59,32.076 558.924,30.41 556.869,30.41 M541,60.657 C535.114,60.657 530.342,55.887 530.342,50 C530.342,44.114 535.114,39.342 541,39.342 C546.887,39.342 551.658,44.114 551.658,50 C551.658,55.887 546.887,60.657 541,60.657 M541,33.886 C532.1,33.886 524.886,41.1 524.886,50 C524.886,58.899 532.1,66.113 541,66.113 C549.9,66.113 557.115,58.899 557.115,50 C557.115,41.1 549.9,33.886 541,33.886 M565.378,62.101 C565.244,65.022 564.756,66.606 564.346,67.663 C563.803,69.06 563.154,70.057 562.106,71.106 C561.058,72.155 560.06,72.803 558.662,73.347 C557.607,73.757 556.021,74.244 553.102,74.378 C549.944,74.521 548.997,74.552 541,74.552 C533.003,74.552 532.056,74.521 528.898,74.378 C525.979,74.244 524.393,73.757 523.338,73.347 C521.94,72.803 520.942,72.155 519.894,71.106 C518.846,70.057 518.197,69.06 517.654,67.663 C517.244,66.606 516.755,65.022 516.623,62.101 C516.479,58.943 516.448,57.996 516.448,50 C516.448,42.003 516.479,41.056 516.623,37.899 C516.755,34.978 517.244,33.391 517.654,32.338 C518.197,30.938 518.846,29.942 519.894,28.894 C520.942,27.846 521.94,27.196 523.338,26.654 C524.393,26.244 525.979,25.756 528.898,25.623 C532.057,25.479 533.004,25.448 541,25.448 C548.997,25.448 549.943,25.479 553.102,25.623 C556.021,25.756 557.607,26.244 558.662,26.654 C560.06,27.196 561.058,27.846 562.106,28.894 C563.154,29.942 563.803,30.938 564.346,32.338 C564.756,33.391 565.244,34.978 565.378,37.899 C565.522,41.056 565.552,42.003 565.552,50 C565.552,57.996 565.522,58.943 565.378,62.101 M570.82,37.631 C570.674,34.438 570.167,32.258 569.425,30.349 C568.659,28.377 567.633,26.702 565.965,25.035 C564.297,23.368 562.623,22.342 560.652,21.575 C558.743,20.834 556.562,20.326 553.369,20.18 C550.169,20.033 549.148,20 541,20 C532.853,20 531.831,20.033 528.631,20.18 C525.438,20.326 523.257,20.834 521.349,21.575 C519.376,22.342 517.703,23.368 516.035,25.035 C514.368,26.702 513.342,28.377 512.574,30.349 C511.834,32.258 511.326,34.438 511.181,37.631 C511.035,40.831 511,41.851 511,50 C511,58.147 511.035,59.17 511.181,62.369 C511.326,65.562 511.834,67.743 512.574,69.651 C513.342,71.625 514.368,73.296 516.035,74.965 C517.703,76.634 519.376,77.658 521.349,78.425 C523.257,79.167 525.438,79.673 528.631,79.82 C531.831,79.965 532.853,80.001 541,80.001 C549.148,80.001 550.169,79.965 553.369,79.82 C556.562,79.673 558.743,79.167 560.652,78.425 C562.623,77.658 564.297,76.634 565.965,74.965 C567.633,73.296 568.659,71.625 569.425,69.651 C570.167,67.743 570.674,65.562 570.82,62.369 C570.966,59.17 571,58.147 571,50 C571,41.851 570.966,40.831 570.82,37.631\"><\/path><\/g><\/g><\/g><\/svg><\/div><div style=\"padding-top: 8px;\"> <div style=\" color:#3897f0; font-family:Arial,sans-serif; font-size:14px; font-style:normal; font-weight:550; line-height:18px;\">Zobrazit p\u0159\u00edsp\u011bvek na Instagramu<\/div><\/div><div style=\"padding: 12.5% 0;\"><\/div> <div style=\"display: flex; flex-direction: row; margin-bottom: 14px; align-items: center;\"><div> <div style=\"background-color: #F4F4F4; border-radius: 50%; height: 12.5px; width: 12.5px; transform: translateX(0px) translateY(7px);\"><\/div> <div style=\"background-color: #F4F4F4; height: 12.5px; transform: rotate(-45deg) translateX(3px) translateY(1px); width: 12.5px; flex-grow: 0; margin-right: 14px; margin-left: 2px;\"><\/div> <div style=\"background-color: #F4F4F4; border-radius: 50%; height: 12.5px; width: 12.5px; transform: translateX(9px) translateY(-18px);\"><\/div><\/div><div style=\"margin-left: 8px;\"> <div style=\" background-color: #F4F4F4; border-radius: 50%; flex-grow: 0; height: 20px; width: 20px;\"><\/div> <div style=\" width: 0; height: 0; border-top: 2px solid transparent; border-left: 6px solid #f4f4f4; border-bottom: 2px solid transparent; transform: translateX(16px) translateY(-4px) rotate(30deg)\"><\/div><\/div><div style=\"margin-left: auto;\"> <div style=\" width: 0px; border-top: 8px solid #F4F4F4; border-right: 8px solid transparent; transform: translateY(16px);\"><\/div> <div style=\" background-color: #F4F4F4; flex-grow: 0; height: 12px; width: 16px; transform: translateY(-4px);\"><\/div> <div style=\" width: 0; height: 0; border-top: 8px solid #F4F4F4; border-left: 8px solid transparent; transform: translateY(-4px) translateX(8px);\"><\/div><\/div><\/div> <div style=\"display: flex; flex-direction: column; flex-grow: 1; justify-content: center; margin-bottom: 24px;\"> <div style=\" background-color: #F4F4F4; border-radius: 4px; flex-grow: 0; height: 14px; margin-bottom: 6px; width: 224px;\"><\/div> <div style=\" background-color: #F4F4F4; border-radius: 4px; flex-grow: 0; height: 14px; width: 144px;\"><\/div><\/div><\/a><p style=\" color:#c9c8cd; font-family:Arial,sans-serif; font-size:14px; line-height:17px; margin-bottom:0; margin-top:8px; overflow:hidden; padding:8px 0 7px; text-align:center; text-overflow:ellipsis; white-space:nowrap;\"><a href=\"https:\/\/www.instagram.com\/p\/DNawuh7M770\/?utm_source=ig_embed&amp;utm_campaign=loading\" style=\" color:#c9c8cd; font-family:Arial,sans-serif; font-size:14px; font-style:normal; font-weight:normal; line-height:17px; text-decoration:none;\" target=\"_blank\">P\u0159\u00edsp\u011bvek sd\u00edlen\u00fd Aneta Langerova\u0301 (@langerova_aneta)<\/a><\/p><\/div><\/blockquote>\n<script async src=\"\/\/www.instagram.com\/embed.js\"><\/script>\n\n\n\n<h2 class=\"wp-block-heading\">\u010cekalo ji t\u011b\u017ek\u00e9 p\u0159izn\u00e1n\u00ed<\/h2>\n\n\n\n<p>Aneta Langerov\u00e1 p\u0159ed lety ve\u0159ejn\u011b p\u0159iznala svou homosexualitu. Nejednalo se o \u017e\u00e1dn\u00e9 ok\u00e1zal\u00e9 ozn\u00e1men\u00ed. U\u017e n\u011bjakou dobu se spekulovalo o jej\u00ed orientaci a kdy\u017e b\u011bhem jednoho z\u00a0rozhovor\u016f dostala ot\u00e1zku, zdali je se svou p\u0159\u00edtelkyn\u00ed \u0161\u0165astn\u00e1, odpov\u011bd\u011bla, \u017ee ano. Pat\u0159\u00ed mezi osobnosti, kter\u00e9 si sv\u00e9 soukrom\u00ed bedliv\u011b st\u0159e\u017e\u00ed a nem\u00e1 pot\u0159ebu o n\u011bm nijak mluvit, zvl\u00e1\u0161t\u011b o sv\u00fdch partnerk\u00e1ch. Je ale zn\u00e1mo, \u017ee mezi jej\u00ed l\u00e1sky pat\u0159ila nap\u0159\u00edklad o 15 let star\u0161\u00ed majitelka hudebn\u00edho vydavatelstv\u00ed Iva Milerov\u00e1 a tak\u00e9 dokumentaristka Olga \u0160p\u00e1tov\u00e1, jejich\u017e vztah byl m\u00e9dii velmi prop\u00edr\u00e1n.<\/p>\n\n\n\n<p>Dokonce byla spojov\u00e1na i s&nbsp;vdanou here\u010dkou B\u00e1rou Hrz\u00e1novou, tato informace v\u0161ak nikdy nebyla potvrzena. V&nbsp;sou\u010dasn\u00e9 dob\u011b nen\u00ed zn\u00e1mo, zdali \u017eije v&nbsp;partnersk\u00e9m vztahu, d\u011bti ani man\u017eelstv\u00ed zat\u00edm nepl\u00e1nuje, p\u0159esto\u017ee se p\u0159ed lety nechala sly\u0161et, \u017ee biologick\u00e9 hodiny u\u017e za\u010d\u00ednaj\u00ed tikat.<\/p>\n\n\n\n<p>Zdroj: Autorsk\u00fd text, <a href=\"https:\/\/magazin.aktualne.cz\/rozhovor-se-zpevackou-anetou-langerovou-o-dvaceti-letech-od\/r~9a8b52fee77911eea1910cc47ab5f122\/\" target=\"_blank\" rel=\"noreferrer noopener nofollow\">Aktu\u00e1ln\u011b<\/a>, <a href=\"https:\/\/www.novinky.cz\/clanek\/kultura-hudba-aneta-langerova-moje-dvacetileta-cesta-od-vitezstvi-v-superstar-byla-velmi-dobrodruzna-40476231\" target=\"_blank\" rel=\"noreferrer noopener nofollow\">Novinky<\/a>, <a href=\"https:\/\/zeny.iprima.cz\/celebrity\/clanek-tajemstvi-anety-langerove-mezi-jeji-milenky-patrily-slavne-zeny-ted-chce-byt-matkou#google_vignette\" target=\"_blank\" rel=\"noreferrer noopener nofollow\">Prima\u017deny<\/a>, <a href=\"https:\/\/www.instagram.com\/langerova_aneta\/?hl=cs\" target=\"_blank\" rel=\"noreferrer noopener nofollow\">Instagram Anety Langerov\u00e9<\/a><\/p>\n\n\n            <a href=\"https:\/\/www.karaoketexty.cz\/magazin\/marketa-konvickova-nemoc-vzhled\/\" class=\"related-post-link\">\n                <div class=\"post-thumbnail\">\n                    <img decoding=\"async\" width=\"250\" height=\"141\" src=\"https:\/\/www.karaoketexty.cz\/magazin\/wp-content\/uploads\/2025\/09\/Konvickova-Bendig-Bagarova.jpg\" class=\"attachment-250x180 size-250x180 not-transparent\" alt=\"Fotografie Mark\u00e9ty Konvi\u010dkov\u00e9, Jana Bendiga a Moniky Bag\u00e1rov\u00e9\" srcset=\"https:\/\/www.karaoketexty.cz\/magazin\/wp-content\/uploads\/2025\/09\/Konvickova-Bendig-Bagarova.jpg 1200w, https:\/\/www.karaoketexty.cz\/magazin\/wp-content\/uploads\/2025\/09\/Konvickova-Bendig-Bagarova-300x169.jpg 300w, https:\/\/www.karaoketexty.cz\/magazin\/wp-content\/uploads\/2025\/09\/Konvickova-Bendig-Bagarova-1024x576.jpg 1024w, https:\/\/www.karaoketexty.cz\/magazin\/wp-content\/uploads\/2025\/09\/Konvickova-Bendig-Bagarova-768x432.jpg 768w, https:\/\/www.karaoketexty.cz\/magazin\/wp-content\/uploads\/2025\/09\/Konvickova-Bendig-Bagarova-800x450.jpg 800w\" sizes=\"(max-width: 250px) 100vw, 250px\" data-has-transparency=\"false\" data-dominant-color=\"6b4140\" style=\"--dominant-color: #6b4140;\" \/>                <\/div>\n                <div class=\"post-details\">\n                    <span class=\"also-read\">\u010ct\u011bte tak\u00e9:<\/span>\n                    <h3 class=\"hed\">Hv\u011bzda prvn\u00ed \u010cesko Slovensk\u00e9 Superstar Mark\u00e9ta Konvi\u010dkov\u00e1 po dlouh\u00e9 dob\u011b znovu na ve\u0159ejnosti<\/h3>\n                <\/div>\n            <\/a>\n            \n\n            <a href=\"https:\/\/www.karaoketexty.cz\/magazin\/tereza-maskova-koncert-nove-album\/\" class=\"related-post-link\">\n                <div class=\"post-thumbnail\">\n                    <img decoding=\"async\" width=\"250\" height=\"141\" src=\"https:\/\/www.karaoketexty.cz\/magazin\/wp-content\/uploads\/2025\/09\/Tereza-Maskova.jpg\" class=\"attachment-250x180 size-250x180 not-transparent\" alt=\"Fotografie Terezy Ma\u0161kov\u00e9\" srcset=\"https:\/\/www.karaoketexty.cz\/magazin\/wp-content\/uploads\/2025\/09\/Tereza-Maskova.jpg 1200w, https:\/\/www.karaoketexty.cz\/magazin\/wp-content\/uploads\/2025\/09\/Tereza-Maskova-300x169.jpg 300w, https:\/\/www.karaoketexty.cz\/magazin\/wp-content\/uploads\/2025\/09\/Tereza-Maskova-1024x576.jpg 1024w, https:\/\/www.karaoketexty.cz\/magazin\/wp-content\/uploads\/2025\/09\/Tereza-Maskova-768x432.jpg 768w, https:\/\/www.karaoketexty.cz\/magazin\/wp-content\/uploads\/2025\/09\/Tereza-Maskova-800x450.jpg 800w\" sizes=\"(max-width: 250px) 100vw, 250px\" data-has-transparency=\"false\" data-dominant-color=\"51515b\" style=\"--dominant-color: #51515b;\" \/>                <\/div>\n                <div class=\"post-details\">\n                    <span class=\"also-read\">\u010ct\u011bte tak\u00e9:<\/span>\n                    <h3 class=\"hed\">Tereza Ma\u0161kov\u00e1 vyd\u00e1v\u00e1 nov\u00e9 album a bude m\u00edt v lednu velk\u00fd koncert<\/h3>\n                <\/div>\n            <\/a>\n            \n\n\n<p><\/p>\n","protected":false},"excerpt":{"rendered":"<p>V\u017edy sv\u00e1, nep\u0159ev\u00e1lcovan\u00e1 \u010desk\u00fdm showbyznysem, to je Aneta Langerov\u00e1, kter\u00e1 si i po v\u00edt\u011bzstv\u00ed v\u00a0SuperStar dok\u00e1zala ponechat svou osobnost.<\/p>\n","protected":false},"author":4,"featured_media":3721,"comment_status":"open","ping_status":"closed","sticky":false,"template":"","format":"standard","meta":{"_yoast_wpseo_title":"S k\u00fdm \u017eila Aneta Langerov\u00e1","_yoast_wpseo_metadesc":"Aneta Langerov\u00e1 i po v\u00edt\u011bzstv\u00ed v SuperStar dok\u00e1zala z\u016fstat sama sebou. P\u0159ed n\u011bkolika lety p\u0159iznala l\u00e1sku k \u017een\u00e1m.","footnotes":""},"categories":[1059],"tags":[3126,3899,3764,3891,842,3896,571,1425,3797,3902,3893,3897,3892,3903,3895,796,3900,3894,3901,3898,1584,2102],"class_list":["post-3720","post","type-post","status-publish","format-standard","has-post-thumbnail","hentry","category-celebrity","tag-20-let-kariery","tag-aktualne","tag-alternativni-hudba","tag-aneta-langerova","tag-autenticita","tag-bara-hrzanova","tag-ceska-hudba","tag-ceska-zpevacka","tag-coming-out","tag-folkovy-pop","tag-herecky","tag-homosexualita","tag-hudebni-festivaly","tag-instagram-anety-langerove","tag-iva-milerova","tag-koncertni-turne","tag-novinky","tag-olga-spatova","tag-primazeny","tag-soukromi-celebrit","tag-superstar","tag-vitezka-souteze"],"yoast_head":"<!-- This site is optimized with the Yoast SEO plugin v27.4 - https:\/\/yoast.com\/product\/yoast-seo-wordpress\/ -->\n<title>S k\u00fdm \u017eila Aneta Langerov\u00e1<\/title>\n<meta name=\"description\" content=\"Aneta Langerov\u00e1 i po v\u00edt\u011bzstv\u00ed v SuperStar dok\u00e1zala z\u016fstat sama sebou. P\u0159ed n\u011bkolika lety p\u0159iznala l\u00e1sku k \u017een\u00e1m.\" \/>\n<meta name=\"robots\" content=\"index, follow, max-snippet:-1, max-image-preview:large, max-video-preview:-1\" \/>\n<link rel=\"canonical\" href=\"https:\/\/www.karaoketexty.cz\/magazin\/aneta-langerova-hudba-vztahy\/\" \/>\n<meta property=\"og:locale\" content=\"cs_CZ\" \/>\n<meta property=\"og:type\" content=\"article\" \/>\n<meta property=\"og:title\" content=\"S k\u00fdm \u017eila Aneta Langerov\u00e1\" \/>\n<meta property=\"og:description\" content=\"Aneta Langerov\u00e1 i po v\u00edt\u011bzstv\u00ed v SuperStar dok\u00e1zala z\u016fstat sama sebou. P\u0159ed n\u011bkolika lety p\u0159iznala l\u00e1sku k \u017een\u00e1m.\" \/>\n<meta property=\"og:url\" content=\"https:\/\/www.karaoketexty.cz\/magazin\/aneta-langerova-hudba-vztahy\/\" \/>\n<meta property=\"og:site_name\" content=\"Stars Magaz\u00edn Karaoketexty.cz\" \/>\n<meta property=\"article:published_time\" content=\"2025-10-25T12:44:00+00:00\" \/>\n<meta property=\"og:image\" content=\"https:\/\/www.karaoketexty.cz\/magazin\/wp-content\/uploads\/2025\/10\/Aneta-Langerova.jpg\" \/>\n\t<meta property=\"og:image:width\" content=\"1200\" \/>\n\t<meta property=\"og:image:height\" content=\"675\" \/>\n\t<meta property=\"og:image:type\" content=\"image\/jpeg\" \/>\n<meta name=\"author\" content=\"Barbora Kop\u0159ivov\u00e1\" \/>\n<meta name=\"twitter:card\" content=\"summary_large_image\" \/>\n<meta name=\"twitter:label1\" content=\"Napsal(a)\" \/>\n\t<meta name=\"twitter:data1\" content=\"Barbora Kop\u0159ivov\u00e1\" \/>\n\t<meta name=\"twitter:label2\" content=\"Odhadovan\u00e1 doba \u010dten\u00ed\" \/>\n\t<meta name=\"twitter:data2\" content=\"3 minuty\" \/>\n<script type=\"application\/ld+json\" class=\"yoast-schema-graph\">{\"@context\":\"https:\\\/\\\/schema.org\",\"@graph\":[{\"@type\":\"Article\",\"@id\":\"https:\\\/\\\/www.karaoketexty.cz\\\/magazin\\\/aneta-langerova-hudba-vztahy\\\/#article\",\"isPartOf\":{\"@id\":\"https:\\\/\\\/www.karaoketexty.cz\\\/magazin\\\/aneta-langerova-hudba-vztahy\\\/\"},\"author\":{\"name\":\"Barbora Kop\u0159ivov\u00e1\",\"@id\":\"https:\\\/\\\/www.karaoketexty.cz\\\/magazin\\\/#\\\/schema\\\/person\\\/37c0164a04038267c8a56ad6d60df749\"},\"headline\":\"L\u00e1sky Anety Langerov\u00e9. \u017dila s\u00a0dokumentaristkou i s\u00a0o 15 let star\u0161\u00ed \u017eenou\",\"datePublished\":\"2025-10-25T12:44:00+00:00\",\"mainEntityOfPage\":{\"@id\":\"https:\\\/\\\/www.karaoketexty.cz\\\/magazin\\\/aneta-langerova-hudba-vztahy\\\/\"},\"wordCount\":619,\"commentCount\":0,\"image\":{\"@id\":\"https:\\\/\\\/www.karaoketexty.cz\\\/magazin\\\/aneta-langerova-hudba-vztahy\\\/#primaryimage\"},\"thumbnailUrl\":\"https:\\\/\\\/www.karaoketexty.cz\\\/magazin\\\/wp-content\\\/uploads\\\/2025\\\/10\\\/Aneta-Langerova.jpg\",\"keywords\":[\"20 let kari\u00e9ry\",\"Aktu\u00e1ln\u011b\",\"alternativn\u00ed hudba\",\"Aneta Langerov\u00e1\",\"autenticita\",\"B\u00e1ra Hrz\u00e1nov\u00e1\",\"\u010desk\u00e1 hudba\",\"\u010desk\u00e1 zp\u011bva\u010dka\",\"coming out\",\"folkov\u00fd pop\",\"here\u010dky\",\"homosexualita\",\"hudebn\u00ed festivaly\",\"Instagram Anety Langerov\u00e9\",\"Iva Milerov\u00e1\",\"koncertn\u00ed turn\u00e9\",\"Novinky\",\"Olga \u0160p\u00e1tov\u00e1\",\"Prima\u017deny\",\"soukrom\u00ed celebrit\",\"SuperStar\",\"v\u00edt\u011bzka sout\u011b\u017ee\"],\"articleSection\":[\"Celebrity\"],\"inLanguage\":\"cs\",\"potentialAction\":[{\"@type\":\"CommentAction\",\"name\":\"Comment\",\"target\":[\"https:\\\/\\\/www.karaoketexty.cz\\\/magazin\\\/aneta-langerova-hudba-vztahy\\\/#respond\"]}]},{\"@type\":\"WebPage\",\"@id\":\"https:\\\/\\\/www.karaoketexty.cz\\\/magazin\\\/aneta-langerova-hudba-vztahy\\\/\",\"url\":\"https:\\\/\\\/www.karaoketexty.cz\\\/magazin\\\/aneta-langerova-hudba-vztahy\\\/\",\"name\":\"S k\u00fdm \u017eila Aneta Langerov\u00e1\",\"isPartOf\":{\"@id\":\"https:\\\/\\\/www.karaoketexty.cz\\\/magazin\\\/#website\"},\"primaryImageOfPage\":{\"@id\":\"https:\\\/\\\/www.karaoketexty.cz\\\/magazin\\\/aneta-langerova-hudba-vztahy\\\/#primaryimage\"},\"image\":{\"@id\":\"https:\\\/\\\/www.karaoketexty.cz\\\/magazin\\\/aneta-langerova-hudba-vztahy\\\/#primaryimage\"},\"thumbnailUrl\":\"https:\\\/\\\/www.karaoketexty.cz\\\/magazin\\\/wp-content\\\/uploads\\\/2025\\\/10\\\/Aneta-Langerova.jpg\",\"datePublished\":\"2025-10-25T12:44:00+00:00\",\"author\":{\"@id\":\"https:\\\/\\\/www.karaoketexty.cz\\\/magazin\\\/#\\\/schema\\\/person\\\/37c0164a04038267c8a56ad6d60df749\"},\"description\":\"Aneta Langerov\u00e1 i po v\u00edt\u011bzstv\u00ed v SuperStar dok\u00e1zala z\u016fstat sama sebou. P\u0159ed n\u011bkolika lety p\u0159iznala l\u00e1sku k \u017een\u00e1m.\",\"breadcrumb\":{\"@id\":\"https:\\\/\\\/www.karaoketexty.cz\\\/magazin\\\/aneta-langerova-hudba-vztahy\\\/#breadcrumb\"},\"inLanguage\":\"cs\",\"potentialAction\":[{\"@type\":\"ReadAction\",\"target\":[\"https:\\\/\\\/www.karaoketexty.cz\\\/magazin\\\/aneta-langerova-hudba-vztahy\\\/\"]}]},{\"@type\":\"ImageObject\",\"inLanguage\":\"cs\",\"@id\":\"https:\\\/\\\/www.karaoketexty.cz\\\/magazin\\\/aneta-langerova-hudba-vztahy\\\/#primaryimage\",\"url\":\"https:\\\/\\\/www.karaoketexty.cz\\\/magazin\\\/wp-content\\\/uploads\\\/2025\\\/10\\\/Aneta-Langerova.jpg\",\"contentUrl\":\"https:\\\/\\\/www.karaoketexty.cz\\\/magazin\\\/wp-content\\\/uploads\\\/2025\\\/10\\\/Aneta-Langerova.jpg\",\"width\":1200,\"height\":675,\"caption\":\"Foto: Nextfoto, Aneta Langerov\u00e1 na k\u0159tu CD Petr Hapka 80\"},{\"@type\":\"BreadcrumbList\",\"@id\":\"https:\\\/\\\/www.karaoketexty.cz\\\/magazin\\\/aneta-langerova-hudba-vztahy\\\/#breadcrumb\",\"itemListElement\":[{\"@type\":\"ListItem\",\"position\":1,\"name\":\"Dom\u016f\",\"item\":\"https:\\\/\\\/www.karaoketexty.cz\\\/magazin\\\/\"},{\"@type\":\"ListItem\",\"position\":2,\"name\":\"L\u00e1sky Anety Langerov\u00e9. \u017dila s\u00a0dokumentaristkou i s\u00a0o 15 let star\u0161\u00ed \u017eenou\"}]},{\"@type\":\"WebSite\",\"@id\":\"https:\\\/\\\/www.karaoketexty.cz\\\/magazin\\\/#website\",\"url\":\"https:\\\/\\\/www.karaoketexty.cz\\\/magazin\\\/\",\"name\":\"Stars Magaz\u00edn Karaoketexty.cz\",\"description\":\"Stars Magaz\u00edn na Karaoketexty.cz je zam\u011b\u0159en\u00fd na novinky ze sv\u011bta hudby a celebrit. Obsahuje \u010dl\u00e1nky o zp\u011bv\u00e1c\u00edch, kapel\u00e1ch, nov\u00fdch albech, hudebn\u00edch trendech a dal\u0161\u00edch zaj\u00edmavostech z hudebn\u00edho pr\u016fmyslu.\",\"potentialAction\":[{\"@type\":\"SearchAction\",\"target\":{\"@type\":\"EntryPoint\",\"urlTemplate\":\"https:\\\/\\\/www.karaoketexty.cz\\\/magazin\\\/?s={search_term_string}\"},\"query-input\":{\"@type\":\"PropertyValueSpecification\",\"valueRequired\":true,\"valueName\":\"search_term_string\"}}],\"inLanguage\":\"cs\"},{\"@type\":\"Person\",\"@id\":\"https:\\\/\\\/www.karaoketexty.cz\\\/magazin\\\/#\\\/schema\\\/person\\\/37c0164a04038267c8a56ad6d60df749\",\"name\":\"Barbora Kop\u0159ivov\u00e1\",\"image\":{\"@type\":\"ImageObject\",\"inLanguage\":\"cs\",\"@id\":\"https:\\\/\\\/secure.gravatar.com\\\/avatar\\\/ad2ef9810228386d580851ef4bdde76abaa96054ff5b068c8873bc91afb2df84?s=96&d=mm&r=g\",\"url\":\"https:\\\/\\\/secure.gravatar.com\\\/avatar\\\/ad2ef9810228386d580851ef4bdde76abaa96054ff5b068c8873bc91afb2df84?s=96&d=mm&r=g\",\"contentUrl\":\"https:\\\/\\\/secure.gravatar.com\\\/avatar\\\/ad2ef9810228386d580851ef4bdde76abaa96054ff5b068c8873bc91afb2df84?s=96&d=mm&r=g\",\"caption\":\"Barbora Kop\u0159ivov\u00e1\"},\"url\":\"https:\\\/\\\/www.karaoketexty.cz\\\/magazin\\\/author\\\/barborakoprivova\\\/\"}]}<\/script>\n<!-- \/ Yoast SEO plugin. -->","yoast_head_json":{"title":"S k\u00fdm \u017eila Aneta Langerov\u00e1","description":"Aneta Langerov\u00e1 i po v\u00edt\u011bzstv\u00ed v SuperStar dok\u00e1zala z\u016fstat sama sebou. P\u0159ed n\u011bkolika lety p\u0159iznala l\u00e1sku k \u017een\u00e1m.","robots":{"index":"index","follow":"follow","max-snippet":"max-snippet:-1","max-image-preview":"max-image-preview:large","max-video-preview":"max-video-preview:-1"},"canonical":"https:\/\/www.karaoketexty.cz\/magazin\/aneta-langerova-hudba-vztahy\/","og_locale":"cs_CZ","og_type":"article","og_title":"S k\u00fdm \u017eila Aneta Langerov\u00e1","og_description":"Aneta Langerov\u00e1 i po v\u00edt\u011bzstv\u00ed v SuperStar dok\u00e1zala z\u016fstat sama sebou. P\u0159ed n\u011bkolika lety p\u0159iznala l\u00e1sku k \u017een\u00e1m.","og_url":"https:\/\/www.karaoketexty.cz\/magazin\/aneta-langerova-hudba-vztahy\/","og_site_name":"Stars Magaz\u00edn Karaoketexty.cz","article_published_time":"2025-10-25T12:44:00+00:00","og_image":[{"width":1200,"height":675,"url":"https:\/\/www.karaoketexty.cz\/magazin\/wp-content\/uploads\/2025\/10\/Aneta-Langerova.jpg","type":"image\/jpeg"}],"author":"Barbora Kop\u0159ivov\u00e1","twitter_card":"summary_large_image","twitter_misc":{"Napsal(a)":"Barbora Kop\u0159ivov\u00e1","Odhadovan\u00e1 doba \u010dten\u00ed":"3 minuty"},"schema":{"@context":"https:\/\/schema.org","@graph":[{"@type":"Article","@id":"https:\/\/www.karaoketexty.cz\/magazin\/aneta-langerova-hudba-vztahy\/#article","isPartOf":{"@id":"https:\/\/www.karaoketexty.cz\/magazin\/aneta-langerova-hudba-vztahy\/"},"author":{"name":"Barbora Kop\u0159ivov\u00e1","@id":"https:\/\/www.karaoketexty.cz\/magazin\/#\/schema\/person\/37c0164a04038267c8a56ad6d60df749"},"headline":"L\u00e1sky Anety Langerov\u00e9. \u017dila s\u00a0dokumentaristkou i s\u00a0o 15 let star\u0161\u00ed \u017eenou","datePublished":"2025-10-25T12:44:00+00:00","mainEntityOfPage":{"@id":"https:\/\/www.karaoketexty.cz\/magazin\/aneta-langerova-hudba-vztahy\/"},"wordCount":619,"commentCount":0,"image":{"@id":"https:\/\/www.karaoketexty.cz\/magazin\/aneta-langerova-hudba-vztahy\/#primaryimage"},"thumbnailUrl":"https:\/\/www.karaoketexty.cz\/magazin\/wp-content\/uploads\/2025\/10\/Aneta-Langerova.jpg","keywords":["20 let kari\u00e9ry","Aktu\u00e1ln\u011b","alternativn\u00ed hudba","Aneta Langerov\u00e1","autenticita","B\u00e1ra Hrz\u00e1nov\u00e1","\u010desk\u00e1 hudba","\u010desk\u00e1 zp\u011bva\u010dka","coming out","folkov\u00fd pop","here\u010dky","homosexualita","hudebn\u00ed festivaly","Instagram Anety Langerov\u00e9","Iva Milerov\u00e1","koncertn\u00ed turn\u00e9","Novinky","Olga \u0160p\u00e1tov\u00e1","Prima\u017deny","soukrom\u00ed celebrit","SuperStar","v\u00edt\u011bzka sout\u011b\u017ee"],"articleSection":["Celebrity"],"inLanguage":"cs","potentialAction":[{"@type":"CommentAction","name":"Comment","target":["https:\/\/www.karaoketexty.cz\/magazin\/aneta-langerova-hudba-vztahy\/#respond"]}]},{"@type":"WebPage","@id":"https:\/\/www.karaoketexty.cz\/magazin\/aneta-langerova-hudba-vztahy\/","url":"https:\/\/www.karaoketexty.cz\/magazin\/aneta-langerova-hudba-vztahy\/","name":"S k\u00fdm \u017eila Aneta Langerov\u00e1","isPartOf":{"@id":"https:\/\/www.karaoketexty.cz\/magazin\/#website"},"primaryImageOfPage":{"@id":"https:\/\/www.karaoketexty.cz\/magazin\/aneta-langerova-hudba-vztahy\/#primaryimage"},"image":{"@id":"https:\/\/www.karaoketexty.cz\/magazin\/aneta-langerova-hudba-vztahy\/#primaryimage"},"thumbnailUrl":"https:\/\/www.karaoketexty.cz\/magazin\/wp-content\/uploads\/2025\/10\/Aneta-Langerova.jpg","datePublished":"2025-10-25T12:44:00+00:00","author":{"@id":"https:\/\/www.karaoketexty.cz\/magazin\/#\/schema\/person\/37c0164a04038267c8a56ad6d60df749"},"description":"Aneta Langerov\u00e1 i po v\u00edt\u011bzstv\u00ed v SuperStar dok\u00e1zala z\u016fstat sama sebou. P\u0159ed n\u011bkolika lety p\u0159iznala l\u00e1sku k \u017een\u00e1m.","breadcrumb":{"@id":"https:\/\/www.karaoketexty.cz\/magazin\/aneta-langerova-hudba-vztahy\/#breadcrumb"},"inLanguage":"cs","potentialAction":[{"@type":"ReadAction","target":["https:\/\/www.karaoketexty.cz\/magazin\/aneta-langerova-hudba-vztahy\/"]}]},{"@type":"ImageObject","inLanguage":"cs","@id":"https:\/\/www.karaoketexty.cz\/magazin\/aneta-langerova-hudba-vztahy\/#primaryimage","url":"https:\/\/www.karaoketexty.cz\/magazin\/wp-content\/uploads\/2025\/10\/Aneta-Langerova.jpg","contentUrl":"https:\/\/www.karaoketexty.cz\/magazin\/wp-content\/uploads\/2025\/10\/Aneta-Langerova.jpg","width":1200,"height":675,"caption":"Foto: Nextfoto, Aneta Langerov\u00e1 na k\u0159tu CD Petr Hapka 80"},{"@type":"BreadcrumbList","@id":"https:\/\/www.karaoketexty.cz\/magazin\/aneta-langerova-hudba-vztahy\/#breadcrumb","itemListElement":[{"@type":"ListItem","position":1,"name":"Dom\u016f","item":"https:\/\/www.karaoketexty.cz\/magazin\/"},{"@type":"ListItem","position":2,"name":"L\u00e1sky Anety Langerov\u00e9. \u017dila s\u00a0dokumentaristkou i s\u00a0o 15 let star\u0161\u00ed \u017eenou"}]},{"@type":"WebSite","@id":"https:\/\/www.karaoketexty.cz\/magazin\/#website","url":"https:\/\/www.karaoketexty.cz\/magazin\/","name":"Stars Magaz\u00edn Karaoketexty.cz","description":"Stars Magaz\u00edn na Karaoketexty.cz je zam\u011b\u0159en\u00fd na novinky ze sv\u011bta hudby a celebrit. Obsahuje \u010dl\u00e1nky o zp\u011bv\u00e1c\u00edch, kapel\u00e1ch, nov\u00fdch albech, hudebn\u00edch trendech a dal\u0161\u00edch zaj\u00edmavostech z hudebn\u00edho pr\u016fmyslu.","potentialAction":[{"@type":"SearchAction","target":{"@type":"EntryPoint","urlTemplate":"https:\/\/www.karaoketexty.cz\/magazin\/?s={search_term_string}"},"query-input":{"@type":"PropertyValueSpecification","valueRequired":true,"valueName":"search_term_string"}}],"inLanguage":"cs"},{"@type":"Person","@id":"https:\/\/www.karaoketexty.cz\/magazin\/#\/schema\/person\/37c0164a04038267c8a56ad6d60df749","name":"Barbora Kop\u0159ivov\u00e1","image":{"@type":"ImageObject","inLanguage":"cs","@id":"https:\/\/secure.gravatar.com\/avatar\/ad2ef9810228386d580851ef4bdde76abaa96054ff5b068c8873bc91afb2df84?s=96&d=mm&r=g","url":"https:\/\/secure.gravatar.com\/avatar\/ad2ef9810228386d580851ef4bdde76abaa96054ff5b068c8873bc91afb2df84?s=96&d=mm&r=g","contentUrl":"https:\/\/secure.gravatar.com\/avatar\/ad2ef9810228386d580851ef4bdde76abaa96054ff5b068c8873bc91afb2df84?s=96&d=mm&r=g","caption":"Barbora Kop\u0159ivov\u00e1"},"url":"https:\/\/www.karaoketexty.cz\/magazin\/author\/barborakoprivova\/"}]}},"_links":{"self":[{"href":"https:\/\/www.karaoketexty.cz\/magazin\/wp-json\/wp\/v2\/posts\/3720","targetHints":{"allow":["GET"]}}],"collection":[{"href":"https:\/\/www.karaoketexty.cz\/magazin\/wp-json\/wp\/v2\/posts"}],"about":[{"href":"https:\/\/www.karaoketexty.cz\/magazin\/wp-json\/wp\/v2\/types\/post"}],"author":[{"embeddable":true,"href":"https:\/\/www.karaoketexty.cz\/magazin\/wp-json\/wp\/v2\/users\/4"}],"replies":[{"embeddable":true,"href":"https:\/\/www.karaoketexty.cz\/magazin\/wp-json\/wp\/v2\/comments?post=3720"}],"version-history":[{"count":5,"href":"https:\/\/www.karaoketexty.cz\/magazin\/wp-json\/wp\/v2\/posts\/3720\/revisions"}],"predecessor-version":[{"id":4019,"href":"https:\/\/www.karaoketexty.cz\/magazin\/wp-json\/wp\/v2\/posts\/3720\/revisions\/4019"}],"wp:featuredmedia":[{"embeddable":true,"href":"https:\/\/www.karaoketexty.cz\/magazin\/wp-json\/wp\/v2\/media\/3721"}],"wp:attachment":[{"href":"https:\/\/www.karaoketexty.cz\/magazin\/wp-json\/wp\/v2\/media?parent=3720"}],"wp:term":[{"taxonomy":"category","embeddable":true,"href":"https:\/\/www.karaoketexty.cz\/magazin\/wp-json\/wp\/v2\/categories?post=3720"},{"taxonomy":"post_tag","embeddable":true,"href":"https:\/\/www.karaoketexty.cz\/magazin\/wp-json\/wp\/v2\/tags?post=3720"}],"curies":[{"name":"wp","href":"https:\/\/api.w.org\/{rel}","templated":true}]}}